{"id":1349,"date":"2025-11-10T00:09:19","date_gmt":"2025-11-09T22:09:19","guid":{"rendered":"https:\/\/gruene-wiesbaden.de\/?p=1349"},"modified":"2026-04-09T10:25:16","modified_gmt":"2026-04-09T08:25:16","slug":"geschlechtergerechtigkeit","status":"publish","type":"post","link":"https:\/\/gruene-wiesbaden.de\/hr\/geschlechtergerechtigkeit\/","title":{"rendered":"Rodna ravnopravnost"},"content":{"rendered":"<section class=\"l-section wpb_row height_medium with_img\"><div class=\"l-section-img\" role=\"img\" data-img-width=\"1080\" data-img-height=\"800\" style=\"background-image: url(https:\/\/gruene-wiesbaden.de\/wp-content\/uploads\/2025\/11\/neuer-Verlauf-gruene-wiesbaden.de_-2-e1762709402177.png);\"><\/div><div class=\"l-section-overlay\" style=\"background:var(--color-header-top-transparent-bg)\"><\/div><div class=\"l-section-h i-cf\"><div class=\"g-cols vc_row via_grid cols_1 laptops-cols_inherit tablets-cols_inherit mobiles-cols_1 valign_top type_default stacking_default\"><div class=\"wpb_column vc_column_container\"><div class=\"vc_column-inner\"><h1 class=\"w-post-elm post_title us_custom_a574d586 has_text_color entry-title\">Rodna ravnopravnost<\/h1><div class=\"w-separator size_medium\"><\/div><div class=\"g-cols wpb_row via_grid cols_2-1 laptops-cols_inherit tablets-cols_inherit mobiles-cols_1 valign_top type_default stacking_default\" style=\"--columns-gap:3rem;\"><div class=\"wpb_column vc_column_container\"><div class=\"vc_column-inner\"><div class=\"wpb_text_column us_custom_8b3d6790 has_text_color\"><div class=\"wpb_wrapper\"><p><span style=\"font-weight: 400;\">Rodna ravnopravnost preduvjet je za pravedan i odr\u017eiv grad. Jednako se primjenjuje na rad, obrazovanje, zdravlje, sigurnost, kulturu, promet i urbanisti\u010dko planiranje. \u017dene i mu\u0161karci druga\u010dije do\u017eivljavaju Wiesbaden: \u017dene su \u010de\u0161\u0107e pogo\u0111ene siroma\u0161tvom, radom u podru\u010dju skrbi, nasiljem i nesigurno\u0161\u0107u u javnim prostorima, dok mu\u0161karci i dalje dominiraju na vode\u0107im polo\u017eajima i vi\u0161e se koriste automobilom. Zdravstvene i obrazovne usluge tako\u0111er odra\u017eavaju te razlike.<\/span><\/p>\n<p><span style=\"font-weight: 400;\">Za nas Zelene rodna ravnopravnost nije marginalno pitanje, ve\u0107 me\u0111usektorska zada\u0107a: To na\u0161 grad \u010dini pravednijim, sigurnijim i pogodnijim za \u017eivot \u2013 za sve Wiesbadenerse.<\/span><\/p>\n<\/div><\/div><div class=\"w-separator size_medium\"><\/div><div class=\"w-btn-wrapper align_left\"><a class=\"w-btn us-btn-style_8 icon_atleft\" href=\"https:\/\/gruene-wiesbaden.de\/hr\/kommunalwahl\/#Kapitel2\"><i class=\"fas fa-chevron-circle-right\"><\/i><span class=\"w-btn-label\">Povratak na pregled<\/span><\/a><\/div><\/div><\/div><div class=\"wpb_column vc_column_container\"><div class=\"vc_column-inner\"><div class=\"w-image align_center\"><div class=\"w-image-h\"><img decoding=\"async\" width=\"2560\" height=\"1350\" src=\"https:\/\/gruene-wiesbaden.de\/wp-content\/uploads\/2025\/11\/2.1-Geschlechtergerechtigkeit-scaled.jpeg\" class=\"attachment-full size-full\" alt=\"\" loading=\"lazy\" srcset=\"https:\/\/gruene-wiesbaden.de\/wp-content\/uploads\/2025\/11\/2.1-Geschlechtergerechtigkeit-scaled.jpeg 2560w, https:\/\/gruene-wiesbaden.de\/wp-content\/uploads\/2025\/11\/2.1-Geschlechtergerechtigkeit-400x211.jpeg 400w, https:\/\/gruene-wiesbaden.de\/wp-content\/uploads\/2025\/11\/2.1-Geschlechtergerechtigkeit-600x316.jpeg 600w\" sizes=\"auto, (max-width: 2560px) 100vw, 2560px\" \/><\/div><\/div><div class=\"w-separator size_small\"><\/div><\/div><\/div><\/div><div class=\"w-separator size_medium\"><\/div><div class=\"w-separator size_medium\"><\/div><div class=\"wpb_text_column\"><div class=\"wpb_wrapper\"><h1>\u0160to za nas zna\u010di rodna ravnopravnost<\/h1>\n<\/div><\/div><div class=\"w-separator size_large\"><\/div><div class=\"g-cols wpb_row via_grid cols_3 laptops-cols_inherit tablets-cols_inherit mobiles-cols_1 valign_top type_default stacking_default\" style=\"--columns-gap:3rem;\"><div class=\"wpb_column vc_column_container\"><div class=\"vc_column-inner\"><div class=\"w-iconbox us_custom_8b3d6790 has_text_color iconpos_left style_default color_custom align_left\"><div class=\"w-iconbox-icon\" style=\"font-size:2rem;--icon-color:#Ffffff;--icon-bg-color:var(--color-header-middle-bg);\"><i class=\"fas fa-layer-group\"><\/i><\/div><div class=\"w-iconbox-meta\"><h4 class=\"w-iconbox-title\" style=\"font-size:1.5rem;\">Sigurno u pokretu, bilo kada i bilo gdje<\/h4><div class=\"w-iconbox-text\"><p><span style=\"font-weight: 400;\">\u017dene koriste javni prijevoz i \u010desto hodaju. Rasvjeta, sigurna zaustavljanja i javni prostori \u0161tite od nasilja i katapultiranja.<\/span><\/p>\n<\/div><\/div><\/div><\/div><\/div><div class=\"wpb_column vc_column_container\"><div class=\"vc_column-inner\"><div class=\"w-iconbox us_custom_8b3d6790 has_text_color iconpos_left style_default color_custom align_left\"><div class=\"w-iconbox-icon\" style=\"font-size:2rem;--icon-color:#Ffffff;--icon-bg-color:var(--color-header-transparent-text);\"><i class=\"fas fa-layer-group\"><\/i><\/div><div class=\"w-iconbox-meta\"><h4 class=\"w-iconbox-title\" style=\"font-size:1.5rem;\">Pravedan rad<\/h4><div class=\"w-iconbox-text\"><p><span style=\"font-weight: 400;\">Nejednaka pla\u0107a i vi\u0161estruka optere\u0107enja posebno utje\u010du na \u017eene. Stvaramo strukture za pravedno zapo\u0161ljavanje i pru\u017eanje skrbi.<\/span><\/p>\n<\/div><\/div><\/div><\/div><\/div><div class=\"wpb_column vc_column_container\"><div class=\"vc_column-inner\"><div class=\"w-iconbox us_custom_8b3d6790 has_text_color iconpos_left style_default color_custom align_left\"><div class=\"w-iconbox-icon\" style=\"font-size:2rem;--icon-color:#Ffffff;--icon-bg-color:var(--color-header-transparent-text);\"><i class=\"fas fa-layer-group\"><\/i><\/div><div class=\"w-iconbox-meta\"><h4 class=\"w-iconbox-title\" style=\"font-size:1.5rem;\">paritet<\/h4><div class=\"w-iconbox-text\"><p><span style=\"font-weight: 400;\">Tijela i uprava moraju odra\u017eavati raznolikost Wiesbadena \u2013 istinski paritet je, naravno, demokratsko pitanje.<\/span><\/p>\n<\/div><\/div><\/div><\/div><\/div><\/div><div class=\"w-separator size_medium\"><\/div><div class=\"g-cols wpb_row via_grid cols_3 laptops-cols_inherit tablets-cols_inherit mobiles-cols_1 valign_top type_default stacking_default\" style=\"--columns-gap:3rem;\"><div class=\"wpb_column vc_column_container\"><div class=\"vc_column-inner\"><div class=\"w-iconbox us_custom_8b3d6790 has_text_color iconpos_left style_default color_custom align_left\"><div class=\"w-iconbox-icon\" style=\"font-size:2rem;--icon-color:#Ffffff;--icon-bg-color:var(--color-header-middle-bg);\"><i class=\"fas fa-layer-group\"><\/i><\/div><div class=\"w-iconbox-meta\"><h4 class=\"w-iconbox-title\" style=\"font-size:1.5rem;\">zdravlje<\/h4><div class=\"w-iconbox-text\"><p><span style=\"font-weight: 400;\">Oja\u010davamo pristup kontracepcijskim sredstvima, proizvodima za menstruaciju i prevenciji specifi\u010dnoj za \u017eene. Rodno osjetljiva skrb osigurava stvarnu slobodu izbora.<\/span><\/p>\n<\/div><\/div><\/div><\/div><\/div><div class=\"wpb_column vc_column_container\"><div class=\"vc_column-inner\"><div class=\"w-iconbox us_custom_8b3d6790 has_text_color iconpos_left style_default color_custom align_left\"><div class=\"w-iconbox-icon\" style=\"font-size:2rem;--icon-color:#Ffffff;--icon-bg-color:var(--color-header-transparent-text);\"><i class=\"fas fa-layer-group\"><\/i><\/div><div class=\"w-iconbox-meta\"><h4 class=\"w-iconbox-title\" style=\"font-size:1.5rem;\">intersekcionalnost<\/h4><div class=\"w-iconbox-text\"><p><span style=\"font-weight: 400;\">Intersekcionalnost opisuje vi\u0161estruku diskriminaciju, npr. kod \u017eena u boji ili TINA* osoba. Pove\u0107avamo vidljivost i sudjelovanje kako bi Wiesbaden uklju\u010dio sve perspektive.<\/span><\/p>\n<\/div><\/div><\/div><\/div><\/div><div class=\"wpb_column vc_column_container\"><div class=\"vc_column-inner\"><\/div><\/div><\/div><div class=\"w-separator size_medium\"><\/div><div class=\"w-btn-wrapper align_left\"><a class=\"w-btn us-btn-style_8 icon_atleft\" href=\"https:\/\/gruene-wiesbaden.de\/hr\/kommunalwahl\/#Kapitel2\"><i class=\"fas fa-chevron-circle-right\"><\/i><span class=\"w-btn-label\">Povratak na pregled<\/span><\/a><\/div><div class=\"w-separator size_medium\"><\/div><\/div><\/div><\/div><\/div><\/section><section class=\"l-section wpb_row height_auto with_img\"><div class=\"l-section-img\" role=\"img\" data-img-width=\"2560\" data-img-height=\"1350\" style=\"background-image: url(https:\/\/gruene-wiesbaden.de\/wp-content\/uploads\/2025\/11\/2.1-Geschlechtergerechtigkeit-scaled.jpeg);background-repeat: no-repeat;\"><\/div><div class=\"l-section-overlay\" style=\"background:var(--color-header-top-transparent-bg)\"><\/div><div class=\"l-section-h i-cf\"><div class=\"g-cols vc_row via_grid cols_1 laptops-cols_inherit tablets-cols_inherit mobiles-cols_1 valign_middle type_default stacking_default\" style=\"--columns-gap:1rem;\"><div class=\"wpb_column vc_column_container\"><div class=\"vc_column-inner\"><div class=\"w-separator size_large\"><\/div><div class=\"wpb_text_column background_inside_text\"><div class=\"wpb_wrapper\"><h1>\u0160to konkretno \u017eelimo u\u010diniti u ovom podru\u010dju<\/h1>\n<\/div><\/div><div class=\"w-separator size_medium\"><\/div><div class=\"w-tabs us_custom_42d693a0 has_text_color style_default switch_click accordion has_scrolling\" style=\"--sections-title-size:1.4rem\"><div class=\"w-tabs-sections titles-align_none icon_chevron cpos_right\"><div class=\"w-tabs-section has_text_color\" id=\"r02b\" style=\"background:var(--color-header-transparent-text);color:var(--color-header-top-text-hover);\"><button class=\"w-tabs-section-header\" aria-controls=\"content-r02b\" aria-expanded=\"false\"><div class=\"w-tabs-section-title\">Implementacija 15-minutnog grada<\/div><div class=\"w-tabs-section-control\"><\/div><\/button><div  class=\"w-tabs-section-content\" id=\"content-r02b\"><div class=\"w-tabs-section-content-h i-cf\"><div class=\"wpb_text_column\"><div class=\"wpb_wrapper\"><p><span style=\"font-weight: 400;\">\u017delimo grad kratkih udaljenosti gdje se sve glavne destinacije mogu do\u0107i za 15 minuta. Time se \u0161tedi vrijeme, posebno za \u017eene koje i dalje obavljaju ve\u0107inu poslova skrbi. Istodobno, manje automobilskog prometa i odr\u017eiva mobilnost osiguravaju sigurne, dobro osvijetljene putove i mjesta na kojima se \u017eene mogu slobodnije kretati. Lokalna opskrba u okrugu ja\u010da susjedstvo i olak\u0161ava \u017eivot.<\/span><\/p>\n<\/div><\/div><\/div><\/div><\/div><div class=\"w-tabs-section has_text_color\" id=\"l14e\" style=\"background:var(--color-header-transparent-text);color:var(--color-header-top-text-hover);\"><button class=\"w-tabs-section-header\" aria-controls=\"content-l14e\" aria-expanded=\"false\"><div class=\"w-tabs-section-title\">Planiranje lokalnog prijevoza na rodno primjeren na\u010din<\/div><div class=\"w-tabs-section-control\"><\/div><\/button><div  class=\"w-tabs-section-content\" id=\"content-l14e\"><div class=\"w-tabs-section-content-h i-cf\"><div class=\"wpb_text_column\"><div class=\"wpb_wrapper\"><p><span style=\"font-weight: 400;\">Mu\u0161karci i \u017eene koriste promet na druga\u010diji na\u010din. \u017dene imaju ve\u0107u vjerojatnost da \u0107e putovati lancem staza, \u010de\u0161\u0107e putovati s djecom ili kupovati, a posebnu pozornost posve\u0107uju sigurnosti. Zato Wiesbaden treba vozila bez prepreka, sigurna zaustavljanja, uske rasporede \u010dak i nave\u010der i po\u0161tene tarife. Zala\u017eemo se za to da se u novom lokalnom prometnom planu uzmu u obzir potrebe za mobilno\u0161\u0107u svih i tako stvori stvarna ravnopravnost u svakodnevnom \u017eivotu.<\/span><\/p>\n<\/div><\/div><\/div><\/div><\/div><div class=\"w-tabs-section has_text_color\" id=\"q267\" style=\"background:var(--color-header-transparent-text);color:var(--color-header-top-text-hover);\"><button class=\"w-tabs-section-header\" aria-controls=\"content-q267\" aria-expanded=\"false\"><div class=\"w-tabs-section-title\">U\u010dinite Catcalling vidljivim<\/div><div class=\"w-tabs-section-control\"><\/div><\/button><div  class=\"w-tabs-section-content\" id=\"content-q267\"><div class=\"w-tabs-section-content-h i-cf\"><div class=\"wpb_text_column\"><div class=\"wpb_wrapper\"><p><span style=\"font-weight: 400;\">Podupiremo kampanju \u201ePozivi Wiesbadena\u201d za podizanje svijesti o svakodnevnom seksizmu. Vidljivost je prvi korak u dosljednom suzbijanju uznemiravanja. \u017delimo izgraditi suradnju s ovom kampanjom i skrenuti pozornost na altagseksizam i diskriminaciju kroz kampanje u javnom prijevozu, kao i u Wiesbadenovom gradskom krajoliku.<\/span><\/p>\n<\/div><\/div><\/div><\/div><\/div><div class=\"w-tabs-section has_text_color\" id=\"v381\" style=\"background:var(--color-header-middle-bg);color:var(--color-content-heading);\"><button class=\"w-tabs-section-header\" aria-controls=\"content-v381\" aria-expanded=\"false\"><div class=\"w-tabs-section-title\">Uskla\u0111ivanje skrbi o djeci i politike<\/div><div class=\"w-tabs-section-control\"><\/div><\/button><div  class=\"w-tabs-section-content\" id=\"content-v381\"><div class=\"w-tabs-section-content-h i-cf\"><div class=\"wpb_text_column\"><div class=\"wpb_wrapper\"><p><span style=\"font-weight: 400;\">Volontiranje mora biti uklju\u010divije. \u017dene su i dalje nedovoljno zastupljene u urbanoj politici, me\u0111u ostalim i zato \u0161to se sastanci \u010desto odr\u017eavaju nave\u010der kada je potreban obiteljski rad. Bez pouzdane skrbi o djeci, prepreka za majke je posebno visoka da se uklju\u010de. Stoga smo predani osiguravanju da resursi za skrb o djeci i dalje budu dostupni te da sastanci budu u\u010dinkovitiji i kra\u0107i. Na taj na\u010din \u010dinimo politi\u010dko sudjelovanje pristupa\u010dnijim i pravednijim te stvaramo stvarne mogu\u0107nosti za vi\u0161e \u017eena da pridonesu svojim perspektivama urbanoj politici.<\/span><\/p>\n<\/div><\/div><\/div><\/div><\/div><div class=\"w-tabs-section has_text_color\" id=\"m49a\" style=\"background:var(--color-header-transparent-text);color:var(--color-header-top-text-hover);\"><button class=\"w-tabs-section-header\" aria-controls=\"content-m49a\" aria-expanded=\"false\"><div class=\"w-tabs-section-title\">Implementacija pariteta u odborima<\/div><div class=\"w-tabs-section-control\"><\/div><\/button><div  class=\"w-tabs-section-content\" id=\"content-m49a\"><div class=\"w-tabs-section-content-h i-cf\"><div class=\"wpb_text_column\"><div class=\"wpb_wrapper\"><p><span style=\"font-weight: 400;\">Te\u0161ki odbori i dalje su znatno nedovoljno zastupljeni u nadzornim odborima, upravnim odborima i gradskim odborima, iako \u010dine polovinu stanovni\u0161tva. Nedostatak raznolikosti dovodi do neiskori\u0161tenih perspektiva, iskustava i vje\u0161tina. Stoga osiguravamo dosljednu provedbu pariteta. Kodeks sudjelovanja to omogu\u0107uje \u2013 ista zastupljenost mora kona\u010dno postati stvarnost u Wiesbadenu.<\/span><\/p>\n<\/div><\/div><\/div><\/div><\/div><div class=\"w-tabs-section has_text_color\" id=\"u5b6\" style=\"background:var(--color-header-middle-bg);color:var(--color-header-middle-text);\"><button class=\"w-tabs-section-header\" aria-controls=\"content-u5b6\" aria-expanded=\"false\"><div class=\"w-tabs-section-title\">Uvo\u0111enje obuke o seksizmu<\/div><div class=\"w-tabs-section-control\"><\/div><\/button><div  class=\"w-tabs-section-content\" id=\"content-u5b6\"><div class=\"w-tabs-section-content-h i-cf\"><div class=\"wpb_text_column\"><div class=\"wpb_wrapper\"><p><span style=\"font-weight: 400;\">\u010clanovi op\u0107inskih odbora odgovorni su za su\u017eivot s po\u0161tovanjem. Zato \u017eelimo uvesti obveznu obuku o seksizmu i diskriminaciji. Oni stvaraju svijest o neravnopravnim odnosima mo\u0107i, podi\u017eu svijest o jeziku koji po\u0161tuje i ja\u010daju kulturu jednakosti. Na taj na\u010din osiguravamo da Wiesbadenova politika bude po\u0161tena, uklju\u010diva i odr\u017eiva te da se oja\u010da jednakost u Wiesbadenovoj politici.<\/span><\/p>\n<\/div><\/div><\/div><\/div><\/div><div class=\"w-tabs-section has_text_color\" id=\"s6d0\" style=\"background:var(--color-header-transparent-text);color:var(--color-header-top-text-hover);\"><button class=\"w-tabs-section-header\" aria-controls=\"content-s6d0\" aria-expanded=\"false\"><div class=\"w-tabs-section-title\">Promicanje digitalne ravnopravnosti<\/div><div class=\"w-tabs-section-control\"><\/div><\/button><div  class=\"w-tabs-section-content\" id=\"content-s6d0\"><div class=\"w-tabs-section-content-h i-cf\"><div class=\"wpb_text_column\"><div class=\"wpb_wrapper\"><p><span style=\"font-weight: 400;\">Oja\u010dat \u0107emo sudjelovanje djevoj\u010dica i \u017eena u digitalnoj budu\u0107nosti ciljanim ulaganjem napora kako bismo pro\u0161irili njihovu potporu u podru\u010djima informacijske tehnologije i umjetne inteligencije. U tu svrhu podupiremo \u0161kolske projekte, Girls\u2019Day nudi i sura\u0111uje sa sveu\u010dili\u0161tima u Wiesbadenu. Programi mentorstva i lokalne mre\u017ee \u010dine \u017eenske uzore vidljivima i ja\u010daju raznolikost u digitalnim zanimanjima.<\/span><\/p>\n<\/div><\/div><\/div><\/div><\/div><div class=\"w-tabs-section has_text_color\" id=\"v7e6\" style=\"background:var(--color-header-transparent-text);color:var(--color-header-top-text-hover);\"><button class=\"w-tabs-section-header\" aria-controls=\"content-v7e6\" aria-expanded=\"false\"><div class=\"w-tabs-section-title\">Promicanje preventivnih radionica u \u0161kolama<\/div><div class=\"w-tabs-section-control\"><\/div><\/button><div  class=\"w-tabs-section-content\" id=\"content-v7e6\"><div class=\"w-tabs-section-content-h i-cf\"><div class=\"wpb_text_column\"><div class=\"wpb_wrapper\"><p><span style=\"font-weight: 400;\">Predani smo redovitim radionicama o jednakosti, po\u0161tovanju i prevenciji seksualiziranog nasilja u svim \u0161kolama u Wiesbadenu. U to mogu biti uklju\u010dena i vanjska stru\u010dna tijela. Na taj na\u010din djeca i mladi rano u\u010de cijeniti raznolikost i suprotstavljati se diskriminaciji.<\/span><\/p>\n<\/div><\/div><\/div><\/div><\/div><div class=\"w-tabs-section has_text_color\" id=\"z903\" style=\"background:var(--color-header-transparent-text);color:var(--color-header-top-text-hover);\"><button class=\"w-tabs-section-header\" aria-controls=\"content-z903\" aria-expanded=\"false\"><div class=\"w-tabs-section-title\">Pro\u0161irenje skloni\u0161ta za \u017eene i centara za savjetovanje<\/div><div class=\"w-tabs-section-control\"><\/div><\/button><div  class=\"w-tabs-section-content\" id=\"content-z903\"><div class=\"w-tabs-section-content-h i-cf\"><div class=\"wpb_text_column\"><div class=\"wpb_wrapper\"><p><span style=\"font-weight: 400;\">Mi GR\u00dcNE se zala\u017eemo za to da \u017eene u Wiesbadenu brzo i jednostavno prona\u0111u za\u0161titu. U tu svrhu \u017eelimo da grad pro\u0161iri mjesta za skloni\u0161ta za \u017eene i usluge savjetovanja, podr\u017ei lokalne institucije i osigura ljudske i financijske resurse. Za\u0161tita ne smije ovisiti o nov\u010daniku: Osiguravamo da \u017eene koje tra\u017ee za\u0161titu ne moraju snositi vlastite tro\u0161kove. Istodobno su potrebne ponude s niskim pragom i preventivni rad kako bi se rano otkrilo i sprije\u010dilo nasilje. Ovom predano\u0161\u0107u aktivno doprinosimo provedbi Istanbulske konvencije i ja\u010damo za\u0161titu i sigurnost \u017eena u na\u0161em gradu.<\/span><\/p>\n<\/div><\/div><\/div><\/div><\/div><div class=\"w-tabs-section has_text_color\" id=\"ka95\" style=\"background:var(--color-header-transparent-text);color:var(--color-header-top-text-hover);\"><button class=\"w-tabs-section-header\" aria-controls=\"content-ka95\" aria-expanded=\"false\"><div class=\"w-tabs-section-title\">Kontracepcija &amp; Postavljanje razdoblja sredstava<\/div><div class=\"w-tabs-section-control\"><\/div><\/button><div  class=\"w-tabs-section-content\" id=\"content-ka95\"><div class=\"w-tabs-section-content-h i-cf\"><div class=\"wpb_text_column\"><div class=\"wpb_wrapper\"><p><span style=\"font-weight: 400;\">Predani smo nastavku i \u0161irenju ponude besplatnih menstrualnih proizvoda i kontraceptiva u \u0161kolama i javnim ustanovama. Na taj na\u010din osiguravamo samoodre\u0111enje i sudjelovanje bez obzira na prihode i detabuiramo va\u017ene zdravstvene teme.<\/span><\/p>\n<\/div><\/div><\/div><\/div><\/div><\/div><\/div><div class=\"w-separator size_medium\"><\/div><div class=\"w-btn-wrapper align_left\"><a class=\"w-btn us-btn-style_8 icon_atleft\" href=\"https:\/\/gruene-wiesbaden.de\/hr\/kommunalwahl\/#Kapitel2\"><i class=\"fas fa-chevron-circle-right\"><\/i><span class=\"w-btn-label\">Povratak na pregled<\/span><\/a><\/div><div class=\"w-separator size_large\"><\/div><div class=\"wpb_text_column\"><div class=\"wpb_wrapper\"><h1>\u0160to smo ve\u0107 postigli<\/h1>\n<\/div><\/div><div class=\"w-separator size_medium\"><\/div><div class=\"w-tabs us_custom_42d693a0 has_text_color style_default switch_click accordion has_scrolling\" style=\"--sections-title-size:1.4rem\"><div class=\"w-tabs-sections titles-align_none icon_chevron cpos_right\"><div class=\"w-tabs-section has_text_color\" id=\"p0ca\" style=\"background:var(--color-header-transparent-text);color:var(--color-header-top-text-hover);\"><button class=\"w-tabs-section-header\" aria-controls=\"content-p0ca\" aria-expanded=\"false\"><div class=\"w-tabs-section-title\">Potpisivanje Europske povelje o ravnopravnosti \u017eena i mu\u0161karaca<\/div><div class=\"w-tabs-section-control\"><\/div><\/button><div  class=\"w-tabs-section-content\" id=\"content-p0ca\"><div class=\"w-tabs-section-content-h i-cf\"><div class=\"wpb_text_column\"><div class=\"wpb_wrapper\"><p><span style=\"font-weight: 400;\">Predani smo potpunoj provedbi Europske povelje o ravnopravnosti \u017eena i mu\u0161karaca te smo osigurali da se Wiesbaden pridru\u017ei Europskoj povelji o ravnopravnosti \u017eena i mu\u0161karaca na lokalnoj razini. Time se grad obvezuje na konkretne mjere i ciljeve za promicanje rodne ravnopravnosti u razli\u010ditim podru\u010djima urbanog razvoja i uprave. \u017delimo podr\u017eati provedbu i politi\u010dki i javno te pru\u017eanjem financijskih sredstava.<\/span><\/p>\n<\/div><\/div><\/div><\/div><\/div><div class=\"w-tabs-section has_text_color\" id=\"x1e9\" style=\"background:var(--color-header-transparent-text);color:var(--color-header-top-text-hover);\"><button class=\"w-tabs-section-header\" aria-controls=\"content-x1e9\" aria-expanded=\"false\"><div class=\"w-tabs-section-title\">Velike mogu\u0107nosti financiranja za \u017eensku politiku<\/div><div class=\"w-tabs-section-control\"><\/div><\/button><div  class=\"w-tabs-section-content\" id=\"content-x1e9\"><div class=\"w-tabs-section-content-h i-cf\"><div class=\"wpb_text_column\"><div class=\"wpb_wrapper\"><p><span style=\"font-weight: 400;\">U na\u0161oj vladinoj suradnji, mi Zeleni smo uspjeli pregovarati o sredstvima u \u0161esteroznamenkastom rasponu u prora\u010dun u pro\u0161lim prora\u010dunima, kojima op\u0107inski povjerenik za \u017eene, koji usko sura\u0111uje s na\u0161im Zelenim odjelom za ravnopravnost spolova, mo\u017ee slobodno raspolagati. Podupire projekte, inicijative i savjetodavne usluge kojima se promi\u010de rodna ravnopravnost, osna\u017euju \u017eene i osiguravaju njihova prava. Pru\u017eanje tih resursa pokazuje na\u0161u trajnu predanost uklju\u010divom i pravednom gradu koji podupire \u017eene u svim podru\u010djima \u017eivota, od prevencije i obrazovanja do razvoja karijere i projekata socijalnog osna\u017eivanja.<\/span><\/p>\n<\/div><\/div><\/div><\/div><\/div><div class=\"w-tabs-section has_text_color\" id=\"q300\" style=\"background:var(--color-header-transparent-text);color:var(--color-header-top-text-hover);\"><button class=\"w-tabs-section-header\" aria-controls=\"content-q300\" aria-expanded=\"false\"><div class=\"w-tabs-section-title\">Rodno osjetljiv jezik uveden u gradskoj upravi<\/div><div class=\"w-tabs-section-control\"><\/div><\/button><div  class=\"w-tabs-section-content\" id=\"content-q300\"><div class=\"w-tabs-section-content-h i-cf\"><div class=\"wpb_text_column\"><div class=\"wpb_wrapper\"><p><span style=\"font-weight: 400;\">Gradska uprava Wiesbadena od 2022. upotrebljava hvalevrijedan i rodno osjetljiv jezik. Uvo\u0111enjem vodi\u010da ja\u010da se vidljivost svih spolova u administrativnoj komunikaciji i aktivno se suzbija diskriminacija. Ovaj korak \u010dini gradsku upravu modernijom, uklju\u010divijom i pokazuje da Wiesbaden ozbiljno shva\u0107a raznolikost i da je va\u017ena me\u0111usobna interakcija s po\u0161tovanjem.<\/span><\/p>\n<\/div><\/div><\/div><\/div><\/div><div class=\"w-tabs-section has_text_color\" id=\"g426\" style=\"background:var(--color-header-middle-bg);color:var(--color-content-heading);\"><button class=\"w-tabs-section-header\" aria-controls=\"content-g426\" aria-expanded=\"false\"><div class=\"w-tabs-section-title\">\u017dene na rukovode\u0107im polo\u017eajima<\/div><div class=\"w-tabs-section-control\"><\/div><\/button><div  class=\"w-tabs-section-content\" id=\"content-g426\"><div class=\"w-tabs-section-content-h i-cf\"><div class=\"wpb_text_column\"><div class=\"wpb_wrapper\"><p><span style=\"font-weight: 400;\">Aktivno smo po\u010deli popunjavati rukovode\u0107e polo\u017eaje op\u0107inskih gospodarstava kvalificiranim \u017eenama. U me\u0111uvremenu \u017eene vode WVV, SEG i ESWE Verkehr, \u0161to je jasan korak prema ve\u0107oj ravnopravnosti u gradskim poduze\u0107ima. Tim imenovanjima stvaramo uzore za mlade \u017eene, promi\u010demo raznolikost u postupcima dono\u0161enja odluka i ja\u010damo jednake mogu\u0107nosti u Wiesbadenu. Cilj je sustavno uklanjati prepreke kako bi \u017eene bile zastupljene u svim razinama upravljanja gradske uprave i urbanih dru\u0161tava.<\/span><\/p>\n<\/div><\/div><\/div><\/div><\/div><div class=\"w-tabs-section has_text_color\" id=\"e54e\" style=\"background:var(--color-header-transparent-text);color:var(--color-header-top-text-hover);\"><button class=\"w-tabs-section-header\" aria-controls=\"content-e54e\" aria-expanded=\"false\"><div class=\"w-tabs-section-title\">\u0160irenje Kita je napredovalo<\/div><div class=\"w-tabs-section-control\"><\/div><\/button><div  class=\"w-tabs-section-content\" id=\"content-e54e\"><div class=\"w-tabs-section-content-h i-cf\"><div class=\"wpb_text_column\"><div class=\"wpb_wrapper\"><p><span style=\"font-weight: 400;\">Od 2022. znatno smo pro\u0161irili dnevnu njegu u Wiesbadenu: U godini vrti\u0107a 2024\/25 bilo je dostupno 10 308 mjesta, \u0161to je 227 vi\u0161e nego prethodne godine, a broj djece u Wiesbadenu smanjio se (2020\/21 11 062, 2024\/25 10 912). U U3 podru\u010dju imamo prostor od 37.7% u razdoblju od 2020.\/2021. do 41.1.% u 2024\/25 i u osnovnom rasponu od 90% u razdoblju od 2020.\/2021. do 94,4%pove\u0107ao se 2024.\/2025. Otvaranjem novih sadr\u017eaja, kao \u0161to je centar za dnevnu njegu u Wiesbaden-Biebrichu sa 50 dodatnih mjesta, pro\u0161irili smo kapacitete za podr\u0161ku. Tim se razvojem promi\u010de uskla\u0111ivanje poslovnog i obiteljskog \u017eivota, posebno \u017eena, te ja\u010da njihova ekonomska neovisnost. Skrb o djeci omogu\u0107uje rad za oba roditelja ili rad za samohrane roditelje. Stvorili smo vi\u0161e dje\u010djih vrti\u0107a kako bismo ispunili cilj opskrbe. Znamo da skrb u nekim okruzima jo\u0161 nije dovoljna, a posebno smo predani daljnjem pro\u0161irenju vrti\u0107a diljem Wiesbadena, tako da obitelji imaju koristi od pouzdane skrbi diljem zemlje.<\/span><\/p>\n<\/div><\/div><\/div><\/div><\/div><div class=\"w-tabs-section has_text_color\" id=\"k688\" style=\"background:var(--color-header-transparent-text);color:var(--color-header-top-text-hover);\"><button class=\"w-tabs-section-header\" aria-controls=\"content-k688\" aria-expanded=\"false\"><div class=\"w-tabs-section-title\">Osnovana Istanbulska konvencijska mre\u017ea<\/div><div class=\"w-tabs-section-control\"><\/div><\/button><div  class=\"w-tabs-section-content\" id=\"content-k688\"><div class=\"w-tabs-section-content-h i-cf\"><div class=\"wpb_text_column\"><div class=\"wpb_wrapper\"><p><span style=\"font-weight: 400;\">U Wiesbadenu smo uspostavili mre\u017eu za provedbu Istanbulske konvencije. Vi\u0161e od 80 aktera iz administracije, politike i sustava pomo\u0107i sura\u0111uje na spre\u010davanju, otkrivanju i u\u010dinkovitoj potpori nasilju nad \u017eenama. Mre\u017ea ja\u010da razmjene, promi\u010de koordinirana djelovanja i \u0161alje jasnu poruku: Wiesbaden ozbiljno shva\u0107a za\u0161titu \u017eena i osigurava da me\u0111unarodni standardi Istanbulske konvencije postanu stvarnost u gradu.<\/span><\/p>\n<\/div><\/div><\/div><\/div><\/div><div class=\"w-tabs-section has_text_color\" id=\"f7b7\" style=\"background:var(--color-header-transparent-text);color:var(--color-header-top-text-hover);\"><button class=\"w-tabs-section-header\" aria-controls=\"content-f7b7\" aria-expanded=\"false\"><div class=\"w-tabs-section-title\">Promicanje \u017eenskih i djevoja\u010dkih institucija<\/div><div class=\"w-tabs-section-control\"><\/div><\/button><div  class=\"w-tabs-section-content\" id=\"content-f7b7\"><div class=\"w-tabs-section-content-h i-cf\"><div class=\"wpb_text_column\"><div class=\"wpb_wrapper\"><p><span style=\"font-weight: 400;\">Mi Zeleni smo se zalagali za financijsku za\u0161titu i promociju \u017eenskih i \u017eenskih institucija, kao i savjetodavnih centara u Wiesbadenu. Naglasak je posebno na \u017eenama u ranjivom polo\u017eaju, kao \u0161to su prostitucija ili besku\u0107ni\u0161tvo. Ve\u0107 smo razvili mjere za spre\u010davanje besku\u0107ni\u0161tva i potporu stvaranju prilago\u0111enih skloni\u0161ta za \u017eene. Osim toga, predani smo \u0161irenju savjetodavnih usluga za prostitutke.<\/span><\/p>\n<\/div><\/div><\/div><\/div><\/div><div class=\"w-tabs-section has_text_color\" id=\"o8ff\" style=\"background:var(--color-header-transparent-text);color:var(--color-header-top-text-hover);\"><button class=\"w-tabs-section-header\" aria-controls=\"content-o8ff\" aria-expanded=\"false\"><div class=\"w-tabs-section-title\">Hitna pomo\u0107 nakon silovanja<\/div><div class=\"w-tabs-section-control\"><\/div><\/button><div  class=\"w-tabs-section-content\" id=\"content-o8ff\"><div class=\"w-tabs-section-content-h i-cf\"><div class=\"wpb_text_column\"><div class=\"wpb_wrapper\"><p><span style=\"font-weight: 400;\">U Wiesbadenu se hitna medicinska pomo\u0107 nakon silovanja pro\u0161irila. Pogo\u0111ene osobe mogu dobiti medicinsku pomo\u0107 u odabranim klinikama i imati anonimne tragove, \u010dak i bez neposredne obavijesti. Ponuda je povjerljiva, besplatna i omogu\u0107uje pogo\u0111enim osobama da sami odlu\u010de o daljnjim koracima. To je dopunjeno mre\u017eom za provedbu Istanbulske konvencije, kojom se ja\u010da suradnja svih relevantnih aktera, spre\u010dava nasilje nad \u017eenama i u\u010dinkovito podupire pogo\u0111ene osobe.<\/span><\/p>\n<\/div><\/div><\/div><\/div><\/div><div class=\"w-tabs-section has_text_color\" id=\"ka24\" style=\"background:var(--color-header-transparent-text);color:var(--color-header-top-text-hover);\"><button class=\"w-tabs-section-header\" aria-controls=\"content-ka24\" aria-expanded=\"false\"><div class=\"w-tabs-section-title\">Projekt \u201eJe li Luisa ovdje?\u201d<\/div><div class=\"w-tabs-section-control\"><\/div><\/button><div  class=\"w-tabs-section-content\" id=\"content-ka24\"><div class=\"w-tabs-section-content-h i-cf\"><div class=\"wpb_text_column\"><div class=\"wpb_wrapper\"><p><span style=\"font-weight: 400;\">Posve\u0107eni smo tome da osiguramo da \u017eene u Wiesbadenu budu sigurne prilikom izlaska. Kampanja \u201eJe li Luisa ovdje?\u201d omogu\u0107uje \u017eenama da diskretno potra\u017ee pomo\u0107 u barovima, klubovima i javnim institucijama koji sudjeluju kada se osje\u0107aju ugro\u017eeno ili neugodno. Pokrenuli smo kampanju, osigurali vidljivost i pro\u0161irili projekt na druge javne institucije te pru\u017eili obuku za tamo\u0161nje osoblje. Na taj na\u010din ja\u010damo za\u0161titu \u017eena, sprje\u010davamo nasilje i promi\u010demo siguran i obziran su\u017eivot u gradu.<\/span><\/p>\n<\/div><\/div><\/div><\/div><\/div><div class=\"w-tabs-section has_text_color\" id=\"lb3d\" style=\"background:var(--color-header-transparent-text);color:var(--color-header-top-text-hover);\"><button class=\"w-tabs-section-header\" aria-controls=\"content-lb3d\" aria-expanded=\"false\"><div class=\"w-tabs-section-title\">Projektni ku\u0107ni telefon<\/div><div class=\"w-tabs-section-control\"><\/div><\/button><div  class=\"w-tabs-section-content\" id=\"content-lb3d\"><div class=\"w-tabs-section-content-h i-cf\"><div class=\"wpb_text_column\"><div class=\"wpb_wrapper\"><p><span style=\"font-weight: 400;\">Osim toga, grad sura\u0111uje s Heimwegtelefon e.V., njema\u010dkom uslugom koja prati pozivatelje telefonom no\u0107u ako se osje\u0107aju nesigurno na putu ku\u0107i. Ponuda je dostupna nedjeljom do \u010detvrtkom od 21:00 do pono\u0107i te petkom i subotom od 21:00 do 15:00 sati pod brojem 030 12074182. Predani smo daljnjoj uspostavi takvih koncepata za\u0161tite i da ih u\u010dinimo dostupnima svima.<\/span><\/p>\n<\/div><\/div><\/div><\/div><\/div><div class=\"w-tabs-section has_text_color\" id=\"ac6d\" style=\"background:var(--color-header-transparent-text);color:var(--color-header-top-text-hover);\"><button class=\"w-tabs-section-header\" aria-controls=\"content-ac6d\" aria-expanded=\"false\"><div class=\"w-tabs-section-title\">Besplatni menstrualni proizvodi<\/div><div class=\"w-tabs-section-control\"><\/div><\/button><div  class=\"w-tabs-section-content\" id=\"content-ac6d\"><div class=\"w-tabs-section-content-h i-cf\"><div class=\"wpb_text_column\"><div class=\"wpb_wrapper\"><p><span style=\"font-weight: 400;\">Osigurali smo besplatnu dostupnost menstrualnih proizvoda u \u0161kolama, uredima i javnim ustanovama u Wiesbadenu. Nitko nije diskriminiran iz financijskih razloga, a posebno djevoj\u010dice i mlade \u017eene imaju pouzdan pristup higijenskim proizvodima. Time se ja\u010daju samoodre\u0111enje, jednakost i zdravlje, olak\u0161avaju obitelji i \u0161alje jasna poruka protiv tabua menstruacije \u2013 za uklju\u010divu, modernu gradsku upravu u kojoj se prema svim ljudima postupa jednako.<\/span><\/p>\n<\/div><\/div><\/div><\/div><\/div><div class=\"w-tabs-section has_text_color\" id=\"md92\" style=\"background:var(--color-header-transparent-text);color:var(--color-header-top-text-hover);\"><button class=\"w-tabs-section-header\" aria-controls=\"content-md92\" aria-expanded=\"false\"><div class=\"w-tabs-section-title\">Vidljivost za prava \u017eena i za\u0161tita od nasilja<\/div><div class=\"w-tabs-section-control\"><\/div><\/button><div  class=\"w-tabs-section-content\" id=\"content-md92\"><div class=\"w-tabs-section-content-h i-cf\"><div class=\"wpb_text_column\"><div class=\"wpb_wrapper\"><p><span style=\"font-weight: 400;\">Nastojali smo pitanja kao \u0161to su nasilje nad \u017eenama, ravnopravnost i prava \u017eena u\u010diniti vidljivima u javnim prostorima, obrazovanju i kulturi. Zajedno s klubom Zonta Wiesbaden osnovali smo \u201enaran\u010daste banke\u201d, koje skre\u0107u pozornost na skloni\u0161ta i problem nasilja. S RheinMain University of Applied Sciences pokrenuli smo seriju predavanja o pornografiji i uzorima, a izlo\u017ebe kao \u0161to su Faceless bavile su se pritu\u017ebama i promicale diskurs u urbanom dru\u0161tvu.<\/span><\/p>\n<\/div><\/div><\/div><\/div><\/div><\/div><\/div><div class=\"w-separator size_medium\"><\/div><div class=\"w-btn-wrapper align_left\"><a class=\"w-btn us-btn-style_8 icon_atleft\" href=\"https:\/\/gruene-wiesbaden.de\/hr\/kommunalwahl\/#Kapitel2\"><i class=\"fas fa-chevron-circle-right\"><\/i><span class=\"w-btn-label\">Povratak na pregled<\/span><\/a><\/div><div class=\"w-separator size_large\"><\/div><\/div><\/div><\/div><\/div><\/section>","protected":false},"excerpt":{"rendered":"Rodna ravnopravnost preduvjet je za pravedan i odr\u017eiv grad. Jednako se primjenjuje na rad, obrazovanje, zdravlje, sigurnost, kulturu, promet i urbanisti\u010dko planiranje. \u017dene i mu\u0161karci druga\u010dije do\u017eivljavaju Wiesbaden: \u017dene su \u010de\u0161\u0107e pogo\u0111ene siroma\u0161tvom, radom u podru\u010dju skrbi, nasiljem i nesigurno\u0161\u0107u u javnim prostorima, dok mu\u0161karci i dalje dominiraju na vode\u0107im polo\u017eajima i vi\u0161e se koriste automobilom. Zdravstvene i obrazovne usluge...","protected":false},"author":1,"featured_media":1545,"comment_status":"closed","ping_status":"closed","sticky":false,"template":"","format":"standard","meta":{"footnotes":""},"categories":[15],"tags":[],"class_list":["post-1349","post","type-post","status-publish","format-standard","has-post-thumbnail","hentry","category-kapitel-2"],"yoast_head":"<!-- This site is optimized with the Yoast SEO plugin v27.5 - https:\/\/yoast.com\/product\/yoast-seo-wordpress\/ -->\n<title>Geschlechtergerechtigkeit - B\u00dcNDNIS 90\/DIE GR\u00dcNEN Wiesbaden<\/title>\n<meta name=\"robots\" content=\"index, follow, max-snippet:-1, max-image-preview:large, max-video-preview:-1\" \/>\n<link rel=\"canonical\" href=\"https:\/\/gruene-wiesbaden.de\/hr\/geschlechtergerechtigkeit\/\" \/>\n<meta property=\"og:locale\" content=\"hr_HR\" \/>\n<meta property=\"og:type\" content=\"article\" \/>\n<meta property=\"og:title\" content=\"Geschlechtergerechtigkeit - B\u00dcNDNIS 90\/DIE GR\u00dcNEN Wiesbaden\" \/>\n<meta property=\"og:url\" content=\"https:\/\/gruene-wiesbaden.de\/hr\/geschlechtergerechtigkeit\/\" \/>\n<meta property=\"og:site_name\" content=\"B\u00dcNDNIS 90\/DIE GR\u00dcNEN Wiesbaden\" \/>\n<meta property=\"article:publisher\" content=\"https:\/\/www.facebook.com\/gruene.wi\" \/>\n<meta property=\"article:published_time\" content=\"2025-11-09T22:09:19+00:00\" \/>\n<meta property=\"article:modified_time\" content=\"2026-04-09T08:25:16+00:00\" \/>\n<meta property=\"og:image\" content=\"https:\/\/gruene-wiesbaden.de\/wp-content\/uploads\/2025\/11\/2.1-Geschlechtergerechtigkeit-scaled.jpeg\" \/>\n\t<meta property=\"og:image:width\" content=\"2560\" \/>\n\t<meta property=\"og:image:height\" content=\"1350\" \/>\n\t<meta property=\"og:image:type\" content=\"image\/jpeg\" \/>\n<meta name=\"author\" content=\"admin\" \/>\n<meta name=\"twitter:card\" content=\"summary_large_image\" \/>\n<meta name=\"twitter:label1\" content=\"Napisao\/la\" \/>\n\t<meta name=\"twitter:data1\" content=\"admin\" \/>\n\t<meta name=\"twitter:label2\" content=\"Procijenjeno vrijeme \u010ditanja\" \/>\n\t<meta name=\"twitter:data2\" content=\"12 minutes\" \/>\n<script type=\"application\/ld+json\" class=\"yoast-schema-graph\">{\"@context\":\"https:\\\/\\\/schema.org\",\"@graph\":[{\"@type\":\"Article\",\"@id\":\"https:\\\/\\\/gruene-wiesbaden.de\\\/geschlechtergerechtigkeit\\\/#article\",\"isPartOf\":{\"@id\":\"https:\\\/\\\/gruene-wiesbaden.de\\\/geschlechtergerechtigkeit\\\/\"},\"author\":{\"name\":\"admin\",\"@id\":\"https:\\\/\\\/gruene-wiesbaden.de\\\/#\\\/schema\\\/person\\\/6785c34779159cd4fd86886bb097afe9\"},\"headline\":\"Geschlechtergerechtigkeit\",\"datePublished\":\"2025-11-09T22:09:19+00:00\",\"dateModified\":\"2026-04-09T08:25:16+00:00\",\"mainEntityOfPage\":{\"@id\":\"https:\\\/\\\/gruene-wiesbaden.de\\\/geschlechtergerechtigkeit\\\/\"},\"wordCount\":3266,\"publisher\":{\"@id\":\"https:\\\/\\\/gruene-wiesbaden.de\\\/#organization\"},\"image\":{\"@id\":\"https:\\\/\\\/gruene-wiesbaden.de\\\/geschlechtergerechtigkeit\\\/#primaryimage\"},\"thumbnailUrl\":\"https:\\\/\\\/gruene-wiesbaden.de\\\/wp-content\\\/uploads\\\/2025\\\/11\\\/2.1-Geschlechtergerechtigkeit-scaled.jpeg\",\"articleSection\":[\"Kapitel 2\"],\"inLanguage\":\"hr\"},{\"@type\":\"WebPage\",\"@id\":\"https:\\\/\\\/gruene-wiesbaden.de\\\/geschlechtergerechtigkeit\\\/\",\"url\":\"https:\\\/\\\/gruene-wiesbaden.de\\\/geschlechtergerechtigkeit\\\/\",\"name\":\"Geschlechtergerechtigkeit - B\u00dcNDNIS 90\\\/DIE GR\u00dcNEN Wiesbaden\",\"isPartOf\":{\"@id\":\"https:\\\/\\\/gruene-wiesbaden.de\\\/#website\"},\"primaryImageOfPage\":{\"@id\":\"https:\\\/\\\/gruene-wiesbaden.de\\\/geschlechtergerechtigkeit\\\/#primaryimage\"},\"image\":{\"@id\":\"https:\\\/\\\/gruene-wiesbaden.de\\\/geschlechtergerechtigkeit\\\/#primaryimage\"},\"thumbnailUrl\":\"https:\\\/\\\/gruene-wiesbaden.de\\\/wp-content\\\/uploads\\\/2025\\\/11\\\/2.1-Geschlechtergerechtigkeit-scaled.jpeg\",\"datePublished\":\"2025-11-09T22:09:19+00:00\",\"dateModified\":\"2026-04-09T08:25:16+00:00\",\"breadcrumb\":{\"@id\":\"https:\\\/\\\/gruene-wiesbaden.de\\\/geschlechtergerechtigkeit\\\/#breadcrumb\"},\"inLanguage\":\"hr\",\"potentialAction\":[{\"@type\":\"ReadAction\",\"target\":[\"https:\\\/\\\/gruene-wiesbaden.de\\\/geschlechtergerechtigkeit\\\/\"]}]},{\"@type\":\"ImageObject\",\"inLanguage\":\"hr\",\"@id\":\"https:\\\/\\\/gruene-wiesbaden.de\\\/geschlechtergerechtigkeit\\\/#primaryimage\",\"url\":\"https:\\\/\\\/gruene-wiesbaden.de\\\/wp-content\\\/uploads\\\/2025\\\/11\\\/2.1-Geschlechtergerechtigkeit-scaled.jpeg\",\"contentUrl\":\"https:\\\/\\\/gruene-wiesbaden.de\\\/wp-content\\\/uploads\\\/2025\\\/11\\\/2.1-Geschlechtergerechtigkeit-scaled.jpeg\",\"width\":2560,\"height\":1350,\"caption\":\"Gender equality, pay gap and woman with a sign in the office with a female and male symbol. Business, equity and girl employee with a feminism card in protest for equal salary, opportunity and equity.\"},{\"@type\":\"BreadcrumbList\",\"@id\":\"https:\\\/\\\/gruene-wiesbaden.de\\\/geschlechtergerechtigkeit\\\/#breadcrumb\",\"itemListElement\":[{\"@type\":\"ListItem\",\"position\":1,\"name\":\"Startseite\",\"item\":\"https:\\\/\\\/gruene-wiesbaden.de\\\/\"},{\"@type\":\"ListItem\",\"position\":2,\"name\":\"Geschlechtergerechtigkeit\"}]},{\"@type\":\"WebSite\",\"@id\":\"https:\\\/\\\/gruene-wiesbaden.de\\\/#website\",\"url\":\"https:\\\/\\\/gruene-wiesbaden.de\\\/\",\"name\":\"DIE GR\u00dcNEN Wiesbaden\",\"description\":\"\",\"publisher\":{\"@id\":\"https:\\\/\\\/gruene-wiesbaden.de\\\/#organization\"},\"potentialAction\":[{\"@type\":\"SearchAction\",\"target\":{\"@type\":\"EntryPoint\",\"urlTemplate\":\"https:\\\/\\\/gruene-wiesbaden.de\\\/?s={search_term_string}\"},\"query-input\":{\"@type\":\"PropertyValueSpecification\",\"valueRequired\":true,\"valueName\":\"search_term_string\"}}],\"inLanguage\":\"hr\"},{\"@type\":\"Organization\",\"@id\":\"https:\\\/\\\/gruene-wiesbaden.de\\\/#organization\",\"name\":\"DIE GR\u00dcNEN Wiesbaden\",\"url\":\"https:\\\/\\\/gruene-wiesbaden.de\\\/\",\"logo\":{\"@type\":\"ImageObject\",\"inLanguage\":\"hr\",\"@id\":\"https:\\\/\\\/gruene-wiesbaden.de\\\/#\\\/schema\\\/logo\\\/image\\\/\",\"url\":\"https:\\\/\\\/gruene-wiesbaden-fuer-europa.de\\\/wp-content\\\/uploads\\\/2024\\\/04\\\/Machen-was-zaehlt-5.png\",\"contentUrl\":\"https:\\\/\\\/gruene-wiesbaden-fuer-europa.de\\\/wp-content\\\/uploads\\\/2024\\\/04\\\/Machen-was-zaehlt-5.png\",\"width\":1772,\"height\":1772,\"caption\":\"DIE GR\u00dcNEN Wiesbaden\"},\"image\":{\"@id\":\"https:\\\/\\\/gruene-wiesbaden.de\\\/#\\\/schema\\\/logo\\\/image\\\/\"},\"sameAs\":[\"https:\\\/\\\/www.facebook.com\\\/gruene.wi\",\"https:\\\/\\\/instagram.com\\\/gruene_wi\"]},{\"@type\":\"Person\",\"@id\":\"https:\\\/\\\/gruene-wiesbaden.de\\\/#\\\/schema\\\/person\\\/6785c34779159cd4fd86886bb097afe9\",\"name\":\"admin\",\"sameAs\":[\"http:\\\/\\\/gruene-wiesbaden-fuer-europa.de\"],\"url\":\"https:\\\/\\\/gruene-wiesbaden.de\\\/hr\\\/author\\\/admin\\\/\"}]}<\/script>\n<!-- \/ Yoast SEO plugin. -->","yoast_head_json":{"title":"Geschlechtergerechtigkeit - B\u00dcNDNIS 90\/DIE GR\u00dcNEN Wiesbaden","robots":{"index":"index","follow":"follow","max-snippet":"max-snippet:-1","max-image-preview":"max-image-preview:large","max-video-preview":"max-video-preview:-1"},"canonical":"https:\/\/gruene-wiesbaden.de\/hr\/geschlechtergerechtigkeit\/","og_locale":"hr_HR","og_type":"article","og_title":"Geschlechtergerechtigkeit - B\u00dcNDNIS 90\/DIE GR\u00dcNEN Wiesbaden","og_url":"https:\/\/gruene-wiesbaden.de\/hr\/geschlechtergerechtigkeit\/","og_site_name":"B\u00dcNDNIS 90\/DIE GR\u00dcNEN Wiesbaden","article_publisher":"https:\/\/www.facebook.com\/gruene.wi","article_published_time":"2025-11-09T22:09:19+00:00","article_modified_time":"2026-04-09T08:25:16+00:00","og_image":[{"width":2560,"height":1350,"url":"https:\/\/gruene-wiesbaden.de\/wp-content\/uploads\/2025\/11\/2.1-Geschlechtergerechtigkeit-scaled.jpeg","type":"image\/jpeg"}],"author":"admin","twitter_card":"summary_large_image","twitter_misc":{"Napisao\/la":"admin","Procijenjeno vrijeme \u010ditanja":"12 minutes"},"schema":{"@context":"https:\/\/schema.org","@graph":[{"@type":"Article","@id":"https:\/\/gruene-wiesbaden.de\/geschlechtergerechtigkeit\/#article","isPartOf":{"@id":"https:\/\/gruene-wiesbaden.de\/geschlechtergerechtigkeit\/"},"author":{"name":"admin","@id":"https:\/\/gruene-wiesbaden.de\/#\/schema\/person\/6785c34779159cd4fd86886bb097afe9"},"headline":"Geschlechtergerechtigkeit","datePublished":"2025-11-09T22:09:19+00:00","dateModified":"2026-04-09T08:25:16+00:00","mainEntityOfPage":{"@id":"https:\/\/gruene-wiesbaden.de\/geschlechtergerechtigkeit\/"},"wordCount":3266,"publisher":{"@id":"https:\/\/gruene-wiesbaden.de\/#organization"},"image":{"@id":"https:\/\/gruene-wiesbaden.de\/geschlechtergerechtigkeit\/#primaryimage"},"thumbnailUrl":"https:\/\/gruene-wiesbaden.de\/wp-content\/uploads\/2025\/11\/2.1-Geschlechtergerechtigkeit-scaled.jpeg","articleSection":["Kapitel 2"],"inLanguage":"hr"},{"@type":"WebPage","@id":"https:\/\/gruene-wiesbaden.de\/geschlechtergerechtigkeit\/","url":"https:\/\/gruene-wiesbaden.de\/geschlechtergerechtigkeit\/","name":"Geschlechtergerechtigkeit - B\u00dcNDNIS 90\/DIE GR\u00dcNEN Wiesbaden","isPartOf":{"@id":"https:\/\/gruene-wiesbaden.de\/#website"},"primaryImageOfPage":{"@id":"https:\/\/gruene-wiesbaden.de\/geschlechtergerechtigkeit\/#primaryimage"},"image":{"@id":"https:\/\/gruene-wiesbaden.de\/geschlechtergerechtigkeit\/#primaryimage"},"thumbnailUrl":"https:\/\/gruene-wiesbaden.de\/wp-content\/uploads\/2025\/11\/2.1-Geschlechtergerechtigkeit-scaled.jpeg","datePublished":"2025-11-09T22:09:19+00:00","dateModified":"2026-04-09T08:25:16+00:00","breadcrumb":{"@id":"https:\/\/gruene-wiesbaden.de\/geschlechtergerechtigkeit\/#breadcrumb"},"inLanguage":"hr","potentialAction":[{"@type":"ReadAction","target":["https:\/\/gruene-wiesbaden.de\/geschlechtergerechtigkeit\/"]}]},{"@type":"ImageObject","inLanguage":"hr","@id":"https:\/\/gruene-wiesbaden.de\/geschlechtergerechtigkeit\/#primaryimage","url":"https:\/\/gruene-wiesbaden.de\/wp-content\/uploads\/2025\/11\/2.1-Geschlechtergerechtigkeit-scaled.jpeg","contentUrl":"https:\/\/gruene-wiesbaden.de\/wp-content\/uploads\/2025\/11\/2.1-Geschlechtergerechtigkeit-scaled.jpeg","width":2560,"height":1350,"caption":"Gender equality, pay gap and woman with a sign in the office with a female and male symbol. Business, equity and girl employee with a feminism card in protest for equal salary, opportunity and equity."},{"@type":"BreadcrumbList","@id":"https:\/\/gruene-wiesbaden.de\/geschlechtergerechtigkeit\/#breadcrumb","itemListElement":[{"@type":"ListItem","position":1,"name":"Startseite","item":"https:\/\/gruene-wiesbaden.de\/"},{"@type":"ListItem","position":2,"name":"Geschlechtergerechtigkeit"}]},{"@type":"WebSite","@id":"https:\/\/gruene-wiesbaden.de\/#website","url":"https:\/\/gruene-wiesbaden.de\/","name":"DIE GR\u00dcNEN Wiesbaden","description":"","publisher":{"@id":"https:\/\/gruene-wiesbaden.de\/#organization"},"potentialAction":[{"@type":"SearchAction","target":{"@type":"EntryPoint","urlTemplate":"https:\/\/gruene-wiesbaden.de\/?s={search_term_string}"},"query-input":{"@type":"PropertyValueSpecification","valueRequired":true,"valueName":"search_term_string"}}],"inLanguage":"hr"},{"@type":"Organization","@id":"https:\/\/gruene-wiesbaden.de\/#organization","name":"DIE GR\u00dcNEN Wiesbaden","url":"https:\/\/gruene-wiesbaden.de\/","logo":{"@type":"ImageObject","inLanguage":"hr","@id":"https:\/\/gruene-wiesbaden.de\/#\/schema\/logo\/image\/","url":"https:\/\/gruene-wiesbaden-fuer-europa.de\/wp-content\/uploads\/2024\/04\/Machen-was-zaehlt-5.png","contentUrl":"https:\/\/gruene-wiesbaden-fuer-europa.de\/wp-content\/uploads\/2024\/04\/Machen-was-zaehlt-5.png","width":1772,"height":1772,"caption":"DIE GR\u00dcNEN Wiesbaden"},"image":{"@id":"https:\/\/gruene-wiesbaden.de\/#\/schema\/logo\/image\/"},"sameAs":["https:\/\/www.facebook.com\/gruene.wi","https:\/\/instagram.com\/gruene_wi"]},{"@type":"Person","@id":"https:\/\/gruene-wiesbaden.de\/#\/schema\/person\/6785c34779159cd4fd86886bb097afe9","name":"admin","sameAs":["http:\/\/gruene-wiesbaden-fuer-europa.de"],"url":"https:\/\/gruene-wiesbaden.de\/hr\/author\/admin\/"}]}},"_links":{"self":[{"href":"https:\/\/gruene-wiesbaden.de\/hr\/wp-json\/wp\/v2\/posts\/1349","targetHints":{"allow":["GET"]}}],"collection":[{"href":"https:\/\/gruene-wiesbaden.de\/hr\/wp-json\/wp\/v2\/posts"}],"about":[{"href":"https:\/\/gruene-wiesbaden.de\/hr\/wp-json\/wp\/v2\/types\/post"}],"author":[{"embeddable":true,"href":"https:\/\/gruene-wiesbaden.de\/hr\/wp-json\/wp\/v2\/users\/1"}],"replies":[{"embeddable":true,"href":"https:\/\/gruene-wiesbaden.de\/hr\/wp-json\/wp\/v2\/comments?post=1349"}],"version-history":[{"count":7,"href":"https:\/\/gruene-wiesbaden.de\/hr\/wp-json\/wp\/v2\/posts\/1349\/revisions"}],"predecessor-version":[{"id":2389,"href":"https:\/\/gruene-wiesbaden.de\/hr\/wp-json\/wp\/v2\/posts\/1349\/revisions\/2389"}],"wp:featuredmedia":[{"embeddable":true,"href":"https:\/\/gruene-wiesbaden.de\/hr\/wp-json\/wp\/v2\/media\/1545"}],"wp:attachment":[{"href":"https:\/\/gruene-wiesbaden.de\/hr\/wp-json\/wp\/v2\/media?parent=1349"}],"wp:term":[{"taxonomy":"category","embeddable":true,"href":"https:\/\/gruene-wiesbaden.de\/hr\/wp-json\/wp\/v2\/categories?post=1349"},{"taxonomy":"post_tag","embeddable":true,"href":"https:\/\/gruene-wiesbaden.de\/hr\/wp-json\/wp\/v2\/tags?post=1349"}],"curies":[{"name":"wp","href":"https:\/\/api.w.org\/{rel}","templated":true}]}}