{"id":1335,"date":"2025-11-09T23:49:11","date_gmt":"2025-11-09T21:49:11","guid":{"rendered":"https:\/\/gruene-wiesbaden.de\/?p=1335"},"modified":"2026-04-09T00:16:13","modified_gmt":"2026-04-08T22:16:13","slug":"digitale-infrastruktur-und-digitale-services-fuer-alle","status":"publish","type":"post","link":"https:\/\/gruene-wiesbaden.de\/hr\/digitale-infrastruktur-und-digitale-services-fuer-alle\/","title":{"rendered":"Digitalna infrastruktura i digitalne usluge za sve"},"content":{"rendered":"<section class=\"l-section wpb_row height_medium with_img\"><div class=\"l-section-img\" role=\"img\" data-img-width=\"1080\" data-img-height=\"800\" style=\"background-image: url(https:\/\/gruene-wiesbaden.de\/wp-content\/uploads\/2025\/11\/neuer-Verlauf-gruene-wiesbaden.de_-2-e1762709402177.png);\"><\/div><div class=\"l-section-overlay\" style=\"background:var(--color-header-top-transparent-bg)\"><\/div><div class=\"l-section-h i-cf\"><div class=\"g-cols vc_row via_grid cols_1 laptops-cols_inherit tablets-cols_inherit mobiles-cols_1 valign_top type_default stacking_default\"><div class=\"wpb_column vc_column_container\"><div class=\"vc_column-inner\"><h1 class=\"w-post-elm post_title us_custom_a574d586 has_text_color entry-title\">Digitalna infrastruktura i digitalne usluge za sve<\/h1><div class=\"w-separator size_medium\"><\/div><div class=\"g-cols wpb_row via_grid cols_2-1 laptops-cols_inherit tablets-cols_inherit mobiles-cols_1 valign_top type_default stacking_default\" style=\"--columns-gap:3rem;\"><div class=\"wpb_column vc_column_container\"><div class=\"vc_column-inner\"><div class=\"wpb_text_column us_custom_8b3d6790 has_text_color\"><div class=\"wpb_wrapper\"><p><span style=\"font-weight: 400;\">Digitalne usluge vi\u0161e su od tehni\u010dkih alata \u2013 klju\u010dne su kako bi se osiguralo da administracija funkcionira brzo, jednostavno i transparentno za sve Wiesbadenerse. Olak\u0161avaju svakodnevni \u017eivot tako \u0161to olak\u0161avaju popunjavanje prijava, rezerviranja termina u Uredu gra\u0111ana ili podno\u0161enje zahtjeva za bespovratna sredstva putem interneta.<\/span><\/p>\n<p><span style=\"font-weight: 400;\">Digitalno sudjelovanje nije samo internetska veza, ve\u0107 je i preduvjet za jednake mogu\u0107nosti i dru\u0161tveno sudjelovanje. Mi Zeleni \u017eelimo da svi ljudi u Wiesbadenu imaju jednake koristi od mogu\u0107nosti koje nudi digitalizacija. To podrazumijeva pristupa\u010dne ponude, mogu\u0107nosti digitalnog u\u010denja i potporu u stjecanju vje\u0161tina kako nitko ne bi bio zapostavljen.<\/span><\/p>\n<p><span style=\"font-weight: 400;\">\u017delimo potaknuti \u0161irenje digitalne infrastrukture i pametnih usluga jer \u0107e to pove\u0107ati sudjelovanje, u\u010dinkovitost i kvalitetu \u017eivota u na\u0161em gradu. Oslanjamo se na sigurnost, neovisnost i rje\u0161enja otvorenog koda kako bismo za\u0161titili podatke i izbjegli ovisnosti.<\/span><\/p>\n<\/div><\/div><div class=\"w-separator size_medium\"><\/div><div class=\"w-btn-wrapper align_left\"><a class=\"w-btn us-btn-style_8 icon_atleft\" href=\"https:\/\/gruene-wiesbaden.de\/hr\/kommunalwahl\/#Kapitel1\"><i class=\"fas fa-chevron-circle-right\"><\/i><span class=\"w-btn-label\">Povratak na pregled<\/span><\/a><\/div><\/div><\/div><div class=\"wpb_column vc_column_container\"><div class=\"vc_column-inner\"><div class=\"w-image align_center\"><div class=\"w-image-h\"><img decoding=\"async\" width=\"1991\" height=\"2560\" src=\"https:\/\/gruene-wiesbaden.de\/wp-content\/uploads\/2025\/11\/1.8-Digitale-Infrastruktur-und-digitale-Services-fuer-alle-scaled.jpeg\" class=\"attachment-full size-full\" alt=\"\" loading=\"lazy\" srcset=\"https:\/\/gruene-wiesbaden.de\/wp-content\/uploads\/2025\/11\/1.8-Digitale-Infrastruktur-und-digitale-Services-fuer-alle-scaled.jpeg 1991w, https:\/\/gruene-wiesbaden.de\/wp-content\/uploads\/2025\/11\/1.8-Digitale-Infrastruktur-und-digitale-Services-fuer-alle-311x400.jpeg 311w, https:\/\/gruene-wiesbaden.de\/wp-content\/uploads\/2025\/11\/1.8-Digitale-Infrastruktur-und-digitale-Services-fuer-alle-467x600.jpeg 467w\" sizes=\"auto, (max-width: 1991px) 100vw, 1991px\" \/><\/div><\/div><div class=\"w-separator size_small\"><\/div><\/div><\/div><\/div><div class=\"w-separator size_medium\"><\/div><div class=\"w-separator size_medium\"><\/div><div class=\"wpb_text_column\"><div class=\"wpb_wrapper\"><h1>\u0160to politika digitalne infrastrukture i digitalnih usluga zna\u010di za sve nas<\/h1>\n<\/div><\/div><div class=\"w-separator size_large\"><\/div><div class=\"g-cols wpb_row via_grid cols_3 laptops-cols_inherit tablets-cols_inherit mobiles-cols_1 valign_top type_default stacking_default\" style=\"--columns-gap:3rem;\"><div class=\"wpb_column vc_column_container\"><div class=\"vc_column-inner\"><div class=\"w-iconbox us_custom_8b3d6790 has_text_color iconpos_left style_default color_custom align_left\"><div class=\"w-iconbox-icon\" style=\"font-size:2rem;--icon-color:#Ffffff;--icon-bg-color:var(--color-header-middle-bg);\"><i class=\"fas fa-layer-group\"><\/i><\/div><div class=\"w-iconbox-meta\"><h4 class=\"w-iconbox-title\" style=\"font-size:1.5rem;\">Osiguravanje digitalnog sudjelovanja<\/h4><div class=\"w-iconbox-text\"><p><span style=\"font-weight: 400;\">Svi ljudi moraju imati koristi od digitalizacije, bez obzira na dohodak, dob ili podrijetlo. \u017delimo biti sigurni da nitko nije zapostavljen.<\/span><\/p>\n<\/div><\/div><\/div><\/div><\/div><div class=\"wpb_column vc_column_container\"><div class=\"vc_column-inner\"><div class=\"w-iconbox us_custom_8b3d6790 has_text_color iconpos_left style_default color_custom align_left\"><div class=\"w-iconbox-icon\" style=\"font-size:2rem;--icon-color:#Ffffff;--icon-bg-color:var(--color-header-transparent-text);\"><i class=\"fas fa-layer-group\"><\/i><\/div><div class=\"w-iconbox-meta\"><h4 class=\"w-iconbox-title\" style=\"font-size:1.5rem;\">Usluga digitalna, jednostavna<\/h4><div class=\"w-iconbox-text\"><p><span style=\"font-weight: 400;\">Digitalne ponude moraju biti brze, jednostavne za kori\u0161tenje i jednostavne, s jasnom usmjereno\u0161\u0107u na svakodnevni \u017eivot gra\u0111ana umjesto na slu\u017ebene logike.<\/span><\/p>\n<\/div><\/div><\/div><\/div><\/div><div class=\"wpb_column vc_column_container\"><div class=\"vc_column-inner\"><div class=\"w-iconbox us_custom_8b3d6790 has_text_color iconpos_left style_default color_custom align_left\"><div class=\"w-iconbox-icon\" style=\"font-size:2rem;--icon-color:#Ffffff;--icon-bg-color:var(--color-header-transparent-text);\"><i class=\"fas fa-layer-group\"><\/i><\/div><div class=\"w-iconbox-meta\"><h4 class=\"w-iconbox-title\" style=\"font-size:1.5rem;\">Odgovorno kori\u0161tenje umjetne inteligencije<\/h4><div class=\"w-iconbox-text\"><p><span style=\"font-weight: 400;\">Umjetna inteligencija trebala bi Wiesbaden u\u010diniti pametnijim: u\u010dinkovitim upravljanjem i boljim uslugama. Za nas vrijedi sljede\u0107e: Za\u0161tita podataka, transparentnost i eti\u010dki standardi uvijek imaju prednost.<\/span><\/p>\n<p><br style=\"font-weight: 400;\" \/><br style=\"font-weight: 400;\" \/><\/p>\n<\/div><\/div><\/div><\/div><\/div><\/div><div class=\"w-separator size_medium\"><\/div><div class=\"g-cols wpb_row via_grid cols_3 laptops-cols_inherit tablets-cols_inherit mobiles-cols_1 valign_top type_default stacking_default\" style=\"--columns-gap:3rem;\"><div class=\"wpb_column vc_column_container\"><div class=\"vc_column-inner\"><div class=\"w-iconbox us_custom_8b3d6790 has_text_color iconpos_left style_default color_custom align_left\"><div class=\"w-iconbox-icon\" style=\"font-size:2rem;--icon-color:#Ffffff;--icon-bg-color:var(--color-header-middle-bg);\"><i class=\"fas fa-layer-group\"><\/i><\/div><div class=\"w-iconbox-meta\"><h4 class=\"w-iconbox-title\" style=\"font-size:1.5rem;\">Suveren i siguran<\/h4><div class=\"w-iconbox-text\"><p><span style=\"font-weight: 400;\">Oslanjamo se na otvoreni kod, za\u0161titu podataka i visoku IT sigurnost. Zbog toga je Wiesbaden i dalje neovisan i otporan na digitalne rizike.<\/span><\/p>\n<\/div><\/div><\/div><\/div><\/div><div class=\"wpb_column vc_column_container\"><div class=\"vc_column-inner\"><div class=\"w-iconbox us_custom_8b3d6790 has_text_color iconpos_left style_default color_custom align_left\"><div class=\"w-iconbox-icon\" style=\"font-size:2rem;--icon-color:#Ffffff;--icon-bg-color:var(--color-header-transparent-text);\"><i class=\"fas fa-layer-group\"><\/i><\/div><div class=\"w-iconbox-meta\"><h4 class=\"w-iconbox-title\" style=\"font-size:1.5rem;\">Odr\u017eiva digitalizacija<\/h4><div class=\"w-iconbox-text\"><p><span style=\"font-weight: 400;\">IT infrastruktura i usluge trebale bi \u0161tedjeti resurse, biti klimatski prihvatljive i pravedno nabavljene. Odr\u017eivost je smjernica za svako digitalno ulaganje.<\/span><\/p>\n<\/div><\/div><\/div><\/div><\/div><div class=\"wpb_column vc_column_container\"><div class=\"vc_column-inner\"><div class=\"w-iconbox us_custom_8b3d6790 has_text_color iconpos_left style_default color_custom align_left\"><div class=\"w-iconbox-icon\" style=\"font-size:2rem;--icon-color:#Ffffff;--icon-bg-color:var(--color-header-transparent-text);\"><i class=\"fas fa-layer-group\"><\/i><\/div><div class=\"w-iconbox-meta\"><h4 class=\"w-iconbox-title\" style=\"font-size:1.5rem;\">Zajedni\u010dko oblikovanje inovacija<\/h4><div class=\"w-iconbox-text\"><p><span style=\"font-weight: 400;\">Digitalizacija se mo\u017ee posti\u0107i samo dijalogom. Promi\u010demo otvorene laboratorije, pametne ideje iz urbanog dru\u0161tva i sudjelovanje u projektima pametnih gradova.<\/span><\/p>\n<\/div><\/div><\/div><\/div><\/div><\/div><div class=\"w-separator size_medium\"><\/div><div class=\"w-btn-wrapper align_left\"><a class=\"w-btn us-btn-style_8 icon_atleft\" href=\"https:\/\/gruene-wiesbaden.de\/hr\/kommunalwahl\/#Kapitel1\"><i class=\"fas fa-chevron-circle-right\"><\/i><span class=\"w-btn-label\">Povratak na pregled<\/span><\/a><\/div><div class=\"w-separator size_medium\"><\/div><\/div><\/div><\/div><\/div><\/section><section class=\"l-section wpb_row height_auto with_img\"><div class=\"l-section-img\" role=\"img\" data-img-width=\"1991\" data-img-height=\"2560\" style=\"background-image: url(https:\/\/gruene-wiesbaden.de\/wp-content\/uploads\/2025\/11\/1.8-Digitale-Infrastruktur-und-digitale-Services-fuer-alle-scaled.jpeg);background-repeat: no-repeat;\"><\/div><div class=\"l-section-overlay\" style=\"background:var(--color-header-top-transparent-bg)\"><\/div><div class=\"l-section-h i-cf\"><div class=\"g-cols vc_row via_grid cols_1 laptops-cols_inherit tablets-cols_inherit mobiles-cols_1 valign_middle type_default stacking_default\" style=\"--columns-gap:1rem;\"><div class=\"wpb_column vc_column_container\"><div class=\"vc_column-inner\"><div class=\"w-separator size_large\"><\/div><div class=\"wpb_text_column background_inside_text\"><div class=\"wpb_wrapper\"><h1>\u0160to konkretno \u017eelimo u\u010diniti u ovom podru\u010dju<\/h1>\n<\/div><\/div><div class=\"w-separator size_medium\"><\/div><div class=\"w-tabs us_custom_42d693a0 has_text_color style_default switch_click accordion has_scrolling\" style=\"--sections-title-size:1.4rem\"><div class=\"w-tabs-sections titles-align_none icon_chevron cpos_right\"><div class=\"w-tabs-section has_text_color\" id=\"l30c\" style=\"background:var(--color-header-transparent-text);color:var(--color-header-top-text-hover);\"><button class=\"w-tabs-section-header\" aria-controls=\"content-l30c\" aria-expanded=\"false\"><div class=\"w-tabs-section-title\">Unaprijed pro\u0161irenje Wi-Fi mre\u017ee za javnu uporabu<\/div><div class=\"w-tabs-section-control\"><\/div><\/button><div  class=\"w-tabs-section-content\" id=\"content-l30c\"><div class=\"w-tabs-section-content-h i-cf\"><div class=\"wpb_text_column\"><div class=\"wpb_wrapper\"><p><span style=\"font-weight: 400;\">Digitalnom sudjelovanju potreban je slobodan pristup. Zala\u017eemo se za to da Wiesbadenovi parkovi, trgovi, ustanove za mlade i obrazovne ustanove budu opremljeni besplatnim be\u017ei\u010dnim pristupom internetu kako bi svi imali koristi od njega. Na taj na\u010din omogu\u0107ujemo digitalno sudjelovanje bez obzira na prora\u010dun i \u010dinimo grad modernim, atraktivnim i otpornim na budu\u0107e promjene.<\/span><\/p>\n<\/div><\/div><\/div><\/div><\/div><div class=\"w-tabs-section has_text_color\" id=\"g428\" style=\"background:var(--color-header-transparent-text);color:var(--color-header-top-text-hover);\"><button class=\"w-tabs-section-header\" aria-controls=\"content-g428\" aria-expanded=\"false\"><div class=\"w-tabs-section-title\">Aplikacija Predstavite sve Wiesbaden<\/div><div class=\"w-tabs-section-control\"><\/div><\/button><div  class=\"w-tabs-section-content\" id=\"content-g428\"><div class=\"w-tabs-section-content-h i-cf\"><div class=\"wpb_text_column\"><div class=\"wpb_wrapper\"><p><span style=\"font-weight: 400;\">\u017delimo na jednom mjestu jasno objediniti kulturne, rekreativne i obrazovne ponude, kao i digitalne usluge. Povezan s gradskim internetskim stranicama i drugim relevantnim uslugama \u201eAlles Wiesbaden\u201d postat \u0107e digitalno sredi\u0161te grada \u2013 informativno, interaktivno i klimatski osvije\u0161teno. Aplikacija \u0107e se dosljedno \u0161iriti s dodatnim informacijama i mogu\u0107nostima interakcije.<\/span><\/p>\n<\/div><\/div><\/div><\/div><\/div><div class=\"w-tabs-section has_text_color\" id=\"u540\" style=\"background:var(--color-header-transparent-text);color:var(--color-header-top-text-hover);\"><button class=\"w-tabs-section-header\" aria-controls=\"content-u540\" aria-expanded=\"false\"><div class=\"w-tabs-section-title\">Upravljanje bez prepreka<\/div><div class=\"w-tabs-section-control\"><\/div><\/button><div  class=\"w-tabs-section-content\" id=\"content-u540\"><div class=\"w-tabs-section-content-h i-cf\"><div class=\"wpb_text_column\"><div class=\"wpb_wrapper\"><p><span style=\"font-weight: 400;\">\u017delimo razviti Wiesbadenove usluge digitalne administracije tako da budu dostupne svima \u2013 prilago\u0111ene korisnicima, vi\u0161ejezi\u010dne i bez prepreka. Obrasci i usluge su pojednostavljeni, mobilni ure\u0111aji se bolje uzimaju u obzir i ponude pomo\u0107i su integrirane. Time stvaramo administraciju koja nikoga ne isklju\u010duje i omogu\u0107uje svim gra\u0111anima da brzo i jednostavno rje\u0161avaju svoje probleme na internetu.<\/span><\/p>\n<\/div><\/div><\/div><\/div><\/div><div class=\"w-tabs-section has_text_color\" id=\"w68d\" style=\"background:var(--color-header-middle-bg);color:var(--color-content-heading);\"><button class=\"w-tabs-section-header\" aria-controls=\"content-w68d\" aria-expanded=\"false\"><div class=\"w-tabs-section-title\">Administracija je ponovno promi\u0161ljena<\/div><div class=\"w-tabs-section-control\"><\/div><\/button><div  class=\"w-tabs-section-content\" id=\"content-w68d\"><div class=\"w-tabs-section-content-h i-cf\"><div class=\"wpb_text_column\"><div class=\"wpb_wrapper\"><p><span style=\"font-weight: 400;\">Digitalni podsjetnici izbjegavaju propuste, olak\u0161avaju administraciju i \u0161tede vrijeme. Zala\u017eemo se za uvo\u0111enje postupka digitalnog podsjetnika za istek osobnih iskaznica. Gra\u0111ani se o tome pravodobno obavje\u0161\u0107uju pismom, e-po\u0161tom ili aplikacijom, a svoju prijavu mogu podnijeti i ranije. Time se smanjuje stres, izbjegavaju propusti i ubla\u017eava primjena jer kratkoro\u010dne primjene postaju rje\u0111e. Istodobno se pobolj\u0161ava usluga za sve gra\u0111ane, a administracija postaje jednostavnija i pristupa\u010dnija korisnicima.<\/span><\/p>\n<\/div><\/div><\/div><\/div><\/div><div class=\"w-tabs-section has_text_color\" id=\"e7a5\" style=\"background:var(--color-header-transparent-text);color:var(--color-header-top-text-hover);\"><button class=\"w-tabs-section-header\" aria-controls=\"content-e7a5\" aria-expanded=\"false\"><div class=\"w-tabs-section-title\">Povezanost administracije sa 115<\/div><div class=\"w-tabs-section-control\"><\/div><\/button><div  class=\"w-tabs-section-content\" id=\"content-e7a5\"><div class=\"w-tabs-section-content-h i-cf\"><div class=\"wpb_text_column\"><div class=\"wpb_wrapper\"><p><span style=\"font-weight: 400;\">\u017delimo povezati administraciju Wiesbadena s njema\u010dkim autoritetom broj 115. Na primjer, gra\u0111ani i poduze\u0107a imaju nadle\u017enu kontaktnu to\u010dku za sva dr\u017eavna pitanja, od odlaganja otpada do registracije vozila. Time se olak\u0161ava pristup, smanjuje birokracija i ja\u010da slu\u017eba za gra\u0111ane.<\/span><\/p>\n<\/div><\/div><\/div><\/div><\/div><div class=\"w-tabs-section has_text_color\" id=\"a8be\" style=\"background:var(--color-header-middle-bg);color:var(--color-header-middle-text);\"><button class=\"w-tabs-section-header\" aria-controls=\"content-a8be\" aria-expanded=\"false\"><div class=\"w-tabs-section-title\">Digitalno upravljanje, jednostavno obja\u0161njeno<\/div><div class=\"w-tabs-section-control\"><\/div><\/button><div  class=\"w-tabs-section-content\" id=\"content-a8be\"><div class=\"w-tabs-section-content-h i-cf\"><div class=\"wpb_text_column\"><div class=\"wpb_wrapper\"><p><span style=\"font-weight: 400;\">\u017delimo uspostaviti stalne kontaktne to\u010dke za digitalnu potporu u Wiesbadenu, po\u010dev\u0161i od sredi\u0161nje podr\u0161ke prve razine u gradskoj vije\u0107nici, gdje gra\u0111ani dobivaju jednostavnu pomo\u0107 u procesu digitalne prijave. Osim toga, ponudit \u0107e se te\u010dajevi osposobljavanja i radionice za ja\u010danje digitalnih vje\u0161tina. Taj vi\u0161erazinski model olak\u0161ava digitalno sudjelovanje, osloba\u0111a lokalne vlasti i osigurava da nitko ne bude zapostavljen digitalnim napretkom. Kasnije \u0107e mobilni timovi pro\u0161iriti raspon usluga i pru\u017eiti podr\u0161ku izravno na licu mjesta.<\/span><\/p>\n<\/div><\/div><\/div><\/div><\/div><div class=\"w-tabs-section has_text_color\" id=\"i9d6\" style=\"background:var(--color-header-transparent-text);color:var(--color-header-top-text-hover);\"><button class=\"w-tabs-section-header\" aria-controls=\"content-i9d6\" aria-expanded=\"false\"><div class=\"w-tabs-section-title\">Digitalna na prvom mjestu<\/div><div class=\"w-tabs-section-control\"><\/div><\/button><div  class=\"w-tabs-section-content\" id=\"content-i9d6\"><div class=\"w-tabs-section-content-h i-cf\"><div class=\"wpb_text_column\"><div class=\"wpb_wrapper\"><p><span style=\"font-weight: 400;\">Gradske usluge trebale bi biti dostupne digitalno, brzo i nebirokratski te bi uprava trebala biti pristupa\u010dnija korisnicima. Uz digitalni pristup, oslanjamo se na automatizirane, digitalizirane procese bez primjene koji \u0161tede vrijeme i tro\u0161kove, pove\u0107avaju kvalitetu usluge i jo\u0161 uvijek osiguravaju analogne alternative.<\/span><\/p>\n<\/div><\/div><\/div><\/div><\/div><div class=\"w-tabs-section has_text_color\" id=\"hb0a\" style=\"background:var(--color-header-transparent-text);color:var(--color-header-top-text-hover);\"><button class=\"w-tabs-section-header\" aria-controls=\"content-hb0a\" aria-expanded=\"false\"><div class=\"w-tabs-section-title\">Ja\u010danje digitalne suverenosti<\/div><div class=\"w-tabs-section-control\"><\/div><\/button><div  class=\"w-tabs-section-content\" id=\"content-hb0a\"><div class=\"w-tabs-section-content-h i-cf\"><div class=\"wpb_text_column\"><div class=\"wpb_wrapper\"><p><span style=\"font-weight: 400;\">Mi GR\u00dcNE \u017eelimo oja\u010dati digitalni suverenitet Wiesbadena prioritetnim kori\u0161tenjem softvera otvorenog koda u Wiesbadenovoj administraciji. Vlasni\u010dki sustavi postupno \u0107e se zamijeniti otvorenim rje\u0161enjima koja se mogu fleksibilno prilagoditi lokalnim potrebama u Wiesbadenu. Kako bismo to postigli, predani smo potrebnim okvirnim uvjetima: Osposobljavanje zaposlenika i profesionalna podr\u0161ka u suradnji s regionalnim pru\u017eateljima IT usluga i sveu\u010dili\u0161tima. Na taj na\u010din promi\u010demo inovacije, izbjegavamo ovisnosti, stvaramo transparentnost, ja\u010damo za\u0161titu podataka i pove\u0107avamo digitalni suverenitet na\u0161eg grada - bez ostavljanja zaposlenika na miru.<\/span><\/p>\n<\/div><\/div><\/div><\/div><\/div><div class=\"w-tabs-section has_text_color\" id=\"bc23\" style=\"background:var(--color-header-transparent-text);color:var(--color-header-top-text-hover);\"><button class=\"w-tabs-section-header\" aria-controls=\"content-bc23\" aria-expanded=\"false\"><div class=\"w-tabs-section-title\">Za budu\u0107nost Wiesbadena<\/div><div class=\"w-tabs-section-control\"><\/div><\/button><div  class=\"w-tabs-section-content\" id=\"content-bc23\"><div class=\"w-tabs-section-content-h i-cf\"><div class=\"wpb_text_column\"><div class=\"wpb_wrapper\"><p><span style=\"font-weight: 400;\">\u017delimo konsolidirati urbane IT procese i u\u010diniti ih u\u010dinkovitijima, kako unutar Wiesbadena, tako i u suradnji s drugim op\u0107inama. Cilj je bolje me\u0111usobno povezati postupke, oja\u010dati koordinaciju me\u0111u uredima i izbje\u0107i pojedina\u010dne mjere. Osim toga, \u017eelimo da se ispita prijenos urbanih IT procesa za potencijale za zajedni\u010dko, centralizirano pru\u017eanje usluga i procesa kako bi se udru\u017eili resursi, smanjili tro\u0161kovi i pove\u0107ala operativna sigurnost. Zajedni\u010dka rje\u0161enja s drugim op\u0107inama stvaraju u\u010dinke skaliranja, smanjuju tro\u0161kove i pove\u0107avaju sigurnost, performanse i kvalitetu usluga. To \u010dini Wiesbadenovu administraciju u\u010dinkovitijom i jednostavnijom za kori\u0161tenje.<\/span><\/p>\n<\/div><\/div><\/div><\/div><\/div><div class=\"w-tabs-section has_text_color\" id=\"vd3d\" style=\"background:var(--color-header-transparent-text);color:var(--color-header-top-text-hover);\"><button class=\"w-tabs-section-header\" aria-controls=\"content-vd3d\" aria-expanded=\"false\"><div class=\"w-tabs-section-title\">Digitalna sigurnost<\/div><div class=\"w-tabs-section-control\"><\/div><\/button><div  class=\"w-tabs-section-content\" id=\"content-vd3d\"><div class=\"w-tabs-section-content-h i-cf\"><div class=\"wpb_text_column\"><div class=\"wpb_wrapper\"><p><span style=\"font-weight: 400;\">Predani smo dosljednom ja\u010danju informati\u010dke sigurnosti u Wiesbadenu, uklju\u010duju\u0107i razvoj modernih sustava za\u0161tite, provo\u0111enje redovitih sigurnosnih revizija i kontinuirano osposobljavanje gradskog osoblja u suo\u010davanju s digitalnim rizicima. Na taj na\u010din pove\u0107avamo otpornost gradskih mre\u017ea i sustava na kibernapade i osiguravamo pouzdanu za\u0161titu osjetljivih podataka. Samo uz visoku IT sigurnost digitalna uprava i dalje je pouzdana i otporna na budu\u0107e promjene u Wiesbadenu. Podaci stanovnika Wiesbadena moraju biti sigurno za\u0161ti\u0107eni.<\/span><\/p>\n<\/div><\/div><\/div><\/div><\/div><div class=\"w-tabs-section has_text_color\" id=\"ve6f\" style=\"background:var(--color-header-transparent-text);color:var(--color-header-top-text-hover);\"><button class=\"w-tabs-section-header\" aria-controls=\"content-ve6f\" aria-expanded=\"false\"><div class=\"w-tabs-section-title\">Odgovorno upotrebljavajte umjetnu inteligenciju<\/div><div class=\"w-tabs-section-control\"><\/div><\/button><div  class=\"w-tabs-section-content\" id=\"content-ve6f\"><div class=\"w-tabs-section-content-h i-cf\"><div class=\"wpb_text_column\"><div class=\"wpb_wrapper\"><p><span style=\"font-weight: 400;\">Umjetna inteligencija pru\u017ea velike mogu\u0107nosti za administraciju i urbani razvoj. \u017delimo da se sustavi temeljeni na umjetnoj inteligenciji upotrebljavaju posebno u upravi u kojoj stvaraju stvarnu dodanu vrijednost za gra\u0111ane kako bi se br\u017ee obradili zahtjevi, pojednostavnile usluge za gra\u0111ane i u\u010dinkovitije upotrebljavali resursi. Transparentnost, za\u0161tita podataka i usmjerenost na korisnike glavni su prioriteti. Osim toga, predani smo Centru za kompetencije u podru\u010dju umjetne inteligencije u Wiesbadenu, koji odgovorno povezuje administraciju, poslovanje i znanost te promi\u010de inovativne aplikacije.<\/span><\/p>\n<\/div><\/div><\/div><\/div><\/div><div class=\"w-tabs-section has_text_color\" id=\"gf87\" style=\"background:var(--color-header-transparent-text);color:var(--color-header-top-text-hover);\"><button class=\"w-tabs-section-header\" aria-controls=\"content-gf87\" aria-expanded=\"false\"><div class=\"w-tabs-section-title\">Pametni grad 2.0<\/div><div class=\"w-tabs-section-control\"><\/div><\/button><div  class=\"w-tabs-section-content\" id=\"content-gf87\"><div class=\"w-tabs-section-content-h i-cf\"><div class=\"wpb_text_column\"><div class=\"wpb_wrapper\"><p><span style=\"font-weight: 400;\">Postoji mnogo na\u010dina da se grad u\u010dini pametnijim digitalnim sredstvima. Digitalnim sredstvima \u017eelimo \u017eivot u Wiesbadenu u\u010diniti pametnijim, u\u010dinkovitijim i izvedivijim - uz sudjelovanje, transparentnost i zajedni\u010dko djelovanje. Najbolje ideje dolaze iz dijaloga. Zato \u017eelimo da gra\u0111ani na radionicama mogu oblikovati digitalne teme kao \u0161to su mobilnost, administracija ili odr\u017eivi urbani razvoj. \u017deljeli bismo politi\u010dki podr\u017eati ideje Pametnog grada, koje pru\u017eaju najve\u0107u korist gradskom dru\u0161tvu, u njihovoj provedbi.<\/span><\/p>\n<\/div><\/div><\/div><\/div><\/div><div class=\"w-tabs-section has_text_color\" id=\"t0a0\" style=\"background:var(--color-header-transparent-text);color:var(--color-header-top-text-hover);\"><button class=\"w-tabs-section-header\" aria-controls=\"content-t0a0\" aria-expanded=\"false\"><div class=\"w-tabs-section-title\">Ja\u010danje digitalnih laboratorija<\/div><div class=\"w-tabs-section-control\"><\/div><\/button><div  class=\"w-tabs-section-content\" id=\"content-t0a0\"><div class=\"w-tabs-section-content-h i-cf\"><div class=\"wpb_text_column\"><div class=\"wpb_wrapper\"><p><span style=\"font-weight: 400;\">Osiguravamo financiranje postoje\u0107ih inovacijskih lokacija kao \u0161to je Zukunftswerk i \u017eelimo da se one pro\u0161ire kao sastavni dijelovi digitalnog urbanog razvoja. Digitalni laboratoriji i inicijative istodobno promi\u010du eksperimente, radionice i projekte, primjerice tijekom praznika ili u \u0161kolama, kako bi se mlade nadahnulo, posebno u ranoj fazi razvoja digitalnih tema. \u017delimo to podr\u017eati. Predani smo i stvaranju ponuda s niskim pragom, kao \u0161to je \u201edigitalni kafi\u0107\u201d po uzoru na kafi\u0107 za popravke: Ovdje gra\u0111ani mogu postavljati pitanja, sura\u0111ivati na rje\u0161enjima ili saznati vi\u0161e o novim tehnologijama. Zahvaljuju\u0107i tim svestranim ispitnim laboratorijima promi\u010demo razmjenu, zajedni\u010dko stvaranje i inovacije te digitalizaciju \u010dinimo opipljivom za sve u Wiesbadenu.<\/span><\/p>\n<\/div><\/div><\/div><\/div><\/div><\/div><\/div><div class=\"w-separator size_medium\"><\/div><div class=\"w-btn-wrapper align_left\"><a class=\"w-btn us-btn-style_8 icon_atleft\" href=\"https:\/\/gruene-wiesbaden.de\/hr\/kommunalwahl\/#Kapitel1\"><i class=\"fas fa-chevron-circle-right\"><\/i><span class=\"w-btn-label\">Povratak na pregled<\/span><\/a><\/div><div class=\"w-separator size_large\"><\/div><div class=\"wpb_text_column\"><div class=\"wpb_wrapper\"><h1>\u0160to smo ve\u0107 postigli<\/h1>\n<\/div><\/div><div class=\"w-separator size_medium\"><\/div><div class=\"w-tabs us_custom_42d693a0 has_text_color style_default switch_click accordion has_scrolling\" style=\"--sections-title-size:1.4rem\"><div class=\"w-tabs-sections titles-align_none icon_chevron cpos_right\"><div class=\"w-tabs-section has_text_color\" id=\"c888\" style=\"background:var(--color-header-transparent-text);color:var(--color-header-top-text-hover);\"><button class=\"w-tabs-section-header\" aria-controls=\"content-c888\" aria-expanded=\"false\"><div class=\"w-tabs-section-title\">Nova internetska stranica grada Wiesbadena<\/div><div class=\"w-tabs-section-control\"><\/div><\/button><div  class=\"w-tabs-section-content\" id=\"content-c888\"><div class=\"w-tabs-section-content-h i-cf\"><div class=\"wpb_text_column\"><div class=\"wpb_wrapper\"><p><span style=\"font-weight: 400;\">Grad Wiesbaden modernizirao je svoju internetsku stranicu kako bi olak\u0161ao pristup informacijama i uslugama. Stranica je bez barijera i nudi sadr\u017eaj na 12 jezika. Osim toga, ponudit \u0107e se sadr\u017eaj na jednostavnom jeziku i njema\u010dkom znakovnom jeziku kako bi se dodatno pove\u0107ala pristupa\u010dnost.<\/span><\/p>\n<\/div><\/div><\/div><\/div><\/div><div class=\"w-tabs-section has_text_color\" id=\"a9c3\" style=\"background:var(--color-header-transparent-text);color:var(--color-header-top-text-hover);\"><button class=\"w-tabs-section-header\" aria-controls=\"content-a9c3\" aria-expanded=\"false\"><div class=\"w-tabs-section-title\">Sve vi\u0161e digitalnih usluga olak\u0161ava svakodnevni \u017eivot<\/div><div class=\"w-tabs-section-control\"><\/div><\/button><div  class=\"w-tabs-section-content\" id=\"content-a9c3\"><div class=\"w-tabs-section-content-h i-cf\"><div class=\"wpb_text_column\"><div class=\"wpb_wrapper\"><p><span style=\"font-weight: 400;\">U Wiesbadenu gra\u0111ani imaju pristup brojnim gradskim uslugama na internetu. Potvrde o registraciji ili potvrde o dobrom pona\u0161anju mogu se zatra\u017eiti iz udobnosti va\u0161eg doma. Imenovanja u Gra\u0111anskom uredu ili za putovnice mogu se rezervirati i digitalno, \u0161to znatno skra\u0107uje vrijeme \u010dekanja. Interaktivna karta grada olak\u0161ava pronala\u017eenje \u0161kola, vrti\u0107a, sportskih objekata ili parkirali\u0161ta te pru\u017ea dodatne informacije o radnom vremenu, ponudama i pristupa\u010dnosti. Gra\u0111ani su uvijek informirani o aplikacijama i digitalnim biltenima, primjerice o gradili\u0161tima, prijevozu ili civilnoj za\u0161titi.<\/span><\/p>\n<p><span style=\"font-weight: 400;\">Kulturne i rekreacijske aktivnosti dostupne su i na internetu: Ulaznice za op\u0107inska kazali\u0161ta, muzeje ili sportska doga\u0111anja mogu se rezervirati digitalno, a virtualne ture ili doga\u0111anja dodatno pro\u0161iruju ponudu. Podru\u010dje za ro\u0161tiljanje i gradske ku\u0107e u gradu tako\u0111er se mogu povoljno rezervirati online.<\/span><\/p>\n<\/div><\/div><\/div><\/div><\/div><div class=\"w-tabs-section has_text_color\" id=\"cadf\" style=\"background:var(--color-header-transparent-text);color:var(--color-header-top-text-hover);\"><button class=\"w-tabs-section-header\" aria-controls=\"content-cadf\" aria-expanded=\"false\"><div class=\"w-tabs-section-title\">Informacije o gradu Wiesbadenu digitalno dostupne svima<\/div><div class=\"w-tabs-section-control\"><\/div><\/button><div  class=\"w-tabs-section-content\" id=\"content-cadf\"><div class=\"w-tabs-section-content-h i-cf\"><div class=\"wpb_text_column\"><div class=\"wpb_wrapper\"><p><span style=\"font-weight: 400;\">Wiesbaden gra\u0111anima i zainteresiranim stranama pru\u017ea sveobuhvatne informacije o gradu u digitalnom obliku. Digitalni statisti\u010dki godi\u0161njak pru\u017ea detaljne podatke i statisti\u010dke podatke, dopunjene interaktivnim kartama i Excel prora\u010dunskim tablicama, pru\u017eaju\u0107i brz i transparentan uvid u sve relevantne urbane mjerne podatke.<\/span><\/p>\n<\/div><\/div><\/div><\/div><\/div><div class=\"w-tabs-section has_text_color\" id=\"pbf6\" style=\"background:var(--color-header-middle-bg);color:var(--color-content-heading);\"><button class=\"w-tabs-section-header\" aria-controls=\"content-pbf6\" aria-expanded=\"false\"><div class=\"w-tabs-section-title\">Predstavljamo aplikaciju za dje\u010dju dje\u010dju sobu Kids Fox<\/div><div class=\"w-tabs-section-control\"><\/div><\/button><div  class=\"w-tabs-section-content\" id=\"content-pbf6\"><div class=\"w-tabs-section-content-h i-cf\"><div class=\"wpb_text_column\"><div class=\"wpb_wrapper\"><p><span style=\"font-weight: 400;\">Od 2025. aplikacija Kids Fox uvedena je u sva 42 gradska centra za dnevnu skrb. To poma\u017ee roditeljima i osoblju vrti\u0107a u komunikaciji i organizaciji. Aplikacija nudi funkciju automatskog prevo\u0111enja na 27 jezika.<\/span><\/p>\n<\/div><\/div><\/div><\/div><\/div><div class=\"w-tabs-section has_text_color\" id=\"td0b\" style=\"background:var(--color-header-transparent-text);color:var(--color-header-top-text-hover);\"><button class=\"w-tabs-section-header\" aria-controls=\"content-td0b\" aria-expanded=\"false\"><div class=\"w-tabs-section-title\">Transparentni podaci za sve<\/div><div class=\"w-tabs-section-control\"><\/div><\/button><div  class=\"w-tabs-section-content\" id=\"content-td0b\"><div class=\"w-tabs-section-content-h i-cf\"><div class=\"wpb_text_column\"><div class=\"wpb_wrapper\"><p><span style=\"font-weight: 400;\">Novom strategijom otvorenih podataka uspostavit \u0107e se sredi\u0161nja platforma u Wiesbadenu do jeseni 2025., \u010dime \u0107e podaci biti besplatno dostupni gra\u0111anima, poduze\u0107ima i akademskoj zajednici, \u0161to je prekretnica za transparentnost i inovacije.<\/span><\/p>\n<\/div><\/div><\/div><\/div><\/div><div class=\"w-tabs-section has_text_color\" id=\"ue23\" style=\"background:var(--color-header-transparent-text);color:var(--color-header-top-text-hover);\"><button class=\"w-tabs-section-header\" aria-controls=\"content-ue23\" aria-expanded=\"false\"><div class=\"w-tabs-section-title\">Oja\u010dana sloboda informiranja<\/div><div class=\"w-tabs-section-control\"><\/div><\/button><div  class=\"w-tabs-section-content\" id=\"content-ue23\"><div class=\"w-tabs-section-content-h i-cf\"><div class=\"wpb_text_column\"><div class=\"wpb_wrapper\"><p><span style=\"font-weight: 400;\">Statut o slobodi informiranja na snazi je u Wiesbadenu od sije\u010dnja 2023. Njime se gra\u0111anima omogu\u0107uje jednostavan pristup slu\u017ebenim informacijama, \u010dime se ja\u010da povjerenje i demokratsko sudjelovanje.<\/span><\/p>\n<\/div><\/div><\/div><\/div><\/div><div class=\"w-tabs-section has_text_color\" id=\"vf36\" style=\"background:var(--color-header-transparent-text);color:var(--color-header-top-text-hover);\"><button class=\"w-tabs-section-header\" aria-controls=\"content-vf36\" aria-expanded=\"false\"><div class=\"w-tabs-section-title\">Politika se mo\u017ee do\u017eivjeti u\u017eivo<\/div><div class=\"w-tabs-section-control\"><\/div><\/button><div  class=\"w-tabs-section-content\" id=\"content-vf36\"><div class=\"w-tabs-section-content-h i-cf\"><div class=\"wpb_text_column\"><div class=\"wpb_wrapper\"><p><span style=\"font-weight: 400;\">Od o\u017eujka 2024. sastanci Gradskog vije\u0107a prenose se u\u017eivo na YouTubeu. Time se lokalna politika \u010dini transparentnijom i svima olak\u0161ava pristup odlukama.<\/span><\/p>\n<\/div><\/div><\/div><\/div><\/div><div class=\"w-tabs-section has_text_color\" id=\"t049\" style=\"background:var(--color-header-transparent-text);color:var(--color-header-top-text-hover);\"><button class=\"w-tabs-section-header\" aria-controls=\"content-t049\" aria-expanded=\"false\"><div class=\"w-tabs-section-title\">Platforma za prilike Wiesbaden<\/div><div class=\"w-tabs-section-control\"><\/div><\/button><div  class=\"w-tabs-section-content\" id=\"content-t049\"><div class=\"w-tabs-section-content-h i-cf\"><div class=\"wpb_text_column\"><div class=\"wpb_wrapper\"><p><span style=\"font-weight: 400;\">Platforma Opportunities pokrenuta je 2022. u okviru inicijative WI WORK LIFE? Industry Skills Initiative. Njime se gra\u0111anima nudi digitalna potpora u obrazovanju, osposobljavanju i karijerama te olak\u0161ava pristup ponudama za posao, daljnjem obrazovanju i naukovanju u Wiesbadenu.<\/span><\/p>\n<\/div><\/div><\/div><\/div><\/div><div class=\"w-tabs-section has_text_color\" id=\"i163\" style=\"background:var(--color-header-transparent-text);color:var(--color-header-top-text-hover);\"><button class=\"w-tabs-section-header\" aria-controls=\"content-i163\" aria-expanded=\"false\"><div class=\"w-tabs-section-title\">Radar za obuku Wiesbaden<\/div><div class=\"w-tabs-section-control\"><\/div><\/button><div  class=\"w-tabs-section-content\" id=\"content-i163\"><div class=\"w-tabs-section-content-h i-cf\"><div class=\"wpb_text_column\"><div class=\"wpb_wrapper\"><p><span style=\"font-weight: 400;\">Radar za osposobljavanje uveden je 2025. Putem te digitalne platforme poduze\u0107a mogu preporu\u010diti odgovaraju\u0107e kandidate koje iz razloga povezanih s kapacitetom ne mogu zaposliti drugim poduze\u0107ima sa sjedi\u0161tem u Wiesbadenu. Na taj su na\u010din mogu\u0107nosti osposobljavanja u regiji i dalje transparentne i lako dostupne.<\/span><\/p>\n<\/div><\/div><\/div><\/div><\/div><div class=\"w-tabs-section has_text_color\" id=\"r277\" style=\"background:var(--color-header-transparent-text);color:var(--color-header-top-text-hover);\"><button class=\"w-tabs-section-header\" aria-controls=\"content-r277\" aria-expanded=\"false\"><div class=\"w-tabs-section-title\">Forum za inicijativu industrijskih kvalificiranih radnika<\/div><div class=\"w-tabs-section-control\"><\/div><\/button><div  class=\"w-tabs-section-content\" id=\"content-r277\"><div class=\"w-tabs-section-content-h i-cf\"><div class=\"wpb_text_column\"><div class=\"wpb_wrapper\"><p><span style=\"font-weight: 400;\">Forum Talent Initiative Industry osnovan je 2022. godine. Digitalno povezuje stru\u010dnjake i podupire poduze\u0107a u pronala\u017eenju i promicanju talenata. Istodobno olak\u0161ava profesionalnu razmjenu izme\u0111u industrije, obrazovnih ustanova i organizacija kako bi se oja\u010dalo zadr\u017eavanje kvalificiranih radnika u Wiesbadenu.<\/span><\/p>\n<\/div><\/div><\/div><\/div><\/div><div class=\"w-tabs-section has_text_color\" id=\"f38f\" style=\"background:var(--color-header-transparent-text);color:var(--color-header-top-text-hover);\"><button class=\"w-tabs-section-header\" aria-controls=\"content-f38f\" aria-expanded=\"false\"><div class=\"w-tabs-section-title\">Digitalizacija upravljanja gra\u0111evinama<\/div><div class=\"w-tabs-section-control\"><\/div><\/button><div  class=\"w-tabs-section-content\" id=\"content-f38f\"><div class=\"w-tabs-section-content-h i-cf\"><div class=\"wpb_text_column\"><div class=\"wpb_wrapper\"><p><span style=\"font-weight: 400;\">Wiesbaden \u010dini gra\u0111evinske procese br\u017eima, transparentnijima i digitalno pristupa\u010dnijima. Arhitekti i graditelji podnose zahtjeve za gra\u0111enje, kao i zahtjeve za gra\u0111evinsku dozvolu i za\u0161titu spomenika u potpunosti online. S aplikacijom za hibridnu gradnju od 2023. mogu\u0107e je digitalno podno\u0161enje dokumenata u PDF formatu \u2013 papirnati primjerci potrebni su samo jo\u0161 jednom. Istodobno, pristup digitalnim datotekama omogu\u0107uje graditeljima da pregledavaju datoteke o zgradama na internetu i izravno u\u010ditavaju potrebne dokumente. To \u010dini postupke odobravanja mnogo u\u010dinkovitijima i prikladnijima za sve uklju\u010dene.<\/span><\/p>\n<\/div><\/div><\/div><\/div><\/div><\/div><\/div><div class=\"w-separator size_medium\"><\/div><div class=\"w-btn-wrapper align_left\"><a class=\"w-btn us-btn-style_8 icon_atleft\" href=\"https:\/\/gruene-wiesbaden.de\/hr\/kommunalwahl\/#Kapitel1\"><i class=\"fas fa-chevron-circle-right\"><\/i><span class=\"w-btn-label\">Povratak na pregled<\/span><\/a><\/div><div class=\"w-separator size_large\"><\/div><\/div><\/div><\/div><\/div><\/section>","protected":false},"excerpt":{"rendered":"Digitalna infrastruktura i digitalne usluge za sveDigitalne usluge vi\u0161e su od tehni\u010dkih alata \u2013 one su klju\u010dne kako bi se osiguralo da administracija funkcionira brzo, jednostavno i transparentno za sve Wiesbadenerse. Olak\u0161avaju svakodnevni \u017eivot tako \u0161to olak\u0161avaju popunjavanje prijava, rezerviranja termina u Uredu gra\u0111ana ili podno\u0161enje zahtjeva za bespovratna sredstva putem interneta. Digitalno sudjelovanje nije samo internetska veza, ve\u0107 je i preduvjet...","protected":false},"author":1,"featured_media":1511,"comment_status":"closed","ping_status":"closed","sticky":false,"template":"","format":"standard","meta":{"footnotes":""},"categories":[14],"tags":[],"class_list":["post-1335","post","type-post","status-publish","format-standard","has-post-thumbnail","hentry","category-kapitel-1"],"yoast_head":"<!-- This site is optimized with the Yoast SEO plugin v27.5 - https:\/\/yoast.com\/product\/yoast-seo-wordpress\/ -->\n<title>Digitale Infrastruktur und digitale Services f\u00fcr alle - B\u00dcNDNIS 90\/DIE GR\u00dcNEN Wiesbaden<\/title>\n<meta name=\"robots\" content=\"index, follow, max-snippet:-1, max-image-preview:large, max-video-preview:-1\" \/>\n<link rel=\"canonical\" href=\"https:\/\/gruene-wiesbaden.de\/hr\/digitale-infrastruktur-und-digitale-services-fuer-alle\/\" \/>\n<meta property=\"og:locale\" content=\"hr_HR\" \/>\n<meta property=\"og:type\" content=\"article\" \/>\n<meta property=\"og:title\" content=\"Digitale Infrastruktur und digitale Services f\u00fcr alle - B\u00dcNDNIS 90\/DIE GR\u00dcNEN Wiesbaden\" \/>\n<meta property=\"og:url\" content=\"https:\/\/gruene-wiesbaden.de\/hr\/digitale-infrastruktur-und-digitale-services-fuer-alle\/\" \/>\n<meta property=\"og:site_name\" content=\"B\u00dcNDNIS 90\/DIE GR\u00dcNEN Wiesbaden\" \/>\n<meta property=\"article:publisher\" content=\"https:\/\/www.facebook.com\/gruene.wi\" \/>\n<meta property=\"article:published_time\" content=\"2025-11-09T21:49:11+00:00\" \/>\n<meta property=\"article:modified_time\" content=\"2026-04-08T22:16:13+00:00\" \/>\n<meta property=\"og:image\" content=\"https:\/\/gruene-wiesbaden.de\/wp-content\/uploads\/2025\/11\/1.8-Digitale-Infrastruktur-und-digitale-Services-fuer-alle-scaled.jpeg\" \/>\n\t<meta property=\"og:image:width\" content=\"1991\" \/>\n\t<meta property=\"og:image:height\" content=\"2560\" \/>\n\t<meta property=\"og:image:type\" content=\"image\/jpeg\" \/>\n<meta name=\"author\" content=\"admin\" \/>\n<meta name=\"twitter:card\" content=\"summary_large_image\" \/>\n<meta name=\"twitter:label1\" content=\"Napisao\/la\" \/>\n\t<meta name=\"twitter:data1\" content=\"admin\" \/>\n\t<meta name=\"twitter:label2\" content=\"Procijenjeno vrijeme \u010ditanja\" \/>\n\t<meta name=\"twitter:data2\" content=\"12 minutes\" \/>\n<script type=\"application\/ld+json\" class=\"yoast-schema-graph\">{\"@context\":\"https:\\\/\\\/schema.org\",\"@graph\":[{\"@type\":\"Article\",\"@id\":\"https:\\\/\\\/gruene-wiesbaden.de\\\/digitale-infrastruktur-und-digitale-services-fuer-alle\\\/#article\",\"isPartOf\":{\"@id\":\"https:\\\/\\\/gruene-wiesbaden.de\\\/digitale-infrastruktur-und-digitale-services-fuer-alle\\\/\"},\"author\":{\"name\":\"admin\",\"@id\":\"https:\\\/\\\/gruene-wiesbaden.de\\\/#\\\/schema\\\/person\\\/6785c34779159cd4fd86886bb097afe9\"},\"headline\":\"Digitale Infrastruktur und digitale Services f\u00fcr alle\",\"datePublished\":\"2025-11-09T21:49:11+00:00\",\"dateModified\":\"2026-04-08T22:16:13+00:00\",\"mainEntityOfPage\":{\"@id\":\"https:\\\/\\\/gruene-wiesbaden.de\\\/digitale-infrastruktur-und-digitale-services-fuer-alle\\\/\"},\"wordCount\":3375,\"publisher\":{\"@id\":\"https:\\\/\\\/gruene-wiesbaden.de\\\/#organization\"},\"image\":{\"@id\":\"https:\\\/\\\/gruene-wiesbaden.de\\\/digitale-infrastruktur-und-digitale-services-fuer-alle\\\/#primaryimage\"},\"thumbnailUrl\":\"https:\\\/\\\/gruene-wiesbaden.de\\\/wp-content\\\/uploads\\\/2025\\\/11\\\/1.8-Digitale-Infrastruktur-und-digitale-Services-fuer-alle-scaled.jpeg\",\"articleSection\":[\"Kapitel 1\"],\"inLanguage\":\"hr\"},{\"@type\":\"WebPage\",\"@id\":\"https:\\\/\\\/gruene-wiesbaden.de\\\/digitale-infrastruktur-und-digitale-services-fuer-alle\\\/\",\"url\":\"https:\\\/\\\/gruene-wiesbaden.de\\\/digitale-infrastruktur-und-digitale-services-fuer-alle\\\/\",\"name\":\"Digitale Infrastruktur und digitale Services f\u00fcr alle - B\u00dcNDNIS 90\\\/DIE GR\u00dcNEN Wiesbaden\",\"isPartOf\":{\"@id\":\"https:\\\/\\\/gruene-wiesbaden.de\\\/#website\"},\"primaryImageOfPage\":{\"@id\":\"https:\\\/\\\/gruene-wiesbaden.de\\\/digitale-infrastruktur-und-digitale-services-fuer-alle\\\/#primaryimage\"},\"image\":{\"@id\":\"https:\\\/\\\/gruene-wiesbaden.de\\\/digitale-infrastruktur-und-digitale-services-fuer-alle\\\/#primaryimage\"},\"thumbnailUrl\":\"https:\\\/\\\/gruene-wiesbaden.de\\\/wp-content\\\/uploads\\\/2025\\\/11\\\/1.8-Digitale-Infrastruktur-und-digitale-Services-fuer-alle-scaled.jpeg\",\"datePublished\":\"2025-11-09T21:49:11+00:00\",\"dateModified\":\"2026-04-08T22:16:13+00:00\",\"breadcrumb\":{\"@id\":\"https:\\\/\\\/gruene-wiesbaden.de\\\/digitale-infrastruktur-und-digitale-services-fuer-alle\\\/#breadcrumb\"},\"inLanguage\":\"hr\",\"potentialAction\":[{\"@type\":\"ReadAction\",\"target\":[\"https:\\\/\\\/gruene-wiesbaden.de\\\/digitale-infrastruktur-und-digitale-services-fuer-alle\\\/\"]}]},{\"@type\":\"ImageObject\",\"inLanguage\":\"hr\",\"@id\":\"https:\\\/\\\/gruene-wiesbaden.de\\\/digitale-infrastruktur-und-digitale-services-fuer-alle\\\/#primaryimage\",\"url\":\"https:\\\/\\\/gruene-wiesbaden.de\\\/wp-content\\\/uploads\\\/2025\\\/11\\\/1.8-Digitale-Infrastruktur-und-digitale-Services-fuer-alle-scaled.jpeg\",\"contentUrl\":\"https:\\\/\\\/gruene-wiesbaden.de\\\/wp-content\\\/uploads\\\/2025\\\/11\\\/1.8-Digitale-Infrastruktur-und-digitale-Services-fuer-alle-scaled.jpeg\",\"width\":1991,\"height\":2560},{\"@type\":\"BreadcrumbList\",\"@id\":\"https:\\\/\\\/gruene-wiesbaden.de\\\/digitale-infrastruktur-und-digitale-services-fuer-alle\\\/#breadcrumb\",\"itemListElement\":[{\"@type\":\"ListItem\",\"position\":1,\"name\":\"Startseite\",\"item\":\"https:\\\/\\\/gruene-wiesbaden.de\\\/\"},{\"@type\":\"ListItem\",\"position\":2,\"name\":\"Digitale Infrastruktur und digitale Services f\u00fcr alle\"}]},{\"@type\":\"WebSite\",\"@id\":\"https:\\\/\\\/gruene-wiesbaden.de\\\/#website\",\"url\":\"https:\\\/\\\/gruene-wiesbaden.de\\\/\",\"name\":\"DIE GR\u00dcNEN Wiesbaden\",\"description\":\"\",\"publisher\":{\"@id\":\"https:\\\/\\\/gruene-wiesbaden.de\\\/#organization\"},\"potentialAction\":[{\"@type\":\"SearchAction\",\"target\":{\"@type\":\"EntryPoint\",\"urlTemplate\":\"https:\\\/\\\/gruene-wiesbaden.de\\\/?s={search_term_string}\"},\"query-input\":{\"@type\":\"PropertyValueSpecification\",\"valueRequired\":true,\"valueName\":\"search_term_string\"}}],\"inLanguage\":\"hr\"},{\"@type\":\"Organization\",\"@id\":\"https:\\\/\\\/gruene-wiesbaden.de\\\/#organization\",\"name\":\"DIE GR\u00dcNEN Wiesbaden\",\"url\":\"https:\\\/\\\/gruene-wiesbaden.de\\\/\",\"logo\":{\"@type\":\"ImageObject\",\"inLanguage\":\"hr\",\"@id\":\"https:\\\/\\\/gruene-wiesbaden.de\\\/#\\\/schema\\\/logo\\\/image\\\/\",\"url\":\"https:\\\/\\\/gruene-wiesbaden-fuer-europa.de\\\/wp-content\\\/uploads\\\/2024\\\/04\\\/Machen-was-zaehlt-5.png\",\"contentUrl\":\"https:\\\/\\\/gruene-wiesbaden-fuer-europa.de\\\/wp-content\\\/uploads\\\/2024\\\/04\\\/Machen-was-zaehlt-5.png\",\"width\":1772,\"height\":1772,\"caption\":\"DIE GR\u00dcNEN Wiesbaden\"},\"image\":{\"@id\":\"https:\\\/\\\/gruene-wiesbaden.de\\\/#\\\/schema\\\/logo\\\/image\\\/\"},\"sameAs\":[\"https:\\\/\\\/www.facebook.com\\\/gruene.wi\",\"https:\\\/\\\/instagram.com\\\/gruene_wi\"]},{\"@type\":\"Person\",\"@id\":\"https:\\\/\\\/gruene-wiesbaden.de\\\/#\\\/schema\\\/person\\\/6785c34779159cd4fd86886bb097afe9\",\"name\":\"admin\",\"sameAs\":[\"http:\\\/\\\/gruene-wiesbaden-fuer-europa.de\"],\"url\":\"https:\\\/\\\/gruene-wiesbaden.de\\\/hr\\\/author\\\/admin\\\/\"}]}<\/script>\n<!-- \/ Yoast SEO plugin. -->","yoast_head_json":{"title":"Digitale Infrastruktur und digitale Services f\u00fcr alle - B\u00dcNDNIS 90\/DIE GR\u00dcNEN Wiesbaden","robots":{"index":"index","follow":"follow","max-snippet":"max-snippet:-1","max-image-preview":"max-image-preview:large","max-video-preview":"max-video-preview:-1"},"canonical":"https:\/\/gruene-wiesbaden.de\/hr\/digitale-infrastruktur-und-digitale-services-fuer-alle\/","og_locale":"hr_HR","og_type":"article","og_title":"Digitale Infrastruktur und digitale Services f\u00fcr alle - B\u00dcNDNIS 90\/DIE GR\u00dcNEN Wiesbaden","og_url":"https:\/\/gruene-wiesbaden.de\/hr\/digitale-infrastruktur-und-digitale-services-fuer-alle\/","og_site_name":"B\u00dcNDNIS 90\/DIE GR\u00dcNEN Wiesbaden","article_publisher":"https:\/\/www.facebook.com\/gruene.wi","article_published_time":"2025-11-09T21:49:11+00:00","article_modified_time":"2026-04-08T22:16:13+00:00","og_image":[{"width":1991,"height":2560,"url":"https:\/\/gruene-wiesbaden.de\/wp-content\/uploads\/2025\/11\/1.8-Digitale-Infrastruktur-und-digitale-Services-fuer-alle-scaled.jpeg","type":"image\/jpeg"}],"author":"admin","twitter_card":"summary_large_image","twitter_misc":{"Napisao\/la":"admin","Procijenjeno vrijeme \u010ditanja":"12 minutes"},"schema":{"@context":"https:\/\/schema.org","@graph":[{"@type":"Article","@id":"https:\/\/gruene-wiesbaden.de\/digitale-infrastruktur-und-digitale-services-fuer-alle\/#article","isPartOf":{"@id":"https:\/\/gruene-wiesbaden.de\/digitale-infrastruktur-und-digitale-services-fuer-alle\/"},"author":{"name":"admin","@id":"https:\/\/gruene-wiesbaden.de\/#\/schema\/person\/6785c34779159cd4fd86886bb097afe9"},"headline":"Digitale Infrastruktur und digitale Services f\u00fcr alle","datePublished":"2025-11-09T21:49:11+00:00","dateModified":"2026-04-08T22:16:13+00:00","mainEntityOfPage":{"@id":"https:\/\/gruene-wiesbaden.de\/digitale-infrastruktur-und-digitale-services-fuer-alle\/"},"wordCount":3375,"publisher":{"@id":"https:\/\/gruene-wiesbaden.de\/#organization"},"image":{"@id":"https:\/\/gruene-wiesbaden.de\/digitale-infrastruktur-und-digitale-services-fuer-alle\/#primaryimage"},"thumbnailUrl":"https:\/\/gruene-wiesbaden.de\/wp-content\/uploads\/2025\/11\/1.8-Digitale-Infrastruktur-und-digitale-Services-fuer-alle-scaled.jpeg","articleSection":["Kapitel 1"],"inLanguage":"hr"},{"@type":"WebPage","@id":"https:\/\/gruene-wiesbaden.de\/digitale-infrastruktur-und-digitale-services-fuer-alle\/","url":"https:\/\/gruene-wiesbaden.de\/digitale-infrastruktur-und-digitale-services-fuer-alle\/","name":"Digitale Infrastruktur und digitale Services f\u00fcr alle - B\u00dcNDNIS 90\/DIE GR\u00dcNEN Wiesbaden","isPartOf":{"@id":"https:\/\/gruene-wiesbaden.de\/#website"},"primaryImageOfPage":{"@id":"https:\/\/gruene-wiesbaden.de\/digitale-infrastruktur-und-digitale-services-fuer-alle\/#primaryimage"},"image":{"@id":"https:\/\/gruene-wiesbaden.de\/digitale-infrastruktur-und-digitale-services-fuer-alle\/#primaryimage"},"thumbnailUrl":"https:\/\/gruene-wiesbaden.de\/wp-content\/uploads\/2025\/11\/1.8-Digitale-Infrastruktur-und-digitale-Services-fuer-alle-scaled.jpeg","datePublished":"2025-11-09T21:49:11+00:00","dateModified":"2026-04-08T22:16:13+00:00","breadcrumb":{"@id":"https:\/\/gruene-wiesbaden.de\/digitale-infrastruktur-und-digitale-services-fuer-alle\/#breadcrumb"},"inLanguage":"hr","potentialAction":[{"@type":"ReadAction","target":["https:\/\/gruene-wiesbaden.de\/digitale-infrastruktur-und-digitale-services-fuer-alle\/"]}]},{"@type":"ImageObject","inLanguage":"hr","@id":"https:\/\/gruene-wiesbaden.de\/digitale-infrastruktur-und-digitale-services-fuer-alle\/#primaryimage","url":"https:\/\/gruene-wiesbaden.de\/wp-content\/uploads\/2025\/11\/1.8-Digitale-Infrastruktur-und-digitale-Services-fuer-alle-scaled.jpeg","contentUrl":"https:\/\/gruene-wiesbaden.de\/wp-content\/uploads\/2025\/11\/1.8-Digitale-Infrastruktur-und-digitale-Services-fuer-alle-scaled.jpeg","width":1991,"height":2560},{"@type":"BreadcrumbList","@id":"https:\/\/gruene-wiesbaden.de\/digitale-infrastruktur-und-digitale-services-fuer-alle\/#breadcrumb","itemListElement":[{"@type":"ListItem","position":1,"name":"Startseite","item":"https:\/\/gruene-wiesbaden.de\/"},{"@type":"ListItem","position":2,"name":"Digitale Infrastruktur und digitale Services f\u00fcr alle"}]},{"@type":"WebSite","@id":"https:\/\/gruene-wiesbaden.de\/#website","url":"https:\/\/gruene-wiesbaden.de\/","name":"DIE GR\u00dcNEN Wiesbaden","description":"","publisher":{"@id":"https:\/\/gruene-wiesbaden.de\/#organization"},"potentialAction":[{"@type":"SearchAction","target":{"@type":"EntryPoint","urlTemplate":"https:\/\/gruene-wiesbaden.de\/?s={search_term_string}"},"query-input":{"@type":"PropertyValueSpecification","valueRequired":true,"valueName":"search_term_string"}}],"inLanguage":"hr"},{"@type":"Organization","@id":"https:\/\/gruene-wiesbaden.de\/#organization","name":"DIE GR\u00dcNEN Wiesbaden","url":"https:\/\/gruene-wiesbaden.de\/","logo":{"@type":"ImageObject","inLanguage":"hr","@id":"https:\/\/gruene-wiesbaden.de\/#\/schema\/logo\/image\/","url":"https:\/\/gruene-wiesbaden-fuer-europa.de\/wp-content\/uploads\/2024\/04\/Machen-was-zaehlt-5.png","contentUrl":"https:\/\/gruene-wiesbaden-fuer-europa.de\/wp-content\/uploads\/2024\/04\/Machen-was-zaehlt-5.png","width":1772,"height":1772,"caption":"DIE GR\u00dcNEN Wiesbaden"},"image":{"@id":"https:\/\/gruene-wiesbaden.de\/#\/schema\/logo\/image\/"},"sameAs":["https:\/\/www.facebook.com\/gruene.wi","https:\/\/instagram.com\/gruene_wi"]},{"@type":"Person","@id":"https:\/\/gruene-wiesbaden.de\/#\/schema\/person\/6785c34779159cd4fd86886bb097afe9","name":"admin","sameAs":["http:\/\/gruene-wiesbaden-fuer-europa.de"],"url":"https:\/\/gruene-wiesbaden.de\/hr\/author\/admin\/"}]}},"_links":{"self":[{"href":"https:\/\/gruene-wiesbaden.de\/hr\/wp-json\/wp\/v2\/posts\/1335","targetHints":{"allow":["GET"]}}],"collection":[{"href":"https:\/\/gruene-wiesbaden.de\/hr\/wp-json\/wp\/v2\/posts"}],"about":[{"href":"https:\/\/gruene-wiesbaden.de\/hr\/wp-json\/wp\/v2\/types\/post"}],"author":[{"embeddable":true,"href":"https:\/\/gruene-wiesbaden.de\/hr\/wp-json\/wp\/v2\/users\/1"}],"replies":[{"embeddable":true,"href":"https:\/\/gruene-wiesbaden.de\/hr\/wp-json\/wp\/v2\/comments?post=1335"}],"version-history":[{"count":9,"href":"https:\/\/gruene-wiesbaden.de\/hr\/wp-json\/wp\/v2\/posts\/1335\/revisions"}],"predecessor-version":[{"id":2374,"href":"https:\/\/gruene-wiesbaden.de\/hr\/wp-json\/wp\/v2\/posts\/1335\/revisions\/2374"}],"wp:featuredmedia":[{"embeddable":true,"href":"https:\/\/gruene-wiesbaden.de\/hr\/wp-json\/wp\/v2\/media\/1511"}],"wp:attachment":[{"href":"https:\/\/gruene-wiesbaden.de\/hr\/wp-json\/wp\/v2\/media?parent=1335"}],"wp:term":[{"taxonomy":"category","embeddable":true,"href":"https:\/\/gruene-wiesbaden.de\/hr\/wp-json\/wp\/v2\/categories?post=1335"},{"taxonomy":"post_tag","embeddable":true,"href":"https:\/\/gruene-wiesbaden.de\/hr\/wp-json\/wp\/v2\/tags?post=1335"}],"curies":[{"name":"wp","href":"https:\/\/api.w.org\/{rel}","templated":true}]}}