{"id":1278,"date":"2025-11-01T17:27:05","date_gmt":"2025-11-01T15:27:05","guid":{"rendered":"https:\/\/gruene-wiesbaden.de\/?p=1278"},"modified":"2025-11-01T17:27:05","modified_gmt":"2025-11-01T15:27:05","slug":"die-gruenen-wiesbaden-beschliessen-einstimmig-programm-fuer-die-kommunalwahl-2026-basisdemokratischer-prozess-als-grundlage-fuer-eine-lebenswerte-und-zukunftsfaehige-stadt","status":"publish","type":"post","link":"https:\/\/gruene-wiesbaden.de\/hr\/die-gruenen-wiesbaden-beschliessen-einstimmig-programm-fuer-die-kommunalwahl-2026-basisdemokratischer-prozess-als-grundlage-fuer-eine-lebenswerte-und-zukunftsfaehige-stadt\/","title":{"rendered":"DIE GR\u00dcNEN Wiesbaden jednoglasno usvojio program za lokalne izbore 2026. - demokratski proces na lokalnoj razini kao temelj za odr\u017eiv grad koji se mo\u017ee \u017eivjeti"},"content":{"rendered":"<section class=\"l-section wpb_row height_medium\"><div class=\"l-section-h i-cf\"><div class=\"g-cols vc_row via_grid cols_1 laptops-cols_inherit tablets-cols_inherit mobiles-cols_1 valign_top type_default stacking_default\"><div class=\"wpb_column vc_column_container\"><div class=\"vc_column-inner\"><h3 class=\"w-post-elm post_title us_custom_ea76afbe entry-title color_link_inherit\">DIE GR\u00dcNEN Wiesbaden jednoglasno usvojio program za lokalne izbore 2026. - demokratski proces na lokalnoj razini kao temelj za odr\u017eiv grad koji se mo\u017ee \u017eivjeti<\/h3><div class=\"w-post-elm post_image\"><img loading=\"lazy\" decoding=\"async\" width=\"600\" height=\"387\" src=\"https:\/\/gruene-wiesbaden.de\/wp-content\/uploads\/2025\/11\/IMG_5693-scaled-e1762010663148-600x387.jpg\" class=\"attachment-large size-large wp-post-image\" alt=\"\" srcset=\"https:\/\/gruene-wiesbaden.de\/wp-content\/uploads\/2025\/11\/IMG_5693-scaled-e1762010663148-600x387.jpg 600w, https:\/\/gruene-wiesbaden.de\/wp-content\/uploads\/2025\/11\/IMG_5693-scaled-e1762010663148-400x258.jpg 400w, https:\/\/gruene-wiesbaden.de\/wp-content\/uploads\/2025\/11\/IMG_5693-scaled-e1762010663148.jpg 1190w\" sizes=\"auto, (max-width: 600px) 100vw, 600px\" \/><\/div><div class=\"w-separator size_medium\"><\/div><div class=\"wpb_text_column\"><div class=\"wpb_wrapper\"><p><b>Wiesbaden, 01.11.2025. \u2013 Udruga okruga Wiesbaden B\u00dcNDNIS 90\/DIE GR\u00dcNEN pro\u0161log je vikenda jednoglasno usvojila program za predstoje\u0107e lokalne izbore 15. o\u017eujka 2026. u dugom demokratskom postupku na lokalnoj razini.<\/b><b><\/b><\/p>\n<p>\u201eWiesbaden je ve\u0107 grad visoke kvalitete \u017eivota, ali \u017eelimo ga u\u010diniti jo\u0161 boljim\u201d, naglasili su Rebecca Thomas i Daniel Schmitt, supredsjedatelji okru\u017ene udruge. \u201eNa\u0161 program ozna\u010dava politiku koja dosljedno kombinira za\u0161titu klime i okoli\u0161a, socijalnu pravdu i raznolik su\u017eivot. Kombiniramo gospodarsku snagu s odgovorno\u0161\u0107u za okoli\u0161 i hrabro otvaramo nova vrata kako bismo oja\u010dali Wiesbaden kao dinami\u010dnu i odr\u017eivu lokaciju za sve koji ovdje \u017eive, rade ili posluju.<\/p>\n<p>Program je usmjeren na tri glavna podru\u010dja:<\/p>\n<p>\u2022 Visoka kvaliteta \u017eivota za sve: Wiesbaden \u0107e biti grad koji svojim gra\u0111anima nudi brojne mogu\u0107nosti i slobode za njihov \u017eivot te odr\u017eava i pobolj\u0161ava \u017eivotno okru\u017eenje putem dru\u0161tvenog, odr\u017eivog i klimatski prihvatljivog urbanog razvoja.<\/p>\n<p>\u2022 Raznolikost i kohezija: Naglasak je na politici koja je usmjerena na sve ljude s njihovim razli\u010ditim stvarnostima i potrebama te promi\u010de dobar su\u017eivot u na\u0161em raznolikom dru\u0161tvu.<\/p>\n<p>\u2022 Odr\u017eiva budu\u0107nost i gospodarska snaga: Wiesbaden bi trebao biti grad budu\u0107nosti, pun dinami\u010dnosti i inovativnosti koji poduzetnicima i radnicima nudi \u0161irok raspon mogu\u0107nosti i kombinira gospodarsku snagu s odr\u017eivo\u0161\u0107u.<\/p>\n<p>\"Dok drugi govore gradom gore nego \u0161to jest, radimo na rje\u0161enjima za pravedniju, zeleniju i \u017eivlju budu\u0107nost\", rekla je Rebecca Thomas. Daniel Schmitt dodaje: \u201eNa\u0161 je program jasna obveza: Wiesbaden bi trebao ostati mjesto gdje svi mogu dobro \u017eivjeti \u2013 danas i sutra.<\/p>\n<p>Sljede\u0107i korak uslijedio je krajem studenoga: Na okru\u017enoj skup\u0161tini sastavljaju se popisi za op\u0107inske izbore i popisi za lokalna savjetodavna vije\u0107a u okruzima Wiesbaden. Potpuni izborni program i kandidati zatim \u0107e biti objavljeni na internetskim stranicama okru\u017ene udruge.<span class=\"Apple-converted-space\">\u00a0<\/span><\/p>\n<p>Rezultati glavnih sjednica o izbornom programu i kandidatima predstavit \u0107emo medijima na poseban datum. Slijedi poziv sa svim detaljima.<\/p>\n<\/div><\/div><\/div><\/div><\/div><\/div><\/section>","protected":false},"excerpt":{"rendered":"DIE GR\u00dcNEN Wiesbaden jednoglasno usvaja program za lokalne izbore 2026. \u2013 demokratski proces na lokalnoj razini kao temelj za odr\u017eiv i odr\u017eiv gradWiesbaden, 01.11.2025. Pro\u0161li vikend, okru\u017eni savez Wiesbaden iz B\u00dcNDNIS 90\/DIE GR\u00dcNEN jednoglasno je usvojio program za predstoje\u0107e lokalne izbore 15. o\u017eujka 2026. u dugom demokratskom procesu na lokalnoj razini. \u201eWiesbaden je ve\u0107...","protected":false},"author":1,"featured_media":1280,"comment_status":"closed","ping_status":"closed","sticky":false,"template":"","format":"standard","meta":{"footnotes":""},"categories":[5],"tags":[],"class_list":["post-1278","post","type-post","status-publish","format-standard","has-post-thumbnail","hentry","category-wahlen"],"yoast_head":"<!-- This site is optimized with the Yoast SEO plugin v27.5 - https:\/\/yoast.com\/product\/yoast-seo-wordpress\/ -->\n<title>DIE GR\u00dcNEN Wiesbaden beschlie\u00dfen einstimmig Programm f\u00fcr die Kommunalwahl 2026 \u2013 Basisdemokratischer Prozess als Grundlage f\u00fcr eine lebenswerte und zukunftsf\u00e4hige Stadt - B\u00dcNDNIS 90\/DIE GR\u00dcNEN Wiesbaden<\/title>\n<meta name=\"robots\" content=\"index, follow, max-snippet:-1, max-image-preview:large, max-video-preview:-1\" \/>\n<link rel=\"canonical\" href=\"https:\/\/gruene-wiesbaden.de\/hr\/die-gruenen-wiesbaden-beschliessen-einstimmig-programm-fuer-die-kommunalwahl-2026-basisdemokratischer-prozess-als-grundlage-fuer-eine-lebenswerte-und-zukunftsfaehige-stadt\/\" \/>\n<meta property=\"og:locale\" content=\"hr_HR\" \/>\n<meta property=\"og:type\" content=\"article\" \/>\n<meta property=\"og:title\" content=\"DIE GR\u00dcNEN Wiesbaden beschlie\u00dfen einstimmig Programm f\u00fcr die Kommunalwahl 2026 \u2013 Basisdemokratischer Prozess als Grundlage f\u00fcr eine lebenswerte und zukunftsf\u00e4hige Stadt - B\u00dcNDNIS 90\/DIE GR\u00dcNEN Wiesbaden\" \/>\n<meta property=\"og:url\" content=\"https:\/\/gruene-wiesbaden.de\/hr\/die-gruenen-wiesbaden-beschliessen-einstimmig-programm-fuer-die-kommunalwahl-2026-basisdemokratischer-prozess-als-grundlage-fuer-eine-lebenswerte-und-zukunftsfaehige-stadt\/\" \/>\n<meta property=\"og:site_name\" content=\"B\u00dcNDNIS 90\/DIE GR\u00dcNEN Wiesbaden\" \/>\n<meta property=\"article:publisher\" content=\"https:\/\/www.facebook.com\/gruene.wi\" \/>\n<meta property=\"article:published_time\" content=\"2025-11-01T15:27:05+00:00\" \/>\n<meta property=\"og:image\" content=\"https:\/\/gruene-wiesbaden.de\/wp-content\/uploads\/2025\/11\/IMG_5693-scaled-e1762010663148.jpg\" \/>\n\t<meta property=\"og:image:width\" content=\"1190\" \/>\n\t<meta property=\"og:image:height\" content=\"768\" \/>\n\t<meta property=\"og:image:type\" content=\"image\/jpeg\" \/>\n<meta name=\"author\" content=\"admin\" \/>\n<meta name=\"twitter:card\" content=\"summary_large_image\" \/>\n<meta name=\"twitter:label1\" content=\"Napisao\/la\" \/>\n\t<meta name=\"twitter:data1\" content=\"admin\" \/>\n\t<meta name=\"twitter:label2\" content=\"Procijenjeno vrijeme \u010ditanja\" \/>\n\t<meta name=\"twitter:data2\" content=\"2 minutes\" \/>\n<script type=\"application\/ld+json\" class=\"yoast-schema-graph\">{\"@context\":\"https:\\\/\\\/schema.org\",\"@graph\":[{\"@type\":\"Article\",\"@id\":\"https:\\\/\\\/gruene-wiesbaden.de\\\/die-gruenen-wiesbaden-beschliessen-einstimmig-programm-fuer-die-kommunalwahl-2026-basisdemokratischer-prozess-als-grundlage-fuer-eine-lebenswerte-und-zukunftsfaehige-stadt\\\/#article\",\"isPartOf\":{\"@id\":\"https:\\\/\\\/gruene-wiesbaden.de\\\/die-gruenen-wiesbaden-beschliessen-einstimmig-programm-fuer-die-kommunalwahl-2026-basisdemokratischer-prozess-als-grundlage-fuer-eine-lebenswerte-und-zukunftsfaehige-stadt\\\/\"},\"author\":{\"name\":\"admin\",\"@id\":\"https:\\\/\\\/gruene-wiesbaden.de\\\/#\\\/schema\\\/person\\\/6785c34779159cd4fd86886bb097afe9\"},\"headline\":\"DIE GR\u00dcNEN Wiesbaden beschlie\u00dfen einstimmig Programm f\u00fcr die Kommunalwahl 2026 \u2013 Basisdemokratischer Prozess als Grundlage f\u00fcr eine lebenswerte und zukunftsf\u00e4hige Stadt\",\"datePublished\":\"2025-11-01T15:27:05+00:00\",\"mainEntityOfPage\":{\"@id\":\"https:\\\/\\\/gruene-wiesbaden.de\\\/die-gruenen-wiesbaden-beschliessen-einstimmig-programm-fuer-die-kommunalwahl-2026-basisdemokratischer-prozess-als-grundlage-fuer-eine-lebenswerte-und-zukunftsfaehige-stadt\\\/\"},\"wordCount\":406,\"publisher\":{\"@id\":\"https:\\\/\\\/gruene-wiesbaden.de\\\/#organization\"},\"image\":{\"@id\":\"https:\\\/\\\/gruene-wiesbaden.de\\\/die-gruenen-wiesbaden-beschliessen-einstimmig-programm-fuer-die-kommunalwahl-2026-basisdemokratischer-prozess-als-grundlage-fuer-eine-lebenswerte-und-zukunftsfaehige-stadt\\\/#primaryimage\"},\"thumbnailUrl\":\"https:\\\/\\\/gruene-wiesbaden.de\\\/wp-content\\\/uploads\\\/2025\\\/11\\\/IMG_5693-scaled-e1762010663148.jpg\",\"articleSection\":[\"Wahlen\"],\"inLanguage\":\"hr\"},{\"@type\":\"WebPage\",\"@id\":\"https:\\\/\\\/gruene-wiesbaden.de\\\/die-gruenen-wiesbaden-beschliessen-einstimmig-programm-fuer-die-kommunalwahl-2026-basisdemokratischer-prozess-als-grundlage-fuer-eine-lebenswerte-und-zukunftsfaehige-stadt\\\/\",\"url\":\"https:\\\/\\\/gruene-wiesbaden.de\\\/die-gruenen-wiesbaden-beschliessen-einstimmig-programm-fuer-die-kommunalwahl-2026-basisdemokratischer-prozess-als-grundlage-fuer-eine-lebenswerte-und-zukunftsfaehige-stadt\\\/\",\"name\":\"DIE GR\u00dcNEN Wiesbaden beschlie\u00dfen einstimmig Programm f\u00fcr die Kommunalwahl 2026 \u2013 Basisdemokratischer Prozess als Grundlage f\u00fcr eine lebenswerte und zukunftsf\u00e4hige Stadt - B\u00dcNDNIS 90\\\/DIE GR\u00dcNEN Wiesbaden\",\"isPartOf\":{\"@id\":\"https:\\\/\\\/gruene-wiesbaden.de\\\/#website\"},\"primaryImageOfPage\":{\"@id\":\"https:\\\/\\\/gruene-wiesbaden.de\\\/die-gruenen-wiesbaden-beschliessen-einstimmig-programm-fuer-die-kommunalwahl-2026-basisdemokratischer-prozess-als-grundlage-fuer-eine-lebenswerte-und-zukunftsfaehige-stadt\\\/#primaryimage\"},\"image\":{\"@id\":\"https:\\\/\\\/gruene-wiesbaden.de\\\/die-gruenen-wiesbaden-beschliessen-einstimmig-programm-fuer-die-kommunalwahl-2026-basisdemokratischer-prozess-als-grundlage-fuer-eine-lebenswerte-und-zukunftsfaehige-stadt\\\/#primaryimage\"},\"thumbnailUrl\":\"https:\\\/\\\/gruene-wiesbaden.de\\\/wp-content\\\/uploads\\\/2025\\\/11\\\/IMG_5693-scaled-e1762010663148.jpg\",\"datePublished\":\"2025-11-01T15:27:05+00:00\",\"breadcrumb\":{\"@id\":\"https:\\\/\\\/gruene-wiesbaden.de\\\/die-gruenen-wiesbaden-beschliessen-einstimmig-programm-fuer-die-kommunalwahl-2026-basisdemokratischer-prozess-als-grundlage-fuer-eine-lebenswerte-und-zukunftsfaehige-stadt\\\/#breadcrumb\"},\"inLanguage\":\"hr\",\"potentialAction\":[{\"@type\":\"ReadAction\",\"target\":[\"https:\\\/\\\/gruene-wiesbaden.de\\\/die-gruenen-wiesbaden-beschliessen-einstimmig-programm-fuer-die-kommunalwahl-2026-basisdemokratischer-prozess-als-grundlage-fuer-eine-lebenswerte-und-zukunftsfaehige-stadt\\\/\"]}]},{\"@type\":\"ImageObject\",\"inLanguage\":\"hr\",\"@id\":\"https:\\\/\\\/gruene-wiesbaden.de\\\/die-gruenen-wiesbaden-beschliessen-einstimmig-programm-fuer-die-kommunalwahl-2026-basisdemokratischer-prozess-als-grundlage-fuer-eine-lebenswerte-und-zukunftsfaehige-stadt\\\/#primaryimage\",\"url\":\"https:\\\/\\\/gruene-wiesbaden.de\\\/wp-content\\\/uploads\\\/2025\\\/11\\\/IMG_5693-scaled-e1762010663148.jpg\",\"contentUrl\":\"https:\\\/\\\/gruene-wiesbaden.de\\\/wp-content\\\/uploads\\\/2025\\\/11\\\/IMG_5693-scaled-e1762010663148.jpg\",\"width\":1190,\"height\":768},{\"@type\":\"BreadcrumbList\",\"@id\":\"https:\\\/\\\/gruene-wiesbaden.de\\\/die-gruenen-wiesbaden-beschliessen-einstimmig-programm-fuer-die-kommunalwahl-2026-basisdemokratischer-prozess-als-grundlage-fuer-eine-lebenswerte-und-zukunftsfaehige-stadt\\\/#breadcrumb\",\"itemListElement\":[{\"@type\":\"ListItem\",\"position\":1,\"name\":\"Startseite\",\"item\":\"https:\\\/\\\/gruene-wiesbaden.de\\\/\"},{\"@type\":\"ListItem\",\"position\":2,\"name\":\"DIE GR\u00dcNEN Wiesbaden beschlie\u00dfen einstimmig Programm f\u00fcr die Kommunalwahl 2026 \u2013 Basisdemokratischer Prozess als Grundlage f\u00fcr eine lebenswerte und zukunftsf\u00e4hige Stadt\"}]},{\"@type\":\"WebSite\",\"@id\":\"https:\\\/\\\/gruene-wiesbaden.de\\\/#website\",\"url\":\"https:\\\/\\\/gruene-wiesbaden.de\\\/\",\"name\":\"DIE GR\u00dcNEN Wiesbaden\",\"description\":\"\",\"publisher\":{\"@id\":\"https:\\\/\\\/gruene-wiesbaden.de\\\/#organization\"},\"potentialAction\":[{\"@type\":\"SearchAction\",\"target\":{\"@type\":\"EntryPoint\",\"urlTemplate\":\"https:\\\/\\\/gruene-wiesbaden.de\\\/?s={search_term_string}\"},\"query-input\":{\"@type\":\"PropertyValueSpecification\",\"valueRequired\":true,\"valueName\":\"search_term_string\"}}],\"inLanguage\":\"hr\"},{\"@type\":\"Organization\",\"@id\":\"https:\\\/\\\/gruene-wiesbaden.de\\\/#organization\",\"name\":\"DIE GR\u00dcNEN Wiesbaden\",\"url\":\"https:\\\/\\\/gruene-wiesbaden.de\\\/\",\"logo\":{\"@type\":\"ImageObject\",\"inLanguage\":\"hr\",\"@id\":\"https:\\\/\\\/gruene-wiesbaden.de\\\/#\\\/schema\\\/logo\\\/image\\\/\",\"url\":\"https:\\\/\\\/gruene-wiesbaden-fuer-europa.de\\\/wp-content\\\/uploads\\\/2024\\\/04\\\/Machen-was-zaehlt-5.png\",\"contentUrl\":\"https:\\\/\\\/gruene-wiesbaden-fuer-europa.de\\\/wp-content\\\/uploads\\\/2024\\\/04\\\/Machen-was-zaehlt-5.png\",\"width\":1772,\"height\":1772,\"caption\":\"DIE GR\u00dcNEN Wiesbaden\"},\"image\":{\"@id\":\"https:\\\/\\\/gruene-wiesbaden.de\\\/#\\\/schema\\\/logo\\\/image\\\/\"},\"sameAs\":[\"https:\\\/\\\/www.facebook.com\\\/gruene.wi\",\"https:\\\/\\\/instagram.com\\\/gruene_wi\"]},{\"@type\":\"Person\",\"@id\":\"https:\\\/\\\/gruene-wiesbaden.de\\\/#\\\/schema\\\/person\\\/6785c34779159cd4fd86886bb097afe9\",\"name\":\"admin\",\"sameAs\":[\"http:\\\/\\\/gruene-wiesbaden-fuer-europa.de\"],\"url\":\"https:\\\/\\\/gruene-wiesbaden.de\\\/hr\\\/author\\\/admin\\\/\"}]}<\/script>\n<!-- \/ Yoast SEO plugin. -->","yoast_head_json":{"title":"DIE GR\u00dcNEN Wiesbaden beschlie\u00dfen einstimmig Programm f\u00fcr die Kommunalwahl 2026 \u2013 Basisdemokratischer Prozess als Grundlage f\u00fcr eine lebenswerte und zukunftsf\u00e4hige Stadt - B\u00dcNDNIS 90\/DIE GR\u00dcNEN Wiesbaden","robots":{"index":"index","follow":"follow","max-snippet":"max-snippet:-1","max-image-preview":"max-image-preview:large","max-video-preview":"max-video-preview:-1"},"canonical":"https:\/\/gruene-wiesbaden.de\/hr\/die-gruenen-wiesbaden-beschliessen-einstimmig-programm-fuer-die-kommunalwahl-2026-basisdemokratischer-prozess-als-grundlage-fuer-eine-lebenswerte-und-zukunftsfaehige-stadt\/","og_locale":"hr_HR","og_type":"article","og_title":"DIE GR\u00dcNEN Wiesbaden beschlie\u00dfen einstimmig Programm f\u00fcr die Kommunalwahl 2026 \u2013 Basisdemokratischer Prozess als Grundlage f\u00fcr eine lebenswerte und zukunftsf\u00e4hige Stadt - B\u00dcNDNIS 90\/DIE GR\u00dcNEN Wiesbaden","og_url":"https:\/\/gruene-wiesbaden.de\/hr\/die-gruenen-wiesbaden-beschliessen-einstimmig-programm-fuer-die-kommunalwahl-2026-basisdemokratischer-prozess-als-grundlage-fuer-eine-lebenswerte-und-zukunftsfaehige-stadt\/","og_site_name":"B\u00dcNDNIS 90\/DIE GR\u00dcNEN Wiesbaden","article_publisher":"https:\/\/www.facebook.com\/gruene.wi","article_published_time":"2025-11-01T15:27:05+00:00","og_image":[{"width":1190,"height":768,"url":"https:\/\/gruene-wiesbaden.de\/wp-content\/uploads\/2025\/11\/IMG_5693-scaled-e1762010663148.jpg","type":"image\/jpeg"}],"author":"admin","twitter_card":"summary_large_image","twitter_misc":{"Napisao\/la":"admin","Procijenjeno vrijeme \u010ditanja":"2 minutes"},"schema":{"@context":"https:\/\/schema.org","@graph":[{"@type":"Article","@id":"https:\/\/gruene-wiesbaden.de\/die-gruenen-wiesbaden-beschliessen-einstimmig-programm-fuer-die-kommunalwahl-2026-basisdemokratischer-prozess-als-grundlage-fuer-eine-lebenswerte-und-zukunftsfaehige-stadt\/#article","isPartOf":{"@id":"https:\/\/gruene-wiesbaden.de\/die-gruenen-wiesbaden-beschliessen-einstimmig-programm-fuer-die-kommunalwahl-2026-basisdemokratischer-prozess-als-grundlage-fuer-eine-lebenswerte-und-zukunftsfaehige-stadt\/"},"author":{"name":"admin","@id":"https:\/\/gruene-wiesbaden.de\/#\/schema\/person\/6785c34779159cd4fd86886bb097afe9"},"headline":"DIE GR\u00dcNEN Wiesbaden beschlie\u00dfen einstimmig Programm f\u00fcr die Kommunalwahl 2026 \u2013 Basisdemokratischer Prozess als Grundlage f\u00fcr eine lebenswerte und zukunftsf\u00e4hige Stadt","datePublished":"2025-11-01T15:27:05+00:00","mainEntityOfPage":{"@id":"https:\/\/gruene-wiesbaden.de\/die-gruenen-wiesbaden-beschliessen-einstimmig-programm-fuer-die-kommunalwahl-2026-basisdemokratischer-prozess-als-grundlage-fuer-eine-lebenswerte-und-zukunftsfaehige-stadt\/"},"wordCount":406,"publisher":{"@id":"https:\/\/gruene-wiesbaden.de\/#organization"},"image":{"@id":"https:\/\/gruene-wiesbaden.de\/die-gruenen-wiesbaden-beschliessen-einstimmig-programm-fuer-die-kommunalwahl-2026-basisdemokratischer-prozess-als-grundlage-fuer-eine-lebenswerte-und-zukunftsfaehige-stadt\/#primaryimage"},"thumbnailUrl":"https:\/\/gruene-wiesbaden.de\/wp-content\/uploads\/2025\/11\/IMG_5693-scaled-e1762010663148.jpg","articleSection":["Wahlen"],"inLanguage":"hr"},{"@type":"WebPage","@id":"https:\/\/gruene-wiesbaden.de\/die-gruenen-wiesbaden-beschliessen-einstimmig-programm-fuer-die-kommunalwahl-2026-basisdemokratischer-prozess-als-grundlage-fuer-eine-lebenswerte-und-zukunftsfaehige-stadt\/","url":"https:\/\/gruene-wiesbaden.de\/die-gruenen-wiesbaden-beschliessen-einstimmig-programm-fuer-die-kommunalwahl-2026-basisdemokratischer-prozess-als-grundlage-fuer-eine-lebenswerte-und-zukunftsfaehige-stadt\/","name":"DIE GR\u00dcNEN Wiesbaden beschlie\u00dfen einstimmig Programm f\u00fcr die Kommunalwahl 2026 \u2013 Basisdemokratischer Prozess als Grundlage f\u00fcr eine lebenswerte und zukunftsf\u00e4hige Stadt - B\u00dcNDNIS 90\/DIE GR\u00dcNEN Wiesbaden","isPartOf":{"@id":"https:\/\/gruene-wiesbaden.de\/#website"},"primaryImageOfPage":{"@id":"https:\/\/gruene-wiesbaden.de\/die-gruenen-wiesbaden-beschliessen-einstimmig-programm-fuer-die-kommunalwahl-2026-basisdemokratischer-prozess-als-grundlage-fuer-eine-lebenswerte-und-zukunftsfaehige-stadt\/#primaryimage"},"image":{"@id":"https:\/\/gruene-wiesbaden.de\/die-gruenen-wiesbaden-beschliessen-einstimmig-programm-fuer-die-kommunalwahl-2026-basisdemokratischer-prozess-als-grundlage-fuer-eine-lebenswerte-und-zukunftsfaehige-stadt\/#primaryimage"},"thumbnailUrl":"https:\/\/gruene-wiesbaden.de\/wp-content\/uploads\/2025\/11\/IMG_5693-scaled-e1762010663148.jpg","datePublished":"2025-11-01T15:27:05+00:00","breadcrumb":{"@id":"https:\/\/gruene-wiesbaden.de\/die-gruenen-wiesbaden-beschliessen-einstimmig-programm-fuer-die-kommunalwahl-2026-basisdemokratischer-prozess-als-grundlage-fuer-eine-lebenswerte-und-zukunftsfaehige-stadt\/#breadcrumb"},"inLanguage":"hr","potentialAction":[{"@type":"ReadAction","target":["https:\/\/gruene-wiesbaden.de\/die-gruenen-wiesbaden-beschliessen-einstimmig-programm-fuer-die-kommunalwahl-2026-basisdemokratischer-prozess-als-grundlage-fuer-eine-lebenswerte-und-zukunftsfaehige-stadt\/"]}]},{"@type":"ImageObject","inLanguage":"hr","@id":"https:\/\/gruene-wiesbaden.de\/die-gruenen-wiesbaden-beschliessen-einstimmig-programm-fuer-die-kommunalwahl-2026-basisdemokratischer-prozess-als-grundlage-fuer-eine-lebenswerte-und-zukunftsfaehige-stadt\/#primaryimage","url":"https:\/\/gruene-wiesbaden.de\/wp-content\/uploads\/2025\/11\/IMG_5693-scaled-e1762010663148.jpg","contentUrl":"https:\/\/gruene-wiesbaden.de\/wp-content\/uploads\/2025\/11\/IMG_5693-scaled-e1762010663148.jpg","width":1190,"height":768},{"@type":"BreadcrumbList","@id":"https:\/\/gruene-wiesbaden.de\/die-gruenen-wiesbaden-beschliessen-einstimmig-programm-fuer-die-kommunalwahl-2026-basisdemokratischer-prozess-als-grundlage-fuer-eine-lebenswerte-und-zukunftsfaehige-stadt\/#breadcrumb","itemListElement":[{"@type":"ListItem","position":1,"name":"Startseite","item":"https:\/\/gruene-wiesbaden.de\/"},{"@type":"ListItem","position":2,"name":"DIE GR\u00dcNEN Wiesbaden beschlie\u00dfen einstimmig Programm f\u00fcr die Kommunalwahl 2026 \u2013 Basisdemokratischer Prozess als Grundlage f\u00fcr eine lebenswerte und zukunftsf\u00e4hige Stadt"}]},{"@type":"WebSite","@id":"https:\/\/gruene-wiesbaden.de\/#website","url":"https:\/\/gruene-wiesbaden.de\/","name":"DIE GR\u00dcNEN Wiesbaden","description":"","publisher":{"@id":"https:\/\/gruene-wiesbaden.de\/#organization"},"potentialAction":[{"@type":"SearchAction","target":{"@type":"EntryPoint","urlTemplate":"https:\/\/gruene-wiesbaden.de\/?s={search_term_string}"},"query-input":{"@type":"PropertyValueSpecification","valueRequired":true,"valueName":"search_term_string"}}],"inLanguage":"hr"},{"@type":"Organization","@id":"https:\/\/gruene-wiesbaden.de\/#organization","name":"DIE GR\u00dcNEN Wiesbaden","url":"https:\/\/gruene-wiesbaden.de\/","logo":{"@type":"ImageObject","inLanguage":"hr","@id":"https:\/\/gruene-wiesbaden.de\/#\/schema\/logo\/image\/","url":"https:\/\/gruene-wiesbaden-fuer-europa.de\/wp-content\/uploads\/2024\/04\/Machen-was-zaehlt-5.png","contentUrl":"https:\/\/gruene-wiesbaden-fuer-europa.de\/wp-content\/uploads\/2024\/04\/Machen-was-zaehlt-5.png","width":1772,"height":1772,"caption":"DIE GR\u00dcNEN Wiesbaden"},"image":{"@id":"https:\/\/gruene-wiesbaden.de\/#\/schema\/logo\/image\/"},"sameAs":["https:\/\/www.facebook.com\/gruene.wi","https:\/\/instagram.com\/gruene_wi"]},{"@type":"Person","@id":"https:\/\/gruene-wiesbaden.de\/#\/schema\/person\/6785c34779159cd4fd86886bb097afe9","name":"admin","sameAs":["http:\/\/gruene-wiesbaden-fuer-europa.de"],"url":"https:\/\/gruene-wiesbaden.de\/hr\/author\/admin\/"}]}},"_links":{"self":[{"href":"https:\/\/gruene-wiesbaden.de\/hr\/wp-json\/wp\/v2\/posts\/1278","targetHints":{"allow":["GET"]}}],"collection":[{"href":"https:\/\/gruene-wiesbaden.de\/hr\/wp-json\/wp\/v2\/posts"}],"about":[{"href":"https:\/\/gruene-wiesbaden.de\/hr\/wp-json\/wp\/v2\/types\/post"}],"author":[{"embeddable":true,"href":"https:\/\/gruene-wiesbaden.de\/hr\/wp-json\/wp\/v2\/users\/1"}],"replies":[{"embeddable":true,"href":"https:\/\/gruene-wiesbaden.de\/hr\/wp-json\/wp\/v2\/comments?post=1278"}],"version-history":[{"count":2,"href":"https:\/\/gruene-wiesbaden.de\/hr\/wp-json\/wp\/v2\/posts\/1278\/revisions"}],"predecessor-version":[{"id":1282,"href":"https:\/\/gruene-wiesbaden.de\/hr\/wp-json\/wp\/v2\/posts\/1278\/revisions\/1282"}],"wp:featuredmedia":[{"embeddable":true,"href":"https:\/\/gruene-wiesbaden.de\/hr\/wp-json\/wp\/v2\/media\/1280"}],"wp:attachment":[{"href":"https:\/\/gruene-wiesbaden.de\/hr\/wp-json\/wp\/v2\/media?parent=1278"}],"wp:term":[{"taxonomy":"category","embeddable":true,"href":"https:\/\/gruene-wiesbaden.de\/hr\/wp-json\/wp\/v2\/categories?post=1278"},{"taxonomy":"post_tag","embeddable":true,"href":"https:\/\/gruene-wiesbaden.de\/hr\/wp-json\/wp\/v2\/tags?post=1278"}],"curies":[{"name":"wp","href":"https:\/\/api.w.org\/{rel}","templated":true}]}}