{"id":1222,"date":"2025-08-01T22:40:52","date_gmt":"2025-08-01T20:40:52","guid":{"rendered":"https:\/\/gruene-wiesbaden.de\/?p=1222"},"modified":"2026-04-08T22:38:25","modified_gmt":"2026-04-08T20:38:25","slug":"lore-ipsum-samed","status":"publish","type":"post","link":"https:\/\/gruene-wiesbaden.de\/hr\/lore-ipsum-samed\/","title":{"rendered":"Poljoprivreda i \u0161umarstvo"},"content":{"rendered":"<section class=\"l-section wpb_row height_medium with_img\"><div class=\"l-section-img\" role=\"img\" data-img-width=\"1080\" data-img-height=\"800\" style=\"background-image: url(https:\/\/gruene-wiesbaden.de\/wp-content\/uploads\/2025\/11\/neuer-Verlauf-gruene-wiesbaden.de_-2-e1762709402177.png);\"><\/div><div class=\"l-section-overlay\" style=\"background:var(--color-header-top-transparent-bg)\"><\/div><div class=\"l-section-h i-cf\"><div class=\"g-cols vc_row via_grid cols_1 laptops-cols_inherit tablets-cols_inherit mobiles-cols_1 valign_top type_default stacking_default\"><div class=\"wpb_column vc_column_container\"><div class=\"vc_column-inner\"><h1 class=\"w-post-elm post_title us_custom_a574d586 has_text_color entry-title\">Poljoprivreda i \u0161umarstvo<\/h1><div class=\"w-separator size_medium\"><\/div><div class=\"g-cols wpb_row via_grid cols_2-1 laptops-cols_inherit tablets-cols_inherit mobiles-cols_1 valign_top type_default stacking_default\" style=\"--columns-gap:3rem;\"><div class=\"wpb_column vc_column_container\"><div class=\"vc_column-inner\"><div class=\"wpb_text_column us_custom_8b3d6790 has_text_color\"><div class=\"wpb_wrapper\"><p><span style=\"font-weight: 400;\">Poljoprivreda i \u0161umarstvo nisu samo gospodarski sektori, ve\u0107 su i temelj na\u0161e hrane, krajolika i klime. Bilo u gradu ili na selu: Na\u010din na koji se bavimo poljoprivredom izravno utje\u010de na na\u0161u kvalitetu \u017eivota, zdravlje i okoli\u0161.<\/span><\/p>\n<p><span style=\"font-weight: 400;\">Suo\u010davamo se s izazovom osmi\u0161ljavanja odr\u017eive poljoprivrede koja je okoli\u0161no odr\u017eiva i ekonomski odr\u017eiva i \u010diji proizvodi mogu biti dostupni bilo kojem ku\u0107anstvu.<\/span><\/p>\n<p><span style=\"font-weight: 400;\">\u0160ume su motori velikih ciklusa materijala ve\u0107 milijunima godina. Njihovu ekolo\u0161ku funkciju stavljamo u sredi\u0161te na\u0161e strategije razvoja \u0161uma, jer su mje\u0161ovite \u0161ume otporne na klimatske promjene jamci \u010diste pitke vode, \u010distog zraka, o\u010duvanja bioraznolikosti i hladnijeg grada u vru\u0107im ljetima.<\/span><\/p>\n<\/div><\/div><div class=\"w-separator size_medium\"><\/div><div class=\"w-btn-wrapper align_left\"><a class=\"w-btn us-btn-style_8 icon_atleft\" href=\"https:\/\/gruene-wiesbaden.de\/hr\/kommunalwahl\/#Kapitel1\"><i class=\"fas fa-chevron-circle-right\"><\/i><span class=\"w-btn-label\">Povratak na pregled<\/span><\/a><\/div><\/div><\/div><div class=\"wpb_column vc_column_container\"><div class=\"vc_column-inner\"><div class=\"w-image align_center\"><div class=\"w-image-h\"><img decoding=\"async\" width=\"1920\" height=\"2560\" src=\"https:\/\/gruene-wiesbaden.de\/wp-content\/uploads\/2025\/07\/noaa-SkJG9sNkQVQ-unsplash-scaled.jpg\" class=\"attachment-full size-full\" alt=\"\" loading=\"lazy\" srcset=\"https:\/\/gruene-wiesbaden.de\/wp-content\/uploads\/2025\/07\/noaa-SkJG9sNkQVQ-unsplash-scaled.jpg 1920w, https:\/\/gruene-wiesbaden.de\/wp-content\/uploads\/2025\/07\/noaa-SkJG9sNkQVQ-unsplash-300x400.jpg 300w, https:\/\/gruene-wiesbaden.de\/wp-content\/uploads\/2025\/07\/noaa-SkJG9sNkQVQ-unsplash-450x600.jpg 450w\" sizes=\"auto, (max-width: 1920px) 100vw, 1920px\" \/><\/div><\/div><div class=\"w-separator size_small\"><\/div><\/div><\/div><\/div><div class=\"w-separator size_medium\"><\/div><div class=\"w-separator size_medium\"><\/div><div class=\"wpb_text_column\"><div class=\"wpb_wrapper\"><h1>\u0160to za nas zna\u010di odr\u017eiva poljoprivreda i \u0161umarstvo<\/h1>\n<\/div><\/div><div class=\"w-separator size_large\"><\/div><div class=\"g-cols wpb_row via_grid cols_3 laptops-cols_inherit tablets-cols_inherit mobiles-cols_1 valign_top type_default stacking_default\" style=\"--columns-gap:3rem;\"><div class=\"wpb_column vc_column_container\"><div class=\"vc_column-inner\"><div class=\"w-iconbox us_custom_f4639b64 has_text_color iconpos_left style_default color_custom align_left\"><div class=\"w-iconbox-icon\" style=\"font-size:2rem;--icon-color:#Ffffff;--icon-bg-color:var(--color-header-middle-bg);\"><i class=\"fas fa-layer-group\"><\/i><\/div><div class=\"w-iconbox-meta\"><h4 class=\"w-iconbox-title\" style=\"font-size:1.5rem;\">O\u010duvanje prirode od strane poljoprivrednika<\/h4><div class=\"w-iconbox-text\"><p><span style=\"font-weight: 400;\">Zala\u017eemo se za politiku koja sura\u0111uje s poljoprivrednicima kako bismo za\u0161titili na\u0161u prirodu. Oni temeljito poznaju va\u017enost zdravog tla, \u010diste vode i biolo\u0161ke raznolikosti \u2013 temelja na kojima egzistencijalno ovise i njihov rad kao poljoprivrednika i na\u0161 cijeli ekosustav.<\/span><\/p>\n<\/div><\/div><\/div><\/div><\/div><div class=\"wpb_column vc_column_container\"><div class=\"vc_column-inner\"><div class=\"w-iconbox us_custom_f4639b64 has_text_color iconpos_left style_default color_custom align_left\"><div class=\"w-iconbox-icon\" style=\"font-size:2rem;--icon-color:#Ffffff;--icon-bg-color:var(--color-header-transparent-text);\"><i class=\"fas fa-layer-group\"><\/i><\/div><div class=\"w-iconbox-meta\"><h4 class=\"w-iconbox-title\" style=\"font-size:1.5rem;\">Promicanje zdravog tla<\/h4><div class=\"w-iconbox-text\"><p><span style=\"font-weight: 400;\">Na\u0161a tla su osnova za gotovo sve \u0161to slije\u0107e na na\u0161e plo\u010de i neophodna su za o\u010duvanje biolo\u0161ke raznolikosti. Podr\u017eavamo upravljanje koje jam\u010di dugoro\u010dnu vitalnost.<\/span><\/p>\n<\/div><\/div><\/div><\/div><\/div><div class=\"wpb_column vc_column_container\"><div class=\"vc_column-inner\"><div class=\"w-iconbox us_custom_f4639b64 has_text_color iconpos_left style_default color_custom align_left\"><div class=\"w-iconbox-icon\" style=\"font-size:2rem;--icon-color:#Ffffff;--icon-bg-color:var(--color-header-transparent-text);\"><i class=\"fas fa-layer-group\"><\/i><\/div><div class=\"w-iconbox-meta\"><h4 class=\"w-iconbox-title\" style=\"font-size:1.5rem;\">Razmi\u0161ljanje o \u0161umi i igri zajedno<\/h4><div class=\"w-iconbox-text\"><p><span style=\"font-weight: 400;\">Netaknuta \u0161uma \u017eivi u ravnote\u017ei. Za nas je klju\u010dno da politi\u010dari posvete jednaku pozornost za\u0161titi divljih \u017eivotinja i zdravlju na\u0161ih \u0161uma, u bliskoj suradnji s lovcima.<\/span><\/p>\n<\/div><\/div><\/div><\/div><\/div><\/div><div class=\"w-separator size_medium\"><\/div><div class=\"g-cols wpb_row via_grid cols_3 laptops-cols_inherit tablets-cols_inherit mobiles-cols_1 valign_top type_default stacking_default\" style=\"--columns-gap:3rem;\"><div class=\"wpb_column vc_column_container\"><div class=\"vc_column-inner\"><div class=\"w-iconbox us_custom_f4639b64 has_text_color iconpos_left style_default color_custom align_left\"><div class=\"w-iconbox-icon\" style=\"font-size:2rem;--icon-color:#Ffffff;--icon-bg-color:var(--color-header-middle-bg);\"><i class=\"fas fa-layer-group\"><\/i><\/div><div class=\"w-iconbox-meta\"><h4 class=\"w-iconbox-title\" style=\"font-size:1.5rem;\">Ja\u010danje regionalne, zdrave prehrane<\/h4><div class=\"w-iconbox-text\"><p><span style=\"font-weight: 400;\">Va\u017eno nam je da se zdrava hrana proizvodi u na\u0161oj regiji po pristupa\u010dnim cijenama. Dobra hrana temelj je za aktivan i ugodan \u017eivot \u2013 za nas, na\u0161u djecu i unuke. To je za sve, a ne kao privilegija nekolicine.<\/span><\/p>\n<\/div><\/div><\/div><\/div><\/div><div class=\"wpb_column vc_column_container\"><div class=\"vc_column-inner\"><div class=\"w-iconbox us_custom_836f727b has_text_color iconpos_left style_default color_custom align_left\"><div class=\"w-iconbox-icon\" style=\"font-size:2rem;--icon-color:#Ffffff;--icon-bg-color:var(--color-header-transparent-text);\"><i class=\"fas fa-layer-group\"><\/i><\/div><div class=\"w-iconbox-meta\"><h4 class=\"w-iconbox-title\" style=\"font-size:1.5rem;\">Predanost ve\u0107oj dobrobiti \u017eivotinja<\/h4><div class=\"w-iconbox-text\"><p><span style=\"font-weight: 400;\">Industrijska tvorni\u010dka poljoprivreda uzrokuje patnju \u017eivotinja, one\u010di\u0161\u0107uje vodu i klimu te mo\u017ee ugroziti na\u0161e zdravlje. Predani smo regionalnom uzgoju \u017eivotinja primjerenom vrstama.<\/span><\/p>\n<\/div><\/div><\/div><\/div><\/div><div class=\"wpb_column vc_column_container\"><div class=\"vc_column-inner\"><div class=\"w-iconbox us_custom_f4639b64 has_text_color iconpos_left style_default color_custom align_left\"><div class=\"w-iconbox-icon\" style=\"font-size:2rem;--icon-color:#Ffffff;--icon-bg-color:var(--color-header-transparent-text);\"><i class=\"fas fa-layer-group\"><\/i><\/div><div class=\"w-iconbox-meta\"><h4 class=\"w-iconbox-title\" style=\"font-size:1.5rem;\">O\u010duvanje kulturnih krajolika<\/h4><div class=\"w-iconbox-text\"><p><span style=\"font-weight: 400;\">Male strukture na\u0161ih poljoprivrednih podru\u010dja imaju nevjerojatno blago bioraznolikosti i kulturne ba\u0161tine. Oni odra\u017eavaju pa\u017eljivo kori\u0161tenje na\u0161ih prirodnih resursa.<\/span><\/p>\n<\/div><\/div><\/div><\/div><\/div><\/div><div class=\"w-separator size_medium\"><\/div><div class=\"w-btn-wrapper align_left\"><a class=\"w-btn us-btn-style_8 icon_atleft\" href=\"https:\/\/gruene-wiesbaden.de\/hr\/kommunalwahl\/#Kapitel1\"><i class=\"fas fa-chevron-circle-right\"><\/i><span class=\"w-btn-label\">Povratak na pregled<\/span><\/a><\/div><div class=\"w-separator size_medium\"><\/div><\/div><\/div><\/div><\/div><\/section><section class=\"l-section wpb_row height_auto with_img\"><div class=\"l-section-img\" role=\"img\" data-img-width=\"1920\" data-img-height=\"2560\" style=\"background-image: url(https:\/\/gruene-wiesbaden.de\/wp-content\/uploads\/2025\/07\/noaa-SkJG9sNkQVQ-unsplash-scaled.jpg);background-repeat: no-repeat;\"><\/div><div class=\"l-section-overlay\" style=\"background:var(--color-header-top-transparent-bg)\"><\/div><div class=\"l-section-h i-cf\"><div class=\"g-cols vc_row via_grid cols_1 laptops-cols_inherit tablets-cols_inherit mobiles-cols_1 valign_middle type_default stacking_default\" style=\"--columns-gap:1rem;\"><div class=\"wpb_column vc_column_container\"><div class=\"vc_column-inner\"><div class=\"w-separator size_large\"><\/div><div class=\"wpb_text_column background_inside_text\"><div class=\"wpb_wrapper\"><h1>\u0160to konkretno \u017eelimo u\u010diniti u ovom podru\u010dju<\/h1>\n<\/div><\/div><div class=\"w-separator size_medium\"><\/div><div class=\"w-tabs us_custom_42d693a0 has_text_color style_default switch_click accordion has_scrolling\" style=\"--sections-title-size:1.4rem\"><div class=\"w-tabs-sections titles-align_none icon_chevron cpos_right\"><div class=\"w-tabs-section has_text_color\" id=\"g477\" style=\"background:var(--color-header-transparent-text);color:var(--color-header-top-text-hover);\"><button class=\"w-tabs-section-header\" aria-controls=\"content-g477\" aria-expanded=\"false\"><div class=\"w-tabs-section-title\">Razvoj na\u0161ih prigradskih \u0161uma na na\u010din koji je otporan na budu\u0107e promjene<\/div><div class=\"w-tabs-section-control\"><\/div><\/button><div  class=\"w-tabs-section-content\" id=\"content-g477\"><div class=\"w-tabs-section-content-h i-cf\"><div class=\"wpb_text_column\"><div class=\"wpb_wrapper\"><p><span style=\"font-weight: 400;\">\u0160ume su jedan od na\u0161ih najva\u017enijih sustava za skladi\u0161tenje ugljika koji osigurava svje\u017ei zrak, za\u0161titu vrsta, obnovu podzemnih voda i rekreaciju te, naposljetku, osigurava sirovine. Na\u0161a urbana \u0161uma, s poznatom \u201egr\u010dkom kapelicom\u201d i Opelbadom, jedna je od znamenitosti Wiesbadena, izvor na\u0161e kvalitete \u017eivota i stoga je posebno bliska na\u0161im srcima. \u017delimo konstruktivno rje\u0161avanje konkurentskih namjena i daljnji razvoj \u0161ume u blizini prirode kako bi se oja\u010dala otpornost na rastu\u0107e temperature, su\u0161e, obilne ki\u0161e i oluje. To je jedini na\u010din da se odr\u017ei u\u010dinak hla\u0111enja u sredi\u0161tu grada. \u017delimo raditi na ja\u010danju i stvaranju vidljive ekolo\u0161ki prihvatljive drvene podloge s konjima u gradskoj \u0161umi. Na taj na\u010din grad Wiesbaden mo\u017ee o\u010duvati vrijedno \u0161umsko tlo, smanjiti potro\u0161nju fosilnih goriva i postati model za brigu o \u0161umama koji je blizak prirodi tijekom cijele godine.<\/span><\/p>\n<\/div><\/div><\/div><\/div><\/div><div class=\"w-tabs-section has_text_color\" id=\"b5b2\" style=\"background:var(--color-header-transparent-text);color:var(--color-header-top-text-hover);\"><button class=\"w-tabs-section-header\" aria-controls=\"content-b5b2\" aria-expanded=\"false\"><div class=\"w-tabs-section-title\">Za\u0161tita tla kao temelj na\u0161e budu\u0107nosti<\/div><div class=\"w-tabs-section-control\"><\/div><\/button><div  class=\"w-tabs-section-content\" id=\"content-b5b2\"><div class=\"w-tabs-section-content-h i-cf\"><div class=\"wpb_text_column\"><div class=\"wpb_wrapper\"><p><span style=\"font-weight: 400;\">Poljoprivreda zahtijeva zdrave usjeve. \u017delimo oja\u010dati za\u0161titu tla i regenerativno upravljanje kako bi se o\u010duvali na\u0161i ekosustavi. Oni su temelj na\u0161e regionalne proizvodnje hrane i daju va\u017ean doprinos za\u0161titi klime i bioraznolikosti. U budu\u0107oj zemlji\u0161noj politici moraju se kombinirati okoli\u0161ni, socijalni i gospodarski aspekti. Gubitak plodnog tla kroz razvoj i brtvljenje je nepovratan i stoga se ne smije tolerirati. \u017delimo da grad Wiesbaden zaustavi dodatno brtvljenje prljavih cesta. Ako je to mogu\u0107e i ako nema sukoba u uporabi (npr. s biciklisti\u010dkim stazama), poljske staze trebalo bi ponovno zape\u010datiti jer se neke doma\u0107e divlje \u017eivotinje oslanjaju na otvorena tla, primjerice kao izvor gra\u0111evinskog materijala. Kako bismo podigli svijest o vrijednosti vitalnih tala, \u017eelimo da grad Wiesbaden urbana podru\u010dja u\u010dini dostupnima za zajedni\u010dke vrtove i permakulturne projekte.<\/span><\/p>\n<\/div><\/div><\/div><\/div><\/div><div class=\"w-tabs-section has_text_color\" id=\"t6d9\" style=\"background:var(--color-header-transparent-text);color:var(--color-header-top-text-hover);\"><button class=\"w-tabs-section-header\" aria-controls=\"content-t6d9\" aria-expanded=\"false\"><div class=\"w-tabs-section-title\">Potpora poljoprivrednicima<\/div><div class=\"w-tabs-section-control\"><\/div><\/button><div  class=\"w-tabs-section-content\" id=\"content-t6d9\"><div class=\"w-tabs-section-content-h i-cf\"><div class=\"wpb_text_column\"><div class=\"wpb_wrapper\"><p><span style=\"font-weight: 400;\">Na\u0161i poljoprivrednici najva\u017eniji su partneri za o\u010duvanje na\u0161ih prirodnih \u017eivotnih uvjeta i o\u010duvanje na\u0161e prehrane. \u017delimo poljoprivredu koja je ekolo\u0161ki kompatibilna, ekonomski odr\u017eiva i cjenovno pristupa\u010dna za sve. Kako bi se to postiglo, uzgoj mora biti otporan na klimatske promjene i ekstremne vremenske uvjete. Prelazak na ekolo\u0161ku poljoprivredu jednako je ulaganje u budu\u0107nost kao i uvo\u0111enje digitalne poljoprivrede. \u017delimo da grad Wiesbaden aktivno podupire poljoprivrednike u tim koracima kako bi se zaustavili daljnji sudski nasljednici.<\/span><\/p>\n<\/div><\/div><\/div><\/div><\/div><div class=\"w-tabs-section has_text_color\" id=\"g821\" style=\"background:var(--color-header-middle-bg);color:var(--color-content-heading);\"><button class=\"w-tabs-section-header\" aria-controls=\"content-g821\" aria-expanded=\"false\"><div class=\"w-tabs-section-title\">Ja\u010danje regionalne proizvodnje hrane<\/div><div class=\"w-tabs-section-control\"><\/div><\/button><div  class=\"w-tabs-section-content\" id=\"content-g821\"><div class=\"w-tabs-section-content-h i-cf\"><div class=\"wpb_text_column\"><div class=\"wpb_wrapper\"><p><span style=\"font-weight: 400;\">Wiesbadenova poljoprivreda je stup na\u0161e sigurnosti opskrbe hranom. Globalne krize pokazuju va\u017enost neovisne i otporne proizvodnje hrane. Istodobno se smanjuju tro\u0161kovi energije za prijevoz do potro\u0161a\u010da. U tu svrhu \u017eelimo da grad Wiesbaden izgradi lokalnu infrastrukturu i promi\u010de regionalni marketing. To uklju\u010duje promicanje tjednih tr\u017ei\u0161ta, posebno u predgra\u0111ima. Podr\u017eavamo koncept kratkih udaljenosti i proizvodnje nove hrane, kao \u0161to su vertikalna poljoprivreda i akvaponika.<\/span><\/p>\n<\/div><\/div><\/div><\/div><\/div><div class=\"w-tabs-section has_text_color\" id=\"r945\" style=\"background:var(--color-header-transparent-text);color:var(--color-header-top-text-hover);\"><button class=\"w-tabs-section-header\" aria-controls=\"content-r945\" aria-expanded=\"false\"><div class=\"w-tabs-section-title\">Uskla\u0111ivanje poljoprivrede i o\u010duvanja prirode<\/div><div class=\"w-tabs-section-control\"><\/div><\/button><div  class=\"w-tabs-section-content\" id=\"content-r945\"><div class=\"w-tabs-section-content-h i-cf\"><div class=\"wpb_text_column\"><div class=\"wpb_wrapper\"><p><span style=\"font-weight: 400;\">Predani smo metodama uzgoja koje ne zahtijevaju sinteti\u010dka sredstva za za\u0161titu bilja i time \u0161tite tlo, vodna tijela, na\u0161e zdravlje i cjelokupnu lokalnu floru i faunu. Tamo gdje to jo\u0161 nije mogu\u0107e, \u017eelimo da se u vodotocima i vodama uspostave i pro\u0161ire zone bez gnojiva i pesticida kako bi se smanjio unos one\u010di\u0161\u0107uju\u0107ih tvari. Kako bismo za\u0161titili bioraznolikost, \u017eelimo da grad Wiesbaden promi\u010de svijest o va\u017enosti cvjetnih traka i \u017eivica. U budu\u0107nosti \u017eelimo da se upravljanje krajobrazom sve vi\u0161e osigura kao dodatni izvor prihoda za poljoprivrednike.<\/span><\/p>\n<\/div><\/div><\/div><\/div><\/div><div class=\"w-tabs-section has_text_color\" id=\"xa7c\" style=\"background:var(--color-header-middle-bg);color:var(--color-header-middle-text);\"><button class=\"w-tabs-section-header\" aria-controls=\"content-xa7c\" aria-expanded=\"false\"><div class=\"w-tabs-section-title\">Ja\u010danje na\u0161eg kulturnog krajolika<\/div><div class=\"w-tabs-section-control\"><\/div><\/button><div  class=\"w-tabs-section-content\" id=\"content-xa7c\"><div class=\"w-tabs-section-content-h i-cf\"><div class=\"wpb_text_column\"><div class=\"wpb_wrapper\"><p><span style=\"font-weight: 400;\">Stray vo\u0107njaci i vinogradi koji se uzgajaju u blizini prirode ne samo da karakteriziraju na\u0161 kulturni krajolik, ve\u0107 su i neophodna stani\u0161ta za brojne \u017eivotinje i biljke, oni su me\u0111u najbogatijim stani\u0161tima u srednjoj Europi. Oko Wiesbadena jo\u0161 uvijek postoji zahvalno velika zaliha starih vo\u0107njaka, \u010diji status za\u0161tite \u017eelimo trajno osigurati kod grada Wiesbadena. Podr\u017eavamo njihovu brigu i ja\u010damo lokalni marketing kako bi se ra\u0161trkani vo\u0107ni proizvodi ponovno mogli cijeniti i kako bi poljoprivreda mogla biti korisna.<\/span><\/p>\n<p><span style=\"font-weight: 400;\">Sponzorstvom vo\u0107aka, kampanjama njege i projektima berbe \u017eelimo podi\u0107i svijest o vrijednosti tih stani\u0161ta i aktivirati anga\u017eman civilnog dru\u0161tva. \u017delimo da grad podr\u017ei predanost zajednice i promi\u010de sponzorstva vo\u0107njaka u kojima se, na primjer, stanovnici grada brinu o vo\u0107njaku zajedno s ljudima iz predgra\u0111a.<\/span><\/p>\n<\/div><\/div><\/div><\/div><\/div><div class=\"w-tabs-section has_text_color\" id=\"mbc8\" style=\"background:var(--color-header-transparent-text);color:var(--color-header-top-text-hover);\"><button class=\"w-tabs-section-header\" aria-controls=\"content-mbc8\" aria-expanded=\"false\"><div class=\"w-tabs-section-title\">Potpora domeni Mechtildshausen u budu\u0107nosti u okviru WJW-a<\/div><div class=\"w-tabs-section-control\"><\/div><\/button><div  class=\"w-tabs-section-content\" id=\"content-mbc8\"><div class=\"w-tabs-section-content-h i-cf\"><div class=\"wpb_text_column\"><div class=\"wpb_wrapper\"><p><span style=\"font-weight: 400;\">S domenom Mechtildshausen, grad Wiesbaden ima vode\u0107u ekolo\u0161ku poljoprivredu i obrtni\u0161tvo koje uklju\u010duje trgovine poljoprivrednim gospodarstvima, gastronomiju i konji\u010dke staje. Dio je Wiesbadener Jugendwerkstatta (WJW), koji osposobljava mlade i odrasle u socijalno nepovoljnom polo\u017eaju i pru\u017ea \u0161irok raspon dodatnih obrazovnih mogu\u0107nosti. Predani smo o\u010duvanju WJW-a u tom obliku, uklju\u010duju\u0107i podru\u010dje Mechtildshausen.<\/span><\/p>\n<p><span style=\"font-weight: 400;\">Osim toga, \u017eelimo eksperimentirati s sadnjom prilago\u0111enom lokaciji i pobolj\u0161ati prijenos znanja izme\u0111u istra\u017eivanja i poljoprivredne prakse. Zato smo predani uspostavi mjesta za u\u010denje za inovativnu poljoprivredu, gdje se prenosi prakti\u010dno iskustvo.<\/span><\/p>\n<\/div><\/div><\/div><\/div><\/div><div class=\"w-tabs-section has_text_color\" id=\"ncfb\" style=\"background:var(--color-header-transparent-text);color:var(--color-header-top-text-hover);\"><button class=\"w-tabs-section-header\" aria-controls=\"content-ncfb\" aria-expanded=\"false\"><div class=\"w-tabs-section-title\">Uronite u gradsku \u0161umu<\/div><div class=\"w-tabs-section-control\"><\/div><\/button><div  class=\"w-tabs-section-content\" id=\"content-ncfb\"><div class=\"w-tabs-section-content-h i-cf\"><div class=\"wpb_text_column\"><div class=\"wpb_wrapper\"><p><span style=\"font-weight: 400;\">Na\u0161e \u0161ume nisu samo nakupine drve\u0107a, one su plu\u0107a na\u0161eg planeta i riznice bioraznolikosti.<\/span><\/p>\n<p><span style=\"font-weight: 400;\">Predani smo informacijskom i medijskom programu koji djecu i mlade posebno u\u010di va\u017enosti \u0161ume kao digitalne ponude. \u017delimo oja\u010dati suradnju op\u0107inskih \u0161umara sa \u0161kolama, vrti\u0107ima i udrugama za za\u0161titu okoli\u0161a. To uklju\u010duje \u0161umske ture, projektne dane i ponude za edukaciju o okoli\u0161u. Kroz oblike dijaloga izme\u0111u grada Wiesbadena i stanovni\u0161tva izravno u gradskoj \u0161umi, \u017eelimo uklju\u010diti gra\u0111ane Wiesbadena u strategije ekolo\u0161kog gospodarenja \u0161umama i koristiti njihovo znanje u kontekstu gra\u0111anskih znanstvenih projekata.<\/span><\/p>\n<\/div><\/div><\/div><\/div><\/div><div class=\"w-tabs-section has_text_color\" id=\"je24\" style=\"background:var(--color-header-transparent-text);color:var(--color-header-top-text-hover);\"><button class=\"w-tabs-section-header\" aria-controls=\"content-je24\" aria-expanded=\"false\"><div class=\"w-tabs-section-title\">Dizajniranje na\u0161ih \u0161uma za sve<\/div><div class=\"w-tabs-section-control\"><\/div><\/button><div  class=\"w-tabs-section-content\" id=\"content-je24\"><div class=\"w-tabs-section-content-h i-cf\"><div class=\"wpb_text_column\"><div class=\"wpb_wrapper\"><p><span style=\"font-weight: 400;\">Gradska \u0161uma neizostavan je dio na\u0161e domovine i rekreacijsko podru\u010dje koje je slobodno dostupno svim gra\u0111anima. \u017delimo uspostaviti pristupa\u010dnost javnim prijevozom iz centra grada i istodobno za\u0161tititi osjetljiva podru\u010dja od poreme\u0107aja. Staze bez prepreka, \u0161umska igrali\u0161ta i mogu\u0107nosti rekreacije trebali bi omogu\u0107iti svim ljudima da do\u017eive prirodu na opu\u0161ten na\u010din. \u017delimo da grad osigura da \u0161etnje \u0161umom ne vode kroz podru\u010dje osjetljive divlje ma\u010dke. Lovci su va\u017eni doprinositelji \u0161umskom dizajnu. Zala\u017eemo se za to da lov bude sve vi\u0161e usmjeren na ekolo\u0161ke kriterije i da omogu\u0107i prirodnu obnovu \u0161uma. Wiesbaden je stoga uveo koncept ekolo\u0161kog lova kojim se podupire prenamjena \u0161uma i istodobno osiguravaju metode lova koje pogoduju dobrobiti \u017eivotinja. Samo ako svi korisnici \u0161uma rade zajedno mo\u017eemo sa\u010duvati na\u0161e \u0161ume za budu\u0107nost. Predani smo nastavku certifikacije prema FSC-u i Naturlandu.<\/span><\/p>\n<\/div><\/div><\/div><\/div><\/div><div class=\"w-tabs-section has_text_color\" id=\"sf56\" style=\"background:var(--color-header-transparent-text);color:var(--color-header-top-text-hover);\"><button class=\"w-tabs-section-header\" aria-controls=\"content-sf56\" aria-expanded=\"false\"><div class=\"w-tabs-section-title\">Poti\u010demo po\u0161tivanje doma\u0107ih i divljih \u017eivotinja<\/div><div class=\"w-tabs-section-control\"><\/div><\/button><div  class=\"w-tabs-section-content\" id=\"content-sf56\"><div class=\"w-tabs-section-content-h i-cf\"><div class=\"wpb_text_column\"><div class=\"wpb_wrapper\"><p><span style=\"font-weight: 400;\">Promi\u010demo brige skloni\u0161ta za \u017eivotinje u Wiesbadenu i podupiremo park Cyperus, park \u017eivotinja Kastel i fenasantry. Podr\u017eavamo edukaciju o odgovornom postupanju s novoimigriranim \u017eivotinjskim vrstama. U sredi\u0161tu grada posve\u0107eni smo primjerenoj vrsti i znanstveno podr\u017eanom rukovanju, na primjer, populacijama golubova i Nilgansa.<\/span><\/p>\n<\/div><\/div><\/div><\/div><\/div><\/div><\/div><div class=\"w-separator size_medium\"><\/div><div class=\"w-btn-wrapper align_left\"><a class=\"w-btn us-btn-style_8 icon_atleft\" href=\"https:\/\/gruene-wiesbaden.de\/hr\/kommunalwahl\/#Kapitel1\"><i class=\"fas fa-chevron-circle-right\"><\/i><span class=\"w-btn-label\">Povratak na pregled<\/span><\/a><\/div><div class=\"w-separator size_large\"><\/div><div class=\"wpb_text_column\"><div class=\"wpb_wrapper\"><h1>\u0160to smo ve\u0107 postigli<\/h1>\n<\/div><\/div><div class=\"w-separator size_medium\"><\/div><div class=\"w-tabs us_custom_42d693a0 has_text_color style_default switch_click accordion has_scrolling\" style=\"--sections-title-size:1.4rem\"><div class=\"w-tabs-sections titles-align_none icon_chevron cpos_right\"><div class=\"w-tabs-section has_text_color\" id=\"h4ed\" style=\"background:var(--color-header-transparent-text);color:var(--color-header-top-text-hover);\"><button class=\"w-tabs-section-header\" aria-controls=\"content-h4ed\" aria-expanded=\"false\"><div class=\"w-tabs-section-title\">Wiesbaden je \u0161umsko podru\u010dje 2025. godine<\/div><div class=\"w-tabs-section-control\"><\/div><\/button><div  class=\"w-tabs-section-content\" id=\"content-h4ed\"><div class=\"w-tabs-section-content-h i-cf\"><div class=\"wpb_text_column\"><div class=\"wpb_wrapper\"><p><span style=\"font-weight: 400;\">Gradska \u0161uma u Wiesbadenu dobila je ovu nagradu za na\u0161u metodu upravljanja usmjerenu na prirodu, kao i za dugogodi\u0161nju certifikaciju FSC-a i Naturlanda. Ciljanom upotrebom drvenih konja u gradskoj \u0161umi, grad je uspostavio uspje\u0161an na\u010din kombiniranja ekologije i gospodarstva.<\/span><\/p>\n<\/div><\/div><\/div><\/div><\/div><div class=\"w-tabs-section has_text_color\" id=\"w60b\" style=\"background:var(--color-header-transparent-text);color:var(--color-header-top-text-hover);\"><button class=\"w-tabs-section-header\" aria-controls=\"content-w60b\" aria-expanded=\"false\"><div class=\"w-tabs-section-title\">Divlje i \u0161umske vrste \u2013 koncept lova u Wiesbadenu<\/div><div class=\"w-tabs-section-control\"><\/div><\/button><div  class=\"w-tabs-section-content\" id=\"content-w60b\"><div class=\"w-tabs-section-content-h i-cf\"><div class=\"wpb_text_column\"><div class=\"wpb_wrapper\"><p><span style=\"font-weight: 400;\">Na\u0161 novi koncept lova zadovoljava potrebe \u0161ume i njenog \u017eivotinjskog svijeta, kao i suvremene potrebe lova.<\/span><\/p>\n<\/div><\/div><\/div><\/div><\/div><div class=\"w-tabs-section has_text_color\" id=\"p740\" style=\"background:var(--color-header-transparent-text);color:var(--color-header-top-text-hover);\"><button class=\"w-tabs-section-header\" aria-controls=\"content-p740\" aria-expanded=\"false\"><div class=\"w-tabs-section-title\">O\u010duvane su rijetke \u017eivotinjske vrste<\/div><div class=\"w-tabs-section-control\"><\/div><\/button><div  class=\"w-tabs-section-content\" id=\"content-p740\"><div class=\"w-tabs-section-content-h i-cf\"><div class=\"wpb_text_column\"><div class=\"wpb_wrapper\"><p><span style=\"font-weight: 400;\">Za stare i ugro\u017eene pasmine stoke, grad Wiesbaden razvio je fazanstvo u ark park sa sveobuhvatnim programom i edukativnim ponudama.<\/span><\/p>\n<\/div><\/div><\/div><\/div><\/div><div class=\"w-tabs-section has_text_color\" id=\"f85b\" style=\"background:var(--color-header-middle-bg);color:var(--color-content-heading);\"><button class=\"w-tabs-section-header\" aria-controls=\"content-f85b\" aria-expanded=\"false\"><div class=\"w-tabs-section-title\">Moderno pje\u0161a\u010denje je jednostavno<\/div><div class=\"w-tabs-section-control\"><\/div><\/button><div  class=\"w-tabs-section-content\" id=\"content-f85b\"><div class=\"w-tabs-section-content-h i-cf\"><div class=\"wpb_text_column\"><div class=\"wpb_wrapper\"><p><span style=\"font-weight: 400;\">Zajedno s Parkom prirode RheinTaunus, Wiesbaden je razvio inovativni koncept rute i u\u010dinio 2500 km pje\u0161a\u010dkih staza digitalno dostupnima.<\/span><\/p>\n<\/div><\/div><\/div><\/div><\/div><div class=\"w-tabs-section has_text_color\" id=\"m979\" style=\"background:var(--color-header-transparent-text);color:var(--color-header-top-text-hover);\"><button class=\"w-tabs-section-header\" aria-controls=\"content-m979\" aria-expanded=\"false\"><div class=\"w-tabs-section-title\">Odgovorno postupanje s Wiesbadenovom zemljom<\/div><div class=\"w-tabs-section-control\"><\/div><\/button><div  class=\"w-tabs-section-content\" id=\"content-m979\"><div class=\"w-tabs-section-content-h i-cf\"><div class=\"wpb_text_column\"><div class=\"wpb_wrapper\"><p><span style=\"font-weight: 400;\">Planiranje krajobraza i procjena utjecaja na okoli\u0161 za novi plan kori\u0161tenja zemlji\u0161ta, kao i za regionalni plan South Hesse, stvaraju transparentnost. Njima se pru\u017ea \u010dvrsta tehni\u010dka osnova za budu\u0107e odluke, me\u0111u ostalim, a posebno za gra\u0111ane.<\/span><\/p>\n<\/div><\/div><\/div><\/div><\/div><\/div><\/div><div class=\"w-separator size_medium\"><\/div><div class=\"w-btn-wrapper align_left\"><a class=\"w-btn us-btn-style_8 icon_atleft\" href=\"https:\/\/gruene-wiesbaden.de\/hr\/kommunalwahl\/#Kapitel1\"><i class=\"fas fa-chevron-circle-right\"><\/i><span class=\"w-btn-label\">Povratak na pregled<\/span><\/a><\/div><div class=\"w-separator size_large\"><\/div><\/div><\/div><\/div><\/div><\/section>","protected":false},"excerpt":{"rendered":"Poljoprivreda i \u0161umarstvo nisu samo gospodarski sektori, ve\u0107 su i temelj na\u0161e hrane, krajolika i klime. Bilo u gradu ili na selu: Na\u010din na koji se bavimo poljoprivredom izravno utje\u010de na na\u0161u kvalitetu \u017eivota, zdravlje i okoli\u0161. Suo\u010deni smo s izazovom stvaranja...","protected":false},"author":1,"featured_media":1195,"comment_status":"closed","ping_status":"closed","sticky":false,"template":"","format":"standard","meta":{"footnotes":""},"categories":[14],"tags":[],"class_list":["post-1222","post","type-post","status-publish","format-standard","has-post-thumbnail","hentry","category-kapitel-1"],"yoast_head":"<!-- This site is optimized with the Yoast SEO plugin v27.5 - https:\/\/yoast.com\/product\/yoast-seo-wordpress\/ -->\n<title>Land- und Forstwirtschaft - B\u00dcNDNIS 90\/DIE GR\u00dcNEN Wiesbaden<\/title>\n<meta name=\"robots\" content=\"index, follow, max-snippet:-1, max-image-preview:large, max-video-preview:-1\" \/>\n<link rel=\"canonical\" href=\"https:\/\/gruene-wiesbaden.de\/hr\/lore-ipsum-samed\/\" \/>\n<meta property=\"og:locale\" content=\"hr_HR\" \/>\n<meta property=\"og:type\" content=\"article\" \/>\n<meta property=\"og:title\" content=\"Land- und Forstwirtschaft - B\u00dcNDNIS 90\/DIE GR\u00dcNEN Wiesbaden\" \/>\n<meta property=\"og:url\" content=\"https:\/\/gruene-wiesbaden.de\/hr\/lore-ipsum-samed\/\" \/>\n<meta property=\"og:site_name\" content=\"B\u00dcNDNIS 90\/DIE GR\u00dcNEN Wiesbaden\" \/>\n<meta property=\"article:publisher\" content=\"https:\/\/www.facebook.com\/gruene.wi\" \/>\n<meta property=\"article:published_time\" content=\"2025-08-01T20:40:52+00:00\" \/>\n<meta property=\"article:modified_time\" content=\"2026-04-08T20:38:25+00:00\" \/>\n<meta property=\"og:image\" content=\"https:\/\/gruene-wiesbaden.de\/wp-content\/uploads\/2025\/07\/noaa-SkJG9sNkQVQ-unsplash-scaled.jpg\" \/>\n\t<meta property=\"og:image:width\" content=\"1920\" \/>\n\t<meta property=\"og:image:height\" content=\"2560\" \/>\n\t<meta property=\"og:image:type\" content=\"image\/jpeg\" \/>\n<meta name=\"author\" content=\"admin\" \/>\n<meta name=\"twitter:card\" content=\"summary_large_image\" \/>\n<meta name=\"twitter:label1\" content=\"Napisao\/la\" \/>\n\t<meta name=\"twitter:data1\" content=\"admin\" \/>\n\t<meta name=\"twitter:label2\" content=\"Procijenjeno vrijeme \u010ditanja\" \/>\n\t<meta name=\"twitter:data2\" content=\"10 minutes\" \/>\n<script type=\"application\/ld+json\" class=\"yoast-schema-graph\">{\"@context\":\"https:\\\/\\\/schema.org\",\"@graph\":[{\"@type\":\"Article\",\"@id\":\"https:\\\/\\\/gruene-wiesbaden.de\\\/lore-ipsum-samed\\\/#article\",\"isPartOf\":{\"@id\":\"https:\\\/\\\/gruene-wiesbaden.de\\\/lore-ipsum-samed\\\/\"},\"author\":{\"name\":\"admin\",\"@id\":\"https:\\\/\\\/gruene-wiesbaden.de\\\/#\\\/schema\\\/person\\\/6785c34779159cd4fd86886bb097afe9\"},\"headline\":\"Land- und Forstwirtschaft\",\"datePublished\":\"2025-08-01T20:40:52+00:00\",\"dateModified\":\"2026-04-08T20:38:25+00:00\",\"mainEntityOfPage\":{\"@id\":\"https:\\\/\\\/gruene-wiesbaden.de\\\/lore-ipsum-samed\\\/\"},\"wordCount\":2860,\"publisher\":{\"@id\":\"https:\\\/\\\/gruene-wiesbaden.de\\\/#organization\"},\"image\":{\"@id\":\"https:\\\/\\\/gruene-wiesbaden.de\\\/lore-ipsum-samed\\\/#primaryimage\"},\"thumbnailUrl\":\"https:\\\/\\\/gruene-wiesbaden.de\\\/wp-content\\\/uploads\\\/2025\\\/07\\\/noaa-SkJG9sNkQVQ-unsplash-scaled.jpg\",\"articleSection\":[\"Kapitel 1\"],\"inLanguage\":\"hr\"},{\"@type\":\"WebPage\",\"@id\":\"https:\\\/\\\/gruene-wiesbaden.de\\\/lore-ipsum-samed\\\/\",\"url\":\"https:\\\/\\\/gruene-wiesbaden.de\\\/lore-ipsum-samed\\\/\",\"name\":\"Land- und Forstwirtschaft - B\u00dcNDNIS 90\\\/DIE GR\u00dcNEN Wiesbaden\",\"isPartOf\":{\"@id\":\"https:\\\/\\\/gruene-wiesbaden.de\\\/#website\"},\"primaryImageOfPage\":{\"@id\":\"https:\\\/\\\/gruene-wiesbaden.de\\\/lore-ipsum-samed\\\/#primaryimage\"},\"image\":{\"@id\":\"https:\\\/\\\/gruene-wiesbaden.de\\\/lore-ipsum-samed\\\/#primaryimage\"},\"thumbnailUrl\":\"https:\\\/\\\/gruene-wiesbaden.de\\\/wp-content\\\/uploads\\\/2025\\\/07\\\/noaa-SkJG9sNkQVQ-unsplash-scaled.jpg\",\"datePublished\":\"2025-08-01T20:40:52+00:00\",\"dateModified\":\"2026-04-08T20:38:25+00:00\",\"breadcrumb\":{\"@id\":\"https:\\\/\\\/gruene-wiesbaden.de\\\/lore-ipsum-samed\\\/#breadcrumb\"},\"inLanguage\":\"hr\",\"potentialAction\":[{\"@type\":\"ReadAction\",\"target\":[\"https:\\\/\\\/gruene-wiesbaden.de\\\/lore-ipsum-samed\\\/\"]}]},{\"@type\":\"ImageObject\",\"inLanguage\":\"hr\",\"@id\":\"https:\\\/\\\/gruene-wiesbaden.de\\\/lore-ipsum-samed\\\/#primaryimage\",\"url\":\"https:\\\/\\\/gruene-wiesbaden.de\\\/wp-content\\\/uploads\\\/2025\\\/07\\\/noaa-SkJG9sNkQVQ-unsplash-scaled.jpg\",\"contentUrl\":\"https:\\\/\\\/gruene-wiesbaden.de\\\/wp-content\\\/uploads\\\/2025\\\/07\\\/noaa-SkJG9sNkQVQ-unsplash-scaled.jpg\",\"width\":1920,\"height\":2560},{\"@type\":\"BreadcrumbList\",\"@id\":\"https:\\\/\\\/gruene-wiesbaden.de\\\/lore-ipsum-samed\\\/#breadcrumb\",\"itemListElement\":[{\"@type\":\"ListItem\",\"position\":1,\"name\":\"Startseite\",\"item\":\"https:\\\/\\\/gruene-wiesbaden.de\\\/\"},{\"@type\":\"ListItem\",\"position\":2,\"name\":\"Land- und Forstwirtschaft\"}]},{\"@type\":\"WebSite\",\"@id\":\"https:\\\/\\\/gruene-wiesbaden.de\\\/#website\",\"url\":\"https:\\\/\\\/gruene-wiesbaden.de\\\/\",\"name\":\"DIE GR\u00dcNEN Wiesbaden\",\"description\":\"\",\"publisher\":{\"@id\":\"https:\\\/\\\/gruene-wiesbaden.de\\\/#organization\"},\"potentialAction\":[{\"@type\":\"SearchAction\",\"target\":{\"@type\":\"EntryPoint\",\"urlTemplate\":\"https:\\\/\\\/gruene-wiesbaden.de\\\/?s={search_term_string}\"},\"query-input\":{\"@type\":\"PropertyValueSpecification\",\"valueRequired\":true,\"valueName\":\"search_term_string\"}}],\"inLanguage\":\"hr\"},{\"@type\":\"Organization\",\"@id\":\"https:\\\/\\\/gruene-wiesbaden.de\\\/#organization\",\"name\":\"DIE GR\u00dcNEN Wiesbaden\",\"url\":\"https:\\\/\\\/gruene-wiesbaden.de\\\/\",\"logo\":{\"@type\":\"ImageObject\",\"inLanguage\":\"hr\",\"@id\":\"https:\\\/\\\/gruene-wiesbaden.de\\\/#\\\/schema\\\/logo\\\/image\\\/\",\"url\":\"https:\\\/\\\/gruene-wiesbaden-fuer-europa.de\\\/wp-content\\\/uploads\\\/2024\\\/04\\\/Machen-was-zaehlt-5.png\",\"contentUrl\":\"https:\\\/\\\/gruene-wiesbaden-fuer-europa.de\\\/wp-content\\\/uploads\\\/2024\\\/04\\\/Machen-was-zaehlt-5.png\",\"width\":1772,\"height\":1772,\"caption\":\"DIE GR\u00dcNEN Wiesbaden\"},\"image\":{\"@id\":\"https:\\\/\\\/gruene-wiesbaden.de\\\/#\\\/schema\\\/logo\\\/image\\\/\"},\"sameAs\":[\"https:\\\/\\\/www.facebook.com\\\/gruene.wi\",\"https:\\\/\\\/instagram.com\\\/gruene_wi\"]},{\"@type\":\"Person\",\"@id\":\"https:\\\/\\\/gruene-wiesbaden.de\\\/#\\\/schema\\\/person\\\/6785c34779159cd4fd86886bb097afe9\",\"name\":\"admin\",\"sameAs\":[\"http:\\\/\\\/gruene-wiesbaden-fuer-europa.de\"],\"url\":\"https:\\\/\\\/gruene-wiesbaden.de\\\/hr\\\/author\\\/admin\\\/\"}]}<\/script>\n<!-- \/ Yoast SEO plugin. -->","yoast_head_json":{"title":"Land- und Forstwirtschaft - B\u00dcNDNIS 90\/DIE GR\u00dcNEN Wiesbaden","robots":{"index":"index","follow":"follow","max-snippet":"max-snippet:-1","max-image-preview":"max-image-preview:large","max-video-preview":"max-video-preview:-1"},"canonical":"https:\/\/gruene-wiesbaden.de\/hr\/lore-ipsum-samed\/","og_locale":"hr_HR","og_type":"article","og_title":"Land- und Forstwirtschaft - B\u00dcNDNIS 90\/DIE GR\u00dcNEN Wiesbaden","og_url":"https:\/\/gruene-wiesbaden.de\/hr\/lore-ipsum-samed\/","og_site_name":"B\u00dcNDNIS 90\/DIE GR\u00dcNEN Wiesbaden","article_publisher":"https:\/\/www.facebook.com\/gruene.wi","article_published_time":"2025-08-01T20:40:52+00:00","article_modified_time":"2026-04-08T20:38:25+00:00","og_image":[{"width":1920,"height":2560,"url":"https:\/\/gruene-wiesbaden.de\/wp-content\/uploads\/2025\/07\/noaa-SkJG9sNkQVQ-unsplash-scaled.jpg","type":"image\/jpeg"}],"author":"admin","twitter_card":"summary_large_image","twitter_misc":{"Napisao\/la":"admin","Procijenjeno vrijeme \u010ditanja":"10 minutes"},"schema":{"@context":"https:\/\/schema.org","@graph":[{"@type":"Article","@id":"https:\/\/gruene-wiesbaden.de\/lore-ipsum-samed\/#article","isPartOf":{"@id":"https:\/\/gruene-wiesbaden.de\/lore-ipsum-samed\/"},"author":{"name":"admin","@id":"https:\/\/gruene-wiesbaden.de\/#\/schema\/person\/6785c34779159cd4fd86886bb097afe9"},"headline":"Land- und Forstwirtschaft","datePublished":"2025-08-01T20:40:52+00:00","dateModified":"2026-04-08T20:38:25+00:00","mainEntityOfPage":{"@id":"https:\/\/gruene-wiesbaden.de\/lore-ipsum-samed\/"},"wordCount":2860,"publisher":{"@id":"https:\/\/gruene-wiesbaden.de\/#organization"},"image":{"@id":"https:\/\/gruene-wiesbaden.de\/lore-ipsum-samed\/#primaryimage"},"thumbnailUrl":"https:\/\/gruene-wiesbaden.de\/wp-content\/uploads\/2025\/07\/noaa-SkJG9sNkQVQ-unsplash-scaled.jpg","articleSection":["Kapitel 1"],"inLanguage":"hr"},{"@type":"WebPage","@id":"https:\/\/gruene-wiesbaden.de\/lore-ipsum-samed\/","url":"https:\/\/gruene-wiesbaden.de\/lore-ipsum-samed\/","name":"Land- und Forstwirtschaft - B\u00dcNDNIS 90\/DIE GR\u00dcNEN Wiesbaden","isPartOf":{"@id":"https:\/\/gruene-wiesbaden.de\/#website"},"primaryImageOfPage":{"@id":"https:\/\/gruene-wiesbaden.de\/lore-ipsum-samed\/#primaryimage"},"image":{"@id":"https:\/\/gruene-wiesbaden.de\/lore-ipsum-samed\/#primaryimage"},"thumbnailUrl":"https:\/\/gruene-wiesbaden.de\/wp-content\/uploads\/2025\/07\/noaa-SkJG9sNkQVQ-unsplash-scaled.jpg","datePublished":"2025-08-01T20:40:52+00:00","dateModified":"2026-04-08T20:38:25+00:00","breadcrumb":{"@id":"https:\/\/gruene-wiesbaden.de\/lore-ipsum-samed\/#breadcrumb"},"inLanguage":"hr","potentialAction":[{"@type":"ReadAction","target":["https:\/\/gruene-wiesbaden.de\/lore-ipsum-samed\/"]}]},{"@type":"ImageObject","inLanguage":"hr","@id":"https:\/\/gruene-wiesbaden.de\/lore-ipsum-samed\/#primaryimage","url":"https:\/\/gruene-wiesbaden.de\/wp-content\/uploads\/2025\/07\/noaa-SkJG9sNkQVQ-unsplash-scaled.jpg","contentUrl":"https:\/\/gruene-wiesbaden.de\/wp-content\/uploads\/2025\/07\/noaa-SkJG9sNkQVQ-unsplash-scaled.jpg","width":1920,"height":2560},{"@type":"BreadcrumbList","@id":"https:\/\/gruene-wiesbaden.de\/lore-ipsum-samed\/#breadcrumb","itemListElement":[{"@type":"ListItem","position":1,"name":"Startseite","item":"https:\/\/gruene-wiesbaden.de\/"},{"@type":"ListItem","position":2,"name":"Land- und Forstwirtschaft"}]},{"@type":"WebSite","@id":"https:\/\/gruene-wiesbaden.de\/#website","url":"https:\/\/gruene-wiesbaden.de\/","name":"DIE GR\u00dcNEN Wiesbaden","description":"","publisher":{"@id":"https:\/\/gruene-wiesbaden.de\/#organization"},"potentialAction":[{"@type":"SearchAction","target":{"@type":"EntryPoint","urlTemplate":"https:\/\/gruene-wiesbaden.de\/?s={search_term_string}"},"query-input":{"@type":"PropertyValueSpecification","valueRequired":true,"valueName":"search_term_string"}}],"inLanguage":"hr"},{"@type":"Organization","@id":"https:\/\/gruene-wiesbaden.de\/#organization","name":"DIE GR\u00dcNEN Wiesbaden","url":"https:\/\/gruene-wiesbaden.de\/","logo":{"@type":"ImageObject","inLanguage":"hr","@id":"https:\/\/gruene-wiesbaden.de\/#\/schema\/logo\/image\/","url":"https:\/\/gruene-wiesbaden-fuer-europa.de\/wp-content\/uploads\/2024\/04\/Machen-was-zaehlt-5.png","contentUrl":"https:\/\/gruene-wiesbaden-fuer-europa.de\/wp-content\/uploads\/2024\/04\/Machen-was-zaehlt-5.png","width":1772,"height":1772,"caption":"DIE GR\u00dcNEN Wiesbaden"},"image":{"@id":"https:\/\/gruene-wiesbaden.de\/#\/schema\/logo\/image\/"},"sameAs":["https:\/\/www.facebook.com\/gruene.wi","https:\/\/instagram.com\/gruene_wi"]},{"@type":"Person","@id":"https:\/\/gruene-wiesbaden.de\/#\/schema\/person\/6785c34779159cd4fd86886bb097afe9","name":"admin","sameAs":["http:\/\/gruene-wiesbaden-fuer-europa.de"],"url":"https:\/\/gruene-wiesbaden.de\/hr\/author\/admin\/"}]}},"_links":{"self":[{"href":"https:\/\/gruene-wiesbaden.de\/hr\/wp-json\/wp\/v2\/posts\/1222","targetHints":{"allow":["GET"]}}],"collection":[{"href":"https:\/\/gruene-wiesbaden.de\/hr\/wp-json\/wp\/v2\/posts"}],"about":[{"href":"https:\/\/gruene-wiesbaden.de\/hr\/wp-json\/wp\/v2\/types\/post"}],"author":[{"embeddable":true,"href":"https:\/\/gruene-wiesbaden.de\/hr\/wp-json\/wp\/v2\/users\/1"}],"replies":[{"embeddable":true,"href":"https:\/\/gruene-wiesbaden.de\/hr\/wp-json\/wp\/v2\/comments?post=1222"}],"version-history":[{"count":15,"href":"https:\/\/gruene-wiesbaden.de\/hr\/wp-json\/wp\/v2\/posts\/1222\/revisions"}],"predecessor-version":[{"id":2369,"href":"https:\/\/gruene-wiesbaden.de\/hr\/wp-json\/wp\/v2\/posts\/1222\/revisions\/2369"}],"wp:featuredmedia":[{"embeddable":true,"href":"https:\/\/gruene-wiesbaden.de\/hr\/wp-json\/wp\/v2\/media\/1195"}],"wp:attachment":[{"href":"https:\/\/gruene-wiesbaden.de\/hr\/wp-json\/wp\/v2\/media?parent=1222"}],"wp:term":[{"taxonomy":"category","embeddable":true,"href":"https:\/\/gruene-wiesbaden.de\/hr\/wp-json\/wp\/v2\/categories?post=1222"},{"taxonomy":"post_tag","embeddable":true,"href":"https:\/\/gruene-wiesbaden.de\/hr\/wp-json\/wp\/v2\/tags?post=1222"}],"curies":[{"name":"wp","href":"https:\/\/api.w.org\/{rel}","templated":true}]}}