{"id":882,"date":"2025-02-13T12:00:12","date_gmt":"2025-02-13T12:00:12","guid":{"rendered":"http:\/\/gruene-wiesbaden.de.w0207e8f.kasserver.com\/?p=882"},"modified":"2025-06-16T21:11:03","modified_gmt":"2025-06-16T21:11:03","slug":"mitgliederrekord2025","status":"publish","type":"post","link":"https:\/\/gruene-wiesbaden.de\/fr\/mitgliederrekord2025\/","title":{"rendered":"Nous sommes plus nombreux que jamais! Record de membres pour les Verts de Wiesbaden"},"content":{"rendered":"<section class=\"l-section wpb_row height_medium\"><div class=\"l-section-h i-cf\"><div class=\"g-cols vc_row via_grid cols_1 laptops-cols_inherit tablets-cols_inherit mobiles-cols_1 valign_top type_default stacking_default\"><div class=\"wpb_column vc_column_container\"><div class=\"vc_column-inner\"><h2 class=\"w-post-elm post_title entry-title color_link_inherit\">Nous sommes plus nombreux que jamais! Record de membres pour les Verts de Wiesbaden<\/h2><div class=\"w-post-elm post_image\"><img loading=\"lazy\" decoding=\"async\" width=\"600\" height=\"373\" src=\"https:\/\/gruene-wiesbaden.de\/wp-content\/uploads\/2025\/03\/Bildschirmfoto-2025-06-16-um-22.45.23-600x373.png\" class=\"attachment-large size-large wp-post-image\" alt=\"\" srcset=\"https:\/\/gruene-wiesbaden.de\/wp-content\/uploads\/2025\/03\/Bildschirmfoto-2025-06-16-um-22.45.23-600x373.png 600w, https:\/\/gruene-wiesbaden.de\/wp-content\/uploads\/2025\/03\/Bildschirmfoto-2025-06-16-um-22.45.23-400x249.png 400w, https:\/\/gruene-wiesbaden.de\/wp-content\/uploads\/2025\/03\/Bildschirmfoto-2025-06-16-um-22.45.23.png 1748w\" sizes=\"auto, (max-width: 600px) 100vw, 600px\" \/><\/div><div class=\"w-separator size_medium\"><\/div><div class=\"wpb_text_column\"><div class=\"wpb_wrapper\"><p>Nous sommes plus nombreux que jamais: Depuis la fin des feux de circulation, nous avons 142 nouveaux membres, dont 45 nouvelles entr\u00e9es depuis le d\u00e9but de l'ann\u00e9e. C'est un nouveau record: 722 Les habitants de Wiesbaden sont des VERTS. Cela nous donne un \u00e9norme coup de pouce pour le sprint final de la campagne \u00e9lectorale pour les \u00e9lections f\u00e9d\u00e9rales et les semaines restantes jusqu'\u00e0 l'\u00e9lection du maire de Wiesbaden.<\/p>\n<p>\u00abNous sommes euphoriques de l\u2019arriv\u00e9e de notre parti et tr\u00e8s fiers de chacun. De nombreux nouveaux membres participent activement \u00e0 la campagne \u00e9lectorale. Ensemble, nous sommes motiv\u00e9s \u00e0 tout donner pour les deux campagnes \u00e9lectorales \u00e0 Wiesbaden et \u00e0 dialoguer avec le plus grand nombre possible de personnes\u00bb, a d\u00e9clar\u00e9 Rebecca Thomas, pr\u00e9sidente du district. Daniel Schmitt, \u00e9galement pr\u00e9sident du district de Wiesbaden, raconte la r\u00e9union des nouveaux membres de samedi dernier, \u00e0 laquelle tant de nouveaux membres \u00e9taient pr\u00e9sents que les nouveaux locaux des VERTS dans la Mainzer Stra\u00dfe \u00e9taient occup\u00e9s jusqu'\u00e0 la derni\u00e8re place.<\/p>\n<p>Cette tendance s'observe \u00e9galement au niveau des L\u00e4nder et au niveau f\u00e9d\u00e9ral. 2138 personnes sont entr\u00e9es en Hesse depuis le 7 novembre. Le nouveau record de membres est maintenant de 12.574.<\/p>\n<p>Beaucoup de gens sont choqu\u00e9s par la collaboration de Friedrich Merz avec l'AfD en mati\u00e8re de politique d'asile et de migration. Anna L\u00fchrmann, t\u00eate de liste de la Hesse pour les \u00e9lections f\u00e9d\u00e9rales: \u00abFriedrich Merz a d\u00e9stabilis\u00e9 de nombreux citoyens avec le chaos qu\u2019il a provoqu\u00e9 au Bundestag. Beaucoup de gens doutent que l'on puisse encore compter sur la parole de M. Merz. J'ai beaucoup \u00e9t\u00e9 approch\u00e9 par des personnes issues de l'immigration qui craignent de perdre leur patrie. Et bien s\u00fbr, il y a aussi des pr\u00e9occupations l\u00e9gitimes pour la s\u00e9curit\u00e9 dans notre pays. Nous opposons cette incertitude \u00e0 l\u2019\u00e9pine dorsale verte, \u00e0 la confiance et aux propositions r\u00e9alisables pour une offensive en mati\u00e8re de s\u00e9curit\u00e9.\u00bb<\/p>\n<p>Compte tenu des nombreuses manifestations qui ont eu lieu depuis la semaine derni\u00e8re, nous continuons d'esp\u00e9rer que beaucoup de gens veulent agir maintenant et continueront \u00e0 rejoindre notre parti dans les prochains jours et les prochaines semaines.<\/p>\n<\/div><\/div><\/div><\/div><\/div><\/div><\/section>","protected":false},"excerpt":{"rendered":"Nous sommes plus nombreux que jamais! Record de membres chez les VERTS WiesbadenNous sommes plus nombreux que jamais: Depuis la fin des feux de circulation, nous avons 142 nouveaux membres, dont 45 nouvelles entr\u00e9es depuis le d\u00e9but de l'ann\u00e9e. C'est un nouveau record: 722 Les habitants de Wiesbaden sont des VERTS. Cela nous donne un \u00e9norme vent de dos pour le sprint final de la campagne \u00e9lectorale...","protected":false},"author":1,"featured_media":914,"comment_status":"closed","ping_status":"closed","sticky":false,"template":"","format":"standard","meta":{"footnotes":""},"categories":[9],"tags":[],"class_list":["post-882","post","type-post","status-publish","format-standard","has-post-thumbnail","hentry","category-mitglieder"],"yoast_head":"<!-- This site is optimized with the Yoast SEO plugin v27.5 - https:\/\/yoast.com\/product\/yoast-seo-wordpress\/ -->\n<title>Wir sind so viele wie noch nie! Mitglieder-Rekord bei den GR\u00dcNEN Wiesbaden - B\u00dcNDNIS 90\/DIE GR\u00dcNEN Wiesbaden<\/title>\n<meta name=\"robots\" content=\"index, follow, max-snippet:-1, max-image-preview:large, max-video-preview:-1\" \/>\n<link rel=\"canonical\" href=\"https:\/\/gruene-wiesbaden.de\/fr\/mitgliederrekord2025\/\" \/>\n<meta property=\"og:locale\" content=\"fr_FR\" \/>\n<meta property=\"og:type\" content=\"article\" \/>\n<meta property=\"og:title\" content=\"Wir sind so viele wie noch nie! Mitglieder-Rekord bei den GR\u00dcNEN Wiesbaden - B\u00dcNDNIS 90\/DIE GR\u00dcNEN Wiesbaden\" \/>\n<meta property=\"og:url\" content=\"https:\/\/gruene-wiesbaden.de\/fr\/mitgliederrekord2025\/\" \/>\n<meta property=\"og:site_name\" content=\"B\u00dcNDNIS 90\/DIE GR\u00dcNEN Wiesbaden\" \/>\n<meta property=\"article:publisher\" content=\"https:\/\/www.facebook.com\/gruene.wi\" \/>\n<meta property=\"article:published_time\" content=\"2025-02-13T12:00:12+00:00\" \/>\n<meta property=\"article:modified_time\" content=\"2025-06-16T21:11:03+00:00\" \/>\n<meta property=\"og:image\" content=\"https:\/\/gruene-wiesbaden.de\/wp-content\/uploads\/2025\/03\/Bildschirmfoto-2025-06-16-um-22.45.23.png\" \/>\n\t<meta property=\"og:image:width\" content=\"1748\" \/>\n\t<meta property=\"og:image:height\" content=\"1086\" \/>\n\t<meta property=\"og:image:type\" content=\"image\/png\" \/>\n<meta name=\"author\" content=\"admin\" \/>\n<meta name=\"twitter:card\" content=\"summary_large_image\" \/>\n<meta name=\"twitter:label1\" content=\"\u00c9crit par\" \/>\n\t<meta name=\"twitter:data1\" content=\"admin\" \/>\n\t<meta name=\"twitter:label2\" content=\"Dur\u00e9e de lecture estim\u00e9e\" \/>\n\t<meta name=\"twitter:data2\" content=\"2 minutes\" \/>\n<script type=\"application\/ld+json\" class=\"yoast-schema-graph\">{\"@context\":\"https:\\\/\\\/schema.org\",\"@graph\":[{\"@type\":\"Article\",\"@id\":\"https:\\\/\\\/gruene-wiesbaden.de\\\/mitgliederrekord2025\\\/#article\",\"isPartOf\":{\"@id\":\"https:\\\/\\\/gruene-wiesbaden.de\\\/mitgliederrekord2025\\\/\"},\"author\":{\"name\":\"admin\",\"@id\":\"https:\\\/\\\/gruene-wiesbaden.de\\\/#\\\/schema\\\/person\\\/6785c34779159cd4fd86886bb097afe9\"},\"headline\":\"Wir sind so viele wie noch nie! Mitglieder-Rekord bei den GR\u00dcNEN Wiesbaden\",\"datePublished\":\"2025-02-13T12:00:12+00:00\",\"dateModified\":\"2025-06-16T21:11:03+00:00\",\"mainEntityOfPage\":{\"@id\":\"https:\\\/\\\/gruene-wiesbaden.de\\\/mitgliederrekord2025\\\/\"},\"wordCount\":356,\"publisher\":{\"@id\":\"https:\\\/\\\/gruene-wiesbaden.de\\\/#organization\"},\"image\":{\"@id\":\"https:\\\/\\\/gruene-wiesbaden.de\\\/mitgliederrekord2025\\\/#primaryimage\"},\"thumbnailUrl\":\"https:\\\/\\\/gruene-wiesbaden.de\\\/wp-content\\\/uploads\\\/2025\\\/03\\\/Bildschirmfoto-2025-06-16-um-22.45.23.png\",\"articleSection\":[\"Mitglieder\"],\"inLanguage\":\"fr-FR\"},{\"@type\":\"WebPage\",\"@id\":\"https:\\\/\\\/gruene-wiesbaden.de\\\/mitgliederrekord2025\\\/\",\"url\":\"https:\\\/\\\/gruene-wiesbaden.de\\\/mitgliederrekord2025\\\/\",\"name\":\"Wir sind so viele wie noch nie! Mitglieder-Rekord bei den GR\u00dcNEN Wiesbaden - B\u00dcNDNIS 90\\\/DIE GR\u00dcNEN Wiesbaden\",\"isPartOf\":{\"@id\":\"https:\\\/\\\/gruene-wiesbaden.de\\\/#website\"},\"primaryImageOfPage\":{\"@id\":\"https:\\\/\\\/gruene-wiesbaden.de\\\/mitgliederrekord2025\\\/#primaryimage\"},\"image\":{\"@id\":\"https:\\\/\\\/gruene-wiesbaden.de\\\/mitgliederrekord2025\\\/#primaryimage\"},\"thumbnailUrl\":\"https:\\\/\\\/gruene-wiesbaden.de\\\/wp-content\\\/uploads\\\/2025\\\/03\\\/Bildschirmfoto-2025-06-16-um-22.45.23.png\",\"datePublished\":\"2025-02-13T12:00:12+00:00\",\"dateModified\":\"2025-06-16T21:11:03+00:00\",\"breadcrumb\":{\"@id\":\"https:\\\/\\\/gruene-wiesbaden.de\\\/mitgliederrekord2025\\\/#breadcrumb\"},\"inLanguage\":\"fr-FR\",\"potentialAction\":[{\"@type\":\"ReadAction\",\"target\":[\"https:\\\/\\\/gruene-wiesbaden.de\\\/mitgliederrekord2025\\\/\"]}]},{\"@type\":\"ImageObject\",\"inLanguage\":\"fr-FR\",\"@id\":\"https:\\\/\\\/gruene-wiesbaden.de\\\/mitgliederrekord2025\\\/#primaryimage\",\"url\":\"https:\\\/\\\/gruene-wiesbaden.de\\\/wp-content\\\/uploads\\\/2025\\\/03\\\/Bildschirmfoto-2025-06-16-um-22.45.23.png\",\"contentUrl\":\"https:\\\/\\\/gruene-wiesbaden.de\\\/wp-content\\\/uploads\\\/2025\\\/03\\\/Bildschirmfoto-2025-06-16-um-22.45.23.png\",\"width\":1748,\"height\":1086},{\"@type\":\"BreadcrumbList\",\"@id\":\"https:\\\/\\\/gruene-wiesbaden.de\\\/mitgliederrekord2025\\\/#breadcrumb\",\"itemListElement\":[{\"@type\":\"ListItem\",\"position\":1,\"name\":\"Startseite\",\"item\":\"https:\\\/\\\/gruene-wiesbaden.de\\\/\"},{\"@type\":\"ListItem\",\"position\":2,\"name\":\"Wir sind so viele wie noch nie! Mitglieder-Rekord bei den GR\u00dcNEN Wiesbaden\"}]},{\"@type\":\"WebSite\",\"@id\":\"https:\\\/\\\/gruene-wiesbaden.de\\\/#website\",\"url\":\"https:\\\/\\\/gruene-wiesbaden.de\\\/\",\"name\":\"DIE GR\u00dcNEN Wiesbaden\",\"description\":\"\",\"publisher\":{\"@id\":\"https:\\\/\\\/gruene-wiesbaden.de\\\/#organization\"},\"potentialAction\":[{\"@type\":\"SearchAction\",\"target\":{\"@type\":\"EntryPoint\",\"urlTemplate\":\"https:\\\/\\\/gruene-wiesbaden.de\\\/?s={search_term_string}\"},\"query-input\":{\"@type\":\"PropertyValueSpecification\",\"valueRequired\":true,\"valueName\":\"search_term_string\"}}],\"inLanguage\":\"fr-FR\"},{\"@type\":\"Organization\",\"@id\":\"https:\\\/\\\/gruene-wiesbaden.de\\\/#organization\",\"name\":\"DIE GR\u00dcNEN Wiesbaden\",\"url\":\"https:\\\/\\\/gruene-wiesbaden.de\\\/\",\"logo\":{\"@type\":\"ImageObject\",\"inLanguage\":\"fr-FR\",\"@id\":\"https:\\\/\\\/gruene-wiesbaden.de\\\/#\\\/schema\\\/logo\\\/image\\\/\",\"url\":\"https:\\\/\\\/gruene-wiesbaden-fuer-europa.de\\\/wp-content\\\/uploads\\\/2024\\\/04\\\/Machen-was-zaehlt-5.png\",\"contentUrl\":\"https:\\\/\\\/gruene-wiesbaden-fuer-europa.de\\\/wp-content\\\/uploads\\\/2024\\\/04\\\/Machen-was-zaehlt-5.png\",\"width\":1772,\"height\":1772,\"caption\":\"DIE GR\u00dcNEN Wiesbaden\"},\"image\":{\"@id\":\"https:\\\/\\\/gruene-wiesbaden.de\\\/#\\\/schema\\\/logo\\\/image\\\/\"},\"sameAs\":[\"https:\\\/\\\/www.facebook.com\\\/gruene.wi\",\"https:\\\/\\\/instagram.com\\\/gruene_wi\"]},{\"@type\":\"Person\",\"@id\":\"https:\\\/\\\/gruene-wiesbaden.de\\\/#\\\/schema\\\/person\\\/6785c34779159cd4fd86886bb097afe9\",\"name\":\"admin\",\"sameAs\":[\"http:\\\/\\\/gruene-wiesbaden-fuer-europa.de\"],\"url\":\"https:\\\/\\\/gruene-wiesbaden.de\\\/fr\\\/author\\\/admin\\\/\"}]}<\/script>\n<!-- \/ Yoast SEO plugin. -->","yoast_head_json":{"title":"Wir sind so viele wie noch nie! Mitglieder-Rekord bei den GR\u00dcNEN Wiesbaden - B\u00dcNDNIS 90\/DIE GR\u00dcNEN Wiesbaden","robots":{"index":"index","follow":"follow","max-snippet":"max-snippet:-1","max-image-preview":"max-image-preview:large","max-video-preview":"max-video-preview:-1"},"canonical":"https:\/\/gruene-wiesbaden.de\/fr\/mitgliederrekord2025\/","og_locale":"fr_FR","og_type":"article","og_title":"Wir sind so viele wie noch nie! Mitglieder-Rekord bei den GR\u00dcNEN Wiesbaden - B\u00dcNDNIS 90\/DIE GR\u00dcNEN Wiesbaden","og_url":"https:\/\/gruene-wiesbaden.de\/fr\/mitgliederrekord2025\/","og_site_name":"B\u00dcNDNIS 90\/DIE GR\u00dcNEN Wiesbaden","article_publisher":"https:\/\/www.facebook.com\/gruene.wi","article_published_time":"2025-02-13T12:00:12+00:00","article_modified_time":"2025-06-16T21:11:03+00:00","og_image":[{"width":1748,"height":1086,"url":"https:\/\/gruene-wiesbaden.de\/wp-content\/uploads\/2025\/03\/Bildschirmfoto-2025-06-16-um-22.45.23.png","type":"image\/png"}],"author":"admin","twitter_card":"summary_large_image","twitter_misc":{"\u00c9crit par":"admin","Dur\u00e9e de lecture estim\u00e9e":"2 minutes"},"schema":{"@context":"https:\/\/schema.org","@graph":[{"@type":"Article","@id":"https:\/\/gruene-wiesbaden.de\/mitgliederrekord2025\/#article","isPartOf":{"@id":"https:\/\/gruene-wiesbaden.de\/mitgliederrekord2025\/"},"author":{"name":"admin","@id":"https:\/\/gruene-wiesbaden.de\/#\/schema\/person\/6785c34779159cd4fd86886bb097afe9"},"headline":"Wir sind so viele wie noch nie! Mitglieder-Rekord bei den GR\u00dcNEN Wiesbaden","datePublished":"2025-02-13T12:00:12+00:00","dateModified":"2025-06-16T21:11:03+00:00","mainEntityOfPage":{"@id":"https:\/\/gruene-wiesbaden.de\/mitgliederrekord2025\/"},"wordCount":356,"publisher":{"@id":"https:\/\/gruene-wiesbaden.de\/#organization"},"image":{"@id":"https:\/\/gruene-wiesbaden.de\/mitgliederrekord2025\/#primaryimage"},"thumbnailUrl":"https:\/\/gruene-wiesbaden.de\/wp-content\/uploads\/2025\/03\/Bildschirmfoto-2025-06-16-um-22.45.23.png","articleSection":["Mitglieder"],"inLanguage":"fr-FR"},{"@type":"WebPage","@id":"https:\/\/gruene-wiesbaden.de\/mitgliederrekord2025\/","url":"https:\/\/gruene-wiesbaden.de\/mitgliederrekord2025\/","name":"Wir sind so viele wie noch nie! Mitglieder-Rekord bei den GR\u00dcNEN Wiesbaden - B\u00dcNDNIS 90\/DIE GR\u00dcNEN Wiesbaden","isPartOf":{"@id":"https:\/\/gruene-wiesbaden.de\/#website"},"primaryImageOfPage":{"@id":"https:\/\/gruene-wiesbaden.de\/mitgliederrekord2025\/#primaryimage"},"image":{"@id":"https:\/\/gruene-wiesbaden.de\/mitgliederrekord2025\/#primaryimage"},"thumbnailUrl":"https:\/\/gruene-wiesbaden.de\/wp-content\/uploads\/2025\/03\/Bildschirmfoto-2025-06-16-um-22.45.23.png","datePublished":"2025-02-13T12:00:12+00:00","dateModified":"2025-06-16T21:11:03+00:00","breadcrumb":{"@id":"https:\/\/gruene-wiesbaden.de\/mitgliederrekord2025\/#breadcrumb"},"inLanguage":"fr-FR","potentialAction":[{"@type":"ReadAction","target":["https:\/\/gruene-wiesbaden.de\/mitgliederrekord2025\/"]}]},{"@type":"ImageObject","inLanguage":"fr-FR","@id":"https:\/\/gruene-wiesbaden.de\/mitgliederrekord2025\/#primaryimage","url":"https:\/\/gruene-wiesbaden.de\/wp-content\/uploads\/2025\/03\/Bildschirmfoto-2025-06-16-um-22.45.23.png","contentUrl":"https:\/\/gruene-wiesbaden.de\/wp-content\/uploads\/2025\/03\/Bildschirmfoto-2025-06-16-um-22.45.23.png","width":1748,"height":1086},{"@type":"BreadcrumbList","@id":"https:\/\/gruene-wiesbaden.de\/mitgliederrekord2025\/#breadcrumb","itemListElement":[{"@type":"ListItem","position":1,"name":"Startseite","item":"https:\/\/gruene-wiesbaden.de\/"},{"@type":"ListItem","position":2,"name":"Wir sind so viele wie noch nie! Mitglieder-Rekord bei den GR\u00dcNEN Wiesbaden"}]},{"@type":"WebSite","@id":"https:\/\/gruene-wiesbaden.de\/#website","url":"https:\/\/gruene-wiesbaden.de\/","name":"DIE GR\u00dcNEN Wiesbaden","description":"","publisher":{"@id":"https:\/\/gruene-wiesbaden.de\/#organization"},"potentialAction":[{"@type":"SearchAction","target":{"@type":"EntryPoint","urlTemplate":"https:\/\/gruene-wiesbaden.de\/?s={search_term_string}"},"query-input":{"@type":"PropertyValueSpecification","valueRequired":true,"valueName":"search_term_string"}}],"inLanguage":"fr-FR"},{"@type":"Organization","@id":"https:\/\/gruene-wiesbaden.de\/#organization","name":"DIE GR\u00dcNEN Wiesbaden","url":"https:\/\/gruene-wiesbaden.de\/","logo":{"@type":"ImageObject","inLanguage":"fr-FR","@id":"https:\/\/gruene-wiesbaden.de\/#\/schema\/logo\/image\/","url":"https:\/\/gruene-wiesbaden-fuer-europa.de\/wp-content\/uploads\/2024\/04\/Machen-was-zaehlt-5.png","contentUrl":"https:\/\/gruene-wiesbaden-fuer-europa.de\/wp-content\/uploads\/2024\/04\/Machen-was-zaehlt-5.png","width":1772,"height":1772,"caption":"DIE GR\u00dcNEN Wiesbaden"},"image":{"@id":"https:\/\/gruene-wiesbaden.de\/#\/schema\/logo\/image\/"},"sameAs":["https:\/\/www.facebook.com\/gruene.wi","https:\/\/instagram.com\/gruene_wi"]},{"@type":"Person","@id":"https:\/\/gruene-wiesbaden.de\/#\/schema\/person\/6785c34779159cd4fd86886bb097afe9","name":"admin","sameAs":["http:\/\/gruene-wiesbaden-fuer-europa.de"],"url":"https:\/\/gruene-wiesbaden.de\/fr\/author\/admin\/"}]}},"_links":{"self":[{"href":"https:\/\/gruene-wiesbaden.de\/fr\/wp-json\/wp\/v2\/posts\/882","targetHints":{"allow":["GET"]}}],"collection":[{"href":"https:\/\/gruene-wiesbaden.de\/fr\/wp-json\/wp\/v2\/posts"}],"about":[{"href":"https:\/\/gruene-wiesbaden.de\/fr\/wp-json\/wp\/v2\/types\/post"}],"author":[{"embeddable":true,"href":"https:\/\/gruene-wiesbaden.de\/fr\/wp-json\/wp\/v2\/users\/1"}],"replies":[{"embeddable":true,"href":"https:\/\/gruene-wiesbaden.de\/fr\/wp-json\/wp\/v2\/comments?post=882"}],"version-history":[{"count":3,"href":"https:\/\/gruene-wiesbaden.de\/fr\/wp-json\/wp\/v2\/posts\/882\/revisions"}],"predecessor-version":[{"id":915,"href":"https:\/\/gruene-wiesbaden.de\/fr\/wp-json\/wp\/v2\/posts\/882\/revisions\/915"}],"wp:featuredmedia":[{"embeddable":true,"href":"https:\/\/gruene-wiesbaden.de\/fr\/wp-json\/wp\/v2\/media\/914"}],"wp:attachment":[{"href":"https:\/\/gruene-wiesbaden.de\/fr\/wp-json\/wp\/v2\/media?parent=882"}],"wp:term":[{"taxonomy":"category","embeddable":true,"href":"https:\/\/gruene-wiesbaden.de\/fr\/wp-json\/wp\/v2\/categories?post=882"},{"taxonomy":"post_tag","embeddable":true,"href":"https:\/\/gruene-wiesbaden.de\/fr\/wp-json\/wp\/v2\/tags?post=882"}],"curies":[{"name":"wp","href":"https:\/\/api.w.org\/{rel}","templated":true}]}}