{"id":872,"date":"2024-11-22T12:00:22","date_gmt":"2024-11-22T12:00:22","guid":{"rendered":"http:\/\/gruene-wiesbaden.de.w0207e8f.kasserver.com\/?p=872"},"modified":"2025-06-16T21:02:09","modified_gmt":"2025-06-16T21:02:09","slug":"neuerfraktionsvorstand2024","status":"publish","type":"post","link":"https:\/\/gruene-wiesbaden.de\/fr\/neuerfraktionsvorstand2024\/","title":{"rendered":"\u00c9lection du nouveau bureau du groupe de la mairie"},"content":{"rendered":"<section class=\"l-section wpb_row height_medium\"><div class=\"l-section-h i-cf\"><div class=\"g-cols vc_row via_grid cols_1 laptops-cols_inherit tablets-cols_inherit mobiles-cols_1 valign_top type_default stacking_default\"><div class=\"wpb_column vc_column_container\"><div class=\"vc_column-inner\"><h2 class=\"w-post-elm post_title entry-title color_link_inherit\">\u00c9lection du nouveau bureau du groupe de la mairie<\/h2><div class=\"w-post-elm post_image\"><img loading=\"lazy\" decoding=\"async\" width=\"560\" height=\"600\" src=\"https:\/\/gruene-wiesbaden.de\/wp-content\/uploads\/2025\/03\/Bildschirmfoto-2025-06-16-um-22.59.36-560x600.png\" class=\"attachment-large size-large wp-post-image\" alt=\"\" srcset=\"https:\/\/gruene-wiesbaden.de\/wp-content\/uploads\/2025\/03\/Bildschirmfoto-2025-06-16-um-22.59.36-560x600.png 560w, https:\/\/gruene-wiesbaden.de\/wp-content\/uploads\/2025\/03\/Bildschirmfoto-2025-06-16-um-22.59.36-374x400.png 374w, https:\/\/gruene-wiesbaden.de\/wp-content\/uploads\/2025\/03\/Bildschirmfoto-2025-06-16-um-22.59.36.png 1756w\" sizes=\"auto, (max-width: 560px) 100vw, 560px\" \/><\/div><div class=\"w-separator size_medium\"><\/div><div class=\"wpb_text_column\"><div class=\"wpb_wrapper\"><p><strong>Le groupe des Verts \u00e0 la mairie de Wiesbaden a \u00e9lu jeudi un nouveau bureau du groupe. La pr\u00e9sidente du groupe et candidate au poste de maire des Verts, Gesine Bonnet, a \u00e9t\u00e9 confirm\u00e9e dans ses fonctions. Le nouveau pr\u00e9sident \u00e0 c\u00f4t\u00e9 d'elle sera le porte-parole de la politique num\u00e9rique des VERTS \u00e0 l'h\u00f4tel de ville, Prof. Dr. Johannes Luderschmidt. Ensemble, ils forment la nouvelle double t\u00eate du groupe des Verts.<\/strong><strong>Les suppl\u00e9ants du comit\u00e9 restent Doroth\u00e9e Andes-M\u00fcller et Hendrik Seipel-Rotter, qui a \u00e9galement \u00e9t\u00e9 r\u00e9\u00e9lu en tant que directeur parlementaire. <\/strong><\/p>\n<p>\"Je vous remercie pour la confiance que vous m'avez t\u00e9moign\u00e9e et j'attends avec impatience la coop\u00e9ration au sein de l'\u00e9quipe nouvellement form\u00e9e\", a d\u00e9clar\u00e9 la pr\u00e9sidente du groupe, Gesine Bonnet. \u00abNous restons attach\u00e9s \u00e0 une politique progressiste qui soit \u00e0 la hauteur des d\u00e9fis de l\u2019\u00e9poque et qui pr\u00e9serve l\u2019avenir de notre ville.\u00bb<\/p>\n<p>\u00abCela inclut, entre autres, davantage de protection du climat, de nouveaux concepts de mobilit\u00e9, le renforcement du r\u00e9seau social et de la sc\u00e8ne culturelle de Wiesbaden, ainsi qu\u2019un am\u00e9nagement urbain intelligent et durable\u00bb, ajoute Johannes Luderschmidt. \u00abJe tiens \u00e0 remercier chaleureusement le groupe pour cette reconnaissance et j\u2019ai h\u00e2te d\u2019aborder cette nouvelle t\u00e2che avec d\u00e9termination.\u00bb<\/p>\n<p>\u00abNous sommes tr\u00e8s heureux que nos deux suppl\u00e9ants, Doroth\u00e9e Andes-M\u00fcller et Hendrik Seipel-Rotter, aient \u00e9galement \u00e9t\u00e9 confirm\u00e9s dans leurs fonctions et qu\u2019ils nous soutiennent activement, ainsi que l\u2019ensemble du groupe\u00bb, souligne M. Bonnet. L'ancien pr\u00e9sident du groupe parlementaire Felix Kisseler ne s'\u00e9tait plus pr\u00e9sent\u00e9 aux \u00e9lections. Nous le remercions tout particuli\u00e8rement pour son engagement et sa bonne coop\u00e9ration\u00bb, a d\u00e9clar\u00e9 M. Luderschmidt.<\/p>\n<\/div><\/div><\/div><\/div><\/div><\/div><\/section>","protected":false},"excerpt":{"rendered":"Le groupe des Verts \u00e0 l'h\u00f4tel de ville de Wiesbaden a \u00e9lu jeudi un nouveau bureau du groupe. La pr\u00e9sidente du groupe et candidate au poste de maire des Verts, Gesine Bonnet, a \u00e9t\u00e9 confirm\u00e9e dans ses fonctions. Le nouveau pr\u00e9sident \u00e0 c\u00f4t\u00e9 d'elle sera le porte-parole de la politique num\u00e9rique des VERTS \u00e0 l'h\u00f4tel de ville, Prof. Dr. Johannes Luderschmidt. Ensemble, ils forment la nouvelle double t\u00eate du Groupe Verts.Les suppl\u00e9ants du Bureau restent...","protected":false},"author":1,"featured_media":929,"comment_status":"closed","ping_status":"closed","sticky":false,"template":"","format":"standard","meta":{"footnotes":""},"categories":[5],"tags":[],"class_list":["post-872","post","type-post","status-publish","format-standard","has-post-thumbnail","hentry","category-wahlen"],"yoast_head":"<!-- This site is optimized with the Yoast SEO plugin v27.5 - https:\/\/yoast.com\/product\/yoast-seo-wordpress\/ -->\n<title>Neuer Fraktionsvorstand der Rathausfraktion gew\u00e4hlt - B\u00dcNDNIS 90\/DIE GR\u00dcNEN Wiesbaden<\/title>\n<meta name=\"robots\" content=\"index, follow, max-snippet:-1, max-image-preview:large, max-video-preview:-1\" \/>\n<link rel=\"canonical\" href=\"https:\/\/gruene-wiesbaden.de\/fr\/neuerfraktionsvorstand2024\/\" \/>\n<meta property=\"og:locale\" content=\"fr_FR\" \/>\n<meta property=\"og:type\" content=\"article\" \/>\n<meta property=\"og:title\" content=\"Neuer Fraktionsvorstand der Rathausfraktion gew\u00e4hlt - B\u00dcNDNIS 90\/DIE GR\u00dcNEN Wiesbaden\" \/>\n<meta property=\"og:url\" content=\"https:\/\/gruene-wiesbaden.de\/fr\/neuerfraktionsvorstand2024\/\" \/>\n<meta property=\"og:site_name\" content=\"B\u00dcNDNIS 90\/DIE GR\u00dcNEN Wiesbaden\" \/>\n<meta property=\"article:publisher\" content=\"https:\/\/www.facebook.com\/gruene.wi\" \/>\n<meta property=\"article:published_time\" content=\"2024-11-22T12:00:22+00:00\" \/>\n<meta property=\"article:modified_time\" content=\"2025-06-16T21:02:09+00:00\" \/>\n<meta property=\"og:image\" content=\"https:\/\/gruene-wiesbaden.de\/wp-content\/uploads\/2025\/03\/Bildschirmfoto-2025-06-16-um-22.59.36-560x600.png\" \/>\n\t<meta property=\"og:image:width\" content=\"560\" \/>\n\t<meta property=\"og:image:height\" content=\"600\" \/>\n\t<meta property=\"og:image:type\" content=\"image\/png\" \/>\n<meta name=\"author\" content=\"admin\" \/>\n<meta name=\"twitter:card\" content=\"summary_large_image\" \/>\n<meta name=\"twitter:label1\" content=\"\u00c9crit par\" \/>\n\t<meta name=\"twitter:data1\" content=\"admin\" \/>\n\t<meta name=\"twitter:label2\" content=\"Dur\u00e9e de lecture estim\u00e9e\" \/>\n\t<meta name=\"twitter:data2\" content=\"2 minutes\" \/>\n<script type=\"application\/ld+json\" class=\"yoast-schema-graph\">{\"@context\":\"https:\\\/\\\/schema.org\",\"@graph\":[{\"@type\":\"Article\",\"@id\":\"https:\\\/\\\/gruene-wiesbaden.de\\\/neuerfraktionsvorstand2024\\\/#article\",\"isPartOf\":{\"@id\":\"https:\\\/\\\/gruene-wiesbaden.de\\\/neuerfraktionsvorstand2024\\\/\"},\"author\":{\"name\":\"admin\",\"@id\":\"https:\\\/\\\/gruene-wiesbaden.de\\\/#\\\/schema\\\/person\\\/6785c34779159cd4fd86886bb097afe9\"},\"headline\":\"Neuer Fraktionsvorstand der Rathausfraktion gew\u00e4hlt\",\"datePublished\":\"2024-11-22T12:00:22+00:00\",\"dateModified\":\"2025-06-16T21:02:09+00:00\",\"mainEntityOfPage\":{\"@id\":\"https:\\\/\\\/gruene-wiesbaden.de\\\/neuerfraktionsvorstand2024\\\/\"},\"wordCount\":263,\"publisher\":{\"@id\":\"https:\\\/\\\/gruene-wiesbaden.de\\\/#organization\"},\"image\":{\"@id\":\"https:\\\/\\\/gruene-wiesbaden.de\\\/neuerfraktionsvorstand2024\\\/#primaryimage\"},\"thumbnailUrl\":\"https:\\\/\\\/gruene-wiesbaden.de\\\/wp-content\\\/uploads\\\/2025\\\/03\\\/Bildschirmfoto-2025-06-16-um-22.59.36.png\",\"articleSection\":[\"Wahlen\"],\"inLanguage\":\"fr-FR\"},{\"@type\":\"WebPage\",\"@id\":\"https:\\\/\\\/gruene-wiesbaden.de\\\/neuerfraktionsvorstand2024\\\/\",\"url\":\"https:\\\/\\\/gruene-wiesbaden.de\\\/neuerfraktionsvorstand2024\\\/\",\"name\":\"Neuer Fraktionsvorstand der Rathausfraktion gew\u00e4hlt - B\u00dcNDNIS 90\\\/DIE GR\u00dcNEN Wiesbaden\",\"isPartOf\":{\"@id\":\"https:\\\/\\\/gruene-wiesbaden.de\\\/#website\"},\"primaryImageOfPage\":{\"@id\":\"https:\\\/\\\/gruene-wiesbaden.de\\\/neuerfraktionsvorstand2024\\\/#primaryimage\"},\"image\":{\"@id\":\"https:\\\/\\\/gruene-wiesbaden.de\\\/neuerfraktionsvorstand2024\\\/#primaryimage\"},\"thumbnailUrl\":\"https:\\\/\\\/gruene-wiesbaden.de\\\/wp-content\\\/uploads\\\/2025\\\/03\\\/Bildschirmfoto-2025-06-16-um-22.59.36.png\",\"datePublished\":\"2024-11-22T12:00:22+00:00\",\"dateModified\":\"2025-06-16T21:02:09+00:00\",\"breadcrumb\":{\"@id\":\"https:\\\/\\\/gruene-wiesbaden.de\\\/neuerfraktionsvorstand2024\\\/#breadcrumb\"},\"inLanguage\":\"fr-FR\",\"potentialAction\":[{\"@type\":\"ReadAction\",\"target\":[\"https:\\\/\\\/gruene-wiesbaden.de\\\/neuerfraktionsvorstand2024\\\/\"]}]},{\"@type\":\"ImageObject\",\"inLanguage\":\"fr-FR\",\"@id\":\"https:\\\/\\\/gruene-wiesbaden.de\\\/neuerfraktionsvorstand2024\\\/#primaryimage\",\"url\":\"https:\\\/\\\/gruene-wiesbaden.de\\\/wp-content\\\/uploads\\\/2025\\\/03\\\/Bildschirmfoto-2025-06-16-um-22.59.36.png\",\"contentUrl\":\"https:\\\/\\\/gruene-wiesbaden.de\\\/wp-content\\\/uploads\\\/2025\\\/03\\\/Bildschirmfoto-2025-06-16-um-22.59.36.png\",\"width\":1756,\"height\":1880},{\"@type\":\"BreadcrumbList\",\"@id\":\"https:\\\/\\\/gruene-wiesbaden.de\\\/neuerfraktionsvorstand2024\\\/#breadcrumb\",\"itemListElement\":[{\"@type\":\"ListItem\",\"position\":1,\"name\":\"Startseite\",\"item\":\"https:\\\/\\\/gruene-wiesbaden.de\\\/\"},{\"@type\":\"ListItem\",\"position\":2,\"name\":\"Neuer Fraktionsvorstand der Rathausfraktion gew\u00e4hlt\"}]},{\"@type\":\"WebSite\",\"@id\":\"https:\\\/\\\/gruene-wiesbaden.de\\\/#website\",\"url\":\"https:\\\/\\\/gruene-wiesbaden.de\\\/\",\"name\":\"DIE GR\u00dcNEN Wiesbaden\",\"description\":\"\",\"publisher\":{\"@id\":\"https:\\\/\\\/gruene-wiesbaden.de\\\/#organization\"},\"potentialAction\":[{\"@type\":\"SearchAction\",\"target\":{\"@type\":\"EntryPoint\",\"urlTemplate\":\"https:\\\/\\\/gruene-wiesbaden.de\\\/?s={search_term_string}\"},\"query-input\":{\"@type\":\"PropertyValueSpecification\",\"valueRequired\":true,\"valueName\":\"search_term_string\"}}],\"inLanguage\":\"fr-FR\"},{\"@type\":\"Organization\",\"@id\":\"https:\\\/\\\/gruene-wiesbaden.de\\\/#organization\",\"name\":\"DIE GR\u00dcNEN Wiesbaden\",\"url\":\"https:\\\/\\\/gruene-wiesbaden.de\\\/\",\"logo\":{\"@type\":\"ImageObject\",\"inLanguage\":\"fr-FR\",\"@id\":\"https:\\\/\\\/gruene-wiesbaden.de\\\/#\\\/schema\\\/logo\\\/image\\\/\",\"url\":\"https:\\\/\\\/gruene-wiesbaden-fuer-europa.de\\\/wp-content\\\/uploads\\\/2024\\\/04\\\/Machen-was-zaehlt-5.png\",\"contentUrl\":\"https:\\\/\\\/gruene-wiesbaden-fuer-europa.de\\\/wp-content\\\/uploads\\\/2024\\\/04\\\/Machen-was-zaehlt-5.png\",\"width\":1772,\"height\":1772,\"caption\":\"DIE GR\u00dcNEN Wiesbaden\"},\"image\":{\"@id\":\"https:\\\/\\\/gruene-wiesbaden.de\\\/#\\\/schema\\\/logo\\\/image\\\/\"},\"sameAs\":[\"https:\\\/\\\/www.facebook.com\\\/gruene.wi\",\"https:\\\/\\\/instagram.com\\\/gruene_wi\"]},{\"@type\":\"Person\",\"@id\":\"https:\\\/\\\/gruene-wiesbaden.de\\\/#\\\/schema\\\/person\\\/6785c34779159cd4fd86886bb097afe9\",\"name\":\"admin\",\"sameAs\":[\"http:\\\/\\\/gruene-wiesbaden-fuer-europa.de\"],\"url\":\"https:\\\/\\\/gruene-wiesbaden.de\\\/fr\\\/author\\\/admin\\\/\"}]}<\/script>\n<!-- \/ Yoast SEO plugin. -->","yoast_head_json":{"title":"Neuer Fraktionsvorstand der Rathausfraktion gew\u00e4hlt - B\u00dcNDNIS 90\/DIE GR\u00dcNEN Wiesbaden","robots":{"index":"index","follow":"follow","max-snippet":"max-snippet:-1","max-image-preview":"max-image-preview:large","max-video-preview":"max-video-preview:-1"},"canonical":"https:\/\/gruene-wiesbaden.de\/fr\/neuerfraktionsvorstand2024\/","og_locale":"fr_FR","og_type":"article","og_title":"Neuer Fraktionsvorstand der Rathausfraktion gew\u00e4hlt - B\u00dcNDNIS 90\/DIE GR\u00dcNEN Wiesbaden","og_url":"https:\/\/gruene-wiesbaden.de\/fr\/neuerfraktionsvorstand2024\/","og_site_name":"B\u00dcNDNIS 90\/DIE GR\u00dcNEN Wiesbaden","article_publisher":"https:\/\/www.facebook.com\/gruene.wi","article_published_time":"2024-11-22T12:00:22+00:00","article_modified_time":"2025-06-16T21:02:09+00:00","og_image":[{"width":560,"height":600,"url":"https:\/\/gruene-wiesbaden.de\/wp-content\/uploads\/2025\/03\/Bildschirmfoto-2025-06-16-um-22.59.36-560x600.png","type":"image\/png"}],"author":"admin","twitter_card":"summary_large_image","twitter_misc":{"\u00c9crit par":"admin","Dur\u00e9e de lecture estim\u00e9e":"2 minutes"},"schema":{"@context":"https:\/\/schema.org","@graph":[{"@type":"Article","@id":"https:\/\/gruene-wiesbaden.de\/neuerfraktionsvorstand2024\/#article","isPartOf":{"@id":"https:\/\/gruene-wiesbaden.de\/neuerfraktionsvorstand2024\/"},"author":{"name":"admin","@id":"https:\/\/gruene-wiesbaden.de\/#\/schema\/person\/6785c34779159cd4fd86886bb097afe9"},"headline":"Neuer Fraktionsvorstand der Rathausfraktion gew\u00e4hlt","datePublished":"2024-11-22T12:00:22+00:00","dateModified":"2025-06-16T21:02:09+00:00","mainEntityOfPage":{"@id":"https:\/\/gruene-wiesbaden.de\/neuerfraktionsvorstand2024\/"},"wordCount":263,"publisher":{"@id":"https:\/\/gruene-wiesbaden.de\/#organization"},"image":{"@id":"https:\/\/gruene-wiesbaden.de\/neuerfraktionsvorstand2024\/#primaryimage"},"thumbnailUrl":"https:\/\/gruene-wiesbaden.de\/wp-content\/uploads\/2025\/03\/Bildschirmfoto-2025-06-16-um-22.59.36.png","articleSection":["Wahlen"],"inLanguage":"fr-FR"},{"@type":"WebPage","@id":"https:\/\/gruene-wiesbaden.de\/neuerfraktionsvorstand2024\/","url":"https:\/\/gruene-wiesbaden.de\/neuerfraktionsvorstand2024\/","name":"Neuer Fraktionsvorstand der Rathausfraktion gew\u00e4hlt - B\u00dcNDNIS 90\/DIE GR\u00dcNEN Wiesbaden","isPartOf":{"@id":"https:\/\/gruene-wiesbaden.de\/#website"},"primaryImageOfPage":{"@id":"https:\/\/gruene-wiesbaden.de\/neuerfraktionsvorstand2024\/#primaryimage"},"image":{"@id":"https:\/\/gruene-wiesbaden.de\/neuerfraktionsvorstand2024\/#primaryimage"},"thumbnailUrl":"https:\/\/gruene-wiesbaden.de\/wp-content\/uploads\/2025\/03\/Bildschirmfoto-2025-06-16-um-22.59.36.png","datePublished":"2024-11-22T12:00:22+00:00","dateModified":"2025-06-16T21:02:09+00:00","breadcrumb":{"@id":"https:\/\/gruene-wiesbaden.de\/neuerfraktionsvorstand2024\/#breadcrumb"},"inLanguage":"fr-FR","potentialAction":[{"@type":"ReadAction","target":["https:\/\/gruene-wiesbaden.de\/neuerfraktionsvorstand2024\/"]}]},{"@type":"ImageObject","inLanguage":"fr-FR","@id":"https:\/\/gruene-wiesbaden.de\/neuerfraktionsvorstand2024\/#primaryimage","url":"https:\/\/gruene-wiesbaden.de\/wp-content\/uploads\/2025\/03\/Bildschirmfoto-2025-06-16-um-22.59.36.png","contentUrl":"https:\/\/gruene-wiesbaden.de\/wp-content\/uploads\/2025\/03\/Bildschirmfoto-2025-06-16-um-22.59.36.png","width":1756,"height":1880},{"@type":"BreadcrumbList","@id":"https:\/\/gruene-wiesbaden.de\/neuerfraktionsvorstand2024\/#breadcrumb","itemListElement":[{"@type":"ListItem","position":1,"name":"Startseite","item":"https:\/\/gruene-wiesbaden.de\/"},{"@type":"ListItem","position":2,"name":"Neuer Fraktionsvorstand der Rathausfraktion gew\u00e4hlt"}]},{"@type":"WebSite","@id":"https:\/\/gruene-wiesbaden.de\/#website","url":"https:\/\/gruene-wiesbaden.de\/","name":"DIE GR\u00dcNEN Wiesbaden","description":"","publisher":{"@id":"https:\/\/gruene-wiesbaden.de\/#organization"},"potentialAction":[{"@type":"SearchAction","target":{"@type":"EntryPoint","urlTemplate":"https:\/\/gruene-wiesbaden.de\/?s={search_term_string}"},"query-input":{"@type":"PropertyValueSpecification","valueRequired":true,"valueName":"search_term_string"}}],"inLanguage":"fr-FR"},{"@type":"Organization","@id":"https:\/\/gruene-wiesbaden.de\/#organization","name":"DIE GR\u00dcNEN Wiesbaden","url":"https:\/\/gruene-wiesbaden.de\/","logo":{"@type":"ImageObject","inLanguage":"fr-FR","@id":"https:\/\/gruene-wiesbaden.de\/#\/schema\/logo\/image\/","url":"https:\/\/gruene-wiesbaden-fuer-europa.de\/wp-content\/uploads\/2024\/04\/Machen-was-zaehlt-5.png","contentUrl":"https:\/\/gruene-wiesbaden-fuer-europa.de\/wp-content\/uploads\/2024\/04\/Machen-was-zaehlt-5.png","width":1772,"height":1772,"caption":"DIE GR\u00dcNEN Wiesbaden"},"image":{"@id":"https:\/\/gruene-wiesbaden.de\/#\/schema\/logo\/image\/"},"sameAs":["https:\/\/www.facebook.com\/gruene.wi","https:\/\/instagram.com\/gruene_wi"]},{"@type":"Person","@id":"https:\/\/gruene-wiesbaden.de\/#\/schema\/person\/6785c34779159cd4fd86886bb097afe9","name":"admin","sameAs":["http:\/\/gruene-wiesbaden-fuer-europa.de"],"url":"https:\/\/gruene-wiesbaden.de\/fr\/author\/admin\/"}]}},"_links":{"self":[{"href":"https:\/\/gruene-wiesbaden.de\/fr\/wp-json\/wp\/v2\/posts\/872","targetHints":{"allow":["GET"]}}],"collection":[{"href":"https:\/\/gruene-wiesbaden.de\/fr\/wp-json\/wp\/v2\/posts"}],"about":[{"href":"https:\/\/gruene-wiesbaden.de\/fr\/wp-json\/wp\/v2\/types\/post"}],"author":[{"embeddable":true,"href":"https:\/\/gruene-wiesbaden.de\/fr\/wp-json\/wp\/v2\/users\/1"}],"replies":[{"embeddable":true,"href":"https:\/\/gruene-wiesbaden.de\/fr\/wp-json\/wp\/v2\/comments?post=872"}],"version-history":[{"count":3,"href":"https:\/\/gruene-wiesbaden.de\/fr\/wp-json\/wp\/v2\/posts\/872\/revisions"}],"predecessor-version":[{"id":930,"href":"https:\/\/gruene-wiesbaden.de\/fr\/wp-json\/wp\/v2\/posts\/872\/revisions\/930"}],"wp:featuredmedia":[{"embeddable":true,"href":"https:\/\/gruene-wiesbaden.de\/fr\/wp-json\/wp\/v2\/media\/929"}],"wp:attachment":[{"href":"https:\/\/gruene-wiesbaden.de\/fr\/wp-json\/wp\/v2\/media?parent=872"}],"wp:term":[{"taxonomy":"category","embeddable":true,"href":"https:\/\/gruene-wiesbaden.de\/fr\/wp-json\/wp\/v2\/categories?post=872"},{"taxonomy":"post_tag","embeddable":true,"href":"https:\/\/gruene-wiesbaden.de\/fr\/wp-json\/wp\/v2\/tags?post=872"}],"curies":[{"name":"wp","href":"https:\/\/api.w.org\/{rel}","templated":true}]}}