{"id":1380,"date":"2025-11-10T00:33:24","date_gmt":"2025-11-09T22:33:24","guid":{"rendered":"https:\/\/gruene-wiesbaden.de\/?p=1380"},"modified":"2026-04-09T00:29:47","modified_gmt":"2026-04-08T22:29:47","slug":"wirtschaftsfoerderung-und-beschaeftigung","status":"publish","type":"post","link":"https:\/\/gruene-wiesbaden.de\/fr\/wirtschaftsfoerderung-und-beschaeftigung\/","title":{"rendered":"Promouvoir l'\u00e9conomie et l'emploi"},"content":{"rendered":"<section class=\"l-section wpb_row height_medium with_img\"><div class=\"l-section-img\" role=\"img\" data-img-width=\"1080\" data-img-height=\"800\" style=\"background-image: url(https:\/\/gruene-wiesbaden.de\/wp-content\/uploads\/2025\/11\/neuer-Verlauf-gruene-wiesbaden.de_-2-e1762709402177.png);\"><\/div><div class=\"l-section-overlay\" style=\"background:var(--color-header-top-transparent-bg)\"><\/div><div class=\"l-section-h i-cf\"><div class=\"g-cols vc_row via_grid cols_1 laptops-cols_inherit tablets-cols_inherit mobiles-cols_1 valign_top type_default stacking_default\"><div class=\"wpb_column vc_column_container\"><div class=\"vc_column-inner\"><h1 class=\"w-post-elm post_title us_custom_a574d586 has_text_color entry-title\">Promouvoir l'\u00e9conomie et l'emploi<\/h1><div class=\"w-separator size_medium\"><\/div><div class=\"g-cols wpb_row via_grid cols_2-1 laptops-cols_inherit tablets-cols_inherit mobiles-cols_1 valign_top type_default stacking_default\" style=\"--columns-gap:3rem;\"><div class=\"wpb_column vc_column_container\"><div class=\"vc_column-inner\"><div class=\"wpb_text_column us_custom_8b3d6790 has_text_color\"><div class=\"wpb_wrapper\"><p><span style=\"font-weight: 400;\">Les d\u00e9cisions locales ont un impact direct sur l'\u00e9conomie locale, l'emploi et la qualit\u00e9 de vie. Avec le soutien cibl\u00e9 d'entreprises de diff\u00e9rents secteurs, de l'artisanat, des start-ups et du tourisme, nous assurons l'emploi, l'innovation et la main-d'\u0153uvre qualifi\u00e9e \u00e0 Wiesbaden et posons les jalons d'une transformation r\u00e9ussie et d'une reprise \u00e9conomique. Nous attribuons les march\u00e9s publics de mani\u00e8re \u00e9quitable, en tenant compte du respect des tarifs et des crit\u00e8res de durabilit\u00e9. La num\u00e9risation, les infrastructures modernes et la mise en r\u00e9seau strat\u00e9gique de l\u2019\u00e9conomie, de l\u2019\u00e9ducation et de l\u2019administration rendent Wiesbaden r\u00e9siliente et attrayante \u2013 en tant que site \u00e9quitable, innovant et durable pour les entreprises, les travailleurs et l\u2019ensemble de la soci\u00e9t\u00e9 urbaine.<\/span><\/p>\n<\/div><\/div><div class=\"w-separator size_medium\"><\/div><div class=\"w-btn-wrapper align_left\"><a class=\"w-btn us-btn-style_8 icon_atleft\" href=\"https:\/\/gruene-wiesbaden.de\/fr\/kommunalwahl\/#Kapitel3\"><i class=\"fas fa-chevron-circle-right\"><\/i><span class=\"w-btn-label\">Retour \u00e0 la vue d'ensemble<\/span><\/a><\/div><\/div><\/div><div class=\"wpb_column vc_column_container\"><div class=\"vc_column-inner\"><div class=\"w-image align_center\"><div class=\"w-image-h\"><img decoding=\"async\" width=\"2560\" height=\"1707\" src=\"https:\/\/gruene-wiesbaden.de\/wp-content\/uploads\/2025\/11\/3.3-Wirtschaftsfoerderung-und-Beschaeftigung-scaled.jpeg\" class=\"attachment-full size-full\" alt=\"\" loading=\"lazy\" srcset=\"https:\/\/gruene-wiesbaden.de\/wp-content\/uploads\/2025\/11\/3.3-Wirtschaftsfoerderung-und-Beschaeftigung-scaled.jpeg 2560w, https:\/\/gruene-wiesbaden.de\/wp-content\/uploads\/2025\/11\/3.3-Wirtschaftsfoerderung-und-Beschaeftigung-400x267.jpeg 400w, https:\/\/gruene-wiesbaden.de\/wp-content\/uploads\/2025\/11\/3.3-Wirtschaftsfoerderung-und-Beschaeftigung-600x400.jpeg 600w\" sizes=\"auto, (max-width: 2560px) 100vw, 2560px\" \/><\/div><\/div><div class=\"w-separator size_small\"><\/div><\/div><\/div><\/div><div class=\"w-separator size_medium\"><\/div><div class=\"w-separator size_medium\"><\/div><div class=\"wpb_text_column\"><div class=\"wpb_wrapper\"><h1>Ce qu'une forte promotion \u00e9conomique et une bonne politique de l'emploi signifient pour nous<\/h1>\n<\/div><\/div><div class=\"w-separator size_large\"><\/div><div class=\"g-cols wpb_row via_grid cols_3 laptops-cols_inherit tablets-cols_inherit mobiles-cols_1 valign_top type_default stacking_default\" style=\"--columns-gap:3rem;\"><div class=\"wpb_column vc_column_container\"><div class=\"vc_column-inner\"><div class=\"w-iconbox us_custom_8b3d6790 has_text_color iconpos_left style_default color_custom align_left\"><div class=\"w-iconbox-icon\" style=\"font-size:2rem;--icon-color:#Ffffff;--icon-bg-color:var(--color-header-middle-bg);\"><i class=\"fas fa-layer-group\"><\/i><\/div><div class=\"w-iconbox-meta\"><h4 class=\"w-iconbox-title\" style=\"font-size:1.5rem;\">Durabilit\u00e9 et sensibilisation \u00e0 l'environnement<\/h4><div class=\"w-iconbox-text\"><p><span style=\"font-weight: 400;\">Nous promouvons une \u00e9conomie respectueuse du climat et efficace dans l\u2019utilisation des ressources, pour des entreprises durables et des emplois verts.<\/span><\/p>\n<\/div><\/div><\/div><\/div><\/div><div class=\"wpb_column vc_column_container\"><div class=\"vc_column-inner\"><div class=\"w-iconbox us_custom_8b3d6790 has_text_color iconpos_left style_default color_custom align_left\"><div class=\"w-iconbox-icon\" style=\"font-size:2rem;--icon-color:#Ffffff;--icon-bg-color:var(--color-header-transparent-text);\"><i class=\"fas fa-layer-group\"><\/i><\/div><div class=\"w-iconbox-meta\"><h4 class=\"w-iconbox-title\" style=\"font-size:1.5rem;\">\u00c9galit\u00e9 des chances et convivialit\u00e9 pour les PME<\/h4><div class=\"w-iconbox-text\"><p><span style=\"font-weight: 400;\">Nous attribuons les march\u00e9s publics de mani\u00e8re \u00e9quitable, conviviale pour les PME et les startups, dans un souci de respect des tarifs et d'int\u00e9gration. Avec des programmes appropri\u00e9s, nous soutenons la qualification et l'emploi.<\/span><\/p>\n<\/div><\/div><\/div><\/div><\/div><div class=\"wpb_column vc_column_container\"><div class=\"vc_column-inner\"><div class=\"w-iconbox us_custom_8b3d6790 has_text_color iconpos_left style_default color_custom align_left\"><div class=\"w-iconbox-icon\" style=\"font-size:2rem;--icon-color:#Ffffff;--icon-bg-color:var(--color-header-transparent-text);\"><i class=\"fas fa-layer-group\"><\/i><\/div><div class=\"w-iconbox-meta\"><h4 class=\"w-iconbox-title\" style=\"font-size:1.5rem;\">Innovation, num\u00e9risation et p\u00e9rennit\u00e9<\/h4><div class=\"w-iconbox-text\"><p><span style=\"font-weight: 400;\">Les VERTS renforcent les startups, les plateformes num\u00e9riques, la recherche et la mise en r\u00e9seau de l'\u00e9conomie et de l'\u00e9ducation afin d'attirer des professionnels et de rendre Wiesbaden \u00e9conomiquement r\u00e9siliente.<\/span><\/p>\n<p><br style=\"font-weight: 400;\" \/><br style=\"font-weight: 400;\" \/><\/p>\n<\/div><\/div><\/div><\/div><\/div><\/div><div class=\"w-separator size_medium\"><\/div><div class=\"g-cols wpb_row via_grid cols_3 laptops-cols_inherit tablets-cols_inherit mobiles-cols_1 valign_top type_default stacking_default\" style=\"--columns-gap:3rem;\"><div class=\"wpb_column vc_column_container\"><div class=\"vc_column-inner\"><div class=\"w-iconbox us_custom_8b3d6790 has_text_color iconpos_left style_default color_custom align_left\"><div class=\"w-iconbox-icon\" style=\"font-size:2rem;--icon-color:#Ffffff;--icon-bg-color:var(--color-header-middle-bg);\"><i class=\"fas fa-layer-group\"><\/i><\/div><div class=\"w-iconbox-meta\"><h4 class=\"w-iconbox-title\" style=\"font-size:1.5rem;\">Coop\u00e9ration et dialogue<\/h4><div class=\"w-iconbox-text\"><p><span style=\"font-weight: 400;\">L'industrie, l'artisanat, les associations et l'administration travaillent en \u00e9troite collaboration. Ensemble, nous \u00e9laborons des strat\u00e9gies pour un tourisme durable, une transformation r\u00e9ussie du centre-ville, le d\u00e9veloppement \u00e9conomique, la transformation vers la neutralit\u00e9 climatique et l'innovation.<\/span><\/p>\n<\/div><\/div><\/div><\/div><\/div><div class=\"wpb_column vc_column_container\"><div class=\"vc_column-inner\"><div class=\"w-iconbox us_custom_8b3d6790 has_text_color iconpos_left style_default color_custom align_left\"><div class=\"w-iconbox-icon\" style=\"font-size:2rem;--icon-color:#Ffffff;--icon-bg-color:var(--color-header-transparent-text);\"><i class=\"fas fa-layer-group\"><\/i><\/div><div class=\"w-iconbox-meta\"><h4 class=\"w-iconbox-title\" style=\"font-size:1.5rem;\">D\u00e9veloppement des comp\u00e9tences et formation<\/h4><div class=\"w-iconbox-text\"><p><span style=\"font-weight: 400;\">Nous promouvons la rel\u00e8ve, les comp\u00e9tences et les perspectives de carri\u00e8re dans tous les secteurs: les radars de formation, les initiatives en faveur des talents et les plateformes num\u00e9riques s\u00e9curisent les talents et fid\u00e9lisent les talents.<\/span><\/p>\n<\/div><\/div><\/div><\/div><\/div><div class=\"wpb_column vc_column_container\"><div class=\"vc_column-inner\"><div class=\"w-iconbox us_custom_8b3d6790 has_text_color iconpos_left style_default color_custom align_left\"><div class=\"w-iconbox-icon\" style=\"font-size:2rem;--icon-color:#Ffffff;--icon-bg-color:var(--color-header-transparent-text);\"><i class=\"fas fa-layer-group\"><\/i><\/div><div class=\"w-iconbox-meta\"><h4 class=\"w-iconbox-title\" style=\"font-size:1.5rem;\">Attractivit\u00e9 du site de Wiesbaden<\/h4><div class=\"w-iconbox-text\"><p><span style=\"font-weight: 400;\">Nous revitalisons le centre-ville, le tourisme et l'\u00e9conomie locale, cr\u00e9ons des emplois et combinons culture, rencontre et innovation en un lieu attractif.<\/span><\/p>\n<\/div><\/div><\/div><\/div><\/div><\/div><div class=\"w-separator size_medium\"><\/div><div class=\"w-btn-wrapper align_left\"><a class=\"w-btn us-btn-style_8 icon_atleft\" href=\"https:\/\/gruene-wiesbaden.de\/fr\/kommunalwahl\/#Kapitel3\"><i class=\"fas fa-chevron-circle-right\"><\/i><span class=\"w-btn-label\">Retour \u00e0 la vue d'ensemble<\/span><\/a><\/div><div class=\"w-separator size_medium\"><\/div><\/div><\/div><\/div><\/div><\/section><section class=\"l-section wpb_row height_auto with_img\"><div class=\"l-section-img\" role=\"img\" data-img-width=\"2560\" data-img-height=\"1707\" style=\"background-image: url(https:\/\/gruene-wiesbaden.de\/wp-content\/uploads\/2025\/11\/3.3-Wirtschaftsfoerderung-und-Beschaeftigung-scaled.jpeg);background-repeat: no-repeat;\"><\/div><div class=\"l-section-overlay\" style=\"background:var(--color-header-top-transparent-bg)\"><\/div><div class=\"l-section-h i-cf\"><div class=\"g-cols vc_row via_grid cols_1 laptops-cols_inherit tablets-cols_inherit mobiles-cols_1 valign_middle type_default stacking_default\" style=\"--columns-gap:1rem;\"><div class=\"wpb_column vc_column_container\"><div class=\"vc_column-inner\"><div class=\"w-separator size_large\"><\/div><div class=\"wpb_text_column background_inside_text\"><div class=\"wpb_wrapper\"><h1>Ce que nous voulons concr\u00e8tement faire dans ce domaine<\/h1>\n<\/div><\/div><div class=\"w-separator size_medium\"><\/div><div class=\"w-tabs us_custom_42d693a0 has_text_color style_default switch_click accordion has_scrolling\" style=\"--sections-title-size:1.4rem\"><div class=\"w-tabs-sections titles-align_none icon_chevron cpos_right\"><div class=\"w-tabs-section has_text_color\" id=\"leee\" style=\"background:var(--color-header-transparent-text);color:var(--color-header-top-text-hover);\"><button class=\"w-tabs-section-header\" aria-controls=\"content-leee\" aria-expanded=\"false\"><div class=\"w-tabs-section-title\">March\u00e9s publics durables et favorables aux PME<\/div><div class=\"w-tabs-section-control\"><\/div><\/button><div  class=\"w-tabs-section-content\" id=\"content-leee\"><div class=\"w-tabs-section-content-h i-cf\"><div class=\"wpb_text_column\"><div class=\"wpb_wrapper\"><p><span style=\"font-weight: 400;\">Les march\u00e9s publics constituent un levier important pour les collectivit\u00e9s locales dans la mise en place de relations \u00e9conomiques locales. Nous voulons rendre les march\u00e9s publics plus favorables aux PME et \u00e0 l'innovation, afin que les entreprises locales et les start-ups puissent mieux s'y prendre. En outre, nous voulons que des crit\u00e8res syst\u00e9matiques de durabilit\u00e9 tels que les co\u00fbts du cycle de vie et le respect des tarifs soient pris en compte lors de l'approvisionnement.<\/span><\/p>\n<\/div><\/div><\/div><\/div><\/div><div class=\"w-tabs-section has_text_color\" id=\"f022\" style=\"background:var(--color-header-transparent-text);color:var(--color-header-top-text-hover);\"><button class=\"w-tabs-section-header\" aria-controls=\"content-f022\" aria-expanded=\"false\"><div class=\"w-tabs-section-title\">Renforcement de la politique communale du march\u00e9 du travail<\/div><div class=\"w-tabs-section-control\"><\/div><\/button><div  class=\"w-tabs-section-content\" id=\"content-f022\"><div class=\"w-tabs-section-content-h i-cf\"><div class=\"wpb_text_column\"><div class=\"wpb_wrapper\"><p><span style=\"font-weight: 400;\">Wiesbaden ne doit laisser personne de c\u00f4t\u00e9. Nous voulons mieux coordonner les offres de promotion de l'emploi et int\u00e9grer les mesures de l'entreprise et de l'ext\u00e9rieur de l'entreprise. L'objectif est de proposer des offres de qualification \u00e0 bas seuil, des programmes sur mesure pour les jeunes, les personnes ayant une histoire migratoire, les r\u00e9fugi\u00e9s et les ch\u00f4meurs de longue dur\u00e9e. Nous conserverons l'atelier de jeunesse de Wiesbaden. Nous voulons revoir le mod\u00e8le de la \u00abcommune d\u2019options\u00bb.<\/span><\/p>\n<\/div><\/div><\/div><\/div><\/div><div class=\"w-tabs-section has_text_color\" id=\"c13f\" style=\"background:var(--color-header-transparent-text);color:var(--color-header-top-text-hover);\"><button class=\"w-tabs-section-header\" aria-controls=\"content-c13f\" aria-expanded=\"false\"><div class=\"w-tabs-section-title\">Poursuivre l'ouverture des portes sur le march\u00e9 du travail<\/div><div class=\"w-tabs-section-control\"><\/div><\/button><div  class=\"w-tabs-section-content\" id=\"content-c13f\"><div class=\"w-tabs-section-content-h i-cf\"><div class=\"wpb_text_column\"><div class=\"wpb_wrapper\"><p><span style=\"font-weight: 400;\">Nous voulons poursuivre r\u00e9solument sur la voie trac\u00e9e par le projet du march\u00e9 du travail \u00abRester \u00e0 Wiesbaden\u00bb et utiliser toutes les possibilit\u00e9s juridiques pour faciliter l\u2019acc\u00e8s des r\u00e9fugi\u00e9s au march\u00e9 du travail. Dans ce cadre, nous souhaitons travailler en \u00e9troite collaboration avec les entreprises locales, la CCI et la Chambre des m\u00e9tiers et mettre particuli\u00e8rement l'accent sur le groupe cible des r\u00e9fugi\u00e9s dans le cadre de notre initiative en faveur de la main-d'\u0153uvre qualifi\u00e9e. Les mesures que nous jugeons importantes sont, par exemple, l'aide \u00e0 surmonter les obstacles bureaucratiques et la reconnaissance des qualifications \u00e9trang\u00e8res, les cours de pr\u00e9paration linguistique et professionnelle \u00e0 bas seuil et le parrainage entre entreprises et r\u00e9fugi\u00e9s. C'est ainsi que nous cr\u00e9ons une situation gagnant-gagnant: Les r\u00e9fugi\u00e9s b\u00e9n\u00e9ficient d\u2019une v\u00e9ritable perspective, les entreprises trouvent du personnel qualifi\u00e9 et Wiesbaden devient plus attrayante, en tant que ville d\u2019opportunit\u00e9s et de coh\u00e9sion.<\/span><\/p>\n<\/div><\/div><\/div><\/div><\/div><div class=\"w-tabs-section has_text_color\" id=\"s255\" style=\"background:var(--color-header-middle-bg);color:var(--color-content-heading);\"><button class=\"w-tabs-section-header\" aria-controls=\"content-s255\" aria-expanded=\"false\"><div class=\"w-tabs-section-title\">Dialogue avec l'\u00e9conomie locale<\/div><div class=\"w-tabs-section-control\"><\/div><\/button><div  class=\"w-tabs-section-content\" id=\"content-s255\"><div class=\"w-tabs-section-content-h i-cf\"><div class=\"wpb_text_column\"><div class=\"wpb_wrapper\"><p><span style=\"font-weight: 400;\">Nous voulons poursuivre le dialogue et la collaboration constructive avec les entreprises et leurs associations. Pour ce faire, nous utilisons diff\u00e9rents formats, tels que le conseil consultatif industriel. Avec l'artisanat, nous avons \u00e9labor\u00e9 ensemble l'agenda de l'artisanat que nous voulons mettre en \u0153uvre de mani\u00e8re cons\u00e9quente. Nous sommes convaincus que les grands d\u00e9fis de l'\u00e9volution d\u00e9mographique, de la num\u00e9risation et de la transition \u00e9nerg\u00e9tique ne peuvent \u00eatre relev\u00e9s que par cette collaboration.<\/span><\/p>\n<\/div><\/div><\/div><\/div><\/div><div class=\"w-tabs-section has_text_color\" id=\"r383\" style=\"background:var(--color-header-transparent-text);color:var(--color-header-top-text-hover);\"><button class=\"w-tabs-section-header\" aria-controls=\"content-r383\" aria-expanded=\"false\"><div class=\"w-tabs-section-title\">La construction durable \u2013 une chance pour l\u2019artisanat<\/div><div class=\"w-tabs-section-control\"><\/div><\/button><div  class=\"w-tabs-section-content\" id=\"content-r383\"><div class=\"w-tabs-section-content-h i-cf\"><div class=\"wpb_text_column\"><div class=\"wpb_wrapper\"><p><span style=\"font-weight: 400;\">La transformation \u00e9cologique offre de grandes opportunit\u00e9s pour l'artisanat local et le secteur de la construction: de l'assainissement \u00e9nerg\u00e9tique \u00e0 la nouvelle mobilit\u00e9 en passant par le photovolta\u00efque. Nous voulons former avec les associations, les entreprises, l'agence de protection du climat et les \u00e9tablissements d'enseignement une alliance de Wiesbaden pour les m\u00e9tiers verts, faire progresser la mise en r\u00e9seau et le conseil et acqu\u00e9rir des subventions cibl\u00e9es.<\/span><\/p>\n<\/div><\/div><\/div><\/div><\/div><div class=\"w-tabs-section has_text_color\" id=\"c498\" style=\"background:var(--color-header-middle-bg);color:var(--color-header-middle-text);\"><button class=\"w-tabs-section-header\" aria-controls=\"content-c498\" aria-expanded=\"false\"><div class=\"w-tabs-section-title\">Soutenir les entreprises sur la voie de la neutralit\u00e9 climatique<\/div><div class=\"w-tabs-section-control\"><\/div><\/button><div  class=\"w-tabs-section-content\" id=\"content-c498\"><div class=\"w-tabs-section-content-h i-cf\"><div class=\"wpb_text_column\"><div class=\"wpb_wrapper\"><p><span style=\"font-weight: 400;\">Un approvisionnement \u00e9nerg\u00e9tique neutre pour le climat, s\u00fbr et abordable est un facteur de localisation essentiel. Nous voulons soutenir nos entreprises locales dans cette voie, attirer des financements et promouvoir des coop\u00e9rations innovantes, par exemple dans le domaine de l\u2019utilisation de la chaleur r\u00e9siduelle.<\/span><\/p>\n<\/div><\/div><\/div><\/div><\/div><div class=\"w-tabs-section has_text_color\" id=\"i5af\" style=\"background:var(--color-header-transparent-text);color:var(--color-header-top-text-hover);\"><button class=\"w-tabs-section-header\" aria-controls=\"content-i5af\" aria-expanded=\"false\"><div class=\"w-tabs-section-title\">Promouvoir le tourisme durable<\/div><div class=\"w-tabs-section-control\"><\/div><\/button><div  class=\"w-tabs-section-content\" id=\"content-i5af\"><div class=\"w-tabs-section-content-h i-cf\"><div class=\"wpb_text_column\"><div class=\"wpb_wrapper\"><p><span style=\"font-weight: 400;\">Le tourisme est un \u00e9l\u00e9ment central de la strat\u00e9gie \u00e9conomique de la ville, qui rev\u00eat une importance particuli\u00e8re dans les secteurs de l'h\u00f4tellerie, de la restauration et de la vente au d\u00e9tail. Nous voulons renforcer Wiesbaden en tant que destination touristique attractive et durable. \u00c0 la suite de la commercialisation conjointe de la \u00abDestination Wiesbaden Rheingau\u00bb, nous encourageons les d\u00e9placements respectueux du climat en rendant les transports publics et les services de location plus attrayants pour les touristes. Nous d\u00e9veloppons les offres pour les jeunes groupes cibles, les familles et les touristes culturels. Nous voulons valoriser l'information touristique et d\u00e9velopper les canaux de commercialisation num\u00e9riques.<\/span><\/p>\n<\/div><\/div><\/div><\/div><\/div><div class=\"w-tabs-section has_text_color\" id=\"e6c3\" style=\"background:var(--color-header-transparent-text);color:var(--color-header-top-text-hover);\"><button class=\"w-tabs-section-header\" aria-controls=\"content-e6c3\" aria-expanded=\"false\"><div class=\"w-tabs-section-title\">Soutenir l'acquisition de comp\u00e9tences<\/div><div class=\"w-tabs-section-control\"><\/div><\/button><div  class=\"w-tabs-section-content\" id=\"content-e6c3\"><div class=\"w-tabs-section-content-h i-cf\"><div class=\"wpb_text_column\"><div class=\"wpb_wrapper\"><p><span style=\"font-weight: 400;\">La p\u00e9nurie de main-d'\u0153uvre qualifi\u00e9e et l'acquisition de jeunes talents comptent parmi les principaux d\u00e9fis auxquels sont confront\u00e9es les entreprises. Nous nous engageons \u00e0 doter l\u2019\u00abinitiative pour les professionnels de l\u2019industrie\u00bb \u00e9labor\u00e9e au cours de la derni\u00e8re l\u00e9gislature de ressources suffisantes et \u00e0 l\u2019\u00e9tendre \u00e0 d\u2019autres secteurs, tels que l\u2019artisanat et la sant\u00e9.<\/span><\/p>\n<\/div><\/div><\/div><\/div><\/div><\/div><\/div><div class=\"w-separator size_medium\"><\/div><div class=\"w-btn-wrapper align_left\"><a class=\"w-btn us-btn-style_8 icon_atleft\" href=\"https:\/\/gruene-wiesbaden.de\/fr\/kommunalwahl\/#Kapitel3\"><i class=\"fas fa-chevron-circle-right\"><\/i><span class=\"w-btn-label\">Retour \u00e0 la vue d'ensemble<\/span><\/a><\/div><div class=\"w-separator size_large\"><\/div><div class=\"wpb_text_column\"><div class=\"wpb_wrapper\"><h1>Ce que nous avons d\u00e9j\u00e0 accompli<\/h1>\n<\/div><\/div><div class=\"w-separator size_medium\"><\/div><div class=\"w-tabs us_custom_42d693a0 has_text_color style_default switch_click accordion has_scrolling\" style=\"--sections-title-size:1.4rem\"><div class=\"w-tabs-sections titles-align_none icon_chevron cpos_right\"><div class=\"w-tabs-section has_text_color\" id=\"j86a\" style=\"background:var(--color-header-transparent-text);color:var(--color-header-top-text-hover);\"><button class=\"w-tabs-section-header\" aria-controls=\"content-j86a\" aria-expanded=\"false\"><div class=\"w-tabs-section-title\">Plateforme d'opportunit\u00e9s Wiesbaden<\/div><div class=\"w-tabs-section-control\"><\/div><\/button><div  class=\"w-tabs-section-content\" id=\"content-j86a\"><div class=\"w-tabs-section-content-h i-cf\"><div class=\"wpb_text_column\"><div class=\"wpb_wrapper\"><p><span style=\"font-weight: 400;\">La plateforme d\u2019opportunit\u00e9s a \u00e9t\u00e9 lanc\u00e9e dans le cadre de l\u2019initiative pour les talents WI WORK LIFE | Industrie en 2022. Elle offre aux citoyens un soutien num\u00e9rique en mati\u00e8re d'\u00e9ducation, de formation et de carri\u00e8re et facilite l'acc\u00e8s aux offres d'emploi, aux formations continues et aux places de formation \u00e0 Wiesbaden.<\/span><\/p>\n<\/div><\/div><\/div><\/div><\/div><div class=\"w-tabs-section has_text_color\" id=\"s98b\" style=\"background:var(--color-header-transparent-text);color:var(--color-header-top-text-hover);\"><button class=\"w-tabs-section-header\" aria-controls=\"content-s98b\" aria-expanded=\"false\"><div class=\"w-tabs-section-title\">Radar de formation Wiesbaden<\/div><div class=\"w-tabs-section-control\"><\/div><\/button><div  class=\"w-tabs-section-content\" id=\"content-s98b\"><div class=\"w-tabs-section-content-h i-cf\"><div class=\"wpb_text_column\"><div class=\"wpb_wrapper\"><p><span style=\"font-weight: 400;\">Le radar de formation a \u00e9t\u00e9 introduit en 2025. Gr\u00e2ce \u00e0 cette plateforme num\u00e9rique, les entreprises peuvent recommander \u00e0 d\u2019autres entreprises de Wiesbaden des candidats qualifi\u00e9s qu\u2019elles ne peuvent pas recruter pour des raisons de capacit\u00e9. Ainsi, les possibilit\u00e9s de formation dans la r\u00e9gion restent transparentes et facilement accessibles.<\/span><\/p>\n<\/div><\/div><\/div><\/div><\/div><div class=\"w-tabs-section has_text_color\" id=\"laa0\" style=\"background:var(--color-header-transparent-text);color:var(--color-header-top-text-hover);\"><button class=\"w-tabs-section-header\" aria-controls=\"content-laa0\" aria-expanded=\"false\"><div class=\"w-tabs-section-title\">Forum de l'initiative pour les professionnels de l'industrie<\/div><div class=\"w-tabs-section-control\"><\/div><\/button><div  class=\"w-tabs-section-content\" id=\"content-laa0\"><div class=\"w-tabs-section-content-h i-cf\"><div class=\"wpb_text_column\"><div class=\"wpb_wrapper\"><p><span style=\"font-weight: 400;\">Le Forum de l\u2019initiative pour la main-d\u2019\u0153uvre qualifi\u00e9e dans l\u2019industrie a \u00e9t\u00e9 cr\u00e9\u00e9 en 2022. Il met en r\u00e9seau les professionnels du num\u00e9rique et aide les entreprises \u00e0 trouver et \u00e0 promouvoir les talents. Dans le m\u00eame temps, il facilite les \u00e9changes professionnels entre les entreprises, les \u00e9tablissements d'enseignement et les organisations afin de renforcer la r\u00e9tention de la main-d'\u0153uvre qualifi\u00e9e \u00e0 Wiesbaden.<\/span><\/p>\n<\/div><\/div><\/div><\/div><\/div><div class=\"w-tabs-section has_text_color\" id=\"gbd9\" style=\"background:var(--color-header-middle-bg);color:var(--color-content-heading);\"><button class=\"w-tabs-section-header\" aria-controls=\"content-gbd9\" aria-expanded=\"false\"><div class=\"w-tabs-section-title\">Agenda artisanal de Wiesbaden 2030<\/div><div class=\"w-tabs-section-control\"><\/div><\/button><div  class=\"w-tabs-section-content\" id=\"content-gbd9\"><div class=\"w-tabs-section-content-h i-cf\"><div class=\"wpb_text_column\"><div class=\"wpb_wrapper\"><p><span style=\"font-weight: 400;\">Nous voulons un artisanat fort dans cette ville. En mai 2025, l\u2019agenda de l\u2019artisanat de Wiesbaden 2030 a \u00e9t\u00e9 pr\u00e9sent\u00e9. Avec elle, nous renfor\u00e7ons les entreprises artisanales de notre ville et les accompagnons de mani\u00e8re cibl\u00e9e dans la num\u00e9risation, la promotion de la rel\u00e8ve et de la main-d'\u0153uvre qualifi\u00e9e. Gr\u00e2ce au d\u00e9veloppement d'infrastructures modernes et de solutions intelligentes, les entreprises deviennent p\u00e9rennes, cr\u00e9ent des emplois de qualit\u00e9 et contribuent \u00e0 faire de Wiesbaden une ville dynamique et durable.<\/span><\/p>\n<\/div><\/div><\/div><\/div><\/div><div class=\"w-tabs-section has_text_color\" id=\"xcf4\" style=\"background:var(--color-header-transparent-text);color:var(--color-header-top-text-hover);\"><button class=\"w-tabs-section-header\" aria-controls=\"content-xcf4\" aria-expanded=\"false\"><div class=\"w-tabs-section-title\">WiCoPop \u2013 Stimuler la cr\u00e9ativit\u00e9 du centre-ville<\/div><div class=\"w-tabs-section-control\"><\/div><\/button><div  class=\"w-tabs-section-content\" id=\"content-xcf4\"><div class=\"w-tabs-section-content-h i-cf\"><div class=\"wpb_text_column\"><div class=\"wpb_wrapper\"><p><span style=\"font-weight: 400;\">Avec WiCoPop, Wiesbaden a lanc\u00e9 un projet innovant qui anime les magasins vides du centre-ville. Les start-up, les jeunes entrepreneurs et les cr\u00e9ateurs ont pr\u00e9sent\u00e9 leurs produits, leurs id\u00e9es et leurs projets culturels dans des espaces de vente et d\u2019exposition temporaires, qu\u2019ils soient locatifs ou peu co\u00fbteux. WiCoPop a non seulement stimul\u00e9 l'\u00e9conomie locale, mais a \u00e9galement cr\u00e9\u00e9 de nouvelles possibilit\u00e9s d'emploi et de cr\u00e9ation d'entreprises, renforc\u00e9 le centre-ville en tant que lieu attrayant et fait de Wiesbaden un lieu dynamique d'innovation et de rencontre pour les citoyens et les entreprises.<\/span><\/p>\n<\/div><\/div><\/div><\/div><\/div><div class=\"w-tabs-section has_text_color\" id=\"pe0e\" style=\"background:var(--color-header-transparent-text);color:var(--color-header-top-text-hover);\"><button class=\"w-tabs-section-header\" aria-controls=\"content-pe0e\" aria-expanded=\"false\"><div class=\"w-tabs-section-title\">Poursuite du concept de commerce de d\u00e9tail 2025+<\/div><div class=\"w-tabs-section-control\"><\/div><\/button><div  class=\"w-tabs-section-content\" id=\"content-pe0e\"><div class=\"w-tabs-section-content-h i-cf\"><div class=\"wpb_text_column\"><div class=\"wpb_wrapper\"><p><span style=\"font-weight: 400;\">Avec la poursuite du concept de vente au d\u00e9tail 2025+, Wiesbaden renforce de mani\u00e8re cibl\u00e9e son centre-ville et ses quartiers centraux. Le concept accompagne strat\u00e9giquement les commer\u00e7ants locaux, les start-up et les pop-up stores et les soutient dans le d\u00e9veloppement de leurs offres, tant sur site que num\u00e9riquement. L'objectif est de rendre le centre-ville vivant et attrayant, de garantir l'emploi et de positionner Wiesbaden comme un site \u00e9conomiquement fort et moderne. L'orientation \u00e0 long terme profitera \u00e0 la fois au commerce, \u00e0 l'\u00e9conomie et aux citoyens.<\/span><\/p>\n<\/div><\/div><\/div><\/div><\/div><div class=\"w-tabs-section has_text_color\" id=\"cf3e\" style=\"background:var(--color-header-transparent-text);color:var(--color-header-top-text-hover);\"><button class=\"w-tabs-section-header\" aria-controls=\"content-cf3e\" aria-expanded=\"false\"><div class=\"w-tabs-section-title\">Place pour Parklets<\/div><div class=\"w-tabs-section-control\"><\/div><\/button><div  class=\"w-tabs-section-content\" id=\"content-cf3e\"><div class=\"w-tabs-section-content-h i-cf\"><div class=\"wpb_text_column\"><div class=\"wpb_wrapper\"><p><span style=\"font-weight: 400;\">Pendant la pand\u00e9mie de coronavirus, les restaurateurs de Wiesbaden ont pu tester facilement des terrasses temporaires sur des parkings, appel\u00e9s \u00abparklets\u00bb. Gr\u00e2ce \u00e0 un nouveau statut, ceux-ci peuvent d\u00e9sormais \u00eatre demand\u00e9s de mani\u00e8re permanente. Les parquets animent les rues, cr\u00e9ent des si\u00e8ges suppl\u00e9mentaires pour les clients et rendent le centre-ville plus attrayant pour les rencontres, la culture et le shopping.<\/span><\/p>\n<\/div><\/div><\/div><\/div><\/div><div class=\"w-tabs-section has_text_color\" id=\"i055\" style=\"background:var(--color-header-transparent-text);color:var(--color-header-top-text-hover);\"><button class=\"w-tabs-section-header\" aria-controls=\"content-i055\" aria-expanded=\"false\"><div class=\"w-tabs-section-title\">Le comit\u00e9 consultatif industriel: Implication de l'industrie dans les processus d\u00e9cisionnels<\/div><div class=\"w-tabs-section-control\"><\/div><\/button><div  class=\"w-tabs-section-content\" id=\"content-i055\"><div class=\"w-tabs-section-content-h i-cf\"><div class=\"wpb_text_column\"><div class=\"wpb_wrapper\"><p><span style=\"font-weight: 400;\">Le Conseil consultatif de l'industrie s'est impos\u00e9 comme un interlocuteur central pour l'\u00e9conomie de Wiesbaden. C'est l\u00e0 que les entreprises, les chambres, les universit\u00e9s et les syndicats se r\u00e9unissent pour discuter des d\u00e9fis actuels, des investissements et des projets d'innovation. Sous la direction de notre d\u00e9l\u00e9gu\u00e9e et maire VERTE, l'\u00e9conomie est impliqu\u00e9e \u00e0 un stade pr\u00e9coce dans les processus d\u00e9cisionnels. Cela garantit que les besoins de l'industrie sont entendus, que l'attractivit\u00e9 du site est renforc\u00e9e et que les emplois sont garantis \u00e0 long terme.<\/span><\/p>\n<\/div><\/div><\/div><\/div><\/div><div class=\"w-tabs-section has_text_color\" id=\"g16f\" style=\"background:var(--color-header-transparent-text);color:var(--color-header-top-text-hover);\"><button class=\"w-tabs-section-header\" aria-controls=\"content-g16f\" aria-expanded=\"false\"><div class=\"w-tabs-section-title\">Renforcement de la gestion urbaine \u2013 dynamiser le centre-ville<\/div><div class=\"w-tabs-section-control\"><\/div><\/button><div  class=\"w-tabs-section-content\" id=\"content-g16f\"><div class=\"w-tabs-section-content-h i-cf\"><div class=\"wpb_text_column\"><div class=\"wpb_wrapper\"><p><span style=\"font-weight: 400;\">En ces temps de changement, notre centre-ville a besoin d'une voix forte. C'est ce que fait l'\u00e9quipe de gestion urbaine dirig\u00e9e par notre d\u00e9l\u00e9gu\u00e9e et maire VERTE, qui, avec des commer\u00e7ants et d'autres acteurs, fait avancer un centre-ville dynamique. Il coordonne les \u00e9v\u00e9nements, les march\u00e9s et les actions urbaines, soutient le commerce et la gastronomie, met en r\u00e9seau les acteurs locaux et d\u00e9veloppe des strat\u00e9gies pour revitaliser et accro\u00eetre l'attractivit\u00e9. Ainsi, non seulement les visiteurs sont attir\u00e9s, mais les emplois sont \u00e9galement renforc\u00e9s et le centre-ville est s\u00e9curis\u00e9 en tant que site \u00e9conomiquement dynamique. Cela fonctionne comme suit: En 2025, la ville de Wiesbaden s'est class\u00e9e premi\u00e8re au niveau national par rapport \u00e0 d'autres villes de 250 000 \u00e0 600 000 habitants lors du VITALCity Award, un prix d\u00e9cern\u00e9 chaque ann\u00e9e aux villes allemandes pour mesurer et promouvoir la vitalit\u00e9 de leurs centres-villes.<\/span><\/p>\n<\/div><\/div><\/div><\/div><\/div><div class=\"w-tabs-section has_text_color\" id=\"n286\" style=\"background:var(--color-header-transparent-text);color:var(--color-header-top-text-hover);\"><button class=\"w-tabs-section-header\" aria-controls=\"content-n286\" aria-expanded=\"false\"><div class=\"w-tabs-section-title\">Des tarifs plus \u00e9quitables pour les d\u00e9penses de marchandises<\/div><div class=\"w-tabs-section-control\"><\/div><\/button><div  class=\"w-tabs-section-content\" id=\"content-n286\"><div class=\"w-tabs-section-content-h i-cf\"><div class=\"wpb_text_column\"><div class=\"wpb_wrapper\"><p><span style=\"font-weight: 400;\">Jusqu\u2019\u00e0 la fin de 2021, les redevances pour les marchandises \u00e9taient bas\u00e9es sur les valeurs fonci\u00e8res de r\u00e9f\u00e9rence de l\u2019\u00e9tat de la route. En cons\u00e9quence, les d\u00e9taillants situ\u00e9s dans des endroits tr\u00e8s fr\u00e9quent\u00e9s tels que la Kirchgasse ont d\u00fb payer jusqu'\u00e0 600 euros par m\u00e8tre carr\u00e9 et par an, tandis que les magasins situ\u00e9s dans des zones moins centrales avaient des frais nettement inf\u00e9rieurs. Avec l'introduction d'un nouveau bar\u00e8me de taxes pour les pr\u00e9sentations de marchandises, Wiesbaden a sensiblement all\u00e9g\u00e9 la charge qui p\u00e8se sur le commerce de d\u00e9tail dans le centre-ville. Les frais ont \u00e9t\u00e9 \u00e9chelonn\u00e9s de mani\u00e8re transparente et en fonction de l'emplacement dans le centre-ville, ce qui permet \u00e0 de nombreux d\u00e9taillants de b\u00e9n\u00e9ficier d'une r\u00e9duction significative des co\u00fbts. Cette mesure renforce la comp\u00e9titivit\u00e9 du commerce physique et contribue \u00e0 la revitalisation du centre-ville.<\/span><\/p>\n<\/div><\/div><\/div><\/div><\/div><div class=\"w-tabs-section has_text_color\" id=\"d3a3\" style=\"background:var(--color-header-transparent-text);color:var(--color-header-top-text-hover);\"><button class=\"w-tabs-section-header\" aria-controls=\"content-d3a3\" aria-expanded=\"false\"><div class=\"w-tabs-section-title\">tourisme: Destination commune Wiesbaden-Rheingau<\/div><div class=\"w-tabs-section-control\"><\/div><\/button><div  class=\"w-tabs-section-content\" id=\"content-d3a3\"><div class=\"w-tabs-section-content-h i-cf\"><div class=\"wpb_text_column\"><div class=\"wpb_wrapper\"><p><span style=\"font-weight: 400;\">Wiesbaden regroupe ses offres touristiques avec la r\u00e9gion de Rheingau via la destination Wiesbaden Rheingau. Des campagnes de marketing coordonn\u00e9es, des offres r\u00e9servables et la mise en r\u00e9seau de produits locaux cr\u00e9ent une exp\u00e9rience attrayante et holistique pour les visiteurs. Cette coop\u00e9ration favorise le tourisme, renforce la gastronomie, l'h\u00f4tellerie et la culture et assure et cr\u00e9e des emplois dans la r\u00e9gion. En outre, la destination est certifi\u00e9e en tant que destination durable depuis 2024 et soutient ainsi un tourisme respectueux de l'environnement.<\/span><\/p>\n<\/div><\/div><\/div><\/div><\/div><div class=\"w-tabs-section has_text_color\" id=\"i4ba\" style=\"background:var(--color-header-transparent-text);color:var(--color-header-top-text-hover);\"><button class=\"w-tabs-section-header\" aria-controls=\"content-i4ba\" aria-expanded=\"false\"><div class=\"w-tabs-section-title\">tourisme: Maison thermale et casino<\/div><div class=\"w-tabs-section-control\"><\/div><\/button><div  class=\"w-tabs-section-content\" id=\"content-i4ba\"><div class=\"w-tabs-section-content-h i-cf\"><div class=\"wpb_text_column\"><div class=\"wpb_wrapper\"><p><span style=\"font-weight: 400;\">La ville de Wiesbaden investit de mani\u00e8re cibl\u00e9e dans des sites touristiques et \u00e9v\u00e9nementiels centraux: La r\u00e9novation du Kurhaus cr\u00e9e des contrats de construction et d'artisanat et garantit \u00e0 long terme des possibilit\u00e9s d'utilisation pour la culture et la gastronomie. Dans le m\u00eame temps, les maisons de jeu et la restauration thermale font l'objet d'un nouvel appel d'offres, car les contrats d'exploitation actuels arrivent \u00e0 expiration. Cela garantit des investissements, des concepts modernes et des emplois. Ces mesures renforcent le centre-ville en tant que lieu \u00e9conomiquement attrayant pour les visiteurs et l'emploi.<\/span><\/p>\n<\/div><\/div><\/div><\/div><\/div><\/div><\/div><div class=\"w-separator size_medium\"><\/div><div class=\"w-btn-wrapper align_left\"><a class=\"w-btn us-btn-style_8 icon_atleft\" href=\"https:\/\/gruene-wiesbaden.de\/fr\/kommunalwahl\/#Kapitel3\"><i class=\"fas fa-chevron-circle-right\"><\/i><span class=\"w-btn-label\">Retour \u00e0 la vue d'ensemble<\/span><\/a><\/div><div class=\"w-separator size_large\"><\/div><\/div><\/div><\/div><\/div><\/section>","protected":false},"excerpt":{"rendered":"Les d\u00e9cisions locales ont un impact direct sur l'\u00e9conomie locale, l'emploi et la qualit\u00e9 de vie. Avec le soutien cibl\u00e9 d'entreprises de diff\u00e9rents secteurs, de l'artisanat, des start-ups et du tourisme, nous assurons l'emploi, l'innovation et la main-d'\u0153uvre qualifi\u00e9e \u00e0 Wiesbaden et posons les jalons d'une transformation r\u00e9ussie et d'une reprise \u00e9conomique. Nous attribuons les march\u00e9s publics de mani\u00e8re \u00e9quitable, en tenant compte du respect des tarifs et des crit\u00e8res de durabilit\u00e9....","protected":false},"author":1,"featured_media":1566,"comment_status":"closed","ping_status":"closed","sticky":false,"template":"","format":"standard","meta":{"footnotes":""},"categories":[16],"tags":[],"class_list":["post-1380","post","type-post","status-publish","format-standard","has-post-thumbnail","hentry","category-kapitel-3"],"yoast_head":"<!-- This site is optimized with the Yoast SEO plugin v27.5 - https:\/\/yoast.com\/product\/yoast-seo-wordpress\/ -->\n<title>Wirtschaftsf\u00f6rderung und Besch\u00e4ftigung - B\u00dcNDNIS 90\/DIE GR\u00dcNEN Wiesbaden<\/title>\n<meta name=\"robots\" content=\"index, follow, max-snippet:-1, max-image-preview:large, max-video-preview:-1\" \/>\n<link rel=\"canonical\" href=\"https:\/\/gruene-wiesbaden.de\/fr\/wirtschaftsfoerderung-und-beschaeftigung\/\" \/>\n<meta property=\"og:locale\" content=\"fr_FR\" \/>\n<meta property=\"og:type\" content=\"article\" \/>\n<meta property=\"og:title\" content=\"Wirtschaftsf\u00f6rderung und Besch\u00e4ftigung - B\u00dcNDNIS 90\/DIE GR\u00dcNEN Wiesbaden\" \/>\n<meta property=\"og:url\" content=\"https:\/\/gruene-wiesbaden.de\/fr\/wirtschaftsfoerderung-und-beschaeftigung\/\" \/>\n<meta property=\"og:site_name\" content=\"B\u00dcNDNIS 90\/DIE GR\u00dcNEN Wiesbaden\" \/>\n<meta property=\"article:publisher\" content=\"https:\/\/www.facebook.com\/gruene.wi\" \/>\n<meta property=\"article:published_time\" content=\"2025-11-09T22:33:24+00:00\" \/>\n<meta property=\"article:modified_time\" content=\"2026-04-08T22:29:47+00:00\" \/>\n<meta property=\"og:image\" content=\"https:\/\/gruene-wiesbaden.de\/wp-content\/uploads\/2025\/11\/3.3-Wirtschaftsfoerderung-und-Beschaeftigung-scaled.jpeg\" \/>\n\t<meta property=\"og:image:width\" content=\"2560\" \/>\n\t<meta property=\"og:image:height\" content=\"1707\" \/>\n\t<meta property=\"og:image:type\" content=\"image\/jpeg\" \/>\n<meta name=\"author\" content=\"admin\" \/>\n<meta name=\"twitter:card\" content=\"summary_large_image\" \/>\n<meta name=\"twitter:label1\" content=\"\u00c9crit par\" \/>\n\t<meta name=\"twitter:data1\" content=\"admin\" \/>\n\t<meta name=\"twitter:label2\" content=\"Dur\u00e9e de lecture estim\u00e9e\" \/>\n\t<meta name=\"twitter:data2\" content=\"10 minutes\" \/>\n<script type=\"application\/ld+json\" class=\"yoast-schema-graph\">{\"@context\":\"https:\\\/\\\/schema.org\",\"@graph\":[{\"@type\":\"Article\",\"@id\":\"https:\\\/\\\/gruene-wiesbaden.de\\\/wirtschaftsfoerderung-und-beschaeftigung\\\/#article\",\"isPartOf\":{\"@id\":\"https:\\\/\\\/gruene-wiesbaden.de\\\/wirtschaftsfoerderung-und-beschaeftigung\\\/\"},\"author\":{\"name\":\"admin\",\"@id\":\"https:\\\/\\\/gruene-wiesbaden.de\\\/#\\\/schema\\\/person\\\/6785c34779159cd4fd86886bb097afe9\"},\"headline\":\"Wirtschaftsf\u00f6rderung und Besch\u00e4ftigung\",\"datePublished\":\"2025-11-09T22:33:24+00:00\",\"dateModified\":\"2026-04-08T22:29:47+00:00\",\"mainEntityOfPage\":{\"@id\":\"https:\\\/\\\/gruene-wiesbaden.de\\\/wirtschaftsfoerderung-und-beschaeftigung\\\/\"},\"wordCount\":3041,\"publisher\":{\"@id\":\"https:\\\/\\\/gruene-wiesbaden.de\\\/#organization\"},\"image\":{\"@id\":\"https:\\\/\\\/gruene-wiesbaden.de\\\/wirtschaftsfoerderung-und-beschaeftigung\\\/#primaryimage\"},\"thumbnailUrl\":\"https:\\\/\\\/gruene-wiesbaden.de\\\/wp-content\\\/uploads\\\/2025\\\/11\\\/3.3-Wirtschaftsfoerderung-und-Beschaeftigung-scaled.jpeg\",\"articleSection\":[\"Kapitel 3\"],\"inLanguage\":\"fr-FR\"},{\"@type\":\"WebPage\",\"@id\":\"https:\\\/\\\/gruene-wiesbaden.de\\\/wirtschaftsfoerderung-und-beschaeftigung\\\/\",\"url\":\"https:\\\/\\\/gruene-wiesbaden.de\\\/wirtschaftsfoerderung-und-beschaeftigung\\\/\",\"name\":\"Wirtschaftsf\u00f6rderung und Besch\u00e4ftigung - B\u00dcNDNIS 90\\\/DIE GR\u00dcNEN Wiesbaden\",\"isPartOf\":{\"@id\":\"https:\\\/\\\/gruene-wiesbaden.de\\\/#website\"},\"primaryImageOfPage\":{\"@id\":\"https:\\\/\\\/gruene-wiesbaden.de\\\/wirtschaftsfoerderung-und-beschaeftigung\\\/#primaryimage\"},\"image\":{\"@id\":\"https:\\\/\\\/gruene-wiesbaden.de\\\/wirtschaftsfoerderung-und-beschaeftigung\\\/#primaryimage\"},\"thumbnailUrl\":\"https:\\\/\\\/gruene-wiesbaden.de\\\/wp-content\\\/uploads\\\/2025\\\/11\\\/3.3-Wirtschaftsfoerderung-und-Beschaeftigung-scaled.jpeg\",\"datePublished\":\"2025-11-09T22:33:24+00:00\",\"dateModified\":\"2026-04-08T22:29:47+00:00\",\"breadcrumb\":{\"@id\":\"https:\\\/\\\/gruene-wiesbaden.de\\\/wirtschaftsfoerderung-und-beschaeftigung\\\/#breadcrumb\"},\"inLanguage\":\"fr-FR\",\"potentialAction\":[{\"@type\":\"ReadAction\",\"target\":[\"https:\\\/\\\/gruene-wiesbaden.de\\\/wirtschaftsfoerderung-und-beschaeftigung\\\/\"]}]},{\"@type\":\"ImageObject\",\"inLanguage\":\"fr-FR\",\"@id\":\"https:\\\/\\\/gruene-wiesbaden.de\\\/wirtschaftsfoerderung-und-beschaeftigung\\\/#primaryimage\",\"url\":\"https:\\\/\\\/gruene-wiesbaden.de\\\/wp-content\\\/uploads\\\/2025\\\/11\\\/3.3-Wirtschaftsfoerderung-und-Beschaeftigung-scaled.jpeg\",\"contentUrl\":\"https:\\\/\\\/gruene-wiesbaden.de\\\/wp-content\\\/uploads\\\/2025\\\/11\\\/3.3-Wirtschaftsfoerderung-und-Beschaeftigung-scaled.jpeg\",\"width\":2560,\"height\":1707},{\"@type\":\"BreadcrumbList\",\"@id\":\"https:\\\/\\\/gruene-wiesbaden.de\\\/wirtschaftsfoerderung-und-beschaeftigung\\\/#breadcrumb\",\"itemListElement\":[{\"@type\":\"ListItem\",\"position\":1,\"name\":\"Startseite\",\"item\":\"https:\\\/\\\/gruene-wiesbaden.de\\\/\"},{\"@type\":\"ListItem\",\"position\":2,\"name\":\"Wirtschaftsf\u00f6rderung und Besch\u00e4ftigung\"}]},{\"@type\":\"WebSite\",\"@id\":\"https:\\\/\\\/gruene-wiesbaden.de\\\/#website\",\"url\":\"https:\\\/\\\/gruene-wiesbaden.de\\\/\",\"name\":\"DIE GR\u00dcNEN Wiesbaden\",\"description\":\"\",\"publisher\":{\"@id\":\"https:\\\/\\\/gruene-wiesbaden.de\\\/#organization\"},\"potentialAction\":[{\"@type\":\"SearchAction\",\"target\":{\"@type\":\"EntryPoint\",\"urlTemplate\":\"https:\\\/\\\/gruene-wiesbaden.de\\\/?s={search_term_string}\"},\"query-input\":{\"@type\":\"PropertyValueSpecification\",\"valueRequired\":true,\"valueName\":\"search_term_string\"}}],\"inLanguage\":\"fr-FR\"},{\"@type\":\"Organization\",\"@id\":\"https:\\\/\\\/gruene-wiesbaden.de\\\/#organization\",\"name\":\"DIE GR\u00dcNEN Wiesbaden\",\"url\":\"https:\\\/\\\/gruene-wiesbaden.de\\\/\",\"logo\":{\"@type\":\"ImageObject\",\"inLanguage\":\"fr-FR\",\"@id\":\"https:\\\/\\\/gruene-wiesbaden.de\\\/#\\\/schema\\\/logo\\\/image\\\/\",\"url\":\"https:\\\/\\\/gruene-wiesbaden-fuer-europa.de\\\/wp-content\\\/uploads\\\/2024\\\/04\\\/Machen-was-zaehlt-5.png\",\"contentUrl\":\"https:\\\/\\\/gruene-wiesbaden-fuer-europa.de\\\/wp-content\\\/uploads\\\/2024\\\/04\\\/Machen-was-zaehlt-5.png\",\"width\":1772,\"height\":1772,\"caption\":\"DIE GR\u00dcNEN Wiesbaden\"},\"image\":{\"@id\":\"https:\\\/\\\/gruene-wiesbaden.de\\\/#\\\/schema\\\/logo\\\/image\\\/\"},\"sameAs\":[\"https:\\\/\\\/www.facebook.com\\\/gruene.wi\",\"https:\\\/\\\/instagram.com\\\/gruene_wi\"]},{\"@type\":\"Person\",\"@id\":\"https:\\\/\\\/gruene-wiesbaden.de\\\/#\\\/schema\\\/person\\\/6785c34779159cd4fd86886bb097afe9\",\"name\":\"admin\",\"sameAs\":[\"http:\\\/\\\/gruene-wiesbaden-fuer-europa.de\"],\"url\":\"https:\\\/\\\/gruene-wiesbaden.de\\\/fr\\\/author\\\/admin\\\/\"}]}<\/script>\n<!-- \/ Yoast SEO plugin. -->","yoast_head_json":{"title":"Wirtschaftsf\u00f6rderung und Besch\u00e4ftigung - B\u00dcNDNIS 90\/DIE GR\u00dcNEN Wiesbaden","robots":{"index":"index","follow":"follow","max-snippet":"max-snippet:-1","max-image-preview":"max-image-preview:large","max-video-preview":"max-video-preview:-1"},"canonical":"https:\/\/gruene-wiesbaden.de\/fr\/wirtschaftsfoerderung-und-beschaeftigung\/","og_locale":"fr_FR","og_type":"article","og_title":"Wirtschaftsf\u00f6rderung und Besch\u00e4ftigung - B\u00dcNDNIS 90\/DIE GR\u00dcNEN Wiesbaden","og_url":"https:\/\/gruene-wiesbaden.de\/fr\/wirtschaftsfoerderung-und-beschaeftigung\/","og_site_name":"B\u00dcNDNIS 90\/DIE GR\u00dcNEN Wiesbaden","article_publisher":"https:\/\/www.facebook.com\/gruene.wi","article_published_time":"2025-11-09T22:33:24+00:00","article_modified_time":"2026-04-08T22:29:47+00:00","og_image":[{"width":2560,"height":1707,"url":"https:\/\/gruene-wiesbaden.de\/wp-content\/uploads\/2025\/11\/3.3-Wirtschaftsfoerderung-und-Beschaeftigung-scaled.jpeg","type":"image\/jpeg"}],"author":"admin","twitter_card":"summary_large_image","twitter_misc":{"\u00c9crit par":"admin","Dur\u00e9e de lecture estim\u00e9e":"10 minutes"},"schema":{"@context":"https:\/\/schema.org","@graph":[{"@type":"Article","@id":"https:\/\/gruene-wiesbaden.de\/wirtschaftsfoerderung-und-beschaeftigung\/#article","isPartOf":{"@id":"https:\/\/gruene-wiesbaden.de\/wirtschaftsfoerderung-und-beschaeftigung\/"},"author":{"name":"admin","@id":"https:\/\/gruene-wiesbaden.de\/#\/schema\/person\/6785c34779159cd4fd86886bb097afe9"},"headline":"Wirtschaftsf\u00f6rderung und Besch\u00e4ftigung","datePublished":"2025-11-09T22:33:24+00:00","dateModified":"2026-04-08T22:29:47+00:00","mainEntityOfPage":{"@id":"https:\/\/gruene-wiesbaden.de\/wirtschaftsfoerderung-und-beschaeftigung\/"},"wordCount":3041,"publisher":{"@id":"https:\/\/gruene-wiesbaden.de\/#organization"},"image":{"@id":"https:\/\/gruene-wiesbaden.de\/wirtschaftsfoerderung-und-beschaeftigung\/#primaryimage"},"thumbnailUrl":"https:\/\/gruene-wiesbaden.de\/wp-content\/uploads\/2025\/11\/3.3-Wirtschaftsfoerderung-und-Beschaeftigung-scaled.jpeg","articleSection":["Kapitel 3"],"inLanguage":"fr-FR"},{"@type":"WebPage","@id":"https:\/\/gruene-wiesbaden.de\/wirtschaftsfoerderung-und-beschaeftigung\/","url":"https:\/\/gruene-wiesbaden.de\/wirtschaftsfoerderung-und-beschaeftigung\/","name":"Wirtschaftsf\u00f6rderung und Besch\u00e4ftigung - B\u00dcNDNIS 90\/DIE GR\u00dcNEN Wiesbaden","isPartOf":{"@id":"https:\/\/gruene-wiesbaden.de\/#website"},"primaryImageOfPage":{"@id":"https:\/\/gruene-wiesbaden.de\/wirtschaftsfoerderung-und-beschaeftigung\/#primaryimage"},"image":{"@id":"https:\/\/gruene-wiesbaden.de\/wirtschaftsfoerderung-und-beschaeftigung\/#primaryimage"},"thumbnailUrl":"https:\/\/gruene-wiesbaden.de\/wp-content\/uploads\/2025\/11\/3.3-Wirtschaftsfoerderung-und-Beschaeftigung-scaled.jpeg","datePublished":"2025-11-09T22:33:24+00:00","dateModified":"2026-04-08T22:29:47+00:00","breadcrumb":{"@id":"https:\/\/gruene-wiesbaden.de\/wirtschaftsfoerderung-und-beschaeftigung\/#breadcrumb"},"inLanguage":"fr-FR","potentialAction":[{"@type":"ReadAction","target":["https:\/\/gruene-wiesbaden.de\/wirtschaftsfoerderung-und-beschaeftigung\/"]}]},{"@type":"ImageObject","inLanguage":"fr-FR","@id":"https:\/\/gruene-wiesbaden.de\/wirtschaftsfoerderung-und-beschaeftigung\/#primaryimage","url":"https:\/\/gruene-wiesbaden.de\/wp-content\/uploads\/2025\/11\/3.3-Wirtschaftsfoerderung-und-Beschaeftigung-scaled.jpeg","contentUrl":"https:\/\/gruene-wiesbaden.de\/wp-content\/uploads\/2025\/11\/3.3-Wirtschaftsfoerderung-und-Beschaeftigung-scaled.jpeg","width":2560,"height":1707},{"@type":"BreadcrumbList","@id":"https:\/\/gruene-wiesbaden.de\/wirtschaftsfoerderung-und-beschaeftigung\/#breadcrumb","itemListElement":[{"@type":"ListItem","position":1,"name":"Startseite","item":"https:\/\/gruene-wiesbaden.de\/"},{"@type":"ListItem","position":2,"name":"Wirtschaftsf\u00f6rderung und Besch\u00e4ftigung"}]},{"@type":"WebSite","@id":"https:\/\/gruene-wiesbaden.de\/#website","url":"https:\/\/gruene-wiesbaden.de\/","name":"DIE GR\u00dcNEN Wiesbaden","description":"","publisher":{"@id":"https:\/\/gruene-wiesbaden.de\/#organization"},"potentialAction":[{"@type":"SearchAction","target":{"@type":"EntryPoint","urlTemplate":"https:\/\/gruene-wiesbaden.de\/?s={search_term_string}"},"query-input":{"@type":"PropertyValueSpecification","valueRequired":true,"valueName":"search_term_string"}}],"inLanguage":"fr-FR"},{"@type":"Organization","@id":"https:\/\/gruene-wiesbaden.de\/#organization","name":"DIE GR\u00dcNEN Wiesbaden","url":"https:\/\/gruene-wiesbaden.de\/","logo":{"@type":"ImageObject","inLanguage":"fr-FR","@id":"https:\/\/gruene-wiesbaden.de\/#\/schema\/logo\/image\/","url":"https:\/\/gruene-wiesbaden-fuer-europa.de\/wp-content\/uploads\/2024\/04\/Machen-was-zaehlt-5.png","contentUrl":"https:\/\/gruene-wiesbaden-fuer-europa.de\/wp-content\/uploads\/2024\/04\/Machen-was-zaehlt-5.png","width":1772,"height":1772,"caption":"DIE GR\u00dcNEN Wiesbaden"},"image":{"@id":"https:\/\/gruene-wiesbaden.de\/#\/schema\/logo\/image\/"},"sameAs":["https:\/\/www.facebook.com\/gruene.wi","https:\/\/instagram.com\/gruene_wi"]},{"@type":"Person","@id":"https:\/\/gruene-wiesbaden.de\/#\/schema\/person\/6785c34779159cd4fd86886bb097afe9","name":"admin","sameAs":["http:\/\/gruene-wiesbaden-fuer-europa.de"],"url":"https:\/\/gruene-wiesbaden.de\/fr\/author\/admin\/"}]}},"_links":{"self":[{"href":"https:\/\/gruene-wiesbaden.de\/fr\/wp-json\/wp\/v2\/posts\/1380","targetHints":{"allow":["GET"]}}],"collection":[{"href":"https:\/\/gruene-wiesbaden.de\/fr\/wp-json\/wp\/v2\/posts"}],"about":[{"href":"https:\/\/gruene-wiesbaden.de\/fr\/wp-json\/wp\/v2\/types\/post"}],"author":[{"embeddable":true,"href":"https:\/\/gruene-wiesbaden.de\/fr\/wp-json\/wp\/v2\/users\/1"}],"replies":[{"embeddable":true,"href":"https:\/\/gruene-wiesbaden.de\/fr\/wp-json\/wp\/v2\/comments?post=1380"}],"version-history":[{"count":7,"href":"https:\/\/gruene-wiesbaden.de\/fr\/wp-json\/wp\/v2\/posts\/1380\/revisions"}],"predecessor-version":[{"id":2381,"href":"https:\/\/gruene-wiesbaden.de\/fr\/wp-json\/wp\/v2\/posts\/1380\/revisions\/2381"}],"wp:featuredmedia":[{"embeddable":true,"href":"https:\/\/gruene-wiesbaden.de\/fr\/wp-json\/wp\/v2\/media\/1566"}],"wp:attachment":[{"href":"https:\/\/gruene-wiesbaden.de\/fr\/wp-json\/wp\/v2\/media?parent=1380"}],"wp:term":[{"taxonomy":"category","embeddable":true,"href":"https:\/\/gruene-wiesbaden.de\/fr\/wp-json\/wp\/v2\/categories?post=1380"},{"taxonomy":"post_tag","embeddable":true,"href":"https:\/\/gruene-wiesbaden.de\/fr\/wp-json\/wp\/v2\/tags?post=1380"}],"curies":[{"name":"wp","href":"https:\/\/api.w.org\/{rel}","templated":true}]}}