{"id":1378,"date":"2025-11-10T00:32:20","date_gmt":"2025-11-09T22:32:20","guid":{"rendered":"https:\/\/gruene-wiesbaden.de\/?p=1378"},"modified":"2026-04-09T00:27:51","modified_gmt":"2026-04-08T22:27:51","slug":"wiesbaden-als-attraktiver-wirtschaftsstandort","status":"publish","type":"post","link":"https:\/\/gruene-wiesbaden.de\/fr\/wiesbaden-als-attraktiver-wirtschaftsstandort\/","title":{"rendered":"Wiesbaden, un site \u00e9conomique attractif"},"content":{"rendered":"<section class=\"l-section wpb_row height_medium with_img\"><div class=\"l-section-img\" role=\"img\" data-img-width=\"1080\" data-img-height=\"800\" style=\"background-image: url(https:\/\/gruene-wiesbaden.de\/wp-content\/uploads\/2025\/11\/neuer-Verlauf-gruene-wiesbaden.de_-2-e1762709402177.png);\"><\/div><div class=\"l-section-overlay\" style=\"background:var(--color-header-top-transparent-bg)\"><\/div><div class=\"l-section-h i-cf\"><div class=\"g-cols vc_row via_grid cols_1 laptops-cols_inherit tablets-cols_inherit mobiles-cols_1 valign_top type_default stacking_default\"><div class=\"wpb_column vc_column_container\"><div class=\"vc_column-inner\"><h1 class=\"w-post-elm post_title us_custom_a574d586 has_text_color entry-title\">Wiesbaden, un site \u00e9conomique attractif<\/h1><div class=\"w-separator size_medium\"><\/div><div class=\"g-cols wpb_row via_grid cols_2-1 laptops-cols_inherit tablets-cols_inherit mobiles-cols_1 valign_top type_default stacking_default\" style=\"--columns-gap:3rem;\"><div class=\"wpb_column vc_column_container\"><div class=\"vc_column-inner\"><div class=\"wpb_text_column us_custom_8b3d6790 has_text_color\"><div class=\"wpb_wrapper\"><p><span style=\"font-weight: 400;\">Une \u00e9conomie locale forte garantit des emplois de qualit\u00e9, l\u2019innovation et la qualit\u00e9 de vie, et les d\u00e9cisions locales jouent un r\u00f4le central \u00e0 cet \u00e9gard. Les VERTS con\u00e7oivent les espaces commerciaux de mani\u00e8re strat\u00e9gique, encouragent les start-up, la num\u00e9risation et le d\u00e9veloppement de la main-d'\u0153uvre qualifi\u00e9e, soutiennent la croissance durable et les entreprises \u00e9conomes en ressources. Dans le m\u00eame temps, nous renfor\u00e7ons la diversit\u00e9, la participation sociale et la coop\u00e9ration avec l'artisanat, l'industrie, l'\u00e9ducation et la culture. Gr\u00e2ce \u00e0 une conception active du centre-ville, \u00e0 la coop\u00e9ration intercommunale et \u00e0 des investissements cibl\u00e9s, nous cr\u00e9ons un environnement attrayant pour les entreprises et les citoyens. Notre objectif: Positionner Wiesbaden comme un site r\u00e9silient, innovant, \u00e9cologiquement responsable et vivant qui allie durablement l'\u00e9conomie, l'emploi et la qualit\u00e9 de vie.<\/span><\/p>\n<\/div><\/div><div class=\"w-separator size_medium\"><\/div><div class=\"w-btn-wrapper align_left\"><a class=\"w-btn us-btn-style_8 icon_atleft\" href=\"https:\/\/gruene-wiesbaden.de\/fr\/kommunalwahl\/#Kapitel3\"><i class=\"fas fa-chevron-circle-right\"><\/i><span class=\"w-btn-label\">Retour \u00e0 la vue d'ensemble<\/span><\/a><\/div><\/div><\/div><div class=\"wpb_column vc_column_container\"><div class=\"vc_column-inner\"><div class=\"w-image align_center\"><div class=\"w-image-h\"><img decoding=\"async\" width=\"2560\" height=\"1707\" src=\"https:\/\/gruene-wiesbaden.de\/wp-content\/uploads\/2025\/11\/3.2-Wiesbaden-als-attraktiver-Wirtschaftsstandort-scaled.jpg\" class=\"attachment-full size-full\" alt=\"\" loading=\"lazy\" srcset=\"https:\/\/gruene-wiesbaden.de\/wp-content\/uploads\/2025\/11\/3.2-Wiesbaden-als-attraktiver-Wirtschaftsstandort-scaled.jpg 2560w, https:\/\/gruene-wiesbaden.de\/wp-content\/uploads\/2025\/11\/3.2-Wiesbaden-als-attraktiver-Wirtschaftsstandort-400x267.jpg 400w, https:\/\/gruene-wiesbaden.de\/wp-content\/uploads\/2025\/11\/3.2-Wiesbaden-als-attraktiver-Wirtschaftsstandort-600x400.jpg 600w\" sizes=\"auto, (max-width: 2560px) 100vw, 2560px\" \/><\/div><\/div><div class=\"w-separator size_small\"><\/div><\/div><\/div><\/div><div class=\"w-separator size_medium\"><\/div><div class=\"w-separator size_medium\"><\/div><div class=\"wpb_text_column\"><div class=\"wpb_wrapper\"><h1>Ce qui, de notre point de vue, constitue une place \u00e9conomique attractive et durable<\/h1>\n<\/div><\/div><div class=\"w-separator size_large\"><\/div><div class=\"g-cols wpb_row via_grid cols_2 laptops-cols_inherit tablets-cols_inherit mobiles-cols_1 valign_top type_default stacking_default\" style=\"--columns-gap:3rem;\"><div class=\"wpb_column vc_column_container\"><div class=\"vc_column-inner\"><div class=\"w-iconbox us_custom_8b3d6790 has_text_color iconpos_left style_default color_custom align_left\"><div class=\"w-iconbox-icon\" style=\"font-size:2rem;--icon-color:#Ffffff;--icon-bg-color:var(--color-header-middle-bg);\"><i class=\"fas fa-layer-group\"><\/i><\/div><div class=\"w-iconbox-meta\"><h4 class=\"w-iconbox-title\" style=\"font-size:1.5rem;\">Diversit\u00e9 et r\u00e9silience<\/h4><div class=\"w-iconbox-text\"><p><span style=\"font-weight: 400;\">Des entreprises \u00e9tablies dans les secteurs les plus divers et un environnement favorable \u00e0 la cr\u00e9ation et \u00e0 l'innovation renforcent la r\u00e9silience de notre \u00e9conomie locale.<\/span><\/p>\n<\/div><\/div><\/div><\/div><\/div><div class=\"wpb_column vc_column_container\"><div class=\"vc_column-inner\"><div class=\"w-iconbox us_custom_8b3d6790 has_text_color iconpos_left style_default color_custom align_left\"><div class=\"w-iconbox-icon\" style=\"font-size:2rem;--icon-color:#Ffffff;--icon-bg-color:var(--color-header-transparent-text);\"><i class=\"fas fa-layer-group\"><\/i><\/div><div class=\"w-iconbox-meta\"><h4 class=\"w-iconbox-title\" style=\"font-size:1.5rem;\">Durabilit\u00e9 et sensibilisation \u00e0 l'environnement<\/h4><div class=\"w-iconbox-text\"><p><span style=\"font-weight: 400;\">La disponibilit\u00e9 d\u2019\u00e9nergies neutres pour le climat, les offres de mobilit\u00e9 durable et l\u2019exploitation efficace des potentiels de surface existants sont des conditions pr\u00e9alables importantes \u00e0 une croissance durable et \u00e0 un d\u00e9veloppement \u00e9conomique responsable sur le plan environnemental.<\/span><\/p>\n<\/div><\/div><\/div><\/div><\/div><\/div><div class=\"w-separator size_medium\"><\/div><div class=\"g-cols wpb_row via_grid cols_2 laptops-cols_inherit tablets-cols_inherit mobiles-cols_1 valign_top type_default stacking_default\" style=\"--columns-gap:3rem;\"><div class=\"wpb_column vc_column_container\"><div class=\"vc_column-inner\"><div class=\"w-iconbox us_custom_8b3d6790 has_text_color iconpos_left style_default color_custom align_left\"><div class=\"w-iconbox-icon\" style=\"font-size:2rem;--icon-color:#Ffffff;--icon-bg-color:var(--color-header-transparent-text);\"><i class=\"fas fa-layer-group\"><\/i><\/div><div class=\"w-iconbox-meta\"><h4 class=\"w-iconbox-title\" style=\"font-size:1.5rem;\">\u00c9galit\u00e9 des chances et participation<\/h4><div class=\"w-iconbox-text\"><p><span style=\"font-weight: 400;\">Les march\u00e9s publics \u00e9quitables, la promotion sur mesure des cr\u00e9ateurs d'entreprises, l'acquisition de jeunes talents et de comp\u00e9tences ainsi que le soutien \u00e0 l'innovation sociale garantissent des chances \u00e9conomiques \u00e9gales.<\/span><\/p>\n<\/div><\/div><\/div><\/div><\/div><div class=\"wpb_column vc_column_container\"><div class=\"vc_column-inner\"><div class=\"w-iconbox us_custom_8b3d6790 has_text_color iconpos_left style_default color_custom align_left\"><div class=\"w-iconbox-icon\" style=\"font-size:2rem;--icon-color:#Ffffff;--icon-bg-color:var(--color-header-middle-bg);\"><i class=\"fas fa-layer-group\"><\/i><\/div><div class=\"w-iconbox-meta\"><h4 class=\"w-iconbox-title\" style=\"font-size:1.5rem;\">Innovation et num\u00e9risation<\/h4><div class=\"w-iconbox-text\"><p><span style=\"font-weight: 400;\">Les start-ups, les entreprises technologiques, les projets de villes intelligentes et les services num\u00e9riques favorisent la p\u00e9rennit\u00e9, la connectivit\u00e9 et la comp\u00e9titivit\u00e9 \u00e9conomique.<\/span><\/p>\n<\/div><\/div><\/div><\/div><\/div><\/div><div class=\"w-separator size_medium\"><\/div><div class=\"g-cols wpb_row via_grid cols_2 laptops-cols_inherit tablets-cols_inherit mobiles-cols_1 valign_top type_default stacking_default\" style=\"--columns-gap:3rem;\"><div class=\"wpb_column vc_column_container\"><div class=\"vc_column-inner\"><div class=\"w-iconbox us_custom_8b3d6790 has_text_color iconpos_left style_default color_custom align_left\"><div class=\"w-iconbox-icon\" style=\"font-size:2rem;--icon-color:#Ffffff;--icon-bg-color:var(--color-header-middle-bg);\"><i class=\"fas fa-layer-group\"><\/i><\/div><div class=\"w-iconbox-meta\"><h4 class=\"w-iconbox-title\" style=\"font-size:1.5rem;\">Gouvernance strat\u00e9gique et coop\u00e9ration<\/h4><div class=\"w-iconbox-text\"><p><span style=\"font-weight: 400;\">Le d\u00e9veloppement cibl\u00e9 des surfaces, la coop\u00e9ration intercommunale et l'am\u00e9nagement actif du centre-ville permettent une utilisation efficace des ressources et renforcent Wiesbaden en tant que site.<\/span><\/p>\n<\/div><\/div><\/div><\/div><\/div><div class=\"wpb_column vc_column_container\"><div class=\"vc_column-inner\"><div class=\"w-iconbox us_custom_8b3d6790 has_text_color iconpos_left style_default color_custom align_left\"><div class=\"w-iconbox-icon\" style=\"font-size:2rem;--icon-color:#Ffffff;--icon-bg-color:var(--color-header-transparent-text);\"><i class=\"fas fa-layer-group\"><\/i><\/div><div class=\"w-iconbox-meta\"><h4 class=\"w-iconbox-title\" style=\"font-size:1.5rem;\">Vitalit\u00e9 \u00e9conomique gr\u00e2ce \u00e0 la cr\u00e9ativit\u00e9 et \u00e0 l'esprit d'entreprise<\/h4><div class=\"w-iconbox-text\"><p><span style=\"font-weight: 400;\">Les projets \u00e9ph\u00e9m\u00e8res, les p\u00e9pini\u00e8res d'entreprises et l'animation culturelle du centre-ville favorisent l'\u00e9conomie locale, l'emploi et la culture de l'innovation.<\/span><\/p>\n<\/div><\/div><\/div><\/div><\/div><\/div><div class=\"w-separator size_medium\"><\/div><div class=\"g-cols wpb_row via_grid cols_2 laptops-cols_inherit tablets-cols_inherit mobiles-cols_1 valign_top type_default stacking_default\" style=\"--columns-gap:3rem;\"><div class=\"wpb_column vc_column_container\"><div class=\"vc_column-inner\"><div class=\"w-iconbox us_custom_8b3d6790 has_text_color iconpos_left style_default color_custom align_left\"><div class=\"w-iconbox-icon\" style=\"font-size:2rem;--icon-color:#Ffffff;--icon-bg-color:var(--color-header-transparent-text);\"><i class=\"fas fa-layer-group\"><\/i><\/div><div class=\"w-iconbox-meta\"><h4 class=\"w-iconbox-title\" style=\"font-size:1.5rem;\">L'\u00e9conomie de la sant\u00e9 comme moteur de croissance<\/h4><div class=\"w-iconbox-text\"><p><span style=\"font-weight: 400;\">La promotion des infrastructures m\u00e9dicales, la pr\u00e9vention et l'innovation renforcent un secteur \u00e9conomique durable et tourn\u00e9 vers l'avenir.<\/span><\/p>\n<\/div><\/div><\/div><\/div><\/div><div class=\"wpb_column vc_column_container\"><div class=\"vc_column-inner\"><\/div><\/div><\/div><div class=\"w-separator size_medium\"><\/div><div class=\"w-btn-wrapper align_left\"><a class=\"w-btn us-btn-style_8 icon_atleft\" href=\"https:\/\/gruene-wiesbaden.de\/fr\/kommunalwahl\/#Kapitel3\"><i class=\"fas fa-chevron-circle-right\"><\/i><span class=\"w-btn-label\">Retour \u00e0 la vue d'ensemble<\/span><\/a><\/div><div class=\"w-separator size_medium\"><\/div><\/div><\/div><\/div><\/div><\/section><section class=\"l-section wpb_row height_auto with_img\"><div class=\"l-section-img\" role=\"img\" data-img-width=\"2560\" data-img-height=\"1707\" style=\"background-image: url(https:\/\/gruene-wiesbaden.de\/wp-content\/uploads\/2025\/11\/3.2-Wiesbaden-als-attraktiver-Wirtschaftsstandort-scaled.jpg);background-repeat: no-repeat;\"><\/div><div class=\"l-section-overlay\" style=\"background:var(--color-header-top-transparent-bg)\"><\/div><div class=\"l-section-h i-cf\"><div class=\"g-cols vc_row via_grid cols_1 laptops-cols_inherit tablets-cols_inherit mobiles-cols_1 valign_middle type_default stacking_default\" style=\"--columns-gap:1rem;\"><div class=\"wpb_column vc_column_container\"><div class=\"vc_column-inner\"><div class=\"w-separator size_large\"><\/div><div class=\"wpb_text_column background_inside_text\"><div class=\"wpb_wrapper\"><h1>Ce que nous voulons concr\u00e8tement faire dans ce domaine<\/h1>\n<\/div><\/div><div class=\"w-separator size_medium\"><\/div><div class=\"w-tabs us_custom_42d693a0 has_text_color style_default switch_click accordion has_scrolling\" style=\"--sections-title-size:1.4rem\"><div class=\"w-tabs-sections titles-align_none icon_chevron cpos_right\"><div class=\"w-tabs-section has_text_color\" id=\"s7c6\" style=\"background:var(--color-header-transparent-text);color:var(--color-header-top-text-hover);\"><button class=\"w-tabs-section-header\" aria-controls=\"content-s7c6\" aria-expanded=\"false\"><div class=\"w-tabs-section-title\">La r\u00e9silience par la diversit\u00e9<\/div><div class=\"w-tabs-section-control\"><\/div><\/button><div  class=\"w-tabs-section-content\" id=\"content-s7c6\"><div class=\"w-tabs-section-content-h i-cf\"><div class=\"wpb_text_column\"><div class=\"wpb_wrapper\"><p><span style=\"font-weight: 400;\">L'\u00e9conomie de Wiesbaden se caract\u00e9rise par une grande diversit\u00e9 de secteurs que nous voulons pr\u00e9server. Cela garantit la r\u00e9silience en temps de crise. Il s'agit notamment des secteurs de la finance et des assurances, de l'industrie, de la sant\u00e9 et de la cr\u00e9ation.<\/span><\/p>\n<\/div><\/div><\/div><\/div><\/div><div class=\"w-tabs-section has_text_color\" id=\"y8e0\" style=\"background:var(--color-header-transparent-text);color:var(--color-header-top-text-hover);\"><button class=\"w-tabs-section-header\" aria-controls=\"content-y8e0\" aria-expanded=\"false\"><div class=\"w-tabs-section-title\">Promouvoir une croissance de l'\u00e9conomie locale efficace dans l'utilisation des ressources<\/div><div class=\"w-tabs-section-control\"><\/div><\/button><div  class=\"w-tabs-section-content\" id=\"content-y8e0\"><div class=\"w-tabs-section-content-h i-cf\"><div class=\"wpb_text_column\"><div class=\"wpb_wrapper\"><p><span style=\"font-weight: 400;\">Nous, les VERTS, voulons faire avancer la transformation et soutenir la transition vers des \u00e9nergies neutres pour le climat ainsi que la transformation num\u00e9rique. Nous voulons enthousiasmer les entreprises de ces secteurs pour Wiesbaden.<\/span><\/p>\n<\/div><\/div><\/div><\/div><\/div><div class=\"w-tabs-section has_text_color\" id=\"na10\" style=\"background:var(--color-header-transparent-text);color:var(--color-header-top-text-hover);\"><button class=\"w-tabs-section-header\" aria-controls=\"content-na10\" aria-expanded=\"false\"><div class=\"w-tabs-section-title\">Am\u00e9liorer consid\u00e9rablement les conditions du site<\/div><div class=\"w-tabs-section-control\"><\/div><\/button><div  class=\"w-tabs-section-content\" id=\"content-na10\"><div class=\"w-tabs-section-content-h i-cf\"><div class=\"wpb_text_column\"><div class=\"wpb_wrapper\"><p><span style=\"font-weight: 400;\">Nous comprenons parfaitement les bonnes conditions de localisation. Outre les espaces commerciaux disponibles, il s'agit notamment d'une bonne infrastructure de transport (y compris de bonnes connexions avec les transports en commun et les pistes cyclables), d'un approvisionnement \u00e9nerg\u00e9tique s\u00fbr et abordable, de processus d'autorisation plus rapides de la ville, par exemple gr\u00e2ce \u00e0 la num\u00e9risation, d'offres professionnelles et d'\u00e9tudes pour la rel\u00e8ve, ainsi que de tout ce que les professionnels pensent de notre ville: Des logements abordables, de bonnes \u00e9coles et des services de garde d'enfants, une offre culturelle et de loisirs attrayante, un air pur, beaucoup de verdure et un espace public vivable.<\/span><\/p>\n<\/div><\/div><\/div><\/div><\/div><div class=\"w-tabs-section has_text_color\" id=\"tb2b\" style=\"background:var(--color-header-middle-bg);color:var(--color-content-heading);\"><button class=\"w-tabs-section-header\" aria-controls=\"content-tb2b\" aria-expanded=\"false\"><div class=\"w-tabs-section-title\">Faire progresser Wiesbaden en tant que site de start-up<\/div><div class=\"w-tabs-section-control\"><\/div><\/button><div  class=\"w-tabs-section-content\" id=\"content-tb2b\"><div class=\"w-tabs-section-content-h i-cf\"><div class=\"wpb_text_column\"><div class=\"wpb_wrapper\"><p><span style=\"font-weight: 400;\">Une sc\u00e8ne de start-up dynamique et innovante stimule l'\u00e9conomie. Mais les fondateurs ont \u00e9galement besoin de conseils et d'un soutien sur mesure sur la voie de la r\u00e9ussite de l'entreprise. L\u2019\u00e9cosyst\u00e8me des fondateurs, que nous avons d\u00e9j\u00e0 lanc\u00e9 au cours de la derni\u00e8re l\u00e9gislature, doit \u00eatre renforc\u00e9 et p\u00e9rennis\u00e9 avec les acteurs de la sc\u00e8ne des start-up. Au sein du centre d\u2019incubation et d\u2019innovation \u00abHeimathafen\u00bb (Altes Tribunal), un p\u00f4le de start-up sociale et de d\u00e9veloppement durable devrait se d\u00e9velopper en tant que cellule germinale de nouvelles solutions entrepreneuriales pour les d\u00e9fis soci\u00e9taux futurs. D'autres th\u00e8mes sont les bureaux bon march\u00e9 pour les fondateurs, par exemple dans le bloc de d\u00e9marrage, ainsi que le soutien aux successions d'entreprises.<\/span><\/p>\n<\/div><\/div><\/div><\/div><\/div><div class=\"w-tabs-section has_text_color\" id=\"wc42\" style=\"background:var(--color-header-transparent-text);color:var(--color-header-top-text-hover);\"><button class=\"w-tabs-section-header\" aria-controls=\"content-wc42\" aria-expanded=\"false\"><div class=\"w-tabs-section-title\">G\u00e9rer strat\u00e9giquement l'implantation des entreprises<\/div><div class=\"w-tabs-section-control\"><\/div><\/button><div  class=\"w-tabs-section-content\" id=\"content-wc42\"><div class=\"w-tabs-section-content-h i-cf\"><div class=\"wpb_text_column\"><div class=\"wpb_wrapper\"><p><span style=\"font-weight: 400;\">Les terres sont un atout rare dans notre r\u00e9gion fortement densifi\u00e9e. C'est pourquoi nous voulons d\u00e9velopper le profil de notre site et \u00e9largir les atouts existants. \u00c0 l'aide du concept de d\u00e9veloppement des surfaces commerciales d\u00e9j\u00e0 adopt\u00e9, nous voulons mettre en commun les ressources, d\u00e9velopper une gestion strat\u00e9gique de l'implantation et d\u00e9finir des crit\u00e8res pour l'attribution des surfaces commerciales urbaines. Les crit\u00e8res sociaux et \u00e9conomiques de durabilit\u00e9 environnementale et \u00e9conomique devraient jouer un r\u00f4le important \u00e0 cet \u00e9gard.<\/span><\/p>\n<\/div><\/div><\/div><\/div><\/div><div class=\"w-tabs-section has_text_color\" id=\"nd66\" style=\"background:var(--color-header-middle-bg);color:var(--color-header-middle-text);\"><button class=\"w-tabs-section-header\" aria-controls=\"content-nd66\" aria-expanded=\"false\"><div class=\"w-tabs-section-title\">D\u00e9velopper des zones commerciales de mani\u00e8re durable<\/div><div class=\"w-tabs-section-control\"><\/div><\/button><div  class=\"w-tabs-section-content\" id=\"content-nd66\"><div class=\"w-tabs-section-content-h i-cf\"><div class=\"wpb_text_column\"><div class=\"wpb_wrapper\"><p><span style=\"font-weight: 400;\">Nous, les VERTS, voulons d\u00e9velopper durablement des zones industrielles moins exploit\u00e9es (par exemple sur le Petersweg) et cr\u00e9er d'autres potentiels de surface et d'espace, par exemple par des augmentations. Nous pouvons utiliser les possibilit\u00e9s de stationnement de mani\u00e8re plus efficace, par exemple par le biais de parkings centraux. En outre, de nouveaux espaces commerciaux doivent \u00eatre d\u00e9sign\u00e9s.<\/span><\/p>\n<\/div><\/div><\/div><\/div><\/div><div class=\"w-tabs-section has_text_color\" id=\"fe7f\" style=\"background:var(--color-header-transparent-text);color:var(--color-header-top-text-hover);\"><button class=\"w-tabs-section-header\" aria-controls=\"content-fe7f\" aria-expanded=\"false\"><div class=\"w-tabs-section-title\">Promouvoir la coop\u00e9ration intercommunale<\/div><div class=\"w-tabs-section-control\"><\/div><\/button><div  class=\"w-tabs-section-content\" id=\"content-fe7f\"><div class=\"w-tabs-section-content-h i-cf\"><div class=\"wpb_text_column\"><div class=\"wpb_wrapper\"><p><span style=\"font-weight: 400;\">Notre revendication est la suivante: Penser au-del\u00e0 de ses propres fronti\u00e8res, mettre en commun les ressources et exploiter les synergies dans la r\u00e9gion, y compris au-del\u00e0 du Rhin. Cela se produit d\u00e9j\u00e0, par exemple, dans le tourisme (cr\u00e9ation de la destination Wiesbaden-Rheingau) ou dans la centrale bio\u00e9lectrique commune. Nous visons \u00e9galement des coop\u00e9rations intercommunales dans le d\u00e9veloppement de zones commerciales (par exemple au nouveau n\u0153ud RER Wallauer Spange).<\/span><\/p>\n<\/div><\/div><\/div><\/div><\/div><div class=\"w-tabs-section has_text_color\" id=\"yfa9\" style=\"background:var(--color-header-transparent-text);color:var(--color-header-top-text-hover);\"><button class=\"w-tabs-section-header\" aria-controls=\"content-yfa9\" aria-expanded=\"false\"><div class=\"w-tabs-section-title\">Accompagner activement le changement du centre-ville<\/div><div class=\"w-tabs-section-control\"><\/div><\/button><div  class=\"w-tabs-section-content\" id=\"content-yfa9\"><div class=\"w-tabs-section-content-h i-cf\"><div class=\"wpb_text_column\"><div class=\"wpb_wrapper\"><p><span style=\"font-weight: 400;\">L'avenir du centre-ville et des centres-villes r\u00e9side dans un nouveau mix d'utilisation: Plus de gastronomie, d'\u00e9ducation, de culture et d'habitat, mais aussi d'usages publics et de nouveaux concepts cr\u00e9atifs de vente au d\u00e9tail. Nous nous engageons pour que la Commune joue un r\u00f4le actif et strat\u00e9gique dans ce processus de changement.<\/span><\/p>\n<p><span style=\"font-weight: 400;\">Cependant, les b\u00e2timents inoccup\u00e9s (par exemple, l'ancienne galerie) ne peuvent pas tous \u00eatre achet\u00e9s et d\u00e9velopp\u00e9s par la ville. Nous soutenons donc tous les efforts visant \u00e0 r\u00e9tablir des activit\u00e9s commerciales sur ces sites et \u00e0 les combiner avec des utilisations publiques. Nous r\u00e9unissons les diff\u00e9rents acteurs autour d'une m\u00eame table, utilisons des programmes de soutien, \u00e9tablissons une gestion int\u00e9gr\u00e9e de l'inoccupation et de l'implantation et rendons l'espace public plus vert et plus agr\u00e9able \u00e0 vivre.<\/span><\/p>\n<\/div><\/div><\/div><\/div><\/div><div class=\"w-tabs-section has_text_color\" id=\"n0cc\" style=\"background:var(--color-header-transparent-text);color:var(--color-header-top-text-hover);\"><button class=\"w-tabs-section-header\" aria-controls=\"content-n0cc\" aria-expanded=\"false\"><div class=\"w-tabs-section-title\">Combattre l'inoccupation des immeubles commerciaux<\/div><div class=\"w-tabs-section-control\"><\/div><\/button><div  class=\"w-tabs-section-content\" id=\"content-n0cc\"><div class=\"w-tabs-section-content-h i-cf\"><div class=\"wpb_text_column\"><div class=\"wpb_wrapper\"><p><span style=\"font-weight: 400;\">Gr\u00e2ce \u00e0 l\u2019utilisation temporaire de magasins vides selon le principe des \u00abpop-up\u00bb, nous nous associons \u00e0 des citoyens et \u00e0 des initiatives engag\u00e9s pour donner un nouvel \u00e9lan. C'est l\u00e0 qu'appara\u00eet le grand potentiel des projets culturels et communautaires.<\/span><\/p>\n<\/div><\/div><\/div><\/div><\/div><div class=\"w-tabs-section has_text_color\" id=\"f1e7\" style=\"background:var(--color-header-transparent-text);color:var(--color-header-top-text-hover);\"><button class=\"w-tabs-section-header\" aria-controls=\"content-f1e7\" aria-expanded=\"false\"><div class=\"w-tabs-section-title\">Mise en place d'un r\u00e8glement de pr\u00e9emption pour le centre-ville<\/div><div class=\"w-tabs-section-control\"><\/div><\/button><div  class=\"w-tabs-section-content\" id=\"content-f1e7\"><div class=\"w-tabs-section-content-h i-cf\"><div class=\"wpb_text_column\"><div class=\"wpb_wrapper\"><p><span style=\"font-weight: 400;\">La propri\u00e9t\u00e9 immobili\u00e8re est un facteur central du d\u00e9veloppement urbain. Avec un statut de droit de pr\u00e9emption conform\u00e9ment \u00e0 l'article 25 du BauGB, nous voulons acqu\u00e9rir une influence urbaine dans le centre-ville et d'autres districts urbains appropri\u00e9s sur des surfaces d'importance strat\u00e9gique et briser les circuits sp\u00e9culatifs.<\/span><\/p>\n<\/div><\/div><\/div><\/div><\/div><div class=\"w-tabs-section has_text_color\" id=\"b304\" style=\"background:var(--color-header-transparent-text);color:var(--color-header-top-text-hover);\"><button class=\"w-tabs-section-header\" aria-controls=\"content-b304\" aria-expanded=\"false\"><div class=\"w-tabs-section-title\">Renforcer l'\u00e9conomie de la sant\u00e9 en tant que profil d'implantation<\/div><div class=\"w-tabs-section-control\"><\/div><\/button><div  class=\"w-tabs-section-content\" id=\"content-b304\"><div class=\"w-tabs-section-content-h i-cf\"><div class=\"wpb_text_column\"><div class=\"wpb_wrapper\"><p><span style=\"font-weight: 400;\">Avec ses cliniques, ses centres de r\u00e9adaptation, ses bains et l'industrie de la sant\u00e9 industrielle, Wiesbaden dispose d'un fort potentiel dans l'industrie de la sant\u00e9. Le plan directeur pour l\u2019\u00e9conomie de la sant\u00e9 vise \u00e0 assurer la p\u00e9rennit\u00e9 du secteur de la sant\u00e9 \u00e0 Wiesbaden. Il s'agit notamment de la mise en r\u00e9seau des parties prenantes, de la coordination des processus ainsi que de la planification urbanistique des surfaces de d\u00e9veloppement. Ainsi, le plan regroupe la politique, les fournisseurs de soins de sant\u00e9, l'\u00e9conomie et la recherche afin de renforcer la place \u00e9conomique de Wiesbaden dans le secteur de la sant\u00e9 tout en assurant et en am\u00e9liorant les soins m\u00e9dicaux des personnes.<\/span><\/p>\n<\/div><\/div><\/div><\/div><\/div><\/div><\/div><div class=\"w-separator size_medium\"><\/div><div class=\"w-btn-wrapper align_left\"><a class=\"w-btn us-btn-style_8 icon_atleft\" href=\"https:\/\/gruene-wiesbaden.de\/fr\/kommunalwahl\/#Kapitel3\"><i class=\"fas fa-chevron-circle-right\"><\/i><span class=\"w-btn-label\">Retour \u00e0 la vue d'ensemble<\/span><\/a><\/div><div class=\"w-separator size_large\"><\/div><div class=\"wpb_text_column\"><div class=\"wpb_wrapper\"><h1>Ce que nous avons d\u00e9j\u00e0 accompli<\/h1>\n<\/div><\/div><div class=\"w-separator size_medium\"><\/div><div class=\"w-tabs us_custom_42d693a0 has_text_color style_default switch_click accordion has_scrolling\" style=\"--sections-title-size:1.4rem\"><div class=\"w-tabs-sections titles-align_none icon_chevron cpos_right\"><div class=\"w-tabs-section has_text_color\" id=\"z869\" style=\"background:var(--color-header-transparent-text);color:var(--color-header-top-text-hover);\"><button class=\"w-tabs-section-header\" aria-controls=\"content-z869\" aria-expanded=\"false\"><div class=\"w-tabs-section-title\">Concept de d\u00e9veloppement des surfaces commerciales GEKO 2040<\/div><div class=\"w-tabs-section-control\"><\/div><\/button><div  class=\"w-tabs-section-content\" id=\"content-z869\"><div class=\"w-tabs-section-content-h i-cf\"><div class=\"wpb_text_column\"><div class=\"wpb_wrapper\"><p><span style=\"font-weight: 400;\">Avec le GEKO 2040, Wiesbaden dispose pour la premi\u00e8re fois d'un concept strat\u00e9gique pour g\u00e9rer de mani\u00e8re syst\u00e9matique et durable le d\u00e9veloppement des surfaces commerciales. Il s'agit d'analyser les surfaces existantes, d'identifier les besoins futurs et d'\u00e9laborer des crit\u00e8res pour une utilisation \u00e9cologique, sociale et \u00e9conomiquement judicieuse. Nous \u00e9vitons ainsi l'imperm\u00e9abilisation des surfaces, renfor\u00e7ons l'implantation d'entreprises p\u00e9rennes et assurons de bons emplois sur place. Le GEKO 2040 est un \u00e9l\u00e9ment central d'une politique \u00e9conomique r\u00e9siliente et respectueuse du climat dans notre ville.<\/span><\/p>\n<\/div><\/div><\/div><\/div><\/div><div class=\"w-tabs-section has_text_color\" id=\"f984\" style=\"background:var(--color-header-transparent-text);color:var(--color-header-top-text-hover);\"><button class=\"w-tabs-section-header\" aria-controls=\"content-f984\" aria-expanded=\"false\"><div class=\"w-tabs-section-title\">Conseil consultatif industriel<\/div><div class=\"w-tabs-section-control\"><\/div><\/button><div  class=\"w-tabs-section-content\" id=\"content-f984\"><div class=\"w-tabs-section-content-h i-cf\"><div class=\"wpb_text_column\"><div class=\"wpb_wrapper\"><p><span style=\"font-weight: 400;\">Avec le conseil consultatif de l'industrie initi\u00e9 par la ville de Wiesbaden en tant qu'organe communal, nous avons \u00e9tabli un dialogue contraignant entre la politique, l'administration et l'industrie. Sous la direction de notre d\u00e9l\u00e9gu\u00e9e et maire VERTE, le Conseil consultatif de l'industrie r\u00e9unit les entreprises, les chambres, les syndicats et la communaut\u00e9 scientifique pour travailler ensemble \u00e0 une transformation \u00e9conomique durable. Au lieu d'int\u00e9r\u00eats particuliers, la coop\u00e9ration, la protection du climat et la s\u00e9curit\u00e9 de la main-d'\u0153uvre qualifi\u00e9e sont au centre des pr\u00e9occupations. C\u2019est ainsi que nous fa\u00e7onnons activement l\u2019avenir de l\u2019industrie \u00e0 Wiesbaden \u2013 de mani\u00e8re transparente, en partenariat et dans le respect de la responsabilit\u00e9 environnementale et de la justice sociale.<\/span><\/p>\n<\/div><\/div><\/div><\/div><\/div><div class=\"w-tabs-section has_text_color\" id=\"sa9c\" style=\"background:var(--color-header-transparent-text);color:var(--color-header-top-text-hover);\"><button class=\"w-tabs-section-header\" aria-controls=\"content-sa9c\" aria-expanded=\"false\"><div class=\"w-tabs-section-title\">Renforcement strat\u00e9gique du site industriel de Wiesbaden<\/div><div class=\"w-tabs-section-control\"><\/div><\/button><div  class=\"w-tabs-section-content\" id=\"content-sa9c\"><div class=\"w-tabs-section-content-h i-cf\"><div class=\"wpb_text_column\"><div class=\"wpb_wrapper\"><p><span style=\"font-weight: 400;\">Avec l'\u00e9tude industrielle de Wiesbaden, nous avons analys\u00e9 pour la premi\u00e8re fois de mani\u00e8re exhaustive les besoins et le potentiel de notre industrie locale. Les r\u00e9sultats seront disponibles \u00e0 la fin de 2025. L'\u00e9tude vise \u00e0 fournir des donn\u00e9es solides sur les facteurs de localisation, la s\u00e9curisation de la main-d'\u0153uvre qualifi\u00e9e et les tendances de d\u00e9veloppement. Sur cette base, nous pouvons formuler des recommandations d'action concr\u00e8tes et les int\u00e9grer dans la politique \u00e9conomique communale. Nous renfor\u00e7ons ainsi la comp\u00e9titivit\u00e9 de l'industrie de Wiesbaden, s\u00e9curisons les emplois, encourageons l'innovation et cr\u00e9ons les bases d'une industrie durable et p\u00e9renne sur le site de Wiesbaden.<\/span><\/p>\n<\/div><\/div><\/div><\/div><\/div><div class=\"w-tabs-section has_text_color\" id=\"wbb9\" style=\"background:var(--color-header-middle-bg);color:var(--color-content-heading);\"><button class=\"w-tabs-section-header\" aria-controls=\"content-wbb9\" aria-expanded=\"false\"><div class=\"w-tabs-section-title\">Le vent en poupe pour les startups<\/div><div class=\"w-tabs-section-control\"><\/div><\/button><div  class=\"w-tabs-section-content\" id=\"content-wbb9\"><div class=\"w-tabs-section-content-h i-cf\"><div class=\"wpb_text_column\"><div class=\"wpb_wrapper\"><p><span style=\"font-weight: 400;\">Wiesbaden est arriv\u00e9 sur la carte des hotspots des fondateurs: Des offres de soutien sur mesure, une large mise en r\u00e9seau, des contacts avec les investisseurs et l'Ancien Tribunal en tant que centre d'innovation en assurent le suivi.<\/span><\/p>\n<\/div><\/div><\/div><\/div><\/div><div class=\"w-tabs-section has_text_color\" id=\"ocd9\" style=\"background:var(--color-header-transparent-text);color:var(--color-header-top-text-hover);\"><button class=\"w-tabs-section-header\" aria-controls=\"content-ocd9\" aria-expanded=\"false\"><div class=\"w-tabs-section-title\">Bourse de d\u00e9marrage \u00abInnoStartWi\u00bb<\/div><div class=\"w-tabs-section-control\"><\/div><\/button><div  class=\"w-tabs-section-content\" id=\"content-ocd9\"><div class=\"w-tabs-section-content-h i-cf\"><div class=\"wpb_text_column\"><div class=\"wpb_wrapper\"><p><span style=\"font-weight: 400;\">Gr\u00e2ce \u00e0 la bourse de cr\u00e9ation d\u2019entreprise \u00abInnoStartWi\u00bb, notre ville soutient de mani\u00e8re cibl\u00e9e les personnes qui souhaitent cr\u00e9er des entreprises innovantes, durables ou sociales \u00e0 Wiesbaden. Ils re\u00e7oivent jusqu'\u00e0 1 000 euros par mois pendant 12 mois pour mettre en \u0153uvre leurs id\u00e9es sans pression financi\u00e8re. Il en r\u00e9sulte un d\u00e9part \u00e9quitable pour tous, ind\u00e9pendamment de leur propre capital. Cela renforce une culture de fondation diversifi\u00e9e, encourage des id\u00e9es \u00e9conomiques durables et contribue \u00e0 ce que Wiesbaden reste un site attrayant pour les entreprises du futur.<\/span><\/p>\n<\/div><\/div><\/div><\/div><\/div><div class=\"w-tabs-section has_text_color\" id=\"xdf0\" style=\"background:var(--color-header-transparent-text);color:var(--color-header-top-text-hover);\"><button class=\"w-tabs-section-header\" aria-controls=\"content-xdf0\" aria-expanded=\"false\"><div class=\"w-tabs-section-title\">StartAward Wiesbaden 2024<\/div><div class=\"w-tabs-section-control\"><\/div><\/button><div  class=\"w-tabs-section-content\" id=\"content-xdf0\"><div class=\"w-tabs-section-content-h i-cf\"><div class=\"wpb_text_column\"><div class=\"wpb_wrapper\"><p><span style=\"font-weight: 400;\">Avec le StartAward 2024, nous avons mis en lumi\u00e8re la sc\u00e8ne des fondateurs de Wiesbaden. Plus de 55 candidatures montrent: Notre ville regorge d'esprits intelligents, cr\u00e9atifs et entrepreneuriaux. Le prix r\u00e9compense les mod\u00e8les d\u2019entreprise innovants qui fa\u00e7onnent l\u2019avenir, qu\u2019il s\u2019agisse de la durabilit\u00e9, de la num\u00e9risation ou de l\u2019innovation sociale. En particulier, le prix sp\u00e9cial \u00abImpact\u00bb montre que la r\u00e9ussite \u00e9conomique et la valeur ajout\u00e9e soci\u00e9tale vont de pair. Nous lan\u00e7ons ainsi un signal vert en faveur d'une \u00e9conomie responsable, \u00e9quitable et durable.<\/span><\/p>\n<\/div><\/div><\/div><\/div><\/div><div class=\"w-tabs-section has_text_color\" id=\"vf09\" style=\"background:var(--color-header-transparent-text);color:var(--color-header-top-text-hover);\"><button class=\"w-tabs-section-header\" aria-controls=\"content-vf09\" aria-expanded=\"false\"><div class=\"w-tabs-section-title\">Makerspace Wiesbaden \u2013 Soutien municipal \u00e0 la cr\u00e9ativit\u00e9 et \u00e0 la technologie<\/div><div class=\"w-tabs-section-control\"><\/div><\/button><div  class=\"w-tabs-section-content\" id=\"content-vf09\"><div class=\"w-tabs-section-content-h i-cf\"><div class=\"wpb_text_column\"><div class=\"wpb_wrapper\"><p><span style=\"font-weight: 400;\">Le Makerspace Wiesbaden est activement promu par la ville: Les fonds municipaux assurent l'infrastructure, les loyers et les espaces publics o\u00f9 se d\u00e9roulent des ateliers, des tables rondes et des offres de projets. La ville permet ainsi aux \u00e9l\u00e8ves, aux jeunes adultes et aux personnes int\u00e9ress\u00e9es par la technologie d'apprendre de mani\u00e8re pratique, de mettre en \u0153uvre leurs propres id\u00e9es et de cr\u00e9er des r\u00e9seaux. La politique cr\u00e9e ainsi un lieu d'apprentissage et d'innovation dynamique qui renforce durablement l'enthousiasme pour la technologie, la cr\u00e9ativit\u00e9 et la communaut\u00e9 \u00e0 Wiesbaden.<\/span><\/p>\n<\/div><\/div><\/div><\/div><\/div><div class=\"w-tabs-section has_text_color\" id=\"r029\" style=\"background:var(--color-header-transparent-text);color:var(--color-header-top-text-hover);\"><button class=\"w-tabs-section-header\" aria-controls=\"content-r029\" aria-expanded=\"false\"><div class=\"w-tabs-section-title\">Social &amp; Sustainability Hub \u2013 Promouvoir les cr\u00e9ateurs d\u2019entreprises au moyen d\u2019une strat\u00e9gie municipale<\/div><div class=\"w-tabs-section-control\"><\/div><\/button><div  class=\"w-tabs-section-content\" id=\"content-r029\"><div class=\"w-tabs-section-content-h i-cf\"><div class=\"wpb_text_column\"><div class=\"wpb_wrapper\"><p><span style=\"font-weight: 400;\">Le Social &amp; Sustainability Hub (S3HW) est le r\u00e9sultat d'un soutien communautaire cibl\u00e9 aux start-ups: En 2024, la ville a fourni des infrastructures, des acc\u00e8s au r\u00e9seau et des services de conseil pour soutenir les cr\u00e9ateurs d\u2019entreprises socialement et \u00e9cologiquement orient\u00e9s. Ces mesures renforceront Wiesbaden en tant que site d\u2019innovation durable, lieront le d\u00e9veloppement \u00e9conomique local \u00e0 la responsabilit\u00e9 environnementale et sociale et garantiront la comp\u00e9titivit\u00e9 des jeunes entreprises de la r\u00e9gion.<\/span><\/p>\n<\/div><\/div><\/div><\/div><\/div><div class=\"w-tabs-section has_text_color\" id=\"v14f\" style=\"background:var(--color-header-transparent-text);color:var(--color-header-top-text-hover);\"><button class=\"w-tabs-section-header\" aria-controls=\"content-v14f\" aria-expanded=\"false\"><div class=\"w-tabs-section-title\">Services num\u00e9riques pour les entreprises<\/div><div class=\"w-tabs-section-control\"><\/div><\/button><div  class=\"w-tabs-section-content\" id=\"content-v14f\"><div class=\"w-tabs-section-content-h i-cf\"><div class=\"wpb_text_column\"><div class=\"wpb_wrapper\"><p><span style=\"font-weight: 400;\">Wiesbaden soutient activement les entreprises dans leur transformation num\u00e9rique. En mai 2025, l\u2019agenda de l\u2019artisanat de Wiesbaden 2030 a \u00e9t\u00e9 pr\u00e9sent\u00e9. Avec elle, nous renfor\u00e7ons les entreprises artisanales de notre ville et les accompagnons de mani\u00e8re cibl\u00e9e dans la num\u00e9risation. Elle encourage de mani\u00e8re cibl\u00e9e les entreprises artisanales par l'extension de l'infrastructure de fibre optique et le d\u00e9veloppement de solutions Smart City innovantes.<\/span><\/p>\n<p><span style=\"font-weight: 400;\">En outre, \u00e0 partir de 2025, le compte d'entreprise introduira un acc\u00e8s num\u00e9rique centralis\u00e9 aux services urbains, permettant aux entreprises d'acc\u00e9der directement et facilement \u00e0 tous les services pertinents.<\/span><\/p>\n<\/div><\/div><\/div><\/div><\/div><div class=\"w-tabs-section has_text_color\" id=\"l266\" style=\"background:var(--color-header-transparent-text);color:var(--color-header-top-text-hover);\"><button class=\"w-tabs-section-header\" aria-controls=\"content-l266\" aria-expanded=\"false\"><div class=\"w-tabs-section-title\">WiTECH Alliance<\/div><div class=\"w-tabs-section-control\"><\/div><\/button><div  class=\"w-tabs-section-content\" id=\"content-l266\"><div class=\"w-tabs-section-content-h i-cf\"><div class=\"wpb_text_column\"><div class=\"wpb_wrapper\"><p><span style=\"font-weight: 400;\">La WiTECH Alliance a \u00e9t\u00e9 cr\u00e9\u00e9e en janvier 2024. Elle met en r\u00e9seau les entreprises technologiques et informatiques de Wiesbaden et promeut des projets num\u00e9riques innovants. Cela cr\u00e9era un \u00e9cosyst\u00e8me technologique local solide qui soutiendra les fondateurs, les start-up et les entreprises et renforcera la ville en tant que p\u00f4le d'innovation num\u00e9rique.<\/span><\/p>\n<\/div><\/div><\/div><\/div><\/div><div class=\"w-tabs-section has_text_color\" id=\"k37b\" style=\"background:var(--color-header-transparent-text);color:var(--color-header-top-text-hover);\"><button class=\"w-tabs-section-header\" aria-controls=\"content-k37b\" aria-expanded=\"false\"><div class=\"w-tabs-section-title\">Sommet de la fibre optique<\/div><div class=\"w-tabs-section-control\"><\/div><\/button><div  class=\"w-tabs-section-content\" id=\"content-k37b\"><div class=\"w-tabs-section-content-h i-cf\"><div class=\"wpb_text_column\"><div class=\"wpb_wrapper\"><p><span style=\"font-weight: 400;\">Le sommet de la Hesse sur la fibre optique s\u2019est tenu pour la premi\u00e8re fois \u00e0 Wiesbaden le 21 juillet 2022. Avec lui, nous misons sur des r\u00e9seaux num\u00e9riques performants pour les \u00e9coles, les entreprises et les institutions publiques. En coordonnant de mani\u00e8re cibl\u00e9e le d\u00e9veloppement et la coop\u00e9ration, nous assurons une infrastructure internet rapide et p\u00e9renne \u2013 un \u00e9l\u00e9ment central de l\u2019\u00e9ducation, de l\u2019\u00e9conomie et de la mobilit\u00e9 respectueuse du climat.<\/span><\/p>\n<\/div><\/div><\/div><\/div><\/div><\/div><\/div><div class=\"w-separator size_medium\"><\/div><div class=\"w-btn-wrapper align_left\"><a class=\"w-btn us-btn-style_8 icon_atleft\" href=\"https:\/\/gruene-wiesbaden.de\/fr\/kommunalwahl\/#Kapitel3\"><i class=\"fas fa-chevron-circle-right\"><\/i><span class=\"w-btn-label\">Retour \u00e0 la vue d'ensemble<\/span><\/a><\/div><div class=\"w-separator size_large\"><\/div><\/div><\/div><\/div><\/div><\/section>","protected":false},"excerpt":{"rendered":"Wiesbaden en tant que site \u00e9conomique attrayantUne \u00e9conomie locale forte garantit des emplois de qualit\u00e9, l\u2019innovation et la qualit\u00e9 de vie \u2013 et les d\u00e9cisions locales jouent un r\u00f4le central \u00e0 cet \u00e9gard. Les VERTS con\u00e7oivent les espaces commerciaux de mani\u00e8re strat\u00e9gique, encouragent les start-up, la num\u00e9risation et le d\u00e9veloppement de la main-d'\u0153uvre qualifi\u00e9e, soutiennent la croissance durable et les entreprises \u00e9conomes en ressources. Dans le m\u00eame temps, nous renfor\u00e7ons la diversit\u00e9, la participation sociale et la coop\u00e9ration avec l'artisanat, l'industrie, l'\u00e9ducation et la culture. Gr\u00e2ce \u00e0 l'am\u00e9nagement actif du centre-ville,...","protected":false},"author":1,"featured_media":1564,"comment_status":"closed","ping_status":"closed","sticky":false,"template":"","format":"standard","meta":{"footnotes":""},"categories":[16],"tags":[],"class_list":["post-1378","post","type-post","status-publish","format-standard","has-post-thumbnail","hentry","category-kapitel-3"],"yoast_head":"<!-- This site is optimized with the Yoast SEO plugin v27.5 - https:\/\/yoast.com\/product\/yoast-seo-wordpress\/ -->\n<title>Wiesbaden als attraktiver Wirtschaftsstandort - B\u00dcNDNIS 90\/DIE GR\u00dcNEN Wiesbaden<\/title>\n<meta name=\"robots\" content=\"index, follow, max-snippet:-1, max-image-preview:large, max-video-preview:-1\" \/>\n<link rel=\"canonical\" href=\"https:\/\/gruene-wiesbaden.de\/fr\/wiesbaden-als-attraktiver-wirtschaftsstandort\/\" \/>\n<meta property=\"og:locale\" content=\"fr_FR\" \/>\n<meta property=\"og:type\" content=\"article\" \/>\n<meta property=\"og:title\" content=\"Wiesbaden als attraktiver Wirtschaftsstandort - B\u00dcNDNIS 90\/DIE GR\u00dcNEN Wiesbaden\" \/>\n<meta property=\"og:url\" content=\"https:\/\/gruene-wiesbaden.de\/fr\/wiesbaden-als-attraktiver-wirtschaftsstandort\/\" \/>\n<meta property=\"og:site_name\" content=\"B\u00dcNDNIS 90\/DIE GR\u00dcNEN Wiesbaden\" \/>\n<meta property=\"article:publisher\" content=\"https:\/\/www.facebook.com\/gruene.wi\" \/>\n<meta property=\"article:published_time\" content=\"2025-11-09T22:32:20+00:00\" \/>\n<meta property=\"article:modified_time\" content=\"2026-04-08T22:27:51+00:00\" \/>\n<meta property=\"og:image\" content=\"https:\/\/gruene-wiesbaden.de\/wp-content\/uploads\/2025\/11\/3.2-Wiesbaden-als-attraktiver-Wirtschaftsstandort-scaled.jpg\" \/>\n\t<meta property=\"og:image:width\" content=\"2560\" \/>\n\t<meta property=\"og:image:height\" content=\"1707\" \/>\n\t<meta property=\"og:image:type\" content=\"image\/jpeg\" \/>\n<meta name=\"author\" content=\"admin\" \/>\n<meta name=\"twitter:card\" content=\"summary_large_image\" \/>\n<meta name=\"twitter:label1\" content=\"\u00c9crit par\" \/>\n\t<meta name=\"twitter:data1\" content=\"admin\" \/>\n\t<meta name=\"twitter:label2\" content=\"Dur\u00e9e de lecture estim\u00e9e\" \/>\n\t<meta name=\"twitter:data2\" content=\"11 minutes\" \/>\n<script type=\"application\/ld+json\" class=\"yoast-schema-graph\">{\"@context\":\"https:\\\/\\\/schema.org\",\"@graph\":[{\"@type\":\"Article\",\"@id\":\"https:\\\/\\\/gruene-wiesbaden.de\\\/wiesbaden-als-attraktiver-wirtschaftsstandort\\\/#article\",\"isPartOf\":{\"@id\":\"https:\\\/\\\/gruene-wiesbaden.de\\\/wiesbaden-als-attraktiver-wirtschaftsstandort\\\/\"},\"author\":{\"name\":\"admin\",\"@id\":\"https:\\\/\\\/gruene-wiesbaden.de\\\/#\\\/schema\\\/person\\\/6785c34779159cd4fd86886bb097afe9\"},\"headline\":\"Wiesbaden als attraktiver Wirtschaftsstandort\",\"datePublished\":\"2025-11-09T22:32:20+00:00\",\"dateModified\":\"2026-04-08T22:27:51+00:00\",\"mainEntityOfPage\":{\"@id\":\"https:\\\/\\\/gruene-wiesbaden.de\\\/wiesbaden-als-attraktiver-wirtschaftsstandort\\\/\"},\"wordCount\":3216,\"publisher\":{\"@id\":\"https:\\\/\\\/gruene-wiesbaden.de\\\/#organization\"},\"image\":{\"@id\":\"https:\\\/\\\/gruene-wiesbaden.de\\\/wiesbaden-als-attraktiver-wirtschaftsstandort\\\/#primaryimage\"},\"thumbnailUrl\":\"https:\\\/\\\/gruene-wiesbaden.de\\\/wp-content\\\/uploads\\\/2025\\\/11\\\/3.2-Wiesbaden-als-attraktiver-Wirtschaftsstandort-scaled.jpg\",\"articleSection\":[\"Kapitel 3\"],\"inLanguage\":\"fr-FR\"},{\"@type\":\"WebPage\",\"@id\":\"https:\\\/\\\/gruene-wiesbaden.de\\\/wiesbaden-als-attraktiver-wirtschaftsstandort\\\/\",\"url\":\"https:\\\/\\\/gruene-wiesbaden.de\\\/wiesbaden-als-attraktiver-wirtschaftsstandort\\\/\",\"name\":\"Wiesbaden als attraktiver Wirtschaftsstandort - B\u00dcNDNIS 90\\\/DIE GR\u00dcNEN Wiesbaden\",\"isPartOf\":{\"@id\":\"https:\\\/\\\/gruene-wiesbaden.de\\\/#website\"},\"primaryImageOfPage\":{\"@id\":\"https:\\\/\\\/gruene-wiesbaden.de\\\/wiesbaden-als-attraktiver-wirtschaftsstandort\\\/#primaryimage\"},\"image\":{\"@id\":\"https:\\\/\\\/gruene-wiesbaden.de\\\/wiesbaden-als-attraktiver-wirtschaftsstandort\\\/#primaryimage\"},\"thumbnailUrl\":\"https:\\\/\\\/gruene-wiesbaden.de\\\/wp-content\\\/uploads\\\/2025\\\/11\\\/3.2-Wiesbaden-als-attraktiver-Wirtschaftsstandort-scaled.jpg\",\"datePublished\":\"2025-11-09T22:32:20+00:00\",\"dateModified\":\"2026-04-08T22:27:51+00:00\",\"breadcrumb\":{\"@id\":\"https:\\\/\\\/gruene-wiesbaden.de\\\/wiesbaden-als-attraktiver-wirtschaftsstandort\\\/#breadcrumb\"},\"inLanguage\":\"fr-FR\",\"potentialAction\":[{\"@type\":\"ReadAction\",\"target\":[\"https:\\\/\\\/gruene-wiesbaden.de\\\/wiesbaden-als-attraktiver-wirtschaftsstandort\\\/\"]}]},{\"@type\":\"ImageObject\",\"inLanguage\":\"fr-FR\",\"@id\":\"https:\\\/\\\/gruene-wiesbaden.de\\\/wiesbaden-als-attraktiver-wirtschaftsstandort\\\/#primaryimage\",\"url\":\"https:\\\/\\\/gruene-wiesbaden.de\\\/wp-content\\\/uploads\\\/2025\\\/11\\\/3.2-Wiesbaden-als-attraktiver-Wirtschaftsstandort-scaled.jpg\",\"contentUrl\":\"https:\\\/\\\/gruene-wiesbaden.de\\\/wp-content\\\/uploads\\\/2025\\\/11\\\/3.2-Wiesbaden-als-attraktiver-Wirtschaftsstandort-scaled.jpg\",\"width\":2560,\"height\":1707},{\"@type\":\"BreadcrumbList\",\"@id\":\"https:\\\/\\\/gruene-wiesbaden.de\\\/wiesbaden-als-attraktiver-wirtschaftsstandort\\\/#breadcrumb\",\"itemListElement\":[{\"@type\":\"ListItem\",\"position\":1,\"name\":\"Startseite\",\"item\":\"https:\\\/\\\/gruene-wiesbaden.de\\\/\"},{\"@type\":\"ListItem\",\"position\":2,\"name\":\"Wiesbaden als attraktiver Wirtschaftsstandort\"}]},{\"@type\":\"WebSite\",\"@id\":\"https:\\\/\\\/gruene-wiesbaden.de\\\/#website\",\"url\":\"https:\\\/\\\/gruene-wiesbaden.de\\\/\",\"name\":\"DIE GR\u00dcNEN Wiesbaden\",\"description\":\"\",\"publisher\":{\"@id\":\"https:\\\/\\\/gruene-wiesbaden.de\\\/#organization\"},\"potentialAction\":[{\"@type\":\"SearchAction\",\"target\":{\"@type\":\"EntryPoint\",\"urlTemplate\":\"https:\\\/\\\/gruene-wiesbaden.de\\\/?s={search_term_string}\"},\"query-input\":{\"@type\":\"PropertyValueSpecification\",\"valueRequired\":true,\"valueName\":\"search_term_string\"}}],\"inLanguage\":\"fr-FR\"},{\"@type\":\"Organization\",\"@id\":\"https:\\\/\\\/gruene-wiesbaden.de\\\/#organization\",\"name\":\"DIE GR\u00dcNEN Wiesbaden\",\"url\":\"https:\\\/\\\/gruene-wiesbaden.de\\\/\",\"logo\":{\"@type\":\"ImageObject\",\"inLanguage\":\"fr-FR\",\"@id\":\"https:\\\/\\\/gruene-wiesbaden.de\\\/#\\\/schema\\\/logo\\\/image\\\/\",\"url\":\"https:\\\/\\\/gruene-wiesbaden-fuer-europa.de\\\/wp-content\\\/uploads\\\/2024\\\/04\\\/Machen-was-zaehlt-5.png\",\"contentUrl\":\"https:\\\/\\\/gruene-wiesbaden-fuer-europa.de\\\/wp-content\\\/uploads\\\/2024\\\/04\\\/Machen-was-zaehlt-5.png\",\"width\":1772,\"height\":1772,\"caption\":\"DIE GR\u00dcNEN Wiesbaden\"},\"image\":{\"@id\":\"https:\\\/\\\/gruene-wiesbaden.de\\\/#\\\/schema\\\/logo\\\/image\\\/\"},\"sameAs\":[\"https:\\\/\\\/www.facebook.com\\\/gruene.wi\",\"https:\\\/\\\/instagram.com\\\/gruene_wi\"]},{\"@type\":\"Person\",\"@id\":\"https:\\\/\\\/gruene-wiesbaden.de\\\/#\\\/schema\\\/person\\\/6785c34779159cd4fd86886bb097afe9\",\"name\":\"admin\",\"sameAs\":[\"http:\\\/\\\/gruene-wiesbaden-fuer-europa.de\"],\"url\":\"https:\\\/\\\/gruene-wiesbaden.de\\\/fr\\\/author\\\/admin\\\/\"}]}<\/script>\n<!-- \/ Yoast SEO plugin. -->","yoast_head_json":{"title":"Wiesbaden als attraktiver Wirtschaftsstandort - B\u00dcNDNIS 90\/DIE GR\u00dcNEN Wiesbaden","robots":{"index":"index","follow":"follow","max-snippet":"max-snippet:-1","max-image-preview":"max-image-preview:large","max-video-preview":"max-video-preview:-1"},"canonical":"https:\/\/gruene-wiesbaden.de\/fr\/wiesbaden-als-attraktiver-wirtschaftsstandort\/","og_locale":"fr_FR","og_type":"article","og_title":"Wiesbaden als attraktiver Wirtschaftsstandort - B\u00dcNDNIS 90\/DIE GR\u00dcNEN Wiesbaden","og_url":"https:\/\/gruene-wiesbaden.de\/fr\/wiesbaden-als-attraktiver-wirtschaftsstandort\/","og_site_name":"B\u00dcNDNIS 90\/DIE GR\u00dcNEN Wiesbaden","article_publisher":"https:\/\/www.facebook.com\/gruene.wi","article_published_time":"2025-11-09T22:32:20+00:00","article_modified_time":"2026-04-08T22:27:51+00:00","og_image":[{"width":2560,"height":1707,"url":"https:\/\/gruene-wiesbaden.de\/wp-content\/uploads\/2025\/11\/3.2-Wiesbaden-als-attraktiver-Wirtschaftsstandort-scaled.jpg","type":"image\/jpeg"}],"author":"admin","twitter_card":"summary_large_image","twitter_misc":{"\u00c9crit par":"admin","Dur\u00e9e de lecture estim\u00e9e":"11 minutes"},"schema":{"@context":"https:\/\/schema.org","@graph":[{"@type":"Article","@id":"https:\/\/gruene-wiesbaden.de\/wiesbaden-als-attraktiver-wirtschaftsstandort\/#article","isPartOf":{"@id":"https:\/\/gruene-wiesbaden.de\/wiesbaden-als-attraktiver-wirtschaftsstandort\/"},"author":{"name":"admin","@id":"https:\/\/gruene-wiesbaden.de\/#\/schema\/person\/6785c34779159cd4fd86886bb097afe9"},"headline":"Wiesbaden als attraktiver Wirtschaftsstandort","datePublished":"2025-11-09T22:32:20+00:00","dateModified":"2026-04-08T22:27:51+00:00","mainEntityOfPage":{"@id":"https:\/\/gruene-wiesbaden.de\/wiesbaden-als-attraktiver-wirtschaftsstandort\/"},"wordCount":3216,"publisher":{"@id":"https:\/\/gruene-wiesbaden.de\/#organization"},"image":{"@id":"https:\/\/gruene-wiesbaden.de\/wiesbaden-als-attraktiver-wirtschaftsstandort\/#primaryimage"},"thumbnailUrl":"https:\/\/gruene-wiesbaden.de\/wp-content\/uploads\/2025\/11\/3.2-Wiesbaden-als-attraktiver-Wirtschaftsstandort-scaled.jpg","articleSection":["Kapitel 3"],"inLanguage":"fr-FR"},{"@type":"WebPage","@id":"https:\/\/gruene-wiesbaden.de\/wiesbaden-als-attraktiver-wirtschaftsstandort\/","url":"https:\/\/gruene-wiesbaden.de\/wiesbaden-als-attraktiver-wirtschaftsstandort\/","name":"Wiesbaden als attraktiver Wirtschaftsstandort - B\u00dcNDNIS 90\/DIE GR\u00dcNEN Wiesbaden","isPartOf":{"@id":"https:\/\/gruene-wiesbaden.de\/#website"},"primaryImageOfPage":{"@id":"https:\/\/gruene-wiesbaden.de\/wiesbaden-als-attraktiver-wirtschaftsstandort\/#primaryimage"},"image":{"@id":"https:\/\/gruene-wiesbaden.de\/wiesbaden-als-attraktiver-wirtschaftsstandort\/#primaryimage"},"thumbnailUrl":"https:\/\/gruene-wiesbaden.de\/wp-content\/uploads\/2025\/11\/3.2-Wiesbaden-als-attraktiver-Wirtschaftsstandort-scaled.jpg","datePublished":"2025-11-09T22:32:20+00:00","dateModified":"2026-04-08T22:27:51+00:00","breadcrumb":{"@id":"https:\/\/gruene-wiesbaden.de\/wiesbaden-als-attraktiver-wirtschaftsstandort\/#breadcrumb"},"inLanguage":"fr-FR","potentialAction":[{"@type":"ReadAction","target":["https:\/\/gruene-wiesbaden.de\/wiesbaden-als-attraktiver-wirtschaftsstandort\/"]}]},{"@type":"ImageObject","inLanguage":"fr-FR","@id":"https:\/\/gruene-wiesbaden.de\/wiesbaden-als-attraktiver-wirtschaftsstandort\/#primaryimage","url":"https:\/\/gruene-wiesbaden.de\/wp-content\/uploads\/2025\/11\/3.2-Wiesbaden-als-attraktiver-Wirtschaftsstandort-scaled.jpg","contentUrl":"https:\/\/gruene-wiesbaden.de\/wp-content\/uploads\/2025\/11\/3.2-Wiesbaden-als-attraktiver-Wirtschaftsstandort-scaled.jpg","width":2560,"height":1707},{"@type":"BreadcrumbList","@id":"https:\/\/gruene-wiesbaden.de\/wiesbaden-als-attraktiver-wirtschaftsstandort\/#breadcrumb","itemListElement":[{"@type":"ListItem","position":1,"name":"Startseite","item":"https:\/\/gruene-wiesbaden.de\/"},{"@type":"ListItem","position":2,"name":"Wiesbaden als attraktiver Wirtschaftsstandort"}]},{"@type":"WebSite","@id":"https:\/\/gruene-wiesbaden.de\/#website","url":"https:\/\/gruene-wiesbaden.de\/","name":"DIE GR\u00dcNEN Wiesbaden","description":"","publisher":{"@id":"https:\/\/gruene-wiesbaden.de\/#organization"},"potentialAction":[{"@type":"SearchAction","target":{"@type":"EntryPoint","urlTemplate":"https:\/\/gruene-wiesbaden.de\/?s={search_term_string}"},"query-input":{"@type":"PropertyValueSpecification","valueRequired":true,"valueName":"search_term_string"}}],"inLanguage":"fr-FR"},{"@type":"Organization","@id":"https:\/\/gruene-wiesbaden.de\/#organization","name":"DIE GR\u00dcNEN Wiesbaden","url":"https:\/\/gruene-wiesbaden.de\/","logo":{"@type":"ImageObject","inLanguage":"fr-FR","@id":"https:\/\/gruene-wiesbaden.de\/#\/schema\/logo\/image\/","url":"https:\/\/gruene-wiesbaden-fuer-europa.de\/wp-content\/uploads\/2024\/04\/Machen-was-zaehlt-5.png","contentUrl":"https:\/\/gruene-wiesbaden-fuer-europa.de\/wp-content\/uploads\/2024\/04\/Machen-was-zaehlt-5.png","width":1772,"height":1772,"caption":"DIE GR\u00dcNEN Wiesbaden"},"image":{"@id":"https:\/\/gruene-wiesbaden.de\/#\/schema\/logo\/image\/"},"sameAs":["https:\/\/www.facebook.com\/gruene.wi","https:\/\/instagram.com\/gruene_wi"]},{"@type":"Person","@id":"https:\/\/gruene-wiesbaden.de\/#\/schema\/person\/6785c34779159cd4fd86886bb097afe9","name":"admin","sameAs":["http:\/\/gruene-wiesbaden-fuer-europa.de"],"url":"https:\/\/gruene-wiesbaden.de\/fr\/author\/admin\/"}]}},"_links":{"self":[{"href":"https:\/\/gruene-wiesbaden.de\/fr\/wp-json\/wp\/v2\/posts\/1378","targetHints":{"allow":["GET"]}}],"collection":[{"href":"https:\/\/gruene-wiesbaden.de\/fr\/wp-json\/wp\/v2\/posts"}],"about":[{"href":"https:\/\/gruene-wiesbaden.de\/fr\/wp-json\/wp\/v2\/types\/post"}],"author":[{"embeddable":true,"href":"https:\/\/gruene-wiesbaden.de\/fr\/wp-json\/wp\/v2\/users\/1"}],"replies":[{"embeddable":true,"href":"https:\/\/gruene-wiesbaden.de\/fr\/wp-json\/wp\/v2\/comments?post=1378"}],"version-history":[{"count":9,"href":"https:\/\/gruene-wiesbaden.de\/fr\/wp-json\/wp\/v2\/posts\/1378\/revisions"}],"predecessor-version":[{"id":2380,"href":"https:\/\/gruene-wiesbaden.de\/fr\/wp-json\/wp\/v2\/posts\/1378\/revisions\/2380"}],"wp:featuredmedia":[{"embeddable":true,"href":"https:\/\/gruene-wiesbaden.de\/fr\/wp-json\/wp\/v2\/media\/1564"}],"wp:attachment":[{"href":"https:\/\/gruene-wiesbaden.de\/fr\/wp-json\/wp\/v2\/media?parent=1378"}],"wp:term":[{"taxonomy":"category","embeddable":true,"href":"https:\/\/gruene-wiesbaden.de\/fr\/wp-json\/wp\/v2\/categories?post=1378"},{"taxonomy":"post_tag","embeddable":true,"href":"https:\/\/gruene-wiesbaden.de\/fr\/wp-json\/wp\/v2\/tags?post=1378"}],"curies":[{"name":"wp","href":"https:\/\/api.w.org\/{rel}","templated":true}]}}