{"id":1366,"date":"2025-11-10T00:18:23","date_gmt":"2025-11-09T22:18:23","guid":{"rendered":"https:\/\/gruene-wiesbaden.de\/?p=1366"},"modified":"2026-04-09T10:38:51","modified_gmt":"2026-04-09T08:38:51","slug":"kinder-familien-und-alleinerziehende","status":"publish","type":"post","link":"https:\/\/gruene-wiesbaden.de\/fr\/kinder-familien-und-alleinerziehende\/","title":{"rendered":"Enfants, familles et familles monoparentales"},"content":{"rendered":"<section class=\"l-section wpb_row height_medium with_img\"><div class=\"l-section-img\" role=\"img\" data-img-width=\"1080\" data-img-height=\"800\" style=\"background-image: url(https:\/\/gruene-wiesbaden.de\/wp-content\/uploads\/2025\/11\/neuer-Verlauf-gruene-wiesbaden.de_-2-e1762709402177.png);\"><\/div><div class=\"l-section-overlay\" style=\"background:var(--color-header-top-transparent-bg)\"><\/div><div class=\"l-section-h i-cf\"><div class=\"g-cols vc_row via_grid cols_1 laptops-cols_inherit tablets-cols_inherit mobiles-cols_1 valign_top type_default stacking_default\"><div class=\"wpb_column vc_column_container\"><div class=\"vc_column-inner\"><h1 class=\"w-post-elm post_title us_custom_a574d586 has_text_color entry-title\">Enfants, familles et familles monoparentales<\/h1><div class=\"w-separator size_medium\"><\/div><div class=\"g-cols wpb_row via_grid cols_2-1 laptops-cols_inherit tablets-cols_inherit mobiles-cols_1 valign_top type_default stacking_default\" style=\"--columns-gap:3rem;\"><div class=\"wpb_column vc_column_container\"><div class=\"vc_column-inner\"><div class=\"wpb_text_column us_custom_8b3d6790 has_text_color\"><div class=\"wpb_wrapper\"><p><span style=\"font-weight: 400;\">Les enfants sont notre avenir et ont droit \u00e0 de bonnes conditions de vie, quelle que soit l'origine sociale de leur famille. La pauvret\u00e9 des enfants est un probl\u00e8me structurel qui touche particuli\u00e8rement les femmes c\u00e9libataires et les familles nombreuses. La conciliation de la vie familiale et de la vie professionnelle reste un d\u00e9fi de soci\u00e9t\u00e9. Les enfants ont leurs propres droits et doivent \u00eatre impliqu\u00e9s dans les processus d\u00e9mocratiques de formation de la volont\u00e9. Une ville familiale soutient toutes les g\u00e9n\u00e9rations et cr\u00e9e des espaces o\u00f9 les enfants peuvent grandir en toute s\u00e9curit\u00e9 et en bonne sant\u00e9.<\/span><\/p>\n<\/div><\/div><div class=\"w-separator size_medium\"><\/div><div class=\"w-btn-wrapper align_left\"><a class=\"w-btn us-btn-style_8 icon_atleft\" href=\"https:\/\/gruene-wiesbaden.de\/fr\/kommunalwahl\/#Kapitel2\"><i class=\"fas fa-chevron-circle-right\"><\/i><span class=\"w-btn-label\">Retour \u00e0 la vue d'ensemble<\/span><\/a><\/div><\/div><\/div><div class=\"wpb_column vc_column_container\"><div class=\"vc_column-inner\"><div class=\"w-image align_center\"><div class=\"w-image-h\"><img decoding=\"async\" width=\"2560\" height=\"1707\" src=\"https:\/\/gruene-wiesbaden.de\/wp-content\/uploads\/2025\/11\/2.8-Kinder-Familien-und-Alleinerziehende-scaled.jpg\" class=\"attachment-full size-full\" alt=\"\" loading=\"lazy\" srcset=\"https:\/\/gruene-wiesbaden.de\/wp-content\/uploads\/2025\/11\/2.8-Kinder-Familien-und-Alleinerziehende-scaled.jpg 2560w, https:\/\/gruene-wiesbaden.de\/wp-content\/uploads\/2025\/11\/2.8-Kinder-Familien-und-Alleinerziehende-400x267.jpg 400w, https:\/\/gruene-wiesbaden.de\/wp-content\/uploads\/2025\/11\/2.8-Kinder-Familien-und-Alleinerziehende-600x400.jpg 600w\" sizes=\"auto, (max-width: 2560px) 100vw, 2560px\" \/><\/div><\/div><div class=\"w-separator size_small\"><\/div><\/div><\/div><\/div><div class=\"w-separator size_medium\"><\/div><div class=\"w-separator size_medium\"><\/div><div class=\"wpb_text_column\"><div class=\"wpb_wrapper\"><h1>Ce que la bonne politique signifie pour les enfants, les familles et les familles monoparentales<\/h1>\n<\/div><\/div><div class=\"w-separator size_large\"><\/div><div class=\"g-cols wpb_row via_grid cols_3 laptops-cols_inherit tablets-cols_inherit mobiles-cols_1 valign_top type_default stacking_default\" style=\"--columns-gap:3rem;\"><div class=\"wpb_column vc_column_container\"><div class=\"vc_column-inner\"><div class=\"w-iconbox us_custom_8b3d6790 has_text_color iconpos_left style_default color_custom align_left\"><div class=\"w-iconbox-icon\" style=\"font-size:2rem;--icon-color:#Ffffff;--icon-bg-color:var(--color-header-middle-bg);\"><i class=\"fas fa-layer-group\"><\/i><\/div><div class=\"w-iconbox-meta\"><h4 class=\"w-iconbox-title\" style=\"font-size:1.5rem;\">Mettre en \u0153uvre les droits de l'enfant<\/h4><div class=\"w-iconbox-text\"><p><span style=\"font-weight: 400;\">Les enfants ont le droit d'\u00eatre entendus, encourag\u00e9s et cod\u00e9termin\u00e9s dans leur ville.<\/span><\/p>\n<\/div><\/div><\/div><\/div><\/div><div class=\"wpb_column vc_column_container\"><div class=\"vc_column-inner\"><div class=\"w-iconbox us_custom_8b3d6790 has_text_color iconpos_left style_default color_custom align_left\"><div class=\"w-iconbox-icon\" style=\"font-size:2rem;--icon-color:#Ffffff;--icon-bg-color:var(--color-header-transparent-text);\"><i class=\"fas fa-layer-group\"><\/i><\/div><div class=\"w-iconbox-meta\"><h4 class=\"w-iconbox-title\" style=\"font-size:1.5rem;\">Ville accueillante pour les familles<\/h4><div class=\"w-iconbox-text\"><p><span style=\"font-weight: 400;\">Nous cr\u00e9ons des espaces o\u00f9 toutes les g\u00e9n\u00e9rations peuvent bien vivre.<\/span><\/p>\n<\/div><\/div><\/div><\/div><\/div><div class=\"wpb_column vc_column_container\"><div class=\"vc_column-inner\"><div class=\"w-iconbox us_custom_8b3d6790 has_text_color iconpos_left style_default color_custom align_left\"><div class=\"w-iconbox-icon\" style=\"font-size:2rem;--icon-color:#Ffffff;--icon-bg-color:var(--color-header-transparent-text);\"><i class=\"fas fa-layer-group\"><\/i><\/div><div class=\"w-iconbox-meta\"><h4 class=\"w-iconbox-title\" style=\"font-size:1.5rem;\">Combattre la pauvret\u00e9<\/h4><div class=\"w-iconbox-text\"><p><span style=\"font-weight: 400;\">Chaque enfant m\u00e9rite des chances \u00e9quitables, quel que soit le porte-monnaie de ses parents.<\/span><\/p>\n<\/div><\/div><\/div><\/div><\/div><\/div><div class=\"w-separator size_medium\"><\/div><div class=\"g-cols wpb_row via_grid cols_3 laptops-cols_inherit tablets-cols_inherit mobiles-cols_1 valign_top type_default stacking_default\" style=\"--columns-gap:3rem;\"><div class=\"wpb_column vc_column_container\"><div class=\"vc_column-inner\"><div class=\"w-iconbox us_custom_8b3d6790 has_text_color iconpos_left style_default color_custom align_left\"><div class=\"w-iconbox-icon\" style=\"font-size:2rem;--icon-color:#Ffffff;--icon-bg-color:var(--color-header-middle-bg);\"><i class=\"fas fa-layer-group\"><\/i><\/div><div class=\"w-iconbox-meta\"><h4 class=\"w-iconbox-title\" style=\"font-size:1.5rem;\">Cr\u00e9er un soutien<\/h4><div class=\"w-iconbox-text\"><p><span style=\"font-weight: 400;\">Les familles ont besoin de services de garde d'enfants fiables et de lieux de rencontre dynamiques dans le quartier.<\/span><\/p>\n<\/div><\/div><\/div><\/div><\/div><div class=\"wpb_column vc_column_container\"><div class=\"vc_column-inner\"><div class=\"w-iconbox us_custom_8b3d6790 has_text_color iconpos_left style_default color_custom align_left\"><div class=\"w-iconbox-icon\" style=\"font-size:2rem;--icon-color:#Ffffff;--icon-bg-color:var(--color-header-transparent-text);\"><i class=\"fas fa-layer-group\"><\/i><\/div><div class=\"w-iconbox-meta\"><h4 class=\"w-iconbox-title\" style=\"font-size:1.5rem;\">Promouvoir l'\u00e9galit\u00e9<\/h4><div class=\"w-iconbox-text\"><p><span style=\"font-weight: 400;\">De bonnes conditions cadres permettent une r\u00e9partition \u00e9quitable du travail de soins et contribuent \u00e0 l'\u00e9galit\u00e9 des sexes. Ils permettent aux familles monoparentales de participer \u00e0 la vie active et \u00e0 la vie urbaine.<\/span><\/p>\n<\/div><\/div><\/div><\/div><\/div><div class=\"wpb_column vc_column_container\"><div class=\"vc_column-inner\"><\/div><\/div><\/div><div class=\"w-separator size_medium\"><\/div><div class=\"w-btn-wrapper align_left\"><a class=\"w-btn us-btn-style_8 icon_atleft\" href=\"https:\/\/gruene-wiesbaden.de\/fr\/kommunalwahl\/#Kapitel2\"><i class=\"fas fa-chevron-circle-right\"><\/i><span class=\"w-btn-label\">Retour \u00e0 la vue d'ensemble<\/span><\/a><\/div><div class=\"w-separator size_medium\"><\/div><\/div><\/div><\/div><\/div><\/section><section class=\"l-section wpb_row height_auto with_img\"><div class=\"l-section-img\" role=\"img\" data-img-width=\"2560\" data-img-height=\"1707\" style=\"background-image: url(https:\/\/gruene-wiesbaden.de\/wp-content\/uploads\/2025\/11\/2.8-Kinder-Familien-und-Alleinerziehende-scaled.jpg);background-repeat: no-repeat;\"><\/div><div class=\"l-section-overlay\" style=\"background:var(--color-header-top-transparent-bg)\"><\/div><div class=\"l-section-h i-cf\"><div class=\"g-cols vc_row via_grid cols_1 laptops-cols_inherit tablets-cols_inherit mobiles-cols_1 valign_middle type_default stacking_default\" style=\"--columns-gap:1rem;\"><div class=\"wpb_column vc_column_container\"><div class=\"vc_column-inner\"><div class=\"w-separator size_large\"><\/div><div class=\"wpb_text_column us_custom_fa36a3ac has_text_color background_inside_text\"><div class=\"wpb_wrapper\"><h1>Ce que nous voulons concr\u00e8tement faire dans ce domaine<\/h1>\n<\/div><\/div><div class=\"w-separator size_medium\"><\/div><div class=\"w-tabs us_custom_42d693a0 has_text_color style_default switch_click accordion has_scrolling\" style=\"--sections-title-size:1.4rem\"><div class=\"w-tabs-sections titles-align_none icon_chevron cpos_right\"><div class=\"w-tabs-section has_text_color\" id=\"ve2a\" style=\"background:var(--color-header-transparent-text);color:var(--color-header-top-text-hover);\"><button class=\"w-tabs-section-header\" aria-controls=\"content-ve2a\" aria-expanded=\"false\"><div class=\"w-tabs-section-title\">Faciliter l'acc\u00e8s au programme sp\u00e9cial de lutte contre la pauvret\u00e9 infantile<\/div><div class=\"w-tabs-section-control\"><\/div><\/button><div  class=\"w-tabs-section-content\" id=\"content-ve2a\"><div class=\"w-tabs-section-content-h i-cf\"><div class=\"wpb_text_column\"><div class=\"wpb_wrapper\"><p><span style=\"font-weight: 400;\">Nous voulons que tous les enfants aient les m\u00eames chances. C'est pourquoi nous voulons renforcer et rendre plus accessibles les offres existantes dans les domaines des loisirs, de l'\u00e9ducation et de la sant\u00e9. Pour cela, il faut des acc\u00e8s \u00e0 bas seuil, non bureaucratiques et multilingues.<\/span><\/p>\n<\/div><\/div><\/div><\/div><\/div><div class=\"w-tabs-section has_text_color\" id=\"bf50\" style=\"background:var(--color-header-transparent-text);color:var(--color-header-top-text-hover);\"><button class=\"w-tabs-section-header\" aria-controls=\"content-bf50\" aria-expanded=\"false\"><div class=\"w-tabs-section-title\">Impliquer les enfants et les familles dans la prise de d\u00e9cision<\/div><div class=\"w-tabs-section-control\"><\/div><\/button><div  class=\"w-tabs-section-content\" id=\"content-bf50\"><div class=\"w-tabs-section-content-h i-cf\"><div class=\"wpb_text_column\"><div class=\"wpb_wrapper\"><p><span style=\"font-weight: 400;\">Nous voulons que les enfants soient syst\u00e9matiquement associ\u00e9s aux d\u00e9cisions qui les concernent et nous renfor\u00e7ons leurs possibilit\u00e9s de participation d\u00e9mocratique. Nous, les VERTS, faisons des enfants et des familles des co-cr\u00e9ateurs actifs de leur ville. Leurs id\u00e9es doivent \u00eatre prises en compte dans la planification des aires de jeux, des offres \u00e9ducatives et de loisirs ainsi que des projets urbains. Les conf\u00e9rences pour enfants, les formats de participation num\u00e9riques et la participation \u00e0 des comit\u00e9s en fonction des projets y contribueront. Les collaborations avec les cr\u00e8ches, les \u00e9coles et les centres pour enfants veillent \u00e0 ce que les propositions soient mises en \u0153uvre et aient un impact visible. Nous encourageons ainsi la participation d\u00e9mocratique d\u00e8s le plus jeune \u00e2ge et faisons de Wiesbaden une ville accueillante pour les enfants, vivante et tourn\u00e9e vers l'avenir.<\/span><\/p>\n<\/div><\/div><\/div><\/div><\/div><div class=\"w-tabs-section has_text_color\" id=\"i068\" style=\"background:var(--color-header-transparent-text);color:var(--color-header-top-text-hover);\"><button class=\"w-tabs-section-header\" aria-controls=\"content-i068\" aria-expanded=\"false\"><div class=\"w-tabs-section-title\">Garantir un repas scolaire sain<\/div><div class=\"w-tabs-section-control\"><\/div><\/button><div  class=\"w-tabs-section-content\" id=\"content-i068\"><div class=\"w-tabs-section-content-h i-cf\"><div class=\"wpb_text_column\"><div class=\"wpb_wrapper\"><p><span style=\"font-weight: 400;\">Nous voulons que tous les enfants des cr\u00e8ches et tous les \u00e9l\u00e8ves de Wiesbaden aient acc\u00e8s quotidiennement \u00e0 une nourriture saine, \u00e9quilibr\u00e9e et savoureuse. Manger sainement favorise non seulement la concentration et la performance, mais favorise \u00e9galement la sant\u00e9 \u00e0 long terme. C'est pourquoi nous nous engageons pour des plats frais et de qualit\u00e9 qui restent abordables afin que tous les enfants et les jeunes puissent en profiter, quel que soit le budget de leur famille.<\/span><\/p>\n<\/div><\/div><\/div><\/div><\/div><div class=\"w-tabs-section has_text_color\" id=\"o19e\" style=\"background:var(--color-header-middle-bg);color:var(--color-content-heading);\"><button class=\"w-tabs-section-header\" aria-controls=\"content-o19e\" aria-expanded=\"false\"><div class=\"w-tabs-section-title\">Assurer le travail social de district<\/div><div class=\"w-tabs-section-control\"><\/div><\/button><div  class=\"w-tabs-section-content\" id=\"content-o19e\"><div class=\"w-tabs-section-content-h i-cf\"><div class=\"wpb_text_column\"><div class=\"wpb_wrapper\"><p><span style=\"font-weight: 400;\">Nous nous engageons pour un travail social efficace dans les districts, qui touche les personnes l\u00e0 o\u00f9 elles ont besoin d'aide. Pour ce faire, nous voulons \u00e9valuer les offres existantes et les d\u00e9velopper en fonction des besoins avec l'administration municipale. Des \u00e9quipes locales bien \u00e9quip\u00e9es peuvent apporter un soutien pr\u00e9coce aux familles et aux enfants, qu\u2019il s\u2019agisse de conflits, de situations de vie stressantes ou de crises quotidiennes. Le travail social de district a un effet pr\u00e9ventif: Elle d\u00e9tecte les situations \u00e0 risque, fournit de l'aide et soulage les parents avant que les probl\u00e8mes ne s'aggravent. Dans le m\u00eame temps, elle favorise la coh\u00e9sion dans le quartier, met en r\u00e9seau les \u00e9coles, les cr\u00e8ches et les associations et cr\u00e9e des points de contact \u00e0 bas seuil pour toutes les familles. Avec un travail social de district bien plac\u00e9, nous veillons \u00e0 ce que chaque famille re\u00e7oive le soutien dont elle a besoin et \u00e0 ce que les enfants puissent grandir dans un environnement s\u00fbr.<\/span><\/p>\n<\/div><\/div><\/div><\/div><\/div><div class=\"w-tabs-section has_text_color\" id=\"m2b4\" style=\"background:var(--color-header-transparent-text);color:var(--color-header-top-text-hover);\"><button class=\"w-tabs-section-header\" aria-controls=\"content-m2b4\" aria-expanded=\"false\"><div class=\"w-tabs-section-title\">Garde d'enfants sans cotisations<\/div><div class=\"w-tabs-section-control\"><\/div><\/button><div  class=\"w-tabs-section-content\" id=\"content-m2b4\"><div class=\"w-tabs-section-content-h i-cf\"><div class=\"wpb_text_column\"><div class=\"wpb_wrapper\"><p><span style=\"font-weight: 400;\">Nous nous engageons aupr\u00e8s du pays pour que la visite des cr\u00e8ches soit gratuite. D'ici l\u00e0, nous poursuivons le r\u00e9gime de cotisations municipales existant, qui r\u00e9duit les cotisations pour les familles nombreuses et exempte les familles \u00e0 faibles revenus de cotisations.<\/span><\/p>\n<\/div><\/div><\/div><\/div><\/div><div class=\"w-tabs-section has_text_color\" id=\"w3d0\" style=\"background:var(--color-header-middle-bg);color:var(--color-header-middle-text);\"><button class=\"w-tabs-section-header\" aria-controls=\"content-w3d0\" aria-expanded=\"false\"><div class=\"w-tabs-section-title\">Promouvoir les centres parents et les \u00e9tendre \u00e0 d'autres quartiers de la ville<\/div><div class=\"w-tabs-section-control\"><\/div><\/button><div  class=\"w-tabs-section-content\" id=\"content-w3d0\"><div class=\"w-tabs-section-content-h i-cf\"><div class=\"wpb_text_column\"><div class=\"wpb_wrapper\"><p><span style=\"font-weight: 400;\">Avec les KinderParternCentres (KiEZe), nous renfor\u00e7ons les familles directement dans leurs quartiers. Depuis plusieurs ann\u00e9es, les KiEZe de Wiesbaden \u2013 par exemple \u00e0 Klarenthal, Schelmengraben, Westend et Biebrich \u2013 proposent des conseils, de l\u2019\u00e9ducation et des rencontres. Ceux-ci servent de points de contact \u00e0 bas seuil dans les quartiers et offrent des services de garde d\u2019enfants flexibles, des caf\u00e9s pour les parents et des conseils \u00e9ducatifs d\u2019un seul tenant, en particulier pour les familles monoparentales et les familles confront\u00e9es \u00e0 des situations de vie difficiles. Les KiEZe mettent en r\u00e9seau les cr\u00e8ches, les services sociaux et les initiatives de quartier, favorisant ainsi la communaut\u00e9 et l'\u00e9galit\u00e9 des chances. Nous, les VERTS, nous sommes tr\u00e8s t\u00f4t engag\u00e9s en faveur de ce concept et nous nous engageons \u00e0 continuer \u00e0 renforcer les ZIE existantes et \u00e0 les \u00e9tendre \u00e0 d'autres quartiers de la ville. Nous voulons \u00e9galement soutenir KiEZe avec des moyens financiers suffisants afin qu'ils puissent soutenir les familles et mettre en \u0153uvre des projets de leur propre initiative.<\/span><\/p>\n<\/div><\/div><\/div><\/div><\/div><div class=\"w-tabs-section has_text_color\" id=\"e512\" style=\"background:var(--color-header-transparent-text);color:var(--color-header-top-text-hover);\"><button class=\"w-tabs-section-header\" aria-controls=\"content-e512\" aria-expanded=\"false\"><div class=\"w-tabs-section-title\">Rendre les aires de jeux attractives<\/div><div class=\"w-tabs-section-control\"><\/div><\/button><div  class=\"w-tabs-section-content\" id=\"content-e512\"><div class=\"w-tabs-section-content-h i-cf\"><div class=\"wpb_text_column\"><div class=\"wpb_wrapper\"><p><span style=\"font-weight: 400;\">Toutes les familles doivent pouvoir acc\u00e9der \u00e0 pied \u00e0 des aires de jeux attrayantes. Il est important pour nous d'augmenter le nombre d'appareils de jeux accessibles.<\/span><\/p>\n<\/div><\/div><\/div><\/div><\/div><\/div><\/div><div class=\"w-separator size_medium\"><\/div><div class=\"w-btn-wrapper align_left\"><a class=\"w-btn us-btn-style_8 icon_atleft\" href=\"https:\/\/gruene-wiesbaden.de\/fr\/kommunalwahl\/#Kapitel2\"><i class=\"fas fa-chevron-circle-right\"><\/i><span class=\"w-btn-label\">Retour \u00e0 la vue d'ensemble<\/span><\/a><\/div><div class=\"w-separator size_large\"><\/div><div class=\"wpb_text_column us_custom_29deb344 has_text_color\"><div class=\"wpb_wrapper\"><h1>Ce que nous avons d\u00e9j\u00e0 accompli<\/h1>\n<\/div><\/div><div class=\"w-separator size_medium\"><\/div><div class=\"w-tabs us_custom_42d693a0 has_text_color style_default switch_click accordion has_scrolling\" style=\"--sections-title-size:1.4rem\"><div class=\"w-tabs-sections titles-align_none icon_chevron cpos_right\"><div class=\"w-tabs-section has_text_color\" id=\"c5b4\" style=\"background:var(--color-header-transparent-text);color:var(--color-header-top-text-hover);\"><button class=\"w-tabs-section-header\" aria-controls=\"content-c5b4\" aria-expanded=\"false\"><div class=\"w-tabs-section-title\">Le d\u00e9veloppement de la cr\u00e8che a progress\u00e9 avec succ\u00e8s<\/div><div class=\"w-tabs-section-control\"><\/div><\/button><div  class=\"w-tabs-section-content\" id=\"content-c5b4\"><div class=\"w-tabs-section-content-h i-cf\"><div class=\"wpb_text_column\"><div class=\"wpb_wrapper\"><p><span style=\"font-weight: 400;\">Depuis 2022, nous avons consid\u00e9rablement \u00e9largi la garde d\u2019enfants \u00e0 Wiesbaden: Au cours de l\u2019ann\u00e9e 2024\/25, 10 308 places \u00e9taient disponibles, soit 227 de plus que l\u2019ann\u00e9e pr\u00e9c\u00e9dente, avec une baisse du nombre d\u2019enfants \u00e0 Wiesbaden (2020\/21 11.062, 2024\/25 10.912). Dans la zone U3, l'espace disponible de 37,7% 41,1 en 2020-2021% en 2024\/25 et dans le domaine \u00e9l\u00e9mentaire de 90% en 2020\/21 \u00e0 94,4%augmentera en 2024\/2025. Cela permettra \u00e0 davantage de familles de concilier activit\u00e9 professionnelle et garde d'enfants.<\/span><\/p>\n<\/div><\/div><\/div><\/div><\/div><div class=\"w-tabs-section has_text_color\" id=\"t6de\" style=\"background:var(--color-header-transparent-text);color:var(--color-header-top-text-hover);\"><button class=\"w-tabs-section-header\" aria-controls=\"content-t6de\" aria-expanded=\"false\"><div class=\"w-tabs-section-title\">Ouverture de nouvelles cr\u00e8ches<\/div><div class=\"w-tabs-section-control\"><\/div><\/button><div  class=\"w-tabs-section-content\" id=\"content-t6de\"><div class=\"w-tabs-section-content-h i-cf\"><div class=\"wpb_text_column\"><div class=\"wpb_wrapper\"><p><span style=\"font-weight: 400;\">De nouvelles installations ont \u00e9t\u00e9 cr\u00e9\u00e9es, en particulier dans les nouvelles zones de construction telles que le quartier de Carinthie. Ainsi, l'approvisionnement dans les quartiers \u00e0 forte croissance a \u00e9t\u00e9 am\u00e9lior\u00e9 de mani\u00e8re cibl\u00e9e.<\/span><\/p>\n<\/div><\/div><\/div><\/div><\/div><div class=\"w-tabs-section has_text_color\" id=\"j80d\" style=\"background:var(--color-header-transparent-text);color:var(--color-header-top-text-hover);\"><button class=\"w-tabs-section-header\" aria-controls=\"content-j80d\" aria-expanded=\"false\"><div class=\"w-tabs-section-title\">Garde d'enfants \u00e0 temps plein dans les \u00e9coles<\/div><div class=\"w-tabs-section-control\"><\/div><\/button><div  class=\"w-tabs-section-content\" id=\"content-j80d\"><div class=\"w-tabs-section-content-h i-cf\"><div class=\"wpb_text_column\"><div class=\"wpb_wrapper\"><p><span style=\"font-weight: 400;\">D\u00e9j\u00e0 62 % Les enfants de l'\u00e9cole primaire b\u00e9n\u00e9ficient d\u00e9sormais d'un service d'accueil de l'apr\u00e8s-midi. Il s'agit d'un grand pas en avant dans la mise en \u0153uvre du droit l\u00e9gal \u00e0 une prise en charge \u00e0 temps plein.<\/span><\/p>\n<\/div><\/div><\/div><\/div><\/div><div class=\"w-tabs-section has_text_color\" id=\"r97a\" style=\"background:var(--color-header-middle-bg);color:var(--color-content-heading);\"><button class=\"w-tabs-section-header\" aria-controls=\"content-r97a\" aria-expanded=\"false\"><div class=\"w-tabs-section-title\">Les offres d'accueil de vacances d\u00e9velopp\u00e9es et am\u00e9lior\u00e9es<\/div><div class=\"w-tabs-section-control\"><\/div><\/button><div  class=\"w-tabs-section-content\" id=\"content-r97a\"><div class=\"w-tabs-section-content-h i-cf\"><div class=\"wpb_text_column\"><div class=\"wpb_wrapper\"><p><span style=\"font-weight: 400;\">Les offres de garde d'enfants et d'adolescents ont \u00e9t\u00e9 consid\u00e9rablement \u00e9largies. Gr\u00e2ce \u00e0 la collaboration de l'administration municipale avec diff\u00e9rents partenaires, des programmes suppl\u00e9mentaires ont \u00e9t\u00e9 mis en place pour r\u00e9pondre aux besoins des familles. Par exemple, des projets tels que les jeux de vacances d'\u00e9t\u00e9 dans le parc naturel de Cyperus ont offert aux enfants la possibilit\u00e9 de passer leurs vacances dans un environnement proche de la nature. En outre, nous, les VERTS, nous nous sommes engag\u00e9s \u00e0 int\u00e9grer les offres de vacances dans le programme de vacances urbain afin de garantir une meilleure vue d\u2019ensemble et une meilleure accessibilit\u00e9 pour toutes les familles, quels que soient leurs revenus ou leur situation de vie.<\/span><\/p>\n<\/div><\/div><\/div><\/div><\/div><div class=\"w-tabs-section has_text_color\" id=\"na98\" style=\"background:var(--color-header-transparent-text);color:var(--color-header-top-text-hover);\"><button class=\"w-tabs-section-header\" aria-controls=\"content-na98\" aria-expanded=\"false\"><div class=\"w-tabs-section-title\">L'offre de travail social \u00e0 l'\u00e9cole a \u00e9t\u00e9 renforc\u00e9e dans les \u00e9coles<\/div><div class=\"w-tabs-section-control\"><\/div><\/button><div  class=\"w-tabs-section-content\" id=\"content-na98\"><div class=\"w-tabs-section-content-h i-cf\"><div class=\"wpb_text_column\"><div class=\"wpb_wrapper\"><p><span style=\"font-weight: 400;\">Nous avons consid\u00e9rablement renforc\u00e9 le travail social scolaire \u00e0 Wiesbaden: Depuis 2025, des travailleurs sociaux professionnels sont pr\u00e9sents dans toutes les \u00e9coles primaires et secondaires, les \u00e9coles int\u00e9gr\u00e9es et les \u00e9coles professionnelles. Ils sont des interlocuteurs directs pour les \u00e9l\u00e8ves, les parents et les enseignants, qu\u2019il s\u2019agisse de d\u00e9fis scolaires, sociaux ou personnels. Le travail social scolaire fournit un travail de pr\u00e9vention, soutient en cas de conflits et de crises et favorise le d\u00e9veloppement social des enfants et des jeunes. La pr\u00e9sence g\u00e9n\u00e9ralis\u00e9e dans les \u00e9coles contribue \u00e0 accro\u00eetre l\u2019\u00e9galit\u00e9 des chances, \u00e0 renforcer la coh\u00e9sion et \u00e0 offrir aux enfants un environnement d\u2019apprentissage s\u00fbr et favorable.<\/span><\/p>\n<\/div><\/div><\/div><\/div><\/div><div class=\"w-tabs-section has_text_color\" id=\"nbae\" style=\"background:var(--color-header-transparent-text);color:var(--color-header-top-text-hover);\"><button class=\"w-tabs-section-header\" aria-controls=\"content-nbae\" aria-expanded=\"false\"><div class=\"w-tabs-section-title\">Centre d'information pour la jeunesse (JIZ) en tant que point de contact unique pour les jeunes<\/div><div class=\"w-tabs-section-control\"><\/div><\/button><div  class=\"w-tabs-section-content\" id=\"content-nbae\"><div class=\"w-tabs-section-content-h i-cf\"><div class=\"wpb_text_column\"><div class=\"wpb_wrapper\"><p><span style=\"font-weight: 400;\">Le nouveau guichet unique JIZ est bien plus qu'un simple point d'information. Ici, les jeunes re\u00e7oivent des conseils sur les possibilit\u00e9s de loisirs, les parcours de formation, les questions juridiques ou encore les probl\u00e8mes personnels. Le JIZ est donc un lieu o\u00f9 les jeunes trouvent facilement de l'aide lorsqu'ils en ont besoin.<\/span><\/p>\n<\/div><\/div><\/div><\/div><\/div><div class=\"w-tabs-section has_text_color\" id=\"mce0\" style=\"background:var(--color-header-transparent-text);color:var(--color-header-top-text-hover);\"><button class=\"w-tabs-section-header\" aria-controls=\"content-mce0\" aria-expanded=\"false\"><div class=\"w-tabs-section-title\">Agrandissement d'espaces sportifs et de loisirs gratuits<\/div><div class=\"w-tabs-section-control\"><\/div><\/button><div  class=\"w-tabs-section-content\" id=\"content-mce0\"><div class=\"w-tabs-section-content-h i-cf\"><div class=\"wpb_text_column\"><div class=\"wpb_wrapper\"><p><span style=\"font-weight: 400;\">Des terrains de boulons ont \u00e9t\u00e9 r\u00e9nov\u00e9s et de nouvelles installations ont \u00e9t\u00e9 cr\u00e9\u00e9es, par exemple pour la calisthenics ou le patinage, comme par exemple sur le grue Sand \u00e0 Mayence-Kastel. Nous voulons offrir des possibilit\u00e9s dans la ville pour faire du sport et faire de l'exercice gratuitement.<\/span><\/p>\n<\/div><\/div><\/div><\/div><\/div><div class=\"w-tabs-section has_text_color\" id=\"mdf9\" style=\"background:var(--color-header-transparent-text);color:var(--color-header-top-text-hover);\"><button class=\"w-tabs-section-header\" aria-controls=\"content-mdf9\" aria-expanded=\"false\"><div class=\"w-tabs-section-title\">Billet WI15<\/div><div class=\"w-tabs-section-control\"><\/div><\/button><div  class=\"w-tabs-section-content\" id=\"content-mdf9\"><div class=\"w-tabs-section-content-h i-cf\"><div class=\"wpb_text_column\"><div class=\"wpb_wrapper\"><p><span style=\"font-weight: 400;\">Les enfants et les adolescents de Wiesbaden peuvent vivre jusqu'\u00e0 18 ans. Anniversaire utiliser les transports en commun dans toute la Hesse et Mayence pour seulement 15 \u20ac par mois. Les familles \u00e0 faible revenu ne paient que 10 \u20ac. Malgr\u00e9 l'augmentation r\u00e9cente du billet \u00e9tudiant r\u00e9gulier Hesse par le RMV \u00e0 environ 32 \u20ac par mois, la ville de Wiesbaden maintient le prix du billet WI15 stable. Ainsi, les familles sont soulag\u00e9es de mani\u00e8re cibl\u00e9e en p\u00e9riode d'inflation et de hausse du co\u00fbt de la vie.<\/span><\/p>\n<\/div><\/div><\/div><\/div><\/div><div class=\"w-tabs-section has_text_color\" id=\"sf0d\" style=\"background:var(--color-header-transparent-text);color:var(--color-header-top-text-hover);\"><button class=\"w-tabs-section-header\" aria-controls=\"content-sf0d\" aria-expanded=\"false\"><div class=\"w-tabs-section-title\">Baignade gratuite pendant les vacances<\/div><div class=\"w-tabs-section-control\"><\/div><\/button><div  class=\"w-tabs-section-content\" id=\"content-sf0d\"><div class=\"w-tabs-section-content-h i-cf\"><div class=\"wpb_text_column\"><div class=\"wpb_wrapper\"><p><span style=\"font-weight: 400;\">Depuis d\u00e9cembre 2023, les enfants et les jeunes jusqu'\u00e0 18 ans peuvent nager gratuitement dans de nombreuses piscines de Wiesbaden pendant toutes les vacances scolaires en Hesse.<\/span><\/p>\n<\/div><\/div><\/div><\/div><\/div><div class=\"w-tabs-section has_text_color\" id=\"s03f\" style=\"background:var(--color-header-transparent-text);color:var(--color-header-top-text-hover);\"><button class=\"w-tabs-section-header\" aria-controls=\"content-s03f\" aria-expanded=\"false\"><div class=\"w-tabs-section-title\">Plus de s\u00e9curit\u00e9 et moins de bruit dans le centre-ville<\/div><div class=\"w-tabs-section-control\"><\/div><\/button><div  class=\"w-tabs-section-content\" id=\"content-s03f\"><div class=\"w-tabs-section-content-h i-cf\"><div class=\"wpb_text_column\"><div class=\"wpb_wrapper\"><p><span style=\"font-weight: 400;\">La vitesse 40 sur les routes principales et plus de zones 30 sur les routes secondaires signifient plus de s\u00e9curit\u00e9, en particulier pour les enfants qui traversent les routes \u00e0 pied ou \u00e0 v\u00e9lo. Dans le m\u00eame temps, la pollution sonore diminue pour tous, ce qui am\u00e9liore la qualit\u00e9 de vie et prot\u00e8ge notre sant\u00e9.<\/span><\/p>\n<\/div><\/div><\/div><\/div><\/div><div class=\"w-tabs-section has_text_color\" id=\"v156\" style=\"background:var(--color-header-transparent-text);color:var(--color-header-top-text-hover);\"><button class=\"w-tabs-section-header\" aria-controls=\"content-v156\" aria-expanded=\"false\"><div class=\"w-tabs-section-title\">D\u00e9velopper des pistes cyclables s\u00fbres<\/div><div class=\"w-tabs-section-control\"><\/div><\/button><div  class=\"w-tabs-section-content\" id=\"content-v156\"><div class=\"w-tabs-section-content-h i-cf\"><div class=\"wpb_text_column\"><div class=\"wpb_wrapper\"><p><span style=\"font-weight: 400;\">Des pistes cyclables s\u00fbres facilitent, en particulier pour les enfants, les trajets scolaires autonomes et moins risqu\u00e9s, ainsi que les trajets quotidiens autonomes. C'est pourquoi nous avons transform\u00e9, par exemple, deux rues proches de l'\u00e9cole, la Lessingstra\u00dfe et la Mosbacher Stra\u00dfe en pistes cyclables. L'exemple de la piste cyclable de Rheinwiesen montre \u00e9galement que l'infrastructure est planifi\u00e9e de mani\u00e8re cibl\u00e9e afin que m\u00eame les jeunes cyclistes puissent l'utiliser en toute s\u00e9curit\u00e9 pendant leurs loisirs ou sur le chemin de l'\u00e9cole.<\/span><\/p>\n<\/div><\/div><\/div><\/div><\/div><div class=\"w-tabs-section has_text_color\" id=\"d26d\" style=\"background:var(--color-header-transparent-text);color:var(--color-header-top-text-hover);\"><button class=\"w-tabs-section-header\" aria-controls=\"content-d26d\" aria-expanded=\"false\"><div class=\"w-tabs-section-title\">Des aires de jeux modernes pour une ville adapt\u00e9e aux familles<\/div><div class=\"w-tabs-section-control\"><\/div><\/button><div  class=\"w-tabs-section-content\" id=\"content-d26d\"><div class=\"w-tabs-section-content-h i-cf\"><div class=\"wpb_text_column\"><div class=\"wpb_wrapper\"><p><span style=\"font-weight: 400;\">Nous rendons Wiesbaden apte pour les familles: Avec le concept de d\u00e9veloppement d'aires de jeux, nous cr\u00e9ons des lieux modernes, s\u00fbrs et inclusifs pour jouer et rencontrer toutes les g\u00e9n\u00e9rations. De nombreuses installations telles que la Hohenloheplatz, la Bolzplatz Bertramstra\u00dfe, le parc du ch\u00e2teau de Biebrich, la Quellbornstra\u00dfe et la Wallufer Platz ont d\u00e9j\u00e0 \u00e9t\u00e9 r\u00e9am\u00e9nag\u00e9es ou sont en cours de r\u00e9alisation. De nouvelles offres, telles que l\u2019aire de jeux aquatique de la Luisenplatz, apportent \u00e9galement plus de joie et de mouvement \u00e0 nos quartiers \u2013 pour un bain de prairie qui offre aux enfants un espace de d\u00e9couverte et aux familles des lieux de rassemblement.<\/span><\/p>\n<\/div><\/div><\/div><\/div><\/div><div class=\"w-tabs-section has_text_color\" id=\"z386\" style=\"background:var(--color-header-transparent-text);color:var(--color-header-top-text-hover);\"><button class=\"w-tabs-section-header\" aria-controls=\"content-z386\" aria-expanded=\"false\"><div class=\"w-tabs-section-title\">Des rues et des places s\u00fbres et vivantes<\/div><div class=\"w-tabs-section-control\"><\/div><\/button><div  class=\"w-tabs-section-content\" id=\"content-z386\"><div class=\"w-tabs-section-content-h i-cf\"><div class=\"wpb_text_column\"><div class=\"wpb_wrapper\"><p><span style=\"font-weight: 400;\">Nous concevons les rues et les places de Wiesbaden de mani\u00e8re \u00e0 ce qu'elles soient s\u00fbres, vertes et dignes d'\u00eatre v\u00e9cues et qu'elles invitent \u00e0 un s\u00e9jour plus long. Les transformations de la Sedanplatz et de la Gerichtsstra\u00dfe sont termin\u00e9es, suivies d'autres projets tels que la B\u00fclowplatz, la Wallufer Platz, la Yorckstra\u00dfe, la Schwalbacher Stra\u00dfe et le parc alsacien. Des espaces verts, une meilleure qualit\u00e9 de s\u00e9jour et des chemins s\u00fbrs cr\u00e9ent des endroits o\u00f9 les familles se sentent \u00e0 l'aise. Avec l'extension de la rue pi\u00e9tonne Wellritzstra\u00dfe et la revalorisation de nombreuses places de quartier, nous faisons de la ville un endroit o\u00f9 les enfants peuvent se d\u00e9placer et jouer librement et en toute s\u00e9curit\u00e9 pr\u00e8s de leur lieu de r\u00e9sidence, m\u00eame dans la zone urbaine.<\/span><\/p>\n<\/div><\/div><\/div><\/div><\/div><div class=\"w-tabs-section has_text_color\" id=\"t4ff\" style=\"background:var(--color-header-transparent-text);color:var(--color-header-top-text-hover);\"><button class=\"w-tabs-section-header\" aria-controls=\"content-t4ff\" aria-expanded=\"false\"><div class=\"w-tabs-section-title\">Loisirs, nature et culture pour toutes les g\u00e9n\u00e9rations<\/div><div class=\"w-tabs-section-control\"><\/div><\/button><div  class=\"w-tabs-section-content\" id=\"content-t4ff\"><div class=\"w-tabs-section-content-h i-cf\"><div class=\"wpb_text_column\"><div class=\"wpb_wrapper\"><p><span style=\"font-weight: 400;\">La convivialit\u00e9 familiale se manifeste \u00e9galement dans les loisirs et la culture. La faisanerie a \u00e9t\u00e9 agrandie pour devenir le parc de l'Arche, le parc culturel a \u00e9t\u00e9 agrandi et con\u00e7u pour les familles avec des toilettes et des fontaines \u00e0 eau. Le Play Fountain sur la Luisenplatz, une nouvelle aire de jeux aquatiques dans les installations de Reisingen, qui devrait entrer en service en 2025, et des \u00e9v\u00e9nements tels que Wiesbaden on Ice, le march\u00e9 aux \u00e9toiles filantes pour enfants ou le Playmobil, qui est utilis\u00e9 dans diff\u00e9rents endroits, offrent joie et rencontre pour petits et grands.<\/span><\/p>\n<\/div><\/div><\/div><\/div><\/div><\/div><\/div><div class=\"w-separator size_medium\"><\/div><div class=\"w-btn-wrapper align_left\"><a class=\"w-btn us-btn-style_8 icon_atleft\" href=\"https:\/\/gruene-wiesbaden.de\/fr\/kommunalwahl\/#Kapitel2\"><i class=\"fas fa-chevron-circle-right\"><\/i><span class=\"w-btn-label\">Retour \u00e0 la vue d'ensemble<\/span><\/a><\/div><div class=\"w-separator size_large\"><\/div><\/div><\/div><\/div><\/div><\/section>","protected":false},"excerpt":{"rendered":"Enfants, familles et familles monoparentalesLes enfants sont notre avenir et ont droit \u00e0 de bonnes conditions de vie, quelle que soit l'origine sociale de leur famille. La pauvret\u00e9 des enfants est un probl\u00e8me structurel qui touche particuli\u00e8rement les femmes c\u00e9libataires et les familles nombreuses. La conciliation de la vie familiale et de la vie professionnelle reste un d\u00e9fi de soci\u00e9t\u00e9. Les enfants ont leurs propres droits et doivent \u00eatre impliqu\u00e9s dans les processus d\u00e9mocratiques de formation de la volont\u00e9.","protected":false},"author":1,"featured_media":1491,"comment_status":"closed","ping_status":"closed","sticky":false,"template":"","format":"standard","meta":{"footnotes":""},"categories":[15],"tags":[],"class_list":["post-1366","post","type-post","status-publish","format-standard","has-post-thumbnail","hentry","category-kapitel-2"],"yoast_head":"<!-- This site is optimized with the Yoast SEO plugin v27.5 - https:\/\/yoast.com\/product\/yoast-seo-wordpress\/ -->\n<title>Kinder, Familien und Alleinerziehende - B\u00dcNDNIS 90\/DIE GR\u00dcNEN Wiesbaden<\/title>\n<meta name=\"robots\" content=\"index, follow, max-snippet:-1, max-image-preview:large, max-video-preview:-1\" \/>\n<link rel=\"canonical\" href=\"https:\/\/gruene-wiesbaden.de\/fr\/kinder-familien-und-alleinerziehende\/\" \/>\n<meta property=\"og:locale\" content=\"fr_FR\" \/>\n<meta property=\"og:type\" content=\"article\" \/>\n<meta property=\"og:title\" content=\"Kinder, Familien und Alleinerziehende - B\u00dcNDNIS 90\/DIE GR\u00dcNEN Wiesbaden\" \/>\n<meta property=\"og:url\" content=\"https:\/\/gruene-wiesbaden.de\/fr\/kinder-familien-und-alleinerziehende\/\" \/>\n<meta property=\"og:site_name\" content=\"B\u00dcNDNIS 90\/DIE GR\u00dcNEN Wiesbaden\" \/>\n<meta property=\"article:publisher\" content=\"https:\/\/www.facebook.com\/gruene.wi\" \/>\n<meta property=\"article:published_time\" content=\"2025-11-09T22:18:23+00:00\" \/>\n<meta property=\"article:modified_time\" content=\"2026-04-09T08:38:51+00:00\" \/>\n<meta property=\"og:image\" content=\"https:\/\/gruene-wiesbaden.de\/wp-content\/uploads\/2025\/11\/2.8-Kinder-Familien-und-Alleinerziehende-scaled.jpg\" \/>\n\t<meta property=\"og:image:width\" content=\"2560\" \/>\n\t<meta property=\"og:image:height\" content=\"1707\" \/>\n\t<meta property=\"og:image:type\" content=\"image\/jpeg\" \/>\n<meta name=\"author\" content=\"admin\" \/>\n<meta name=\"twitter:card\" content=\"summary_large_image\" \/>\n<meta name=\"twitter:label1\" content=\"\u00c9crit par\" \/>\n\t<meta name=\"twitter:data1\" content=\"admin\" \/>\n\t<meta name=\"twitter:label2\" content=\"Dur\u00e9e de lecture estim\u00e9e\" \/>\n\t<meta name=\"twitter:data2\" content=\"10 minutes\" \/>\n<script type=\"application\/ld+json\" class=\"yoast-schema-graph\">{\"@context\":\"https:\\\/\\\/schema.org\",\"@graph\":[{\"@type\":\"Article\",\"@id\":\"https:\\\/\\\/gruene-wiesbaden.de\\\/kinder-familien-und-alleinerziehende\\\/#article\",\"isPartOf\":{\"@id\":\"https:\\\/\\\/gruene-wiesbaden.de\\\/kinder-familien-und-alleinerziehende\\\/\"},\"author\":{\"name\":\"admin\",\"@id\":\"https:\\\/\\\/gruene-wiesbaden.de\\\/#\\\/schema\\\/person\\\/6785c34779159cd4fd86886bb097afe9\"},\"headline\":\"Kinder, Familien und Alleinerziehende\",\"datePublished\":\"2025-11-09T22:18:23+00:00\",\"dateModified\":\"2026-04-09T08:38:51+00:00\",\"mainEntityOfPage\":{\"@id\":\"https:\\\/\\\/gruene-wiesbaden.de\\\/kinder-familien-und-alleinerziehende\\\/\"},\"wordCount\":2989,\"publisher\":{\"@id\":\"https:\\\/\\\/gruene-wiesbaden.de\\\/#organization\"},\"image\":{\"@id\":\"https:\\\/\\\/gruene-wiesbaden.de\\\/kinder-familien-und-alleinerziehende\\\/#primaryimage\"},\"thumbnailUrl\":\"https:\\\/\\\/gruene-wiesbaden.de\\\/wp-content\\\/uploads\\\/2025\\\/11\\\/2.8-Kinder-Familien-und-Alleinerziehende-scaled.jpg\",\"articleSection\":[\"Kapitel 2\"],\"inLanguage\":\"fr-FR\"},{\"@type\":\"WebPage\",\"@id\":\"https:\\\/\\\/gruene-wiesbaden.de\\\/kinder-familien-und-alleinerziehende\\\/\",\"url\":\"https:\\\/\\\/gruene-wiesbaden.de\\\/kinder-familien-und-alleinerziehende\\\/\",\"name\":\"Kinder, Familien und Alleinerziehende - B\u00dcNDNIS 90\\\/DIE GR\u00dcNEN Wiesbaden\",\"isPartOf\":{\"@id\":\"https:\\\/\\\/gruene-wiesbaden.de\\\/#website\"},\"primaryImageOfPage\":{\"@id\":\"https:\\\/\\\/gruene-wiesbaden.de\\\/kinder-familien-und-alleinerziehende\\\/#primaryimage\"},\"image\":{\"@id\":\"https:\\\/\\\/gruene-wiesbaden.de\\\/kinder-familien-und-alleinerziehende\\\/#primaryimage\"},\"thumbnailUrl\":\"https:\\\/\\\/gruene-wiesbaden.de\\\/wp-content\\\/uploads\\\/2025\\\/11\\\/2.8-Kinder-Familien-und-Alleinerziehende-scaled.jpg\",\"datePublished\":\"2025-11-09T22:18:23+00:00\",\"dateModified\":\"2026-04-09T08:38:51+00:00\",\"breadcrumb\":{\"@id\":\"https:\\\/\\\/gruene-wiesbaden.de\\\/kinder-familien-und-alleinerziehende\\\/#breadcrumb\"},\"inLanguage\":\"fr-FR\",\"potentialAction\":[{\"@type\":\"ReadAction\",\"target\":[\"https:\\\/\\\/gruene-wiesbaden.de\\\/kinder-familien-und-alleinerziehende\\\/\"]}]},{\"@type\":\"ImageObject\",\"inLanguage\":\"fr-FR\",\"@id\":\"https:\\\/\\\/gruene-wiesbaden.de\\\/kinder-familien-und-alleinerziehende\\\/#primaryimage\",\"url\":\"https:\\\/\\\/gruene-wiesbaden.de\\\/wp-content\\\/uploads\\\/2025\\\/11\\\/2.8-Kinder-Familien-und-Alleinerziehende-scaled.jpg\",\"contentUrl\":\"https:\\\/\\\/gruene-wiesbaden.de\\\/wp-content\\\/uploads\\\/2025\\\/11\\\/2.8-Kinder-Familien-und-Alleinerziehende-scaled.jpg\",\"width\":2560,\"height\":1707},{\"@type\":\"BreadcrumbList\",\"@id\":\"https:\\\/\\\/gruene-wiesbaden.de\\\/kinder-familien-und-alleinerziehende\\\/#breadcrumb\",\"itemListElement\":[{\"@type\":\"ListItem\",\"position\":1,\"name\":\"Startseite\",\"item\":\"https:\\\/\\\/gruene-wiesbaden.de\\\/\"},{\"@type\":\"ListItem\",\"position\":2,\"name\":\"Kinder, Familien und Alleinerziehende\"}]},{\"@type\":\"WebSite\",\"@id\":\"https:\\\/\\\/gruene-wiesbaden.de\\\/#website\",\"url\":\"https:\\\/\\\/gruene-wiesbaden.de\\\/\",\"name\":\"DIE GR\u00dcNEN Wiesbaden\",\"description\":\"\",\"publisher\":{\"@id\":\"https:\\\/\\\/gruene-wiesbaden.de\\\/#organization\"},\"potentialAction\":[{\"@type\":\"SearchAction\",\"target\":{\"@type\":\"EntryPoint\",\"urlTemplate\":\"https:\\\/\\\/gruene-wiesbaden.de\\\/?s={search_term_string}\"},\"query-input\":{\"@type\":\"PropertyValueSpecification\",\"valueRequired\":true,\"valueName\":\"search_term_string\"}}],\"inLanguage\":\"fr-FR\"},{\"@type\":\"Organization\",\"@id\":\"https:\\\/\\\/gruene-wiesbaden.de\\\/#organization\",\"name\":\"DIE GR\u00dcNEN Wiesbaden\",\"url\":\"https:\\\/\\\/gruene-wiesbaden.de\\\/\",\"logo\":{\"@type\":\"ImageObject\",\"inLanguage\":\"fr-FR\",\"@id\":\"https:\\\/\\\/gruene-wiesbaden.de\\\/#\\\/schema\\\/logo\\\/image\\\/\",\"url\":\"https:\\\/\\\/gruene-wiesbaden-fuer-europa.de\\\/wp-content\\\/uploads\\\/2024\\\/04\\\/Machen-was-zaehlt-5.png\",\"contentUrl\":\"https:\\\/\\\/gruene-wiesbaden-fuer-europa.de\\\/wp-content\\\/uploads\\\/2024\\\/04\\\/Machen-was-zaehlt-5.png\",\"width\":1772,\"height\":1772,\"caption\":\"DIE GR\u00dcNEN Wiesbaden\"},\"image\":{\"@id\":\"https:\\\/\\\/gruene-wiesbaden.de\\\/#\\\/schema\\\/logo\\\/image\\\/\"},\"sameAs\":[\"https:\\\/\\\/www.facebook.com\\\/gruene.wi\",\"https:\\\/\\\/instagram.com\\\/gruene_wi\"]},{\"@type\":\"Person\",\"@id\":\"https:\\\/\\\/gruene-wiesbaden.de\\\/#\\\/schema\\\/person\\\/6785c34779159cd4fd86886bb097afe9\",\"name\":\"admin\",\"sameAs\":[\"http:\\\/\\\/gruene-wiesbaden-fuer-europa.de\"],\"url\":\"https:\\\/\\\/gruene-wiesbaden.de\\\/fr\\\/author\\\/admin\\\/\"}]}<\/script>\n<!-- \/ Yoast SEO plugin. -->","yoast_head_json":{"title":"Kinder, Familien und Alleinerziehende - B\u00dcNDNIS 90\/DIE GR\u00dcNEN Wiesbaden","robots":{"index":"index","follow":"follow","max-snippet":"max-snippet:-1","max-image-preview":"max-image-preview:large","max-video-preview":"max-video-preview:-1"},"canonical":"https:\/\/gruene-wiesbaden.de\/fr\/kinder-familien-und-alleinerziehende\/","og_locale":"fr_FR","og_type":"article","og_title":"Kinder, Familien und Alleinerziehende - B\u00dcNDNIS 90\/DIE GR\u00dcNEN Wiesbaden","og_url":"https:\/\/gruene-wiesbaden.de\/fr\/kinder-familien-und-alleinerziehende\/","og_site_name":"B\u00dcNDNIS 90\/DIE GR\u00dcNEN Wiesbaden","article_publisher":"https:\/\/www.facebook.com\/gruene.wi","article_published_time":"2025-11-09T22:18:23+00:00","article_modified_time":"2026-04-09T08:38:51+00:00","og_image":[{"width":2560,"height":1707,"url":"https:\/\/gruene-wiesbaden.de\/wp-content\/uploads\/2025\/11\/2.8-Kinder-Familien-und-Alleinerziehende-scaled.jpg","type":"image\/jpeg"}],"author":"admin","twitter_card":"summary_large_image","twitter_misc":{"\u00c9crit par":"admin","Dur\u00e9e de lecture estim\u00e9e":"10 minutes"},"schema":{"@context":"https:\/\/schema.org","@graph":[{"@type":"Article","@id":"https:\/\/gruene-wiesbaden.de\/kinder-familien-und-alleinerziehende\/#article","isPartOf":{"@id":"https:\/\/gruene-wiesbaden.de\/kinder-familien-und-alleinerziehende\/"},"author":{"name":"admin","@id":"https:\/\/gruene-wiesbaden.de\/#\/schema\/person\/6785c34779159cd4fd86886bb097afe9"},"headline":"Kinder, Familien und Alleinerziehende","datePublished":"2025-11-09T22:18:23+00:00","dateModified":"2026-04-09T08:38:51+00:00","mainEntityOfPage":{"@id":"https:\/\/gruene-wiesbaden.de\/kinder-familien-und-alleinerziehende\/"},"wordCount":2989,"publisher":{"@id":"https:\/\/gruene-wiesbaden.de\/#organization"},"image":{"@id":"https:\/\/gruene-wiesbaden.de\/kinder-familien-und-alleinerziehende\/#primaryimage"},"thumbnailUrl":"https:\/\/gruene-wiesbaden.de\/wp-content\/uploads\/2025\/11\/2.8-Kinder-Familien-und-Alleinerziehende-scaled.jpg","articleSection":["Kapitel 2"],"inLanguage":"fr-FR"},{"@type":"WebPage","@id":"https:\/\/gruene-wiesbaden.de\/kinder-familien-und-alleinerziehende\/","url":"https:\/\/gruene-wiesbaden.de\/kinder-familien-und-alleinerziehende\/","name":"Kinder, Familien und Alleinerziehende - B\u00dcNDNIS 90\/DIE GR\u00dcNEN Wiesbaden","isPartOf":{"@id":"https:\/\/gruene-wiesbaden.de\/#website"},"primaryImageOfPage":{"@id":"https:\/\/gruene-wiesbaden.de\/kinder-familien-und-alleinerziehende\/#primaryimage"},"image":{"@id":"https:\/\/gruene-wiesbaden.de\/kinder-familien-und-alleinerziehende\/#primaryimage"},"thumbnailUrl":"https:\/\/gruene-wiesbaden.de\/wp-content\/uploads\/2025\/11\/2.8-Kinder-Familien-und-Alleinerziehende-scaled.jpg","datePublished":"2025-11-09T22:18:23+00:00","dateModified":"2026-04-09T08:38:51+00:00","breadcrumb":{"@id":"https:\/\/gruene-wiesbaden.de\/kinder-familien-und-alleinerziehende\/#breadcrumb"},"inLanguage":"fr-FR","potentialAction":[{"@type":"ReadAction","target":["https:\/\/gruene-wiesbaden.de\/kinder-familien-und-alleinerziehende\/"]}]},{"@type":"ImageObject","inLanguage":"fr-FR","@id":"https:\/\/gruene-wiesbaden.de\/kinder-familien-und-alleinerziehende\/#primaryimage","url":"https:\/\/gruene-wiesbaden.de\/wp-content\/uploads\/2025\/11\/2.8-Kinder-Familien-und-Alleinerziehende-scaled.jpg","contentUrl":"https:\/\/gruene-wiesbaden.de\/wp-content\/uploads\/2025\/11\/2.8-Kinder-Familien-und-Alleinerziehende-scaled.jpg","width":2560,"height":1707},{"@type":"BreadcrumbList","@id":"https:\/\/gruene-wiesbaden.de\/kinder-familien-und-alleinerziehende\/#breadcrumb","itemListElement":[{"@type":"ListItem","position":1,"name":"Startseite","item":"https:\/\/gruene-wiesbaden.de\/"},{"@type":"ListItem","position":2,"name":"Kinder, Familien und Alleinerziehende"}]},{"@type":"WebSite","@id":"https:\/\/gruene-wiesbaden.de\/#website","url":"https:\/\/gruene-wiesbaden.de\/","name":"DIE GR\u00dcNEN Wiesbaden","description":"","publisher":{"@id":"https:\/\/gruene-wiesbaden.de\/#organization"},"potentialAction":[{"@type":"SearchAction","target":{"@type":"EntryPoint","urlTemplate":"https:\/\/gruene-wiesbaden.de\/?s={search_term_string}"},"query-input":{"@type":"PropertyValueSpecification","valueRequired":true,"valueName":"search_term_string"}}],"inLanguage":"fr-FR"},{"@type":"Organization","@id":"https:\/\/gruene-wiesbaden.de\/#organization","name":"DIE GR\u00dcNEN Wiesbaden","url":"https:\/\/gruene-wiesbaden.de\/","logo":{"@type":"ImageObject","inLanguage":"fr-FR","@id":"https:\/\/gruene-wiesbaden.de\/#\/schema\/logo\/image\/","url":"https:\/\/gruene-wiesbaden-fuer-europa.de\/wp-content\/uploads\/2024\/04\/Machen-was-zaehlt-5.png","contentUrl":"https:\/\/gruene-wiesbaden-fuer-europa.de\/wp-content\/uploads\/2024\/04\/Machen-was-zaehlt-5.png","width":1772,"height":1772,"caption":"DIE GR\u00dcNEN Wiesbaden"},"image":{"@id":"https:\/\/gruene-wiesbaden.de\/#\/schema\/logo\/image\/"},"sameAs":["https:\/\/www.facebook.com\/gruene.wi","https:\/\/instagram.com\/gruene_wi"]},{"@type":"Person","@id":"https:\/\/gruene-wiesbaden.de\/#\/schema\/person\/6785c34779159cd4fd86886bb097afe9","name":"admin","sameAs":["http:\/\/gruene-wiesbaden-fuer-europa.de"],"url":"https:\/\/gruene-wiesbaden.de\/fr\/author\/admin\/"}]}},"_links":{"self":[{"href":"https:\/\/gruene-wiesbaden.de\/fr\/wp-json\/wp\/v2\/posts\/1366","targetHints":{"allow":["GET"]}}],"collection":[{"href":"https:\/\/gruene-wiesbaden.de\/fr\/wp-json\/wp\/v2\/posts"}],"about":[{"href":"https:\/\/gruene-wiesbaden.de\/fr\/wp-json\/wp\/v2\/types\/post"}],"author":[{"embeddable":true,"href":"https:\/\/gruene-wiesbaden.de\/fr\/wp-json\/wp\/v2\/users\/1"}],"replies":[{"embeddable":true,"href":"https:\/\/gruene-wiesbaden.de\/fr\/wp-json\/wp\/v2\/comments?post=1366"}],"version-history":[{"count":7,"href":"https:\/\/gruene-wiesbaden.de\/fr\/wp-json\/wp\/v2\/posts\/1366\/revisions"}],"predecessor-version":[{"id":2396,"href":"https:\/\/gruene-wiesbaden.de\/fr\/wp-json\/wp\/v2\/posts\/1366\/revisions\/2396"}],"wp:featuredmedia":[{"embeddable":true,"href":"https:\/\/gruene-wiesbaden.de\/fr\/wp-json\/wp\/v2\/media\/1491"}],"wp:attachment":[{"href":"https:\/\/gruene-wiesbaden.de\/fr\/wp-json\/wp\/v2\/media?parent=1366"}],"wp:term":[{"taxonomy":"category","embeddable":true,"href":"https:\/\/gruene-wiesbaden.de\/fr\/wp-json\/wp\/v2\/categories?post=1366"},{"taxonomy":"post_tag","embeddable":true,"href":"https:\/\/gruene-wiesbaden.de\/fr\/wp-json\/wp\/v2\/tags?post=1366"}],"curies":[{"name":"wp","href":"https:\/\/api.w.org\/{rel}","templated":true}]}}