{"id":1357,"date":"2025-11-10T00:14:08","date_gmt":"2025-11-09T22:14:08","guid":{"rendered":"https:\/\/gruene-wiesbaden.de\/?p=1357"},"modified":"2026-04-09T10:33:03","modified_gmt":"2026-04-09T08:33:03","slug":"sicherheit-und-schutz-vor-gewalt","status":"publish","type":"post","link":"https:\/\/gruene-wiesbaden.de\/fr\/sicherheit-und-schutz-vor-gewalt\/","title":{"rendered":"S\u00e9curit\u00e9 et protection contre la violence"},"content":{"rendered":"<section class=\"l-section wpb_row height_medium with_img\"><div class=\"l-section-img\" role=\"img\" data-img-width=\"1080\" data-img-height=\"800\" style=\"background-image: url(https:\/\/gruene-wiesbaden.de\/wp-content\/uploads\/2025\/11\/neuer-Verlauf-gruene-wiesbaden.de_-2-e1762709402177.png);\"><\/div><div class=\"l-section-overlay\" style=\"background:var(--color-header-top-transparent-bg)\"><\/div><div class=\"l-section-h i-cf\"><div class=\"g-cols vc_row via_grid cols_1 laptops-cols_inherit tablets-cols_inherit mobiles-cols_1 valign_top type_default stacking_default\"><div class=\"wpb_column vc_column_container\"><div class=\"vc_column-inner\"><h1 class=\"w-post-elm post_title us_custom_a574d586 has_text_color entry-title\">S\u00e9curit\u00e9 et protection contre la violence<\/h1><div class=\"w-separator size_medium\"><\/div><div class=\"g-cols wpb_row via_grid cols_2-1 laptops-cols_inherit tablets-cols_inherit mobiles-cols_1 valign_top type_default stacking_default\" style=\"--columns-gap:3rem;\"><div class=\"wpb_column vc_column_container\"><div class=\"vc_column-inner\"><div class=\"wpb_text_column us_custom_8b3d6790 has_text_color\"><div class=\"wpb_wrapper\"><p><span style=\"font-weight: 400;\">Nous voulons que tous les habitants de Wiesbaden se sentent en s\u00e9curit\u00e9 et libres de toute discrimination et de toute violence, que ce soit sur le chemin du retour, \u00e0 l\u2019\u00e9cole ou dans l\u2019espace public. La s\u00e9curit\u00e9 signifie quelque chose de diff\u00e9rent pour tout le monde, c'est pourquoi nous pr\u00eatons attention aux perspectives des personnes qui font l'exp\u00e9rience de la discrimination, de la haine ou de l'exclusion. Il est particuli\u00e8rement important pour nous de renforcer les voix qui sont souvent ignor\u00e9es: Les personnes qui subissent des attaques racistes, antis\u00e9mites, x\u00e9nophobes, sexistes ou queer et transphobes.<\/span><\/p>\n<p><span style=\"font-weight: 400;\">La protection ne commence pas seulement par la police municipale et le bureau de l'ordre, mais par la confiance, des interlocuteurs accessibles, des espaces bien con\u00e7us et une coop\u00e9ration respectueuse. Nous nous engageons en faveur d\u2019une ville o\u00f9 la diversit\u00e9 est v\u00e9cue, o\u00f9 les personnes concern\u00e9es sont entendues et o\u00f9 la violence est combattue de mani\u00e8re coh\u00e9rente \u2013 pour une baignade s\u00fbre et solidaire \u00e0 Wiesbaden.<\/span><\/p>\n<\/div><\/div><div class=\"w-separator size_medium\"><\/div><div class=\"w-btn-wrapper align_left\"><a class=\"w-btn us-btn-style_8 icon_atleft\" href=\"https:\/\/gruene-wiesbaden.de\/fr\/kommunalwahl\/#Kapitel2\"><i class=\"fas fa-chevron-circle-right\"><\/i><span class=\"w-btn-label\">Retour \u00e0 la vue d'ensemble<\/span><\/a><\/div><\/div><\/div><div class=\"wpb_column vc_column_container\"><div class=\"vc_column-inner\"><div class=\"w-image align_center\"><div class=\"w-image-h\"><img decoding=\"async\" width=\"2048\" height=\"2560\" src=\"https:\/\/gruene-wiesbaden.de\/wp-content\/uploads\/2025\/11\/2.5-Sicherheit-und-Schutz-vor-Gewalt-scaled.jpg\" class=\"attachment-full size-full\" alt=\"\" loading=\"lazy\" srcset=\"https:\/\/gruene-wiesbaden.de\/wp-content\/uploads\/2025\/11\/2.5-Sicherheit-und-Schutz-vor-Gewalt-scaled.jpg 2048w, https:\/\/gruene-wiesbaden.de\/wp-content\/uploads\/2025\/11\/2.5-Sicherheit-und-Schutz-vor-Gewalt-320x400.jpg 320w, https:\/\/gruene-wiesbaden.de\/wp-content\/uploads\/2025\/11\/2.5-Sicherheit-und-Schutz-vor-Gewalt-480x600.jpg 480w\" sizes=\"auto, (max-width: 2048px) 100vw, 2048px\" \/><\/div><\/div><div class=\"w-separator size_small\"><\/div><\/div><\/div><\/div><div class=\"w-separator size_medium\"><\/div><div class=\"w-separator size_medium\"><\/div><div class=\"wpb_text_column us_custom_29deb344 has_text_color\"><div class=\"wpb_wrapper\"><h1>Ce que la s\u00e9curit\u00e9 et la protection contre la violence signifient pour nous<\/h1>\n<\/div><\/div><div class=\"w-separator size_large\"><\/div><div class=\"g-cols wpb_row via_grid cols_3 laptops-cols_inherit tablets-cols_inherit mobiles-cols_1 valign_top type_default stacking_default\" style=\"--columns-gap:3rem;\"><div class=\"wpb_column vc_column_container\"><div class=\"vc_column-inner\"><div class=\"w-iconbox us_custom_8b3d6790 has_text_color iconpos_left style_default color_custom align_left\"><div class=\"w-iconbox-icon\" style=\"font-size:2rem;--icon-color:#Ffffff;--icon-bg-color:var(--color-header-middle-bg);\"><i class=\"fas fa-layer-group\"><\/i><\/div><div class=\"w-iconbox-meta\"><h4 class=\"w-iconbox-title\" style=\"font-size:1.5rem;\">S\u00e9curit\u00e9 pour tous<\/h4><div class=\"w-iconbox-text\"><p><span style=\"font-weight: 400;\">Qui est \u00e0 quel point s\u00fbr ne doit pas d\u00e9pendre du sexe, de la sexualit\u00e9 ou de l'origine d'une personne. Wiesbaden doit \u00eatre une ville o\u00f9 tout le monde se sent en s\u00e9curit\u00e9.<\/span><\/p>\n<\/div><\/div><\/div><\/div><\/div><div class=\"wpb_column vc_column_container\"><div class=\"vc_column-inner\"><div class=\"w-iconbox us_custom_8b3d6790 has_text_color iconpos_left style_default color_custom align_left\"><div class=\"w-iconbox-icon\" style=\"font-size:2rem;--icon-color:#Ffffff;--icon-bg-color:var(--color-header-transparent-text);\"><i class=\"fas fa-layer-group\"><\/i><\/div><div class=\"w-iconbox-meta\"><h4 class=\"w-iconbox-title\" style=\"font-size:1.5rem;\">Surmonter la violence sexiste<\/h4><div class=\"w-iconbox-text\"><p><span style=\"font-weight: 400;\">Les femmes sont le plus grand groupe de personnes touch\u00e9es par la violence conjugale. Il est important d'y pr\u00eater une attention particuli\u00e8re.<\/span><\/p>\n<\/div><\/div><\/div><\/div><\/div><div class=\"wpb_column vc_column_container\"><div class=\"vc_column-inner\"><div class=\"w-iconbox us_custom_8b3d6790 has_text_color iconpos_left style_default color_custom align_left\"><div class=\"w-iconbox-icon\" style=\"font-size:2rem;--icon-color:#Ffffff;--icon-bg-color:var(--color-header-transparent-text);\"><i class=\"fas fa-layer-group\"><\/i><\/div><div class=\"w-iconbox-meta\"><h4 class=\"w-iconbox-title\" style=\"font-size:1.5rem;\">Des endroits plus s\u00fbrs gr\u00e2ce \u00e0 plus de vivacit\u00e9 et d'\u00e9clairage au lieu de plus de surveillance<\/h4><div class=\"w-iconbox-text\"><p><span style=\"font-weight: 400;\">Nous ne voulons pas cr\u00e9er la s\u00e9curit\u00e9 par une surveillance croissante, mais par des espaces publics vivants, bien \u00e9clair\u00e9s et accueillants.<\/span><\/p>\n<\/div><\/div><\/div><\/div><\/div><\/div><div class=\"w-separator size_medium\"><\/div><div class=\"g-cols wpb_row via_grid cols_3 laptops-cols_inherit tablets-cols_inherit mobiles-cols_1 valign_top type_default stacking_default\" style=\"--columns-gap:3rem;\"><div class=\"wpb_column vc_column_container\"><div class=\"vc_column-inner\"><div class=\"w-iconbox us_custom_8b3d6790 has_text_color iconpos_left style_default color_custom align_left\"><div class=\"w-iconbox-icon\" style=\"font-size:2rem;--icon-color:#Ffffff;--icon-bg-color:var(--color-header-middle-bg);\"><i class=\"fas fa-layer-group\"><\/i><\/div><div class=\"w-iconbox-meta\"><h4 class=\"w-iconbox-title\" style=\"font-size:1.5rem;\">Sensibilisation des autorit\u00e9s de r\u00e9glementation<\/h4><div class=\"w-iconbox-text\"><p><span style=\"font-weight: 400;\">Les autorit\u00e9s de maintien de l\u2019ordre renforcent la s\u00e9curit\u00e9 en sensibilisant \u00e0 la discrimination, en \u00e9changeant avec les repr\u00e9sentants d\u2019int\u00e9r\u00eats et en assurant la proximit\u00e9, cr\u00e9ant ainsi la confiance et la protection de tous les habitants de Wiesbaden.<\/span><\/p>\n<\/div><\/div><\/div><\/div><\/div><div class=\"wpb_column vc_column_container\"><div class=\"vc_column-inner\"><div class=\"w-iconbox us_custom_8b3d6790 has_text_color iconpos_left style_default color_custom align_left\"><div class=\"w-iconbox-icon\" style=\"font-size:2rem;--icon-color:#Ffffff;--icon-bg-color:var(--color-header-transparent-text);\"><i class=\"fas fa-layer-group\"><\/i><\/div><div class=\"w-iconbox-meta\"><h4 class=\"w-iconbox-title\" style=\"font-size:1.5rem;\">Police municipale proche des citoyens et bureau de l'ordre<\/h4><div class=\"w-iconbox-text\"><p><span style=\"font-weight: 400;\">Nous misons sur une police municipale juste et respectueuse ainsi que sur un bureau de l'ordre communal, qui travaillent tous deux sans discrimination, \u00e9coutent les personnes concern\u00e9es et offrent \u00e0 tous les habitants de Wiesbaden la s\u00e9curit\u00e9 et la libert\u00e9 de mouvement.<\/span><\/p>\n<\/div><\/div><\/div><\/div><\/div><div class=\"wpb_column vc_column_container\"><div class=\"vc_column-inner\"><\/div><\/div><\/div><div class=\"w-separator size_medium\"><\/div><div class=\"w-btn-wrapper align_left\"><a class=\"w-btn us-btn-style_8 icon_atleft\" href=\"https:\/\/gruene-wiesbaden.de\/fr\/kommunalwahl\/#Kapitel2\"><i class=\"fas fa-chevron-circle-right\"><\/i><span class=\"w-btn-label\">Retour \u00e0 la vue d'ensemble<\/span><\/a><\/div><div class=\"w-separator size_medium\"><\/div><\/div><\/div><\/div><\/div><\/section><section class=\"l-section wpb_row height_auto with_img\"><div class=\"l-section-img\" role=\"img\" data-img-width=\"2048\" data-img-height=\"2560\" style=\"background-image: url(https:\/\/gruene-wiesbaden.de\/wp-content\/uploads\/2025\/11\/2.5-Sicherheit-und-Schutz-vor-Gewalt-scaled.jpg);background-repeat: no-repeat;\"><\/div><div class=\"l-section-overlay\" style=\"background:var(--color-header-top-transparent-bg)\"><\/div><div class=\"l-section-h i-cf\"><div class=\"g-cols vc_row via_grid cols_1 laptops-cols_inherit tablets-cols_inherit mobiles-cols_1 valign_middle type_default stacking_default\" style=\"--columns-gap:1rem;\"><div class=\"wpb_column vc_column_container\"><div class=\"vc_column-inner\"><div class=\"w-separator size_large\"><\/div><div class=\"wpb_text_column background_inside_text\"><div class=\"wpb_wrapper\"><h1>Ce que nous voulons concr\u00e8tement faire dans ce domaine<\/h1>\n<\/div><\/div><div class=\"w-separator size_medium\"><\/div><div class=\"w-tabs us_custom_42d693a0 has_text_color style_default switch_click accordion has_scrolling\" style=\"--sections-title-size:1.4rem\"><div class=\"w-tabs-sections titles-align_none icon_chevron cpos_right\"><div class=\"w-tabs-section has_text_color\" id=\"v099\" style=\"background:var(--color-header-transparent-text);color:var(--color-header-top-text-hover);\"><button class=\"w-tabs-section-header\" aria-controls=\"content-v099\" aria-expanded=\"false\"><div class=\"w-tabs-section-title\">Assurer la s\u00e9curit\u00e9 des espaces publics sans vid\u00e9osurveillance<\/div><div class=\"w-tabs-section-control\"><\/div><\/button><div  class=\"w-tabs-section-content\" id=\"content-v099\"><div class=\"w-tabs-section-content-h i-cf\"><div class=\"wpb_text_column\"><div class=\"wpb_wrapper\"><p><span style=\"font-weight: 400;\">Nous, les VERTS, voulons rendre les lieux publics de Wiesbaden vivants, s\u00fbrs et accueillants. Nous renfor\u00e7ons la s\u00e9curit\u00e9 et la coh\u00e9sion dans tous les quartiers de la ville gr\u00e2ce \u00e0 des manques d'espace, \u00e0 des organismes sociaux et \u00e0 la promotion cibl\u00e9e d'institutions de jeunesse. Les espaces publics doivent \u00eatre bien \u00e9clair\u00e9s, accessibles et accessibles.<\/span><\/p>\n<p><span style=\"font-weight: 400;\">Nous refusons l'extension de l'observation vid\u00e9o; La s\u00e9curit\u00e9 na\u00eet des lieux vivants et de la pr\u00e9sence sociale. Nous rendons plus attrayants les lieux qui sont aujourd\u2019hui per\u00e7us comme peu s\u00fbrs gr\u00e2ce \u00e0 de nouvelles possibilit\u00e9s d\u2019utilisation, telles que la gastronomie, les offres culturelles ou les lieux de rencontre collectifs. Cela cr\u00e9e des espaces o\u00f9 les gens aiment se r\u00e9unir, o\u00f9 la diversit\u00e9 de la vie urbaine devient visible et o\u00f9 la s\u00e9curit\u00e9 sociale augmente. Un bon exemple est la place Maurice.<\/span><\/p>\n<p><span style=\"font-weight: 400;\">Lors d\u2019\u00e9v\u00e9nements de grande envergure, nous voulons garantir la s\u00e9curit\u00e9 en interdisant le verre, en organisant des \u00abc\u00e9l\u00e9brations en toute s\u00e9curit\u00e9\u00bb et en proc\u00e9dant gratuitement \u00e0 un contr\u00f4le des drogues. Cela permet \u00e0 chacun, qu\u2019il s\u2019agisse d\u2019une famille, d\u2019un jeune ou d\u2019un citoyen \u00e2g\u00e9, de se d\u00e9placer librement et en toute s\u00e9curit\u00e9.<\/span><\/p>\n<\/div><\/div><\/div><\/div><\/div><div class=\"w-tabs-section has_text_color\" id=\"c1e7\" style=\"background:var(--color-header-transparent-text);color:var(--color-header-top-text-hover);\"><button class=\"w-tabs-section-header\" aria-controls=\"content-c1e7\" aria-expanded=\"false\"><div class=\"w-tabs-section-title\">La s\u00e9curit\u00e9 en \u00e9tant visible<\/div><div class=\"w-tabs-section-control\"><\/div><\/button><div  class=\"w-tabs-section-content\" id=\"content-c1e7\"><div class=\"w-tabs-section-content-h i-cf\"><div class=\"wpb_text_column\"><div class=\"wpb_wrapper\"><p><span style=\"font-weight: 400;\">Avec un entretien actif des quartiers existants, nous voulons \u00e9viter les vides et les zones non \u00e9clair\u00e9es. Nous voulons que l'espace public soit entretenu et que les quartiers en difficult\u00e9 soient revaloris\u00e9s. De plus, nous voulons mieux \u00e9clairer les arr\u00eats et les stations de mobilit\u00e9. Pour cela, un concept d'\u00e9clairage doit \u00eatre \u00e9labor\u00e9, qui pense \u00e0 la fois \u00e0 l'\u00e9chelle de la ville et respectueux de l'environnement. De cette fa\u00e7on, nous renfor\u00e7ons \u00e9galement le sentiment de s\u00e9curit\u00e9. Une plate-forme de signalement est con\u00e7ue pour rendre visibles les endroits dangereux.<\/span><\/p>\n<\/div><\/div><\/div><\/div><\/div><div class=\"w-tabs-section has_text_color\" id=\"f31e\" style=\"background:var(--color-header-transparent-text);color:var(--color-header-top-text-hover);\"><button class=\"w-tabs-section-header\" aria-controls=\"content-f31e\" aria-expanded=\"false\"><div class=\"w-tabs-section-title\">Renforcer encore les concepts de pr\u00e9vention et de protection: Luisa est ici! et t\u00e9l\u00e9phone de retour \u00e0 la maison<\/div><div class=\"w-tabs-section-control\"><\/div><\/button><div  class=\"w-tabs-section-content\" id=\"content-f31e\"><div class=\"w-tabs-section-content-h i-cf\"><div class=\"wpb_text_column\"><div class=\"wpb_wrapper\"><p><span style=\"font-weight: 400;\">Le projet \u00abLuisa ist hier!\u00bb conna\u00eet depuis longtemps un succ\u00e8s \u00e0 Wiesbaden. Nous voulons maintenir ce projet et le renforcer en termes de personnel afin de cr\u00e9er plus de s\u00e9curit\u00e9 et d'attention dans la vie nocturne de Wiesbaden, dans les bars, les clubs et les festivals de Wiesbaden. Pour que chaque f\u00eate de la ville de Wiesbaden soit un lieu o\u00f9 chaque personne peut rapidement se sentir en s\u00e9curit\u00e9. En effet, les comportements transfrontaliers, abusifs et discriminatoires n'ont nulle part leur place.<\/span><\/p>\n<p><span style=\"font-weight: 400;\">En outre, la ville coop\u00e8re d\u00e9j\u00e0 avec le Heimwegtelefon e.V., un service \u00e0 l'\u00e9chelle de l'Allemagne qui accompagne les appelants par t\u00e9l\u00e9phone la nuit lorsqu'ils ne se sentent pas en s\u00e9curit\u00e9 sur le chemin du retour. Cette offre est disponible du dimanche au jeudi de 21h00 \u00e0 24h00 et les vendredis et samedis de 21h00 \u00e0 3h00 au 030 12074182. Nous nous engageons \u00e0 continuer d'\u00e9tablir de tels concepts de protection et \u00e0 les rendre accessibles \u00e0 tous.<\/span><\/p>\n<\/div><\/div><\/div><\/div><\/div><div class=\"w-tabs-section has_text_color\" id=\"q440\" style=\"background:var(--color-header-middle-bg);color:var(--color-content-heading);\"><button class=\"w-tabs-section-header\" aria-controls=\"content-q440\" aria-expanded=\"false\"><div class=\"w-tabs-section-title\">Taxis pour femmes<\/div><div class=\"w-tabs-section-control\"><\/div><\/button><div  class=\"w-tabs-section-content\" id=\"content-q440\"><div class=\"w-tabs-section-content-h i-cf\"><div class=\"wpb_text_column\"><div class=\"wpb_wrapper\"><p><span style=\"font-weight: 400;\">Pour que les femmes puissent rentrer \u00e0 la maison en toute s\u00e9curit\u00e9 \u00e0 tout moment, nous voulons \u00e9galement ramener le mod\u00e8le des taxis de nuit f\u00e9minins \u00e0 Wiesbaden. \u00c0 Stuttgart, ce mod\u00e8le existe depuis 20 ans et conna\u00eet un grand succ\u00e8s. Pour que tout le monde puisse se permettre le trajet en taxi, nous voulons d\u00e9velopper un mod\u00e8le par lequel les femmes voyageant seules re\u00e7oivent une subvention pour rentrer \u00e0 la maison avec un tel taxi.<\/span><\/p>\n<\/div><\/div><\/div><\/div><\/div><div class=\"w-tabs-section has_text_color\" id=\"m58b\" style=\"background:var(--color-header-transparent-text);color:var(--color-header-top-text-hover);\"><button class=\"w-tabs-section-header\" aria-controls=\"content-m58b\" aria-expanded=\"false\"><div class=\"w-tabs-section-title\">D\u00e9velopper les refuges pour femmes et les centres de conseil<\/div><div class=\"w-tabs-section-control\"><\/div><\/button><div  class=\"w-tabs-section-content\" id=\"content-m58b\"><div class=\"w-tabs-section-content-h i-cf\"><div class=\"wpb_text_column\"><div class=\"wpb_wrapper\"><p><span style=\"font-weight: 400;\">Nous, les VERTS, nous nous engageons pour que les femmes de Wiesbaden trouvent rapidement et facilement une protection. Pour ce faire, nous voulons d\u00e9velopper les places de refuge pour femmes et les offres de conseil, soutenir les porteurs sur place et garantir les ressources humaines et financi\u00e8res. La protection ne doit pas d\u00e9pendre du porte-monnaie: Nous veillons \u00e0 ce que les femmes en qu\u00eate de protection n'aient pas \u00e0 supporter leurs propres frais.<\/span><\/p>\n<p><span style=\"font-weight: 400;\">Dans le m\u00eame temps, nous voulons encourager les offres \u00e0 bas seuil et le travail de pr\u00e9vention afin que la violence soit d\u00e9tect\u00e9e et \u00e9vit\u00e9e \u00e0 un stade pr\u00e9coce. Avec cet engagement, nous contribuons activement \u00e0 la mise en \u0153uvre de la Convention d'Istanbul et renfor\u00e7ons la protection et la s\u00e9curit\u00e9 des femmes dans notre ville.<\/span><\/p>\n<\/div><\/div><\/div><\/div><\/div><div class=\"w-tabs-section has_text_color\" id=\"h6aa\" style=\"background:var(--color-header-middle-bg);color:var(--color-header-middle-text);\"><button class=\"w-tabs-section-header\" aria-controls=\"content-h6aa\" aria-expanded=\"false\"><div class=\"w-tabs-section-title\">Assurer la mise en \u0153uvre de la Convention d'Istanbul<\/div><div class=\"w-tabs-section-control\"><\/div><\/button><div  class=\"w-tabs-section-content\" id=\"content-h6aa\"><div class=\"w-tabs-section-content-h i-cf\"><div class=\"wpb_text_column\"><div class=\"wpb_wrapper\"><p><span style=\"font-weight: 400;\">Pour que la Convention d'Istanbul puisse \u00eatre mise en \u0153uvre de mani\u00e8re coh\u00e9rente \u00e0 Wiesbaden, les ressources humaines n\u00e9cessaires sont \u00e9galement n\u00e9cessaires. Le bureau local de coordination pour la mise en \u0153uvre de la convention d'Istanbul a commenc\u00e9 ses travaux. Il est toutefois important que les moyens financiers n\u00e9cessaires \u00e0 cette fin soient renforc\u00e9s afin que la mise en \u0153uvre puisse avancer le plus rapidement possible.<\/span><\/p>\n<\/div><\/div><\/div><\/div><\/div><div class=\"w-tabs-section has_text_color\" id=\"x7c5\" style=\"background:var(--color-header-transparent-text);color:var(--color-header-top-text-hover);\"><button class=\"w-tabs-section-header\" aria-controls=\"content-x7c5\" aria-expanded=\"false\"><div class=\"w-tabs-section-title\">Logements prot\u00e9g\u00e9s pour les personnes en prostitution forc\u00e9e<\/div><div class=\"w-tabs-section-control\"><\/div><\/button><div  class=\"w-tabs-section-content\" id=\"content-x7c5\"><div class=\"w-tabs-section-content-h i-cf\"><div class=\"wpb_text_column\"><div class=\"wpb_wrapper\"><p><span style=\"font-weight: 400;\">La prostitution forc\u00e9e est un crime contre les droits de l'homme. C'est pourquoi des abris doivent \u00eatre mis en place pour accueillir les personnes issues de la prostitution forc\u00e9e et leur donner un lieu de protection.<\/span><\/p>\n<\/div><\/div><\/div><\/div><\/div><div class=\"w-tabs-section has_text_color\" id=\"d8fc\" style=\"background:var(--color-header-transparent-text);color:var(--color-header-top-text-hover);\"><button class=\"w-tabs-section-header\" aria-controls=\"content-d8fc\" aria-expanded=\"false\"><div class=\"w-tabs-section-title\">Surmonter le sans-abrisme \u2013 le logement d\u2019abord<\/div><div class=\"w-tabs-section-control\"><\/div><\/button><div  class=\"w-tabs-section-content\" id=\"content-d8fc\"><div class=\"w-tabs-section-content-h i-cf\"><div class=\"wpb_text_column\"><div class=\"wpb_wrapper\"><p><span style=\"font-weight: 400;\">Nous soutenons les gens afin qu'ils ne tombent pas dans le sans-abrisme. Nous voulons surmonter le sans-abrisme avec l'approche du logement d'abord. Lorsque cela n'est pas possible ou souhait\u00e9 par les personnes concern\u00e9es, nous disposons de suffisamment de places de couchage et de soins m\u00e9dicaux.<\/span><\/p>\n<p><span style=\"font-weight: 400;\">Les personnes sans-abri ont avant tout besoin d'un logement pour faire face \u00e0 des probl\u00e8mes tels que la d\u00e9pendance, le ch\u00f4mage, les probl\u00e8mes psychologiques ou autres.<\/span><\/p>\n<\/div><\/div><\/div><\/div><\/div><div class=\"w-tabs-section has_text_color\" id=\"aa1c\" style=\"background:var(--color-header-transparent-text);color:var(--color-header-top-text-hover);\"><button class=\"w-tabs-section-header\" aria-controls=\"content-aa1c\" aria-expanded=\"false\"><div class=\"w-tabs-section-title\">Police municipale et bureau de l'ordre comme personnes de confiance pour tous<\/div><div class=\"w-tabs-section-control\"><\/div><\/button><div  class=\"w-tabs-section-content\" id=\"content-aa1c\"><div class=\"w-tabs-section-content-h i-cf\"><div class=\"wpb_text_column\"><div class=\"wpb_wrapper\"><p><span style=\"font-weight: 400;\">Nous misons sur une police municipale proche des citoyens et un bureau de l'ordre communal qui agissent de mani\u00e8re \u00e9quitable, respectueuse et sans armement. Des bandes r\u00e9guli\u00e8res pour les pieds et les v\u00e9los, une pr\u00e9sence pr\u00e9ventive et des mesures de protection pour les forces d'intervention renforcent le sentiment de s\u00e9curit\u00e9 de la population. Nous refusons l'introduction de pistolets \u00e0 poivre. En outre, nous voulons annuler l'alignement visuel de l'office de l'ordre sur la police afin de garder clairement visibles les diff\u00e9rentes t\u00e2ches et missions des autorit\u00e9s.<\/span><\/p>\n<\/div><\/div><\/div><\/div><\/div><div class=\"w-tabs-section has_text_color\" id=\"vb4b\" style=\"background:var(--color-header-transparent-text);color:var(--color-header-top-text-hover);\"><button class=\"w-tabs-section-header\" aria-controls=\"content-vb4b\" aria-expanded=\"false\"><div class=\"w-tabs-section-title\">Sensibilisation, formation et protection pour la police municipale et l'office de l'ordre<\/div><div class=\"w-tabs-section-control\"><\/div><\/button><div  class=\"w-tabs-section-content\" id=\"content-vb4b\"><div class=\"w-tabs-section-content-h i-cf\"><div class=\"wpb_text_column\"><div class=\"wpb_wrapper\"><p><span style=\"font-weight: 400;\">Notre pr\u00e9occupation \u2013 une police municipale et un bureau de l\u2019ordre avec une conscience: La police municipale et l'office de l'ordre doivent travailler en coop\u00e9ration avec les organismes sociaux et les institutions de la soci\u00e9t\u00e9 civile et \u00eatre form\u00e9s de mani\u00e8re non discriminatoire. Des formations sp\u00e9cifiques sur la x\u00e9nophobie, l'extr\u00e9misme de droite, la violence domestique et les crises psychologiques visent \u00e0 garantir que les forces d'intervention agissent de mani\u00e8re professionnelle. Des structures d\u00e9centralis\u00e9es, des \u00e9valuations externes r\u00e9guli\u00e8res et une culture de l'erreur visible favorisent la confiance et luttent contre le racisme.<\/span><\/p>\n<p><span style=\"font-weight: 400;\">Dans le m\u00eame temps, les collaborateurs doivent \u00eatre prot\u00e9g\u00e9s contre les attaques verbales et physiques et soutenus dans les proc\u00e9dures de d\u00e9nonciation, par exemple au moyen d\u2019un syst\u00e8me d\u2019annonce et d\u2019un service communal sp\u00e9cialis\u00e9 \u00abViolence contre les forces de sauvetage et d\u2019intervention\u00bb.<\/span><\/p>\n<\/div><\/div><\/div><\/div><\/div><div class=\"w-tabs-section has_text_color\" id=\"tc6e\" style=\"background:var(--color-header-transparent-text);color:var(--color-header-top-text-hover);\"><button class=\"w-tabs-section-header\" aria-controls=\"content-tc6e\" aria-expanded=\"false\"><div class=\"w-tabs-section-title\">Plan directeur S\u00e9curit\u00e9 pour des mesures de s\u00e9curit\u00e9 sur mesure en ville<\/div><div class=\"w-tabs-section-control\"><\/div><\/button><div  class=\"w-tabs-section-content\" id=\"content-tc6e\"><div class=\"w-tabs-section-content-h i-cf\"><div class=\"wpb_text_column\"><div class=\"wpb_wrapper\"><p><span style=\"font-weight: 400;\">Nous d\u00e9veloppons et mettons en \u0153uvre un plan directeur \u00abS\u00e9curit\u00e9\u00bb qui analyse syst\u00e9matiquement les causes de la criminalit\u00e9 \u00e0 Wiesbaden et qui comprend, outre des mesures r\u00e9glementaires, des mesures sociales. L'objectif est d'adapter les mesures aux diff\u00e9rents quartiers et espaces publics. Pour ce faire, des donn\u00e9es et des rapports d'exp\u00e9rience de la police, de l'office de l'ordre, des institutions sociales et de la soci\u00e9t\u00e9 civile ainsi que du GT Espace public et #O\u00f9 j'ai fusionn\u00e9. Sur la base de l'analyse, nous soutenons de mani\u00e8re cibl\u00e9e des projets pr\u00e9ventifs, renfor\u00e7ons les structures d\u00e9centralis\u00e9es et, si n\u00e9cessaire, cr\u00e9ons d'autres partenariats d'ordre dans les districts. Nous cr\u00e9ons ainsi des concepts de s\u00e9curit\u00e9 efficaces, coop\u00e9ratifs et durables qui augmentent sensiblement le sentiment de s\u00e9curit\u00e9 de tous les citoyens.<\/span><\/p>\n<\/div><\/div><\/div><\/div><\/div><\/div><\/div><div class=\"w-separator size_medium\"><\/div><div class=\"w-btn-wrapper align_left\"><a class=\"w-btn us-btn-style_8 icon_atleft\" href=\"https:\/\/gruene-wiesbaden.de\/fr\/kommunalwahl\/#Kapitel2\"><i class=\"fas fa-chevron-circle-right\"><\/i><span class=\"w-btn-label\">Retour \u00e0 la vue d'ensemble<\/span><\/a><\/div><div class=\"w-separator size_large\"><\/div><div class=\"wpb_text_column\"><div class=\"wpb_wrapper\"><h1>Ce que nous avons d\u00e9j\u00e0 accompli<\/h1>\n<\/div><\/div><div class=\"w-separator size_medium\"><\/div><div class=\"w-tabs us_custom_42d693a0 has_text_color style_default switch_click accordion has_scrolling\" style=\"--sections-title-size:1.4rem\"><div class=\"w-tabs-sections titles-align_none icon_chevron cpos_right\"><div class=\"w-tabs-section has_text_color\" id=\"n2a6\" style=\"background:var(--color-header-transparent-text);color:var(--color-header-top-text-hover);\"><button class=\"w-tabs-section-header\" aria-controls=\"content-n2a6\" aria-expanded=\"false\"><div class=\"w-tabs-section-title\">La Convention d'Istanbul a \u00e9t\u00e9 cr\u00e9\u00e9e<\/div><div class=\"w-tabs-section-control\"><\/div><\/button><div  class=\"w-tabs-section-content\" id=\"content-n2a6\"><div class=\"w-tabs-section-content-h i-cf\"><div class=\"wpb_text_column\"><div class=\"wpb_wrapper\"><p><span style=\"font-weight: 400;\">Nous avons cr\u00e9\u00e9 \u00e0 Wiesbaden un r\u00e9seau pour la mise en \u0153uvre de la Convention d'Istanbul. Plus de 80 acteurs de l'administration, de la politique et des syst\u00e8mes d'aide travaillent ensemble pour pr\u00e9venir, d\u00e9tecter et soutenir efficacement la violence \u00e0 l'\u00e9gard des femmes. Le r\u00e9seau renforce les \u00e9changes, promeut des actions coordonn\u00e9es et envoie un signal clair: Wiesbaden prend la protection des femmes au s\u00e9rieux et veille \u00e0 ce que les normes internationales de la Convention d'Istanbul deviennent une r\u00e9alit\u00e9 dans la ville.<\/span><\/p>\n<\/div><\/div><\/div><\/div><\/div><div class=\"w-tabs-section has_text_color\" id=\"m3c5\" style=\"background:var(--color-header-transparent-text);color:var(--color-header-top-text-hover);\"><button class=\"w-tabs-section-header\" aria-controls=\"content-m3c5\" aria-expanded=\"false\"><div class=\"w-tabs-section-title\">Projet \u00abLuisa est-elle ici?\u00bb<\/div><div class=\"w-tabs-section-control\"><\/div><\/button><div  class=\"w-tabs-section-content\" id=\"content-m3c5\"><div class=\"w-tabs-section-content-h i-cf\"><div class=\"wpb_text_column\"><div class=\"wpb_wrapper\"><p><span style=\"font-weight: 400;\">Nous nous engageons pour que les femmes \u00e0 Wiesbaden soient en s\u00e9curit\u00e9 lorsqu'elles sortent. La campagne \u00abEst-ce que Luisa est l\u00e0?\u00bb permet aux femmes de demander discr\u00e8tement de l\u2019aide dans les bars, les clubs et les \u00e9tablissements publics participants lorsqu\u2019elles se sentent menac\u00e9es ou mal \u00e0 l\u2019aise. Nous avons lanc\u00e9 la campagne, assur\u00e9 la visibilit\u00e9 du projet et l'avons \u00e9tendu \u00e0 d'autres institutions publiques, y compris en formant le personnel. Nous renfor\u00e7ons ainsi la protection des femmes, pr\u00e9venons la violence et encourageons une cohabitation s\u00fbre et respectueuse dans la ville.<\/span><\/p>\n<\/div><\/div><\/div><\/div><\/div><div class=\"w-tabs-section has_text_color\" id=\"s50f\" style=\"background:var(--color-header-transparent-text);color:var(--color-header-top-text-hover);\"><button class=\"w-tabs-section-header\" aria-controls=\"content-s50f\" aria-expanded=\"false\"><div class=\"w-tabs-section-title\">Projet de t\u00e9l\u00e9phone \u00e0 domicile<\/div><div class=\"w-tabs-section-control\"><\/div><\/button><div  class=\"w-tabs-section-content\" id=\"content-s50f\"><div class=\"w-tabs-section-content-h i-cf\"><div class=\"wpb_text_column\"><div class=\"wpb_wrapper\"><p><span style=\"font-weight: 400;\">En outre, la ville coop\u00e8re avec le Heimwegtelefon e.V., un service \u00e0 l'\u00e9chelle de l'Allemagne qui accompagne les appelants par t\u00e9l\u00e9phone la nuit lorsqu'ils ne se sentent pas en s\u00e9curit\u00e9 sur le chemin du retour. Cette offre est disponible du dimanche au jeudi de 21h00 \u00e0 24h00 et les vendredis et samedis de 21h00 \u00e0 3h00 au 030 12074182. Nous nous engageons \u00e0 continuer d'\u00e9tablir de tels concepts de protection et \u00e0 les rendre accessibles \u00e0 tous.<\/span><\/p>\n<\/div><\/div><\/div><\/div><\/div><div class=\"w-tabs-section has_text_color\" id=\"r628\" style=\"background:var(--color-header-middle-bg);color:var(--color-content-heading);\"><button class=\"w-tabs-section-header\" aria-controls=\"content-r628\" aria-expanded=\"false\"><div class=\"w-tabs-section-title\">Mod\u00e8les I et II de Wiesbaden \u2013 Strat\u00e9gies municipales en mati\u00e8re de prostitution<\/div><div class=\"w-tabs-section-control\"><\/div><\/button><div  class=\"w-tabs-section-content\" id=\"content-r628\"><div class=\"w-tabs-section-content-h i-cf\"><div class=\"wpb_text_column\"><div class=\"wpb_wrapper\"><p><span style=\"font-weight: 400;\">Nous avons fait en sorte que la ville ait embauch\u00e9 une th\u00e9rapeute traumatologue qui effectue un travail social de proximit\u00e9 dans le domaine de la prostitution et propose des aides \u00e0 la sortie. Depuis cette p\u00e9riode \u00e9lectorale, l'unit\u00e9 des femmes lutte \u00e9galement avec succ\u00e8s contre la prostitution ill\u00e9gale dans les appartements et les h\u00f4tels. Le mod\u00e8le de Wiesbaden est une bonne pratique pour les autres communes.<\/span><\/p>\n<\/div><\/div><\/div><\/div><\/div><div class=\"w-tabs-section has_text_color\" id=\"d740\" style=\"background:var(--color-header-transparent-text);color:var(--color-header-top-text-hover);\"><button class=\"w-tabs-section-header\" aria-controls=\"content-d740\" aria-expanded=\"false\"><div class=\"w-tabs-section-title\">R\u00e9union technique: Violence contre les LGBTQIA*<\/div><div class=\"w-tabs-section-control\"><\/div><\/button><div  class=\"w-tabs-section-content\" id=\"content-d740\"><div class=\"w-tabs-section-content-h i-cf\"><div class=\"wpb_text_column\"><div class=\"wpb_wrapper\"><p><span style=\"font-weight: 400;\">Nous avons lanc\u00e9 un colloque sur la violence \u00e0 l'\u00e9gard des personnes LGBTQIAI*. Les professionnels et les organisations \u00e9changent pour am\u00e9liorer les mesures de protection et renforcer la pr\u00e9vention de la violence et de la discrimination.<\/span><\/p>\n<\/div><\/div><\/div><\/div><\/div><div class=\"w-tabs-section has_text_color\" id=\"p881\" style=\"background:var(--color-header-transparent-text);color:var(--color-header-top-text-hover);\"><button class=\"w-tabs-section-header\" aria-controls=\"content-p881\" aria-expanded=\"false\"><div class=\"w-tabs-section-title\">Drug-Checking et Wiesbaden comme r\u00e9gion mod\u00e8le pour la vente de cannabis<\/div><div class=\"w-tabs-section-control\"><\/div><\/button><div  class=\"w-tabs-section-content\" id=\"content-p881\"><div class=\"w-tabs-section-content-h i-cf\"><div class=\"wpb_text_column\"><div class=\"wpb_wrapper\"><p><span style=\"font-weight: 400;\">Nous avons mis en place un projet pilote \u00abDrug Checking\u00bb \u00e0 Wiesbaden afin de mieux prot\u00e9ger les consommateurs contre les drogues contamin\u00e9es. Lors de certains \u00e9v\u00e9nements festifs \u00e0 Wiesbaden, des drogues telles que le cannabis sont examin\u00e9es par des experts pour d\u00e9tecter les contaminants tout en renfor\u00e7ant les offres de pr\u00e9vention. Dans les phases ult\u00e9rieures, le projet pilote comprendra \u00e9galement le test d'autres substances afin de prot\u00e9ger au mieux les consommateurs.<\/span><\/p>\n<p><span style=\"font-weight: 400;\">Nous avons \u00e9galement contribu\u00e9 \u00e0 ce que Wiesbaden postule dans le cadre du projet pilote pour une vente consciente et contr\u00f4l\u00e9e de cannabis dans les pharmacies. Cette proc\u00e9dure est toujours en cours. Cependant, une politique responsable en mati\u00e8re de drogues implique \u00e9galement de cr\u00e9er activement des offres de pr\u00e9vention et de soutien afin de prot\u00e9ger au mieux les consommateurs.<\/span><\/p>\n<\/div><\/div><\/div><\/div><\/div><\/div><\/div><div class=\"w-separator size_medium\"><\/div><div class=\"w-btn-wrapper align_left\"><a class=\"w-btn us-btn-style_8 icon_atleft\" href=\"https:\/\/gruene-wiesbaden.de\/fr\/kommunalwahl\/#Kapitel2\"><i class=\"fas fa-chevron-circle-right\"><\/i><span class=\"w-btn-label\">Retour \u00e0 la vue d'ensemble<\/span><\/a><\/div><div class=\"w-separator size_large\"><\/div><\/div><\/div><\/div><\/div><\/section>","protected":false},"excerpt":{"rendered":"Nous voulons que tous les habitants de Wiesbaden se sentent en s\u00e9curit\u00e9 et libres de toute discrimination et de toute violence, que ce soit sur le chemin du retour, \u00e0 l\u2019\u00e9cole ou dans l\u2019espace public. La s\u00e9curit\u00e9 signifie quelque chose de diff\u00e9rent pour tout le monde, c'est pourquoi nous pr\u00eatons attention aux perspectives des personnes qui font l'exp\u00e9rience de la discrimination, de la haine ou de l'exclusion. C'est particuli\u00e8rement important pour nous...","protected":false},"author":1,"featured_media":1489,"comment_status":"closed","ping_status":"closed","sticky":false,"template":"","format":"standard","meta":{"footnotes":""},"categories":[15],"tags":[],"class_list":["post-1357","post","type-post","status-publish","format-standard","has-post-thumbnail","hentry","category-kapitel-2"],"yoast_head":"<!-- This site is optimized with the Yoast SEO plugin v27.5 - https:\/\/yoast.com\/product\/yoast-seo-wordpress\/ -->\n<title>Sicherheit und Schutz vor Gewalt - B\u00dcNDNIS 90\/DIE GR\u00dcNEN Wiesbaden<\/title>\n<meta name=\"robots\" content=\"index, follow, max-snippet:-1, max-image-preview:large, max-video-preview:-1\" \/>\n<link rel=\"canonical\" href=\"https:\/\/gruene-wiesbaden.de\/fr\/sicherheit-und-schutz-vor-gewalt\/\" \/>\n<meta property=\"og:locale\" content=\"fr_FR\" \/>\n<meta property=\"og:type\" content=\"article\" \/>\n<meta property=\"og:title\" content=\"Sicherheit und Schutz vor Gewalt - B\u00dcNDNIS 90\/DIE GR\u00dcNEN Wiesbaden\" \/>\n<meta property=\"og:url\" content=\"https:\/\/gruene-wiesbaden.de\/fr\/sicherheit-und-schutz-vor-gewalt\/\" \/>\n<meta property=\"og:site_name\" content=\"B\u00dcNDNIS 90\/DIE GR\u00dcNEN Wiesbaden\" \/>\n<meta property=\"article:publisher\" content=\"https:\/\/www.facebook.com\/gruene.wi\" \/>\n<meta property=\"article:published_time\" content=\"2025-11-09T22:14:08+00:00\" \/>\n<meta property=\"article:modified_time\" content=\"2026-04-09T08:33:03+00:00\" \/>\n<meta property=\"og:image\" content=\"https:\/\/gruene-wiesbaden.de\/wp-content\/uploads\/2025\/11\/2.5-Sicherheit-und-Schutz-vor-Gewalt-scaled.jpg\" \/>\n\t<meta property=\"og:image:width\" content=\"2048\" \/>\n\t<meta property=\"og:image:height\" content=\"2560\" \/>\n\t<meta property=\"og:image:type\" content=\"image\/jpeg\" \/>\n<meta name=\"author\" content=\"admin\" \/>\n<meta name=\"twitter:card\" content=\"summary_large_image\" \/>\n<meta name=\"twitter:label1\" content=\"\u00c9crit par\" \/>\n\t<meta name=\"twitter:data1\" content=\"admin\" \/>\n\t<meta name=\"twitter:label2\" content=\"Dur\u00e9e de lecture estim\u00e9e\" \/>\n\t<meta name=\"twitter:data2\" content=\"11 minutes\" \/>\n<script type=\"application\/ld+json\" class=\"yoast-schema-graph\">{\"@context\":\"https:\\\/\\\/schema.org\",\"@graph\":[{\"@type\":\"Article\",\"@id\":\"https:\\\/\\\/gruene-wiesbaden.de\\\/sicherheit-und-schutz-vor-gewalt\\\/#article\",\"isPartOf\":{\"@id\":\"https:\\\/\\\/gruene-wiesbaden.de\\\/sicherheit-und-schutz-vor-gewalt\\\/\"},\"author\":{\"name\":\"admin\",\"@id\":\"https:\\\/\\\/gruene-wiesbaden.de\\\/#\\\/schema\\\/person\\\/6785c34779159cd4fd86886bb097afe9\"},\"headline\":\"Sicherheit und Schutz vor Gewalt\",\"datePublished\":\"2025-11-09T22:14:08+00:00\",\"dateModified\":\"2026-04-09T08:33:03+00:00\",\"mainEntityOfPage\":{\"@id\":\"https:\\\/\\\/gruene-wiesbaden.de\\\/sicherheit-und-schutz-vor-gewalt\\\/\"},\"wordCount\":2926,\"publisher\":{\"@id\":\"https:\\\/\\\/gruene-wiesbaden.de\\\/#organization\"},\"image\":{\"@id\":\"https:\\\/\\\/gruene-wiesbaden.de\\\/sicherheit-und-schutz-vor-gewalt\\\/#primaryimage\"},\"thumbnailUrl\":\"https:\\\/\\\/gruene-wiesbaden.de\\\/wp-content\\\/uploads\\\/2025\\\/11\\\/2.5-Sicherheit-und-Schutz-vor-Gewalt-scaled.jpg\",\"articleSection\":[\"Kapitel 2\"],\"inLanguage\":\"fr-FR\"},{\"@type\":\"WebPage\",\"@id\":\"https:\\\/\\\/gruene-wiesbaden.de\\\/sicherheit-und-schutz-vor-gewalt\\\/\",\"url\":\"https:\\\/\\\/gruene-wiesbaden.de\\\/sicherheit-und-schutz-vor-gewalt\\\/\",\"name\":\"Sicherheit und Schutz vor Gewalt - B\u00dcNDNIS 90\\\/DIE GR\u00dcNEN Wiesbaden\",\"isPartOf\":{\"@id\":\"https:\\\/\\\/gruene-wiesbaden.de\\\/#website\"},\"primaryImageOfPage\":{\"@id\":\"https:\\\/\\\/gruene-wiesbaden.de\\\/sicherheit-und-schutz-vor-gewalt\\\/#primaryimage\"},\"image\":{\"@id\":\"https:\\\/\\\/gruene-wiesbaden.de\\\/sicherheit-und-schutz-vor-gewalt\\\/#primaryimage\"},\"thumbnailUrl\":\"https:\\\/\\\/gruene-wiesbaden.de\\\/wp-content\\\/uploads\\\/2025\\\/11\\\/2.5-Sicherheit-und-Schutz-vor-Gewalt-scaled.jpg\",\"datePublished\":\"2025-11-09T22:14:08+00:00\",\"dateModified\":\"2026-04-09T08:33:03+00:00\",\"breadcrumb\":{\"@id\":\"https:\\\/\\\/gruene-wiesbaden.de\\\/sicherheit-und-schutz-vor-gewalt\\\/#breadcrumb\"},\"inLanguage\":\"fr-FR\",\"potentialAction\":[{\"@type\":\"ReadAction\",\"target\":[\"https:\\\/\\\/gruene-wiesbaden.de\\\/sicherheit-und-schutz-vor-gewalt\\\/\"]}]},{\"@type\":\"ImageObject\",\"inLanguage\":\"fr-FR\",\"@id\":\"https:\\\/\\\/gruene-wiesbaden.de\\\/sicherheit-und-schutz-vor-gewalt\\\/#primaryimage\",\"url\":\"https:\\\/\\\/gruene-wiesbaden.de\\\/wp-content\\\/uploads\\\/2025\\\/11\\\/2.5-Sicherheit-und-Schutz-vor-Gewalt-scaled.jpg\",\"contentUrl\":\"https:\\\/\\\/gruene-wiesbaden.de\\\/wp-content\\\/uploads\\\/2025\\\/11\\\/2.5-Sicherheit-und-Schutz-vor-Gewalt-scaled.jpg\",\"width\":2048,\"height\":2560},{\"@type\":\"BreadcrumbList\",\"@id\":\"https:\\\/\\\/gruene-wiesbaden.de\\\/sicherheit-und-schutz-vor-gewalt\\\/#breadcrumb\",\"itemListElement\":[{\"@type\":\"ListItem\",\"position\":1,\"name\":\"Startseite\",\"item\":\"https:\\\/\\\/gruene-wiesbaden.de\\\/\"},{\"@type\":\"ListItem\",\"position\":2,\"name\":\"Sicherheit und Schutz vor Gewalt\"}]},{\"@type\":\"WebSite\",\"@id\":\"https:\\\/\\\/gruene-wiesbaden.de\\\/#website\",\"url\":\"https:\\\/\\\/gruene-wiesbaden.de\\\/\",\"name\":\"DIE GR\u00dcNEN Wiesbaden\",\"description\":\"\",\"publisher\":{\"@id\":\"https:\\\/\\\/gruene-wiesbaden.de\\\/#organization\"},\"potentialAction\":[{\"@type\":\"SearchAction\",\"target\":{\"@type\":\"EntryPoint\",\"urlTemplate\":\"https:\\\/\\\/gruene-wiesbaden.de\\\/?s={search_term_string}\"},\"query-input\":{\"@type\":\"PropertyValueSpecification\",\"valueRequired\":true,\"valueName\":\"search_term_string\"}}],\"inLanguage\":\"fr-FR\"},{\"@type\":\"Organization\",\"@id\":\"https:\\\/\\\/gruene-wiesbaden.de\\\/#organization\",\"name\":\"DIE GR\u00dcNEN Wiesbaden\",\"url\":\"https:\\\/\\\/gruene-wiesbaden.de\\\/\",\"logo\":{\"@type\":\"ImageObject\",\"inLanguage\":\"fr-FR\",\"@id\":\"https:\\\/\\\/gruene-wiesbaden.de\\\/#\\\/schema\\\/logo\\\/image\\\/\",\"url\":\"https:\\\/\\\/gruene-wiesbaden-fuer-europa.de\\\/wp-content\\\/uploads\\\/2024\\\/04\\\/Machen-was-zaehlt-5.png\",\"contentUrl\":\"https:\\\/\\\/gruene-wiesbaden-fuer-europa.de\\\/wp-content\\\/uploads\\\/2024\\\/04\\\/Machen-was-zaehlt-5.png\",\"width\":1772,\"height\":1772,\"caption\":\"DIE GR\u00dcNEN Wiesbaden\"},\"image\":{\"@id\":\"https:\\\/\\\/gruene-wiesbaden.de\\\/#\\\/schema\\\/logo\\\/image\\\/\"},\"sameAs\":[\"https:\\\/\\\/www.facebook.com\\\/gruene.wi\",\"https:\\\/\\\/instagram.com\\\/gruene_wi\"]},{\"@type\":\"Person\",\"@id\":\"https:\\\/\\\/gruene-wiesbaden.de\\\/#\\\/schema\\\/person\\\/6785c34779159cd4fd86886bb097afe9\",\"name\":\"admin\",\"sameAs\":[\"http:\\\/\\\/gruene-wiesbaden-fuer-europa.de\"],\"url\":\"https:\\\/\\\/gruene-wiesbaden.de\\\/fr\\\/author\\\/admin\\\/\"}]}<\/script>\n<!-- \/ Yoast SEO plugin. -->","yoast_head_json":{"title":"Sicherheit und Schutz vor Gewalt - B\u00dcNDNIS 90\/DIE GR\u00dcNEN Wiesbaden","robots":{"index":"index","follow":"follow","max-snippet":"max-snippet:-1","max-image-preview":"max-image-preview:large","max-video-preview":"max-video-preview:-1"},"canonical":"https:\/\/gruene-wiesbaden.de\/fr\/sicherheit-und-schutz-vor-gewalt\/","og_locale":"fr_FR","og_type":"article","og_title":"Sicherheit und Schutz vor Gewalt - B\u00dcNDNIS 90\/DIE GR\u00dcNEN Wiesbaden","og_url":"https:\/\/gruene-wiesbaden.de\/fr\/sicherheit-und-schutz-vor-gewalt\/","og_site_name":"B\u00dcNDNIS 90\/DIE GR\u00dcNEN Wiesbaden","article_publisher":"https:\/\/www.facebook.com\/gruene.wi","article_published_time":"2025-11-09T22:14:08+00:00","article_modified_time":"2026-04-09T08:33:03+00:00","og_image":[{"width":2048,"height":2560,"url":"https:\/\/gruene-wiesbaden.de\/wp-content\/uploads\/2025\/11\/2.5-Sicherheit-und-Schutz-vor-Gewalt-scaled.jpg","type":"image\/jpeg"}],"author":"admin","twitter_card":"summary_large_image","twitter_misc":{"\u00c9crit par":"admin","Dur\u00e9e de lecture estim\u00e9e":"11 minutes"},"schema":{"@context":"https:\/\/schema.org","@graph":[{"@type":"Article","@id":"https:\/\/gruene-wiesbaden.de\/sicherheit-und-schutz-vor-gewalt\/#article","isPartOf":{"@id":"https:\/\/gruene-wiesbaden.de\/sicherheit-und-schutz-vor-gewalt\/"},"author":{"name":"admin","@id":"https:\/\/gruene-wiesbaden.de\/#\/schema\/person\/6785c34779159cd4fd86886bb097afe9"},"headline":"Sicherheit und Schutz vor Gewalt","datePublished":"2025-11-09T22:14:08+00:00","dateModified":"2026-04-09T08:33:03+00:00","mainEntityOfPage":{"@id":"https:\/\/gruene-wiesbaden.de\/sicherheit-und-schutz-vor-gewalt\/"},"wordCount":2926,"publisher":{"@id":"https:\/\/gruene-wiesbaden.de\/#organization"},"image":{"@id":"https:\/\/gruene-wiesbaden.de\/sicherheit-und-schutz-vor-gewalt\/#primaryimage"},"thumbnailUrl":"https:\/\/gruene-wiesbaden.de\/wp-content\/uploads\/2025\/11\/2.5-Sicherheit-und-Schutz-vor-Gewalt-scaled.jpg","articleSection":["Kapitel 2"],"inLanguage":"fr-FR"},{"@type":"WebPage","@id":"https:\/\/gruene-wiesbaden.de\/sicherheit-und-schutz-vor-gewalt\/","url":"https:\/\/gruene-wiesbaden.de\/sicherheit-und-schutz-vor-gewalt\/","name":"Sicherheit und Schutz vor Gewalt - B\u00dcNDNIS 90\/DIE GR\u00dcNEN Wiesbaden","isPartOf":{"@id":"https:\/\/gruene-wiesbaden.de\/#website"},"primaryImageOfPage":{"@id":"https:\/\/gruene-wiesbaden.de\/sicherheit-und-schutz-vor-gewalt\/#primaryimage"},"image":{"@id":"https:\/\/gruene-wiesbaden.de\/sicherheit-und-schutz-vor-gewalt\/#primaryimage"},"thumbnailUrl":"https:\/\/gruene-wiesbaden.de\/wp-content\/uploads\/2025\/11\/2.5-Sicherheit-und-Schutz-vor-Gewalt-scaled.jpg","datePublished":"2025-11-09T22:14:08+00:00","dateModified":"2026-04-09T08:33:03+00:00","breadcrumb":{"@id":"https:\/\/gruene-wiesbaden.de\/sicherheit-und-schutz-vor-gewalt\/#breadcrumb"},"inLanguage":"fr-FR","potentialAction":[{"@type":"ReadAction","target":["https:\/\/gruene-wiesbaden.de\/sicherheit-und-schutz-vor-gewalt\/"]}]},{"@type":"ImageObject","inLanguage":"fr-FR","@id":"https:\/\/gruene-wiesbaden.de\/sicherheit-und-schutz-vor-gewalt\/#primaryimage","url":"https:\/\/gruene-wiesbaden.de\/wp-content\/uploads\/2025\/11\/2.5-Sicherheit-und-Schutz-vor-Gewalt-scaled.jpg","contentUrl":"https:\/\/gruene-wiesbaden.de\/wp-content\/uploads\/2025\/11\/2.5-Sicherheit-und-Schutz-vor-Gewalt-scaled.jpg","width":2048,"height":2560},{"@type":"BreadcrumbList","@id":"https:\/\/gruene-wiesbaden.de\/sicherheit-und-schutz-vor-gewalt\/#breadcrumb","itemListElement":[{"@type":"ListItem","position":1,"name":"Startseite","item":"https:\/\/gruene-wiesbaden.de\/"},{"@type":"ListItem","position":2,"name":"Sicherheit und Schutz vor Gewalt"}]},{"@type":"WebSite","@id":"https:\/\/gruene-wiesbaden.de\/#website","url":"https:\/\/gruene-wiesbaden.de\/","name":"DIE GR\u00dcNEN Wiesbaden","description":"","publisher":{"@id":"https:\/\/gruene-wiesbaden.de\/#organization"},"potentialAction":[{"@type":"SearchAction","target":{"@type":"EntryPoint","urlTemplate":"https:\/\/gruene-wiesbaden.de\/?s={search_term_string}"},"query-input":{"@type":"PropertyValueSpecification","valueRequired":true,"valueName":"search_term_string"}}],"inLanguage":"fr-FR"},{"@type":"Organization","@id":"https:\/\/gruene-wiesbaden.de\/#organization","name":"DIE GR\u00dcNEN Wiesbaden","url":"https:\/\/gruene-wiesbaden.de\/","logo":{"@type":"ImageObject","inLanguage":"fr-FR","@id":"https:\/\/gruene-wiesbaden.de\/#\/schema\/logo\/image\/","url":"https:\/\/gruene-wiesbaden-fuer-europa.de\/wp-content\/uploads\/2024\/04\/Machen-was-zaehlt-5.png","contentUrl":"https:\/\/gruene-wiesbaden-fuer-europa.de\/wp-content\/uploads\/2024\/04\/Machen-was-zaehlt-5.png","width":1772,"height":1772,"caption":"DIE GR\u00dcNEN Wiesbaden"},"image":{"@id":"https:\/\/gruene-wiesbaden.de\/#\/schema\/logo\/image\/"},"sameAs":["https:\/\/www.facebook.com\/gruene.wi","https:\/\/instagram.com\/gruene_wi"]},{"@type":"Person","@id":"https:\/\/gruene-wiesbaden.de\/#\/schema\/person\/6785c34779159cd4fd86886bb097afe9","name":"admin","sameAs":["http:\/\/gruene-wiesbaden-fuer-europa.de"],"url":"https:\/\/gruene-wiesbaden.de\/fr\/author\/admin\/"}]}},"_links":{"self":[{"href":"https:\/\/gruene-wiesbaden.de\/fr\/wp-json\/wp\/v2\/posts\/1357","targetHints":{"allow":["GET"]}}],"collection":[{"href":"https:\/\/gruene-wiesbaden.de\/fr\/wp-json\/wp\/v2\/posts"}],"about":[{"href":"https:\/\/gruene-wiesbaden.de\/fr\/wp-json\/wp\/v2\/types\/post"}],"author":[{"embeddable":true,"href":"https:\/\/gruene-wiesbaden.de\/fr\/wp-json\/wp\/v2\/users\/1"}],"replies":[{"embeddable":true,"href":"https:\/\/gruene-wiesbaden.de\/fr\/wp-json\/wp\/v2\/comments?post=1357"}],"version-history":[{"count":7,"href":"https:\/\/gruene-wiesbaden.de\/fr\/wp-json\/wp\/v2\/posts\/1357\/revisions"}],"predecessor-version":[{"id":2393,"href":"https:\/\/gruene-wiesbaden.de\/fr\/wp-json\/wp\/v2\/posts\/1357\/revisions\/2393"}],"wp:featuredmedia":[{"embeddable":true,"href":"https:\/\/gruene-wiesbaden.de\/fr\/wp-json\/wp\/v2\/media\/1489"}],"wp:attachment":[{"href":"https:\/\/gruene-wiesbaden.de\/fr\/wp-json\/wp\/v2\/media?parent=1357"}],"wp:term":[{"taxonomy":"category","embeddable":true,"href":"https:\/\/gruene-wiesbaden.de\/fr\/wp-json\/wp\/v2\/categories?post=1357"},{"taxonomy":"post_tag","embeddable":true,"href":"https:\/\/gruene-wiesbaden.de\/fr\/wp-json\/wp\/v2\/tags?post=1357"}],"curies":[{"name":"wp","href":"https:\/\/api.w.org\/{rel}","templated":true}]}}