{"id":1351,"date":"2025-11-10T00:10:26","date_gmt":"2025-11-09T22:10:26","guid":{"rendered":"https:\/\/gruene-wiesbaden.de\/?p=1351"},"modified":"2026-04-09T10:27:25","modified_gmt":"2026-04-09T08:27:25","slug":"gleichstellung-von-lgbtqia","status":"publish","type":"post","link":"https:\/\/gruene-wiesbaden.de\/fr\/gleichstellung-von-lgbtqia\/","title":{"rendered":"\u00c9galit\u00e9 LGBTQIA*"},"content":{"rendered":"<section class=\"l-section wpb_row height_medium with_img\"><div class=\"l-section-img\" role=\"img\" data-img-width=\"1080\" data-img-height=\"800\" style=\"background-image: url(https:\/\/gruene-wiesbaden.de\/wp-content\/uploads\/2025\/11\/neuer-Verlauf-gruene-wiesbaden.de_-2-e1762709402177.png);\"><\/div><div class=\"l-section-overlay\" style=\"background:var(--color-header-top-transparent-bg)\"><\/div><div class=\"l-section-h i-cf\"><div class=\"g-cols vc_row via_grid cols_1 laptops-cols_inherit tablets-cols_inherit mobiles-cols_1 valign_top type_default stacking_default\"><div class=\"wpb_column vc_column_container\"><div class=\"vc_column-inner\"><h1 class=\"w-post-elm post_title us_custom_a574d586 has_text_color entry-title\">\u00c9galit\u00e9 LGBTQIA*<\/h1><div class=\"w-separator size_medium\"><\/div><div class=\"g-cols wpb_row via_grid cols_2-1 laptops-cols_inherit tablets-cols_inherit mobiles-cols_1 valign_top type_default stacking_default\" style=\"--columns-gap:3rem;\"><div class=\"wpb_column vc_column_container\"><div class=\"vc_column-inner\"><div class=\"wpb_text_column us_custom_8b3d6790 has_text_color\"><div class=\"wpb_wrapper\"><p><span style=\"font-weight: 400;\">Une soci\u00e9t\u00e9 urbaine ouverte, diversifi\u00e9e et juste signifie que les gens peuvent vivre en toute s\u00e9curit\u00e9, visiblement et de mani\u00e8re autonome, ind\u00e9pendamment de leur orientation sexuelle ou de leur identit\u00e9 de genre. Toutefois, \u00e0 Wiesbaden, les personnes LGBTQIA* continuent de faire l\u2019objet de discriminations, d\u2019invisibilit\u00e9s et d\u2019hostilit\u00e9s, que ce soit dans leur vie quotidienne, dans l\u2019espace public ou dans les institutions. Pour les Verts, c'est clair: L'\u00e9galit\u00e9 des droits et la reconnaissance ne sont pas n\u00e9gociables. La diversit\u00e9 renforce notre d\u00e9mocratie et rend Wiesbaden plus vivable pour tous. C\u2019est pourquoi nous nous engageons en faveur de la visibilit\u00e9, des abris, de la participation non discriminatoire et de r\u00e9seaux solides, de la culture et de l\u2019\u00e9ducation \u00e0 l\u2019administration et \u00e0 l\u2019urbanisme.<\/span><\/p>\n<\/div><\/div><div class=\"w-separator size_medium\"><\/div><div class=\"w-btn-wrapper align_left\"><a class=\"w-btn us-btn-style_8 icon_atleft\" href=\"https:\/\/gruene-wiesbaden.de\/fr\/kommunalwahl\/#Kapitel2\"><i class=\"fas fa-chevron-circle-right\"><\/i><span class=\"w-btn-label\">Retour \u00e0 la vue d'ensemble<\/span><\/a><\/div><\/div><\/div><div class=\"wpb_column vc_column_container\"><div class=\"vc_column-inner\"><div class=\"w-image align_center\"><div class=\"w-image-h\"><img decoding=\"async\" width=\"2560\" height=\"1707\" src=\"https:\/\/gruene-wiesbaden.de\/wp-content\/uploads\/2025\/11\/2.2-Gleichstellung-LGBTQAI-scaled.jpeg\" class=\"attachment-full size-full\" alt=\"\" loading=\"lazy\" srcset=\"https:\/\/gruene-wiesbaden.de\/wp-content\/uploads\/2025\/11\/2.2-Gleichstellung-LGBTQAI-scaled.jpeg 2560w, https:\/\/gruene-wiesbaden.de\/wp-content\/uploads\/2025\/11\/2.2-Gleichstellung-LGBTQAI-400x267.jpeg 400w, https:\/\/gruene-wiesbaden.de\/wp-content\/uploads\/2025\/11\/2.2-Gleichstellung-LGBTQAI-600x400.jpeg 600w\" sizes=\"auto, (max-width: 2560px) 100vw, 2560px\" \/><\/div><\/div><div class=\"w-separator size_small\"><\/div><\/div><\/div><\/div><div class=\"w-separator size_medium\"><\/div><div class=\"w-separator size_medium\"><\/div><div class=\"wpb_text_column\"><div class=\"wpb_wrapper\"><h1>Ce que l'\u00e9galit\u00e9 LGBTQIA* signifie pour nous<\/h1>\n<\/div><\/div><div class=\"w-separator size_large\"><\/div><div class=\"g-cols wpb_row via_grid cols_3 laptops-cols_inherit tablets-cols_inherit mobiles-cols_1 valign_top type_default stacking_default\" style=\"--columns-gap:3rem;\"><div class=\"wpb_column vc_column_container\"><div class=\"vc_column-inner\"><div class=\"w-iconbox us_custom_8b3d6790 has_text_color iconpos_left style_default color_custom align_left\"><div class=\"w-iconbox-icon\" style=\"font-size:2rem;--icon-color:#Ffffff;--icon-bg-color:var(--color-header-middle-bg);\"><i class=\"fas fa-layer-group\"><\/i><\/div><div class=\"w-iconbox-meta\"><h4 class=\"w-iconbox-title\" style=\"font-size:1.5rem;\">Promouvoir la culture et le CSD<\/h4><div class=\"w-iconbox-text\"><p><span style=\"font-weight: 400;\">Les offres culturelles transversales et la DDC sont des signes importants de visibilit\u00e9 et m\u00e9ritent un soutien fiable.<\/span><\/p>\n<\/div><\/div><\/div><\/div><\/div><div class=\"wpb_column vc_column_container\"><div class=\"vc_column-inner\"><div class=\"w-iconbox us_custom_8b3d6790 has_text_color iconpos_left style_default color_custom align_left\"><div class=\"w-iconbox-icon\" style=\"font-size:2rem;--icon-color:#Ffffff;--icon-bg-color:var(--color-header-transparent-text);\"><i class=\"fas fa-layer-group\"><\/i><\/div><div class=\"w-iconbox-meta\"><h4 class=\"w-iconbox-title\" style=\"font-size:1.5rem;\">Assurer la sant\u00e9<\/h4><div class=\"w-iconbox-text\"><p><span style=\"font-weight: 400;\">Des services de sant\u00e9 et de conseil adapt\u00e9s aux besoins des personnes LGBTQIA* sont une condition pr\u00e9alable \u00e0 l'\u00e9galit\u00e9 des chances.<\/span><\/p>\n<\/div><\/div><\/div><\/div><\/div><div class=\"wpb_column vc_column_container\"><div class=\"vc_column-inner\"><div class=\"w-iconbox us_custom_8b3d6790 has_text_color iconpos_left style_default color_custom align_left\"><div class=\"w-iconbox-icon\" style=\"font-size:2rem;--icon-color:#Ffffff;--icon-bg-color:var(--color-header-transparent-text);\"><i class=\"fas fa-layer-group\"><\/i><\/div><div class=\"w-iconbox-meta\"><h4 class=\"w-iconbox-title\" style=\"font-size:1.5rem;\">Promouvoir la jeunesse<\/h4><div class=\"w-iconbox-text\"><p><span style=\"font-weight: 400;\">Les jeunes queer ont besoin d'espaces s\u00fbrs, de conseils et d'offres qui permettent l'acceptation et la participation.<\/span><\/p>\n<\/div><\/div><\/div><\/div><\/div><\/div><div class=\"w-separator size_medium\"><\/div><div class=\"g-cols wpb_row via_grid cols_3 laptops-cols_inherit tablets-cols_inherit mobiles-cols_1 valign_top type_default stacking_default\" style=\"--columns-gap:3rem;\"><div class=\"wpb_column vc_column_container\"><div class=\"vc_column-inner\"><div class=\"w-iconbox us_custom_8b3d6790 has_text_color iconpos_left style_default color_custom align_left\"><div class=\"w-iconbox-icon\" style=\"font-size:2rem;--icon-color:#Ffffff;--icon-bg-color:var(--color-header-middle-bg);\"><i class=\"fas fa-layer-group\"><\/i><\/div><div class=\"w-iconbox-meta\"><h4 class=\"w-iconbox-title\" style=\"font-size:1.5rem;\">Lutter contre la discrimination<\/h4><div class=\"w-iconbox-text\"><p><span style=\"font-weight: 400;\">Nous nous opposons \u00e0 l'hostilit\u00e9 et cr\u00e9ons des structures qui garantissent la protection et le soutien.<\/span><\/p>\n<\/div><\/div><\/div><\/div><\/div><div class=\"wpb_column vc_column_container\"><div class=\"vc_column-inner\"><div class=\"w-iconbox us_custom_8b3d6790 has_text_color iconpos_left style_default color_custom align_left\"><div class=\"w-iconbox-icon\" style=\"font-size:2rem;--icon-color:#Ffffff;--icon-bg-color:var(--color-header-transparent-text);\"><i class=\"fas fa-layer-group\"><\/i><\/div><div class=\"w-iconbox-meta\"><h4 class=\"w-iconbox-title\" style=\"font-size:1.5rem;\">Renforcer la visibilit\u00e9<\/h4><div class=\"w-iconbox-text\"><p><span style=\"font-weight: 400;\">La diversit\u00e9 est au c\u0153ur de la ville \u2013 les personnes LGBTQIA* doivent \u00eatre visibles et valoris\u00e9es \u00e0 Wiesbaden.<\/span><\/p>\n<\/div><\/div><\/div><\/div><\/div><div class=\"wpb_column vc_column_container\"><div class=\"vc_column-inner\"><\/div><\/div><\/div><div class=\"w-separator size_medium\"><\/div><div class=\"w-btn-wrapper align_left\"><a class=\"w-btn us-btn-style_8 icon_atleft\" href=\"https:\/\/gruene-wiesbaden.de\/fr\/kommunalwahl\/#Kapitel2\"><i class=\"fas fa-chevron-circle-right\"><\/i><span class=\"w-btn-label\">Retour \u00e0 la vue d'ensemble<\/span><\/a><\/div><div class=\"w-separator size_medium\"><\/div><\/div><\/div><\/div><\/div><\/section><section class=\"l-section wpb_row height_auto with_img\"><div class=\"l-section-img\" role=\"img\" data-img-width=\"2560\" data-img-height=\"1707\" style=\"background-image: url(https:\/\/gruene-wiesbaden.de\/wp-content\/uploads\/2025\/11\/2.2-Gleichstellung-LGBTQAI-scaled.jpeg);background-repeat: no-repeat;\"><\/div><div class=\"l-section-overlay\" style=\"background:var(--color-header-top-transparent-bg)\"><\/div><div class=\"l-section-h i-cf\"><div class=\"g-cols vc_row via_grid cols_1 laptops-cols_inherit tablets-cols_inherit mobiles-cols_1 valign_middle type_default stacking_default\" style=\"--columns-gap:1rem;\"><div class=\"wpb_column vc_column_container\"><div class=\"vc_column-inner\"><div class=\"w-separator size_large\"><\/div><div class=\"wpb_text_column background_inside_text\"><div class=\"wpb_wrapper\"><h1>Ce que nous voulons concr\u00e8tement faire dans ce domaine<\/h1>\n<\/div><\/div><div class=\"w-separator size_medium\"><\/div><div class=\"w-tabs us_custom_42d693a0 has_text_color style_default switch_click accordion has_scrolling\" style=\"--sections-title-size:1.4rem\"><div class=\"w-tabs-sections titles-align_none icon_chevron cpos_right\"><div class=\"w-tabs-section has_text_color\" id=\"h5bb\" style=\"background:var(--color-header-transparent-text);color:var(--color-header-top-text-hover);\"><button class=\"w-tabs-section-header\" aria-controls=\"content-h5bb\" aria-expanded=\"false\"><div class=\"w-tabs-section-title\">Locaux neutres du point de vue du genre dans les b\u00e2timents publics<\/div><div class=\"w-tabs-section-control\"><\/div><\/button><div  class=\"w-tabs-section-content\" id=\"content-h5bb\"><div class=\"w-tabs-section-content-h i-cf\"><div class=\"wpb_text_column\"><div class=\"wpb_wrapper\"><p><span style=\"font-weight: 400;\">Nous nous engageons \u00e0 ce que tous les b\u00e2timents publics de la ville disposent d\u2019espaces neutres du point de vue du genre, y compris des toilettes et, si n\u00e9cessaire, des vestiaires. Pour de nombreuses personnes de la communaut\u00e9 LGBTQIA*, cela signifie une reconnaissance visible, la s\u00e9curit\u00e9 et l'autod\u00e9termination: Vous pouvez utiliser les installations sans crainte de discrimination, d'hostilit\u00e9 ou de situations d\u00e9sagr\u00e9ables. Ces espaces sont un signe concret d'inclusion et de respect et favorisent une coexistence ouverte et diversifi\u00e9e au sein de l'administration, des \u00e9coles, des institutions culturelles et sportives.<\/span><\/p>\n<\/div><\/div><\/div><\/div><\/div><div class=\"w-tabs-section has_text_color\" id=\"h705\" style=\"background:var(--color-header-transparent-text);color:var(--color-header-top-text-hover);\"><button class=\"w-tabs-section-header\" aria-controls=\"content-h705\" aria-expanded=\"false\"><div class=\"w-tabs-section-title\">Promouvoir le CSD de mani\u00e8re fiable<\/div><div class=\"w-tabs-section-control\"><\/div><\/button><div  class=\"w-tabs-section-content\" id=\"content-h705\"><div class=\"w-tabs-section-content-h i-cf\"><div class=\"wpb_text_column\"><div class=\"wpb_wrapper\"><p><span style=\"font-weight: 400;\">Nous assurons le financement du Christopher Street Day \u00e0 Wiesbaden. Le CSD rappelle la lutte historique de la communaut\u00e9 LGBTQIA* pour l\u2019\u00e9galit\u00e9 et contre la discrimination, symbole mondial de visibilit\u00e9, de reconnaissance et de diversit\u00e9 depuis les \u00e9meutes de Stonewall en 1969. Compte tenu d\u2019un virage \u00e0 droite dans la soci\u00e9t\u00e9, il est important que la ville fasse preuve d\u2019attitude et soutienne la communaut\u00e9, m\u00eame si certaines entreprises se retirent en tant que sponsors. Gr\u00e2ce \u00e0 un soutien fiable, nous envoyons un signal fort en faveur de la solidarit\u00e9, des droits de l'homme et de la participation \u00e0 la soci\u00e9t\u00e9.<\/span><\/p>\n<\/div><\/div><\/div><\/div><\/div><div class=\"w-tabs-section has_text_color\" id=\"d842\" style=\"background:var(--color-header-transparent-text);color:var(--color-header-top-text-hover);\"><button class=\"w-tabs-section-header\" aria-controls=\"content-d842\" aria-expanded=\"false\"><div class=\"w-tabs-section-title\">Promouvoir les centres de conseil<\/div><div class=\"w-tabs-section-control\"><\/div><\/button><div  class=\"w-tabs-section-content\" id=\"content-d842\"><div class=\"w-tabs-section-content-h i-cf\"><div class=\"wpb_text_column\"><div class=\"wpb_wrapper\"><p><span style=\"font-weight: 400;\">Nous soutenons les offres de conseil et d'assistance queer telles que SCHLAU Wiesbaden. Ce sont des points de contact importants contre la discrimination et pour l'autonomisation. Le nombre de suicides chez les jeunes queers reste nettement plus \u00e9lev\u00e9, et nous voulons lutter activement contre ce ph\u00e9nom\u00e8ne. C'est pourquoi nous nous engageons \u00e0 garantir des offres de pr\u00e9vention et d'auto-assistance et \u00e0 promouvoir des initiatives d'\u00e9ducation scolaire. Gr\u00e2ce \u00e0 ces mesures, nous cr\u00e9ons de la s\u00e9curit\u00e9, des abris et des perspectives pour les jeunes queer et renfor\u00e7ons leur participation \u00e0 la soci\u00e9t\u00e9.<\/span><\/p>\n<\/div><\/div><\/div><\/div><\/div><div class=\"w-tabs-section has_text_color\" id=\"z982\" style=\"background:var(--color-header-middle-bg);color:var(--color-content-heading);\"><button class=\"w-tabs-section-header\" aria-controls=\"content-z982\" aria-expanded=\"false\"><div class=\"w-tabs-section-title\">Promouvoir les espaces de jeunesse transversaux<\/div><div class=\"w-tabs-section-control\"><\/div><\/button><div  class=\"w-tabs-section-content\" id=\"content-z982\"><div class=\"w-tabs-section-content-h i-cf\"><div class=\"wpb_text_column\"><div class=\"wpb_wrapper\"><p><span style=\"font-weight: 400;\">Nous cr\u00e9ons des espaces s\u00fbrs o\u00f9 les jeunes queer peuvent organiser leur temps libre, recevoir des conseils et se d\u00e9velopper de mani\u00e8re autonome. Ces espaces sont essentiels \u00e0 l\u2019autonomisation, \u00e0 la confiance en soi et \u00e0 la participation \u00e0 la soci\u00e9t\u00e9, en particulier \u00e0 une \u00e9poque o\u00f9 les jeunes queer sont encore victimes de discrimination et d\u2019exclusion. En collaboration avec la communaut\u00e9 locale, nous voulons d\u00e9velopper des offres adapt\u00e9es aux besoins des jeunes de Wiesbaden. Ainsi, nous encourageons l'acceptation d\u00e8s le plus jeune \u00e2ge et donnons aux jeunes la s\u00e9curit\u00e9 d'\u00eatre eux-m\u00eames.<\/span><\/p>\n<\/div><\/div><\/div><\/div><\/div><div class=\"w-tabs-section has_text_color\" id=\"gab4\" style=\"background:var(--color-header-transparent-text);color:var(--color-header-top-text-hover);\"><button class=\"w-tabs-section-header\" aria-controls=\"content-gab4\" aria-expanded=\"false\"><div class=\"w-tabs-section-title\">Promouvoir des projets dans les \u00e9coles par le biais de centres de conseil queer<\/div><div class=\"w-tabs-section-control\"><\/div><\/button><div  class=\"w-tabs-section-content\" id=\"content-gab4\"><div class=\"w-tabs-section-content-h i-cf\"><div class=\"wpb_text_column\"><div class=\"wpb_wrapper\"><p><span style=\"font-weight: 400;\">Les projets d'\u00e9ducation peuvent aider les \u00e9coles \u00e0 r\u00e9duire les pr\u00e9jug\u00e9s \u00e0 l'encontre des personnes issues de la communaut\u00e9 queer et, par cons\u00e9quent, \u00e0 pr\u00e9venir la violence \u00e0 l'encontre des personnes queer \u00e0 long terme. Dans le m\u00eame temps, de tels projets peuvent aider les jeunes queer \u00e0 trouver des offres de conseil appropri\u00e9es dans la soci\u00e9t\u00e9 urbaine.<\/span><\/p>\n<\/div><\/div><\/div><\/div><\/div><div class=\"w-tabs-section has_text_color\" id=\"ebe5\" style=\"background:var(--color-header-middle-bg);color:var(--color-header-middle-text);\"><button class=\"w-tabs-section-header\" aria-controls=\"content-ebe5\" aria-expanded=\"false\"><div class=\"w-tabs-section-title\">Promouvoir la visibilit\u00e9 de la vie queerem dans la ville<\/div><div class=\"w-tabs-section-control\"><\/div><\/button><div  class=\"w-tabs-section-content\" id=\"content-ebe5\"><div class=\"w-tabs-section-content-h i-cf\"><div class=\"wpb_text_column\"><div class=\"wpb_wrapper\"><p><span style=\"font-weight: 400;\">La vie de Queere doit devenir encore plus visible dans le paysage urbain, nous nous sommes donc engag\u00e9s pour le hissage du drapeau arc-en-ciel sur les b\u00e2timents publics et voulons cr\u00e9er une repr\u00e9sentation plus \u00e9lev\u00e9e dans le paysage urbain de Wiesbaden gr\u00e2ce, par exemple, \u00e0 des paires de m\u00e2les de feux de signalisation queer, \u00e0 des bancs arc-en-ciel et \u00e0 des bandes de z\u00e8bre arc-en-ciel. En outre, nous nous engageons \u00e0 ce que les publications urbaines et les campagnes publicitaires pr\u00e9sentent \u00e9galement les r\u00e9alit\u00e9s de la vie des personnes LGBTQIA*, quel que soit le sujet.<\/span><\/p>\n<\/div><\/div><\/div><\/div><\/div><div class=\"w-tabs-section has_text_color\" id=\"dd34\" style=\"background:var(--color-header-transparent-text);color:var(--color-header-top-text-hover);\"><button class=\"w-tabs-section-header\" aria-controls=\"content-dd34\" aria-expanded=\"false\"><div class=\"w-tabs-section-title\">Promouvoir durablement les services de conseil et de soutien<\/div><div class=\"w-tabs-section-control\"><\/div><\/button><div  class=\"w-tabs-section-content\" id=\"content-dd34\"><div class=\"w-tabs-section-content-h i-cf\"><div class=\"wpb_text_column\"><div class=\"wpb_wrapper\"><p><span style=\"font-weight: 400;\">Les associations et les associations accomplissent un travail indispensable, par exemple dans le conseil, la pr\u00e9vention et l\u2019accompagnement des personnes vivant avec le VIH et le sida et de leurs proches. Ils constituent un point de contact unique pour la communaut\u00e9 LGBTQIA* et remplissent des t\u00e2ches soci\u00e9tales importantes. Nous, les VERTS, nous nous engageons pour un soutien financier continu et fiable de ces organisations, telles que Pro Familia e.V. et l'Aide contre le SIDA de Wiesbaden.<\/span><\/p>\n<\/div><\/div><\/div><\/div><\/div><div class=\"w-tabs-section has_text_color\" id=\"ae5d\" style=\"background:var(--color-header-transparent-text);color:var(--color-header-top-text-hover);\"><button class=\"w-tabs-section-header\" aria-controls=\"content-ae5d\" aria-expanded=\"false\"><div class=\"w-tabs-section-title\">Renforcer et rendre visible les personnes \u00e2g\u00e9es queer<\/div><div class=\"w-tabs-section-control\"><\/div><\/button><div  class=\"w-tabs-section-content\" id=\"content-ae5d\"><div class=\"w-tabs-section-content-h i-cf\"><div class=\"wpb_text_column\"><div class=\"wpb_wrapper\"><p><span style=\"font-weight: 400;\">Les personnes \u00e2g\u00e9es de la communaut\u00e9 LGBTQIA* se sont souvent battues pour l'acceptation et la visibilit\u00e9. Ils ont grandi dans un environnement qui, en plus de la stigmatisation sociale, les a limit\u00e9s par des lois. Souvent, ce rejet persiste jusqu'\u00e0 aujourd'hui et fait en sorte que les personnes \u00e2g\u00e9es queer cachent leur identit\u00e9. Nous voulons travailler avec le conseil consultatif pour les personnes \u00e2g\u00e9es, les associations queer et le bureau de coordination LSBT*IQ pour \u00e9laborer des concepts qui renforcent et rendent visibles les personnes \u00e2g\u00e9es queer. En outre, les employ\u00e9s des \u00e9tablissements de soins urbains doivent \u00eatre form\u00e9s de mani\u00e8re cibl\u00e9e \u00e0 la gestion des r\u00e9alit\u00e9s de la vie queer chez les personnes \u00e2g\u00e9es.<\/span><\/p>\n<\/div><\/div><\/div><\/div><\/div><\/div><\/div><div class=\"w-separator size_medium\"><\/div><div class=\"w-btn-wrapper align_left\"><a class=\"w-btn us-btn-style_8 icon_atleft\" href=\"https:\/\/gruene-wiesbaden.de\/fr\/kommunalwahl\/#Kapitel2\"><i class=\"fas fa-chevron-circle-right\"><\/i><span class=\"w-btn-label\">Retour \u00e0 la vue d'ensemble<\/span><\/a><\/div><div class=\"w-separator size_large\"><\/div><div class=\"wpb_text_column\"><div class=\"wpb_wrapper\"><h1>Ce que nous avons d\u00e9j\u00e0 accompli<\/h1>\n<\/div><\/div><div class=\"w-separator size_medium\"><\/div><div class=\"w-tabs us_custom_42d693a0 has_text_color style_default switch_click accordion has_scrolling\" style=\"--sections-title-size:1.4rem\"><div class=\"w-tabs-sections titles-align_none icon_chevron cpos_right\"><div class=\"w-tabs-section has_text_color\" id=\"d1c6\" style=\"background:var(--color-header-transparent-text);color:var(--color-header-top-text-hover);\"><button class=\"w-tabs-section-header\" aria-controls=\"content-d1c6\" aria-expanded=\"false\"><div class=\"w-tabs-section-title\">R\u00e9seau Queeres dans l'administration municipale<\/div><div class=\"w-tabs-section-control\"><\/div><\/button><div  class=\"w-tabs-section-content\" id=\"content-d1c6\"><div class=\"w-tabs-section-content-h i-cf\"><div class=\"wpb_text_column\"><div class=\"wpb_wrapper\"><p><span style=\"font-weight: 400;\">Nous avons cr\u00e9\u00e9 un r\u00e9seau queer dans la municipalit\u00e9 de Wiesbaden. Il encourage les \u00e9changes de personnel LGBTQIA*, soutient la mise en \u0153uvre de politiques inclusives et veille \u00e0 ce que les questions transversales soient prises en compte dans toutes les d\u00e9cisions. Nous cr\u00e9ons ainsi un environnement de travail visible et non discriminatoire et renfor\u00e7ons les droits et la reconnaissance des personnes queer dans l'administration. Ce r\u00e9seau est un succ\u00e8s \u00e9vident pour la diversit\u00e9, l'\u00e9galit\u00e9 et la participation \u00e0 Wiesbaden.<\/span><\/p>\n<\/div><\/div><\/div><\/div><\/div><div class=\"w-tabs-section has_text_color\" id=\"u307\" style=\"background:var(--color-header-transparent-text);color:var(--color-header-top-text-hover);\"><button class=\"w-tabs-section-header\" aria-controls=\"content-u307\" aria-expanded=\"false\"><div class=\"w-tabs-section-title\">Assurer la mise en place du CSD 2025 malgr\u00e9 l'augmentation des co\u00fbts<\/div><div class=\"w-tabs-section-control\"><\/div><\/button><div  class=\"w-tabs-section-content\" id=\"content-u307\"><div class=\"w-tabs-section-content-h i-cf\"><div class=\"wpb_text_column\"><div class=\"wpb_wrapper\"><p><span style=\"font-weight: 400;\">Nous avons augment\u00e9 le budget du Christopher Street Day en 2025 pour couvrir l'augmentation des co\u00fbts, contribuant ainsi \u00e0 ce que, malgr\u00e9 les sponsors rel\u00e9gu\u00e9s de la CSD, il ait pu avoir lieu \u00e0 Wiesbaden. Gr\u00e2ce \u00e0 un soutien fiable, nous envoyons un signal fort en faveur de la solidarit\u00e9, des droits de l'homme et de la participation \u00e0 la soci\u00e9t\u00e9.<\/span><\/p>\n<\/div><\/div><\/div><\/div><\/div><div class=\"w-tabs-section has_text_color\" id=\"f445\" style=\"background:var(--color-header-transparent-text);color:var(--color-header-top-text-hover);\"><button class=\"w-tabs-section-header\" aria-controls=\"content-f445\" aria-expanded=\"false\"><div class=\"w-tabs-section-title\">IDAHOBIT \u2013 Renforcer la visibilit\u00e9 et l\u2019acceptation<\/div><div class=\"w-tabs-section-control\"><\/div><\/button><div  class=\"w-tabs-section-content\" id=\"content-f445\"><div class=\"w-tabs-section-content-h i-cf\"><div class=\"wpb_text_column\"><div class=\"wpb_wrapper\"><p><span style=\"font-weight: 400;\">Nous avons assur\u00e9 et soutenu financi\u00e8rement l'organisation de la Journ\u00e9e internationale contre l'homophobie, la biphobie, l'interphobie et la transphobie (IDAHOBIT) \u00e0 Wiesbaden. L'\u00e9v\u00e9nement met en lumi\u00e8re les pr\u00e9occupations de la communaut\u00e9 LGBTQIA+, envoie un signal clair contre la discrimination et promeut la reconnaissance, la diversit\u00e9 et la participation \u00e0 la soci\u00e9t\u00e9. Gr\u00e2ce \u00e0 notre soutien, IDAHOBIT est devenu un forum public permanent qui permet l'autonomisation, l'\u00e9change et la sensibilisation au sein de la soci\u00e9t\u00e9 urbaine.<\/span><\/p>\n<\/div><\/div><\/div><\/div><\/div><div class=\"w-tabs-section has_text_color\" id=\"x576\" style=\"background:var(--color-header-middle-bg);color:var(--color-content-heading);\"><button class=\"w-tabs-section-header\" aria-controls=\"content-x576\" aria-expanded=\"false\"><div class=\"w-tabs-section-title\">Encourager la jeunesse queer: Les oiseaux de la fiert\u00e9 (Warme Wiesbaden e.V.)<\/div><div class=\"w-tabs-section-control\"><\/div><\/button><div  class=\"w-tabs-section-content\" id=\"content-x576\"><div class=\"w-tabs-section-content-h i-cf\"><div class=\"wpb_text_column\"><div class=\"wpb_wrapper\"><p><span style=\"font-weight: 400;\">Nous avons soutenu le travail de Warme Wiesbaden e.V. afin que les jeunes queer du groupe de jeunes \u00abBirds of Pride\u00bb puissent \u00e9changer en toute s\u00e9curit\u00e9, recevoir un soutien et d\u00e9velopper librement leur identit\u00e9. Gr\u00e2ce \u00e0 notre soutien politique, les conditions-cadres et les ressources n\u00e9cessaires ont \u00e9t\u00e9 garanties. Nous cr\u00e9ons ainsi un espace prot\u00e9g\u00e9 pour l'autonomisation, la mise en r\u00e9seau et la participation et renfor\u00e7ons la visibilit\u00e9 et l'acceptation des jeunes queer \u00e0 Wiesbaden.<\/span><\/p>\n<\/div><\/div><\/div><\/div><\/div><div class=\"w-tabs-section has_text_color\" id=\"y69a\" style=\"background:var(--color-header-transparent-text);color:var(--color-header-top-text-hover);\"><button class=\"w-tabs-section-header\" aria-controls=\"content-y69a\" aria-expanded=\"false\"><div class=\"w-tabs-section-title\">Queeres Zentrum Wiesbaden e.V. renforc\u00e9<\/div><div class=\"w-tabs-section-control\"><\/div><\/button><div  class=\"w-tabs-section-content\" id=\"content-y69a\"><div class=\"w-tabs-section-content-h i-cf\"><div class=\"wpb_text_column\"><div class=\"wpb_wrapper\"><p><span style=\"font-weight: 400;\">Nous avons mis \u00e0 disposition du Queeren Zentrum Wiesbaden (QZ e.V.) une solution provisoire et avons permis le d\u00e9m\u00e9nagement dans les salles finales d'ici la fin 2025. Le centre offre un lieu s\u00fbr pour le conseil, les loisirs, la mise en r\u00e9seau et l'autonomisation de la communaut\u00e9 queer. Notre soutien politique a permis de s\u00e9curiser les espaces, l'\u00e9quipement et l'exploitation. Nous cr\u00e9ons ainsi des points de contact visibles et prot\u00e9g\u00e9s, renfor\u00e7ons la participation des personnes queer et encourageons une baignade diversifi\u00e9e et ouverte \u00e0 Wiesbaden.<\/span><\/p>\n<\/div><\/div><\/div><\/div><\/div><div class=\"w-tabs-section has_text_color\" id=\"s7bb\" style=\"background:var(--color-header-transparent-text);color:var(--color-header-top-text-hover);\"><button class=\"w-tabs-section-header\" aria-controls=\"content-s7bb\" aria-expanded=\"false\"><div class=\"w-tabs-section-title\">Renforcement de l'organe de coordination LGBT*IQ<\/div><div class=\"w-tabs-section-control\"><\/div><\/button><div  class=\"w-tabs-section-content\" id=\"content-s7bb\"><div class=\"w-tabs-section-content-h i-cf\"><div class=\"wpb_text_column\"><div class=\"wpb_wrapper\"><p><span style=\"font-weight: 400;\">Nous avons obtenu et occup\u00e9 le deuxi\u00e8me poste au sein du bureau de coordination LGBT*IQ. Cela permet de traiter plus rapidement les pr\u00e9occupations de la communaut\u00e9 queer, de mettre en \u0153uvre des mesures et d'assurer durablement la protection, la visibilit\u00e9 et la participation.<\/span><\/p>\n<\/div><\/div><\/div><\/div><\/div><div class=\"w-tabs-section has_text_color\" id=\"u8f7\" style=\"background:var(--color-header-transparent-text);color:var(--color-header-top-text-hover);\"><button class=\"w-tabs-section-header\" aria-controls=\"content-u8f7\" aria-expanded=\"false\"><div class=\"w-tabs-section-title\">Table ronde LSBT*IQ<\/div><div class=\"w-tabs-section-control\"><\/div><\/button><div  class=\"w-tabs-section-content\" id=\"content-u8f7\"><div class=\"w-tabs-section-content-h i-cf\"><div class=\"wpb_text_column\"><div class=\"wpb_wrapper\"><p><span style=\"font-weight: 400;\">Nous avons mis en place une table ronde LSBT*IQ tous les trimestres. Ici, l'administration, la politique et la communaut\u00e9 \u00e9changent sur des sujets d'actualit\u00e9 et \u00e9laborent ensemble des mesures pour am\u00e9liorer la visibilit\u00e9, la protection et l'\u00e9galit\u00e9.<\/span><\/p>\n<\/div><\/div><\/div><\/div><\/div><div class=\"w-tabs-section has_text_color\" id=\"aa16\" style=\"background:var(--color-header-transparent-text);color:var(--color-header-top-text-hover);\"><button class=\"w-tabs-section-header\" aria-controls=\"content-aa16\" aria-expanded=\"false\"><div class=\"w-tabs-section-title\">R\u00e9union d'experts sur la violence<\/div><div class=\"w-tabs-section-control\"><\/div><\/button><div  class=\"w-tabs-section-content\" id=\"content-aa16\"><div class=\"w-tabs-section-content-h i-cf\"><div class=\"wpb_text_column\"><div class=\"wpb_wrapper\"><p><span style=\"font-weight: 400;\">Nous avons lanc\u00e9 un colloque sur la violence envers les personnes LGBTQIA*. Les professionnels et les organisations \u00e9changent pour am\u00e9liorer les mesures de protection et renforcer la pr\u00e9vention de la violence et de la discrimination.<\/span><\/p>\n<\/div><\/div><\/div><\/div><\/div><div class=\"w-tabs-section has_text_color\" id=\"eb44\" style=\"background:var(--color-header-transparent-text);color:var(--color-header-top-text-hover);\"><button class=\"w-tabs-section-header\" aria-controls=\"content-eb44\" aria-expanded=\"false\"><div class=\"w-tabs-section-title\">R\u00e9fugi\u00e9s arc-en-ciel pris en charge<\/div><div class=\"w-tabs-section-control\"><\/div><\/button><div  class=\"w-tabs-section-content\" id=\"content-eb44\"><div class=\"w-tabs-section-content-h i-cf\"><div class=\"wpb_text_column\"><div class=\"wpb_wrapper\"><p><span style=\"font-weight: 400;\">Nous avons veill\u00e9 \u00e0 ce que les r\u00e9fugi\u00e9s queer \u00e0 Wiesbaden soient visiblement soutenus et bien int\u00e9gr\u00e9s. Gr\u00e2ce \u00e0 des d\u00e9cisions politiques, nous avons encourag\u00e9 la coop\u00e9ration entre la ville, l'Aide contre le SIDA de Hesse et d'autres organisations. Le projet \u00abRainbow Refugee Support\u00bb fournit des conseils, un accompagnement dans les proc\u00e9dures d\u2019asile, un soutien psychosocial et des offres de groupe pour pr\u00e9venir l\u2019isolement. Nous, les VERTS, avons cr\u00e9\u00e9 le cadre pour que les r\u00e9fugi\u00e9s queer puissent b\u00e9n\u00e9ficier de la protection, de l'autonomisation et de la participation dans notre ville.<\/span><\/p>\n<\/div><\/div><\/div><\/div><\/div><div class=\"w-tabs-section has_text_color\" id=\"ac76\" style=\"background:var(--color-header-transparent-text);color:var(--color-header-top-text-hover);\"><button class=\"w-tabs-section-header\" aria-controls=\"content-ac76\" aria-expanded=\"false\"><div class=\"w-tabs-section-title\">Rendre visible la diversit\u00e9 \u00e0 Wiesbaden<\/div><div class=\"w-tabs-section-control\"><\/div><\/button><div  class=\"w-tabs-section-content\" id=\"content-ac76\"><div class=\"w-tabs-section-content-h i-cf\"><div class=\"wpb_text_column\"><div class=\"wpb_wrapper\"><p><span style=\"font-weight: 400;\">Nous avons donn\u00e9 des signes: Une bande de z\u00e8bre arc-en-ciel et une toupie arc-en-ciel rendent visible la diversit\u00e9 de notre ville. Ils sont des symboles concrets d'acceptation, de visibilit\u00e9 et d'\u00e9galit\u00e9 et montrent que Wiesbaden est une ville ouverte aux personnes LGBTQIA*. Ces signes visibles \u00e0 long terme renforcent la confiance en soi de la communaut\u00e9 et sensibilisent l'ensemble de la soci\u00e9t\u00e9 urbaine.<\/span><\/p>\n<\/div><\/div><\/div><\/div><\/div><\/div><\/div><div class=\"w-separator size_medium\"><\/div><div class=\"w-btn-wrapper align_left\"><a class=\"w-btn us-btn-style_8 icon_atleft\" href=\"https:\/\/gruene-wiesbaden.de\/fr\/kommunalwahl\/#Kapitel2\"><i class=\"fas fa-chevron-circle-right\"><\/i><span class=\"w-btn-label\">Retour \u00e0 la vue d'ensemble<\/span><\/a><\/div><div class=\"w-separator size_large\"><\/div><\/div><\/div><\/div><\/div><\/section>","protected":false},"excerpt":{"rendered":"Une soci\u00e9t\u00e9 urbaine ouverte, diversifi\u00e9e et juste signifie que les personnes peuvent vivre en toute s\u00e9curit\u00e9, visiblement et de mani\u00e8re autonome, ind\u00e9pendamment de leur orientation sexuelle ou de leur identit\u00e9 de genre. Toutefois, \u00e0 Wiesbaden, les personnes LGBTQIA* continuent de faire l\u2019objet de discriminations, d\u2019invisibilit\u00e9s et d\u2019hostilit\u00e9s, que ce soit dans leur vie quotidienne, dans l\u2019espace public ou dans les institutions. Pour les Verts, c'est clair: L'\u00e9galit\u00e9 des droits et la reconnaissance ne sont pas...","protected":false},"author":1,"featured_media":1547,"comment_status":"closed","ping_status":"closed","sticky":false,"template":"","format":"standard","meta":{"footnotes":""},"categories":[15],"tags":[],"class_list":["post-1351","post","type-post","status-publish","format-standard","has-post-thumbnail","hentry","category-kapitel-2"],"yoast_head":"<!-- This site is optimized with the Yoast SEO plugin v27.5 - https:\/\/yoast.com\/product\/yoast-seo-wordpress\/ -->\n<title>Gleichstellung von LGBTQIA* - B\u00dcNDNIS 90\/DIE GR\u00dcNEN Wiesbaden<\/title>\n<meta name=\"robots\" content=\"index, follow, max-snippet:-1, max-image-preview:large, max-video-preview:-1\" \/>\n<link rel=\"canonical\" href=\"https:\/\/gruene-wiesbaden.de\/fr\/gleichstellung-von-lgbtqia\/\" \/>\n<meta property=\"og:locale\" content=\"fr_FR\" \/>\n<meta property=\"og:type\" content=\"article\" \/>\n<meta property=\"og:title\" content=\"Gleichstellung von LGBTQIA* - B\u00dcNDNIS 90\/DIE GR\u00dcNEN Wiesbaden\" \/>\n<meta property=\"og:url\" content=\"https:\/\/gruene-wiesbaden.de\/fr\/gleichstellung-von-lgbtqia\/\" \/>\n<meta property=\"og:site_name\" content=\"B\u00dcNDNIS 90\/DIE GR\u00dcNEN Wiesbaden\" \/>\n<meta property=\"article:publisher\" content=\"https:\/\/www.facebook.com\/gruene.wi\" \/>\n<meta property=\"article:published_time\" content=\"2025-11-09T22:10:26+00:00\" \/>\n<meta property=\"article:modified_time\" content=\"2026-04-09T08:27:25+00:00\" \/>\n<meta property=\"og:image\" content=\"https:\/\/gruene-wiesbaden.de\/wp-content\/uploads\/2025\/11\/2.2-Gleichstellung-LGBTQAI-scaled.jpeg\" \/>\n\t<meta property=\"og:image:width\" content=\"2560\" \/>\n\t<meta property=\"og:image:height\" content=\"1707\" \/>\n\t<meta property=\"og:image:type\" content=\"image\/jpeg\" \/>\n<meta name=\"author\" content=\"admin\" \/>\n<meta name=\"twitter:card\" content=\"summary_large_image\" \/>\n<meta name=\"twitter:label1\" content=\"\u00c9crit par\" \/>\n\t<meta name=\"twitter:data1\" content=\"admin\" \/>\n\t<meta name=\"twitter:label2\" content=\"Dur\u00e9e de lecture estim\u00e9e\" \/>\n\t<meta name=\"twitter:data2\" content=\"9 minutes\" \/>\n<script type=\"application\/ld+json\" class=\"yoast-schema-graph\">{\"@context\":\"https:\\\/\\\/schema.org\",\"@graph\":[{\"@type\":\"Article\",\"@id\":\"https:\\\/\\\/gruene-wiesbaden.de\\\/gleichstellung-von-lgbtqia\\\/#article\",\"isPartOf\":{\"@id\":\"https:\\\/\\\/gruene-wiesbaden.de\\\/gleichstellung-von-lgbtqia\\\/\"},\"author\":{\"name\":\"admin\",\"@id\":\"https:\\\/\\\/gruene-wiesbaden.de\\\/#\\\/schema\\\/person\\\/6785c34779159cd4fd86886bb097afe9\"},\"headline\":\"Gleichstellung von LGBTQIA*\",\"datePublished\":\"2025-11-09T22:10:26+00:00\",\"dateModified\":\"2026-04-09T08:27:25+00:00\",\"mainEntityOfPage\":{\"@id\":\"https:\\\/\\\/gruene-wiesbaden.de\\\/gleichstellung-von-lgbtqia\\\/\"},\"wordCount\":2670,\"publisher\":{\"@id\":\"https:\\\/\\\/gruene-wiesbaden.de\\\/#organization\"},\"image\":{\"@id\":\"https:\\\/\\\/gruene-wiesbaden.de\\\/gleichstellung-von-lgbtqia\\\/#primaryimage\"},\"thumbnailUrl\":\"https:\\\/\\\/gruene-wiesbaden.de\\\/wp-content\\\/uploads\\\/2025\\\/11\\\/2.2-Gleichstellung-LGBTQAI-scaled.jpeg\",\"articleSection\":[\"Kapitel 2\"],\"inLanguage\":\"fr-FR\"},{\"@type\":\"WebPage\",\"@id\":\"https:\\\/\\\/gruene-wiesbaden.de\\\/gleichstellung-von-lgbtqia\\\/\",\"url\":\"https:\\\/\\\/gruene-wiesbaden.de\\\/gleichstellung-von-lgbtqia\\\/\",\"name\":\"Gleichstellung von LGBTQIA* - B\u00dcNDNIS 90\\\/DIE GR\u00dcNEN Wiesbaden\",\"isPartOf\":{\"@id\":\"https:\\\/\\\/gruene-wiesbaden.de\\\/#website\"},\"primaryImageOfPage\":{\"@id\":\"https:\\\/\\\/gruene-wiesbaden.de\\\/gleichstellung-von-lgbtqia\\\/#primaryimage\"},\"image\":{\"@id\":\"https:\\\/\\\/gruene-wiesbaden.de\\\/gleichstellung-von-lgbtqia\\\/#primaryimage\"},\"thumbnailUrl\":\"https:\\\/\\\/gruene-wiesbaden.de\\\/wp-content\\\/uploads\\\/2025\\\/11\\\/2.2-Gleichstellung-LGBTQAI-scaled.jpeg\",\"datePublished\":\"2025-11-09T22:10:26+00:00\",\"dateModified\":\"2026-04-09T08:27:25+00:00\",\"breadcrumb\":{\"@id\":\"https:\\\/\\\/gruene-wiesbaden.de\\\/gleichstellung-von-lgbtqia\\\/#breadcrumb\"},\"inLanguage\":\"fr-FR\",\"potentialAction\":[{\"@type\":\"ReadAction\",\"target\":[\"https:\\\/\\\/gruene-wiesbaden.de\\\/gleichstellung-von-lgbtqia\\\/\"]}]},{\"@type\":\"ImageObject\",\"inLanguage\":\"fr-FR\",\"@id\":\"https:\\\/\\\/gruene-wiesbaden.de\\\/gleichstellung-von-lgbtqia\\\/#primaryimage\",\"url\":\"https:\\\/\\\/gruene-wiesbaden.de\\\/wp-content\\\/uploads\\\/2025\\\/11\\\/2.2-Gleichstellung-LGBTQAI-scaled.jpeg\",\"contentUrl\":\"https:\\\/\\\/gruene-wiesbaden.de\\\/wp-content\\\/uploads\\\/2025\\\/11\\\/2.2-Gleichstellung-LGBTQAI-scaled.jpeg\",\"width\":2560,\"height\":1707},{\"@type\":\"BreadcrumbList\",\"@id\":\"https:\\\/\\\/gruene-wiesbaden.de\\\/gleichstellung-von-lgbtqia\\\/#breadcrumb\",\"itemListElement\":[{\"@type\":\"ListItem\",\"position\":1,\"name\":\"Startseite\",\"item\":\"https:\\\/\\\/gruene-wiesbaden.de\\\/\"},{\"@type\":\"ListItem\",\"position\":2,\"name\":\"Gleichstellung von LGBTQIA*\"}]},{\"@type\":\"WebSite\",\"@id\":\"https:\\\/\\\/gruene-wiesbaden.de\\\/#website\",\"url\":\"https:\\\/\\\/gruene-wiesbaden.de\\\/\",\"name\":\"DIE GR\u00dcNEN Wiesbaden\",\"description\":\"\",\"publisher\":{\"@id\":\"https:\\\/\\\/gruene-wiesbaden.de\\\/#organization\"},\"potentialAction\":[{\"@type\":\"SearchAction\",\"target\":{\"@type\":\"EntryPoint\",\"urlTemplate\":\"https:\\\/\\\/gruene-wiesbaden.de\\\/?s={search_term_string}\"},\"query-input\":{\"@type\":\"PropertyValueSpecification\",\"valueRequired\":true,\"valueName\":\"search_term_string\"}}],\"inLanguage\":\"fr-FR\"},{\"@type\":\"Organization\",\"@id\":\"https:\\\/\\\/gruene-wiesbaden.de\\\/#organization\",\"name\":\"DIE GR\u00dcNEN Wiesbaden\",\"url\":\"https:\\\/\\\/gruene-wiesbaden.de\\\/\",\"logo\":{\"@type\":\"ImageObject\",\"inLanguage\":\"fr-FR\",\"@id\":\"https:\\\/\\\/gruene-wiesbaden.de\\\/#\\\/schema\\\/logo\\\/image\\\/\",\"url\":\"https:\\\/\\\/gruene-wiesbaden-fuer-europa.de\\\/wp-content\\\/uploads\\\/2024\\\/04\\\/Machen-was-zaehlt-5.png\",\"contentUrl\":\"https:\\\/\\\/gruene-wiesbaden-fuer-europa.de\\\/wp-content\\\/uploads\\\/2024\\\/04\\\/Machen-was-zaehlt-5.png\",\"width\":1772,\"height\":1772,\"caption\":\"DIE GR\u00dcNEN Wiesbaden\"},\"image\":{\"@id\":\"https:\\\/\\\/gruene-wiesbaden.de\\\/#\\\/schema\\\/logo\\\/image\\\/\"},\"sameAs\":[\"https:\\\/\\\/www.facebook.com\\\/gruene.wi\",\"https:\\\/\\\/instagram.com\\\/gruene_wi\"]},{\"@type\":\"Person\",\"@id\":\"https:\\\/\\\/gruene-wiesbaden.de\\\/#\\\/schema\\\/person\\\/6785c34779159cd4fd86886bb097afe9\",\"name\":\"admin\",\"sameAs\":[\"http:\\\/\\\/gruene-wiesbaden-fuer-europa.de\"],\"url\":\"https:\\\/\\\/gruene-wiesbaden.de\\\/fr\\\/author\\\/admin\\\/\"}]}<\/script>\n<!-- \/ Yoast SEO plugin. -->","yoast_head_json":{"title":"Gleichstellung von LGBTQIA* - B\u00dcNDNIS 90\/DIE GR\u00dcNEN Wiesbaden","robots":{"index":"index","follow":"follow","max-snippet":"max-snippet:-1","max-image-preview":"max-image-preview:large","max-video-preview":"max-video-preview:-1"},"canonical":"https:\/\/gruene-wiesbaden.de\/fr\/gleichstellung-von-lgbtqia\/","og_locale":"fr_FR","og_type":"article","og_title":"Gleichstellung von LGBTQIA* - B\u00dcNDNIS 90\/DIE GR\u00dcNEN Wiesbaden","og_url":"https:\/\/gruene-wiesbaden.de\/fr\/gleichstellung-von-lgbtqia\/","og_site_name":"B\u00dcNDNIS 90\/DIE GR\u00dcNEN Wiesbaden","article_publisher":"https:\/\/www.facebook.com\/gruene.wi","article_published_time":"2025-11-09T22:10:26+00:00","article_modified_time":"2026-04-09T08:27:25+00:00","og_image":[{"width":2560,"height":1707,"url":"https:\/\/gruene-wiesbaden.de\/wp-content\/uploads\/2025\/11\/2.2-Gleichstellung-LGBTQAI-scaled.jpeg","type":"image\/jpeg"}],"author":"admin","twitter_card":"summary_large_image","twitter_misc":{"\u00c9crit par":"admin","Dur\u00e9e de lecture estim\u00e9e":"9 minutes"},"schema":{"@context":"https:\/\/schema.org","@graph":[{"@type":"Article","@id":"https:\/\/gruene-wiesbaden.de\/gleichstellung-von-lgbtqia\/#article","isPartOf":{"@id":"https:\/\/gruene-wiesbaden.de\/gleichstellung-von-lgbtqia\/"},"author":{"name":"admin","@id":"https:\/\/gruene-wiesbaden.de\/#\/schema\/person\/6785c34779159cd4fd86886bb097afe9"},"headline":"Gleichstellung von LGBTQIA*","datePublished":"2025-11-09T22:10:26+00:00","dateModified":"2026-04-09T08:27:25+00:00","mainEntityOfPage":{"@id":"https:\/\/gruene-wiesbaden.de\/gleichstellung-von-lgbtqia\/"},"wordCount":2670,"publisher":{"@id":"https:\/\/gruene-wiesbaden.de\/#organization"},"image":{"@id":"https:\/\/gruene-wiesbaden.de\/gleichstellung-von-lgbtqia\/#primaryimage"},"thumbnailUrl":"https:\/\/gruene-wiesbaden.de\/wp-content\/uploads\/2025\/11\/2.2-Gleichstellung-LGBTQAI-scaled.jpeg","articleSection":["Kapitel 2"],"inLanguage":"fr-FR"},{"@type":"WebPage","@id":"https:\/\/gruene-wiesbaden.de\/gleichstellung-von-lgbtqia\/","url":"https:\/\/gruene-wiesbaden.de\/gleichstellung-von-lgbtqia\/","name":"Gleichstellung von LGBTQIA* - B\u00dcNDNIS 90\/DIE GR\u00dcNEN Wiesbaden","isPartOf":{"@id":"https:\/\/gruene-wiesbaden.de\/#website"},"primaryImageOfPage":{"@id":"https:\/\/gruene-wiesbaden.de\/gleichstellung-von-lgbtqia\/#primaryimage"},"image":{"@id":"https:\/\/gruene-wiesbaden.de\/gleichstellung-von-lgbtqia\/#primaryimage"},"thumbnailUrl":"https:\/\/gruene-wiesbaden.de\/wp-content\/uploads\/2025\/11\/2.2-Gleichstellung-LGBTQAI-scaled.jpeg","datePublished":"2025-11-09T22:10:26+00:00","dateModified":"2026-04-09T08:27:25+00:00","breadcrumb":{"@id":"https:\/\/gruene-wiesbaden.de\/gleichstellung-von-lgbtqia\/#breadcrumb"},"inLanguage":"fr-FR","potentialAction":[{"@type":"ReadAction","target":["https:\/\/gruene-wiesbaden.de\/gleichstellung-von-lgbtqia\/"]}]},{"@type":"ImageObject","inLanguage":"fr-FR","@id":"https:\/\/gruene-wiesbaden.de\/gleichstellung-von-lgbtqia\/#primaryimage","url":"https:\/\/gruene-wiesbaden.de\/wp-content\/uploads\/2025\/11\/2.2-Gleichstellung-LGBTQAI-scaled.jpeg","contentUrl":"https:\/\/gruene-wiesbaden.de\/wp-content\/uploads\/2025\/11\/2.2-Gleichstellung-LGBTQAI-scaled.jpeg","width":2560,"height":1707},{"@type":"BreadcrumbList","@id":"https:\/\/gruene-wiesbaden.de\/gleichstellung-von-lgbtqia\/#breadcrumb","itemListElement":[{"@type":"ListItem","position":1,"name":"Startseite","item":"https:\/\/gruene-wiesbaden.de\/"},{"@type":"ListItem","position":2,"name":"Gleichstellung von LGBTQIA*"}]},{"@type":"WebSite","@id":"https:\/\/gruene-wiesbaden.de\/#website","url":"https:\/\/gruene-wiesbaden.de\/","name":"DIE GR\u00dcNEN Wiesbaden","description":"","publisher":{"@id":"https:\/\/gruene-wiesbaden.de\/#organization"},"potentialAction":[{"@type":"SearchAction","target":{"@type":"EntryPoint","urlTemplate":"https:\/\/gruene-wiesbaden.de\/?s={search_term_string}"},"query-input":{"@type":"PropertyValueSpecification","valueRequired":true,"valueName":"search_term_string"}}],"inLanguage":"fr-FR"},{"@type":"Organization","@id":"https:\/\/gruene-wiesbaden.de\/#organization","name":"DIE GR\u00dcNEN Wiesbaden","url":"https:\/\/gruene-wiesbaden.de\/","logo":{"@type":"ImageObject","inLanguage":"fr-FR","@id":"https:\/\/gruene-wiesbaden.de\/#\/schema\/logo\/image\/","url":"https:\/\/gruene-wiesbaden-fuer-europa.de\/wp-content\/uploads\/2024\/04\/Machen-was-zaehlt-5.png","contentUrl":"https:\/\/gruene-wiesbaden-fuer-europa.de\/wp-content\/uploads\/2024\/04\/Machen-was-zaehlt-5.png","width":1772,"height":1772,"caption":"DIE GR\u00dcNEN Wiesbaden"},"image":{"@id":"https:\/\/gruene-wiesbaden.de\/#\/schema\/logo\/image\/"},"sameAs":["https:\/\/www.facebook.com\/gruene.wi","https:\/\/instagram.com\/gruene_wi"]},{"@type":"Person","@id":"https:\/\/gruene-wiesbaden.de\/#\/schema\/person\/6785c34779159cd4fd86886bb097afe9","name":"admin","sameAs":["http:\/\/gruene-wiesbaden-fuer-europa.de"],"url":"https:\/\/gruene-wiesbaden.de\/fr\/author\/admin\/"}]}},"_links":{"self":[{"href":"https:\/\/gruene-wiesbaden.de\/fr\/wp-json\/wp\/v2\/posts\/1351","targetHints":{"allow":["GET"]}}],"collection":[{"href":"https:\/\/gruene-wiesbaden.de\/fr\/wp-json\/wp\/v2\/posts"}],"about":[{"href":"https:\/\/gruene-wiesbaden.de\/fr\/wp-json\/wp\/v2\/types\/post"}],"author":[{"embeddable":true,"href":"https:\/\/gruene-wiesbaden.de\/fr\/wp-json\/wp\/v2\/users\/1"}],"replies":[{"embeddable":true,"href":"https:\/\/gruene-wiesbaden.de\/fr\/wp-json\/wp\/v2\/comments?post=1351"}],"version-history":[{"count":8,"href":"https:\/\/gruene-wiesbaden.de\/fr\/wp-json\/wp\/v2\/posts\/1351\/revisions"}],"predecessor-version":[{"id":2390,"href":"https:\/\/gruene-wiesbaden.de\/fr\/wp-json\/wp\/v2\/posts\/1351\/revisions\/2390"}],"wp:featuredmedia":[{"embeddable":true,"href":"https:\/\/gruene-wiesbaden.de\/fr\/wp-json\/wp\/v2\/media\/1547"}],"wp:attachment":[{"href":"https:\/\/gruene-wiesbaden.de\/fr\/wp-json\/wp\/v2\/media?parent=1351"}],"wp:term":[{"taxonomy":"category","embeddable":true,"href":"https:\/\/gruene-wiesbaden.de\/fr\/wp-json\/wp\/v2\/categories?post=1351"},{"taxonomy":"post_tag","embeddable":true,"href":"https:\/\/gruene-wiesbaden.de\/fr\/wp-json\/wp\/v2\/tags?post=1351"}],"curies":[{"name":"wp","href":"https:\/\/api.w.org\/{rel}","templated":true}]}}