{"id":1349,"date":"2025-11-10T00:09:19","date_gmt":"2025-11-09T22:09:19","guid":{"rendered":"https:\/\/gruene-wiesbaden.de\/?p=1349"},"modified":"2026-04-09T10:25:16","modified_gmt":"2026-04-09T08:25:16","slug":"geschlechtergerechtigkeit","status":"publish","type":"post","link":"https:\/\/gruene-wiesbaden.de\/fr\/geschlechtergerechtigkeit\/","title":{"rendered":"\u00c9galit\u00e9 entre les hommes et les femmes"},"content":{"rendered":"<section class=\"l-section wpb_row height_medium with_img\"><div class=\"l-section-img\" role=\"img\" data-img-width=\"1080\" data-img-height=\"800\" style=\"background-image: url(https:\/\/gruene-wiesbaden.de\/wp-content\/uploads\/2025\/11\/neuer-Verlauf-gruene-wiesbaden.de_-2-e1762709402177.png);\"><\/div><div class=\"l-section-overlay\" style=\"background:var(--color-header-top-transparent-bg)\"><\/div><div class=\"l-section-h i-cf\"><div class=\"g-cols vc_row via_grid cols_1 laptops-cols_inherit tablets-cols_inherit mobiles-cols_1 valign_top type_default stacking_default\"><div class=\"wpb_column vc_column_container\"><div class=\"vc_column-inner\"><h1 class=\"w-post-elm post_title us_custom_a574d586 has_text_color entry-title\">\u00c9galit\u00e9 entre les hommes et les femmes<\/h1><div class=\"w-separator size_medium\"><\/div><div class=\"g-cols wpb_row via_grid cols_2-1 laptops-cols_inherit tablets-cols_inherit mobiles-cols_1 valign_top type_default stacking_default\" style=\"--columns-gap:3rem;\"><div class=\"wpb_column vc_column_container\"><div class=\"vc_column-inner\"><div class=\"wpb_text_column us_custom_8b3d6790 has_text_color\"><div class=\"wpb_wrapper\"><p><span style=\"font-weight: 400;\">L'\u00e9galit\u00e9 des sexes est une condition pr\u00e9alable \u00e0 une ville juste et durable. Elle concerne \u00e0 la fois le travail, l'\u00e9ducation, la sant\u00e9, la s\u00e9curit\u00e9, la culture, les transports et l'urbanisme. Les femmes et les hommes vivent Wiesbaden diff\u00e9remment: Les femmes sont plus susceptibles d'\u00eatre touch\u00e9es par la pauvret\u00e9, le travail de soins, la violence et l'ins\u00e9curit\u00e9 dans l'espace public, tandis que les hommes continuent de dominer les postes de direction et d'utiliser davantage la voiture. Les offres de sant\u00e9 et d'\u00e9ducation refl\u00e8tent \u00e9galement ces diff\u00e9rences.<\/span><\/p>\n<p><span style=\"font-weight: 400;\">Pour nous, les VERTS, l'\u00e9galit\u00e9 des sexes n'est pas un sujet marginal, mais une t\u00e2che transversale: Elle rend notre ville plus juste, plus s\u00fbre et plus vivable pour tous les habitants de Wiesbaden.<\/span><\/p>\n<\/div><\/div><div class=\"w-separator size_medium\"><\/div><div class=\"w-btn-wrapper align_left\"><a class=\"w-btn us-btn-style_8 icon_atleft\" href=\"https:\/\/gruene-wiesbaden.de\/fr\/kommunalwahl\/#Kapitel2\"><i class=\"fas fa-chevron-circle-right\"><\/i><span class=\"w-btn-label\">Retour \u00e0 la vue d'ensemble<\/span><\/a><\/div><\/div><\/div><div class=\"wpb_column vc_column_container\"><div class=\"vc_column-inner\"><div class=\"w-image align_center\"><div class=\"w-image-h\"><img decoding=\"async\" width=\"2560\" height=\"1350\" src=\"https:\/\/gruene-wiesbaden.de\/wp-content\/uploads\/2025\/11\/2.1-Geschlechtergerechtigkeit-scaled.jpeg\" class=\"attachment-full size-full\" alt=\"\" loading=\"lazy\" srcset=\"https:\/\/gruene-wiesbaden.de\/wp-content\/uploads\/2025\/11\/2.1-Geschlechtergerechtigkeit-scaled.jpeg 2560w, https:\/\/gruene-wiesbaden.de\/wp-content\/uploads\/2025\/11\/2.1-Geschlechtergerechtigkeit-400x211.jpeg 400w, https:\/\/gruene-wiesbaden.de\/wp-content\/uploads\/2025\/11\/2.1-Geschlechtergerechtigkeit-600x316.jpeg 600w\" sizes=\"auto, (max-width: 2560px) 100vw, 2560px\" \/><\/div><\/div><div class=\"w-separator size_small\"><\/div><\/div><\/div><\/div><div class=\"w-separator size_medium\"><\/div><div class=\"w-separator size_medium\"><\/div><div class=\"wpb_text_column\"><div class=\"wpb_wrapper\"><h1>Ce que l'\u00e9galit\u00e9 des sexes signifie pour nous<\/h1>\n<\/div><\/div><div class=\"w-separator size_large\"><\/div><div class=\"g-cols wpb_row via_grid cols_3 laptops-cols_inherit tablets-cols_inherit mobiles-cols_1 valign_top type_default stacking_default\" style=\"--columns-gap:3rem;\"><div class=\"wpb_column vc_column_container\"><div class=\"vc_column-inner\"><div class=\"w-iconbox us_custom_8b3d6790 has_text_color iconpos_left style_default color_custom align_left\"><div class=\"w-iconbox-icon\" style=\"font-size:2rem;--icon-color:#Ffffff;--icon-bg-color:var(--color-header-middle-bg);\"><i class=\"fas fa-layer-group\"><\/i><\/div><div class=\"w-iconbox-meta\"><h4 class=\"w-iconbox-title\" style=\"font-size:1.5rem;\">Se d\u00e9placer en toute s\u00e9curit\u00e9, n'importe o\u00f9 et n'importe quand<\/h4><div class=\"w-iconbox-text\"><p><span style=\"font-weight: 400;\">Les femmes utilisent les transports en commun et marchent souvent. L'\u00e9clairage, les arr\u00eats s\u00e9curis\u00e9s et les espaces publics prot\u00e8gent contre la violence et le catcalling.<\/span><\/p>\n<\/div><\/div><\/div><\/div><\/div><div class=\"wpb_column vc_column_container\"><div class=\"vc_column-inner\"><div class=\"w-iconbox us_custom_8b3d6790 has_text_color iconpos_left style_default color_custom align_left\"><div class=\"w-iconbox-icon\" style=\"font-size:2rem;--icon-color:#Ffffff;--icon-bg-color:var(--color-header-transparent-text);\"><i class=\"fas fa-layer-group\"><\/i><\/div><div class=\"w-iconbox-meta\"><h4 class=\"w-iconbox-title\" style=\"font-size:1.5rem;\">Travail \u00e9quitable<\/h4><div class=\"w-iconbox-text\"><p><span style=\"font-weight: 400;\">Les in\u00e9galit\u00e9s salariales et les charges multiples touchent particuli\u00e8rement les femmes. Nous cr\u00e9ons des structures pour un travail et des soins \u00e9quitables.<\/span><\/p>\n<\/div><\/div><\/div><\/div><\/div><div class=\"wpb_column vc_column_container\"><div class=\"vc_column-inner\"><div class=\"w-iconbox us_custom_8b3d6790 has_text_color iconpos_left style_default color_custom align_left\"><div class=\"w-iconbox-icon\" style=\"font-size:2rem;--icon-color:#Ffffff;--icon-bg-color:var(--color-header-transparent-text);\"><i class=\"fas fa-layer-group\"><\/i><\/div><div class=\"w-iconbox-meta\"><h4 class=\"w-iconbox-title\" style=\"font-size:1.5rem;\">parit\u00e9<\/h4><div class=\"w-iconbox-text\"><p><span style=\"font-weight: 400;\">Les organes et l\u2019administration doivent refl\u00e9ter la diversit\u00e9 de Wiesbaden \u2013 une v\u00e9ritable parit\u00e9 est une \u00e9vidence d\u00e9mocratique.<\/span><\/p>\n<\/div><\/div><\/div><\/div><\/div><\/div><div class=\"w-separator size_medium\"><\/div><div class=\"g-cols wpb_row via_grid cols_3 laptops-cols_inherit tablets-cols_inherit mobiles-cols_1 valign_top type_default stacking_default\" style=\"--columns-gap:3rem;\"><div class=\"wpb_column vc_column_container\"><div class=\"vc_column-inner\"><div class=\"w-iconbox us_custom_8b3d6790 has_text_color iconpos_left style_default color_custom align_left\"><div class=\"w-iconbox-icon\" style=\"font-size:2rem;--icon-color:#Ffffff;--icon-bg-color:var(--color-header-middle-bg);\"><i class=\"fas fa-layer-group\"><\/i><\/div><div class=\"w-iconbox-meta\"><h4 class=\"w-iconbox-title\" style=\"font-size:1.5rem;\">sant\u00e9<\/h4><div class=\"w-iconbox-text\"><p><span style=\"font-weight: 400;\">Nous renfor\u00e7ons l'acc\u00e8s aux contraceptifs, aux produits menstruels et \u00e0 la pr\u00e9vention sp\u00e9cifique aux femmes. L'\u00e9galit\u00e9 des sexes garantit une r\u00e9elle libert\u00e9 de choix.<\/span><\/p>\n<\/div><\/div><\/div><\/div><\/div><div class=\"wpb_column vc_column_container\"><div class=\"vc_column-inner\"><div class=\"w-iconbox us_custom_8b3d6790 has_text_color iconpos_left style_default color_custom align_left\"><div class=\"w-iconbox-icon\" style=\"font-size:2rem;--icon-color:#Ffffff;--icon-bg-color:var(--color-header-transparent-text);\"><i class=\"fas fa-layer-group\"><\/i><\/div><div class=\"w-iconbox-meta\"><h4 class=\"w-iconbox-title\" style=\"font-size:1.5rem;\">intersectionnalit\u00e9<\/h4><div class=\"w-iconbox-text\"><p><span style=\"font-weight: 400;\">L\u2019intersectionnalit\u00e9 d\u00e9crit la discrimination multiple, par exemple chez les femmes de couleur ou les personnes TINA*. Nous renfor\u00e7ons la visibilit\u00e9 et la participation afin que Wiesbaden englobe toutes les perspectives.<\/span><\/p>\n<\/div><\/div><\/div><\/div><\/div><div class=\"wpb_column vc_column_container\"><div class=\"vc_column-inner\"><\/div><\/div><\/div><div class=\"w-separator size_medium\"><\/div><div class=\"w-btn-wrapper align_left\"><a class=\"w-btn us-btn-style_8 icon_atleft\" href=\"https:\/\/gruene-wiesbaden.de\/fr\/kommunalwahl\/#Kapitel2\"><i class=\"fas fa-chevron-circle-right\"><\/i><span class=\"w-btn-label\">Retour \u00e0 la vue d'ensemble<\/span><\/a><\/div><div class=\"w-separator size_medium\"><\/div><\/div><\/div><\/div><\/div><\/section><section class=\"l-section wpb_row height_auto with_img\"><div class=\"l-section-img\" role=\"img\" data-img-width=\"2560\" data-img-height=\"1350\" style=\"background-image: url(https:\/\/gruene-wiesbaden.de\/wp-content\/uploads\/2025\/11\/2.1-Geschlechtergerechtigkeit-scaled.jpeg);background-repeat: no-repeat;\"><\/div><div class=\"l-section-overlay\" style=\"background:var(--color-header-top-transparent-bg)\"><\/div><div class=\"l-section-h i-cf\"><div class=\"g-cols vc_row via_grid cols_1 laptops-cols_inherit tablets-cols_inherit mobiles-cols_1 valign_middle type_default stacking_default\" style=\"--columns-gap:1rem;\"><div class=\"wpb_column vc_column_container\"><div class=\"vc_column-inner\"><div class=\"w-separator size_large\"><\/div><div class=\"wpb_text_column background_inside_text\"><div class=\"wpb_wrapper\"><h1>Ce que nous voulons concr\u00e8tement faire dans ce domaine<\/h1>\n<\/div><\/div><div class=\"w-separator size_medium\"><\/div><div class=\"w-tabs us_custom_42d693a0 has_text_color style_default switch_click accordion has_scrolling\" style=\"--sections-title-size:1.4rem\"><div class=\"w-tabs-sections titles-align_none icon_chevron cpos_right\"><div class=\"w-tabs-section has_text_color\" id=\"fb3b\" style=\"background:var(--color-header-transparent-text);color:var(--color-header-top-text-hover);\"><button class=\"w-tabs-section-header\" aria-controls=\"content-fb3b\" aria-expanded=\"false\"><div class=\"w-tabs-section-title\">Mise en \u0153uvre de la ville de 15 minutes<\/div><div class=\"w-tabs-section-control\"><\/div><\/button><div  class=\"w-tabs-section-content\" id=\"content-fb3b\"><div class=\"w-tabs-section-content-h i-cf\"><div class=\"wpb_text_column\"><div class=\"wpb_wrapper\"><p><span style=\"font-weight: 400;\">Nous voulons une ville de courtes distances o\u00f9 toutes les destinations importantes sont accessibles en 15 minutes. Cela permet de gagner du temps, en particulier pour les femmes, qui continuent de fournir la majeure partie du travail de soins. Dans le m\u00eame temps, moins de circulation automobile et une mobilit\u00e9 durable garantissent des chemins et des endroits s\u00fbrs et bien \u00e9clair\u00e9s o\u00f9 les femmes peuvent se d\u00e9placer plus librement. Les services de proximit\u00e9 dans le quartier renforcent les quartiers et facilitent la vie.<\/span><\/p>\n<\/div><\/div><\/div><\/div><\/div><div class=\"w-tabs-section has_text_color\" id=\"ec56\" style=\"background:var(--color-header-transparent-text);color:var(--color-header-top-text-hover);\"><button class=\"w-tabs-section-header\" aria-controls=\"content-ec56\" aria-expanded=\"false\"><div class=\"w-tabs-section-title\">Planifier les transports en commun en tenant compte de la dimension de genre<\/div><div class=\"w-tabs-section-control\"><\/div><\/button><div  class=\"w-tabs-section-content\" id=\"content-ec56\"><div class=\"w-tabs-section-content-h i-cf\"><div class=\"wpb_text_column\"><div class=\"wpb_wrapper\"><p><span style=\"font-weight: 400;\">Les femmes et les hommes utilisent le trafic diff\u00e9remment. Les femmes parcourent plus souvent les itin\u00e9raires, voyagent plus souvent avec des enfants ou font leurs courses et accordent une attention particuli\u00e8re \u00e0 la s\u00e9curit\u00e9. C'est pourquoi Wiesbaden a besoin de v\u00e9hicules accessibles, d'arr\u00eats s\u00fbrs, de cadences denses m\u00eame le soir et de tarifs \u00e9quitables. Nous nous engageons pour que le nouveau plan de transport en commun prenne en compte les besoins de mobilit\u00e9 de tous et cr\u00e9e ainsi une v\u00e9ritable \u00e9galit\u00e9 au quotidien.<\/span><\/p>\n<\/div><\/div><\/div><\/div><\/div><div class=\"w-tabs-section has_text_color\" id=\"fd6d\" style=\"background:var(--color-header-transparent-text);color:var(--color-header-top-text-hover);\"><button class=\"w-tabs-section-header\" aria-controls=\"content-fd6d\" aria-expanded=\"false\"><div class=\"w-tabs-section-title\">Rendre le catcalling visible<\/div><div class=\"w-tabs-section-control\"><\/div><\/button><div  class=\"w-tabs-section-content\" id=\"content-fd6d\"><div class=\"w-tabs-section-content-h i-cf\"><div class=\"wpb_text_column\"><div class=\"wpb_wrapper\"><p><span style=\"font-weight: 400;\">Nous soutenons la campagne \u00abCatcalls of Wiesbaden\u00bb et renfor\u00e7ons ainsi l\u2019attention port\u00e9e au sexisme au quotidien. La visibilit\u00e9 est la premi\u00e8re \u00e9tape pour lutter efficacement contre le harc\u00e8lement. Nous voulons d\u00e9velopper la coop\u00e9ration avec cette campagne et attirer l'attention sur le sexisme d'alpage et la discrimination par le biais de campagnes dans les transports publics et dans le paysage urbain de Wiesbaden.<\/span><\/p>\n<\/div><\/div><\/div><\/div><\/div><div class=\"w-tabs-section has_text_color\" id=\"se8c\" style=\"background:var(--color-header-middle-bg);color:var(--color-content-heading);\"><button class=\"w-tabs-section-header\" aria-controls=\"content-se8c\" aria-expanded=\"false\"><div class=\"w-tabs-section-title\">Convenir de la garde d'enfants et de la politique<\/div><div class=\"w-tabs-section-control\"><\/div><\/button><div  class=\"w-tabs-section-content\" id=\"content-se8c\"><div class=\"w-tabs-section-content-h i-cf\"><div class=\"wpb_text_column\"><div class=\"wpb_wrapper\"><p><span style=\"font-weight: 400;\">Le b\u00e9n\u00e9volat doit \u00eatre plus inclusif. Les femmes sont encore sous-repr\u00e9sent\u00e9es dans la politique urbaine, notamment parce que les r\u00e9unions ont souvent lieu le soir lorsque le travail familial est effectu\u00e9. Sans garde d'enfants fiable, l'obstacle pour les m\u00e8res \u00e0 s'engager est particuli\u00e8rement \u00e9lev\u00e9. C'est la raison pour laquelle nous nous engageons \u00e0 continuer d'allouer des fonds \u00e0 la garde d'enfants et \u00e0 rendre les r\u00e9unions plus efficaces et plus courtes. Nous rendons ainsi la participation politique plus accessible et plus \u00e9quitable et cr\u00e9ons de r\u00e9elles possibilit\u00e9s pour un plus grand nombre de femmes d\u2019apporter leurs points de vue \u00e0 la politique urbaine.<\/span><\/p>\n<\/div><\/div><\/div><\/div><\/div><div class=\"w-tabs-section has_text_color\" id=\"zfa4\" style=\"background:var(--color-header-transparent-text);color:var(--color-header-top-text-hover);\"><button class=\"w-tabs-section-header\" aria-controls=\"content-zfa4\" aria-expanded=\"false\"><div class=\"w-tabs-section-title\">Mettre en \u0153uvre la parit\u00e9 au sein des organes<\/div><div class=\"w-tabs-section-control\"><\/div><\/button><div  class=\"w-tabs-section-content\" id=\"content-zfa4\"><div class=\"w-tabs-section-content-h i-cf\"><div class=\"wpb_text_column\"><div class=\"wpb_wrapper\"><p><span style=\"font-weight: 400;\">Les plus grossiers sont encore largement sous-repr\u00e9sent\u00e9s dans les conseils d\u2019administration, les conseils d\u2019administration des soci\u00e9t\u00e9s et les conseils municipaux, bien qu\u2019ils repr\u00e9sentent la moiti\u00e9 de la population. Le manque de diversit\u00e9 a pour cons\u00e9quence que les perspectives, les exp\u00e9riences et les comp\u00e9tences restent inexploit\u00e9es. Nous veillons donc \u00e0 ce que la parit\u00e9 soit mise en \u0153uvre de mani\u00e8re coh\u00e9rente. Le code de participation rend cela possible \u2013 une repr\u00e9sentation \u00e9gale doit enfin devenir une r\u00e9alit\u00e9 \u00e0 Wiesbaden.<\/span><\/p>\n<\/div><\/div><\/div><\/div><\/div><div class=\"w-tabs-section has_text_color\" id=\"h0ba\" style=\"background:var(--color-header-middle-bg);color:var(--color-header-middle-text);\"><button class=\"w-tabs-section-header\" aria-controls=\"content-h0ba\" aria-expanded=\"false\"><div class=\"w-tabs-section-title\">Introduire des formations sur le sexisme<\/div><div class=\"w-tabs-section-control\"><\/div><\/button><div  class=\"w-tabs-section-content\" id=\"content-h0ba\"><div class=\"w-tabs-section-content-h i-cf\"><div class=\"wpb_text_column\"><div class=\"wpb_wrapper\"><p><span style=\"font-weight: 400;\">Les membres des comit\u00e9s municipaux ont la responsabilit\u00e9 d'une coop\u00e9ration respectueuse. C'est pourquoi nous voulons introduire des formations obligatoires sur le sexisme et la discrimination. Ils sensibilisent aux rapports de force in\u00e9gaux, sensibilisent au langage respectueux et renforcent une culture de l'\u00e9galit\u00e9. Nous veillons ainsi \u00e0 ce que la politique de Wiesbaden soit \u00e9quitable, inclusive et p\u00e9renne et \u00e0 ce que l'\u00e9galit\u00e9 des droits soit renforc\u00e9e dans la politique de Wiesbaden.<\/span><\/p>\n<\/div><\/div><\/div><\/div><\/div><div class=\"w-tabs-section has_text_color\" id=\"x1d1\" style=\"background:var(--color-header-transparent-text);color:var(--color-header-top-text-hover);\"><button class=\"w-tabs-section-header\" aria-controls=\"content-x1d1\" aria-expanded=\"false\"><div class=\"w-tabs-section-title\">Promouvoir l\u2019\u00e9galit\u00e9 num\u00e9rique<\/div><div class=\"w-tabs-section-control\"><\/div><\/button><div  class=\"w-tabs-section-content\" id=\"content-x1d1\"><div class=\"w-tabs-section-content-h i-cf\"><div class=\"wpb_text_column\"><div class=\"wpb_wrapper\"><p><span style=\"font-weight: 400;\">Nous renfor\u00e7ons la participation des filles et des femmes dans l'avenir num\u00e9rique en ciblant le d\u00e9veloppement de leur promotion dans les domaines des technologies de l'information et de l'intelligence artificielle. Pour ce faire, nous soutenons des projets scolaires, des offres Girls\u2019Day et des coop\u00e9rations avec des universit\u00e9s de Wiesbaden. Les programmes de mentorat et les r\u00e9seaux locaux rendent les mod\u00e8les f\u00e9minins visibles et renforcent la diversit\u00e9 dans les professions num\u00e9riques.<\/span><\/p>\n<\/div><\/div><\/div><\/div><\/div><div class=\"w-tabs-section has_text_color\" id=\"l2eb\" style=\"background:var(--color-header-transparent-text);color:var(--color-header-top-text-hover);\"><button class=\"w-tabs-section-header\" aria-controls=\"content-l2eb\" aria-expanded=\"false\"><div class=\"w-tabs-section-title\">Promouvoir des ateliers de pr\u00e9vention dans les \u00e9coles<\/div><div class=\"w-tabs-section-control\"><\/div><\/button><div  class=\"w-tabs-section-content\" id=\"content-l2eb\"><div class=\"w-tabs-section-content-h i-cf\"><div class=\"wpb_text_column\"><div class=\"wpb_wrapper\"><p><span style=\"font-weight: 400;\">Nous nous engageons pour des ateliers r\u00e9guliers sur l'\u00e9galit\u00e9, le respect et la pr\u00e9vention de la violence sexuelle dans toutes les \u00e9coles de Wiesbaden. Des services sp\u00e9cialis\u00e9s externes peuvent \u00e9galement \u00eatre impliqu\u00e9s. Ainsi, les enfants et les jeunes apprennent tr\u00e8s t\u00f4t \u00e0 valoriser la diversit\u00e9 et \u00e0 lutter contre la discrimination.<\/span><\/p>\n<\/div><\/div><\/div><\/div><\/div><div class=\"w-tabs-section has_text_color\" id=\"z405\" style=\"background:var(--color-header-transparent-text);color:var(--color-header-top-text-hover);\"><button class=\"w-tabs-section-header\" aria-controls=\"content-z405\" aria-expanded=\"false\"><div class=\"w-tabs-section-title\">D\u00e9velopper les refuges pour femmes et les centres de conseil<\/div><div class=\"w-tabs-section-control\"><\/div><\/button><div  class=\"w-tabs-section-content\" id=\"content-z405\"><div class=\"w-tabs-section-content-h i-cf\"><div class=\"wpb_text_column\"><div class=\"wpb_wrapper\"><p><span style=\"font-weight: 400;\">Nous, les VERTS, nous nous engageons pour que les femmes de Wiesbaden trouvent rapidement et facilement une protection. Pour ce faire, nous voulons que la ville d\u00e9veloppe des places de refuge pour femmes et des offres de conseil, qu'elle soutienne les porteurs sur place et que les ressources humaines et financi\u00e8res soient assur\u00e9es. La protection ne doit pas d\u00e9pendre du porte-monnaie: Nous veillons \u00e0 ce que les femmes en qu\u00eate de protection n'aient pas \u00e0 supporter leurs propres co\u00fbts.En m\u00eame temps, des offres \u00e0 bas seuil et un travail de pr\u00e9vention sont n\u00e9cessaires pour d\u00e9tecter et pr\u00e9venir la violence \u00e0 un stade pr\u00e9coce. Avec cet engagement, nous contribuons activement \u00e0 la mise en \u0153uvre de la Convention d'Istanbul et renfor\u00e7ons la protection et la s\u00e9curit\u00e9 des femmes dans notre ville.<\/span><\/p>\n<\/div><\/div><\/div><\/div><\/div><div class=\"w-tabs-section has_text_color\" id=\"z51a\" style=\"background:var(--color-header-transparent-text);color:var(--color-header-top-text-hover);\"><button class=\"w-tabs-section-header\" aria-controls=\"content-z51a\" aria-expanded=\"false\"><div class=\"w-tabs-section-title\">&amp; Cr\u00e9ation d'un fonds p\u00e9riodique<\/div><div class=\"w-tabs-section-control\"><\/div><\/button><div  class=\"w-tabs-section-content\" id=\"content-z51a\"><div class=\"w-tabs-section-content-h i-cf\"><div class=\"wpb_text_column\"><div class=\"wpb_wrapper\"><p><span style=\"font-weight: 400;\">Nous nous engageons pour la poursuite et le d\u00e9veloppement de l'offre de produits menstruels et contraceptifs gratuits dans les \u00e9coles et les \u00e9tablissements publics. Ainsi, nous assurons l'autod\u00e9termination et la participation ind\u00e9pendamment du revenu et d\u00e9brouillons d'importants probl\u00e8mes de sant\u00e9.<\/span><\/p>\n<\/div><\/div><\/div><\/div><\/div><\/div><\/div><div class=\"w-separator size_medium\"><\/div><div class=\"w-btn-wrapper align_left\"><a class=\"w-btn us-btn-style_8 icon_atleft\" href=\"https:\/\/gruene-wiesbaden.de\/fr\/kommunalwahl\/#Kapitel2\"><i class=\"fas fa-chevron-circle-right\"><\/i><span class=\"w-btn-label\">Retour \u00e0 la vue d'ensemble<\/span><\/a><\/div><div class=\"w-separator size_large\"><\/div><div class=\"wpb_text_column\"><div class=\"wpb_wrapper\"><h1>Ce que nous avons d\u00e9j\u00e0 accompli<\/h1>\n<\/div><\/div><div class=\"w-separator size_medium\"><\/div><div class=\"w-tabs us_custom_42d693a0 has_text_color style_default switch_click accordion has_scrolling\" style=\"--sections-title-size:1.4rem\"><div class=\"w-tabs-sections titles-align_none icon_chevron cpos_right\"><div class=\"w-tabs-section has_text_color\" id=\"q933\" style=\"background:var(--color-header-transparent-text);color:var(--color-header-top-text-hover);\"><button class=\"w-tabs-section-header\" aria-controls=\"content-q933\" aria-expanded=\"false\"><div class=\"w-tabs-section-title\">Signature de la Charte europ\u00e9enne pour l'\u00e9galit\u00e9 entre les femmes et les hommes<\/div><div class=\"w-tabs-section-control\"><\/div><\/button><div  class=\"w-tabs-section-content\" id=\"content-q933\"><div class=\"w-tabs-section-content-h i-cf\"><div class=\"wpb_text_column\"><div class=\"wpb_wrapper\"><p><span style=\"font-weight: 400;\">Nous nous sommes engag\u00e9s \u00e0 mettre pleinement en \u0153uvre la Charte europ\u00e9enne de l'\u00e9galit\u00e9 entre les femmes et les hommes et nous avons veill\u00e9 \u00e0 ce que Wiesbaden adh\u00e8re \u00e0 la Charte europ\u00e9enne de l'\u00e9galit\u00e9 entre les femmes et les hommes au niveau local. Cela oblige la ville \u00e0 prendre des mesures et des objectifs concrets pour promouvoir l'\u00e9galit\u00e9 entre les femmes et les hommes dans divers domaines du d\u00e9veloppement urbain et de l'administration. Nous voulons soutenir la mise en \u0153uvre \u00e0 la fois politiquement et publiquement et par la mise \u00e0 disposition de ressources financi\u00e8res.<\/span><\/p>\n<\/div><\/div><\/div><\/div><\/div><div class=\"w-tabs-section has_text_color\" id=\"ra5b\" style=\"background:var(--color-header-transparent-text);color:var(--color-header-top-text-hover);\"><button class=\"w-tabs-section-header\" aria-controls=\"content-ra5b\" aria-expanded=\"false\"><div class=\"w-tabs-section-title\">Fortes possibilit\u00e9s de financement pour la politique des femmes<\/div><div class=\"w-tabs-section-control\"><\/div><\/button><div  class=\"w-tabs-section-content\" id=\"content-ra5b\"><div class=\"w-tabs-section-content-h i-cf\"><div class=\"wpb_text_column\"><div class=\"wpb_wrapper\"><p><span style=\"font-weight: 400;\">Dans le cadre de notre coop\u00e9ration gouvernementale, nous, les VERTS, avons pu n\u00e9gocier dans les budgets pass\u00e9s des cr\u00e9dits \u00e0 six chiffres, dont la d\u00e9l\u00e9gu\u00e9e municipale aux femmes, qui travaille en \u00e9troite collaboration avec notre d\u00e9l\u00e9gu\u00e9e VERTE \u00e0 l'\u00e9galit\u00e9, peut disposer librement. Elle soutient des projets, des initiatives et des services de conseil qui promeuvent l'\u00e9galit\u00e9 entre les femmes et les hommes, autonomisent les femmes et garantissent leurs droits. La mise \u00e0 disposition de ces ressources t\u00e9moigne de notre engagement continu en faveur d\u2019une ville inclusive et \u00e9quitable, o\u00f9 les femmes sont soutenues dans tous les domaines de la vie, de la pr\u00e9vention et de l\u2019\u00e9ducation aux projets d\u2019autonomisation professionnelle et sociale.<\/span><\/p>\n<\/div><\/div><\/div><\/div><\/div><div class=\"w-tabs-section has_text_color\" id=\"eb73\" style=\"background:var(--color-header-transparent-text);color:var(--color-header-top-text-hover);\"><button class=\"w-tabs-section-header\" aria-controls=\"content-eb73\" aria-expanded=\"false\"><div class=\"w-tabs-section-title\">Introduire un langage sexosp\u00e9cifique dans l'administration municipale<\/div><div class=\"w-tabs-section-control\"><\/div><\/button><div  class=\"w-tabs-section-content\" id=\"content-eb73\"><div class=\"w-tabs-section-content-h i-cf\"><div class=\"wpb_text_column\"><div class=\"wpb_wrapper\"><p><span style=\"font-weight: 400;\">Depuis 2022, la municipalit\u00e9 de Wiesbaden utilise un langage respectueux de l\u2019\u00e9galit\u00e9 entre les hommes et les femmes. L\u2019introduction d\u2019un guide renforcera la visibilit\u00e9 de tous les genres dans la communication administrative et luttera activement contre la discrimination. Cette \u00e9tape rend l'administration municipale plus moderne, plus inclusive et montre que Wiesbaden prend la diversit\u00e9 au s\u00e9rieux et qu'il est important de traiter les uns avec les autres avec respect.<\/span><\/p>\n<\/div><\/div><\/div><\/div><\/div><div class=\"w-tabs-section has_text_color\" id=\"jc8a\" style=\"background:var(--color-header-middle-bg);color:var(--color-content-heading);\"><button class=\"w-tabs-section-header\" aria-controls=\"content-jc8a\" aria-expanded=\"false\"><div class=\"w-tabs-section-title\">Les femmes aux postes de direction<\/div><div class=\"w-tabs-section-control\"><\/div><\/button><div  class=\"w-tabs-section-content\" id=\"content-jc8a\"><div class=\"w-tabs-section-content-h i-cf\"><div class=\"wpb_text_column\"><div class=\"wpb_wrapper\"><p><span style=\"font-weight: 400;\">Nous avons activement commenc\u00e9 \u00e0 occuper les postes de direction des participations urbaines avec des femmes qualifi\u00e9es. Entre-temps, WVV, SEG et ESWE Transport sont dirig\u00e9es par des femmes, ce qui constitue un pas clair vers une plus grande \u00e9galit\u00e9 des droits dans les entreprises urbaines. Gr\u00e2ce \u00e0 ces occupations, nous cr\u00e9ons des mod\u00e8les pour les jeunes femmes, promouvons la diversit\u00e9 dans les processus d\u00e9cisionnels et renfor\u00e7ons l'\u00e9galit\u00e9 des chances \u00e0 Wiesbaden. L'objectif est de supprimer syst\u00e9matiquement les barri\u00e8res pour que les femmes soient repr\u00e9sent\u00e9es \u00e0 tous les niveaux de l'administration et des soci\u00e9t\u00e9s urbaines.<\/span><\/p>\n<\/div><\/div><\/div><\/div><\/div><div class=\"w-tabs-section has_text_color\" id=\"vdb3\" style=\"background:var(--color-header-transparent-text);color:var(--color-header-top-text-hover);\"><button class=\"w-tabs-section-header\" aria-controls=\"content-vdb3\" aria-expanded=\"false\"><div class=\"w-tabs-section-title\">L'agrandissement de la cr\u00e8che a \u00e9t\u00e9 poursuivi<\/div><div class=\"w-tabs-section-control\"><\/div><\/button><div  class=\"w-tabs-section-content\" id=\"content-vdb3\"><div class=\"w-tabs-section-content-h i-cf\"><div class=\"wpb_text_column\"><div class=\"wpb_wrapper\"><p><span style=\"font-weight: 400;\">Depuis 2022, nous avons consid\u00e9rablement \u00e9largi la garde d\u2019enfants \u00e0 Wiesbaden: Au cours de l\u2019ann\u00e9e 2024\/25, 10 308 places \u00e9taient disponibles, soit 227 de plus que l\u2019ann\u00e9e pr\u00e9c\u00e9dente, avec une baisse du nombre d\u2019enfants \u00e0 Wiesbaden (2020\/21 11.062, 2024\/25 10.912). Dans la zone U3, nous avons l'espace disponible de 37,7% 41,1 en 2020-2021% en 2024\/25 et dans le domaine \u00e9l\u00e9mentaire de 90% en 2020\/21 \u00e0 94,4%Augmentation en 2024\/2025. Avec l'ouverture de nouvelles installations, comme la cr\u00e8che de Wiesbaden-Biebrich avec 50 places suppl\u00e9mentaires, nous avons \u00e9largi les capacit\u00e9s d'accueil. Ce d\u00e9veloppement favorise la conciliation de la vie familiale et de la vie professionnelle, en particulier pour les femmes, et renforce leur ind\u00e9pendance \u00e9conomique. La garde d'enfants permet d'exercer une activit\u00e9 professionnelle pour les deux parents ou une activit\u00e9 professionnelle pour les parents isol\u00e9s. Nous avons cr\u00e9\u00e9 d'autres cr\u00e8ches pour atteindre l'objectif d'approvisionnement. Nous savons que la prise en charge n'est pas encore suffisante dans certains quartiers et nous nous engageons de mani\u00e8re cibl\u00e9e pour le d\u00e9veloppement de places de cr\u00e8che partout \u00e0 Wiesbaden afin que les familles puissent b\u00e9n\u00e9ficier d'une prise en charge fiable sur l'ensemble du territoire.<\/span><\/p>\n<\/div><\/div><\/div><\/div><\/div><div class=\"w-tabs-section has_text_color\" id=\"cece\" style=\"background:var(--color-header-transparent-text);color:var(--color-header-top-text-hover);\"><button class=\"w-tabs-section-header\" aria-controls=\"content-cece\" aria-expanded=\"false\"><div class=\"w-tabs-section-title\">La Convention d'Istanbul a \u00e9t\u00e9 cr\u00e9\u00e9e<\/div><div class=\"w-tabs-section-control\"><\/div><\/button><div  class=\"w-tabs-section-content\" id=\"content-cece\"><div class=\"w-tabs-section-content-h i-cf\"><div class=\"wpb_text_column\"><div class=\"wpb_wrapper\"><p><span style=\"font-weight: 400;\">Nous avons cr\u00e9\u00e9 \u00e0 Wiesbaden un r\u00e9seau pour la mise en \u0153uvre de la Convention d'Istanbul. Plus de 80 acteurs de l'administration, de la politique et des syst\u00e8mes d'aide travaillent ensemble pour pr\u00e9venir, d\u00e9tecter et soutenir efficacement la violence \u00e0 l'\u00e9gard des femmes. Le r\u00e9seau renforce les \u00e9changes, promeut des actions coordonn\u00e9es et envoie un signal clair: Wiesbaden prend la protection des femmes au s\u00e9rieux et veille \u00e0 ce que les normes internationales de la Convention d'Istanbul deviennent une r\u00e9alit\u00e9 dans la ville.<\/span><\/p>\n<\/div><\/div><\/div><\/div><\/div><div class=\"w-tabs-section has_text_color\" id=\"xfe5\" style=\"background:var(--color-header-transparent-text);color:var(--color-header-top-text-hover);\"><button class=\"w-tabs-section-header\" aria-controls=\"content-xfe5\" aria-expanded=\"false\"><div class=\"w-tabs-section-title\">Promouvoir les institutions pour les femmes et les filles<\/div><div class=\"w-tabs-section-control\"><\/div><\/button><div  class=\"w-tabs-section-content\" id=\"content-xfe5\"><div class=\"w-tabs-section-content-h i-cf\"><div class=\"wpb_text_column\"><div class=\"wpb_wrapper\"><p><span style=\"font-weight: 400;\">Nous, les VERTS, nous nous sommes engag\u00e9s en faveur de la protection et de la promotion financi\u00e8res des femmes et des institutions pour filles ainsi que des centres de conseil \u00e0 Wiesbaden. L'accent est mis en particulier sur les femmes en situation de risque, telles que la prostitution ou le sans-abrisme. Nous avons d\u00e9j\u00e0 mis au point des mesures pour \u00e9viter le sans-abrisme et nous soutenons la cr\u00e9ation d'abris adapt\u00e9s pour les femmes. Nous nous engageons \u00e9galement pour le d\u00e9veloppement de services de conseil pour les prostitu\u00e9es.<\/span><\/p>\n<\/div><\/div><\/div><\/div><\/div><div class=\"w-tabs-section has_text_color\" id=\"h0fe\" style=\"background:var(--color-header-transparent-text);color:var(--color-header-top-text-hover);\"><button class=\"w-tabs-section-header\" aria-controls=\"content-h0fe\" aria-expanded=\"false\"><div class=\"w-tabs-section-title\">Aide d'urgence apr\u00e8s un viol<\/div><div class=\"w-tabs-section-control\"><\/div><\/button><div  class=\"w-tabs-section-content\" id=\"content-h0fe\"><div class=\"w-tabs-section-content-h i-cf\"><div class=\"wpb_text_column\"><div class=\"wpb_wrapper\"><p><span style=\"font-weight: 400;\">A Wiesbaden, l'aide m\u00e9dicale d'urgence a \u00e9t\u00e9 \u00e9tendue apr\u00e8s le viol. Les personnes concern\u00e9es peuvent recevoir une assistance m\u00e9dicale dans des cliniques s\u00e9lectionn\u00e9es et faire en sorte que leurs traces soient s\u00e9curis\u00e9es de mani\u00e8re anonyme, m\u00eame sans notification imm\u00e9diate. L'offre est confidentielle, gratuite et permet aux personnes concern\u00e9es de d\u00e9cider elles-m\u00eames de la voie \u00e0 suivre. Ceci est compl\u00e9t\u00e9 par le r\u00e9seau de mise en \u0153uvre de la Convention d'Istanbul, qui renforce la coop\u00e9ration entre tous les acteurs concern\u00e9s, pr\u00e9vient la violence \u00e0 l'\u00e9gard des femmes et soutient efficacement les personnes touch\u00e9es.<\/span><\/p>\n<\/div><\/div><\/div><\/div><\/div><div class=\"w-tabs-section has_text_color\" id=\"i21b\" style=\"background:var(--color-header-transparent-text);color:var(--color-header-top-text-hover);\"><button class=\"w-tabs-section-header\" aria-controls=\"content-i21b\" aria-expanded=\"false\"><div class=\"w-tabs-section-title\">Projet \u00abLuisa est-elle ici?\u00bb<\/div><div class=\"w-tabs-section-control\"><\/div><\/button><div  class=\"w-tabs-section-content\" id=\"content-i21b\"><div class=\"w-tabs-section-content-h i-cf\"><div class=\"wpb_text_column\"><div class=\"wpb_wrapper\"><p><span style=\"font-weight: 400;\">Nous nous engageons pour que les femmes \u00e0 Wiesbaden soient en s\u00e9curit\u00e9 lorsqu'elles sortent. La campagne \u00abEst-ce que Luisa est l\u00e0?\u00bb permet aux femmes de demander discr\u00e8tement de l\u2019aide dans les bars, les clubs et les \u00e9tablissements publics participants lorsqu\u2019elles se sentent menac\u00e9es ou mal \u00e0 l\u2019aise. Nous avons lanc\u00e9 la campagne, assur\u00e9 la visibilit\u00e9 du projet et l'avons \u00e9tendu \u00e0 d'autres institutions publiques, y compris en formant le personnel. Nous renfor\u00e7ons ainsi la protection des femmes, pr\u00e9venons la violence et encourageons une cohabitation s\u00fbre et respectueuse dans la ville.<\/span><\/p>\n<\/div><\/div><\/div><\/div><\/div><div class=\"w-tabs-section has_text_color\" id=\"q332\" style=\"background:var(--color-header-transparent-text);color:var(--color-header-top-text-hover);\"><button class=\"w-tabs-section-header\" aria-controls=\"content-q332\" aria-expanded=\"false\"><div class=\"w-tabs-section-title\">Projet de t\u00e9l\u00e9phone \u00e0 domicile<\/div><div class=\"w-tabs-section-control\"><\/div><\/button><div  class=\"w-tabs-section-content\" id=\"content-q332\"><div class=\"w-tabs-section-content-h i-cf\"><div class=\"wpb_text_column\"><div class=\"wpb_wrapper\"><p><span style=\"font-weight: 400;\">En outre, la ville coop\u00e8re avec le Heimwegtelefon e.V., un service \u00e0 l'\u00e9chelle de l'Allemagne qui accompagne les appelants par t\u00e9l\u00e9phone la nuit lorsqu'ils ne se sentent pas en s\u00e9curit\u00e9 sur le chemin du retour. Cette offre est disponible du dimanche au jeudi de 21h00 \u00e0 24h00 et les vendredis et samedis de 21h00 \u00e0 3h00 au 030 12074182. Nous nous engageons \u00e0 continuer d'\u00e9tablir de tels concepts de protection et \u00e0 les rendre accessibles \u00e0 tous.<\/span><\/p>\n<\/div><\/div><\/div><\/div><\/div><div class=\"w-tabs-section has_text_color\" id=\"x449\" style=\"background:var(--color-header-transparent-text);color:var(--color-header-top-text-hover);\"><button class=\"w-tabs-section-header\" aria-controls=\"content-x449\" aria-expanded=\"false\"><div class=\"w-tabs-section-title\">Produits menstruels gratuits<\/div><div class=\"w-tabs-section-control\"><\/div><\/button><div  class=\"w-tabs-section-content\" id=\"content-x449\"><div class=\"w-tabs-section-content-h i-cf\"><div class=\"wpb_text_column\"><div class=\"wpb_wrapper\"><p><span style=\"font-weight: 400;\">Nous avons veill\u00e9 \u00e0 ce que les produits menstruels soient disponibles gratuitement dans les \u00e9coles, les bureaux et les institutions publiques de Wiesbaden. Ainsi, personne n'est d\u00e9savantag\u00e9 pour des raisons financi\u00e8res et les filles et les jeunes femmes en particulier b\u00e9n\u00e9ficient d'un acc\u00e8s fiable aux produits d'hygi\u00e8ne. Cela renforce l\u2019autod\u00e9termination, l\u2019\u00e9galit\u00e9 et la sant\u00e9, soulage les familles et envoie un signal clair contre la tabouisation de la menstruation, en faveur d\u2019une municipalit\u00e9 moderne et inclusive qui traite tous les citoyens sur un pied d\u2019\u00e9galit\u00e9.<\/span><\/p>\n<\/div><\/div><\/div><\/div><\/div><div class=\"w-tabs-section has_text_color\" id=\"g567\" style=\"background:var(--color-header-transparent-text);color:var(--color-header-top-text-hover);\"><button class=\"w-tabs-section-header\" aria-controls=\"content-g567\" aria-expanded=\"false\"><div class=\"w-tabs-section-title\">Visibilit\u00e9 des droits des femmes et protection contre la violence<\/div><div class=\"w-tabs-section-control\"><\/div><\/button><div  class=\"w-tabs-section-content\" id=\"content-g567\"><div class=\"w-tabs-section-content-h i-cf\"><div class=\"wpb_text_column\"><div class=\"wpb_wrapper\"><p><span style=\"font-weight: 400;\">Nous nous sommes engag\u00e9s \u00e0 faire en sorte que des questions telles que la violence \u00e0 l\u2019\u00e9gard des femmes, l\u2019\u00e9galit\u00e9 des droits et les droits des femmes soient visibles dans l\u2019espace public, l\u2019\u00e9ducation et la culture. En collaboration avec le Zonta Club Wiesbaden, nous avons mis en place les \u00abbancs oranges\u00bb, qui attirent l\u2019attention sur les abris et la violence. Avec l\u2019universit\u00e9 RheinMain, nous avons lanc\u00e9 une conf\u00e9rence circulaire sur la pornographie et les images de r\u00f4les, et des expositions telles que \u00abSans visage\u00bb ont permis de th\u00e9matiser les abus et de promouvoir le discours dans la soci\u00e9t\u00e9 urbaine.<\/span><\/p>\n<\/div><\/div><\/div><\/div><\/div><\/div><\/div><div class=\"w-separator size_medium\"><\/div><div class=\"w-btn-wrapper align_left\"><a class=\"w-btn us-btn-style_8 icon_atleft\" href=\"https:\/\/gruene-wiesbaden.de\/fr\/kommunalwahl\/#Kapitel2\"><i class=\"fas fa-chevron-circle-right\"><\/i><span class=\"w-btn-label\">Retour \u00e0 la vue d'ensemble<\/span><\/a><\/div><div class=\"w-separator size_large\"><\/div><\/div><\/div><\/div><\/div><\/section>","protected":false},"excerpt":{"rendered":"L'\u00e9galit\u00e9 entre les hommes et les femmes est une condition pr\u00e9alable \u00e0 une ville juste et durable. Elle concerne \u00e0 la fois le travail, l'\u00e9ducation, la sant\u00e9, la s\u00e9curit\u00e9, la culture, les transports et l'urbanisme. Les femmes et les hommes vivent Wiesbaden diff\u00e9remment: Les femmes sont plus susceptibles d'\u00eatre touch\u00e9es par la pauvret\u00e9, le travail de soins, la violence et l'ins\u00e9curit\u00e9 dans l'espace public, tandis que les hommes continuent de dominer les postes de direction et d'utiliser davantage la voiture. Des offres de sant\u00e9 et d'\u00e9ducation...","protected":false},"author":1,"featured_media":1545,"comment_status":"closed","ping_status":"closed","sticky":false,"template":"","format":"standard","meta":{"footnotes":""},"categories":[15],"tags":[],"class_list":["post-1349","post","type-post","status-publish","format-standard","has-post-thumbnail","hentry","category-kapitel-2"],"yoast_head":"<!-- This site is optimized with the Yoast SEO plugin v27.5 - https:\/\/yoast.com\/product\/yoast-seo-wordpress\/ -->\n<title>Geschlechtergerechtigkeit - B\u00dcNDNIS 90\/DIE GR\u00dcNEN Wiesbaden<\/title>\n<meta name=\"robots\" content=\"index, follow, max-snippet:-1, max-image-preview:large, max-video-preview:-1\" \/>\n<link rel=\"canonical\" href=\"https:\/\/gruene-wiesbaden.de\/fr\/geschlechtergerechtigkeit\/\" \/>\n<meta property=\"og:locale\" content=\"fr_FR\" \/>\n<meta property=\"og:type\" content=\"article\" \/>\n<meta property=\"og:title\" content=\"Geschlechtergerechtigkeit - B\u00dcNDNIS 90\/DIE GR\u00dcNEN Wiesbaden\" \/>\n<meta property=\"og:url\" content=\"https:\/\/gruene-wiesbaden.de\/fr\/geschlechtergerechtigkeit\/\" \/>\n<meta property=\"og:site_name\" content=\"B\u00dcNDNIS 90\/DIE GR\u00dcNEN Wiesbaden\" \/>\n<meta property=\"article:publisher\" content=\"https:\/\/www.facebook.com\/gruene.wi\" \/>\n<meta property=\"article:published_time\" content=\"2025-11-09T22:09:19+00:00\" \/>\n<meta property=\"article:modified_time\" content=\"2026-04-09T08:25:16+00:00\" \/>\n<meta property=\"og:image\" content=\"https:\/\/gruene-wiesbaden.de\/wp-content\/uploads\/2025\/11\/2.1-Geschlechtergerechtigkeit-scaled.jpeg\" \/>\n\t<meta property=\"og:image:width\" content=\"2560\" \/>\n\t<meta property=\"og:image:height\" content=\"1350\" \/>\n\t<meta property=\"og:image:type\" content=\"image\/jpeg\" \/>\n<meta name=\"author\" content=\"admin\" \/>\n<meta name=\"twitter:card\" content=\"summary_large_image\" \/>\n<meta name=\"twitter:label1\" content=\"\u00c9crit par\" \/>\n\t<meta name=\"twitter:data1\" content=\"admin\" \/>\n\t<meta name=\"twitter:label2\" content=\"Dur\u00e9e de lecture estim\u00e9e\" \/>\n\t<meta name=\"twitter:data2\" content=\"12 minutes\" \/>\n<script type=\"application\/ld+json\" class=\"yoast-schema-graph\">{\"@context\":\"https:\\\/\\\/schema.org\",\"@graph\":[{\"@type\":\"Article\",\"@id\":\"https:\\\/\\\/gruene-wiesbaden.de\\\/geschlechtergerechtigkeit\\\/#article\",\"isPartOf\":{\"@id\":\"https:\\\/\\\/gruene-wiesbaden.de\\\/geschlechtergerechtigkeit\\\/\"},\"author\":{\"name\":\"admin\",\"@id\":\"https:\\\/\\\/gruene-wiesbaden.de\\\/#\\\/schema\\\/person\\\/6785c34779159cd4fd86886bb097afe9\"},\"headline\":\"Geschlechtergerechtigkeit\",\"datePublished\":\"2025-11-09T22:09:19+00:00\",\"dateModified\":\"2026-04-09T08:25:16+00:00\",\"mainEntityOfPage\":{\"@id\":\"https:\\\/\\\/gruene-wiesbaden.de\\\/geschlechtergerechtigkeit\\\/\"},\"wordCount\":3266,\"publisher\":{\"@id\":\"https:\\\/\\\/gruene-wiesbaden.de\\\/#organization\"},\"image\":{\"@id\":\"https:\\\/\\\/gruene-wiesbaden.de\\\/geschlechtergerechtigkeit\\\/#primaryimage\"},\"thumbnailUrl\":\"https:\\\/\\\/gruene-wiesbaden.de\\\/wp-content\\\/uploads\\\/2025\\\/11\\\/2.1-Geschlechtergerechtigkeit-scaled.jpeg\",\"articleSection\":[\"Kapitel 2\"],\"inLanguage\":\"fr-FR\"},{\"@type\":\"WebPage\",\"@id\":\"https:\\\/\\\/gruene-wiesbaden.de\\\/geschlechtergerechtigkeit\\\/\",\"url\":\"https:\\\/\\\/gruene-wiesbaden.de\\\/geschlechtergerechtigkeit\\\/\",\"name\":\"Geschlechtergerechtigkeit - B\u00dcNDNIS 90\\\/DIE GR\u00dcNEN Wiesbaden\",\"isPartOf\":{\"@id\":\"https:\\\/\\\/gruene-wiesbaden.de\\\/#website\"},\"primaryImageOfPage\":{\"@id\":\"https:\\\/\\\/gruene-wiesbaden.de\\\/geschlechtergerechtigkeit\\\/#primaryimage\"},\"image\":{\"@id\":\"https:\\\/\\\/gruene-wiesbaden.de\\\/geschlechtergerechtigkeit\\\/#primaryimage\"},\"thumbnailUrl\":\"https:\\\/\\\/gruene-wiesbaden.de\\\/wp-content\\\/uploads\\\/2025\\\/11\\\/2.1-Geschlechtergerechtigkeit-scaled.jpeg\",\"datePublished\":\"2025-11-09T22:09:19+00:00\",\"dateModified\":\"2026-04-09T08:25:16+00:00\",\"breadcrumb\":{\"@id\":\"https:\\\/\\\/gruene-wiesbaden.de\\\/geschlechtergerechtigkeit\\\/#breadcrumb\"},\"inLanguage\":\"fr-FR\",\"potentialAction\":[{\"@type\":\"ReadAction\",\"target\":[\"https:\\\/\\\/gruene-wiesbaden.de\\\/geschlechtergerechtigkeit\\\/\"]}]},{\"@type\":\"ImageObject\",\"inLanguage\":\"fr-FR\",\"@id\":\"https:\\\/\\\/gruene-wiesbaden.de\\\/geschlechtergerechtigkeit\\\/#primaryimage\",\"url\":\"https:\\\/\\\/gruene-wiesbaden.de\\\/wp-content\\\/uploads\\\/2025\\\/11\\\/2.1-Geschlechtergerechtigkeit-scaled.jpeg\",\"contentUrl\":\"https:\\\/\\\/gruene-wiesbaden.de\\\/wp-content\\\/uploads\\\/2025\\\/11\\\/2.1-Geschlechtergerechtigkeit-scaled.jpeg\",\"width\":2560,\"height\":1350,\"caption\":\"Gender equality, pay gap and woman with a sign in the office with a female and male symbol. Business, equity and girl employee with a feminism card in protest for equal salary, opportunity and equity.\"},{\"@type\":\"BreadcrumbList\",\"@id\":\"https:\\\/\\\/gruene-wiesbaden.de\\\/geschlechtergerechtigkeit\\\/#breadcrumb\",\"itemListElement\":[{\"@type\":\"ListItem\",\"position\":1,\"name\":\"Startseite\",\"item\":\"https:\\\/\\\/gruene-wiesbaden.de\\\/\"},{\"@type\":\"ListItem\",\"position\":2,\"name\":\"Geschlechtergerechtigkeit\"}]},{\"@type\":\"WebSite\",\"@id\":\"https:\\\/\\\/gruene-wiesbaden.de\\\/#website\",\"url\":\"https:\\\/\\\/gruene-wiesbaden.de\\\/\",\"name\":\"DIE GR\u00dcNEN Wiesbaden\",\"description\":\"\",\"publisher\":{\"@id\":\"https:\\\/\\\/gruene-wiesbaden.de\\\/#organization\"},\"potentialAction\":[{\"@type\":\"SearchAction\",\"target\":{\"@type\":\"EntryPoint\",\"urlTemplate\":\"https:\\\/\\\/gruene-wiesbaden.de\\\/?s={search_term_string}\"},\"query-input\":{\"@type\":\"PropertyValueSpecification\",\"valueRequired\":true,\"valueName\":\"search_term_string\"}}],\"inLanguage\":\"fr-FR\"},{\"@type\":\"Organization\",\"@id\":\"https:\\\/\\\/gruene-wiesbaden.de\\\/#organization\",\"name\":\"DIE GR\u00dcNEN Wiesbaden\",\"url\":\"https:\\\/\\\/gruene-wiesbaden.de\\\/\",\"logo\":{\"@type\":\"ImageObject\",\"inLanguage\":\"fr-FR\",\"@id\":\"https:\\\/\\\/gruene-wiesbaden.de\\\/#\\\/schema\\\/logo\\\/image\\\/\",\"url\":\"https:\\\/\\\/gruene-wiesbaden-fuer-europa.de\\\/wp-content\\\/uploads\\\/2024\\\/04\\\/Machen-was-zaehlt-5.png\",\"contentUrl\":\"https:\\\/\\\/gruene-wiesbaden-fuer-europa.de\\\/wp-content\\\/uploads\\\/2024\\\/04\\\/Machen-was-zaehlt-5.png\",\"width\":1772,\"height\":1772,\"caption\":\"DIE GR\u00dcNEN Wiesbaden\"},\"image\":{\"@id\":\"https:\\\/\\\/gruene-wiesbaden.de\\\/#\\\/schema\\\/logo\\\/image\\\/\"},\"sameAs\":[\"https:\\\/\\\/www.facebook.com\\\/gruene.wi\",\"https:\\\/\\\/instagram.com\\\/gruene_wi\"]},{\"@type\":\"Person\",\"@id\":\"https:\\\/\\\/gruene-wiesbaden.de\\\/#\\\/schema\\\/person\\\/6785c34779159cd4fd86886bb097afe9\",\"name\":\"admin\",\"sameAs\":[\"http:\\\/\\\/gruene-wiesbaden-fuer-europa.de\"],\"url\":\"https:\\\/\\\/gruene-wiesbaden.de\\\/fr\\\/author\\\/admin\\\/\"}]}<\/script>\n<!-- \/ Yoast SEO plugin. -->","yoast_head_json":{"title":"Geschlechtergerechtigkeit - B\u00dcNDNIS 90\/DIE GR\u00dcNEN Wiesbaden","robots":{"index":"index","follow":"follow","max-snippet":"max-snippet:-1","max-image-preview":"max-image-preview:large","max-video-preview":"max-video-preview:-1"},"canonical":"https:\/\/gruene-wiesbaden.de\/fr\/geschlechtergerechtigkeit\/","og_locale":"fr_FR","og_type":"article","og_title":"Geschlechtergerechtigkeit - B\u00dcNDNIS 90\/DIE GR\u00dcNEN Wiesbaden","og_url":"https:\/\/gruene-wiesbaden.de\/fr\/geschlechtergerechtigkeit\/","og_site_name":"B\u00dcNDNIS 90\/DIE GR\u00dcNEN Wiesbaden","article_publisher":"https:\/\/www.facebook.com\/gruene.wi","article_published_time":"2025-11-09T22:09:19+00:00","article_modified_time":"2026-04-09T08:25:16+00:00","og_image":[{"width":2560,"height":1350,"url":"https:\/\/gruene-wiesbaden.de\/wp-content\/uploads\/2025\/11\/2.1-Geschlechtergerechtigkeit-scaled.jpeg","type":"image\/jpeg"}],"author":"admin","twitter_card":"summary_large_image","twitter_misc":{"\u00c9crit par":"admin","Dur\u00e9e de lecture estim\u00e9e":"12 minutes"},"schema":{"@context":"https:\/\/schema.org","@graph":[{"@type":"Article","@id":"https:\/\/gruene-wiesbaden.de\/geschlechtergerechtigkeit\/#article","isPartOf":{"@id":"https:\/\/gruene-wiesbaden.de\/geschlechtergerechtigkeit\/"},"author":{"name":"admin","@id":"https:\/\/gruene-wiesbaden.de\/#\/schema\/person\/6785c34779159cd4fd86886bb097afe9"},"headline":"Geschlechtergerechtigkeit","datePublished":"2025-11-09T22:09:19+00:00","dateModified":"2026-04-09T08:25:16+00:00","mainEntityOfPage":{"@id":"https:\/\/gruene-wiesbaden.de\/geschlechtergerechtigkeit\/"},"wordCount":3266,"publisher":{"@id":"https:\/\/gruene-wiesbaden.de\/#organization"},"image":{"@id":"https:\/\/gruene-wiesbaden.de\/geschlechtergerechtigkeit\/#primaryimage"},"thumbnailUrl":"https:\/\/gruene-wiesbaden.de\/wp-content\/uploads\/2025\/11\/2.1-Geschlechtergerechtigkeit-scaled.jpeg","articleSection":["Kapitel 2"],"inLanguage":"fr-FR"},{"@type":"WebPage","@id":"https:\/\/gruene-wiesbaden.de\/geschlechtergerechtigkeit\/","url":"https:\/\/gruene-wiesbaden.de\/geschlechtergerechtigkeit\/","name":"Geschlechtergerechtigkeit - B\u00dcNDNIS 90\/DIE GR\u00dcNEN Wiesbaden","isPartOf":{"@id":"https:\/\/gruene-wiesbaden.de\/#website"},"primaryImageOfPage":{"@id":"https:\/\/gruene-wiesbaden.de\/geschlechtergerechtigkeit\/#primaryimage"},"image":{"@id":"https:\/\/gruene-wiesbaden.de\/geschlechtergerechtigkeit\/#primaryimage"},"thumbnailUrl":"https:\/\/gruene-wiesbaden.de\/wp-content\/uploads\/2025\/11\/2.1-Geschlechtergerechtigkeit-scaled.jpeg","datePublished":"2025-11-09T22:09:19+00:00","dateModified":"2026-04-09T08:25:16+00:00","breadcrumb":{"@id":"https:\/\/gruene-wiesbaden.de\/geschlechtergerechtigkeit\/#breadcrumb"},"inLanguage":"fr-FR","potentialAction":[{"@type":"ReadAction","target":["https:\/\/gruene-wiesbaden.de\/geschlechtergerechtigkeit\/"]}]},{"@type":"ImageObject","inLanguage":"fr-FR","@id":"https:\/\/gruene-wiesbaden.de\/geschlechtergerechtigkeit\/#primaryimage","url":"https:\/\/gruene-wiesbaden.de\/wp-content\/uploads\/2025\/11\/2.1-Geschlechtergerechtigkeit-scaled.jpeg","contentUrl":"https:\/\/gruene-wiesbaden.de\/wp-content\/uploads\/2025\/11\/2.1-Geschlechtergerechtigkeit-scaled.jpeg","width":2560,"height":1350,"caption":"Gender equality, pay gap and woman with a sign in the office with a female and male symbol. Business, equity and girl employee with a feminism card in protest for equal salary, opportunity and equity."},{"@type":"BreadcrumbList","@id":"https:\/\/gruene-wiesbaden.de\/geschlechtergerechtigkeit\/#breadcrumb","itemListElement":[{"@type":"ListItem","position":1,"name":"Startseite","item":"https:\/\/gruene-wiesbaden.de\/"},{"@type":"ListItem","position":2,"name":"Geschlechtergerechtigkeit"}]},{"@type":"WebSite","@id":"https:\/\/gruene-wiesbaden.de\/#website","url":"https:\/\/gruene-wiesbaden.de\/","name":"DIE GR\u00dcNEN Wiesbaden","description":"","publisher":{"@id":"https:\/\/gruene-wiesbaden.de\/#organization"},"potentialAction":[{"@type":"SearchAction","target":{"@type":"EntryPoint","urlTemplate":"https:\/\/gruene-wiesbaden.de\/?s={search_term_string}"},"query-input":{"@type":"PropertyValueSpecification","valueRequired":true,"valueName":"search_term_string"}}],"inLanguage":"fr-FR"},{"@type":"Organization","@id":"https:\/\/gruene-wiesbaden.de\/#organization","name":"DIE GR\u00dcNEN Wiesbaden","url":"https:\/\/gruene-wiesbaden.de\/","logo":{"@type":"ImageObject","inLanguage":"fr-FR","@id":"https:\/\/gruene-wiesbaden.de\/#\/schema\/logo\/image\/","url":"https:\/\/gruene-wiesbaden-fuer-europa.de\/wp-content\/uploads\/2024\/04\/Machen-was-zaehlt-5.png","contentUrl":"https:\/\/gruene-wiesbaden-fuer-europa.de\/wp-content\/uploads\/2024\/04\/Machen-was-zaehlt-5.png","width":1772,"height":1772,"caption":"DIE GR\u00dcNEN Wiesbaden"},"image":{"@id":"https:\/\/gruene-wiesbaden.de\/#\/schema\/logo\/image\/"},"sameAs":["https:\/\/www.facebook.com\/gruene.wi","https:\/\/instagram.com\/gruene_wi"]},{"@type":"Person","@id":"https:\/\/gruene-wiesbaden.de\/#\/schema\/person\/6785c34779159cd4fd86886bb097afe9","name":"admin","sameAs":["http:\/\/gruene-wiesbaden-fuer-europa.de"],"url":"https:\/\/gruene-wiesbaden.de\/fr\/author\/admin\/"}]}},"_links":{"self":[{"href":"https:\/\/gruene-wiesbaden.de\/fr\/wp-json\/wp\/v2\/posts\/1349","targetHints":{"allow":["GET"]}}],"collection":[{"href":"https:\/\/gruene-wiesbaden.de\/fr\/wp-json\/wp\/v2\/posts"}],"about":[{"href":"https:\/\/gruene-wiesbaden.de\/fr\/wp-json\/wp\/v2\/types\/post"}],"author":[{"embeddable":true,"href":"https:\/\/gruene-wiesbaden.de\/fr\/wp-json\/wp\/v2\/users\/1"}],"replies":[{"embeddable":true,"href":"https:\/\/gruene-wiesbaden.de\/fr\/wp-json\/wp\/v2\/comments?post=1349"}],"version-history":[{"count":7,"href":"https:\/\/gruene-wiesbaden.de\/fr\/wp-json\/wp\/v2\/posts\/1349\/revisions"}],"predecessor-version":[{"id":2389,"href":"https:\/\/gruene-wiesbaden.de\/fr\/wp-json\/wp\/v2\/posts\/1349\/revisions\/2389"}],"wp:featuredmedia":[{"embeddable":true,"href":"https:\/\/gruene-wiesbaden.de\/fr\/wp-json\/wp\/v2\/media\/1545"}],"wp:attachment":[{"href":"https:\/\/gruene-wiesbaden.de\/fr\/wp-json\/wp\/v2\/media?parent=1349"}],"wp:term":[{"taxonomy":"category","embeddable":true,"href":"https:\/\/gruene-wiesbaden.de\/fr\/wp-json\/wp\/v2\/categories?post=1349"},{"taxonomy":"post_tag","embeddable":true,"href":"https:\/\/gruene-wiesbaden.de\/fr\/wp-json\/wp\/v2\/tags?post=1349"}],"curies":[{"name":"wp","href":"https:\/\/api.w.org\/{rel}","templated":true}]}}