{"id":1337,"date":"2025-11-09T23:50:07","date_gmt":"2025-11-09T21:50:07","guid":{"rendered":"https:\/\/gruene-wiesbaden.de\/?p=1337"},"modified":"2026-04-09T00:18:22","modified_gmt":"2026-04-08T22:18:22","slug":"kultur","status":"publish","type":"post","link":"https:\/\/gruene-wiesbaden.de\/fr\/kultur\/","title":{"rendered":"culture"},"content":{"rendered":"<section class=\"l-section wpb_row height_medium with_img\"><div class=\"l-section-img\" role=\"img\" data-img-width=\"1080\" data-img-height=\"800\" style=\"background-image: url(https:\/\/gruene-wiesbaden.de\/wp-content\/uploads\/2025\/11\/neuer-Verlauf-gruene-wiesbaden.de_-2-e1762709402177.png);\"><\/div><div class=\"l-section-overlay\" style=\"background:var(--color-header-top-transparent-bg)\"><\/div><div class=\"l-section-h i-cf\"><div class=\"g-cols vc_row via_grid cols_1 laptops-cols_inherit tablets-cols_inherit mobiles-cols_1 valign_top type_default stacking_default\"><div class=\"wpb_column vc_column_container\"><div class=\"vc_column-inner\"><h1 class=\"w-post-elm post_title us_custom_a574d586 has_text_color entry-title\">culture<\/h1><div class=\"w-separator size_medium\"><\/div><div class=\"g-cols wpb_row via_grid cols_2-1 laptops-cols_inherit tablets-cols_inherit mobiles-cols_1 valign_top type_default stacking_default\" style=\"--columns-gap:3rem;\"><div class=\"wpb_column vc_column_container\"><div class=\"vc_column-inner\"><div class=\"wpb_text_column us_custom_8b3d6790 has_text_color\"><div class=\"wpb_wrapper\"><p><span style=\"font-weight: 400;\">La culture, c'est bien plus que cela: Leurs offres vari\u00e9es cr\u00e9ent des occasions de rencontres, ouvrent de nouvelles perspectives et donnent des orientations dans la vie quotidienne. Leurs forces centrifuges ont un effet tout aussi positif sur le d\u00e9veloppement personnel que sur la coh\u00e9sion sociale. La participation culturelle est donc un droit de l'homme inscrit dans la D\u00e9claration universelle des droits de l'homme et dans la Convention des Nations unies relative aux droits des personnes handicap\u00e9es.<\/span><\/p>\n<p><span style=\"font-weight: 400;\">L'art et la culture sont les enfants de la libert\u00e9. Pour pouvoir s'\u00e9panouir et se d\u00e9velopper, le paysage culturel de Wiesbaden doit \u00eatre pr\u00e9serv\u00e9 dans toute sa diversit\u00e9 et prot\u00e9g\u00e9 contre toute influence politique.<\/span><\/p>\n<\/div><\/div><div class=\"w-separator size_medium\"><\/div><div class=\"w-btn-wrapper align_left\"><a class=\"w-btn us-btn-style_8 icon_atleft\" href=\"https:\/\/gruene-wiesbaden.de\/fr\/kommunalwahl\/#Kapitel1\"><i class=\"fas fa-chevron-circle-right\"><\/i><span class=\"w-btn-label\">Retour \u00e0 la vue d'ensemble<\/span><\/a><\/div><\/div><\/div><div class=\"wpb_column vc_column_container\"><div class=\"vc_column-inner\"><div class=\"w-image align_center\"><div class=\"w-image-h\"><img decoding=\"async\" width=\"2560\" height=\"1708\" src=\"https:\/\/gruene-wiesbaden.de\/wp-content\/uploads\/2025\/11\/1.10-Kultur-scaled.jpeg\" class=\"attachment-full size-full\" alt=\"\" loading=\"lazy\" srcset=\"https:\/\/gruene-wiesbaden.de\/wp-content\/uploads\/2025\/11\/1.10-Kultur-scaled.jpeg 2560w, https:\/\/gruene-wiesbaden.de\/wp-content\/uploads\/2025\/11\/1.10-Kultur-400x267.jpeg 400w, https:\/\/gruene-wiesbaden.de\/wp-content\/uploads\/2025\/11\/1.10-Kultur-600x400.jpeg 600w\" sizes=\"auto, (max-width: 2560px) 100vw, 2560px\" \/><\/div><\/div><div class=\"w-separator size_small\"><\/div><\/div><\/div><\/div><div class=\"w-separator size_medium\"><\/div><div class=\"w-separator size_medium\"><\/div><div class=\"wpb_text_column\"><div class=\"wpb_wrapper\"><h1>Ce que l'agriculture et la sylviculture durables signifient pour nous<\/h1>\n<\/div><\/div><div class=\"w-separator size_large\"><\/div><div class=\"g-cols wpb_row via_grid cols_3 laptops-cols_inherit tablets-cols_inherit mobiles-cols_1 valign_top type_default stacking_default\" style=\"--columns-gap:3rem;\"><div class=\"wpb_column vc_column_container\"><div class=\"vc_column-inner\"><div class=\"w-iconbox us_custom_8b3d6790 has_text_color iconpos_left style_default color_custom align_left\"><div class=\"w-iconbox-icon\" style=\"font-size:2rem;--icon-color:#Ffffff;--icon-bg-color:var(--color-header-middle-bg);\"><i class=\"fas fa-layer-group\"><\/i><\/div><div class=\"w-iconbox-meta\"><h4 class=\"w-iconbox-title\" style=\"font-size:1.5rem;\">La promotion de la culture est la protection de la d\u00e9mocratie<\/h4><div class=\"w-iconbox-text\"><p><span style=\"font-weight: 400;\">La culture est plus qu'un divertissement. Elle incite \u00e0 la rencontre, stimule la r\u00e9flexion et renforce notre coexistence d\u00e9mocratique. La culture montre des voix et des projets de vie diff\u00e9rents et les rend perceptibles. Ici, la diversit\u00e9 et l'inclusion sont v\u00e9cues, la sant\u00e9 et la coh\u00e9sion sociale sont promues.<\/span><\/p>\n<p><span style=\"font-weight: 400;\">La culture est donc un pilier essentiel d'une soci\u00e9t\u00e9 ouverte et d\u00e9mocratique.<\/span><\/p>\n<p><br style=\"font-weight: 400;\" \/><br style=\"font-weight: 400;\" \/><\/p>\n<\/div><\/div><\/div><\/div><\/div><div class=\"wpb_column vc_column_container\"><div class=\"vc_column-inner\"><div class=\"w-iconbox us_custom_8b3d6790 has_text_color iconpos_left style_default color_custom align_left\"><div class=\"w-iconbox-icon\" style=\"font-size:2rem;--icon-color:#Ffffff;--icon-bg-color:var(--color-header-transparent-text);\"><i class=\"fas fa-layer-group\"><\/i><\/div><div class=\"w-iconbox-meta\"><h4 class=\"w-iconbox-title\" style=\"font-size:1.5rem;\">La culture est un facteur de localisation<\/h4><div class=\"w-iconbox-text\"><p><span style=\"font-weight: 400;\">Une offre culturelle attrayante renforce le tourisme de Wiesbaden et augmente l'attractivit\u00e9 pour les implantations d'entreprises, l'afflux de professionnels et d'\u00e9tudiants et lie les gens \u00e0 notre ville.<\/span><\/p>\n<\/div><\/div><\/div><\/div><\/div><div class=\"wpb_column vc_column_container\"><div class=\"vc_column-inner\"><div class=\"w-iconbox us_custom_8b3d6790 has_text_color iconpos_left style_default color_custom align_left\"><div class=\"w-iconbox-icon\" style=\"font-size:2rem;--icon-color:#Ffffff;--icon-bg-color:var(--color-header-transparent-text);\"><i class=\"fas fa-layer-group\"><\/i><\/div><div class=\"w-iconbox-meta\"><h4 class=\"w-iconbox-title\" style=\"font-size:1.5rem;\">La culture comme moteur de d\u00e9veloppement<\/h4><div class=\"w-iconbox-text\"><p><span style=\"font-weight: 400;\">La culture explore les fronti\u00e8res et accompagne de mani\u00e8re critique les processus sociaux. Elle est mal \u00e0 l'aise et brise les tabous. La culture est un champ d'exp\u00e9rimentation dans lequel la d\u00e9mocratie peut \u00eatre pratiqu\u00e9e et les processus de n\u00e9gociation v\u00e9cus. La culture est donc un moteur indispensable pour le d\u00e9veloppement futur d'une soci\u00e9t\u00e9 d\u00e9mocratique.<\/span><\/p>\n<\/div><\/div><\/div><\/div><\/div><\/div><div class=\"w-separator size_medium\"><\/div><div class=\"g-cols wpb_row via_grid cols_1-2 laptops-cols_inherit tablets-cols_inherit mobiles-cols_1 valign_top type_default stacking_default\" style=\"--columns-gap:3rem;\"><div class=\"wpb_column vc_column_container\"><div class=\"vc_column-inner\"><div class=\"w-iconbox us_custom_8b3d6790 has_text_color iconpos_left style_default color_custom align_left\"><div class=\"w-iconbox-icon\" style=\"font-size:2rem;--icon-color:#Ffffff;--icon-bg-color:var(--color-header-middle-bg);\"><i class=\"fas fa-layer-group\"><\/i><\/div><div class=\"w-iconbox-meta\"><h4 class=\"w-iconbox-title\" style=\"font-size:1.5rem;\">La culture cr\u00e9e des espaces de libert\u00e9<\/h4><div class=\"w-iconbox-text\"><p><span style=\"font-weight: 400;\">La participation culturelle n\u2019est pas un \u00abnice to have\u00bb, c\u2019est un droit de l\u2019homme. La culture est source d'inspiration et incite \u00e0 la r\u00e9flexion. L'\u00e9ducation culturelle \u00e9largit les horizons, renforce la tol\u00e9rance et l'auto-efficacit\u00e9. Les espaces culturels offrent des \u00abespaces s\u00fbrs\u00bb pour promouvoir l\u2019\u00e9panouissement de sa propre identit\u00e9. La culture offre une v\u00e9ritable exp\u00e9rience commune et conduit ensemble au lieu de diviser.<\/span><\/p>\n<p><br style=\"font-weight: 400;\" \/><br style=\"font-weight: 400;\" \/><\/p>\n<\/div><\/div><\/div><\/div><\/div><div class=\"wpb_column vc_column_container\"><div class=\"vc_column-inner\"><div class=\"w-iconbox us_custom_8b3d6790 has_text_color iconpos_left style_default color_custom align_left\"><div class=\"w-iconbox-icon\" style=\"font-size:2rem;--icon-color:#Ffffff;--icon-bg-color:var(--color-header-transparent-text);\"><i class=\"fas fa-layer-group\"><\/i><\/div><div class=\"w-iconbox-meta\"><h4 class=\"w-iconbox-title\" style=\"font-size:1.5rem;\">La culture est le d\u00e9veloppement urbain<\/h4><div class=\"w-iconbox-text\"><p><span style=\"font-weight: 400;\">La croissance du commerce en ligne laisse \u00e9galement sa marque \u00e0 Wiesbaden. Le taux de vacance augmente. Les magasins sp\u00e9cialis\u00e9s et m\u00eame les grands magasins sont en difficult\u00e9. Non seulement un centre-ville d\u00e9sertique n\u2019est pas attrayant, mais l\u2019incertitude, qu\u2019elle soit r\u00e9elle ou ressentie, y devient rapidement un sujet de pr\u00e9occupation.<\/span><\/p>\n<p><span style=\"font-weight: 400;\">Le potentiel cr\u00e9atif et culturel de notre ville peut construire des ponts ici: L\u2019exposition \u00e0 l\u2019inactivit\u00e9, la cr\u00e9ation de \u00abtroisi\u00e8mes lieux\u00bb, l\u2019animation de lieux avec des \u00e9v\u00e9nements et l\u2019implantation de clubs et de restaurants cr\u00e9ent de nouveaux lieux de rencontre qui renforcent l\u2019attractivit\u00e9 du centre-ville.<\/span><\/p>\n<p><br style=\"font-weight: 400;\" \/><br style=\"font-weight: 400;\" \/><\/p>\n<\/div><\/div><\/div><\/div><\/div><\/div><div class=\"w-separator size_medium\"><\/div><div class=\"w-btn-wrapper align_left\"><a class=\"w-btn us-btn-style_8 icon_atleft\" href=\"https:\/\/gruene-wiesbaden.de\/fr\/kommunalwahl\/#Kapitel1\"><i class=\"fas fa-chevron-circle-right\"><\/i><span class=\"w-btn-label\">Retour \u00e0 la vue d'ensemble<\/span><\/a><\/div><div class=\"w-separator size_medium\"><\/div><\/div><\/div><\/div><\/div><\/section><section class=\"l-section wpb_row height_auto with_img\"><div class=\"l-section-img\" role=\"img\" data-img-width=\"2560\" data-img-height=\"1708\" style=\"background-image: url(https:\/\/gruene-wiesbaden.de\/wp-content\/uploads\/2025\/11\/1.10-Kultur-scaled.jpeg);background-repeat: no-repeat;\"><\/div><div class=\"l-section-overlay\" style=\"background:var(--color-header-top-transparent-bg)\"><\/div><div class=\"l-section-h i-cf\"><div class=\"g-cols vc_row via_grid cols_1 laptops-cols_inherit tablets-cols_inherit mobiles-cols_1 valign_middle type_default stacking_default\" style=\"--columns-gap:1rem;\"><div class=\"wpb_column vc_column_container\"><div class=\"vc_column-inner\"><div class=\"w-separator size_large\"><\/div><div class=\"wpb_text_column background_inside_text\"><div class=\"wpb_wrapper\"><h1>Ce que nous voulons concr\u00e8tement faire dans ce domaine<\/h1>\n<\/div><\/div><div class=\"w-separator size_medium\"><\/div><div class=\"w-tabs us_custom_42d693a0 has_text_color style_default switch_click accordion has_scrolling\" style=\"--sections-title-size:1.4rem\"><div class=\"w-tabs-sections titles-align_none icon_chevron cpos_right\"><div class=\"w-tabs-section has_text_color\" id=\"x292\" style=\"background:var(--color-header-transparent-text);color:var(--color-header-top-text-hover);\"><button class=\"w-tabs-section-header\" aria-controls=\"content-x292\" aria-expanded=\"false\"><div class=\"w-tabs-section-title\">La culture a besoin d'espaces<\/div><div class=\"w-tabs-section-control\"><\/div><\/button><div  class=\"w-tabs-section-content\" id=\"content-x292\"><div class=\"w-tabs-section-content-h i-cf\"><div class=\"wpb_text_column\"><div class=\"wpb_wrapper\"><p><span style=\"font-weight: 400;\">Kunsthaus43, VHS, Stadtmuseum, Creativefabrik, KONTEXT ou Tanzhaus \u2013 ils sont tous particuli\u00e8rement unis: La culture a besoin d'espaces, de protection des droits acquis et de perspectives claires. C\u2019est pourquoi nous soutenons le d\u00e9veloppement culturel de la ville en r\u00e9utilisant les espaces vacants, en d\u00e9veloppant le CULTURECAMPus et en cr\u00e9ant de nouveaux \u00abtroisi\u00e8mes lieux\u00bb, tels que le WALHALLA.<\/span><\/p>\n<\/div><\/div><\/div><\/div><\/div><div class=\"w-tabs-section has_text_color\" id=\"j3ae\" style=\"background:var(--color-header-transparent-text);color:var(--color-header-top-text-hover);\"><button class=\"w-tabs-section-header\" aria-controls=\"content-j3ae\" aria-expanded=\"false\"><div class=\"w-tabs-section-title\">Rendre la culture durable<\/div><div class=\"w-tabs-section-control\"><\/div><\/button><div  class=\"w-tabs-section-content\" id=\"content-j3ae\"><div class=\"w-tabs-section-content-h i-cf\"><div class=\"wpb_text_column\"><div class=\"wpb_wrapper\"><p><span style=\"font-weight: 400;\">La durabilit\u00e9 environnementale et sociale est \u00e9galement un objectif important dans la culture. Cependant, il manque souvent du savoir-faire et des moyens financiers pour mettre en \u0153uvre des id\u00e9es durables. Nous voulons donc faciliter l'acc\u00e8s aux possibilit\u00e9s de financement existantes par le biais de conseils et am\u00e9liorer le transfert de connaissances entre les acteurs culturels par le biais d'ateliers r\u00e9guliers et le soutien continu de TourCert et d'\u00d6koprofit ou encore de normes de certification propres \u00e0 l'industrie.<\/span><\/p>\n<\/div><\/div><\/div><\/div><\/div><div class=\"w-tabs-section has_text_color\" id=\"w4f6\" style=\"background:var(--color-header-transparent-text);color:var(--color-header-top-text-hover);\"><button class=\"w-tabs-section-header\" aria-controls=\"content-w4f6\" aria-expanded=\"false\"><div class=\"w-tabs-section-title\">La culture a besoin de perspective<\/div><div class=\"w-tabs-section-control\"><\/div><\/button><div  class=\"w-tabs-section-content\" id=\"content-w4f6\"><div class=\"w-tabs-section-content-h i-cf\"><div class=\"wpb_text_column\"><div class=\"wpb_wrapper\"><p><span style=\"font-weight: 400;\">La promotion de la culture n'est pas un luxe qu'il faut pouvoir se permettre. La promotion de la culture est la protection de la d\u00e9mocratie. C'est pourquoi il est important, surtout en ces temps difficiles d'un point de vue \u00e9conomique et politique, que l'encouragement de la culture ne tombe pas sous les roues. Lorsque les subventions d\u00e9pendent de l'arbitraire politique et que des contenus d\u00e9sagr\u00e9ables sont supprim\u00e9s, les piliers fondamentaux de notre d\u00e9mocratie sont menac\u00e9s. Nous, les VERTS, sommes donc favorables \u00e0 la pr\u00e9servation de notre paysage culturel diversifi\u00e9, au lobbying du Conseil consultatif de la culture, \u00e0 la poursuite de la promotion de l'engagement de l'\u00e9tat-major dans la culture et \u00e0 la mise en \u0153uvre du plan de d\u00e9veloppement culturel.<\/span><\/p>\n<\/div><\/div><\/div><\/div><\/div><div class=\"w-tabs-section has_text_color\" id=\"o611\" style=\"background:var(--color-header-middle-bg);color:var(--color-content-heading);\"><button class=\"w-tabs-section-header\" aria-controls=\"content-o611\" aria-expanded=\"false\"><div class=\"w-tabs-section-title\">Renforcer la sc\u00e8ne libre<\/div><div class=\"w-tabs-section-control\"><\/div><\/button><div  class=\"w-tabs-section-content\" id=\"content-o611\"><div class=\"w-tabs-section-content-h i-cf\"><div class=\"wpb_text_column\"><div class=\"wpb_wrapper\"><p><span style=\"font-weight: 400;\">Les sc\u00e8nes libres, les ateliers et les centres socioculturels sont l'humus cr\u00e9atif de la soci\u00e9t\u00e9. C'est l\u00e0 que naissent de nouvelles id\u00e9es et des projets intersectoriels. Nous, les VERTS, voulons que leur promotion soit soutenue et que les d\u00e9savantages par rapport aux institutions culturelles de la ville et de la campagne soient supprim\u00e9s afin d'am\u00e9liorer la s\u00e9curit\u00e9 financi\u00e8re des artistes et des professionnels de la culture.<\/span><\/p>\n<\/div><\/div><\/div><\/div><\/div><div class=\"w-tabs-section has_text_color\" id=\"r729\" style=\"background:var(--color-header-transparent-text);color:var(--color-header-top-text-hover);\"><button class=\"w-tabs-section-header\" aria-controls=\"content-r729\" aria-expanded=\"false\"><div class=\"w-tabs-section-title\">Th\u00e9\u00e2tre d'\u00c9tat et festival<\/div><div class=\"w-tabs-section-control\"><\/div><\/button><div  class=\"w-tabs-section-content\" id=\"content-r729\"><div class=\"w-tabs-section-content-h i-cf\"><div class=\"wpb_text_column\"><div class=\"wpb_wrapper\"><p><span style=\"font-weight: 400;\">Le th\u00e9\u00e2tre d'\u00c9tat de Hesse avec le Festival international de mai et la Biennale de Wiesbaden atteignent de nombreuses personnes de Wiesbaden et au-del\u00e0 des fronti\u00e8res de la ville. Nous voulons obtenir une plus grande participation du pays au financement du th\u00e9\u00e2tre d'\u00c9tat et nous nous engageons pour une ouverture de la maison au plus grand nombre possible de groupes de population.<\/span><\/p>\n<\/div><\/div><\/div><\/div><\/div><div class=\"w-tabs-section has_text_color\" id=\"y867\" style=\"background:var(--color-header-middle-bg);color:var(--color-header-middle-text);\"><button class=\"w-tabs-section-header\" aria-controls=\"content-y867\" aria-expanded=\"false\"><div class=\"w-tabs-section-title\">Rendre la culture plus visible en tant que facteur \u00e9conomique<\/div><div class=\"w-tabs-section-control\"><\/div><\/button><div  class=\"w-tabs-section-content\" id=\"content-y867\"><div class=\"w-tabs-section-content-h i-cf\"><div class=\"wpb_text_column\"><div class=\"wpb_wrapper\"><p><span style=\"font-weight: 400;\">La diversit\u00e9 culturelle rend Wiesbaden vivante et attrayante pour les touristes, les professionnels, les \u00e9tudiants et les entreprises. Nous voulons rendre la sc\u00e8ne culturelle encore plus visible dans notre repr\u00e9sentation ext\u00e9rieure, renforcer encore les coop\u00e9rations entre la culture, le tourisme et l'\u00e9conomie et ancrer la culture en tant que partenaire solide du d\u00e9veloppement urbain.<\/span><\/p>\n<\/div><\/div><\/div><\/div><\/div><div class=\"w-tabs-section has_text_color\" id=\"g97e\" style=\"background:var(--color-header-transparent-text);color:var(--color-header-top-text-hover);\"><button class=\"w-tabs-section-header\" aria-controls=\"content-g97e\" aria-expanded=\"false\"><div class=\"w-tabs-section-title\">Soutenir l'art dans l'espace public<\/div><div class=\"w-tabs-section-control\"><\/div><\/button><div  class=\"w-tabs-section-content\" id=\"content-g97e\"><div class=\"w-tabs-section-content-h i-cf\"><div class=\"wpb_text_column\"><div class=\"wpb_wrapper\"><p><span style=\"font-weight: 400;\">L'art dans l'espace public cr\u00e9e des lieux de rencontre et des espaces d'exposition vivants. Elle encourage les artistes locaux et augmente l'identification avec la ville et la sc\u00e8ne locale. Nous voulons nous engager pour des espaces et une exposition temporaire d'art dans l'espace public.<\/span><\/p>\n<\/div><\/div><\/div><\/div><\/div><div class=\"w-tabs-section has_text_color\" id=\"za95\" style=\"background:var(--color-header-transparent-text);color:var(--color-header-top-text-hover);\"><button class=\"w-tabs-section-header\" aria-controls=\"content-za95\" aria-expanded=\"false\"><div class=\"w-tabs-section-title\">Festival de la culture de la jeunesse \u2013 Renforcer les possibilit\u00e9s de participation<\/div><div class=\"w-tabs-section-control\"><\/div><\/button><div  class=\"w-tabs-section-content\" id=\"content-za95\"><div class=\"w-tabs-section-content-h i-cf\"><div class=\"wpb_text_column\"><div class=\"wpb_wrapper\"><p><span style=\"font-weight: 400;\">L'exemple du Youth Culture Festival montre de mani\u00e8re impressionnante que les jeunes manifestent un grand int\u00e9r\u00eat non seulement \u00e0 participer \u00e0 l'organisation d'\u00e9v\u00e9nements culturels, mais aussi \u00e0 les organiser eux-m\u00eames. Nous voulons nous engager \u00e0 \u00e9largir les possibilit\u00e9s de participation ainsi que la participation autod\u00e9termin\u00e9e dans le domaine de la culture pour les jeunes avec les partenaires de l'animation socio-\u00e9ducative et de la sc\u00e8ne libre.<\/span><\/p>\n<\/div><\/div><\/div><\/div><\/div><div class=\"w-tabs-section has_text_color\" id=\"ibe3\" style=\"background:var(--color-header-transparent-text);color:var(--color-header-top-text-hover);\"><button class=\"w-tabs-section-header\" aria-controls=\"content-ibe3\" aria-expanded=\"false\"><div class=\"w-tabs-section-title\">Renforcer la vie nocturne et l'application Tout Wiesbaden pour plus de vue d'ensemble lors d'\u00e9v\u00e9nements \u00e0 Wiesbaden<\/div><div class=\"w-tabs-section-control\"><\/div><\/button><div  class=\"w-tabs-section-content\" id=\"content-ibe3\"><div class=\"w-tabs-section-content-h i-cf\"><div class=\"wpb_text_column\"><div class=\"wpb_wrapper\"><p><span style=\"font-weight: 400;\">Afin de renforcer la vie nocturne \u00e0 Wiesbaden dans son ensemble, nous maintenons la cr\u00e9ation d'un poste de maire de nuit. L'objectif est de r\u00e9unir les diff\u00e9rents acteurs de l'\u00e9conomie de nuit avec la politique, l'administration et les citoyens, de supprimer les obstacles, de cr\u00e9er une compr\u00e9hension mutuelle, de contribuer au d\u00e9veloppement urbain et de promouvoir l'implantation de clubs et de restaurants.<\/span><\/p>\n<p><span style=\"font-weight: 400;\">Nous souhaitons \u00e9galement que le calendrier des manifestations de la ville de Wiesbaden soit explor\u00e9 de mani\u00e8re mobile dans l\u2019application \u00abAlles Wiesbaden\u00bb afin d\u2019accro\u00eetre encore la visibilit\u00e9 de la culture.<\/span><\/p>\n<\/div><\/div><\/div><\/div><\/div><\/div><\/div><div class=\"w-separator size_medium\"><\/div><div class=\"w-btn-wrapper align_left\"><a class=\"w-btn us-btn-style_8 icon_atleft\" href=\"https:\/\/gruene-wiesbaden.de\/fr\/kommunalwahl\/#Kapitel1\"><i class=\"fas fa-chevron-circle-right\"><\/i><span class=\"w-btn-label\">Retour \u00e0 la vue d'ensemble<\/span><\/a><\/div><div class=\"w-separator size_large\"><\/div><div class=\"wpb_text_column\"><div class=\"wpb_wrapper\"><h1>Ce que nous avons d\u00e9j\u00e0 accompli<\/h1>\n<\/div><\/div><div class=\"w-separator size_medium\"><\/div><div class=\"w-tabs us_custom_42d693a0 has_text_color style_default switch_click accordion has_scrolling\" style=\"--sections-title-size:1.4rem\"><div class=\"w-tabs-sections titles-align_none icon_chevron cpos_right\"><div class=\"w-tabs-section has_text_color\" id=\"pf7a\" style=\"background:var(--color-header-transparent-text);color:var(--color-header-top-text-hover);\"><button class=\"w-tabs-section-header\" aria-controls=\"content-pf7a\" aria-expanded=\"false\"><div class=\"w-tabs-section-title\">La participation culturelle est un droit de l'homme<\/div><div class=\"w-tabs-section-control\"><\/div><\/button><div  class=\"w-tabs-section-content\" id=\"content-pf7a\"><div class=\"w-tabs-section-content-h i-cf\"><div class=\"wpb_text_column\"><div class=\"wpb_wrapper\"><p><span style=\"font-weight: 400;\">permettre \u00e0 tous de participer \u00e0 la culture. C'est pourquoi nous avons lanc\u00e9 l'adh\u00e9sion gratuite \u00e0 la biblioth\u00e8que municipale. Afin d'initier les jeunes \u00e0 la culture \u00e0 un stade pr\u00e9coce, le programme de soutien \u00e0 l'\u00e9ducation culturelle a \u00e9galement \u00e9t\u00e9 mis en place dans les \u00e9coles. Et le programme de soutien aux projets interculturels soutient de mani\u00e8re cibl\u00e9e des artistes, des associations et des initiatives de diff\u00e9rents horizons culturels afin de lancer des projets pour un large public diversifi\u00e9.<\/span><\/p>\n<\/div><\/div><\/div><\/div><\/div><div class=\"w-tabs-section has_text_color\" id=\"d095\" style=\"background:var(--color-header-transparent-text);color:var(--color-header-top-text-hover);\"><button class=\"w-tabs-section-header\" aria-controls=\"content-d095\" aria-expanded=\"false\"><div class=\"w-tabs-section-title\">Revitalisation du centre-ville<\/div><div class=\"w-tabs-section-control\"><\/div><\/button><div  class=\"w-tabs-section-content\" id=\"content-d095\"><div class=\"w-tabs-section-content-h i-cf\"><div class=\"wpb_text_column\"><div class=\"wpb_wrapper\"><p><span style=\"font-weight: 400;\">Avec le d\u00e9m\u00e9nagement de la VHS au centre-ville et le lancement de la r\u00e9novation du Walhalla en tant que troisi\u00e8me site, deux premiers projets sont en cours de r\u00e9alisation, qui, en collaboration avec des institutions culturelles et \u00e9ducatives, visent \u00e0 augmenter l'attractivit\u00e9 du centre-ville de Wiesbaden.<\/span><\/p>\n<\/div><\/div><\/div><\/div><\/div><div class=\"w-tabs-section has_text_color\" id=\"j1c1\" style=\"background:var(--color-header-transparent-text);color:var(--color-header-top-text-hover);\"><button class=\"w-tabs-section-header\" aria-controls=\"content-j1c1\" aria-expanded=\"false\"><div class=\"w-tabs-section-title\">Durabilit\u00e9 dans la culture<\/div><div class=\"w-tabs-section-control\"><\/div><\/button><div  class=\"w-tabs-section-content\" id=\"content-j1c1\"><div class=\"w-tabs-section-content-h i-cf\"><div class=\"wpb_text_column\"><div class=\"wpb_wrapper\"><p><span style=\"font-weight: 400;\">En collaboration avec le r\u00e9seau de partenaires, TourCert est \u00e9galement mis en \u0153uvre en tant que certification pour les institutions culturelles. L'\u00e9coprofit est \u00e9galement ouvert aux institutions culturelles. Emprunter au lieu d'acheter r\u00e9duit la consommation de ressources et l'empreinte \u00e9cologique individuelle. Pour une utilisation durable des ressources, nous avons mis en place une biblioth\u00e8que d'objets dans la biblioth\u00e8que municipale, o\u00f9 des objets d'usage quotidien peuvent \u00eatre emprunt\u00e9s gratuitement.<\/span><span style=\"font-weight: 400;\"><br \/>\n<\/span><span style=\"font-weight: 400;\">Pour un transfert de connaissances et un \u00e9change entre les institutions culturelles, la ville de Wiesbaden organise en octobre 2025 une premi\u00e8re grande conf\u00e9rence sur le d\u00e9veloppement durable avec les institutions culturelles de Wiesbaden.<\/span><\/p>\n<\/div><\/div><\/div><\/div><\/div><div class=\"w-tabs-section has_text_color\" id=\"p2ef\" style=\"background:var(--color-header-middle-bg);color:var(--color-content-heading);\"><button class=\"w-tabs-section-header\" aria-controls=\"content-p2ef\" aria-expanded=\"false\"><div class=\"w-tabs-section-title\">Transparence dans la promotion de la culture<\/div><div class=\"w-tabs-section-control\"><\/div><\/button><div  class=\"w-tabs-section-content\" id=\"content-p2ef\"><div class=\"w-tabs-section-content-h i-cf\"><div class=\"wpb_text_column\"><div class=\"wpb_wrapper\"><p><span style=\"font-weight: 400;\">Afin de parvenir \u00e0 la transparence et de minimiser l'influence de la politique sur la promotion de la culture, un comit\u00e9 consultatif sp\u00e9cialis\u00e9 a \u00e9t\u00e9 cr\u00e9\u00e9 et ses recommandations ont \u00e9t\u00e9 mises en \u0153uvre dans une large mesure dans le cadre de la promotion institutionnelle. Le plan de d\u00e9veloppement culturel est mis en \u0153uvre progressivement.<\/span><\/p>\n<\/div><\/div><\/div><\/div><\/div><\/div><\/div><div class=\"w-separator size_medium\"><\/div><div class=\"w-btn-wrapper align_left\"><a class=\"w-btn us-btn-style_8 icon_atleft\" href=\"https:\/\/gruene-wiesbaden.de\/fr\/kommunalwahl\/#Kapitel1\"><i class=\"fas fa-chevron-circle-right\"><\/i><span class=\"w-btn-label\">Retour \u00e0 la vue d'ensemble<\/span><\/a><\/div><div class=\"w-separator size_large\"><\/div><\/div><\/div><\/div><\/div><\/section>","protected":false},"excerpt":{"rendered":"La culture entretient, mais c'est bien plus encore: Leurs offres vari\u00e9es cr\u00e9ent des occasions de rencontres, ouvrent de nouvelles perspectives et donnent des orientations dans la vie quotidienne. Leurs forces centrifuges ont un effet tout aussi positif sur le d\u00e9veloppement personnel que sur la coh\u00e9sion sociale. Par cons\u00e9quent, la participation culturelle est un droit de l'homme inscrit dans la D\u00e9claration universelle des droits de l'homme et la Convention des Nations Unies relative aux...","protected":false},"author":1,"featured_media":1513,"comment_status":"closed","ping_status":"closed","sticky":false,"template":"","format":"standard","meta":{"footnotes":""},"categories":[14],"tags":[],"class_list":["post-1337","post","type-post","status-publish","format-standard","has-post-thumbnail","hentry","category-kapitel-1"],"yoast_head":"<!-- This site is optimized with the Yoast SEO plugin v27.5 - https:\/\/yoast.com\/product\/yoast-seo-wordpress\/ -->\n<title>Kultur - B\u00dcNDNIS 90\/DIE GR\u00dcNEN Wiesbaden<\/title>\n<meta name=\"robots\" content=\"index, follow, max-snippet:-1, max-image-preview:large, max-video-preview:-1\" \/>\n<link rel=\"canonical\" href=\"https:\/\/gruene-wiesbaden.de\/fr\/kultur\/\" \/>\n<meta property=\"og:locale\" content=\"fr_FR\" \/>\n<meta property=\"og:type\" content=\"article\" \/>\n<meta property=\"og:title\" content=\"Kultur - B\u00dcNDNIS 90\/DIE GR\u00dcNEN Wiesbaden\" \/>\n<meta property=\"og:url\" content=\"https:\/\/gruene-wiesbaden.de\/fr\/kultur\/\" \/>\n<meta property=\"og:site_name\" content=\"B\u00dcNDNIS 90\/DIE GR\u00dcNEN Wiesbaden\" \/>\n<meta property=\"article:publisher\" content=\"https:\/\/www.facebook.com\/gruene.wi\" \/>\n<meta property=\"article:published_time\" content=\"2025-11-09T21:50:07+00:00\" \/>\n<meta property=\"article:modified_time\" content=\"2026-04-08T22:18:22+00:00\" \/>\n<meta property=\"og:image\" content=\"https:\/\/gruene-wiesbaden.de\/wp-content\/uploads\/2025\/11\/1.10-Kultur-scaled.jpeg\" \/>\n\t<meta property=\"og:image:width\" content=\"2560\" \/>\n\t<meta property=\"og:image:height\" content=\"1708\" \/>\n\t<meta property=\"og:image:type\" content=\"image\/jpeg\" \/>\n<meta name=\"author\" content=\"admin\" \/>\n<meta name=\"twitter:card\" content=\"summary_large_image\" \/>\n<meta name=\"twitter:label1\" content=\"\u00c9crit par\" \/>\n\t<meta name=\"twitter:data1\" content=\"admin\" \/>\n\t<meta name=\"twitter:label2\" content=\"Dur\u00e9e de lecture estim\u00e9e\" \/>\n\t<meta name=\"twitter:data2\" content=\"8 minutes\" \/>\n<script type=\"application\/ld+json\" class=\"yoast-schema-graph\">{\"@context\":\"https:\\\/\\\/schema.org\",\"@graph\":[{\"@type\":\"Article\",\"@id\":\"https:\\\/\\\/gruene-wiesbaden.de\\\/kultur\\\/#article\",\"isPartOf\":{\"@id\":\"https:\\\/\\\/gruene-wiesbaden.de\\\/kultur\\\/\"},\"author\":{\"name\":\"admin\",\"@id\":\"https:\\\/\\\/gruene-wiesbaden.de\\\/#\\\/schema\\\/person\\\/6785c34779159cd4fd86886bb097afe9\"},\"headline\":\"Kultur\",\"datePublished\":\"2025-11-09T21:50:07+00:00\",\"dateModified\":\"2026-04-08T22:18:22+00:00\",\"mainEntityOfPage\":{\"@id\":\"https:\\\/\\\/gruene-wiesbaden.de\\\/kultur\\\/\"},\"wordCount\":2309,\"publisher\":{\"@id\":\"https:\\\/\\\/gruene-wiesbaden.de\\\/#organization\"},\"image\":{\"@id\":\"https:\\\/\\\/gruene-wiesbaden.de\\\/kultur\\\/#primaryimage\"},\"thumbnailUrl\":\"https:\\\/\\\/gruene-wiesbaden.de\\\/wp-content\\\/uploads\\\/2025\\\/11\\\/1.10-Kultur-scaled.jpeg\",\"articleSection\":[\"Kapitel 1\"],\"inLanguage\":\"fr-FR\"},{\"@type\":\"WebPage\",\"@id\":\"https:\\\/\\\/gruene-wiesbaden.de\\\/kultur\\\/\",\"url\":\"https:\\\/\\\/gruene-wiesbaden.de\\\/kultur\\\/\",\"name\":\"Kultur - B\u00dcNDNIS 90\\\/DIE GR\u00dcNEN Wiesbaden\",\"isPartOf\":{\"@id\":\"https:\\\/\\\/gruene-wiesbaden.de\\\/#website\"},\"primaryImageOfPage\":{\"@id\":\"https:\\\/\\\/gruene-wiesbaden.de\\\/kultur\\\/#primaryimage\"},\"image\":{\"@id\":\"https:\\\/\\\/gruene-wiesbaden.de\\\/kultur\\\/#primaryimage\"},\"thumbnailUrl\":\"https:\\\/\\\/gruene-wiesbaden.de\\\/wp-content\\\/uploads\\\/2025\\\/11\\\/1.10-Kultur-scaled.jpeg\",\"datePublished\":\"2025-11-09T21:50:07+00:00\",\"dateModified\":\"2026-04-08T22:18:22+00:00\",\"breadcrumb\":{\"@id\":\"https:\\\/\\\/gruene-wiesbaden.de\\\/kultur\\\/#breadcrumb\"},\"inLanguage\":\"fr-FR\",\"potentialAction\":[{\"@type\":\"ReadAction\",\"target\":[\"https:\\\/\\\/gruene-wiesbaden.de\\\/kultur\\\/\"]}]},{\"@type\":\"ImageObject\",\"inLanguage\":\"fr-FR\",\"@id\":\"https:\\\/\\\/gruene-wiesbaden.de\\\/kultur\\\/#primaryimage\",\"url\":\"https:\\\/\\\/gruene-wiesbaden.de\\\/wp-content\\\/uploads\\\/2025\\\/11\\\/1.10-Kultur-scaled.jpeg\",\"contentUrl\":\"https:\\\/\\\/gruene-wiesbaden.de\\\/wp-content\\\/uploads\\\/2025\\\/11\\\/1.10-Kultur-scaled.jpeg\",\"width\":2560,\"height\":1708},{\"@type\":\"BreadcrumbList\",\"@id\":\"https:\\\/\\\/gruene-wiesbaden.de\\\/kultur\\\/#breadcrumb\",\"itemListElement\":[{\"@type\":\"ListItem\",\"position\":1,\"name\":\"Startseite\",\"item\":\"https:\\\/\\\/gruene-wiesbaden.de\\\/\"},{\"@type\":\"ListItem\",\"position\":2,\"name\":\"Kultur\"}]},{\"@type\":\"WebSite\",\"@id\":\"https:\\\/\\\/gruene-wiesbaden.de\\\/#website\",\"url\":\"https:\\\/\\\/gruene-wiesbaden.de\\\/\",\"name\":\"DIE GR\u00dcNEN Wiesbaden\",\"description\":\"\",\"publisher\":{\"@id\":\"https:\\\/\\\/gruene-wiesbaden.de\\\/#organization\"},\"potentialAction\":[{\"@type\":\"SearchAction\",\"target\":{\"@type\":\"EntryPoint\",\"urlTemplate\":\"https:\\\/\\\/gruene-wiesbaden.de\\\/?s={search_term_string}\"},\"query-input\":{\"@type\":\"PropertyValueSpecification\",\"valueRequired\":true,\"valueName\":\"search_term_string\"}}],\"inLanguage\":\"fr-FR\"},{\"@type\":\"Organization\",\"@id\":\"https:\\\/\\\/gruene-wiesbaden.de\\\/#organization\",\"name\":\"DIE GR\u00dcNEN Wiesbaden\",\"url\":\"https:\\\/\\\/gruene-wiesbaden.de\\\/\",\"logo\":{\"@type\":\"ImageObject\",\"inLanguage\":\"fr-FR\",\"@id\":\"https:\\\/\\\/gruene-wiesbaden.de\\\/#\\\/schema\\\/logo\\\/image\\\/\",\"url\":\"https:\\\/\\\/gruene-wiesbaden-fuer-europa.de\\\/wp-content\\\/uploads\\\/2024\\\/04\\\/Machen-was-zaehlt-5.png\",\"contentUrl\":\"https:\\\/\\\/gruene-wiesbaden-fuer-europa.de\\\/wp-content\\\/uploads\\\/2024\\\/04\\\/Machen-was-zaehlt-5.png\",\"width\":1772,\"height\":1772,\"caption\":\"DIE GR\u00dcNEN Wiesbaden\"},\"image\":{\"@id\":\"https:\\\/\\\/gruene-wiesbaden.de\\\/#\\\/schema\\\/logo\\\/image\\\/\"},\"sameAs\":[\"https:\\\/\\\/www.facebook.com\\\/gruene.wi\",\"https:\\\/\\\/instagram.com\\\/gruene_wi\"]},{\"@type\":\"Person\",\"@id\":\"https:\\\/\\\/gruene-wiesbaden.de\\\/#\\\/schema\\\/person\\\/6785c34779159cd4fd86886bb097afe9\",\"name\":\"admin\",\"sameAs\":[\"http:\\\/\\\/gruene-wiesbaden-fuer-europa.de\"],\"url\":\"https:\\\/\\\/gruene-wiesbaden.de\\\/fr\\\/author\\\/admin\\\/\"}]}<\/script>\n<!-- \/ Yoast SEO plugin. -->","yoast_head_json":{"title":"Kultur - B\u00dcNDNIS 90\/DIE GR\u00dcNEN Wiesbaden","robots":{"index":"index","follow":"follow","max-snippet":"max-snippet:-1","max-image-preview":"max-image-preview:large","max-video-preview":"max-video-preview:-1"},"canonical":"https:\/\/gruene-wiesbaden.de\/fr\/kultur\/","og_locale":"fr_FR","og_type":"article","og_title":"Kultur - B\u00dcNDNIS 90\/DIE GR\u00dcNEN Wiesbaden","og_url":"https:\/\/gruene-wiesbaden.de\/fr\/kultur\/","og_site_name":"B\u00dcNDNIS 90\/DIE GR\u00dcNEN Wiesbaden","article_publisher":"https:\/\/www.facebook.com\/gruene.wi","article_published_time":"2025-11-09T21:50:07+00:00","article_modified_time":"2026-04-08T22:18:22+00:00","og_image":[{"width":2560,"height":1708,"url":"https:\/\/gruene-wiesbaden.de\/wp-content\/uploads\/2025\/11\/1.10-Kultur-scaled.jpeg","type":"image\/jpeg"}],"author":"admin","twitter_card":"summary_large_image","twitter_misc":{"\u00c9crit par":"admin","Dur\u00e9e de lecture estim\u00e9e":"8 minutes"},"schema":{"@context":"https:\/\/schema.org","@graph":[{"@type":"Article","@id":"https:\/\/gruene-wiesbaden.de\/kultur\/#article","isPartOf":{"@id":"https:\/\/gruene-wiesbaden.de\/kultur\/"},"author":{"name":"admin","@id":"https:\/\/gruene-wiesbaden.de\/#\/schema\/person\/6785c34779159cd4fd86886bb097afe9"},"headline":"Kultur","datePublished":"2025-11-09T21:50:07+00:00","dateModified":"2026-04-08T22:18:22+00:00","mainEntityOfPage":{"@id":"https:\/\/gruene-wiesbaden.de\/kultur\/"},"wordCount":2309,"publisher":{"@id":"https:\/\/gruene-wiesbaden.de\/#organization"},"image":{"@id":"https:\/\/gruene-wiesbaden.de\/kultur\/#primaryimage"},"thumbnailUrl":"https:\/\/gruene-wiesbaden.de\/wp-content\/uploads\/2025\/11\/1.10-Kultur-scaled.jpeg","articleSection":["Kapitel 1"],"inLanguage":"fr-FR"},{"@type":"WebPage","@id":"https:\/\/gruene-wiesbaden.de\/kultur\/","url":"https:\/\/gruene-wiesbaden.de\/kultur\/","name":"Kultur - B\u00dcNDNIS 90\/DIE GR\u00dcNEN Wiesbaden","isPartOf":{"@id":"https:\/\/gruene-wiesbaden.de\/#website"},"primaryImageOfPage":{"@id":"https:\/\/gruene-wiesbaden.de\/kultur\/#primaryimage"},"image":{"@id":"https:\/\/gruene-wiesbaden.de\/kultur\/#primaryimage"},"thumbnailUrl":"https:\/\/gruene-wiesbaden.de\/wp-content\/uploads\/2025\/11\/1.10-Kultur-scaled.jpeg","datePublished":"2025-11-09T21:50:07+00:00","dateModified":"2026-04-08T22:18:22+00:00","breadcrumb":{"@id":"https:\/\/gruene-wiesbaden.de\/kultur\/#breadcrumb"},"inLanguage":"fr-FR","potentialAction":[{"@type":"ReadAction","target":["https:\/\/gruene-wiesbaden.de\/kultur\/"]}]},{"@type":"ImageObject","inLanguage":"fr-FR","@id":"https:\/\/gruene-wiesbaden.de\/kultur\/#primaryimage","url":"https:\/\/gruene-wiesbaden.de\/wp-content\/uploads\/2025\/11\/1.10-Kultur-scaled.jpeg","contentUrl":"https:\/\/gruene-wiesbaden.de\/wp-content\/uploads\/2025\/11\/1.10-Kultur-scaled.jpeg","width":2560,"height":1708},{"@type":"BreadcrumbList","@id":"https:\/\/gruene-wiesbaden.de\/kultur\/#breadcrumb","itemListElement":[{"@type":"ListItem","position":1,"name":"Startseite","item":"https:\/\/gruene-wiesbaden.de\/"},{"@type":"ListItem","position":2,"name":"Kultur"}]},{"@type":"WebSite","@id":"https:\/\/gruene-wiesbaden.de\/#website","url":"https:\/\/gruene-wiesbaden.de\/","name":"DIE GR\u00dcNEN Wiesbaden","description":"","publisher":{"@id":"https:\/\/gruene-wiesbaden.de\/#organization"},"potentialAction":[{"@type":"SearchAction","target":{"@type":"EntryPoint","urlTemplate":"https:\/\/gruene-wiesbaden.de\/?s={search_term_string}"},"query-input":{"@type":"PropertyValueSpecification","valueRequired":true,"valueName":"search_term_string"}}],"inLanguage":"fr-FR"},{"@type":"Organization","@id":"https:\/\/gruene-wiesbaden.de\/#organization","name":"DIE GR\u00dcNEN Wiesbaden","url":"https:\/\/gruene-wiesbaden.de\/","logo":{"@type":"ImageObject","inLanguage":"fr-FR","@id":"https:\/\/gruene-wiesbaden.de\/#\/schema\/logo\/image\/","url":"https:\/\/gruene-wiesbaden-fuer-europa.de\/wp-content\/uploads\/2024\/04\/Machen-was-zaehlt-5.png","contentUrl":"https:\/\/gruene-wiesbaden-fuer-europa.de\/wp-content\/uploads\/2024\/04\/Machen-was-zaehlt-5.png","width":1772,"height":1772,"caption":"DIE GR\u00dcNEN Wiesbaden"},"image":{"@id":"https:\/\/gruene-wiesbaden.de\/#\/schema\/logo\/image\/"},"sameAs":["https:\/\/www.facebook.com\/gruene.wi","https:\/\/instagram.com\/gruene_wi"]},{"@type":"Person","@id":"https:\/\/gruene-wiesbaden.de\/#\/schema\/person\/6785c34779159cd4fd86886bb097afe9","name":"admin","sameAs":["http:\/\/gruene-wiesbaden-fuer-europa.de"],"url":"https:\/\/gruene-wiesbaden.de\/fr\/author\/admin\/"}]}},"_links":{"self":[{"href":"https:\/\/gruene-wiesbaden.de\/fr\/wp-json\/wp\/v2\/posts\/1337","targetHints":{"allow":["GET"]}}],"collection":[{"href":"https:\/\/gruene-wiesbaden.de\/fr\/wp-json\/wp\/v2\/posts"}],"about":[{"href":"https:\/\/gruene-wiesbaden.de\/fr\/wp-json\/wp\/v2\/types\/post"}],"author":[{"embeddable":true,"href":"https:\/\/gruene-wiesbaden.de\/fr\/wp-json\/wp\/v2\/users\/1"}],"replies":[{"embeddable":true,"href":"https:\/\/gruene-wiesbaden.de\/fr\/wp-json\/wp\/v2\/comments?post=1337"}],"version-history":[{"count":9,"href":"https:\/\/gruene-wiesbaden.de\/fr\/wp-json\/wp\/v2\/posts\/1337\/revisions"}],"predecessor-version":[{"id":2375,"href":"https:\/\/gruene-wiesbaden.de\/fr\/wp-json\/wp\/v2\/posts\/1337\/revisions\/2375"}],"wp:featuredmedia":[{"embeddable":true,"href":"https:\/\/gruene-wiesbaden.de\/fr\/wp-json\/wp\/v2\/media\/1513"}],"wp:attachment":[{"href":"https:\/\/gruene-wiesbaden.de\/fr\/wp-json\/wp\/v2\/media?parent=1337"}],"wp:term":[{"taxonomy":"category","embeddable":true,"href":"https:\/\/gruene-wiesbaden.de\/fr\/wp-json\/wp\/v2\/categories?post=1337"},{"taxonomy":"post_tag","embeddable":true,"href":"https:\/\/gruene-wiesbaden.de\/fr\/wp-json\/wp\/v2\/tags?post=1337"}],"curies":[{"name":"wp","href":"https:\/\/api.w.org\/{rel}","templated":true}]}}