{"id":1335,"date":"2025-11-09T23:49:11","date_gmt":"2025-11-09T21:49:11","guid":{"rendered":"https:\/\/gruene-wiesbaden.de\/?p=1335"},"modified":"2026-04-09T00:16:13","modified_gmt":"2026-04-08T22:16:13","slug":"digitale-infrastruktur-und-digitale-services-fuer-alle","status":"publish","type":"post","link":"https:\/\/gruene-wiesbaden.de\/fr\/digitale-infrastruktur-und-digitale-services-fuer-alle\/","title":{"rendered":"Infrastructure num\u00e9rique et services num\u00e9riques pour tous"},"content":{"rendered":"<section class=\"l-section wpb_row height_medium with_img\"><div class=\"l-section-img\" role=\"img\" data-img-width=\"1080\" data-img-height=\"800\" style=\"background-image: url(https:\/\/gruene-wiesbaden.de\/wp-content\/uploads\/2025\/11\/neuer-Verlauf-gruene-wiesbaden.de_-2-e1762709402177.png);\"><\/div><div class=\"l-section-overlay\" style=\"background:var(--color-header-top-transparent-bg)\"><\/div><div class=\"l-section-h i-cf\"><div class=\"g-cols vc_row via_grid cols_1 laptops-cols_inherit tablets-cols_inherit mobiles-cols_1 valign_top type_default stacking_default\"><div class=\"wpb_column vc_column_container\"><div class=\"vc_column-inner\"><h1 class=\"w-post-elm post_title us_custom_a574d586 has_text_color entry-title\">Infrastructure num\u00e9rique et services num\u00e9riques pour tous<\/h1><div class=\"w-separator size_medium\"><\/div><div class=\"g-cols wpb_row via_grid cols_2-1 laptops-cols_inherit tablets-cols_inherit mobiles-cols_1 valign_top type_default stacking_default\" style=\"--columns-gap:3rem;\"><div class=\"wpb_column vc_column_container\"><div class=\"vc_column-inner\"><div class=\"wpb_text_column us_custom_8b3d6790 has_text_color\"><div class=\"wpb_wrapper\"><p><span style=\"font-weight: 400;\">Les services num\u00e9riques sont plus que des outils techniques \u2013 ils sont essentiels pour que l\u2019administration fonctionne de mani\u00e8re rapide, simple et transparente pour tous les habitants de Wiesbaden. Ils facilitent la vie quotidienne en permettant de faire facilement des inscriptions, des r\u00e9servations de rendez-vous au bureau des citoyens ou des demandes de financement en ligne.<\/span><\/p>\n<p><span style=\"font-weight: 400;\">La participation num\u00e9rique est bien plus qu\u2019une simple connexion \u00e0 l\u2019internet: c\u2019est une condition pr\u00e9alable \u00e0 l\u2019\u00e9galit\u00e9 des chances et \u00e0 la participation \u00e0 la soci\u00e9t\u00e9. Nous, les VERTS, voulons que tous les habitants de Wiesbaden puissent profiter de mani\u00e8re \u00e9gale des opportunit\u00e9s offertes par la num\u00e9risation. Cela signifie des offres accessibles, des possibilit\u00e9s d\u2019apprentissage num\u00e9rique et un soutien \u00e0 l\u2019acquisition de comp\u00e9tences pour que personne ne soit laiss\u00e9 pour compte.<\/span><\/p>\n<p><span style=\"font-weight: 400;\">Nous voulons acc\u00e9l\u00e9rer le d\u00e9veloppement de l'infrastructure num\u00e9rique et des services intelligents, car cela augmentera la participation, l'efficacit\u00e9 et la qualit\u00e9 de vie dans notre ville. Nous misons sur la s\u00e9curit\u00e9, l'ind\u00e9pendance et les solutions open source pour prot\u00e9ger les donn\u00e9es et \u00e9viter les d\u00e9pendances.<\/span><\/p>\n<\/div><\/div><div class=\"w-separator size_medium\"><\/div><div class=\"w-btn-wrapper align_left\"><a class=\"w-btn us-btn-style_8 icon_atleft\" href=\"https:\/\/gruene-wiesbaden.de\/fr\/kommunalwahl\/#Kapitel1\"><i class=\"fas fa-chevron-circle-right\"><\/i><span class=\"w-btn-label\">Retour \u00e0 la vue d'ensemble<\/span><\/a><\/div><\/div><\/div><div class=\"wpb_column vc_column_container\"><div class=\"vc_column-inner\"><div class=\"w-image align_center\"><div class=\"w-image-h\"><img decoding=\"async\" width=\"1991\" height=\"2560\" src=\"https:\/\/gruene-wiesbaden.de\/wp-content\/uploads\/2025\/11\/1.8-Digitale-Infrastruktur-und-digitale-Services-fuer-alle-scaled.jpeg\" class=\"attachment-full size-full\" alt=\"\" loading=\"lazy\" srcset=\"https:\/\/gruene-wiesbaden.de\/wp-content\/uploads\/2025\/11\/1.8-Digitale-Infrastruktur-und-digitale-Services-fuer-alle-scaled.jpeg 1991w, https:\/\/gruene-wiesbaden.de\/wp-content\/uploads\/2025\/11\/1.8-Digitale-Infrastruktur-und-digitale-Services-fuer-alle-311x400.jpeg 311w, https:\/\/gruene-wiesbaden.de\/wp-content\/uploads\/2025\/11\/1.8-Digitale-Infrastruktur-und-digitale-Services-fuer-alle-467x600.jpeg 467w\" sizes=\"auto, (max-width: 1991px) 100vw, 1991px\" \/><\/div><\/div><div class=\"w-separator size_small\"><\/div><\/div><\/div><\/div><div class=\"w-separator size_medium\"><\/div><div class=\"w-separator size_medium\"><\/div><div class=\"wpb_text_column\"><div class=\"wpb_wrapper\"><h1>Ce que la politique en mati\u00e8re d'infrastructures et de services num\u00e9riques signifie pour nous tous<\/h1>\n<\/div><\/div><div class=\"w-separator size_large\"><\/div><div class=\"g-cols wpb_row via_grid cols_3 laptops-cols_inherit tablets-cols_inherit mobiles-cols_1 valign_top type_default stacking_default\" style=\"--columns-gap:3rem;\"><div class=\"wpb_column vc_column_container\"><div class=\"vc_column-inner\"><div class=\"w-iconbox us_custom_8b3d6790 has_text_color iconpos_left style_default color_custom align_left\"><div class=\"w-iconbox-icon\" style=\"font-size:2rem;--icon-color:#Ffffff;--icon-bg-color:var(--color-header-middle-bg);\"><i class=\"fas fa-layer-group\"><\/i><\/div><div class=\"w-iconbox-meta\"><h4 class=\"w-iconbox-title\" style=\"font-size:1.5rem;\">Assurer la participation num\u00e9rique<\/h4><div class=\"w-iconbox-text\"><p><span style=\"font-weight: 400;\">Tous les citoyens doivent pouvoir b\u00e9n\u00e9ficier de la num\u00e9risation, quels que soient leur revenu, leur \u00e2ge ou leur origine. Nous voulons faire en sorte que personne ne soit laiss\u00e9 pour compte.<\/span><\/p>\n<\/div><\/div><\/div><\/div><\/div><div class=\"wpb_column vc_column_container\"><div class=\"vc_column-inner\"><div class=\"w-iconbox us_custom_8b3d6790 has_text_color iconpos_left style_default color_custom align_left\"><div class=\"w-iconbox-icon\" style=\"font-size:2rem;--icon-color:#Ffffff;--icon-bg-color:var(--color-header-transparent-text);\"><i class=\"fas fa-layer-group\"><\/i><\/div><div class=\"w-iconbox-meta\"><h4 class=\"w-iconbox-title\" style=\"font-size:1.5rem;\">Service num\u00e9rique, simple<\/h4><div class=\"w-iconbox-text\"><p><span style=\"font-weight: 400;\">Les offres num\u00e9riques doivent \u00eatre rapides, faciles \u00e0 utiliser et simples \u00e0 utiliser, avec une orientation claire sur la vie quotidienne des citoyens plut\u00f4t que sur les logiques officielles.<\/span><\/p>\n<\/div><\/div><\/div><\/div><\/div><div class=\"wpb_column vc_column_container\"><div class=\"vc_column-inner\"><div class=\"w-iconbox us_custom_8b3d6790 has_text_color iconpos_left style_default color_custom align_left\"><div class=\"w-iconbox-icon\" style=\"font-size:2rem;--icon-color:#Ffffff;--icon-bg-color:var(--color-header-transparent-text);\"><i class=\"fas fa-layer-group\"><\/i><\/div><div class=\"w-iconbox-meta\"><h4 class=\"w-iconbox-title\" style=\"font-size:1.5rem;\">Utiliser l'intelligence artificielle de mani\u00e8re responsable<\/h4><div class=\"w-iconbox-text\"><p><span style=\"font-weight: 400;\">L'IA rend Wiesbaden plus intelligente: gr\u00e2ce \u00e0 une gestion efficace et \u00e0 de meilleurs services. Cela s'applique \u00e0 nous: La protection des donn\u00e9es, la transparence et les normes \u00e9thiques sont toujours prioritaires.<\/span><\/p>\n<p><br style=\"font-weight: 400;\" \/><br style=\"font-weight: 400;\" \/><\/p>\n<\/div><\/div><\/div><\/div><\/div><\/div><div class=\"w-separator size_medium\"><\/div><div class=\"g-cols wpb_row via_grid cols_3 laptops-cols_inherit tablets-cols_inherit mobiles-cols_1 valign_top type_default stacking_default\" style=\"--columns-gap:3rem;\"><div class=\"wpb_column vc_column_container\"><div class=\"vc_column-inner\"><div class=\"w-iconbox us_custom_8b3d6790 has_text_color iconpos_left style_default color_custom align_left\"><div class=\"w-iconbox-icon\" style=\"font-size:2rem;--icon-color:#Ffffff;--icon-bg-color:var(--color-header-middle-bg);\"><i class=\"fas fa-layer-group\"><\/i><\/div><div class=\"w-iconbox-meta\"><h4 class=\"w-iconbox-title\" style=\"font-size:1.5rem;\">Souverain et s\u00fbr<\/h4><div class=\"w-iconbox-text\"><p><span style=\"font-weight: 400;\">Nous misons sur l'open source, la protection des donn\u00e9es et une s\u00e9curit\u00e9 informatique \u00e9lev\u00e9e. Ainsi, Wiesbaden reste ind\u00e9pendante et r\u00e9sistante aux risques num\u00e9riques.<\/span><\/p>\n<\/div><\/div><\/div><\/div><\/div><div class=\"wpb_column vc_column_container\"><div class=\"vc_column-inner\"><div class=\"w-iconbox us_custom_8b3d6790 has_text_color iconpos_left style_default color_custom align_left\"><div class=\"w-iconbox-icon\" style=\"font-size:2rem;--icon-color:#Ffffff;--icon-bg-color:var(--color-header-transparent-text);\"><i class=\"fas fa-layer-group\"><\/i><\/div><div class=\"w-iconbox-meta\"><h4 class=\"w-iconbox-title\" style=\"font-size:1.5rem;\">Digitalisation durable<\/h4><div class=\"w-iconbox-text\"><p><span style=\"font-weight: 400;\">L'infrastructure et les services informatiques doivent \u00eatre \u00e9conomes en ressources, respectueux du climat et achet\u00e9s \u00e9quitablement. La durabilit\u00e9 est la ligne directrice de tout investissement num\u00e9rique.<\/span><\/p>\n<\/div><\/div><\/div><\/div><\/div><div class=\"wpb_column vc_column_container\"><div class=\"vc_column-inner\"><div class=\"w-iconbox us_custom_8b3d6790 has_text_color iconpos_left style_default color_custom align_left\"><div class=\"w-iconbox-icon\" style=\"font-size:2rem;--icon-color:#Ffffff;--icon-bg-color:var(--color-header-transparent-text);\"><i class=\"fas fa-layer-group\"><\/i><\/div><div class=\"w-iconbox-meta\"><h4 class=\"w-iconbox-title\" style=\"font-size:1.5rem;\">Concevoir l'innovation ensemble<\/h4><div class=\"w-iconbox-text\"><p><span style=\"font-weight: 400;\">La digitalisation ne peut se faire que par le dialogue. Nous encourageons les laboratoires ouverts, les id\u00e9es intelligentes de la soci\u00e9t\u00e9 urbaine et la participation \u00e0 des projets de villes intelligentes.<\/span><\/p>\n<\/div><\/div><\/div><\/div><\/div><\/div><div class=\"w-separator size_medium\"><\/div><div class=\"w-btn-wrapper align_left\"><a class=\"w-btn us-btn-style_8 icon_atleft\" href=\"https:\/\/gruene-wiesbaden.de\/fr\/kommunalwahl\/#Kapitel1\"><i class=\"fas fa-chevron-circle-right\"><\/i><span class=\"w-btn-label\">Retour \u00e0 la vue d'ensemble<\/span><\/a><\/div><div class=\"w-separator size_medium\"><\/div><\/div><\/div><\/div><\/div><\/section><section class=\"l-section wpb_row height_auto with_img\"><div class=\"l-section-img\" role=\"img\" data-img-width=\"1991\" data-img-height=\"2560\" style=\"background-image: url(https:\/\/gruene-wiesbaden.de\/wp-content\/uploads\/2025\/11\/1.8-Digitale-Infrastruktur-und-digitale-Services-fuer-alle-scaled.jpeg);background-repeat: no-repeat;\"><\/div><div class=\"l-section-overlay\" style=\"background:var(--color-header-top-transparent-bg)\"><\/div><div class=\"l-section-h i-cf\"><div class=\"g-cols vc_row via_grid cols_1 laptops-cols_inherit tablets-cols_inherit mobiles-cols_1 valign_middle type_default stacking_default\" style=\"--columns-gap:1rem;\"><div class=\"wpb_column vc_column_container\"><div class=\"vc_column-inner\"><div class=\"w-separator size_large\"><\/div><div class=\"wpb_text_column background_inside_text\"><div class=\"wpb_wrapper\"><h1>Ce que nous voulons concr\u00e8tement faire dans ce domaine<\/h1>\n<\/div><\/div><div class=\"w-separator size_medium\"><\/div><div class=\"w-tabs us_custom_42d693a0 has_text_color style_default switch_click accordion has_scrolling\" style=\"--sections-title-size:1.4rem\"><div class=\"w-tabs-sections titles-align_none icon_chevron cpos_right\"><div class=\"w-tabs-section has_text_color\" id=\"i459\" style=\"background:var(--color-header-transparent-text);color:var(--color-header-top-text-hover);\"><button class=\"w-tabs-section-header\" aria-controls=\"content-i459\" aria-expanded=\"false\"><div class=\"w-tabs-section-title\">Promouvoir le d\u00e9veloppement du Wi-Fi pour l'usage public<\/div><div class=\"w-tabs-section-control\"><\/div><\/button><div  class=\"w-tabs-section-content\" id=\"content-i459\"><div class=\"w-tabs-section-content-h i-cf\"><div class=\"wpb_text_column\"><div class=\"wpb_wrapper\"><p><span style=\"font-weight: 400;\">La participation num\u00e9rique n\u00e9cessite un acc\u00e8s libre. Nous nous engageons \u00e0 ce que les parcs, les places, les \u00e9tablissements pour la jeunesse et les \u00e9tablissements d'enseignement de Wiesbaden soient \u00e9quip\u00e9s d'une connexion Wi-Fi gratuite afin que tout le monde puisse en profiter. Ainsi, nous rendons possible la participation num\u00e9rique ind\u00e9pendamment du porte-monnaie et rendons la ville moderne, attractive et p\u00e9renne.<\/span><\/p>\n<\/div><\/div><\/div><\/div><\/div><div class=\"w-tabs-section has_text_color\" id=\"f575\" style=\"background:var(--color-header-transparent-text);color:var(--color-header-top-text-hover);\"><button class=\"w-tabs-section-header\" aria-controls=\"content-f575\" aria-expanded=\"false\"><div class=\"w-tabs-section-title\">App Tout Introduire \u00e0 Wiesbaden<\/div><div class=\"w-tabs-section-control\"><\/div><\/button><div  class=\"w-tabs-section-content\" id=\"content-f575\"><div class=\"w-tabs-section-content-h i-cf\"><div class=\"wpb_text_column\"><div class=\"wpb_wrapper\"><p><span style=\"font-weight: 400;\">Nous voulons regrouper clairement les offres culturelles, r\u00e9cr\u00e9atives et \u00e9ducatives ainsi que les services num\u00e9riques en un seul endroit. En r\u00e9seau avec le site web de la ville et d\u2019autres offres pertinentes, \u00abAlles Wiesbaden\u00bb vise \u00e0 devenir le c\u0153ur num\u00e9rique de la ville \u2013 informatif, interactif et soucieux du climat. L'application doit \u00eatre syst\u00e9matiquement d\u00e9velopp\u00e9e avec d'autres possibilit\u00e9s d'information et d'interaction.<\/span><\/p>\n<\/div><\/div><\/div><\/div><\/div><div class=\"w-tabs-section has_text_color\" id=\"y6a5\" style=\"background:var(--color-header-transparent-text);color:var(--color-header-top-text-hover);\"><button class=\"w-tabs-section-header\" aria-controls=\"content-y6a5\" aria-expanded=\"false\"><div class=\"w-tabs-section-title\">Gestion des barri\u00e8res<\/div><div class=\"w-tabs-section-control\"><\/div><\/button><div  class=\"w-tabs-section-content\" id=\"content-y6a5\"><div class=\"w-tabs-section-content-h i-cf\"><div class=\"wpb_text_column\"><div class=\"wpb_wrapper\"><p><span style=\"font-weight: 400;\">Nous voulons d\u00e9velopper les services administratifs num\u00e9riques de Wiesbaden de mani\u00e8re \u00e0 ce qu\u2019ils soient accessibles \u00e0 tous, qu\u2019ils soient faciles \u00e0 utiliser, multilingues et accessibles. Les formulaires et les services sont simplifi\u00e9s, les appareils mobiles sont mieux pris en compte et les offres d'assistance sont int\u00e9gr\u00e9es. Nous cr\u00e9ons ainsi une administration qui n'exclut personne et permet \u00e0 tous les citoyens de r\u00e9pondre rapidement et facilement \u00e0 leurs demandes en ligne.<\/span><\/p>\n<\/div><\/div><\/div><\/div><\/div><div class=\"w-tabs-section has_text_color\" id=\"h7bd\" style=\"background:var(--color-header-middle-bg);color:var(--color-content-heading);\"><button class=\"w-tabs-section-header\" aria-controls=\"content-h7bd\" aria-expanded=\"false\"><div class=\"w-tabs-section-title\">Repenser l'administration<\/div><div class=\"w-tabs-section-control\"><\/div><\/button><div  class=\"w-tabs-section-content\" id=\"content-h7bd\"><div class=\"w-tabs-section-content-h i-cf\"><div class=\"wpb_text_column\"><div class=\"wpb_wrapper\"><p><span style=\"font-weight: 400;\">Les rappels num\u00e9riques \u00e9vitent les omissions, soulagent la gestion et font gagner du temps \u00e0 tout le monde. Nous nous engageons pour l'introduction d'une proc\u00e9dure de rappel num\u00e9rique pour les cartes d'identit\u00e9 arrivant \u00e0 expiration. Les citoyens sont ainsi inform\u00e9s en temps utile par lettre, e-mail ou application et peuvent introduire leur demande suffisamment t\u00f4t. Cela permet de r\u00e9duire le stress, d'\u00e9viter les omissions et d'all\u00e9ger la charge administrative, car les demandes \u00e0 court terme sont moins fr\u00e9quentes. Dans le m\u00eame temps, le service s'am\u00e9liore pour tous les citoyens et l'administration devient plus simple et plus conviviale.<\/span><\/p>\n<\/div><\/div><\/div><\/div><\/div><div class=\"w-tabs-section has_text_color\" id=\"k8d3\" style=\"background:var(--color-header-transparent-text);color:var(--color-header-top-text-hover);\"><button class=\"w-tabs-section-header\" aria-controls=\"content-k8d3\" aria-expanded=\"false\"><div class=\"w-tabs-section-title\">Raccordement de l'administration au 115<\/div><div class=\"w-tabs-section-control\"><\/div><\/button><div  class=\"w-tabs-section-content\" id=\"content-k8d3\"><div class=\"w-tabs-section-content-h i-cf\"><div class=\"wpb_text_column\"><div class=\"wpb_wrapper\"><p><span style=\"font-weight: 400;\">Nous voulons relier l'administration de Wiesbaden au num\u00e9ro 115 des autorit\u00e9s allemandes. Les citoyens et les entreprises disposent ainsi d\u2019un point de contact comp\u00e9tent pour toutes les questions administratives, de l\u2019\u00e9limination des d\u00e9chets \u00e0 l\u2019immatriculation des v\u00e9hicules. Cela facilite l'acc\u00e8s, r\u00e9duit la bureaucratie et renforce le service aux citoyens.<\/span><\/p>\n<\/div><\/div><\/div><\/div><\/div><div class=\"w-tabs-section has_text_color\" id=\"y9ec\" style=\"background:var(--color-header-middle-bg);color:var(--color-header-middle-text);\"><button class=\"w-tabs-section-header\" aria-controls=\"content-y9ec\" aria-expanded=\"false\"><div class=\"w-tabs-section-title\">La gestion num\u00e9rique, expliqu\u00e9e simplement<\/div><div class=\"w-tabs-section-control\"><\/div><\/button><div  class=\"w-tabs-section-content\" id=\"content-y9ec\"><div class=\"w-tabs-section-content-h i-cf\"><div class=\"wpb_text_column\"><div class=\"wpb_wrapper\"><p><span style=\"font-weight: 400;\">Nous voulons que des points de contact fixes pour le soutien num\u00e9rique soient mis en place \u00e0 Wiesbaden, en commen\u00e7ant par un soutien centralis\u00e9 de premier niveau \u00e0 l\u2019h\u00f4tel de ville, o\u00f9 les citoyens peuvent facilement obtenir de l\u2019aide pour soumettre une demande num\u00e9rique. Des formations et des ateliers visant \u00e0 renforcer les comp\u00e9tences num\u00e9riques seront \u00e9galement propos\u00e9s. Ce mod\u00e8le \u00e9chelonn\u00e9 facilite la participation num\u00e9rique, soulage les administrations locales et veille \u00e0 ce que personne ne soit laiss\u00e9 pour compte du progr\u00e8s num\u00e9rique. Plus tard, les \u00e9quipes mobiles \u00e9largiront l'offre et fourniront une assistance directement sur place.<\/span><\/p>\n<\/div><\/div><\/div><\/div><\/div><div class=\"w-tabs-section has_text_color\" id=\"cb1c\" style=\"background:var(--color-header-transparent-text);color:var(--color-header-top-text-hover);\"><button class=\"w-tabs-section-header\" aria-controls=\"content-cb1c\" aria-expanded=\"false\"><div class=\"w-tabs-section-title\">Digital first<\/div><div class=\"w-tabs-section-control\"><\/div><\/button><div  class=\"w-tabs-section-content\" id=\"content-cb1c\"><div class=\"w-tabs-section-content-h i-cf\"><div class=\"wpb_text_column\"><div class=\"wpb_wrapper\"><p><span style=\"font-weight: 400;\">Les services de la ville doivent \u00eatre accessibles de mani\u00e8re num\u00e9rique, rapide et non bureaucratique et rendre l'administration plus conviviale. Avec une approche Digital-First, nous misons sur des processus ou des processus automatis\u00e9s et num\u00e9ris\u00e9s qui permettent de gagner du temps et de l'argent, d'am\u00e9liorer la qualit\u00e9 du service tout en garantissant des alternatives analogiques.<\/span><\/p>\n<\/div><\/div><\/div><\/div><\/div><div class=\"w-tabs-section has_text_color\" id=\"dc36\" style=\"background:var(--color-header-transparent-text);color:var(--color-header-top-text-hover);\"><button class=\"w-tabs-section-header\" aria-controls=\"content-dc36\" aria-expanded=\"false\"><div class=\"w-tabs-section-title\">Renforcer la souverainet\u00e9 num\u00e9rique<\/div><div class=\"w-tabs-section-control\"><\/div><\/button><div  class=\"w-tabs-section-content\" id=\"content-dc36\"><div class=\"w-tabs-section-content-h i-cf\"><div class=\"wpb_text_column\"><div class=\"wpb_wrapper\"><p><span style=\"font-weight: 400;\">Les VERTS veulent renforcer la souverainet\u00e9 num\u00e9rique de Wiesbaden gr\u00e2ce \u00e0 l'utilisation prioritaire de logiciels open source dans l'administration de Wiesbaden. Les syst\u00e8mes propri\u00e9taires doivent \u00eatre progressivement remplac\u00e9s par des solutions ouvertes qui peuvent \u00eatre adapt\u00e9es de mani\u00e8re flexible aux besoins locaux \u00e0 Wiesbaden. Pour y parvenir, nous nous engageons pour les conditions-cadres n\u00e9cessaires: Formations pour les collaborateurs et soutien professionnel en collaboration avec des prestataires de services informatiques r\u00e9gionaux et des hautes \u00e9coles. Nous encourageons ainsi l\u2019innovation, \u00e9vitons les d\u00e9pendances, cr\u00e9ons la transparence, renfor\u00e7ons la protection des donn\u00e9es et renfor\u00e7ons la souverainet\u00e9 num\u00e9rique de notre ville, sans laisser les employ\u00e9s seuls.<\/span><\/p>\n<\/div><\/div><\/div><\/div><\/div><div class=\"w-tabs-section has_text_color\" id=\"ld51\" style=\"background:var(--color-header-transparent-text);color:var(--color-header-top-text-hover);\"><button class=\"w-tabs-section-header\" aria-controls=\"content-ld51\" aria-expanded=\"false\"><div class=\"w-tabs-section-title\">IT pour l'avenir de Wiesbaden<\/div><div class=\"w-tabs-section-control\"><\/div><\/button><div  class=\"w-tabs-section-content\" id=\"content-ld51\"><div class=\"w-tabs-section-content-h i-cf\"><div class=\"wpb_text_column\"><div class=\"wpb_wrapper\"><p><span style=\"font-weight: 400;\">Nous voulons consolider et am\u00e9liorer l\u2019efficacit\u00e9 des processus informatiques urbains, tant au sein de Wiesbaden qu\u2019en collaboration avec d\u2019autres municipalit\u00e9s. L'objectif est de mieux int\u00e9grer les processus, de renforcer la coordination entre les offices et d'\u00e9viter les actions individuelles. En outre, nous voulons que le transfert des processus informatiques urbains soit examin\u00e9 afin de d\u00e9terminer s'il existe un potentiel de fourniture conjointe et centralis\u00e9e de services et de processus permettant de mettre en commun les ressources, de r\u00e9duire les co\u00fbts et d'accro\u00eetre la s\u00e9curit\u00e9 op\u00e9rationnelle. Des solutions communes avec d'autres municipalit\u00e9s cr\u00e9ent des effets d'\u00e9chelle, r\u00e9duisent les co\u00fbts et augmentent la s\u00e9curit\u00e9, la performance et la qualit\u00e9 du service. Ainsi, nous rendons l'administration de Wiesbaden plus efficace et plus conviviale.<\/span><\/p>\n<\/div><\/div><\/div><\/div><\/div><div class=\"w-tabs-section has_text_color\" id=\"re83\" style=\"background:var(--color-header-transparent-text);color:var(--color-header-top-text-hover);\"><button class=\"w-tabs-section-header\" aria-controls=\"content-re83\" aria-expanded=\"false\"><div class=\"w-tabs-section-title\">S\u00e9curit\u00e9 num\u00e9rique<\/div><div class=\"w-tabs-section-control\"><\/div><\/button><div  class=\"w-tabs-section-content\" id=\"content-re83\"><div class=\"w-tabs-section-content-h i-cf\"><div class=\"wpb_text_column\"><div class=\"wpb_wrapper\"><p><span style=\"font-weight: 400;\">Nous nous engageons pour un renforcement constant de la s\u00e9curit\u00e9 informatique \u00e0 Wiesbaden, notamment la mise en place de syst\u00e8mes de protection modernes, la r\u00e9alisation d'audits de s\u00e9curit\u00e9 r\u00e9guliers et la formation continue du personnel urbain \u00e0 la gestion des risques num\u00e9riques. Nous rendons ainsi les r\u00e9seaux et les syst\u00e8mes de la ville plus r\u00e9sistants aux cyberattaques et veillons \u00e0 ce que les donn\u00e9es sensibles soient prot\u00e9g\u00e9es de mani\u00e8re fiable. Ce n'est qu'avec une s\u00e9curit\u00e9 informatique \u00e9lev\u00e9e que l'administration num\u00e9rique reste fiable et que Wiesbaden est pr\u00eate pour l'avenir. Les donn\u00e9es des habitants de Wiesbaden doivent \u00eatre prot\u00e9g\u00e9es en toute s\u00e9curit\u00e9.<\/span><\/p>\n<\/div><\/div><\/div><\/div><\/div><div class=\"w-tabs-section has_text_color\" id=\"xf9c\" style=\"background:var(--color-header-transparent-text);color:var(--color-header-top-text-hover);\"><button class=\"w-tabs-section-header\" aria-controls=\"content-xf9c\" aria-expanded=\"false\"><div class=\"w-tabs-section-title\">Utiliser l'IA de mani\u00e8re responsable<\/div><div class=\"w-tabs-section-control\"><\/div><\/button><div  class=\"w-tabs-section-content\" id=\"content-xf9c\"><div class=\"w-tabs-section-content-h i-cf\"><div class=\"wpb_text_column\"><div class=\"wpb_wrapper\"><p><span style=\"font-weight: 400;\">L'intelligence artificielle offre de grandes opportunit\u00e9s pour l'administration et le d\u00e9veloppement urbain. Nous voulons que les syst\u00e8mes fond\u00e9s sur l\u2019IA soient utilis\u00e9s de mani\u00e8re cibl\u00e9e au sein de l\u2019administration, l\u00e0 o\u00f9 ils apportent une r\u00e9elle valeur ajout\u00e9e aux citoyens, afin de traiter plus rapidement les demandes, de simplifier les services aux citoyens et d\u2019utiliser plus efficacement les ressources. La transparence, la protection des donn\u00e9es et l'orientation vers l'utilisateur sont des priorit\u00e9s absolues. En outre, nous nous engageons en faveur d'un centre de comp\u00e9tences en IA \u00e0 Wiesbaden qui mette en r\u00e9seau l'administration, l'\u00e9conomie et la science et fait progresser de mani\u00e8re responsable les applications innovantes.<\/span><\/p>\n<\/div><\/div><\/div><\/div><\/div><div class=\"w-tabs-section has_text_color\" id=\"j0b3\" style=\"background:var(--color-header-transparent-text);color:var(--color-header-top-text-hover);\"><button class=\"w-tabs-section-header\" aria-controls=\"content-j0b3\" aria-expanded=\"false\"><div class=\"w-tabs-section-title\">Smart City 2.0<\/div><div class=\"w-tabs-section-control\"><\/div><\/button><div  class=\"w-tabs-section-content\" id=\"content-j0b3\"><div class=\"w-tabs-section-content-h i-cf\"><div class=\"wpb_text_column\"><div class=\"wpb_wrapper\"><p><span style=\"font-weight: 400;\">Il existe de nombreuses fa\u00e7ons de rendre la ville plus intelligente gr\u00e2ce au num\u00e9rique. Avec les moyens num\u00e9riques, nous voulons rendre la vie \u00e0 Wiesbaden plus intelligente, plus efficace et plus agr\u00e9able \u00e0 vivre \u2013 avec la participation, la transparence et une action commune. Les meilleures id\u00e9es naissent du dialogue. C'est pourquoi nous voulons que les citoyens puissent participer \u00e0 des ateliers sur des th\u00e8mes num\u00e9riques tels que la mobilit\u00e9, l'administration ou le d\u00e9veloppement urbain durable. Nous souhaitons soutenir politiquement la mise en \u0153uvre des id\u00e9es de villes intelligentes qui apportent le plus d'avantages \u00e0 la soci\u00e9t\u00e9 urbaine.<\/span><\/p>\n<\/div><\/div><\/div><\/div><\/div><div class=\"w-tabs-section has_text_color\" id=\"w1da\" style=\"background:var(--color-header-transparent-text);color:var(--color-header-top-text-hover);\"><button class=\"w-tabs-section-header\" aria-controls=\"content-w1da\" aria-expanded=\"false\"><div class=\"w-tabs-section-title\">Renforcer les laboratoires num\u00e9riques<\/div><div class=\"w-tabs-section-control\"><\/div><\/button><div  class=\"w-tabs-section-content\" id=\"content-w1da\"><div class=\"w-tabs-section-content-h i-cf\"><div class=\"wpb_text_column\"><div class=\"wpb_wrapper\"><p><span style=\"font-weight: 400;\">Nous assurons le financement des lieux d'innovation existants, tels que l'\u0153uvre d'avenir, et voulons qu'ils soient d\u00e9velopp\u00e9s en tant que partie int\u00e9grante du d\u00e9veloppement urbain num\u00e9rique. Dans le m\u00eame temps, les laboratoires et initiatives num\u00e9riques encouragent l\u2019exp\u00e9rimentation, les ateliers et les projets, par exemple pendant les vacances ou \u00e0 l\u2019\u00e9cole, afin d\u2019encourager les jeunes \u00e0 s\u2019int\u00e9resser aux questions num\u00e9riques d\u00e8s leur plus jeune \u00e2ge. C'est ce que nous voulons soutenir. Nous nous engageons \u00e9galement en faveur de la cr\u00e9ation d\u2019offres \u00e0 bas seuil, telles qu\u2019un \u00abcaf\u00e9 num\u00e9rique\u00bb sur le mod\u00e8le d\u2019un Repaircaf\u00e9: Ici, les citoyens peuvent poser des questions, travailler ensemble sur des solutions ou s'informer sur les nouvelles technologies. Gr\u00e2ce \u00e0 ces laboratoires exp\u00e9rimentaux polyvalents, nous encourageons l\u2019\u00e9change, la cocr\u00e9ation et l\u2019innovation et rendons la num\u00e9risation accessible \u00e0 tous \u00e0 Wiesbaden.<\/span><\/p>\n<\/div><\/div><\/div><\/div><\/div><\/div><\/div><div class=\"w-separator size_medium\"><\/div><div class=\"w-btn-wrapper align_left\"><a class=\"w-btn us-btn-style_8 icon_atleft\" href=\"https:\/\/gruene-wiesbaden.de\/fr\/kommunalwahl\/#Kapitel1\"><i class=\"fas fa-chevron-circle-right\"><\/i><span class=\"w-btn-label\">Retour \u00e0 la vue d'ensemble<\/span><\/a><\/div><div class=\"w-separator size_large\"><\/div><div class=\"wpb_text_column\"><div class=\"wpb_wrapper\"><h1>Ce que nous avons d\u00e9j\u00e0 accompli<\/h1>\n<\/div><\/div><div class=\"w-separator size_medium\"><\/div><div class=\"w-tabs us_custom_42d693a0 has_text_color style_default switch_click accordion has_scrolling\" style=\"--sections-title-size:1.4rem\"><div class=\"w-tabs-sections titles-align_none icon_chevron cpos_right\"><div class=\"w-tabs-section has_text_color\" id=\"ia30\" style=\"background:var(--color-header-transparent-text);color:var(--color-header-top-text-hover);\"><button class=\"w-tabs-section-header\" aria-controls=\"content-ia30\" aria-expanded=\"false\"><div class=\"w-tabs-section-title\">Nouveau site de la ville de Wiesbaden<\/div><div class=\"w-tabs-section-control\"><\/div><\/button><div  class=\"w-tabs-section-content\" id=\"content-ia30\"><div class=\"w-tabs-section-content-h i-cf\"><div class=\"wpb_text_column\"><div class=\"wpb_wrapper\"><p><span style=\"font-weight: 400;\">La ville de Wiesbaden a modernis\u00e9 son site Web pour faciliter l'acc\u00e8s \u00e0 l'information et aux services. Le site est accessible et propose du contenu en 12 langues. En outre, des contenus en langage clair et en langue des signes allemande sont propos\u00e9s afin d'accro\u00eetre encore l'accessibilit\u00e9.<\/span><\/p>\n<\/div><\/div><\/div><\/div><\/div><div class=\"w-tabs-section has_text_color\" id=\"hb5e\" style=\"background:var(--color-header-transparent-text);color:var(--color-header-top-text-hover);\"><button class=\"w-tabs-section-header\" aria-controls=\"content-hb5e\" aria-expanded=\"false\"><div class=\"w-tabs-section-title\">De plus en plus de services num\u00e9riques facilitent le quotidien<\/div><div class=\"w-tabs-section-control\"><\/div><\/button><div  class=\"w-tabs-section-content\" id=\"content-hb5e\"><div class=\"w-tabs-section-content-h i-cf\"><div class=\"wpb_text_column\"><div class=\"wpb_wrapper\"><p><span style=\"font-weight: 400;\">\u00c0 Wiesbaden, de nombreux services municipaux sont disponibles en ligne pour les citoyens. Les certificats d'enregistrement ou les certificats de conduite peuvent \u00eatre demand\u00e9s dans le confort de votre domicile. Les rendez-vous au bureau des citoyens ou pour les passeports peuvent \u00e9galement \u00eatre r\u00e9serv\u00e9s num\u00e9riquement, ce qui r\u00e9duit consid\u00e9rablement les temps d'attente. La carte interactive de la ville facilite la recherche d'\u00e9coles, de cr\u00e8ches, d'installations sportives ou de parkings et fournit des informations suppl\u00e9mentaires sur les heures d'ouverture, les offres et l'accessibilit\u00e9. Les applications et les bulletins d\u2019information num\u00e9riques permettent aux citoyens de rester inform\u00e9s en permanence, par exemple sur les chantiers de construction, les transports ou la protection civile.<\/span><\/p>\n<p><span style=\"font-weight: 400;\">Les activit\u00e9s culturelles et r\u00e9cr\u00e9atives sont \u00e9galement accessibles en ligne: Les billets pour les th\u00e9\u00e2tres urbains, les mus\u00e9es ou les \u00e9v\u00e9nements sportifs peuvent \u00eatre r\u00e9serv\u00e9s num\u00e9riquement, et des visites guid\u00e9es virtuelles ou des \u00e9v\u00e9nements \u00e9largissent encore l'offre. De m\u00eame, les barbecues et les maisons bourgeoises de la ville peuvent \u00eatre facilement r\u00e9serv\u00e9s en ligne.<\/span><\/p>\n<\/div><\/div><\/div><\/div><\/div><div class=\"w-tabs-section has_text_color\" id=\"dc77\" style=\"background:var(--color-header-transparent-text);color:var(--color-header-top-text-hover);\"><button class=\"w-tabs-section-header\" aria-controls=\"content-dc77\" aria-expanded=\"false\"><div class=\"w-tabs-section-title\">Informations sur la ville de Wiesbaden disponibles num\u00e9riquement pour tous<\/div><div class=\"w-tabs-section-control\"><\/div><\/button><div  class=\"w-tabs-section-content\" id=\"content-dc77\"><div class=\"w-tabs-section-content-h i-cf\"><div class=\"wpb_text_column\"><div class=\"wpb_wrapper\"><p><span style=\"font-weight: 400;\">Wiesbaden met \u00e0 la disposition des citoyens et des personnes int\u00e9ress\u00e9es des informations compl\u00e8tes sur la ville sous forme num\u00e9rique. L\u2019annuaire statistique num\u00e9rique fournit des donn\u00e9es et des statistiques d\u00e9taill\u00e9es, compl\u00e9t\u00e9es par des cartes interactives et des tableaux Excel, afin de fournir un aper\u00e7u rapide et transparent de tous les indicateurs urbains pertinents.<\/span><\/p>\n<\/div><\/div><\/div><\/div><\/div><div class=\"w-tabs-section has_text_color\" id=\"vda8\" style=\"background:var(--color-header-middle-bg);color:var(--color-content-heading);\"><button class=\"w-tabs-section-header\" aria-controls=\"content-vda8\" aria-expanded=\"false\"><div class=\"w-tabs-section-title\">Lancement de l'application Kids Fox<\/div><div class=\"w-tabs-section-control\"><\/div><\/button><div  class=\"w-tabs-section-content\" id=\"content-vda8\"><div class=\"w-tabs-section-content-h i-cf\"><div class=\"wpb_text_column\"><div class=\"wpb_wrapper\"><p><span style=\"font-weight: 400;\">Depuis 2025, l\u2019application \u00abKids Fox\u00bb a \u00e9t\u00e9 d\u00e9ploy\u00e9e dans les 42 cr\u00e8ches urbaines. Elle soutient les parents et les collaborateurs de la cr\u00e8che dans la communication et l'organisation. L'application offre une fonction de traduction automatique dans 27 langues.<\/span><\/p>\n<\/div><\/div><\/div><\/div><\/div><div class=\"w-tabs-section has_text_color\" id=\"bebe\" style=\"background:var(--color-header-transparent-text);color:var(--color-header-top-text-hover);\"><button class=\"w-tabs-section-header\" aria-controls=\"content-bebe\" aria-expanded=\"false\"><div class=\"w-tabs-section-title\">Des donn\u00e9es transparentes pour tous<\/div><div class=\"w-tabs-section-control\"><\/div><\/button><div  class=\"w-tabs-section-content\" id=\"content-bebe\"><div class=\"w-tabs-section-content-h i-cf\"><div class=\"wpb_text_column\"><div class=\"wpb_wrapper\"><p><span style=\"font-weight: 400;\">D\u2019ici \u00e0 l\u2019automne 2025, la nouvelle strat\u00e9gie en mati\u00e8re de donn\u00e9es ouvertes cr\u00e9era \u00e0 Wiesbaden une plateforme centrale qui permettra aux citoyens, aux entreprises et aux universit\u00e9s d\u2019acc\u00e9der librement aux donn\u00e9es, une \u00e9tape importante pour la transparence et l\u2019innovation.<\/span><\/p>\n<\/div><\/div><\/div><\/div><\/div><div class=\"w-tabs-section has_text_color\" id=\"zfd1\" style=\"background:var(--color-header-transparent-text);color:var(--color-header-top-text-hover);\"><button class=\"w-tabs-section-header\" aria-controls=\"content-zfd1\" aria-expanded=\"false\"><div class=\"w-tabs-section-title\">La libert\u00e9 d'information renforc\u00e9e<\/div><div class=\"w-tabs-section-control\"><\/div><\/button><div  class=\"w-tabs-section-content\" id=\"content-zfd1\"><div class=\"w-tabs-section-content-h i-cf\"><div class=\"wpb_text_column\"><div class=\"wpb_wrapper\"><p><span style=\"font-weight: 400;\">Depuis janvier 2023, la loi sur la libert\u00e9 d\u2019information s\u2019applique \u00e0 Wiesbaden. Elle offre aux citoyens un acc\u00e8s ais\u00e9 aux informations officielles, renfor\u00e7ant ainsi la confiance et la participation d\u00e9mocratique.<\/span><\/p>\n<\/div><\/div><\/div><\/div><\/div><div class=\"w-tabs-section has_text_color\" id=\"y0e2\" style=\"background:var(--color-header-transparent-text);color:var(--color-header-top-text-hover);\"><button class=\"w-tabs-section-header\" aria-controls=\"content-y0e2\" aria-expanded=\"false\"><div class=\"w-tabs-section-title\">La politique en live<\/div><div class=\"w-tabs-section-control\"><\/div><\/button><div  class=\"w-tabs-section-content\" id=\"content-y0e2\"><div class=\"w-tabs-section-content-h i-cf\"><div class=\"wpb_text_column\"><div class=\"wpb_wrapper\"><p><span style=\"font-weight: 400;\">Depuis mars 2024, les s\u00e9ances de l\u2019assembl\u00e9e des conseillers municipaux sont retransmises en direct sur YouTube. Cela rend la politique locale plus transparente et facilite l'acc\u00e8s de tous aux d\u00e9cisions.<\/span><\/p>\n<\/div><\/div><\/div><\/div><\/div><div class=\"w-tabs-section has_text_color\" id=\"q1fc\" style=\"background:var(--color-header-transparent-text);color:var(--color-header-top-text-hover);\"><button class=\"w-tabs-section-header\" aria-controls=\"content-q1fc\" aria-expanded=\"false\"><div class=\"w-tabs-section-title\">Plateforme d'opportunit\u00e9s Wiesbaden<\/div><div class=\"w-tabs-section-control\"><\/div><\/button><div  class=\"w-tabs-section-content\" id=\"content-q1fc\"><div class=\"w-tabs-section-content-h i-cf\"><div class=\"wpb_text_column\"><div class=\"wpb_wrapper\"><p><span style=\"font-weight: 400;\">La plateforme d\u2019opportunit\u00e9s a \u00e9t\u00e9 lanc\u00e9e dans le cadre de l\u2019initiative pour les talents WI WORK LIFE | Industrie en 2022. Elle offre aux citoyens un soutien num\u00e9rique en mati\u00e8re d'\u00e9ducation, de formation et de carri\u00e8re et facilite l'acc\u00e8s aux offres d'emploi, aux formations continues et aux places de formation \u00e0 Wiesbaden.<\/span><\/p>\n<\/div><\/div><\/div><\/div><\/div><div class=\"w-tabs-section has_text_color\" id=\"x310\" style=\"background:var(--color-header-transparent-text);color:var(--color-header-top-text-hover);\"><button class=\"w-tabs-section-header\" aria-controls=\"content-x310\" aria-expanded=\"false\"><div class=\"w-tabs-section-title\">Radar de formation Wiesbaden<\/div><div class=\"w-tabs-section-control\"><\/div><\/button><div  class=\"w-tabs-section-content\" id=\"content-x310\"><div class=\"w-tabs-section-content-h i-cf\"><div class=\"wpb_text_column\"><div class=\"wpb_wrapper\"><p><span style=\"font-weight: 400;\">Le radar de formation a \u00e9t\u00e9 introduit en 2025. Gr\u00e2ce \u00e0 cette plateforme num\u00e9rique, les entreprises peuvent recommander \u00e0 d\u2019autres entreprises de Wiesbaden des candidats qualifi\u00e9s qu\u2019elles ne peuvent pas recruter pour des raisons de capacit\u00e9. Ainsi, les possibilit\u00e9s de formation dans la r\u00e9gion restent transparentes et facilement accessibles.<\/span><\/p>\n<\/div><\/div><\/div><\/div><\/div><div class=\"w-tabs-section has_text_color\" id=\"i425\" style=\"background:var(--color-header-transparent-text);color:var(--color-header-top-text-hover);\"><button class=\"w-tabs-section-header\" aria-controls=\"content-i425\" aria-expanded=\"false\"><div class=\"w-tabs-section-title\">Forum de l'initiative pour les professionnels de l'industrie<\/div><div class=\"w-tabs-section-control\"><\/div><\/button><div  class=\"w-tabs-section-content\" id=\"content-i425\"><div class=\"w-tabs-section-content-h i-cf\"><div class=\"wpb_text_column\"><div class=\"wpb_wrapper\"><p><span style=\"font-weight: 400;\">Le Forum de l\u2019initiative pour la main-d\u2019\u0153uvre qualifi\u00e9e dans l\u2019industrie a \u00e9t\u00e9 cr\u00e9\u00e9 en 2022. Il met en r\u00e9seau les professionnels du num\u00e9rique et aide les entreprises \u00e0 trouver et \u00e0 promouvoir les talents. Dans le m\u00eame temps, il facilite les \u00e9changes professionnels entre les entreprises, les \u00e9tablissements d'enseignement et les organisations afin de renforcer la r\u00e9tention de la main-d'\u0153uvre qualifi\u00e9e \u00e0 Wiesbaden.<\/span><\/p>\n<\/div><\/div><\/div><\/div><\/div><div class=\"w-tabs-section has_text_color\" id=\"e55d\" style=\"background:var(--color-header-transparent-text);color:var(--color-header-top-text-hover);\"><button class=\"w-tabs-section-header\" aria-controls=\"content-e55d\" aria-expanded=\"false\"><div class=\"w-tabs-section-title\">Num\u00e9risation de la gestion de la construction<\/div><div class=\"w-tabs-section-control\"><\/div><\/button><div  class=\"w-tabs-section-content\" id=\"content-e55d\"><div class=\"w-tabs-section-content-h i-cf\"><div class=\"wpb_text_column\"><div class=\"wpb_wrapper\"><p><span style=\"font-weight: 400;\">Wiesbaden rend les processus de construction plus rapides, plus transparents et plus accessibles num\u00e9riquement. Les architectes et les ma\u00eetres d'ouvrage d\u00e9posent leurs demandes de permis de construire et de protection des monuments en ligne. Depuis 2023, la demande de permis de construire hybride permet la soumission num\u00e9rique de documents au format PDF \u2013 des copies papier ne sont n\u00e9cessaires qu\u2019une seule fois. Dans le m\u00eame temps, l'acc\u00e8s num\u00e9rique aux dossiers permet aux ma\u00eetres d'ouvrage de consulter les dossiers de construction en ligne et de t\u00e9l\u00e9charger directement les documents n\u00e9cessaires. Les processus d'approbation deviennent ainsi nettement plus efficaces et plus confortables pour toutes les parties prenantes.<\/span><\/p>\n<\/div><\/div><\/div><\/div><\/div><\/div><\/div><div class=\"w-separator size_medium\"><\/div><div class=\"w-btn-wrapper align_left\"><a class=\"w-btn us-btn-style_8 icon_atleft\" href=\"https:\/\/gruene-wiesbaden.de\/fr\/kommunalwahl\/#Kapitel1\"><i class=\"fas fa-chevron-circle-right\"><\/i><span class=\"w-btn-label\">Retour \u00e0 la vue d'ensemble<\/span><\/a><\/div><div class=\"w-separator size_large\"><\/div><\/div><\/div><\/div><\/div><\/section>","protected":false},"excerpt":{"rendered":"Infrastructure num\u00e9rique et services num\u00e9riques pour tousLes services num\u00e9riques sont plus que des outils techniques \u2013 ils sont essentiels pour que l\u2019administration fonctionne de mani\u00e8re rapide, simple et transparente pour tous les habitants de Wiesbaden. Ils facilitent la vie quotidienne en permettant de faire facilement des inscriptions, des r\u00e9servations de rendez-vous au bureau des citoyens ou des demandes de financement en ligne. La participation num\u00e9rique est bien plus qu\u2019une simple connexion \u00e0 l\u2019internet: c\u2019est une condition sine qua non...","protected":false},"author":1,"featured_media":1511,"comment_status":"closed","ping_status":"closed","sticky":false,"template":"","format":"standard","meta":{"footnotes":""},"categories":[14],"tags":[],"class_list":["post-1335","post","type-post","status-publish","format-standard","has-post-thumbnail","hentry","category-kapitel-1"],"yoast_head":"<!-- This site is optimized with the Yoast SEO plugin v27.5 - https:\/\/yoast.com\/product\/yoast-seo-wordpress\/ -->\n<title>Digitale Infrastruktur und digitale Services f\u00fcr alle - B\u00dcNDNIS 90\/DIE GR\u00dcNEN Wiesbaden<\/title>\n<meta name=\"robots\" content=\"index, follow, max-snippet:-1, max-image-preview:large, max-video-preview:-1\" \/>\n<link rel=\"canonical\" href=\"https:\/\/gruene-wiesbaden.de\/fr\/digitale-infrastruktur-und-digitale-services-fuer-alle\/\" \/>\n<meta property=\"og:locale\" content=\"fr_FR\" \/>\n<meta property=\"og:type\" content=\"article\" \/>\n<meta property=\"og:title\" content=\"Digitale Infrastruktur und digitale Services f\u00fcr alle - B\u00dcNDNIS 90\/DIE GR\u00dcNEN Wiesbaden\" \/>\n<meta property=\"og:url\" content=\"https:\/\/gruene-wiesbaden.de\/fr\/digitale-infrastruktur-und-digitale-services-fuer-alle\/\" \/>\n<meta property=\"og:site_name\" content=\"B\u00dcNDNIS 90\/DIE GR\u00dcNEN Wiesbaden\" \/>\n<meta property=\"article:publisher\" content=\"https:\/\/www.facebook.com\/gruene.wi\" \/>\n<meta property=\"article:published_time\" content=\"2025-11-09T21:49:11+00:00\" \/>\n<meta property=\"article:modified_time\" content=\"2026-04-08T22:16:13+00:00\" \/>\n<meta property=\"og:image\" content=\"https:\/\/gruene-wiesbaden.de\/wp-content\/uploads\/2025\/11\/1.8-Digitale-Infrastruktur-und-digitale-Services-fuer-alle-scaled.jpeg\" \/>\n\t<meta property=\"og:image:width\" content=\"1991\" \/>\n\t<meta property=\"og:image:height\" content=\"2560\" \/>\n\t<meta property=\"og:image:type\" content=\"image\/jpeg\" \/>\n<meta name=\"author\" content=\"admin\" \/>\n<meta name=\"twitter:card\" content=\"summary_large_image\" \/>\n<meta name=\"twitter:label1\" content=\"\u00c9crit par\" \/>\n\t<meta name=\"twitter:data1\" content=\"admin\" \/>\n\t<meta name=\"twitter:label2\" content=\"Dur\u00e9e de lecture estim\u00e9e\" \/>\n\t<meta name=\"twitter:data2\" content=\"12 minutes\" \/>\n<script type=\"application\/ld+json\" class=\"yoast-schema-graph\">{\"@context\":\"https:\\\/\\\/schema.org\",\"@graph\":[{\"@type\":\"Article\",\"@id\":\"https:\\\/\\\/gruene-wiesbaden.de\\\/digitale-infrastruktur-und-digitale-services-fuer-alle\\\/#article\",\"isPartOf\":{\"@id\":\"https:\\\/\\\/gruene-wiesbaden.de\\\/digitale-infrastruktur-und-digitale-services-fuer-alle\\\/\"},\"author\":{\"name\":\"admin\",\"@id\":\"https:\\\/\\\/gruene-wiesbaden.de\\\/#\\\/schema\\\/person\\\/6785c34779159cd4fd86886bb097afe9\"},\"headline\":\"Digitale Infrastruktur und digitale Services f\u00fcr alle\",\"datePublished\":\"2025-11-09T21:49:11+00:00\",\"dateModified\":\"2026-04-08T22:16:13+00:00\",\"mainEntityOfPage\":{\"@id\":\"https:\\\/\\\/gruene-wiesbaden.de\\\/digitale-infrastruktur-und-digitale-services-fuer-alle\\\/\"},\"wordCount\":3375,\"publisher\":{\"@id\":\"https:\\\/\\\/gruene-wiesbaden.de\\\/#organization\"},\"image\":{\"@id\":\"https:\\\/\\\/gruene-wiesbaden.de\\\/digitale-infrastruktur-und-digitale-services-fuer-alle\\\/#primaryimage\"},\"thumbnailUrl\":\"https:\\\/\\\/gruene-wiesbaden.de\\\/wp-content\\\/uploads\\\/2025\\\/11\\\/1.8-Digitale-Infrastruktur-und-digitale-Services-fuer-alle-scaled.jpeg\",\"articleSection\":[\"Kapitel 1\"],\"inLanguage\":\"fr-FR\"},{\"@type\":\"WebPage\",\"@id\":\"https:\\\/\\\/gruene-wiesbaden.de\\\/digitale-infrastruktur-und-digitale-services-fuer-alle\\\/\",\"url\":\"https:\\\/\\\/gruene-wiesbaden.de\\\/digitale-infrastruktur-und-digitale-services-fuer-alle\\\/\",\"name\":\"Digitale Infrastruktur und digitale Services f\u00fcr alle - B\u00dcNDNIS 90\\\/DIE GR\u00dcNEN Wiesbaden\",\"isPartOf\":{\"@id\":\"https:\\\/\\\/gruene-wiesbaden.de\\\/#website\"},\"primaryImageOfPage\":{\"@id\":\"https:\\\/\\\/gruene-wiesbaden.de\\\/digitale-infrastruktur-und-digitale-services-fuer-alle\\\/#primaryimage\"},\"image\":{\"@id\":\"https:\\\/\\\/gruene-wiesbaden.de\\\/digitale-infrastruktur-und-digitale-services-fuer-alle\\\/#primaryimage\"},\"thumbnailUrl\":\"https:\\\/\\\/gruene-wiesbaden.de\\\/wp-content\\\/uploads\\\/2025\\\/11\\\/1.8-Digitale-Infrastruktur-und-digitale-Services-fuer-alle-scaled.jpeg\",\"datePublished\":\"2025-11-09T21:49:11+00:00\",\"dateModified\":\"2026-04-08T22:16:13+00:00\",\"breadcrumb\":{\"@id\":\"https:\\\/\\\/gruene-wiesbaden.de\\\/digitale-infrastruktur-und-digitale-services-fuer-alle\\\/#breadcrumb\"},\"inLanguage\":\"fr-FR\",\"potentialAction\":[{\"@type\":\"ReadAction\",\"target\":[\"https:\\\/\\\/gruene-wiesbaden.de\\\/digitale-infrastruktur-und-digitale-services-fuer-alle\\\/\"]}]},{\"@type\":\"ImageObject\",\"inLanguage\":\"fr-FR\",\"@id\":\"https:\\\/\\\/gruene-wiesbaden.de\\\/digitale-infrastruktur-und-digitale-services-fuer-alle\\\/#primaryimage\",\"url\":\"https:\\\/\\\/gruene-wiesbaden.de\\\/wp-content\\\/uploads\\\/2025\\\/11\\\/1.8-Digitale-Infrastruktur-und-digitale-Services-fuer-alle-scaled.jpeg\",\"contentUrl\":\"https:\\\/\\\/gruene-wiesbaden.de\\\/wp-content\\\/uploads\\\/2025\\\/11\\\/1.8-Digitale-Infrastruktur-und-digitale-Services-fuer-alle-scaled.jpeg\",\"width\":1991,\"height\":2560},{\"@type\":\"BreadcrumbList\",\"@id\":\"https:\\\/\\\/gruene-wiesbaden.de\\\/digitale-infrastruktur-und-digitale-services-fuer-alle\\\/#breadcrumb\",\"itemListElement\":[{\"@type\":\"ListItem\",\"position\":1,\"name\":\"Startseite\",\"item\":\"https:\\\/\\\/gruene-wiesbaden.de\\\/\"},{\"@type\":\"ListItem\",\"position\":2,\"name\":\"Digitale Infrastruktur und digitale Services f\u00fcr alle\"}]},{\"@type\":\"WebSite\",\"@id\":\"https:\\\/\\\/gruene-wiesbaden.de\\\/#website\",\"url\":\"https:\\\/\\\/gruene-wiesbaden.de\\\/\",\"name\":\"DIE GR\u00dcNEN Wiesbaden\",\"description\":\"\",\"publisher\":{\"@id\":\"https:\\\/\\\/gruene-wiesbaden.de\\\/#organization\"},\"potentialAction\":[{\"@type\":\"SearchAction\",\"target\":{\"@type\":\"EntryPoint\",\"urlTemplate\":\"https:\\\/\\\/gruene-wiesbaden.de\\\/?s={search_term_string}\"},\"query-input\":{\"@type\":\"PropertyValueSpecification\",\"valueRequired\":true,\"valueName\":\"search_term_string\"}}],\"inLanguage\":\"fr-FR\"},{\"@type\":\"Organization\",\"@id\":\"https:\\\/\\\/gruene-wiesbaden.de\\\/#organization\",\"name\":\"DIE GR\u00dcNEN Wiesbaden\",\"url\":\"https:\\\/\\\/gruene-wiesbaden.de\\\/\",\"logo\":{\"@type\":\"ImageObject\",\"inLanguage\":\"fr-FR\",\"@id\":\"https:\\\/\\\/gruene-wiesbaden.de\\\/#\\\/schema\\\/logo\\\/image\\\/\",\"url\":\"https:\\\/\\\/gruene-wiesbaden-fuer-europa.de\\\/wp-content\\\/uploads\\\/2024\\\/04\\\/Machen-was-zaehlt-5.png\",\"contentUrl\":\"https:\\\/\\\/gruene-wiesbaden-fuer-europa.de\\\/wp-content\\\/uploads\\\/2024\\\/04\\\/Machen-was-zaehlt-5.png\",\"width\":1772,\"height\":1772,\"caption\":\"DIE GR\u00dcNEN Wiesbaden\"},\"image\":{\"@id\":\"https:\\\/\\\/gruene-wiesbaden.de\\\/#\\\/schema\\\/logo\\\/image\\\/\"},\"sameAs\":[\"https:\\\/\\\/www.facebook.com\\\/gruene.wi\",\"https:\\\/\\\/instagram.com\\\/gruene_wi\"]},{\"@type\":\"Person\",\"@id\":\"https:\\\/\\\/gruene-wiesbaden.de\\\/#\\\/schema\\\/person\\\/6785c34779159cd4fd86886bb097afe9\",\"name\":\"admin\",\"sameAs\":[\"http:\\\/\\\/gruene-wiesbaden-fuer-europa.de\"],\"url\":\"https:\\\/\\\/gruene-wiesbaden.de\\\/fr\\\/author\\\/admin\\\/\"}]}<\/script>\n<!-- \/ Yoast SEO plugin. -->","yoast_head_json":{"title":"Digitale Infrastruktur und digitale Services f\u00fcr alle - B\u00dcNDNIS 90\/DIE GR\u00dcNEN Wiesbaden","robots":{"index":"index","follow":"follow","max-snippet":"max-snippet:-1","max-image-preview":"max-image-preview:large","max-video-preview":"max-video-preview:-1"},"canonical":"https:\/\/gruene-wiesbaden.de\/fr\/digitale-infrastruktur-und-digitale-services-fuer-alle\/","og_locale":"fr_FR","og_type":"article","og_title":"Digitale Infrastruktur und digitale Services f\u00fcr alle - B\u00dcNDNIS 90\/DIE GR\u00dcNEN Wiesbaden","og_url":"https:\/\/gruene-wiesbaden.de\/fr\/digitale-infrastruktur-und-digitale-services-fuer-alle\/","og_site_name":"B\u00dcNDNIS 90\/DIE GR\u00dcNEN Wiesbaden","article_publisher":"https:\/\/www.facebook.com\/gruene.wi","article_published_time":"2025-11-09T21:49:11+00:00","article_modified_time":"2026-04-08T22:16:13+00:00","og_image":[{"width":1991,"height":2560,"url":"https:\/\/gruene-wiesbaden.de\/wp-content\/uploads\/2025\/11\/1.8-Digitale-Infrastruktur-und-digitale-Services-fuer-alle-scaled.jpeg","type":"image\/jpeg"}],"author":"admin","twitter_card":"summary_large_image","twitter_misc":{"\u00c9crit par":"admin","Dur\u00e9e de lecture estim\u00e9e":"12 minutes"},"schema":{"@context":"https:\/\/schema.org","@graph":[{"@type":"Article","@id":"https:\/\/gruene-wiesbaden.de\/digitale-infrastruktur-und-digitale-services-fuer-alle\/#article","isPartOf":{"@id":"https:\/\/gruene-wiesbaden.de\/digitale-infrastruktur-und-digitale-services-fuer-alle\/"},"author":{"name":"admin","@id":"https:\/\/gruene-wiesbaden.de\/#\/schema\/person\/6785c34779159cd4fd86886bb097afe9"},"headline":"Digitale Infrastruktur und digitale Services f\u00fcr alle","datePublished":"2025-11-09T21:49:11+00:00","dateModified":"2026-04-08T22:16:13+00:00","mainEntityOfPage":{"@id":"https:\/\/gruene-wiesbaden.de\/digitale-infrastruktur-und-digitale-services-fuer-alle\/"},"wordCount":3375,"publisher":{"@id":"https:\/\/gruene-wiesbaden.de\/#organization"},"image":{"@id":"https:\/\/gruene-wiesbaden.de\/digitale-infrastruktur-und-digitale-services-fuer-alle\/#primaryimage"},"thumbnailUrl":"https:\/\/gruene-wiesbaden.de\/wp-content\/uploads\/2025\/11\/1.8-Digitale-Infrastruktur-und-digitale-Services-fuer-alle-scaled.jpeg","articleSection":["Kapitel 1"],"inLanguage":"fr-FR"},{"@type":"WebPage","@id":"https:\/\/gruene-wiesbaden.de\/digitale-infrastruktur-und-digitale-services-fuer-alle\/","url":"https:\/\/gruene-wiesbaden.de\/digitale-infrastruktur-und-digitale-services-fuer-alle\/","name":"Digitale Infrastruktur und digitale Services f\u00fcr alle - B\u00dcNDNIS 90\/DIE GR\u00dcNEN Wiesbaden","isPartOf":{"@id":"https:\/\/gruene-wiesbaden.de\/#website"},"primaryImageOfPage":{"@id":"https:\/\/gruene-wiesbaden.de\/digitale-infrastruktur-und-digitale-services-fuer-alle\/#primaryimage"},"image":{"@id":"https:\/\/gruene-wiesbaden.de\/digitale-infrastruktur-und-digitale-services-fuer-alle\/#primaryimage"},"thumbnailUrl":"https:\/\/gruene-wiesbaden.de\/wp-content\/uploads\/2025\/11\/1.8-Digitale-Infrastruktur-und-digitale-Services-fuer-alle-scaled.jpeg","datePublished":"2025-11-09T21:49:11+00:00","dateModified":"2026-04-08T22:16:13+00:00","breadcrumb":{"@id":"https:\/\/gruene-wiesbaden.de\/digitale-infrastruktur-und-digitale-services-fuer-alle\/#breadcrumb"},"inLanguage":"fr-FR","potentialAction":[{"@type":"ReadAction","target":["https:\/\/gruene-wiesbaden.de\/digitale-infrastruktur-und-digitale-services-fuer-alle\/"]}]},{"@type":"ImageObject","inLanguage":"fr-FR","@id":"https:\/\/gruene-wiesbaden.de\/digitale-infrastruktur-und-digitale-services-fuer-alle\/#primaryimage","url":"https:\/\/gruene-wiesbaden.de\/wp-content\/uploads\/2025\/11\/1.8-Digitale-Infrastruktur-und-digitale-Services-fuer-alle-scaled.jpeg","contentUrl":"https:\/\/gruene-wiesbaden.de\/wp-content\/uploads\/2025\/11\/1.8-Digitale-Infrastruktur-und-digitale-Services-fuer-alle-scaled.jpeg","width":1991,"height":2560},{"@type":"BreadcrumbList","@id":"https:\/\/gruene-wiesbaden.de\/digitale-infrastruktur-und-digitale-services-fuer-alle\/#breadcrumb","itemListElement":[{"@type":"ListItem","position":1,"name":"Startseite","item":"https:\/\/gruene-wiesbaden.de\/"},{"@type":"ListItem","position":2,"name":"Digitale Infrastruktur und digitale Services f\u00fcr alle"}]},{"@type":"WebSite","@id":"https:\/\/gruene-wiesbaden.de\/#website","url":"https:\/\/gruene-wiesbaden.de\/","name":"DIE GR\u00dcNEN Wiesbaden","description":"","publisher":{"@id":"https:\/\/gruene-wiesbaden.de\/#organization"},"potentialAction":[{"@type":"SearchAction","target":{"@type":"EntryPoint","urlTemplate":"https:\/\/gruene-wiesbaden.de\/?s={search_term_string}"},"query-input":{"@type":"PropertyValueSpecification","valueRequired":true,"valueName":"search_term_string"}}],"inLanguage":"fr-FR"},{"@type":"Organization","@id":"https:\/\/gruene-wiesbaden.de\/#organization","name":"DIE GR\u00dcNEN Wiesbaden","url":"https:\/\/gruene-wiesbaden.de\/","logo":{"@type":"ImageObject","inLanguage":"fr-FR","@id":"https:\/\/gruene-wiesbaden.de\/#\/schema\/logo\/image\/","url":"https:\/\/gruene-wiesbaden-fuer-europa.de\/wp-content\/uploads\/2024\/04\/Machen-was-zaehlt-5.png","contentUrl":"https:\/\/gruene-wiesbaden-fuer-europa.de\/wp-content\/uploads\/2024\/04\/Machen-was-zaehlt-5.png","width":1772,"height":1772,"caption":"DIE GR\u00dcNEN Wiesbaden"},"image":{"@id":"https:\/\/gruene-wiesbaden.de\/#\/schema\/logo\/image\/"},"sameAs":["https:\/\/www.facebook.com\/gruene.wi","https:\/\/instagram.com\/gruene_wi"]},{"@type":"Person","@id":"https:\/\/gruene-wiesbaden.de\/#\/schema\/person\/6785c34779159cd4fd86886bb097afe9","name":"admin","sameAs":["http:\/\/gruene-wiesbaden-fuer-europa.de"],"url":"https:\/\/gruene-wiesbaden.de\/fr\/author\/admin\/"}]}},"_links":{"self":[{"href":"https:\/\/gruene-wiesbaden.de\/fr\/wp-json\/wp\/v2\/posts\/1335","targetHints":{"allow":["GET"]}}],"collection":[{"href":"https:\/\/gruene-wiesbaden.de\/fr\/wp-json\/wp\/v2\/posts"}],"about":[{"href":"https:\/\/gruene-wiesbaden.de\/fr\/wp-json\/wp\/v2\/types\/post"}],"author":[{"embeddable":true,"href":"https:\/\/gruene-wiesbaden.de\/fr\/wp-json\/wp\/v2\/users\/1"}],"replies":[{"embeddable":true,"href":"https:\/\/gruene-wiesbaden.de\/fr\/wp-json\/wp\/v2\/comments?post=1335"}],"version-history":[{"count":9,"href":"https:\/\/gruene-wiesbaden.de\/fr\/wp-json\/wp\/v2\/posts\/1335\/revisions"}],"predecessor-version":[{"id":2374,"href":"https:\/\/gruene-wiesbaden.de\/fr\/wp-json\/wp\/v2\/posts\/1335\/revisions\/2374"}],"wp:featuredmedia":[{"embeddable":true,"href":"https:\/\/gruene-wiesbaden.de\/fr\/wp-json\/wp\/v2\/media\/1511"}],"wp:attachment":[{"href":"https:\/\/gruene-wiesbaden.de\/fr\/wp-json\/wp\/v2\/media?parent=1335"}],"wp:term":[{"taxonomy":"category","embeddable":true,"href":"https:\/\/gruene-wiesbaden.de\/fr\/wp-json\/wp\/v2\/categories?post=1335"},{"taxonomy":"post_tag","embeddable":true,"href":"https:\/\/gruene-wiesbaden.de\/fr\/wp-json\/wp\/v2\/tags?post=1335"}],"curies":[{"name":"wp","href":"https:\/\/api.w.org\/{rel}","templated":true}]}}