{"id":1222,"date":"2025-08-01T22:40:52","date_gmt":"2025-08-01T20:40:52","guid":{"rendered":"https:\/\/gruene-wiesbaden.de\/?p=1222"},"modified":"2026-04-08T22:38:25","modified_gmt":"2026-04-08T20:38:25","slug":"lore-ipsum-samed","status":"publish","type":"post","link":"https:\/\/gruene-wiesbaden.de\/fr\/lore-ipsum-samed\/","title":{"rendered":"Agriculture et sylviculture"},"content":{"rendered":"<section class=\"l-section wpb_row height_medium with_img\"><div class=\"l-section-img\" role=\"img\" data-img-width=\"1080\" data-img-height=\"800\" style=\"background-image: url(https:\/\/gruene-wiesbaden.de\/wp-content\/uploads\/2025\/11\/neuer-Verlauf-gruene-wiesbaden.de_-2-e1762709402177.png);\"><\/div><div class=\"l-section-overlay\" style=\"background:var(--color-header-top-transparent-bg)\"><\/div><div class=\"l-section-h i-cf\"><div class=\"g-cols vc_row via_grid cols_1 laptops-cols_inherit tablets-cols_inherit mobiles-cols_1 valign_top type_default stacking_default\"><div class=\"wpb_column vc_column_container\"><div class=\"vc_column-inner\"><h1 class=\"w-post-elm post_title us_custom_a574d586 has_text_color entry-title\">Agriculture et sylviculture<\/h1><div class=\"w-separator size_medium\"><\/div><div class=\"g-cols wpb_row via_grid cols_2-1 laptops-cols_inherit tablets-cols_inherit mobiles-cols_1 valign_top type_default stacking_default\" style=\"--columns-gap:3rem;\"><div class=\"wpb_column vc_column_container\"><div class=\"vc_column-inner\"><div class=\"wpb_text_column us_custom_8b3d6790 has_text_color\"><div class=\"wpb_wrapper\"><p><span style=\"font-weight: 400;\">L\u2019agriculture et la sylviculture sont bien plus que de simples secteurs \u00e9conomiques: elles sont \u00e0 la base de notre alimentation, de nos paysages et de notre climat. Que ce soit en ville ou \u00e0 la campagne: La mani\u00e8re dont nous proc\u00e9dons \u00e0 l'agriculture a une incidence directe sur notre qualit\u00e9 de vie, notre sant\u00e9 et notre environnement.<\/span><\/p>\n<p><span style=\"font-weight: 400;\">Nous sommes confront\u00e9s au d\u00e9fi de construire une agriculture durable, durable sur le plan environnemental, \u00e9conomiquement viable et dont tous les m\u00e9nages peuvent se permettre les produits.<\/span><\/p>\n<p><span style=\"font-weight: 400;\">Depuis des millions d'ann\u00e9es, les for\u00eats sont les moteurs d'importants cycles de mati\u00e8res. Nous pla\u00e7ons leur fonction \u00e9cologique au c\u0153ur de notre strat\u00e9gie de d\u00e9veloppement forestier, car les for\u00eats mixtes r\u00e9silientes au changement climatique sont garantes d'une eau potable propre, d'un air pur, de la pr\u00e9servation de la biodiversit\u00e9 et d'une ville plus fra\u00eeche pendant les \u00e9t\u00e9s chauds.<\/span><\/p>\n<\/div><\/div><div class=\"w-separator size_medium\"><\/div><div class=\"w-btn-wrapper align_left\"><a class=\"w-btn us-btn-style_8 icon_atleft\" href=\"https:\/\/gruene-wiesbaden.de\/fr\/kommunalwahl\/#Kapitel1\"><i class=\"fas fa-chevron-circle-right\"><\/i><span class=\"w-btn-label\">Retour \u00e0 la vue d'ensemble<\/span><\/a><\/div><\/div><\/div><div class=\"wpb_column vc_column_container\"><div class=\"vc_column-inner\"><div class=\"w-image align_center\"><div class=\"w-image-h\"><img decoding=\"async\" width=\"1920\" height=\"2560\" src=\"https:\/\/gruene-wiesbaden.de\/wp-content\/uploads\/2025\/07\/noaa-SkJG9sNkQVQ-unsplash-scaled.jpg\" class=\"attachment-full size-full\" alt=\"\" loading=\"lazy\" srcset=\"https:\/\/gruene-wiesbaden.de\/wp-content\/uploads\/2025\/07\/noaa-SkJG9sNkQVQ-unsplash-scaled.jpg 1920w, https:\/\/gruene-wiesbaden.de\/wp-content\/uploads\/2025\/07\/noaa-SkJG9sNkQVQ-unsplash-300x400.jpg 300w, https:\/\/gruene-wiesbaden.de\/wp-content\/uploads\/2025\/07\/noaa-SkJG9sNkQVQ-unsplash-450x600.jpg 450w\" sizes=\"auto, (max-width: 1920px) 100vw, 1920px\" \/><\/div><\/div><div class=\"w-separator size_small\"><\/div><\/div><\/div><\/div><div class=\"w-separator size_medium\"><\/div><div class=\"w-separator size_medium\"><\/div><div class=\"wpb_text_column\"><div class=\"wpb_wrapper\"><h1>Ce que l'agriculture et la sylviculture durables signifient pour nous<\/h1>\n<\/div><\/div><div class=\"w-separator size_large\"><\/div><div class=\"g-cols wpb_row via_grid cols_3 laptops-cols_inherit tablets-cols_inherit mobiles-cols_1 valign_top type_default stacking_default\" style=\"--columns-gap:3rem;\"><div class=\"wpb_column vc_column_container\"><div class=\"vc_column-inner\"><div class=\"w-iconbox us_custom_f4639b64 has_text_color iconpos_left style_default color_custom align_left\"><div class=\"w-iconbox-icon\" style=\"font-size:2rem;--icon-color:#Ffffff;--icon-bg-color:var(--color-header-middle-bg);\"><i class=\"fas fa-layer-group\"><\/i><\/div><div class=\"w-iconbox-meta\"><h4 class=\"w-iconbox-title\" style=\"font-size:1.5rem;\">Protection de la nature par les agriculteurs<\/h4><div class=\"w-iconbox-text\"><p><span style=\"font-weight: 400;\">Nous d\u00e9fendons une politique qui travaille avec les agriculteurs pour la protection de notre nature. Ceux-ci ont une connaissance approfondie de l\u2019importance d\u2019un sol sain, d\u2019une eau propre et de la biodiversit\u00e9, \u00e9l\u00e9ments fondamentaux dont d\u00e9pend \u00e0 la fois leur travail en tant qu\u2019agriculteurs et l\u2019ensemble de notre \u00e9cosyst\u00e8me.<\/span><\/p>\n<\/div><\/div><\/div><\/div><\/div><div class=\"wpb_column vc_column_container\"><div class=\"vc_column-inner\"><div class=\"w-iconbox us_custom_f4639b64 has_text_color iconpos_left style_default color_custom align_left\"><div class=\"w-iconbox-icon\" style=\"font-size:2rem;--icon-color:#Ffffff;--icon-bg-color:var(--color-header-transparent-text);\"><i class=\"fas fa-layer-group\"><\/i><\/div><div class=\"w-iconbox-meta\"><h4 class=\"w-iconbox-title\" style=\"font-size:1.5rem;\">Promouvoir des sols sains<\/h4><div class=\"w-iconbox-text\"><p><span style=\"font-weight: 400;\">Nos sols sont \u00e0 la base de presque tout ce qui atterrit dans nos assiettes et sont indispensables \u00e0 la pr\u00e9servation de la biodiversit\u00e9. Nous soutenons une gestion qui garantit une vitalit\u00e9 durable.<\/span><\/p>\n<\/div><\/div><\/div><\/div><\/div><div class=\"wpb_column vc_column_container\"><div class=\"vc_column-inner\"><div class=\"w-iconbox us_custom_f4639b64 has_text_color iconpos_left style_default color_custom align_left\"><div class=\"w-iconbox-icon\" style=\"font-size:2rem;--icon-color:#Ffffff;--icon-bg-color:var(--color-header-transparent-text);\"><i class=\"fas fa-layer-group\"><\/i><\/div><div class=\"w-iconbox-meta\"><h4 class=\"w-iconbox-title\" style=\"font-size:1.5rem;\">Penser ensemble la for\u00eat et le gibier<\/h4><div class=\"w-iconbox-text\"><p><span style=\"font-weight: 400;\">Une for\u00eat intacte vit de l'\u00e9quilibre. Pour nous, il est essentiel que la politique accorde une attention \u00e9gale \u00e0 la protection de la faune sauvage et \u00e0 la sant\u00e9 de nos for\u00eats, tout en travaillant en \u00e9troite collaboration avec les chasseurs.<\/span><\/p>\n<\/div><\/div><\/div><\/div><\/div><\/div><div class=\"w-separator size_medium\"><\/div><div class=\"g-cols wpb_row via_grid cols_3 laptops-cols_inherit tablets-cols_inherit mobiles-cols_1 valign_top type_default stacking_default\" style=\"--columns-gap:3rem;\"><div class=\"wpb_column vc_column_container\"><div class=\"vc_column-inner\"><div class=\"w-iconbox us_custom_f4639b64 has_text_color iconpos_left style_default color_custom align_left\"><div class=\"w-iconbox-icon\" style=\"font-size:2rem;--icon-color:#Ffffff;--icon-bg-color:var(--color-header-middle-bg);\"><i class=\"fas fa-layer-group\"><\/i><\/div><div class=\"w-iconbox-meta\"><h4 class=\"w-iconbox-title\" style=\"font-size:1.5rem;\">Renforcer une alimentation saine et r\u00e9gionale<\/h4><div class=\"w-iconbox-text\"><p><span style=\"font-weight: 400;\">Il est important pour nous que notre r\u00e9gion produise des aliments sains \u00e0 des prix abordables. Une bonne alimentation est la base d\u2019une vie active et agr\u00e9able pour nous, nos enfants et nos petits-enfants. Et ce, pour tous, et non comme le privil\u00e8ge de quelques-uns.<\/span><\/p>\n<\/div><\/div><\/div><\/div><\/div><div class=\"wpb_column vc_column_container\"><div class=\"vc_column-inner\"><div class=\"w-iconbox us_custom_836f727b has_text_color iconpos_left style_default color_custom align_left\"><div class=\"w-iconbox-icon\" style=\"font-size:2rem;--icon-color:#Ffffff;--icon-bg-color:var(--color-header-transparent-text);\"><i class=\"fas fa-layer-group\"><\/i><\/div><div class=\"w-iconbox-meta\"><h4 class=\"w-iconbox-title\" style=\"font-size:1.5rem;\">Un engagement pour plus de bien-\u00eatre animal<\/h4><div class=\"w-iconbox-text\"><p><span style=\"font-weight: 400;\">L'\u00e9levage industriel de masse cause des souffrances animales, pollue l'eau et le climat et peut mettre notre sant\u00e9 en danger. Nous nous engageons pour un \u00e9levage r\u00e9gional respectueux de l'esp\u00e8ce.<\/span><\/p>\n<\/div><\/div><\/div><\/div><\/div><div class=\"wpb_column vc_column_container\"><div class=\"vc_column-inner\"><div class=\"w-iconbox us_custom_f4639b64 has_text_color iconpos_left style_default color_custom align_left\"><div class=\"w-iconbox-icon\" style=\"font-size:2rem;--icon-color:#Ffffff;--icon-bg-color:var(--color-header-transparent-text);\"><i class=\"fas fa-layer-group\"><\/i><\/div><div class=\"w-iconbox-meta\"><h4 class=\"w-iconbox-title\" style=\"font-size:1.5rem;\">Pr\u00e9server les paysages culturels<\/h4><div class=\"w-iconbox-text\"><p><span style=\"font-weight: 400;\">Les petites structures de nos terres agricoles rec\u00e8lent un incroyable tr\u00e9sor de biodiversit\u00e9 et de patrimoine culturel. Ils refl\u00e8tent une utilisation attentive de nos ressources naturelles.<\/span><\/p>\n<\/div><\/div><\/div><\/div><\/div><\/div><div class=\"w-separator size_medium\"><\/div><div class=\"w-btn-wrapper align_left\"><a class=\"w-btn us-btn-style_8 icon_atleft\" href=\"https:\/\/gruene-wiesbaden.de\/fr\/kommunalwahl\/#Kapitel1\"><i class=\"fas fa-chevron-circle-right\"><\/i><span class=\"w-btn-label\">Retour \u00e0 la vue d'ensemble<\/span><\/a><\/div><div class=\"w-separator size_medium\"><\/div><\/div><\/div><\/div><\/div><\/section><section class=\"l-section wpb_row height_auto with_img\"><div class=\"l-section-img\" role=\"img\" data-img-width=\"1920\" data-img-height=\"2560\" style=\"background-image: url(https:\/\/gruene-wiesbaden.de\/wp-content\/uploads\/2025\/07\/noaa-SkJG9sNkQVQ-unsplash-scaled.jpg);background-repeat: no-repeat;\"><\/div><div class=\"l-section-overlay\" style=\"background:var(--color-header-top-transparent-bg)\"><\/div><div class=\"l-section-h i-cf\"><div class=\"g-cols vc_row via_grid cols_1 laptops-cols_inherit tablets-cols_inherit mobiles-cols_1 valign_middle type_default stacking_default\" style=\"--columns-gap:1rem;\"><div class=\"wpb_column vc_column_container\"><div class=\"vc_column-inner\"><div class=\"w-separator size_large\"><\/div><div class=\"wpb_text_column background_inside_text\"><div class=\"wpb_wrapper\"><h1>Ce que nous voulons concr\u00e8tement faire dans ce domaine<\/h1>\n<\/div><\/div><div class=\"w-separator size_medium\"><\/div><div class=\"w-tabs us_custom_42d693a0 has_text_color style_default switch_click accordion has_scrolling\" style=\"--sections-title-size:1.4rem\"><div class=\"w-tabs-sections titles-align_none icon_chevron cpos_right\"><div class=\"w-tabs-section has_text_color\" id=\"zf11\" style=\"background:var(--color-header-transparent-text);color:var(--color-header-top-text-hover);\"><button class=\"w-tabs-section-header\" aria-controls=\"content-zf11\" aria-expanded=\"false\"><div class=\"w-tabs-section-title\">D\u00e9velopper nos for\u00eats p\u00e9riurbaines \u00e0 l'\u00e9preuve du temps<\/div><div class=\"w-tabs-section-control\"><\/div><\/button><div  class=\"w-tabs-section-content\" id=\"content-zf11\"><div class=\"w-tabs-section-content-h i-cf\"><div class=\"wpb_text_column\"><div class=\"wpb_wrapper\"><p><span style=\"font-weight: 400;\">La for\u00eat est l\u2019un de nos principaux r\u00e9servoirs de CO2, elle assure l\u2019air frais, la protection des esp\u00e8ces, le renouvellement des eaux souterraines et les loisirs, et sert \u00e9galement \u00e0 la fourniture de mati\u00e8res premi\u00e8res. Notre for\u00eat urbaine \u2013 avec la c\u00e9l\u00e8bre \u00abChapelle grecque\u00bb et l\u2019Opelbad \u2013 est l\u2019un des symboles de Wiesbaden, une source de notre qualit\u00e9 de vie et nous tient donc particuli\u00e8rement \u00e0 c\u0153ur. Nous voulons que les utilisations concurrentes soient r\u00e9solues de mani\u00e8re constructive et que la for\u00eat soit d\u00e9velopp\u00e9e de mani\u00e8re plus proche de la nature afin de renforcer la r\u00e9silience face \u00e0 l'augmentation des temp\u00e9ratures, aux p\u00e9riodes de s\u00e9cheresse, aux fortes pluies et aux temp\u00eates. Ce n'est qu'ainsi que l'effet de refroidissement peut \u00eatre pr\u00e9serv\u00e9 pour le centre-ville. Nous voulons nous engager \u00e0 renforcer et \u00e0 rendre visible dans la for\u00eat urbaine un dos en bois respectueux de l'environnement avec des chevaux. Ainsi, la ville de Wiesbaden peut pr\u00e9server le pr\u00e9cieux sol forestier, r\u00e9duire la consommation de combustibles fossiles et devenir un mod\u00e8le pour un entretien des for\u00eats proche de la nature tout au long de l'ann\u00e9e.<\/span><\/p>\n<\/div><\/div><\/div><\/div><\/div><div class=\"w-tabs-section has_text_color\" id=\"i040\" style=\"background:var(--color-header-transparent-text);color:var(--color-header-top-text-hover);\"><button class=\"w-tabs-section-header\" aria-controls=\"content-i040\" aria-expanded=\"false\"><div class=\"w-tabs-section-title\">Prot\u00e9ger les sols comme fondement de notre avenir<\/div><div class=\"w-tabs-section-control\"><\/div><\/button><div  class=\"w-tabs-section-content\" id=\"content-i040\"><div class=\"w-tabs-section-content-h i-cf\"><div class=\"wpb_text_column\"><div class=\"wpb_wrapper\"><p><span style=\"font-weight: 400;\">L'agriculture a besoin de terres agricoles saines. Nous voulons renforcer la protection des sols et la gestion r\u00e9g\u00e9n\u00e9rative afin de pr\u00e9server nos \u00e9cosyst\u00e8mes. Ils constituent la base de notre production alimentaire r\u00e9gionale et apportent une contribution importante \u00e0 la protection du climat et \u00e0 la biodiversit\u00e9. Une future politique fonci\u00e8re doit combiner les aspects environnementaux, sociaux et \u00e9conomiques. La perte de sols fertiles due \u00e0 la construction et \u00e0 l'imperm\u00e9abilisation est irr\u00e9versible et donc intol\u00e9rable. Nous voulons que la ville de Wiesbaden arr\u00eate l'imperm\u00e9abilisation suppl\u00e9mentaire des chemins de terre. Lorsque cela est possible et qu\u2019il n\u2019y a pas de conflit d\u2019utilisation (par exemple avec les pistes cyclables), les chemins de terre devraient plut\u00f4t \u00eatre d\u00e9verrouill\u00e9s, car certains animaux sauvages indig\u00e8nes d\u00e9pendent de sols ouverts, par exemple en tant que source de mat\u00e9riaux de construction. Afin de sensibiliser \u00e0 la valeur des sols vitaux, nous voulons que la ville de Wiesbaden mette \u00e0 disposition des surfaces urbaines pour des jardins communautaires et des projets de permaculture.<\/span><\/p>\n<\/div><\/div><\/div><\/div><\/div><div class=\"w-tabs-section has_text_color\" id=\"s162\" style=\"background:var(--color-header-transparent-text);color:var(--color-header-top-text-hover);\"><button class=\"w-tabs-section-header\" aria-controls=\"content-s162\" aria-expanded=\"false\"><div class=\"w-tabs-section-title\">Soutenir les agriculteurs<\/div><div class=\"w-tabs-section-control\"><\/div><\/button><div  class=\"w-tabs-section-content\" id=\"content-s162\"><div class=\"w-tabs-section-content-h i-cf\"><div class=\"wpb_text_column\"><div class=\"wpb_wrapper\"><p><span style=\"font-weight: 400;\">Nos agricultrices et agriculteurs sont les partenaires les plus importants pour pr\u00e9server nos moyens de subsistance naturels et assurer notre alimentation. Nous voulons une agriculture respectueuse de l'environnement, \u00e9conomiquement viable et abordable pour tous. Pour ce faire, la culture doit \u00eatre r\u00e9siliente face au changement climatique et aux ph\u00e9nom\u00e8nes m\u00e9t\u00e9orologiques extr\u00eames. Le passage \u00e0 l'agriculture biologique est aussi un investissement pour l'avenir que l'introduction de l'agriculture num\u00e9rique. Nous voulons que la ville de Wiesbaden soutienne activement les agriculteurs dans ces d\u00e9marches afin d'arr\u00eater d'autres h\u00e9ritages.<\/span><\/p>\n<\/div><\/div><\/div><\/div><\/div><div class=\"w-tabs-section has_text_color\" id=\"g27e\" style=\"background:var(--color-header-middle-bg);color:var(--color-content-heading);\"><button class=\"w-tabs-section-header\" aria-controls=\"content-g27e\" aria-expanded=\"false\"><div class=\"w-tabs-section-title\">Renforcer la production alimentaire r\u00e9gionale<\/div><div class=\"w-tabs-section-control\"><\/div><\/button><div  class=\"w-tabs-section-content\" id=\"content-g27e\"><div class=\"w-tabs-section-content-h i-cf\"><div class=\"wpb_text_column\"><div class=\"wpb_wrapper\"><p><span style=\"font-weight: 400;\">L'agriculture de Wiesbaden est un pilier de notre s\u00e9curit\u00e9 alimentaire. Les crises mondiales montrent l'importance d'une production alimentaire ind\u00e9pendante et r\u00e9siliente. Dans le m\u00eame temps, elle r\u00e9duit la consommation d'\u00e9nergie pour le transport jusqu'au consommateur. Pour ce faire, nous voulons que la ville de Wiesbaden mette en place une infrastructure locale et encourage la commercialisation r\u00e9gionale. Il s'agit notamment de promouvoir les march\u00e9s hebdomadaires, en particulier dans les banlieues. Nous soutenons le concept de circuits courts et une nouvelle production alimentaire, comme l'agriculture verticale et l'aquaponie.<\/span><\/p>\n<\/div><\/div><\/div><\/div><\/div><div class=\"w-tabs-section has_text_color\" id=\"g3b7\" style=\"background:var(--color-header-transparent-text);color:var(--color-header-top-text-hover);\"><button class=\"w-tabs-section-header\" aria-controls=\"content-g3b7\" aria-expanded=\"false\"><div class=\"w-tabs-section-title\">Concilier agriculture et protection de la nature<\/div><div class=\"w-tabs-section-control\"><\/div><\/button><div  class=\"w-tabs-section-content\" id=\"content-g3b7\"><div class=\"w-tabs-section-content-h i-cf\"><div class=\"wpb_text_column\"><div class=\"wpb_wrapper\"><p><span style=\"font-weight: 400;\">Nous nous engageons pour des formes d'exploitation qui ne contiennent pas de produits phytosanitaires synth\u00e9tiques et qui prot\u00e8gent ainsi les sols, les eaux, notre sant\u00e9 ainsi que l'ensemble de la faune et de la flore indig\u00e8nes. L\u00e0 o\u00f9 cela n'est pas encore possible, nous voulons que des zones riveraines exemptes d'engrais et de pesticides soient mises en place et agrandies sur les cours d'eau et les cours d'eau afin de r\u00e9duire les rejets de polluants. Pour prot\u00e9ger la biodiversit\u00e9, nous voulons que la ville de Wiesbaden sensibilise \u00e0 l'importance des bandes fleuries et des haies. En perspective, nous voulons que l'entretien du paysage soit davantage garanti en tant que source de revenus suppl\u00e9mentaire pour les agriculteurs.<\/span><\/p>\n<\/div><\/div><\/div><\/div><\/div><div class=\"w-tabs-section has_text_color\" id=\"y51a\" style=\"background:var(--color-header-middle-bg);color:var(--color-header-middle-text);\"><button class=\"w-tabs-section-header\" aria-controls=\"content-y51a\" aria-expanded=\"false\"><div class=\"w-tabs-section-title\">Renforcer notre paysage culturel<\/div><div class=\"w-tabs-section-control\"><\/div><\/button><div  class=\"w-tabs-section-content\" id=\"content-y51a\"><div class=\"w-tabs-section-content-h i-cf\"><div class=\"wpb_text_column\"><div class=\"wpb_wrapper\"><p><span style=\"font-weight: 400;\">Les vergers et les vignobles semi-naturels caract\u00e9risent non seulement notre paysage culturel, mais sont \u00e9galement des habitats indispensables pour de nombreux animaux et plantes, ils comptent parmi les habitats les plus riches en esp\u00e8ces d'Europe centrale. Autour de Wiesbaden, il y a encore un nombre r\u00e9jouissant d'anciens vergers, dont nous voulons assurer durablement le statut de protection par la ville de Wiesbaden. Nous soutenons leurs soins et renfor\u00e7ons la commercialisation locale afin que les fruits \u00e0 saupoudrer puissent \u00e0 nouveau \u00eatre appr\u00e9ci\u00e9s et que leur exploitation soit rentable.<\/span><\/p>\n<p><span style=\"font-weight: 400;\">Avec des parrainages d'arbres fruitiers, des actions de soins et des projets de r\u00e9colte, nous voulons sensibiliser \u00e0 la valeur de ces habitats et activer l'engagement de la soci\u00e9t\u00e9 civile. Nous voulons que la ville soutienne l'engagement communautaire et encourage les parrainages de vergers, dans lesquels, par exemple, les habitants du centre-ville et les habitants des banlieues s'occupent ensemble du verger.<\/span><\/p>\n<\/div><\/div><\/div><\/div><\/div><div class=\"w-tabs-section has_text_color\" id=\"y646\" style=\"background:var(--color-header-transparent-text);color:var(--color-header-top-text-hover);\"><button class=\"w-tabs-section-header\" aria-controls=\"content-y646\" aria-expanded=\"false\"><div class=\"w-tabs-section-title\">Soutenir le domaine de Mechtildshausen \u00e0 l'avenir au sein de la WJW<\/div><div class=\"w-tabs-section-control\"><\/div><\/button><div  class=\"w-tabs-section-content\" id=\"content-y646\"><div class=\"w-tabs-section-content-h i-cf\"><div class=\"wpb_text_column\"><div class=\"wpb_wrapper\"><p><span style=\"font-weight: 400;\">Avec le domaine de Mechtildshausen, la ville de Wiesbaden poss\u00e8de une entreprise phare de l'agriculture biologique et de l'artisanat, qui comprend des magasins de ferme, de la gastronomie et des \u00e9curies. Il fait partie de l'atelier de jeunesse de Wiesbaden (WJW), qui forme des jeunes et des adultes socialement d\u00e9favoris\u00e9s et propose un large \u00e9ventail d'autres offres de formation. Nous nous engageons \u00e0 ce que l\u2019AJM, y compris le domaine de Mechtildshausen, soit maintenue sous cette forme.<\/span><\/p>\n<p><span style=\"font-weight: 400;\">En outre, nous voulons exp\u00e9rimenter avec des plantations adapt\u00e9es au site et am\u00e9liorer le transfert de connaissances entre la recherche et la pratique agricole. C'est pourquoi nous nous engageons \u00e0 mettre en place des lieux d'apprentissage pour l'agriculture innovante, o\u00f9 les exp\u00e9riences pratiques seront partag\u00e9es.<\/span><\/p>\n<\/div><\/div><\/div><\/div><\/div><div class=\"w-tabs-section has_text_color\" id=\"s7a1\" style=\"background:var(--color-header-transparent-text);color:var(--color-header-top-text-hover);\"><button class=\"w-tabs-section-header\" aria-controls=\"content-s7a1\" aria-expanded=\"false\"><div class=\"w-tabs-section-title\">Immersion dans la for\u00eat urbaine<\/div><div class=\"w-tabs-section-control\"><\/div><\/button><div  class=\"w-tabs-section-content\" id=\"content-s7a1\"><div class=\"w-tabs-section-content-h i-cf\"><div class=\"wpb_text_column\"><div class=\"wpb_wrapper\"><p><span style=\"font-weight: 400;\">Nos for\u00eats ne sont pas seulement des collections d'arbres, elles sont les poumons de notre plan\u00e8te et les tr\u00e9sors de la biodiversit\u00e9.<\/span><\/p>\n<p><span style=\"font-weight: 400;\">Nous nous engageons en faveur d'un programme d'information et de m\u00e9dias qui sensibilise en particulier les enfants et les jeunes \u00e0 l'importance de la for\u00eat en tant qu'offre num\u00e9rique. Nous voulons renforcer la collaboration des forestiers urbains avec les \u00e9coles, les cr\u00e8ches et les associations environnementales. Les visites guid\u00e9es des for\u00eats, les journ\u00e9es de projet et les offres de formation environnementale en font partie. Gr\u00e2ce \u00e0 des formes de dialogue de la ville de Wiesbaden avec la population directement dans la for\u00eat urbaine, nous voulons impliquer les habitants de Wiesbaden dans les strat\u00e9gies de gestion \u00e9cologique des for\u00eats et utiliser leurs connaissances dans le cadre de projets de science citoyenne.<\/span><\/p>\n<\/div><\/div><\/div><\/div><\/div><div class=\"w-tabs-section has_text_color\" id=\"w8c9\" style=\"background:var(--color-header-transparent-text);color:var(--color-header-top-text-hover);\"><button class=\"w-tabs-section-header\" aria-controls=\"content-w8c9\" aria-expanded=\"false\"><div class=\"w-tabs-section-title\">Concevoir nos for\u00eats pour tous<\/div><div class=\"w-tabs-section-control\"><\/div><\/button><div  class=\"w-tabs-section-content\" id=\"content-w8c9\"><div class=\"w-tabs-section-content-h i-cf\"><div class=\"wpb_text_column\"><div class=\"wpb_wrapper\"><p><span style=\"font-weight: 400;\">La for\u00eat urbaine est une partie indispensable de notre patrie et un espace de d\u00e9tente librement accessible \u00e0 tous les citoyens. Nous voulons assurer l'accessibilit\u00e9 avec les transports publics du centre-ville tout en prot\u00e9geant les zones sensibles contre les perturbations. Des sentiers accessibles, des aires de jeux en for\u00eat et des possibilit\u00e9s de s\u00e9jour doivent permettre \u00e0 tous de vivre des exp\u00e9riences de nature d\u00e9tendues. Nous voulons que la ville veille \u00e0 ce que les sentiers de promenade en for\u00eat ne traversent pas la zone du chat sauvage sensible. Les chasseurs sont d'importants contributeurs \u00e0 la conception des for\u00eats. Nous nous engageons pour que la chasse s'oriente davantage vers des crit\u00e8res \u00e9cologiques et permette un rajeunissement naturel de la for\u00eat. C'est pourquoi Wiesbaden a introduit un concept de chasse \u00e9cologique qui soutient la transformation des for\u00eats tout en garantissant des m\u00e9thodes de chasse respectueuses du bien-\u00eatre animal. Ce n'est qu'en travaillant ensemble que nous pourrons pr\u00e9server nos for\u00eats pour l'avenir. Nous nous engageons \u00e0 poursuivre les certifications FSC et Naturland.<\/span><\/p>\n<\/div><\/div><\/div><\/div><\/div><div class=\"w-tabs-section has_text_color\" id=\"r9e4\" style=\"background:var(--color-header-transparent-text);color:var(--color-header-top-text-hover);\"><button class=\"w-tabs-section-header\" aria-controls=\"content-r9e4\" aria-expanded=\"false\"><div class=\"w-tabs-section-title\">Nous encourageons le respect des animaux domestiques et sauvages<\/div><div class=\"w-tabs-section-control\"><\/div><\/button><div  class=\"w-tabs-section-content\" id=\"content-r9e4\"><div class=\"w-tabs-section-content-h i-cf\"><div class=\"wpb_text_column\"><div class=\"wpb_wrapper\"><p><span style=\"font-weight: 400;\">Nous soutenons les pr\u00e9occupations du refuge Wiesbaden et soutenons le parc Cyperus, le parc animalier Kastel et la faisanerie. Nous soutenons l'\u00e9ducation sur la gestion responsable des esp\u00e8ces animales nouvellement immigr\u00e9es. Dans le centre-ville, nous nous engageons pour une gestion respectueuse de l'esp\u00e8ce et scientifiquement fond\u00e9e des populations de pigeons et d'oies du Nil, par exemple.<\/span><\/p>\n<\/div><\/div><\/div><\/div><\/div><\/div><\/div><div class=\"w-separator size_medium\"><\/div><div class=\"w-btn-wrapper align_left\"><a class=\"w-btn us-btn-style_8 icon_atleft\" href=\"https:\/\/gruene-wiesbaden.de\/fr\/kommunalwahl\/#Kapitel1\"><i class=\"fas fa-chevron-circle-right\"><\/i><span class=\"w-btn-label\">Retour \u00e0 la vue d'ensemble<\/span><\/a><\/div><div class=\"w-separator size_large\"><\/div><div class=\"wpb_text_column\"><div class=\"wpb_wrapper\"><h1>Ce que nous avons d\u00e9j\u00e0 accompli<\/h1>\n<\/div><\/div><div class=\"w-separator size_medium\"><\/div><div class=\"w-tabs us_custom_42d693a0 has_text_color style_default switch_click accordion has_scrolling\" style=\"--sections-title-size:1.4rem\"><div class=\"w-tabs-sections titles-align_none icon_chevron cpos_right\"><div class=\"w-tabs-section has_text_color\" id=\"pe45\" style=\"background:var(--color-header-transparent-text);color:var(--color-header-top-text-hover);\"><button class=\"w-tabs-section-header\" aria-controls=\"content-pe45\" aria-expanded=\"false\"><div class=\"w-tabs-section-title\">Wiesbaden est la zone foresti\u00e8re de l'ann\u00e9e 2025<\/div><div class=\"w-tabs-section-control\"><\/div><\/button><div  class=\"w-tabs-section-content\" id=\"content-pe45\"><div class=\"w-tabs-section-content-h i-cf\"><div class=\"wpb_text_column\"><div class=\"wpb_wrapper\"><p><span style=\"font-weight: 400;\">La for\u00eat urbaine de Wiesbaden a re\u00e7u cette distinction pour notre gestion proche de la nature ainsi que pour la certification FSC et Naturland de longue date. Avec l'utilisation cibl\u00e9e de chevaux de retour en bois dans la for\u00eat urbaine, la ville a \u00e9tabli un chemin r\u00e9ussi pour combiner l'\u00e9cologie et l'\u00e9conomie.<\/span><\/p>\n<\/div><\/div><\/div><\/div><\/div><div class=\"w-tabs-section has_text_color\" id=\"ff5c\" style=\"background:var(--color-header-transparent-text);color:var(--color-header-top-text-hover);\"><button class=\"w-tabs-section-header\" aria-controls=\"content-ff5c\" aria-expanded=\"false\"><div class=\"w-tabs-section-title\">Wild UND Wald \u2013 le concept de chasse de Wiesbaden<\/div><div class=\"w-tabs-section-control\"><\/div><\/button><div  class=\"w-tabs-section-content\" id=\"content-ff5c\"><div class=\"w-tabs-section-content-h i-cf\"><div class=\"wpb_text_column\"><div class=\"wpb_wrapper\"><p><span style=\"font-weight: 400;\">Notre nouveau concept de chasse r\u00e9pond \u00e0 la fois aux besoins de la for\u00eat et de ses animaux sauvages, ainsi qu'aux exigences actuelles de la chasse.<\/span><\/p>\n<\/div><\/div><\/div><\/div><\/div><div class=\"w-tabs-section has_text_color\" id=\"a078\" style=\"background:var(--color-header-transparent-text);color:var(--color-header-top-text-hover);\"><button class=\"w-tabs-section-header\" aria-controls=\"content-a078\" aria-expanded=\"false\"><div class=\"w-tabs-section-title\">Les esp\u00e8ces animales rares sont pr\u00e9serv\u00e9es<\/div><div class=\"w-tabs-section-control\"><\/div><\/button><div  class=\"w-tabs-section-content\" id=\"content-a078\"><div class=\"w-tabs-section-content-h i-cf\"><div class=\"wpb_text_column\"><div class=\"wpb_wrapper\"><p><span style=\"font-weight: 400;\">Pour les races d'animaux de rente anciennes et menac\u00e9es, la ville de Wiesbaden a transform\u00e9 la faisanerie en un parc de l'Arche avec un programme complet et des offres de formation.<\/span><\/p>\n<\/div><\/div><\/div><\/div><\/div><div class=\"w-tabs-section has_text_color\" id=\"i18c\" style=\"background:var(--color-header-middle-bg);color:var(--color-content-heading);\"><button class=\"w-tabs-section-header\" aria-controls=\"content-i18c\" aria-expanded=\"false\"><div class=\"w-tabs-section-title\">Randonn\u00e9e moderne facilit\u00e9e<\/div><div class=\"w-tabs-section-control\"><\/div><\/button><div  class=\"w-tabs-section-content\" id=\"content-i18c\"><div class=\"w-tabs-section-content-h i-cf\"><div class=\"wpb_text_column\"><div class=\"wpb_wrapper\"><p><span style=\"font-weight: 400;\">En collaboration avec le parc naturel RheinTaunus, Wiesbaden a \u00e9labor\u00e9 un concept de sentier innovant et rendu accessibles num\u00e9riquement 2500 km de sentiers de randonn\u00e9e.<\/span><\/p>\n<\/div><\/div><\/div><\/div><\/div><div class=\"w-tabs-section has_text_color\" id=\"n2a0\" style=\"background:var(--color-header-transparent-text);color:var(--color-header-top-text-hover);\"><button class=\"w-tabs-section-header\" aria-controls=\"content-n2a0\" aria-expanded=\"false\"><div class=\"w-tabs-section-title\">Utilisation responsable des surfaces de Wiesbaden<\/div><div class=\"w-tabs-section-control\"><\/div><\/button><div  class=\"w-tabs-section-content\" id=\"content-n2a0\"><div class=\"w-tabs-section-content-h i-cf\"><div class=\"wpb_text_column\"><div class=\"wpb_wrapper\"><p><span style=\"font-weight: 400;\">L'am\u00e9nagement du territoire et l'\u00e9valuation environnementale pour le nouveau plan d'affectation des sols ainsi que pour le plan r\u00e9gional de Hesse du Sud assurent la transparence. Elles fournissent une base technique solide pour les d\u00e9cisions futures, y compris et en particulier pour les citoyens.<\/span><\/p>\n<\/div><\/div><\/div><\/div><\/div><\/div><\/div><div class=\"w-separator size_medium\"><\/div><div class=\"w-btn-wrapper align_left\"><a class=\"w-btn us-btn-style_8 icon_atleft\" href=\"https:\/\/gruene-wiesbaden.de\/fr\/kommunalwahl\/#Kapitel1\"><i class=\"fas fa-chevron-circle-right\"><\/i><span class=\"w-btn-label\">Retour \u00e0 la vue d'ensemble<\/span><\/a><\/div><div class=\"w-separator size_large\"><\/div><\/div><\/div><\/div><\/div><\/section>","protected":false},"excerpt":{"rendered":"L\u2019agriculture et la sylviculture sont bien plus que de simples secteurs \u00e9conomiques: elles sont \u00e0 la base de notre alimentation, de nos paysages et de notre climat. Que ce soit en ville ou \u00e0 la campagne: La mani\u00e8re dont nous proc\u00e9dons \u00e0 l'agriculture a une incidence directe sur notre qualit\u00e9 de vie, notre sant\u00e9 et notre environnement. Nous sommes confront\u00e9s au d\u00e9fi d'une...","protected":false},"author":1,"featured_media":1195,"comment_status":"closed","ping_status":"closed","sticky":false,"template":"","format":"standard","meta":{"footnotes":""},"categories":[14],"tags":[],"class_list":["post-1222","post","type-post","status-publish","format-standard","has-post-thumbnail","hentry","category-kapitel-1"],"yoast_head":"<!-- This site is optimized with the Yoast SEO plugin v27.5 - https:\/\/yoast.com\/product\/yoast-seo-wordpress\/ -->\n<title>Land- und Forstwirtschaft - B\u00dcNDNIS 90\/DIE GR\u00dcNEN Wiesbaden<\/title>\n<meta name=\"robots\" content=\"index, follow, max-snippet:-1, max-image-preview:large, max-video-preview:-1\" \/>\n<link rel=\"canonical\" href=\"https:\/\/gruene-wiesbaden.de\/fr\/lore-ipsum-samed\/\" \/>\n<meta property=\"og:locale\" content=\"fr_FR\" \/>\n<meta property=\"og:type\" content=\"article\" \/>\n<meta property=\"og:title\" content=\"Land- und Forstwirtschaft - B\u00dcNDNIS 90\/DIE GR\u00dcNEN Wiesbaden\" \/>\n<meta property=\"og:url\" content=\"https:\/\/gruene-wiesbaden.de\/fr\/lore-ipsum-samed\/\" \/>\n<meta property=\"og:site_name\" content=\"B\u00dcNDNIS 90\/DIE GR\u00dcNEN Wiesbaden\" \/>\n<meta property=\"article:publisher\" content=\"https:\/\/www.facebook.com\/gruene.wi\" \/>\n<meta property=\"article:published_time\" content=\"2025-08-01T20:40:52+00:00\" \/>\n<meta property=\"article:modified_time\" content=\"2026-04-08T20:38:25+00:00\" \/>\n<meta property=\"og:image\" content=\"https:\/\/gruene-wiesbaden.de\/wp-content\/uploads\/2025\/07\/noaa-SkJG9sNkQVQ-unsplash-scaled.jpg\" \/>\n\t<meta property=\"og:image:width\" content=\"1920\" \/>\n\t<meta property=\"og:image:height\" content=\"2560\" \/>\n\t<meta property=\"og:image:type\" content=\"image\/jpeg\" \/>\n<meta name=\"author\" content=\"admin\" \/>\n<meta name=\"twitter:card\" content=\"summary_large_image\" \/>\n<meta name=\"twitter:label1\" content=\"\u00c9crit par\" \/>\n\t<meta name=\"twitter:data1\" content=\"admin\" \/>\n\t<meta name=\"twitter:label2\" content=\"Dur\u00e9e de lecture estim\u00e9e\" \/>\n\t<meta name=\"twitter:data2\" content=\"10 minutes\" \/>\n<script type=\"application\/ld+json\" class=\"yoast-schema-graph\">{\"@context\":\"https:\\\/\\\/schema.org\",\"@graph\":[{\"@type\":\"Article\",\"@id\":\"https:\\\/\\\/gruene-wiesbaden.de\\\/lore-ipsum-samed\\\/#article\",\"isPartOf\":{\"@id\":\"https:\\\/\\\/gruene-wiesbaden.de\\\/lore-ipsum-samed\\\/\"},\"author\":{\"name\":\"admin\",\"@id\":\"https:\\\/\\\/gruene-wiesbaden.de\\\/#\\\/schema\\\/person\\\/6785c34779159cd4fd86886bb097afe9\"},\"headline\":\"Land- und Forstwirtschaft\",\"datePublished\":\"2025-08-01T20:40:52+00:00\",\"dateModified\":\"2026-04-08T20:38:25+00:00\",\"mainEntityOfPage\":{\"@id\":\"https:\\\/\\\/gruene-wiesbaden.de\\\/lore-ipsum-samed\\\/\"},\"wordCount\":2860,\"publisher\":{\"@id\":\"https:\\\/\\\/gruene-wiesbaden.de\\\/#organization\"},\"image\":{\"@id\":\"https:\\\/\\\/gruene-wiesbaden.de\\\/lore-ipsum-samed\\\/#primaryimage\"},\"thumbnailUrl\":\"https:\\\/\\\/gruene-wiesbaden.de\\\/wp-content\\\/uploads\\\/2025\\\/07\\\/noaa-SkJG9sNkQVQ-unsplash-scaled.jpg\",\"articleSection\":[\"Kapitel 1\"],\"inLanguage\":\"fr-FR\"},{\"@type\":\"WebPage\",\"@id\":\"https:\\\/\\\/gruene-wiesbaden.de\\\/lore-ipsum-samed\\\/\",\"url\":\"https:\\\/\\\/gruene-wiesbaden.de\\\/lore-ipsum-samed\\\/\",\"name\":\"Land- und Forstwirtschaft - B\u00dcNDNIS 90\\\/DIE GR\u00dcNEN Wiesbaden\",\"isPartOf\":{\"@id\":\"https:\\\/\\\/gruene-wiesbaden.de\\\/#website\"},\"primaryImageOfPage\":{\"@id\":\"https:\\\/\\\/gruene-wiesbaden.de\\\/lore-ipsum-samed\\\/#primaryimage\"},\"image\":{\"@id\":\"https:\\\/\\\/gruene-wiesbaden.de\\\/lore-ipsum-samed\\\/#primaryimage\"},\"thumbnailUrl\":\"https:\\\/\\\/gruene-wiesbaden.de\\\/wp-content\\\/uploads\\\/2025\\\/07\\\/noaa-SkJG9sNkQVQ-unsplash-scaled.jpg\",\"datePublished\":\"2025-08-01T20:40:52+00:00\",\"dateModified\":\"2026-04-08T20:38:25+00:00\",\"breadcrumb\":{\"@id\":\"https:\\\/\\\/gruene-wiesbaden.de\\\/lore-ipsum-samed\\\/#breadcrumb\"},\"inLanguage\":\"fr-FR\",\"potentialAction\":[{\"@type\":\"ReadAction\",\"target\":[\"https:\\\/\\\/gruene-wiesbaden.de\\\/lore-ipsum-samed\\\/\"]}]},{\"@type\":\"ImageObject\",\"inLanguage\":\"fr-FR\",\"@id\":\"https:\\\/\\\/gruene-wiesbaden.de\\\/lore-ipsum-samed\\\/#primaryimage\",\"url\":\"https:\\\/\\\/gruene-wiesbaden.de\\\/wp-content\\\/uploads\\\/2025\\\/07\\\/noaa-SkJG9sNkQVQ-unsplash-scaled.jpg\",\"contentUrl\":\"https:\\\/\\\/gruene-wiesbaden.de\\\/wp-content\\\/uploads\\\/2025\\\/07\\\/noaa-SkJG9sNkQVQ-unsplash-scaled.jpg\",\"width\":1920,\"height\":2560},{\"@type\":\"BreadcrumbList\",\"@id\":\"https:\\\/\\\/gruene-wiesbaden.de\\\/lore-ipsum-samed\\\/#breadcrumb\",\"itemListElement\":[{\"@type\":\"ListItem\",\"position\":1,\"name\":\"Startseite\",\"item\":\"https:\\\/\\\/gruene-wiesbaden.de\\\/\"},{\"@type\":\"ListItem\",\"position\":2,\"name\":\"Land- und Forstwirtschaft\"}]},{\"@type\":\"WebSite\",\"@id\":\"https:\\\/\\\/gruene-wiesbaden.de\\\/#website\",\"url\":\"https:\\\/\\\/gruene-wiesbaden.de\\\/\",\"name\":\"DIE GR\u00dcNEN Wiesbaden\",\"description\":\"\",\"publisher\":{\"@id\":\"https:\\\/\\\/gruene-wiesbaden.de\\\/#organization\"},\"potentialAction\":[{\"@type\":\"SearchAction\",\"target\":{\"@type\":\"EntryPoint\",\"urlTemplate\":\"https:\\\/\\\/gruene-wiesbaden.de\\\/?s={search_term_string}\"},\"query-input\":{\"@type\":\"PropertyValueSpecification\",\"valueRequired\":true,\"valueName\":\"search_term_string\"}}],\"inLanguage\":\"fr-FR\"},{\"@type\":\"Organization\",\"@id\":\"https:\\\/\\\/gruene-wiesbaden.de\\\/#organization\",\"name\":\"DIE GR\u00dcNEN Wiesbaden\",\"url\":\"https:\\\/\\\/gruene-wiesbaden.de\\\/\",\"logo\":{\"@type\":\"ImageObject\",\"inLanguage\":\"fr-FR\",\"@id\":\"https:\\\/\\\/gruene-wiesbaden.de\\\/#\\\/schema\\\/logo\\\/image\\\/\",\"url\":\"https:\\\/\\\/gruene-wiesbaden-fuer-europa.de\\\/wp-content\\\/uploads\\\/2024\\\/04\\\/Machen-was-zaehlt-5.png\",\"contentUrl\":\"https:\\\/\\\/gruene-wiesbaden-fuer-europa.de\\\/wp-content\\\/uploads\\\/2024\\\/04\\\/Machen-was-zaehlt-5.png\",\"width\":1772,\"height\":1772,\"caption\":\"DIE GR\u00dcNEN Wiesbaden\"},\"image\":{\"@id\":\"https:\\\/\\\/gruene-wiesbaden.de\\\/#\\\/schema\\\/logo\\\/image\\\/\"},\"sameAs\":[\"https:\\\/\\\/www.facebook.com\\\/gruene.wi\",\"https:\\\/\\\/instagram.com\\\/gruene_wi\"]},{\"@type\":\"Person\",\"@id\":\"https:\\\/\\\/gruene-wiesbaden.de\\\/#\\\/schema\\\/person\\\/6785c34779159cd4fd86886bb097afe9\",\"name\":\"admin\",\"sameAs\":[\"http:\\\/\\\/gruene-wiesbaden-fuer-europa.de\"],\"url\":\"https:\\\/\\\/gruene-wiesbaden.de\\\/fr\\\/author\\\/admin\\\/\"}]}<\/script>\n<!-- \/ Yoast SEO plugin. -->","yoast_head_json":{"title":"Land- und Forstwirtschaft - B\u00dcNDNIS 90\/DIE GR\u00dcNEN Wiesbaden","robots":{"index":"index","follow":"follow","max-snippet":"max-snippet:-1","max-image-preview":"max-image-preview:large","max-video-preview":"max-video-preview:-1"},"canonical":"https:\/\/gruene-wiesbaden.de\/fr\/lore-ipsum-samed\/","og_locale":"fr_FR","og_type":"article","og_title":"Land- und Forstwirtschaft - B\u00dcNDNIS 90\/DIE GR\u00dcNEN Wiesbaden","og_url":"https:\/\/gruene-wiesbaden.de\/fr\/lore-ipsum-samed\/","og_site_name":"B\u00dcNDNIS 90\/DIE GR\u00dcNEN Wiesbaden","article_publisher":"https:\/\/www.facebook.com\/gruene.wi","article_published_time":"2025-08-01T20:40:52+00:00","article_modified_time":"2026-04-08T20:38:25+00:00","og_image":[{"width":1920,"height":2560,"url":"https:\/\/gruene-wiesbaden.de\/wp-content\/uploads\/2025\/07\/noaa-SkJG9sNkQVQ-unsplash-scaled.jpg","type":"image\/jpeg"}],"author":"admin","twitter_card":"summary_large_image","twitter_misc":{"\u00c9crit par":"admin","Dur\u00e9e de lecture estim\u00e9e":"10 minutes"},"schema":{"@context":"https:\/\/schema.org","@graph":[{"@type":"Article","@id":"https:\/\/gruene-wiesbaden.de\/lore-ipsum-samed\/#article","isPartOf":{"@id":"https:\/\/gruene-wiesbaden.de\/lore-ipsum-samed\/"},"author":{"name":"admin","@id":"https:\/\/gruene-wiesbaden.de\/#\/schema\/person\/6785c34779159cd4fd86886bb097afe9"},"headline":"Land- und Forstwirtschaft","datePublished":"2025-08-01T20:40:52+00:00","dateModified":"2026-04-08T20:38:25+00:00","mainEntityOfPage":{"@id":"https:\/\/gruene-wiesbaden.de\/lore-ipsum-samed\/"},"wordCount":2860,"publisher":{"@id":"https:\/\/gruene-wiesbaden.de\/#organization"},"image":{"@id":"https:\/\/gruene-wiesbaden.de\/lore-ipsum-samed\/#primaryimage"},"thumbnailUrl":"https:\/\/gruene-wiesbaden.de\/wp-content\/uploads\/2025\/07\/noaa-SkJG9sNkQVQ-unsplash-scaled.jpg","articleSection":["Kapitel 1"],"inLanguage":"fr-FR"},{"@type":"WebPage","@id":"https:\/\/gruene-wiesbaden.de\/lore-ipsum-samed\/","url":"https:\/\/gruene-wiesbaden.de\/lore-ipsum-samed\/","name":"Land- und Forstwirtschaft - B\u00dcNDNIS 90\/DIE GR\u00dcNEN Wiesbaden","isPartOf":{"@id":"https:\/\/gruene-wiesbaden.de\/#website"},"primaryImageOfPage":{"@id":"https:\/\/gruene-wiesbaden.de\/lore-ipsum-samed\/#primaryimage"},"image":{"@id":"https:\/\/gruene-wiesbaden.de\/lore-ipsum-samed\/#primaryimage"},"thumbnailUrl":"https:\/\/gruene-wiesbaden.de\/wp-content\/uploads\/2025\/07\/noaa-SkJG9sNkQVQ-unsplash-scaled.jpg","datePublished":"2025-08-01T20:40:52+00:00","dateModified":"2026-04-08T20:38:25+00:00","breadcrumb":{"@id":"https:\/\/gruene-wiesbaden.de\/lore-ipsum-samed\/#breadcrumb"},"inLanguage":"fr-FR","potentialAction":[{"@type":"ReadAction","target":["https:\/\/gruene-wiesbaden.de\/lore-ipsum-samed\/"]}]},{"@type":"ImageObject","inLanguage":"fr-FR","@id":"https:\/\/gruene-wiesbaden.de\/lore-ipsum-samed\/#primaryimage","url":"https:\/\/gruene-wiesbaden.de\/wp-content\/uploads\/2025\/07\/noaa-SkJG9sNkQVQ-unsplash-scaled.jpg","contentUrl":"https:\/\/gruene-wiesbaden.de\/wp-content\/uploads\/2025\/07\/noaa-SkJG9sNkQVQ-unsplash-scaled.jpg","width":1920,"height":2560},{"@type":"BreadcrumbList","@id":"https:\/\/gruene-wiesbaden.de\/lore-ipsum-samed\/#breadcrumb","itemListElement":[{"@type":"ListItem","position":1,"name":"Startseite","item":"https:\/\/gruene-wiesbaden.de\/"},{"@type":"ListItem","position":2,"name":"Land- und Forstwirtschaft"}]},{"@type":"WebSite","@id":"https:\/\/gruene-wiesbaden.de\/#website","url":"https:\/\/gruene-wiesbaden.de\/","name":"DIE GR\u00dcNEN Wiesbaden","description":"","publisher":{"@id":"https:\/\/gruene-wiesbaden.de\/#organization"},"potentialAction":[{"@type":"SearchAction","target":{"@type":"EntryPoint","urlTemplate":"https:\/\/gruene-wiesbaden.de\/?s={search_term_string}"},"query-input":{"@type":"PropertyValueSpecification","valueRequired":true,"valueName":"search_term_string"}}],"inLanguage":"fr-FR"},{"@type":"Organization","@id":"https:\/\/gruene-wiesbaden.de\/#organization","name":"DIE GR\u00dcNEN Wiesbaden","url":"https:\/\/gruene-wiesbaden.de\/","logo":{"@type":"ImageObject","inLanguage":"fr-FR","@id":"https:\/\/gruene-wiesbaden.de\/#\/schema\/logo\/image\/","url":"https:\/\/gruene-wiesbaden-fuer-europa.de\/wp-content\/uploads\/2024\/04\/Machen-was-zaehlt-5.png","contentUrl":"https:\/\/gruene-wiesbaden-fuer-europa.de\/wp-content\/uploads\/2024\/04\/Machen-was-zaehlt-5.png","width":1772,"height":1772,"caption":"DIE GR\u00dcNEN Wiesbaden"},"image":{"@id":"https:\/\/gruene-wiesbaden.de\/#\/schema\/logo\/image\/"},"sameAs":["https:\/\/www.facebook.com\/gruene.wi","https:\/\/instagram.com\/gruene_wi"]},{"@type":"Person","@id":"https:\/\/gruene-wiesbaden.de\/#\/schema\/person\/6785c34779159cd4fd86886bb097afe9","name":"admin","sameAs":["http:\/\/gruene-wiesbaden-fuer-europa.de"],"url":"https:\/\/gruene-wiesbaden.de\/fr\/author\/admin\/"}]}},"_links":{"self":[{"href":"https:\/\/gruene-wiesbaden.de\/fr\/wp-json\/wp\/v2\/posts\/1222","targetHints":{"allow":["GET"]}}],"collection":[{"href":"https:\/\/gruene-wiesbaden.de\/fr\/wp-json\/wp\/v2\/posts"}],"about":[{"href":"https:\/\/gruene-wiesbaden.de\/fr\/wp-json\/wp\/v2\/types\/post"}],"author":[{"embeddable":true,"href":"https:\/\/gruene-wiesbaden.de\/fr\/wp-json\/wp\/v2\/users\/1"}],"replies":[{"embeddable":true,"href":"https:\/\/gruene-wiesbaden.de\/fr\/wp-json\/wp\/v2\/comments?post=1222"}],"version-history":[{"count":15,"href":"https:\/\/gruene-wiesbaden.de\/fr\/wp-json\/wp\/v2\/posts\/1222\/revisions"}],"predecessor-version":[{"id":2369,"href":"https:\/\/gruene-wiesbaden.de\/fr\/wp-json\/wp\/v2\/posts\/1222\/revisions\/2369"}],"wp:featuredmedia":[{"embeddable":true,"href":"https:\/\/gruene-wiesbaden.de\/fr\/wp-json\/wp\/v2\/media\/1195"}],"wp:attachment":[{"href":"https:\/\/gruene-wiesbaden.de\/fr\/wp-json\/wp\/v2\/media?parent=1222"}],"wp:term":[{"taxonomy":"category","embeddable":true,"href":"https:\/\/gruene-wiesbaden.de\/fr\/wp-json\/wp\/v2\/categories?post=1222"},{"taxonomy":"post_tag","embeddable":true,"href":"https:\/\/gruene-wiesbaden.de\/fr\/wp-json\/wp\/v2\/tags?post=1222"}],"curies":[{"name":"wp","href":"https:\/\/api.w.org\/{rel}","templated":true}]}}