{"id":702,"date":"2024-11-21T12:00:26","date_gmt":"2024-11-21T12:00:26","guid":{"rendered":"http:\/\/gruene-wiesbaden.de.w0207e8f.kasserver.com\/?p=702"},"modified":"2025-06-16T21:04:30","modified_gmt":"2025-06-16T21:04:30","slug":"katerinagarcia_neuervorstand","status":"publish","type":"post","link":"https:\/\/gruene-wiesbaden.de\/es\/katerinagarcia_neuervorstand\/","title":{"rendered":"GREEN elige a Katerina Garc\u00eda como candidata directa para las elecciones del Bundestag y una nueva junta"},"content":{"rendered":"<section class=\"l-section wpb_row height_medium\"><div class=\"l-section-h i-cf\"><div class=\"g-cols vc_row via_grid cols_1 laptops-cols_inherit tablets-cols_inherit mobiles-cols_1 valign_top type_default stacking_default\"><div class=\"wpb_column vc_column_container\"><div class=\"vc_column-inner\"><h2 class=\"w-post-elm post_title entry-title color_link_inherit\">GREEN elige a Katerina Garc\u00eda como candidata directa para las elecciones del Bundestag y una nueva junta<\/h2><div class=\"w-post-elm post_image\"><img loading=\"lazy\" decoding=\"async\" width=\"1762\" height=\"1174\" src=\"https:\/\/gruene-wiesbaden.de\/wp-content\/uploads\/2025\/03\/Bildschirmfoto-2025-06-16-um-23.03.22.png\" class=\"attachment-full size-full wp-post-image\" alt=\"\" srcset=\"https:\/\/gruene-wiesbaden.de\/wp-content\/uploads\/2025\/03\/Bildschirmfoto-2025-06-16-um-23.03.22.png 1762w, https:\/\/gruene-wiesbaden.de\/wp-content\/uploads\/2025\/03\/Bildschirmfoto-2025-06-16-um-23.03.22-400x267.png 400w, https:\/\/gruene-wiesbaden.de\/wp-content\/uploads\/2025\/03\/Bildschirmfoto-2025-06-16-um-23.03.22-600x400.png 600w\" sizes=\"auto, (max-width: 1762px) 100vw, 1762px\" \/><\/div><div class=\"w-separator size_medium\"><\/div><div class=\"wpb_text_column\"><div class=\"wpb_wrapper\"><p>B\u00dcNDNIS 90\/DIE GR\u00dcNEN ha elegido a su candidato directo para las elecciones federales anticipadas de febrero, as\u00ed como a una nueva junta de distrito, en su asamblea general la noche del 20.11.2024.<\/p>\n<p><strong>Katerina Garc\u00eda se postula para el mandato directo de Wiesbaden<\/strong><\/p>\n<p>Katerina Garc\u00eda fue elegida como candidata directa para las elecciones federales. Gan\u00f3 en la primera ronda contra su competidor Dilek \u00d6zkan. \u00abQuiero representar a Wiesbaden en el Bundestag alem\u00e1n con energ\u00eda fresca y objetivos claros y convertir a Alemania una vez m\u00e1s en un pa\u00eds que defienda una pol\u00edtica innovadora, sostenible y justa. En este momento, cuando los populistas est\u00e1n tratando de ganar el poder de la opini\u00f3n, tenemos que trabajar juntos para construir una sociedad donde todos puedan prosperar y donde la justicia social, el \u00e9xito econ\u00f3mico y la protecci\u00f3n del medio ambiente vayan de la mano. Katerina Garc\u00eda tiene 43 a\u00f1os, estudi\u00f3 derecho y econom\u00eda y actualmente trabaja como Jefa de Econom\u00eda y Asuntos Digitales en la oficina de la Alcaldesa Christiane Hinninger en la Ciudad de Wiesbaden.<\/p>\n<p><strong>Rebecca Thomas y Daniel Schmitt liderar\u00e1n la nueva junta directiva<\/strong><\/p>\n<p>Adem\u00e1s de la candidatura directa, se eligi\u00f3 a su vez una nueva junta de distrito. La nueva presidenta fue Rebecca Thomas de 90.2% y Daniel Schmitt de 94.9% Los miembros presentes fueron elegidos. Ambos ya eran miembros de la junta anterior como asociados. \"Como copresidenta de nuestra asociaci\u00f3n distrital, me gustar\u00eda contribuir a crear las condiciones para una asociaci\u00f3n distrital vibrante en la que se valoren las discusiones sobre la causa, qu\u00e9 miembros est\u00e9n activos porque pueden involucrarse, porque sienten que son parte de una comunidad, porque tienen la oportunidad de involucrarse con sus competencias y descubrir nuevos talentos\", dijo la nueva presidenta Rebecca Thomas. \u00abCon las elecciones federales anticipadas, las elecciones a la alcald\u00eda y las pr\u00f3ximas elecciones locales de 2026, nos enfrentamos a grandes retos. Me gustar\u00eda dar a cada miembro orientaci\u00f3n sobre lo que queremos lograr y c\u00f3mo nuestros miembros pueden contribuir individualmente. Veo a nuestra asociaci\u00f3n de distrito como una red que vive nuestros valores y a\u00fan puede ganar mucha fuerza\", agrega el copresidente Daniel Schmitt.\u00a0 Otros miembros fueron Gerald Christoph Dorsch como tesorero, as\u00ed como Marta Moneva, Larissa Reis y Oliver Raudies como asesores.<\/p>\n<p><strong>Ex presidentes dicen adi\u00f3s<\/strong><\/p>\n<p>Los presidentes anteriores Uta Brehm y Mathias Wagner no se hab\u00edan postulado para la reelecci\u00f3n. \u00abLos \u00faltimos cuatro a\u00f1os como presidente de distrito han sido buenos y exitosos. El n\u00famero de miembros ha aumentado. Los Verdes son la segunda fuerza m\u00e1s poderosa en el parlamento de la ciudad. Somos el alcalde por primera vez y continuamos representando al Departamento de Construcci\u00f3n y Transporte. En el parlamento estatal de Hesse, Wiesbaden est\u00e1 representado por dos diputados verdes, Lara Klaes y yo. Las \u00faltimas elecciones estatales resultaron en un cambio de gobierno a oposici\u00f3n para nosotros. Esto trae nuevas tareas y desaf\u00edos para los Verdes en el parlamento estatal. Como presidente de su grupo, me gustar\u00eda centrarme en esto en un futuro pr\u00f3ximo y, por lo tanto, ya no he sido presidente de distrito\", explica Wagner.<\/p>\n<p>\u00abDurante los \u00faltimos seis a\u00f1os como presidente de distrito, siempre me ha preocupado dirigir la asociaci\u00f3n de distrito interna y externamente con claridad pol\u00edtica y sin entusiasmo, as\u00ed como con compromiso personal y solidaridad. Me complace que en los \u00faltimos a\u00f1os haya podido contribuir a los \u00e9xitos de nuestro partido y a nuestro anclaje en la sociedad urbana. Sin embargo, la presidencia de un partido, como casi todas las oficinas y funciones pol\u00edticas a nivel municipal, es una posici\u00f3n honoraria que consume mucho tiempo. Mi profesi\u00f3n hoy requiere un compromiso de tiempo mucho mayor que en el pasado, al que me gustar\u00eda dedicar m\u00e1s tiempo. Al igual que Mathias Wagner, miro hacia atr\u00e1s con mucha gratitud a los contactos y experiencias de los \u00faltimos a\u00f1os y les deseamos a los nuevos presidentes de distrito todo lo mejor y mucho \u00e9xito \", agrega Uta Brehm.<\/p>\n<\/div><\/div><\/div><\/div><\/div><\/div><\/section>","protected":false},"excerpt":{"rendered":"Los Verdes eligen a Katerina Garc\u00eda como candidata directa para las elecciones federales y una nueva Junta Alianza 90 \/ Los Verdes eligieron a su candidata directa para las elecciones federales anticipadas en febrero, as\u00ed como a una nueva junta de distrito, en su asamblea general la noche del 20.11.2024. Katerina Garc\u00eda se postula para el Wiesbadner Direktmandat Katerina Garc\u00eda fue elegida como candidata directa para las elecciones federales. Se sent\u00f3...","protected":false},"author":1,"featured_media":931,"comment_status":"closed","ping_status":"closed","sticky":false,"template":"","format":"standard","meta":{"footnotes":""},"categories":[5],"tags":[],"class_list":["post-702","post","type-post","status-publish","format-standard","has-post-thumbnail","hentry","category-wahlen"],"yoast_head":"<!-- This site is optimized with the Yoast SEO plugin v27.5 - https:\/\/yoast.com\/product\/yoast-seo-wordpress\/ -->\n<title>GR\u00dcNE w\u00e4hlen Katerina Garcia als Direktkandidatin zur Bundestagswahl und einen neuen Vorstand - B\u00dcNDNIS 90\/DIE GR\u00dcNEN Wiesbaden<\/title>\n<meta name=\"robots\" content=\"index, follow, max-snippet:-1, max-image-preview:large, max-video-preview:-1\" \/>\n<link rel=\"canonical\" href=\"https:\/\/gruene-wiesbaden.de\/es\/katerinagarcia_neuervorstand\/\" \/>\n<meta property=\"og:locale\" content=\"es_ES\" \/>\n<meta property=\"og:type\" content=\"article\" \/>\n<meta property=\"og:title\" content=\"GR\u00dcNE w\u00e4hlen Katerina Garcia als Direktkandidatin zur Bundestagswahl und einen neuen Vorstand - B\u00dcNDNIS 90\/DIE GR\u00dcNEN Wiesbaden\" \/>\n<meta property=\"og:url\" content=\"https:\/\/gruene-wiesbaden.de\/es\/katerinagarcia_neuervorstand\/\" \/>\n<meta property=\"og:site_name\" content=\"B\u00dcNDNIS 90\/DIE GR\u00dcNEN Wiesbaden\" \/>\n<meta property=\"article:publisher\" content=\"https:\/\/www.facebook.com\/gruene.wi\" \/>\n<meta property=\"article:published_time\" content=\"2024-11-21T12:00:26+00:00\" \/>\n<meta property=\"article:modified_time\" content=\"2025-06-16T21:04:30+00:00\" \/>\n<meta property=\"og:image\" content=\"https:\/\/gruene-wiesbaden.de\/wp-content\/uploads\/2025\/03\/Bildschirmfoto-2025-06-16-um-23.03.22-600x400.png\" \/>\n\t<meta property=\"og:image:width\" content=\"600\" \/>\n\t<meta property=\"og:image:height\" content=\"400\" \/>\n\t<meta property=\"og:image:type\" content=\"image\/png\" \/>\n<meta name=\"author\" content=\"admin\" \/>\n<meta name=\"twitter:card\" content=\"summary_large_image\" \/>\n<meta name=\"twitter:label1\" content=\"Escrito por\" \/>\n\t<meta name=\"twitter:data1\" content=\"admin\" \/>\n\t<meta name=\"twitter:label2\" content=\"Tiempo de lectura\" \/>\n\t<meta name=\"twitter:data2\" content=\"4 minutes\" \/>\n<script type=\"application\/ld+json\" class=\"yoast-schema-graph\">{\"@context\":\"https:\\\/\\\/schema.org\",\"@graph\":[{\"@type\":\"Article\",\"@id\":\"https:\\\/\\\/gruene-wiesbaden.de\\\/katerinagarcia_neuervorstand\\\/#article\",\"isPartOf\":{\"@id\":\"https:\\\/\\\/gruene-wiesbaden.de\\\/katerinagarcia_neuervorstand\\\/\"},\"author\":{\"name\":\"admin\",\"@id\":\"https:\\\/\\\/gruene-wiesbaden.de\\\/#\\\/schema\\\/person\\\/6785c34779159cd4fd86886bb097afe9\"},\"headline\":\"GR\u00dcNE w\u00e4hlen Katerina Garcia als Direktkandidatin zur Bundestagswahl und einen neuen Vorstand\",\"datePublished\":\"2024-11-21T12:00:26+00:00\",\"dateModified\":\"2025-06-16T21:04:30+00:00\",\"mainEntityOfPage\":{\"@id\":\"https:\\\/\\\/gruene-wiesbaden.de\\\/katerinagarcia_neuervorstand\\\/\"},\"wordCount\":679,\"publisher\":{\"@id\":\"https:\\\/\\\/gruene-wiesbaden.de\\\/#organization\"},\"image\":{\"@id\":\"https:\\\/\\\/gruene-wiesbaden.de\\\/katerinagarcia_neuervorstand\\\/#primaryimage\"},\"thumbnailUrl\":\"https:\\\/\\\/gruene-wiesbaden.de\\\/wp-content\\\/uploads\\\/2025\\\/03\\\/Bildschirmfoto-2025-06-16-um-23.03.22.png\",\"articleSection\":[\"Wahlen\"],\"inLanguage\":\"es-ES\"},{\"@type\":\"WebPage\",\"@id\":\"https:\\\/\\\/gruene-wiesbaden.de\\\/katerinagarcia_neuervorstand\\\/\",\"url\":\"https:\\\/\\\/gruene-wiesbaden.de\\\/katerinagarcia_neuervorstand\\\/\",\"name\":\"GR\u00dcNE w\u00e4hlen Katerina Garcia als Direktkandidatin zur Bundestagswahl und einen neuen Vorstand - B\u00dcNDNIS 90\\\/DIE GR\u00dcNEN Wiesbaden\",\"isPartOf\":{\"@id\":\"https:\\\/\\\/gruene-wiesbaden.de\\\/#website\"},\"primaryImageOfPage\":{\"@id\":\"https:\\\/\\\/gruene-wiesbaden.de\\\/katerinagarcia_neuervorstand\\\/#primaryimage\"},\"image\":{\"@id\":\"https:\\\/\\\/gruene-wiesbaden.de\\\/katerinagarcia_neuervorstand\\\/#primaryimage\"},\"thumbnailUrl\":\"https:\\\/\\\/gruene-wiesbaden.de\\\/wp-content\\\/uploads\\\/2025\\\/03\\\/Bildschirmfoto-2025-06-16-um-23.03.22.png\",\"datePublished\":\"2024-11-21T12:00:26+00:00\",\"dateModified\":\"2025-06-16T21:04:30+00:00\",\"breadcrumb\":{\"@id\":\"https:\\\/\\\/gruene-wiesbaden.de\\\/katerinagarcia_neuervorstand\\\/#breadcrumb\"},\"inLanguage\":\"es-ES\",\"potentialAction\":[{\"@type\":\"ReadAction\",\"target\":[\"https:\\\/\\\/gruene-wiesbaden.de\\\/katerinagarcia_neuervorstand\\\/\"]}]},{\"@type\":\"ImageObject\",\"inLanguage\":\"es-ES\",\"@id\":\"https:\\\/\\\/gruene-wiesbaden.de\\\/katerinagarcia_neuervorstand\\\/#primaryimage\",\"url\":\"https:\\\/\\\/gruene-wiesbaden.de\\\/wp-content\\\/uploads\\\/2025\\\/03\\\/Bildschirmfoto-2025-06-16-um-23.03.22.png\",\"contentUrl\":\"https:\\\/\\\/gruene-wiesbaden.de\\\/wp-content\\\/uploads\\\/2025\\\/03\\\/Bildschirmfoto-2025-06-16-um-23.03.22.png\",\"width\":1762,\"height\":1174},{\"@type\":\"BreadcrumbList\",\"@id\":\"https:\\\/\\\/gruene-wiesbaden.de\\\/katerinagarcia_neuervorstand\\\/#breadcrumb\",\"itemListElement\":[{\"@type\":\"ListItem\",\"position\":1,\"name\":\"Startseite\",\"item\":\"https:\\\/\\\/gruene-wiesbaden.de\\\/\"},{\"@type\":\"ListItem\",\"position\":2,\"name\":\"GR\u00dcNE w\u00e4hlen Katerina Garcia als Direktkandidatin zur Bundestagswahl und einen neuen Vorstand\"}]},{\"@type\":\"WebSite\",\"@id\":\"https:\\\/\\\/gruene-wiesbaden.de\\\/#website\",\"url\":\"https:\\\/\\\/gruene-wiesbaden.de\\\/\",\"name\":\"DIE GR\u00dcNEN Wiesbaden\",\"description\":\"\",\"publisher\":{\"@id\":\"https:\\\/\\\/gruene-wiesbaden.de\\\/#organization\"},\"potentialAction\":[{\"@type\":\"SearchAction\",\"target\":{\"@type\":\"EntryPoint\",\"urlTemplate\":\"https:\\\/\\\/gruene-wiesbaden.de\\\/?s={search_term_string}\"},\"query-input\":{\"@type\":\"PropertyValueSpecification\",\"valueRequired\":true,\"valueName\":\"search_term_string\"}}],\"inLanguage\":\"es-ES\"},{\"@type\":\"Organization\",\"@id\":\"https:\\\/\\\/gruene-wiesbaden.de\\\/#organization\",\"name\":\"DIE GR\u00dcNEN Wiesbaden\",\"url\":\"https:\\\/\\\/gruene-wiesbaden.de\\\/\",\"logo\":{\"@type\":\"ImageObject\",\"inLanguage\":\"es-ES\",\"@id\":\"https:\\\/\\\/gruene-wiesbaden.de\\\/#\\\/schema\\\/logo\\\/image\\\/\",\"url\":\"https:\\\/\\\/gruene-wiesbaden-fuer-europa.de\\\/wp-content\\\/uploads\\\/2024\\\/04\\\/Machen-was-zaehlt-5.png\",\"contentUrl\":\"https:\\\/\\\/gruene-wiesbaden-fuer-europa.de\\\/wp-content\\\/uploads\\\/2024\\\/04\\\/Machen-was-zaehlt-5.png\",\"width\":1772,\"height\":1772,\"caption\":\"DIE GR\u00dcNEN Wiesbaden\"},\"image\":{\"@id\":\"https:\\\/\\\/gruene-wiesbaden.de\\\/#\\\/schema\\\/logo\\\/image\\\/\"},\"sameAs\":[\"https:\\\/\\\/www.facebook.com\\\/gruene.wi\",\"https:\\\/\\\/instagram.com\\\/gruene_wi\"]},{\"@type\":\"Person\",\"@id\":\"https:\\\/\\\/gruene-wiesbaden.de\\\/#\\\/schema\\\/person\\\/6785c34779159cd4fd86886bb097afe9\",\"name\":\"admin\",\"sameAs\":[\"http:\\\/\\\/gruene-wiesbaden-fuer-europa.de\"],\"url\":\"https:\\\/\\\/gruene-wiesbaden.de\\\/es\\\/author\\\/admin\\\/\"}]}<\/script>\n<!-- \/ Yoast SEO plugin. -->","yoast_head_json":{"title":"GR\u00dcNE w\u00e4hlen Katerina Garcia als Direktkandidatin zur Bundestagswahl und einen neuen Vorstand - B\u00dcNDNIS 90\/DIE GR\u00dcNEN Wiesbaden","robots":{"index":"index","follow":"follow","max-snippet":"max-snippet:-1","max-image-preview":"max-image-preview:large","max-video-preview":"max-video-preview:-1"},"canonical":"https:\/\/gruene-wiesbaden.de\/es\/katerinagarcia_neuervorstand\/","og_locale":"es_ES","og_type":"article","og_title":"GR\u00dcNE w\u00e4hlen Katerina Garcia als Direktkandidatin zur Bundestagswahl und einen neuen Vorstand - B\u00dcNDNIS 90\/DIE GR\u00dcNEN Wiesbaden","og_url":"https:\/\/gruene-wiesbaden.de\/es\/katerinagarcia_neuervorstand\/","og_site_name":"B\u00dcNDNIS 90\/DIE GR\u00dcNEN Wiesbaden","article_publisher":"https:\/\/www.facebook.com\/gruene.wi","article_published_time":"2024-11-21T12:00:26+00:00","article_modified_time":"2025-06-16T21:04:30+00:00","og_image":[{"width":600,"height":400,"url":"https:\/\/gruene-wiesbaden.de\/wp-content\/uploads\/2025\/03\/Bildschirmfoto-2025-06-16-um-23.03.22-600x400.png","type":"image\/png"}],"author":"admin","twitter_card":"summary_large_image","twitter_misc":{"Escrito por":"admin","Tiempo de lectura":"4 minutes"},"schema":{"@context":"https:\/\/schema.org","@graph":[{"@type":"Article","@id":"https:\/\/gruene-wiesbaden.de\/katerinagarcia_neuervorstand\/#article","isPartOf":{"@id":"https:\/\/gruene-wiesbaden.de\/katerinagarcia_neuervorstand\/"},"author":{"name":"admin","@id":"https:\/\/gruene-wiesbaden.de\/#\/schema\/person\/6785c34779159cd4fd86886bb097afe9"},"headline":"GR\u00dcNE w\u00e4hlen Katerina Garcia als Direktkandidatin zur Bundestagswahl und einen neuen Vorstand","datePublished":"2024-11-21T12:00:26+00:00","dateModified":"2025-06-16T21:04:30+00:00","mainEntityOfPage":{"@id":"https:\/\/gruene-wiesbaden.de\/katerinagarcia_neuervorstand\/"},"wordCount":679,"publisher":{"@id":"https:\/\/gruene-wiesbaden.de\/#organization"},"image":{"@id":"https:\/\/gruene-wiesbaden.de\/katerinagarcia_neuervorstand\/#primaryimage"},"thumbnailUrl":"https:\/\/gruene-wiesbaden.de\/wp-content\/uploads\/2025\/03\/Bildschirmfoto-2025-06-16-um-23.03.22.png","articleSection":["Wahlen"],"inLanguage":"es-ES"},{"@type":"WebPage","@id":"https:\/\/gruene-wiesbaden.de\/katerinagarcia_neuervorstand\/","url":"https:\/\/gruene-wiesbaden.de\/katerinagarcia_neuervorstand\/","name":"GR\u00dcNE w\u00e4hlen Katerina Garcia als Direktkandidatin zur Bundestagswahl und einen neuen Vorstand - B\u00dcNDNIS 90\/DIE GR\u00dcNEN Wiesbaden","isPartOf":{"@id":"https:\/\/gruene-wiesbaden.de\/#website"},"primaryImageOfPage":{"@id":"https:\/\/gruene-wiesbaden.de\/katerinagarcia_neuervorstand\/#primaryimage"},"image":{"@id":"https:\/\/gruene-wiesbaden.de\/katerinagarcia_neuervorstand\/#primaryimage"},"thumbnailUrl":"https:\/\/gruene-wiesbaden.de\/wp-content\/uploads\/2025\/03\/Bildschirmfoto-2025-06-16-um-23.03.22.png","datePublished":"2024-11-21T12:00:26+00:00","dateModified":"2025-06-16T21:04:30+00:00","breadcrumb":{"@id":"https:\/\/gruene-wiesbaden.de\/katerinagarcia_neuervorstand\/#breadcrumb"},"inLanguage":"es-ES","potentialAction":[{"@type":"ReadAction","target":["https:\/\/gruene-wiesbaden.de\/katerinagarcia_neuervorstand\/"]}]},{"@type":"ImageObject","inLanguage":"es-ES","@id":"https:\/\/gruene-wiesbaden.de\/katerinagarcia_neuervorstand\/#primaryimage","url":"https:\/\/gruene-wiesbaden.de\/wp-content\/uploads\/2025\/03\/Bildschirmfoto-2025-06-16-um-23.03.22.png","contentUrl":"https:\/\/gruene-wiesbaden.de\/wp-content\/uploads\/2025\/03\/Bildschirmfoto-2025-06-16-um-23.03.22.png","width":1762,"height":1174},{"@type":"BreadcrumbList","@id":"https:\/\/gruene-wiesbaden.de\/katerinagarcia_neuervorstand\/#breadcrumb","itemListElement":[{"@type":"ListItem","position":1,"name":"Startseite","item":"https:\/\/gruene-wiesbaden.de\/"},{"@type":"ListItem","position":2,"name":"GR\u00dcNE w\u00e4hlen Katerina Garcia als Direktkandidatin zur Bundestagswahl und einen neuen Vorstand"}]},{"@type":"WebSite","@id":"https:\/\/gruene-wiesbaden.de\/#website","url":"https:\/\/gruene-wiesbaden.de\/","name":"DIE GR\u00dcNEN Wiesbaden","description":"","publisher":{"@id":"https:\/\/gruene-wiesbaden.de\/#organization"},"potentialAction":[{"@type":"SearchAction","target":{"@type":"EntryPoint","urlTemplate":"https:\/\/gruene-wiesbaden.de\/?s={search_term_string}"},"query-input":{"@type":"PropertyValueSpecification","valueRequired":true,"valueName":"search_term_string"}}],"inLanguage":"es-ES"},{"@type":"Organization","@id":"https:\/\/gruene-wiesbaden.de\/#organization","name":"DIE GR\u00dcNEN Wiesbaden","url":"https:\/\/gruene-wiesbaden.de\/","logo":{"@type":"ImageObject","inLanguage":"es-ES","@id":"https:\/\/gruene-wiesbaden.de\/#\/schema\/logo\/image\/","url":"https:\/\/gruene-wiesbaden-fuer-europa.de\/wp-content\/uploads\/2024\/04\/Machen-was-zaehlt-5.png","contentUrl":"https:\/\/gruene-wiesbaden-fuer-europa.de\/wp-content\/uploads\/2024\/04\/Machen-was-zaehlt-5.png","width":1772,"height":1772,"caption":"DIE GR\u00dcNEN Wiesbaden"},"image":{"@id":"https:\/\/gruene-wiesbaden.de\/#\/schema\/logo\/image\/"},"sameAs":["https:\/\/www.facebook.com\/gruene.wi","https:\/\/instagram.com\/gruene_wi"]},{"@type":"Person","@id":"https:\/\/gruene-wiesbaden.de\/#\/schema\/person\/6785c34779159cd4fd86886bb097afe9","name":"admin","sameAs":["http:\/\/gruene-wiesbaden-fuer-europa.de"],"url":"https:\/\/gruene-wiesbaden.de\/es\/author\/admin\/"}]}},"_links":{"self":[{"href":"https:\/\/gruene-wiesbaden.de\/es\/wp-json\/wp\/v2\/posts\/702","targetHints":{"allow":["GET"]}}],"collection":[{"href":"https:\/\/gruene-wiesbaden.de\/es\/wp-json\/wp\/v2\/posts"}],"about":[{"href":"https:\/\/gruene-wiesbaden.de\/es\/wp-json\/wp\/v2\/types\/post"}],"author":[{"embeddable":true,"href":"https:\/\/gruene-wiesbaden.de\/es\/wp-json\/wp\/v2\/users\/1"}],"replies":[{"embeddable":true,"href":"https:\/\/gruene-wiesbaden.de\/es\/wp-json\/wp\/v2\/comments?post=702"}],"version-history":[{"count":5,"href":"https:\/\/gruene-wiesbaden.de\/es\/wp-json\/wp\/v2\/posts\/702\/revisions"}],"predecessor-version":[{"id":932,"href":"https:\/\/gruene-wiesbaden.de\/es\/wp-json\/wp\/v2\/posts\/702\/revisions\/932"}],"wp:featuredmedia":[{"embeddable":true,"href":"https:\/\/gruene-wiesbaden.de\/es\/wp-json\/wp\/v2\/media\/931"}],"wp:attachment":[{"href":"https:\/\/gruene-wiesbaden.de\/es\/wp-json\/wp\/v2\/media?parent=702"}],"wp:term":[{"taxonomy":"category","embeddable":true,"href":"https:\/\/gruene-wiesbaden.de\/es\/wp-json\/wp\/v2\/categories?post=702"},{"taxonomy":"post_tag","embeddable":true,"href":"https:\/\/gruene-wiesbaden.de\/es\/wp-json\/wp\/v2\/tags?post=702"}],"curies":[{"name":"wp","href":"https:\/\/api.w.org\/{rel}","templated":true}]}}