{"id":1660,"date":"2025-12-01T12:53:02","date_gmt":"2025-12-01T10:53:02","guid":{"rendered":"https:\/\/gruene-wiesbaden.de\/?p=1660"},"modified":"2025-12-01T12:55:39","modified_gmt":"2025-12-01T10:55:39","slug":"mehr-moeglich-machen-fuer-wiesbaden-gruene-wiesbaden-starten-mit-starkem-team-und-zukunftsprogramm-in-den-kommunalwahlkampf-2026","status":"publish","type":"post","link":"https:\/\/gruene-wiesbaden.de\/es\/mehr-moeglich-machen-fuer-wiesbaden-gruene-wiesbaden-starten-mit-starkem-team-und-zukunftsprogramm-in-den-kommunalwahlkampf-2026\/","title":{"rendered":"MAKE M\u00c1S POSIBLE para Wiesbaden - Wiesbaden VERDE comienza la campa\u00f1a electoral municipal en 2026 con un equipo fuerte y un programa para el futuro"},"content":{"rendered":"<section class=\"l-section wpb_row height_medium\"><div class=\"l-section-h i-cf\"><div class=\"g-cols vc_row via_grid cols_1 laptops-cols_inherit tablets-cols_inherit mobiles-cols_1 valign_top type_default stacking_default\"><div class=\"wpb_column vc_column_container\"><div class=\"vc_column-inner\"><h3 class=\"w-post-elm post_title us_custom_ea76afbe entry-title color_link_inherit\">MAKE M\u00c1S POSIBLE para Wiesbaden - Wiesbaden VERDE comienza la campa\u00f1a electoral municipal en 2026 con un equipo fuerte y un programa para el futuro<\/h3><div class=\"w-post-elm post_image\"><img loading=\"lazy\" decoding=\"async\" width=\"600\" height=\"452\" src=\"https:\/\/gruene-wiesbaden.de\/wp-content\/uploads\/2025\/12\/Bild-GRUeNE-WIESBADEN-600x452.png\" class=\"attachment-large size-large wp-post-image\" alt=\"\" srcset=\"https:\/\/gruene-wiesbaden.de\/wp-content\/uploads\/2025\/12\/Bild-GRUeNE-WIESBADEN-600x452.png 600w, https:\/\/gruene-wiesbaden.de\/wp-content\/uploads\/2025\/12\/Bild-GRUeNE-WIESBADEN-400x302.png 400w, https:\/\/gruene-wiesbaden.de\/wp-content\/uploads\/2025\/12\/Bild-GRUeNE-WIESBADEN-16x12.png 16w, https:\/\/gruene-wiesbaden.de\/wp-content\/uploads\/2025\/12\/Bild-GRUeNE-WIESBADEN.png 968w\" sizes=\"auto, (max-width: 600px) 100vw, 600px\" \/><\/div><div class=\"w-separator size_medium\"><\/div><div class=\"wpb_text_column\"><div class=\"wpb_wrapper\"><p style=\"font-weight: 400;\">Los Verdes de Wiesbaden han presentado hoy su programa electoral y la lista para las elecciones locales de 2026. Con un fuerte liderazgo, un equipo de base amplia de candidatos ya experimentados y nuevos, quieren seguir dando forma pol\u00edtica a Wiesbaden en los pr\u00f3ximos a\u00f1os y hacer que esta ciudad sea m\u00e1s habitable y sostenible para todos.<\/p>\n<p style=\"font-weight: 400;\"><strong>Los verdes compiten con un equipo diverso con muchas caras j\u00f3venes<\/strong><\/p>\n<p style=\"font-weight: 400;\">En la lista para el consejo de la ciudad hay muchos nombres nuevos, as\u00ed como personas que ya han estado para el GREEN Wiesbaden en el consejo de la ciudad.<\/p>\n<p style=\"font-weight: 400;\">\u00abCon nuestra lista, estamos en una posici\u00f3n amplia y, junto con los diferentes antecedentes, aportamos conocimientos especializados a todos los \u00e1mbitos pol\u00edticos. El hecho de que hayamos elegido a ocho personas menores de 35 a\u00f1os como las personas parcialmente muy experimentadas en nuestra lista muestra claramente: No solo pensamos en el futuro, sino que lo ponemos activamente sobre la mesa\u00bb, afirma Rebecca Thomas, presidenta de distrito de B\u00dcNDNIS 90\/DIE GR\u00dcNEN Wiesbaden.<\/p>\n<p style=\"font-weight: 400;\"><strong>Los Verdes en Wiesbaden quieren \"hacer m\u00e1s posible\"<\/strong><\/p>\n<p style=\"font-weight: 400;\">Con el amplio programa electoral, los Verdes quieren ofrecer algo a todas las partes de la sociedad de la ciudad de Wiesbaden.<\/p>\n<p style=\"font-weight: 400;\">Rebecca Thomas, presidenta de distrito de B\u00dcNDNIS 90\/DIE GR\u00dcNEN Wiesbaden: \u00abAsumimos la responsabilidad de toda la ciudad. No queremos ser una fuerza pol\u00edtica que se limite a los intereses individuales, sino mejorar la ciudad para todas las personas en Wiesbaden y posicionarla bien para el futuro y hacerla m\u00e1s posible para todos en Wiesbaden\u00bb.<\/p>\n<p style=\"font-weight: 400;\">Por lo tanto, el programa electoral de GREEN Wiesbaden no solo est\u00e1 estructurado por \u00e1mbito pol\u00edtico, sino tambi\u00e9n por grupos destinatarios como \u00abni\u00f1os, familias y familias monoparentales\u00bb o \u00abmayores\u00bb, de modo que los lectores puedan encontrar r\u00e1pidamente el contenido que les resulta especialmente pertinente.<\/p>\n<p style=\"font-weight: 400;\">\u00abLos pr\u00f3ximos a\u00f1os ser\u00e1n cruciales para la respuesta de Wiesbaden a los desaf\u00edos del cambio clim\u00e1tico, la justicia social, la movilidad y la transformaci\u00f3n digital. Hoy demostramos que estamos dispuestos a seguir asumiendo la responsabilidad, con un programa ambicioso y realista al mismo tiempo. Defendemos una pol\u00edtica que aborda con valent\u00eda cuando se necesita algo nuevo y desarrolla lo que existe cuando ha demostrado su val\u00eda. Nuestra idea rectora es una ciudad que no se detiene, sino que mejora gradualmente, para todos los que viven aqu\u00ed\u00bb, afirma Daniel Schmitt, presidente de distrito de B\u00dcNDNIS 90\/DIE GR\u00dcNEN Wiesbaden.<\/p>\n<p style=\"font-weight: 400;\">Con tres cap\u00edtulos principales, el programa electoral se centra en tres \u00e1reas principales:<\/p>\n<ol>\n<li><strong>Un mayor desarrollo de Wiesbaden en una ciudad donde todo el mundo puede vivir bien:<\/strong> Este cap\u00edtulo aborda todos los aspectos infraestructurales de la vida que afectan a todos los residentes de Wiesbaden, desde la vivienda, la movilidad, la asistencia sanitaria y los servicios de guarder\u00eda, as\u00ed como los servicios digitales para los ciudadanos, hasta las actividades culturales y deportivas. Sobre todo, la atenci\u00f3n se centra en preservar y mejorar la calidad de vida de todas las personas en Wiesbaden. Con vistas a la crisis clim\u00e1tica y los consiguientes retos del futuro, los Verdes combinan el desarrollo urbano con la protecci\u00f3n del clima, la adaptaci\u00f3n al cambio clim\u00e1tico y la protecci\u00f3n del medio ambiente, as\u00ed como la protecci\u00f3n de la poblaci\u00f3n.<\/li>\n<li><strong>Dise\u00f1ar Wiesbaden como una ciudad a la que todos pertenecen:<\/strong> Aqu\u00ed, GR\u00dcNEN muestra que les preocupa que todos los diferentes grupos sociales con sus diferentes realidades, necesidades y perspectivas reciban una oferta pol\u00edtica que har\u00e1 que Wiesbaden sea mejor para ellos, desde mujeres, familias, adultos j\u00f3venes y personas mayores hasta personas de la comunidad LGBTQAI*, personas con discapacidad, personas con historia migratoria y tambi\u00e9n personas en emergencias sociales.<\/li>\n<li><strong>Asegurar la viabilidad futura de Wiesbaden como un municipio fuerte<\/strong>: Aqu\u00ed, GREEN Wiesbaden combina medidas para promover el atractivo y la fortaleza de Wiesbaden como universidad y ubicaci\u00f3n comercial con medidas para modernizar y transformar la infraestructura de Wiesbaden con el fin de crear condiciones confiables, funcionales y sostenibles para Wiesbaden como ubicaci\u00f3n comercial. Los Verdes tambi\u00e9n quieren modernizar la administraci\u00f3n, prepararla para el futuro con vistas a la digitalizaci\u00f3n y el cambio demogr\u00e1fico, y hacer que la administraci\u00f3n de la ciudad sea atractiva para los j\u00f3venes profesionales como empleador.<\/li>\n<\/ol>\n<p style=\"font-weight: 400;\"><strong>Gesine Bonnet y Martin Kraft como d\u00fao l\u00edder del equipo verde<\/strong><\/p>\n<p style=\"font-weight: 400;\">La lista para la reuni\u00f3n del ayuntamiento de B\u00dcNDNIS 90\/DIE GR\u00dcNEN Wiesbaden est\u00e1 liderada por Gesine Bonnet y Martin Kraft, que combinan experiencia y perspectivas de futuro.<\/p>\n<p style=\"font-weight: 400;\">\u00abDefendemos una pol\u00edtica que aproveche las oportunidades de cambio, desde la transici\u00f3n energ\u00e9tica hasta la transformaci\u00f3n estructural del centro de la ciudad y la transformaci\u00f3n digital. De este modo, fortalecemos nuestra ubicaci\u00f3n empresarial, garantizamos una administraci\u00f3n eficaz y orientada a los ciudadanos, incluso en tiempos de escasez de trabajadores cualificados, y hacemos que nuestra red social sea a prueba de crisis\u00bb, afirma Gesine Bonnet. \u00abEsta es la \u00fanica manera de encontrar respuestas reales a las preocupaciones existentes sobre el futuro. Por otro lado, los que creen que la soluci\u00f3n est\u00e1 en un ayer nost\u00e1lgico est\u00e1n enga\u00f1ando a la gente\u00bb.<\/p>\n<p style=\"font-weight: 400;\">El candidato principal Martin Kraft a\u00f1ade: \u00abNuestra ciudad tiene un enorme potencial. Sin embargo, esto tambi\u00e9n debe ser utilizado. Hoy somos testigos de las consecuencias de la congesti\u00f3n del reacondicionamiento de las \u00faltimas d\u00e9cadas. Por lo tanto, es esencial que hagamos que Wiesbaden est\u00e9 preparada para el futuro ahora, con inversiones en suministro de energ\u00eda clim\u00e1ticamente neutro, escuelas y casas adosadas e infraestructuras de transporte. Queremos utilizar la protecci\u00f3n del clima como una oportunidad para el desarrollo urbano. Ejemplos de ello son la transformaci\u00f3n de la plaza de Alsacia en un parque o la transformaci\u00f3n de Schwalbacher Stra\u00dfe\u00bb.<\/p>\n<p style=\"font-weight: 400;\"><strong>El programa electoral: multiling\u00fce, sin barreras y adaptado a la movilidad<\/strong><\/p>\n<p style=\"font-weight: 400;\">El <a href=\"https:\/\/gruene-wiesbaden.de\/es\/\">gruene-wiesbaden.de<\/a> El programa electoral y la lista para el ayuntamiento est\u00e1n disponibles como archivos PDF y el programa electoral tambi\u00e9n est\u00e1 disponible en el propio sitio web.<\/p>\n<p style=\"font-weight: 400;\">Rebecca Thomas se\u00f1ala: \u00abPara nosotros es importante que todos entiendan lo que defendemos. Es por eso que ofrecemos nuestro sitio web y el programa electoral en muchos idiomas diferentes y hemos trabajado para que nuestro sitio web sea lo m\u00e1s libre de barreras e inclusivo posible. Dado que muchas personas utilizan principalmente sus tel\u00e9fonos inteligentes para obtener informaci\u00f3n, la legibilidad m\u00f3vil tambi\u00e9n era importante para nosotros\u00bb.<\/p>\n<\/div><\/div><\/div><\/div><\/div><\/div><\/section>","protected":false},"excerpt":{"rendered":"MAKE M\u00c1S POSIBLE para Wiesbaden: Wiesbaden VERDE comienza la campa\u00f1a electoral municipal de 2026 con un equipo fuerte y un programa para el futuroEl Wiesbaden VERDE present\u00f3 hoy su programa electoral y la lista para las elecciones municipales de 2026. Con un fuerte liderazgo, un amplio equipo de candidatos ya experimentados y nuevos, quieren continuar apoyando pol\u00edticamente a Wiesbaden en los pr\u00f3ximos a\u00f1os.","protected":false},"author":1,"featured_media":1661,"comment_status":"closed","ping_status":"closed","sticky":false,"template":"","format":"standard","meta":{"footnotes":""},"categories":[8,5],"tags":[],"class_list":["post-1660","post","type-post","status-publish","format-standard","has-post-thumbnail","hentry","category-allgemein","category-wahlen"],"yoast_head":"<!-- This site is optimized with the Yoast SEO plugin v27.5 - https:\/\/yoast.com\/product\/yoast-seo-wordpress\/ -->\n<title>MEHR M\u00d6GLICH MACHEN f\u00fcr Wiesbaden - GR\u00dcNE Wiesbaden starten mit starkem Team und Zukunftsprogramm in den Kommunalwahlkampf 2026 - B\u00dcNDNIS 90\/DIE GR\u00dcNEN Wiesbaden<\/title>\n<meta name=\"robots\" content=\"index, follow, max-snippet:-1, max-image-preview:large, max-video-preview:-1\" \/>\n<link rel=\"canonical\" href=\"https:\/\/gruene-wiesbaden.de\/es\/mehr-moeglich-machen-fuer-wiesbaden-gruene-wiesbaden-starten-mit-starkem-team-und-zukunftsprogramm-in-den-kommunalwahlkampf-2026\/\" \/>\n<meta property=\"og:locale\" content=\"es_ES\" \/>\n<meta property=\"og:type\" content=\"article\" \/>\n<meta property=\"og:title\" content=\"MEHR M\u00d6GLICH MACHEN f\u00fcr Wiesbaden - GR\u00dcNE Wiesbaden starten mit starkem Team und Zukunftsprogramm in den Kommunalwahlkampf 2026 - B\u00dcNDNIS 90\/DIE GR\u00dcNEN Wiesbaden\" \/>\n<meta property=\"og:url\" content=\"https:\/\/gruene-wiesbaden.de\/es\/mehr-moeglich-machen-fuer-wiesbaden-gruene-wiesbaden-starten-mit-starkem-team-und-zukunftsprogramm-in-den-kommunalwahlkampf-2026\/\" \/>\n<meta property=\"og:site_name\" content=\"B\u00dcNDNIS 90\/DIE GR\u00dcNEN Wiesbaden\" \/>\n<meta property=\"article:publisher\" content=\"https:\/\/www.facebook.com\/gruene.wi\" \/>\n<meta property=\"article:published_time\" content=\"2025-12-01T10:53:02+00:00\" \/>\n<meta property=\"article:modified_time\" content=\"2025-12-01T10:55:39+00:00\" \/>\n<meta property=\"og:image\" content=\"https:\/\/gruene-wiesbaden.de\/wp-content\/uploads\/2025\/12\/Bild-GRUeNE-WIESBADEN.png\" \/>\n\t<meta property=\"og:image:width\" content=\"968\" \/>\n\t<meta property=\"og:image:height\" content=\"730\" \/>\n\t<meta property=\"og:image:type\" content=\"image\/png\" \/>\n<meta name=\"author\" content=\"admin\" \/>\n<meta name=\"twitter:card\" content=\"summary_large_image\" \/>\n<meta name=\"twitter:label1\" content=\"Escrito por\" \/>\n\t<meta name=\"twitter:data1\" content=\"admin\" \/>\n\t<meta name=\"twitter:label2\" content=\"Tiempo de lectura\" \/>\n\t<meta name=\"twitter:data2\" content=\"5 minutes\" \/>\n<script type=\"application\/ld+json\" class=\"yoast-schema-graph\">{\"@context\":\"https:\\\/\\\/schema.org\",\"@graph\":[{\"@type\":\"Article\",\"@id\":\"https:\\\/\\\/gruene-wiesbaden.de\\\/mehr-moeglich-machen-fuer-wiesbaden-gruene-wiesbaden-starten-mit-starkem-team-und-zukunftsprogramm-in-den-kommunalwahlkampf-2026\\\/#article\",\"isPartOf\":{\"@id\":\"https:\\\/\\\/gruene-wiesbaden.de\\\/mehr-moeglich-machen-fuer-wiesbaden-gruene-wiesbaden-starten-mit-starkem-team-und-zukunftsprogramm-in-den-kommunalwahlkampf-2026\\\/\"},\"author\":{\"name\":\"admin\",\"@id\":\"https:\\\/\\\/gruene-wiesbaden.de\\\/#\\\/schema\\\/person\\\/6785c34779159cd4fd86886bb097afe9\"},\"headline\":\"MEHR M\u00d6GLICH MACHEN f\u00fcr Wiesbaden &#8211; GR\u00dcNE Wiesbaden starten mit starkem Team und Zukunftsprogramm in den Kommunalwahlkampf 2026\",\"datePublished\":\"2025-12-01T10:53:02+00:00\",\"dateModified\":\"2025-12-01T10:55:39+00:00\",\"mainEntityOfPage\":{\"@id\":\"https:\\\/\\\/gruene-wiesbaden.de\\\/mehr-moeglich-machen-fuer-wiesbaden-gruene-wiesbaden-starten-mit-starkem-team-und-zukunftsprogramm-in-den-kommunalwahlkampf-2026\\\/\"},\"wordCount\":1000,\"publisher\":{\"@id\":\"https:\\\/\\\/gruene-wiesbaden.de\\\/#organization\"},\"image\":{\"@id\":\"https:\\\/\\\/gruene-wiesbaden.de\\\/mehr-moeglich-machen-fuer-wiesbaden-gruene-wiesbaden-starten-mit-starkem-team-und-zukunftsprogramm-in-den-kommunalwahlkampf-2026\\\/#primaryimage\"},\"thumbnailUrl\":\"https:\\\/\\\/gruene-wiesbaden.de\\\/wp-content\\\/uploads\\\/2025\\\/12\\\/Bild-GRUeNE-WIESBADEN.png\",\"articleSection\":[\"Allgemein\",\"Wahlen\"],\"inLanguage\":\"es-ES\"},{\"@type\":\"WebPage\",\"@id\":\"https:\\\/\\\/gruene-wiesbaden.de\\\/mehr-moeglich-machen-fuer-wiesbaden-gruene-wiesbaden-starten-mit-starkem-team-und-zukunftsprogramm-in-den-kommunalwahlkampf-2026\\\/\",\"url\":\"https:\\\/\\\/gruene-wiesbaden.de\\\/mehr-moeglich-machen-fuer-wiesbaden-gruene-wiesbaden-starten-mit-starkem-team-und-zukunftsprogramm-in-den-kommunalwahlkampf-2026\\\/\",\"name\":\"MEHR M\u00d6GLICH MACHEN f\u00fcr Wiesbaden - GR\u00dcNE Wiesbaden starten mit starkem Team und Zukunftsprogramm in den Kommunalwahlkampf 2026 - B\u00dcNDNIS 90\\\/DIE GR\u00dcNEN Wiesbaden\",\"isPartOf\":{\"@id\":\"https:\\\/\\\/gruene-wiesbaden.de\\\/#website\"},\"primaryImageOfPage\":{\"@id\":\"https:\\\/\\\/gruene-wiesbaden.de\\\/mehr-moeglich-machen-fuer-wiesbaden-gruene-wiesbaden-starten-mit-starkem-team-und-zukunftsprogramm-in-den-kommunalwahlkampf-2026\\\/#primaryimage\"},\"image\":{\"@id\":\"https:\\\/\\\/gruene-wiesbaden.de\\\/mehr-moeglich-machen-fuer-wiesbaden-gruene-wiesbaden-starten-mit-starkem-team-und-zukunftsprogramm-in-den-kommunalwahlkampf-2026\\\/#primaryimage\"},\"thumbnailUrl\":\"https:\\\/\\\/gruene-wiesbaden.de\\\/wp-content\\\/uploads\\\/2025\\\/12\\\/Bild-GRUeNE-WIESBADEN.png\",\"datePublished\":\"2025-12-01T10:53:02+00:00\",\"dateModified\":\"2025-12-01T10:55:39+00:00\",\"breadcrumb\":{\"@id\":\"https:\\\/\\\/gruene-wiesbaden.de\\\/mehr-moeglich-machen-fuer-wiesbaden-gruene-wiesbaden-starten-mit-starkem-team-und-zukunftsprogramm-in-den-kommunalwahlkampf-2026\\\/#breadcrumb\"},\"inLanguage\":\"es-ES\",\"potentialAction\":[{\"@type\":\"ReadAction\",\"target\":[\"https:\\\/\\\/gruene-wiesbaden.de\\\/mehr-moeglich-machen-fuer-wiesbaden-gruene-wiesbaden-starten-mit-starkem-team-und-zukunftsprogramm-in-den-kommunalwahlkampf-2026\\\/\"]}]},{\"@type\":\"ImageObject\",\"inLanguage\":\"es-ES\",\"@id\":\"https:\\\/\\\/gruene-wiesbaden.de\\\/mehr-moeglich-machen-fuer-wiesbaden-gruene-wiesbaden-starten-mit-starkem-team-und-zukunftsprogramm-in-den-kommunalwahlkampf-2026\\\/#primaryimage\",\"url\":\"https:\\\/\\\/gruene-wiesbaden.de\\\/wp-content\\\/uploads\\\/2025\\\/12\\\/Bild-GRUeNE-WIESBADEN.png\",\"contentUrl\":\"https:\\\/\\\/gruene-wiesbaden.de\\\/wp-content\\\/uploads\\\/2025\\\/12\\\/Bild-GRUeNE-WIESBADEN.png\",\"width\":968,\"height\":730},{\"@type\":\"BreadcrumbList\",\"@id\":\"https:\\\/\\\/gruene-wiesbaden.de\\\/mehr-moeglich-machen-fuer-wiesbaden-gruene-wiesbaden-starten-mit-starkem-team-und-zukunftsprogramm-in-den-kommunalwahlkampf-2026\\\/#breadcrumb\",\"itemListElement\":[{\"@type\":\"ListItem\",\"position\":1,\"name\":\"Startseite\",\"item\":\"https:\\\/\\\/gruene-wiesbaden.de\\\/\"},{\"@type\":\"ListItem\",\"position\":2,\"name\":\"MEHR M\u00d6GLICH MACHEN f\u00fcr Wiesbaden &#8211; GR\u00dcNE Wiesbaden starten mit starkem Team und Zukunftsprogramm in den Kommunalwahlkampf 2026\"}]},{\"@type\":\"WebSite\",\"@id\":\"https:\\\/\\\/gruene-wiesbaden.de\\\/#website\",\"url\":\"https:\\\/\\\/gruene-wiesbaden.de\\\/\",\"name\":\"DIE GR\u00dcNEN Wiesbaden\",\"description\":\"\",\"publisher\":{\"@id\":\"https:\\\/\\\/gruene-wiesbaden.de\\\/#organization\"},\"potentialAction\":[{\"@type\":\"SearchAction\",\"target\":{\"@type\":\"EntryPoint\",\"urlTemplate\":\"https:\\\/\\\/gruene-wiesbaden.de\\\/?s={search_term_string}\"},\"query-input\":{\"@type\":\"PropertyValueSpecification\",\"valueRequired\":true,\"valueName\":\"search_term_string\"}}],\"inLanguage\":\"es-ES\"},{\"@type\":\"Organization\",\"@id\":\"https:\\\/\\\/gruene-wiesbaden.de\\\/#organization\",\"name\":\"DIE GR\u00dcNEN Wiesbaden\",\"url\":\"https:\\\/\\\/gruene-wiesbaden.de\\\/\",\"logo\":{\"@type\":\"ImageObject\",\"inLanguage\":\"es-ES\",\"@id\":\"https:\\\/\\\/gruene-wiesbaden.de\\\/#\\\/schema\\\/logo\\\/image\\\/\",\"url\":\"https:\\\/\\\/gruene-wiesbaden-fuer-europa.de\\\/wp-content\\\/uploads\\\/2024\\\/04\\\/Machen-was-zaehlt-5.png\",\"contentUrl\":\"https:\\\/\\\/gruene-wiesbaden-fuer-europa.de\\\/wp-content\\\/uploads\\\/2024\\\/04\\\/Machen-was-zaehlt-5.png\",\"width\":1772,\"height\":1772,\"caption\":\"DIE GR\u00dcNEN Wiesbaden\"},\"image\":{\"@id\":\"https:\\\/\\\/gruene-wiesbaden.de\\\/#\\\/schema\\\/logo\\\/image\\\/\"},\"sameAs\":[\"https:\\\/\\\/www.facebook.com\\\/gruene.wi\",\"https:\\\/\\\/instagram.com\\\/gruene_wi\"]},{\"@type\":\"Person\",\"@id\":\"https:\\\/\\\/gruene-wiesbaden.de\\\/#\\\/schema\\\/person\\\/6785c34779159cd4fd86886bb097afe9\",\"name\":\"admin\",\"sameAs\":[\"http:\\\/\\\/gruene-wiesbaden-fuer-europa.de\"],\"url\":\"https:\\\/\\\/gruene-wiesbaden.de\\\/es\\\/author\\\/admin\\\/\"}]}<\/script>\n<!-- \/ Yoast SEO plugin. -->","yoast_head_json":{"title":"MEHR M\u00d6GLICH MACHEN f\u00fcr Wiesbaden - GR\u00dcNE Wiesbaden starten mit starkem Team und Zukunftsprogramm in den Kommunalwahlkampf 2026 - B\u00dcNDNIS 90\/DIE GR\u00dcNEN Wiesbaden","robots":{"index":"index","follow":"follow","max-snippet":"max-snippet:-1","max-image-preview":"max-image-preview:large","max-video-preview":"max-video-preview:-1"},"canonical":"https:\/\/gruene-wiesbaden.de\/es\/mehr-moeglich-machen-fuer-wiesbaden-gruene-wiesbaden-starten-mit-starkem-team-und-zukunftsprogramm-in-den-kommunalwahlkampf-2026\/","og_locale":"es_ES","og_type":"article","og_title":"MEHR M\u00d6GLICH MACHEN f\u00fcr Wiesbaden - GR\u00dcNE Wiesbaden starten mit starkem Team und Zukunftsprogramm in den Kommunalwahlkampf 2026 - B\u00dcNDNIS 90\/DIE GR\u00dcNEN Wiesbaden","og_url":"https:\/\/gruene-wiesbaden.de\/es\/mehr-moeglich-machen-fuer-wiesbaden-gruene-wiesbaden-starten-mit-starkem-team-und-zukunftsprogramm-in-den-kommunalwahlkampf-2026\/","og_site_name":"B\u00dcNDNIS 90\/DIE GR\u00dcNEN Wiesbaden","article_publisher":"https:\/\/www.facebook.com\/gruene.wi","article_published_time":"2025-12-01T10:53:02+00:00","article_modified_time":"2025-12-01T10:55:39+00:00","og_image":[{"width":968,"height":730,"url":"https:\/\/gruene-wiesbaden.de\/wp-content\/uploads\/2025\/12\/Bild-GRUeNE-WIESBADEN.png","type":"image\/png"}],"author":"admin","twitter_card":"summary_large_image","twitter_misc":{"Escrito por":"admin","Tiempo de lectura":"5 minutes"},"schema":{"@context":"https:\/\/schema.org","@graph":[{"@type":"Article","@id":"https:\/\/gruene-wiesbaden.de\/mehr-moeglich-machen-fuer-wiesbaden-gruene-wiesbaden-starten-mit-starkem-team-und-zukunftsprogramm-in-den-kommunalwahlkampf-2026\/#article","isPartOf":{"@id":"https:\/\/gruene-wiesbaden.de\/mehr-moeglich-machen-fuer-wiesbaden-gruene-wiesbaden-starten-mit-starkem-team-und-zukunftsprogramm-in-den-kommunalwahlkampf-2026\/"},"author":{"name":"admin","@id":"https:\/\/gruene-wiesbaden.de\/#\/schema\/person\/6785c34779159cd4fd86886bb097afe9"},"headline":"MEHR M\u00d6GLICH MACHEN f\u00fcr Wiesbaden &#8211; GR\u00dcNE Wiesbaden starten mit starkem Team und Zukunftsprogramm in den Kommunalwahlkampf 2026","datePublished":"2025-12-01T10:53:02+00:00","dateModified":"2025-12-01T10:55:39+00:00","mainEntityOfPage":{"@id":"https:\/\/gruene-wiesbaden.de\/mehr-moeglich-machen-fuer-wiesbaden-gruene-wiesbaden-starten-mit-starkem-team-und-zukunftsprogramm-in-den-kommunalwahlkampf-2026\/"},"wordCount":1000,"publisher":{"@id":"https:\/\/gruene-wiesbaden.de\/#organization"},"image":{"@id":"https:\/\/gruene-wiesbaden.de\/mehr-moeglich-machen-fuer-wiesbaden-gruene-wiesbaden-starten-mit-starkem-team-und-zukunftsprogramm-in-den-kommunalwahlkampf-2026\/#primaryimage"},"thumbnailUrl":"https:\/\/gruene-wiesbaden.de\/wp-content\/uploads\/2025\/12\/Bild-GRUeNE-WIESBADEN.png","articleSection":["Allgemein","Wahlen"],"inLanguage":"es-ES"},{"@type":"WebPage","@id":"https:\/\/gruene-wiesbaden.de\/mehr-moeglich-machen-fuer-wiesbaden-gruene-wiesbaden-starten-mit-starkem-team-und-zukunftsprogramm-in-den-kommunalwahlkampf-2026\/","url":"https:\/\/gruene-wiesbaden.de\/mehr-moeglich-machen-fuer-wiesbaden-gruene-wiesbaden-starten-mit-starkem-team-und-zukunftsprogramm-in-den-kommunalwahlkampf-2026\/","name":"MEHR M\u00d6GLICH MACHEN f\u00fcr Wiesbaden - GR\u00dcNE Wiesbaden starten mit starkem Team und Zukunftsprogramm in den Kommunalwahlkampf 2026 - B\u00dcNDNIS 90\/DIE GR\u00dcNEN Wiesbaden","isPartOf":{"@id":"https:\/\/gruene-wiesbaden.de\/#website"},"primaryImageOfPage":{"@id":"https:\/\/gruene-wiesbaden.de\/mehr-moeglich-machen-fuer-wiesbaden-gruene-wiesbaden-starten-mit-starkem-team-und-zukunftsprogramm-in-den-kommunalwahlkampf-2026\/#primaryimage"},"image":{"@id":"https:\/\/gruene-wiesbaden.de\/mehr-moeglich-machen-fuer-wiesbaden-gruene-wiesbaden-starten-mit-starkem-team-und-zukunftsprogramm-in-den-kommunalwahlkampf-2026\/#primaryimage"},"thumbnailUrl":"https:\/\/gruene-wiesbaden.de\/wp-content\/uploads\/2025\/12\/Bild-GRUeNE-WIESBADEN.png","datePublished":"2025-12-01T10:53:02+00:00","dateModified":"2025-12-01T10:55:39+00:00","breadcrumb":{"@id":"https:\/\/gruene-wiesbaden.de\/mehr-moeglich-machen-fuer-wiesbaden-gruene-wiesbaden-starten-mit-starkem-team-und-zukunftsprogramm-in-den-kommunalwahlkampf-2026\/#breadcrumb"},"inLanguage":"es-ES","potentialAction":[{"@type":"ReadAction","target":["https:\/\/gruene-wiesbaden.de\/mehr-moeglich-machen-fuer-wiesbaden-gruene-wiesbaden-starten-mit-starkem-team-und-zukunftsprogramm-in-den-kommunalwahlkampf-2026\/"]}]},{"@type":"ImageObject","inLanguage":"es-ES","@id":"https:\/\/gruene-wiesbaden.de\/mehr-moeglich-machen-fuer-wiesbaden-gruene-wiesbaden-starten-mit-starkem-team-und-zukunftsprogramm-in-den-kommunalwahlkampf-2026\/#primaryimage","url":"https:\/\/gruene-wiesbaden.de\/wp-content\/uploads\/2025\/12\/Bild-GRUeNE-WIESBADEN.png","contentUrl":"https:\/\/gruene-wiesbaden.de\/wp-content\/uploads\/2025\/12\/Bild-GRUeNE-WIESBADEN.png","width":968,"height":730},{"@type":"BreadcrumbList","@id":"https:\/\/gruene-wiesbaden.de\/mehr-moeglich-machen-fuer-wiesbaden-gruene-wiesbaden-starten-mit-starkem-team-und-zukunftsprogramm-in-den-kommunalwahlkampf-2026\/#breadcrumb","itemListElement":[{"@type":"ListItem","position":1,"name":"Startseite","item":"https:\/\/gruene-wiesbaden.de\/"},{"@type":"ListItem","position":2,"name":"MEHR M\u00d6GLICH MACHEN f\u00fcr Wiesbaden &#8211; GR\u00dcNE Wiesbaden starten mit starkem Team und Zukunftsprogramm in den Kommunalwahlkampf 2026"}]},{"@type":"WebSite","@id":"https:\/\/gruene-wiesbaden.de\/#website","url":"https:\/\/gruene-wiesbaden.de\/","name":"DIE GR\u00dcNEN Wiesbaden","description":"","publisher":{"@id":"https:\/\/gruene-wiesbaden.de\/#organization"},"potentialAction":[{"@type":"SearchAction","target":{"@type":"EntryPoint","urlTemplate":"https:\/\/gruene-wiesbaden.de\/?s={search_term_string}"},"query-input":{"@type":"PropertyValueSpecification","valueRequired":true,"valueName":"search_term_string"}}],"inLanguage":"es-ES"},{"@type":"Organization","@id":"https:\/\/gruene-wiesbaden.de\/#organization","name":"DIE GR\u00dcNEN Wiesbaden","url":"https:\/\/gruene-wiesbaden.de\/","logo":{"@type":"ImageObject","inLanguage":"es-ES","@id":"https:\/\/gruene-wiesbaden.de\/#\/schema\/logo\/image\/","url":"https:\/\/gruene-wiesbaden-fuer-europa.de\/wp-content\/uploads\/2024\/04\/Machen-was-zaehlt-5.png","contentUrl":"https:\/\/gruene-wiesbaden-fuer-europa.de\/wp-content\/uploads\/2024\/04\/Machen-was-zaehlt-5.png","width":1772,"height":1772,"caption":"DIE GR\u00dcNEN Wiesbaden"},"image":{"@id":"https:\/\/gruene-wiesbaden.de\/#\/schema\/logo\/image\/"},"sameAs":["https:\/\/www.facebook.com\/gruene.wi","https:\/\/instagram.com\/gruene_wi"]},{"@type":"Person","@id":"https:\/\/gruene-wiesbaden.de\/#\/schema\/person\/6785c34779159cd4fd86886bb097afe9","name":"admin","sameAs":["http:\/\/gruene-wiesbaden-fuer-europa.de"],"url":"https:\/\/gruene-wiesbaden.de\/es\/author\/admin\/"}]}},"_links":{"self":[{"href":"https:\/\/gruene-wiesbaden.de\/es\/wp-json\/wp\/v2\/posts\/1660","targetHints":{"allow":["GET"]}}],"collection":[{"href":"https:\/\/gruene-wiesbaden.de\/es\/wp-json\/wp\/v2\/posts"}],"about":[{"href":"https:\/\/gruene-wiesbaden.de\/es\/wp-json\/wp\/v2\/types\/post"}],"author":[{"embeddable":true,"href":"https:\/\/gruene-wiesbaden.de\/es\/wp-json\/wp\/v2\/users\/1"}],"replies":[{"embeddable":true,"href":"https:\/\/gruene-wiesbaden.de\/es\/wp-json\/wp\/v2\/comments?post=1660"}],"version-history":[{"count":4,"href":"https:\/\/gruene-wiesbaden.de\/es\/wp-json\/wp\/v2\/posts\/1660\/revisions"}],"predecessor-version":[{"id":1665,"href":"https:\/\/gruene-wiesbaden.de\/es\/wp-json\/wp\/v2\/posts\/1660\/revisions\/1665"}],"wp:featuredmedia":[{"embeddable":true,"href":"https:\/\/gruene-wiesbaden.de\/es\/wp-json\/wp\/v2\/media\/1661"}],"wp:attachment":[{"href":"https:\/\/gruene-wiesbaden.de\/es\/wp-json\/wp\/v2\/media?parent=1660"}],"wp:term":[{"taxonomy":"category","embeddable":true,"href":"https:\/\/gruene-wiesbaden.de\/es\/wp-json\/wp\/v2\/categories?post=1660"},{"taxonomy":"post_tag","embeddable":true,"href":"https:\/\/gruene-wiesbaden.de\/es\/wp-json\/wp\/v2\/tags?post=1660"}],"curies":[{"name":"wp","href":"https:\/\/api.w.org\/{rel}","templated":true}]}}