{"id":1396,"date":"2025-11-10T00:44:07","date_gmt":"2025-11-09T22:44:07","guid":{"rendered":"https:\/\/gruene-wiesbaden.de\/?p=1396"},"modified":"2025-11-24T18:56:05","modified_gmt":"2025-11-24T16:56:05","slug":"praeambel-zukunftsfaehigkeit-wiesbadens-sichern","status":"publish","type":"post","link":"https:\/\/gruene-wiesbaden.de\/es\/praeambel-zukunftsfaehigkeit-wiesbadens-sichern\/","title":{"rendered":"Pre\u00e1mbulo: Garantizar la viabilidad futura de Wiesbaden"},"content":{"rendered":"<section class=\"l-section wpb_row height_medium with_img\"><div class=\"l-section-img\" role=\"img\" data-img-width=\"2560\" data-img-height=\"1440\" style=\"background-image: url(https:\/\/gruene-wiesbaden.de\/wp-content\/uploads\/2025\/11\/MJK_82683-3-scaled.jpg);\"><\/div><div class=\"l-section-overlay\" style=\"background:var(--color-header-top-transparent-bg)\"><\/div><div class=\"l-section-h i-cf\"><div class=\"g-cols vc_row via_grid cols_1 laptops-cols_inherit tablets-cols_inherit mobiles-cols_1 valign_top type_default stacking_default\"><div class=\"wpb_column vc_column_container\"><div class=\"vc_column-inner\"><div class=\"g-cols wpb_row us_custom_baf6e999 via_grid cols_1 laptops-cols_inherit tablets-cols_inherit mobiles-cols_1 valign_top type_boxes stacking_default\" style=\"--columns-gap:3rem;\"><div class=\"wpb_column vc_column_container\"><div class=\"vc_column-inner\"><h1 class=\"w-post-elm post_title us_custom_24a85f83 has_text_color entry-title\">Pre\u00e1mbulo: Garantizar la viabilidad futura de Wiesbaden<\/h1><div class=\"w-separator size_medium\"><\/div><div class=\"wpb_text_column us_custom_8b3d6790 has_text_color\"><div class=\"wpb_wrapper\"><p><span style=\"font-weight: 400;\">La protecci\u00f3n del clima, un entorno intacto, una infraestructura eficiente y sostenible, la digitalizaci\u00f3n, la obtenci\u00f3n de trabajadores y empleos cualificados, la coexistencia social y unas finanzas s\u00f3lidas determinar\u00e1n si Wiesbaden seguir\u00e1 siendo fuerte, habitable y capaz de actuar ma\u00f1ana.<\/span><\/p>\n<p><span style=\"font-weight: 400;\">Los Verdes queremos una Wiesbaden que utilice su fortaleza econ\u00f3mica en la zona del Rin-Meno para asumir la responsabilidad del medio ambiente, las personas y las generaciones futuras, para una ciudad que crezca saludable, viva la diversidad y d\u00e9 forma al cambio con ideas inteligentes.<\/span><\/p>\n<p><span style=\"font-weight: 400;\">Para nosotros, la sostenibilidad significa combinar la educaci\u00f3n, el trabajo, la protecci\u00f3n y la adaptaci\u00f3n al cambio clim\u00e1tico, la digitalizaci\u00f3n y las finanzas: con universidades s\u00f3lidas, una econom\u00eda justa que se base en la protecci\u00f3n del clima y el buen trabajo, infraestructuras y suministro de energ\u00eda modernos y una administraci\u00f3n digital, orientada a las personas y de alto rendimiento, as\u00ed como finanzas que no supongan una carga, sino que empoderen a las generaciones futuras.<\/span><\/p>\n<p><span style=\"font-weight: 400;\">Necesitamos una pol\u00edtica que<\/span><\/p>\n<ul>\n<li style=\"font-weight: 400;\" aria-level=\"1\"><span style=\"font-weight: 400;\">potenciar la educaci\u00f3n y la investigaci\u00f3n, permitiendo que los j\u00f3venes aprendan, permanezcan y se formen aqu\u00ed;<\/span><\/li>\n<\/ul>\n<ul>\n<li style=\"font-weight: 400;\" aria-level=\"1\"><span style=\"font-weight: 400;\">promueve las empresas sostenibles, a trav\u00e9s de condiciones justas para las empresas, los fundadores y los empleados existentes;<\/span><\/li>\n<\/ul>\n<ul>\n<li style=\"font-weight: 400;\" aria-level=\"1\"><span style=\"font-weight: 400;\">infraestructuras y suministro energ\u00e9tico modernizados: neutralidad clim\u00e1tica, adaptaci\u00f3n al cambio clim\u00e1tico, seguridad del suministro y calidad de vida;<\/span><\/li>\n<\/ul>\n<ul>\n<li style=\"font-weight: 400;\" aria-level=\"1\"><span style=\"font-weight: 400;\">Desarrollar la administraci\u00f3n y la ciudad como empleador: digital, eficiente y humano;<\/span><\/li>\n<\/ul>\n<ul>\n<li style=\"font-weight: 400;\" aria-level=\"1\"><span style=\"font-weight: 400;\">gestiona de forma sostenible el presupuesto y las participaciones, de manera responsable, generacional y orientada hacia el bien com\u00fan.<\/span><\/li>\n<\/ul>\n<p><span style=\"font-weight: 400;\">Este cap\u00edtulo muestra c\u00f3mo queremos que Wiesbaden est\u00e9 preparada para el futuro \u2014como parte de una regi\u00f3n fuerte entre el Rin, Main y Taunus\u2014 como ciudad que invierte en las personas y se fortalece gracias a la interacci\u00f3n de la econom\u00eda, la sociedad y la naturaleza.<\/span><\/p>\n<p>Hacemos m\u00e1s posible. para Wiesbaden. Con tu voz.<\/p>\n<\/div><\/div><div class=\"w-separator size_medium\"><\/div><div class=\"w-btn-wrapper align_left\"><a class=\"w-btn us-btn-style_8 icon_atleft\" href=\"https:\/\/gruene-wiesbaden.de\/es\/kommunalwahl\/#Kapitel3\"><i class=\"fas fa-chevron-circle-right\"><\/i><span class=\"w-btn-label\">Volver a la descripci\u00f3n general<\/span><\/a><\/div><\/div><\/div><\/div><div class=\"w-separator size_medium\"><\/div><\/div><\/div><\/div><\/div><\/section>","protected":false},"excerpt":{"rendered":"Pre\u00e1mbulo: Garantizar la sostenibilidad de WiesbadenLa protecci\u00f3n del clima, un entorno intacto, una infraestructura eficiente y sostenible, la digitalizaci\u00f3n, la obtenci\u00f3n de trabajadores y empleos calificados, la cooperaci\u00f3n social y unas finanzas s\u00f3lidas determinar\u00e1n si Wiesbaden seguir\u00e1 siendo fuerte, habitable y capaz de actuar ma\u00f1ana. Los Verdes queremos una Wiesbaden que utilice su fuerza econ\u00f3mica en el \u00e1rea del Rin-Meno para asumir la responsabilidad por el medio ambiente, las personas y las generaciones futuras.","protected":false},"author":1,"featured_media":1400,"comment_status":"closed","ping_status":"closed","sticky":false,"template":"","format":"standard","meta":{"footnotes":""},"categories":[18],"tags":[],"class_list":["post-1396","post","type-post","status-publish","format-standard","has-post-thumbnail","hentry","category-kapitel-3-praeambel"],"yoast_head":"<!-- This site is optimized with the Yoast SEO plugin v27.5 - https:\/\/yoast.com\/product\/yoast-seo-wordpress\/ -->\n<title>Pr\u00e4ambel: Zukunftsf\u00e4higkeit Wiesbadens sichern - B\u00dcNDNIS 90\/DIE GR\u00dcNEN Wiesbaden<\/title>\n<meta name=\"robots\" content=\"index, follow, max-snippet:-1, max-image-preview:large, max-video-preview:-1\" \/>\n<link rel=\"canonical\" href=\"https:\/\/gruene-wiesbaden.de\/es\/praeambel-zukunftsfaehigkeit-wiesbadens-sichern\/\" \/>\n<meta property=\"og:locale\" content=\"es_ES\" \/>\n<meta property=\"og:type\" content=\"article\" \/>\n<meta property=\"og:title\" content=\"Pr\u00e4ambel: Zukunftsf\u00e4higkeit Wiesbadens sichern - B\u00dcNDNIS 90\/DIE GR\u00dcNEN Wiesbaden\" \/>\n<meta property=\"og:url\" content=\"https:\/\/gruene-wiesbaden.de\/es\/praeambel-zukunftsfaehigkeit-wiesbadens-sichern\/\" \/>\n<meta property=\"og:site_name\" content=\"B\u00dcNDNIS 90\/DIE GR\u00dcNEN Wiesbaden\" \/>\n<meta property=\"article:publisher\" content=\"https:\/\/www.facebook.com\/gruene.wi\" \/>\n<meta property=\"article:published_time\" content=\"2025-11-09T22:44:07+00:00\" \/>\n<meta property=\"article:modified_time\" content=\"2025-11-24T16:56:05+00:00\" \/>\n<meta property=\"og:image\" content=\"https:\/\/gruene-wiesbaden.de\/wp-content\/uploads\/2025\/11\/MJK_82683-3-scaled.jpg\" \/>\n\t<meta property=\"og:image:width\" content=\"2560\" \/>\n\t<meta property=\"og:image:height\" content=\"1440\" \/>\n\t<meta property=\"og:image:type\" content=\"image\/jpeg\" \/>\n<meta name=\"author\" content=\"admin\" \/>\n<meta name=\"twitter:card\" content=\"summary_large_image\" \/>\n<meta name=\"twitter:label1\" content=\"Escrito por\" \/>\n\t<meta name=\"twitter:data1\" content=\"admin\" \/>\n\t<meta name=\"twitter:label2\" content=\"Tiempo de lectura\" \/>\n\t<meta name=\"twitter:data2\" content=\"2 minutes\" \/>\n<script type=\"application\/ld+json\" class=\"yoast-schema-graph\">{\"@context\":\"https:\\\/\\\/schema.org\",\"@graph\":[{\"@type\":\"Article\",\"@id\":\"https:\\\/\\\/gruene-wiesbaden.de\\\/praeambel-zukunftsfaehigkeit-wiesbadens-sichern\\\/#article\",\"isPartOf\":{\"@id\":\"https:\\\/\\\/gruene-wiesbaden.de\\\/praeambel-zukunftsfaehigkeit-wiesbadens-sichern\\\/\"},\"author\":{\"name\":\"admin\",\"@id\":\"https:\\\/\\\/gruene-wiesbaden.de\\\/#\\\/schema\\\/person\\\/6785c34779159cd4fd86886bb097afe9\"},\"headline\":\"Pr\u00e4ambel: Zukunftsf\u00e4higkeit Wiesbadens sichern\",\"datePublished\":\"2025-11-09T22:44:07+00:00\",\"dateModified\":\"2025-11-24T16:56:05+00:00\",\"mainEntityOfPage\":{\"@id\":\"https:\\\/\\\/gruene-wiesbaden.de\\\/praeambel-zukunftsfaehigkeit-wiesbadens-sichern\\\/\"},\"wordCount\":386,\"publisher\":{\"@id\":\"https:\\\/\\\/gruene-wiesbaden.de\\\/#organization\"},\"image\":{\"@id\":\"https:\\\/\\\/gruene-wiesbaden.de\\\/praeambel-zukunftsfaehigkeit-wiesbadens-sichern\\\/#primaryimage\"},\"thumbnailUrl\":\"https:\\\/\\\/gruene-wiesbaden.de\\\/wp-content\\\/uploads\\\/2025\\\/11\\\/MJK_82683-3-scaled.jpg\",\"articleSection\":[\"Kapitel 3 Pr\u00e4ambel\"],\"inLanguage\":\"es-ES\"},{\"@type\":\"WebPage\",\"@id\":\"https:\\\/\\\/gruene-wiesbaden.de\\\/praeambel-zukunftsfaehigkeit-wiesbadens-sichern\\\/\",\"url\":\"https:\\\/\\\/gruene-wiesbaden.de\\\/praeambel-zukunftsfaehigkeit-wiesbadens-sichern\\\/\",\"name\":\"Pr\u00e4ambel: Zukunftsf\u00e4higkeit Wiesbadens sichern - B\u00dcNDNIS 90\\\/DIE GR\u00dcNEN Wiesbaden\",\"isPartOf\":{\"@id\":\"https:\\\/\\\/gruene-wiesbaden.de\\\/#website\"},\"primaryImageOfPage\":{\"@id\":\"https:\\\/\\\/gruene-wiesbaden.de\\\/praeambel-zukunftsfaehigkeit-wiesbadens-sichern\\\/#primaryimage\"},\"image\":{\"@id\":\"https:\\\/\\\/gruene-wiesbaden.de\\\/praeambel-zukunftsfaehigkeit-wiesbadens-sichern\\\/#primaryimage\"},\"thumbnailUrl\":\"https:\\\/\\\/gruene-wiesbaden.de\\\/wp-content\\\/uploads\\\/2025\\\/11\\\/MJK_82683-3-scaled.jpg\",\"datePublished\":\"2025-11-09T22:44:07+00:00\",\"dateModified\":\"2025-11-24T16:56:05+00:00\",\"breadcrumb\":{\"@id\":\"https:\\\/\\\/gruene-wiesbaden.de\\\/praeambel-zukunftsfaehigkeit-wiesbadens-sichern\\\/#breadcrumb\"},\"inLanguage\":\"es-ES\",\"potentialAction\":[{\"@type\":\"ReadAction\",\"target\":[\"https:\\\/\\\/gruene-wiesbaden.de\\\/praeambel-zukunftsfaehigkeit-wiesbadens-sichern\\\/\"]}]},{\"@type\":\"ImageObject\",\"inLanguage\":\"es-ES\",\"@id\":\"https:\\\/\\\/gruene-wiesbaden.de\\\/praeambel-zukunftsfaehigkeit-wiesbadens-sichern\\\/#primaryimage\",\"url\":\"https:\\\/\\\/gruene-wiesbaden.de\\\/wp-content\\\/uploads\\\/2025\\\/11\\\/MJK_82683-3-scaled.jpg\",\"contentUrl\":\"https:\\\/\\\/gruene-wiesbaden.de\\\/wp-content\\\/uploads\\\/2025\\\/11\\\/MJK_82683-3-scaled.jpg\",\"width\":2560,\"height\":1440},{\"@type\":\"BreadcrumbList\",\"@id\":\"https:\\\/\\\/gruene-wiesbaden.de\\\/praeambel-zukunftsfaehigkeit-wiesbadens-sichern\\\/#breadcrumb\",\"itemListElement\":[{\"@type\":\"ListItem\",\"position\":1,\"name\":\"Startseite\",\"item\":\"https:\\\/\\\/gruene-wiesbaden.de\\\/\"},{\"@type\":\"ListItem\",\"position\":2,\"name\":\"Pr\u00e4ambel: Zukunftsf\u00e4higkeit Wiesbadens sichern\"}]},{\"@type\":\"WebSite\",\"@id\":\"https:\\\/\\\/gruene-wiesbaden.de\\\/#website\",\"url\":\"https:\\\/\\\/gruene-wiesbaden.de\\\/\",\"name\":\"DIE GR\u00dcNEN Wiesbaden\",\"description\":\"\",\"publisher\":{\"@id\":\"https:\\\/\\\/gruene-wiesbaden.de\\\/#organization\"},\"potentialAction\":[{\"@type\":\"SearchAction\",\"target\":{\"@type\":\"EntryPoint\",\"urlTemplate\":\"https:\\\/\\\/gruene-wiesbaden.de\\\/?s={search_term_string}\"},\"query-input\":{\"@type\":\"PropertyValueSpecification\",\"valueRequired\":true,\"valueName\":\"search_term_string\"}}],\"inLanguage\":\"es-ES\"},{\"@type\":\"Organization\",\"@id\":\"https:\\\/\\\/gruene-wiesbaden.de\\\/#organization\",\"name\":\"DIE GR\u00dcNEN Wiesbaden\",\"url\":\"https:\\\/\\\/gruene-wiesbaden.de\\\/\",\"logo\":{\"@type\":\"ImageObject\",\"inLanguage\":\"es-ES\",\"@id\":\"https:\\\/\\\/gruene-wiesbaden.de\\\/#\\\/schema\\\/logo\\\/image\\\/\",\"url\":\"https:\\\/\\\/gruene-wiesbaden-fuer-europa.de\\\/wp-content\\\/uploads\\\/2024\\\/04\\\/Machen-was-zaehlt-5.png\",\"contentUrl\":\"https:\\\/\\\/gruene-wiesbaden-fuer-europa.de\\\/wp-content\\\/uploads\\\/2024\\\/04\\\/Machen-was-zaehlt-5.png\",\"width\":1772,\"height\":1772,\"caption\":\"DIE GR\u00dcNEN Wiesbaden\"},\"image\":{\"@id\":\"https:\\\/\\\/gruene-wiesbaden.de\\\/#\\\/schema\\\/logo\\\/image\\\/\"},\"sameAs\":[\"https:\\\/\\\/www.facebook.com\\\/gruene.wi\",\"https:\\\/\\\/instagram.com\\\/gruene_wi\"]},{\"@type\":\"Person\",\"@id\":\"https:\\\/\\\/gruene-wiesbaden.de\\\/#\\\/schema\\\/person\\\/6785c34779159cd4fd86886bb097afe9\",\"name\":\"admin\",\"sameAs\":[\"http:\\\/\\\/gruene-wiesbaden-fuer-europa.de\"],\"url\":\"https:\\\/\\\/gruene-wiesbaden.de\\\/es\\\/author\\\/admin\\\/\"}]}<\/script>\n<!-- \/ Yoast SEO plugin. -->","yoast_head_json":{"title":"Pr\u00e4ambel: Zukunftsf\u00e4higkeit Wiesbadens sichern - B\u00dcNDNIS 90\/DIE GR\u00dcNEN Wiesbaden","robots":{"index":"index","follow":"follow","max-snippet":"max-snippet:-1","max-image-preview":"max-image-preview:large","max-video-preview":"max-video-preview:-1"},"canonical":"https:\/\/gruene-wiesbaden.de\/es\/praeambel-zukunftsfaehigkeit-wiesbadens-sichern\/","og_locale":"es_ES","og_type":"article","og_title":"Pr\u00e4ambel: Zukunftsf\u00e4higkeit Wiesbadens sichern - B\u00dcNDNIS 90\/DIE GR\u00dcNEN Wiesbaden","og_url":"https:\/\/gruene-wiesbaden.de\/es\/praeambel-zukunftsfaehigkeit-wiesbadens-sichern\/","og_site_name":"B\u00dcNDNIS 90\/DIE GR\u00dcNEN Wiesbaden","article_publisher":"https:\/\/www.facebook.com\/gruene.wi","article_published_time":"2025-11-09T22:44:07+00:00","article_modified_time":"2025-11-24T16:56:05+00:00","og_image":[{"width":2560,"height":1440,"url":"https:\/\/gruene-wiesbaden.de\/wp-content\/uploads\/2025\/11\/MJK_82683-3-scaled.jpg","type":"image\/jpeg"}],"author":"admin","twitter_card":"summary_large_image","twitter_misc":{"Escrito por":"admin","Tiempo de lectura":"2 minutes"},"schema":{"@context":"https:\/\/schema.org","@graph":[{"@type":"Article","@id":"https:\/\/gruene-wiesbaden.de\/praeambel-zukunftsfaehigkeit-wiesbadens-sichern\/#article","isPartOf":{"@id":"https:\/\/gruene-wiesbaden.de\/praeambel-zukunftsfaehigkeit-wiesbadens-sichern\/"},"author":{"name":"admin","@id":"https:\/\/gruene-wiesbaden.de\/#\/schema\/person\/6785c34779159cd4fd86886bb097afe9"},"headline":"Pr\u00e4ambel: Zukunftsf\u00e4higkeit Wiesbadens sichern","datePublished":"2025-11-09T22:44:07+00:00","dateModified":"2025-11-24T16:56:05+00:00","mainEntityOfPage":{"@id":"https:\/\/gruene-wiesbaden.de\/praeambel-zukunftsfaehigkeit-wiesbadens-sichern\/"},"wordCount":386,"publisher":{"@id":"https:\/\/gruene-wiesbaden.de\/#organization"},"image":{"@id":"https:\/\/gruene-wiesbaden.de\/praeambel-zukunftsfaehigkeit-wiesbadens-sichern\/#primaryimage"},"thumbnailUrl":"https:\/\/gruene-wiesbaden.de\/wp-content\/uploads\/2025\/11\/MJK_82683-3-scaled.jpg","articleSection":["Kapitel 3 Pr\u00e4ambel"],"inLanguage":"es-ES"},{"@type":"WebPage","@id":"https:\/\/gruene-wiesbaden.de\/praeambel-zukunftsfaehigkeit-wiesbadens-sichern\/","url":"https:\/\/gruene-wiesbaden.de\/praeambel-zukunftsfaehigkeit-wiesbadens-sichern\/","name":"Pr\u00e4ambel: Zukunftsf\u00e4higkeit Wiesbadens sichern - B\u00dcNDNIS 90\/DIE GR\u00dcNEN Wiesbaden","isPartOf":{"@id":"https:\/\/gruene-wiesbaden.de\/#website"},"primaryImageOfPage":{"@id":"https:\/\/gruene-wiesbaden.de\/praeambel-zukunftsfaehigkeit-wiesbadens-sichern\/#primaryimage"},"image":{"@id":"https:\/\/gruene-wiesbaden.de\/praeambel-zukunftsfaehigkeit-wiesbadens-sichern\/#primaryimage"},"thumbnailUrl":"https:\/\/gruene-wiesbaden.de\/wp-content\/uploads\/2025\/11\/MJK_82683-3-scaled.jpg","datePublished":"2025-11-09T22:44:07+00:00","dateModified":"2025-11-24T16:56:05+00:00","breadcrumb":{"@id":"https:\/\/gruene-wiesbaden.de\/praeambel-zukunftsfaehigkeit-wiesbadens-sichern\/#breadcrumb"},"inLanguage":"es-ES","potentialAction":[{"@type":"ReadAction","target":["https:\/\/gruene-wiesbaden.de\/praeambel-zukunftsfaehigkeit-wiesbadens-sichern\/"]}]},{"@type":"ImageObject","inLanguage":"es-ES","@id":"https:\/\/gruene-wiesbaden.de\/praeambel-zukunftsfaehigkeit-wiesbadens-sichern\/#primaryimage","url":"https:\/\/gruene-wiesbaden.de\/wp-content\/uploads\/2025\/11\/MJK_82683-3-scaled.jpg","contentUrl":"https:\/\/gruene-wiesbaden.de\/wp-content\/uploads\/2025\/11\/MJK_82683-3-scaled.jpg","width":2560,"height":1440},{"@type":"BreadcrumbList","@id":"https:\/\/gruene-wiesbaden.de\/praeambel-zukunftsfaehigkeit-wiesbadens-sichern\/#breadcrumb","itemListElement":[{"@type":"ListItem","position":1,"name":"Startseite","item":"https:\/\/gruene-wiesbaden.de\/"},{"@type":"ListItem","position":2,"name":"Pr\u00e4ambel: Zukunftsf\u00e4higkeit Wiesbadens sichern"}]},{"@type":"WebSite","@id":"https:\/\/gruene-wiesbaden.de\/#website","url":"https:\/\/gruene-wiesbaden.de\/","name":"DIE GR\u00dcNEN Wiesbaden","description":"","publisher":{"@id":"https:\/\/gruene-wiesbaden.de\/#organization"},"potentialAction":[{"@type":"SearchAction","target":{"@type":"EntryPoint","urlTemplate":"https:\/\/gruene-wiesbaden.de\/?s={search_term_string}"},"query-input":{"@type":"PropertyValueSpecification","valueRequired":true,"valueName":"search_term_string"}}],"inLanguage":"es-ES"},{"@type":"Organization","@id":"https:\/\/gruene-wiesbaden.de\/#organization","name":"DIE GR\u00dcNEN Wiesbaden","url":"https:\/\/gruene-wiesbaden.de\/","logo":{"@type":"ImageObject","inLanguage":"es-ES","@id":"https:\/\/gruene-wiesbaden.de\/#\/schema\/logo\/image\/","url":"https:\/\/gruene-wiesbaden-fuer-europa.de\/wp-content\/uploads\/2024\/04\/Machen-was-zaehlt-5.png","contentUrl":"https:\/\/gruene-wiesbaden-fuer-europa.de\/wp-content\/uploads\/2024\/04\/Machen-was-zaehlt-5.png","width":1772,"height":1772,"caption":"DIE GR\u00dcNEN Wiesbaden"},"image":{"@id":"https:\/\/gruene-wiesbaden.de\/#\/schema\/logo\/image\/"},"sameAs":["https:\/\/www.facebook.com\/gruene.wi","https:\/\/instagram.com\/gruene_wi"]},{"@type":"Person","@id":"https:\/\/gruene-wiesbaden.de\/#\/schema\/person\/6785c34779159cd4fd86886bb097afe9","name":"admin","sameAs":["http:\/\/gruene-wiesbaden-fuer-europa.de"],"url":"https:\/\/gruene-wiesbaden.de\/es\/author\/admin\/"}]}},"_links":{"self":[{"href":"https:\/\/gruene-wiesbaden.de\/es\/wp-json\/wp\/v2\/posts\/1396","targetHints":{"allow":["GET"]}}],"collection":[{"href":"https:\/\/gruene-wiesbaden.de\/es\/wp-json\/wp\/v2\/posts"}],"about":[{"href":"https:\/\/gruene-wiesbaden.de\/es\/wp-json\/wp\/v2\/types\/post"}],"author":[{"embeddable":true,"href":"https:\/\/gruene-wiesbaden.de\/es\/wp-json\/wp\/v2\/users\/1"}],"replies":[{"embeddable":true,"href":"https:\/\/gruene-wiesbaden.de\/es\/wp-json\/wp\/v2\/comments?post=1396"}],"version-history":[{"count":5,"href":"https:\/\/gruene-wiesbaden.de\/es\/wp-json\/wp\/v2\/posts\/1396\/revisions"}],"predecessor-version":[{"id":1605,"href":"https:\/\/gruene-wiesbaden.de\/es\/wp-json\/wp\/v2\/posts\/1396\/revisions\/1605"}],"wp:featuredmedia":[{"embeddable":true,"href":"https:\/\/gruene-wiesbaden.de\/es\/wp-json\/wp\/v2\/media\/1400"}],"wp:attachment":[{"href":"https:\/\/gruene-wiesbaden.de\/es\/wp-json\/wp\/v2\/media?parent=1396"}],"wp:term":[{"taxonomy":"category","embeddable":true,"href":"https:\/\/gruene-wiesbaden.de\/es\/wp-json\/wp\/v2\/categories?post=1396"},{"taxonomy":"post_tag","embeddable":true,"href":"https:\/\/gruene-wiesbaden.de\/es\/wp-json\/wp\/v2\/tags?post=1396"}],"curies":[{"name":"wp","href":"https:\/\/api.w.org\/{rel}","templated":true}]}}