{"id":1376,"date":"2025-11-10T00:31:05","date_gmt":"2025-11-09T22:31:05","guid":{"rendered":"https:\/\/gruene-wiesbaden.de\/?p=1376"},"modified":"2026-04-09T00:24:55","modified_gmt":"2026-04-08T22:24:55","slug":"wiesbaden-als-attraktiver-bildungs-und-hochschulort","status":"publish","type":"post","link":"https:\/\/gruene-wiesbaden.de\/es\/wiesbaden-als-attraktiver-bildungs-und-hochschulort\/","title":{"rendered":"Wiesbaden como un lugar atractivo para la educaci\u00f3n y la educaci\u00f3n superior"},"content":{"rendered":"<section class=\"l-section wpb_row height_medium with_img\"><div class=\"l-section-img\" role=\"img\" data-img-width=\"1080\" data-img-height=\"800\" style=\"background-image: url(https:\/\/gruene-wiesbaden.de\/wp-content\/uploads\/2025\/11\/neuer-Verlauf-gruene-wiesbaden.de_-2-e1762709402177.png);\"><\/div><div class=\"l-section-overlay\" style=\"background:var(--color-header-top-transparent-bg)\"><\/div><div class=\"l-section-h i-cf\"><div class=\"g-cols vc_row via_grid cols_1 laptops-cols_inherit tablets-cols_inherit mobiles-cols_1 valign_top type_default stacking_default\"><div class=\"wpb_column vc_column_container\"><div class=\"vc_column-inner\"><h1 class=\"w-post-elm post_title us_custom_a574d586 has_text_color entry-title\">Wiesbaden como un lugar atractivo para la educaci\u00f3n y la educaci\u00f3n superior<\/h1><div class=\"w-separator size_medium\"><\/div><div class=\"g-cols wpb_row via_grid cols_2-1 laptops-cols_inherit tablets-cols_inherit mobiles-cols_1 valign_top type_default stacking_default\" style=\"--columns-gap:3rem;\"><div class=\"wpb_column vc_column_container\"><div class=\"vc_column-inner\"><div class=\"wpb_text_column us_custom_8b3d6790 has_text_color\"><div class=\"wpb_wrapper\"><p><span style=\"font-weight: 400;\">Wiesbaden es una animada ubicaci\u00f3n educativa y universitaria con m\u00e1s de 14.000 estudiantes. Adem\u00e1s, existen escuelas de formaci\u00f3n profesional para diversos cursos de formaci\u00f3n, desde mec\u00e1nica vegetal hasta profesiones sociopedag\u00f3gicas.<\/span><\/p>\n<p><span style=\"font-weight: 400;\">Nuestras universidades en Wiesbaden son motores centrales para el desarrollo econ\u00f3mico, social y cultural de nuestra ciudad. Las universidades son lugares de ideas, encuentros y configuraci\u00f3n del futuro. Garantizan y crean puestos de trabajo, impulsan la innovaci\u00f3n y enriquecen la vida local: La investigaci\u00f3n y la ense\u00f1anza abordan temas de la regi\u00f3n y desarrollan nuevas ideas para el futuro. Son socios valiosos en el camino hacia una ciudad sostenible, justa y habitable. Todos aquellos que est\u00e1n entrenados y estudiando aqu\u00ed traen un soplo de aire fresco a nuestra ciudad y son la prueba viviente de que Wiesbaden necesita m\u00e1s ofertas para los j\u00f3venes. Los Verdes queremos abrir las puertas para esto y hacerlo m\u00e1s f\u00e1cil para aquellos que quieren involucrarse con ideas creativas.<\/span><\/p>\n<p><span style=\"font-weight: 400;\">GR\u00dcNE quiere apoyar activamente su desarrollo y contribuir as\u00ed a garantizar que Wiesbaden siga siendo un lugar atractivo para la educaci\u00f3n y la ciencia, y al mismo tiempo una ciudad donde los j\u00f3venes disfruten estudiando, investigando y viviendo.<\/span><\/p>\n<\/div><\/div><div class=\"w-separator size_medium\"><\/div><div class=\"w-btn-wrapper align_left\"><a class=\"w-btn us-btn-style_8 icon_atleft\" href=\"https:\/\/gruene-wiesbaden.de\/es\/kommunalwahl\/#Kapitel3\"><i class=\"fas fa-chevron-circle-right\"><\/i><span class=\"w-btn-label\">Volver a la descripci\u00f3n general<\/span><\/a><\/div><\/div><\/div><div class=\"wpb_column vc_column_container\"><div class=\"vc_column-inner\"><div class=\"w-image align_center\"><div class=\"w-image-h\"><img decoding=\"async\" width=\"1707\" height=\"2560\" src=\"https:\/\/gruene-wiesbaden.de\/wp-content\/uploads\/2025\/11\/3.1-attraktiver-Bildungs-und-Hochschulstandort-scaled.jpg\" class=\"attachment-full size-full\" alt=\"\" loading=\"lazy\" srcset=\"https:\/\/gruene-wiesbaden.de\/wp-content\/uploads\/2025\/11\/3.1-attraktiver-Bildungs-und-Hochschulstandort-scaled.jpg 1707w, https:\/\/gruene-wiesbaden.de\/wp-content\/uploads\/2025\/11\/3.1-attraktiver-Bildungs-und-Hochschulstandort-267x400.jpg 267w, https:\/\/gruene-wiesbaden.de\/wp-content\/uploads\/2025\/11\/3.1-attraktiver-Bildungs-und-Hochschulstandort-400x600.jpg 400w\" sizes=\"auto, (max-width: 1707px) 100vw, 1707px\" \/><\/div><\/div><div class=\"w-separator size_small\"><\/div><\/div><\/div><\/div><div class=\"w-separator size_medium\"><\/div><div class=\"w-separator size_medium\"><\/div><div class=\"wpb_text_column\"><div class=\"wpb_wrapper\"><h1>Qu\u00e9 significa la pol\u00edtica para una ubicaci\u00f3n educativa y universitaria atractiva para nosotros<\/h1>\n<\/div><\/div><div class=\"w-separator size_large\"><\/div><div class=\"g-cols wpb_row via_grid cols_2 laptops-cols_inherit tablets-cols_inherit mobiles-cols_1 valign_top type_default stacking_default\" style=\"--columns-gap:3rem;\"><div class=\"wpb_column vc_column_container\"><div class=\"vc_column-inner\"><div class=\"w-iconbox us_custom_8b3d6790 has_text_color iconpos_left style_default color_custom align_left\"><div class=\"w-iconbox-icon\" style=\"font-size:2rem;--icon-color:#Ffffff;--icon-bg-color:var(--color-header-middle-bg);\"><i class=\"fas fa-layer-group\"><\/i><\/div><div class=\"w-iconbox-meta\"><h4 class=\"w-iconbox-title\" style=\"font-size:1.5rem;\">Fuerte transferencia de conocimientos<\/h4><div class=\"w-iconbox-text\"><p><span style=\"font-weight: 400;\">El intercambio entre las universidades y la ciudad es un proceso rec\u00edproco: Las universidades obtienen impulso de la sociedad urbana y la ciudad se beneficia de la experiencia, el asesoramiento y los enfoques innovadores de la investigaci\u00f3n para resolver problemas sociales, de transporte y medioambientales.<\/span><\/p>\n<\/div><\/div><\/div><\/div><\/div><div class=\"wpb_column vc_column_container\"><div class=\"vc_column-inner\"><div class=\"w-iconbox us_custom_8b3d6790 has_text_color iconpos_left style_default color_custom align_left\"><div class=\"w-iconbox-icon\" style=\"font-size:2rem;--icon-color:#Ffffff;--icon-bg-color:var(--color-header-transparent-text);\"><i class=\"fas fa-layer-group\"><\/i><\/div><div class=\"w-iconbox-meta\"><h4 class=\"w-iconbox-title\" style=\"font-size:1.5rem;\">Buenas condiciones marco<\/h4><div class=\"w-iconbox-text\"><p><span style=\"font-weight: 400;\">Para que Wiesbaden siga siendo una ubicaci\u00f3n universitaria atractiva, estamos comprometidos con el desarrollo del campus de la Universidad RheinMain de Ciencias Aplicadas, con la promoci\u00f3n de proyectos conjuntos y una mejor visibilidad de las universidades como parte del panorama de la educaci\u00f3n urbana.<\/span><\/p>\n<\/div><\/div><\/div><\/div><\/div><\/div><div class=\"w-separator size_medium\"><\/div><div class=\"g-cols wpb_row via_grid cols_2 laptops-cols_inherit tablets-cols_inherit mobiles-cols_1 valign_top type_default stacking_default\" style=\"--columns-gap:3rem;\"><div class=\"wpb_column vc_column_container\"><div class=\"vc_column-inner\"><div class=\"w-iconbox us_custom_8b3d6790 has_text_color iconpos_left style_default color_custom align_left\"><div class=\"w-iconbox-icon\" style=\"font-size:2rem;--icon-color:#Ffffff;--icon-bg-color:var(--color-header-transparent-text);\"><i class=\"fas fa-layer-group\"><\/i><\/div><div class=\"w-iconbox-meta\"><h4 class=\"w-iconbox-title\" style=\"font-size:1.5rem;\">Vivienda para estudiantes<\/h4><div class=\"w-iconbox-text\"><p><span style=\"font-weight: 400;\">Muchos estudiantes realizan largos viajes desde los alrededores hasta Wiesbaden, ya que no pueden encontrar viviendas asequibles aqu\u00ed. Para garantizar que el estudio y la vida no fracasen debido a los altos alquileres, se necesitan m\u00e1s dormitorios estudiantiles en Wiesbaden.<\/span><\/p>\n<\/div><\/div><\/div><\/div><\/div><div class=\"wpb_column vc_column_container\"><div class=\"vc_column-inner\"><div class=\"w-iconbox us_custom_8b3d6790 has_text_color iconpos_left style_default color_custom align_left\"><div class=\"w-iconbox-icon\" style=\"font-size:2rem;--icon-color:#Ffffff;--icon-bg-color:var(--color-header-middle-bg);\"><i class=\"fas fa-layer-group\"><\/i><\/div><div class=\"w-iconbox-meta\"><h4 class=\"w-iconbox-title\" style=\"font-size:1.5rem;\">Oportunidades educativas tambi\u00e9n para las personas mayores<\/h4><div class=\"w-iconbox-text\"><p><span style=\"font-weight: 400;\">La educaci\u00f3n y la edad deben estar juntas para nosotros. Las ofertas educativas en la vejez deben basarse en el curr\u00edculum vitae individual y en el entorno de vida de las personas mayores. Queremos apoyar a la Academia para Personas Mayores en Wiesbaden como una red de instituciones educativas en Wiesbaden en la coordinaci\u00f3n y desarrollo de nuevas ofertas.<\/span><\/p>\n<\/div><\/div><\/div><\/div><\/div><\/div><div class=\"w-separator size_medium\"><\/div><div class=\"w-btn-wrapper align_left\"><a class=\"w-btn us-btn-style_8 icon_atleft\" href=\"https:\/\/gruene-wiesbaden.de\/es\/kommunalwahl\/#Kapitel3\"><i class=\"fas fa-chevron-circle-right\"><\/i><span class=\"w-btn-label\">Volver a la descripci\u00f3n general<\/span><\/a><\/div><div class=\"w-separator size_medium\"><\/div><\/div><\/div><\/div><\/div><\/section><section class=\"l-section wpb_row height_auto with_img\"><div class=\"l-section-img\" role=\"img\" data-img-width=\"1707\" data-img-height=\"2560\" style=\"background-image: url(https:\/\/gruene-wiesbaden.de\/wp-content\/uploads\/2025\/11\/3.1-attraktiver-Bildungs-und-Hochschulstandort-scaled.jpg);background-repeat: no-repeat;\"><\/div><div class=\"l-section-overlay\" style=\"background:var(--color-header-top-transparent-bg)\"><\/div><div class=\"l-section-h i-cf\"><div class=\"g-cols vc_row via_grid cols_1 laptops-cols_inherit tablets-cols_inherit mobiles-cols_1 valign_middle type_default stacking_default\" style=\"--columns-gap:1rem;\"><div class=\"wpb_column vc_column_container\"><div class=\"vc_column-inner\"><div class=\"w-separator size_large\"><\/div><div class=\"wpb_text_column background_inside_text\"><div class=\"wpb_wrapper\"><h1>Lo que queremos hacer espec\u00edficamente en esta \u00e1rea<\/h1>\n<\/div><\/div><div class=\"w-separator size_medium\"><\/div><div class=\"w-tabs us_custom_42d693a0 has_text_color style_default switch_click accordion has_scrolling\" style=\"--sections-title-size:1.4rem\"><div class=\"w-tabs-sections titles-align_none icon_chevron cpos_right\"><div class=\"w-tabs-section has_text_color\" id=\"t0d5\" style=\"background:var(--color-header-transparent-text);color:var(--color-header-top-text-hover);\"><button class=\"w-tabs-section-header\" aria-controls=\"content-t0d5\" aria-expanded=\"false\"><div class=\"w-tabs-section-title\">Creaci\u00f3n de viviendas asequibles para aprendices y estudiantes<\/div><div class=\"w-tabs-section-control\"><\/div><\/button><div  class=\"w-tabs-section-content\" id=\"content-t0d5\"><div class=\"w-tabs-section-content-h i-cf\"><div class=\"wpb_text_column\"><div class=\"wpb_wrapper\"><p><span style=\"font-weight: 400;\">Queremos abordar espec\u00edficamente la falta de viviendas asequibles en Wiesbaden. Muchos j\u00f3venes que estudian o entrenan no pueden pagar los alquileres del mercado. Es por eso que estamos creando opciones de vivienda adicionales y asequibles para estudiantes y aprendices con el fin de ofrecerles una perspectiva confiable en la ciudad.<\/span><\/p>\n<p><span style=\"font-weight: 400;\">Para lograr este objetivo, queremos apoyar a Studierendenwerk y otras instituciones con m\u00e1s fuerza en la construcci\u00f3n de nuevos espacios residenciales. Las asociaciones de vivienda urbana tambi\u00e9n deben contribuir claramente a la creaci\u00f3n de viviendas asequibles para estudiantes y aprendices. Al hacerlo, se deben considerar las ofertas relacionadas con el estudio para el cuidado de los ni\u00f1os. Adem\u00e1s, apoyamos activamente al Studierendenwerk en la b\u00fasqueda de parcelas adecuadas para nuevos dormitorios. Un proyecto concreto es el desarrollo de una residencia de estudiantes y aprendices en el borde del reci\u00e9n creado Parque de Alsacia en cooperaci\u00f3n con el Studierendenwerk.<\/span><\/p>\n<\/div><\/div><\/div><\/div><\/div><div class=\"w-tabs-section has_text_color\" id=\"y206\" style=\"background:var(--color-header-transparent-text);color:var(--color-header-top-text-hover);\"><button class=\"w-tabs-section-header\" aria-controls=\"content-y206\" aria-expanded=\"false\"><div class=\"w-tabs-section-title\">Fortalecimiento de los intercambios con las universidades y los Asta<\/div><div class=\"w-tabs-section-control\"><\/div><\/button><div  class=\"w-tabs-section-content\" id=\"content-y206\"><div class=\"w-tabs-section-content-h i-cf\"><div class=\"wpb_text_column\"><div class=\"wpb_wrapper\"><p><span style=\"font-weight: 400;\">GR\u00dcNE quiere intensificar su cooperaci\u00f3n, especialmente con la Universidad RheinMain de Ciencias Aplicadas y Fresenius, con el fin de hacer un uso a\u00fan mayor del potencial de los departamentos para un mayor desarrollo sostenible. Con este fin, estamos fortaleciendo el personal universitario en la capital del estado.<\/span><\/p>\n<p><span style=\"font-weight: 400;\">Los j\u00f3venes ya pueden participar en la configuraci\u00f3n de las decisiones pol\u00edticas a trav\u00e9s del Parlamento de la Juventud (JuPa), el Consejo de Estudiantes de la Ciudad (SSR) y el Anillo de la Juventud de la Ciudad (SJR). En el futuro, tambi\u00e9n queremos trabajar en formas de involucrar a representantes estudiantiles como el AStA en nuestras universidades.<\/span><\/p>\n<\/div><\/div><\/div><\/div><\/div><div class=\"w-tabs-section has_text_color\" id=\"o321\" style=\"background:var(--color-header-transparent-text);color:var(--color-header-top-text-hover);\"><button class=\"w-tabs-section-header\" aria-controls=\"content-o321\" aria-expanded=\"false\"><div class=\"w-tabs-section-title\">Creaci\u00f3n de un Campus de Salud<\/div><div class=\"w-tabs-section-control\"><\/div><\/button><div  class=\"w-tabs-section-content\" id=\"content-o321\"><div class=\"w-tabs-section-content-h i-cf\"><div class=\"wpb_text_column\"><div class=\"wpb_wrapper\"><p><span style=\"font-weight: 400;\">La industria de la salud se enfrenta a grandes desaf\u00edos para atraer profesionales calificados en los pr\u00f3ximos a\u00f1os. Por lo tanto, nos gustar\u00eda examinar el establecimiento de un campus de salud donde los m\u00e9dicos, enfermeras y otras profesiones de la salud puedan formarse juntos. Una ubicaci\u00f3n cerca de un hospital de Wiesbaden permitir\u00eda una estrecha conexi\u00f3n entre la teor\u00eda y la pr\u00e1ctica.<\/span><\/p>\n<\/div><\/div><\/div><\/div><\/div><div class=\"w-tabs-section has_text_color\" id=\"g43d\" style=\"background:var(--color-header-middle-bg);color:var(--color-content-heading);\"><button class=\"w-tabs-section-header\" aria-controls=\"content-g43d\" aria-expanded=\"false\"><div class=\"w-tabs-section-title\">Asegurar y desarrollar \u00e1reas para RheinMain University of Applied Sciences<\/div><div class=\"w-tabs-section-control\"><\/div><\/button><div  class=\"w-tabs-section-content\" id=\"content-g43d\"><div class=\"w-tabs-section-content-h i-cf\"><div class=\"wpb_text_column\"><div class=\"wpb_wrapper\"><p><span style=\"font-weight: 400;\">RheinMain University of Applied Sciences agrupa sus departamentos en el campus Kurt-Schumacher-Ring, donde necesita espacio para futuros desarrollos y viviendas para estudiantes muy necesarias. Dado que la estaci\u00f3n de bomberos 1 se encuentra en el sitio del plan de desarrollo correspondiente y necesita ser renovada, se encuentra una nueva ubicaci\u00f3n para su nuevo edificio. La ubicaci\u00f3n actual podr\u00eda ponerse a disposici\u00f3n de la Universidad RheinMain de Ciencias Aplicadas.<\/span><\/p>\n<\/div><\/div><\/div><\/div><\/div><div class=\"w-tabs-section has_text_color\" id=\"v55a\" style=\"background:var(--color-header-transparent-text);color:var(--color-header-top-text-hover);\"><button class=\"w-tabs-section-header\" aria-controls=\"content-v55a\" aria-expanded=\"false\"><div class=\"w-tabs-section-title\">Apoyar el deporte universitario<\/div><div class=\"w-tabs-section-control\"><\/div><\/button><div  class=\"w-tabs-section-content\" id=\"content-v55a\"><div class=\"w-tabs-section-content-h i-cf\"><div class=\"wpb_text_column\"><div class=\"wpb_wrapper\"><p><span style=\"font-weight: 400;\">Apoyamos los deportes universitarios para obtener m\u00e1s tiempo en los gimnasios urbanos. Es importante para nosotros que las salas se utilicen de manera \u00f3ptima y que los clubes tambi\u00e9n reciban tiempo suficiente. Estamos comprometidos con una herramienta digital que permite a los responsables una visi\u00f3n general transparente y una f\u00e1cil reserva de horarios gratuitos.<\/span><\/p>\n<\/div><\/div><\/div><\/div><\/div><div class=\"w-tabs-section has_text_color\" id=\"j672\" style=\"background:var(--color-header-middle-bg);color:var(--color-header-middle-text);\"><button class=\"w-tabs-section-header\" aria-controls=\"content-j672\" aria-expanded=\"false\"><div class=\"w-tabs-section-title\">Mantenga las bicicletas de alquiler<\/div><div class=\"w-tabs-section-control\"><\/div><\/button><div  class=\"w-tabs-section-content\" id=\"content-j672\"><div class=\"w-tabs-section-content-h i-cf\"><div class=\"wpb_text_column\"><div class=\"wpb_wrapper\"><p><span style=\"font-weight: 400;\">A medida que expira la cooperaci\u00f3n anterior entre el Asta de la Universidad RheinMain de Ciencias Aplicadas y nextbike, nos comprometemos a garantizar que se mantenga una oferta de alquiler de bicicletas en la ciudad. Comprobamos si la capital del estado puede continuar la oferta de alquiler de bicicletas con Nextbike u otro proveedor.<\/span><\/p>\n<\/div><\/div><\/div><\/div><\/div><div class=\"w-tabs-section has_text_color\" id=\"b789\" style=\"background:var(--color-header-transparent-text);color:var(--color-header-top-text-hover);\"><button class=\"w-tabs-section-header\" aria-controls=\"content-b789\" aria-expanded=\"false\"><div class=\"w-tabs-section-title\">Apoyar las oportunidades educativas para los no estudiantes<\/div><div class=\"w-tabs-section-control\"><\/div><\/button><div  class=\"w-tabs-section-content\" id=\"content-b789\"><div class=\"w-tabs-section-content-h i-cf\"><div class=\"wpb_text_column\"><div class=\"wpb_wrapper\"><p><span style=\"font-weight: 400;\">Queremos apoyar a la Academia para Personas Mayores en Wiesbaden como una red de instituciones educativas en Wiesbaden en la coordinaci\u00f3n y desarrollo de nuevas ofertas.<\/span><\/p>\n<\/div><\/div><\/div><\/div><\/div><div class=\"w-tabs-section has_text_color\" id=\"r8b8\" style=\"background:var(--color-header-transparent-text);color:var(--color-header-top-text-hover);\"><button class=\"w-tabs-section-header\" aria-controls=\"content-r8b8\" aria-expanded=\"false\"><div class=\"w-tabs-section-title\">Fortalecimiento de la vida nocturna y agrupaci\u00f3n de informaci\u00f3n sobre eventos en Wiesbaden<\/div><div class=\"w-tabs-section-control\"><\/div><\/button><div  class=\"w-tabs-section-content\" id=\"content-r8b8\"><div class=\"w-tabs-section-content-h i-cf\"><div class=\"wpb_text_column\"><div class=\"wpb_wrapper\"><p><span style=\"font-weight: 400;\">Para una animada vida nocturna estudiantil en Wiesbaden, continuamos abogando por un alcalde nocturno. Esta posici\u00f3n tiene como objetivo conectar la gastronom\u00eda, la cultura, la administraci\u00f3n y los residentes locales, reducir los conflictos y crear nuevos impulsos para el club y la escena cultural. Tambi\u00e9n queremos que el calendario de eventos de la ciudad de Wiesbaden m\u00f3vil se pueda experimentar en la aplicaci\u00f3n \u00abAlles Wiesbaden\u00bb y, por lo tanto, aumentar a\u00fan m\u00e1s la visibilidad de la cultura.<\/span><\/p>\n<\/div><\/div><\/div><\/div><\/div><div class=\"w-tabs-section has_text_color\" id=\"o9eb\" style=\"background:var(--color-header-transparent-text);color:var(--color-header-top-text-hover);\"><button class=\"w-tabs-section-header\" aria-controls=\"content-o9eb\" aria-expanded=\"false\"><div class=\"w-tabs-section-title\">Buenas conexiones de autob\u00fas para la vida nocturna<\/div><div class=\"w-tabs-section-control\"><\/div><\/button><div  class=\"w-tabs-section-content\" id=\"content-o9eb\"><div class=\"w-tabs-section-content-h i-cf\"><div class=\"wpb_text_column\"><div class=\"wpb_wrapper\"><p><span style=\"font-weight: 400;\">El transporte p\u00fablico tambi\u00e9n debe llevar a los j\u00f3venes de manera confiable a la ciudad y de regreso por la noche. Las l\u00edneas nocturnas de ESWE Verkehr conectan el centro de la ciudad y los suburbios de forma segura y econ\u00f3mica, permiten a los visitantes disfrutar de actividades de ocio y culturales y garantizan que todos los j\u00f3venes, aprendices y estudiantes permanezcan m\u00f3viles independientemente de su lugar de residencia y presupuesto. Queremos asegurarnos de eso.<\/span><\/p>\n<\/div><\/div><\/div><\/div><\/div><\/div><\/div><div class=\"w-separator size_medium\"><\/div><div class=\"w-btn-wrapper align_left\"><a class=\"w-btn us-btn-style_8 icon_atleft\" href=\"https:\/\/gruene-wiesbaden.de\/es\/kommunalwahl\/#Kapitel3\"><i class=\"fas fa-chevron-circle-right\"><\/i><span class=\"w-btn-label\">Volver a la descripci\u00f3n general<\/span><\/a><\/div><div class=\"w-separator size_large\"><\/div><div class=\"wpb_text_column\"><div class=\"wpb_wrapper\"><h1>Lo que ya hemos logrado<\/h1>\n<\/div><\/div><div class=\"w-separator size_medium\"><\/div><div class=\"w-tabs us_custom_42d693a0 has_text_color style_default switch_click accordion has_scrolling\" style=\"--sections-title-size:1.4rem\"><div class=\"w-tabs-sections titles-align_none icon_chevron cpos_right\"><div class=\"w-tabs-section has_text_color\" id=\"sdd6\" style=\"background:var(--color-header-transparent-text);color:var(--color-header-top-text-hover);\"><button class=\"w-tabs-section-header\" aria-controls=\"content-sdd6\" aria-expanded=\"false\"><div class=\"w-tabs-section-title\">Renovaci\u00f3n del campus de la escuela profesional<\/div><div class=\"w-tabs-section-control\"><\/div><\/button><div  class=\"w-tabs-section-content\" id=\"content-sdd6\"><div class=\"w-tabs-section-content-h i-cf\"><div class=\"wpb_text_column\"><div class=\"wpb_wrapper\"><p><span style=\"font-weight: 400;\">Los Verdes hemos ayudado a garantizar que se hayan invertido m\u00e1s de 40 millones de euros en el campus de la escuela vocacional existente. De esta manera, no solo hemos modernizado las escuelas de formaci\u00f3n profesional, sino que tambi\u00e9n las hemos preparado para el futuro. Como resultado, la importancia de Wiesbaden como lugar de capacitaci\u00f3n se ha fortalecido y el n\u00famero de lugares de capacitaci\u00f3n no solo permanece, sino que tambi\u00e9n se puede ampliar.<\/span><\/p>\n<\/div><\/div><\/div><\/div><\/div><div class=\"w-tabs-section has_text_color\" id=\"uef6\" style=\"background:var(--color-header-transparent-text);color:var(--color-header-top-text-hover);\"><button class=\"w-tabs-section-header\" aria-controls=\"content-uef6\" aria-expanded=\"false\"><div class=\"w-tabs-section-title\">Refuerzo de la transferencia y el intercambio de conocimientos<\/div><div class=\"w-tabs-section-control\"><\/div><\/button><div  class=\"w-tabs-section-content\" id=\"content-uef6\"><div class=\"w-tabs-section-content-h i-cf\"><div class=\"wpb_text_column\"><div class=\"wpb_wrapper\"><p><span style=\"font-weight: 400;\">En varios proyectos de construcci\u00f3n, como el Kulturcampus, las variantes urbanas y arquitect\u00f3nicas para una realizaci\u00f3n podr\u00edan presentarse como parte de una cooperaci\u00f3n con la Universidad RheinMain de Ciencias Aplicadas. El trabajo futuro en el Luisenforum, en el que se desarrollan soluciones inteligentes para nuestra ciudad junto con los ciudadanos, se enriquece con nuevos impulsos de la Universidad Fresenius de Ciencias Aplicadas. Una serie de eventos como \u00abLa ciencia encuentra la ciudad\u00bb y exposiciones estudiantiles, entre otros, aumentan la visibilidad de la universidad en la ciudad. Ambas universidades tambi\u00e9n son miembros de la junta asesora de la industria iniciada por la ciudad de Wiesbaden, un organismo municipal para un di\u00e1logo vinculante entre la pol\u00edtica, la administraci\u00f3n y la industria. Liderado por nuestro Representante Verde y Alcalde, el Consejo Asesor de la Industria re\u00fane a empresas, c\u00e1maras, sindicatos y academia para trabajar juntos en una transformaci\u00f3n econ\u00f3mica sostenible. En lugar de intereses individuales, la atenci\u00f3n se centra en la cooperaci\u00f3n, la protecci\u00f3n del clima y la seguridad de los trabajadores cualificados.<\/span><\/p>\n<\/div><\/div><\/div><\/div><\/div><div class=\"w-tabs-section has_text_color\" id=\"p010\" style=\"background:var(--color-header-transparent-text);color:var(--color-header-top-text-hover);\"><button class=\"w-tabs-section-header\" aria-controls=\"content-p010\" aria-expanded=\"false\"><div class=\"w-tabs-section-title\">Viviendas m\u00e1s asequibles para los estudiantes<\/div><div class=\"w-tabs-section-control\"><\/div><\/button><div  class=\"w-tabs-section-content\" id=\"content-p010\"><div class=\"w-tabs-section-content-h i-cf\"><div class=\"wpb_text_column\"><div class=\"wpb_wrapper\"><p><span style=\"font-weight: 400;\">En 2025, fue posible mudarse a un nuevo dormitorio con una guarder\u00eda afiliada en Hollerbornstra\u00dfe. En cooperaci\u00f3n entre el estado, la ciudad, el Studierendenwerk y la universidad, se abri\u00f3 un nuevo dormitorio con m\u00e1s de 400 plazas en 2025 en el nuevo barrio universitario en el campus Kurt-Schumacher-Ring. El jard\u00edn de infantes integrado hace que sea m\u00e1s f\u00e1cil estudiar con un ni\u00f1o.<\/span><\/p>\n<\/div><\/div><\/div><\/div><\/div><div class=\"w-tabs-section has_text_color\" id=\"z12f\" style=\"background:var(--color-header-middle-bg);color:var(--color-content-heading);\"><button class=\"w-tabs-section-header\" aria-controls=\"content-z12f\" aria-expanded=\"false\"><div class=\"w-tabs-section-title\">Apartamentos para becarios y empresas: viviendas espec\u00edficas para trabajadores cualificados<\/div><div class=\"w-tabs-section-control\"><\/div><\/button><div  class=\"w-tabs-section-content\" id=\"content-z12f\"><div class=\"w-tabs-section-content-h i-cf\"><div class=\"wpb_text_column\"><div class=\"wpb_wrapper\"><p><span style=\"font-weight: 400;\">A trav\u00e9s de la construcci\u00f3n de apartamentos de negocios en Herderstra\u00dfe, un proyecto modelo para viviendas de aprendices y la construcci\u00f3n de apartamentos de empresa en los terrenos de Helios Dr. Horst Schmidt Kliniken (HSK) por GWW, aseguramos viviendas asequibles para importantes grupos profesionales, promovemos la retenci\u00f3n de trabajadores calificados y mostramos que la ciudad de Wiesbaden est\u00e1 respondiendo estrat\u00e9gicamente a las necesidades del mercado laboral.<\/span><\/p>\n<\/div><\/div><\/div><\/div><\/div><div class=\"w-tabs-section has_text_color\" id=\"j248\" style=\"background:var(--color-header-transparent-text);color:var(--color-header-top-text-hover);\"><button class=\"w-tabs-section-header\" aria-controls=\"content-j248\" aria-expanded=\"false\"><div class=\"w-tabs-section-title\">Alianza WiTECH<\/div><div class=\"w-tabs-section-control\"><\/div><\/button><div  class=\"w-tabs-section-content\" id=\"content-j248\"><div class=\"w-tabs-section-content-h i-cf\"><div class=\"wpb_text_column\"><div class=\"wpb_wrapper\"><p><span style=\"font-weight: 400;\">La Alianza WiTECH se puso en marcha en enero de 2024. Conecta empresas tecnol\u00f3gicas y de TI con sede en Wiesbaden y promueve proyectos digitales innovadores. Esto crea un fuerte ecosistema tecnol\u00f3gico local que apoya a fundadores, start-ups y empresas por igual y fortalece a la ciudad como un lugar de innovaci\u00f3n digital.<\/span><\/p>\n<\/div><\/div><\/div><\/div><\/div><div class=\"w-tabs-section has_text_color\" id=\"d35e\" style=\"background:var(--color-header-transparent-text);color:var(--color-header-top-text-hover);\"><button class=\"w-tabs-section-header\" aria-controls=\"content-d35e\" aria-expanded=\"false\"><div class=\"w-tabs-section-title\">Plataforma de oportunidades Wiesbaden<\/div><div class=\"w-tabs-section-control\"><\/div><\/button><div  class=\"w-tabs-section-content\" id=\"content-d35e\"><div class=\"w-tabs-section-content-h i-cf\"><div class=\"wpb_text_column\"><div class=\"wpb_wrapper\"><p><span style=\"font-weight: 400;\">La Plataforma de Oportunidades se puso en marcha como parte de la iniciativa WI WORK LIFE?? Industry Skills Initiative en 2022. Ofrece a los ciudadanos apoyo digital en la educaci\u00f3n, la formaci\u00f3n y las carreras profesionales y facilita el acceso a las ofertas de empleo, la educaci\u00f3n complementaria y la formaci\u00f3n de aprendices en Wiesbaden.<\/span><\/p>\n<\/div><\/div><\/div><\/div><\/div><div class=\"w-tabs-section has_text_color\" id=\"n47b\" style=\"background:var(--color-header-transparent-text);color:var(--color-header-top-text-hover);\"><button class=\"w-tabs-section-header\" aria-controls=\"content-n47b\" aria-expanded=\"false\"><div class=\"w-tabs-section-title\">Radar de entrenamiento Wiesbaden<\/div><div class=\"w-tabs-section-control\"><\/div><\/button><div  class=\"w-tabs-section-content\" id=\"content-n47b\"><div class=\"w-tabs-section-content-h i-cf\"><div class=\"wpb_text_column\"><div class=\"wpb_wrapper\"><p><span style=\"font-weight: 400;\">El radar de entrenamiento se introdujo en 2025. A trav\u00e9s de esta plataforma digital, las empresas pueden recomendar candidatos adecuados que no pueden reclutar por razones de capacidad a otras empresas con sede en Wiesbaden. De esta manera, las oportunidades de capacitaci\u00f3n en la regi\u00f3n siguen siendo transparentes y de f\u00e1cil acceso.<\/span><\/p>\n<\/div><\/div><\/div><\/div><\/div><div class=\"w-tabs-section has_text_color\" id=\"x592\" style=\"background:var(--color-header-transparent-text);color:var(--color-header-top-text-hover);\"><button class=\"w-tabs-section-header\" aria-controls=\"content-x592\" aria-expanded=\"false\"><div class=\"w-tabs-section-title\">Foro para la Iniciativa de Trabajadores Calificados de la Industria<\/div><div class=\"w-tabs-section-control\"><\/div><\/button><div  class=\"w-tabs-section-content\" id=\"content-x592\"><div class=\"w-tabs-section-content-h i-cf\"><div class=\"wpb_text_column\"><div class=\"wpb_wrapper\"><p><span style=\"font-weight: 400;\">El Forum Talent Initiative Industry se fund\u00f3 en 2022. Conecta a los profesionales digitalmente y apoya a las empresas en la b\u00fasqueda y promoci\u00f3n del talento. Al mismo tiempo, facilita el intercambio profesional entre la industria, las instituciones educativas y las organizaciones con el fin de fortalecer la retenci\u00f3n de trabajadores calificados en Wiesbaden.<\/span><\/p>\n<\/div><\/div><\/div><\/div><\/div><div class=\"w-tabs-section has_text_color\" id=\"m6a9\" style=\"background:var(--color-header-transparent-text);color:var(--color-header-top-text-hover);\"><button class=\"w-tabs-section-header\" aria-controls=\"content-m6a9\" aria-expanded=\"false\"><div class=\"w-tabs-section-title\">Punto de acceso para la creaci\u00f3n de empresas<\/div><div class=\"w-tabs-section-control\"><\/div><\/button><div  class=\"w-tabs-section-content\" id=\"content-m6a9\"><div class=\"w-tabs-section-content-h i-cf\"><div class=\"wpb_text_column\"><div class=\"wpb_wrapper\"><p><span style=\"font-weight: 400;\">Con su puerto de origen en el Antiguo Tribunal, la ciudad de Wiesbaden est\u00e1 promoviendo un centro de puesta en marcha en las inmediaciones de la Universidad Fresenius. RheinMain StartUpLabs, la iniciativa fundadora de la Universidad RheinMain de Ciencias Aplicadas, tambi\u00e9n est\u00e1 involucrada en el ecosistema de startups de Wiesbaden.<\/span><\/p>\n<\/div><\/div><\/div><\/div><\/div><\/div><\/div><div class=\"w-separator size_medium\"><\/div><div class=\"w-btn-wrapper align_left\"><a class=\"w-btn us-btn-style_8 icon_atleft\" href=\"https:\/\/gruene-wiesbaden.de\/es\/kommunalwahl\/#Kapitel3\"><i class=\"fas fa-chevron-circle-right\"><\/i><span class=\"w-btn-label\">Volver a la descripci\u00f3n general<\/span><\/a><\/div><div class=\"w-separator size_large\"><\/div><\/div><\/div><\/div><\/div><\/section>","protected":false},"excerpt":{"rendered":"Wiesbaden es una animada ubicaci\u00f3n educativa y universitaria con m\u00e1s de 14.000 estudiantes. Adem\u00e1s, existen escuelas de formaci\u00f3n profesional para diversos cursos de formaci\u00f3n, desde mec\u00e1nica vegetal hasta profesiones sociopedag\u00f3gicas. Nuestras universidades en Wiesbaden son motores centrales para el desarrollo econ\u00f3mico, social y cultural de nuestra ciudad. Las universidades son lugares de ideas, encuentros y...","protected":false},"author":1,"featured_media":1495,"comment_status":"closed","ping_status":"closed","sticky":false,"template":"","format":"standard","meta":{"footnotes":""},"categories":[16],"tags":[],"class_list":["post-1376","post","type-post","status-publish","format-standard","has-post-thumbnail","hentry","category-kapitel-3"],"yoast_head":"<!-- This site is optimized with the Yoast SEO plugin v27.5 - https:\/\/yoast.com\/product\/yoast-seo-wordpress\/ -->\n<title>Wiesbaden als attraktiver Bildungs- und Hochschulort - B\u00dcNDNIS 90\/DIE GR\u00dcNEN Wiesbaden<\/title>\n<meta name=\"robots\" content=\"index, follow, max-snippet:-1, max-image-preview:large, max-video-preview:-1\" \/>\n<link rel=\"canonical\" href=\"https:\/\/gruene-wiesbaden.de\/es\/wiesbaden-als-attraktiver-bildungs-und-hochschulort\/\" \/>\n<meta property=\"og:locale\" content=\"es_ES\" \/>\n<meta property=\"og:type\" content=\"article\" \/>\n<meta property=\"og:title\" content=\"Wiesbaden als attraktiver Bildungs- und Hochschulort - B\u00dcNDNIS 90\/DIE GR\u00dcNEN Wiesbaden\" \/>\n<meta property=\"og:url\" content=\"https:\/\/gruene-wiesbaden.de\/es\/wiesbaden-als-attraktiver-bildungs-und-hochschulort\/\" \/>\n<meta property=\"og:site_name\" content=\"B\u00dcNDNIS 90\/DIE GR\u00dcNEN Wiesbaden\" \/>\n<meta property=\"article:publisher\" content=\"https:\/\/www.facebook.com\/gruene.wi\" \/>\n<meta property=\"article:published_time\" content=\"2025-11-09T22:31:05+00:00\" \/>\n<meta property=\"article:modified_time\" content=\"2026-04-08T22:24:55+00:00\" \/>\n<meta property=\"og:image\" content=\"https:\/\/gruene-wiesbaden.de\/wp-content\/uploads\/2025\/11\/3.1-attraktiver-Bildungs-und-Hochschulstandort-scaled.jpg\" \/>\n\t<meta property=\"og:image:width\" content=\"1707\" \/>\n\t<meta property=\"og:image:height\" content=\"2560\" \/>\n\t<meta property=\"og:image:type\" content=\"image\/jpeg\" \/>\n<meta name=\"author\" content=\"admin\" \/>\n<meta name=\"twitter:card\" content=\"summary_large_image\" \/>\n<meta name=\"twitter:label1\" content=\"Escrito por\" \/>\n\t<meta name=\"twitter:data1\" content=\"admin\" \/>\n\t<meta name=\"twitter:label2\" content=\"Tiempo de lectura\" \/>\n\t<meta name=\"twitter:data2\" content=\"10 minutes\" \/>\n<script type=\"application\/ld+json\" class=\"yoast-schema-graph\">{\"@context\":\"https:\\\/\\\/schema.org\",\"@graph\":[{\"@type\":\"Article\",\"@id\":\"https:\\\/\\\/gruene-wiesbaden.de\\\/wiesbaden-als-attraktiver-bildungs-und-hochschulort\\\/#article\",\"isPartOf\":{\"@id\":\"https:\\\/\\\/gruene-wiesbaden.de\\\/wiesbaden-als-attraktiver-bildungs-und-hochschulort\\\/\"},\"author\":{\"name\":\"admin\",\"@id\":\"https:\\\/\\\/gruene-wiesbaden.de\\\/#\\\/schema\\\/person\\\/6785c34779159cd4fd86886bb097afe9\"},\"headline\":\"Wiesbaden als attraktiver Bildungs- und Hochschulort\",\"datePublished\":\"2025-11-09T22:31:05+00:00\",\"dateModified\":\"2026-04-08T22:24:55+00:00\",\"mainEntityOfPage\":{\"@id\":\"https:\\\/\\\/gruene-wiesbaden.de\\\/wiesbaden-als-attraktiver-bildungs-und-hochschulort\\\/\"},\"wordCount\":2748,\"publisher\":{\"@id\":\"https:\\\/\\\/gruene-wiesbaden.de\\\/#organization\"},\"image\":{\"@id\":\"https:\\\/\\\/gruene-wiesbaden.de\\\/wiesbaden-als-attraktiver-bildungs-und-hochschulort\\\/#primaryimage\"},\"thumbnailUrl\":\"https:\\\/\\\/gruene-wiesbaden.de\\\/wp-content\\\/uploads\\\/2025\\\/11\\\/3.1-attraktiver-Bildungs-und-Hochschulstandort-scaled.jpg\",\"articleSection\":[\"Kapitel 3\"],\"inLanguage\":\"es-ES\"},{\"@type\":\"WebPage\",\"@id\":\"https:\\\/\\\/gruene-wiesbaden.de\\\/wiesbaden-als-attraktiver-bildungs-und-hochschulort\\\/\",\"url\":\"https:\\\/\\\/gruene-wiesbaden.de\\\/wiesbaden-als-attraktiver-bildungs-und-hochschulort\\\/\",\"name\":\"Wiesbaden als attraktiver Bildungs- und Hochschulort - B\u00dcNDNIS 90\\\/DIE GR\u00dcNEN Wiesbaden\",\"isPartOf\":{\"@id\":\"https:\\\/\\\/gruene-wiesbaden.de\\\/#website\"},\"primaryImageOfPage\":{\"@id\":\"https:\\\/\\\/gruene-wiesbaden.de\\\/wiesbaden-als-attraktiver-bildungs-und-hochschulort\\\/#primaryimage\"},\"image\":{\"@id\":\"https:\\\/\\\/gruene-wiesbaden.de\\\/wiesbaden-als-attraktiver-bildungs-und-hochschulort\\\/#primaryimage\"},\"thumbnailUrl\":\"https:\\\/\\\/gruene-wiesbaden.de\\\/wp-content\\\/uploads\\\/2025\\\/11\\\/3.1-attraktiver-Bildungs-und-Hochschulstandort-scaled.jpg\",\"datePublished\":\"2025-11-09T22:31:05+00:00\",\"dateModified\":\"2026-04-08T22:24:55+00:00\",\"breadcrumb\":{\"@id\":\"https:\\\/\\\/gruene-wiesbaden.de\\\/wiesbaden-als-attraktiver-bildungs-und-hochschulort\\\/#breadcrumb\"},\"inLanguage\":\"es-ES\",\"potentialAction\":[{\"@type\":\"ReadAction\",\"target\":[\"https:\\\/\\\/gruene-wiesbaden.de\\\/wiesbaden-als-attraktiver-bildungs-und-hochschulort\\\/\"]}]},{\"@type\":\"ImageObject\",\"inLanguage\":\"es-ES\",\"@id\":\"https:\\\/\\\/gruene-wiesbaden.de\\\/wiesbaden-als-attraktiver-bildungs-und-hochschulort\\\/#primaryimage\",\"url\":\"https:\\\/\\\/gruene-wiesbaden.de\\\/wp-content\\\/uploads\\\/2025\\\/11\\\/3.1-attraktiver-Bildungs-und-Hochschulstandort-scaled.jpg\",\"contentUrl\":\"https:\\\/\\\/gruene-wiesbaden.de\\\/wp-content\\\/uploads\\\/2025\\\/11\\\/3.1-attraktiver-Bildungs-und-Hochschulstandort-scaled.jpg\",\"width\":1707,\"height\":2560},{\"@type\":\"BreadcrumbList\",\"@id\":\"https:\\\/\\\/gruene-wiesbaden.de\\\/wiesbaden-als-attraktiver-bildungs-und-hochschulort\\\/#breadcrumb\",\"itemListElement\":[{\"@type\":\"ListItem\",\"position\":1,\"name\":\"Startseite\",\"item\":\"https:\\\/\\\/gruene-wiesbaden.de\\\/\"},{\"@type\":\"ListItem\",\"position\":2,\"name\":\"Wiesbaden als attraktiver Bildungs- und Hochschulort\"}]},{\"@type\":\"WebSite\",\"@id\":\"https:\\\/\\\/gruene-wiesbaden.de\\\/#website\",\"url\":\"https:\\\/\\\/gruene-wiesbaden.de\\\/\",\"name\":\"DIE GR\u00dcNEN Wiesbaden\",\"description\":\"\",\"publisher\":{\"@id\":\"https:\\\/\\\/gruene-wiesbaden.de\\\/#organization\"},\"potentialAction\":[{\"@type\":\"SearchAction\",\"target\":{\"@type\":\"EntryPoint\",\"urlTemplate\":\"https:\\\/\\\/gruene-wiesbaden.de\\\/?s={search_term_string}\"},\"query-input\":{\"@type\":\"PropertyValueSpecification\",\"valueRequired\":true,\"valueName\":\"search_term_string\"}}],\"inLanguage\":\"es-ES\"},{\"@type\":\"Organization\",\"@id\":\"https:\\\/\\\/gruene-wiesbaden.de\\\/#organization\",\"name\":\"DIE GR\u00dcNEN Wiesbaden\",\"url\":\"https:\\\/\\\/gruene-wiesbaden.de\\\/\",\"logo\":{\"@type\":\"ImageObject\",\"inLanguage\":\"es-ES\",\"@id\":\"https:\\\/\\\/gruene-wiesbaden.de\\\/#\\\/schema\\\/logo\\\/image\\\/\",\"url\":\"https:\\\/\\\/gruene-wiesbaden-fuer-europa.de\\\/wp-content\\\/uploads\\\/2024\\\/04\\\/Machen-was-zaehlt-5.png\",\"contentUrl\":\"https:\\\/\\\/gruene-wiesbaden-fuer-europa.de\\\/wp-content\\\/uploads\\\/2024\\\/04\\\/Machen-was-zaehlt-5.png\",\"width\":1772,\"height\":1772,\"caption\":\"DIE GR\u00dcNEN Wiesbaden\"},\"image\":{\"@id\":\"https:\\\/\\\/gruene-wiesbaden.de\\\/#\\\/schema\\\/logo\\\/image\\\/\"},\"sameAs\":[\"https:\\\/\\\/www.facebook.com\\\/gruene.wi\",\"https:\\\/\\\/instagram.com\\\/gruene_wi\"]},{\"@type\":\"Person\",\"@id\":\"https:\\\/\\\/gruene-wiesbaden.de\\\/#\\\/schema\\\/person\\\/6785c34779159cd4fd86886bb097afe9\",\"name\":\"admin\",\"sameAs\":[\"http:\\\/\\\/gruene-wiesbaden-fuer-europa.de\"],\"url\":\"https:\\\/\\\/gruene-wiesbaden.de\\\/es\\\/author\\\/admin\\\/\"}]}<\/script>\n<!-- \/ Yoast SEO plugin. -->","yoast_head_json":{"title":"Wiesbaden als attraktiver Bildungs- und Hochschulort - B\u00dcNDNIS 90\/DIE GR\u00dcNEN Wiesbaden","robots":{"index":"index","follow":"follow","max-snippet":"max-snippet:-1","max-image-preview":"max-image-preview:large","max-video-preview":"max-video-preview:-1"},"canonical":"https:\/\/gruene-wiesbaden.de\/es\/wiesbaden-als-attraktiver-bildungs-und-hochschulort\/","og_locale":"es_ES","og_type":"article","og_title":"Wiesbaden als attraktiver Bildungs- und Hochschulort - B\u00dcNDNIS 90\/DIE GR\u00dcNEN Wiesbaden","og_url":"https:\/\/gruene-wiesbaden.de\/es\/wiesbaden-als-attraktiver-bildungs-und-hochschulort\/","og_site_name":"B\u00dcNDNIS 90\/DIE GR\u00dcNEN Wiesbaden","article_publisher":"https:\/\/www.facebook.com\/gruene.wi","article_published_time":"2025-11-09T22:31:05+00:00","article_modified_time":"2026-04-08T22:24:55+00:00","og_image":[{"width":1707,"height":2560,"url":"https:\/\/gruene-wiesbaden.de\/wp-content\/uploads\/2025\/11\/3.1-attraktiver-Bildungs-und-Hochschulstandort-scaled.jpg","type":"image\/jpeg"}],"author":"admin","twitter_card":"summary_large_image","twitter_misc":{"Escrito por":"admin","Tiempo de lectura":"10 minutes"},"schema":{"@context":"https:\/\/schema.org","@graph":[{"@type":"Article","@id":"https:\/\/gruene-wiesbaden.de\/wiesbaden-als-attraktiver-bildungs-und-hochschulort\/#article","isPartOf":{"@id":"https:\/\/gruene-wiesbaden.de\/wiesbaden-als-attraktiver-bildungs-und-hochschulort\/"},"author":{"name":"admin","@id":"https:\/\/gruene-wiesbaden.de\/#\/schema\/person\/6785c34779159cd4fd86886bb097afe9"},"headline":"Wiesbaden als attraktiver Bildungs- und Hochschulort","datePublished":"2025-11-09T22:31:05+00:00","dateModified":"2026-04-08T22:24:55+00:00","mainEntityOfPage":{"@id":"https:\/\/gruene-wiesbaden.de\/wiesbaden-als-attraktiver-bildungs-und-hochschulort\/"},"wordCount":2748,"publisher":{"@id":"https:\/\/gruene-wiesbaden.de\/#organization"},"image":{"@id":"https:\/\/gruene-wiesbaden.de\/wiesbaden-als-attraktiver-bildungs-und-hochschulort\/#primaryimage"},"thumbnailUrl":"https:\/\/gruene-wiesbaden.de\/wp-content\/uploads\/2025\/11\/3.1-attraktiver-Bildungs-und-Hochschulstandort-scaled.jpg","articleSection":["Kapitel 3"],"inLanguage":"es-ES"},{"@type":"WebPage","@id":"https:\/\/gruene-wiesbaden.de\/wiesbaden-als-attraktiver-bildungs-und-hochschulort\/","url":"https:\/\/gruene-wiesbaden.de\/wiesbaden-als-attraktiver-bildungs-und-hochschulort\/","name":"Wiesbaden als attraktiver Bildungs- und Hochschulort - B\u00dcNDNIS 90\/DIE GR\u00dcNEN Wiesbaden","isPartOf":{"@id":"https:\/\/gruene-wiesbaden.de\/#website"},"primaryImageOfPage":{"@id":"https:\/\/gruene-wiesbaden.de\/wiesbaden-als-attraktiver-bildungs-und-hochschulort\/#primaryimage"},"image":{"@id":"https:\/\/gruene-wiesbaden.de\/wiesbaden-als-attraktiver-bildungs-und-hochschulort\/#primaryimage"},"thumbnailUrl":"https:\/\/gruene-wiesbaden.de\/wp-content\/uploads\/2025\/11\/3.1-attraktiver-Bildungs-und-Hochschulstandort-scaled.jpg","datePublished":"2025-11-09T22:31:05+00:00","dateModified":"2026-04-08T22:24:55+00:00","breadcrumb":{"@id":"https:\/\/gruene-wiesbaden.de\/wiesbaden-als-attraktiver-bildungs-und-hochschulort\/#breadcrumb"},"inLanguage":"es-ES","potentialAction":[{"@type":"ReadAction","target":["https:\/\/gruene-wiesbaden.de\/wiesbaden-als-attraktiver-bildungs-und-hochschulort\/"]}]},{"@type":"ImageObject","inLanguage":"es-ES","@id":"https:\/\/gruene-wiesbaden.de\/wiesbaden-als-attraktiver-bildungs-und-hochschulort\/#primaryimage","url":"https:\/\/gruene-wiesbaden.de\/wp-content\/uploads\/2025\/11\/3.1-attraktiver-Bildungs-und-Hochschulstandort-scaled.jpg","contentUrl":"https:\/\/gruene-wiesbaden.de\/wp-content\/uploads\/2025\/11\/3.1-attraktiver-Bildungs-und-Hochschulstandort-scaled.jpg","width":1707,"height":2560},{"@type":"BreadcrumbList","@id":"https:\/\/gruene-wiesbaden.de\/wiesbaden-als-attraktiver-bildungs-und-hochschulort\/#breadcrumb","itemListElement":[{"@type":"ListItem","position":1,"name":"Startseite","item":"https:\/\/gruene-wiesbaden.de\/"},{"@type":"ListItem","position":2,"name":"Wiesbaden als attraktiver Bildungs- und Hochschulort"}]},{"@type":"WebSite","@id":"https:\/\/gruene-wiesbaden.de\/#website","url":"https:\/\/gruene-wiesbaden.de\/","name":"DIE GR\u00dcNEN Wiesbaden","description":"","publisher":{"@id":"https:\/\/gruene-wiesbaden.de\/#organization"},"potentialAction":[{"@type":"SearchAction","target":{"@type":"EntryPoint","urlTemplate":"https:\/\/gruene-wiesbaden.de\/?s={search_term_string}"},"query-input":{"@type":"PropertyValueSpecification","valueRequired":true,"valueName":"search_term_string"}}],"inLanguage":"es-ES"},{"@type":"Organization","@id":"https:\/\/gruene-wiesbaden.de\/#organization","name":"DIE GR\u00dcNEN Wiesbaden","url":"https:\/\/gruene-wiesbaden.de\/","logo":{"@type":"ImageObject","inLanguage":"es-ES","@id":"https:\/\/gruene-wiesbaden.de\/#\/schema\/logo\/image\/","url":"https:\/\/gruene-wiesbaden-fuer-europa.de\/wp-content\/uploads\/2024\/04\/Machen-was-zaehlt-5.png","contentUrl":"https:\/\/gruene-wiesbaden-fuer-europa.de\/wp-content\/uploads\/2024\/04\/Machen-was-zaehlt-5.png","width":1772,"height":1772,"caption":"DIE GR\u00dcNEN Wiesbaden"},"image":{"@id":"https:\/\/gruene-wiesbaden.de\/#\/schema\/logo\/image\/"},"sameAs":["https:\/\/www.facebook.com\/gruene.wi","https:\/\/instagram.com\/gruene_wi"]},{"@type":"Person","@id":"https:\/\/gruene-wiesbaden.de\/#\/schema\/person\/6785c34779159cd4fd86886bb097afe9","name":"admin","sameAs":["http:\/\/gruene-wiesbaden-fuer-europa.de"],"url":"https:\/\/gruene-wiesbaden.de\/es\/author\/admin\/"}]}},"_links":{"self":[{"href":"https:\/\/gruene-wiesbaden.de\/es\/wp-json\/wp\/v2\/posts\/1376","targetHints":{"allow":["GET"]}}],"collection":[{"href":"https:\/\/gruene-wiesbaden.de\/es\/wp-json\/wp\/v2\/posts"}],"about":[{"href":"https:\/\/gruene-wiesbaden.de\/es\/wp-json\/wp\/v2\/types\/post"}],"author":[{"embeddable":true,"href":"https:\/\/gruene-wiesbaden.de\/es\/wp-json\/wp\/v2\/users\/1"}],"replies":[{"embeddable":true,"href":"https:\/\/gruene-wiesbaden.de\/es\/wp-json\/wp\/v2\/comments?post=1376"}],"version-history":[{"count":7,"href":"https:\/\/gruene-wiesbaden.de\/es\/wp-json\/wp\/v2\/posts\/1376\/revisions"}],"predecessor-version":[{"id":2378,"href":"https:\/\/gruene-wiesbaden.de\/es\/wp-json\/wp\/v2\/posts\/1376\/revisions\/2378"}],"wp:featuredmedia":[{"embeddable":true,"href":"https:\/\/gruene-wiesbaden.de\/es\/wp-json\/wp\/v2\/media\/1495"}],"wp:attachment":[{"href":"https:\/\/gruene-wiesbaden.de\/es\/wp-json\/wp\/v2\/media?parent=1376"}],"wp:term":[{"taxonomy":"category","embeddable":true,"href":"https:\/\/gruene-wiesbaden.de\/es\/wp-json\/wp\/v2\/categories?post=1376"},{"taxonomy":"post_tag","embeddable":true,"href":"https:\/\/gruene-wiesbaden.de\/es\/wp-json\/wp\/v2\/tags?post=1376"}],"curies":[{"name":"wp","href":"https:\/\/api.w.org\/{rel}","templated":true}]}}