{"id":1341,"date":"2025-11-09T23:52:09","date_gmt":"2025-11-09T21:52:09","guid":{"rendered":"https:\/\/gruene-wiesbaden.de\/?p=1341"},"modified":"2026-04-09T00:22:28","modified_gmt":"2026-04-08T22:22:28","slug":"sport","status":"publish","type":"post","link":"https:\/\/gruene-wiesbaden.de\/es\/sport\/","title":{"rendered":"deporte"},"content":{"rendered":"<section class=\"l-section wpb_row height_medium with_img\"><div class=\"l-section-img\" role=\"img\" data-img-width=\"1080\" data-img-height=\"800\" style=\"background-image: url(https:\/\/gruene-wiesbaden.de\/wp-content\/uploads\/2025\/11\/neuer-Verlauf-gruene-wiesbaden.de_-2-e1762709402177.png);\"><\/div><div class=\"l-section-overlay\" style=\"background:var(--color-header-top-transparent-bg)\"><\/div><div class=\"l-section-h i-cf\"><div class=\"g-cols vc_row via_grid cols_1 laptops-cols_inherit tablets-cols_inherit mobiles-cols_1 valign_top type_default stacking_default\"><div class=\"wpb_column vc_column_container\"><div class=\"vc_column-inner\"><h1 class=\"w-post-elm post_title us_custom_a574d586 has_text_color entry-title\">deporte<\/h1><div class=\"w-separator size_medium\"><\/div><div class=\"g-cols wpb_row via_grid cols_2-1 laptops-cols_inherit tablets-cols_inherit mobiles-cols_1 valign_top type_default stacking_default\" style=\"--columns-gap:3rem;\"><div class=\"wpb_column vc_column_container\"><div class=\"vc_column-inner\"><div class=\"wpb_text_column us_custom_8b3d6790 has_text_color\"><div class=\"wpb_wrapper\"><p><span style=\"font-weight: 400;\">El deporte es m\u00e1s que ejercicio: es crucial para la salud f\u00edsica y mental de todas las edades, la calidad de vida y la cohesi\u00f3n social en nuestra ciudad. El deporte es omnipresente, desde las orillas del Rin hasta el bosque de la ciudad, con deportes recreativos o deportes de primera clase. Los clubes deportivos y las instalaciones deportivas recreativas crean importantes espacios sociales en los que se re\u00fanen una amplia variedad de personas. Cada a\u00f1o, Wiesbaden se presenta como una ciudad deportiva con eventos deportivos de importancia nacional.<\/span><\/p>\n<p><span style=\"font-weight: 400;\">Las decisiones pol\u00edticas en Wiesbaden tienen una influencia directa en c\u00f3mo se puede vivir el deporte en el sitio: Determinan la financiaci\u00f3n, construcci\u00f3n y mantenimiento de instalaciones deportivas, el acceso a piscinas y salones, el apoyo de clubes y la promoci\u00f3n de deportes populares, as\u00ed como deportes de primera clase.<\/span><\/p>\n<p><span style=\"font-weight: 400;\">Las actividades deportivas crean espacios sociales en los que personas de todas las generaciones y culturas se re\u00fanen, tienen \u00e9xito en la integraci\u00f3n y los ni\u00f1os y j\u00f3venes adquieren habilidades importantes. Todos los d\u00edas, los voluntarios invierten su tiempo en un negocio deportivo en funcionamiento. El voluntariado contribuye al deporte, pero sin buenas condiciones a trav\u00e9s de la ciudad, no puede funcionar. Una fuerte infraestructura deportiva hace que Wiesbaden sea atractiva como lugar para vivir y trabajar y nos presenta como una ciudad deportiva con carisma mucho m\u00e1s all\u00e1 de la regi\u00f3n.<\/span><\/p>\n<\/div><\/div><div class=\"w-separator size_medium\"><\/div><div class=\"w-btn-wrapper align_left\"><a class=\"w-btn us-btn-style_8 icon_atleft\" href=\"https:\/\/gruene-wiesbaden.de\/es\/kommunalwahl\/#Kapitel1\"><i class=\"fas fa-chevron-circle-right\"><\/i><span class=\"w-btn-label\">Volver a la descripci\u00f3n general<\/span><\/a><\/div><\/div><\/div><div class=\"wpb_column vc_column_container\"><div class=\"vc_column-inner\"><div class=\"w-image align_center\"><div class=\"w-image-h\"><img decoding=\"async\" width=\"1707\" height=\"2560\" src=\"https:\/\/gruene-wiesbaden.de\/wp-content\/uploads\/2025\/11\/1.11-Sport-scaled.jpg\" class=\"attachment-full size-full\" alt=\"\" loading=\"lazy\" srcset=\"https:\/\/gruene-wiesbaden.de\/wp-content\/uploads\/2025\/11\/1.11-Sport-scaled.jpg 1707w, https:\/\/gruene-wiesbaden.de\/wp-content\/uploads\/2025\/11\/1.11-Sport-267x400.jpg 267w, https:\/\/gruene-wiesbaden.de\/wp-content\/uploads\/2025\/11\/1.11-Sport-400x600.jpg 400w\" sizes=\"auto, (max-width: 1707px) 100vw, 1707px\" \/><\/div><\/div><div class=\"w-separator size_small\"><\/div><\/div><\/div><\/div><div class=\"w-separator size_medium\"><\/div><div class=\"w-separator size_medium\"><\/div><div class=\"wpb_text_column\"><div class=\"wpb_wrapper\"><h1>Qu\u00e9 significa el deporte para nosotros<\/h1>\n<\/div><\/div><div class=\"w-separator size_large\"><\/div><div class=\"g-cols wpb_row via_grid cols_3 laptops-cols_inherit tablets-cols_inherit mobiles-cols_1 valign_top type_default stacking_default\" style=\"--columns-gap:3rem;\"><div class=\"wpb_column vc_column_container\"><div class=\"vc_column-inner\"><div class=\"w-iconbox us_custom_8b3d6790 has_text_color iconpos_left style_default color_custom align_left\"><div class=\"w-iconbox-icon\" style=\"font-size:2rem;--icon-color:#Ffffff;--icon-bg-color:var(--color-header-middle-bg);\"><i class=\"fas fa-layer-group\"><\/i><\/div><div class=\"w-iconbox-meta\"><h4 class=\"w-iconbox-title\" style=\"font-size:1.5rem;\">Saludable, en forma y moderno<\/h4><div class=\"w-iconbox-text\"><p><span style=\"font-weight: 400;\">El deporte fortalece la salud f\u00edsica y mental y previene enfermedades. Las personas de todas las edades se benefician de instalaciones deportivas funcionales, de acceso p\u00fablico y modernas.<\/span><\/p>\n<\/div><\/div><\/div><\/div><\/div><div class=\"wpb_column vc_column_container\"><div class=\"vc_column-inner\"><div class=\"w-iconbox us_custom_8b3d6790 has_text_color iconpos_left style_default color_custom align_left\"><div class=\"w-iconbox-icon\" style=\"font-size:2rem;--icon-color:#Ffffff;--icon-bg-color:var(--color-header-transparent-text);\"><i class=\"fas fa-layer-group\"><\/i><\/div><div class=\"w-iconbox-meta\"><h4 class=\"w-iconbox-title\" style=\"font-size:1.5rem;\">Vida en comunidad<\/h4><div class=\"w-iconbox-text\"><p><span style=\"font-weight: 400;\">El deporte en el distrito, en el bosque de la ciudad, en los espacios p\u00fablicos y en el club promueve la integraci\u00f3n, la tolerancia y el entendimiento mutuo entre personas con diferentes historias de vida.<\/span><\/p>\n<\/div><\/div><\/div><\/div><\/div><div class=\"wpb_column vc_column_container\"><div class=\"vc_column-inner\"><div class=\"w-iconbox us_custom_8b3d6790 has_text_color iconpos_left style_default color_custom align_left\"><div class=\"w-iconbox-icon\" style=\"font-size:2rem;--icon-color:#Ffffff;--icon-bg-color:var(--color-header-transparent-text);\"><i class=\"fas fa-layer-group\"><\/i><\/div><div class=\"w-iconbox-meta\"><h4 class=\"w-iconbox-title\" style=\"font-size:1.5rem;\">Promoci\u00f3n de la juventud<\/h4><div class=\"w-iconbox-text\"><p><span style=\"font-weight: 400;\">El deporte ofrece a los ni\u00f1os y adolescentes placer en el ejercicio, as\u00ed como valiosas actividades de ocio e imparte importantes habilidades motoras y sociales.<\/span><\/p>\n<\/div><\/div><\/div><\/div><\/div><\/div><div class=\"w-separator size_medium\"><\/div><div class=\"g-cols wpb_row via_grid cols_3 laptops-cols_inherit tablets-cols_inherit mobiles-cols_1 valign_top type_default stacking_default\" style=\"--columns-gap:3rem;\"><div class=\"wpb_column vc_column_container\"><div class=\"vc_column-inner\"><div class=\"w-iconbox us_custom_8b3d6790 has_text_color iconpos_left style_default color_custom align_left\"><div class=\"w-iconbox-icon\" style=\"font-size:2rem;--icon-color:#Ffffff;--icon-bg-color:var(--color-header-middle-bg);\"><i class=\"fas fa-layer-group\"><\/i><\/div><div class=\"w-iconbox-meta\"><h4 class=\"w-iconbox-title\" style=\"font-size:1.5rem;\">Deporte para todos<\/h4><div class=\"w-iconbox-text\"><p><span style=\"font-weight: 400;\">El deporte sin barreras, no violento y no discriminatorio permite a todas las personas participar de manera inclusiva en la vida social.<\/span><\/p>\n<\/div><\/div><\/div><\/div><\/div><div class=\"wpb_column vc_column_container\"><div class=\"vc_column-inner\"><div class=\"w-iconbox us_custom_8b3d6790 has_text_color iconpos_left style_default color_custom align_left\"><div class=\"w-iconbox-icon\" style=\"font-size:2rem;--icon-color:#Ffffff;--icon-bg-color:var(--color-header-transparent-text);\"><i class=\"fas fa-layer-group\"><\/i><\/div><div class=\"w-iconbox-meta\"><h4 class=\"w-iconbox-title\" style=\"font-size:1.5rem;\">Ecolog\u00eda y deporte sostenible<\/h4><div class=\"w-iconbox-text\"><p><span style=\"font-weight: 400;\">Instalaciones deportivas ecol\u00f3gicas con cuidado y gesti\u00f3n sostenible, eventos y movilidad respetuosa con el medio ambiente para el deporte protegen nuestros recursos naturales.<\/span><\/p>\n<\/div><\/div><\/div><\/div><\/div><div class=\"wpb_column vc_column_container\"><div class=\"vc_column-inner\"><div class=\"w-iconbox us_custom_8b3d6790 has_text_color iconpos_left style_default color_custom align_left\"><div class=\"w-iconbox-icon\" style=\"font-size:2rem;--icon-color:#Ffffff;--icon-bg-color:var(--color-header-transparent-text);\"><i class=\"fas fa-layer-group\"><\/i><\/div><div class=\"w-iconbox-meta\"><h4 class=\"w-iconbox-title\" style=\"font-size:1.5rem;\">Promoci\u00f3n de la democracia<\/h4><div class=\"w-iconbox-text\"><p><span style=\"font-weight: 400;\">Un deporte de base funcional y competitivo en su diversidad es posible gracias al compromiso de muchos voluntarios. El hecho de que las personas participen en clubes deportivos como entrenadores, miembros de la junta, como apoyo en festivales de clubes o a trav\u00e9s de otras actividades voluntarias en el club deportivo es una democracia vivida. Este compromiso debe ser apreciado y promovido.<\/span><\/p>\n<\/div><\/div><\/div><\/div><\/div><\/div><div class=\"w-separator size_medium\"><\/div><div class=\"w-btn-wrapper align_left\"><a class=\"w-btn us-btn-style_8 icon_atleft\" href=\"https:\/\/gruene-wiesbaden.de\/es\/kommunalwahl\/#Kapitel1\"><i class=\"fas fa-chevron-circle-right\"><\/i><span class=\"w-btn-label\">Volver a la descripci\u00f3n general<\/span><\/a><\/div><div class=\"w-separator size_medium\"><\/div><\/div><\/div><\/div><\/div><\/section><section class=\"l-section wpb_row height_auto with_img\"><div class=\"l-section-img\" role=\"img\" data-img-width=\"1707\" data-img-height=\"2560\" style=\"background-image: url(https:\/\/gruene-wiesbaden.de\/wp-content\/uploads\/2025\/11\/1.11-Sport-scaled.jpg);background-repeat: no-repeat;\"><\/div><div class=\"l-section-overlay\" style=\"background:var(--color-header-top-transparent-bg)\"><\/div><div class=\"l-section-h i-cf\"><div class=\"g-cols vc_row via_grid cols_1 laptops-cols_inherit tablets-cols_inherit mobiles-cols_1 valign_middle type_default stacking_default\" style=\"--columns-gap:1rem;\"><div class=\"wpb_column vc_column_container\"><div class=\"vc_column-inner\"><div class=\"w-separator size_large\"><\/div><div class=\"wpb_text_column background_inside_text\"><div class=\"wpb_wrapper\"><h1>Lo que queremos hacer espec\u00edficamente en esta \u00e1rea<\/h1>\n<\/div><\/div><div class=\"w-separator size_medium\"><\/div><div class=\"w-tabs us_custom_42d693a0 has_text_color style_default switch_click accordion has_scrolling\" style=\"--sections-title-size:1.4rem\"><div class=\"w-tabs-sections titles-align_none icon_chevron cpos_right\"><div class=\"w-tabs-section has_text_color\" id=\"u08d\" style=\"background:var(--color-header-transparent-text);color:var(--color-header-top-text-hover);\"><button class=\"w-tabs-section-header\" aria-controls=\"content-u08d\" aria-expanded=\"false\"><div class=\"w-tabs-section-title\">Renovar, modernizar y ampliar ecol\u00f3gicamente las instalaciones deportivas<\/div><div class=\"w-tabs-section-control\"><\/div><\/button><div  class=\"w-tabs-section-content\" id=\"content-u08d\"><div class=\"w-tabs-section-content-h i-cf\"><div class=\"wpb_text_column\"><div class=\"wpb_wrapper\"><p><span style=\"font-weight: 400;\">Invertimos en la renovaci\u00f3n de las instalaciones deportivas existentes y creamos nuevas capacidades. Prestamos atenci\u00f3n a la construcci\u00f3n energ\u00e9ticamente eficiente, la ecologizaci\u00f3n, la expansi\u00f3n de los sistemas fotovoltaicos, el acceso sin barreras y los equipos modernos. Los clubes deben ser capaces de planificar de forma fiable y recibir tiempos de formaci\u00f3n adaptados a sus necesidades.<\/span><\/p>\n<\/div><\/div><\/div><\/div><\/div><div class=\"w-tabs-section has_text_color\" id=\"y1f9\" style=\"background:var(--color-header-transparent-text);color:var(--color-header-top-text-hover);\"><button class=\"w-tabs-section-header\" aria-controls=\"content-y1f9\" aria-expanded=\"false\"><div class=\"w-tabs-section-title\">Fortalecer y ampliar los deportes escolares<\/div><div class=\"w-tabs-section-control\"><\/div><\/button><div  class=\"w-tabs-section-content\" id=\"content-y1f9\"><div class=\"w-tabs-section-content-h i-cf\"><div class=\"wpb_text_column\"><div class=\"wpb_wrapper\"><p><span style=\"font-weight: 400;\">Queremos proporcionar salas deportivas escolares bien equipadas e instalaciones deportivas calificadas para el \u00e1rea durante todo el d\u00eda. Apoyamos la promoci\u00f3n de la cooperaci\u00f3n entre escuelas y clubes para acercar a los ni\u00f1os a diversos deportes, descubrir talentos y fortalecer a los j\u00f3venes en los clubes.<\/span><\/p>\n<\/div><\/div><\/div><\/div><\/div><div class=\"w-tabs-section has_text_color\" id=\"i33c\" style=\"background:var(--color-header-transparent-text);color:var(--color-header-top-text-hover);\"><button class=\"w-tabs-section-header\" aria-controls=\"content-i33c\" aria-expanded=\"false\"><div class=\"w-tabs-section-title\">Creaci\u00f3n de espacios de movimiento en espacios p\u00fablicos<\/div><div class=\"w-tabs-section-control\"><\/div><\/button><div  class=\"w-tabs-section-content\" id=\"content-i33c\"><div class=\"w-tabs-section-content-h i-cf\"><div class=\"wpb_text_column\"><div class=\"wpb_wrapper\"><p><span style=\"font-weight: 400;\">Queremos tener m\u00e1s equipos de fitness al aire libre, parques de patinaje, canchas de baloncesto, canchas de petanca, instalaciones de calistenia, mesas de tenis de mesa y pistas de atletismo construidas en parques y \u00e1reas residenciales. Estas ofertas de umbral bajo permiten el movimiento espont\u00e1neo sin membres\u00eda de asociaci\u00f3n y atraen a todos los grupos de poblaci\u00f3n.<\/span><\/p>\n<\/div><\/div><\/div><\/div><\/div><div class=\"w-tabs-section has_text_color\" id=\"u48a\" style=\"background:var(--color-header-middle-bg);color:var(--color-content-heading);\"><button class=\"w-tabs-section-header\" aria-controls=\"content-u48a\" aria-expanded=\"false\"><div class=\"w-tabs-section-title\">Promoci\u00f3n de clubes y participaci\u00f3n voluntaria en el deporte<\/div><div class=\"w-tabs-section-control\"><\/div><\/button><div  class=\"w-tabs-section-content\" id=\"content-u48a\"><div class=\"w-tabs-section-content-h i-cf\"><div class=\"wpb_text_column\"><div class=\"wpb_wrapper\"><p><span style=\"font-weight: 400;\">El compromiso voluntario, por ejemplo en la junta directiva, a la hora de organizar fiestas de club, como \u00e1rbitros o entrenadores, tambi\u00e9n merece el mayor respeto por el deporte. Para garantizar que las personas contin\u00faen participando, apoyamos a instituciones como B\u00fcrgerkolleg, la Fundaci\u00f3n Wiesbaden o el Centro de Voluntarios para que los voluntarios reciban calificaciones y apoyo.<\/span><\/p>\n<p><span style=\"font-weight: 400;\">Adem\u00e1s, seguimos abogando por la promoci\u00f3n deportiva directa, especialmente para la promoci\u00f3n del deporte de base y la promoci\u00f3n del talento joven.<\/span><\/p>\n<\/div><\/div><\/div><\/div><\/div><div class=\"w-tabs-section has_text_color\" id=\"p5ba\" style=\"background:var(--color-header-transparent-text);color:var(--color-header-top-text-hover);\"><button class=\"w-tabs-section-header\" aria-controls=\"content-p5ba\" aria-expanded=\"false\"><div class=\"w-tabs-section-title\">Todos los ni\u00f1os deben aprender a nadar con seguridad.<\/div><div class=\"w-tabs-section-control\"><\/div><\/button><div  class=\"w-tabs-section-content\" id=\"content-p5ba\"><div class=\"w-tabs-section-content-h i-cf\"><div class=\"wpb_text_column\"><div class=\"wpb_wrapper\"><p><span style=\"font-weight: 400;\">Invertimos en la disponibilidad de piscinas para escuelas y clubes para clases de nataci\u00f3n. Facilitamos el acceso de ni\u00f1os y j\u00f3venes a las piscinas de Wiesbaden con entradas econ\u00f3micas. Estamos comprometidos con el reemplazo de la piscina cubierta Kostheim.<\/span><\/p>\n<\/div><\/div><\/div><\/div><\/div><div class=\"w-tabs-section has_text_color\" id=\"k6e6\" style=\"background:var(--color-header-middle-bg);color:var(--color-header-middle-text);\"><button class=\"w-tabs-section-header\" aria-controls=\"content-k6e6\" aria-expanded=\"false\"><div class=\"w-tabs-section-title\">Promover actividades deportivas inclusivas<\/div><div class=\"w-tabs-section-control\"><\/div><\/button><div  class=\"w-tabs-section-content\" id=\"content-k6e6\"><div class=\"w-tabs-section-content-h i-cf\"><div class=\"wpb_text_column\"><div class=\"wpb_wrapper\"><p><span style=\"font-weight: 400;\">Apoyamos y en red a las asociaciones en el desarrollo de ofertas sin barreras y la formaci\u00f3n de formadores para personas con discapacidad. Los subsidios especiales ayudan con la compra de equipo deportivo apropiado y con los ajustes estructurales. Queremos promover el apoyo de nuestras asociaciones en el desarrollo de ofertas especialmente para ni\u00f1os y j\u00f3venes queer. Promovemos iniciativas de integraci\u00f3n para refugiados y personas con una historia de migraci\u00f3n en el deporte.<\/span><\/p>\n<\/div><\/div><\/div><\/div><\/div><div class=\"w-tabs-section has_text_color\" id=\"u815\" style=\"background:var(--color-header-transparent-text);color:var(--color-header-top-text-hover);\"><button class=\"w-tabs-section-header\" aria-controls=\"content-u815\" aria-expanded=\"false\"><div class=\"w-tabs-section-title\">Fomento de la movilidad sostenible para el deporte<\/div><div class=\"w-tabs-section-control\"><\/div><\/button><div  class=\"w-tabs-section-content\" id=\"content-u815\"><div class=\"w-tabs-section-content-h i-cf\"><div class=\"wpb_text_column\"><div class=\"wpb_wrapper\"><p><span style=\"font-weight: 400;\">Queremos mejorar la accesibilidad de las instalaciones deportivas en transporte p\u00fablico, bicicleta y a pie. Los carriles para bicicletas seguros, suficientes plazas de aparcamiento para bicicletas y un mejor horario de transporte p\u00fablico por las noches est\u00e1n destinados a facilitar la accesibilidad de las actividades deportivas para los miembros del club sin autom\u00f3vil.<\/span><\/p>\n<\/div><\/div><\/div><\/div><\/div><div class=\"w-tabs-section has_text_color\" id=\"l93d\" style=\"background:var(--color-header-transparent-text);color:var(--color-header-top-text-hover);\"><button class=\"w-tabs-section-header\" aria-controls=\"content-l93d\" aria-expanded=\"false\"><div class=\"w-tabs-section-title\">Establecimiento de un plan de desarrollo deportivo<\/div><div class=\"w-tabs-section-control\"><\/div><\/button><div  class=\"w-tabs-section-content\" id=\"content-l93d\"><div class=\"w-tabs-section-content-h i-cf\"><div class=\"wpb_text_column\"><div class=\"wpb_wrapper\"><p><span style=\"font-weight: 400;\">Para poder establecer el sector deportivo de Wiesbaden a largo plazo, queremos tener un plan de desarrollo deportivo elaborado: con este fin, las oportunidades deportivas existentes deben mostrarse primero en un inventario para luego desarrollar un plan sostenible para el deporte mediante el apoyo cient\u00edfico, la estrecha participaci\u00f3n de los clubes y la participaci\u00f3n ciudadana.<\/span><\/p>\n<\/div><\/div><\/div><\/div><\/div><div class=\"w-tabs-section has_text_color\" id=\"ma66\" style=\"background:var(--color-header-transparent-text);color:var(--color-header-top-text-hover);\"><button class=\"w-tabs-section-header\" aria-controls=\"content-ma66\" aria-expanded=\"false\"><div class=\"w-tabs-section-title\">Reconocimiento y promoci\u00f3n de los deportes electr\u00f3nicos<\/div><div class=\"w-tabs-section-control\"><\/div><\/button><div  class=\"w-tabs-section-content\" id=\"content-ma66\"><div class=\"w-tabs-section-content-h i-cf\"><div class=\"wpb_text_column\"><div class=\"wpb_wrapper\"><p><span style=\"font-weight: 400;\">El inter\u00e9s por los deportes electr\u00f3nicos \u2014la competici\u00f3n deportiva y organizada con juegos de ordenador\u2014 ha crecido significativamente en todo el mundo en los \u00faltimos a\u00f1os. El deporte electr\u00f3nico ha evolucionado de una cultura de nicho a una forma global de entretenimiento y tambi\u00e9n es cada vez m\u00e1s reconocido como un deporte serio en Alemania. Queremos promover los clubes de e-sports y presentar Wiesbaden como una ciudad anfitriona para futuras competiciones de e-sports.<\/span><\/p>\n<\/div><\/div><\/div><\/div><\/div><\/div><\/div><div class=\"w-separator size_medium\"><\/div><div class=\"w-btn-wrapper align_left\"><a class=\"w-btn us-btn-style_8 icon_atleft\" href=\"https:\/\/gruene-wiesbaden.de\/es\/kommunalwahl\/#Kapitel1\"><i class=\"fas fa-chevron-circle-right\"><\/i><span class=\"w-btn-label\">Volver a la descripci\u00f3n general<\/span><\/a><\/div><div class=\"w-separator size_large\"><\/div><div class=\"wpb_text_column\"><div class=\"wpb_wrapper\"><h1>Lo que ya hemos logrado<\/h1>\n<\/div><\/div><div class=\"w-separator size_medium\"><\/div><div class=\"w-tabs us_custom_42d693a0 has_text_color style_default switch_click accordion has_scrolling\" style=\"--sections-title-size:1.4rem\"><div class=\"w-tabs-sections titles-align_none icon_chevron cpos_right\"><div class=\"w-tabs-section has_text_color\" id=\"ue81\" style=\"background:var(--color-header-transparent-text);color:var(--color-header-top-text-hover);\"><button class=\"w-tabs-section-header\" aria-controls=\"content-ue81\" aria-expanded=\"false\"><div class=\"w-tabs-section-title\">Nuevo pabell\u00f3n deportivo Wettiner Stra\u00dfe y parque deportivo Rheinh\u00f6he<\/div><div class=\"w-tabs-section-control\"><\/div><\/button><div  class=\"w-tabs-section-content\" id=\"content-ue81\"><div class=\"w-tabs-section-content-h i-cf\"><div class=\"wpb_text_column\"><div class=\"wpb_wrapper\"><p><span style=\"font-weight: 400;\">En Wettinerstra\u00dfe se construy\u00f3 un nuevo, moderno y eficiente pabell\u00f3n deportivo para escuelas y clubes deportivos. La sala sin barreras y energ\u00e9ticamente eficiente beneficia a todo el centro escolar vocacional, pero tambi\u00e9n a numerosos clubes deportivos de Wiesbaden con nuevas y atractivas opciones de entrenamiento y eventos. Con el equipamiento de alta calidad del \u00e1rea de atletismo, la instalaci\u00f3n deportiva ha colocado una piedra angular para los deportes competitivos exitosos de Wiesbaden.<\/span><span style=\"font-weight: 400;\"><br \/>\n<\/span><span style=\"font-weight: 400;\">Con el inicio del nuevo edificio Rheinh\u00f6he, se est\u00e1 construyendo una instalaci\u00f3n deportiva ejemplar en t\u00e9rminos de sostenibilidad y eficiencia energ\u00e9tica, lo que hace posible la nataci\u00f3n, las saunas y el patinaje sobre hielo durante todo el a\u00f1o. El recinto deportivo ser\u00e1 f\u00e1cilmente accesible en transporte p\u00fablico y enriquecer\u00e1 Wiesbaden con una atracci\u00f3n.<\/span><\/p>\n<\/div><\/div><\/div><\/div><\/div><div class=\"w-tabs-section has_text_color\" id=\"ofaf\" style=\"background:var(--color-header-transparent-text);color:var(--color-header-top-text-hover);\"><button class=\"w-tabs-section-header\" aria-controls=\"content-ofaf\" aria-expanded=\"false\"><div class=\"w-tabs-section-title\">Conversi\u00f3n de terrenos duros en c\u00e9sped artificial<\/div><div class=\"w-tabs-section-control\"><\/div><\/button><div  class=\"w-tabs-section-content\" id=\"content-ofaf\"><div class=\"w-tabs-section-content-h i-cf\"><div class=\"wpb_text_column\"><div class=\"wpb_wrapper\"><p><span style=\"font-weight: 400;\">Dos lugares fueron convertidos cada a\u00f1o. Al hacerlo, se prescinde de los gr\u00e1nulos de caucho, lo que reduce el soborno micropl\u00e1stico. En comparaci\u00f3n con las canchas duras, las canchas de c\u00e9sped artificial protegen las articulaciones y reducen el riesgo de lesiones.<\/span><\/p>\n<\/div><\/div><\/div><\/div><\/div><div class=\"w-tabs-section has_text_color\" id=\"k10b\" style=\"background:var(--color-header-transparent-text);color:var(--color-header-top-text-hover);\"><button class=\"w-tabs-section-header\" aria-controls=\"content-k10b\" aria-expanded=\"false\"><div class=\"w-tabs-section-title\">Creaci\u00f3n del Grupo Operativo de F\u00fatbol<\/div><div class=\"w-tabs-section-control\"><\/div><\/button><div  class=\"w-tabs-section-content\" id=\"content-k10b\"><div class=\"w-tabs-section-content-h i-cf\"><div class=\"wpb_text_column\"><div class=\"wpb_wrapper\"><p><span style=\"font-weight: 400;\">En respuesta a la violencia entre los actores y al tratar con \u00e1rbitros en su mayor\u00eda voluntarios, en 2023 se cre\u00f3 un grupo de trabajo para abordar la cuesti\u00f3n de la violencia. Los delitos menores son recogidos. Se denuncia la violencia y los clubes son considerados conjuntamente responsables.<\/span><\/p>\n<\/div><\/div><\/div><\/div><\/div><div class=\"w-tabs-section has_text_color\" id=\"p242\" style=\"background:var(--color-header-middle-bg);color:var(--color-content-heading);\"><button class=\"w-tabs-section-header\" aria-controls=\"content-p242\" aria-expanded=\"false\"><div class=\"w-tabs-section-title\">Ampliaci\u00f3n de las instalaciones deportivas de uso gratuito<\/div><div class=\"w-tabs-section-control\"><\/div><\/button><div  class=\"w-tabs-section-content\" id=\"content-p242\"><div class=\"w-tabs-section-content-h i-cf\"><div class=\"wpb_text_column\"><div class=\"wpb_wrapper\"><p><span style=\"font-weight: 400;\">Se han construido instalaciones deportivas de libre acceso en varios lugares de la ciudad, donde las personas pueden entrenar de forma gratuita. Estos incluyen instalaciones de calistenia y patinaje, parques de entrenamiento y cajas deportivas con varios equipos peque\u00f1os para alquilar.<\/span><\/p>\n<\/div><\/div><\/div><\/div><\/div><div class=\"w-tabs-section has_text_color\" id=\"a38c\" style=\"background:var(--color-header-transparent-text);color:var(--color-header-top-text-hover);\"><button class=\"w-tabs-section-header\" aria-controls=\"content-a38c\" aria-expanded=\"false\"><div class=\"w-tabs-section-title\">Visita gratuita a la piscina durante las vacaciones en Hesse<\/div><div class=\"w-tabs-section-control\"><\/div><\/button><div  class=\"w-tabs-section-content\" id=\"content-a38c\"><div class=\"w-tabs-section-content-h i-cf\"><div class=\"wpb_text_column\"><div class=\"wpb_wrapper\"><p><span style=\"font-weight: 400;\">Desde diciembre de 2023, los ni\u00f1os y adolescentes de hasta 18 a\u00f1os han podido nadar de forma gratuita en muchas de las piscinas de Wiesbaden durante todas las vacaciones escolares de Hesse. La oferta es v\u00e1lida para la piscina al aire libre y cubierta Kleinfeldchen, la piscina de ocio Mainzer Stra\u00dfe, la piscina al aire libre Kallebad y la piscina al aire libre Maaraue.<\/span><\/p>\n<\/div><\/div><\/div><\/div><\/div><\/div><\/div><div class=\"w-separator size_medium\"><\/div><div class=\"w-btn-wrapper align_left\"><a class=\"w-btn us-btn-style_8 icon_atleft\" href=\"https:\/\/gruene-wiesbaden.de\/es\/kommunalwahl\/#Kapitel1\"><i class=\"fas fa-chevron-circle-right\"><\/i><span class=\"w-btn-label\">Volver a la descripci\u00f3n general<\/span><\/a><\/div><div class=\"w-separator size_large\"><\/div><\/div><\/div><\/div><\/div><\/section>","protected":false},"excerpt":{"rendered":"El deporte es m\u00e1s que ejercicio: es crucial para la salud f\u00edsica y mental de todas las edades, la calidad de vida y la cohesi\u00f3n social en nuestra ciudad. El deporte es omnipresente, desde las orillas del Rin hasta el bosque de la ciudad, con deportes recreativos o deportes de primera clase. Los clubes deportivos y las instalaciones deportivas recreativas crean importantes espacios sociales en los que se re\u00fanen una amplia variedad de personas. Cada a\u00f1o Wiesbaden se presenta con eventos deportivos...","protected":false},"author":1,"featured_media":1487,"comment_status":"closed","ping_status":"closed","sticky":false,"template":"","format":"standard","meta":{"footnotes":""},"categories":[14],"tags":[],"class_list":["post-1341","post","type-post","status-publish","format-standard","has-post-thumbnail","hentry","category-kapitel-1"],"yoast_head":"<!-- This site is optimized with the Yoast SEO plugin v27.5 - https:\/\/yoast.com\/product\/yoast-seo-wordpress\/ -->\n<title>Sport - B\u00dcNDNIS 90\/DIE GR\u00dcNEN Wiesbaden<\/title>\n<meta name=\"robots\" content=\"index, follow, max-snippet:-1, max-image-preview:large, max-video-preview:-1\" \/>\n<link rel=\"canonical\" href=\"https:\/\/gruene-wiesbaden.de\/es\/sport\/\" \/>\n<meta property=\"og:locale\" content=\"es_ES\" \/>\n<meta property=\"og:type\" content=\"article\" \/>\n<meta property=\"og:title\" content=\"Sport - B\u00dcNDNIS 90\/DIE GR\u00dcNEN Wiesbaden\" \/>\n<meta property=\"og:url\" content=\"https:\/\/gruene-wiesbaden.de\/es\/sport\/\" \/>\n<meta property=\"og:site_name\" content=\"B\u00dcNDNIS 90\/DIE GR\u00dcNEN Wiesbaden\" \/>\n<meta property=\"article:publisher\" content=\"https:\/\/www.facebook.com\/gruene.wi\" \/>\n<meta property=\"article:published_time\" content=\"2025-11-09T21:52:09+00:00\" \/>\n<meta property=\"article:modified_time\" content=\"2026-04-08T22:22:28+00:00\" \/>\n<meta property=\"og:image\" content=\"https:\/\/gruene-wiesbaden.de\/wp-content\/uploads\/2025\/11\/1.11-Sport-scaled.jpg\" \/>\n\t<meta property=\"og:image:width\" content=\"1707\" \/>\n\t<meta property=\"og:image:height\" content=\"2560\" \/>\n\t<meta property=\"og:image:type\" content=\"image\/jpeg\" \/>\n<meta name=\"author\" content=\"admin\" \/>\n<meta name=\"twitter:card\" content=\"summary_large_image\" \/>\n<meta name=\"twitter:label1\" content=\"Escrito por\" \/>\n\t<meta name=\"twitter:data1\" content=\"admin\" \/>\n\t<meta name=\"twitter:label2\" content=\"Tiempo de lectura\" \/>\n\t<meta name=\"twitter:data2\" content=\"8 minutes\" \/>\n<script type=\"application\/ld+json\" class=\"yoast-schema-graph\">{\"@context\":\"https:\\\/\\\/schema.org\",\"@graph\":[{\"@type\":\"Article\",\"@id\":\"https:\\\/\\\/gruene-wiesbaden.de\\\/sport\\\/#article\",\"isPartOf\":{\"@id\":\"https:\\\/\\\/gruene-wiesbaden.de\\\/sport\\\/\"},\"author\":{\"name\":\"admin\",\"@id\":\"https:\\\/\\\/gruene-wiesbaden.de\\\/#\\\/schema\\\/person\\\/6785c34779159cd4fd86886bb097afe9\"},\"headline\":\"Sport\",\"datePublished\":\"2025-11-09T21:52:09+00:00\",\"dateModified\":\"2026-04-08T22:22:28+00:00\",\"mainEntityOfPage\":{\"@id\":\"https:\\\/\\\/gruene-wiesbaden.de\\\/sport\\\/\"},\"wordCount\":2292,\"publisher\":{\"@id\":\"https:\\\/\\\/gruene-wiesbaden.de\\\/#organization\"},\"image\":{\"@id\":\"https:\\\/\\\/gruene-wiesbaden.de\\\/sport\\\/#primaryimage\"},\"thumbnailUrl\":\"https:\\\/\\\/gruene-wiesbaden.de\\\/wp-content\\\/uploads\\\/2025\\\/11\\\/1.11-Sport-scaled.jpg\",\"articleSection\":[\"Kapitel 1\"],\"inLanguage\":\"es-ES\"},{\"@type\":\"WebPage\",\"@id\":\"https:\\\/\\\/gruene-wiesbaden.de\\\/sport\\\/\",\"url\":\"https:\\\/\\\/gruene-wiesbaden.de\\\/sport\\\/\",\"name\":\"Sport - B\u00dcNDNIS 90\\\/DIE GR\u00dcNEN Wiesbaden\",\"isPartOf\":{\"@id\":\"https:\\\/\\\/gruene-wiesbaden.de\\\/#website\"},\"primaryImageOfPage\":{\"@id\":\"https:\\\/\\\/gruene-wiesbaden.de\\\/sport\\\/#primaryimage\"},\"image\":{\"@id\":\"https:\\\/\\\/gruene-wiesbaden.de\\\/sport\\\/#primaryimage\"},\"thumbnailUrl\":\"https:\\\/\\\/gruene-wiesbaden.de\\\/wp-content\\\/uploads\\\/2025\\\/11\\\/1.11-Sport-scaled.jpg\",\"datePublished\":\"2025-11-09T21:52:09+00:00\",\"dateModified\":\"2026-04-08T22:22:28+00:00\",\"breadcrumb\":{\"@id\":\"https:\\\/\\\/gruene-wiesbaden.de\\\/sport\\\/#breadcrumb\"},\"inLanguage\":\"es-ES\",\"potentialAction\":[{\"@type\":\"ReadAction\",\"target\":[\"https:\\\/\\\/gruene-wiesbaden.de\\\/sport\\\/\"]}]},{\"@type\":\"ImageObject\",\"inLanguage\":\"es-ES\",\"@id\":\"https:\\\/\\\/gruene-wiesbaden.de\\\/sport\\\/#primaryimage\",\"url\":\"https:\\\/\\\/gruene-wiesbaden.de\\\/wp-content\\\/uploads\\\/2025\\\/11\\\/1.11-Sport-scaled.jpg\",\"contentUrl\":\"https:\\\/\\\/gruene-wiesbaden.de\\\/wp-content\\\/uploads\\\/2025\\\/11\\\/1.11-Sport-scaled.jpg\",\"width\":1707,\"height\":2560},{\"@type\":\"BreadcrumbList\",\"@id\":\"https:\\\/\\\/gruene-wiesbaden.de\\\/sport\\\/#breadcrumb\",\"itemListElement\":[{\"@type\":\"ListItem\",\"position\":1,\"name\":\"Startseite\",\"item\":\"https:\\\/\\\/gruene-wiesbaden.de\\\/\"},{\"@type\":\"ListItem\",\"position\":2,\"name\":\"Sport\"}]},{\"@type\":\"WebSite\",\"@id\":\"https:\\\/\\\/gruene-wiesbaden.de\\\/#website\",\"url\":\"https:\\\/\\\/gruene-wiesbaden.de\\\/\",\"name\":\"DIE GR\u00dcNEN Wiesbaden\",\"description\":\"\",\"publisher\":{\"@id\":\"https:\\\/\\\/gruene-wiesbaden.de\\\/#organization\"},\"potentialAction\":[{\"@type\":\"SearchAction\",\"target\":{\"@type\":\"EntryPoint\",\"urlTemplate\":\"https:\\\/\\\/gruene-wiesbaden.de\\\/?s={search_term_string}\"},\"query-input\":{\"@type\":\"PropertyValueSpecification\",\"valueRequired\":true,\"valueName\":\"search_term_string\"}}],\"inLanguage\":\"es-ES\"},{\"@type\":\"Organization\",\"@id\":\"https:\\\/\\\/gruene-wiesbaden.de\\\/#organization\",\"name\":\"DIE GR\u00dcNEN Wiesbaden\",\"url\":\"https:\\\/\\\/gruene-wiesbaden.de\\\/\",\"logo\":{\"@type\":\"ImageObject\",\"inLanguage\":\"es-ES\",\"@id\":\"https:\\\/\\\/gruene-wiesbaden.de\\\/#\\\/schema\\\/logo\\\/image\\\/\",\"url\":\"https:\\\/\\\/gruene-wiesbaden-fuer-europa.de\\\/wp-content\\\/uploads\\\/2024\\\/04\\\/Machen-was-zaehlt-5.png\",\"contentUrl\":\"https:\\\/\\\/gruene-wiesbaden-fuer-europa.de\\\/wp-content\\\/uploads\\\/2024\\\/04\\\/Machen-was-zaehlt-5.png\",\"width\":1772,\"height\":1772,\"caption\":\"DIE GR\u00dcNEN Wiesbaden\"},\"image\":{\"@id\":\"https:\\\/\\\/gruene-wiesbaden.de\\\/#\\\/schema\\\/logo\\\/image\\\/\"},\"sameAs\":[\"https:\\\/\\\/www.facebook.com\\\/gruene.wi\",\"https:\\\/\\\/instagram.com\\\/gruene_wi\"]},{\"@type\":\"Person\",\"@id\":\"https:\\\/\\\/gruene-wiesbaden.de\\\/#\\\/schema\\\/person\\\/6785c34779159cd4fd86886bb097afe9\",\"name\":\"admin\",\"sameAs\":[\"http:\\\/\\\/gruene-wiesbaden-fuer-europa.de\"],\"url\":\"https:\\\/\\\/gruene-wiesbaden.de\\\/es\\\/author\\\/admin\\\/\"}]}<\/script>\n<!-- \/ Yoast SEO plugin. -->","yoast_head_json":{"title":"Sport - B\u00dcNDNIS 90\/DIE GR\u00dcNEN Wiesbaden","robots":{"index":"index","follow":"follow","max-snippet":"max-snippet:-1","max-image-preview":"max-image-preview:large","max-video-preview":"max-video-preview:-1"},"canonical":"https:\/\/gruene-wiesbaden.de\/es\/sport\/","og_locale":"es_ES","og_type":"article","og_title":"Sport - B\u00dcNDNIS 90\/DIE GR\u00dcNEN Wiesbaden","og_url":"https:\/\/gruene-wiesbaden.de\/es\/sport\/","og_site_name":"B\u00dcNDNIS 90\/DIE GR\u00dcNEN Wiesbaden","article_publisher":"https:\/\/www.facebook.com\/gruene.wi","article_published_time":"2025-11-09T21:52:09+00:00","article_modified_time":"2026-04-08T22:22:28+00:00","og_image":[{"width":1707,"height":2560,"url":"https:\/\/gruene-wiesbaden.de\/wp-content\/uploads\/2025\/11\/1.11-Sport-scaled.jpg","type":"image\/jpeg"}],"author":"admin","twitter_card":"summary_large_image","twitter_misc":{"Escrito por":"admin","Tiempo de lectura":"8 minutes"},"schema":{"@context":"https:\/\/schema.org","@graph":[{"@type":"Article","@id":"https:\/\/gruene-wiesbaden.de\/sport\/#article","isPartOf":{"@id":"https:\/\/gruene-wiesbaden.de\/sport\/"},"author":{"name":"admin","@id":"https:\/\/gruene-wiesbaden.de\/#\/schema\/person\/6785c34779159cd4fd86886bb097afe9"},"headline":"Sport","datePublished":"2025-11-09T21:52:09+00:00","dateModified":"2026-04-08T22:22:28+00:00","mainEntityOfPage":{"@id":"https:\/\/gruene-wiesbaden.de\/sport\/"},"wordCount":2292,"publisher":{"@id":"https:\/\/gruene-wiesbaden.de\/#organization"},"image":{"@id":"https:\/\/gruene-wiesbaden.de\/sport\/#primaryimage"},"thumbnailUrl":"https:\/\/gruene-wiesbaden.de\/wp-content\/uploads\/2025\/11\/1.11-Sport-scaled.jpg","articleSection":["Kapitel 1"],"inLanguage":"es-ES"},{"@type":"WebPage","@id":"https:\/\/gruene-wiesbaden.de\/sport\/","url":"https:\/\/gruene-wiesbaden.de\/sport\/","name":"Sport - B\u00dcNDNIS 90\/DIE GR\u00dcNEN Wiesbaden","isPartOf":{"@id":"https:\/\/gruene-wiesbaden.de\/#website"},"primaryImageOfPage":{"@id":"https:\/\/gruene-wiesbaden.de\/sport\/#primaryimage"},"image":{"@id":"https:\/\/gruene-wiesbaden.de\/sport\/#primaryimage"},"thumbnailUrl":"https:\/\/gruene-wiesbaden.de\/wp-content\/uploads\/2025\/11\/1.11-Sport-scaled.jpg","datePublished":"2025-11-09T21:52:09+00:00","dateModified":"2026-04-08T22:22:28+00:00","breadcrumb":{"@id":"https:\/\/gruene-wiesbaden.de\/sport\/#breadcrumb"},"inLanguage":"es-ES","potentialAction":[{"@type":"ReadAction","target":["https:\/\/gruene-wiesbaden.de\/sport\/"]}]},{"@type":"ImageObject","inLanguage":"es-ES","@id":"https:\/\/gruene-wiesbaden.de\/sport\/#primaryimage","url":"https:\/\/gruene-wiesbaden.de\/wp-content\/uploads\/2025\/11\/1.11-Sport-scaled.jpg","contentUrl":"https:\/\/gruene-wiesbaden.de\/wp-content\/uploads\/2025\/11\/1.11-Sport-scaled.jpg","width":1707,"height":2560},{"@type":"BreadcrumbList","@id":"https:\/\/gruene-wiesbaden.de\/sport\/#breadcrumb","itemListElement":[{"@type":"ListItem","position":1,"name":"Startseite","item":"https:\/\/gruene-wiesbaden.de\/"},{"@type":"ListItem","position":2,"name":"Sport"}]},{"@type":"WebSite","@id":"https:\/\/gruene-wiesbaden.de\/#website","url":"https:\/\/gruene-wiesbaden.de\/","name":"DIE GR\u00dcNEN Wiesbaden","description":"","publisher":{"@id":"https:\/\/gruene-wiesbaden.de\/#organization"},"potentialAction":[{"@type":"SearchAction","target":{"@type":"EntryPoint","urlTemplate":"https:\/\/gruene-wiesbaden.de\/?s={search_term_string}"},"query-input":{"@type":"PropertyValueSpecification","valueRequired":true,"valueName":"search_term_string"}}],"inLanguage":"es-ES"},{"@type":"Organization","@id":"https:\/\/gruene-wiesbaden.de\/#organization","name":"DIE GR\u00dcNEN Wiesbaden","url":"https:\/\/gruene-wiesbaden.de\/","logo":{"@type":"ImageObject","inLanguage":"es-ES","@id":"https:\/\/gruene-wiesbaden.de\/#\/schema\/logo\/image\/","url":"https:\/\/gruene-wiesbaden-fuer-europa.de\/wp-content\/uploads\/2024\/04\/Machen-was-zaehlt-5.png","contentUrl":"https:\/\/gruene-wiesbaden-fuer-europa.de\/wp-content\/uploads\/2024\/04\/Machen-was-zaehlt-5.png","width":1772,"height":1772,"caption":"DIE GR\u00dcNEN Wiesbaden"},"image":{"@id":"https:\/\/gruene-wiesbaden.de\/#\/schema\/logo\/image\/"},"sameAs":["https:\/\/www.facebook.com\/gruene.wi","https:\/\/instagram.com\/gruene_wi"]},{"@type":"Person","@id":"https:\/\/gruene-wiesbaden.de\/#\/schema\/person\/6785c34779159cd4fd86886bb097afe9","name":"admin","sameAs":["http:\/\/gruene-wiesbaden-fuer-europa.de"],"url":"https:\/\/gruene-wiesbaden.de\/es\/author\/admin\/"}]}},"_links":{"self":[{"href":"https:\/\/gruene-wiesbaden.de\/es\/wp-json\/wp\/v2\/posts\/1341","targetHints":{"allow":["GET"]}}],"collection":[{"href":"https:\/\/gruene-wiesbaden.de\/es\/wp-json\/wp\/v2\/posts"}],"about":[{"href":"https:\/\/gruene-wiesbaden.de\/es\/wp-json\/wp\/v2\/types\/post"}],"author":[{"embeddable":true,"href":"https:\/\/gruene-wiesbaden.de\/es\/wp-json\/wp\/v2\/users\/1"}],"replies":[{"embeddable":true,"href":"https:\/\/gruene-wiesbaden.de\/es\/wp-json\/wp\/v2\/comments?post=1341"}],"version-history":[{"count":8,"href":"https:\/\/gruene-wiesbaden.de\/es\/wp-json\/wp\/v2\/posts\/1341\/revisions"}],"predecessor-version":[{"id":2377,"href":"https:\/\/gruene-wiesbaden.de\/es\/wp-json\/wp\/v2\/posts\/1341\/revisions\/2377"}],"wp:featuredmedia":[{"embeddable":true,"href":"https:\/\/gruene-wiesbaden.de\/es\/wp-json\/wp\/v2\/media\/1487"}],"wp:attachment":[{"href":"https:\/\/gruene-wiesbaden.de\/es\/wp-json\/wp\/v2\/media?parent=1341"}],"wp:term":[{"taxonomy":"category","embeddable":true,"href":"https:\/\/gruene-wiesbaden.de\/es\/wp-json\/wp\/v2\/categories?post=1341"},{"taxonomy":"post_tag","embeddable":true,"href":"https:\/\/gruene-wiesbaden.de\/es\/wp-json\/wp\/v2\/tags?post=1341"}],"curies":[{"name":"wp","href":"https:\/\/api.w.org\/{rel}","templated":true}]}}