{"id":1339,"date":"2025-11-09T23:51:08","date_gmt":"2025-11-09T21:51:08","guid":{"rendered":"https:\/\/gruene-wiesbaden.de\/?p=1339"},"modified":"2026-04-09T00:20:26","modified_gmt":"2026-04-08T22:20:26","slug":"gesundheit-und-pflege","status":"publish","type":"post","link":"https:\/\/gruene-wiesbaden.de\/es\/gesundheit-und-pflege\/","title":{"rendered":"Salud y atenci\u00f3n"},"content":{"rendered":"<section class=\"l-section wpb_row height_medium with_img\"><div class=\"l-section-img\" role=\"img\" data-img-width=\"1080\" data-img-height=\"800\" style=\"background-image: url(https:\/\/gruene-wiesbaden.de\/wp-content\/uploads\/2025\/11\/neuer-Verlauf-gruene-wiesbaden.de_-2-e1762709402177.png);\"><\/div><div class=\"l-section-overlay\" style=\"background:var(--color-header-top-transparent-bg)\"><\/div><div class=\"l-section-h i-cf\"><div class=\"g-cols vc_row via_grid cols_1 laptops-cols_inherit tablets-cols_inherit mobiles-cols_1 valign_top type_default stacking_default\"><div class=\"wpb_column vc_column_container\"><div class=\"vc_column-inner\"><h1 class=\"w-post-elm post_title us_custom_a574d586 has_text_color entry-title\">Salud y atenci\u00f3n<\/h1><div class=\"w-separator size_medium\"><\/div><div class=\"g-cols wpb_row via_grid cols_2-1 laptops-cols_inherit tablets-cols_inherit mobiles-cols_1 valign_top type_default stacking_default\" style=\"--columns-gap:3rem;\"><div class=\"wpb_column vc_column_container\"><div class=\"vc_column-inner\"><div class=\"wpb_text_column us_custom_8b3d6790 has_text_color\"><div class=\"wpb_wrapper\"><p><span style=\"font-weight: 400;\">La salud es un derecho humano. Por lo tanto, la asistencia sanitaria no debe utilizarse para maximizar los beneficios, sino que debe ser accesible a todas las personas, independientemente de su origen, ingresos y estado de seguro. La atenci\u00f3n m\u00e9dica municipal efectiva y equitativa con pr\u00e1cticas locales, promoci\u00f3n hol\u00edstica de la salud y estructuras resistentes al clima garantiza la calidad de vida de todos los residentes de Wiesbaden. Especialmente en tiempos de cambio demogr\u00e1fico y crisis clim\u00e1tica, necesitamos una pol\u00edtica de salud con visi\u00f3n de futuro que no deje a nadie atr\u00e1s y est\u00e9 preparada para los desaf\u00edos del futuro. Esto incluye, en particular, las medidas de adaptaci\u00f3n al cambio clim\u00e1tico y protecci\u00f3n del clima, ya que la protecci\u00f3n del clima es protecci\u00f3n de la salud. El objetivo es un clima urbano saludable para todos los residentes.<\/span><\/p>\n<\/div><\/div><div class=\"w-separator size_medium\"><\/div><div class=\"w-btn-wrapper align_left\"><a class=\"w-btn us-btn-style_8 icon_atleft\" href=\"https:\/\/gruene-wiesbaden.de\/es\/kommunalwahl\/#Kapitel1\"><i class=\"fas fa-chevron-circle-right\"><\/i><span class=\"w-btn-label\">Volver a la descripci\u00f3n general<\/span><\/a><\/div><\/div><\/div><div class=\"wpb_column vc_column_container\"><div class=\"vc_column-inner\"><div class=\"w-image align_center\"><div class=\"w-image-h\"><img decoding=\"async\" width=\"2560\" height=\"1707\" src=\"https:\/\/gruene-wiesbaden.de\/wp-content\/uploads\/2025\/11\/1.10.-Gesundheit-und-Pflege-scaled.jpg\" class=\"attachment-full size-full\" alt=\"\" loading=\"lazy\" srcset=\"https:\/\/gruene-wiesbaden.de\/wp-content\/uploads\/2025\/11\/1.10.-Gesundheit-und-Pflege-scaled.jpg 2560w, https:\/\/gruene-wiesbaden.de\/wp-content\/uploads\/2025\/11\/1.10.-Gesundheit-und-Pflege-400x267.jpg 400w, https:\/\/gruene-wiesbaden.de\/wp-content\/uploads\/2025\/11\/1.10.-Gesundheit-und-Pflege-600x400.jpg 600w\" sizes=\"auto, (max-width: 2560px) 100vw, 2560px\" \/><\/div><\/div><div class=\"w-separator size_small\"><\/div><\/div><\/div><\/div><div class=\"w-separator size_medium\"><\/div><div class=\"w-separator size_medium\"><\/div><div class=\"wpb_text_column\"><div class=\"wpb_wrapper\"><h1>Lo que la salud y la atenci\u00f3n m\u00e9dica significan para nosotros<\/h1>\n<\/div><\/div><div class=\"w-separator size_large\"><\/div><div class=\"g-cols wpb_row via_grid cols_2 laptops-cols_inherit tablets-cols_inherit mobiles-cols_1 valign_top type_default stacking_default\" style=\"--columns-gap:3rem;\"><div class=\"wpb_column vc_column_container\"><div class=\"vc_column-inner\"><div class=\"w-iconbox us_custom_8b3d6790 has_text_color iconpos_left style_default color_custom align_left\"><div class=\"w-iconbox-icon\" style=\"font-size:2rem;--icon-color:#Ffffff;--icon-bg-color:var(--color-header-middle-bg);\"><i class=\"fas fa-layer-group\"><\/i><\/div><div class=\"w-iconbox-meta\"><h4 class=\"w-iconbox-title\" style=\"font-size:1.5rem;\">Mant\u00e9ngase saludable<\/h4><div class=\"w-iconbox-text\"><p><span style=\"font-weight: 400;\">Prevenir enfermedades es mejor que tratarlas: Estamos comprometidos con medidas integrales de prevenci\u00f3n y promoci\u00f3n de la salud en todos los \u00e1mbitos de la vida.<\/span><\/p>\n<\/div><\/div><\/div><\/div><\/div><div class=\"wpb_column vc_column_container\"><div class=\"vc_column-inner\"><div class=\"w-iconbox us_custom_8b3d6790 has_text_color iconpos_left style_default color_custom align_left\"><div class=\"w-iconbox-icon\" style=\"font-size:2rem;--icon-color:#Ffffff;--icon-bg-color:var(--color-header-transparent-text);\"><i class=\"fas fa-layer-group\"><\/i><\/div><div class=\"w-iconbox-meta\"><h4 class=\"w-iconbox-title\" style=\"font-size:1.5rem;\">Buen cuidado para todos<\/h4><div class=\"w-iconbox-text\"><p><span style=\"font-weight: 400;\">La asistencia sanitaria adecuada debe ser accesible para todos, independientemente del origen, los ingresos y el estado del seguro.<\/span><\/p>\n<\/div><\/div><\/div><\/div><\/div><\/div><div class=\"w-separator size_medium\"><\/div><div class=\"g-cols wpb_row via_grid cols_2 laptops-cols_inherit tablets-cols_inherit mobiles-cols_1 valign_top type_default stacking_default\" style=\"--columns-gap:3rem;\"><div class=\"wpb_column vc_column_container\"><div class=\"vc_column-inner\"><div class=\"w-iconbox us_custom_8b3d6790 has_text_color iconpos_left style_default color_custom align_left\"><div class=\"w-iconbox-icon\" style=\"font-size:2rem;--icon-color:#Ffffff;--icon-bg-color:var(--color-header-middle-bg);\"><i class=\"fas fa-layer-group\"><\/i><\/div><div class=\"w-iconbox-meta\"><h4 class=\"w-iconbox-title\" style=\"font-size:1.5rem;\">Saludable en el barrio<\/h4><div class=\"w-iconbox-text\"><p><span style=\"font-weight: 400;\">La escasez de trabajadores cualificados es un reto importante. La colaboraci\u00f3n local entre equipos de atenci\u00f3n, m\u00e9dicos, farmacias y otros profesionales de la salud puede unir fuerzas y mejorar la atenci\u00f3n.<\/span><\/p>\n<\/div><\/div><\/div><\/div><\/div><div class=\"wpb_column vc_column_container\"><div class=\"vc_column-inner\"><div class=\"w-iconbox us_custom_8b3d6790 has_text_color iconpos_left style_default color_custom align_left\"><div class=\"w-iconbox-icon\" style=\"font-size:2rem;--icon-color:#Ffffff;--icon-bg-color:var(--color-header-transparent-text);\"><i class=\"fas fa-layer-group\"><\/i><\/div><div class=\"w-iconbox-meta\"><h4 class=\"w-iconbox-title\" style=\"font-size:1.5rem;\">La protecci\u00f3n del clima es protecci\u00f3n de la salud<\/h4><div class=\"w-iconbox-text\"><p><span style=\"font-weight: 400;\">Quienes protegen el clima urbano tambi\u00e9n protegen a las personas que viven all\u00ed. Estamos comprometidos a mejorar la protecci\u00f3n contra el calor, aumentar la calidad del aire y promover la infraestructura verde.<\/span><\/p>\n<\/div><\/div><\/div><\/div><\/div><\/div><div class=\"w-separator size_medium\"><\/div><div class=\"w-btn-wrapper align_left\"><a class=\"w-btn us-btn-style_8 icon_atleft\" href=\"https:\/\/gruene-wiesbaden.de\/es\/kommunalwahl\/#Kapitel1\"><i class=\"fas fa-chevron-circle-right\"><\/i><span class=\"w-btn-label\">Volver a la descripci\u00f3n general<\/span><\/a><\/div><div class=\"w-separator size_medium\"><\/div><\/div><\/div><\/div><\/div><\/section><section class=\"l-section wpb_row height_auto with_img\"><div class=\"l-section-img\" role=\"img\" data-img-width=\"2560\" data-img-height=\"1707\" style=\"background-image: url(https:\/\/gruene-wiesbaden.de\/wp-content\/uploads\/2025\/11\/1.10.-Gesundheit-und-Pflege-scaled.jpg);background-repeat: no-repeat;\"><\/div><div class=\"l-section-overlay\" style=\"background:var(--color-header-top-transparent-bg)\"><\/div><div class=\"l-section-h i-cf\"><div class=\"g-cols vc_row via_grid cols_1 laptops-cols_inherit tablets-cols_inherit mobiles-cols_1 valign_middle type_default stacking_default\" style=\"--columns-gap:1rem;\"><div class=\"wpb_column vc_column_container\"><div class=\"vc_column-inner\"><div class=\"w-separator size_large\"><\/div><div class=\"wpb_text_column background_inside_text\"><div class=\"wpb_wrapper\"><h1>Lo que queremos hacer espec\u00edficamente en esta \u00e1rea<\/h1>\n<\/div><\/div><div class=\"w-separator size_medium\"><\/div><div class=\"w-tabs us_custom_42d693a0 has_text_color style_default switch_click accordion has_scrolling\" style=\"--sections-title-size:1.4rem\"><div class=\"w-tabs-sections titles-align_none icon_chevron cpos_right\"><div class=\"w-tabs-section has_text_color\" id=\"ac28\" style=\"background:var(--color-header-transparent-text);color:var(--color-header-top-text-hover);\"><button class=\"w-tabs-section-header\" aria-controls=\"content-ac28\" aria-expanded=\"false\"><div class=\"w-tabs-section-title\">Reforzar la prevenci\u00f3n y la promoci\u00f3n de la salud<\/div><div class=\"w-tabs-section-control\"><\/div><\/button><div  class=\"w-tabs-section-content\" id=\"content-ac28\"><div class=\"w-tabs-section-content-h i-cf\"><div class=\"wpb_text_column\"><div class=\"wpb_wrapper\"><p><span style=\"font-weight: 400;\">Una dieta saludable es un requisito previo esencial para una vida saludable.<\/span><\/p>\n<p><span style=\"font-weight: 400;\">Queremos fortalecer la educaci\u00f3n y la informaci\u00f3n sobre nutrici\u00f3n saludable en guarder\u00edas, escuelas y centros para padres de ni\u00f1os (KiEZe). El KiEZe ofrece asesoramiento, informaci\u00f3n y reuniones de bajo umbral en Wiesbaden y tambi\u00e9n puede ser un importante punto de contacto para preguntas en el campo de la nutrici\u00f3n y el ejercicio.<\/span><\/p>\n<p><span style=\"font-weight: 400;\">Las kitas y las escuelas con su propia cocina deben poder ofrecer comidas frescas, regionales y equilibradas de acuerdo con las normas de la DGE. Queremos crear la infraestructura necesaria para ello. El ejercicio tambi\u00e9n es parte de la salud: Estamos comprometidos con el ciclismo seguro y caminos escolares, m\u00e1s lugares de juego y deportes gratuitos, as\u00ed como el acceso gratuito a la piscina para ni\u00f1os y adolescentes durante las vacaciones.<\/span><\/p>\n<\/div><\/div><\/div><\/div><\/div><div class=\"w-tabs-section has_text_color\" id=\"ad55\" style=\"background:var(--color-header-transparent-text);color:var(--color-header-top-text-hover);\"><button class=\"w-tabs-section-header\" aria-controls=\"content-ad55\" aria-expanded=\"false\"><div class=\"w-tabs-section-title\">Mejorar la atenci\u00f3n primaria y la atenci\u00f3n pedi\u00e1trica<\/div><div class=\"w-tabs-section-control\"><\/div><\/button><div  class=\"w-tabs-section-content\" id=\"content-ad55\"><div class=\"w-tabs-section-content-h i-cf\"><div class=\"wpb_text_column\"><div class=\"wpb_wrapper\"><p><span style=\"font-weight: 400;\">Hay una tendencia a la concentraci\u00f3n de las pr\u00e1cticas de GP en el centro de la ciudad, por lo que abogamos por GP siempre que sea posible en todos los distritos. La buena accesibilidad y las distancias cortas son importantes, especialmente para los enfermos cr\u00f3nicos y los ancianos.<\/span><\/p>\n<p><span style=\"font-weight: 400;\">Estamos comprometidos a brindar atenci\u00f3n local, accesible y basada en las necesidades para ni\u00f1os y adolescentes, tanto ambulatorios como hospitalizados. El Hospital de Ni\u00f1os de la HSK debe garantizar una atenci\u00f3n confiable. Queremos que se reanude y contin\u00fae la \u00abmesa redonda\u00bb sobre el Hospital Infantil HSK.<\/span><\/p>\n<\/div><\/div><\/div><\/div><\/div><div class=\"w-tabs-section has_text_color\" id=\"ze6f\" style=\"background:var(--color-header-transparent-text);color:var(--color-header-top-text-hover);\"><button class=\"w-tabs-section-header\" aria-controls=\"content-ze6f\" aria-expanded=\"false\"><div class=\"w-tabs-section-title\">Mejorar la atenci\u00f3n psicoterap\u00e9utica<\/div><div class=\"w-tabs-section-control\"><\/div><\/button><div  class=\"w-tabs-section-content\" id=\"content-ze6f\"><div class=\"w-tabs-section-content-h i-cf\"><div class=\"wpb_text_column\"><div class=\"wpb_wrapper\"><p><span style=\"font-weight: 400;\">Actualmente, hay una falta de lugares de terapia cuando hay una alta demanda y se producen largos tiempos de espera. Estamos comprometidos a proporcionar atenci\u00f3n basada en las necesidades para todos los grupos de edad, especialmente ni\u00f1os y j\u00f3venes. Para las personas con enfermedades mentales, queremos ampliar los servicios de apoyo, mejorar el alivio de la crisis y fortalecer la participaci\u00f3n. A trav\u00e9s de la educaci\u00f3n y la cooperaci\u00f3n con grupos de autoayuda, las enfermedades mentales deben ser desestigmatizadas.<\/span><\/p>\n<\/div><\/div><\/div><\/div><\/div><div class=\"w-tabs-section has_text_color\" id=\"xf95\" style=\"background:var(--color-header-middle-bg);color:var(--color-content-heading);\"><button class=\"w-tabs-section-header\" aria-controls=\"content-xf95\" aria-expanded=\"false\"><div class=\"w-tabs-section-title\">Enfermer\u00eda en Wiesbaden: basado en las necesidades, autodeterminado e inclusivo<\/div><div class=\"w-tabs-section-control\"><\/div><\/button><div  class=\"w-tabs-section-content\" id=\"content-xf95\"><div class=\"w-tabs-section-content-h i-cf\"><div class=\"wpb_text_column\"><div class=\"wpb_wrapper\"><p><span style=\"font-weight: 400;\">Queremos garantizar y ampliar la gama de atenci\u00f3n hospitalaria en Wiesbaden. A trav\u00e9s de una buena red de servicios ambulatorios, queremos fortalecer la atenci\u00f3n autodeterminada y residencial en los distritos, por ejemplo, a trav\u00e9s de grupos de atenci\u00f3n y comunidades residenciales. Apoyamos la atenci\u00f3n culturalmente sensible y queremos ampliar las ofertas espec\u00edficas para diferentes grupos de poblaci\u00f3n.<\/span><\/p>\n<p><span style=\"font-weight: 400;\">Queremos continuar con la planificaci\u00f3n municipal del cuidado de ancianos y desarrollar conceptos para diferentes formas de cuidado. Queremos ampliar las posibilidades de atenci\u00f3n domiciliaria y aliviar a los familiares que cuidan, por ejemplo, a trav\u00e9s de plazas de guarder\u00eda adicionales.<\/span><\/p>\n<\/div><\/div><\/div><\/div><\/div><div class=\"w-tabs-section has_text_color\" id=\"b0c6\" style=\"background:var(--color-header-transparent-text);color:var(--color-header-top-text-hover);\"><button class=\"w-tabs-section-header\" aria-controls=\"content-b0c6\" aria-expanded=\"false\"><div class=\"w-tabs-section-title\">Enfermer\u00eda en Wiesbaden: Formaci\u00f3n y aseguramiento de trabajadores cualificados<\/div><div class=\"w-tabs-section-control\"><\/div><\/button><div  class=\"w-tabs-section-content\" id=\"content-b0c6\"><div class=\"w-tabs-section-content-h i-cf\"><div class=\"wpb_text_column\"><div class=\"wpb_wrapper\"><p><span style=\"font-weight: 400;\">En el marco de las posibilidades municipales, estamos comprometidos con una oferta suficiente de escuelas de enfermer\u00eda y plazas de formaci\u00f3n en Wiesbaden. Queremos aumentar el atractivo de las profesiones de enfermer\u00eda, por ejemplo, a trav\u00e9s de billetes de trabajo, mejores opciones de alojamiento, como viviendas subvencionadas para aprendices y servicios flexibles de cuidado de ni\u00f1os.<\/span><\/p>\n<\/div><\/div><\/div><\/div><\/div><div class=\"w-tabs-section has_text_color\" id=\"e1fd\" style=\"background:var(--color-header-middle-bg);color:var(--color-header-middle-text);\"><button class=\"w-tabs-section-header\" aria-controls=\"content-e1fd\" aria-expanded=\"false\"><div class=\"w-tabs-section-title\">Gente sana en una ciudad sana<\/div><div class=\"w-tabs-section-control\"><\/div><\/button><div  class=\"w-tabs-section-content\" id=\"content-e1fd\"><div class=\"w-tabs-section-content-h i-cf\"><div class=\"wpb_text_column\"><div class=\"wpb_wrapper\"><p><span style=\"font-weight: 400;\">El plan de acci\u00f3n municipal contra el calor debe desarrollarse e implementarse de manera consistente. Queremos disponer de suficientes pozos de agua potable en los espacios p\u00fablicos proporcionados por la ciudad y ampliar el \u00abmapa de lugares frescos\u00bb haciendo a\u00fan m\u00e1s accesibles los edificios p\u00fablicos y eclesi\u00e1sticos. Al construir en espacios p\u00fablicos, se deben tener en cuenta los efectos del calor en la salud. La informaci\u00f3n y la informaci\u00f3n comprensible se facilitar\u00e1n, en particular, a los grupos desfavorecidos y vulnerables.<\/span><\/p>\n<p><span style=\"font-weight: 400;\">Queremos reducir el ruido de los aviones: Para los suburbios de AKK, se necesita una coordinaci\u00f3n activa con el pa\u00eds para mejorar los planes de ruta de vuelo del aeropuerto de Frankfurt. Adem\u00e1s, queremos desarrollar un concepto para reducir la contaminaci\u00f3n lum\u00ednica y mejorar continuamente la calidad del aire en Wiesbaden.<\/span><\/p>\n<p><span style=\"font-weight: 400;\">La propagaci\u00f3n del mosquito tigre asi\u00e1tico, que puede transmitir enfermedades graves, debe seguir combati\u00e9ndose resueltamente en estrecha cooperaci\u00f3n con la autoridad sanitaria.<\/span><\/p>\n<\/div><\/div><\/div><\/div><\/div><div class=\"w-tabs-section has_text_color\" id=\"g327\" style=\"background:var(--color-header-transparent-text);color:var(--color-header-top-text-hover);\"><button class=\"w-tabs-section-header\" aria-controls=\"content-g327\" aria-expanded=\"false\"><div class=\"w-tabs-section-title\">Promover y ampliar las soluciones de vecindad<\/div><div class=\"w-tabs-section-control\"><\/div><\/button><div  class=\"w-tabs-section-content\" id=\"content-g327\"><div class=\"w-tabs-section-content-h i-cf\"><div class=\"wpb_text_column\"><div class=\"wpb_wrapper\"><p><span style=\"font-weight: 400;\">Con el fin de cerrar las brechas de suministro y garantizar un suministro cerca de casa, confiamos en las redes y los puntos de coordinaci\u00f3n en el distrito. Queremos apoyar activamente la creaci\u00f3n de redes de agentes sanitarios locales.<\/span><\/p>\n<p><span style=\"font-weight: 400;\">Por ello, nos hemos comprometido a mejorar las condiciones marco de los \u00abproyectos faro\u00bb, como el curandum e.V., las bases sanitarias municipales, como los quioscos de salud o los trabajadores asistenciales comunitarios (financiados por el pa\u00eds). Un quiosco de salud comenzar\u00e1 a operar en Westcenter a principios de 2026 y proporcionar\u00e1 un punto de contacto de bajo umbral para el asesoramiento de salud. En caso de que el primer quiosco de salud sea bien recibido y aporte el valor agregado esperado, incluido un alivio para los m\u00e9dicos residentes en el distrito, trabajaremos para otros quioscos de salud en otros distritos con atenci\u00f3n m\u00e9dica insuficiente.<\/span><\/p>\n<\/div><\/div><\/div><\/div><\/div><div class=\"w-tabs-section has_text_color\" id=\"y473\" style=\"background:var(--color-header-transparent-text);color:var(--color-header-top-text-hover);\"><button class=\"w-tabs-section-header\" aria-controls=\"content-y473\" aria-expanded=\"false\"><div class=\"w-tabs-section-title\">Importancia del EGW: \u00abFortalecimiento de una Wiesbaden saludable\u00bb<\/div><div class=\"w-tabs-section-control\"><\/div><\/button><div  class=\"w-tabs-section-content\" id=\"content-y473\"><div class=\"w-tabs-section-content-h i-cf\"><div class=\"wpb_text_column\"><div class=\"wpb_wrapper\"><p><span style=\"font-weight: 400;\">La asistencia sanitaria se enfrenta a grandes retos: El cambio demogr\u00e1fico y la escasez de capacidades requieren una estrecha colaboraci\u00f3n entre todas las partes interesadas en las profesiones sanitarias y asistenciales en todas las disciplinas y sectores. El GEW (Gesellschaft f\u00fcr ein Gesundheits Wiesbaden mbH) actuar\u00e1 aqu\u00ed como organismo central de coordinaci\u00f3n, en estrecha coordinaci\u00f3n con la Oficina Sanitaria.<\/span><\/p>\n<p><span style=\"font-weight: 400;\">Queremos asegurar permanentemente el puesto de coordinaci\u00f3n sanitaria, que se ha creado y se ha cubierto recientemente desde 2025, con el apoyo de fondos estatales como parte de la \u00abEstrategia Municipal de Salud\u00bb.<\/span><\/p>\n<p><span style=\"font-weight: 400;\">Queremos seguir desarrollando la br\u00fajula sanitaria, como una plataforma digital con informaci\u00f3n sanitaria, eventos, b\u00fasquedas de m\u00e9dicos y conocimientos sanitarios comprensibles para todas las personas en Wiesbaden.<\/span><\/p>\n<p><span style=\"font-weight: 400;\">Como miembro de la Red de Ciudades Saludables, queremos que la ciudad promueva la implementaci\u00f3n del programa de 9 puntos y el desarrollo de un modelo de pol\u00edtica de salud para Wiesbaden.<\/span><\/p>\n<\/div><\/div><\/div><\/div><\/div><div class=\"w-tabs-section has_text_color\" id=\"v5a5\" style=\"background:var(--color-header-transparent-text);color:var(--color-header-top-text-hover);\"><button class=\"w-tabs-section-header\" aria-controls=\"content-v5a5\" aria-expanded=\"false\"><div class=\"w-tabs-section-title\">Fortalecer y ampliar la oficina de salud<\/div><div class=\"w-tabs-section-control\"><\/div><\/button><div  class=\"w-tabs-section-content\" id=\"content-v5a5\"><div class=\"w-tabs-section-content-h i-cf\"><div class=\"wpb_text_column\"><div class=\"wpb_wrapper\"><p><span style=\"font-weight: 400;\">Un servicio p\u00fablico de salud preparado para el futuro es un requisito previo para los servicios municipales de inter\u00e9s general, por lo que queremos garantizar la dotaci\u00f3n de personal incluso despu\u00e9s de la expiraci\u00f3n del \u00abPacto por el Servicio de Salud P\u00fablica (\u00d6GD)\/2020\u00bb. Trabajaremos para fortalecer la ayuda temprana para las familias y continuar y expandir el proyecto FrAnKHA (orientaci\u00f3n temprana por parteras, enfermeras pedi\u00e1tricas y m\u00e9dicos). Las matronas hacen un trabajo indispensable y responsable en torno al embarazo, el parto y el posparto. Queremos fortalecer la actividad y la creaci\u00f3n de redes de parteras en Wiesbaden, mejorar la posibilidad de parto en salas de parto guiadas por parteras y apoyar iniciativas para el establecimiento de una casa de parto en Wiesbaden.<\/span><\/p>\n<p><span style=\"font-weight: 400;\">Queremos asegurarnos de que cada escuela tenga un profesional de la salud escolar que se encargue de la atenci\u00f3n m\u00e9dica de los estudiantes y la promoci\u00f3n y prevenci\u00f3n de la salud. Apoyamos el mantenimiento y desarrollo del punto de contacto de autoayuda y la \u00abgu\u00eda de adicci\u00f3n\u00bb. Nos comprometemos a crear un \u00abfondo anticonceptivo\u00bb para las personas de bajos ingresos.<\/span><\/p>\n<\/div><\/div><\/div><\/div><\/div><div class=\"w-tabs-section has_text_color\" id=\"f6e7\" style=\"background:var(--color-header-transparent-text);color:var(--color-header-top-text-hover);\"><button class=\"w-tabs-section-header\" aria-controls=\"content-f6e7\" aria-expanded=\"false\"><div class=\"w-tabs-section-title\">HSK: Aprovechar al m\u00e1ximo la influencia de la ciudad<\/div><div class=\"w-tabs-section-control\"><\/div><\/button><div  class=\"w-tabs-section-content\" id=\"content-f6e7\"><div class=\"w-tabs-section-content-h i-cf\"><div class=\"wpb_text_column\"><div class=\"wpb_wrapper\"><p><span style=\"font-weight: 400;\">Como hospital de m\u00e1xima atenci\u00f3n, Helios Dr. Horst Schmidt Kliniken (HSK) es de importancia central para la atenci\u00f3n m\u00e9dica de la poblaci\u00f3n en Wiesbaden y la regi\u00f3n. Queremos que la ciudad asuma cada vez m\u00e1s su responsabilidad e influencia sobre el HSK.<\/span><\/p>\n<p><span style=\"font-weight: 400;\">Estamos comprometidos con las buenas condiciones de trabajo en la HSK, para que la HSK se vuelva m\u00e1s atractiva como un importante empleador de la ciudad, por ejemplo, ofreciendo viviendas para empleados para todos los grupos ocupacionales en el sector de la salud. No toleramos el aplazamiento de las actividades no enfermeras a la enfermer\u00eda.<\/span><\/p>\n<p><span style=\"font-weight: 400;\">Rechazamos la venta de las acciones municipales de HSK y tambi\u00e9n queremos evitar la privatizaci\u00f3n de cl\u00ednicas especiales dentro de HSK.<\/span><\/p>\n<\/div><\/div><\/div><\/div><\/div><div class=\"w-tabs-section has_text_color\" id=\"d847\" style=\"background:var(--color-header-transparent-text);color:var(--color-header-top-text-hover);\"><button class=\"w-tabs-section-header\" aria-controls=\"content-d847\" aria-expanded=\"false\"><div class=\"w-tabs-section-title\">Mejorar el apoyo a los enfermos post-COVID<\/div><div class=\"w-tabs-section-control\"><\/div><\/button><div  class=\"w-tabs-section-content\" id=\"content-d847\"><div class=\"w-tabs-section-content-h i-cf\"><div class=\"wpb_text_column\"><div class=\"wpb_wrapper\"><p><span style=\"font-weight: 400;\">Queremos ampliar la atenci\u00f3n de los pacientes post-COVID, a trav\u00e9s de diagn\u00f3sticos profesionales, as\u00ed como servicios de asesoramiento y tratamiento en una cl\u00ednica ambulatoria especializada post-COVID. Tales ofertas solo se pueden proporcionar en centros o pr\u00e1cticas especializadas. Actualmente no hay suficiente suministro en Wiesbaden, lo que lleva a largos tiempos de espera.<\/span><\/p>\n<\/div><\/div><\/div><\/div><\/div><div class=\"w-tabs-section has_text_color\" id=\"t9c8\" style=\"background:var(--color-header-transparent-text);color:var(--color-header-top-text-hover);\"><button class=\"w-tabs-section-header\" aria-controls=\"content-t9c8\" aria-expanded=\"false\"><div class=\"w-tabs-section-title\">Desarrollo de servicios para personas que sufren de adicci\u00f3n<\/div><div class=\"w-tabs-section-control\"><\/div><\/button><div  class=\"w-tabs-section-content\" id=\"content-t9c8\"><div class=\"w-tabs-section-content-h i-cf\"><div class=\"wpb_text_column\"><div class=\"wpb_wrapper\"><p><span style=\"font-weight: 400;\">Queremos fortalecer la asistencia humanitaria y m\u00e9dica de bajo umbral para las personas adictas y promover estructuras de autoayuda. Esto incluye la construcci\u00f3n de salas de consumo de drogas con asesoramiento psicosocial integrado, la ampliaci\u00f3n de las instalaciones para dormir y los servicios de estructuraci\u00f3n diurna, as\u00ed como el Servicio M\u00e9dico M\u00f3vil.<\/span><\/p>\n<p><span style=\"font-weight: 400;\">Queremos evaluar y ampliar el proyecto de Control de Drogas en curso para que las drogas puedan ser analizadas de forma gratuita y sin penalizaci\u00f3n. Esto permite identificar sustancias nocivas y determinar el contenido de sustancias activas, lo que puede prevenir las muertes relacionadas con las drogas, especialmente cuando se toman dosis altas de opioides sint\u00e9ticos como el fentanilo. Tambi\u00e9n nos esforzamos por garantizar el seguimiento de la solicitud en curso de Wiesbaden como parte de la \u00abRegi\u00f3n Modelo de Cannabis\u00bb.<\/span><\/p>\n<p><span style=\"font-weight: 400;\">Tambi\u00e9n fortalecemos la prevenci\u00f3n del tabaco y la nicotina mediante el desmantelamiento de las m\u00e1quinas expendedoras de cigarrillos en tierras propiedad de la ciudad o de las explotaciones.<\/span><\/p>\n<\/div><\/div><\/div><\/div><\/div><div class=\"w-tabs-section has_text_color\" id=\"wae2\" style=\"background:var(--color-header-transparent-text);color:var(--color-header-top-text-hover);\"><button class=\"w-tabs-section-header\" aria-controls=\"content-wae2\" aria-expanded=\"false\"><div class=\"w-tabs-section-title\">Fortalecimiento de los cuidados paliativos<\/div><div class=\"w-tabs-section-control\"><\/div><\/button><div  class=\"w-tabs-section-content\" id=\"content-wae2\"><div class=\"w-tabs-section-content-h i-cf\"><div class=\"wpb_text_column\"><div class=\"wpb_wrapper\"><p><span style=\"font-weight: 400;\">Queremos fortalecer los cuidados paliativos ambulatorios y hospitalarios: Apoyamos el trabajo de los cuidados paliativos y los servicios de hospicio y queremos que se ampl\u00eden a\u00fan m\u00e1s. La ciudad de Wiesbaden, como ponente de la \u00abCarta para el cuidado de las personas gravemente enfermas y moribundas\u00bb, debe adherirse a estos objetivos y aplicarlos.<\/span><\/p>\n<\/div><\/div><\/div><\/div><\/div><\/div><\/div><div class=\"w-separator size_medium\"><\/div><div class=\"w-btn-wrapper align_left\"><a class=\"w-btn us-btn-style_8 icon_atleft\" href=\"https:\/\/gruene-wiesbaden.de\/es\/kommunalwahl\/#Kapitel1\"><i class=\"fas fa-chevron-circle-right\"><\/i><span class=\"w-btn-label\">Volver a la descripci\u00f3n general<\/span><\/a><\/div><div class=\"w-separator size_large\"><\/div><div class=\"wpb_text_column\"><div class=\"wpb_wrapper\"><h1>Lo que ya hemos logrado<\/h1>\n<\/div><\/div><div class=\"w-separator size_medium\"><\/div><div class=\"w-tabs us_custom_42d693a0 has_text_color style_default switch_click accordion has_scrolling\" style=\"--sections-title-size:1.4rem\"><div class=\"w-tabs-sections titles-align_none icon_chevron cpos_right\"><div class=\"w-tabs-section has_text_color\" id=\"h46d\" style=\"background:var(--color-header-transparent-text);color:var(--color-header-top-text-hover);\"><button class=\"w-tabs-section-header\" aria-controls=\"content-h46d\" aria-expanded=\"false\"><div class=\"w-tabs-section-title\">Fortalecimiento de la atenci\u00f3n m\u00e9dica en todos los distritos: primer \u00e9xito con el quiosco de salud en Westcenter<\/div><div class=\"w-tabs-section-control\"><\/div><\/button><div  class=\"w-tabs-section-content\" id=\"content-h46d\"><div class=\"w-tabs-section-content-h i-cf\"><div class=\"wpb_text_column\"><div class=\"wpb_wrapper\"><p><span style=\"font-weight: 400;\">A petici\u00f3n de GR\u00dcNEN y nuestros socios de cooperaci\u00f3n, el Ayuntamiento decidi\u00f3 en 2023 construir hasta tres quioscos de salud. Deben proporcionar un punto de contacto de bajo umbral para el asesoramiento sanitario. Despu\u00e9s de la abolici\u00f3n de los fondos federales, el presupuesto municipal previsto se utiliz\u00f3 para la construcci\u00f3n de un quiosco de salud en el Westcenter. F\u00e1cilmente accesible en transporte p\u00fablico y cerca de barrios residenciales en Dotzheim \/ Kohlheck y Klarenthal con atenci\u00f3n m\u00e9dica insuficiente, el quiosco de salud en Westcenter comenzar\u00e1 su trabajo desde principios de 2026. All\u00ed, los especialistas asesoran sobre temas de salud de forma gratuita, brindan ayuda r\u00e1pida y gu\u00edan a trav\u00e9s del sistema de salud. Adem\u00e1s, hay ofertas de prevenci\u00f3n, eventos de informaci\u00f3n y salas para grupos de autoayuda.<\/span><\/p>\n<\/div><\/div><\/div><\/div><\/div><div class=\"w-tabs-section has_text_color\" id=\"w592\" style=\"background:var(--color-header-transparent-text);color:var(--color-header-top-text-hover);\"><button class=\"w-tabs-section-header\" aria-controls=\"content-w592\" aria-expanded=\"false\"><div class=\"w-tabs-section-title\">Masterplan Health Economics adoptado<\/div><div class=\"w-tabs-section-control\"><\/div><\/button><div  class=\"w-tabs-section-content\" id=\"content-w592\"><div class=\"w-tabs-section-content-h i-cf\"><div class=\"wpb_text_column\"><div class=\"wpb_wrapper\"><p><span style=\"font-weight: 400;\">El Plan Maestro de Econom\u00eda de la Salud destaca la importancia de la econom\u00eda de la salud para la ubicaci\u00f3n de Wiesbaden: Wiesbaden, con una larga tradici\u00f3n como ciudad balnearia, emplea a unas 38.000 personas en el sector sanitario. Por un lado, el plan maestro asegura que la industria de la salud en Wiesbaden se posicione para el futuro. Por otro lado, permite garantizar una buena atenci\u00f3n m\u00e9dica y de enfermer\u00eda a largo plazo. El plan re\u00fane a todas las fuerzas de la ciudad, los proveedores de atenci\u00f3n m\u00e9dica, la investigaci\u00f3n y los negocios para establecer redes de ubicaciones de salud, promover nuevas instalaciones y fortalecer la atenci\u00f3n en todos los distritos. Esto garantizar\u00e1 que Wiesbaden siga siendo una ciudad en la que todas las personas \u2014j\u00f3venes o mayores, con o sin condiciones preexistentes\u2014 puedan obtener la ayuda que necesitan de forma r\u00e1pida y sencilla.<\/span><\/p>\n<\/div><\/div><\/div><\/div><\/div><div class=\"w-tabs-section has_text_color\" id=\"q6b5\" style=\"background:var(--color-header-transparent-text);color:var(--color-header-top-text-hover);\"><button class=\"w-tabs-section-header\" aria-controls=\"content-q6b5\" aria-expanded=\"false\"><div class=\"w-tabs-section-title\">Coordinador de Salud para Wiesbaden<\/div><div class=\"w-tabs-section-control\"><\/div><\/button><div  class=\"w-tabs-section-content\" id=\"content-q6b5\"><div class=\"w-tabs-section-content-h i-cf\"><div class=\"wpb_text_column\"><div class=\"wpb_wrapper\"><p><span style=\"font-weight: 400;\">La creaci\u00f3n de redes de partes interesadas en el sector de la salud es esencial para una pol\u00edtica sanitaria integral y sostenible en Wiesbaden. Por lo tanto, hemos promovido la expansi\u00f3n de la EGW (Sociedad para una Wiesbaden Saludable) como un actor central de redes en el sector de la salud y hemos creado un nuevo puesto como coordinador de salud para Wiesbaden. La pol\u00edtica de salud es una cuesti\u00f3n de toda la sociedad que es visible, est\u00e1 mejor conectada en red y es promovida por el EGW en la ciudad a trav\u00e9s de una variedad de proyectos.<\/span><\/p>\n<\/div><\/div><\/div><\/div><\/div><div class=\"w-tabs-section has_text_color\" id=\"a7dd\" style=\"background:var(--color-header-middle-bg);color:var(--color-content-heading);\"><button class=\"w-tabs-section-header\" aria-controls=\"content-a7dd\" aria-expanded=\"false\"><div class=\"w-tabs-section-title\">Plan de acci\u00f3n contra el calor para Wiesbaden<\/div><div class=\"w-tabs-section-control\"><\/div><\/button><div  class=\"w-tabs-section-content\" id=\"content-a7dd\"><div class=\"w-tabs-section-content-h i-cf\"><div class=\"wpb_text_column\"><div class=\"wpb_wrapper\"><p><span style=\"font-weight: 400;\">Hemos estado comprometidos con la creaci\u00f3n e implementaci\u00f3n de un plan de acci\u00f3n contra el calor en Wiesbaden. Wiesbaden tendr\u00e1 que adaptarse a\u00fan mejor a los per\u00edodos de calor en curso en los pr\u00f3ximos a\u00f1os: Los lugares sombr\u00edos, el acceso al agua potable en espacios p\u00fablicos en \u00e1reas urbanas y otros factores espec\u00edficos de salud deben considerarse sistem\u00e1ticamente como temas transversales. Con la creaci\u00f3n e introducci\u00f3n del plan de acci\u00f3n contra el calor, hemos creado las primeras directrices importantes en pol\u00edtica urbana, que se est\u00e1n ampliando continuamente para protegernos de la amenaza del cambio clim\u00e1tico en Wiesbaden de la mejor manera posible. La protecci\u00f3n del clima es protecci\u00f3n de la salud.<\/span><\/p>\n<\/div><\/div><\/div><\/div><\/div><div class=\"w-tabs-section has_text_color\" id=\"m913\" style=\"background:var(--color-header-transparent-text);color:var(--color-header-top-text-hover);\"><button class=\"w-tabs-section-header\" aria-controls=\"content-m913\" aria-expanded=\"false\"><div class=\"w-tabs-section-title\">Refuerzo de la prevenci\u00f3n y lucha contra la ilegalidad<\/div><div class=\"w-tabs-section-control\"><\/div><\/button><div  class=\"w-tabs-section-content\" id=\"content-m913\"><div class=\"w-tabs-section-content-h i-cf\"><div class=\"wpb_text_column\"><div class=\"wpb_wrapper\"><p><span style=\"font-weight: 400;\">En Wiesbaden se llev\u00f3 a cabo un proyecto piloto \"Control de drogas\" para que los consumidores puedan evaluar mejor su riesgo de consumo y, por lo tanto, estar mejor protegidos contra los medicamentos contaminados. En eventos seleccionados de la fiesta de Wiesbaden, los expertos examinan drogas como el cannabis en busca de contaminantes y, al mismo tiempo, fortalecen las ofertas de informaci\u00f3n y prevenci\u00f3n. La ciudad est\u00e1 implementando el proyecto junto con el centro de apoyo a las adicciones, la ambulancia Caritas y la Base Frankfurter Verein. El proyecto piloto tambi\u00e9n debe incluir ensayos de otras sustancias en fases posteriores para poder proteger a los consumidores de la mejor manera posible.<\/span><\/p>\n<p><span style=\"font-weight: 400;\">Tambi\u00e9n hemos estado involucrados en Wiesbaden solicitando una venta consciente y controlada de cannabis en farmacias como parte del proyecto modelo. Este procedimiento a\u00fan est\u00e1 en curso. Sin embargo, una pol\u00edtica de drogas responsable tambi\u00e9n significa crear activamente servicios de prevenci\u00f3n y apoyo para proteger a los consumidores de la mejor manera posible.<\/span><\/p>\n<\/div><\/div><\/div><\/div><\/div><\/div><\/div><div class=\"w-separator size_medium\"><\/div><div class=\"w-btn-wrapper align_left\"><a class=\"w-btn us-btn-style_8 icon_atleft\" href=\"https:\/\/gruene-wiesbaden.de\/es\/kommunalwahl\/#Kapitel1\"><i class=\"fas fa-chevron-circle-right\"><\/i><span class=\"w-btn-label\">Volver a la descripci\u00f3n general<\/span><\/a><\/div><div class=\"w-separator size_large\"><\/div><\/div><\/div><\/div><\/div><\/section>","protected":false},"excerpt":{"rendered":"Salud y cuidadosLa salud es un derecho humano. Por lo tanto, la asistencia sanitaria no debe utilizarse para maximizar los beneficios, sino que debe ser accesible a todas las personas, independientemente de su origen, ingresos y estado de seguro. La atenci\u00f3n m\u00e9dica municipal efectiva y equitativa con pr\u00e1cticas locales, promoci\u00f3n hol\u00edstica de la salud y estructuras resistentes al clima garantiza la calidad de vida de todos los residentes de Wiesbaden. Especialmente en tiempos de cambio demogr\u00e1fico y crisis clim\u00e1tica, necesitamos...","protected":false},"author":1,"featured_media":1486,"comment_status":"closed","ping_status":"closed","sticky":false,"template":"","format":"standard","meta":{"footnotes":""},"categories":[14],"tags":[],"class_list":["post-1339","post","type-post","status-publish","format-standard","has-post-thumbnail","hentry","category-kapitel-1"],"yoast_head":"<!-- This site is optimized with the Yoast SEO plugin v27.5 - https:\/\/yoast.com\/product\/yoast-seo-wordpress\/ -->\n<title>Gesundheit und Pflege - B\u00dcNDNIS 90\/DIE GR\u00dcNEN Wiesbaden<\/title>\n<meta name=\"robots\" content=\"index, follow, max-snippet:-1, max-image-preview:large, max-video-preview:-1\" \/>\n<link rel=\"canonical\" href=\"https:\/\/gruene-wiesbaden.de\/es\/gesundheit-und-pflege\/\" \/>\n<meta property=\"og:locale\" content=\"es_ES\" \/>\n<meta property=\"og:type\" content=\"article\" \/>\n<meta property=\"og:title\" content=\"Gesundheit und Pflege - B\u00dcNDNIS 90\/DIE GR\u00dcNEN Wiesbaden\" \/>\n<meta property=\"og:url\" content=\"https:\/\/gruene-wiesbaden.de\/es\/gesundheit-und-pflege\/\" \/>\n<meta property=\"og:site_name\" content=\"B\u00dcNDNIS 90\/DIE GR\u00dcNEN Wiesbaden\" \/>\n<meta property=\"article:publisher\" content=\"https:\/\/www.facebook.com\/gruene.wi\" \/>\n<meta property=\"article:published_time\" content=\"2025-11-09T21:51:08+00:00\" \/>\n<meta property=\"article:modified_time\" content=\"2026-04-08T22:20:26+00:00\" \/>\n<meta property=\"og:image\" content=\"https:\/\/gruene-wiesbaden.de\/wp-content\/uploads\/2025\/11\/1.10.-Gesundheit-und-Pflege-1-scaled.jpg\" \/>\n\t<meta property=\"og:image:width\" content=\"2560\" \/>\n\t<meta property=\"og:image:height\" content=\"1707\" \/>\n\t<meta property=\"og:image:type\" content=\"image\/jpeg\" \/>\n<meta name=\"author\" content=\"admin\" \/>\n<meta name=\"twitter:card\" content=\"summary_large_image\" \/>\n<meta name=\"twitter:label1\" content=\"Escrito por\" \/>\n\t<meta name=\"twitter:data1\" content=\"admin\" \/>\n\t<meta name=\"twitter:label2\" content=\"Tiempo de lectura\" \/>\n\t<meta name=\"twitter:data2\" content=\"12 minutes\" \/>\n<script type=\"application\/ld+json\" class=\"yoast-schema-graph\">{\"@context\":\"https:\\\/\\\/schema.org\",\"@graph\":[{\"@type\":\"Article\",\"@id\":\"https:\\\/\\\/gruene-wiesbaden.de\\\/gesundheit-und-pflege\\\/#article\",\"isPartOf\":{\"@id\":\"https:\\\/\\\/gruene-wiesbaden.de\\\/gesundheit-und-pflege\\\/\"},\"author\":{\"name\":\"admin\",\"@id\":\"https:\\\/\\\/gruene-wiesbaden.de\\\/#\\\/schema\\\/person\\\/6785c34779159cd4fd86886bb097afe9\"},\"headline\":\"Gesundheit und Pflege\",\"datePublished\":\"2025-11-09T21:51:08+00:00\",\"dateModified\":\"2026-04-08T22:20:26+00:00\",\"mainEntityOfPage\":{\"@id\":\"https:\\\/\\\/gruene-wiesbaden.de\\\/gesundheit-und-pflege\\\/\"},\"wordCount\":3289,\"publisher\":{\"@id\":\"https:\\\/\\\/gruene-wiesbaden.de\\\/#organization\"},\"image\":{\"@id\":\"https:\\\/\\\/gruene-wiesbaden.de\\\/gesundheit-und-pflege\\\/#primaryimage\"},\"thumbnailUrl\":\"https:\\\/\\\/gruene-wiesbaden.de\\\/wp-content\\\/uploads\\\/2025\\\/11\\\/1.10.-Gesundheit-und-Pflege-1-scaled.jpg\",\"articleSection\":[\"Kapitel 1\"],\"inLanguage\":\"es-ES\"},{\"@type\":\"WebPage\",\"@id\":\"https:\\\/\\\/gruene-wiesbaden.de\\\/gesundheit-und-pflege\\\/\",\"url\":\"https:\\\/\\\/gruene-wiesbaden.de\\\/gesundheit-und-pflege\\\/\",\"name\":\"Gesundheit und Pflege - B\u00dcNDNIS 90\\\/DIE GR\u00dcNEN Wiesbaden\",\"isPartOf\":{\"@id\":\"https:\\\/\\\/gruene-wiesbaden.de\\\/#website\"},\"primaryImageOfPage\":{\"@id\":\"https:\\\/\\\/gruene-wiesbaden.de\\\/gesundheit-und-pflege\\\/#primaryimage\"},\"image\":{\"@id\":\"https:\\\/\\\/gruene-wiesbaden.de\\\/gesundheit-und-pflege\\\/#primaryimage\"},\"thumbnailUrl\":\"https:\\\/\\\/gruene-wiesbaden.de\\\/wp-content\\\/uploads\\\/2025\\\/11\\\/1.10.-Gesundheit-und-Pflege-1-scaled.jpg\",\"datePublished\":\"2025-11-09T21:51:08+00:00\",\"dateModified\":\"2026-04-08T22:20:26+00:00\",\"breadcrumb\":{\"@id\":\"https:\\\/\\\/gruene-wiesbaden.de\\\/gesundheit-und-pflege\\\/#breadcrumb\"},\"inLanguage\":\"es-ES\",\"potentialAction\":[{\"@type\":\"ReadAction\",\"target\":[\"https:\\\/\\\/gruene-wiesbaden.de\\\/gesundheit-und-pflege\\\/\"]}]},{\"@type\":\"ImageObject\",\"inLanguage\":\"es-ES\",\"@id\":\"https:\\\/\\\/gruene-wiesbaden.de\\\/gesundheit-und-pflege\\\/#primaryimage\",\"url\":\"https:\\\/\\\/gruene-wiesbaden.de\\\/wp-content\\\/uploads\\\/2025\\\/11\\\/1.10.-Gesundheit-und-Pflege-1-scaled.jpg\",\"contentUrl\":\"https:\\\/\\\/gruene-wiesbaden.de\\\/wp-content\\\/uploads\\\/2025\\\/11\\\/1.10.-Gesundheit-und-Pflege-1-scaled.jpg\",\"width\":2560,\"height\":1707},{\"@type\":\"BreadcrumbList\",\"@id\":\"https:\\\/\\\/gruene-wiesbaden.de\\\/gesundheit-und-pflege\\\/#breadcrumb\",\"itemListElement\":[{\"@type\":\"ListItem\",\"position\":1,\"name\":\"Startseite\",\"item\":\"https:\\\/\\\/gruene-wiesbaden.de\\\/\"},{\"@type\":\"ListItem\",\"position\":2,\"name\":\"Gesundheit und Pflege\"}]},{\"@type\":\"WebSite\",\"@id\":\"https:\\\/\\\/gruene-wiesbaden.de\\\/#website\",\"url\":\"https:\\\/\\\/gruene-wiesbaden.de\\\/\",\"name\":\"DIE GR\u00dcNEN Wiesbaden\",\"description\":\"\",\"publisher\":{\"@id\":\"https:\\\/\\\/gruene-wiesbaden.de\\\/#organization\"},\"potentialAction\":[{\"@type\":\"SearchAction\",\"target\":{\"@type\":\"EntryPoint\",\"urlTemplate\":\"https:\\\/\\\/gruene-wiesbaden.de\\\/?s={search_term_string}\"},\"query-input\":{\"@type\":\"PropertyValueSpecification\",\"valueRequired\":true,\"valueName\":\"search_term_string\"}}],\"inLanguage\":\"es-ES\"},{\"@type\":\"Organization\",\"@id\":\"https:\\\/\\\/gruene-wiesbaden.de\\\/#organization\",\"name\":\"DIE GR\u00dcNEN Wiesbaden\",\"url\":\"https:\\\/\\\/gruene-wiesbaden.de\\\/\",\"logo\":{\"@type\":\"ImageObject\",\"inLanguage\":\"es-ES\",\"@id\":\"https:\\\/\\\/gruene-wiesbaden.de\\\/#\\\/schema\\\/logo\\\/image\\\/\",\"url\":\"https:\\\/\\\/gruene-wiesbaden-fuer-europa.de\\\/wp-content\\\/uploads\\\/2024\\\/04\\\/Machen-was-zaehlt-5.png\",\"contentUrl\":\"https:\\\/\\\/gruene-wiesbaden-fuer-europa.de\\\/wp-content\\\/uploads\\\/2024\\\/04\\\/Machen-was-zaehlt-5.png\",\"width\":1772,\"height\":1772,\"caption\":\"DIE GR\u00dcNEN Wiesbaden\"},\"image\":{\"@id\":\"https:\\\/\\\/gruene-wiesbaden.de\\\/#\\\/schema\\\/logo\\\/image\\\/\"},\"sameAs\":[\"https:\\\/\\\/www.facebook.com\\\/gruene.wi\",\"https:\\\/\\\/instagram.com\\\/gruene_wi\"]},{\"@type\":\"Person\",\"@id\":\"https:\\\/\\\/gruene-wiesbaden.de\\\/#\\\/schema\\\/person\\\/6785c34779159cd4fd86886bb097afe9\",\"name\":\"admin\",\"sameAs\":[\"http:\\\/\\\/gruene-wiesbaden-fuer-europa.de\"],\"url\":\"https:\\\/\\\/gruene-wiesbaden.de\\\/es\\\/author\\\/admin\\\/\"}]}<\/script>\n<!-- \/ Yoast SEO plugin. -->","yoast_head_json":{"title":"Gesundheit und Pflege - B\u00dcNDNIS 90\/DIE GR\u00dcNEN Wiesbaden","robots":{"index":"index","follow":"follow","max-snippet":"max-snippet:-1","max-image-preview":"max-image-preview:large","max-video-preview":"max-video-preview:-1"},"canonical":"https:\/\/gruene-wiesbaden.de\/es\/gesundheit-und-pflege\/","og_locale":"es_ES","og_type":"article","og_title":"Gesundheit und Pflege - B\u00dcNDNIS 90\/DIE GR\u00dcNEN Wiesbaden","og_url":"https:\/\/gruene-wiesbaden.de\/es\/gesundheit-und-pflege\/","og_site_name":"B\u00dcNDNIS 90\/DIE GR\u00dcNEN Wiesbaden","article_publisher":"https:\/\/www.facebook.com\/gruene.wi","article_published_time":"2025-11-09T21:51:08+00:00","article_modified_time":"2026-04-08T22:20:26+00:00","og_image":[{"width":2560,"height":1707,"url":"https:\/\/gruene-wiesbaden.de\/wp-content\/uploads\/2025\/11\/1.10.-Gesundheit-und-Pflege-1-scaled.jpg","type":"image\/jpeg"}],"author":"admin","twitter_card":"summary_large_image","twitter_misc":{"Escrito por":"admin","Tiempo de lectura":"12 minutes"},"schema":{"@context":"https:\/\/schema.org","@graph":[{"@type":"Article","@id":"https:\/\/gruene-wiesbaden.de\/gesundheit-und-pflege\/#article","isPartOf":{"@id":"https:\/\/gruene-wiesbaden.de\/gesundheit-und-pflege\/"},"author":{"name":"admin","@id":"https:\/\/gruene-wiesbaden.de\/#\/schema\/person\/6785c34779159cd4fd86886bb097afe9"},"headline":"Gesundheit und Pflege","datePublished":"2025-11-09T21:51:08+00:00","dateModified":"2026-04-08T22:20:26+00:00","mainEntityOfPage":{"@id":"https:\/\/gruene-wiesbaden.de\/gesundheit-und-pflege\/"},"wordCount":3289,"publisher":{"@id":"https:\/\/gruene-wiesbaden.de\/#organization"},"image":{"@id":"https:\/\/gruene-wiesbaden.de\/gesundheit-und-pflege\/#primaryimage"},"thumbnailUrl":"https:\/\/gruene-wiesbaden.de\/wp-content\/uploads\/2025\/11\/1.10.-Gesundheit-und-Pflege-1-scaled.jpg","articleSection":["Kapitel 1"],"inLanguage":"es-ES"},{"@type":"WebPage","@id":"https:\/\/gruene-wiesbaden.de\/gesundheit-und-pflege\/","url":"https:\/\/gruene-wiesbaden.de\/gesundheit-und-pflege\/","name":"Gesundheit und Pflege - B\u00dcNDNIS 90\/DIE GR\u00dcNEN Wiesbaden","isPartOf":{"@id":"https:\/\/gruene-wiesbaden.de\/#website"},"primaryImageOfPage":{"@id":"https:\/\/gruene-wiesbaden.de\/gesundheit-und-pflege\/#primaryimage"},"image":{"@id":"https:\/\/gruene-wiesbaden.de\/gesundheit-und-pflege\/#primaryimage"},"thumbnailUrl":"https:\/\/gruene-wiesbaden.de\/wp-content\/uploads\/2025\/11\/1.10.-Gesundheit-und-Pflege-1-scaled.jpg","datePublished":"2025-11-09T21:51:08+00:00","dateModified":"2026-04-08T22:20:26+00:00","breadcrumb":{"@id":"https:\/\/gruene-wiesbaden.de\/gesundheit-und-pflege\/#breadcrumb"},"inLanguage":"es-ES","potentialAction":[{"@type":"ReadAction","target":["https:\/\/gruene-wiesbaden.de\/gesundheit-und-pflege\/"]}]},{"@type":"ImageObject","inLanguage":"es-ES","@id":"https:\/\/gruene-wiesbaden.de\/gesundheit-und-pflege\/#primaryimage","url":"https:\/\/gruene-wiesbaden.de\/wp-content\/uploads\/2025\/11\/1.10.-Gesundheit-und-Pflege-1-scaled.jpg","contentUrl":"https:\/\/gruene-wiesbaden.de\/wp-content\/uploads\/2025\/11\/1.10.-Gesundheit-und-Pflege-1-scaled.jpg","width":2560,"height":1707},{"@type":"BreadcrumbList","@id":"https:\/\/gruene-wiesbaden.de\/gesundheit-und-pflege\/#breadcrumb","itemListElement":[{"@type":"ListItem","position":1,"name":"Startseite","item":"https:\/\/gruene-wiesbaden.de\/"},{"@type":"ListItem","position":2,"name":"Gesundheit und Pflege"}]},{"@type":"WebSite","@id":"https:\/\/gruene-wiesbaden.de\/#website","url":"https:\/\/gruene-wiesbaden.de\/","name":"DIE GR\u00dcNEN Wiesbaden","description":"","publisher":{"@id":"https:\/\/gruene-wiesbaden.de\/#organization"},"potentialAction":[{"@type":"SearchAction","target":{"@type":"EntryPoint","urlTemplate":"https:\/\/gruene-wiesbaden.de\/?s={search_term_string}"},"query-input":{"@type":"PropertyValueSpecification","valueRequired":true,"valueName":"search_term_string"}}],"inLanguage":"es-ES"},{"@type":"Organization","@id":"https:\/\/gruene-wiesbaden.de\/#organization","name":"DIE GR\u00dcNEN Wiesbaden","url":"https:\/\/gruene-wiesbaden.de\/","logo":{"@type":"ImageObject","inLanguage":"es-ES","@id":"https:\/\/gruene-wiesbaden.de\/#\/schema\/logo\/image\/","url":"https:\/\/gruene-wiesbaden-fuer-europa.de\/wp-content\/uploads\/2024\/04\/Machen-was-zaehlt-5.png","contentUrl":"https:\/\/gruene-wiesbaden-fuer-europa.de\/wp-content\/uploads\/2024\/04\/Machen-was-zaehlt-5.png","width":1772,"height":1772,"caption":"DIE GR\u00dcNEN Wiesbaden"},"image":{"@id":"https:\/\/gruene-wiesbaden.de\/#\/schema\/logo\/image\/"},"sameAs":["https:\/\/www.facebook.com\/gruene.wi","https:\/\/instagram.com\/gruene_wi"]},{"@type":"Person","@id":"https:\/\/gruene-wiesbaden.de\/#\/schema\/person\/6785c34779159cd4fd86886bb097afe9","name":"admin","sameAs":["http:\/\/gruene-wiesbaden-fuer-europa.de"],"url":"https:\/\/gruene-wiesbaden.de\/es\/author\/admin\/"}]}},"_links":{"self":[{"href":"https:\/\/gruene-wiesbaden.de\/es\/wp-json\/wp\/v2\/posts\/1339","targetHints":{"allow":["GET"]}}],"collection":[{"href":"https:\/\/gruene-wiesbaden.de\/es\/wp-json\/wp\/v2\/posts"}],"about":[{"href":"https:\/\/gruene-wiesbaden.de\/es\/wp-json\/wp\/v2\/types\/post"}],"author":[{"embeddable":true,"href":"https:\/\/gruene-wiesbaden.de\/es\/wp-json\/wp\/v2\/users\/1"}],"replies":[{"embeddable":true,"href":"https:\/\/gruene-wiesbaden.de\/es\/wp-json\/wp\/v2\/comments?post=1339"}],"version-history":[{"count":8,"href":"https:\/\/gruene-wiesbaden.de\/es\/wp-json\/wp\/v2\/posts\/1339\/revisions"}],"predecessor-version":[{"id":2376,"href":"https:\/\/gruene-wiesbaden.de\/es\/wp-json\/wp\/v2\/posts\/1339\/revisions\/2376"}],"wp:featuredmedia":[{"embeddable":true,"href":"https:\/\/gruene-wiesbaden.de\/es\/wp-json\/wp\/v2\/media\/1486"}],"wp:attachment":[{"href":"https:\/\/gruene-wiesbaden.de\/es\/wp-json\/wp\/v2\/media?parent=1339"}],"wp:term":[{"taxonomy":"category","embeddable":true,"href":"https:\/\/gruene-wiesbaden.de\/es\/wp-json\/wp\/v2\/categories?post=1339"},{"taxonomy":"post_tag","embeddable":true,"href":"https:\/\/gruene-wiesbaden.de\/es\/wp-json\/wp\/v2\/tags?post=1339"}],"curies":[{"name":"wp","href":"https:\/\/api.w.org\/{rel}","templated":true}]}}