{"id":702,"date":"2024-11-21T12:00:26","date_gmt":"2024-11-21T12:00:26","guid":{"rendered":"http:\/\/gruene-wiesbaden.de.w0207e8f.kasserver.com\/?p=702"},"modified":"2025-06-16T21:04:30","modified_gmt":"2025-06-16T21:04:30","slug":"katerinagarcia_neuervorstand","status":"publish","type":"post","link":"https:\/\/gruene-wiesbaden.de\/en\/katerinagarcia_neuervorstand\/","title":{"rendered":"GREEN elect Katerina Garcia as direct candidate for the Bundestag election and a new board"},"content":{"rendered":"<section class=\"l-section wpb_row height_medium\"><div class=\"l-section-h i-cf\"><div class=\"g-cols vc_row via_grid cols_1 laptops-cols_inherit tablets-cols_inherit mobiles-cols_1 valign_top type_default stacking_default\"><div class=\"wpb_column vc_column_container\"><div class=\"vc_column-inner\"><h2 class=\"w-post-elm post_title entry-title color_link_inherit\">GREEN elect Katerina Garcia as direct candidate for the Bundestag election and a new board<\/h2><div class=\"w-post-elm post_image\"><img loading=\"lazy\" decoding=\"async\" width=\"1762\" height=\"1174\" src=\"https:\/\/gruene-wiesbaden.de\/wp-content\/uploads\/2025\/03\/Bildschirmfoto-2025-06-16-um-23.03.22.png\" class=\"attachment-full size-full wp-post-image\" alt=\"\" srcset=\"https:\/\/gruene-wiesbaden.de\/wp-content\/uploads\/2025\/03\/Bildschirmfoto-2025-06-16-um-23.03.22.png 1762w, https:\/\/gruene-wiesbaden.de\/wp-content\/uploads\/2025\/03\/Bildschirmfoto-2025-06-16-um-23.03.22-400x267.png 400w, https:\/\/gruene-wiesbaden.de\/wp-content\/uploads\/2025\/03\/Bildschirmfoto-2025-06-16-um-23.03.22-600x400.png 600w\" sizes=\"auto, (max-width: 1762px) 100vw, 1762px\" \/><\/div><div class=\"w-separator size_medium\"><\/div><div class=\"wpb_text_column\"><div class=\"wpb_wrapper\"><p>B\u00dcNDNIS 90\/DIE GR\u00dcNEN have elected their direct candidate for the early federal election in February, as well as a new district board, at their general assembly on the evening of 20.11.2024.<\/p>\n<p><strong>Katerina Garcia is running for the Wiesbaden direct mandate<\/strong><\/p>\n<p>Katerina Garcia was elected as a direct candidate for the federal election. She won in the first round against her competitor Dilek \u00d6zkan. \u201cI want to represent Wiesbaden in the German Bundestag with fresh energy and clear goals and make Germany once again a country that stands for an innovative, sustainable and fair policy. Right now, when populists are trying to win the power of opinion, we need to work together to build a society where everyone can thrive and where social justice, economic success and environmental protection go hand in hand. Katerina Garcia is 43 years old, studied law and economics and currently works as Head of Economics and Digital Affairs in the office of Mayor Christiane Hinninger at the City of Wiesbaden.<\/p>\n<p><strong>Rebecca Thomas and Daniel Schmitt to lead new board<\/strong><\/p>\n<p>In addition to the direct candidacy, a new district board was elected in turn. The new chairman was Rebecca Thomas of 90.2% and Daniel Schmitt of 94.9% The members present were elected. Both were already members of the previous board as associates. \"As co-chair of our district association, I would like to contribute to creating the conditions for a vibrant district association in which discussions about the cause are valued, which members are active because they can get involved, because they feel they are part of a community, because they have the opportunity to engage with their competences and discover new talents\", said new chair Rebecca Thomas. \u201cWith the early federal elections, the mayoral elections and the upcoming local elections in 2026, we are facing major challenges. I would like to give each member guidance on what we want to achieve and how our members can contribute individually. I see our district association as a network that lives our values and can still gain a lot of strength\", adds co-chair Daniel Schmitt.\u00a0 Other members were Gerald Christoph Dorsch as treasurer, as well as Marta Moneva, Larissa Reis and Oliver Raudies as assessors.<\/p>\n<p><strong>Former presidents say goodbye<\/strong><\/p>\n<p>The previous presidents Uta Brehm and Mathias Wagner had not run for re-election. \u201cThe past four years as district president have been a good and successful time. The number of members has increased. The Greens are the second most powerful force in the city parliament. We are the Mayor for the first time and continue to represent the Department of Construction and Transport. In the Hessian state parliament, Wiesbaden is represented by two Green MPs, Lara Klaes and myself. The last state election resulted in a change from government to opposition for us. This brings new tasks and challenges for the Greens in the state parliament. As their group chairman, I would like to focus on this in the near future and have therefore no longer been a district chairman\", Wagner explains his decision.<\/p>\n<p>\u201cOver the past six years as district chairman, it has always been my concern to lead the district association internally and externally with political clarity and unexcitedness, as well as personal commitment and solidarity. I am pleased that in recent years I have been able to contribute to the successes of our party and our anchoring in urban society. However, a party chairmanship, like almost all political offices and functions at the municipal level, is a very time-consuming honorary position. My profession today requires a much greater time commitment than in the past, which I would like to devote more time to. Like Mathias Wagner, I look back very gratefully on the contacts and experiences of the past years and we wish the new district presidents all the best and much success\", adds Uta Brehm.<\/p>\n<\/div><\/div><\/div><\/div><\/div><\/div><\/section>","protected":false},"excerpt":{"rendered":"Greens elect Katerina Garcia as a direct candidate for the federal election and a new Board Alliance 90\/The Greens elected her direct candidate for the early federal election in February, as well as a new district board, at their general assembly on the evening of 20.11.2024. Katerina Garcia runs for the Wiesbadner Direktmandat Katerina Garcia was elected as a direct candidate for the federal election. She sat down...","protected":false},"author":1,"featured_media":931,"comment_status":"closed","ping_status":"closed","sticky":false,"template":"","format":"standard","meta":{"footnotes":""},"categories":[5],"tags":[],"class_list":["post-702","post","type-post","status-publish","format-standard","has-post-thumbnail","hentry","category-wahlen"],"yoast_head":"<!-- This site is optimized with the Yoast SEO plugin v27.5 - https:\/\/yoast.com\/product\/yoast-seo-wordpress\/ -->\n<title>GR\u00dcNE w\u00e4hlen Katerina Garcia als Direktkandidatin zur Bundestagswahl und einen neuen Vorstand - B\u00dcNDNIS 90\/DIE GR\u00dcNEN Wiesbaden<\/title>\n<meta name=\"robots\" content=\"index, follow, max-snippet:-1, max-image-preview:large, max-video-preview:-1\" \/>\n<link rel=\"canonical\" href=\"https:\/\/gruene-wiesbaden.de\/en\/katerinagarcia_neuervorstand\/\" \/>\n<meta property=\"og:locale\" content=\"en_GB\" \/>\n<meta property=\"og:type\" content=\"article\" \/>\n<meta property=\"og:title\" content=\"GR\u00dcNE w\u00e4hlen Katerina Garcia als Direktkandidatin zur Bundestagswahl und einen neuen Vorstand - B\u00dcNDNIS 90\/DIE GR\u00dcNEN Wiesbaden\" \/>\n<meta property=\"og:url\" content=\"https:\/\/gruene-wiesbaden.de\/en\/katerinagarcia_neuervorstand\/\" \/>\n<meta property=\"og:site_name\" content=\"B\u00dcNDNIS 90\/DIE GR\u00dcNEN Wiesbaden\" \/>\n<meta property=\"article:publisher\" content=\"https:\/\/www.facebook.com\/gruene.wi\" \/>\n<meta property=\"article:published_time\" content=\"2024-11-21T12:00:26+00:00\" \/>\n<meta property=\"article:modified_time\" content=\"2025-06-16T21:04:30+00:00\" \/>\n<meta property=\"og:image\" content=\"https:\/\/gruene-wiesbaden.de\/wp-content\/uploads\/2025\/03\/Bildschirmfoto-2025-06-16-um-23.03.22-600x400.png\" \/>\n\t<meta property=\"og:image:width\" content=\"600\" \/>\n\t<meta property=\"og:image:height\" content=\"400\" \/>\n\t<meta property=\"og:image:type\" content=\"image\/png\" \/>\n<meta name=\"author\" content=\"admin\" \/>\n<meta name=\"twitter:card\" content=\"summary_large_image\" \/>\n<meta name=\"twitter:label1\" content=\"Written by\" \/>\n\t<meta name=\"twitter:data1\" content=\"admin\" \/>\n\t<meta name=\"twitter:label2\" content=\"Estimated reading time\" \/>\n\t<meta name=\"twitter:data2\" content=\"4 minutes\" \/>\n<script type=\"application\/ld+json\" class=\"yoast-schema-graph\">{\"@context\":\"https:\\\/\\\/schema.org\",\"@graph\":[{\"@type\":\"Article\",\"@id\":\"https:\\\/\\\/gruene-wiesbaden.de\\\/katerinagarcia_neuervorstand\\\/#article\",\"isPartOf\":{\"@id\":\"https:\\\/\\\/gruene-wiesbaden.de\\\/katerinagarcia_neuervorstand\\\/\"},\"author\":{\"name\":\"admin\",\"@id\":\"https:\\\/\\\/gruene-wiesbaden.de\\\/#\\\/schema\\\/person\\\/6785c34779159cd4fd86886bb097afe9\"},\"headline\":\"GR\u00dcNE w\u00e4hlen Katerina Garcia als Direktkandidatin zur Bundestagswahl und einen neuen Vorstand\",\"datePublished\":\"2024-11-21T12:00:26+00:00\",\"dateModified\":\"2025-06-16T21:04:30+00:00\",\"mainEntityOfPage\":{\"@id\":\"https:\\\/\\\/gruene-wiesbaden.de\\\/katerinagarcia_neuervorstand\\\/\"},\"wordCount\":679,\"publisher\":{\"@id\":\"https:\\\/\\\/gruene-wiesbaden.de\\\/#organization\"},\"image\":{\"@id\":\"https:\\\/\\\/gruene-wiesbaden.de\\\/katerinagarcia_neuervorstand\\\/#primaryimage\"},\"thumbnailUrl\":\"https:\\\/\\\/gruene-wiesbaden.de\\\/wp-content\\\/uploads\\\/2025\\\/03\\\/Bildschirmfoto-2025-06-16-um-23.03.22.png\",\"articleSection\":[\"Wahlen\"],\"inLanguage\":\"en-GB\"},{\"@type\":\"WebPage\",\"@id\":\"https:\\\/\\\/gruene-wiesbaden.de\\\/katerinagarcia_neuervorstand\\\/\",\"url\":\"https:\\\/\\\/gruene-wiesbaden.de\\\/katerinagarcia_neuervorstand\\\/\",\"name\":\"GR\u00dcNE w\u00e4hlen Katerina Garcia als Direktkandidatin zur Bundestagswahl und einen neuen Vorstand - B\u00dcNDNIS 90\\\/DIE GR\u00dcNEN Wiesbaden\",\"isPartOf\":{\"@id\":\"https:\\\/\\\/gruene-wiesbaden.de\\\/#website\"},\"primaryImageOfPage\":{\"@id\":\"https:\\\/\\\/gruene-wiesbaden.de\\\/katerinagarcia_neuervorstand\\\/#primaryimage\"},\"image\":{\"@id\":\"https:\\\/\\\/gruene-wiesbaden.de\\\/katerinagarcia_neuervorstand\\\/#primaryimage\"},\"thumbnailUrl\":\"https:\\\/\\\/gruene-wiesbaden.de\\\/wp-content\\\/uploads\\\/2025\\\/03\\\/Bildschirmfoto-2025-06-16-um-23.03.22.png\",\"datePublished\":\"2024-11-21T12:00:26+00:00\",\"dateModified\":\"2025-06-16T21:04:30+00:00\",\"breadcrumb\":{\"@id\":\"https:\\\/\\\/gruene-wiesbaden.de\\\/katerinagarcia_neuervorstand\\\/#breadcrumb\"},\"inLanguage\":\"en-GB\",\"potentialAction\":[{\"@type\":\"ReadAction\",\"target\":[\"https:\\\/\\\/gruene-wiesbaden.de\\\/katerinagarcia_neuervorstand\\\/\"]}]},{\"@type\":\"ImageObject\",\"inLanguage\":\"en-GB\",\"@id\":\"https:\\\/\\\/gruene-wiesbaden.de\\\/katerinagarcia_neuervorstand\\\/#primaryimage\",\"url\":\"https:\\\/\\\/gruene-wiesbaden.de\\\/wp-content\\\/uploads\\\/2025\\\/03\\\/Bildschirmfoto-2025-06-16-um-23.03.22.png\",\"contentUrl\":\"https:\\\/\\\/gruene-wiesbaden.de\\\/wp-content\\\/uploads\\\/2025\\\/03\\\/Bildschirmfoto-2025-06-16-um-23.03.22.png\",\"width\":1762,\"height\":1174},{\"@type\":\"BreadcrumbList\",\"@id\":\"https:\\\/\\\/gruene-wiesbaden.de\\\/katerinagarcia_neuervorstand\\\/#breadcrumb\",\"itemListElement\":[{\"@type\":\"ListItem\",\"position\":1,\"name\":\"Startseite\",\"item\":\"https:\\\/\\\/gruene-wiesbaden.de\\\/\"},{\"@type\":\"ListItem\",\"position\":2,\"name\":\"GR\u00dcNE w\u00e4hlen Katerina Garcia als Direktkandidatin zur Bundestagswahl und einen neuen Vorstand\"}]},{\"@type\":\"WebSite\",\"@id\":\"https:\\\/\\\/gruene-wiesbaden.de\\\/#website\",\"url\":\"https:\\\/\\\/gruene-wiesbaden.de\\\/\",\"name\":\"DIE GR\u00dcNEN Wiesbaden\",\"description\":\"\",\"publisher\":{\"@id\":\"https:\\\/\\\/gruene-wiesbaden.de\\\/#organization\"},\"potentialAction\":[{\"@type\":\"SearchAction\",\"target\":{\"@type\":\"EntryPoint\",\"urlTemplate\":\"https:\\\/\\\/gruene-wiesbaden.de\\\/?s={search_term_string}\"},\"query-input\":{\"@type\":\"PropertyValueSpecification\",\"valueRequired\":true,\"valueName\":\"search_term_string\"}}],\"inLanguage\":\"en-GB\"},{\"@type\":\"Organization\",\"@id\":\"https:\\\/\\\/gruene-wiesbaden.de\\\/#organization\",\"name\":\"DIE GR\u00dcNEN Wiesbaden\",\"url\":\"https:\\\/\\\/gruene-wiesbaden.de\\\/\",\"logo\":{\"@type\":\"ImageObject\",\"inLanguage\":\"en-GB\",\"@id\":\"https:\\\/\\\/gruene-wiesbaden.de\\\/#\\\/schema\\\/logo\\\/image\\\/\",\"url\":\"https:\\\/\\\/gruene-wiesbaden-fuer-europa.de\\\/wp-content\\\/uploads\\\/2024\\\/04\\\/Machen-was-zaehlt-5.png\",\"contentUrl\":\"https:\\\/\\\/gruene-wiesbaden-fuer-europa.de\\\/wp-content\\\/uploads\\\/2024\\\/04\\\/Machen-was-zaehlt-5.png\",\"width\":1772,\"height\":1772,\"caption\":\"DIE GR\u00dcNEN Wiesbaden\"},\"image\":{\"@id\":\"https:\\\/\\\/gruene-wiesbaden.de\\\/#\\\/schema\\\/logo\\\/image\\\/\"},\"sameAs\":[\"https:\\\/\\\/www.facebook.com\\\/gruene.wi\",\"https:\\\/\\\/instagram.com\\\/gruene_wi\"]},{\"@type\":\"Person\",\"@id\":\"https:\\\/\\\/gruene-wiesbaden.de\\\/#\\\/schema\\\/person\\\/6785c34779159cd4fd86886bb097afe9\",\"name\":\"admin\",\"sameAs\":[\"http:\\\/\\\/gruene-wiesbaden-fuer-europa.de\"],\"url\":\"https:\\\/\\\/gruene-wiesbaden.de\\\/en\\\/author\\\/admin\\\/\"}]}<\/script>\n<!-- \/ Yoast SEO plugin. -->","yoast_head_json":{"title":"GR\u00dcNE w\u00e4hlen Katerina Garcia als Direktkandidatin zur Bundestagswahl und einen neuen Vorstand - B\u00dcNDNIS 90\/DIE GR\u00dcNEN Wiesbaden","robots":{"index":"index","follow":"follow","max-snippet":"max-snippet:-1","max-image-preview":"max-image-preview:large","max-video-preview":"max-video-preview:-1"},"canonical":"https:\/\/gruene-wiesbaden.de\/en\/katerinagarcia_neuervorstand\/","og_locale":"en_GB","og_type":"article","og_title":"GR\u00dcNE w\u00e4hlen Katerina Garcia als Direktkandidatin zur Bundestagswahl und einen neuen Vorstand - B\u00dcNDNIS 90\/DIE GR\u00dcNEN Wiesbaden","og_url":"https:\/\/gruene-wiesbaden.de\/en\/katerinagarcia_neuervorstand\/","og_site_name":"B\u00dcNDNIS 90\/DIE GR\u00dcNEN Wiesbaden","article_publisher":"https:\/\/www.facebook.com\/gruene.wi","article_published_time":"2024-11-21T12:00:26+00:00","article_modified_time":"2025-06-16T21:04:30+00:00","og_image":[{"width":600,"height":400,"url":"https:\/\/gruene-wiesbaden.de\/wp-content\/uploads\/2025\/03\/Bildschirmfoto-2025-06-16-um-23.03.22-600x400.png","type":"image\/png"}],"author":"admin","twitter_card":"summary_large_image","twitter_misc":{"Written by":"admin","Estimated reading time":"4 minutes"},"schema":{"@context":"https:\/\/schema.org","@graph":[{"@type":"Article","@id":"https:\/\/gruene-wiesbaden.de\/katerinagarcia_neuervorstand\/#article","isPartOf":{"@id":"https:\/\/gruene-wiesbaden.de\/katerinagarcia_neuervorstand\/"},"author":{"name":"admin","@id":"https:\/\/gruene-wiesbaden.de\/#\/schema\/person\/6785c34779159cd4fd86886bb097afe9"},"headline":"GR\u00dcNE w\u00e4hlen Katerina Garcia als Direktkandidatin zur Bundestagswahl und einen neuen Vorstand","datePublished":"2024-11-21T12:00:26+00:00","dateModified":"2025-06-16T21:04:30+00:00","mainEntityOfPage":{"@id":"https:\/\/gruene-wiesbaden.de\/katerinagarcia_neuervorstand\/"},"wordCount":679,"publisher":{"@id":"https:\/\/gruene-wiesbaden.de\/#organization"},"image":{"@id":"https:\/\/gruene-wiesbaden.de\/katerinagarcia_neuervorstand\/#primaryimage"},"thumbnailUrl":"https:\/\/gruene-wiesbaden.de\/wp-content\/uploads\/2025\/03\/Bildschirmfoto-2025-06-16-um-23.03.22.png","articleSection":["Wahlen"],"inLanguage":"en-GB"},{"@type":"WebPage","@id":"https:\/\/gruene-wiesbaden.de\/katerinagarcia_neuervorstand\/","url":"https:\/\/gruene-wiesbaden.de\/katerinagarcia_neuervorstand\/","name":"GR\u00dcNE w\u00e4hlen Katerina Garcia als Direktkandidatin zur Bundestagswahl und einen neuen Vorstand - B\u00dcNDNIS 90\/DIE GR\u00dcNEN Wiesbaden","isPartOf":{"@id":"https:\/\/gruene-wiesbaden.de\/#website"},"primaryImageOfPage":{"@id":"https:\/\/gruene-wiesbaden.de\/katerinagarcia_neuervorstand\/#primaryimage"},"image":{"@id":"https:\/\/gruene-wiesbaden.de\/katerinagarcia_neuervorstand\/#primaryimage"},"thumbnailUrl":"https:\/\/gruene-wiesbaden.de\/wp-content\/uploads\/2025\/03\/Bildschirmfoto-2025-06-16-um-23.03.22.png","datePublished":"2024-11-21T12:00:26+00:00","dateModified":"2025-06-16T21:04:30+00:00","breadcrumb":{"@id":"https:\/\/gruene-wiesbaden.de\/katerinagarcia_neuervorstand\/#breadcrumb"},"inLanguage":"en-GB","potentialAction":[{"@type":"ReadAction","target":["https:\/\/gruene-wiesbaden.de\/katerinagarcia_neuervorstand\/"]}]},{"@type":"ImageObject","inLanguage":"en-GB","@id":"https:\/\/gruene-wiesbaden.de\/katerinagarcia_neuervorstand\/#primaryimage","url":"https:\/\/gruene-wiesbaden.de\/wp-content\/uploads\/2025\/03\/Bildschirmfoto-2025-06-16-um-23.03.22.png","contentUrl":"https:\/\/gruene-wiesbaden.de\/wp-content\/uploads\/2025\/03\/Bildschirmfoto-2025-06-16-um-23.03.22.png","width":1762,"height":1174},{"@type":"BreadcrumbList","@id":"https:\/\/gruene-wiesbaden.de\/katerinagarcia_neuervorstand\/#breadcrumb","itemListElement":[{"@type":"ListItem","position":1,"name":"Startseite","item":"https:\/\/gruene-wiesbaden.de\/"},{"@type":"ListItem","position":2,"name":"GR\u00dcNE w\u00e4hlen Katerina Garcia als Direktkandidatin zur Bundestagswahl und einen neuen Vorstand"}]},{"@type":"WebSite","@id":"https:\/\/gruene-wiesbaden.de\/#website","url":"https:\/\/gruene-wiesbaden.de\/","name":"DIE GR\u00dcNEN Wiesbaden","description":"","publisher":{"@id":"https:\/\/gruene-wiesbaden.de\/#organization"},"potentialAction":[{"@type":"SearchAction","target":{"@type":"EntryPoint","urlTemplate":"https:\/\/gruene-wiesbaden.de\/?s={search_term_string}"},"query-input":{"@type":"PropertyValueSpecification","valueRequired":true,"valueName":"search_term_string"}}],"inLanguage":"en-GB"},{"@type":"Organization","@id":"https:\/\/gruene-wiesbaden.de\/#organization","name":"DIE GR\u00dcNEN Wiesbaden","url":"https:\/\/gruene-wiesbaden.de\/","logo":{"@type":"ImageObject","inLanguage":"en-GB","@id":"https:\/\/gruene-wiesbaden.de\/#\/schema\/logo\/image\/","url":"https:\/\/gruene-wiesbaden-fuer-europa.de\/wp-content\/uploads\/2024\/04\/Machen-was-zaehlt-5.png","contentUrl":"https:\/\/gruene-wiesbaden-fuer-europa.de\/wp-content\/uploads\/2024\/04\/Machen-was-zaehlt-5.png","width":1772,"height":1772,"caption":"DIE GR\u00dcNEN Wiesbaden"},"image":{"@id":"https:\/\/gruene-wiesbaden.de\/#\/schema\/logo\/image\/"},"sameAs":["https:\/\/www.facebook.com\/gruene.wi","https:\/\/instagram.com\/gruene_wi"]},{"@type":"Person","@id":"https:\/\/gruene-wiesbaden.de\/#\/schema\/person\/6785c34779159cd4fd86886bb097afe9","name":"admin","sameAs":["http:\/\/gruene-wiesbaden-fuer-europa.de"],"url":"https:\/\/gruene-wiesbaden.de\/en\/author\/admin\/"}]}},"_links":{"self":[{"href":"https:\/\/gruene-wiesbaden.de\/en\/wp-json\/wp\/v2\/posts\/702","targetHints":{"allow":["GET"]}}],"collection":[{"href":"https:\/\/gruene-wiesbaden.de\/en\/wp-json\/wp\/v2\/posts"}],"about":[{"href":"https:\/\/gruene-wiesbaden.de\/en\/wp-json\/wp\/v2\/types\/post"}],"author":[{"embeddable":true,"href":"https:\/\/gruene-wiesbaden.de\/en\/wp-json\/wp\/v2\/users\/1"}],"replies":[{"embeddable":true,"href":"https:\/\/gruene-wiesbaden.de\/en\/wp-json\/wp\/v2\/comments?post=702"}],"version-history":[{"count":5,"href":"https:\/\/gruene-wiesbaden.de\/en\/wp-json\/wp\/v2\/posts\/702\/revisions"}],"predecessor-version":[{"id":932,"href":"https:\/\/gruene-wiesbaden.de\/en\/wp-json\/wp\/v2\/posts\/702\/revisions\/932"}],"wp:featuredmedia":[{"embeddable":true,"href":"https:\/\/gruene-wiesbaden.de\/en\/wp-json\/wp\/v2\/media\/931"}],"wp:attachment":[{"href":"https:\/\/gruene-wiesbaden.de\/en\/wp-json\/wp\/v2\/media?parent=702"}],"wp:term":[{"taxonomy":"category","embeddable":true,"href":"https:\/\/gruene-wiesbaden.de\/en\/wp-json\/wp\/v2\/categories?post=702"},{"taxonomy":"post_tag","embeddable":true,"href":"https:\/\/gruene-wiesbaden.de\/en\/wp-json\/wp\/v2\/tags?post=702"}],"curies":[{"name":"wp","href":"https:\/\/api.w.org\/{rel}","templated":true}]}}