{"id":1647,"date":"2025-11-27T09:45:08","date_gmt":"2025-11-27T07:45:08","guid":{"rendered":"https:\/\/gruene-wiesbaden.de\/?p=1647"},"modified":"2025-11-27T09:45:08","modified_gmt":"2025-11-27T07:45:08","slug":"stark-aufgestellt-fuer-wiesbaden-gruene-starten-mit-team-und-programm-in-den-wahlkampf","status":"publish","type":"post","link":"https:\/\/gruene-wiesbaden.de\/en\/stark-aufgestellt-fuer-wiesbaden-gruene-starten-mit-team-und-programm-in-den-wahlkampf\/","title":{"rendered":"Strongly positioned for Wiesbaden: Greens start the election campaign with team and program"},"content":{"rendered":"<section class=\"l-section wpb_row height_medium\"><div class=\"l-section-h i-cf\"><div class=\"g-cols vc_row via_grid cols_1 laptops-cols_inherit tablets-cols_inherit mobiles-cols_1 valign_top type_default stacking_default\"><div class=\"wpb_column vc_column_container\"><div class=\"vc_column-inner\"><h3 class=\"w-post-elm post_title us_custom_ea76afbe entry-title color_link_inherit\">Strongly positioned for Wiesbaden: Greens start the election campaign with team and program<\/h3><div class=\"w-post-elm post_image\"><img loading=\"lazy\" decoding=\"async\" width=\"600\" height=\"407\" src=\"https:\/\/gruene-wiesbaden.de\/wp-content\/uploads\/2025\/11\/Post-Wahlprogramm-e1764229378933-600x407.png\" class=\"attachment-large size-large wp-post-image\" alt=\"\" srcset=\"https:\/\/gruene-wiesbaden.de\/wp-content\/uploads\/2025\/11\/Post-Wahlprogramm-e1764229378933-600x407.png 600w, https:\/\/gruene-wiesbaden.de\/wp-content\/uploads\/2025\/11\/Post-Wahlprogramm-e1764229378933-400x271.png 400w, https:\/\/gruene-wiesbaden.de\/wp-content\/uploads\/2025\/11\/Post-Wahlprogramm-e1764229378933-18x12.png 18w, https:\/\/gruene-wiesbaden.de\/wp-content\/uploads\/2025\/11\/Post-Wahlprogramm-e1764229378933.png 1132w\" sizes=\"auto, (max-width: 600px) 100vw, 600px\" \/><\/div><div class=\"w-separator size_medium\"><\/div><div class=\"wpb_text_column\"><div class=\"wpb_wrapper\"><p><b>Wiesbaden, 26.11.2025 \u2013 <\/b><b>B\u00dcNDNIS 90\/DIE GR\u00dcNEN Wiesbaden resolutely start the municipal election campaign in 2026. With the election program already adopted in October and the now elected list for the city council, it is clear: The Greens compete with a clear content course and a team that wants to actively shape Wiesbaden's future.<span class=\"Apple-converted-space\">\u00a0<\/span><\/b><\/p>\n<p>The party thus underlines its claim to take responsibility for the entire city \u2013 across topics, social groups and districts. Your self-image: a political force that does not narrow down to individual interests, but works for the big picture \u2013 for a Wiesbaden that is evolving and well positioned for the future.<span class=\"Apple-converted-space\">\u00a0<\/span><\/p>\n<p>Co-Chair Rebecca Thomas emphasizes the value of the broad staffing: \u201cOur list shows that we take Wiesbaden seriously in all its diversity. Experienced local politicians work side by side with committed new forces and also bring together expertise for all policy areas. Eight people under 35 in the top 20 are a clear signal: We don't just think about the future, we actively bring it to the table.\u201d<span class=\"Apple-converted-space\">\u00a0<\/span><\/p>\n<p>Co-Chairman Daniel Schmitt added: \u201cWhat unites us is the will to advance Wiesbaden in all areas \u2013 ecologically, socially, economically. We stand for politics that combines climate and environmental protection, social justice and good cooperation and combines economic strength with responsibility and sustainability. We stand for a policy that courageously tackles when something new is needed and develops what exists when it has proved its worth. Our guiding principle is a city that does not stop, but gradually improves \u2013 for everyone who lives here.\u201d<span class=\"Apple-converted-space\">\u00a0<\/span><\/p>\n<p>The election program of the Greens is now on <b>gruene-wiesbaden.de <\/b>Available in German and 12 other languages. \"It is important to us that everyone in Wiesbaden understands what we stand for\", explains Rebecca Thomas. The digital version has been designed to be barrier-free and mobile-friendly. The election program in plain language is currently in preparation.<span class=\"Apple-converted-space\">\u00a0<\/span><\/p>\n<p>On Monday, the 1st. In December 2025, the district chairpersons, together with some candidates from the top 10 of the list for the City Council, presented the team, key points of the program and initial insights into the campaign. Media representatives are invited.<\/p>\n<\/div><\/div><\/div><\/div><\/div><\/div><\/section>","protected":false},"excerpt":{"rendered":"Strongly positioned for Wiesbaden: GREEN start with team and programme in the election campaign Wiesbaden, 26.11.2025 \u2013 B\u00dcNDNIS 90\/DIE GR\u00dcNEN Wiesbaden start decisively in the local election campaign 2026. With the election program already adopted in October and the now elected list for the city council, it is clear: The Greens compete with a clear content course and a team that...","protected":false},"author":1,"featured_media":1650,"comment_status":"closed","ping_status":"closed","sticky":false,"template":"","format":"standard","meta":{"footnotes":""},"categories":[8,6,5],"tags":[],"class_list":["post-1647","post","type-post","status-publish","format-standard","has-post-thumbnail","hentry","category-allgemein","category-veranstaltungen","category-wahlen"],"yoast_head":"<!-- This site is optimized with the Yoast SEO plugin v27.5 - https:\/\/yoast.com\/product\/yoast-seo-wordpress\/ -->\n<title>Stark aufgestellt f\u00fcr Wiesbaden: GR\u00dcNE starten mit Team und Programm in den Wahlkampf - B\u00dcNDNIS 90\/DIE GR\u00dcNEN Wiesbaden<\/title>\n<meta name=\"robots\" content=\"index, follow, max-snippet:-1, max-image-preview:large, max-video-preview:-1\" \/>\n<link rel=\"canonical\" href=\"https:\/\/gruene-wiesbaden.de\/en\/stark-aufgestellt-fuer-wiesbaden-gruene-starten-mit-team-und-programm-in-den-wahlkampf\/\" \/>\n<meta property=\"og:locale\" content=\"en_GB\" \/>\n<meta property=\"og:type\" content=\"article\" \/>\n<meta property=\"og:title\" content=\"Stark aufgestellt f\u00fcr Wiesbaden: GR\u00dcNE starten mit Team und Programm in den Wahlkampf - B\u00dcNDNIS 90\/DIE GR\u00dcNEN Wiesbaden\" \/>\n<meta property=\"og:url\" content=\"https:\/\/gruene-wiesbaden.de\/en\/stark-aufgestellt-fuer-wiesbaden-gruene-starten-mit-team-und-programm-in-den-wahlkampf\/\" \/>\n<meta property=\"og:site_name\" content=\"B\u00dcNDNIS 90\/DIE GR\u00dcNEN Wiesbaden\" \/>\n<meta property=\"article:publisher\" content=\"https:\/\/www.facebook.com\/gruene.wi\" \/>\n<meta property=\"article:published_time\" content=\"2025-11-27T07:45:08+00:00\" \/>\n<meta property=\"og:image\" content=\"https:\/\/gruene-wiesbaden.de\/wp-content\/uploads\/2025\/11\/Post-Wahlprogramm-e1764229378933.png\" \/>\n\t<meta property=\"og:image:width\" content=\"1132\" \/>\n\t<meta property=\"og:image:height\" content=\"767\" \/>\n\t<meta property=\"og:image:type\" content=\"image\/png\" \/>\n<meta name=\"author\" content=\"admin\" \/>\n<meta name=\"twitter:card\" content=\"summary_large_image\" \/>\n<meta name=\"twitter:label1\" content=\"Written by\" \/>\n\t<meta name=\"twitter:data1\" content=\"admin\" \/>\n\t<meta name=\"twitter:label2\" content=\"Estimated reading time\" \/>\n\t<meta name=\"twitter:data2\" content=\"3 minutes\" \/>\n<script type=\"application\/ld+json\" class=\"yoast-schema-graph\">{\"@context\":\"https:\\\/\\\/schema.org\",\"@graph\":[{\"@type\":\"Article\",\"@id\":\"https:\\\/\\\/gruene-wiesbaden.de\\\/stark-aufgestellt-fuer-wiesbaden-gruene-starten-mit-team-und-programm-in-den-wahlkampf\\\/#article\",\"isPartOf\":{\"@id\":\"https:\\\/\\\/gruene-wiesbaden.de\\\/stark-aufgestellt-fuer-wiesbaden-gruene-starten-mit-team-und-programm-in-den-wahlkampf\\\/\"},\"author\":{\"name\":\"admin\",\"@id\":\"https:\\\/\\\/gruene-wiesbaden.de\\\/#\\\/schema\\\/person\\\/6785c34779159cd4fd86886bb097afe9\"},\"headline\":\"Stark aufgestellt f\u00fcr Wiesbaden: GR\u00dcNE starten mit Team und Programm in den Wahlkampf\",\"datePublished\":\"2025-11-27T07:45:08+00:00\",\"mainEntityOfPage\":{\"@id\":\"https:\\\/\\\/gruene-wiesbaden.de\\\/stark-aufgestellt-fuer-wiesbaden-gruene-starten-mit-team-und-programm-in-den-wahlkampf\\\/\"},\"wordCount\":406,\"publisher\":{\"@id\":\"https:\\\/\\\/gruene-wiesbaden.de\\\/#organization\"},\"image\":{\"@id\":\"https:\\\/\\\/gruene-wiesbaden.de\\\/stark-aufgestellt-fuer-wiesbaden-gruene-starten-mit-team-und-programm-in-den-wahlkampf\\\/#primaryimage\"},\"thumbnailUrl\":\"https:\\\/\\\/gruene-wiesbaden.de\\\/wp-content\\\/uploads\\\/2025\\\/11\\\/Post-Wahlprogramm-e1764229378933.png\",\"articleSection\":[\"Allgemein\",\"Veranstaltungen\",\"Wahlen\"],\"inLanguage\":\"en-GB\"},{\"@type\":\"WebPage\",\"@id\":\"https:\\\/\\\/gruene-wiesbaden.de\\\/stark-aufgestellt-fuer-wiesbaden-gruene-starten-mit-team-und-programm-in-den-wahlkampf\\\/\",\"url\":\"https:\\\/\\\/gruene-wiesbaden.de\\\/stark-aufgestellt-fuer-wiesbaden-gruene-starten-mit-team-und-programm-in-den-wahlkampf\\\/\",\"name\":\"Stark aufgestellt f\u00fcr Wiesbaden: GR\u00dcNE starten mit Team und Programm in den Wahlkampf - B\u00dcNDNIS 90\\\/DIE GR\u00dcNEN Wiesbaden\",\"isPartOf\":{\"@id\":\"https:\\\/\\\/gruene-wiesbaden.de\\\/#website\"},\"primaryImageOfPage\":{\"@id\":\"https:\\\/\\\/gruene-wiesbaden.de\\\/stark-aufgestellt-fuer-wiesbaden-gruene-starten-mit-team-und-programm-in-den-wahlkampf\\\/#primaryimage\"},\"image\":{\"@id\":\"https:\\\/\\\/gruene-wiesbaden.de\\\/stark-aufgestellt-fuer-wiesbaden-gruene-starten-mit-team-und-programm-in-den-wahlkampf\\\/#primaryimage\"},\"thumbnailUrl\":\"https:\\\/\\\/gruene-wiesbaden.de\\\/wp-content\\\/uploads\\\/2025\\\/11\\\/Post-Wahlprogramm-e1764229378933.png\",\"datePublished\":\"2025-11-27T07:45:08+00:00\",\"breadcrumb\":{\"@id\":\"https:\\\/\\\/gruene-wiesbaden.de\\\/stark-aufgestellt-fuer-wiesbaden-gruene-starten-mit-team-und-programm-in-den-wahlkampf\\\/#breadcrumb\"},\"inLanguage\":\"en-GB\",\"potentialAction\":[{\"@type\":\"ReadAction\",\"target\":[\"https:\\\/\\\/gruene-wiesbaden.de\\\/stark-aufgestellt-fuer-wiesbaden-gruene-starten-mit-team-und-programm-in-den-wahlkampf\\\/\"]}]},{\"@type\":\"ImageObject\",\"inLanguage\":\"en-GB\",\"@id\":\"https:\\\/\\\/gruene-wiesbaden.de\\\/stark-aufgestellt-fuer-wiesbaden-gruene-starten-mit-team-und-programm-in-den-wahlkampf\\\/#primaryimage\",\"url\":\"https:\\\/\\\/gruene-wiesbaden.de\\\/wp-content\\\/uploads\\\/2025\\\/11\\\/Post-Wahlprogramm-e1764229378933.png\",\"contentUrl\":\"https:\\\/\\\/gruene-wiesbaden.de\\\/wp-content\\\/uploads\\\/2025\\\/11\\\/Post-Wahlprogramm-e1764229378933.png\",\"width\":1132,\"height\":767},{\"@type\":\"BreadcrumbList\",\"@id\":\"https:\\\/\\\/gruene-wiesbaden.de\\\/stark-aufgestellt-fuer-wiesbaden-gruene-starten-mit-team-und-programm-in-den-wahlkampf\\\/#breadcrumb\",\"itemListElement\":[{\"@type\":\"ListItem\",\"position\":1,\"name\":\"Startseite\",\"item\":\"https:\\\/\\\/gruene-wiesbaden.de\\\/\"},{\"@type\":\"ListItem\",\"position\":2,\"name\":\"Stark aufgestellt f\u00fcr Wiesbaden: GR\u00dcNE starten mit Team und Programm in den Wahlkampf\"}]},{\"@type\":\"WebSite\",\"@id\":\"https:\\\/\\\/gruene-wiesbaden.de\\\/#website\",\"url\":\"https:\\\/\\\/gruene-wiesbaden.de\\\/\",\"name\":\"DIE GR\u00dcNEN Wiesbaden\",\"description\":\"\",\"publisher\":{\"@id\":\"https:\\\/\\\/gruene-wiesbaden.de\\\/#organization\"},\"potentialAction\":[{\"@type\":\"SearchAction\",\"target\":{\"@type\":\"EntryPoint\",\"urlTemplate\":\"https:\\\/\\\/gruene-wiesbaden.de\\\/?s={search_term_string}\"},\"query-input\":{\"@type\":\"PropertyValueSpecification\",\"valueRequired\":true,\"valueName\":\"search_term_string\"}}],\"inLanguage\":\"en-GB\"},{\"@type\":\"Organization\",\"@id\":\"https:\\\/\\\/gruene-wiesbaden.de\\\/#organization\",\"name\":\"DIE GR\u00dcNEN Wiesbaden\",\"url\":\"https:\\\/\\\/gruene-wiesbaden.de\\\/\",\"logo\":{\"@type\":\"ImageObject\",\"inLanguage\":\"en-GB\",\"@id\":\"https:\\\/\\\/gruene-wiesbaden.de\\\/#\\\/schema\\\/logo\\\/image\\\/\",\"url\":\"https:\\\/\\\/gruene-wiesbaden-fuer-europa.de\\\/wp-content\\\/uploads\\\/2024\\\/04\\\/Machen-was-zaehlt-5.png\",\"contentUrl\":\"https:\\\/\\\/gruene-wiesbaden-fuer-europa.de\\\/wp-content\\\/uploads\\\/2024\\\/04\\\/Machen-was-zaehlt-5.png\",\"width\":1772,\"height\":1772,\"caption\":\"DIE GR\u00dcNEN Wiesbaden\"},\"image\":{\"@id\":\"https:\\\/\\\/gruene-wiesbaden.de\\\/#\\\/schema\\\/logo\\\/image\\\/\"},\"sameAs\":[\"https:\\\/\\\/www.facebook.com\\\/gruene.wi\",\"https:\\\/\\\/instagram.com\\\/gruene_wi\"]},{\"@type\":\"Person\",\"@id\":\"https:\\\/\\\/gruene-wiesbaden.de\\\/#\\\/schema\\\/person\\\/6785c34779159cd4fd86886bb097afe9\",\"name\":\"admin\",\"sameAs\":[\"http:\\\/\\\/gruene-wiesbaden-fuer-europa.de\"],\"url\":\"https:\\\/\\\/gruene-wiesbaden.de\\\/en\\\/author\\\/admin\\\/\"}]}<\/script>\n<!-- \/ Yoast SEO plugin. -->","yoast_head_json":{"title":"Stark aufgestellt f\u00fcr Wiesbaden: GR\u00dcNE starten mit Team und Programm in den Wahlkampf - B\u00dcNDNIS 90\/DIE GR\u00dcNEN Wiesbaden","robots":{"index":"index","follow":"follow","max-snippet":"max-snippet:-1","max-image-preview":"max-image-preview:large","max-video-preview":"max-video-preview:-1"},"canonical":"https:\/\/gruene-wiesbaden.de\/en\/stark-aufgestellt-fuer-wiesbaden-gruene-starten-mit-team-und-programm-in-den-wahlkampf\/","og_locale":"en_GB","og_type":"article","og_title":"Stark aufgestellt f\u00fcr Wiesbaden: GR\u00dcNE starten mit Team und Programm in den Wahlkampf - B\u00dcNDNIS 90\/DIE GR\u00dcNEN Wiesbaden","og_url":"https:\/\/gruene-wiesbaden.de\/en\/stark-aufgestellt-fuer-wiesbaden-gruene-starten-mit-team-und-programm-in-den-wahlkampf\/","og_site_name":"B\u00dcNDNIS 90\/DIE GR\u00dcNEN Wiesbaden","article_publisher":"https:\/\/www.facebook.com\/gruene.wi","article_published_time":"2025-11-27T07:45:08+00:00","og_image":[{"width":1132,"height":767,"url":"https:\/\/gruene-wiesbaden.de\/wp-content\/uploads\/2025\/11\/Post-Wahlprogramm-e1764229378933.png","type":"image\/png"}],"author":"admin","twitter_card":"summary_large_image","twitter_misc":{"Written by":"admin","Estimated reading time":"3 minutes"},"schema":{"@context":"https:\/\/schema.org","@graph":[{"@type":"Article","@id":"https:\/\/gruene-wiesbaden.de\/stark-aufgestellt-fuer-wiesbaden-gruene-starten-mit-team-und-programm-in-den-wahlkampf\/#article","isPartOf":{"@id":"https:\/\/gruene-wiesbaden.de\/stark-aufgestellt-fuer-wiesbaden-gruene-starten-mit-team-und-programm-in-den-wahlkampf\/"},"author":{"name":"admin","@id":"https:\/\/gruene-wiesbaden.de\/#\/schema\/person\/6785c34779159cd4fd86886bb097afe9"},"headline":"Stark aufgestellt f\u00fcr Wiesbaden: GR\u00dcNE starten mit Team und Programm in den Wahlkampf","datePublished":"2025-11-27T07:45:08+00:00","mainEntityOfPage":{"@id":"https:\/\/gruene-wiesbaden.de\/stark-aufgestellt-fuer-wiesbaden-gruene-starten-mit-team-und-programm-in-den-wahlkampf\/"},"wordCount":406,"publisher":{"@id":"https:\/\/gruene-wiesbaden.de\/#organization"},"image":{"@id":"https:\/\/gruene-wiesbaden.de\/stark-aufgestellt-fuer-wiesbaden-gruene-starten-mit-team-und-programm-in-den-wahlkampf\/#primaryimage"},"thumbnailUrl":"https:\/\/gruene-wiesbaden.de\/wp-content\/uploads\/2025\/11\/Post-Wahlprogramm-e1764229378933.png","articleSection":["Allgemein","Veranstaltungen","Wahlen"],"inLanguage":"en-GB"},{"@type":"WebPage","@id":"https:\/\/gruene-wiesbaden.de\/stark-aufgestellt-fuer-wiesbaden-gruene-starten-mit-team-und-programm-in-den-wahlkampf\/","url":"https:\/\/gruene-wiesbaden.de\/stark-aufgestellt-fuer-wiesbaden-gruene-starten-mit-team-und-programm-in-den-wahlkampf\/","name":"Stark aufgestellt f\u00fcr Wiesbaden: GR\u00dcNE starten mit Team und Programm in den Wahlkampf - B\u00dcNDNIS 90\/DIE GR\u00dcNEN Wiesbaden","isPartOf":{"@id":"https:\/\/gruene-wiesbaden.de\/#website"},"primaryImageOfPage":{"@id":"https:\/\/gruene-wiesbaden.de\/stark-aufgestellt-fuer-wiesbaden-gruene-starten-mit-team-und-programm-in-den-wahlkampf\/#primaryimage"},"image":{"@id":"https:\/\/gruene-wiesbaden.de\/stark-aufgestellt-fuer-wiesbaden-gruene-starten-mit-team-und-programm-in-den-wahlkampf\/#primaryimage"},"thumbnailUrl":"https:\/\/gruene-wiesbaden.de\/wp-content\/uploads\/2025\/11\/Post-Wahlprogramm-e1764229378933.png","datePublished":"2025-11-27T07:45:08+00:00","breadcrumb":{"@id":"https:\/\/gruene-wiesbaden.de\/stark-aufgestellt-fuer-wiesbaden-gruene-starten-mit-team-und-programm-in-den-wahlkampf\/#breadcrumb"},"inLanguage":"en-GB","potentialAction":[{"@type":"ReadAction","target":["https:\/\/gruene-wiesbaden.de\/stark-aufgestellt-fuer-wiesbaden-gruene-starten-mit-team-und-programm-in-den-wahlkampf\/"]}]},{"@type":"ImageObject","inLanguage":"en-GB","@id":"https:\/\/gruene-wiesbaden.de\/stark-aufgestellt-fuer-wiesbaden-gruene-starten-mit-team-und-programm-in-den-wahlkampf\/#primaryimage","url":"https:\/\/gruene-wiesbaden.de\/wp-content\/uploads\/2025\/11\/Post-Wahlprogramm-e1764229378933.png","contentUrl":"https:\/\/gruene-wiesbaden.de\/wp-content\/uploads\/2025\/11\/Post-Wahlprogramm-e1764229378933.png","width":1132,"height":767},{"@type":"BreadcrumbList","@id":"https:\/\/gruene-wiesbaden.de\/stark-aufgestellt-fuer-wiesbaden-gruene-starten-mit-team-und-programm-in-den-wahlkampf\/#breadcrumb","itemListElement":[{"@type":"ListItem","position":1,"name":"Startseite","item":"https:\/\/gruene-wiesbaden.de\/"},{"@type":"ListItem","position":2,"name":"Stark aufgestellt f\u00fcr Wiesbaden: GR\u00dcNE starten mit Team und Programm in den Wahlkampf"}]},{"@type":"WebSite","@id":"https:\/\/gruene-wiesbaden.de\/#website","url":"https:\/\/gruene-wiesbaden.de\/","name":"DIE GR\u00dcNEN Wiesbaden","description":"","publisher":{"@id":"https:\/\/gruene-wiesbaden.de\/#organization"},"potentialAction":[{"@type":"SearchAction","target":{"@type":"EntryPoint","urlTemplate":"https:\/\/gruene-wiesbaden.de\/?s={search_term_string}"},"query-input":{"@type":"PropertyValueSpecification","valueRequired":true,"valueName":"search_term_string"}}],"inLanguage":"en-GB"},{"@type":"Organization","@id":"https:\/\/gruene-wiesbaden.de\/#organization","name":"DIE GR\u00dcNEN Wiesbaden","url":"https:\/\/gruene-wiesbaden.de\/","logo":{"@type":"ImageObject","inLanguage":"en-GB","@id":"https:\/\/gruene-wiesbaden.de\/#\/schema\/logo\/image\/","url":"https:\/\/gruene-wiesbaden-fuer-europa.de\/wp-content\/uploads\/2024\/04\/Machen-was-zaehlt-5.png","contentUrl":"https:\/\/gruene-wiesbaden-fuer-europa.de\/wp-content\/uploads\/2024\/04\/Machen-was-zaehlt-5.png","width":1772,"height":1772,"caption":"DIE GR\u00dcNEN Wiesbaden"},"image":{"@id":"https:\/\/gruene-wiesbaden.de\/#\/schema\/logo\/image\/"},"sameAs":["https:\/\/www.facebook.com\/gruene.wi","https:\/\/instagram.com\/gruene_wi"]},{"@type":"Person","@id":"https:\/\/gruene-wiesbaden.de\/#\/schema\/person\/6785c34779159cd4fd86886bb097afe9","name":"admin","sameAs":["http:\/\/gruene-wiesbaden-fuer-europa.de"],"url":"https:\/\/gruene-wiesbaden.de\/en\/author\/admin\/"}]}},"_links":{"self":[{"href":"https:\/\/gruene-wiesbaden.de\/en\/wp-json\/wp\/v2\/posts\/1647","targetHints":{"allow":["GET"]}}],"collection":[{"href":"https:\/\/gruene-wiesbaden.de\/en\/wp-json\/wp\/v2\/posts"}],"about":[{"href":"https:\/\/gruene-wiesbaden.de\/en\/wp-json\/wp\/v2\/types\/post"}],"author":[{"embeddable":true,"href":"https:\/\/gruene-wiesbaden.de\/en\/wp-json\/wp\/v2\/users\/1"}],"replies":[{"embeddable":true,"href":"https:\/\/gruene-wiesbaden.de\/en\/wp-json\/wp\/v2\/comments?post=1647"}],"version-history":[{"count":4,"href":"https:\/\/gruene-wiesbaden.de\/en\/wp-json\/wp\/v2\/posts\/1647\/revisions"}],"predecessor-version":[{"id":1653,"href":"https:\/\/gruene-wiesbaden.de\/en\/wp-json\/wp\/v2\/posts\/1647\/revisions\/1653"}],"wp:featuredmedia":[{"embeddable":true,"href":"https:\/\/gruene-wiesbaden.de\/en\/wp-json\/wp\/v2\/media\/1650"}],"wp:attachment":[{"href":"https:\/\/gruene-wiesbaden.de\/en\/wp-json\/wp\/v2\/media?parent=1647"}],"wp:term":[{"taxonomy":"category","embeddable":true,"href":"https:\/\/gruene-wiesbaden.de\/en\/wp-json\/wp\/v2\/categories?post=1647"},{"taxonomy":"post_tag","embeddable":true,"href":"https:\/\/gruene-wiesbaden.de\/en\/wp-json\/wp\/v2\/tags?post=1647"}],"curies":[{"name":"wp","href":"https:\/\/api.w.org\/{rel}","templated":true}]}}