{"id":1353,"date":"2025-11-10T00:11:46","date_gmt":"2025-11-09T22:11:46","guid":{"rendered":"https:\/\/gruene-wiesbaden.de\/?p=1353"},"modified":"2026-04-09T10:29:24","modified_gmt":"2026-04-09T08:29:24","slug":"inklusion-und-barrierefreiheit","status":"publish","type":"post","link":"https:\/\/gruene-wiesbaden.de\/en\/inklusion-und-barrierefreiheit\/","title":{"rendered":"Inclusion and accessibility"},"content":{"rendered":"<section class=\"l-section wpb_row height_medium with_img\"><div class=\"l-section-img\" role=\"img\" data-img-width=\"1080\" data-img-height=\"800\" style=\"background-image: url(https:\/\/gruene-wiesbaden.de\/wp-content\/uploads\/2025\/11\/neuer-Verlauf-gruene-wiesbaden.de_-2-e1762709402177.png);\"><\/div><div class=\"l-section-overlay\" style=\"background:var(--color-header-top-transparent-bg)\"><\/div><div class=\"l-section-h i-cf\"><div class=\"g-cols vc_row via_grid cols_1 laptops-cols_inherit tablets-cols_inherit mobiles-cols_1 valign_top type_default stacking_default\"><div class=\"wpb_column vc_column_container\"><div class=\"vc_column-inner\"><h1 class=\"w-post-elm post_title us_custom_a574d586 has_text_color entry-title\">Inclusion and accessibility<\/h1><div class=\"w-separator size_medium\"><\/div><div class=\"g-cols wpb_row via_grid cols_2-1 laptops-cols_inherit tablets-cols_inherit mobiles-cols_1 valign_top type_default stacking_default\" style=\"--columns-gap:3rem;\"><div class=\"wpb_column vc_column_container\"><div class=\"vc_column-inner\"><div class=\"wpb_text_column us_custom_8b3d6790 has_text_color\"><div class=\"wpb_wrapper\"><p><span style=\"font-weight: 400;\">People with disabilities are at the heart of our society. Accessibility is a human right and a prerequisite for genuine participation. In Wiesbaden, we want to break down physical and mental barriers \u2013 in public spaces and in people\u2019s minds. Only if all people can participate in social life on an equal footing will a solidarity-based urban society emerge. For us, inclusion does not mean integration into existing structures, but their transformation for all. Accessibility not only benefits people with disabilities, but also makes life easier and more comfortable for everyone.<\/span><\/p>\n<\/div><\/div><div class=\"w-separator size_medium\"><\/div><div class=\"w-btn-wrapper align_left\"><a class=\"w-btn us-btn-style_8 icon_atleft\" href=\"https:\/\/gruene-wiesbaden.de\/en\/kommunalwahl\/#Kapitel2\"><i class=\"fas fa-chevron-circle-right\"><\/i><span class=\"w-btn-label\">Back to overview<\/span><\/a><\/div><\/div><\/div><div class=\"wpb_column vc_column_container\"><div class=\"vc_column-inner\"><div class=\"w-image align_center\"><div class=\"w-image-h\"><img decoding=\"async\" width=\"2560\" height=\"1435\" src=\"https:\/\/gruene-wiesbaden.de\/wp-content\/uploads\/2025\/11\/2.3-Inklusion-und-Barrierefreiheit-scaled.jpeg\" class=\"attachment-full size-full\" alt=\"\" loading=\"lazy\" srcset=\"https:\/\/gruene-wiesbaden.de\/wp-content\/uploads\/2025\/11\/2.3-Inklusion-und-Barrierefreiheit-scaled.jpeg 2560w, https:\/\/gruene-wiesbaden.de\/wp-content\/uploads\/2025\/11\/2.3-Inklusion-und-Barrierefreiheit-400x224.jpeg 400w, https:\/\/gruene-wiesbaden.de\/wp-content\/uploads\/2025\/11\/2.3-Inklusion-und-Barrierefreiheit-600x336.jpeg 600w\" sizes=\"auto, (max-width: 2560px) 100vw, 2560px\" \/><\/div><\/div><div class=\"w-separator size_small\"><\/div><\/div><\/div><\/div><div class=\"w-separator size_medium\"><\/div><div class=\"w-separator size_medium\"><\/div><div class=\"wpb_text_column us_custom_29deb344 has_text_color\"><div class=\"wpb_wrapper\"><h1>What inclusion and accessibility mean to us<\/h1>\n<\/div><\/div><div class=\"w-separator size_large\"><\/div><div class=\"g-cols wpb_row via_grid cols_3 laptops-cols_inherit tablets-cols_inherit mobiles-cols_1 valign_top type_default stacking_default\" style=\"--columns-gap:3rem;\"><div class=\"wpb_column vc_column_container\"><div class=\"vc_column-inner\"><div class=\"w-iconbox us_custom_8b3d6790 has_text_color iconpos_left style_default color_custom align_left\"><div class=\"w-iconbox-icon\" style=\"font-size:2rem;--icon-color:#Ffffff;--icon-bg-color:var(--color-header-middle-bg);\"><i class=\"fas fa-layer-group\"><\/i><\/div><div class=\"w-iconbox-meta\"><h4 class=\"w-iconbox-title\" style=\"font-size:1.5rem;\">Political participation<\/h4><div class=\"w-iconbox-text\"><p><span style=\"font-weight: 400;\">Nothing about us without us \u2013 people with disabilities, as experts in their lives, have to play a part in shaping all decisions.<\/span><\/p>\n<\/div><\/div><\/div><\/div><\/div><div class=\"wpb_column vc_column_container\"><div class=\"vc_column-inner\"><div class=\"w-iconbox us_custom_8b3d6790 has_text_color iconpos_left style_default color_custom align_left\"><div class=\"w-iconbox-icon\" style=\"font-size:2rem;--icon-color:#Ffffff;--icon-bg-color:var(--color-header-transparent-text);\"><i class=\"fas fa-layer-group\"><\/i><\/div><div class=\"w-iconbox-meta\"><h4 class=\"w-iconbox-title\" style=\"font-size:1.5rem;\">Barrier-free urban space<\/h4><div class=\"w-iconbox-text\"><p><span style=\"font-weight: 400;\">Public spaces, buildings and transport routes must be fully usable and accessible to all.<\/span><\/p>\n<\/div><\/div><\/div><\/div><\/div><div class=\"wpb_column vc_column_container\"><div class=\"vc_column-inner\"><div class=\"w-iconbox us_custom_8b3d6790 has_text_color iconpos_left style_default color_custom align_left\"><div class=\"w-iconbox-icon\" style=\"font-size:2rem;--icon-color:#Ffffff;--icon-bg-color:var(--color-header-transparent-text);\"><i class=\"fas fa-layer-group\"><\/i><\/div><div class=\"w-iconbox-meta\"><h4 class=\"w-iconbox-title\" style=\"font-size:1.5rem;\">Digital inclusion<\/h4><div class=\"w-iconbox-text\"><p><span style=\"font-weight: 400;\">Modern technologies aim to break down barriers, not create new ones \u2013 from apps to city administration.<\/span><\/p>\n<\/div><\/div><\/div><\/div><\/div><\/div><div class=\"w-separator size_medium\"><\/div><div class=\"g-cols wpb_row via_grid cols_3 laptops-cols_inherit tablets-cols_inherit mobiles-cols_1 valign_top type_default stacking_default\" style=\"--columns-gap:3rem;\"><div class=\"wpb_column vc_column_container\"><div class=\"vc_column-inner\"><div class=\"w-iconbox us_custom_8b3d6790 has_text_color iconpos_left style_default color_custom align_left\"><div class=\"w-iconbox-icon\" style=\"font-size:2rem;--icon-color:#Ffffff;--icon-bg-color:var(--color-header-middle-bg);\"><i class=\"fas fa-layer-group\"><\/i><\/div><div class=\"w-iconbox-meta\"><h4 class=\"w-iconbox-title\" style=\"font-size:1.5rem;\">Labour market inclusion<\/h4><div class=\"w-iconbox-text\"><p><span style=\"font-weight: 400;\">Everyone has the right to fair employment \u2013 disability should not be an exclusion criterion.<\/span><\/p>\n<\/div><\/div><\/div><\/div><\/div><div class=\"wpb_column vc_column_container\"><div class=\"vc_column-inner\"><div class=\"w-iconbox us_custom_8b3d6790 has_text_color iconpos_left style_default color_custom align_left\"><div class=\"w-iconbox-icon\" style=\"font-size:2rem;--icon-color:#Ffffff;--icon-bg-color:var(--color-header-transparent-text);\"><i class=\"fas fa-layer-group\"><\/i><\/div><div class=\"w-iconbox-meta\"><h4 class=\"w-iconbox-title\" style=\"font-size:1.5rem;\">Inclusive education<\/h4><div class=\"w-iconbox-text\"><p><span style=\"font-weight: 400;\">All children learn together, regardless of their individual needs and needs.<\/span><\/p>\n<\/div><\/div><\/div><\/div><\/div><div class=\"wpb_column vc_column_container\"><div class=\"vc_column-inner\"><\/div><\/div><\/div><div class=\"w-separator size_medium\"><\/div><div class=\"w-btn-wrapper align_left\"><a class=\"w-btn us-btn-style_8 icon_atleft\" href=\"https:\/\/gruene-wiesbaden.de\/en\/kommunalwahl\/#Kapitel2\"><i class=\"fas fa-chevron-circle-right\"><\/i><span class=\"w-btn-label\">Back to overview<\/span><\/a><\/div><div class=\"w-separator size_medium\"><\/div><\/div><\/div><\/div><\/div><\/section><section class=\"l-section wpb_row height_auto with_img\"><div class=\"l-section-img\" role=\"img\" data-img-width=\"2560\" data-img-height=\"1435\" style=\"background-image: url(https:\/\/gruene-wiesbaden.de\/wp-content\/uploads\/2025\/11\/2.3-Inklusion-und-Barrierefreiheit-scaled.jpeg);background-repeat: no-repeat;\"><\/div><div class=\"l-section-overlay\" style=\"background:var(--color-header-top-transparent-bg)\"><\/div><div class=\"l-section-h i-cf\"><div class=\"g-cols vc_row via_grid cols_1 laptops-cols_inherit tablets-cols_inherit mobiles-cols_1 valign_middle type_default stacking_default\" style=\"--columns-gap:1rem;\"><div class=\"wpb_column vc_column_container\"><div class=\"vc_column-inner\"><div class=\"w-separator size_large\"><\/div><div class=\"wpb_text_column background_inside_text\"><div class=\"wpb_wrapper\"><h1>What we want to do specifically in this area<\/h1>\n<\/div><\/div><div class=\"w-separator size_medium\"><\/div><div class=\"w-tabs us_custom_42d693a0 has_text_color style_default switch_click accordion has_scrolling\" style=\"--sections-title-size:1.4rem\"><div class=\"w-tabs-sections titles-align_none icon_chevron cpos_right\"><div class=\"w-tabs-section has_text_color\" id=\"m879\" style=\"background:var(--color-header-transparent-text);color:var(--color-header-top-text-hover);\"><button class=\"w-tabs-section-header\" aria-controls=\"content-m879\" aria-expanded=\"false\"><div class=\"w-tabs-section-title\">Developing an Inclusion Action Plan<\/div><div class=\"w-tabs-section-control\"><\/div><\/button><div  class=\"w-tabs-section-content\" id=\"content-m879\"><div class=\"w-tabs-section-content-h i-cf\"><div class=\"wpb_text_column\"><div class=\"wpb_wrapper\"><p><span style=\"font-weight: 400;\">We create a systematic inclusion action plan for Wiesbaden that covers all areas of life and defines measurable goals. Participation of people with disabilities is key.<\/span><\/p>\n<\/div><\/div><\/div><\/div><\/div><div class=\"w-tabs-section has_text_color\" id=\"k994\" style=\"background:var(--color-header-transparent-text);color:var(--color-header-top-text-hover);\"><button class=\"w-tabs-section-header\" aria-controls=\"content-k994\" aria-expanded=\"false\"><div class=\"w-tabs-section-title\">Enhancing the participation of persons with disabilities<\/div><div class=\"w-tabs-section-control\"><\/div><\/button><div  class=\"w-tabs-section-content\" id=\"content-k994\"><div class=\"w-tabs-section-content-h i-cf\"><div class=\"wpb_text_column\"><div class=\"wpb_wrapper\"><p><span style=\"font-weight: 400;\">Through the working group of the Wiesbaden Disabled Organisations and the Disabled Interest Group, we involve people with disabilities at an early stage in social space planning and urban construction projects in order to make their expertise directly usable.<\/span><\/p>\n<\/div><\/div><\/div><\/div><\/div><div class=\"w-tabs-section has_text_color\" id=\"fac5\" style=\"background:var(--color-header-transparent-text);color:var(--color-header-top-text-hover);\"><button class=\"w-tabs-section-header\" aria-controls=\"content-fac5\" aria-expanded=\"false\"><div class=\"w-tabs-section-title\">Make administration barrier-free<\/div><div class=\"w-tabs-section-control\"><\/div><\/button><div  class=\"w-tabs-section-content\" id=\"content-fac5\"><div class=\"w-tabs-section-content-h i-cf\"><div class=\"wpb_text_column\"><div class=\"wpb_wrapper\"><p><span style=\"font-weight: 400;\">Digital offers and publications must be accessible to all, regardless of age, language or restrictions. Citizen-oriented language, clear structures and the absence of abbreviations ensure transparency, comprehensibility and genuine participation.<\/span><\/p>\n<\/div><\/div><\/div><\/div><\/div><div class=\"w-tabs-section has_text_color\" id=\"qbda\" style=\"background:var(--color-header-middle-bg);color:var(--color-content-heading);\"><button class=\"w-tabs-section-header\" aria-controls=\"content-qbda\" aria-expanded=\"false\"><div class=\"w-tabs-section-title\">Fully barrier-free bus and train implementation<\/div><div class=\"w-tabs-section-control\"><\/div><\/button><div  class=\"w-tabs-section-content\" id=\"content-qbda\"><div class=\"w-tabs-section-content-h i-cf\"><div class=\"wpb_text_column\"><div class=\"wpb_wrapper\"><p><span style=\"font-weight: 400;\">Barrier-free stops, vehicles and fares allow all people unrestricted mobility in accordance with the provisions of the Passenger Transport Act in the local transport plan.<\/span><\/p>\n<\/div><\/div><\/div><\/div><\/div><div class=\"w-tabs-section has_text_color\" id=\"ycf3\" style=\"background:var(--color-header-transparent-text);color:var(--color-header-top-text-hover);\"><button class=\"w-tabs-section-header\" aria-controls=\"content-ycf3\" aria-expanded=\"false\"><div class=\"w-tabs-section-title\">Check pool solutions for participatory assistance<\/div><div class=\"w-tabs-section-control\"><\/div><\/button><div  class=\"w-tabs-section-content\" id=\"content-ycf3\"><div class=\"w-tabs-section-content-h i-cf\"><div class=\"wpb_text_column\"><div class=\"wpb_wrapper\"><p><span style=\"font-weight: 400;\">We want to break new ground in order to meet the requirements of the Federal Participation Act even in times of shortage of skilled workers and limited financial resources. When it comes to participation assistance in schools, we want to have pool solutions tested. As a result, complex applications and diagnostic procedures for each individual child can be dispensed with, while at the same time children who have need for support without entitlement to participatory assistance also benefit.<\/span><\/p>\n<\/div><\/div><\/div><\/div><\/div><div class=\"w-tabs-section has_text_color\" id=\"ze21\" style=\"background:var(--color-header-middle-bg);color:var(--color-header-middle-text);\"><button class=\"w-tabs-section-header\" aria-controls=\"content-ze21\" aria-expanded=\"false\"><div class=\"w-tabs-section-title\">Expand playgrounds included<\/div><div class=\"w-tabs-section-control\"><\/div><\/button><div  class=\"w-tabs-section-content\" id=\"content-ze21\"><div class=\"w-tabs-section-content-h i-cf\"><div class=\"wpb_text_column\"><div class=\"wpb_wrapper\"><p><span style=\"font-weight: 400;\">We want to design playground equipment on public playgrounds in such a way that children with and without disabilities can play together.<\/span><\/p>\n<\/div><\/div><\/div><\/div><\/div><div class=\"w-tabs-section has_text_color\" id=\"xf35\" style=\"background:var(--color-header-transparent-text);color:var(--color-header-top-text-hover);\"><button class=\"w-tabs-section-header\" aria-controls=\"content-xf35\" aria-expanded=\"false\"><div class=\"w-tabs-section-title\">Establish inclusive personnel policy<\/div><div class=\"w-tabs-section-control\"><\/div><\/button><div  class=\"w-tabs-section-content\" id=\"content-xf35\"><div class=\"w-tabs-section-content-h i-cf\"><div class=\"wpb_text_column\"><div class=\"wpb_wrapper\"><p><span style=\"font-weight: 400;\">The city administration is becoming a role model in the employment of people with disabilities, through the appropriate workplace design and support structures.<\/span><\/p>\n<\/div><\/div><\/div><\/div><\/div><\/div><\/div><div class=\"w-separator size_medium\"><\/div><div class=\"w-btn-wrapper align_left\"><a class=\"w-btn us-btn-style_8 icon_atleft\" href=\"https:\/\/gruene-wiesbaden.de\/en\/kommunalwahl\/#Kapitel2\"><i class=\"fas fa-chevron-circle-right\"><\/i><span class=\"w-btn-label\">Back to overview<\/span><\/a><\/div><div class=\"w-separator size_large\"><\/div><div class=\"wpb_text_column\"><div class=\"wpb_wrapper\"><h1>What we have already achieved<\/h1>\n<\/div><\/div><div class=\"w-separator size_medium\"><\/div><div class=\"w-tabs us_custom_42d693a0 has_text_color style_default switch_click accordion has_scrolling\" style=\"--sections-title-size:1.4rem\"><div class=\"w-tabs-sections titles-align_none icon_chevron cpos_right\"><div class=\"w-tabs-section has_text_color\" id=\"hffe\" style=\"background:var(--color-header-transparent-text);color:var(--color-header-top-text-hover);\"><button class=\"w-tabs-section-header\" aria-controls=\"content-hffe\" aria-expanded=\"false\"><div class=\"w-tabs-section-title\">New website of the city of Wiesbaden<\/div><div class=\"w-tabs-section-control\"><\/div><\/button><div  class=\"w-tabs-section-content\" id=\"content-hffe\"><div class=\"w-tabs-section-content-h i-cf\"><div class=\"wpb_text_column\"><div class=\"wpb_wrapper\"><p><span style=\"font-weight: 400;\">The City of Wiesbaden has modernised its website to facilitate access to information and services. The site is barrier-free and offers content in 12 languages. In addition, content in easy language and German sign language will be offered to further increase accessibility.<\/span><\/p>\n<\/div><\/div><\/div><\/div><\/div><div class=\"w-tabs-section has_text_color\" id=\"g119\" style=\"background:var(--color-header-transparent-text);color:var(--color-header-top-text-hover);\"><button class=\"w-tabs-section-header\" aria-controls=\"content-g119\" aria-expanded=\"false\"><div class=\"w-tabs-section-title\">Introducing the Kids Fox nursery app<\/div><div class=\"w-tabs-section-control\"><\/div><\/button><div  class=\"w-tabs-section-content\" id=\"content-g119\"><div class=\"w-tabs-section-content-h i-cf\"><div class=\"wpb_text_column\"><div class=\"wpb_wrapper\"><p><span style=\"font-weight: 400;\">Since 2025, the Kids Fox app has been introduced in all 42 urban daycare centres. This supports parents and nursery staff in communication and organization. The application offers an automatic translation function in 27 languages. This also makes it easier for deaf people to communicate without an interpreter.<\/span><\/p>\n<\/div><\/div><\/div><\/div><\/div><div class=\"w-tabs-section has_text_color\" id=\"z274\" style=\"background:var(--color-header-transparent-text);color:var(--color-header-top-text-hover);\"><button class=\"w-tabs-section-header\" aria-controls=\"content-z274\" aria-expanded=\"false\"><div class=\"w-tabs-section-title\">Barrier-free city map and tactile city models<\/div><div class=\"w-tabs-section-control\"><\/div><\/button><div  class=\"w-tabs-section-content\" id=\"content-z274\"><div class=\"w-tabs-section-content-h i-cf\"><div class=\"wpb_text_column\"><div class=\"wpb_wrapper\"><p><span style=\"font-weight: 400;\">In close cooperation with the city management, the municipal inclusion officers and the working group inclusion and accessibility, we have developed a new inner city plan for Wiesbaden. This plan provides detailed information on barrier-free paths, bus stops, disabled parking, wheelchair-accessible toilet facilities, barrier-free dining, hotels with barrier-free rooms and publicly accessible, barrier-free toilets. In addition, sights, cultural facilities and tourist destinations are clearly marked. The barrier-free city map is also accessible online and provides valuable guidance for all those who depend on barrier-free infrastructure.<\/span><\/p>\n<p><span style=\"font-weight: 400;\">For people with visual impairment or blindness, tactile city models have been installed. These models, which were manufactured by the Deutsche Blindenstudienanstalt in Marburg, are located on the market square and in the main train station. They enable a haptic orientation and facilitate independent movement in the city center.<\/span><\/p>\n<p><br style=\"font-weight: 400;\" \/><br style=\"font-weight: 400;\" \/><\/p>\n<\/div><\/div><\/div><\/div><\/div><div class=\"w-tabs-section has_text_color\" id=\"y391\" style=\"background:var(--color-header-middle-bg);color:var(--color-content-heading);\"><button class=\"w-tabs-section-header\" aria-controls=\"content-y391\" aria-expanded=\"false\"><div class=\"w-tabs-section-title\">Accessible bus stops and overpasses at traffic lights with acoustic signal<\/div><div class=\"w-tabs-section-control\"><\/div><\/button><div  class=\"w-tabs-section-content\" id=\"content-y391\"><div class=\"w-tabs-section-content-h i-cf\"><div class=\"wpb_text_column\"><div class=\"wpb_wrapper\"><p><span style=\"font-weight: 400;\">Since 2022, numerous bus stops in Wiesbaden have been converted into barrier-free facilities, including Waldstra\u00dfe, Dyckerhoffstra\u00dfe, Flachstra\u00dfe, Kahle M\u00fchle P+R and Bussteig D at the main station. Elevated curbs, widened stop areas and tactile guiding elements facilitate entry and exit for people with disabilities, senior citizens and families with strollers. By combining state and urban resources, public transport in Wiesbaden is gradually becoming more inclusive, accessible and comfortable for everyone. In addition, numerous traffic lights are already equipped with acoustic signals, so that people with visual impairment can safely cross roads and intersections.<\/span><\/p>\n<\/div><\/div><\/div><\/div><\/div><div class=\"w-tabs-section has_text_color\" id=\"a4ac\" style=\"background:var(--color-header-transparent-text);color:var(--color-header-top-text-hover);\"><button class=\"w-tabs-section-header\" aria-controls=\"content-a4ac\" aria-expanded=\"false\"><div class=\"w-tabs-section-title\">Accessibility at Kransand in Mainz-Kastel improved<\/div><div class=\"w-tabs-section-control\"><\/div><\/button><div  class=\"w-tabs-section-content\" id=\"content-a4ac\"><div class=\"w-tabs-section-content-h i-cf\"><div class=\"wpb_text_column\"><div class=\"wpb_wrapper\"><p><span style=\"font-weight: 400;\">An elevator has been installed at the Kransand in Mainz-Kastel, which provides a barrier-free connection between the banks of the Rhine and the bridgehead. With a height difference of 6.5 meters, people with reduced mobility can easily reach the leisure area on the Rhine. In addition, the site itself is equipped with barrier-free elements, including skate park, Trimm Dich equipment and dispensing area. This will provide everyone with equal access to leisure and recreation on the banks of the Rhine.<\/span><\/p>\n<\/div><\/div><\/div><\/div><\/div><div class=\"w-tabs-section has_text_color\" id=\"l5f6\" style=\"background:var(--color-header-transparent-text);color:var(--color-header-top-text-hover);\"><button class=\"w-tabs-section-header\" aria-controls=\"content-l5f6\" aria-expanded=\"false\"><div class=\"w-tabs-section-title\">Silent hour for more inclusion and participation<\/div><div class=\"w-tabs-section-control\"><\/div><\/button><div  class=\"w-tabs-section-content\" id=\"content-l5f6\"><div class=\"w-tabs-section-content-h i-cf\"><div class=\"wpb_text_column\"><div class=\"wpb_wrapper\"><p><span style=\"font-weight: 400;\">Since July 2025, Wiesbaden has been offering a \u2018silent hour\u2019 every Thursday from 3 p.m. to 5 p.m. in over 20 shops in the city centre. During this time, bright light, loud music and announcements are reduced to create a low-irritation shopping experience. The aim is to facilitate access to public life for people with sensory or psychological disabilities such as autism, ADHD or long-covid. Wiesbaden is thus the first city in Germany to implement this concept nationwide and send a strong signal for lived inclusion.<\/span><\/p>\n<\/div><\/div><\/div><\/div><\/div><div class=\"w-tabs-section has_text_color\" id=\"n726\" style=\"background:var(--color-header-transparent-text);color:var(--color-header-top-text-hover);\"><button class=\"w-tabs-section-header\" aria-controls=\"content-n726\" aria-expanded=\"false\"><div class=\"w-tabs-section-title\">Training for daycare centres \u2013 focus on inclusion<\/div><div class=\"w-tabs-section-control\"><\/div><\/button><div  class=\"w-tabs-section-content\" id=\"content-n726\"><div class=\"w-tabs-section-content-h i-cf\"><div class=\"wpb_text_column\"><div class=\"wpb_wrapper\"><p><span style=\"font-weight: 400;\">For 2025, the training programme for urban daycare centres will focus on \u2018inclusion in all its facets\u2019. The aim is to provide all children with good educational and development opportunities and to find answers to the challenges of inclusive education.<\/span><\/p>\n<\/div><\/div><\/div><\/div><\/div><div class=\"w-tabs-section has_text_color\" id=\"l848\" style=\"background:var(--color-header-transparent-text);color:var(--color-header-top-text-hover);\"><button class=\"w-tabs-section-header\" aria-controls=\"content-l848\" aria-expanded=\"false\"><div class=\"w-tabs-section-title\">Wiesbaden Participation standard - Inclusive district work<\/div><div class=\"w-tabs-section-control\"><\/div><\/button><div  class=\"w-tabs-section-content\" id=\"content-l848\"><div class=\"w-tabs-section-content-h i-cf\"><div class=\"wpb_text_column\"><div class=\"wpb_wrapper\"><p><span style=\"font-weight: 400;\">The City of Wiesbaden has developed a \u2018Wiesbaden participation standard for districts with high social needs\u2019. This standard describes measures to improve social infrastructure in disadvantaged districts. Particular emphasis is placed on inclusion, for example by including offers for people with disabilities in the planning.<\/span><\/p>\n<\/div><\/div><\/div><\/div><\/div><div class=\"w-tabs-section has_text_color\" id=\"i97a\" style=\"background:var(--color-header-transparent-text);color:var(--color-header-top-text-hover);\"><button class=\"w-tabs-section-header\" aria-controls=\"content-i97a\" aria-expanded=\"false\"><div class=\"w-tabs-section-title\">European Equality Protest Day<\/div><div class=\"w-tabs-section-control\"><\/div><\/button><div  class=\"w-tabs-section-content\" id=\"content-i97a\"><div class=\"w-tabs-section-content-h i-cf\"><div class=\"wpb_text_column\"><div class=\"wpb_wrapper\"><p><span style=\"font-weight: 400;\">In May 2025, the European Day of Protest for the Equality of Persons with Disabilities took place for the first time in Wiesbaden. Together with interest groups, associations and the administration, the city made visible signs of inclusion and accessibility \u2013 in and in front of the town hall. This collaborative project shows how cities, politicians and civil society actors work together to strengthen inclusion, promote the participation of people with disabilities and make inclusion visible.<\/span><\/p>\n<\/div><\/div><\/div><\/div><\/div><\/div><\/div><div class=\"w-separator size_medium\"><\/div><div class=\"w-btn-wrapper align_left\"><a class=\"w-btn us-btn-style_8 icon_atleft\" href=\"https:\/\/gruene-wiesbaden.de\/en\/kommunalwahl\/#Kapitel2\"><i class=\"fas fa-chevron-circle-right\"><\/i><span class=\"w-btn-label\">Back to overview<\/span><\/a><\/div><div class=\"w-separator size_large\"><\/div><\/div><\/div><\/div><\/div><\/section>","protected":false},"excerpt":{"rendered":"Inclusion and accessibilityPeople with disabilities are at the heart of our society. Accessibility is a human right and a prerequisite for genuine participation. In Wiesbaden, we want to break down physical and mental barriers \u2013 in public spaces and in people\u2019s minds. Only if all people can participate in social life on an equal footing will a solidarity-based urban society emerge. For us, inclusion means...","protected":false},"author":1,"featured_media":1549,"comment_status":"closed","ping_status":"closed","sticky":false,"template":"","format":"standard","meta":{"footnotes":""},"categories":[15],"tags":[],"class_list":["post-1353","post","type-post","status-publish","format-standard","has-post-thumbnail","hentry","category-kapitel-2"],"yoast_head":"<!-- This site is optimized with the Yoast SEO plugin v27.5 - https:\/\/yoast.com\/product\/yoast-seo-wordpress\/ -->\n<title>Inklusion und Barrierefreiheit - B\u00dcNDNIS 90\/DIE GR\u00dcNEN Wiesbaden<\/title>\n<meta name=\"robots\" content=\"index, follow, max-snippet:-1, max-image-preview:large, max-video-preview:-1\" \/>\n<link rel=\"canonical\" href=\"https:\/\/gruene-wiesbaden.de\/en\/inklusion-und-barrierefreiheit\/\" \/>\n<meta property=\"og:locale\" content=\"en_GB\" \/>\n<meta property=\"og:type\" content=\"article\" \/>\n<meta property=\"og:title\" content=\"Inklusion und Barrierefreiheit - B\u00dcNDNIS 90\/DIE GR\u00dcNEN Wiesbaden\" \/>\n<meta property=\"og:url\" content=\"https:\/\/gruene-wiesbaden.de\/en\/inklusion-und-barrierefreiheit\/\" \/>\n<meta property=\"og:site_name\" content=\"B\u00dcNDNIS 90\/DIE GR\u00dcNEN Wiesbaden\" \/>\n<meta property=\"article:publisher\" content=\"https:\/\/www.facebook.com\/gruene.wi\" \/>\n<meta property=\"article:published_time\" content=\"2025-11-09T22:11:46+00:00\" \/>\n<meta property=\"article:modified_time\" content=\"2026-04-09T08:29:24+00:00\" \/>\n<meta property=\"og:image\" content=\"https:\/\/gruene-wiesbaden.de\/wp-content\/uploads\/2025\/11\/2.3-Inklusion-und-Barrierefreiheit-scaled.jpeg\" \/>\n\t<meta property=\"og:image:width\" content=\"2560\" \/>\n\t<meta property=\"og:image:height\" content=\"1435\" \/>\n\t<meta property=\"og:image:type\" content=\"image\/jpeg\" \/>\n<meta name=\"author\" content=\"admin\" \/>\n<meta name=\"twitter:card\" content=\"summary_large_image\" \/>\n<meta name=\"twitter:label1\" content=\"Written by\" \/>\n\t<meta name=\"twitter:data1\" content=\"admin\" \/>\n\t<meta name=\"twitter:label2\" content=\"Estimated reading time\" \/>\n\t<meta name=\"twitter:data2\" content=\"8 minutes\" \/>\n<script type=\"application\/ld+json\" class=\"yoast-schema-graph\">{\"@context\":\"https:\\\/\\\/schema.org\",\"@graph\":[{\"@type\":\"Article\",\"@id\":\"https:\\\/\\\/gruene-wiesbaden.de\\\/inklusion-und-barrierefreiheit\\\/#article\",\"isPartOf\":{\"@id\":\"https:\\\/\\\/gruene-wiesbaden.de\\\/inklusion-und-barrierefreiheit\\\/\"},\"author\":{\"name\":\"admin\",\"@id\":\"https:\\\/\\\/gruene-wiesbaden.de\\\/#\\\/schema\\\/person\\\/6785c34779159cd4fd86886bb097afe9\"},\"headline\":\"Inklusion und Barrierefreiheit\",\"datePublished\":\"2025-11-09T22:11:46+00:00\",\"dateModified\":\"2026-04-09T08:29:24+00:00\",\"mainEntityOfPage\":{\"@id\":\"https:\\\/\\\/gruene-wiesbaden.de\\\/inklusion-und-barrierefreiheit\\\/\"},\"wordCount\":2280,\"publisher\":{\"@id\":\"https:\\\/\\\/gruene-wiesbaden.de\\\/#organization\"},\"image\":{\"@id\":\"https:\\\/\\\/gruene-wiesbaden.de\\\/inklusion-und-barrierefreiheit\\\/#primaryimage\"},\"thumbnailUrl\":\"https:\\\/\\\/gruene-wiesbaden.de\\\/wp-content\\\/uploads\\\/2025\\\/11\\\/2.3-Inklusion-und-Barrierefreiheit-scaled.jpeg\",\"articleSection\":[\"Kapitel 2\"],\"inLanguage\":\"en-GB\"},{\"@type\":\"WebPage\",\"@id\":\"https:\\\/\\\/gruene-wiesbaden.de\\\/inklusion-und-barrierefreiheit\\\/\",\"url\":\"https:\\\/\\\/gruene-wiesbaden.de\\\/inklusion-und-barrierefreiheit\\\/\",\"name\":\"Inklusion und Barrierefreiheit - B\u00dcNDNIS 90\\\/DIE GR\u00dcNEN Wiesbaden\",\"isPartOf\":{\"@id\":\"https:\\\/\\\/gruene-wiesbaden.de\\\/#website\"},\"primaryImageOfPage\":{\"@id\":\"https:\\\/\\\/gruene-wiesbaden.de\\\/inklusion-und-barrierefreiheit\\\/#primaryimage\"},\"image\":{\"@id\":\"https:\\\/\\\/gruene-wiesbaden.de\\\/inklusion-und-barrierefreiheit\\\/#primaryimage\"},\"thumbnailUrl\":\"https:\\\/\\\/gruene-wiesbaden.de\\\/wp-content\\\/uploads\\\/2025\\\/11\\\/2.3-Inklusion-und-Barrierefreiheit-scaled.jpeg\",\"datePublished\":\"2025-11-09T22:11:46+00:00\",\"dateModified\":\"2026-04-09T08:29:24+00:00\",\"breadcrumb\":{\"@id\":\"https:\\\/\\\/gruene-wiesbaden.de\\\/inklusion-und-barrierefreiheit\\\/#breadcrumb\"},\"inLanguage\":\"en-GB\",\"potentialAction\":[{\"@type\":\"ReadAction\",\"target\":[\"https:\\\/\\\/gruene-wiesbaden.de\\\/inklusion-und-barrierefreiheit\\\/\"]}]},{\"@type\":\"ImageObject\",\"inLanguage\":\"en-GB\",\"@id\":\"https:\\\/\\\/gruene-wiesbaden.de\\\/inklusion-und-barrierefreiheit\\\/#primaryimage\",\"url\":\"https:\\\/\\\/gruene-wiesbaden.de\\\/wp-content\\\/uploads\\\/2025\\\/11\\\/2.3-Inklusion-und-Barrierefreiheit-scaled.jpeg\",\"contentUrl\":\"https:\\\/\\\/gruene-wiesbaden.de\\\/wp-content\\\/uploads\\\/2025\\\/11\\\/2.3-Inklusion-und-Barrierefreiheit-scaled.jpeg\",\"width\":2560,\"height\":1435},{\"@type\":\"BreadcrumbList\",\"@id\":\"https:\\\/\\\/gruene-wiesbaden.de\\\/inklusion-und-barrierefreiheit\\\/#breadcrumb\",\"itemListElement\":[{\"@type\":\"ListItem\",\"position\":1,\"name\":\"Startseite\",\"item\":\"https:\\\/\\\/gruene-wiesbaden.de\\\/\"},{\"@type\":\"ListItem\",\"position\":2,\"name\":\"Inklusion und Barrierefreiheit\"}]},{\"@type\":\"WebSite\",\"@id\":\"https:\\\/\\\/gruene-wiesbaden.de\\\/#website\",\"url\":\"https:\\\/\\\/gruene-wiesbaden.de\\\/\",\"name\":\"DIE GR\u00dcNEN Wiesbaden\",\"description\":\"\",\"publisher\":{\"@id\":\"https:\\\/\\\/gruene-wiesbaden.de\\\/#organization\"},\"potentialAction\":[{\"@type\":\"SearchAction\",\"target\":{\"@type\":\"EntryPoint\",\"urlTemplate\":\"https:\\\/\\\/gruene-wiesbaden.de\\\/?s={search_term_string}\"},\"query-input\":{\"@type\":\"PropertyValueSpecification\",\"valueRequired\":true,\"valueName\":\"search_term_string\"}}],\"inLanguage\":\"en-GB\"},{\"@type\":\"Organization\",\"@id\":\"https:\\\/\\\/gruene-wiesbaden.de\\\/#organization\",\"name\":\"DIE GR\u00dcNEN Wiesbaden\",\"url\":\"https:\\\/\\\/gruene-wiesbaden.de\\\/\",\"logo\":{\"@type\":\"ImageObject\",\"inLanguage\":\"en-GB\",\"@id\":\"https:\\\/\\\/gruene-wiesbaden.de\\\/#\\\/schema\\\/logo\\\/image\\\/\",\"url\":\"https:\\\/\\\/gruene-wiesbaden-fuer-europa.de\\\/wp-content\\\/uploads\\\/2024\\\/04\\\/Machen-was-zaehlt-5.png\",\"contentUrl\":\"https:\\\/\\\/gruene-wiesbaden-fuer-europa.de\\\/wp-content\\\/uploads\\\/2024\\\/04\\\/Machen-was-zaehlt-5.png\",\"width\":1772,\"height\":1772,\"caption\":\"DIE GR\u00dcNEN Wiesbaden\"},\"image\":{\"@id\":\"https:\\\/\\\/gruene-wiesbaden.de\\\/#\\\/schema\\\/logo\\\/image\\\/\"},\"sameAs\":[\"https:\\\/\\\/www.facebook.com\\\/gruene.wi\",\"https:\\\/\\\/instagram.com\\\/gruene_wi\"]},{\"@type\":\"Person\",\"@id\":\"https:\\\/\\\/gruene-wiesbaden.de\\\/#\\\/schema\\\/person\\\/6785c34779159cd4fd86886bb097afe9\",\"name\":\"admin\",\"sameAs\":[\"http:\\\/\\\/gruene-wiesbaden-fuer-europa.de\"],\"url\":\"https:\\\/\\\/gruene-wiesbaden.de\\\/en\\\/author\\\/admin\\\/\"}]}<\/script>\n<!-- \/ Yoast SEO plugin. -->","yoast_head_json":{"title":"Inklusion und Barrierefreiheit - B\u00dcNDNIS 90\/DIE GR\u00dcNEN Wiesbaden","robots":{"index":"index","follow":"follow","max-snippet":"max-snippet:-1","max-image-preview":"max-image-preview:large","max-video-preview":"max-video-preview:-1"},"canonical":"https:\/\/gruene-wiesbaden.de\/en\/inklusion-und-barrierefreiheit\/","og_locale":"en_GB","og_type":"article","og_title":"Inklusion und Barrierefreiheit - B\u00dcNDNIS 90\/DIE GR\u00dcNEN Wiesbaden","og_url":"https:\/\/gruene-wiesbaden.de\/en\/inklusion-und-barrierefreiheit\/","og_site_name":"B\u00dcNDNIS 90\/DIE GR\u00dcNEN Wiesbaden","article_publisher":"https:\/\/www.facebook.com\/gruene.wi","article_published_time":"2025-11-09T22:11:46+00:00","article_modified_time":"2026-04-09T08:29:24+00:00","og_image":[{"width":2560,"height":1435,"url":"https:\/\/gruene-wiesbaden.de\/wp-content\/uploads\/2025\/11\/2.3-Inklusion-und-Barrierefreiheit-scaled.jpeg","type":"image\/jpeg"}],"author":"admin","twitter_card":"summary_large_image","twitter_misc":{"Written by":"admin","Estimated reading time":"8 minutes"},"schema":{"@context":"https:\/\/schema.org","@graph":[{"@type":"Article","@id":"https:\/\/gruene-wiesbaden.de\/inklusion-und-barrierefreiheit\/#article","isPartOf":{"@id":"https:\/\/gruene-wiesbaden.de\/inklusion-und-barrierefreiheit\/"},"author":{"name":"admin","@id":"https:\/\/gruene-wiesbaden.de\/#\/schema\/person\/6785c34779159cd4fd86886bb097afe9"},"headline":"Inklusion und Barrierefreiheit","datePublished":"2025-11-09T22:11:46+00:00","dateModified":"2026-04-09T08:29:24+00:00","mainEntityOfPage":{"@id":"https:\/\/gruene-wiesbaden.de\/inklusion-und-barrierefreiheit\/"},"wordCount":2280,"publisher":{"@id":"https:\/\/gruene-wiesbaden.de\/#organization"},"image":{"@id":"https:\/\/gruene-wiesbaden.de\/inklusion-und-barrierefreiheit\/#primaryimage"},"thumbnailUrl":"https:\/\/gruene-wiesbaden.de\/wp-content\/uploads\/2025\/11\/2.3-Inklusion-und-Barrierefreiheit-scaled.jpeg","articleSection":["Kapitel 2"],"inLanguage":"en-GB"},{"@type":"WebPage","@id":"https:\/\/gruene-wiesbaden.de\/inklusion-und-barrierefreiheit\/","url":"https:\/\/gruene-wiesbaden.de\/inklusion-und-barrierefreiheit\/","name":"Inklusion und Barrierefreiheit - B\u00dcNDNIS 90\/DIE GR\u00dcNEN Wiesbaden","isPartOf":{"@id":"https:\/\/gruene-wiesbaden.de\/#website"},"primaryImageOfPage":{"@id":"https:\/\/gruene-wiesbaden.de\/inklusion-und-barrierefreiheit\/#primaryimage"},"image":{"@id":"https:\/\/gruene-wiesbaden.de\/inklusion-und-barrierefreiheit\/#primaryimage"},"thumbnailUrl":"https:\/\/gruene-wiesbaden.de\/wp-content\/uploads\/2025\/11\/2.3-Inklusion-und-Barrierefreiheit-scaled.jpeg","datePublished":"2025-11-09T22:11:46+00:00","dateModified":"2026-04-09T08:29:24+00:00","breadcrumb":{"@id":"https:\/\/gruene-wiesbaden.de\/inklusion-und-barrierefreiheit\/#breadcrumb"},"inLanguage":"en-GB","potentialAction":[{"@type":"ReadAction","target":["https:\/\/gruene-wiesbaden.de\/inklusion-und-barrierefreiheit\/"]}]},{"@type":"ImageObject","inLanguage":"en-GB","@id":"https:\/\/gruene-wiesbaden.de\/inklusion-und-barrierefreiheit\/#primaryimage","url":"https:\/\/gruene-wiesbaden.de\/wp-content\/uploads\/2025\/11\/2.3-Inklusion-und-Barrierefreiheit-scaled.jpeg","contentUrl":"https:\/\/gruene-wiesbaden.de\/wp-content\/uploads\/2025\/11\/2.3-Inklusion-und-Barrierefreiheit-scaled.jpeg","width":2560,"height":1435},{"@type":"BreadcrumbList","@id":"https:\/\/gruene-wiesbaden.de\/inklusion-und-barrierefreiheit\/#breadcrumb","itemListElement":[{"@type":"ListItem","position":1,"name":"Startseite","item":"https:\/\/gruene-wiesbaden.de\/"},{"@type":"ListItem","position":2,"name":"Inklusion und Barrierefreiheit"}]},{"@type":"WebSite","@id":"https:\/\/gruene-wiesbaden.de\/#website","url":"https:\/\/gruene-wiesbaden.de\/","name":"DIE GR\u00dcNEN Wiesbaden","description":"","publisher":{"@id":"https:\/\/gruene-wiesbaden.de\/#organization"},"potentialAction":[{"@type":"SearchAction","target":{"@type":"EntryPoint","urlTemplate":"https:\/\/gruene-wiesbaden.de\/?s={search_term_string}"},"query-input":{"@type":"PropertyValueSpecification","valueRequired":true,"valueName":"search_term_string"}}],"inLanguage":"en-GB"},{"@type":"Organization","@id":"https:\/\/gruene-wiesbaden.de\/#organization","name":"DIE GR\u00dcNEN Wiesbaden","url":"https:\/\/gruene-wiesbaden.de\/","logo":{"@type":"ImageObject","inLanguage":"en-GB","@id":"https:\/\/gruene-wiesbaden.de\/#\/schema\/logo\/image\/","url":"https:\/\/gruene-wiesbaden-fuer-europa.de\/wp-content\/uploads\/2024\/04\/Machen-was-zaehlt-5.png","contentUrl":"https:\/\/gruene-wiesbaden-fuer-europa.de\/wp-content\/uploads\/2024\/04\/Machen-was-zaehlt-5.png","width":1772,"height":1772,"caption":"DIE GR\u00dcNEN Wiesbaden"},"image":{"@id":"https:\/\/gruene-wiesbaden.de\/#\/schema\/logo\/image\/"},"sameAs":["https:\/\/www.facebook.com\/gruene.wi","https:\/\/instagram.com\/gruene_wi"]},{"@type":"Person","@id":"https:\/\/gruene-wiesbaden.de\/#\/schema\/person\/6785c34779159cd4fd86886bb097afe9","name":"admin","sameAs":["http:\/\/gruene-wiesbaden-fuer-europa.de"],"url":"https:\/\/gruene-wiesbaden.de\/en\/author\/admin\/"}]}},"_links":{"self":[{"href":"https:\/\/gruene-wiesbaden.de\/en\/wp-json\/wp\/v2\/posts\/1353","targetHints":{"allow":["GET"]}}],"collection":[{"href":"https:\/\/gruene-wiesbaden.de\/en\/wp-json\/wp\/v2\/posts"}],"about":[{"href":"https:\/\/gruene-wiesbaden.de\/en\/wp-json\/wp\/v2\/types\/post"}],"author":[{"embeddable":true,"href":"https:\/\/gruene-wiesbaden.de\/en\/wp-json\/wp\/v2\/users\/1"}],"replies":[{"embeddable":true,"href":"https:\/\/gruene-wiesbaden.de\/en\/wp-json\/wp\/v2\/comments?post=1353"}],"version-history":[{"count":7,"href":"https:\/\/gruene-wiesbaden.de\/en\/wp-json\/wp\/v2\/posts\/1353\/revisions"}],"predecessor-version":[{"id":2391,"href":"https:\/\/gruene-wiesbaden.de\/en\/wp-json\/wp\/v2\/posts\/1353\/revisions\/2391"}],"wp:featuredmedia":[{"embeddable":true,"href":"https:\/\/gruene-wiesbaden.de\/en\/wp-json\/wp\/v2\/media\/1549"}],"wp:attachment":[{"href":"https:\/\/gruene-wiesbaden.de\/en\/wp-json\/wp\/v2\/media?parent=1353"}],"wp:term":[{"taxonomy":"category","embeddable":true,"href":"https:\/\/gruene-wiesbaden.de\/en\/wp-json\/wp\/v2\/categories?post=1353"},{"taxonomy":"post_tag","embeddable":true,"href":"https:\/\/gruene-wiesbaden.de\/en\/wp-json\/wp\/v2\/tags?post=1353"}],"curies":[{"name":"wp","href":"https:\/\/api.w.org\/{rel}","templated":true}]}}