{"id":1278,"date":"2025-11-01T17:27:05","date_gmt":"2025-11-01T15:27:05","guid":{"rendered":"https:\/\/gruene-wiesbaden.de\/?p=1278"},"modified":"2025-11-01T17:27:05","modified_gmt":"2025-11-01T15:27:05","slug":"die-gruenen-wiesbaden-beschliessen-einstimmig-programm-fuer-die-kommunalwahl-2026-basisdemokratischer-prozess-als-grundlage-fuer-eine-lebenswerte-und-zukunftsfaehige-stadt","status":"publish","type":"post","link":"https:\/\/gruene-wiesbaden.de\/en\/die-gruenen-wiesbaden-beschliessen-einstimmig-programm-fuer-die-kommunalwahl-2026-basisdemokratischer-prozess-als-grundlage-fuer-eine-lebenswerte-und-zukunftsfaehige-stadt\/","title":{"rendered":"The GR\u00dcNEN Wiesbaden unanimously adopted a programme for the 2026 local elections \u2013 a bottom-up democratic process as a basis for a liveable and sustainable city"},"content":{"rendered":"<section class=\"l-section wpb_row height_medium\"><div class=\"l-section-h i-cf\"><div class=\"g-cols vc_row via_grid cols_1 laptops-cols_inherit tablets-cols_inherit mobiles-cols_1 valign_top type_default stacking_default\"><div class=\"wpb_column vc_column_container\"><div class=\"vc_column-inner\"><h3 class=\"w-post-elm post_title us_custom_ea76afbe entry-title color_link_inherit\">The GR\u00dcNEN Wiesbaden unanimously adopted a programme for the 2026 local elections \u2013 a bottom-up democratic process as a basis for a liveable and sustainable city<\/h3><div class=\"w-post-elm post_image\"><img loading=\"lazy\" decoding=\"async\" width=\"600\" height=\"387\" src=\"https:\/\/gruene-wiesbaden.de\/wp-content\/uploads\/2025\/11\/IMG_5693-scaled-e1762010663148-600x387.jpg\" class=\"attachment-large size-large wp-post-image\" alt=\"\" srcset=\"https:\/\/gruene-wiesbaden.de\/wp-content\/uploads\/2025\/11\/IMG_5693-scaled-e1762010663148-600x387.jpg 600w, https:\/\/gruene-wiesbaden.de\/wp-content\/uploads\/2025\/11\/IMG_5693-scaled-e1762010663148-400x258.jpg 400w, https:\/\/gruene-wiesbaden.de\/wp-content\/uploads\/2025\/11\/IMG_5693-scaled-e1762010663148.jpg 1190w\" sizes=\"auto, (max-width: 600px) 100vw, 600px\" \/><\/div><div class=\"w-separator size_medium\"><\/div><div class=\"wpb_text_column\"><div class=\"wpb_wrapper\"><p><b>Wiesbaden, 01.11.2025 \u2013 Last weekend, the Wiesbaden district association of B\u00dcNDNIS 90\/DIE GR\u00dcNEN unanimously adopted the programme for the upcoming local elections on 15 March 2026 in a long grassroots democratic procedure.<\/b><b><\/b><\/p>\n<p>\"Wiesbaden is already a city with a high quality of life \u2013 but we want to make it even better\", emphasised Rebecca Thomas and Daniel Schmitt, co-chairs of the district association. \"Our programme stands for a policy that consistently combines climate and environmental protection, social justice and diverse coexistence. We combine economic strength with environmental responsibility and boldly break new ground to strengthen Wiesbaden as a vibrant, sustainable location \u2013 for everyone who lives, works or runs a business here.\u201d<\/p>\n<p>The programme focuses on three main areas:<\/p>\n<p>\u2022 High quality of life for all: Wiesbaden is to be a city that offers its citizens many opportunities and freedoms for their lives and maintains and improves the living environment through social, sustainable and climate-friendly urban development.<\/p>\n<p>\u2022 Diversity and cohesion: The focus is on a policy that focuses on all people with their different realities and needs and promotes a good coexistence in our diverse society.<\/p>\n<p>\u2022 Sustainable future and economic strength: Wiesbaden should be a city with a future \u2013 full of vibrancy and innovative developments that offer entrepreneurs and workers a wide range of opportunities and combine economic strength with sustainability.<\/p>\n<p>\"While others talk the city worse than it is, we are working on solutions for a fairer, greener and more livable future,\" said Rebecca Thomas. Daniel Schmitt adds: \u201cOur programme is a clear commitment: Wiesbaden should remain a place where everyone can live well \u2013 today and tomorrow.\u201d<\/p>\n<p>The next step follows at the end of November: At the district assembly, the lists for the municipal elections and the lists for the local advisory councils in the Wiesbaden districts are drawn up. The full electoral programme and the candidates will then be published on the website of the district association.<span class=\"Apple-converted-space\">\u00a0<\/span><\/p>\n<p>We will present the results of the general meetings on the election program and candidates to the press at a separate date. An invitation with all the details follows.<\/p>\n<\/div><\/div><\/div><\/div><\/div><\/div><\/section>","protected":false},"excerpt":{"rendered":"DIE GR\u00dcNEN Wiesbaden unanimously adopts programme for local elections 2026 \u2013 grassroots democratic process as a basis for a viable and sustainable cityWiesbaden, 01.11.2025 \u2013 Last weekend, the district association Wiesbaden of B\u00dcNDNIS 90\/DIE GR\u00dcNEN unanimously adopted the programme for the upcoming local elections on 15 March 2026 in a long grassroots democratic process. \u201cWiesbaden is already...","protected":false},"author":1,"featured_media":1280,"comment_status":"closed","ping_status":"closed","sticky":false,"template":"","format":"standard","meta":{"footnotes":""},"categories":[5],"tags":[],"class_list":["post-1278","post","type-post","status-publish","format-standard","has-post-thumbnail","hentry","category-wahlen"],"yoast_head":"<!-- This site is optimized with the Yoast SEO plugin v27.5 - https:\/\/yoast.com\/product\/yoast-seo-wordpress\/ -->\n<title>DIE GR\u00dcNEN Wiesbaden beschlie\u00dfen einstimmig Programm f\u00fcr die Kommunalwahl 2026 \u2013 Basisdemokratischer Prozess als Grundlage f\u00fcr eine lebenswerte und zukunftsf\u00e4hige Stadt - B\u00dcNDNIS 90\/DIE GR\u00dcNEN Wiesbaden<\/title>\n<meta name=\"robots\" content=\"index, follow, max-snippet:-1, max-image-preview:large, max-video-preview:-1\" \/>\n<link rel=\"canonical\" href=\"https:\/\/gruene-wiesbaden.de\/en\/die-gruenen-wiesbaden-beschliessen-einstimmig-programm-fuer-die-kommunalwahl-2026-basisdemokratischer-prozess-als-grundlage-fuer-eine-lebenswerte-und-zukunftsfaehige-stadt\/\" \/>\n<meta property=\"og:locale\" content=\"en_GB\" \/>\n<meta property=\"og:type\" content=\"article\" \/>\n<meta property=\"og:title\" content=\"DIE GR\u00dcNEN Wiesbaden beschlie\u00dfen einstimmig Programm f\u00fcr die Kommunalwahl 2026 \u2013 Basisdemokratischer Prozess als Grundlage f\u00fcr eine lebenswerte und zukunftsf\u00e4hige Stadt - B\u00dcNDNIS 90\/DIE GR\u00dcNEN Wiesbaden\" \/>\n<meta property=\"og:url\" content=\"https:\/\/gruene-wiesbaden.de\/en\/die-gruenen-wiesbaden-beschliessen-einstimmig-programm-fuer-die-kommunalwahl-2026-basisdemokratischer-prozess-als-grundlage-fuer-eine-lebenswerte-und-zukunftsfaehige-stadt\/\" \/>\n<meta property=\"og:site_name\" content=\"B\u00dcNDNIS 90\/DIE GR\u00dcNEN Wiesbaden\" \/>\n<meta property=\"article:publisher\" content=\"https:\/\/www.facebook.com\/gruene.wi\" \/>\n<meta property=\"article:published_time\" content=\"2025-11-01T15:27:05+00:00\" \/>\n<meta property=\"og:image\" content=\"https:\/\/gruene-wiesbaden.de\/wp-content\/uploads\/2025\/11\/IMG_5693-scaled-e1762010663148.jpg\" \/>\n\t<meta property=\"og:image:width\" content=\"1190\" \/>\n\t<meta property=\"og:image:height\" content=\"768\" \/>\n\t<meta property=\"og:image:type\" content=\"image\/jpeg\" \/>\n<meta name=\"author\" content=\"admin\" \/>\n<meta name=\"twitter:card\" content=\"summary_large_image\" \/>\n<meta name=\"twitter:label1\" content=\"Written by\" \/>\n\t<meta name=\"twitter:data1\" content=\"admin\" \/>\n\t<meta name=\"twitter:label2\" content=\"Estimated reading time\" \/>\n\t<meta name=\"twitter:data2\" content=\"2 minutes\" \/>\n<script type=\"application\/ld+json\" class=\"yoast-schema-graph\">{\"@context\":\"https:\\\/\\\/schema.org\",\"@graph\":[{\"@type\":\"Article\",\"@id\":\"https:\\\/\\\/gruene-wiesbaden.de\\\/die-gruenen-wiesbaden-beschliessen-einstimmig-programm-fuer-die-kommunalwahl-2026-basisdemokratischer-prozess-als-grundlage-fuer-eine-lebenswerte-und-zukunftsfaehige-stadt\\\/#article\",\"isPartOf\":{\"@id\":\"https:\\\/\\\/gruene-wiesbaden.de\\\/die-gruenen-wiesbaden-beschliessen-einstimmig-programm-fuer-die-kommunalwahl-2026-basisdemokratischer-prozess-als-grundlage-fuer-eine-lebenswerte-und-zukunftsfaehige-stadt\\\/\"},\"author\":{\"name\":\"admin\",\"@id\":\"https:\\\/\\\/gruene-wiesbaden.de\\\/#\\\/schema\\\/person\\\/6785c34779159cd4fd86886bb097afe9\"},\"headline\":\"DIE GR\u00dcNEN Wiesbaden beschlie\u00dfen einstimmig Programm f\u00fcr die Kommunalwahl 2026 \u2013 Basisdemokratischer Prozess als Grundlage f\u00fcr eine lebenswerte und zukunftsf\u00e4hige Stadt\",\"datePublished\":\"2025-11-01T15:27:05+00:00\",\"mainEntityOfPage\":{\"@id\":\"https:\\\/\\\/gruene-wiesbaden.de\\\/die-gruenen-wiesbaden-beschliessen-einstimmig-programm-fuer-die-kommunalwahl-2026-basisdemokratischer-prozess-als-grundlage-fuer-eine-lebenswerte-und-zukunftsfaehige-stadt\\\/\"},\"wordCount\":406,\"publisher\":{\"@id\":\"https:\\\/\\\/gruene-wiesbaden.de\\\/#organization\"},\"image\":{\"@id\":\"https:\\\/\\\/gruene-wiesbaden.de\\\/die-gruenen-wiesbaden-beschliessen-einstimmig-programm-fuer-die-kommunalwahl-2026-basisdemokratischer-prozess-als-grundlage-fuer-eine-lebenswerte-und-zukunftsfaehige-stadt\\\/#primaryimage\"},\"thumbnailUrl\":\"https:\\\/\\\/gruene-wiesbaden.de\\\/wp-content\\\/uploads\\\/2025\\\/11\\\/IMG_5693-scaled-e1762010663148.jpg\",\"articleSection\":[\"Wahlen\"],\"inLanguage\":\"en-GB\"},{\"@type\":\"WebPage\",\"@id\":\"https:\\\/\\\/gruene-wiesbaden.de\\\/die-gruenen-wiesbaden-beschliessen-einstimmig-programm-fuer-die-kommunalwahl-2026-basisdemokratischer-prozess-als-grundlage-fuer-eine-lebenswerte-und-zukunftsfaehige-stadt\\\/\",\"url\":\"https:\\\/\\\/gruene-wiesbaden.de\\\/die-gruenen-wiesbaden-beschliessen-einstimmig-programm-fuer-die-kommunalwahl-2026-basisdemokratischer-prozess-als-grundlage-fuer-eine-lebenswerte-und-zukunftsfaehige-stadt\\\/\",\"name\":\"DIE GR\u00dcNEN Wiesbaden beschlie\u00dfen einstimmig Programm f\u00fcr die Kommunalwahl 2026 \u2013 Basisdemokratischer Prozess als Grundlage f\u00fcr eine lebenswerte und zukunftsf\u00e4hige Stadt - B\u00dcNDNIS 90\\\/DIE GR\u00dcNEN Wiesbaden\",\"isPartOf\":{\"@id\":\"https:\\\/\\\/gruene-wiesbaden.de\\\/#website\"},\"primaryImageOfPage\":{\"@id\":\"https:\\\/\\\/gruene-wiesbaden.de\\\/die-gruenen-wiesbaden-beschliessen-einstimmig-programm-fuer-die-kommunalwahl-2026-basisdemokratischer-prozess-als-grundlage-fuer-eine-lebenswerte-und-zukunftsfaehige-stadt\\\/#primaryimage\"},\"image\":{\"@id\":\"https:\\\/\\\/gruene-wiesbaden.de\\\/die-gruenen-wiesbaden-beschliessen-einstimmig-programm-fuer-die-kommunalwahl-2026-basisdemokratischer-prozess-als-grundlage-fuer-eine-lebenswerte-und-zukunftsfaehige-stadt\\\/#primaryimage\"},\"thumbnailUrl\":\"https:\\\/\\\/gruene-wiesbaden.de\\\/wp-content\\\/uploads\\\/2025\\\/11\\\/IMG_5693-scaled-e1762010663148.jpg\",\"datePublished\":\"2025-11-01T15:27:05+00:00\",\"breadcrumb\":{\"@id\":\"https:\\\/\\\/gruene-wiesbaden.de\\\/die-gruenen-wiesbaden-beschliessen-einstimmig-programm-fuer-die-kommunalwahl-2026-basisdemokratischer-prozess-als-grundlage-fuer-eine-lebenswerte-und-zukunftsfaehige-stadt\\\/#breadcrumb\"},\"inLanguage\":\"en-GB\",\"potentialAction\":[{\"@type\":\"ReadAction\",\"target\":[\"https:\\\/\\\/gruene-wiesbaden.de\\\/die-gruenen-wiesbaden-beschliessen-einstimmig-programm-fuer-die-kommunalwahl-2026-basisdemokratischer-prozess-als-grundlage-fuer-eine-lebenswerte-und-zukunftsfaehige-stadt\\\/\"]}]},{\"@type\":\"ImageObject\",\"inLanguage\":\"en-GB\",\"@id\":\"https:\\\/\\\/gruene-wiesbaden.de\\\/die-gruenen-wiesbaden-beschliessen-einstimmig-programm-fuer-die-kommunalwahl-2026-basisdemokratischer-prozess-als-grundlage-fuer-eine-lebenswerte-und-zukunftsfaehige-stadt\\\/#primaryimage\",\"url\":\"https:\\\/\\\/gruene-wiesbaden.de\\\/wp-content\\\/uploads\\\/2025\\\/11\\\/IMG_5693-scaled-e1762010663148.jpg\",\"contentUrl\":\"https:\\\/\\\/gruene-wiesbaden.de\\\/wp-content\\\/uploads\\\/2025\\\/11\\\/IMG_5693-scaled-e1762010663148.jpg\",\"width\":1190,\"height\":768},{\"@type\":\"BreadcrumbList\",\"@id\":\"https:\\\/\\\/gruene-wiesbaden.de\\\/die-gruenen-wiesbaden-beschliessen-einstimmig-programm-fuer-die-kommunalwahl-2026-basisdemokratischer-prozess-als-grundlage-fuer-eine-lebenswerte-und-zukunftsfaehige-stadt\\\/#breadcrumb\",\"itemListElement\":[{\"@type\":\"ListItem\",\"position\":1,\"name\":\"Startseite\",\"item\":\"https:\\\/\\\/gruene-wiesbaden.de\\\/\"},{\"@type\":\"ListItem\",\"position\":2,\"name\":\"DIE GR\u00dcNEN Wiesbaden beschlie\u00dfen einstimmig Programm f\u00fcr die Kommunalwahl 2026 \u2013 Basisdemokratischer Prozess als Grundlage f\u00fcr eine lebenswerte und zukunftsf\u00e4hige Stadt\"}]},{\"@type\":\"WebSite\",\"@id\":\"https:\\\/\\\/gruene-wiesbaden.de\\\/#website\",\"url\":\"https:\\\/\\\/gruene-wiesbaden.de\\\/\",\"name\":\"DIE GR\u00dcNEN Wiesbaden\",\"description\":\"\",\"publisher\":{\"@id\":\"https:\\\/\\\/gruene-wiesbaden.de\\\/#organization\"},\"potentialAction\":[{\"@type\":\"SearchAction\",\"target\":{\"@type\":\"EntryPoint\",\"urlTemplate\":\"https:\\\/\\\/gruene-wiesbaden.de\\\/?s={search_term_string}\"},\"query-input\":{\"@type\":\"PropertyValueSpecification\",\"valueRequired\":true,\"valueName\":\"search_term_string\"}}],\"inLanguage\":\"en-GB\"},{\"@type\":\"Organization\",\"@id\":\"https:\\\/\\\/gruene-wiesbaden.de\\\/#organization\",\"name\":\"DIE GR\u00dcNEN Wiesbaden\",\"url\":\"https:\\\/\\\/gruene-wiesbaden.de\\\/\",\"logo\":{\"@type\":\"ImageObject\",\"inLanguage\":\"en-GB\",\"@id\":\"https:\\\/\\\/gruene-wiesbaden.de\\\/#\\\/schema\\\/logo\\\/image\\\/\",\"url\":\"https:\\\/\\\/gruene-wiesbaden-fuer-europa.de\\\/wp-content\\\/uploads\\\/2024\\\/04\\\/Machen-was-zaehlt-5.png\",\"contentUrl\":\"https:\\\/\\\/gruene-wiesbaden-fuer-europa.de\\\/wp-content\\\/uploads\\\/2024\\\/04\\\/Machen-was-zaehlt-5.png\",\"width\":1772,\"height\":1772,\"caption\":\"DIE GR\u00dcNEN Wiesbaden\"},\"image\":{\"@id\":\"https:\\\/\\\/gruene-wiesbaden.de\\\/#\\\/schema\\\/logo\\\/image\\\/\"},\"sameAs\":[\"https:\\\/\\\/www.facebook.com\\\/gruene.wi\",\"https:\\\/\\\/instagram.com\\\/gruene_wi\"]},{\"@type\":\"Person\",\"@id\":\"https:\\\/\\\/gruene-wiesbaden.de\\\/#\\\/schema\\\/person\\\/6785c34779159cd4fd86886bb097afe9\",\"name\":\"admin\",\"sameAs\":[\"http:\\\/\\\/gruene-wiesbaden-fuer-europa.de\"],\"url\":\"https:\\\/\\\/gruene-wiesbaden.de\\\/en\\\/author\\\/admin\\\/\"}]}<\/script>\n<!-- \/ Yoast SEO plugin. -->","yoast_head_json":{"title":"DIE GR\u00dcNEN Wiesbaden beschlie\u00dfen einstimmig Programm f\u00fcr die Kommunalwahl 2026 \u2013 Basisdemokratischer Prozess als Grundlage f\u00fcr eine lebenswerte und zukunftsf\u00e4hige Stadt - B\u00dcNDNIS 90\/DIE GR\u00dcNEN Wiesbaden","robots":{"index":"index","follow":"follow","max-snippet":"max-snippet:-1","max-image-preview":"max-image-preview:large","max-video-preview":"max-video-preview:-1"},"canonical":"https:\/\/gruene-wiesbaden.de\/en\/die-gruenen-wiesbaden-beschliessen-einstimmig-programm-fuer-die-kommunalwahl-2026-basisdemokratischer-prozess-als-grundlage-fuer-eine-lebenswerte-und-zukunftsfaehige-stadt\/","og_locale":"en_GB","og_type":"article","og_title":"DIE GR\u00dcNEN Wiesbaden beschlie\u00dfen einstimmig Programm f\u00fcr die Kommunalwahl 2026 \u2013 Basisdemokratischer Prozess als Grundlage f\u00fcr eine lebenswerte und zukunftsf\u00e4hige Stadt - B\u00dcNDNIS 90\/DIE GR\u00dcNEN Wiesbaden","og_url":"https:\/\/gruene-wiesbaden.de\/en\/die-gruenen-wiesbaden-beschliessen-einstimmig-programm-fuer-die-kommunalwahl-2026-basisdemokratischer-prozess-als-grundlage-fuer-eine-lebenswerte-und-zukunftsfaehige-stadt\/","og_site_name":"B\u00dcNDNIS 90\/DIE GR\u00dcNEN Wiesbaden","article_publisher":"https:\/\/www.facebook.com\/gruene.wi","article_published_time":"2025-11-01T15:27:05+00:00","og_image":[{"width":1190,"height":768,"url":"https:\/\/gruene-wiesbaden.de\/wp-content\/uploads\/2025\/11\/IMG_5693-scaled-e1762010663148.jpg","type":"image\/jpeg"}],"author":"admin","twitter_card":"summary_large_image","twitter_misc":{"Written by":"admin","Estimated reading time":"2 minutes"},"schema":{"@context":"https:\/\/schema.org","@graph":[{"@type":"Article","@id":"https:\/\/gruene-wiesbaden.de\/die-gruenen-wiesbaden-beschliessen-einstimmig-programm-fuer-die-kommunalwahl-2026-basisdemokratischer-prozess-als-grundlage-fuer-eine-lebenswerte-und-zukunftsfaehige-stadt\/#article","isPartOf":{"@id":"https:\/\/gruene-wiesbaden.de\/die-gruenen-wiesbaden-beschliessen-einstimmig-programm-fuer-die-kommunalwahl-2026-basisdemokratischer-prozess-als-grundlage-fuer-eine-lebenswerte-und-zukunftsfaehige-stadt\/"},"author":{"name":"admin","@id":"https:\/\/gruene-wiesbaden.de\/#\/schema\/person\/6785c34779159cd4fd86886bb097afe9"},"headline":"DIE GR\u00dcNEN Wiesbaden beschlie\u00dfen einstimmig Programm f\u00fcr die Kommunalwahl 2026 \u2013 Basisdemokratischer Prozess als Grundlage f\u00fcr eine lebenswerte und zukunftsf\u00e4hige Stadt","datePublished":"2025-11-01T15:27:05+00:00","mainEntityOfPage":{"@id":"https:\/\/gruene-wiesbaden.de\/die-gruenen-wiesbaden-beschliessen-einstimmig-programm-fuer-die-kommunalwahl-2026-basisdemokratischer-prozess-als-grundlage-fuer-eine-lebenswerte-und-zukunftsfaehige-stadt\/"},"wordCount":406,"publisher":{"@id":"https:\/\/gruene-wiesbaden.de\/#organization"},"image":{"@id":"https:\/\/gruene-wiesbaden.de\/die-gruenen-wiesbaden-beschliessen-einstimmig-programm-fuer-die-kommunalwahl-2026-basisdemokratischer-prozess-als-grundlage-fuer-eine-lebenswerte-und-zukunftsfaehige-stadt\/#primaryimage"},"thumbnailUrl":"https:\/\/gruene-wiesbaden.de\/wp-content\/uploads\/2025\/11\/IMG_5693-scaled-e1762010663148.jpg","articleSection":["Wahlen"],"inLanguage":"en-GB"},{"@type":"WebPage","@id":"https:\/\/gruene-wiesbaden.de\/die-gruenen-wiesbaden-beschliessen-einstimmig-programm-fuer-die-kommunalwahl-2026-basisdemokratischer-prozess-als-grundlage-fuer-eine-lebenswerte-und-zukunftsfaehige-stadt\/","url":"https:\/\/gruene-wiesbaden.de\/die-gruenen-wiesbaden-beschliessen-einstimmig-programm-fuer-die-kommunalwahl-2026-basisdemokratischer-prozess-als-grundlage-fuer-eine-lebenswerte-und-zukunftsfaehige-stadt\/","name":"DIE GR\u00dcNEN Wiesbaden beschlie\u00dfen einstimmig Programm f\u00fcr die Kommunalwahl 2026 \u2013 Basisdemokratischer Prozess als Grundlage f\u00fcr eine lebenswerte und zukunftsf\u00e4hige Stadt - B\u00dcNDNIS 90\/DIE GR\u00dcNEN Wiesbaden","isPartOf":{"@id":"https:\/\/gruene-wiesbaden.de\/#website"},"primaryImageOfPage":{"@id":"https:\/\/gruene-wiesbaden.de\/die-gruenen-wiesbaden-beschliessen-einstimmig-programm-fuer-die-kommunalwahl-2026-basisdemokratischer-prozess-als-grundlage-fuer-eine-lebenswerte-und-zukunftsfaehige-stadt\/#primaryimage"},"image":{"@id":"https:\/\/gruene-wiesbaden.de\/die-gruenen-wiesbaden-beschliessen-einstimmig-programm-fuer-die-kommunalwahl-2026-basisdemokratischer-prozess-als-grundlage-fuer-eine-lebenswerte-und-zukunftsfaehige-stadt\/#primaryimage"},"thumbnailUrl":"https:\/\/gruene-wiesbaden.de\/wp-content\/uploads\/2025\/11\/IMG_5693-scaled-e1762010663148.jpg","datePublished":"2025-11-01T15:27:05+00:00","breadcrumb":{"@id":"https:\/\/gruene-wiesbaden.de\/die-gruenen-wiesbaden-beschliessen-einstimmig-programm-fuer-die-kommunalwahl-2026-basisdemokratischer-prozess-als-grundlage-fuer-eine-lebenswerte-und-zukunftsfaehige-stadt\/#breadcrumb"},"inLanguage":"en-GB","potentialAction":[{"@type":"ReadAction","target":["https:\/\/gruene-wiesbaden.de\/die-gruenen-wiesbaden-beschliessen-einstimmig-programm-fuer-die-kommunalwahl-2026-basisdemokratischer-prozess-als-grundlage-fuer-eine-lebenswerte-und-zukunftsfaehige-stadt\/"]}]},{"@type":"ImageObject","inLanguage":"en-GB","@id":"https:\/\/gruene-wiesbaden.de\/die-gruenen-wiesbaden-beschliessen-einstimmig-programm-fuer-die-kommunalwahl-2026-basisdemokratischer-prozess-als-grundlage-fuer-eine-lebenswerte-und-zukunftsfaehige-stadt\/#primaryimage","url":"https:\/\/gruene-wiesbaden.de\/wp-content\/uploads\/2025\/11\/IMG_5693-scaled-e1762010663148.jpg","contentUrl":"https:\/\/gruene-wiesbaden.de\/wp-content\/uploads\/2025\/11\/IMG_5693-scaled-e1762010663148.jpg","width":1190,"height":768},{"@type":"BreadcrumbList","@id":"https:\/\/gruene-wiesbaden.de\/die-gruenen-wiesbaden-beschliessen-einstimmig-programm-fuer-die-kommunalwahl-2026-basisdemokratischer-prozess-als-grundlage-fuer-eine-lebenswerte-und-zukunftsfaehige-stadt\/#breadcrumb","itemListElement":[{"@type":"ListItem","position":1,"name":"Startseite","item":"https:\/\/gruene-wiesbaden.de\/"},{"@type":"ListItem","position":2,"name":"DIE GR\u00dcNEN Wiesbaden beschlie\u00dfen einstimmig Programm f\u00fcr die Kommunalwahl 2026 \u2013 Basisdemokratischer Prozess als Grundlage f\u00fcr eine lebenswerte und zukunftsf\u00e4hige Stadt"}]},{"@type":"WebSite","@id":"https:\/\/gruene-wiesbaden.de\/#website","url":"https:\/\/gruene-wiesbaden.de\/","name":"DIE GR\u00dcNEN Wiesbaden","description":"","publisher":{"@id":"https:\/\/gruene-wiesbaden.de\/#organization"},"potentialAction":[{"@type":"SearchAction","target":{"@type":"EntryPoint","urlTemplate":"https:\/\/gruene-wiesbaden.de\/?s={search_term_string}"},"query-input":{"@type":"PropertyValueSpecification","valueRequired":true,"valueName":"search_term_string"}}],"inLanguage":"en-GB"},{"@type":"Organization","@id":"https:\/\/gruene-wiesbaden.de\/#organization","name":"DIE GR\u00dcNEN Wiesbaden","url":"https:\/\/gruene-wiesbaden.de\/","logo":{"@type":"ImageObject","inLanguage":"en-GB","@id":"https:\/\/gruene-wiesbaden.de\/#\/schema\/logo\/image\/","url":"https:\/\/gruene-wiesbaden-fuer-europa.de\/wp-content\/uploads\/2024\/04\/Machen-was-zaehlt-5.png","contentUrl":"https:\/\/gruene-wiesbaden-fuer-europa.de\/wp-content\/uploads\/2024\/04\/Machen-was-zaehlt-5.png","width":1772,"height":1772,"caption":"DIE GR\u00dcNEN Wiesbaden"},"image":{"@id":"https:\/\/gruene-wiesbaden.de\/#\/schema\/logo\/image\/"},"sameAs":["https:\/\/www.facebook.com\/gruene.wi","https:\/\/instagram.com\/gruene_wi"]},{"@type":"Person","@id":"https:\/\/gruene-wiesbaden.de\/#\/schema\/person\/6785c34779159cd4fd86886bb097afe9","name":"admin","sameAs":["http:\/\/gruene-wiesbaden-fuer-europa.de"],"url":"https:\/\/gruene-wiesbaden.de\/en\/author\/admin\/"}]}},"_links":{"self":[{"href":"https:\/\/gruene-wiesbaden.de\/en\/wp-json\/wp\/v2\/posts\/1278","targetHints":{"allow":["GET"]}}],"collection":[{"href":"https:\/\/gruene-wiesbaden.de\/en\/wp-json\/wp\/v2\/posts"}],"about":[{"href":"https:\/\/gruene-wiesbaden.de\/en\/wp-json\/wp\/v2\/types\/post"}],"author":[{"embeddable":true,"href":"https:\/\/gruene-wiesbaden.de\/en\/wp-json\/wp\/v2\/users\/1"}],"replies":[{"embeddable":true,"href":"https:\/\/gruene-wiesbaden.de\/en\/wp-json\/wp\/v2\/comments?post=1278"}],"version-history":[{"count":2,"href":"https:\/\/gruene-wiesbaden.de\/en\/wp-json\/wp\/v2\/posts\/1278\/revisions"}],"predecessor-version":[{"id":1282,"href":"https:\/\/gruene-wiesbaden.de\/en\/wp-json\/wp\/v2\/posts\/1278\/revisions\/1282"}],"wp:featuredmedia":[{"embeddable":true,"href":"https:\/\/gruene-wiesbaden.de\/en\/wp-json\/wp\/v2\/media\/1280"}],"wp:attachment":[{"href":"https:\/\/gruene-wiesbaden.de\/en\/wp-json\/wp\/v2\/media?parent=1278"}],"wp:term":[{"taxonomy":"category","embeddable":true,"href":"https:\/\/gruene-wiesbaden.de\/en\/wp-json\/wp\/v2\/categories?post=1278"},{"taxonomy":"post_tag","embeddable":true,"href":"https:\/\/gruene-wiesbaden.de\/en\/wp-json\/wp\/v2\/tags?post=1278"}],"curies":[{"name":"wp","href":"https:\/\/api.w.org\/{rel}","templated":true}]}}