{"id":702,"date":"2024-11-21T12:00:26","date_gmt":"2024-11-21T12:00:26","guid":{"rendered":"http:\/\/gruene-wiesbaden.de.w0207e8f.kasserver.com\/?p=702"},"modified":"2025-06-16T21:04:30","modified_gmt":"2025-06-16T21:04:30","slug":"katerinagarcia_neuervorstand","status":"publish","type":"post","link":"https:\/\/gruene-wiesbaden.de\/el\/katerinagarcia_neuervorstand\/","title":{"rendered":"\u039f\u03b9 \u03a0\u03c1\u03ac\u03c3\u03b9\u03bd\u03bf\u03b9 \u03b5\u03ba\u03bb\u03ad\u03b3\u03bf\u03c5\u03bd \u03c4\u03b7\u03bd \u039a\u03b1\u03c4\u03b5\u03c1\u03af\u03bd\u03b1 \u0393\u03ba\u03b1\u03c1\u03c3\u03af\u03b1 \u03c9\u03c2 \u03ac\u03bc\u03b5\u03c3\u03b7 \u03c5\u03c0\u03bf\u03c8\u03ae\u03c6\u03b9\u03b1 \u03b3\u03b9\u03b1 \u03c4\u03b9\u03c2 \u03b5\u03ba\u03bb\u03bf\u03b3\u03ad\u03c2 \u03c4\u03b7\u03c2 Bundestag \u03ba\u03b1\u03b9 \u03ad\u03bd\u03b1 \u03bd\u03ad\u03bf \u03b4\u03b9\u03bf\u03b9\u03ba\u03b7\u03c4\u03b9\u03ba\u03cc \u03c3\u03c5\u03bc\u03b2\u03bf\u03cd\u03bb\u03b9\u03bf"},"content":{"rendered":"<section class=\"l-section wpb_row height_medium\"><div class=\"l-section-h i-cf\"><div class=\"g-cols vc_row via_grid cols_1 laptops-cols_inherit tablets-cols_inherit mobiles-cols_1 valign_top type_default stacking_default\"><div class=\"wpb_column vc_column_container\"><div class=\"vc_column-inner\"><h2 class=\"w-post-elm post_title entry-title color_link_inherit\">\u039f\u03b9 \u03a0\u03c1\u03ac\u03c3\u03b9\u03bd\u03bf\u03b9 \u03b5\u03ba\u03bb\u03ad\u03b3\u03bf\u03c5\u03bd \u03c4\u03b7\u03bd \u039a\u03b1\u03c4\u03b5\u03c1\u03af\u03bd\u03b1 \u0393\u03ba\u03b1\u03c1\u03c3\u03af\u03b1 \u03c9\u03c2 \u03ac\u03bc\u03b5\u03c3\u03b7 \u03c5\u03c0\u03bf\u03c8\u03ae\u03c6\u03b9\u03b1 \u03b3\u03b9\u03b1 \u03c4\u03b9\u03c2 \u03b5\u03ba\u03bb\u03bf\u03b3\u03ad\u03c2 \u03c4\u03b7\u03c2 Bundestag \u03ba\u03b1\u03b9 \u03ad\u03bd\u03b1 \u03bd\u03ad\u03bf \u03b4\u03b9\u03bf\u03b9\u03ba\u03b7\u03c4\u03b9\u03ba\u03cc \u03c3\u03c5\u03bc\u03b2\u03bf\u03cd\u03bb\u03b9\u03bf<\/h2><div class=\"w-post-elm post_image\"><img loading=\"lazy\" decoding=\"async\" width=\"1762\" height=\"1174\" src=\"https:\/\/gruene-wiesbaden.de\/wp-content\/uploads\/2025\/03\/Bildschirmfoto-2025-06-16-um-23.03.22.png\" class=\"attachment-full size-full wp-post-image\" alt=\"\" srcset=\"https:\/\/gruene-wiesbaden.de\/wp-content\/uploads\/2025\/03\/Bildschirmfoto-2025-06-16-um-23.03.22.png 1762w, https:\/\/gruene-wiesbaden.de\/wp-content\/uploads\/2025\/03\/Bildschirmfoto-2025-06-16-um-23.03.22-400x267.png 400w, https:\/\/gruene-wiesbaden.de\/wp-content\/uploads\/2025\/03\/Bildschirmfoto-2025-06-16-um-23.03.22-600x400.png 600w\" sizes=\"auto, (max-width: 1762px) 100vw, 1762px\" \/><\/div><div class=\"w-separator size_medium\"><\/div><div class=\"wpb_text_column\"><div class=\"wpb_wrapper\"><p>\u039f\u03b9 B\u00dcNDNIS 90\/DIE GR\u00dcNEN \u03b5\u03be\u03ad\u03bb\u03b5\u03be\u03b1\u03bd \u03c4\u03bf\u03bd \u03ac\u03bc\u03b5\u03c3\u03bf \u03c5\u03c0\u03bf\u03c8\u03ae\u03c6\u03b9\u03cc \u03c4\u03bf\u03c5\u03c2 \u03b3\u03b9\u03b1 \u03c4\u03b9\u03c2 \u03c0\u03c1\u03cc\u03c9\u03c1\u03b5\u03c2 \u03bf\u03bc\u03bf\u03c3\u03c0\u03bf\u03bd\u03b4\u03b9\u03b1\u03ba\u03ad\u03c2 \u03b5\u03ba\u03bb\u03bf\u03b3\u03ad\u03c2 \u03c4\u03bf\u03c5 \u03a6\u03b5\u03b2\u03c1\u03bf\u03c5\u03b1\u03c1\u03af\u03bf\u03c5, \u03ba\u03b1\u03b8\u03ce\u03c2 \u03ba\u03b1\u03b9 \u03ad\u03bd\u03b1 \u03bd\u03ad\u03bf \u03c0\u03b5\u03c1\u03b9\u03c6\u03b5\u03c1\u03b5\u03b9\u03b1\u03ba\u03cc \u03c3\u03c5\u03bc\u03b2\u03bf\u03cd\u03bb\u03b9\u03bf, \u03c3\u03c4\u03b7 \u03b3\u03b5\u03bd\u03b9\u03ba\u03ae \u03c4\u03bf\u03c5\u03c2 \u03c3\u03c5\u03bd\u03ad\u03bb\u03b5\u03c5\u03c3\u03b7 \u03c4\u03bf \u03b2\u03c1\u03ac\u03b4\u03c5 \u03c4\u03b7\u03c2 20.11.2024.<\/p>\n<p><strong>\u0397 \u039a\u03b1\u03c4\u03b5\u03c1\u03af\u03bd\u03b1 \u0393\u03ba\u03b1\u03c1\u03c3\u03af\u03b1 \u03b5\u03af\u03bd\u03b1\u03b9 \u03c5\u03c0\u03bf\u03c8\u03ae\u03c6\u03b9\u03b1 \u03b3\u03b9\u03b1 \u03c4\u03b7\u03bd \u03ac\u03bc\u03b5\u03c3\u03b7 \u03b5\u03bd\u03c4\u03bf\u03bb\u03ae \u03c4\u03bf\u03c5 \u0392\u03b9\u03c3\u03bc\u03c0\u03ac\u03bd\u03c4\u03b5\u03bd<\/strong><\/p>\n<p>\u0397 \u039a\u03b1\u03c4\u03b5\u03c1\u03af\u03bd\u03b1 \u0393\u03ba\u03b1\u03c1\u03c3\u03af\u03b1 \u03b5\u03be\u03b5\u03bb\u03ad\u03b3\u03b7 \u03c9\u03c2 \u03ac\u03bc\u03b5\u03c3\u03b7 \u03c5\u03c0\u03bf\u03c8\u03ae\u03c6\u03b9\u03b1 \u03b3\u03b9\u03b1 \u03c4\u03b9\u03c2 \u03bf\u03bc\u03bf\u03c3\u03c0\u03bf\u03bd\u03b4\u03b9\u03b1\u03ba\u03ad\u03c2 \u03b5\u03ba\u03bb\u03bf\u03b3\u03ad\u03c2. \u039a\u03ad\u03c1\u03b4\u03b9\u03c3\u03b5 \u03c3\u03c4\u03bf\u03bd \u03c0\u03c1\u03ce\u03c4\u03bf \u03b3\u03cd\u03c1\u03bf \u03b5\u03bd\u03b1\u03bd\u03c4\u03af\u03bf\u03bd \u03c4\u03bf\u03c5 \u03b1\u03bd\u03c4\u03b1\u03b3\u03c9\u03bd\u03b9\u03c3\u03c4\u03ae \u03c4\u03b7\u03c2 Dilek \u00d6zkan. \u00ab\u0398\u03ad\u03bb\u03c9 \u03bd\u03b1 \u03b5\u03ba\u03c0\u03c1\u03bf\u03c3\u03c9\u03c0\u03ae\u03c3\u03c9 \u03c4\u03bf \u0392\u03b9\u03c3\u03bc\u03c0\u03ac\u03bd\u03c4\u03b5\u03bd \u03c3\u03c4\u03b7 \u03b3\u03b5\u03c1\u03bc\u03b1\u03bd\u03b9\u03ba\u03ae \u039f\u03bc\u03bf\u03c3\u03c0\u03bf\u03bd\u03b4\u03b9\u03b1\u03ba\u03ae \u0392\u03bf\u03c5\u03bb\u03ae \u03bc\u03b5 \u03bd\u03ad\u03b1 \u03b5\u03bd\u03ad\u03c1\u03b3\u03b5\u03b9\u03b1 \u03ba\u03b1\u03b9 \u03c3\u03b1\u03c6\u03b5\u03af\u03c2 \u03c3\u03c4\u03cc\u03c7\u03bf\u03c5\u03c2 \u03ba\u03b1\u03b9 \u03bd\u03b1 \u03ba\u03b1\u03c4\u03b1\u03c3\u03c4\u03ae\u03c3\u03c9 \u03b3\u03b9\u03b1 \u03ac\u03bb\u03bb\u03b7 \u03bc\u03b9\u03b1 \u03c6\u03bf\u03c1\u03ac \u03c4\u03b7 \u0393\u03b5\u03c1\u03bc\u03b1\u03bd\u03af\u03b1 \u03bc\u03b9\u03b1 \u03c7\u03ce\u03c1\u03b1 \u03c0\u03bf\u03c5 \u03c5\u03c0\u03bf\u03c3\u03c4\u03b7\u03c1\u03af\u03b6\u03b5\u03b9 \u03bc\u03b9\u03b1 \u03ba\u03b1\u03b9\u03bd\u03bf\u03c4\u03cc\u03bc\u03bf, \u03b2\u03b9\u03ce\u03c3\u03b9\u03bc\u03b7 \u03ba\u03b1\u03b9 \u03b4\u03af\u03ba\u03b1\u03b9\u03b7 \u03c0\u03bf\u03bb\u03b9\u03c4\u03b9\u03ba\u03ae. \u0391\u03c5\u03c4\u03ae \u03c4\u03b7 \u03c3\u03c4\u03b9\u03b3\u03bc\u03ae, \u03cc\u03c4\u03b1\u03bd \u03bf\u03b9 \u03bb\u03b1\u03ca\u03ba\u03b9\u03c3\u03c4\u03ad\u03c2 \u03c0\u03c1\u03bf\u03c3\u03c0\u03b1\u03b8\u03bf\u03cd\u03bd \u03bd\u03b1 \u03ba\u03b5\u03c1\u03b4\u03af\u03c3\u03bf\u03c5\u03bd \u03c4\u03b7 \u03b4\u03cd\u03bd\u03b1\u03bc\u03b7 \u03c4\u03b7\u03c2 \u03b3\u03bd\u03ce\u03bc\u03b7\u03c2, \u03c0\u03c1\u03ad\u03c0\u03b5\u03b9 \u03bd\u03b1 \u03c3\u03c5\u03bd\u03b5\u03c1\u03b3\u03b1\u03c3\u03c4\u03bf\u03cd\u03bc\u03b5 \u03b3\u03b9\u03b1 \u03bd\u03b1 \u03bf\u03b9\u03ba\u03bf\u03b4\u03bf\u03bc\u03ae\u03c3\u03bf\u03c5\u03bc\u03b5 \u03bc\u03b9\u03b1 \u03ba\u03bf\u03b9\u03bd\u03c9\u03bd\u03af\u03b1 \u03cc\u03c0\u03bf\u03c5 \u03cc\u03bb\u03bf\u03b9 \u03bc\u03c0\u03bf\u03c1\u03bf\u03cd\u03bd \u03bd\u03b1 \u03b5\u03c5\u03b4\u03bf\u03ba\u03b9\u03bc\u03ae\u03c3\u03bf\u03c5\u03bd \u03ba\u03b1\u03b9 \u03cc\u03c0\u03bf\u03c5 \u03b7 \u03ba\u03bf\u03b9\u03bd\u03c9\u03bd\u03b9\u03ba\u03ae \u03b4\u03b9\u03ba\u03b1\u03b9\u03bf\u03c3\u03cd\u03bd\u03b7, \u03b7 \u03bf\u03b9\u03ba\u03bf\u03bd\u03bf\u03bc\u03b9\u03ba\u03ae \u03b5\u03c0\u03b9\u03c4\u03c5\u03c7\u03af\u03b1 \u03ba\u03b1\u03b9 \u03b7 \u03c0\u03c1\u03bf\u03c3\u03c4\u03b1\u03c3\u03af\u03b1 \u03c4\u03bf\u03c5 \u03c0\u03b5\u03c1\u03b9\u03b2\u03ac\u03bb\u03bb\u03bf\u03bd\u03c4\u03bf\u03c2 \u03c3\u03c5\u03bc\u03b2\u03b1\u03b4\u03af\u03b6\u03bf\u03c5\u03bd. \u0397 \u039a\u03b1\u03c4\u03b5\u03c1\u03af\u03bd\u03b1 \u0393\u03ba\u03b1\u03c1\u03c3\u03af\u03b1 \u03b5\u03af\u03bd\u03b1\u03b9 43 \u03b5\u03c4\u03ce\u03bd, \u03c3\u03c0\u03bf\u03cd\u03b4\u03b1\u03c3\u03b5 \u03bd\u03bf\u03bc\u03b9\u03ba\u03ac \u03ba\u03b1\u03b9 \u03bf\u03b9\u03ba\u03bf\u03bd\u03bf\u03bc\u03b9\u03ba\u03ac \u03ba\u03b1\u03b9 \u03c3\u03ae\u03bc\u03b5\u03c1\u03b1 \u03b5\u03c1\u03b3\u03ac\u03b6\u03b5\u03c4\u03b1\u03b9 \u03c9\u03c2 \u03b5\u03c0\u03b9\u03ba\u03b5\u03c6\u03b1\u03bb\u03ae\u03c2 \u03bf\u03b9\u03ba\u03bf\u03bd\u03bf\u03bc\u03b9\u03ba\u03ce\u03bd \u03ba\u03b1\u03b9 \u03c8\u03b7\u03c6\u03b9\u03b1\u03ba\u03ce\u03bd \u03c5\u03c0\u03bf\u03b8\u03ad\u03c3\u03b5\u03c9\u03bd \u03c3\u03c4\u03bf \u03b3\u03c1\u03b1\u03c6\u03b5\u03af\u03bf \u03c4\u03b7\u03c2 \u03b4\u03b7\u03bc\u03ac\u03c1\u03c7\u03bf\u03c5 Christiane Hinninger \u03c3\u03c4\u03b7\u03bd \u03c0\u03cc\u03bb\u03b7 \u03c4\u03bf\u03c5 \u0392\u03b9\u03c3\u03bc\u03c0\u03ac\u03bd\u03c4\u03b5\u03bd.<\/p>\n<p><strong>\u0397 Rebecca Thomas \u03ba\u03b1\u03b9 \u03bf Daniel Schmitt \u03b8\u03b1 \u03b7\u03b3\u03b7\u03b8\u03bf\u03cd\u03bd \u03c4\u03bf\u03c5 \u03bd\u03ad\u03bf\u03c5 \u03b4\u03b9\u03bf\u03b9\u03ba\u03b7\u03c4\u03b9\u03ba\u03bf\u03cd \u03c3\u03c5\u03bc\u03b2\u03bf\u03c5\u03bb\u03af\u03bf\u03c5<\/strong><\/p>\n<p>\u0395\u03ba\u03c4\u03cc\u03c2 \u03b1\u03c0\u03cc \u03c4\u03b7\u03bd \u03ac\u03bc\u03b5\u03c3\u03b7 \u03c5\u03c0\u03bf\u03c8\u03b7\u03c6\u03b9\u03cc\u03c4\u03b7\u03c4\u03b1, \u03ad\u03bd\u03b1 \u03bd\u03ad\u03bf \u03c0\u03b5\u03c1\u03b9\u03c6\u03b5\u03c1\u03b5\u03b9\u03b1\u03ba\u03cc \u03c3\u03c5\u03bc\u03b2\u03bf\u03cd\u03bb\u03b9\u03bf \u03b5\u03be\u03b5\u03bb\u03ad\u03b3\u03b7 \u03bc\u03b5 \u03c4\u03b7 \u03c3\u03b5\u03b9\u03c1\u03ac \u03c4\u03bf\u03c5. \u039f \u03bd\u03ad\u03bf\u03c2 \u03c0\u03c1\u03cc\u03b5\u03b4\u03c1\u03bf\u03c2 \u03ae\u03c4\u03b1\u03bd \u03b7 \u03a1\u03b5\u03bc\u03c0\u03ad\u03ba\u03b1 \u03a4\u03cc\u03bc\u03b1\u03c2 \u03b1\u03c0\u03cc \u03c4\u03bf 90.2% \u039d\u03c4\u03ac\u03bd\u03b9\u03b5\u03bb \u03a3\u03bc\u03b9\u03c4 94,9% \u03a4\u03b1 \u03c0\u03b1\u03c1\u03cc\u03bd\u03c4\u03b1 \u03bc\u03ad\u03bb\u03b7 \u03b5\u03ba\u03bb\u03ad\u03b3\u03bf\u03bd\u03c4\u03b1\u03b9. \u039a\u03b1\u03b9 \u03bf\u03b9 \u03b4\u03cd\u03bf \u03ae\u03c4\u03b1\u03bd \u03ae\u03b4\u03b7 \u03bc\u03ad\u03bb\u03b7 \u03c4\u03bf\u03c5 \u03c0\u03c1\u03bf\u03b7\u03b3\u03bf\u03cd\u03bc\u03b5\u03bd\u03bf\u03c5 \u03b4\u03b9\u03bf\u03b9\u03ba\u03b7\u03c4\u03b9\u03ba\u03bf\u03cd \u03c3\u03c5\u03bc\u03b2\u03bf\u03c5\u03bb\u03af\u03bf\u03c5 \u03c9\u03c2 \u03c3\u03c5\u03bd\u03b5\u03c1\u03b3\u03ac\u03c4\u03b5\u03c2. \u00ab\u03a9\u03c2 \u03c3\u03c5\u03bc\u03c0\u03c1\u03cc\u03b5\u03b4\u03c1\u03bf\u03c2 \u03c4\u03b7\u03c2 \u03c0\u03b5\u03c1\u03b9\u03c6\u03b5\u03c1\u03b5\u03b9\u03b1\u03ba\u03ae\u03c2 \u03bc\u03b1\u03c2 \u03ad\u03bd\u03c9\u03c3\u03b7\u03c2, \u03b8\u03b1 \u03ae\u03b8\u03b5\u03bb\u03b1 \u03bd\u03b1 \u03c3\u03c5\u03bc\u03b2\u03ac\u03bb\u03c9 \u03c3\u03c4\u03b7 \u03b4\u03b7\u03bc\u03b9\u03bf\u03c5\u03c1\u03b3\u03af\u03b1 \u03c4\u03c9\u03bd \u03c3\u03c5\u03bd\u03b8\u03b7\u03ba\u03ce\u03bd \u03b3\u03b9\u03b1 \u03bc\u03b9\u03b1 \u03b6\u03c9\u03bd\u03c4\u03b1\u03bd\u03ae \u03c0\u03b5\u03c1\u03b9\u03c6\u03b5\u03c1\u03b5\u03b9\u03b1\u03ba\u03ae \u03ad\u03bd\u03c9\u03c3\u03b7 \u03c3\u03c4\u03b7\u03bd \u03bf\u03c0\u03bf\u03af\u03b1 \u03b5\u03ba\u03c4\u03b9\u03bc\u03ce\u03bd\u03c4\u03b1\u03b9 \u03bf\u03b9 \u03c3\u03c5\u03b6\u03b7\u03c4\u03ae\u03c3\u03b5\u03b9\u03c2 \u03c3\u03c7\u03b5\u03c4\u03b9\u03ba\u03ac \u03bc\u03b5 \u03c4\u03bf\u03bd \u03c3\u03ba\u03bf\u03c0\u03cc, \u03c4\u03b1 \u03bc\u03ad\u03bb\u03b7 \u03c4\u03b7\u03c2 \u03bf\u03c0\u03bf\u03af\u03b1\u03c2 \u03b5\u03af\u03bd\u03b1\u03b9 \u03b5\u03bd\u03b5\u03c1\u03b3\u03ac \u03b5\u03c0\u03b5\u03b9\u03b4\u03ae \u03bc\u03c0\u03bf\u03c1\u03bf\u03cd\u03bd \u03bd\u03b1 \u03c3\u03c5\u03bc\u03bc\u03b5\u03c4\u03ac\u03c3\u03c7\u03bf\u03c5\u03bd, \u03b5\u03c0\u03b5\u03b9\u03b4\u03ae \u03b1\u03b9\u03c3\u03b8\u03ac\u03bd\u03bf\u03bd\u03c4\u03b1\u03b9 \u03cc\u03c4\u03b9 \u03b1\u03c0\u03bf\u03c4\u03b5\u03bb\u03bf\u03cd\u03bd \u03bc\u03ad\u03c1\u03bf\u03c2 \u03bc\u03b9\u03b1\u03c2 \u03ba\u03bf\u03b9\u03bd\u03cc\u03c4\u03b7\u03c4\u03b1\u03c2, \u03b5\u03c0\u03b5\u03b9\u03b4\u03ae \u03ad\u03c7\u03bf\u03c5\u03bd \u03c4\u03b7\u03bd \u03b5\u03c5\u03ba\u03b1\u03b9\u03c1\u03af\u03b1 \u03bd\u03b1 \u03b1\u03c3\u03c7\u03bf\u03bb\u03b7\u03b8\u03bf\u03cd\u03bd \u03bc\u03b5 \u03c4\u03b9\u03c2 \u03b9\u03ba\u03b1\u03bd\u03cc\u03c4\u03b7\u03c4\u03ad\u03c2 \u03c4\u03bf\u03c5\u03c2 \u03ba\u03b1\u03b9 \u03bd\u03b1 \u03b1\u03bd\u03b1\u03ba\u03b1\u03bb\u03cd\u03c8\u03bf\u03c5\u03bd \u03bd\u03ad\u03b1 \u03c4\u03b1\u03bb\u03ad\u03bd\u03c4\u03b1\u00bb, \u03b4\u03ae\u03bb\u03c9\u03c3\u03b5 \u03b7 \u03bd\u03ad\u03b1 \u03c0\u03c1\u03cc\u03b5\u03b4\u03c1\u03bf\u03c2 Rebecca Thomas. \u00ab\u039c\u03b5 \u03c4\u03b9\u03c2 \u03c0\u03c1\u03cc\u03c9\u03c1\u03b5\u03c2 \u03bf\u03bc\u03bf\u03c3\u03c0\u03bf\u03bd\u03b4\u03b9\u03b1\u03ba\u03ad\u03c2 \u03b5\u03ba\u03bb\u03bf\u03b3\u03ad\u03c2, \u03c4\u03b9\u03c2 \u03b4\u03b7\u03bc\u03bf\u03c4\u03b9\u03ba\u03ad\u03c2 \u03b5\u03ba\u03bb\u03bf\u03b3\u03ad\u03c2 \u03ba\u03b1\u03b9 \u03c4\u03b9\u03c2 \u03b5\u03c0\u03b9\u03ba\u03b5\u03af\u03bc\u03b5\u03bd\u03b5\u03c2 \u03c4\u03bf\u03c0\u03b9\u03ba\u03ad\u03c2 \u03b5\u03ba\u03bb\u03bf\u03b3\u03ad\u03c2 \u03c4\u03bf 2026, \u03b1\u03bd\u03c4\u03b9\u03bc\u03b5\u03c4\u03c9\u03c0\u03af\u03b6\u03bf\u03c5\u03bc\u03b5 \u03c3\u03b7\u03bc\u03b1\u03bd\u03c4\u03b9\u03ba\u03ad\u03c2 \u03c0\u03c1\u03bf\u03ba\u03bb\u03ae\u03c3\u03b5\u03b9\u03c2. \u0398\u03b1 \u03ae\u03b8\u03b5\u03bb\u03b1 \u03bd\u03b1 \u03b4\u03ce\u03c3\u03c9 \u03c3\u03b5 \u03ba\u03ac\u03b8\u03b5 \u03bc\u03ad\u03bb\u03bf\u03c2 \u03ba\u03b1\u03b8\u03bf\u03b4\u03ae\u03b3\u03b7\u03c3\u03b7 \u03c3\u03c7\u03b5\u03c4\u03b9\u03ba\u03ac \u03bc\u03b5 \u03c4\u03bf \u03c4\u03b9 \u03b8\u03ad\u03bb\u03bf\u03c5\u03bc\u03b5 \u03bd\u03b1 \u03b5\u03c0\u03b9\u03c4\u03cd\u03c7\u03bf\u03c5\u03bc\u03b5 \u03ba\u03b1\u03b9 \u03c0\u03ce\u03c2 \u03c4\u03b1 \u03bc\u03ad\u03bb\u03b7 \u03bc\u03b1\u03c2 \u03bc\u03c0\u03bf\u03c1\u03bf\u03cd\u03bd \u03bd\u03b1 \u03c3\u03c5\u03bc\u03b2\u03ac\u03bb\u03bf\u03c5\u03bd \u03bc\u03b5\u03bc\u03bf\u03bd\u03c9\u03bc\u03ad\u03bd\u03b1. \u0392\u03bb\u03ad\u03c0\u03c9 \u03c4\u03b7\u03bd \u03c0\u03b5\u03c1\u03b9\u03c6\u03b5\u03c1\u03b5\u03b9\u03b1\u03ba\u03ae \u03bc\u03b1\u03c2 \u03ad\u03bd\u03c9\u03c3\u03b7 \u03c9\u03c2 \u03ad\u03bd\u03b1 \u03b4\u03af\u03ba\u03c4\u03c5\u03bf \u03c0\u03bf\u03c5 \u03b6\u03b5\u03b9 \u03c4\u03b9\u03c2 \u03b1\u03be\u03af\u03b5\u03c2 \u03bc\u03b1\u03c2 \u03ba\u03b1\u03b9 \u03bc\u03c0\u03bf\u03c1\u03b5\u03af \u03b1\u03ba\u03cc\u03bc\u03b1 \u03bd\u03b1 \u03ba\u03b5\u03c1\u03b4\u03af\u03c3\u03b5\u03b9 \u03c0\u03bf\u03bb\u03bb\u03ae \u03b4\u03cd\u03bd\u03b1\u03bc\u03b7\u00bb, \u03c0\u03c1\u03bf\u03c3\u03b8\u03ad\u03c4\u03b5\u03b9 \u03bf \u03c3\u03c5\u03bc\u03c0\u03c1\u03cc\u03b5\u03b4\u03c1\u03bf\u03c2 Daniel Schmitt.\u00a0 \u0386\u03bb\u03bb\u03b1 \u03bc\u03ad\u03bb\u03b7 \u03ae\u03c4\u03b1\u03bd \u03bf Gerald Christoph Dorsch \u03c9\u03c2 \u03c4\u03b1\u03bc\u03af\u03b1\u03c2, \u03ba\u03b1\u03b8\u03ce\u03c2 \u03ba\u03b1\u03b9 \u03bf\u03b9 Marta Moneva, Larissa Reis \u03ba\u03b1\u03b9 Oliver Raudies \u03c9\u03c2 \u03b1\u03be\u03b9\u03bf\u03bb\u03bf\u03b3\u03b7\u03c4\u03ad\u03c2.<\/p>\n<p><strong>\u03a0\u03a1\u03a9\u0397\u039d \u03a0\u03a1\u039f\u0395\u0394\u03a1\u039f\u0399 \u0391\u03a0\u039f\u03a7\u0391\u0399\u03a1\u0395\u03a4\u0399\u03a3\u03a4\u0397\u039a\u0391\u039d<\/strong><\/p>\n<p>\u039f\u03b9 \u03c0\u03c1\u03bf\u03b7\u03b3\u03bf\u03cd\u03bc\u03b5\u03bd\u03bf\u03b9 \u03c0\u03c1\u03cc\u03b5\u03b4\u03c1\u03bf\u03b9 Uta Brehm \u03ba\u03b1\u03b9 Mathias Wagner \u03b4\u03b5\u03bd \u03b5\u03af\u03c7\u03b1\u03bd \u03b8\u03ad\u03c3\u03b5\u03b9 \u03c5\u03c0\u03bf\u03c8\u03b7\u03c6\u03b9\u03cc\u03c4\u03b7\u03c4\u03b1 \u03b3\u03b9\u03b1 \u03b5\u03c0\u03b1\u03bd\u03b5\u03ba\u03bb\u03bf\u03b3\u03ae. \u00ab\u03a4\u03b1 \u03c4\u03b5\u03bb\u03b5\u03c5\u03c4\u03b1\u03af\u03b1 \u03c4\u03ad\u03c3\u03c3\u03b5\u03c1\u03b1 \u03c7\u03c1\u03cc\u03bd\u03b9\u03b1 \u03c9\u03c2 \u03c0\u03c1\u03cc\u03b5\u03b4\u03c1\u03bf\u03c2 \u03c4\u03b7\u03c2 \u03c0\u03b5\u03c1\u03b9\u03c6\u03ad\u03c1\u03b5\u03b9\u03b1\u03c2 \u03ae\u03c4\u03b1\u03bd \u03bc\u03b9\u03b1 \u03ba\u03b1\u03bb\u03ae \u03ba\u03b1\u03b9 \u03b5\u03c0\u03b9\u03c4\u03c5\u03c7\u03b7\u03bc\u03ad\u03bd\u03b7 \u03c0\u03b5\u03c1\u03af\u03bf\u03b4\u03bf\u03c2. \u039f \u03b1\u03c1\u03b9\u03b8\u03bc\u03cc\u03c2 \u03c4\u03c9\u03bd \u03bc\u03b5\u03bb\u03ce\u03bd \u03ad\u03c7\u03b5\u03b9 \u03b1\u03c5\u03be\u03b7\u03b8\u03b5\u03af. \u039f\u03b9 \u03a0\u03c1\u03ac\u03c3\u03b9\u03bd\u03bf\u03b9 \u03b5\u03af\u03bd\u03b1\u03b9 \u03b7 \u03b4\u03b5\u03cd\u03c4\u03b5\u03c1\u03b7 \u03c0\u03b9\u03bf \u03b9\u03c3\u03c7\u03c5\u03c1\u03ae \u03b4\u03cd\u03bd\u03b1\u03bc\u03b7 \u03c3\u03c4\u03bf \u03ba\u03bf\u03b9\u03bd\u03bf\u03b2\u03bf\u03cd\u03bb\u03b9\u03bf \u03c4\u03b7\u03c2 \u03c0\u03cc\u03bb\u03b7\u03c2. \u0395\u03af\u03bc\u03b1\u03c3\u03c4\u03b5 \u03bf \u0394\u03ae\u03bc\u03b1\u03c1\u03c7\u03bf\u03c2 \u03b3\u03b9\u03b1 \u03c0\u03c1\u03ce\u03c4\u03b7 \u03c6\u03bf\u03c1\u03ac \u03ba\u03b1\u03b9 \u03c3\u03c5\u03bd\u03b5\u03c7\u03af\u03b6\u03bf\u03c5\u03bc\u03b5 \u03bd\u03b1 \u03b5\u03ba\u03c0\u03c1\u03bf\u03c3\u03c9\u03c0\u03bf\u03cd\u03bc\u03b5 \u03c4\u03bf \u03a4\u03bc\u03ae\u03bc\u03b1 \u039a\u03b1\u03c4\u03b1\u03c3\u03ba\u03b5\u03c5\u03ce\u03bd \u03ba\u03b1\u03b9 \u039c\u03b5\u03c4\u03b1\u03c6\u03bf\u03c1\u03ce\u03bd. \u03a3\u03c4\u03bf \u03ba\u03bf\u03b9\u03bd\u03bf\u03b2\u03bf\u03cd\u03bb\u03b9\u03bf \u03c4\u03bf\u03c5 \u03ba\u03c1\u03b1\u03c4\u03b9\u03b4\u03af\u03bf\u03c5 \u03c4\u03b7\u03c2 \u0388\u03c3\u03c3\u03b7\u03c2, \u03c4\u03bf \u0392\u03b9\u03c3\u03bc\u03c0\u03ac\u03bd\u03c4\u03b5\u03bd \u03b5\u03ba\u03c0\u03c1\u03bf\u03c3\u03c9\u03c0\u03b5\u03af\u03c4\u03b1\u03b9 \u03b1\u03c0\u03cc \u03b4\u03cd\u03bf \u03a0\u03c1\u03ac\u03c3\u03b9\u03bd\u03bf\u03c5\u03c2 \u03b2\u03bf\u03c5\u03bb\u03b5\u03c5\u03c4\u03ad\u03c2, \u03c4\u03b7 \u039b\u03ac\u03c1\u03b1 \u039a\u03bb\u03ac\u03b5\u03c2 \u03ba\u03b1\u03b9 \u03b5\u03bc\u03ad\u03bd\u03b1. \u039f\u03b9 \u03c4\u03b5\u03bb\u03b5\u03c5\u03c4\u03b1\u03af\u03b5\u03c2 \u03c0\u03bf\u03bb\u03b9\u03c4\u03b5\u03b9\u03b1\u03ba\u03ad\u03c2 \u03b5\u03ba\u03bb\u03bf\u03b3\u03ad\u03c2 \u03b5\u03af\u03c7\u03b1\u03bd \u03c9\u03c2 \u03b1\u03c0\u03bf\u03c4\u03ad\u03bb\u03b5\u03c3\u03bc\u03b1 \u03c4\u03b7\u03bd \u03b1\u03bb\u03bb\u03b1\u03b3\u03ae \u03b1\u03c0\u03cc \u03ba\u03c5\u03b2\u03ad\u03c1\u03bd\u03b7\u03c3\u03b7 \u03c3\u03b5 \u03b1\u03bd\u03c4\u03b9\u03c0\u03bf\u03bb\u03af\u03c4\u03b5\u03c5\u03c3\u03b7 \u03b3\u03b9\u03b1 \u03b5\u03bc\u03ac\u03c2. \u0391\u03c5\u03c4\u03cc \u03c6\u03ad\u03c1\u03bd\u03b5\u03b9 \u03bd\u03ad\u03b1 \u03ba\u03b1\u03b8\u03ae\u03ba\u03bf\u03bd\u03c4\u03b1 \u03ba\u03b1\u03b9 \u03c0\u03c1\u03bf\u03ba\u03bb\u03ae\u03c3\u03b5\u03b9\u03c2 \u03b3\u03b9\u03b1 \u03c4\u03bf\u03c5\u03c2 \u03a0\u03c1\u03ac\u03c3\u03b9\u03bd\u03bf\u03c5\u03c2 \u03c3\u03c4\u03bf \u03ba\u03c1\u03b1\u03c4\u03b9\u03ba\u03cc \u03ba\u03bf\u03b9\u03bd\u03bf\u03b2\u03bf\u03cd\u03bb\u03b9\u03bf. \u03a9\u03c2 \u03c0\u03c1\u03cc\u03b5\u03b4\u03c1\u03bf\u03c2 \u03c4\u03b7\u03c2 \u03bf\u03bc\u03ac\u03b4\u03b1\u03c2 \u03c4\u03bf\u03c5\u03c2, \u03b8\u03b1 \u03ae\u03b8\u03b5\u03bb\u03b1 \u03bd\u03b1 \u03b5\u03c0\u03b9\u03ba\u03b5\u03bd\u03c4\u03c1\u03c9\u03b8\u03ce \u03c3\u03b5 \u03b1\u03c5\u03c4\u03cc \u03c3\u03c4\u03bf \u03b5\u03b3\u03b3\u03cd\u03c2 \u03bc\u03ad\u03bb\u03bb\u03bf\u03bd \u03ba\u03b1\u03b9, \u03c9\u03c2 \u03b5\u03ba \u03c4\u03bf\u03cd\u03c4\u03bf\u03c5, \u03b4\u03b5\u03bd \u03b5\u03af\u03bc\u03b1\u03b9 \u03c0\u03bb\u03ad\u03bf\u03bd \u03c0\u03c1\u03cc\u03b5\u03b4\u03c1\u03bf\u03c2 \u03c4\u03b7\u03c2 \u03c0\u03b5\u03c1\u03b9\u03c6\u03ad\u03c1\u03b5\u03b9\u03b1\u03c2\u00bb, \u03b5\u03be\u03b7\u03b3\u03b5\u03af \u03bf Wagner \u03c4\u03b7\u03bd \u03b1\u03c0\u03cc\u03c6\u03b1\u03c3\u03ae \u03c4\u03bf\u03c5.<\/p>\n<p>\u00ab\u03a4\u03b1 \u03c4\u03b5\u03bb\u03b5\u03c5\u03c4\u03b1\u03af\u03b1 \u03ad\u03be\u03b9 \u03c7\u03c1\u03cc\u03bd\u03b9\u03b1, \u03c9\u03c2 \u03c0\u03c1\u03cc\u03b5\u03b4\u03c1\u03bf\u03c2 \u03c4\u03b7\u03c2 \u03c0\u03b5\u03c1\u03b9\u03c6\u03ad\u03c1\u03b5\u03b9\u03b1\u03c2, \u03b1\u03bd\u03ad\u03ba\u03b1\u03b8\u03b5\u03bd \u03bc\u03b5 \u03b5\u03bd\u03b4\u03b9\u03ad\u03c6\u03b5\u03c1\u03b5 \u03bd\u03b1 \u03b7\u03b3\u03b7\u03b8\u03ce \u03c4\u03b7\u03c2 \u03c0\u03b5\u03c1\u03b9\u03c6\u03b5\u03c1\u03b5\u03b9\u03b1\u03ba\u03ae\u03c2 \u03ad\u03bd\u03c9\u03c3\u03b7\u03c2 \u03b5\u03c3\u03c9\u03c4\u03b5\u03c1\u03b9\u03ba\u03ac \u03ba\u03b1\u03b9 \u03b5\u03be\u03c9\u03c4\u03b5\u03c1\u03b9\u03ba\u03ac \u03bc\u03b5 \u03c0\u03bf\u03bb\u03b9\u03c4\u03b9\u03ba\u03ae \u03c3\u03b1\u03c6\u03ae\u03bd\u03b5\u03b9\u03b1 \u03ba\u03b1\u03b9 \u03b1\u03bd\u03c5\u03c0\u03bf\u03bc\u03bf\u03bd\u03b7\u03c3\u03af\u03b1, \u03ba\u03b1\u03b8\u03ce\u03c2 \u03ba\u03b1\u03b9 \u03bc\u03b5 \u03c0\u03c1\u03bf\u03c3\u03c9\u03c0\u03b9\u03ba\u03ae \u03b4\u03ad\u03c3\u03bc\u03b5\u03c5\u03c3\u03b7 \u03ba\u03b1\u03b9 \u03b1\u03bb\u03bb\u03b7\u03bb\u03b5\u03b3\u03b3\u03cd\u03b7. \u03a7\u03b1\u03af\u03c1\u03bf\u03bc\u03b1\u03b9 \u03c0\u03bf\u03c5 \u03c4\u03b1 \u03c4\u03b5\u03bb\u03b5\u03c5\u03c4\u03b1\u03af\u03b1 \u03c7\u03c1\u03cc\u03bd\u03b9\u03b1 \u03bc\u03c0\u03cc\u03c1\u03b5\u03c3\u03b1 \u03bd\u03b1 \u03c3\u03c5\u03bc\u03b2\u03ac\u03bb\u03c9 \u03c3\u03c4\u03b9\u03c2 \u03b5\u03c0\u03b9\u03c4\u03c5\u03c7\u03af\u03b5\u03c2 \u03c4\u03bf\u03c5 \u03ba\u03cc\u03bc\u03bc\u03b1\u03c4\u03cc\u03c2 \u03bc\u03b1\u03c2 \u03ba\u03b1\u03b9 \u03c3\u03c4\u03b7\u03bd \u03ad\u03bd\u03c4\u03b1\u03be\u03ae \u03bc\u03b1\u03c2 \u03c3\u03c4\u03b7\u03bd \u03b1\u03c3\u03c4\u03b9\u03ba\u03ae \u03ba\u03bf\u03b9\u03bd\u03c9\u03bd\u03af\u03b1. \u03a9\u03c3\u03c4\u03cc\u03c3\u03bf, \u03b7 \u03ba\u03bf\u03bc\u03bc\u03b1\u03c4\u03b9\u03ba\u03ae \u03c0\u03c1\u03bf\u03b5\u03b4\u03c1\u03af\u03b1, \u03cc\u03c0\u03c9\u03c2 \u03c3\u03c7\u03b5\u03b4\u03cc\u03bd \u03cc\u03bb\u03b1 \u03c4\u03b1 \u03c0\u03bf\u03bb\u03b9\u03c4\u03b9\u03ba\u03ac \u03b1\u03be\u03b9\u03ce\u03bc\u03b1\u03c4\u03b1 \u03ba\u03b1\u03b9 \u03bf\u03b9 \u03bb\u03b5\u03b9\u03c4\u03bf\u03c5\u03c1\u03b3\u03af\u03b5\u03c2 \u03c3\u03b5 \u03b4\u03b7\u03bc\u03bf\u03c4\u03b9\u03ba\u03cc \u03b5\u03c0\u03af\u03c0\u03b5\u03b4\u03bf, \u03b5\u03af\u03bd\u03b1\u03b9 \u03bc\u03b9\u03b1 \u03c0\u03bf\u03bb\u03cd \u03c7\u03c1\u03bf\u03bd\u03bf\u03b2\u03cc\u03c1\u03b1 \u03c4\u03b9\u03bc\u03b7\u03c4\u03b9\u03ba\u03ae \u03b8\u03ad\u03c3\u03b7. \u03a4\u03bf \u03b5\u03c0\u03ac\u03b3\u03b3\u03b5\u03bb\u03bc\u03ac \u03bc\u03bf\u03c5 \u03c3\u03ae\u03bc\u03b5\u03c1\u03b1 \u03b1\u03c0\u03b1\u03b9\u03c4\u03b5\u03af \u03c0\u03bf\u03bb\u03cd \u03bc\u03b5\u03b3\u03b1\u03bb\u03cd\u03c4\u03b5\u03c1\u03b7 \u03b4\u03ad\u03c3\u03bc\u03b5\u03c5\u03c3\u03b7 \u03c7\u03c1\u03cc\u03bd\u03bf\u03c5 \u03b1\u03c0\u03cc \u03cc,\u03c4\u03b9 \u03c3\u03c4\u03bf \u03c0\u03b1\u03c1\u03b5\u03bb\u03b8\u03cc\u03bd, \u03c3\u03c4\u03b7\u03bd \u03bf\u03c0\u03bf\u03af\u03b1 \u03b8\u03b1 \u03ae\u03b8\u03b5\u03bb\u03b1 \u03bd\u03b1 \u03b1\u03c6\u03b9\u03b5\u03c1\u03ce\u03c3\u03c9 \u03c0\u03b5\u03c1\u03b9\u03c3\u03c3\u03cc\u03c4\u03b5\u03c1\u03bf \u03c7\u03c1\u03cc\u03bd\u03bf. \u038c\u03c0\u03c9\u03c2 \u03ba\u03b1\u03b9 \u03bf Mathias Wagner, \u03ba\u03bf\u03b9\u03c4\u03ac\u03b6\u03c9 \u03c0\u03af\u03c3\u03c9 \u03bc\u03b5 \u03b5\u03c5\u03b3\u03bd\u03c9\u03bc\u03bf\u03c3\u03cd\u03bd\u03b7 \u03c4\u03b9\u03c2 \u03b5\u03c0\u03b1\u03c6\u03ad\u03c2 \u03ba\u03b1\u03b9 \u03c4\u03b9\u03c2 \u03b5\u03bc\u03c0\u03b5\u03b9\u03c1\u03af\u03b5\u03c2 \u03c4\u03c9\u03bd \u03c4\u03b5\u03bb\u03b5\u03c5\u03c4\u03b1\u03af\u03c9\u03bd \u03b5\u03c4\u03ce\u03bd \u03ba\u03b1\u03b9 \u03b5\u03c5\u03c7\u03cc\u03bc\u03b1\u03c3\u03c4\u03b5 \u03c3\u03c4\u03bf\u03c5\u03c2 \u03bd\u03ad\u03bf\u03c5\u03c2 \u03c0\u03c1\u03bf\u03ad\u03b4\u03c1\u03bf\u03c5\u03c2 \u03c4\u03c9\u03bd \u03c0\u03b5\u03c1\u03b9\u03c6\u03b5\u03c1\u03b5\u03b9\u03ce\u03bd \u03ba\u03b1\u03bb\u03ae \u03b5\u03c0\u03b9\u03c4\u03c5\u03c7\u03af\u03b1\u00bb, \u03c0\u03c1\u03bf\u03c3\u03b8\u03ad\u03c4\u03b5\u03b9 \u03b7 Uta Brehm.<\/p>\n<\/div><\/div><\/div><\/div><\/div><\/div><\/section>","protected":false},"excerpt":{"rendered":"\u039f\u03b9 \u03a0\u03c1\u03ac\u03c3\u03b9\u03bd\u03bf\u03b9 \u03b5\u03ba\u03bb\u03ad\u03b3\u03bf\u03c5\u03bd \u03c4\u03b7\u03bd \u039a\u03b1\u03c4\u03b5\u03c1\u03af\u03bd\u03b1 \u0393\u03ba\u03b1\u03c1\u03c3\u03af\u03b1 \u03c9\u03c2 \u03ac\u03bc\u03b5\u03c3\u03b7 \u03c5\u03c0\u03bf\u03c8\u03ae\u03c6\u03b9\u03b1 \u03b3\u03b9\u03b1 \u03c4\u03b9\u03c2 \u03bf\u03bc\u03bf\u03c3\u03c0\u03bf\u03bd\u03b4\u03b9\u03b1\u03ba\u03ad\u03c2 \u03b5\u03ba\u03bb\u03bf\u03b3\u03ad\u03c2 \u03ba\u03b1\u03b9 \u03ad\u03bd\u03b1 \u03bd\u03ad\u03bf \u0394\u03b9\u03bf\u03b9\u03ba\u03b7\u03c4\u03b9\u03ba\u03cc \u03a3\u03c5\u03bc\u03b2\u03bf\u03cd\u03bb\u03b9\u03bf \u03a3\u03c5\u03bc\u03bc\u03b1\u03c7\u03af\u03b1\u03c2 90\/\u039f\u03b9 \u03a0\u03c1\u03ac\u03c3\u03b9\u03bd\u03bf\u03b9 \u03b5\u03be\u03ad\u03bb\u03b5\u03be\u03b1\u03bd \u03c4\u03b7\u03bd \u03ac\u03bc\u03b5\u03c3\u03b7 \u03c5\u03c0\u03bf\u03c8\u03ae\u03c6\u03b9\u03ac \u03c4\u03b7\u03c2 \u03b3\u03b9\u03b1 \u03c4\u03b9\u03c2 \u03c0\u03c1\u03cc\u03c9\u03c1\u03b5\u03c2 \u03bf\u03bc\u03bf\u03c3\u03c0\u03bf\u03bd\u03b4\u03b9\u03b1\u03ba\u03ad\u03c2 \u03b5\u03ba\u03bb\u03bf\u03b3\u03ad\u03c2 \u03c4\u03bf\u03bd \u03a6\u03b5\u03b2\u03c1\u03bf\u03c5\u03ac\u03c1\u03b9\u03bf, \u03ba\u03b1\u03b8\u03ce\u03c2 \u03ba\u03b1\u03b9 \u03ad\u03bd\u03b1 \u03bd\u03ad\u03bf \u03c0\u03b5\u03c1\u03b9\u03c6\u03b5\u03c1\u03b5\u03b9\u03b1\u03ba\u03cc \u03c3\u03c5\u03bc\u03b2\u03bf\u03cd\u03bb\u03b9\u03bf, \u03c3\u03c4\u03b7 \u03b3\u03b5\u03bd\u03b9\u03ba\u03ae \u03c4\u03bf\u03c5\u03c2 \u03c3\u03c5\u03bd\u03ad\u03bb\u03b5\u03c5\u03c3\u03b7 \u03c4\u03bf \u03b2\u03c1\u03ac\u03b4\u03c5 \u03c4\u03b7\u03c2 20.11.2024. \u0397 \u039a\u03b1\u03c4\u03b5\u03c1\u03af\u03bd\u03b1 \u0393\u03ba\u03b1\u03c1\u03c3\u03af\u03b1 \u03b5\u03af\u03bd\u03b1\u03b9 \u03c5\u03c0\u03bf\u03c8\u03ae\u03c6\u03b9\u03b1 \u03b3\u03b9\u03b1 \u03c4\u03bf Wiesbadner Direktmandat \u03ba\u03b1\u03b9 \u03b5\u03be\u03b5\u03bb\u03ad\u03b3\u03b7 \u03c9\u03c2 \u03ac\u03bc\u03b5\u03c3\u03b7 \u03c5\u03c0\u03bf\u03c8\u03ae\u03c6\u03b9\u03b1 \u03b3\u03b9\u03b1 \u03c4\u03b9\u03c2 \u03bf\u03bc\u03bf\u03c3\u03c0\u03bf\u03bd\u03b4\u03b9\u03b1\u03ba\u03ad\u03c2 \u03b5\u03ba\u03bb\u03bf\u03b3\u03ad\u03c2. \u039a\u03ac\u03b8\u03b9\u03c3\u03b5 \u03ba\u03ac\u03c4\u03c9...","protected":false},"author":1,"featured_media":931,"comment_status":"closed","ping_status":"closed","sticky":false,"template":"","format":"standard","meta":{"footnotes":""},"categories":[5],"tags":[],"class_list":["post-702","post","type-post","status-publish","format-standard","has-post-thumbnail","hentry","category-wahlen"],"yoast_head":"<!-- This site is optimized with the Yoast SEO plugin v27.5 - https:\/\/yoast.com\/product\/yoast-seo-wordpress\/ -->\n<title>GR\u00dcNE w\u00e4hlen Katerina Garcia als Direktkandidatin zur Bundestagswahl und einen neuen Vorstand - B\u00dcNDNIS 90\/DIE GR\u00dcNEN Wiesbaden<\/title>\n<meta name=\"robots\" content=\"index, follow, max-snippet:-1, max-image-preview:large, max-video-preview:-1\" \/>\n<link rel=\"canonical\" href=\"https:\/\/gruene-wiesbaden.de\/el\/katerinagarcia_neuervorstand\/\" \/>\n<meta property=\"og:locale\" content=\"el_GR\" \/>\n<meta property=\"og:type\" content=\"article\" \/>\n<meta property=\"og:title\" content=\"GR\u00dcNE w\u00e4hlen Katerina Garcia als Direktkandidatin zur Bundestagswahl und einen neuen Vorstand - B\u00dcNDNIS 90\/DIE GR\u00dcNEN Wiesbaden\" \/>\n<meta property=\"og:url\" content=\"https:\/\/gruene-wiesbaden.de\/el\/katerinagarcia_neuervorstand\/\" \/>\n<meta property=\"og:site_name\" content=\"B\u00dcNDNIS 90\/DIE GR\u00dcNEN Wiesbaden\" \/>\n<meta property=\"article:publisher\" content=\"https:\/\/www.facebook.com\/gruene.wi\" \/>\n<meta property=\"article:published_time\" content=\"2024-11-21T12:00:26+00:00\" \/>\n<meta property=\"article:modified_time\" content=\"2025-06-16T21:04:30+00:00\" \/>\n<meta property=\"og:image\" content=\"https:\/\/gruene-wiesbaden.de\/wp-content\/uploads\/2025\/03\/Bildschirmfoto-2025-06-16-um-23.03.22-600x400.png\" \/>\n\t<meta property=\"og:image:width\" content=\"600\" \/>\n\t<meta property=\"og:image:height\" content=\"400\" \/>\n\t<meta property=\"og:image:type\" content=\"image\/png\" \/>\n<meta name=\"author\" content=\"admin\" \/>\n<meta name=\"twitter:card\" content=\"summary_large_image\" \/>\n<meta name=\"twitter:label1\" content=\"\u03a3\u03c5\u03bd\u03c4\u03ac\u03c7\u03b8\u03b7\u03ba\u03b5 \u03b1\u03c0\u03cc\" \/>\n\t<meta name=\"twitter:data1\" content=\"admin\" \/>\n\t<meta name=\"twitter:label2\" content=\"\u0395\u03ba\u03c4\u03b9\u03bc\u03ce\u03bc\u03b5\u03bd\u03bf\u03c2 \u03c7\u03c1\u03cc\u03bd\u03bf\u03c2 \u03b1\u03bd\u03ac\u03b3\u03bd\u03c9\u03c3\u03b7\u03c2\" \/>\n\t<meta name=\"twitter:data2\" content=\"4 minutes\" \/>\n<script type=\"application\/ld+json\" class=\"yoast-schema-graph\">{\"@context\":\"https:\\\/\\\/schema.org\",\"@graph\":[{\"@type\":\"Article\",\"@id\":\"https:\\\/\\\/gruene-wiesbaden.de\\\/katerinagarcia_neuervorstand\\\/#article\",\"isPartOf\":{\"@id\":\"https:\\\/\\\/gruene-wiesbaden.de\\\/katerinagarcia_neuervorstand\\\/\"},\"author\":{\"name\":\"admin\",\"@id\":\"https:\\\/\\\/gruene-wiesbaden.de\\\/#\\\/schema\\\/person\\\/6785c34779159cd4fd86886bb097afe9\"},\"headline\":\"GR\u00dcNE w\u00e4hlen Katerina Garcia als Direktkandidatin zur Bundestagswahl und einen neuen Vorstand\",\"datePublished\":\"2024-11-21T12:00:26+00:00\",\"dateModified\":\"2025-06-16T21:04:30+00:00\",\"mainEntityOfPage\":{\"@id\":\"https:\\\/\\\/gruene-wiesbaden.de\\\/katerinagarcia_neuervorstand\\\/\"},\"wordCount\":679,\"publisher\":{\"@id\":\"https:\\\/\\\/gruene-wiesbaden.de\\\/#organization\"},\"image\":{\"@id\":\"https:\\\/\\\/gruene-wiesbaden.de\\\/katerinagarcia_neuervorstand\\\/#primaryimage\"},\"thumbnailUrl\":\"https:\\\/\\\/gruene-wiesbaden.de\\\/wp-content\\\/uploads\\\/2025\\\/03\\\/Bildschirmfoto-2025-06-16-um-23.03.22.png\",\"articleSection\":[\"Wahlen\"],\"inLanguage\":\"el\"},{\"@type\":\"WebPage\",\"@id\":\"https:\\\/\\\/gruene-wiesbaden.de\\\/katerinagarcia_neuervorstand\\\/\",\"url\":\"https:\\\/\\\/gruene-wiesbaden.de\\\/katerinagarcia_neuervorstand\\\/\",\"name\":\"GR\u00dcNE w\u00e4hlen Katerina Garcia als Direktkandidatin zur Bundestagswahl und einen neuen Vorstand - B\u00dcNDNIS 90\\\/DIE GR\u00dcNEN Wiesbaden\",\"isPartOf\":{\"@id\":\"https:\\\/\\\/gruene-wiesbaden.de\\\/#website\"},\"primaryImageOfPage\":{\"@id\":\"https:\\\/\\\/gruene-wiesbaden.de\\\/katerinagarcia_neuervorstand\\\/#primaryimage\"},\"image\":{\"@id\":\"https:\\\/\\\/gruene-wiesbaden.de\\\/katerinagarcia_neuervorstand\\\/#primaryimage\"},\"thumbnailUrl\":\"https:\\\/\\\/gruene-wiesbaden.de\\\/wp-content\\\/uploads\\\/2025\\\/03\\\/Bildschirmfoto-2025-06-16-um-23.03.22.png\",\"datePublished\":\"2024-11-21T12:00:26+00:00\",\"dateModified\":\"2025-06-16T21:04:30+00:00\",\"breadcrumb\":{\"@id\":\"https:\\\/\\\/gruene-wiesbaden.de\\\/katerinagarcia_neuervorstand\\\/#breadcrumb\"},\"inLanguage\":\"el\",\"potentialAction\":[{\"@type\":\"ReadAction\",\"target\":[\"https:\\\/\\\/gruene-wiesbaden.de\\\/katerinagarcia_neuervorstand\\\/\"]}]},{\"@type\":\"ImageObject\",\"inLanguage\":\"el\",\"@id\":\"https:\\\/\\\/gruene-wiesbaden.de\\\/katerinagarcia_neuervorstand\\\/#primaryimage\",\"url\":\"https:\\\/\\\/gruene-wiesbaden.de\\\/wp-content\\\/uploads\\\/2025\\\/03\\\/Bildschirmfoto-2025-06-16-um-23.03.22.png\",\"contentUrl\":\"https:\\\/\\\/gruene-wiesbaden.de\\\/wp-content\\\/uploads\\\/2025\\\/03\\\/Bildschirmfoto-2025-06-16-um-23.03.22.png\",\"width\":1762,\"height\":1174},{\"@type\":\"BreadcrumbList\",\"@id\":\"https:\\\/\\\/gruene-wiesbaden.de\\\/katerinagarcia_neuervorstand\\\/#breadcrumb\",\"itemListElement\":[{\"@type\":\"ListItem\",\"position\":1,\"name\":\"Startseite\",\"item\":\"https:\\\/\\\/gruene-wiesbaden.de\\\/\"},{\"@type\":\"ListItem\",\"position\":2,\"name\":\"GR\u00dcNE w\u00e4hlen Katerina Garcia als Direktkandidatin zur Bundestagswahl und einen neuen Vorstand\"}]},{\"@type\":\"WebSite\",\"@id\":\"https:\\\/\\\/gruene-wiesbaden.de\\\/#website\",\"url\":\"https:\\\/\\\/gruene-wiesbaden.de\\\/\",\"name\":\"DIE GR\u00dcNEN Wiesbaden\",\"description\":\"\",\"publisher\":{\"@id\":\"https:\\\/\\\/gruene-wiesbaden.de\\\/#organization\"},\"potentialAction\":[{\"@type\":\"SearchAction\",\"target\":{\"@type\":\"EntryPoint\",\"urlTemplate\":\"https:\\\/\\\/gruene-wiesbaden.de\\\/?s={search_term_string}\"},\"query-input\":{\"@type\":\"PropertyValueSpecification\",\"valueRequired\":true,\"valueName\":\"search_term_string\"}}],\"inLanguage\":\"el\"},{\"@type\":\"Organization\",\"@id\":\"https:\\\/\\\/gruene-wiesbaden.de\\\/#organization\",\"name\":\"DIE GR\u00dcNEN Wiesbaden\",\"url\":\"https:\\\/\\\/gruene-wiesbaden.de\\\/\",\"logo\":{\"@type\":\"ImageObject\",\"inLanguage\":\"el\",\"@id\":\"https:\\\/\\\/gruene-wiesbaden.de\\\/#\\\/schema\\\/logo\\\/image\\\/\",\"url\":\"https:\\\/\\\/gruene-wiesbaden-fuer-europa.de\\\/wp-content\\\/uploads\\\/2024\\\/04\\\/Machen-was-zaehlt-5.png\",\"contentUrl\":\"https:\\\/\\\/gruene-wiesbaden-fuer-europa.de\\\/wp-content\\\/uploads\\\/2024\\\/04\\\/Machen-was-zaehlt-5.png\",\"width\":1772,\"height\":1772,\"caption\":\"DIE GR\u00dcNEN Wiesbaden\"},\"image\":{\"@id\":\"https:\\\/\\\/gruene-wiesbaden.de\\\/#\\\/schema\\\/logo\\\/image\\\/\"},\"sameAs\":[\"https:\\\/\\\/www.facebook.com\\\/gruene.wi\",\"https:\\\/\\\/instagram.com\\\/gruene_wi\"]},{\"@type\":\"Person\",\"@id\":\"https:\\\/\\\/gruene-wiesbaden.de\\\/#\\\/schema\\\/person\\\/6785c34779159cd4fd86886bb097afe9\",\"name\":\"admin\",\"sameAs\":[\"http:\\\/\\\/gruene-wiesbaden-fuer-europa.de\"],\"url\":\"https:\\\/\\\/gruene-wiesbaden.de\\\/el\\\/author\\\/admin\\\/\"}]}<\/script>\n<!-- \/ Yoast SEO plugin. -->","yoast_head_json":{"title":"GR\u00dcNE w\u00e4hlen Katerina Garcia als Direktkandidatin zur Bundestagswahl und einen neuen Vorstand - B\u00dcNDNIS 90\/DIE GR\u00dcNEN Wiesbaden","robots":{"index":"index","follow":"follow","max-snippet":"max-snippet:-1","max-image-preview":"max-image-preview:large","max-video-preview":"max-video-preview:-1"},"canonical":"https:\/\/gruene-wiesbaden.de\/el\/katerinagarcia_neuervorstand\/","og_locale":"el_GR","og_type":"article","og_title":"GR\u00dcNE w\u00e4hlen Katerina Garcia als Direktkandidatin zur Bundestagswahl und einen neuen Vorstand - B\u00dcNDNIS 90\/DIE GR\u00dcNEN Wiesbaden","og_url":"https:\/\/gruene-wiesbaden.de\/el\/katerinagarcia_neuervorstand\/","og_site_name":"B\u00dcNDNIS 90\/DIE GR\u00dcNEN Wiesbaden","article_publisher":"https:\/\/www.facebook.com\/gruene.wi","article_published_time":"2024-11-21T12:00:26+00:00","article_modified_time":"2025-06-16T21:04:30+00:00","og_image":[{"width":600,"height":400,"url":"https:\/\/gruene-wiesbaden.de\/wp-content\/uploads\/2025\/03\/Bildschirmfoto-2025-06-16-um-23.03.22-600x400.png","type":"image\/png"}],"author":"admin","twitter_card":"summary_large_image","twitter_misc":{"\u03a3\u03c5\u03bd\u03c4\u03ac\u03c7\u03b8\u03b7\u03ba\u03b5 \u03b1\u03c0\u03cc":"admin","\u0395\u03ba\u03c4\u03b9\u03bc\u03ce\u03bc\u03b5\u03bd\u03bf\u03c2 \u03c7\u03c1\u03cc\u03bd\u03bf\u03c2 \u03b1\u03bd\u03ac\u03b3\u03bd\u03c9\u03c3\u03b7\u03c2":"4 minutes"},"schema":{"@context":"https:\/\/schema.org","@graph":[{"@type":"Article","@id":"https:\/\/gruene-wiesbaden.de\/katerinagarcia_neuervorstand\/#article","isPartOf":{"@id":"https:\/\/gruene-wiesbaden.de\/katerinagarcia_neuervorstand\/"},"author":{"name":"admin","@id":"https:\/\/gruene-wiesbaden.de\/#\/schema\/person\/6785c34779159cd4fd86886bb097afe9"},"headline":"GR\u00dcNE w\u00e4hlen Katerina Garcia als Direktkandidatin zur Bundestagswahl und einen neuen Vorstand","datePublished":"2024-11-21T12:00:26+00:00","dateModified":"2025-06-16T21:04:30+00:00","mainEntityOfPage":{"@id":"https:\/\/gruene-wiesbaden.de\/katerinagarcia_neuervorstand\/"},"wordCount":679,"publisher":{"@id":"https:\/\/gruene-wiesbaden.de\/#organization"},"image":{"@id":"https:\/\/gruene-wiesbaden.de\/katerinagarcia_neuervorstand\/#primaryimage"},"thumbnailUrl":"https:\/\/gruene-wiesbaden.de\/wp-content\/uploads\/2025\/03\/Bildschirmfoto-2025-06-16-um-23.03.22.png","articleSection":["Wahlen"],"inLanguage":"el"},{"@type":"WebPage","@id":"https:\/\/gruene-wiesbaden.de\/katerinagarcia_neuervorstand\/","url":"https:\/\/gruene-wiesbaden.de\/katerinagarcia_neuervorstand\/","name":"GR\u00dcNE w\u00e4hlen Katerina Garcia als Direktkandidatin zur Bundestagswahl und einen neuen Vorstand - B\u00dcNDNIS 90\/DIE GR\u00dcNEN Wiesbaden","isPartOf":{"@id":"https:\/\/gruene-wiesbaden.de\/#website"},"primaryImageOfPage":{"@id":"https:\/\/gruene-wiesbaden.de\/katerinagarcia_neuervorstand\/#primaryimage"},"image":{"@id":"https:\/\/gruene-wiesbaden.de\/katerinagarcia_neuervorstand\/#primaryimage"},"thumbnailUrl":"https:\/\/gruene-wiesbaden.de\/wp-content\/uploads\/2025\/03\/Bildschirmfoto-2025-06-16-um-23.03.22.png","datePublished":"2024-11-21T12:00:26+00:00","dateModified":"2025-06-16T21:04:30+00:00","breadcrumb":{"@id":"https:\/\/gruene-wiesbaden.de\/katerinagarcia_neuervorstand\/#breadcrumb"},"inLanguage":"el","potentialAction":[{"@type":"ReadAction","target":["https:\/\/gruene-wiesbaden.de\/katerinagarcia_neuervorstand\/"]}]},{"@type":"ImageObject","inLanguage":"el","@id":"https:\/\/gruene-wiesbaden.de\/katerinagarcia_neuervorstand\/#primaryimage","url":"https:\/\/gruene-wiesbaden.de\/wp-content\/uploads\/2025\/03\/Bildschirmfoto-2025-06-16-um-23.03.22.png","contentUrl":"https:\/\/gruene-wiesbaden.de\/wp-content\/uploads\/2025\/03\/Bildschirmfoto-2025-06-16-um-23.03.22.png","width":1762,"height":1174},{"@type":"BreadcrumbList","@id":"https:\/\/gruene-wiesbaden.de\/katerinagarcia_neuervorstand\/#breadcrumb","itemListElement":[{"@type":"ListItem","position":1,"name":"Startseite","item":"https:\/\/gruene-wiesbaden.de\/"},{"@type":"ListItem","position":2,"name":"GR\u00dcNE w\u00e4hlen Katerina Garcia als Direktkandidatin zur Bundestagswahl und einen neuen Vorstand"}]},{"@type":"WebSite","@id":"https:\/\/gruene-wiesbaden.de\/#website","url":"https:\/\/gruene-wiesbaden.de\/","name":"DIE GR\u00dcNEN Wiesbaden","description":"","publisher":{"@id":"https:\/\/gruene-wiesbaden.de\/#organization"},"potentialAction":[{"@type":"SearchAction","target":{"@type":"EntryPoint","urlTemplate":"https:\/\/gruene-wiesbaden.de\/?s={search_term_string}"},"query-input":{"@type":"PropertyValueSpecification","valueRequired":true,"valueName":"search_term_string"}}],"inLanguage":"el"},{"@type":"Organization","@id":"https:\/\/gruene-wiesbaden.de\/#organization","name":"DIE GR\u00dcNEN Wiesbaden","url":"https:\/\/gruene-wiesbaden.de\/","logo":{"@type":"ImageObject","inLanguage":"el","@id":"https:\/\/gruene-wiesbaden.de\/#\/schema\/logo\/image\/","url":"https:\/\/gruene-wiesbaden-fuer-europa.de\/wp-content\/uploads\/2024\/04\/Machen-was-zaehlt-5.png","contentUrl":"https:\/\/gruene-wiesbaden-fuer-europa.de\/wp-content\/uploads\/2024\/04\/Machen-was-zaehlt-5.png","width":1772,"height":1772,"caption":"DIE GR\u00dcNEN Wiesbaden"},"image":{"@id":"https:\/\/gruene-wiesbaden.de\/#\/schema\/logo\/image\/"},"sameAs":["https:\/\/www.facebook.com\/gruene.wi","https:\/\/instagram.com\/gruene_wi"]},{"@type":"Person","@id":"https:\/\/gruene-wiesbaden.de\/#\/schema\/person\/6785c34779159cd4fd86886bb097afe9","name":"admin","sameAs":["http:\/\/gruene-wiesbaden-fuer-europa.de"],"url":"https:\/\/gruene-wiesbaden.de\/el\/author\/admin\/"}]}},"_links":{"self":[{"href":"https:\/\/gruene-wiesbaden.de\/el\/wp-json\/wp\/v2\/posts\/702","targetHints":{"allow":["GET"]}}],"collection":[{"href":"https:\/\/gruene-wiesbaden.de\/el\/wp-json\/wp\/v2\/posts"}],"about":[{"href":"https:\/\/gruene-wiesbaden.de\/el\/wp-json\/wp\/v2\/types\/post"}],"author":[{"embeddable":true,"href":"https:\/\/gruene-wiesbaden.de\/el\/wp-json\/wp\/v2\/users\/1"}],"replies":[{"embeddable":true,"href":"https:\/\/gruene-wiesbaden.de\/el\/wp-json\/wp\/v2\/comments?post=702"}],"version-history":[{"count":5,"href":"https:\/\/gruene-wiesbaden.de\/el\/wp-json\/wp\/v2\/posts\/702\/revisions"}],"predecessor-version":[{"id":932,"href":"https:\/\/gruene-wiesbaden.de\/el\/wp-json\/wp\/v2\/posts\/702\/revisions\/932"}],"wp:featuredmedia":[{"embeddable":true,"href":"https:\/\/gruene-wiesbaden.de\/el\/wp-json\/wp\/v2\/media\/931"}],"wp:attachment":[{"href":"https:\/\/gruene-wiesbaden.de\/el\/wp-json\/wp\/v2\/media?parent=702"}],"wp:term":[{"taxonomy":"category","embeddable":true,"href":"https:\/\/gruene-wiesbaden.de\/el\/wp-json\/wp\/v2\/categories?post=702"},{"taxonomy":"post_tag","embeddable":true,"href":"https:\/\/gruene-wiesbaden.de\/el\/wp-json\/wp\/v2\/tags?post=702"}],"curies":[{"name":"wp","href":"https:\/\/api.w.org\/{rel}","templated":true}]}}