{"id":884,"date":"2025-03-12T12:00:45","date_gmt":"2025-03-12T12:00:45","guid":{"rendered":"http:\/\/gruene-wiesbaden.de.w0207e8f.kasserver.com\/?p=884"},"modified":"2025-06-17T15:47:58","modified_gmt":"2025-06-17T15:47:58","slug":"ob-stichwahl2025","status":"publish","type":"post","link":"https:\/\/gruene-wiesbaden.de\/de\/ob-stichwahl2025\/","title":{"rendered":"B\u00dcNDNIS 90\/ DIE GR\u00dcNEN Wiesbaden rufen zur Beteiligung an der OB-Stichwahl auf und empfehlen den SPD-Kandidaten Gert-Uwe Mende"},"content":{"rendered":"<section class=\"l-section wpb_row height_medium\"><div class=\"l-section-h i-cf\"><div class=\"g-cols vc_row via_grid cols_1 laptops-cols_inherit tablets-cols_inherit mobiles-cols_1 valign_top type_default stacking_default\"><div class=\"wpb_column vc_column_container\"><div class=\"vc_column-inner\"><h3 class=\"w-post-elm post_title us_custom_ea76afbe entry-title color_link_inherit\">B\u00dcNDNIS 90\/ DIE GR\u00dcNEN Wiesbaden rufen zur Beteiligung an der OB-Stichwahl auf und empfehlen den SPD-Kandidaten Gert-Uwe Mende<\/h3><div class=\"w-post-elm post_image\"><img loading=\"lazy\" decoding=\"async\" width=\"600\" height=\"400\" src=\"https:\/\/gruene-wiesbaden.de\/wp-content\/uploads\/2025\/03\/OB-Wahl-Gesine-600x400.png\" class=\"attachment-large size-large wp-post-image\" alt=\"\" srcset=\"https:\/\/gruene-wiesbaden.de\/wp-content\/uploads\/2025\/03\/OB-Wahl-Gesine-600x400.png 600w, https:\/\/gruene-wiesbaden.de\/wp-content\/uploads\/2025\/03\/OB-Wahl-Gesine-400x267.png 400w, https:\/\/gruene-wiesbaden.de\/wp-content\/uploads\/2025\/03\/OB-Wahl-Gesine.png 1750w\" sizes=\"auto, (max-width: 600px) 100vw, 600px\" \/><\/div><div class=\"w-separator size_medium\"><\/div><div class=\"wpb_text_column\"><div class=\"wpb_wrapper\"><p><strong><span>Die Mitglieder des Kreisverbands Wiesbaden von B\u00dcNDNIS 90\/DIE GR\u00dcNEN haben auf ihrer Mitgliederversammlung am Dienstagabend die Ergebnisse der Bundes- und die Oberb\u00fcrgermeisterwahl analysiert, sich \u00fcber das F\u00fcr und Wider einer Wahlempfehlung der Stichwahl zur Oberb\u00fcrgermeisterwahl ausgetauscht und eine Entscheidung getroffen, eine Wahlempfehlung f\u00fcr Gert-Uwe Mende (SPD) auszusprechen.\u00a0<\/span><\/strong><\/p>\n<p><span>\u201cWir danken allen W\u00e4hlerinnen und W\u00e4hlern, die unserer gr\u00fcnen Kandidatin ihre Stimme bei der OB-Wahl gegeben haben. Ein besonderer Dank gilt Gesine Bonnet selbst, die mit gro\u00dfer Energie f\u00fcr eine progressive und \u00f6kologische Zukunft Wiesbadens geworben hat. Ihr Wahlkampf hat wichtige Impulse gesetzt, insbesondere f\u00fcr die Mobilit\u00e4tswende, den Klimaschutz sowie Kinder und Jugendliche\u201d, so die beiden Kreisvorsitzenden Rebecca Thomas und Daniel Schmitt.<\/span><\/p>\n<h4><span><strong>Wahlempfehlung f\u00fcr Gert-Uwe Mende (SPD) in der Stichwahl<\/strong><\/span><\/h4>\n<p><span>Die Gr\u00fcnen Wiesbaden arbeiten seit rund drei Jahren erfolgreich in einer <\/span><span><strong>Viererkooperation mit SPD, VOLT und DIE LINKE<\/strong><\/span><span> zusammen. &#8222;Wir haben mit Gert-Uwe Mende als OB in den letzten Jahren in der Rathauskooperation vertrauensvoll zusammengearbeitet und\u00a0 gemeinsam viele gr\u00fcne Projekte realisiert oder auf den Weg gebracht, beispielsweise neue Fu\u00dfg\u00e4ngerzonen, den Umbau des Els\u00e4sser Platzes zu einer Gr\u00fcnfl\u00e4che und die Aufwertung der Schwalbacher Stra\u00dfe. Wir haben mit ihm zusammen die Corona- und die Energiekrise gemeistert. Auch im Einsatz gegen Rechtsextremismus und f\u00fcr eine vielf\u00e4ltige Stadtgesellschaft sind wir vereint&#8220;, blickt Gesine Bonnet, die auch gr\u00fcne Fraktionsvorsitzende ist, zur\u00fcck. \u201cGleichzeitig gibt es Felder, auf denen noch mehr passieren muss. Dar\u00fcber haben wir uns am Dienstag mit Gert-Uwe Mende pers\u00f6nlich ausgetauscht. Er hat uns zugesichert, dass er im Falle seiner Wiederwahl wesentliche Zukunftsprojekte mit uns weiter voranbringen wird: Dazu z\u00e4hlen die Verkehrs- und W\u00e4rmewende, das Bauen im Bestand zur Minimierung des Fl\u00e4chenverbrauchs, das stadtverbundsweite Klimaschutzmanagement und das Projekt Verwaltungsmodernisierung\u201d, so Bonnet.<\/span><\/p>\n<p><span>F\u00fcr die GR\u00dcNEN war au\u00dferdem wichtig, dass Gert-Uwe Mende im Gegensatz zu seinem Mitbewerber den Aufsichtsrat von ESWE Verkehr belassen will, wie er ist. &#8222;Unser kommunales Busunternehmen ist wieder auf Kurs, die Rathauskooperation hat die Finanzierung aufgestockt, der Fahrplan wurde wieder ausgeweitet. Mit dem gerade beschlossenen Nahverkehrsplan und dem geplanten neuen Betriebshof gibt es eine starke Zukunftsperspektive. F\u00fcr die Mitarbeitenden und die Bus-Fahrg\u00e4ste ist es wichtig, dass jetzt mit Ruhe und Kontinuit\u00e4t weitergearbeitet werden kann &#8211; und das ist nur mit einem Oberb\u00fcrgermeister Mende gesichert&#8220;, so Bonnet.<\/span><\/p>\n<p><span>Die Mitglieder des Kreisverbands Wiesbaden<\/span><span><\/span><span>sehen in der Wiederwahl von <\/span><span><strong>Gert-Uwe Mende<\/strong><\/span><span> die beste M\u00f6glichkeit, gr\u00fcne Inhalte weiter voranzubringen. Die Mitgliederversammlung von B\u00dcNDNIS 90\/DIE GR\u00dcNEN Wiesbaden hat deshalb beschlossen, f\u00fcr die Stichwahl am <\/span><span><strong>30. M\u00e4rz<\/strong><\/span><span> eine Wahlempfehlung f\u00fcr <\/span><span><strong>Gert-Uwe Mende<\/strong><\/span><span> auszusprechen.<\/span><\/p>\n<h4><span><strong>Aufruf zur Wahlbeteiligung<\/strong><\/span><\/h4>\n<p><span>Am 30. M\u00e4rz 2025 kommt es nun zur Stichwahl in Wiesbaden, bei welcher Gert-Uwe Mende (SPD) und Thilo von Debschitz (gemeinsamer Kandidat von CDU und FDP) gegeneinander antreten. \u201cAuch wenn wir nicht mit einer gr\u00fcnen Kandidatin in die Stichwahl einziehen, ist es trotzdem wichtig, dass unsere W\u00e4hlerinnen und W\u00e4hler ihre Stimme in die Waagschale legen\u201d, sagt Rebecca Thomas. \u201cWir rufen unsere W\u00e4hlerinnen und W\u00e4hler daher auf, zur Stichwahl zu gehen und empfehlen, den OB-Kandidaten Gert-Uwe Mende (SPD) zu w\u00e4hlen\u201d, sagt Daniel Schmitt.<\/span><\/p>\n<\/div><\/div><\/div><\/div><\/div><\/div><\/section>\n","protected":false},"excerpt":{"rendered":"B\u00dcNDNIS 90\/ DIE GR\u00dcNEN Wiesbaden rufen zur Beteiligung an der OB-Stichwahl auf und empfehlen den SPD-Kandidaten Gert-Uwe MendeDie Mitglieder des Kreisverbands Wiesbaden von B\u00dcNDNIS 90\/DIE GR\u00dcNEN haben auf ihrer Mitgliederversammlung am Dienstagabend die Ergebnisse der Bundes- und die Oberb\u00fcrgermeisterwahl analysiert, sich \u00fcber das F\u00fcr und Wider einer Wahlempfehlung der Stichwahl zur Oberb\u00fcrgermeisterwahl ausgetauscht und eine...","protected":false},"author":1,"featured_media":911,"comment_status":"closed","ping_status":"closed","sticky":false,"template":"","format":"standard","meta":{"footnotes":""},"categories":[5],"tags":[],"class_list":["post-884","post","type-post","status-publish","format-standard","has-post-thumbnail","hentry","category-wahlen"],"yoast_head":"<!-- This site is optimized with the Yoast SEO plugin v27.5 - https:\/\/yoast.com\/product\/yoast-seo-wordpress\/ -->\n<title>B\u00dcNDNIS 90\/ DIE GR\u00dcNEN Wiesbaden rufen zur Beteiligung an der OB-Stichwahl auf und empfehlen den SPD-Kandidaten Gert-Uwe Mende - B\u00dcNDNIS 90\/DIE GR\u00dcNEN Wiesbaden<\/title>\n<meta name=\"robots\" content=\"index, follow, max-snippet:-1, max-image-preview:large, max-video-preview:-1\" \/>\n<link rel=\"canonical\" href=\"https:\/\/gruene-wiesbaden.de\/de\/ob-stichwahl2025\/\" \/>\n<meta property=\"og:locale\" content=\"de_DE\" \/>\n<meta property=\"og:type\" content=\"article\" \/>\n<meta property=\"og:title\" content=\"B\u00dcNDNIS 90\/ DIE GR\u00dcNEN Wiesbaden rufen zur Beteiligung an der OB-Stichwahl auf und empfehlen den SPD-Kandidaten Gert-Uwe Mende - B\u00dcNDNIS 90\/DIE GR\u00dcNEN Wiesbaden\" \/>\n<meta property=\"og:url\" content=\"https:\/\/gruene-wiesbaden.de\/de\/ob-stichwahl2025\/\" \/>\n<meta property=\"og:site_name\" content=\"B\u00dcNDNIS 90\/DIE GR\u00dcNEN Wiesbaden\" \/>\n<meta property=\"article:publisher\" content=\"https:\/\/www.facebook.com\/gruene.wi\" \/>\n<meta property=\"article:published_time\" content=\"2025-03-12T12:00:45+00:00\" \/>\n<meta property=\"article:modified_time\" content=\"2025-06-17T15:47:58+00:00\" \/>\n<meta property=\"og:image\" content=\"https:\/\/gruene-wiesbaden.de\/wp-content\/uploads\/2025\/03\/OB-Wahl-Gesine-600x400.png\" \/>\n\t<meta property=\"og:image:width\" content=\"600\" \/>\n\t<meta property=\"og:image:height\" content=\"400\" \/>\n\t<meta property=\"og:image:type\" content=\"image\/png\" \/>\n<meta name=\"author\" content=\"admin\" \/>\n<meta name=\"twitter:card\" content=\"summary_large_image\" \/>\n<meta name=\"twitter:label1\" content=\"Verfasst von\" \/>\n\t<meta name=\"twitter:data1\" content=\"admin\" \/>\n\t<meta name=\"twitter:label2\" content=\"Gesch\u00e4tzte Lesezeit\" \/>\n\t<meta name=\"twitter:data2\" content=\"3\u00a0Minuten\" \/>\n<script type=\"application\/ld+json\" class=\"yoast-schema-graph\">{\"@context\":\"https:\\\/\\\/schema.org\",\"@graph\":[{\"@type\":\"Article\",\"@id\":\"https:\\\/\\\/gruene-wiesbaden.de\\\/ob-stichwahl2025\\\/#article\",\"isPartOf\":{\"@id\":\"https:\\\/\\\/gruene-wiesbaden.de\\\/ob-stichwahl2025\\\/\"},\"author\":{\"name\":\"admin\",\"@id\":\"https:\\\/\\\/gruene-wiesbaden.de\\\/#\\\/schema\\\/person\\\/6785c34779159cd4fd86886bb097afe9\"},\"headline\":\"B\u00dcNDNIS 90\\\/ DIE GR\u00dcNEN Wiesbaden rufen zur Beteiligung an der OB-Stichwahl auf und empfehlen den SPD-Kandidaten Gert-Uwe Mende\",\"datePublished\":\"2025-03-12T12:00:45+00:00\",\"dateModified\":\"2025-06-17T15:47:58+00:00\",\"mainEntityOfPage\":{\"@id\":\"https:\\\/\\\/gruene-wiesbaden.de\\\/ob-stichwahl2025\\\/\"},\"wordCount\":590,\"publisher\":{\"@id\":\"https:\\\/\\\/gruene-wiesbaden.de\\\/#organization\"},\"image\":{\"@id\":\"https:\\\/\\\/gruene-wiesbaden.de\\\/ob-stichwahl2025\\\/#primaryimage\"},\"thumbnailUrl\":\"https:\\\/\\\/gruene-wiesbaden.de\\\/wp-content\\\/uploads\\\/2025\\\/03\\\/OB-Wahl-Gesine.png\",\"articleSection\":[\"Wahlen\"],\"inLanguage\":\"de\"},{\"@type\":\"WebPage\",\"@id\":\"https:\\\/\\\/gruene-wiesbaden.de\\\/ob-stichwahl2025\\\/\",\"url\":\"https:\\\/\\\/gruene-wiesbaden.de\\\/ob-stichwahl2025\\\/\",\"name\":\"B\u00dcNDNIS 90\\\/ DIE GR\u00dcNEN Wiesbaden rufen zur Beteiligung an der OB-Stichwahl auf und empfehlen den SPD-Kandidaten Gert-Uwe Mende - B\u00dcNDNIS 90\\\/DIE GR\u00dcNEN Wiesbaden\",\"isPartOf\":{\"@id\":\"https:\\\/\\\/gruene-wiesbaden.de\\\/#website\"},\"primaryImageOfPage\":{\"@id\":\"https:\\\/\\\/gruene-wiesbaden.de\\\/ob-stichwahl2025\\\/#primaryimage\"},\"image\":{\"@id\":\"https:\\\/\\\/gruene-wiesbaden.de\\\/ob-stichwahl2025\\\/#primaryimage\"},\"thumbnailUrl\":\"https:\\\/\\\/gruene-wiesbaden.de\\\/wp-content\\\/uploads\\\/2025\\\/03\\\/OB-Wahl-Gesine.png\",\"datePublished\":\"2025-03-12T12:00:45+00:00\",\"dateModified\":\"2025-06-17T15:47:58+00:00\",\"breadcrumb\":{\"@id\":\"https:\\\/\\\/gruene-wiesbaden.de\\\/ob-stichwahl2025\\\/#breadcrumb\"},\"inLanguage\":\"de\",\"potentialAction\":[{\"@type\":\"ReadAction\",\"target\":[\"https:\\\/\\\/gruene-wiesbaden.de\\\/ob-stichwahl2025\\\/\"]}]},{\"@type\":\"ImageObject\",\"inLanguage\":\"de\",\"@id\":\"https:\\\/\\\/gruene-wiesbaden.de\\\/ob-stichwahl2025\\\/#primaryimage\",\"url\":\"https:\\\/\\\/gruene-wiesbaden.de\\\/wp-content\\\/uploads\\\/2025\\\/03\\\/OB-Wahl-Gesine.png\",\"contentUrl\":\"https:\\\/\\\/gruene-wiesbaden.de\\\/wp-content\\\/uploads\\\/2025\\\/03\\\/OB-Wahl-Gesine.png\",\"width\":1750,\"height\":1166},{\"@type\":\"BreadcrumbList\",\"@id\":\"https:\\\/\\\/gruene-wiesbaden.de\\\/ob-stichwahl2025\\\/#breadcrumb\",\"itemListElement\":[{\"@type\":\"ListItem\",\"position\":1,\"name\":\"Startseite\",\"item\":\"https:\\\/\\\/gruene-wiesbaden.de\\\/\"},{\"@type\":\"ListItem\",\"position\":2,\"name\":\"B\u00dcNDNIS 90\\\/ DIE GR\u00dcNEN Wiesbaden rufen zur Beteiligung an der OB-Stichwahl auf und empfehlen den SPD-Kandidaten Gert-Uwe Mende\"}]},{\"@type\":\"WebSite\",\"@id\":\"https:\\\/\\\/gruene-wiesbaden.de\\\/#website\",\"url\":\"https:\\\/\\\/gruene-wiesbaden.de\\\/\",\"name\":\"DIE GR\u00dcNEN Wiesbaden\",\"description\":\"\",\"publisher\":{\"@id\":\"https:\\\/\\\/gruene-wiesbaden.de\\\/#organization\"},\"potentialAction\":[{\"@type\":\"SearchAction\",\"target\":{\"@type\":\"EntryPoint\",\"urlTemplate\":\"https:\\\/\\\/gruene-wiesbaden.de\\\/?s={search_term_string}\"},\"query-input\":{\"@type\":\"PropertyValueSpecification\",\"valueRequired\":true,\"valueName\":\"search_term_string\"}}],\"inLanguage\":\"de\"},{\"@type\":\"Organization\",\"@id\":\"https:\\\/\\\/gruene-wiesbaden.de\\\/#organization\",\"name\":\"DIE GR\u00dcNEN Wiesbaden\",\"url\":\"https:\\\/\\\/gruene-wiesbaden.de\\\/\",\"logo\":{\"@type\":\"ImageObject\",\"inLanguage\":\"de\",\"@id\":\"https:\\\/\\\/gruene-wiesbaden.de\\\/#\\\/schema\\\/logo\\\/image\\\/\",\"url\":\"https:\\\/\\\/gruene-wiesbaden-fuer-europa.de\\\/wp-content\\\/uploads\\\/2024\\\/04\\\/Machen-was-zaehlt-5.png\",\"contentUrl\":\"https:\\\/\\\/gruene-wiesbaden-fuer-europa.de\\\/wp-content\\\/uploads\\\/2024\\\/04\\\/Machen-was-zaehlt-5.png\",\"width\":1772,\"height\":1772,\"caption\":\"DIE GR\u00dcNEN Wiesbaden\"},\"image\":{\"@id\":\"https:\\\/\\\/gruene-wiesbaden.de\\\/#\\\/schema\\\/logo\\\/image\\\/\"},\"sameAs\":[\"https:\\\/\\\/www.facebook.com\\\/gruene.wi\",\"https:\\\/\\\/instagram.com\\\/gruene_wi\"]},{\"@type\":\"Person\",\"@id\":\"https:\\\/\\\/gruene-wiesbaden.de\\\/#\\\/schema\\\/person\\\/6785c34779159cd4fd86886bb097afe9\",\"name\":\"admin\",\"sameAs\":[\"http:\\\/\\\/gruene-wiesbaden-fuer-europa.de\"],\"url\":\"https:\\\/\\\/gruene-wiesbaden.de\\\/de\\\/author\\\/admin\\\/\"}]}<\/script>\n<!-- \/ Yoast SEO plugin. -->","yoast_head_json":{"title":"B\u00dcNDNIS 90\/ DIE GR\u00dcNEN Wiesbaden rufen zur Beteiligung an der OB-Stichwahl auf und empfehlen den SPD-Kandidaten Gert-Uwe Mende - B\u00dcNDNIS 90\/DIE GR\u00dcNEN Wiesbaden","robots":{"index":"index","follow":"follow","max-snippet":"max-snippet:-1","max-image-preview":"max-image-preview:large","max-video-preview":"max-video-preview:-1"},"canonical":"https:\/\/gruene-wiesbaden.de\/de\/ob-stichwahl2025\/","og_locale":"de_DE","og_type":"article","og_title":"B\u00dcNDNIS 90\/ DIE GR\u00dcNEN Wiesbaden rufen zur Beteiligung an der OB-Stichwahl auf und empfehlen den SPD-Kandidaten Gert-Uwe Mende - B\u00dcNDNIS 90\/DIE GR\u00dcNEN Wiesbaden","og_url":"https:\/\/gruene-wiesbaden.de\/de\/ob-stichwahl2025\/","og_site_name":"B\u00dcNDNIS 90\/DIE GR\u00dcNEN Wiesbaden","article_publisher":"https:\/\/www.facebook.com\/gruene.wi","article_published_time":"2025-03-12T12:00:45+00:00","article_modified_time":"2025-06-17T15:47:58+00:00","og_image":[{"width":600,"height":400,"url":"https:\/\/gruene-wiesbaden.de\/wp-content\/uploads\/2025\/03\/OB-Wahl-Gesine-600x400.png","type":"image\/png"}],"author":"admin","twitter_card":"summary_large_image","twitter_misc":{"Verfasst von":"admin","Gesch\u00e4tzte Lesezeit":"3\u00a0Minuten"},"schema":{"@context":"https:\/\/schema.org","@graph":[{"@type":"Article","@id":"https:\/\/gruene-wiesbaden.de\/ob-stichwahl2025\/#article","isPartOf":{"@id":"https:\/\/gruene-wiesbaden.de\/ob-stichwahl2025\/"},"author":{"name":"admin","@id":"https:\/\/gruene-wiesbaden.de\/#\/schema\/person\/6785c34779159cd4fd86886bb097afe9"},"headline":"B\u00dcNDNIS 90\/ DIE GR\u00dcNEN Wiesbaden rufen zur Beteiligung an der OB-Stichwahl auf und empfehlen den SPD-Kandidaten Gert-Uwe Mende","datePublished":"2025-03-12T12:00:45+00:00","dateModified":"2025-06-17T15:47:58+00:00","mainEntityOfPage":{"@id":"https:\/\/gruene-wiesbaden.de\/ob-stichwahl2025\/"},"wordCount":590,"publisher":{"@id":"https:\/\/gruene-wiesbaden.de\/#organization"},"image":{"@id":"https:\/\/gruene-wiesbaden.de\/ob-stichwahl2025\/#primaryimage"},"thumbnailUrl":"https:\/\/gruene-wiesbaden.de\/wp-content\/uploads\/2025\/03\/OB-Wahl-Gesine.png","articleSection":["Wahlen"],"inLanguage":"de"},{"@type":"WebPage","@id":"https:\/\/gruene-wiesbaden.de\/ob-stichwahl2025\/","url":"https:\/\/gruene-wiesbaden.de\/ob-stichwahl2025\/","name":"B\u00dcNDNIS 90\/ DIE GR\u00dcNEN Wiesbaden rufen zur Beteiligung an der OB-Stichwahl auf und empfehlen den SPD-Kandidaten Gert-Uwe Mende - B\u00dcNDNIS 90\/DIE GR\u00dcNEN Wiesbaden","isPartOf":{"@id":"https:\/\/gruene-wiesbaden.de\/#website"},"primaryImageOfPage":{"@id":"https:\/\/gruene-wiesbaden.de\/ob-stichwahl2025\/#primaryimage"},"image":{"@id":"https:\/\/gruene-wiesbaden.de\/ob-stichwahl2025\/#primaryimage"},"thumbnailUrl":"https:\/\/gruene-wiesbaden.de\/wp-content\/uploads\/2025\/03\/OB-Wahl-Gesine.png","datePublished":"2025-03-12T12:00:45+00:00","dateModified":"2025-06-17T15:47:58+00:00","breadcrumb":{"@id":"https:\/\/gruene-wiesbaden.de\/ob-stichwahl2025\/#breadcrumb"},"inLanguage":"de","potentialAction":[{"@type":"ReadAction","target":["https:\/\/gruene-wiesbaden.de\/ob-stichwahl2025\/"]}]},{"@type":"ImageObject","inLanguage":"de","@id":"https:\/\/gruene-wiesbaden.de\/ob-stichwahl2025\/#primaryimage","url":"https:\/\/gruene-wiesbaden.de\/wp-content\/uploads\/2025\/03\/OB-Wahl-Gesine.png","contentUrl":"https:\/\/gruene-wiesbaden.de\/wp-content\/uploads\/2025\/03\/OB-Wahl-Gesine.png","width":1750,"height":1166},{"@type":"BreadcrumbList","@id":"https:\/\/gruene-wiesbaden.de\/ob-stichwahl2025\/#breadcrumb","itemListElement":[{"@type":"ListItem","position":1,"name":"Startseite","item":"https:\/\/gruene-wiesbaden.de\/"},{"@type":"ListItem","position":2,"name":"B\u00dcNDNIS 90\/ DIE GR\u00dcNEN Wiesbaden rufen zur Beteiligung an der OB-Stichwahl auf und empfehlen den SPD-Kandidaten Gert-Uwe Mende"}]},{"@type":"WebSite","@id":"https:\/\/gruene-wiesbaden.de\/#website","url":"https:\/\/gruene-wiesbaden.de\/","name":"DIE GR\u00dcNEN Wiesbaden","description":"","publisher":{"@id":"https:\/\/gruene-wiesbaden.de\/#organization"},"potentialAction":[{"@type":"SearchAction","target":{"@type":"EntryPoint","urlTemplate":"https:\/\/gruene-wiesbaden.de\/?s={search_term_string}"},"query-input":{"@type":"PropertyValueSpecification","valueRequired":true,"valueName":"search_term_string"}}],"inLanguage":"de"},{"@type":"Organization","@id":"https:\/\/gruene-wiesbaden.de\/#organization","name":"DIE GR\u00dcNEN Wiesbaden","url":"https:\/\/gruene-wiesbaden.de\/","logo":{"@type":"ImageObject","inLanguage":"de","@id":"https:\/\/gruene-wiesbaden.de\/#\/schema\/logo\/image\/","url":"https:\/\/gruene-wiesbaden-fuer-europa.de\/wp-content\/uploads\/2024\/04\/Machen-was-zaehlt-5.png","contentUrl":"https:\/\/gruene-wiesbaden-fuer-europa.de\/wp-content\/uploads\/2024\/04\/Machen-was-zaehlt-5.png","width":1772,"height":1772,"caption":"DIE GR\u00dcNEN Wiesbaden"},"image":{"@id":"https:\/\/gruene-wiesbaden.de\/#\/schema\/logo\/image\/"},"sameAs":["https:\/\/www.facebook.com\/gruene.wi","https:\/\/instagram.com\/gruene_wi"]},{"@type":"Person","@id":"https:\/\/gruene-wiesbaden.de\/#\/schema\/person\/6785c34779159cd4fd86886bb097afe9","name":"admin","sameAs":["http:\/\/gruene-wiesbaden-fuer-europa.de"],"url":"https:\/\/gruene-wiesbaden.de\/de\/author\/admin\/"}]}},"_links":{"self":[{"href":"https:\/\/gruene-wiesbaden.de\/de\/wp-json\/wp\/v2\/posts\/884","targetHints":{"allow":["GET"]}}],"collection":[{"href":"https:\/\/gruene-wiesbaden.de\/de\/wp-json\/wp\/v2\/posts"}],"about":[{"href":"https:\/\/gruene-wiesbaden.de\/de\/wp-json\/wp\/v2\/types\/post"}],"author":[{"embeddable":true,"href":"https:\/\/gruene-wiesbaden.de\/de\/wp-json\/wp\/v2\/users\/1"}],"replies":[{"embeddable":true,"href":"https:\/\/gruene-wiesbaden.de\/de\/wp-json\/wp\/v2\/comments?post=884"}],"version-history":[{"count":5,"href":"https:\/\/gruene-wiesbaden.de\/de\/wp-json\/wp\/v2\/posts\/884\/revisions"}],"predecessor-version":[{"id":910,"href":"https:\/\/gruene-wiesbaden.de\/de\/wp-json\/wp\/v2\/posts\/884\/revisions\/910"}],"wp:featuredmedia":[{"embeddable":true,"href":"https:\/\/gruene-wiesbaden.de\/de\/wp-json\/wp\/v2\/media\/911"}],"wp:attachment":[{"href":"https:\/\/gruene-wiesbaden.de\/de\/wp-json\/wp\/v2\/media?parent=884"}],"wp:term":[{"taxonomy":"category","embeddable":true,"href":"https:\/\/gruene-wiesbaden.de\/de\/wp-json\/wp\/v2\/categories?post=884"},{"taxonomy":"post_tag","embeddable":true,"href":"https:\/\/gruene-wiesbaden.de\/de\/wp-json\/wp\/v2\/tags?post=884"}],"curies":[{"name":"wp","href":"https:\/\/api.w.org\/{rel}","templated":true}]}}