{"id":702,"date":"2024-11-21T12:00:26","date_gmt":"2024-11-21T12:00:26","guid":{"rendered":"http:\/\/gruene-wiesbaden.de.w0207e8f.kasserver.com\/?p=702"},"modified":"2025-06-16T21:04:30","modified_gmt":"2025-06-16T21:04:30","slug":"katerinagarcia_neuervorstand","status":"publish","type":"post","link":"https:\/\/gruene-wiesbaden.de\/de\/katerinagarcia_neuervorstand\/","title":{"rendered":"GR\u00dcNE w\u00e4hlen Katerina Garcia als Direktkandidatin zur Bundestagswahl und einen neuen Vorstand"},"content":{"rendered":"<section class=\"l-section wpb_row height_medium\"><div class=\"l-section-h i-cf\"><div class=\"g-cols vc_row via_grid cols_1 laptops-cols_inherit tablets-cols_inherit mobiles-cols_1 valign_top type_default stacking_default\"><div class=\"wpb_column vc_column_container\"><div class=\"vc_column-inner\"><h2 class=\"w-post-elm post_title entry-title color_link_inherit\">GR\u00dcNE w\u00e4hlen Katerina Garcia als Direktkandidatin zur Bundestagswahl und einen neuen Vorstand<\/h2><div class=\"w-post-elm post_image\"><img loading=\"lazy\" decoding=\"async\" width=\"1762\" height=\"1174\" src=\"https:\/\/gruene-wiesbaden.de\/wp-content\/uploads\/2025\/03\/Bildschirmfoto-2025-06-16-um-23.03.22.png\" class=\"attachment-full size-full wp-post-image\" alt=\"\" srcset=\"https:\/\/gruene-wiesbaden.de\/wp-content\/uploads\/2025\/03\/Bildschirmfoto-2025-06-16-um-23.03.22.png 1762w, https:\/\/gruene-wiesbaden.de\/wp-content\/uploads\/2025\/03\/Bildschirmfoto-2025-06-16-um-23.03.22-400x267.png 400w, https:\/\/gruene-wiesbaden.de\/wp-content\/uploads\/2025\/03\/Bildschirmfoto-2025-06-16-um-23.03.22-600x400.png 600w\" sizes=\"auto, (max-width: 1762px) 100vw, 1762px\" \/><\/div><div class=\"w-separator size_medium\"><\/div><div class=\"wpb_text_column\"><div class=\"wpb_wrapper\"><p>B\u00dcNDNIS 90\/DIE GR\u00dcNEN haben auf ihrer Mitgliederversammlung am Abend des 20.11.2024 ihre Direktkandidatin f\u00fcr die vorgezogene Bundestagswahl im Februar, sowie einen neuen Kreisvorstand gew\u00e4hlt.<\/p>\n<p><strong>Katerina Garcia tritt f\u00fcr das Wiesbadner Direktmandat an<\/strong><\/p>\n<p>Als Direktkandidatin f\u00fcr die Bundestagswahl wurde Katerina Garcia gew\u00e4hlt. Sie setzte sich im ersten Wahlgang gegen ihre Mitbewerberin Dilek \u00d6zkan durch. \u201eIch will Wiesbaden mit frischem Elan und klaren Zielen im Deutschen Bundestag vertreten und Deutschland wieder zu einem Land machen, das f\u00fcr eine innovative, nachhaltige und gerechte Politik steht. Gerade jetzt &#8211; wenn Populisten versuchen die Meinungshoheit zu gewinnen &#8211; m\u00fcssen wir gemeinsam an einer Gesellschaft arbeiten, in der sich jede Person entfalten kann, und in der soziale Gerechtigkeit, wirtschaftlicher Erfolg und \u00f6kologischer Schutz Hand in Hand gehen\u201c, so die frisch gek\u00fcrte Kandidatin zu ihren Zielen. Katerina Garcia ist 43 Jahre alt, hat Recht und Wirtschaft studiert und arbeitet derzeit als Sachgebietsleiterin f\u00fcr Wirtschaft und Digitales im B\u00fcro der B\u00fcrgermeisterin Christiane Hinninger bei der Stadt Wiesbaden.<\/p>\n<p><strong>Rebecca Thomas und Daniel Schmitt f\u00fchren neuen Vorstand an<\/strong><\/p>\n<p>Neben der Direktkandidatur wurde turnusgem\u00e4\u00df eine neuer Kreisvorstand gew\u00e4hlt. Als neue Vorsitzende wurden Rebecca Thomas von 90,2% und Daniel Schmitt von 94,9% der Anwesenden Mitglieder gew\u00e4hlt. Beide geh\u00f6rten bereits dem vergangenen Vorstand als Beisitzer*innen an. \u201eIch m\u00f6chte als Co-Vorsitzende unseres Kreisverbandes einen Beitrag dazu leisten, die Bedingungen f\u00fcr einen lebendigen Kreisverband zu schaffen, in dem Diskussionen um die Sache gesch\u00e4tzt werden, die Mitglieder aktiv sind, weil sie sich einbringen k\u00f6nnen, weil sie sich als Teil einer Gemeinschaft f\u00fchlen, weil sie die M\u00f6glichkeit haben, sich mit ihren Kompetenzen einzubringen und neue Talente zu entdecken\u201c, so die neue Vorsitzende Rebecca Thomas. \u201eMit der vorgezogenen Bundestagswahl, der Oberb\u00fcrgermeisterwahl und der 2026 anstehenden Kommunalwahl stehen wir vor gro\u00dfen Herausforderungen. Ich m\u00f6chte jedem Mitglied Orientierung geben, was wir erreichen m\u00f6chten und wie sich unsere Mitglieder individuell daf\u00fcr einbringen k\u00f6nnen. Ich sehe unseren Kreisverband als ein Netzwerk, das unsere Werte lebt und noch einiges an St\u00e4rke gewinnen kann\u201c, erg\u00e4nzt Co-Vorsitzender Daniel Schmitt.\u00a0 Als weitere Mitglieder wurden Gerald Christoph Dorsch als Schatz-meister, sowie Marta Moneva, Larissa Reis und Oliver Raudies als Beisitzer*innen gew\u00e4hlt.<\/p>\n<p><strong>Ehemalige Vorsitzende verabschieden sich<\/strong><\/p>\n<p>Die bisherigen Vorsitzenden Uta Brehm und Mathias Wagner waren nicht erneut zur Wahl angetreten. \u201eDie vergangenen vier Jahre als Kreisvorsitzender waren eine gute und erfolgreiche Zeit. Die Mitgliederzahlen sind gestiegen. Die GR\u00dcNEN sind die zweitst\u00e4rksten Kraft im Stadtparlament. Wir stellen erstmals die B\u00fcrgermeisterin und weiterhin den Dezernenten f\u00fcr Bauen und Verkehr. Im hessischen Landtag wird Wiesbaden mit Lara Klaes und mir von mittlerweile zwei GR\u00dcNEN Abgeordneten vertreten. Die vergangene Landtagswahl hat f\u00fcr uns einen Wechsel von der Regierung in die Opposition ergeben. Das bringt f\u00fcr die GR\u00dcNEN im Landtag neue Aufgaben und Herausforderungen mit sich. Als deren Fraktionsvorsitzender m\u00f6chte ich mich in n\u00e4chster Zeit darauf konzentrieren und habe deshalb nicht mehr als Kreisvorsitzender kandidiert\u201c, erl\u00e4utert Wagner seine Entscheidung.<\/p>\n<p>\u201eIn den vergangenen sechs Jahren als Kreisvorsitzende war es mir stets ein Anliegen, den Kreisverband nach innen und au\u00dfen mit politischer Klarheit und Unaufgeregtheit sowie pers\u00f6nlicher Verbindlichkeit und Verbundenheit zu f\u00fchren. Es freut mich, dass ich auf diese Weise in den letzten Jahren zu den Erfolgen unserer Partei und unserer Verankerung in der Stadtgesellschaft beitragen konnte. Ein Parteivorsitz ist jedoch, wie nahezu alle politischen \u00c4mter und Funktionen auf kommunaler Ebene, ein sehr zeitintensives Ehrenamt. Mein Beruf erfordert heute einen erheblich gr\u00f6\u00dferen zeitlichen Einsatz als fr\u00fcher, dem m\u00f6chte ich mich gerne st\u00e4rker widmen. Wie Mathias Wagner blicke ich sehr dankbar auf die Kontakte und Erfahrungen der vergangenen Jahre zur\u00fcck und wir w\u00fcnschen den neuen Kreisvorsitzenden alles Gute und viel Erfolg&#8220;, erg\u00e4nzt Uta Brehm.<\/p>\n<\/div><\/div><\/div><\/div><\/div><\/div><\/section>\n","protected":false},"excerpt":{"rendered":"GR\u00dcNE w\u00e4hlen Katerina Garcia als Direktkandidatin zur Bundestagswahl und einen neuen VorstandB\u00dcNDNIS 90\/DIE GR\u00dcNEN haben auf ihrer Mitgliederversammlung am Abend des 20.11.2024 ihre Direktkandidatin f\u00fcr die vorgezogene Bundestagswahl im Februar, sowie einen neuen Kreisvorstand gew\u00e4hlt. Katerina Garcia tritt f\u00fcr das Wiesbadner Direktmandat an Als Direktkandidatin f\u00fcr die Bundestagswahl wurde Katerina Garcia gew\u00e4hlt. Sie setzte sich...","protected":false},"author":1,"featured_media":931,"comment_status":"closed","ping_status":"closed","sticky":false,"template":"","format":"standard","meta":{"footnotes":""},"categories":[5],"tags":[],"class_list":["post-702","post","type-post","status-publish","format-standard","has-post-thumbnail","hentry","category-wahlen"],"yoast_head":"<!-- This site is optimized with the Yoast SEO plugin v27.5 - https:\/\/yoast.com\/product\/yoast-seo-wordpress\/ -->\n<title>GR\u00dcNE w\u00e4hlen Katerina Garcia als Direktkandidatin zur Bundestagswahl und einen neuen Vorstand - B\u00dcNDNIS 90\/DIE GR\u00dcNEN Wiesbaden<\/title>\n<meta name=\"robots\" content=\"index, follow, max-snippet:-1, max-image-preview:large, max-video-preview:-1\" \/>\n<link rel=\"canonical\" href=\"https:\/\/gruene-wiesbaden.de\/de\/katerinagarcia_neuervorstand\/\" \/>\n<meta property=\"og:locale\" content=\"de_DE\" \/>\n<meta property=\"og:type\" content=\"article\" \/>\n<meta property=\"og:title\" content=\"GR\u00dcNE w\u00e4hlen Katerina Garcia als Direktkandidatin zur Bundestagswahl und einen neuen Vorstand - B\u00dcNDNIS 90\/DIE GR\u00dcNEN Wiesbaden\" \/>\n<meta property=\"og:url\" content=\"https:\/\/gruene-wiesbaden.de\/de\/katerinagarcia_neuervorstand\/\" \/>\n<meta property=\"og:site_name\" content=\"B\u00dcNDNIS 90\/DIE GR\u00dcNEN Wiesbaden\" \/>\n<meta property=\"article:publisher\" content=\"https:\/\/www.facebook.com\/gruene.wi\" \/>\n<meta property=\"article:published_time\" content=\"2024-11-21T12:00:26+00:00\" \/>\n<meta property=\"article:modified_time\" content=\"2025-06-16T21:04:30+00:00\" \/>\n<meta property=\"og:image\" content=\"https:\/\/gruene-wiesbaden.de\/wp-content\/uploads\/2025\/03\/Bildschirmfoto-2025-06-16-um-23.03.22-600x400.png\" \/>\n\t<meta property=\"og:image:width\" content=\"600\" \/>\n\t<meta property=\"og:image:height\" content=\"400\" \/>\n\t<meta property=\"og:image:type\" content=\"image\/png\" \/>\n<meta name=\"author\" content=\"admin\" \/>\n<meta name=\"twitter:card\" content=\"summary_large_image\" \/>\n<meta name=\"twitter:label1\" content=\"Verfasst von\" \/>\n\t<meta name=\"twitter:data1\" content=\"admin\" \/>\n\t<meta name=\"twitter:label2\" content=\"Gesch\u00e4tzte Lesezeit\" \/>\n\t<meta name=\"twitter:data2\" content=\"4\u00a0Minuten\" \/>\n<script type=\"application\/ld+json\" class=\"yoast-schema-graph\">{\"@context\":\"https:\\\/\\\/schema.org\",\"@graph\":[{\"@type\":\"Article\",\"@id\":\"https:\\\/\\\/gruene-wiesbaden.de\\\/katerinagarcia_neuervorstand\\\/#article\",\"isPartOf\":{\"@id\":\"https:\\\/\\\/gruene-wiesbaden.de\\\/katerinagarcia_neuervorstand\\\/\"},\"author\":{\"name\":\"admin\",\"@id\":\"https:\\\/\\\/gruene-wiesbaden.de\\\/#\\\/schema\\\/person\\\/6785c34779159cd4fd86886bb097afe9\"},\"headline\":\"GR\u00dcNE w\u00e4hlen Katerina Garcia als Direktkandidatin zur Bundestagswahl und einen neuen Vorstand\",\"datePublished\":\"2024-11-21T12:00:26+00:00\",\"dateModified\":\"2025-06-16T21:04:30+00:00\",\"mainEntityOfPage\":{\"@id\":\"https:\\\/\\\/gruene-wiesbaden.de\\\/katerinagarcia_neuervorstand\\\/\"},\"wordCount\":679,\"publisher\":{\"@id\":\"https:\\\/\\\/gruene-wiesbaden.de\\\/#organization\"},\"image\":{\"@id\":\"https:\\\/\\\/gruene-wiesbaden.de\\\/katerinagarcia_neuervorstand\\\/#primaryimage\"},\"thumbnailUrl\":\"https:\\\/\\\/gruene-wiesbaden.de\\\/wp-content\\\/uploads\\\/2025\\\/03\\\/Bildschirmfoto-2025-06-16-um-23.03.22.png\",\"articleSection\":[\"Wahlen\"],\"inLanguage\":\"de\"},{\"@type\":\"WebPage\",\"@id\":\"https:\\\/\\\/gruene-wiesbaden.de\\\/katerinagarcia_neuervorstand\\\/\",\"url\":\"https:\\\/\\\/gruene-wiesbaden.de\\\/katerinagarcia_neuervorstand\\\/\",\"name\":\"GR\u00dcNE w\u00e4hlen Katerina Garcia als Direktkandidatin zur Bundestagswahl und einen neuen Vorstand - B\u00dcNDNIS 90\\\/DIE GR\u00dcNEN Wiesbaden\",\"isPartOf\":{\"@id\":\"https:\\\/\\\/gruene-wiesbaden.de\\\/#website\"},\"primaryImageOfPage\":{\"@id\":\"https:\\\/\\\/gruene-wiesbaden.de\\\/katerinagarcia_neuervorstand\\\/#primaryimage\"},\"image\":{\"@id\":\"https:\\\/\\\/gruene-wiesbaden.de\\\/katerinagarcia_neuervorstand\\\/#primaryimage\"},\"thumbnailUrl\":\"https:\\\/\\\/gruene-wiesbaden.de\\\/wp-content\\\/uploads\\\/2025\\\/03\\\/Bildschirmfoto-2025-06-16-um-23.03.22.png\",\"datePublished\":\"2024-11-21T12:00:26+00:00\",\"dateModified\":\"2025-06-16T21:04:30+00:00\",\"breadcrumb\":{\"@id\":\"https:\\\/\\\/gruene-wiesbaden.de\\\/katerinagarcia_neuervorstand\\\/#breadcrumb\"},\"inLanguage\":\"de\",\"potentialAction\":[{\"@type\":\"ReadAction\",\"target\":[\"https:\\\/\\\/gruene-wiesbaden.de\\\/katerinagarcia_neuervorstand\\\/\"]}]},{\"@type\":\"ImageObject\",\"inLanguage\":\"de\",\"@id\":\"https:\\\/\\\/gruene-wiesbaden.de\\\/katerinagarcia_neuervorstand\\\/#primaryimage\",\"url\":\"https:\\\/\\\/gruene-wiesbaden.de\\\/wp-content\\\/uploads\\\/2025\\\/03\\\/Bildschirmfoto-2025-06-16-um-23.03.22.png\",\"contentUrl\":\"https:\\\/\\\/gruene-wiesbaden.de\\\/wp-content\\\/uploads\\\/2025\\\/03\\\/Bildschirmfoto-2025-06-16-um-23.03.22.png\",\"width\":1762,\"height\":1174},{\"@type\":\"BreadcrumbList\",\"@id\":\"https:\\\/\\\/gruene-wiesbaden.de\\\/katerinagarcia_neuervorstand\\\/#breadcrumb\",\"itemListElement\":[{\"@type\":\"ListItem\",\"position\":1,\"name\":\"Startseite\",\"item\":\"https:\\\/\\\/gruene-wiesbaden.de\\\/\"},{\"@type\":\"ListItem\",\"position\":2,\"name\":\"GR\u00dcNE w\u00e4hlen Katerina Garcia als Direktkandidatin zur Bundestagswahl und einen neuen Vorstand\"}]},{\"@type\":\"WebSite\",\"@id\":\"https:\\\/\\\/gruene-wiesbaden.de\\\/#website\",\"url\":\"https:\\\/\\\/gruene-wiesbaden.de\\\/\",\"name\":\"DIE GR\u00dcNEN Wiesbaden\",\"description\":\"\",\"publisher\":{\"@id\":\"https:\\\/\\\/gruene-wiesbaden.de\\\/#organization\"},\"potentialAction\":[{\"@type\":\"SearchAction\",\"target\":{\"@type\":\"EntryPoint\",\"urlTemplate\":\"https:\\\/\\\/gruene-wiesbaden.de\\\/?s={search_term_string}\"},\"query-input\":{\"@type\":\"PropertyValueSpecification\",\"valueRequired\":true,\"valueName\":\"search_term_string\"}}],\"inLanguage\":\"de\"},{\"@type\":\"Organization\",\"@id\":\"https:\\\/\\\/gruene-wiesbaden.de\\\/#organization\",\"name\":\"DIE GR\u00dcNEN Wiesbaden\",\"url\":\"https:\\\/\\\/gruene-wiesbaden.de\\\/\",\"logo\":{\"@type\":\"ImageObject\",\"inLanguage\":\"de\",\"@id\":\"https:\\\/\\\/gruene-wiesbaden.de\\\/#\\\/schema\\\/logo\\\/image\\\/\",\"url\":\"https:\\\/\\\/gruene-wiesbaden-fuer-europa.de\\\/wp-content\\\/uploads\\\/2024\\\/04\\\/Machen-was-zaehlt-5.png\",\"contentUrl\":\"https:\\\/\\\/gruene-wiesbaden-fuer-europa.de\\\/wp-content\\\/uploads\\\/2024\\\/04\\\/Machen-was-zaehlt-5.png\",\"width\":1772,\"height\":1772,\"caption\":\"DIE GR\u00dcNEN Wiesbaden\"},\"image\":{\"@id\":\"https:\\\/\\\/gruene-wiesbaden.de\\\/#\\\/schema\\\/logo\\\/image\\\/\"},\"sameAs\":[\"https:\\\/\\\/www.facebook.com\\\/gruene.wi\",\"https:\\\/\\\/instagram.com\\\/gruene_wi\"]},{\"@type\":\"Person\",\"@id\":\"https:\\\/\\\/gruene-wiesbaden.de\\\/#\\\/schema\\\/person\\\/6785c34779159cd4fd86886bb097afe9\",\"name\":\"admin\",\"sameAs\":[\"http:\\\/\\\/gruene-wiesbaden-fuer-europa.de\"],\"url\":\"https:\\\/\\\/gruene-wiesbaden.de\\\/de\\\/author\\\/admin\\\/\"}]}<\/script>\n<!-- \/ Yoast SEO plugin. -->","yoast_head_json":{"title":"GR\u00dcNE w\u00e4hlen Katerina Garcia als Direktkandidatin zur Bundestagswahl und einen neuen Vorstand - B\u00dcNDNIS 90\/DIE GR\u00dcNEN Wiesbaden","robots":{"index":"index","follow":"follow","max-snippet":"max-snippet:-1","max-image-preview":"max-image-preview:large","max-video-preview":"max-video-preview:-1"},"canonical":"https:\/\/gruene-wiesbaden.de\/de\/katerinagarcia_neuervorstand\/","og_locale":"de_DE","og_type":"article","og_title":"GR\u00dcNE w\u00e4hlen Katerina Garcia als Direktkandidatin zur Bundestagswahl und einen neuen Vorstand - B\u00dcNDNIS 90\/DIE GR\u00dcNEN Wiesbaden","og_url":"https:\/\/gruene-wiesbaden.de\/de\/katerinagarcia_neuervorstand\/","og_site_name":"B\u00dcNDNIS 90\/DIE GR\u00dcNEN Wiesbaden","article_publisher":"https:\/\/www.facebook.com\/gruene.wi","article_published_time":"2024-11-21T12:00:26+00:00","article_modified_time":"2025-06-16T21:04:30+00:00","og_image":[{"width":600,"height":400,"url":"https:\/\/gruene-wiesbaden.de\/wp-content\/uploads\/2025\/03\/Bildschirmfoto-2025-06-16-um-23.03.22-600x400.png","type":"image\/png"}],"author":"admin","twitter_card":"summary_large_image","twitter_misc":{"Verfasst von":"admin","Gesch\u00e4tzte Lesezeit":"4\u00a0Minuten"},"schema":{"@context":"https:\/\/schema.org","@graph":[{"@type":"Article","@id":"https:\/\/gruene-wiesbaden.de\/katerinagarcia_neuervorstand\/#article","isPartOf":{"@id":"https:\/\/gruene-wiesbaden.de\/katerinagarcia_neuervorstand\/"},"author":{"name":"admin","@id":"https:\/\/gruene-wiesbaden.de\/#\/schema\/person\/6785c34779159cd4fd86886bb097afe9"},"headline":"GR\u00dcNE w\u00e4hlen Katerina Garcia als Direktkandidatin zur Bundestagswahl und einen neuen Vorstand","datePublished":"2024-11-21T12:00:26+00:00","dateModified":"2025-06-16T21:04:30+00:00","mainEntityOfPage":{"@id":"https:\/\/gruene-wiesbaden.de\/katerinagarcia_neuervorstand\/"},"wordCount":679,"publisher":{"@id":"https:\/\/gruene-wiesbaden.de\/#organization"},"image":{"@id":"https:\/\/gruene-wiesbaden.de\/katerinagarcia_neuervorstand\/#primaryimage"},"thumbnailUrl":"https:\/\/gruene-wiesbaden.de\/wp-content\/uploads\/2025\/03\/Bildschirmfoto-2025-06-16-um-23.03.22.png","articleSection":["Wahlen"],"inLanguage":"de"},{"@type":"WebPage","@id":"https:\/\/gruene-wiesbaden.de\/katerinagarcia_neuervorstand\/","url":"https:\/\/gruene-wiesbaden.de\/katerinagarcia_neuervorstand\/","name":"GR\u00dcNE w\u00e4hlen Katerina Garcia als Direktkandidatin zur Bundestagswahl und einen neuen Vorstand - B\u00dcNDNIS 90\/DIE GR\u00dcNEN Wiesbaden","isPartOf":{"@id":"https:\/\/gruene-wiesbaden.de\/#website"},"primaryImageOfPage":{"@id":"https:\/\/gruene-wiesbaden.de\/katerinagarcia_neuervorstand\/#primaryimage"},"image":{"@id":"https:\/\/gruene-wiesbaden.de\/katerinagarcia_neuervorstand\/#primaryimage"},"thumbnailUrl":"https:\/\/gruene-wiesbaden.de\/wp-content\/uploads\/2025\/03\/Bildschirmfoto-2025-06-16-um-23.03.22.png","datePublished":"2024-11-21T12:00:26+00:00","dateModified":"2025-06-16T21:04:30+00:00","breadcrumb":{"@id":"https:\/\/gruene-wiesbaden.de\/katerinagarcia_neuervorstand\/#breadcrumb"},"inLanguage":"de","potentialAction":[{"@type":"ReadAction","target":["https:\/\/gruene-wiesbaden.de\/katerinagarcia_neuervorstand\/"]}]},{"@type":"ImageObject","inLanguage":"de","@id":"https:\/\/gruene-wiesbaden.de\/katerinagarcia_neuervorstand\/#primaryimage","url":"https:\/\/gruene-wiesbaden.de\/wp-content\/uploads\/2025\/03\/Bildschirmfoto-2025-06-16-um-23.03.22.png","contentUrl":"https:\/\/gruene-wiesbaden.de\/wp-content\/uploads\/2025\/03\/Bildschirmfoto-2025-06-16-um-23.03.22.png","width":1762,"height":1174},{"@type":"BreadcrumbList","@id":"https:\/\/gruene-wiesbaden.de\/katerinagarcia_neuervorstand\/#breadcrumb","itemListElement":[{"@type":"ListItem","position":1,"name":"Startseite","item":"https:\/\/gruene-wiesbaden.de\/"},{"@type":"ListItem","position":2,"name":"GR\u00dcNE w\u00e4hlen Katerina Garcia als Direktkandidatin zur Bundestagswahl und einen neuen Vorstand"}]},{"@type":"WebSite","@id":"https:\/\/gruene-wiesbaden.de\/#website","url":"https:\/\/gruene-wiesbaden.de\/","name":"DIE GR\u00dcNEN Wiesbaden","description":"","publisher":{"@id":"https:\/\/gruene-wiesbaden.de\/#organization"},"potentialAction":[{"@type":"SearchAction","target":{"@type":"EntryPoint","urlTemplate":"https:\/\/gruene-wiesbaden.de\/?s={search_term_string}"},"query-input":{"@type":"PropertyValueSpecification","valueRequired":true,"valueName":"search_term_string"}}],"inLanguage":"de"},{"@type":"Organization","@id":"https:\/\/gruene-wiesbaden.de\/#organization","name":"DIE GR\u00dcNEN Wiesbaden","url":"https:\/\/gruene-wiesbaden.de\/","logo":{"@type":"ImageObject","inLanguage":"de","@id":"https:\/\/gruene-wiesbaden.de\/#\/schema\/logo\/image\/","url":"https:\/\/gruene-wiesbaden-fuer-europa.de\/wp-content\/uploads\/2024\/04\/Machen-was-zaehlt-5.png","contentUrl":"https:\/\/gruene-wiesbaden-fuer-europa.de\/wp-content\/uploads\/2024\/04\/Machen-was-zaehlt-5.png","width":1772,"height":1772,"caption":"DIE GR\u00dcNEN Wiesbaden"},"image":{"@id":"https:\/\/gruene-wiesbaden.de\/#\/schema\/logo\/image\/"},"sameAs":["https:\/\/www.facebook.com\/gruene.wi","https:\/\/instagram.com\/gruene_wi"]},{"@type":"Person","@id":"https:\/\/gruene-wiesbaden.de\/#\/schema\/person\/6785c34779159cd4fd86886bb097afe9","name":"admin","sameAs":["http:\/\/gruene-wiesbaden-fuer-europa.de"],"url":"https:\/\/gruene-wiesbaden.de\/de\/author\/admin\/"}]}},"_links":{"self":[{"href":"https:\/\/gruene-wiesbaden.de\/de\/wp-json\/wp\/v2\/posts\/702","targetHints":{"allow":["GET"]}}],"collection":[{"href":"https:\/\/gruene-wiesbaden.de\/de\/wp-json\/wp\/v2\/posts"}],"about":[{"href":"https:\/\/gruene-wiesbaden.de\/de\/wp-json\/wp\/v2\/types\/post"}],"author":[{"embeddable":true,"href":"https:\/\/gruene-wiesbaden.de\/de\/wp-json\/wp\/v2\/users\/1"}],"replies":[{"embeddable":true,"href":"https:\/\/gruene-wiesbaden.de\/de\/wp-json\/wp\/v2\/comments?post=702"}],"version-history":[{"count":5,"href":"https:\/\/gruene-wiesbaden.de\/de\/wp-json\/wp\/v2\/posts\/702\/revisions"}],"predecessor-version":[{"id":932,"href":"https:\/\/gruene-wiesbaden.de\/de\/wp-json\/wp\/v2\/posts\/702\/revisions\/932"}],"wp:featuredmedia":[{"embeddable":true,"href":"https:\/\/gruene-wiesbaden.de\/de\/wp-json\/wp\/v2\/media\/931"}],"wp:attachment":[{"href":"https:\/\/gruene-wiesbaden.de\/de\/wp-json\/wp\/v2\/media?parent=702"}],"wp:term":[{"taxonomy":"category","embeddable":true,"href":"https:\/\/gruene-wiesbaden.de\/de\/wp-json\/wp\/v2\/categories?post=702"},{"taxonomy":"post_tag","embeddable":true,"href":"https:\/\/gruene-wiesbaden.de\/de\/wp-json\/wp\/v2\/tags?post=702"}],"curies":[{"name":"wp","href":"https:\/\/api.w.org\/{rel}","templated":true}]}}