{"id":1660,"date":"2025-12-01T12:53:02","date_gmt":"2025-12-01T10:53:02","guid":{"rendered":"https:\/\/gruene-wiesbaden.de\/?p=1660"},"modified":"2025-12-01T12:55:39","modified_gmt":"2025-12-01T10:55:39","slug":"mehr-moeglich-machen-fuer-wiesbaden-gruene-wiesbaden-starten-mit-starkem-team-und-zukunftsprogramm-in-den-kommunalwahlkampf-2026","status":"publish","type":"post","link":"https:\/\/gruene-wiesbaden.de\/de\/mehr-moeglich-machen-fuer-wiesbaden-gruene-wiesbaden-starten-mit-starkem-team-und-zukunftsprogramm-in-den-kommunalwahlkampf-2026\/","title":{"rendered":"MEHR M\u00d6GLICH MACHEN f\u00fcr Wiesbaden &#8211; GR\u00dcNE Wiesbaden starten mit starkem Team und Zukunftsprogramm in den Kommunalwahlkampf 2026"},"content":{"rendered":"<section class=\"l-section wpb_row height_medium\"><div class=\"l-section-h i-cf\"><div class=\"g-cols vc_row via_grid cols_1 laptops-cols_inherit tablets-cols_inherit mobiles-cols_1 valign_top type_default stacking_default\"><div class=\"wpb_column vc_column_container\"><div class=\"vc_column-inner\"><h3 class=\"w-post-elm post_title us_custom_ea76afbe entry-title color_link_inherit\">MEHR M\u00d6GLICH MACHEN f\u00fcr Wiesbaden &#8211; GR\u00dcNE Wiesbaden starten mit starkem Team und Zukunftsprogramm in den Kommunalwahlkampf 2026<\/h3><div class=\"w-post-elm post_image\"><img loading=\"lazy\" decoding=\"async\" width=\"600\" height=\"452\" src=\"https:\/\/gruene-wiesbaden.de\/wp-content\/uploads\/2025\/12\/Bild-GRUeNE-WIESBADEN-600x452.png\" class=\"attachment-large size-large wp-post-image\" alt=\"\" srcset=\"https:\/\/gruene-wiesbaden.de\/wp-content\/uploads\/2025\/12\/Bild-GRUeNE-WIESBADEN-600x452.png 600w, https:\/\/gruene-wiesbaden.de\/wp-content\/uploads\/2025\/12\/Bild-GRUeNE-WIESBADEN-400x302.png 400w, https:\/\/gruene-wiesbaden.de\/wp-content\/uploads\/2025\/12\/Bild-GRUeNE-WIESBADEN-16x12.png 16w, https:\/\/gruene-wiesbaden.de\/wp-content\/uploads\/2025\/12\/Bild-GRUeNE-WIESBADEN.png 968w\" sizes=\"auto, (max-width: 600px) 100vw, 600px\" \/><\/div><div class=\"w-separator size_medium\"><\/div><div class=\"wpb_text_column\"><div class=\"wpb_wrapper\"><p style=\"font-weight: 400;\">Die Wiesbadener GR\u00dcNEN haben heute ihr Wahlprogramm und die Liste f\u00fcr die Kommunalwahl 2026 vorgestellt. Mit einer starken Spitze, einem breit aufgestellten Team aus bereits erfahrenen und neuen Kandidierenden wollen sie Wiesbaden auch in den kommenden Jahren politisch gestalten und diese Stadt lebenswerter und zukunftsf\u00e4higer f\u00fcr alle machen.<\/p>\n<p style=\"font-weight: 400;\"><strong>GR\u00dcNE treten mit einem vielf\u00e4ltigen Team mit vielen jungen Gesichtern an<\/strong><\/p>\n<p style=\"font-weight: 400;\">Auf der Liste f\u00fcr die Stadtverordnetenversammlung finden sich viele neue Namen sowie Personen, die bereits f\u00fcr die GR\u00dcNEN Wiesbaden in der Stadtverordnetenversammlung gewesen sind.<\/p>\n<p style=\"font-weight: 400;\">\u201eWir sind mit unserer Liste breit aufgestellt und bringen gemeinsam mit den unterschiedlichen Hintergr\u00fcnden Expertise f\u00fcr alle Politikbereiche mit. Dass wir zu den teils sehr erfahrenen Personen auf unserer Liste acht Personen unter 35 Jahren gew\u00e4hlt haben, zeigt deutlich: Wir denken Zukunft nicht nur, sondern wir holen sie aktiv an den Tisch\u201d, so Rebecca Thomas, Kreisvorsitzende von B\u00dcNDNIS 90\/DIE GR\u00dcNEN Wiesbaden.<\/p>\n<p style=\"font-weight: 400;\"><strong>Die GR\u00dcNEN Wiesbaden wollen \u201eMehr M\u00f6glich Machen\u201d<\/strong><\/p>\n<p style=\"font-weight: 400;\">Mit dem breit aufgestellten Wahlprogramm wollen die GR\u00dcNEN Wiesbaden allen Teilen der Wiesbadener Stadtgesellschaft etwas anbieten.<\/p>\n<p style=\"font-weight: 400;\">Rebecca Thomas, Kreisvorsitzende von B\u00dcNDNIS 90\/DIE GR\u00dcNEN Wiesbaden: \u201eWir \u00fcbernehmen Verantwortung f\u00fcr die gesamte Stadt. Wir wollen keine politische Kraft sein, die sich auf Einzelinteressen verengt, sondern die Stadt f\u00fcr alle Menschen in Wiesbaden besser machen und f\u00fcr die Zukunft gut aufzustellen und f\u00fcr alle in Wiesbaden mehr m\u00f6glich machen.\u201d<\/p>\n<p style=\"font-weight: 400;\">Das Wahlprogramm der GR\u00dcNEN Wiesbaden ist deswegen nicht nur nach Politikbereichen gegliedert, sondern auch nach Zielgruppen wie \u201cKinder, Familien und Alleinerziehende\u201d oder \u201cSenior*innen\u201d, sodass Leser*innen schnell die f\u00fcr sie besonders relevanten Inhalte finden.<\/p>\n<p style=\"font-weight: 400;\">\u201eDie kommenden Jahre sind entscheidend daf\u00fcr, wie Wiesbaden den Herausforderungen von Klimawandel, sozialer Gerechtigkeit, Mobilit\u00e4t und digitaler Transformation begegnet. Wir zeigen heute, dass wir bereit sind, weiter Verantwortung zu \u00fcbernehmen \u2013 mit einem Programm, das ambitioniert und realistisch zugleich ist. Wir stehen f\u00fcr eine Politik, die mutig anpackt, wenn Neues notwendig ist, und Bestehendes weiterentwickelt, wenn es sich bew\u00e4hrt hat. Unsere Leitidee ist eine Stadt, die nicht stehen bleibt, sondern Schritt f\u00fcr Schritt besser wird &#8211; f\u00fcr alle, die hier leben\u201c, sagt Daniel Schmitt, Kreisvorsitzender von B\u00dcNDNIS 90\/DIE GR\u00dcNEN Wiesbaden.<\/p>\n<p style=\"font-weight: 400;\">Das Wahlprogramm setzt mit drei Hauptkapiteln drei zentrale Schwerpunkte:<\/p>\n<ol>\n<li><strong>Weiterentwicklung Wiesbadens zu einer Stadt, in der alle gut leben k\u00f6nnen:<\/strong> In diesem Kapitel geht es um alle infrastrukturelle Teilbereiche des Lebens, die alle Wiesbadener*innen betreffen &#8211; von Wohnraum, Mobilit\u00e4t, Gesundheitsversorgung und Kinderbetreuungsangeboten sowie digitalen B\u00fcrger*innenservices bis hin zu Kultur- und Sportangeboten. Dabei stehen vor allem der Erhalt und die Verbesserung der Lebensqualit\u00e4t f\u00fcr alle Menschen in Wiesbaden im Vordergrund. Hierbei verbinden die GR\u00dcNEN mit Blick auf die Klimakrise und die damit erwachsenden Herausforderungen der Zukunft Stadtentwicklung mit Klimaschutz, Klimaanpassung und Umweltschutz sowie Bev\u00f6lkerungsschutz.<\/li>\n<li><strong>Gestaltung von Wiesbaden als eine Stadt, in der alle dazugeh\u00f6ren:<\/strong> Hier zeigen die GR\u00dcNEN, dass es ihnen ein Anliegen ist, dass alle verschiedenen Gesellschaftsgruppen mit ihren unterschiedlichen Realit\u00e4ten, Bed\u00fcrfnissen und Perspektiven ein politisches Angebot bekommen, das Wiesbaden f\u00fcr sie besser machen wird &#8211; von Frauen, Familien, jungen Erwachsenen und Senior*innen bis hin zu Menschen aus der LGBTQAI*-Community, Menschen mit Behinderungen, Menschen mit Migrationsgeschichte und auch Menschen in sozialen Notlagen.<\/li>\n<li><strong>Sicherung der Zukunftsf\u00e4higkeit Wiesbadens als starke Kommune<\/strong>: Hier verbinden die GR\u00dcNEN Wiesbaden Ma\u00dfnahmen zur F\u00f6rderung der Attraktivit\u00e4t und St\u00e4rke Wiesbadens als Hochschul- und Wirtschaftsstandort mit Ma\u00dfnahmen zur Modernisierung und Transformation von Wiesbadens Infrastruktur, um verl\u00e4ssliche, funktionierende und nachhaltige Voraussetzungen f\u00fcr den Wirtschaftsstandort Wiesbaden zu schaffen. Ebenso wollen die GR\u00dcNEN die Verwaltung modernisieren, diese mit Blick auf Digitalisierung und demografischen Wandel fit f\u00fcr die Zukunft und die Stadtverwaltung attraktiv f\u00fcr junge Fachkr\u00e4fte als Arbeitgeberin machen.<\/li>\n<\/ol>\n<p style=\"font-weight: 400;\"><strong>Gesine Bonnet und Martin Kraft als Spitzenduo des gr\u00fcnen Teams<\/strong><\/p>\n<p style=\"font-weight: 400;\">Angef\u00fchrt wird die Liste f\u00fcr die Stadtverordnetenversammlung von B\u00dcNDNIS 90\/DIE GR\u00dcNEN Wiesbaden durch Gesine Bonnet und Martin Kraft, die Erfahrung und Zukunftsperspektive verbindet.<\/p>\n<p style=\"font-weight: 400;\">\u201eWir stehen f\u00fcr eine Politik, die die Chancen des Wandels ergreift, von der Energiewende \u00fcber den Strukturwandel der Innenstadt bis hin zur digitalen Transformation. So st\u00e4rken wir unseren Wirtschaftsstandort, sorgen f\u00fcr eine schlagkr\u00e4ftige und b\u00fcrger*innennahe Verwaltung auch in Zeiten des Fachkr\u00e4ftemangels und machen unser soziales Netz krisenfest.\u201d, sagt Gesine Bonnet. \u201eNur so finden wir echte Antworten auf existierende Zukunftssorgen. Wer hingegen glaubt, die L\u00f6sung l\u00e4ge in einem nostalgischen Gestern, macht den Menschen etwas vor.\u201d<\/p>\n<p style=\"font-weight: 400;\">Spitzenkandidat Martin Kraft erg\u00e4nzt: \u201eUnsere Stadt hat enormes Potenzial. Das gilt es aber auch zu nutzen. Wir erleben heute die Folgen des Sanierungsstaus der letzten Jahrzehnte. F\u00fcr uns ist es deshalb wesentlich, Wiesbaden jetzt fit f\u00fcr die Zukunft zu machen \u2013 mit Investitionen in die klimaneutrale Energieversorgung, in Schulen und B\u00fcrgerh\u00e4user und die Verkehrsinfrastruktur. Klimaschutz wollen wir als Chance der Stadtentwicklung nutzen. Beispiele daf\u00fcr sind die Verwandlung des Els\u00e4sser Platzes in einen Park oder die Umgestaltung der Schwalbacher Stra\u00dfe.\u201d<\/p>\n<p style=\"font-weight: 400;\"><strong>Das Wahlprogramm &#8211; mehrsprachig, barrierearm und mobilfreundlich<\/strong><\/p>\n<p style=\"font-weight: 400;\">Auf <a href=\"http:\/\/gruene-wiesbaden.de\/\">gruene-wiesbaden.de<\/a> sind das Wahlprogramm und die Liste f\u00fcr die Stadtverordnetenversammlung als PDF abrufbar sowie das Wahlprogramm direkt auch \u00fcbersichtlich aufbereitet auf der Website selbst verf\u00fcgbar.<\/p>\n<p style=\"font-weight: 400;\">Rebecca Thomas betont: \u201eUns ist es wichtig, dass alle Menschen nachvollziehen k\u00f6nnen, wof\u00fcr wir stehen. Deshalb bieten wir unsere Website und damit auch das Wahlprogramm in vielen verschiedenen Sprachen an und haben daran gearbeitet, unsere Website so barrierearm und inklusiv wie m\u00f6glich zu gestalten. Da viele Menschen sich vor allem mit ihrem Smartphone informieren, war uns auch die mobile Lesbarkeit wichtig\u201d.<\/p>\n<\/div><\/div><\/div><\/div><\/div><\/div><\/section>\n","protected":false},"excerpt":{"rendered":"MEHR M\u00d6GLICH MACHEN f\u00fcr Wiesbaden &#8211; GR\u00dcNE Wiesbaden starten mit starkem Team und Zukunftsprogramm in den Kommunalwahlkampf 2026Die Wiesbadener GR\u00dcNEN haben heute ihr Wahlprogramm und die Liste f\u00fcr die Kommunalwahl 2026 vorgestellt. Mit einer starken Spitze, einem breit aufgestellten Team aus bereits erfahrenen und neuen Kandidierenden wollen sie Wiesbaden auch in den kommenden Jahren politisch...","protected":false},"author":1,"featured_media":1661,"comment_status":"closed","ping_status":"closed","sticky":false,"template":"","format":"standard","meta":{"footnotes":""},"categories":[8,5],"tags":[],"class_list":["post-1660","post","type-post","status-publish","format-standard","has-post-thumbnail","hentry","category-allgemein","category-wahlen"],"yoast_head":"<!-- This site is optimized with the Yoast SEO plugin v27.5 - https:\/\/yoast.com\/product\/yoast-seo-wordpress\/ -->\n<title>MEHR M\u00d6GLICH MACHEN f\u00fcr Wiesbaden - GR\u00dcNE Wiesbaden starten mit starkem Team und Zukunftsprogramm in den Kommunalwahlkampf 2026 - B\u00dcNDNIS 90\/DIE GR\u00dcNEN Wiesbaden<\/title>\n<meta name=\"robots\" content=\"index, follow, max-snippet:-1, max-image-preview:large, max-video-preview:-1\" \/>\n<link rel=\"canonical\" href=\"https:\/\/gruene-wiesbaden.de\/de\/mehr-moeglich-machen-fuer-wiesbaden-gruene-wiesbaden-starten-mit-starkem-team-und-zukunftsprogramm-in-den-kommunalwahlkampf-2026\/\" \/>\n<meta property=\"og:locale\" content=\"de_DE\" \/>\n<meta property=\"og:type\" content=\"article\" \/>\n<meta property=\"og:title\" content=\"MEHR M\u00d6GLICH MACHEN f\u00fcr Wiesbaden - GR\u00dcNE Wiesbaden starten mit starkem Team und Zukunftsprogramm in den Kommunalwahlkampf 2026 - B\u00dcNDNIS 90\/DIE GR\u00dcNEN Wiesbaden\" \/>\n<meta property=\"og:url\" content=\"https:\/\/gruene-wiesbaden.de\/de\/mehr-moeglich-machen-fuer-wiesbaden-gruene-wiesbaden-starten-mit-starkem-team-und-zukunftsprogramm-in-den-kommunalwahlkampf-2026\/\" \/>\n<meta property=\"og:site_name\" content=\"B\u00dcNDNIS 90\/DIE GR\u00dcNEN Wiesbaden\" \/>\n<meta property=\"article:publisher\" content=\"https:\/\/www.facebook.com\/gruene.wi\" \/>\n<meta property=\"article:published_time\" content=\"2025-12-01T10:53:02+00:00\" \/>\n<meta property=\"article:modified_time\" content=\"2025-12-01T10:55:39+00:00\" \/>\n<meta property=\"og:image\" content=\"https:\/\/gruene-wiesbaden.de\/wp-content\/uploads\/2025\/12\/Bild-GRUeNE-WIESBADEN.png\" \/>\n\t<meta property=\"og:image:width\" content=\"968\" \/>\n\t<meta property=\"og:image:height\" content=\"730\" \/>\n\t<meta property=\"og:image:type\" content=\"image\/png\" \/>\n<meta name=\"author\" content=\"admin\" \/>\n<meta name=\"twitter:card\" content=\"summary_large_image\" \/>\n<meta name=\"twitter:label1\" content=\"Verfasst von\" \/>\n\t<meta name=\"twitter:data1\" content=\"admin\" \/>\n\t<meta name=\"twitter:label2\" content=\"Gesch\u00e4tzte Lesezeit\" \/>\n\t<meta name=\"twitter:data2\" content=\"5\u00a0Minuten\" \/>\n<script type=\"application\/ld+json\" class=\"yoast-schema-graph\">{\"@context\":\"https:\\\/\\\/schema.org\",\"@graph\":[{\"@type\":\"Article\",\"@id\":\"https:\\\/\\\/gruene-wiesbaden.de\\\/mehr-moeglich-machen-fuer-wiesbaden-gruene-wiesbaden-starten-mit-starkem-team-und-zukunftsprogramm-in-den-kommunalwahlkampf-2026\\\/#article\",\"isPartOf\":{\"@id\":\"https:\\\/\\\/gruene-wiesbaden.de\\\/mehr-moeglich-machen-fuer-wiesbaden-gruene-wiesbaden-starten-mit-starkem-team-und-zukunftsprogramm-in-den-kommunalwahlkampf-2026\\\/\"},\"author\":{\"name\":\"admin\",\"@id\":\"https:\\\/\\\/gruene-wiesbaden.de\\\/#\\\/schema\\\/person\\\/6785c34779159cd4fd86886bb097afe9\"},\"headline\":\"MEHR M\u00d6GLICH MACHEN f\u00fcr Wiesbaden &#8211; GR\u00dcNE Wiesbaden starten mit starkem Team und Zukunftsprogramm in den Kommunalwahlkampf 2026\",\"datePublished\":\"2025-12-01T10:53:02+00:00\",\"dateModified\":\"2025-12-01T10:55:39+00:00\",\"mainEntityOfPage\":{\"@id\":\"https:\\\/\\\/gruene-wiesbaden.de\\\/mehr-moeglich-machen-fuer-wiesbaden-gruene-wiesbaden-starten-mit-starkem-team-und-zukunftsprogramm-in-den-kommunalwahlkampf-2026\\\/\"},\"wordCount\":1000,\"publisher\":{\"@id\":\"https:\\\/\\\/gruene-wiesbaden.de\\\/#organization\"},\"image\":{\"@id\":\"https:\\\/\\\/gruene-wiesbaden.de\\\/mehr-moeglich-machen-fuer-wiesbaden-gruene-wiesbaden-starten-mit-starkem-team-und-zukunftsprogramm-in-den-kommunalwahlkampf-2026\\\/#primaryimage\"},\"thumbnailUrl\":\"https:\\\/\\\/gruene-wiesbaden.de\\\/wp-content\\\/uploads\\\/2025\\\/12\\\/Bild-GRUeNE-WIESBADEN.png\",\"articleSection\":{\"1\":\"Wahlen\"},\"inLanguage\":\"de\"},{\"@type\":\"WebPage\",\"@id\":\"https:\\\/\\\/gruene-wiesbaden.de\\\/mehr-moeglich-machen-fuer-wiesbaden-gruene-wiesbaden-starten-mit-starkem-team-und-zukunftsprogramm-in-den-kommunalwahlkampf-2026\\\/\",\"url\":\"https:\\\/\\\/gruene-wiesbaden.de\\\/mehr-moeglich-machen-fuer-wiesbaden-gruene-wiesbaden-starten-mit-starkem-team-und-zukunftsprogramm-in-den-kommunalwahlkampf-2026\\\/\",\"name\":\"MEHR M\u00d6GLICH MACHEN f\u00fcr Wiesbaden - GR\u00dcNE Wiesbaden starten mit starkem Team und Zukunftsprogramm in den Kommunalwahlkampf 2026 - B\u00dcNDNIS 90\\\/DIE GR\u00dcNEN Wiesbaden\",\"isPartOf\":{\"@id\":\"https:\\\/\\\/gruene-wiesbaden.de\\\/#website\"},\"primaryImageOfPage\":{\"@id\":\"https:\\\/\\\/gruene-wiesbaden.de\\\/mehr-moeglich-machen-fuer-wiesbaden-gruene-wiesbaden-starten-mit-starkem-team-und-zukunftsprogramm-in-den-kommunalwahlkampf-2026\\\/#primaryimage\"},\"image\":{\"@id\":\"https:\\\/\\\/gruene-wiesbaden.de\\\/mehr-moeglich-machen-fuer-wiesbaden-gruene-wiesbaden-starten-mit-starkem-team-und-zukunftsprogramm-in-den-kommunalwahlkampf-2026\\\/#primaryimage\"},\"thumbnailUrl\":\"https:\\\/\\\/gruene-wiesbaden.de\\\/wp-content\\\/uploads\\\/2025\\\/12\\\/Bild-GRUeNE-WIESBADEN.png\",\"datePublished\":\"2025-12-01T10:53:02+00:00\",\"dateModified\":\"2025-12-01T10:55:39+00:00\",\"breadcrumb\":{\"@id\":\"https:\\\/\\\/gruene-wiesbaden.de\\\/mehr-moeglich-machen-fuer-wiesbaden-gruene-wiesbaden-starten-mit-starkem-team-und-zukunftsprogramm-in-den-kommunalwahlkampf-2026\\\/#breadcrumb\"},\"inLanguage\":\"de\",\"potentialAction\":[{\"@type\":\"ReadAction\",\"target\":[\"https:\\\/\\\/gruene-wiesbaden.de\\\/mehr-moeglich-machen-fuer-wiesbaden-gruene-wiesbaden-starten-mit-starkem-team-und-zukunftsprogramm-in-den-kommunalwahlkampf-2026\\\/\"]}]},{\"@type\":\"ImageObject\",\"inLanguage\":\"de\",\"@id\":\"https:\\\/\\\/gruene-wiesbaden.de\\\/mehr-moeglich-machen-fuer-wiesbaden-gruene-wiesbaden-starten-mit-starkem-team-und-zukunftsprogramm-in-den-kommunalwahlkampf-2026\\\/#primaryimage\",\"url\":\"https:\\\/\\\/gruene-wiesbaden.de\\\/wp-content\\\/uploads\\\/2025\\\/12\\\/Bild-GRUeNE-WIESBADEN.png\",\"contentUrl\":\"https:\\\/\\\/gruene-wiesbaden.de\\\/wp-content\\\/uploads\\\/2025\\\/12\\\/Bild-GRUeNE-WIESBADEN.png\",\"width\":968,\"height\":730},{\"@type\":\"BreadcrumbList\",\"@id\":\"https:\\\/\\\/gruene-wiesbaden.de\\\/mehr-moeglich-machen-fuer-wiesbaden-gruene-wiesbaden-starten-mit-starkem-team-und-zukunftsprogramm-in-den-kommunalwahlkampf-2026\\\/#breadcrumb\",\"itemListElement\":[{\"@type\":\"ListItem\",\"position\":1,\"name\":\"Startseite\",\"item\":\"https:\\\/\\\/gruene-wiesbaden.de\\\/\"},{\"@type\":\"ListItem\",\"position\":2,\"name\":\"MEHR M\u00d6GLICH MACHEN f\u00fcr Wiesbaden &#8211; GR\u00dcNE Wiesbaden starten mit starkem Team und Zukunftsprogramm in den Kommunalwahlkampf 2026\"}]},{\"@type\":\"WebSite\",\"@id\":\"https:\\\/\\\/gruene-wiesbaden.de\\\/#website\",\"url\":\"https:\\\/\\\/gruene-wiesbaden.de\\\/\",\"name\":\"DIE GR\u00dcNEN Wiesbaden\",\"description\":\"\",\"publisher\":{\"@id\":\"https:\\\/\\\/gruene-wiesbaden.de\\\/#organization\"},\"potentialAction\":[{\"@type\":\"SearchAction\",\"target\":{\"@type\":\"EntryPoint\",\"urlTemplate\":\"https:\\\/\\\/gruene-wiesbaden.de\\\/?s={search_term_string}\"},\"query-input\":{\"@type\":\"PropertyValueSpecification\",\"valueRequired\":true,\"valueName\":\"search_term_string\"}}],\"inLanguage\":\"de\"},{\"@type\":\"Organization\",\"@id\":\"https:\\\/\\\/gruene-wiesbaden.de\\\/#organization\",\"name\":\"DIE GR\u00dcNEN Wiesbaden\",\"url\":\"https:\\\/\\\/gruene-wiesbaden.de\\\/\",\"logo\":{\"@type\":\"ImageObject\",\"inLanguage\":\"de\",\"@id\":\"https:\\\/\\\/gruene-wiesbaden.de\\\/#\\\/schema\\\/logo\\\/image\\\/\",\"url\":\"https:\\\/\\\/gruene-wiesbaden-fuer-europa.de\\\/wp-content\\\/uploads\\\/2024\\\/04\\\/Machen-was-zaehlt-5.png\",\"contentUrl\":\"https:\\\/\\\/gruene-wiesbaden-fuer-europa.de\\\/wp-content\\\/uploads\\\/2024\\\/04\\\/Machen-was-zaehlt-5.png\",\"width\":1772,\"height\":1772,\"caption\":\"DIE GR\u00dcNEN Wiesbaden\"},\"image\":{\"@id\":\"https:\\\/\\\/gruene-wiesbaden.de\\\/#\\\/schema\\\/logo\\\/image\\\/\"},\"sameAs\":[\"https:\\\/\\\/www.facebook.com\\\/gruene.wi\",\"https:\\\/\\\/instagram.com\\\/gruene_wi\"]},{\"@type\":\"Person\",\"@id\":\"https:\\\/\\\/gruene-wiesbaden.de\\\/#\\\/schema\\\/person\\\/6785c34779159cd4fd86886bb097afe9\",\"name\":\"admin\",\"sameAs\":[\"http:\\\/\\\/gruene-wiesbaden-fuer-europa.de\"],\"url\":\"https:\\\/\\\/gruene-wiesbaden.de\\\/de\\\/author\\\/admin\\\/\"}]}<\/script>\n<!-- \/ Yoast SEO plugin. -->","yoast_head_json":{"title":"MEHR M\u00d6GLICH MACHEN f\u00fcr Wiesbaden - GR\u00dcNE Wiesbaden starten mit starkem Team und Zukunftsprogramm in den Kommunalwahlkampf 2026 - B\u00dcNDNIS 90\/DIE GR\u00dcNEN Wiesbaden","robots":{"index":"index","follow":"follow","max-snippet":"max-snippet:-1","max-image-preview":"max-image-preview:large","max-video-preview":"max-video-preview:-1"},"canonical":"https:\/\/gruene-wiesbaden.de\/de\/mehr-moeglich-machen-fuer-wiesbaden-gruene-wiesbaden-starten-mit-starkem-team-und-zukunftsprogramm-in-den-kommunalwahlkampf-2026\/","og_locale":"de_DE","og_type":"article","og_title":"MEHR M\u00d6GLICH MACHEN f\u00fcr Wiesbaden - GR\u00dcNE Wiesbaden starten mit starkem Team und Zukunftsprogramm in den Kommunalwahlkampf 2026 - B\u00dcNDNIS 90\/DIE GR\u00dcNEN Wiesbaden","og_url":"https:\/\/gruene-wiesbaden.de\/de\/mehr-moeglich-machen-fuer-wiesbaden-gruene-wiesbaden-starten-mit-starkem-team-und-zukunftsprogramm-in-den-kommunalwahlkampf-2026\/","og_site_name":"B\u00dcNDNIS 90\/DIE GR\u00dcNEN Wiesbaden","article_publisher":"https:\/\/www.facebook.com\/gruene.wi","article_published_time":"2025-12-01T10:53:02+00:00","article_modified_time":"2025-12-01T10:55:39+00:00","og_image":[{"width":968,"height":730,"url":"https:\/\/gruene-wiesbaden.de\/wp-content\/uploads\/2025\/12\/Bild-GRUeNE-WIESBADEN.png","type":"image\/png"}],"author":"admin","twitter_card":"summary_large_image","twitter_misc":{"Verfasst von":"admin","Gesch\u00e4tzte Lesezeit":"5\u00a0Minuten"},"schema":{"@context":"https:\/\/schema.org","@graph":[{"@type":"Article","@id":"https:\/\/gruene-wiesbaden.de\/mehr-moeglich-machen-fuer-wiesbaden-gruene-wiesbaden-starten-mit-starkem-team-und-zukunftsprogramm-in-den-kommunalwahlkampf-2026\/#article","isPartOf":{"@id":"https:\/\/gruene-wiesbaden.de\/mehr-moeglich-machen-fuer-wiesbaden-gruene-wiesbaden-starten-mit-starkem-team-und-zukunftsprogramm-in-den-kommunalwahlkampf-2026\/"},"author":{"name":"admin","@id":"https:\/\/gruene-wiesbaden.de\/#\/schema\/person\/6785c34779159cd4fd86886bb097afe9"},"headline":"MEHR M\u00d6GLICH MACHEN f\u00fcr Wiesbaden &#8211; GR\u00dcNE Wiesbaden starten mit starkem Team und Zukunftsprogramm in den Kommunalwahlkampf 2026","datePublished":"2025-12-01T10:53:02+00:00","dateModified":"2025-12-01T10:55:39+00:00","mainEntityOfPage":{"@id":"https:\/\/gruene-wiesbaden.de\/mehr-moeglich-machen-fuer-wiesbaden-gruene-wiesbaden-starten-mit-starkem-team-und-zukunftsprogramm-in-den-kommunalwahlkampf-2026\/"},"wordCount":1000,"publisher":{"@id":"https:\/\/gruene-wiesbaden.de\/#organization"},"image":{"@id":"https:\/\/gruene-wiesbaden.de\/mehr-moeglich-machen-fuer-wiesbaden-gruene-wiesbaden-starten-mit-starkem-team-und-zukunftsprogramm-in-den-kommunalwahlkampf-2026\/#primaryimage"},"thumbnailUrl":"https:\/\/gruene-wiesbaden.de\/wp-content\/uploads\/2025\/12\/Bild-GRUeNE-WIESBADEN.png","articleSection":{"1":"Wahlen"},"inLanguage":"de"},{"@type":"WebPage","@id":"https:\/\/gruene-wiesbaden.de\/mehr-moeglich-machen-fuer-wiesbaden-gruene-wiesbaden-starten-mit-starkem-team-und-zukunftsprogramm-in-den-kommunalwahlkampf-2026\/","url":"https:\/\/gruene-wiesbaden.de\/mehr-moeglich-machen-fuer-wiesbaden-gruene-wiesbaden-starten-mit-starkem-team-und-zukunftsprogramm-in-den-kommunalwahlkampf-2026\/","name":"MEHR M\u00d6GLICH MACHEN f\u00fcr Wiesbaden - GR\u00dcNE Wiesbaden starten mit starkem Team und Zukunftsprogramm in den Kommunalwahlkampf 2026 - B\u00dcNDNIS 90\/DIE GR\u00dcNEN Wiesbaden","isPartOf":{"@id":"https:\/\/gruene-wiesbaden.de\/#website"},"primaryImageOfPage":{"@id":"https:\/\/gruene-wiesbaden.de\/mehr-moeglich-machen-fuer-wiesbaden-gruene-wiesbaden-starten-mit-starkem-team-und-zukunftsprogramm-in-den-kommunalwahlkampf-2026\/#primaryimage"},"image":{"@id":"https:\/\/gruene-wiesbaden.de\/mehr-moeglich-machen-fuer-wiesbaden-gruene-wiesbaden-starten-mit-starkem-team-und-zukunftsprogramm-in-den-kommunalwahlkampf-2026\/#primaryimage"},"thumbnailUrl":"https:\/\/gruene-wiesbaden.de\/wp-content\/uploads\/2025\/12\/Bild-GRUeNE-WIESBADEN.png","datePublished":"2025-12-01T10:53:02+00:00","dateModified":"2025-12-01T10:55:39+00:00","breadcrumb":{"@id":"https:\/\/gruene-wiesbaden.de\/mehr-moeglich-machen-fuer-wiesbaden-gruene-wiesbaden-starten-mit-starkem-team-und-zukunftsprogramm-in-den-kommunalwahlkampf-2026\/#breadcrumb"},"inLanguage":"de","potentialAction":[{"@type":"ReadAction","target":["https:\/\/gruene-wiesbaden.de\/mehr-moeglich-machen-fuer-wiesbaden-gruene-wiesbaden-starten-mit-starkem-team-und-zukunftsprogramm-in-den-kommunalwahlkampf-2026\/"]}]},{"@type":"ImageObject","inLanguage":"de","@id":"https:\/\/gruene-wiesbaden.de\/mehr-moeglich-machen-fuer-wiesbaden-gruene-wiesbaden-starten-mit-starkem-team-und-zukunftsprogramm-in-den-kommunalwahlkampf-2026\/#primaryimage","url":"https:\/\/gruene-wiesbaden.de\/wp-content\/uploads\/2025\/12\/Bild-GRUeNE-WIESBADEN.png","contentUrl":"https:\/\/gruene-wiesbaden.de\/wp-content\/uploads\/2025\/12\/Bild-GRUeNE-WIESBADEN.png","width":968,"height":730},{"@type":"BreadcrumbList","@id":"https:\/\/gruene-wiesbaden.de\/mehr-moeglich-machen-fuer-wiesbaden-gruene-wiesbaden-starten-mit-starkem-team-und-zukunftsprogramm-in-den-kommunalwahlkampf-2026\/#breadcrumb","itemListElement":[{"@type":"ListItem","position":1,"name":"Startseite","item":"https:\/\/gruene-wiesbaden.de\/"},{"@type":"ListItem","position":2,"name":"MEHR M\u00d6GLICH MACHEN f\u00fcr Wiesbaden &#8211; GR\u00dcNE Wiesbaden starten mit starkem Team und Zukunftsprogramm in den Kommunalwahlkampf 2026"}]},{"@type":"WebSite","@id":"https:\/\/gruene-wiesbaden.de\/#website","url":"https:\/\/gruene-wiesbaden.de\/","name":"DIE GR\u00dcNEN Wiesbaden","description":"","publisher":{"@id":"https:\/\/gruene-wiesbaden.de\/#organization"},"potentialAction":[{"@type":"SearchAction","target":{"@type":"EntryPoint","urlTemplate":"https:\/\/gruene-wiesbaden.de\/?s={search_term_string}"},"query-input":{"@type":"PropertyValueSpecification","valueRequired":true,"valueName":"search_term_string"}}],"inLanguage":"de"},{"@type":"Organization","@id":"https:\/\/gruene-wiesbaden.de\/#organization","name":"DIE GR\u00dcNEN Wiesbaden","url":"https:\/\/gruene-wiesbaden.de\/","logo":{"@type":"ImageObject","inLanguage":"de","@id":"https:\/\/gruene-wiesbaden.de\/#\/schema\/logo\/image\/","url":"https:\/\/gruene-wiesbaden-fuer-europa.de\/wp-content\/uploads\/2024\/04\/Machen-was-zaehlt-5.png","contentUrl":"https:\/\/gruene-wiesbaden-fuer-europa.de\/wp-content\/uploads\/2024\/04\/Machen-was-zaehlt-5.png","width":1772,"height":1772,"caption":"DIE GR\u00dcNEN Wiesbaden"},"image":{"@id":"https:\/\/gruene-wiesbaden.de\/#\/schema\/logo\/image\/"},"sameAs":["https:\/\/www.facebook.com\/gruene.wi","https:\/\/instagram.com\/gruene_wi"]},{"@type":"Person","@id":"https:\/\/gruene-wiesbaden.de\/#\/schema\/person\/6785c34779159cd4fd86886bb097afe9","name":"admin","sameAs":["http:\/\/gruene-wiesbaden-fuer-europa.de"],"url":"https:\/\/gruene-wiesbaden.de\/de\/author\/admin\/"}]}},"_links":{"self":[{"href":"https:\/\/gruene-wiesbaden.de\/de\/wp-json\/wp\/v2\/posts\/1660","targetHints":{"allow":["GET"]}}],"collection":[{"href":"https:\/\/gruene-wiesbaden.de\/de\/wp-json\/wp\/v2\/posts"}],"about":[{"href":"https:\/\/gruene-wiesbaden.de\/de\/wp-json\/wp\/v2\/types\/post"}],"author":[{"embeddable":true,"href":"https:\/\/gruene-wiesbaden.de\/de\/wp-json\/wp\/v2\/users\/1"}],"replies":[{"embeddable":true,"href":"https:\/\/gruene-wiesbaden.de\/de\/wp-json\/wp\/v2\/comments?post=1660"}],"version-history":[{"count":4,"href":"https:\/\/gruene-wiesbaden.de\/de\/wp-json\/wp\/v2\/posts\/1660\/revisions"}],"predecessor-version":[{"id":1665,"href":"https:\/\/gruene-wiesbaden.de\/de\/wp-json\/wp\/v2\/posts\/1660\/revisions\/1665"}],"wp:featuredmedia":[{"embeddable":true,"href":"https:\/\/gruene-wiesbaden.de\/de\/wp-json\/wp\/v2\/media\/1661"}],"wp:attachment":[{"href":"https:\/\/gruene-wiesbaden.de\/de\/wp-json\/wp\/v2\/media?parent=1660"}],"wp:term":[{"taxonomy":"category","embeddable":true,"href":"https:\/\/gruene-wiesbaden.de\/de\/wp-json\/wp\/v2\/categories?post=1660"},{"taxonomy":"post_tag","embeddable":true,"href":"https:\/\/gruene-wiesbaden.de\/de\/wp-json\/wp\/v2\/tags?post=1660"}],"curies":[{"name":"wp","href":"https:\/\/api.w.org\/{rel}","templated":true}]}}