{"id":1396,"date":"2025-11-10T00:44:07","date_gmt":"2025-11-09T22:44:07","guid":{"rendered":"https:\/\/gruene-wiesbaden.de\/?p=1396"},"modified":"2025-11-24T18:56:05","modified_gmt":"2025-11-24T16:56:05","slug":"praeambel-zukunftsfaehigkeit-wiesbadens-sichern","status":"publish","type":"post","link":"https:\/\/gruene-wiesbaden.de\/de\/praeambel-zukunftsfaehigkeit-wiesbadens-sichern\/","title":{"rendered":"Pr\u00e4ambel: Zukunftsf\u00e4higkeit Wiesbadens sichern"},"content":{"rendered":"<section class=\"l-section wpb_row height_medium with_img\"><div class=\"l-section-img\" role=\"img\" data-img-width=\"2560\" data-img-height=\"1440\" style=\"background-image: url(https:\/\/gruene-wiesbaden.de\/wp-content\/uploads\/2025\/11\/MJK_82683-3-scaled.jpg);\"><\/div><div class=\"l-section-overlay\" style=\"background:var(--color-header-top-transparent-bg)\"><\/div><div class=\"l-section-h i-cf\"><div class=\"g-cols vc_row via_grid cols_1 laptops-cols_inherit tablets-cols_inherit mobiles-cols_1 valign_top type_default stacking_default\"><div class=\"wpb_column vc_column_container\"><div class=\"vc_column-inner\"><div class=\"g-cols wpb_row us_custom_baf6e999 via_grid cols_1 laptops-cols_inherit tablets-cols_inherit mobiles-cols_1 valign_top type_boxes stacking_default\" style=\"--columns-gap:3rem;\"><div class=\"wpb_column vc_column_container\"><div class=\"vc_column-inner\"><h1 class=\"w-post-elm post_title us_custom_24a85f83 has_text_color entry-title\">Pr\u00e4ambel: Zukunftsf\u00e4higkeit Wiesbadens sichern<\/h1><div class=\"w-separator size_medium\"><\/div><div class=\"wpb_text_column us_custom_8b3d6790 has_text_color\"><div class=\"wpb_wrapper\"><p><span style=\"font-weight: 400;\">Klimaschutz, eine intakte Umwelt, eine leistungsf\u00e4hige und nachhaltige Infrastruktur, Digitalisierung, Fachkr\u00e4fte- und Arbeitsplatzsicherung, soziales Miteinander und solide Finanzen entscheiden mit dar\u00fcber, ob Wiesbaden auch morgen stark, lebenswert und handlungsf\u00e4hig bleibt.<\/span><\/p>\n<p><span style=\"font-weight: 400;\">Wir GR\u00dcNE wollen ein Wiesbaden, das seine wirtschaftliche St\u00e4rke im Rhein-Main-Gebiet nutzt, um Verantwortung f\u00fcr Umwelt, Menschen und kommende Generationen zu \u00fcbernehmen \u2013 f\u00fcr eine Stadt, die gesund w\u00e4chst, Vielfalt lebt und den Wandel mit klugen Ideen gestaltet.<\/span><\/p>\n<p><span style=\"font-weight: 400;\">Zukunftsf\u00e4higkeit hei\u00dft f\u00fcr uns Bildung, Arbeit, Klimaschutz und Klimaanpassung, Digitalisierung sowie Finanzen miteinander zu verbinden: mit starken Hochschulen, einer gerechten Wirtschaft, die auf Klimaschutz und gute Arbeit setzt, moderner Infrastruktur und Energieversorgung und einer digitalen, menschenorientierten und leistungsstarken Verwaltung sowie Finanzen, die kommende Generationen nicht belasten, sondern bef\u00e4higen zu gestalten.<\/span><\/p>\n<p><span style=\"font-weight: 400;\">Daf\u00fcr braucht es eine Politik, die<\/span><\/p>\n<ul>\n<li style=\"font-weight: 400;\" aria-level=\"1\"><span style=\"font-weight: 400;\">Bildung und Forschung st\u00e4rkt \u2013 damit junge Menschen hier lernen, bleiben und gestalten k\u00f6nnen,<\/span><\/li>\n<\/ul>\n<ul>\n<li style=\"font-weight: 400;\" aria-level=\"1\"><span style=\"font-weight: 400;\">nachhaltiges Wirtschaften f\u00f6rdert \u2013 durch faire Bedingungen f\u00fcr bestehende Unternehmen, Gr\u00fcnder*innen und Besch\u00e4ftigte,<\/span><\/li>\n<\/ul>\n<ul>\n<li style=\"font-weight: 400;\" aria-level=\"1\"><span style=\"font-weight: 400;\">Infrastruktur und Energieversorgung modernisiert \u2013 f\u00fcr Klimaneutralit\u00e4t, Klimaanpassung, Versorgungssicherheit und Lebensqualit\u00e4t,<\/span><\/li>\n<\/ul>\n<ul>\n<li style=\"font-weight: 400;\" aria-level=\"1\"><span style=\"font-weight: 400;\">Verwaltung und Stadt als Arbeitgeberin weiterentwickelt \u2013 digital, effizient und menschlich,<\/span><\/li>\n<\/ul>\n<ul>\n<li style=\"font-weight: 400;\" aria-level=\"1\"><span style=\"font-weight: 400;\">Haushalt und Beteiligungen nachhaltig steuert \u2013 verantwortungsvoll, generationengerecht und gemeinwohlorientiert.<\/span><\/li>\n<\/ul>\n<p><span style=\"font-weight: 400;\">Dieses Kapitel zeigt, wie wir Wiesbaden zukunftsf\u00e4hig machen wollen \u2013 als Teil einer starken Region zwischen Rhein, Main und Taunus &#8211; als Stadt, die in Menschen investiert und ihre St\u00e4rke aus dem Zusammenspiel von Wirtschaft, Gesellschaft und Natur gewinnt.<\/span><\/p>\n<p>Wir machen mehr m\u00f6glich. F\u00fcr Wiesbaden. Mit deiner Stimme.<\/p>\n<\/div><\/div><div class=\"w-separator size_medium\"><\/div><div class=\"w-btn-wrapper align_left\"><a class=\"w-btn us-btn-style_8 icon_atleft\" href=\"https:\/\/gruene-wiesbaden.de\/kommunalwahl\/#Kapitel3\"><i class=\"fas fa-chevron-circle-right\"><\/i><span class=\"w-btn-label\">Zur\u00fcck zur \u00dcbersicht<\/span><\/a><\/div><\/div><\/div><\/div><div class=\"w-separator size_medium\"><\/div><\/div><\/div><\/div><\/div><\/section>\n","protected":false},"excerpt":{"rendered":"Pr\u00e4ambel: Zukunftsf\u00e4higkeit Wiesbadens sichernKlimaschutz, eine intakte Umwelt, eine leistungsf\u00e4hige und nachhaltige Infrastruktur, Digitalisierung, Fachkr\u00e4fte- und Arbeitsplatzsicherung, soziales Miteinander und solide Finanzen entscheiden mit dar\u00fcber, ob Wiesbaden auch morgen stark, lebenswert und handlungsf\u00e4hig bleibt. Wir GR\u00dcNE wollen ein Wiesbaden, das seine wirtschaftliche St\u00e4rke im Rhein-Main-Gebiet nutzt, um Verantwortung f\u00fcr Umwelt, Menschen und kommende Generationen zu \u00fcbernehmen...","protected":false},"author":1,"featured_media":1400,"comment_status":"closed","ping_status":"closed","sticky":false,"template":"","format":"standard","meta":{"footnotes":""},"categories":[18],"tags":[],"class_list":["post-1396","post","type-post","status-publish","format-standard","has-post-thumbnail","hentry","category-kapitel-3-praeambel"],"yoast_head":"<!-- This site is optimized with the Yoast SEO plugin v27.5 - https:\/\/yoast.com\/product\/yoast-seo-wordpress\/ -->\n<title>Pr\u00e4ambel: Zukunftsf\u00e4higkeit Wiesbadens sichern - B\u00dcNDNIS 90\/DIE GR\u00dcNEN Wiesbaden<\/title>\n<meta name=\"robots\" content=\"index, follow, max-snippet:-1, max-image-preview:large, max-video-preview:-1\" \/>\n<link rel=\"canonical\" href=\"https:\/\/gruene-wiesbaden.de\/de\/praeambel-zukunftsfaehigkeit-wiesbadens-sichern\/\" \/>\n<meta property=\"og:locale\" content=\"de_DE\" \/>\n<meta property=\"og:type\" content=\"article\" \/>\n<meta property=\"og:title\" content=\"Pr\u00e4ambel: Zukunftsf\u00e4higkeit Wiesbadens sichern - B\u00dcNDNIS 90\/DIE GR\u00dcNEN Wiesbaden\" \/>\n<meta property=\"og:url\" content=\"https:\/\/gruene-wiesbaden.de\/de\/praeambel-zukunftsfaehigkeit-wiesbadens-sichern\/\" \/>\n<meta property=\"og:site_name\" content=\"B\u00dcNDNIS 90\/DIE GR\u00dcNEN Wiesbaden\" \/>\n<meta property=\"article:publisher\" content=\"https:\/\/www.facebook.com\/gruene.wi\" \/>\n<meta property=\"article:published_time\" content=\"2025-11-09T22:44:07+00:00\" \/>\n<meta property=\"article:modified_time\" content=\"2025-11-24T16:56:05+00:00\" \/>\n<meta property=\"og:image\" content=\"https:\/\/gruene-wiesbaden.de\/wp-content\/uploads\/2025\/11\/MJK_82683-3-scaled.jpg\" \/>\n\t<meta property=\"og:image:width\" content=\"2560\" \/>\n\t<meta property=\"og:image:height\" content=\"1440\" \/>\n\t<meta property=\"og:image:type\" content=\"image\/jpeg\" \/>\n<meta name=\"author\" content=\"admin\" \/>\n<meta name=\"twitter:card\" content=\"summary_large_image\" \/>\n<meta name=\"twitter:label1\" content=\"Verfasst von\" \/>\n\t<meta name=\"twitter:data1\" content=\"admin\" \/>\n\t<meta name=\"twitter:label2\" content=\"Gesch\u00e4tzte Lesezeit\" \/>\n\t<meta name=\"twitter:data2\" content=\"2\u00a0Minuten\" \/>\n<script type=\"application\/ld+json\" class=\"yoast-schema-graph\">{\"@context\":\"https:\\\/\\\/schema.org\",\"@graph\":[{\"@type\":\"Article\",\"@id\":\"https:\\\/\\\/gruene-wiesbaden.de\\\/praeambel-zukunftsfaehigkeit-wiesbadens-sichern\\\/#article\",\"isPartOf\":{\"@id\":\"https:\\\/\\\/gruene-wiesbaden.de\\\/praeambel-zukunftsfaehigkeit-wiesbadens-sichern\\\/\"},\"author\":{\"name\":\"admin\",\"@id\":\"https:\\\/\\\/gruene-wiesbaden.de\\\/#\\\/schema\\\/person\\\/6785c34779159cd4fd86886bb097afe9\"},\"headline\":\"Pr\u00e4ambel: Zukunftsf\u00e4higkeit Wiesbadens sichern\",\"datePublished\":\"2025-11-09T22:44:07+00:00\",\"dateModified\":\"2025-11-24T16:56:05+00:00\",\"mainEntityOfPage\":{\"@id\":\"https:\\\/\\\/gruene-wiesbaden.de\\\/praeambel-zukunftsfaehigkeit-wiesbadens-sichern\\\/\"},\"wordCount\":386,\"publisher\":{\"@id\":\"https:\\\/\\\/gruene-wiesbaden.de\\\/#organization\"},\"image\":{\"@id\":\"https:\\\/\\\/gruene-wiesbaden.de\\\/praeambel-zukunftsfaehigkeit-wiesbadens-sichern\\\/#primaryimage\"},\"thumbnailUrl\":\"https:\\\/\\\/gruene-wiesbaden.de\\\/wp-content\\\/uploads\\\/2025\\\/11\\\/MJK_82683-3-scaled.jpg\",\"articleSection\":[\"Kapitel 3 Pr\u00e4ambel\"],\"inLanguage\":\"de\"},{\"@type\":\"WebPage\",\"@id\":\"https:\\\/\\\/gruene-wiesbaden.de\\\/praeambel-zukunftsfaehigkeit-wiesbadens-sichern\\\/\",\"url\":\"https:\\\/\\\/gruene-wiesbaden.de\\\/praeambel-zukunftsfaehigkeit-wiesbadens-sichern\\\/\",\"name\":\"Pr\u00e4ambel: Zukunftsf\u00e4higkeit Wiesbadens sichern - B\u00dcNDNIS 90\\\/DIE GR\u00dcNEN Wiesbaden\",\"isPartOf\":{\"@id\":\"https:\\\/\\\/gruene-wiesbaden.de\\\/#website\"},\"primaryImageOfPage\":{\"@id\":\"https:\\\/\\\/gruene-wiesbaden.de\\\/praeambel-zukunftsfaehigkeit-wiesbadens-sichern\\\/#primaryimage\"},\"image\":{\"@id\":\"https:\\\/\\\/gruene-wiesbaden.de\\\/praeambel-zukunftsfaehigkeit-wiesbadens-sichern\\\/#primaryimage\"},\"thumbnailUrl\":\"https:\\\/\\\/gruene-wiesbaden.de\\\/wp-content\\\/uploads\\\/2025\\\/11\\\/MJK_82683-3-scaled.jpg\",\"datePublished\":\"2025-11-09T22:44:07+00:00\",\"dateModified\":\"2025-11-24T16:56:05+00:00\",\"breadcrumb\":{\"@id\":\"https:\\\/\\\/gruene-wiesbaden.de\\\/praeambel-zukunftsfaehigkeit-wiesbadens-sichern\\\/#breadcrumb\"},\"inLanguage\":\"de\",\"potentialAction\":[{\"@type\":\"ReadAction\",\"target\":[\"https:\\\/\\\/gruene-wiesbaden.de\\\/praeambel-zukunftsfaehigkeit-wiesbadens-sichern\\\/\"]}]},{\"@type\":\"ImageObject\",\"inLanguage\":\"de\",\"@id\":\"https:\\\/\\\/gruene-wiesbaden.de\\\/praeambel-zukunftsfaehigkeit-wiesbadens-sichern\\\/#primaryimage\",\"url\":\"https:\\\/\\\/gruene-wiesbaden.de\\\/wp-content\\\/uploads\\\/2025\\\/11\\\/MJK_82683-3-scaled.jpg\",\"contentUrl\":\"https:\\\/\\\/gruene-wiesbaden.de\\\/wp-content\\\/uploads\\\/2025\\\/11\\\/MJK_82683-3-scaled.jpg\",\"width\":2560,\"height\":1440},{\"@type\":\"BreadcrumbList\",\"@id\":\"https:\\\/\\\/gruene-wiesbaden.de\\\/praeambel-zukunftsfaehigkeit-wiesbadens-sichern\\\/#breadcrumb\",\"itemListElement\":[{\"@type\":\"ListItem\",\"position\":1,\"name\":\"Startseite\",\"item\":\"https:\\\/\\\/gruene-wiesbaden.de\\\/\"},{\"@type\":\"ListItem\",\"position\":2,\"name\":\"Pr\u00e4ambel: Zukunftsf\u00e4higkeit Wiesbadens sichern\"}]},{\"@type\":\"WebSite\",\"@id\":\"https:\\\/\\\/gruene-wiesbaden.de\\\/#website\",\"url\":\"https:\\\/\\\/gruene-wiesbaden.de\\\/\",\"name\":\"DIE GR\u00dcNEN Wiesbaden\",\"description\":\"\",\"publisher\":{\"@id\":\"https:\\\/\\\/gruene-wiesbaden.de\\\/#organization\"},\"potentialAction\":[{\"@type\":\"SearchAction\",\"target\":{\"@type\":\"EntryPoint\",\"urlTemplate\":\"https:\\\/\\\/gruene-wiesbaden.de\\\/?s={search_term_string}\"},\"query-input\":{\"@type\":\"PropertyValueSpecification\",\"valueRequired\":true,\"valueName\":\"search_term_string\"}}],\"inLanguage\":\"de\"},{\"@type\":\"Organization\",\"@id\":\"https:\\\/\\\/gruene-wiesbaden.de\\\/#organization\",\"name\":\"DIE GR\u00dcNEN Wiesbaden\",\"url\":\"https:\\\/\\\/gruene-wiesbaden.de\\\/\",\"logo\":{\"@type\":\"ImageObject\",\"inLanguage\":\"de\",\"@id\":\"https:\\\/\\\/gruene-wiesbaden.de\\\/#\\\/schema\\\/logo\\\/image\\\/\",\"url\":\"https:\\\/\\\/gruene-wiesbaden-fuer-europa.de\\\/wp-content\\\/uploads\\\/2024\\\/04\\\/Machen-was-zaehlt-5.png\",\"contentUrl\":\"https:\\\/\\\/gruene-wiesbaden-fuer-europa.de\\\/wp-content\\\/uploads\\\/2024\\\/04\\\/Machen-was-zaehlt-5.png\",\"width\":1772,\"height\":1772,\"caption\":\"DIE GR\u00dcNEN Wiesbaden\"},\"image\":{\"@id\":\"https:\\\/\\\/gruene-wiesbaden.de\\\/#\\\/schema\\\/logo\\\/image\\\/\"},\"sameAs\":[\"https:\\\/\\\/www.facebook.com\\\/gruene.wi\",\"https:\\\/\\\/instagram.com\\\/gruene_wi\"]},{\"@type\":\"Person\",\"@id\":\"https:\\\/\\\/gruene-wiesbaden.de\\\/#\\\/schema\\\/person\\\/6785c34779159cd4fd86886bb097afe9\",\"name\":\"admin\",\"sameAs\":[\"http:\\\/\\\/gruene-wiesbaden-fuer-europa.de\"],\"url\":\"https:\\\/\\\/gruene-wiesbaden.de\\\/de\\\/author\\\/admin\\\/\"}]}<\/script>\n<!-- \/ Yoast SEO plugin. -->","yoast_head_json":{"title":"Pr\u00e4ambel: Zukunftsf\u00e4higkeit Wiesbadens sichern - B\u00dcNDNIS 90\/DIE GR\u00dcNEN Wiesbaden","robots":{"index":"index","follow":"follow","max-snippet":"max-snippet:-1","max-image-preview":"max-image-preview:large","max-video-preview":"max-video-preview:-1"},"canonical":"https:\/\/gruene-wiesbaden.de\/de\/praeambel-zukunftsfaehigkeit-wiesbadens-sichern\/","og_locale":"de_DE","og_type":"article","og_title":"Pr\u00e4ambel: Zukunftsf\u00e4higkeit Wiesbadens sichern - B\u00dcNDNIS 90\/DIE GR\u00dcNEN Wiesbaden","og_url":"https:\/\/gruene-wiesbaden.de\/de\/praeambel-zukunftsfaehigkeit-wiesbadens-sichern\/","og_site_name":"B\u00dcNDNIS 90\/DIE GR\u00dcNEN Wiesbaden","article_publisher":"https:\/\/www.facebook.com\/gruene.wi","article_published_time":"2025-11-09T22:44:07+00:00","article_modified_time":"2025-11-24T16:56:05+00:00","og_image":[{"width":2560,"height":1440,"url":"https:\/\/gruene-wiesbaden.de\/wp-content\/uploads\/2025\/11\/MJK_82683-3-scaled.jpg","type":"image\/jpeg"}],"author":"admin","twitter_card":"summary_large_image","twitter_misc":{"Verfasst von":"admin","Gesch\u00e4tzte Lesezeit":"2\u00a0Minuten"},"schema":{"@context":"https:\/\/schema.org","@graph":[{"@type":"Article","@id":"https:\/\/gruene-wiesbaden.de\/praeambel-zukunftsfaehigkeit-wiesbadens-sichern\/#article","isPartOf":{"@id":"https:\/\/gruene-wiesbaden.de\/praeambel-zukunftsfaehigkeit-wiesbadens-sichern\/"},"author":{"name":"admin","@id":"https:\/\/gruene-wiesbaden.de\/#\/schema\/person\/6785c34779159cd4fd86886bb097afe9"},"headline":"Pr\u00e4ambel: Zukunftsf\u00e4higkeit Wiesbadens sichern","datePublished":"2025-11-09T22:44:07+00:00","dateModified":"2025-11-24T16:56:05+00:00","mainEntityOfPage":{"@id":"https:\/\/gruene-wiesbaden.de\/praeambel-zukunftsfaehigkeit-wiesbadens-sichern\/"},"wordCount":386,"publisher":{"@id":"https:\/\/gruene-wiesbaden.de\/#organization"},"image":{"@id":"https:\/\/gruene-wiesbaden.de\/praeambel-zukunftsfaehigkeit-wiesbadens-sichern\/#primaryimage"},"thumbnailUrl":"https:\/\/gruene-wiesbaden.de\/wp-content\/uploads\/2025\/11\/MJK_82683-3-scaled.jpg","articleSection":["Kapitel 3 Pr\u00e4ambel"],"inLanguage":"de"},{"@type":"WebPage","@id":"https:\/\/gruene-wiesbaden.de\/praeambel-zukunftsfaehigkeit-wiesbadens-sichern\/","url":"https:\/\/gruene-wiesbaden.de\/praeambel-zukunftsfaehigkeit-wiesbadens-sichern\/","name":"Pr\u00e4ambel: Zukunftsf\u00e4higkeit Wiesbadens sichern - B\u00dcNDNIS 90\/DIE GR\u00dcNEN Wiesbaden","isPartOf":{"@id":"https:\/\/gruene-wiesbaden.de\/#website"},"primaryImageOfPage":{"@id":"https:\/\/gruene-wiesbaden.de\/praeambel-zukunftsfaehigkeit-wiesbadens-sichern\/#primaryimage"},"image":{"@id":"https:\/\/gruene-wiesbaden.de\/praeambel-zukunftsfaehigkeit-wiesbadens-sichern\/#primaryimage"},"thumbnailUrl":"https:\/\/gruene-wiesbaden.de\/wp-content\/uploads\/2025\/11\/MJK_82683-3-scaled.jpg","datePublished":"2025-11-09T22:44:07+00:00","dateModified":"2025-11-24T16:56:05+00:00","breadcrumb":{"@id":"https:\/\/gruene-wiesbaden.de\/praeambel-zukunftsfaehigkeit-wiesbadens-sichern\/#breadcrumb"},"inLanguage":"de","potentialAction":[{"@type":"ReadAction","target":["https:\/\/gruene-wiesbaden.de\/praeambel-zukunftsfaehigkeit-wiesbadens-sichern\/"]}]},{"@type":"ImageObject","inLanguage":"de","@id":"https:\/\/gruene-wiesbaden.de\/praeambel-zukunftsfaehigkeit-wiesbadens-sichern\/#primaryimage","url":"https:\/\/gruene-wiesbaden.de\/wp-content\/uploads\/2025\/11\/MJK_82683-3-scaled.jpg","contentUrl":"https:\/\/gruene-wiesbaden.de\/wp-content\/uploads\/2025\/11\/MJK_82683-3-scaled.jpg","width":2560,"height":1440},{"@type":"BreadcrumbList","@id":"https:\/\/gruene-wiesbaden.de\/praeambel-zukunftsfaehigkeit-wiesbadens-sichern\/#breadcrumb","itemListElement":[{"@type":"ListItem","position":1,"name":"Startseite","item":"https:\/\/gruene-wiesbaden.de\/"},{"@type":"ListItem","position":2,"name":"Pr\u00e4ambel: Zukunftsf\u00e4higkeit Wiesbadens sichern"}]},{"@type":"WebSite","@id":"https:\/\/gruene-wiesbaden.de\/#website","url":"https:\/\/gruene-wiesbaden.de\/","name":"DIE GR\u00dcNEN Wiesbaden","description":"","publisher":{"@id":"https:\/\/gruene-wiesbaden.de\/#organization"},"potentialAction":[{"@type":"SearchAction","target":{"@type":"EntryPoint","urlTemplate":"https:\/\/gruene-wiesbaden.de\/?s={search_term_string}"},"query-input":{"@type":"PropertyValueSpecification","valueRequired":true,"valueName":"search_term_string"}}],"inLanguage":"de"},{"@type":"Organization","@id":"https:\/\/gruene-wiesbaden.de\/#organization","name":"DIE GR\u00dcNEN Wiesbaden","url":"https:\/\/gruene-wiesbaden.de\/","logo":{"@type":"ImageObject","inLanguage":"de","@id":"https:\/\/gruene-wiesbaden.de\/#\/schema\/logo\/image\/","url":"https:\/\/gruene-wiesbaden-fuer-europa.de\/wp-content\/uploads\/2024\/04\/Machen-was-zaehlt-5.png","contentUrl":"https:\/\/gruene-wiesbaden-fuer-europa.de\/wp-content\/uploads\/2024\/04\/Machen-was-zaehlt-5.png","width":1772,"height":1772,"caption":"DIE GR\u00dcNEN Wiesbaden"},"image":{"@id":"https:\/\/gruene-wiesbaden.de\/#\/schema\/logo\/image\/"},"sameAs":["https:\/\/www.facebook.com\/gruene.wi","https:\/\/instagram.com\/gruene_wi"]},{"@type":"Person","@id":"https:\/\/gruene-wiesbaden.de\/#\/schema\/person\/6785c34779159cd4fd86886bb097afe9","name":"admin","sameAs":["http:\/\/gruene-wiesbaden-fuer-europa.de"],"url":"https:\/\/gruene-wiesbaden.de\/de\/author\/admin\/"}]}},"_links":{"self":[{"href":"https:\/\/gruene-wiesbaden.de\/de\/wp-json\/wp\/v2\/posts\/1396","targetHints":{"allow":["GET"]}}],"collection":[{"href":"https:\/\/gruene-wiesbaden.de\/de\/wp-json\/wp\/v2\/posts"}],"about":[{"href":"https:\/\/gruene-wiesbaden.de\/de\/wp-json\/wp\/v2\/types\/post"}],"author":[{"embeddable":true,"href":"https:\/\/gruene-wiesbaden.de\/de\/wp-json\/wp\/v2\/users\/1"}],"replies":[{"embeddable":true,"href":"https:\/\/gruene-wiesbaden.de\/de\/wp-json\/wp\/v2\/comments?post=1396"}],"version-history":[{"count":5,"href":"https:\/\/gruene-wiesbaden.de\/de\/wp-json\/wp\/v2\/posts\/1396\/revisions"}],"predecessor-version":[{"id":1605,"href":"https:\/\/gruene-wiesbaden.de\/de\/wp-json\/wp\/v2\/posts\/1396\/revisions\/1605"}],"wp:featuredmedia":[{"embeddable":true,"href":"https:\/\/gruene-wiesbaden.de\/de\/wp-json\/wp\/v2\/media\/1400"}],"wp:attachment":[{"href":"https:\/\/gruene-wiesbaden.de\/de\/wp-json\/wp\/v2\/media?parent=1396"}],"wp:term":[{"taxonomy":"category","embeddable":true,"href":"https:\/\/gruene-wiesbaden.de\/de\/wp-json\/wp\/v2\/categories?post=1396"},{"taxonomy":"post_tag","embeddable":true,"href":"https:\/\/gruene-wiesbaden.de\/de\/wp-json\/wp\/v2\/tags?post=1396"}],"curies":[{"name":"wp","href":"https:\/\/api.w.org\/{rel}","templated":true}]}}