{"id":1392,"date":"2025-11-10T00:39:55","date_gmt":"2025-11-09T22:39:55","guid":{"rendered":"https:\/\/gruene-wiesbaden.de\/?p=1392"},"modified":"2026-04-09T00:41:14","modified_gmt":"2026-04-08T22:41:14","slug":"staedtischer-haushalt-nachhaltig-und-generationengerecht","status":"publish","type":"post","link":"https:\/\/gruene-wiesbaden.de\/de\/staedtischer-haushalt-nachhaltig-und-generationengerecht\/","title":{"rendered":"St\u00e4dtischer Haushalt &#8211; nachhaltig und generationengerecht"},"content":{"rendered":"<section class=\"l-section wpb_row height_medium with_img\"><div class=\"l-section-img\" role=\"img\" data-img-width=\"1080\" data-img-height=\"800\" style=\"background-image: url(https:\/\/gruene-wiesbaden.de\/wp-content\/uploads\/2025\/11\/neuer-Verlauf-gruene-wiesbaden.de_-2-e1762709402177.png);\"><\/div><div class=\"l-section-overlay\" style=\"background:var(--color-header-top-transparent-bg)\"><\/div><div class=\"l-section-h i-cf\"><div class=\"g-cols vc_row via_grid cols_1 laptops-cols_inherit tablets-cols_inherit mobiles-cols_1 valign_top type_default stacking_default\"><div class=\"wpb_column vc_column_container\"><div class=\"vc_column-inner\"><h1 class=\"w-post-elm post_title us_custom_a574d586 has_text_color entry-title\">St\u00e4dtischer Haushalt &#8211; nachhaltig und generationengerecht<\/h1><div class=\"w-separator size_medium\"><\/div><div class=\"g-cols wpb_row via_grid cols_2-1 laptops-cols_inherit tablets-cols_inherit mobiles-cols_1 valign_top type_default stacking_default\" style=\"--columns-gap:3rem;\"><div class=\"wpb_column vc_column_container\"><div class=\"vc_column-inner\"><div class=\"wpb_text_column us_custom_8b3d6790 has_text_color\"><div class=\"wpb_wrapper\"><p><span style=\"font-weight: 400;\">Die Finanzlage Wiesbadens ist angespannt, wie in vielen anderen Kommunen auch. Bund und L\u00e4nder haben den Kommunen immer neue Aufgaben \u00fcbertragen. Nur mit einer soliden Haushaltspolitik k\u00f6nnen wir die Handlungsspielr\u00e4ume sichern, um den B\u00fcrger*innen auch in Zukunft eine verl\u00e4ssliche Infrastruktur sowie gute Dienstleistungen bieten zu k\u00f6nnen und die gro\u00dfen Herausforderungen zu meistern.<\/span><\/p>\n<p><span style=\"font-weight: 400;\">Daf\u00fcr sind auch nachhaltige Investitionen in zentrale Aufgabenfelder unerl\u00e4sslich: bezahlbarer Wohnraum, Klimaschutz und -anpassung, Mobilit\u00e4t, Bildung und Gesundheit.<\/span><\/p>\n<\/div><\/div><div class=\"w-separator size_medium\"><\/div><div class=\"w-btn-wrapper align_left\"><a class=\"w-btn us-btn-style_8 icon_atleft\" href=\"https:\/\/gruene-wiesbaden.de\/kommunalwahl\/#Kapitel3\"><i class=\"fas fa-chevron-circle-right\"><\/i><span class=\"w-btn-label\">Zur\u00fcck zur \u00dcbersicht<\/span><\/a><\/div><\/div><\/div><div class=\"wpb_column vc_column_container\"><div class=\"vc_column-inner\"><div class=\"w-image align_center\"><div class=\"w-image-h\"><img decoding=\"async\" width=\"1737\" height=\"1236\" src=\"https:\/\/gruene-wiesbaden.de\/wp-content\/uploads\/2025\/11\/3.9-Staedtischer-Haushalt-scaled-e1763332609268.jpeg\" class=\"attachment-full size-full\" alt=\"\" loading=\"lazy\" srcset=\"https:\/\/gruene-wiesbaden.de\/wp-content\/uploads\/2025\/11\/3.9-Staedtischer-Haushalt-scaled-e1763332609268.jpeg 1737w, https:\/\/gruene-wiesbaden.de\/wp-content\/uploads\/2025\/11\/3.9-Staedtischer-Haushalt-scaled-e1763332609268-400x285.jpeg 400w, https:\/\/gruene-wiesbaden.de\/wp-content\/uploads\/2025\/11\/3.9-Staedtischer-Haushalt-scaled-e1763332609268-600x427.jpeg 600w\" sizes=\"auto, (max-width: 1737px) 100vw, 1737px\" \/><\/div><\/div><div class=\"w-separator size_small\"><\/div><\/div><\/div><\/div><div class=\"w-separator size_medium\"><\/div><div class=\"w-separator size_medium\"><\/div><div class=\"wpb_text_column\"><div class=\"wpb_wrapper\"><h1>Was ein nachhaltiger und generationengerechter Haushalt f\u00fcr uns bedeutet<\/h1>\n<\/div><\/div><div class=\"w-separator size_large\"><\/div><div class=\"g-cols wpb_row via_grid cols_2 laptops-cols_inherit tablets-cols_inherit mobiles-cols_1 valign_top type_default stacking_default\" style=\"--columns-gap:3rem;\"><div class=\"wpb_column vc_column_container\"><div class=\"vc_column-inner\"><div class=\"w-iconbox us_custom_8b3d6790 has_text_color iconpos_left style_default color_custom align_left\"><div class=\"w-iconbox-icon\" style=\"font-size:2rem;--icon-color:#Ffffff;--icon-bg-color:var(--color-header-middle-bg);\"><i class=\"fas fa-layer-group\"><\/i><\/div><div class=\"w-iconbox-meta\"><h4 class=\"w-iconbox-title\" style=\"font-size:1.5rem;\">Globale Nachhaltigkeitsziele ber\u00fccksichtigen<\/h4><div class=\"w-iconbox-text\"><p><span style=\"font-weight: 400;\">Unsere Haushaltspolitik orientiert sich am Leitbild der nachhaltigen Entwicklung. Wir ber\u00fccksichtigen die globalen Nachhaltigkeitsziele (SDGs) systematisch in der Finanzplanung: Damit werden neben monet\u00e4ren Aspekten auch \u00f6kologische und soziale Zielsetzungen und Kosten f\u00fcr nachfolgende Generationen in Entscheidungen einbezogen.<\/span><\/p>\n<\/div><\/div><\/div><\/div><\/div><div class=\"wpb_column vc_column_container\"><div class=\"vc_column-inner\"><div class=\"w-iconbox us_custom_8b3d6790 has_text_color iconpos_left style_default color_custom align_left\"><div class=\"w-iconbox-icon\" style=\"font-size:2rem;--icon-color:#Ffffff;--icon-bg-color:var(--color-header-transparent-text);\"><i class=\"fas fa-layer-group\"><\/i><\/div><div class=\"w-iconbox-meta\"><h4 class=\"w-iconbox-title\" style=\"font-size:1.5rem;\">Solider Haushalt<\/h4><div class=\"w-iconbox-text\"><p><span style=\"font-weight: 400;\">Wir erhalten die kommunale Handlungsf\u00e4higkeit durch die Aufstellung genehmigungsf\u00e4higer, mittelfristig ausgeglichener Haushalte und vermeiden so eine \u201eFernsteuerung\u201c durch das Innenministerium. Nachhaltigkeit bedeutet f\u00fcr uns: solide Finanzen, Erhalt des st\u00e4dtischen Verm\u00f6gens und gezielte Investitionen in Zukunftsaufgaben.<\/span><\/p>\n<\/div><\/div><\/div><\/div><\/div><\/div><div class=\"w-separator size_medium\"><\/div><div class=\"g-cols wpb_row via_grid cols_2 laptops-cols_inherit tablets-cols_inherit mobiles-cols_1 valign_top type_default stacking_default\" style=\"--columns-gap:3rem;\"><div class=\"wpb_column vc_column_container\"><div class=\"vc_column-inner\"><div class=\"w-iconbox us_custom_8b3d6790 has_text_color iconpos_left style_default color_custom align_left\"><div class=\"w-iconbox-icon\" style=\"font-size:2rem;--icon-color:#Ffffff;--icon-bg-color:var(--color-header-middle-bg);\"><i class=\"fas fa-layer-group\"><\/i><\/div><div class=\"w-iconbox-meta\"><h4 class=\"w-iconbox-title\" style=\"font-size:1.5rem;\">Zukunftsf\u00e4hige Finanzpolitik<\/h4><div class=\"w-iconbox-text\"><p><span style=\"font-weight: 400;\">Kluge und rechtzeitige Investitionen vermeiden h\u00f6here Kosten in der Zukunft. Kreditfinanzierung unterst\u00fctzen wir nur bei zukunftsf\u00e4higen Investitionen (Infrastruktur, Klimaschutz, Bildung, Wohnungsbau). Wir erhalten das st\u00e4dtische Verm\u00f6gen \u2013 einen Verkauf des Tafelsilbers f\u00fcr konsumtive Ma\u00dfnahmen lehnen wir ab.<\/span><\/p>\n<\/div><\/div><\/div><\/div><\/div><div class=\"wpb_column vc_column_container\"><div class=\"vc_column-inner\"><div class=\"w-iconbox us_custom_8b3d6790 has_text_color iconpos_left style_default color_custom align_left\"><div class=\"w-iconbox-icon\" style=\"font-size:2rem;--icon-color:#Ffffff;--icon-bg-color:var(--color-header-transparent-text);\"><i class=\"fas fa-layer-group\"><\/i><\/div><div class=\"w-iconbox-meta\"><h4 class=\"w-iconbox-title\" style=\"font-size:1.5rem;\">Geschlechtergerechter Haushalt<\/h4><div class=\"w-iconbox-text\"><p><span style=\"font-weight: 400;\">Wir pr\u00fcfen die Einf\u00fchrung eines Gender Budgetings : Alle Haushaltsans\u00e4tze sollen systematisch auf ihre Wirkung f\u00fcr Frauen, M\u00e4nner und diverse Geschlechter \u00fcberpr\u00fcft werden. In den kommenden Haushalten sollen erste Pilotbereiche analysiert, Ergebnisse regelm\u00e4\u00dfig ver\u00f6ffentlicht und in die Haushaltsdebatten einbezogen werden.<\/span><\/p>\n<\/div><\/div><\/div><\/div><\/div><\/div><div class=\"w-separator size_medium\"><\/div><div class=\"w-btn-wrapper align_left\"><a class=\"w-btn us-btn-style_8 icon_atleft\" href=\"https:\/\/gruene-wiesbaden.de\/kommunalwahl\/#Kapitel3\"><i class=\"fas fa-chevron-circle-right\"><\/i><span class=\"w-btn-label\">Zur\u00fcck zur \u00dcbersicht<\/span><\/a><\/div><div class=\"w-separator size_medium\"><\/div><\/div><\/div><\/div><\/div><\/section><section class=\"l-section wpb_row height_auto with_img\"><div class=\"l-section-img\" role=\"img\" data-img-width=\"1737\" data-img-height=\"1236\" style=\"background-image: url(https:\/\/gruene-wiesbaden.de\/wp-content\/uploads\/2025\/11\/3.9-Staedtischer-Haushalt-scaled-e1763332609268.jpeg);background-repeat: no-repeat;\"><\/div><div class=\"l-section-overlay\" style=\"background:var(--color-header-top-transparent-bg)\"><\/div><div class=\"l-section-h i-cf\"><div class=\"g-cols vc_row via_grid cols_1 laptops-cols_inherit tablets-cols_inherit mobiles-cols_1 valign_middle type_default stacking_default\" style=\"--columns-gap:1rem;\"><div class=\"wpb_column vc_column_container\"><div class=\"vc_column-inner\"><div class=\"w-separator size_large\"><\/div><div class=\"wpb_text_column background_inside_text\"><div class=\"wpb_wrapper\"><h1>Was wir konkret in diesem Bereich tun wollen<\/h1>\n<\/div><\/div><div class=\"w-separator size_medium\"><\/div><div class=\"w-tabs us_custom_42d693a0 has_text_color style_default switch_click accordion has_scrolling\" style=\"--sections-title-size:1.4rem\"><div class=\"w-tabs-sections titles-align_none icon_chevron cpos_right\"><div class=\"w-tabs-section has_text_color\" id=\"i172\" style=\"background:var(--color-header-transparent-text);color:var(--color-header-top-text-hover);\"><button class=\"w-tabs-section-header\" aria-controls=\"content-i172\" aria-expanded=\"false\"><div class=\"w-tabs-section-title\">Gewerbesteuer st\u00e4rken<\/div><div class=\"w-tabs-section-control\"><\/div><\/button><div  class=\"w-tabs-section-content\" id=\"content-i172\"><div class=\"w-tabs-section-content-h i-cf\"><div class=\"wpb_text_column\"><div class=\"wpb_wrapper\"><p><span style=\"font-weight: 400;\">Die Gewerbesteuer ist die gr\u00f6\u00dfte Einnahmequelle der Stadt. Die Wirtschaft tr\u00e4gt damit zu unserem Gemeinwesen bei und zur \u00f6ffentlichen Infrastruktur, von der auch sie profitiert. Wir st\u00e4rken das Gewerbesteueraufkommen durch eine vorausschauende Standortpolitik mittels Bestandspflege und Neuansiedlungen, wenn m\u00f6glich, ohne die Unternehmen durch die Anhebung der Hebes\u00e4tze zu belasten.<\/span><\/p>\n<\/div><\/div><\/div><\/div><\/div><div class=\"w-tabs-section has_text_color\" id=\"u29a\" style=\"background:var(--color-header-transparent-text);color:var(--color-header-top-text-hover);\"><button class=\"w-tabs-section-header\" aria-controls=\"content-u29a\" aria-expanded=\"false\"><div class=\"w-tabs-section-title\">Konnexit\u00e4tsprinzip durchsetzen<\/div><div class=\"w-tabs-section-control\"><\/div><\/button><div  class=\"w-tabs-section-content\" id=\"content-u29a\"><div class=\"w-tabs-section-content-h i-cf\"><div class=\"wpb_text_column\"><div class=\"wpb_wrapper\"><p><span style=\"font-weight: 400;\">Damit die Kommunen ihren Verpflichtungen nachkommen k\u00f6nnen, muss ihre Finanzausstattung verbessert werden. Verhandlungen haben bisher nicht zum Erfolg gef\u00fchrt. Wir fordern: Wer Aufgaben \u00fcbertr\u00e4gt, muss auch die Finanzierung sicherstellen. Wenn Land oder Bund sich verweigern, sind wir bereit, auch eine Klage gegen Bund und Land anzustrengen &#8211; zusammen mit anderen Kommunen.<\/span><\/p>\n<\/div><\/div><\/div><\/div><\/div><div class=\"w-tabs-section has_text_color\" id=\"p3b2\" style=\"background:var(--color-header-transparent-text);color:var(--color-header-top-text-hover);\"><button class=\"w-tabs-section-header\" aria-controls=\"content-p3b2\" aria-expanded=\"false\"><div class=\"w-tabs-section-title\">F\u00f6rderquoten erh\u00f6hen<\/div><div class=\"w-tabs-section-control\"><\/div><\/button><div  class=\"w-tabs-section-content\" id=\"content-p3b2\"><div class=\"w-tabs-section-content-h i-cf\"><div class=\"wpb_text_column\"><div class=\"wpb_wrapper\"><p><span style=\"font-weight: 400;\">Wir wollen das F\u00f6rdermittelmanagement bei Dezernaten und \u00c4mtern ausbauen, um m\u00f6glichst hohe \u00f6ffentliche Zusch\u00fcsse (durch Land, Bund und EU) bei st\u00e4dtischen Projekten zu erreichen und somit den Haushalt zu entlasten.<\/span><\/p>\n<\/div><\/div><\/div><\/div><\/div><div class=\"w-tabs-section has_text_color\" id=\"d4c9\" style=\"background:var(--color-header-middle-bg);color:var(--color-content-heading);\"><button class=\"w-tabs-section-header\" aria-controls=\"content-d4c9\" aria-expanded=\"false\"><div class=\"w-tabs-section-title\">Interkommunale Zusammenarbeit ausbauen<\/div><div class=\"w-tabs-section-control\"><\/div><\/button><div  class=\"w-tabs-section-content\" id=\"content-d4c9\"><div class=\"w-tabs-section-content-h i-cf\"><div class=\"wpb_text_column\"><div class=\"wpb_wrapper\"><p><span style=\"font-weight: 400;\">Das Rhein-Main-Gebiet ist eine starke Wirtschaftsregion. Wir wollen den Zusammenhalt weiter st\u00e4rken und die Zusammenarbeit ausbauen. Durch verst\u00e4rkte Kooperation mit Nachbarkommunen lassen sich Synergien heben und Kosten senken.<\/span><\/p>\n<\/div><\/div><\/div><\/div><\/div><div class=\"w-tabs-section has_text_color\" id=\"z5ec\" style=\"background:var(--color-header-transparent-text);color:var(--color-header-top-text-hover);\"><button class=\"w-tabs-section-header\" aria-controls=\"content-z5ec\" aria-expanded=\"false\"><div class=\"w-tabs-section-title\">Demokratische Kontrolle des Haushalts<\/div><div class=\"w-tabs-section-control\"><\/div><\/button><div  class=\"w-tabs-section-content\" id=\"content-z5ec\"><div class=\"w-tabs-section-content-h i-cf\"><div class=\"wpb_text_column\"><div class=\"wpb_wrapper\"><p><span style=\"font-weight: 400;\">F\u00fcr die \u00d6ffentlichkeit sollen der Haushalt und seine Entwicklung auf der st\u00e4dtischen Website verst\u00e4ndlich aufbereitet dargestellt werden. Auch sollen die Haushaltsdaten aus Transparenzgr\u00fcnden zeitnah per Open Data, also als frei zug\u00e4ngliche und weiter verwendbare Datens\u00e4tze, ver\u00f6ffentlicht werden.<\/span><\/p>\n<\/div><\/div><\/div><\/div><\/div><div class=\"w-tabs-section has_text_color\" id=\"y706\" style=\"background:var(--color-header-middle-bg);color:var(--color-header-middle-text);\"><button class=\"w-tabs-section-header\" aria-controls=\"content-y706\" aria-expanded=\"false\"><div class=\"w-tabs-section-title\">Nachhaltige und mittelstandsfreundliche Vergabe<\/div><div class=\"w-tabs-section-control\"><\/div><\/button><div  class=\"w-tabs-section-content\" id=\"content-y706\"><div class=\"w-tabs-section-content-h i-cf\"><div class=\"wpb_text_column\"><div class=\"wpb_wrapper\"><p><span style=\"font-weight: 400;\">Die \u00f6ffentliche Beschaffung der Kommunen ist ein relevanter Hebel bei der Gestaltung lokaler Wirtschaftsbeziehungen. Wir wollen die Vergabe von \u00f6ffentlichen Auftr\u00e4gen mittelstands- und innovationsfreundlicher ausrichten, sodass lokale Unternehmen und auch Startups besser zum Zug kommen. Zudem wollen wir, dass bei der Beschaffung systematischer Nachhaltigkeitskriterien wie Lebenszykluskosten, Ressourcenschonung und Tariftreue ber\u00fccksichtigt werden.<\/span><\/p>\n<\/div><\/div><\/div><\/div><\/div><div class=\"w-tabs-section has_text_color\" id=\"c81d\" style=\"background:var(--color-header-transparent-text);color:var(--color-header-top-text-hover);\"><button class=\"w-tabs-section-header\" aria-controls=\"content-c81d\" aria-expanded=\"false\"><div class=\"w-tabs-section-title\">Gr\u00fcnes Kapital mobilisieren<\/div><div class=\"w-tabs-section-control\"><\/div><\/button><div  class=\"w-tabs-section-content\" id=\"content-c81d\"><div class=\"w-tabs-section-content-h i-cf\"><div class=\"wpb_text_column\"><div class=\"wpb_wrapper\"><p><span style=\"font-weight: 400;\">Investoren suchen verst\u00e4rkt nach M\u00f6glichkeiten, ihr Geld nachhaltig anzulegen. Dabei akzeptieren sie eine geringere Rendite als bei konventionellen Anlagen. Um dies f\u00fcr nachhaltige Projekte, insbesondere zum Klimaschutz nutzbar zu machen, soll die Stadt die Platzierung eines \u201egr\u00fcnen Schuldscheindarlehens\u201c am Kapitalmarkt pr\u00fcfen.<\/span><\/p>\n<\/div><\/div><\/div><\/div><\/div><div class=\"w-tabs-section has_text_color\" id=\"v932\" style=\"background:var(--color-header-transparent-text);color:var(--color-header-top-text-hover);\"><button class=\"w-tabs-section-header\" aria-controls=\"content-v932\" aria-expanded=\"false\"><div class=\"w-tabs-section-title\">Mit B\u00fcrgerbeteiligung sozial-\u00f6kologische Projekte finanzieren<\/div><div class=\"w-tabs-section-control\"><\/div><\/button><div  class=\"w-tabs-section-content\" id=\"content-v932\"><div class=\"w-tabs-section-content-h i-cf\"><div class=\"wpb_text_column\"><div class=\"wpb_wrapper\"><p><span style=\"font-weight: 400;\">B\u00fcrger*innen engagieren sich auf vielf\u00e4ltige Weise f\u00fcr unsere Stadt. Wir wollen Beteiligungsm\u00f6glichkeiten schaffen, mit denen sie konkrete Vorhaben wie Photovoltaikanlagen auf \u00f6ffentlichen Geb\u00e4uden finanzieren k\u00f6nnen.<\/span><\/p>\n<\/div><\/div><\/div><\/div><\/div><div class=\"w-tabs-section has_text_color\" id=\"ya4f\" style=\"background:var(--color-header-transparent-text);color:var(--color-header-top-text-hover);\"><button class=\"w-tabs-section-header\" aria-controls=\"content-ya4f\" aria-expanded=\"false\"><div class=\"w-tabs-section-title\">Zero-Base-Budgeting<\/div><div class=\"w-tabs-section-control\"><\/div><\/button><div  class=\"w-tabs-section-content\" id=\"content-ya4f\"><div class=\"w-tabs-section-content-h i-cf\"><div class=\"wpb_text_column\"><div class=\"wpb_wrapper\"><p><span style=\"font-weight: 400;\">Haushaltsans\u00e4tze der Vergangenheit wollen wir nicht einfach ins neue Jahr fortschreiben, sondern mit jedem Haushalt aufs Neue berechnen, was wirklich gebraucht wird. Das Pilotprojekt zum Zero-Base-Budgeting wollen wir wieder aufgreifen und fortsetzen.<\/span><\/p>\n<\/div><\/div><\/div><\/div><\/div><div class=\"w-tabs-section has_text_color\" id=\"tb64\" style=\"background:var(--color-header-transparent-text);color:var(--color-header-top-text-hover);\"><button class=\"w-tabs-section-header\" aria-controls=\"content-tb64\" aria-expanded=\"false\"><div class=\"w-tabs-section-title\">Sparsamer Umgang mit \u00f6ffentlichen Geldern<\/div><div class=\"w-tabs-section-control\"><\/div><\/button><div  class=\"w-tabs-section-content\" id=\"content-tb64\"><div class=\"w-tabs-section-content-h i-cf\"><div class=\"wpb_text_column\"><div class=\"wpb_wrapper\"><p><span style=\"font-weight: 400;\">Mit \u00f6ffentlichen Geldern muss sorgsam umgegangen werden. Dem dient eine kontinuierliche \u00dcberpr\u00fcfung, welche Aufgaben noch ben\u00f6tigt werden oder wo Ver\u00e4nderungen erforderlich sind.<\/span><\/p>\n<\/div><\/div><\/div><\/div><\/div><div class=\"w-tabs-section has_text_color\" id=\"ec7f\" style=\"background:var(--color-header-transparent-text);color:var(--color-header-top-text-hover);\"><button class=\"w-tabs-section-header\" aria-controls=\"content-ec7f\" aria-expanded=\"false\"><div class=\"w-tabs-section-title\">Zweij\u00e4hriger Haushalt<\/div><div class=\"w-tabs-section-control\"><\/div><\/button><div  class=\"w-tabs-section-content\" id=\"content-ec7f\"><div class=\"w-tabs-section-content-h i-cf\"><div class=\"wpb_text_column\"><div class=\"wpb_wrapper\"><p><span style=\"font-weight: 400;\">Da Ertrag und Kosten des einj\u00e4hrigen Haushaltes in keinem positiven Verh\u00e4ltnis stehen, wollen wir zu einem zweij\u00e4hrigen Haushalt zur\u00fcckkehren. Die versprochenen Vorteile des einj\u00e4hrigen Haushaltes sind nicht eingetreten, daf\u00fcr ist die Belastung f\u00fcr Verwaltung und ehrenamtliche Politik enorm angestiegen.<\/span><\/p>\n<\/div><\/div><\/div><\/div><\/div><\/div><\/div><div class=\"w-separator size_medium\"><\/div><div class=\"w-btn-wrapper align_left\"><a class=\"w-btn us-btn-style_8 icon_atleft\" href=\"https:\/\/gruene-wiesbaden.de\/kommunalwahl\/#Kapitel3\"><i class=\"fas fa-chevron-circle-right\"><\/i><span class=\"w-btn-label\">Zur\u00fcck zur \u00dcbersicht<\/span><\/a><\/div><div class=\"w-separator size_large\"><\/div><div class=\"wpb_text_column\"><div class=\"wpb_wrapper\"><h1>Was wir bereits erreicht haben<\/h1>\n<\/div><\/div><div class=\"w-separator size_medium\"><\/div><div class=\"w-tabs us_custom_42d693a0 has_text_color style_default switch_click accordion has_scrolling\" style=\"--sections-title-size:1.4rem\"><div class=\"w-tabs-sections titles-align_none icon_chevron cpos_right\"><div class=\"w-tabs-section has_text_color\" id=\"b237\" style=\"background:var(--color-header-transparent-text);color:var(--color-header-top-text-hover);\"><button class=\"w-tabs-section-header\" aria-controls=\"content-b237\" aria-expanded=\"false\"><div class=\"w-tabs-section-title\">Nachhaltige Geldanlagen<\/div><div class=\"w-tabs-section-control\"><\/div><\/button><div  class=\"w-tabs-section-content\" id=\"content-b237\"><div class=\"w-tabs-section-content-h i-cf\"><div class=\"wpb_text_column\"><div class=\"wpb_wrapper\"><p><span style=\"font-weight: 400;\">Wir haben die st\u00e4dtische Anlagerichtlinie neu gefasst und dabei nicht nur Sicherheitsanforderungen gest\u00e4rkt, sondern auch Nachhaltigkeit als Anlageziel definiert. Investments der Landeshauptstadt, ihrer Eigenbetriebe sowie rechtlich unselbst\u00e4ndiger Stiftungen der Stadt m\u00fcssen demnach neben den \u00f6konomischen Zielen Sicherheit, Rentabilit\u00e4t und Liquidit\u00e4t auch \u00f6kologische und soziale (Mindest-)Standards erf\u00fcllen.<\/span><\/p>\n<\/div><\/div><\/div><\/div><\/div><\/div><\/div><div class=\"w-separator size_medium\"><\/div><div class=\"w-btn-wrapper align_left\"><a class=\"w-btn us-btn-style_8 icon_atleft\" href=\"https:\/\/gruene-wiesbaden.de\/kommunalwahl\/#Kapitel3\"><i class=\"fas fa-chevron-circle-right\"><\/i><span class=\"w-btn-label\">Zur\u00fcck zur \u00dcbersicht<\/span><\/a><\/div><div class=\"w-separator size_large\"><\/div><\/div><\/div><\/div><\/div><\/section>\n","protected":false},"excerpt":{"rendered":"St\u00e4dtischer Haushalt &#8211; nachhaltig und generationengerechtDie Finanzlage Wiesbadens ist angespannt, wie in vielen anderen Kommunen auch. Bund und L\u00e4nder haben den Kommunen immer neue Aufgaben \u00fcbertragen. Nur mit einer soliden Haushaltspolitik k\u00f6nnen wir die Handlungsspielr\u00e4ume sichern, um den B\u00fcrger*innen auch in Zukunft eine verl\u00e4ssliche Infrastruktur sowie gute Dienstleistungen bieten zu k\u00f6nnen und die gro\u00dfen Herausforderungen...","protected":false},"author":1,"featured_media":1576,"comment_status":"closed","ping_status":"closed","sticky":false,"template":"","format":"standard","meta":{"footnotes":""},"categories":[16],"tags":[],"class_list":["post-1392","post","type-post","status-publish","format-standard","has-post-thumbnail","hentry","category-kapitel-3"],"yoast_head":"<!-- This site is optimized with the Yoast SEO plugin v27.5 - https:\/\/yoast.com\/product\/yoast-seo-wordpress\/ -->\n<title>St\u00e4dtischer Haushalt - nachhaltig und generationengerecht - B\u00dcNDNIS 90\/DIE GR\u00dcNEN Wiesbaden<\/title>\n<meta name=\"robots\" content=\"index, follow, max-snippet:-1, max-image-preview:large, max-video-preview:-1\" \/>\n<link rel=\"canonical\" href=\"https:\/\/gruene-wiesbaden.de\/de\/staedtischer-haushalt-nachhaltig-und-generationengerecht\/\" \/>\n<meta property=\"og:locale\" content=\"de_DE\" \/>\n<meta property=\"og:type\" content=\"article\" \/>\n<meta property=\"og:title\" content=\"St\u00e4dtischer Haushalt - nachhaltig und generationengerecht - B\u00dcNDNIS 90\/DIE GR\u00dcNEN Wiesbaden\" \/>\n<meta property=\"og:url\" content=\"https:\/\/gruene-wiesbaden.de\/de\/staedtischer-haushalt-nachhaltig-und-generationengerecht\/\" \/>\n<meta property=\"og:site_name\" content=\"B\u00dcNDNIS 90\/DIE GR\u00dcNEN Wiesbaden\" \/>\n<meta property=\"article:publisher\" content=\"https:\/\/www.facebook.com\/gruene.wi\" \/>\n<meta property=\"article:published_time\" content=\"2025-11-09T22:39:55+00:00\" \/>\n<meta property=\"article:modified_time\" content=\"2026-04-08T22:41:14+00:00\" \/>\n<meta property=\"og:image\" content=\"https:\/\/gruene-wiesbaden.de\/wp-content\/uploads\/2025\/11\/3.9-Staedtischer-Haushalt-scaled-e1763332609268.jpeg\" \/>\n\t<meta property=\"og:image:width\" content=\"1737\" \/>\n\t<meta property=\"og:image:height\" content=\"1236\" \/>\n\t<meta property=\"og:image:type\" content=\"image\/jpeg\" \/>\n<meta name=\"author\" content=\"admin\" \/>\n<meta name=\"twitter:card\" content=\"summary_large_image\" \/>\n<meta name=\"twitter:label1\" content=\"Verfasst von\" \/>\n\t<meta name=\"twitter:data1\" content=\"admin\" \/>\n\t<meta name=\"twitter:label2\" content=\"Gesch\u00e4tzte Lesezeit\" \/>\n\t<meta name=\"twitter:data2\" content=\"6\u00a0Minuten\" \/>\n<script type=\"application\/ld+json\" class=\"yoast-schema-graph\">{\"@context\":\"https:\\\/\\\/schema.org\",\"@graph\":[{\"@type\":\"Article\",\"@id\":\"https:\\\/\\\/gruene-wiesbaden.de\\\/staedtischer-haushalt-nachhaltig-und-generationengerecht\\\/#article\",\"isPartOf\":{\"@id\":\"https:\\\/\\\/gruene-wiesbaden.de\\\/staedtischer-haushalt-nachhaltig-und-generationengerecht\\\/\"},\"author\":{\"name\":\"admin\",\"@id\":\"https:\\\/\\\/gruene-wiesbaden.de\\\/#\\\/schema\\\/person\\\/6785c34779159cd4fd86886bb097afe9\"},\"headline\":\"St\u00e4dtischer Haushalt &#8211; nachhaltig und generationengerecht\",\"datePublished\":\"2025-11-09T22:39:55+00:00\",\"dateModified\":\"2026-04-08T22:41:14+00:00\",\"mainEntityOfPage\":{\"@id\":\"https:\\\/\\\/gruene-wiesbaden.de\\\/staedtischer-haushalt-nachhaltig-und-generationengerecht\\\/\"},\"wordCount\":1776,\"publisher\":{\"@id\":\"https:\\\/\\\/gruene-wiesbaden.de\\\/#organization\"},\"image\":{\"@id\":\"https:\\\/\\\/gruene-wiesbaden.de\\\/staedtischer-haushalt-nachhaltig-und-generationengerecht\\\/#primaryimage\"},\"thumbnailUrl\":\"https:\\\/\\\/gruene-wiesbaden.de\\\/wp-content\\\/uploads\\\/2025\\\/11\\\/3.9-Staedtischer-Haushalt-scaled-e1763332609268.jpeg\",\"articleSection\":[\"Kapitel 3\"],\"inLanguage\":\"de\"},{\"@type\":\"WebPage\",\"@id\":\"https:\\\/\\\/gruene-wiesbaden.de\\\/staedtischer-haushalt-nachhaltig-und-generationengerecht\\\/\",\"url\":\"https:\\\/\\\/gruene-wiesbaden.de\\\/staedtischer-haushalt-nachhaltig-und-generationengerecht\\\/\",\"name\":\"St\u00e4dtischer Haushalt - nachhaltig und generationengerecht - B\u00dcNDNIS 90\\\/DIE GR\u00dcNEN Wiesbaden\",\"isPartOf\":{\"@id\":\"https:\\\/\\\/gruene-wiesbaden.de\\\/#website\"},\"primaryImageOfPage\":{\"@id\":\"https:\\\/\\\/gruene-wiesbaden.de\\\/staedtischer-haushalt-nachhaltig-und-generationengerecht\\\/#primaryimage\"},\"image\":{\"@id\":\"https:\\\/\\\/gruene-wiesbaden.de\\\/staedtischer-haushalt-nachhaltig-und-generationengerecht\\\/#primaryimage\"},\"thumbnailUrl\":\"https:\\\/\\\/gruene-wiesbaden.de\\\/wp-content\\\/uploads\\\/2025\\\/11\\\/3.9-Staedtischer-Haushalt-scaled-e1763332609268.jpeg\",\"datePublished\":\"2025-11-09T22:39:55+00:00\",\"dateModified\":\"2026-04-08T22:41:14+00:00\",\"breadcrumb\":{\"@id\":\"https:\\\/\\\/gruene-wiesbaden.de\\\/staedtischer-haushalt-nachhaltig-und-generationengerecht\\\/#breadcrumb\"},\"inLanguage\":\"de\",\"potentialAction\":[{\"@type\":\"ReadAction\",\"target\":[\"https:\\\/\\\/gruene-wiesbaden.de\\\/staedtischer-haushalt-nachhaltig-und-generationengerecht\\\/\"]}]},{\"@type\":\"ImageObject\",\"inLanguage\":\"de\",\"@id\":\"https:\\\/\\\/gruene-wiesbaden.de\\\/staedtischer-haushalt-nachhaltig-und-generationengerecht\\\/#primaryimage\",\"url\":\"https:\\\/\\\/gruene-wiesbaden.de\\\/wp-content\\\/uploads\\\/2025\\\/11\\\/3.9-Staedtischer-Haushalt-scaled-e1763332609268.jpeg\",\"contentUrl\":\"https:\\\/\\\/gruene-wiesbaden.de\\\/wp-content\\\/uploads\\\/2025\\\/11\\\/3.9-Staedtischer-Haushalt-scaled-e1763332609268.jpeg\",\"width\":1737,\"height\":1236},{\"@type\":\"BreadcrumbList\",\"@id\":\"https:\\\/\\\/gruene-wiesbaden.de\\\/staedtischer-haushalt-nachhaltig-und-generationengerecht\\\/#breadcrumb\",\"itemListElement\":[{\"@type\":\"ListItem\",\"position\":1,\"name\":\"Startseite\",\"item\":\"https:\\\/\\\/gruene-wiesbaden.de\\\/\"},{\"@type\":\"ListItem\",\"position\":2,\"name\":\"St\u00e4dtischer Haushalt &#8211; nachhaltig und generationengerecht\"}]},{\"@type\":\"WebSite\",\"@id\":\"https:\\\/\\\/gruene-wiesbaden.de\\\/#website\",\"url\":\"https:\\\/\\\/gruene-wiesbaden.de\\\/\",\"name\":\"DIE GR\u00dcNEN Wiesbaden\",\"description\":\"\",\"publisher\":{\"@id\":\"https:\\\/\\\/gruene-wiesbaden.de\\\/#organization\"},\"potentialAction\":[{\"@type\":\"SearchAction\",\"target\":{\"@type\":\"EntryPoint\",\"urlTemplate\":\"https:\\\/\\\/gruene-wiesbaden.de\\\/?s={search_term_string}\"},\"query-input\":{\"@type\":\"PropertyValueSpecification\",\"valueRequired\":true,\"valueName\":\"search_term_string\"}}],\"inLanguage\":\"de\"},{\"@type\":\"Organization\",\"@id\":\"https:\\\/\\\/gruene-wiesbaden.de\\\/#organization\",\"name\":\"DIE GR\u00dcNEN Wiesbaden\",\"url\":\"https:\\\/\\\/gruene-wiesbaden.de\\\/\",\"logo\":{\"@type\":\"ImageObject\",\"inLanguage\":\"de\",\"@id\":\"https:\\\/\\\/gruene-wiesbaden.de\\\/#\\\/schema\\\/logo\\\/image\\\/\",\"url\":\"https:\\\/\\\/gruene-wiesbaden-fuer-europa.de\\\/wp-content\\\/uploads\\\/2024\\\/04\\\/Machen-was-zaehlt-5.png\",\"contentUrl\":\"https:\\\/\\\/gruene-wiesbaden-fuer-europa.de\\\/wp-content\\\/uploads\\\/2024\\\/04\\\/Machen-was-zaehlt-5.png\",\"width\":1772,\"height\":1772,\"caption\":\"DIE GR\u00dcNEN Wiesbaden\"},\"image\":{\"@id\":\"https:\\\/\\\/gruene-wiesbaden.de\\\/#\\\/schema\\\/logo\\\/image\\\/\"},\"sameAs\":[\"https:\\\/\\\/www.facebook.com\\\/gruene.wi\",\"https:\\\/\\\/instagram.com\\\/gruene_wi\"]},{\"@type\":\"Person\",\"@id\":\"https:\\\/\\\/gruene-wiesbaden.de\\\/#\\\/schema\\\/person\\\/6785c34779159cd4fd86886bb097afe9\",\"name\":\"admin\",\"sameAs\":[\"http:\\\/\\\/gruene-wiesbaden-fuer-europa.de\"],\"url\":\"https:\\\/\\\/gruene-wiesbaden.de\\\/de\\\/author\\\/admin\\\/\"}]}<\/script>\n<!-- \/ Yoast SEO plugin. -->","yoast_head_json":{"title":"St\u00e4dtischer Haushalt - nachhaltig und generationengerecht - B\u00dcNDNIS 90\/DIE GR\u00dcNEN Wiesbaden","robots":{"index":"index","follow":"follow","max-snippet":"max-snippet:-1","max-image-preview":"max-image-preview:large","max-video-preview":"max-video-preview:-1"},"canonical":"https:\/\/gruene-wiesbaden.de\/de\/staedtischer-haushalt-nachhaltig-und-generationengerecht\/","og_locale":"de_DE","og_type":"article","og_title":"St\u00e4dtischer Haushalt - nachhaltig und generationengerecht - B\u00dcNDNIS 90\/DIE GR\u00dcNEN Wiesbaden","og_url":"https:\/\/gruene-wiesbaden.de\/de\/staedtischer-haushalt-nachhaltig-und-generationengerecht\/","og_site_name":"B\u00dcNDNIS 90\/DIE GR\u00dcNEN Wiesbaden","article_publisher":"https:\/\/www.facebook.com\/gruene.wi","article_published_time":"2025-11-09T22:39:55+00:00","article_modified_time":"2026-04-08T22:41:14+00:00","og_image":[{"width":1737,"height":1236,"url":"https:\/\/gruene-wiesbaden.de\/wp-content\/uploads\/2025\/11\/3.9-Staedtischer-Haushalt-scaled-e1763332609268.jpeg","type":"image\/jpeg"}],"author":"admin","twitter_card":"summary_large_image","twitter_misc":{"Verfasst von":"admin","Gesch\u00e4tzte Lesezeit":"6\u00a0Minuten"},"schema":{"@context":"https:\/\/schema.org","@graph":[{"@type":"Article","@id":"https:\/\/gruene-wiesbaden.de\/staedtischer-haushalt-nachhaltig-und-generationengerecht\/#article","isPartOf":{"@id":"https:\/\/gruene-wiesbaden.de\/staedtischer-haushalt-nachhaltig-und-generationengerecht\/"},"author":{"name":"admin","@id":"https:\/\/gruene-wiesbaden.de\/#\/schema\/person\/6785c34779159cd4fd86886bb097afe9"},"headline":"St\u00e4dtischer Haushalt &#8211; nachhaltig und generationengerecht","datePublished":"2025-11-09T22:39:55+00:00","dateModified":"2026-04-08T22:41:14+00:00","mainEntityOfPage":{"@id":"https:\/\/gruene-wiesbaden.de\/staedtischer-haushalt-nachhaltig-und-generationengerecht\/"},"wordCount":1776,"publisher":{"@id":"https:\/\/gruene-wiesbaden.de\/#organization"},"image":{"@id":"https:\/\/gruene-wiesbaden.de\/staedtischer-haushalt-nachhaltig-und-generationengerecht\/#primaryimage"},"thumbnailUrl":"https:\/\/gruene-wiesbaden.de\/wp-content\/uploads\/2025\/11\/3.9-Staedtischer-Haushalt-scaled-e1763332609268.jpeg","articleSection":["Kapitel 3"],"inLanguage":"de"},{"@type":"WebPage","@id":"https:\/\/gruene-wiesbaden.de\/staedtischer-haushalt-nachhaltig-und-generationengerecht\/","url":"https:\/\/gruene-wiesbaden.de\/staedtischer-haushalt-nachhaltig-und-generationengerecht\/","name":"St\u00e4dtischer Haushalt - nachhaltig und generationengerecht - B\u00dcNDNIS 90\/DIE GR\u00dcNEN Wiesbaden","isPartOf":{"@id":"https:\/\/gruene-wiesbaden.de\/#website"},"primaryImageOfPage":{"@id":"https:\/\/gruene-wiesbaden.de\/staedtischer-haushalt-nachhaltig-und-generationengerecht\/#primaryimage"},"image":{"@id":"https:\/\/gruene-wiesbaden.de\/staedtischer-haushalt-nachhaltig-und-generationengerecht\/#primaryimage"},"thumbnailUrl":"https:\/\/gruene-wiesbaden.de\/wp-content\/uploads\/2025\/11\/3.9-Staedtischer-Haushalt-scaled-e1763332609268.jpeg","datePublished":"2025-11-09T22:39:55+00:00","dateModified":"2026-04-08T22:41:14+00:00","breadcrumb":{"@id":"https:\/\/gruene-wiesbaden.de\/staedtischer-haushalt-nachhaltig-und-generationengerecht\/#breadcrumb"},"inLanguage":"de","potentialAction":[{"@type":"ReadAction","target":["https:\/\/gruene-wiesbaden.de\/staedtischer-haushalt-nachhaltig-und-generationengerecht\/"]}]},{"@type":"ImageObject","inLanguage":"de","@id":"https:\/\/gruene-wiesbaden.de\/staedtischer-haushalt-nachhaltig-und-generationengerecht\/#primaryimage","url":"https:\/\/gruene-wiesbaden.de\/wp-content\/uploads\/2025\/11\/3.9-Staedtischer-Haushalt-scaled-e1763332609268.jpeg","contentUrl":"https:\/\/gruene-wiesbaden.de\/wp-content\/uploads\/2025\/11\/3.9-Staedtischer-Haushalt-scaled-e1763332609268.jpeg","width":1737,"height":1236},{"@type":"BreadcrumbList","@id":"https:\/\/gruene-wiesbaden.de\/staedtischer-haushalt-nachhaltig-und-generationengerecht\/#breadcrumb","itemListElement":[{"@type":"ListItem","position":1,"name":"Startseite","item":"https:\/\/gruene-wiesbaden.de\/"},{"@type":"ListItem","position":2,"name":"St\u00e4dtischer Haushalt &#8211; nachhaltig und generationengerecht"}]},{"@type":"WebSite","@id":"https:\/\/gruene-wiesbaden.de\/#website","url":"https:\/\/gruene-wiesbaden.de\/","name":"DIE GR\u00dcNEN Wiesbaden","description":"","publisher":{"@id":"https:\/\/gruene-wiesbaden.de\/#organization"},"potentialAction":[{"@type":"SearchAction","target":{"@type":"EntryPoint","urlTemplate":"https:\/\/gruene-wiesbaden.de\/?s={search_term_string}"},"query-input":{"@type":"PropertyValueSpecification","valueRequired":true,"valueName":"search_term_string"}}],"inLanguage":"de"},{"@type":"Organization","@id":"https:\/\/gruene-wiesbaden.de\/#organization","name":"DIE GR\u00dcNEN Wiesbaden","url":"https:\/\/gruene-wiesbaden.de\/","logo":{"@type":"ImageObject","inLanguage":"de","@id":"https:\/\/gruene-wiesbaden.de\/#\/schema\/logo\/image\/","url":"https:\/\/gruene-wiesbaden-fuer-europa.de\/wp-content\/uploads\/2024\/04\/Machen-was-zaehlt-5.png","contentUrl":"https:\/\/gruene-wiesbaden-fuer-europa.de\/wp-content\/uploads\/2024\/04\/Machen-was-zaehlt-5.png","width":1772,"height":1772,"caption":"DIE GR\u00dcNEN Wiesbaden"},"image":{"@id":"https:\/\/gruene-wiesbaden.de\/#\/schema\/logo\/image\/"},"sameAs":["https:\/\/www.facebook.com\/gruene.wi","https:\/\/instagram.com\/gruene_wi"]},{"@type":"Person","@id":"https:\/\/gruene-wiesbaden.de\/#\/schema\/person\/6785c34779159cd4fd86886bb097afe9","name":"admin","sameAs":["http:\/\/gruene-wiesbaden-fuer-europa.de"],"url":"https:\/\/gruene-wiesbaden.de\/de\/author\/admin\/"}]}},"_links":{"self":[{"href":"https:\/\/gruene-wiesbaden.de\/de\/wp-json\/wp\/v2\/posts\/1392","targetHints":{"allow":["GET"]}}],"collection":[{"href":"https:\/\/gruene-wiesbaden.de\/de\/wp-json\/wp\/v2\/posts"}],"about":[{"href":"https:\/\/gruene-wiesbaden.de\/de\/wp-json\/wp\/v2\/types\/post"}],"author":[{"embeddable":true,"href":"https:\/\/gruene-wiesbaden.de\/de\/wp-json\/wp\/v2\/users\/1"}],"replies":[{"embeddable":true,"href":"https:\/\/gruene-wiesbaden.de\/de\/wp-json\/wp\/v2\/comments?post=1392"}],"version-history":[{"count":7,"href":"https:\/\/gruene-wiesbaden.de\/de\/wp-json\/wp\/v2\/posts\/1392\/revisions"}],"predecessor-version":[{"id":2387,"href":"https:\/\/gruene-wiesbaden.de\/de\/wp-json\/wp\/v2\/posts\/1392\/revisions\/2387"}],"wp:featuredmedia":[{"embeddable":true,"href":"https:\/\/gruene-wiesbaden.de\/de\/wp-json\/wp\/v2\/media\/1576"}],"wp:attachment":[{"href":"https:\/\/gruene-wiesbaden.de\/de\/wp-json\/wp\/v2\/media?parent=1392"}],"wp:term":[{"taxonomy":"category","embeddable":true,"href":"https:\/\/gruene-wiesbaden.de\/de\/wp-json\/wp\/v2\/categories?post=1392"},{"taxonomy":"post_tag","embeddable":true,"href":"https:\/\/gruene-wiesbaden.de\/de\/wp-json\/wp\/v2\/tags?post=1392"}],"curies":[{"name":"wp","href":"https:\/\/api.w.org\/{rel}","templated":true}]}}