{"id":1384,"date":"2025-11-10T00:35:28","date_gmt":"2025-11-09T22:35:28","guid":{"rendered":"https:\/\/gruene-wiesbaden.de\/?p=1384"},"modified":"2026-04-09T00:34:05","modified_gmt":"2026-04-08T22:34:05","slug":"wiesbaden-zur-nachhaltigen-kommune-transformieren","status":"publish","type":"post","link":"https:\/\/gruene-wiesbaden.de\/de\/wiesbaden-zur-nachhaltigen-kommune-transformieren\/","title":{"rendered":"Wiesbaden zur nachhaltigen Kommune transformieren"},"content":{"rendered":"<section class=\"l-section wpb_row height_medium with_img\"><div class=\"l-section-img\" role=\"img\" data-img-width=\"1080\" data-img-height=\"800\" style=\"background-image: url(https:\/\/gruene-wiesbaden.de\/wp-content\/uploads\/2025\/11\/neuer-Verlauf-gruene-wiesbaden.de_-2-e1762709402177.png);\"><\/div><div class=\"l-section-overlay\" style=\"background:var(--color-header-top-transparent-bg)\"><\/div><div class=\"l-section-h i-cf\"><div class=\"g-cols vc_row via_grid cols_1 laptops-cols_inherit tablets-cols_inherit mobiles-cols_1 valign_top type_default stacking_default\"><div class=\"wpb_column vc_column_container\"><div class=\"vc_column-inner\"><h1 class=\"w-post-elm post_title us_custom_a574d586 has_text_color entry-title\">Wiesbaden zur nachhaltigen Kommune transformieren<\/h1><div class=\"w-separator size_medium\"><\/div><div class=\"g-cols wpb_row via_grid cols_2-1 laptops-cols_inherit tablets-cols_inherit mobiles-cols_1 valign_top type_default stacking_default\" style=\"--columns-gap:3rem;\"><div class=\"wpb_column vc_column_container\"><div class=\"vc_column-inner\"><div class=\"wpb_text_column us_custom_8b3d6790 has_text_color\"><div class=\"wpb_wrapper\"><p><span style=\"font-weight: 400;\">Wiesbaden steht vor der Herausforderung, den Wandel zu einer nachhaltigen, klimaneutralen und lebenswerten Stadt aktiv zu gestalten. Die Umsetzung der Anforderungen der 17 Ziele der UN f\u00fcr nachhaltige Stadtentwicklung (SDG) erfordert entschlossenes Handeln auch und vor allem auf kommunaler Ebene und von allen Akteuren der Stadtgesellschaft. Wir wollen Wiesbaden bis zu einer weitgehend nachhaltigen Stadt bis 2045 umbauen und dabei soziale Gerechtigkeit und wirtschaftliche Chancen verbinden.<\/span><\/p>\n<\/div><\/div><div class=\"w-separator size_medium\"><\/div><div class=\"w-btn-wrapper align_left\"><a class=\"w-btn us-btn-style_8 icon_atleft\" href=\"https:\/\/gruene-wiesbaden.de\/kommunalwahl\/#Kapitel3\"><i class=\"fas fa-chevron-circle-right\"><\/i><span class=\"w-btn-label\">Zur\u00fcck zur \u00dcbersicht<\/span><\/a><\/div><\/div><\/div><div class=\"wpb_column vc_column_container\"><div class=\"vc_column-inner\"><div class=\"w-image align_center\"><div class=\"w-image-h\"><img decoding=\"async\" width=\"1920\" height=\"1080\" src=\"https:\/\/gruene-wiesbaden.de\/wp-content\/uploads\/2025\/11\/3.5-Wiesbaden-zur-nachhaltigen-Kommune-transformieren.jpg\" class=\"attachment-full size-full\" alt=\"\" loading=\"lazy\" srcset=\"https:\/\/gruene-wiesbaden.de\/wp-content\/uploads\/2025\/11\/3.5-Wiesbaden-zur-nachhaltigen-Kommune-transformieren.jpg 1920w, https:\/\/gruene-wiesbaden.de\/wp-content\/uploads\/2025\/11\/3.5-Wiesbaden-zur-nachhaltigen-Kommune-transformieren-400x225.jpg 400w, https:\/\/gruene-wiesbaden.de\/wp-content\/uploads\/2025\/11\/3.5-Wiesbaden-zur-nachhaltigen-Kommune-transformieren-600x338.jpg 600w\" sizes=\"auto, (max-width: 1920px) 100vw, 1920px\" \/><\/div><\/div><div class=\"w-separator size_small\"><\/div><\/div><\/div><\/div><div class=\"w-separator size_medium\"><\/div><div class=\"w-separator size_medium\"><\/div><div class=\"wpb_text_column\"><div class=\"wpb_wrapper\"><h1>Was die Transformation Wiesbadens zu einer nachhaltigen Kommune f\u00fcr uns bedeutet<\/h1>\n<\/div><\/div><div class=\"w-separator size_large\"><\/div><div class=\"g-cols wpb_row via_grid cols_1 laptops-cols_inherit tablets-cols_inherit mobiles-cols_1 valign_top type_default stacking_default\" style=\"--columns-gap:3rem;\"><div class=\"wpb_column vc_column_container\"><div class=\"vc_column-inner\"><div class=\"w-iconbox us_custom_8b3d6790 has_text_color iconpos_left style_default color_custom align_left\"><div class=\"w-iconbox-icon\" style=\"font-size:2rem;--icon-color:#Ffffff;--icon-bg-color:var(--color-header-middle-bg);\"><i class=\"fas fa-layer-group\"><\/i><\/div><div class=\"w-iconbox-meta\"><h4 class=\"w-iconbox-title\" style=\"font-size:1.5rem;\">Keine halben Sachen<\/h4><div class=\"w-iconbox-text\"><p><span style=\"font-weight: 400;\">Wir wollen nachhaltig leben und das Klima lokal und global sch\u00fctzen. Das erfordert eine umgehende, aber vertr\u00e4gliche Transformation aller kommunalen Prozesse vom Finanzwesen, \u00fcber die Art und Weise des Wirtschaftens bis zu den Strukturen der Verwaltung. Klar ist, dass dieser Wandel hin zur Klimaneutralit\u00e4t nicht allein technisch l\u00f6sbar ist. Er muss die Menschen \u00fcberzeugen, deswegen ist es wichtig, den Blick auf die Chancen zu richten: f\u00fcr wirtschaftliche Entwicklung, Wohlstand und Lebensqualit\u00e4t in unserer Stadt \u2013 heute und f\u00fcr unsere Kinder.<\/span><\/p>\n<\/div><\/div><\/div><\/div><\/div><\/div><div class=\"w-separator size_medium\"><\/div><div class=\"g-cols wpb_row via_grid cols_2 laptops-cols_inherit tablets-cols_inherit mobiles-cols_1 valign_top type_default stacking_default\" style=\"--columns-gap:3rem;\"><div class=\"wpb_column vc_column_container\"><div class=\"vc_column-inner\"><div class=\"w-iconbox us_custom_8b3d6790 has_text_color iconpos_left style_default color_custom align_left\"><div class=\"w-iconbox-icon\" style=\"font-size:2rem;--icon-color:#Ffffff;--icon-bg-color:var(--color-header-transparent-text);\"><i class=\"fas fa-layer-group\"><\/i><\/div><div class=\"w-iconbox-meta\"><h4 class=\"w-iconbox-title\" style=\"font-size:1.5rem;\">Zielvorgaben Nachhaltigkeit Deutschland<\/h4><div class=\"w-iconbox-text\"><p><span style=\"font-weight: 400;\">Die Stadtgesellschaft Wiesbaden setzt die EU- und Bundesziele anteilig um und nutzt die Potentiale im \u00fcberragenden \u00f6ffentlichen Interesse. Beispiele anderer Kommunen sind unser Ansporn.<\/span><\/p>\n<\/div><\/div><\/div><\/div><\/div><div class=\"wpb_column vc_column_container\"><div class=\"vc_column-inner\"><div class=\"w-iconbox us_custom_8b3d6790 has_text_color iconpos_left style_default color_custom align_left\"><div class=\"w-iconbox-icon\" style=\"font-size:2rem;--icon-color:#Ffffff;--icon-bg-color:var(--color-header-transparent-text);\"><i class=\"fas fa-layer-group\"><\/i><\/div><div class=\"w-iconbox-meta\"><h4 class=\"w-iconbox-title\" style=\"font-size:1.5rem;\">Nachhaltig besser mobil<\/h4><div class=\"w-iconbox-text\"><p><span style=\"font-weight: 400;\">Nachhaltiger, aber schneller und ges\u00fcnder sind die B\u00fcrger*innen in Wiesbaden unterwegs, wie Studien von TomTom als auch die TU Dresden bescheinigen, trotz Tempo 40 auf Hauptverkehrsachsen!<\/span><\/p>\n<\/div><\/div><\/div><\/div><\/div><\/div><div class=\"w-separator size_medium\"><\/div><div class=\"g-cols wpb_row via_grid cols_2 laptops-cols_inherit tablets-cols_inherit mobiles-cols_1 valign_top type_default stacking_default\" style=\"--columns-gap:3rem;\"><div class=\"wpb_column vc_column_container\"><div class=\"vc_column-inner\"><div class=\"w-iconbox us_custom_8b3d6790 has_text_color iconpos_left style_default color_custom align_left\"><div class=\"w-iconbox-icon\" style=\"font-size:2rem;--icon-color:#Ffffff;--icon-bg-color:var(--color-header-middle-bg);\"><i class=\"fas fa-layer-group\"><\/i><\/div><div class=\"w-iconbox-meta\"><h4 class=\"w-iconbox-title\" style=\"font-size:1.5rem;\">Nachhaltig sichtbar motiviert<\/h4><div class=\"w-iconbox-text\"><p><span style=\"font-weight: 400;\">Die Stadtverwaltung geht mit ihren Beschl\u00fcssen zur Nachhaltigkeit wie Beteiligungskodex und Datenerhebung zu SDG (Nachhaltigkeitsbewertung) und dar\u00fcber hinaus beispielhaft voran und wirbt damit auch f\u00fcr Kongresse, Tourismus und Gewerbeansiedlung.<\/span><\/p>\n<\/div><\/div><\/div><\/div><\/div><div class=\"wpb_column vc_column_container\"><div class=\"vc_column-inner\"><div class=\"w-iconbox us_custom_8b3d6790 has_text_color iconpos_left style_default color_custom align_left\"><div class=\"w-iconbox-icon\" style=\"font-size:2rem;--icon-color:#Ffffff;--icon-bg-color:var(--color-header-transparent-text);\"><i class=\"fas fa-layer-group\"><\/i><\/div><div class=\"w-iconbox-meta\"><h4 class=\"w-iconbox-title\" style=\"font-size:1.5rem;\">Nachhaltig anlegen<\/h4><div class=\"w-iconbox-text\"><p><span style=\"font-weight: 400;\">Mit der erneuerten st\u00e4dtischen Anlagerichtlinie geben wir dem Aspekt Nachhaltigkeit deutlich mehr Gewicht. Dieses Anlageziel gew\u00e4hrleistet, dass Investments \u00f6kologische und soziale (Mindest-)Standards erf\u00fcllen.<\/span><\/p>\n<\/div><\/div><\/div><\/div><\/div><\/div><div class=\"w-separator size_medium\"><\/div><div class=\"g-cols wpb_row via_grid cols_2 laptops-cols_inherit tablets-cols_inherit mobiles-cols_1 valign_top type_default stacking_default\" style=\"--columns-gap:3rem;\"><div class=\"wpb_column vc_column_container\"><div class=\"vc_column-inner\"><div class=\"w-iconbox us_custom_8b3d6790 has_text_color iconpos_left style_default color_custom align_left\"><div class=\"w-iconbox-icon\" style=\"font-size:2rem;--icon-color:#Ffffff;--icon-bg-color:var(--color-header-transparent-text);\"><i class=\"fas fa-layer-group\"><\/i><\/div><div class=\"w-iconbox-meta\"><h4 class=\"w-iconbox-title\" style=\"font-size:1.5rem;\">Bildung f\u00fcr nachhaltige Entwicklung<\/h4><div class=\"w-iconbox-text\"><p><span style=\"font-weight: 400;\">Die Stadt beteiligt sich am BNE-Netzwerk Wiesbaden, um die Aufgaben und L\u00f6sungen f\u00fcr nachhaltige Entwicklung st\u00e4rker in die \u00f6ffentliche Diskussion und die Bildungseinrichtungen einzubringen.<\/span><\/p>\n<\/div><\/div><\/div><\/div><\/div><div class=\"wpb_column vc_column_container\"><div class=\"vc_column-inner\"><\/div><\/div><\/div><div class=\"w-separator size_medium\"><\/div><div class=\"w-btn-wrapper align_left\"><a class=\"w-btn us-btn-style_8 icon_atleft\" href=\"https:\/\/gruene-wiesbaden.de\/kommunalwahl\/#Kapitel3\"><i class=\"fas fa-chevron-circle-right\"><\/i><span class=\"w-btn-label\">Zur\u00fcck zur \u00dcbersicht<\/span><\/a><\/div><div class=\"w-separator size_medium\"><\/div><\/div><\/div><\/div><\/div><\/section><section class=\"l-section wpb_row height_auto with_img\"><div class=\"l-section-img\" role=\"img\" data-img-width=\"1920\" data-img-height=\"1080\" style=\"background-image: url(https:\/\/gruene-wiesbaden.de\/wp-content\/uploads\/2025\/11\/3.5-Wiesbaden-zur-nachhaltigen-Kommune-transformieren.jpg);background-repeat: no-repeat;\"><\/div><div class=\"l-section-overlay\" style=\"background:var(--color-header-top-transparent-bg)\"><\/div><div class=\"l-section-h i-cf\"><div class=\"g-cols vc_row via_grid cols_1 laptops-cols_inherit tablets-cols_inherit mobiles-cols_1 valign_middle type_default stacking_default\" style=\"--columns-gap:1rem;\"><div class=\"wpb_column vc_column_container\"><div class=\"vc_column-inner\"><div class=\"w-separator size_large\"><\/div><div class=\"wpb_text_column background_inside_text\"><div class=\"wpb_wrapper\"><h1>Was wir konkret in diesem Bereich tun wollen<\/h1>\n<\/div><\/div><div class=\"w-separator size_medium\"><\/div><div class=\"w-tabs us_custom_42d693a0 has_text_color style_default switch_click accordion has_scrolling\" style=\"--sections-title-size:1.4rem\"><div class=\"w-tabs-sections titles-align_none icon_chevron cpos_right\"><div class=\"w-tabs-section has_text_color\" id=\"b2c3\" style=\"background:var(--color-header-transparent-text);color:var(--color-header-top-text-hover);\"><button class=\"w-tabs-section-header\" aria-controls=\"content-b2c3\" aria-expanded=\"false\"><div class=\"w-tabs-section-title\">Nachhaltigkeit als Standortfaktor<\/div><div class=\"w-tabs-section-control\"><\/div><\/button><div  class=\"w-tabs-section-content\" id=\"content-b2c3\"><div class=\"w-tabs-section-content-h i-cf\"><div class=\"wpb_text_column\"><div class=\"wpb_wrapper\"><p><span style=\"font-weight: 400;\">Die Nachhaltigkeitsbem\u00fchungen unserer Stadt wollen wir st\u00e4rker als Standortfaktor bewerben. Sie sind ein Wirtschaftsfaktor, unterstreichen die touristische Anziehungskraft Wiesbadens und sind die Gew\u00e4hr daf\u00fcr, dass sich auch k\u00fcnftig noch gut in unserer Gro\u00dfstadt zwischen Taunus und Rhein leben l\u00e4sst.<\/span><\/p>\n<\/div><\/div><\/div><\/div><\/div><div class=\"w-tabs-section has_text_color\" id=\"t3f8\" style=\"background:var(--color-header-transparent-text);color:var(--color-header-top-text-hover);\"><button class=\"w-tabs-section-header\" aria-controls=\"content-t3f8\" aria-expanded=\"false\"><div class=\"w-tabs-section-title\">Nachhaltige Infrastruktur st\u00e4rken<\/div><div class=\"w-tabs-section-control\"><\/div><\/button><div  class=\"w-tabs-section-content\" id=\"content-t3f8\"><div class=\"w-tabs-section-content-h i-cf\"><div class=\"wpb_text_column\"><div class=\"wpb_wrapper\"><p><span style=\"font-weight: 400;\">Im neuen Fl\u00e4chennutzungsplan wird die Klimaresilienz als \u00fcberragendes \u00f6ffentliches Interesse bewertet. Standorte f\u00fcr Erneuerbare Energien und die Infrastruktur f\u00fcr W\u00e4rme, Strom, Mobilit\u00e4t und Digitalisierung m\u00fcssen vorgesehen und in der weiteren Planung umgesetzt werden. Wir wollen, dass die Stadt Wiesbaden Fl\u00e4chen zur Nutzung von Windkraft (hohe Wurzel), Photovoltaik, Geo- und Solarthermie und Abw\u00e4rmenutzung ausweist und nutzt. Das gilt auch f\u00fcr die notwendige Infrastruktur f\u00fcr W\u00e4rme- und Stromnetze und Verteiler- und Speichereinrichtungen. Diese Chance auf eine kosteng\u00fcnstige, wirtschaftliche und sozial gerechte Energiewirtschaft sichert Wiesbaden als Standort zukunftsf\u00e4higer, nachhaltiger Wirtschaft und Umweltbedingungen f\u00fcr Besch\u00e4ftigte.<\/span><\/p>\n<\/div><\/div><\/div><\/div><\/div><div class=\"w-tabs-section has_text_color\" id=\"z543\" style=\"background:var(--color-header-transparent-text);color:var(--color-header-top-text-hover);\"><button class=\"w-tabs-section-header\" aria-controls=\"content-z543\" aria-expanded=\"false\"><div class=\"w-tabs-section-title\">Nachhaltig wirtschaften<\/div><div class=\"w-tabs-section-control\"><\/div><\/button><div  class=\"w-tabs-section-content\" id=\"content-z543\"><div class=\"w-tabs-section-content-h i-cf\"><div class=\"wpb_text_column\"><div class=\"wpb_wrapper\"><p><span style=\"font-weight: 400;\">Angesichts eines ungebremsten Ressourcenverbrauchs und vieler Millionen an finanziellen Mitteln, die die Stadt anlegt und f\u00fcr G\u00fcter und Dienstleistungen ausgibt, muss sich diese an sozialen und Umweltkriterien orientieren. Die Ausgaben der Stadt m\u00fcssen den sozial-\u00f6kologischen Transformationsprozess begleiten, unter anderem indem bei der st\u00e4dtischen Beschaffung und Vergabe lokale, aber nachhaltig agierende Akteure bevorzugt werden. Die Kostenbewertung sollte sich daher am Lebenszykluskonzept orientieren. Der gesellschaftliche Mehrwert einer starken, kreativen lokalen Wirtschaft und sicherer Arbeitspl\u00e4tze sollte ebenso im Sinne der EU-Vorgaben einer \u201eSustainable Finance Strategy&#8220; Ber\u00fccksichtigung finden.<\/span><\/p>\n<\/div><\/div><\/div><\/div><\/div><div class=\"w-tabs-section has_text_color\" id=\"x68b\" style=\"background:var(--color-header-middle-bg);color:var(--color-content-heading);\"><button class=\"w-tabs-section-header\" aria-controls=\"content-x68b\" aria-expanded=\"false\"><div class=\"w-tabs-section-title\">Umsetzung der 17 Nachhaltigkeitsziele der UN (SDG)<\/div><div class=\"w-tabs-section-control\"><\/div><\/button><div  class=\"w-tabs-section-content\" id=\"content-x68b\"><div class=\"w-tabs-section-content-h i-cf\"><div class=\"wpb_text_column\"><div class=\"wpb_wrapper\"><p><span style=\"font-weight: 400;\">Auf allen Ebenen der kommunalen Aktivit\u00e4ten wollen wir, dass die Umsetzung der 17 Nachhaltigkeitsziele als vorrangig beachtet werden. Dazu wollen wir, dass aus der von der Stadt beschlossenen SDG-Bestandsaufnahme ein Handlungsprogramm mit konkreten Verantwortlichkeiten und den n\u00f6tigen Ressourcen entwickelt und umsetzt wird. Dazu geh\u00f6rt unter anderem, dass bei der Beschaffung systematischer Nachhaltigkeitskriterien wie Lebenszykluskosten, Ressourcenschonung und Tariftreue ber\u00fccksichtigt werden.<\/span><\/p>\n<\/div><\/div><\/div><\/div><\/div><div class=\"w-tabs-section has_text_color\" id=\"z7ab\" style=\"background:var(--color-header-transparent-text);color:var(--color-header-top-text-hover);\"><button class=\"w-tabs-section-header\" aria-controls=\"content-z7ab\" aria-expanded=\"false\"><div class=\"w-tabs-section-title\">Energie-, Umwelt- und Klimamanagement zahlt sich aus<\/div><div class=\"w-tabs-section-control\"><\/div><\/button><div  class=\"w-tabs-section-content\" id=\"content-z7ab\"><div class=\"w-tabs-section-content-h i-cf\"><div class=\"wpb_text_column\"><div class=\"wpb_wrapper\"><p><span style=\"font-weight: 400;\">Wir wollen durch ein verbessertes, koordiniertes Management die Kosten und den Nutzen der Ma\u00dfnahmen auf dem Weg zur Klimaneutralit\u00e4t optimieren. Beispielhaft kann das Management der stadtweiten Eigenstromerzeugung mit Photovoltaik die Kosten der externen Strombeschaffung f\u00fcr den st\u00e4dtischen Haushalt deutlich reduzieren. Zus\u00e4tzliche Personalkosten werden durch die Einsparungen mehr als gedeckt. Zudem werden damit, wie auch beim Wasser- und Umweltmanagement, rechtliche Vorgaben umgesetzt und EU-Umweltabgaben vermieden.<\/span><\/p>\n<\/div><\/div><\/div><\/div><\/div><div class=\"w-tabs-section has_text_color\" id=\"x8c7\" style=\"background:var(--color-header-middle-bg);color:var(--color-header-middle-text);\"><button class=\"w-tabs-section-header\" aria-controls=\"content-x8c7\" aria-expanded=\"false\"><div class=\"w-tabs-section-title\">Nachhaltig sichtbar<\/div><div class=\"w-tabs-section-control\"><\/div><\/button><div  class=\"w-tabs-section-content\" id=\"content-x8c7\"><div class=\"w-tabs-section-content-h i-cf\"><div class=\"wpb_text_column\"><div class=\"wpb_wrapper\"><p><span style=\"font-weight: 400;\">Wir wollen, dass\u00a0 die Sichtbarkeit und Motivation f\u00fcr Balkonkraftwerke und andere nachhaltige Energietr\u00e4ger, f\u00fcr Gr\u00fcnpartnerschaften und Urban Gardening sowie andere lokal nachhaltigen Taten erh\u00f6ht werden. Durch gezielte Kommunikation und Beratung kann die Stadt Wiesbaden auch Menschen erreichen, die bisher wenig Zugang zu diesen b\u00fcrger*innennahen Themen haben, wie etwa \u00e4ltere und eingeschr\u00e4nkte Personen und Jugendliche. So wird Teilhabe erleichtert.<\/span><\/p>\n<\/div><\/div><\/div><\/div><\/div><div class=\"w-tabs-section has_text_color\" id=\"g9e4\" style=\"background:var(--color-header-transparent-text);color:var(--color-header-top-text-hover);\"><button class=\"w-tabs-section-header\" aria-controls=\"content-g9e4\" aria-expanded=\"false\"><div class=\"w-tabs-section-title\">Motivation st\u00e4rken<\/div><div class=\"w-tabs-section-control\"><\/div><\/button><div  class=\"w-tabs-section-content\" id=\"content-g9e4\"><div class=\"w-tabs-section-content-h i-cf\"><div class=\"wpb_text_column\"><div class=\"wpb_wrapper\"><p><span style=\"font-weight: 400;\">Die Kommunikation und Synergien zwischen \u00c4mtern wollen wir st\u00e4rken. So k\u00f6nnen Ressourcen f\u00fcr den \u00f6kologischen und Klimaschutz-Umbau der Stadt frei werden. Belange der Umwelt- und Nachhaltigkeitsbewertungen m\u00fcssen bei Verwaltungsentscheidungen Priorit\u00e4t haben und Umweltpr\u00fcfungen sollen verbindlich sein. Deshalb wollen wir, dass das Qualit\u00e4tsmanagement bei st\u00e4dtischen Entscheidungen auch mit Blick auf die nachhaltigen Themen verst\u00e4rkt wird.<\/span><\/p>\n<\/div><\/div><\/div><\/div><\/div><div class=\"w-tabs-section has_text_color\" id=\"pb02\" style=\"background:var(--color-header-transparent-text);color:var(--color-header-top-text-hover);\"><button class=\"w-tabs-section-header\" aria-controls=\"content-pb02\" aria-expanded=\"false\"><div class=\"w-tabs-section-title\">Alles um die Ecke<\/div><div class=\"w-tabs-section-control\"><\/div><\/button><div  class=\"w-tabs-section-content\" id=\"content-pb02\"><div class=\"w-tabs-section-content-h i-cf\"><div class=\"wpb_text_column\"><div class=\"wpb_wrapper\"><p><span style=\"font-weight: 400;\">Die Stadt der kurzen Wege bedeutet f\u00fcr uns lebendige Quartiere mit guter Nahversorgung. Dazu geh\u00f6ren lokale Gesch\u00e4fte, Wochenm\u00e4rkte und gemeinschaftliche Projekte wie Urban Gardening. Bei der Stadtplanung setzen wir auf Nutzungsmischung statt Trennung von Wohnen, Arbeiten und Freizeit. So wird Verkehr reduziert und der\u00a0 soziale Zusammenhalt in den Quartieren gest\u00e4rkt. Alle Wiesbadener*innen sollen innerhalb von f\u00fcnf Minuten eine Gr\u00fcnfl\u00e4che erreichen k\u00f6nnen. Wir wollen, dass bestehende Parks und Gr\u00fcnanlagen aufgewertet und naturnah gestaltet werden.<\/span><\/p>\n<\/div><\/div><\/div><\/div><\/div><div class=\"w-tabs-section has_text_color\" id=\"dc1e\" style=\"background:var(--color-header-transparent-text);color:var(--color-header-top-text-hover);\"><button class=\"w-tabs-section-header\" aria-controls=\"content-dc1e\" aria-expanded=\"false\"><div class=\"w-tabs-section-title\">Money makes the world go around<\/div><div class=\"w-tabs-section-control\"><\/div><\/button><div  class=\"w-tabs-section-content\" id=\"content-dc1e\"><div class=\"w-tabs-section-content-h i-cf\"><div class=\"wpb_text_column\"><div class=\"wpb_wrapper\"><p><span style=\"font-weight: 400;\">Das bereits beschlossene F\u00f6rdermittelmanagement wollen wir ausbauen und so sicherstellen, dass die Stadt Wiesbaden bestehende F\u00f6rdert\u00f6pfe f\u00fcr Klimaschutz und Nachhaltigkeit systematisch abruft und in unserer Kommune zum Einsatz bringt. Prim\u00e4res Ziel ist zudem die Schaffung einer digitalen Plattform sowie der Abbau verwaltungsinterner Hindernisse zur finanziellen Realisierung des Klima-und W\u00e4rmeplans und anderer Nachhaltigkeitsziele. Mittels Digitalisierung und Einrichtung einer Kompetenzstelle wollen wir F\u00f6rderungsm\u00f6glichkeiten transparenter und einfacher zug\u00e4nglich machen. Dabei soll auch eine Beratung f\u00fcr m\u00f6gliche Antragstellende au\u00dferhalb der Stadtverwaltung &#8211; vor allem lokale Betriebe, mittelst\u00e4ndische Unternehmen, Start-ups &#8211; angeboten werden, samt Beantragungsunterst\u00fctzung und Netzwerkf\u00f6rderung.<\/span><\/p>\n<\/div><\/div><\/div><\/div><\/div><div class=\"w-tabs-section has_text_color\" id=\"ld4c\" style=\"background:var(--color-header-transparent-text);color:var(--color-header-top-text-hover);\"><button class=\"w-tabs-section-header\" aria-controls=\"content-ld4c\" aria-expanded=\"false\"><div class=\"w-tabs-section-title\">Nachhaltigkeitsbericht und Vollzug<\/div><div class=\"w-tabs-section-control\"><\/div><\/button><div  class=\"w-tabs-section-content\" id=\"content-ld4c\"><div class=\"w-tabs-section-content-h i-cf\"><div class=\"wpb_text_column\"><div class=\"wpb_wrapper\"><p><span style=\"font-weight: 400;\">Die Nachhaltigkeitsberichterstattung der Stadt sollte ausgeweitet werden und auch Informationen zu Finanzanlagen enthalten. Alle Vorhaben mit wesentlichen Folgen f\u00fcr die Klimabilanz der Stadt sind in den Sitzungsvorlagen anhand der Umweltfolge- bzw. Schadenskosten und einer auf den Lebenszyklus ausgerichteten Treibhausgasbilanz darzustellen und zu bewerten. Es bedarf unter anderem sektorspezifischer, finanziell bewerteter CO2-Budgets, f\u00fcr die klare Verantwortlichkeiten zugewiesen werden. Diese m\u00fcssen auch das kurzfristige Ergreifen von Ma\u00dfnahmen bei Nichterreichen der Ziele einschlie\u00dfen.<\/span><span style=\"font-weight: 400;\"><br \/>\n<\/span><span style=\"font-weight: 400;\">Deshalb setzen wir uns f\u00fcr die Einf\u00fchrung einer \u201eKlima-Ampel\u201c f\u00fcr st\u00e4dtische Vorhaben ein, die politischen Entscheider*innen und B\u00fcrger*innen Transparenz dar\u00fcber verschaffen soll, inwiefern ein Vorhaben klimapositiv, klimaneutral oder klimasch\u00e4dlich wirkt. Mit der Klima-Ampel schaffen wir eine verbindliche Grundlage f\u00fcr klimabewusste Entscheidungen in unserer Kommune. Bei gleichwertigen Alternativen soll stets die klimafreundlichere Variante bevorzugt werden.<\/span><\/p>\n<\/div><\/div><\/div><\/div><\/div><\/div><\/div><div class=\"w-separator size_medium\"><\/div><div class=\"w-btn-wrapper align_left\"><a class=\"w-btn us-btn-style_8 icon_atleft\" href=\"https:\/\/gruene-wiesbaden.de\/kommunalwahl\/#Kapitel3\"><i class=\"fas fa-chevron-circle-right\"><\/i><span class=\"w-btn-label\">Zur\u00fcck zur \u00dcbersicht<\/span><\/a><\/div><div class=\"w-separator size_large\"><\/div><div class=\"wpb_text_column us_custom_29deb344 has_text_color\"><div class=\"wpb_wrapper\"><h1>Was wir bereits erreicht haben<\/h1>\n<\/div><\/div><div class=\"w-separator size_medium\"><\/div><div class=\"w-tabs us_custom_42d693a0 has_text_color style_default switch_click accordion has_scrolling\" style=\"--sections-title-size:1.4rem\"><div class=\"w-tabs-sections titles-align_none icon_chevron cpos_right\"><div class=\"w-tabs-section has_text_color\" id=\"u322\" style=\"background:var(--color-header-transparent-text);color:var(--color-header-top-text-hover);\"><button class=\"w-tabs-section-header\" aria-controls=\"content-u322\" aria-expanded=\"false\"><div class=\"w-tabs-section-title\">Die Stadt als Vorbild<\/div><div class=\"w-tabs-section-control\"><\/div><\/button><div  class=\"w-tabs-section-content\" id=\"content-u322\"><div class=\"w-tabs-section-content-h i-cf\"><div class=\"wpb_text_column\"><div class=\"wpb_wrapper\"><p><span style=\"font-weight: 400;\">Die Stadtverwaltung legt Rechenschaft durch eine Erfolgsbilanz Klimaschutz und Energie ab, die auch \u00f6ffentlich gemacht wird. Der strategische KLIMA_PLAN wurde verabschiedet, die zugeh\u00f6rige W\u00e4rmeplanung ist in Arbeit, die B\u00fcrger*innen werden in die Zwischenergebnisse einbezogen und 2026 das Ergebnis vorgelegt. Das Umwelt-, Klima- und Energiemanagementsystem in st\u00e4dtischen Einrichtungen bzw. Liegenschaften wird erweitert. Das Leitbild nachhaltiges Bauen und zugeh\u00f6rige Leitlinien wurden beschlossen und werden umgesetzt, auf geeigneten st\u00e4dtischen D\u00e4chern sollen PV-Anlagen installiert werden, eine Geothermie-Siedlung ist geplant. Die Stadtverwaltung hat sich unter anderem \u00fcber ihren Beteiligungskodex auf Nachhaltigkeit verpflichtet. Die Weiterentwicklung der SDG-Strategie wird vorangetrieben.<\/span><\/p>\n<\/div><\/div><\/div><\/div><\/div><div class=\"w-tabs-section has_text_color\" id=\"v4cd\" style=\"background:var(--color-header-transparent-text);color:var(--color-header-top-text-hover);\"><button class=\"w-tabs-section-header\" aria-controls=\"content-v4cd\" aria-expanded=\"false\"><div class=\"w-tabs-section-title\">Lebenswerteres Wiesbaden<\/div><div class=\"w-tabs-section-control\"><\/div><\/button><div  class=\"w-tabs-section-content\" id=\"content-v4cd\"><div class=\"w-tabs-section-content-h i-cf\"><div class=\"wpb_text_column\"><div class=\"wpb_wrapper\"><p><span style=\"font-weight: 400;\">Die Gerichtsstra\u00dfe, Mauergasse und Nerostra\u00dfe und die Wellritzstra\u00dfe wurden zu verkehrsberuhigten und lebendigen Orten der Begegnung und prosperierenden Gesch\u00e4ften verwandelt. Die Verkehrsberuhigung verbessert auch die Luftqualit\u00e4t und reduziert den Verkehrsl\u00e4rm deutlich. Der Umbau des Sedanplatzes oder B\u00fclowplatzes sind Beispiele f\u00fcr gesteigerte, lokale Aufenthaltsqualit\u00e4t und Klimaverbesserung, genauso wie der Els\u00e4sser Platz als Teil der Experimentierr\u00e4ume f\u00fcr nachhaltige Stadtentwicklung. Die Stadt istdabei, diesen Platz grundlegend umzugestalten und zu entsiegeln. Anstatt einer Steinw\u00fcste entsteht eine gr\u00fcne Oase mit Wasserspeicherung, die bei Starkregen das Wasser aufnehmen kann und deren B\u00e4ume Hitzeschutz bieten. F\u00fcr die Pkw der Anwohner*innen bietet das neue Parkhaus mit PV-Anlage und \u00fcber 400 Ladestationen einen zukunftsf\u00e4higen Ersatz.<\/span><\/p>\n<\/div><\/div><\/div><\/div><\/div><div class=\"w-tabs-section has_text_color\" id=\"q65a\" style=\"background:var(--color-header-transparent-text);color:var(--color-header-top-text-hover);\"><button class=\"w-tabs-section-header\" aria-controls=\"content-q65a\" aria-expanded=\"false\"><div class=\"w-tabs-section-title\">Nachhaltig besser mobil<\/div><div class=\"w-tabs-section-control\"><\/div><\/button><div  class=\"w-tabs-section-content\" id=\"content-q65a\"><div class=\"w-tabs-section-content-h i-cf\"><div class=\"wpb_text_column\"><div class=\"wpb_wrapper\"><p><span style=\"font-weight: 400;\">Die Mobilit\u00e4t hat sich f\u00fcr alle Menschen in unserer Stadt nachweislich verbessert. Umweltspuren verschaffen dem Busverkehr ein besseres Durchkommen, sichere und durchg\u00e4ngige Radwege haben Wiesbaden beim Fahrradklimaindex vom letzten Platz ins Mittelfeld katapultiert und wer zu Fu\u00df geht, findet barrierefreiere Gehwege vor. Aber auch der motorisierte Individualverkehr hat mehr Platz: Dazu tragen der erleichterte Umstieg auf Bus und Fahrrad, aber auch Ma\u00dfnahmen zur Verlagerung von Durchgangsverkehren aus der Stadt bei.<\/span><\/p>\n<p><span style=\"font-weight: 400;\">Zudem sorgt Tempo 30\/40 in der Innenstadt f\u00fcr bessere Luft, weniger L\u00e4rm und mehr Sicherheit auf den Stra\u00dfen. Das kommt vor allem den J\u00fcngsten zugute, die eigenst\u00e4ndiger unterwegs sein k\u00f6nnen und sicherer zur Schule laufen. Auch in den Vororten setzt sich dank partei\u00fcbergreifender Ortsbeiratsbeschl\u00fcsse der Trend zur Geschwindigkeitsreduktion weiter durch. Die Elektrifizierung der Busflotte und ein massiver Ausbau von E-Ladem\u00f6glichkeiten tragen zus\u00e4tzlich zur Einhaltung der Luftschadstoff- und L\u00e4rmgrenzwerte bei. Gr\u00fcn wirkt!<\/span><\/p>\n<\/div><\/div><\/div><\/div><\/div><div class=\"w-tabs-section has_text_color\" id=\"e778\" style=\"background:var(--color-header-middle-bg);color:var(--color-content-heading);\"><button class=\"w-tabs-section-header\" aria-controls=\"content-e778\" aria-expanded=\"false\"><div class=\"w-tabs-section-title\">Aktives Bodenmanagement f\u00fcr Netto 0<\/div><div class=\"w-tabs-section-control\"><\/div><\/button><div  class=\"w-tabs-section-content\" id=\"content-e778\"><div class=\"w-tabs-section-content-h i-cf\"><div class=\"wpb_text_column\"><div class=\"wpb_wrapper\"><p><span style=\"font-weight: 400;\">Mit der Entwicklung eines Bodenmanagementkonzepts hat die Stadt Wiesbaden ein wirksames Instrument, um Fl\u00e4chen zu sch\u00fctzen, nachhaltig zu entwickeln und zu bewirtschaften. Gr\u00fcnfl\u00e4chen- und Klimaschutzfl\u00e4chen werden erhalten. Optimierte Fl\u00e4chennutzung und -recycling ist die Gew\u00e4hr f\u00fcr den auf Bundesebene festgelegten Netto-0-Fl\u00e4chenverbrauch bis sp\u00e4testens 2050. Nach Erreichen von Netto 0 steigt die Stadt in eine Fl\u00e4chenkreislaufwirtschaft ein. Die Inanspruchnahme von Freifl\u00e4chen und wertvollen B\u00f6den wird durch eine vorausschauende, aktive Bodenpolitik reduziert.<\/span><\/p>\n<\/div><\/div><\/div><\/div><\/div><div class=\"w-tabs-section has_text_color\" id=\"n8a1\" style=\"background:var(--color-header-transparent-text);color:var(--color-header-top-text-hover);\"><button class=\"w-tabs-section-header\" aria-controls=\"content-n8a1\" aria-expanded=\"false\"><div class=\"w-tabs-section-title\">Nachhaltige Kongresse und touristische Angebote<\/div><div class=\"w-tabs-section-control\"><\/div><\/button><div  class=\"w-tabs-section-content\" id=\"content-n8a1\"><div class=\"w-tabs-section-content-h i-cf\"><div class=\"wpb_text_column\"><div class=\"wpb_wrapper\"><p><span style=\"font-weight: 400;\">Nachhaltigkeit ist auch im Tourismus und in der Veranstaltungsbranche nicht mehr wegzudenken. Wiesbaden wirbt als Kongress- und Tagungsstandort gezielt mit Nachhaltigkeit: Das stadteigene Kongresszentrum RMCC hat sich zu Nachhaltigkeitszielen in seinen Betriebsabl\u00e4ufen verpflichtet, zudem hat die gemeinsame Tourismusdestination Wiesbaden-Rheingau die TourCert-Erstzertifizierung auf dem Weg zum nachhaltigen Reiseziel absolviert. Das Ergebnis kann sich sehen lassen und spiegelt sich in steigenden Besucher- und \u00dcbernachtungszahlen insgesamt (<\/span><a href=\"https:\/\/convention.wiesbaden.de\/kongress-und-tagungsstandort\/wiesbaden-sdg\"><span style=\"font-weight: 400;\">Link<\/span><\/a><span style=\"font-weight: 400;\">).<\/span><\/p>\n<\/div><\/div><\/div><\/div><\/div><div class=\"w-tabs-section has_text_color\" id=\"u9ba\" style=\"background:var(--color-header-transparent-text);color:var(--color-header-top-text-hover);\"><button class=\"w-tabs-section-header\" aria-controls=\"content-u9ba\" aria-expanded=\"false\"><div class=\"w-tabs-section-title\">Nachhaltige Geldanlagen<\/div><div class=\"w-tabs-section-control\"><\/div><\/button><div  class=\"w-tabs-section-content\" id=\"content-u9ba\"><div class=\"w-tabs-section-content-h i-cf\"><div class=\"wpb_text_column\"><div class=\"wpb_wrapper\"><p><span style=\"font-weight: 400;\">Wir haben daf\u00fcr gesorgt, dass die st\u00e4dtische Anlagerichtlinie neu gefasst und dabei nicht nur Sicherheitsanforderungen gest\u00e4rkt wurden, sondern auch Nachhaltigkeit als Anlageziel hinzu kam. Investments der Landeshauptstadt, ihrer Eigenbetriebe sowie rechtlich unselbst\u00e4ndiger Stiftungen der Stadt m\u00fcssen demnach neben den \u00f6konomischen Zielen Sicherheit, Rentabilit\u00e4t und Liquidit\u00e4t auch \u00f6kologische und soziale (Mindest-)Standards erf\u00fcllen.<\/span><\/p>\n<\/div><\/div><\/div><\/div><\/div><\/div><\/div><div class=\"w-separator size_medium\"><\/div><div class=\"w-btn-wrapper align_left\"><a class=\"w-btn us-btn-style_8 icon_atleft\" href=\"https:\/\/gruene-wiesbaden.de\/kommunalwahl\/#Kapitel3\"><i class=\"fas fa-chevron-circle-right\"><\/i><span class=\"w-btn-label\">Zur\u00fcck zur \u00dcbersicht<\/span><\/a><\/div><div class=\"w-separator size_large\"><\/div><\/div><\/div><\/div><\/div><\/section>\n","protected":false},"excerpt":{"rendered":"Wiesbaden zur nachhaltigen Kommune transformierenWiesbaden steht vor der Herausforderung, den Wandel zu einer nachhaltigen, klimaneutralen und lebenswerten Stadt aktiv zu gestalten. Die Umsetzung der Anforderungen der 17 Ziele der UN f\u00fcr nachhaltige Stadtentwicklung (SDG) erfordert entschlossenes Handeln auch und vor allem auf kommunaler Ebene und von allen Akteuren der Stadtgesellschaft. Wir wollen Wiesbaden bis zu...","protected":false},"author":1,"featured_media":1570,"comment_status":"closed","ping_status":"closed","sticky":false,"template":"","format":"standard","meta":{"footnotes":""},"categories":[16],"tags":[],"class_list":["post-1384","post","type-post","status-publish","format-standard","has-post-thumbnail","hentry","category-kapitel-3"],"yoast_head":"<!-- This site is optimized with the Yoast SEO plugin v27.5 - https:\/\/yoast.com\/product\/yoast-seo-wordpress\/ -->\n<title>Wiesbaden zur nachhaltigen Kommune transformieren - B\u00dcNDNIS 90\/DIE GR\u00dcNEN Wiesbaden<\/title>\n<meta name=\"robots\" content=\"index, follow, max-snippet:-1, max-image-preview:large, max-video-preview:-1\" \/>\n<link rel=\"canonical\" href=\"https:\/\/gruene-wiesbaden.de\/de\/wiesbaden-zur-nachhaltigen-kommune-transformieren\/\" \/>\n<meta property=\"og:locale\" content=\"de_DE\" \/>\n<meta property=\"og:type\" content=\"article\" \/>\n<meta property=\"og:title\" content=\"Wiesbaden zur nachhaltigen Kommune transformieren - B\u00dcNDNIS 90\/DIE GR\u00dcNEN Wiesbaden\" \/>\n<meta property=\"og:url\" content=\"https:\/\/gruene-wiesbaden.de\/de\/wiesbaden-zur-nachhaltigen-kommune-transformieren\/\" \/>\n<meta property=\"og:site_name\" content=\"B\u00dcNDNIS 90\/DIE GR\u00dcNEN Wiesbaden\" \/>\n<meta property=\"article:publisher\" content=\"https:\/\/www.facebook.com\/gruene.wi\" \/>\n<meta property=\"article:published_time\" content=\"2025-11-09T22:35:28+00:00\" \/>\n<meta property=\"article:modified_time\" content=\"2026-04-08T22:34:05+00:00\" \/>\n<meta property=\"og:image\" content=\"https:\/\/gruene-wiesbaden.de\/wp-content\/uploads\/2025\/11\/3.5-Wiesbaden-zur-nachhaltigen-Kommune-transformieren.jpg\" \/>\n\t<meta property=\"og:image:width\" content=\"1920\" \/>\n\t<meta property=\"og:image:height\" content=\"1080\" \/>\n\t<meta property=\"og:image:type\" content=\"image\/jpeg\" \/>\n<meta name=\"author\" content=\"admin\" \/>\n<meta name=\"twitter:card\" content=\"summary_large_image\" \/>\n<meta name=\"twitter:label1\" content=\"Verfasst von\" \/>\n\t<meta name=\"twitter:data1\" content=\"admin\" \/>\n\t<meta name=\"twitter:label2\" content=\"Gesch\u00e4tzte Lesezeit\" \/>\n\t<meta name=\"twitter:data2\" content=\"11\u00a0Minuten\" \/>\n<script type=\"application\/ld+json\" class=\"yoast-schema-graph\">{\"@context\":\"https:\\\/\\\/schema.org\",\"@graph\":[{\"@type\":\"Article\",\"@id\":\"https:\\\/\\\/gruene-wiesbaden.de\\\/wiesbaden-zur-nachhaltigen-kommune-transformieren\\\/#article\",\"isPartOf\":{\"@id\":\"https:\\\/\\\/gruene-wiesbaden.de\\\/wiesbaden-zur-nachhaltigen-kommune-transformieren\\\/\"},\"author\":{\"name\":\"admin\",\"@id\":\"https:\\\/\\\/gruene-wiesbaden.de\\\/#\\\/schema\\\/person\\\/6785c34779159cd4fd86886bb097afe9\"},\"headline\":\"Wiesbaden zur nachhaltigen Kommune transformieren\",\"datePublished\":\"2025-11-09T22:35:28+00:00\",\"dateModified\":\"2026-04-08T22:34:05+00:00\",\"mainEntityOfPage\":{\"@id\":\"https:\\\/\\\/gruene-wiesbaden.de\\\/wiesbaden-zur-nachhaltigen-kommune-transformieren\\\/\"},\"wordCount\":3019,\"publisher\":{\"@id\":\"https:\\\/\\\/gruene-wiesbaden.de\\\/#organization\"},\"image\":{\"@id\":\"https:\\\/\\\/gruene-wiesbaden.de\\\/wiesbaden-zur-nachhaltigen-kommune-transformieren\\\/#primaryimage\"},\"thumbnailUrl\":\"https:\\\/\\\/gruene-wiesbaden.de\\\/wp-content\\\/uploads\\\/2025\\\/11\\\/3.5-Wiesbaden-zur-nachhaltigen-Kommune-transformieren.jpg\",\"articleSection\":[\"Kapitel 3\"],\"inLanguage\":\"de\"},{\"@type\":\"WebPage\",\"@id\":\"https:\\\/\\\/gruene-wiesbaden.de\\\/wiesbaden-zur-nachhaltigen-kommune-transformieren\\\/\",\"url\":\"https:\\\/\\\/gruene-wiesbaden.de\\\/wiesbaden-zur-nachhaltigen-kommune-transformieren\\\/\",\"name\":\"Wiesbaden zur nachhaltigen Kommune transformieren - B\u00dcNDNIS 90\\\/DIE GR\u00dcNEN Wiesbaden\",\"isPartOf\":{\"@id\":\"https:\\\/\\\/gruene-wiesbaden.de\\\/#website\"},\"primaryImageOfPage\":{\"@id\":\"https:\\\/\\\/gruene-wiesbaden.de\\\/wiesbaden-zur-nachhaltigen-kommune-transformieren\\\/#primaryimage\"},\"image\":{\"@id\":\"https:\\\/\\\/gruene-wiesbaden.de\\\/wiesbaden-zur-nachhaltigen-kommune-transformieren\\\/#primaryimage\"},\"thumbnailUrl\":\"https:\\\/\\\/gruene-wiesbaden.de\\\/wp-content\\\/uploads\\\/2025\\\/11\\\/3.5-Wiesbaden-zur-nachhaltigen-Kommune-transformieren.jpg\",\"datePublished\":\"2025-11-09T22:35:28+00:00\",\"dateModified\":\"2026-04-08T22:34:05+00:00\",\"breadcrumb\":{\"@id\":\"https:\\\/\\\/gruene-wiesbaden.de\\\/wiesbaden-zur-nachhaltigen-kommune-transformieren\\\/#breadcrumb\"},\"inLanguage\":\"de\",\"potentialAction\":[{\"@type\":\"ReadAction\",\"target\":[\"https:\\\/\\\/gruene-wiesbaden.de\\\/wiesbaden-zur-nachhaltigen-kommune-transformieren\\\/\"]}]},{\"@type\":\"ImageObject\",\"inLanguage\":\"de\",\"@id\":\"https:\\\/\\\/gruene-wiesbaden.de\\\/wiesbaden-zur-nachhaltigen-kommune-transformieren\\\/#primaryimage\",\"url\":\"https:\\\/\\\/gruene-wiesbaden.de\\\/wp-content\\\/uploads\\\/2025\\\/11\\\/3.5-Wiesbaden-zur-nachhaltigen-Kommune-transformieren.jpg\",\"contentUrl\":\"https:\\\/\\\/gruene-wiesbaden.de\\\/wp-content\\\/uploads\\\/2025\\\/11\\\/3.5-Wiesbaden-zur-nachhaltigen-Kommune-transformieren.jpg\",\"width\":1920,\"height\":1080},{\"@type\":\"BreadcrumbList\",\"@id\":\"https:\\\/\\\/gruene-wiesbaden.de\\\/wiesbaden-zur-nachhaltigen-kommune-transformieren\\\/#breadcrumb\",\"itemListElement\":[{\"@type\":\"ListItem\",\"position\":1,\"name\":\"Startseite\",\"item\":\"https:\\\/\\\/gruene-wiesbaden.de\\\/\"},{\"@type\":\"ListItem\",\"position\":2,\"name\":\"Wiesbaden zur nachhaltigen Kommune transformieren\"}]},{\"@type\":\"WebSite\",\"@id\":\"https:\\\/\\\/gruene-wiesbaden.de\\\/#website\",\"url\":\"https:\\\/\\\/gruene-wiesbaden.de\\\/\",\"name\":\"DIE GR\u00dcNEN Wiesbaden\",\"description\":\"\",\"publisher\":{\"@id\":\"https:\\\/\\\/gruene-wiesbaden.de\\\/#organization\"},\"potentialAction\":[{\"@type\":\"SearchAction\",\"target\":{\"@type\":\"EntryPoint\",\"urlTemplate\":\"https:\\\/\\\/gruene-wiesbaden.de\\\/?s={search_term_string}\"},\"query-input\":{\"@type\":\"PropertyValueSpecification\",\"valueRequired\":true,\"valueName\":\"search_term_string\"}}],\"inLanguage\":\"de\"},{\"@type\":\"Organization\",\"@id\":\"https:\\\/\\\/gruene-wiesbaden.de\\\/#organization\",\"name\":\"DIE GR\u00dcNEN Wiesbaden\",\"url\":\"https:\\\/\\\/gruene-wiesbaden.de\\\/\",\"logo\":{\"@type\":\"ImageObject\",\"inLanguage\":\"de\",\"@id\":\"https:\\\/\\\/gruene-wiesbaden.de\\\/#\\\/schema\\\/logo\\\/image\\\/\",\"url\":\"https:\\\/\\\/gruene-wiesbaden-fuer-europa.de\\\/wp-content\\\/uploads\\\/2024\\\/04\\\/Machen-was-zaehlt-5.png\",\"contentUrl\":\"https:\\\/\\\/gruene-wiesbaden-fuer-europa.de\\\/wp-content\\\/uploads\\\/2024\\\/04\\\/Machen-was-zaehlt-5.png\",\"width\":1772,\"height\":1772,\"caption\":\"DIE GR\u00dcNEN Wiesbaden\"},\"image\":{\"@id\":\"https:\\\/\\\/gruene-wiesbaden.de\\\/#\\\/schema\\\/logo\\\/image\\\/\"},\"sameAs\":[\"https:\\\/\\\/www.facebook.com\\\/gruene.wi\",\"https:\\\/\\\/instagram.com\\\/gruene_wi\"]},{\"@type\":\"Person\",\"@id\":\"https:\\\/\\\/gruene-wiesbaden.de\\\/#\\\/schema\\\/person\\\/6785c34779159cd4fd86886bb097afe9\",\"name\":\"admin\",\"sameAs\":[\"http:\\\/\\\/gruene-wiesbaden-fuer-europa.de\"],\"url\":\"https:\\\/\\\/gruene-wiesbaden.de\\\/de\\\/author\\\/admin\\\/\"}]}<\/script>\n<!-- \/ Yoast SEO plugin. -->","yoast_head_json":{"title":"Wiesbaden zur nachhaltigen Kommune transformieren - B\u00dcNDNIS 90\/DIE GR\u00dcNEN Wiesbaden","robots":{"index":"index","follow":"follow","max-snippet":"max-snippet:-1","max-image-preview":"max-image-preview:large","max-video-preview":"max-video-preview:-1"},"canonical":"https:\/\/gruene-wiesbaden.de\/de\/wiesbaden-zur-nachhaltigen-kommune-transformieren\/","og_locale":"de_DE","og_type":"article","og_title":"Wiesbaden zur nachhaltigen Kommune transformieren - B\u00dcNDNIS 90\/DIE GR\u00dcNEN Wiesbaden","og_url":"https:\/\/gruene-wiesbaden.de\/de\/wiesbaden-zur-nachhaltigen-kommune-transformieren\/","og_site_name":"B\u00dcNDNIS 90\/DIE GR\u00dcNEN Wiesbaden","article_publisher":"https:\/\/www.facebook.com\/gruene.wi","article_published_time":"2025-11-09T22:35:28+00:00","article_modified_time":"2026-04-08T22:34:05+00:00","og_image":[{"width":1920,"height":1080,"url":"https:\/\/gruene-wiesbaden.de\/wp-content\/uploads\/2025\/11\/3.5-Wiesbaden-zur-nachhaltigen-Kommune-transformieren.jpg","type":"image\/jpeg"}],"author":"admin","twitter_card":"summary_large_image","twitter_misc":{"Verfasst von":"admin","Gesch\u00e4tzte Lesezeit":"11\u00a0Minuten"},"schema":{"@context":"https:\/\/schema.org","@graph":[{"@type":"Article","@id":"https:\/\/gruene-wiesbaden.de\/wiesbaden-zur-nachhaltigen-kommune-transformieren\/#article","isPartOf":{"@id":"https:\/\/gruene-wiesbaden.de\/wiesbaden-zur-nachhaltigen-kommune-transformieren\/"},"author":{"name":"admin","@id":"https:\/\/gruene-wiesbaden.de\/#\/schema\/person\/6785c34779159cd4fd86886bb097afe9"},"headline":"Wiesbaden zur nachhaltigen Kommune transformieren","datePublished":"2025-11-09T22:35:28+00:00","dateModified":"2026-04-08T22:34:05+00:00","mainEntityOfPage":{"@id":"https:\/\/gruene-wiesbaden.de\/wiesbaden-zur-nachhaltigen-kommune-transformieren\/"},"wordCount":3019,"publisher":{"@id":"https:\/\/gruene-wiesbaden.de\/#organization"},"image":{"@id":"https:\/\/gruene-wiesbaden.de\/wiesbaden-zur-nachhaltigen-kommune-transformieren\/#primaryimage"},"thumbnailUrl":"https:\/\/gruene-wiesbaden.de\/wp-content\/uploads\/2025\/11\/3.5-Wiesbaden-zur-nachhaltigen-Kommune-transformieren.jpg","articleSection":["Kapitel 3"],"inLanguage":"de"},{"@type":"WebPage","@id":"https:\/\/gruene-wiesbaden.de\/wiesbaden-zur-nachhaltigen-kommune-transformieren\/","url":"https:\/\/gruene-wiesbaden.de\/wiesbaden-zur-nachhaltigen-kommune-transformieren\/","name":"Wiesbaden zur nachhaltigen Kommune transformieren - B\u00dcNDNIS 90\/DIE GR\u00dcNEN Wiesbaden","isPartOf":{"@id":"https:\/\/gruene-wiesbaden.de\/#website"},"primaryImageOfPage":{"@id":"https:\/\/gruene-wiesbaden.de\/wiesbaden-zur-nachhaltigen-kommune-transformieren\/#primaryimage"},"image":{"@id":"https:\/\/gruene-wiesbaden.de\/wiesbaden-zur-nachhaltigen-kommune-transformieren\/#primaryimage"},"thumbnailUrl":"https:\/\/gruene-wiesbaden.de\/wp-content\/uploads\/2025\/11\/3.5-Wiesbaden-zur-nachhaltigen-Kommune-transformieren.jpg","datePublished":"2025-11-09T22:35:28+00:00","dateModified":"2026-04-08T22:34:05+00:00","breadcrumb":{"@id":"https:\/\/gruene-wiesbaden.de\/wiesbaden-zur-nachhaltigen-kommune-transformieren\/#breadcrumb"},"inLanguage":"de","potentialAction":[{"@type":"ReadAction","target":["https:\/\/gruene-wiesbaden.de\/wiesbaden-zur-nachhaltigen-kommune-transformieren\/"]}]},{"@type":"ImageObject","inLanguage":"de","@id":"https:\/\/gruene-wiesbaden.de\/wiesbaden-zur-nachhaltigen-kommune-transformieren\/#primaryimage","url":"https:\/\/gruene-wiesbaden.de\/wp-content\/uploads\/2025\/11\/3.5-Wiesbaden-zur-nachhaltigen-Kommune-transformieren.jpg","contentUrl":"https:\/\/gruene-wiesbaden.de\/wp-content\/uploads\/2025\/11\/3.5-Wiesbaden-zur-nachhaltigen-Kommune-transformieren.jpg","width":1920,"height":1080},{"@type":"BreadcrumbList","@id":"https:\/\/gruene-wiesbaden.de\/wiesbaden-zur-nachhaltigen-kommune-transformieren\/#breadcrumb","itemListElement":[{"@type":"ListItem","position":1,"name":"Startseite","item":"https:\/\/gruene-wiesbaden.de\/"},{"@type":"ListItem","position":2,"name":"Wiesbaden zur nachhaltigen Kommune transformieren"}]},{"@type":"WebSite","@id":"https:\/\/gruene-wiesbaden.de\/#website","url":"https:\/\/gruene-wiesbaden.de\/","name":"DIE GR\u00dcNEN Wiesbaden","description":"","publisher":{"@id":"https:\/\/gruene-wiesbaden.de\/#organization"},"potentialAction":[{"@type":"SearchAction","target":{"@type":"EntryPoint","urlTemplate":"https:\/\/gruene-wiesbaden.de\/?s={search_term_string}"},"query-input":{"@type":"PropertyValueSpecification","valueRequired":true,"valueName":"search_term_string"}}],"inLanguage":"de"},{"@type":"Organization","@id":"https:\/\/gruene-wiesbaden.de\/#organization","name":"DIE GR\u00dcNEN Wiesbaden","url":"https:\/\/gruene-wiesbaden.de\/","logo":{"@type":"ImageObject","inLanguage":"de","@id":"https:\/\/gruene-wiesbaden.de\/#\/schema\/logo\/image\/","url":"https:\/\/gruene-wiesbaden-fuer-europa.de\/wp-content\/uploads\/2024\/04\/Machen-was-zaehlt-5.png","contentUrl":"https:\/\/gruene-wiesbaden-fuer-europa.de\/wp-content\/uploads\/2024\/04\/Machen-was-zaehlt-5.png","width":1772,"height":1772,"caption":"DIE GR\u00dcNEN Wiesbaden"},"image":{"@id":"https:\/\/gruene-wiesbaden.de\/#\/schema\/logo\/image\/"},"sameAs":["https:\/\/www.facebook.com\/gruene.wi","https:\/\/instagram.com\/gruene_wi"]},{"@type":"Person","@id":"https:\/\/gruene-wiesbaden.de\/#\/schema\/person\/6785c34779159cd4fd86886bb097afe9","name":"admin","sameAs":["http:\/\/gruene-wiesbaden-fuer-europa.de"],"url":"https:\/\/gruene-wiesbaden.de\/de\/author\/admin\/"}]}},"_links":{"self":[{"href":"https:\/\/gruene-wiesbaden.de\/de\/wp-json\/wp\/v2\/posts\/1384","targetHints":{"allow":["GET"]}}],"collection":[{"href":"https:\/\/gruene-wiesbaden.de\/de\/wp-json\/wp\/v2\/posts"}],"about":[{"href":"https:\/\/gruene-wiesbaden.de\/de\/wp-json\/wp\/v2\/types\/post"}],"author":[{"embeddable":true,"href":"https:\/\/gruene-wiesbaden.de\/de\/wp-json\/wp\/v2\/users\/1"}],"replies":[{"embeddable":true,"href":"https:\/\/gruene-wiesbaden.de\/de\/wp-json\/wp\/v2\/comments?post=1384"}],"version-history":[{"count":7,"href":"https:\/\/gruene-wiesbaden.de\/de\/wp-json\/wp\/v2\/posts\/1384\/revisions"}],"predecessor-version":[{"id":2383,"href":"https:\/\/gruene-wiesbaden.de\/de\/wp-json\/wp\/v2\/posts\/1384\/revisions\/2383"}],"wp:featuredmedia":[{"embeddable":true,"href":"https:\/\/gruene-wiesbaden.de\/de\/wp-json\/wp\/v2\/media\/1570"}],"wp:attachment":[{"href":"https:\/\/gruene-wiesbaden.de\/de\/wp-json\/wp\/v2\/media?parent=1384"}],"wp:term":[{"taxonomy":"category","embeddable":true,"href":"https:\/\/gruene-wiesbaden.de\/de\/wp-json\/wp\/v2\/categories?post=1384"},{"taxonomy":"post_tag","embeddable":true,"href":"https:\/\/gruene-wiesbaden.de\/de\/wp-json\/wp\/v2\/tags?post=1384"}],"curies":[{"name":"wp","href":"https:\/\/api.w.org\/{rel}","templated":true}]}}