{"id":1378,"date":"2025-11-10T00:32:20","date_gmt":"2025-11-09T22:32:20","guid":{"rendered":"https:\/\/gruene-wiesbaden.de\/?p=1378"},"modified":"2026-04-09T00:27:51","modified_gmt":"2026-04-08T22:27:51","slug":"wiesbaden-als-attraktiver-wirtschaftsstandort","status":"publish","type":"post","link":"https:\/\/gruene-wiesbaden.de\/de\/wiesbaden-als-attraktiver-wirtschaftsstandort\/","title":{"rendered":"Wiesbaden als attraktiver Wirtschaftsstandort"},"content":{"rendered":"<section class=\"l-section wpb_row height_medium with_img\"><div class=\"l-section-img\" role=\"img\" data-img-width=\"1080\" data-img-height=\"800\" style=\"background-image: url(https:\/\/gruene-wiesbaden.de\/wp-content\/uploads\/2025\/11\/neuer-Verlauf-gruene-wiesbaden.de_-2-e1762709402177.png);\"><\/div><div class=\"l-section-overlay\" style=\"background:var(--color-header-top-transparent-bg)\"><\/div><div class=\"l-section-h i-cf\"><div class=\"g-cols vc_row via_grid cols_1 laptops-cols_inherit tablets-cols_inherit mobiles-cols_1 valign_top type_default stacking_default\"><div class=\"wpb_column vc_column_container\"><div class=\"vc_column-inner\"><h1 class=\"w-post-elm post_title us_custom_a574d586 has_text_color entry-title\">Wiesbaden als attraktiver Wirtschaftsstandort<\/h1><div class=\"w-separator size_medium\"><\/div><div class=\"g-cols wpb_row via_grid cols_2-1 laptops-cols_inherit tablets-cols_inherit mobiles-cols_1 valign_top type_default stacking_default\" style=\"--columns-gap:3rem;\"><div class=\"wpb_column vc_column_container\"><div class=\"vc_column-inner\"><div class=\"wpb_text_column us_custom_8b3d6790 has_text_color\"><div class=\"wpb_wrapper\"><p><span style=\"font-weight: 400;\">Eine starke lokale Wirtschaft sichert gute Arbeitspl\u00e4tze, Innovation und Lebensqualit\u00e4t \u2013 und kommunale Entscheidungen spielen dabei eine zentrale Rolle. Wir GR\u00dcNE gestalten Gewerbefl\u00e4chen strategisch, f\u00f6rdern Start-ups, Digitalisierung und Fachkr\u00e4fteentwicklung, unterst\u00fctzen nachhaltiges Wachstum und ressourcenschonende Unternehmen. Gleichzeitig st\u00e4rken wir Vielfalt, soziale Teilhabe und Kooperation mit Handwerk, Industrie, Bildung und Kultur. Durch aktive Innenstadtgestaltung, interkommunale Zusammenarbeit und gezielte Investitionen schaffen wir ein attraktives Umfeld f\u00fcr Unternehmen und B\u00fcrger*innen gleicherma\u00dfen. Unser Ziel: Wiesbaden als resilienten, innovativen, \u00f6kologisch verantwortlichen und lebendigen Standort positionieren, der Wirtschaft, Besch\u00e4ftigung und Lebensqualit\u00e4t nachhaltig verbindet.<\/span><\/p>\n<\/div><\/div><div class=\"w-separator size_medium\"><\/div><div class=\"w-btn-wrapper align_left\"><a class=\"w-btn us-btn-style_8 icon_atleft\" href=\"https:\/\/gruene-wiesbaden.de\/kommunalwahl\/#Kapitel3\"><i class=\"fas fa-chevron-circle-right\"><\/i><span class=\"w-btn-label\">Zur\u00fcck zur \u00dcbersicht<\/span><\/a><\/div><\/div><\/div><div class=\"wpb_column vc_column_container\"><div class=\"vc_column-inner\"><div class=\"w-image align_center\"><div class=\"w-image-h\"><img decoding=\"async\" width=\"2560\" height=\"1707\" src=\"https:\/\/gruene-wiesbaden.de\/wp-content\/uploads\/2025\/11\/3.2-Wiesbaden-als-attraktiver-Wirtschaftsstandort-scaled.jpg\" class=\"attachment-full size-full\" alt=\"\" loading=\"lazy\" srcset=\"https:\/\/gruene-wiesbaden.de\/wp-content\/uploads\/2025\/11\/3.2-Wiesbaden-als-attraktiver-Wirtschaftsstandort-scaled.jpg 2560w, https:\/\/gruene-wiesbaden.de\/wp-content\/uploads\/2025\/11\/3.2-Wiesbaden-als-attraktiver-Wirtschaftsstandort-400x267.jpg 400w, https:\/\/gruene-wiesbaden.de\/wp-content\/uploads\/2025\/11\/3.2-Wiesbaden-als-attraktiver-Wirtschaftsstandort-600x400.jpg 600w\" sizes=\"auto, (max-width: 2560px) 100vw, 2560px\" \/><\/div><\/div><div class=\"w-separator size_small\"><\/div><\/div><\/div><\/div><div class=\"w-separator size_medium\"><\/div><div class=\"w-separator size_medium\"><\/div><div class=\"wpb_text_column\"><div class=\"wpb_wrapper\"><h1>Was aus unserer Sicht einen attraktiven und nachhaltigen Wirtschaftsstandort ausmacht<\/h1>\n<\/div><\/div><div class=\"w-separator size_large\"><\/div><div class=\"g-cols wpb_row via_grid cols_2 laptops-cols_inherit tablets-cols_inherit mobiles-cols_1 valign_top type_default stacking_default\" style=\"--columns-gap:3rem;\"><div class=\"wpb_column vc_column_container\"><div class=\"vc_column-inner\"><div class=\"w-iconbox us_custom_8b3d6790 has_text_color iconpos_left style_default color_custom align_left\"><div class=\"w-iconbox-icon\" style=\"font-size:2rem;--icon-color:#Ffffff;--icon-bg-color:var(--color-header-middle-bg);\"><i class=\"fas fa-layer-group\"><\/i><\/div><div class=\"w-iconbox-meta\"><h4 class=\"w-iconbox-title\" style=\"font-size:1.5rem;\">Vielfalt und Resilienz<\/h4><div class=\"w-iconbox-text\"><p><span style=\"font-weight: 400;\">Etablierte Unternehmen unterschiedlichster Branchen und ein gr\u00fcnder- und innovationsfreundliches Umfeld st\u00e4rken die Widerstandsf\u00e4higkeit unserer lokalen Wirtschaft.<\/span><\/p>\n<\/div><\/div><\/div><\/div><\/div><div class=\"wpb_column vc_column_container\"><div class=\"vc_column-inner\"><div class=\"w-iconbox us_custom_8b3d6790 has_text_color iconpos_left style_default color_custom align_left\"><div class=\"w-iconbox-icon\" style=\"font-size:2rem;--icon-color:#Ffffff;--icon-bg-color:var(--color-header-transparent-text);\"><i class=\"fas fa-layer-group\"><\/i><\/div><div class=\"w-iconbox-meta\"><h4 class=\"w-iconbox-title\" style=\"font-size:1.5rem;\">Nachhaltigkeit und Umweltbewusstsein<\/h4><div class=\"w-iconbox-text\"><p><span style=\"font-weight: 400;\">Die Verf\u00fcgbarkeit klimaneutraler Energie, nachhaltige Mobilit\u00e4tsangebote und eine effiziente Ausnutzung vorhandener Fl\u00e4chenpotenziale sind wichtige Voraussetzungen f\u00fcr nachhaltiges Wachstum und eine \u00f6kologisch verantwortungsvolle Wirtschaftsentwicklung.<\/span><\/p>\n<\/div><\/div><\/div><\/div><\/div><\/div><div class=\"w-separator size_medium\"><\/div><div class=\"g-cols wpb_row via_grid cols_2 laptops-cols_inherit tablets-cols_inherit mobiles-cols_1 valign_top type_default stacking_default\" style=\"--columns-gap:3rem;\"><div class=\"wpb_column vc_column_container\"><div class=\"vc_column-inner\"><div class=\"w-iconbox us_custom_8b3d6790 has_text_color iconpos_left style_default color_custom align_left\"><div class=\"w-iconbox-icon\" style=\"font-size:2rem;--icon-color:#Ffffff;--icon-bg-color:var(--color-header-transparent-text);\"><i class=\"fas fa-layer-group\"><\/i><\/div><div class=\"w-iconbox-meta\"><h4 class=\"w-iconbox-title\" style=\"font-size:1.5rem;\">Chancengleichheit und Teilhabe<\/h4><div class=\"w-iconbox-text\"><p><span style=\"font-weight: 400;\">Faire Vergabe \u00f6ffentlicher Auftr\u00e4ge, passgenaue F\u00f6rderung von Gr\u00fcnder*innen, Nachwuchs- und Fachkr\u00e4ftegewinnung sowie Unterst\u00fctzung von sozialen Innovationen sichern gleiche wirtschaftliche Chancen.<\/span><\/p>\n<\/div><\/div><\/div><\/div><\/div><div class=\"wpb_column vc_column_container\"><div class=\"vc_column-inner\"><div class=\"w-iconbox us_custom_8b3d6790 has_text_color iconpos_left style_default color_custom align_left\"><div class=\"w-iconbox-icon\" style=\"font-size:2rem;--icon-color:#Ffffff;--icon-bg-color:var(--color-header-middle-bg);\"><i class=\"fas fa-layer-group\"><\/i><\/div><div class=\"w-iconbox-meta\"><h4 class=\"w-iconbox-title\" style=\"font-size:1.5rem;\">Innovation und Digitalisierung<\/h4><div class=\"w-iconbox-text\"><p><span style=\"font-weight: 400;\">Start-ups, Tech-Unternehmen, Smart-City-Projekte und digitale Services f\u00f6rdern Zukunftsf\u00e4higkeit, Vernetzung und wirtschaftliche Wettbewerbsf\u00e4higkeit.<\/span><\/p>\n<\/div><\/div><\/div><\/div><\/div><\/div><div class=\"w-separator size_medium\"><\/div><div class=\"g-cols wpb_row via_grid cols_2 laptops-cols_inherit tablets-cols_inherit mobiles-cols_1 valign_top type_default stacking_default\" style=\"--columns-gap:3rem;\"><div class=\"wpb_column vc_column_container\"><div class=\"vc_column-inner\"><div class=\"w-iconbox us_custom_8b3d6790 has_text_color iconpos_left style_default color_custom align_left\"><div class=\"w-iconbox-icon\" style=\"font-size:2rem;--icon-color:#Ffffff;--icon-bg-color:var(--color-header-middle-bg);\"><i class=\"fas fa-layer-group\"><\/i><\/div><div class=\"w-iconbox-meta\"><h4 class=\"w-iconbox-title\" style=\"font-size:1.5rem;\">Strategische Steuerung und Kooperation<\/h4><div class=\"w-iconbox-text\"><p><span style=\"font-weight: 400;\">Gezielte Fl\u00e4chenentwicklung, interkommunale Zusammenarbeit und aktive Innenstadtgestaltung erm\u00f6glichen effiziente Ressourcennutzung und st\u00e4rken Wiesbaden als Standort.<\/span><\/p>\n<\/div><\/div><\/div><\/div><\/div><div class=\"wpb_column vc_column_container\"><div class=\"vc_column-inner\"><div class=\"w-iconbox us_custom_8b3d6790 has_text_color iconpos_left style_default color_custom align_left\"><div class=\"w-iconbox-icon\" style=\"font-size:2rem;--icon-color:#Ffffff;--icon-bg-color:var(--color-header-transparent-text);\"><i class=\"fas fa-layer-group\"><\/i><\/div><div class=\"w-iconbox-meta\"><h4 class=\"w-iconbox-title\" style=\"font-size:1.5rem;\">Wirtschaftliche Vitalit\u00e4t durch Kreativit\u00e4t und Unternehmergeist<\/h4><div class=\"w-iconbox-text\"><p><span style=\"font-weight: 400;\">Pop-up-Projekte, Gr\u00fcnderzentren und kulturelle Belebung der Innenstadt f\u00f6rdern lokale \u00d6konomie, Besch\u00e4ftigung und Innovationskultur.<\/span><\/p>\n<\/div><\/div><\/div><\/div><\/div><\/div><div class=\"w-separator size_medium\"><\/div><div class=\"g-cols wpb_row via_grid cols_2 laptops-cols_inherit tablets-cols_inherit mobiles-cols_1 valign_top type_default stacking_default\" style=\"--columns-gap:3rem;\"><div class=\"wpb_column vc_column_container\"><div class=\"vc_column-inner\"><div class=\"w-iconbox us_custom_8b3d6790 has_text_color iconpos_left style_default color_custom align_left\"><div class=\"w-iconbox-icon\" style=\"font-size:2rem;--icon-color:#Ffffff;--icon-bg-color:var(--color-header-transparent-text);\"><i class=\"fas fa-layer-group\"><\/i><\/div><div class=\"w-iconbox-meta\"><h4 class=\"w-iconbox-title\" style=\"font-size:1.5rem;\">Gesundheitswirtschaft als Wachstumsmotor<\/h4><div class=\"w-iconbox-text\"><p><span style=\"font-weight: 400;\">Die F\u00f6rderung medizinischer Infrastruktur, Pr\u00e4vention und Innovation st\u00e4rken einen nachhaltigen, zukunftsorientierten Wirtschaftszweig.<\/span><\/p>\n<\/div><\/div><\/div><\/div><\/div><div class=\"wpb_column vc_column_container\"><div class=\"vc_column-inner\"><\/div><\/div><\/div><div class=\"w-separator size_medium\"><\/div><div class=\"w-btn-wrapper align_left\"><a class=\"w-btn us-btn-style_8 icon_atleft\" href=\"https:\/\/gruene-wiesbaden.de\/kommunalwahl\/#Kapitel3\"><i class=\"fas fa-chevron-circle-right\"><\/i><span class=\"w-btn-label\">Zur\u00fcck zur \u00dcbersicht<\/span><\/a><\/div><div class=\"w-separator size_medium\"><\/div><\/div><\/div><\/div><\/div><\/section><section class=\"l-section wpb_row height_auto with_img\"><div class=\"l-section-img\" role=\"img\" data-img-width=\"2560\" data-img-height=\"1707\" style=\"background-image: url(https:\/\/gruene-wiesbaden.de\/wp-content\/uploads\/2025\/11\/3.2-Wiesbaden-als-attraktiver-Wirtschaftsstandort-scaled.jpg);background-repeat: no-repeat;\"><\/div><div class=\"l-section-overlay\" style=\"background:var(--color-header-top-transparent-bg)\"><\/div><div class=\"l-section-h i-cf\"><div class=\"g-cols vc_row via_grid cols_1 laptops-cols_inherit tablets-cols_inherit mobiles-cols_1 valign_middle type_default stacking_default\" style=\"--columns-gap:1rem;\"><div class=\"wpb_column vc_column_container\"><div class=\"vc_column-inner\"><div class=\"w-separator size_large\"><\/div><div class=\"wpb_text_column background_inside_text\"><div class=\"wpb_wrapper\"><h1>Was wir konkret in diesem Bereich tun wollen<\/h1>\n<\/div><\/div><div class=\"w-separator size_medium\"><\/div><div class=\"w-tabs us_custom_42d693a0 has_text_color style_default switch_click accordion has_scrolling\" style=\"--sections-title-size:1.4rem\"><div class=\"w-tabs-sections titles-align_none icon_chevron cpos_right\"><div class=\"w-tabs-section has_text_color\" id=\"eff3\" style=\"background:var(--color-header-transparent-text);color:var(--color-header-top-text-hover);\"><button class=\"w-tabs-section-header\" aria-controls=\"content-eff3\" aria-expanded=\"false\"><div class=\"w-tabs-section-title\">Widerstandsf\u00e4higkeit durch Vielfalt<\/div><div class=\"w-tabs-section-control\"><\/div><\/button><div  class=\"w-tabs-section-content\" id=\"content-eff3\"><div class=\"w-tabs-section-content-h i-cf\"><div class=\"wpb_text_column\"><div class=\"wpb_wrapper\"><p><span style=\"font-weight: 400;\">Wiesbadens Wirtschaft zeichnet sich durch eine hohe Vielfalt an Branchen aus, die wir erhalten wollen. Das sorgt f\u00fcr Resilienz in Krisenzeiten. Dazu geh\u00f6ren unter anderem Finanz- und Versicherungswirtschaft, Industrie, Gesundheitswirtschaft, Kreativwirtschaft.<\/span><\/p>\n<\/div><\/div><\/div><\/div><\/div><div class=\"w-tabs-section has_text_color\" id=\"w10f\" style=\"background:var(--color-header-transparent-text);color:var(--color-header-top-text-hover);\"><button class=\"w-tabs-section-header\" aria-controls=\"content-w10f\" aria-expanded=\"false\"><div class=\"w-tabs-section-title\">F\u00f6rderung eines ressourcenschonenden Wachstums der lokalen Wirtschaft<\/div><div class=\"w-tabs-section-control\"><\/div><\/button><div  class=\"w-tabs-section-content\" id=\"content-w10f\"><div class=\"w-tabs-section-content-h i-cf\"><div class=\"wpb_text_column\"><div class=\"wpb_wrapper\"><p><span style=\"font-weight: 400;\">Wir GR\u00dcNE wollen die Transformation voranbringen und beim Umstieg auf klimaneutrale Energien als auch beim digitalen Wandel unterst\u00fctzen. Unternehmen aus diesen Bereichen wollen wir f\u00fcr Wiesbaden begeistern.<\/span><\/p>\n<\/div><\/div><\/div><\/div><\/div><div class=\"w-tabs-section has_text_color\" id=\"o255\" style=\"background:var(--color-header-transparent-text);color:var(--color-header-top-text-hover);\"><button class=\"w-tabs-section-header\" aria-controls=\"content-o255\" aria-expanded=\"false\"><div class=\"w-tabs-section-title\">Standortbedingungen umfassend verbessern<\/div><div class=\"w-tabs-section-control\"><\/div><\/button><div  class=\"w-tabs-section-content\" id=\"content-o255\"><div class=\"w-tabs-section-content-h i-cf\"><div class=\"wpb_text_column\"><div class=\"wpb_wrapper\"><p><span style=\"font-weight: 400;\">Gute Standortbedingungen verstehen wir umfassend. Dazu geh\u00f6ren neben verf\u00fcgbaren Gewerbefl\u00e4chen eine gute Verkehrsinfrastruktur (einschlie\u00dflich guter \u00d6PNV- und Radwegeanbindung), eine sichere und bezahlbare Energieversorgung, schnellere Genehmigungsprozesse der Stadt etwa durch Digitalisierung, Berufs- und Studienangebote f\u00fcr den Nachwuchs sowie all das, was Fachkr\u00e4fte in unserer Stadt h\u00e4lt: bezahlbare Wohnungen, gute Schulen und Kinderbetreuungsangebote, ein attraktives Kultur-und Freizeitangebot, saubere Luft, viel Gr\u00fcn und ein lebenswerter \u00f6ffentlicher Raum.<\/span><\/p>\n<\/div><\/div><\/div><\/div><\/div><div class=\"w-tabs-section has_text_color\" id=\"a374\" style=\"background:var(--color-header-middle-bg);color:var(--color-content-heading);\"><button class=\"w-tabs-section-header\" aria-controls=\"content-a374\" aria-expanded=\"false\"><div class=\"w-tabs-section-title\">Wiesbaden als Start-up-Standort voranbringen<\/div><div class=\"w-tabs-section-control\"><\/div><\/button><div  class=\"w-tabs-section-content\" id=\"content-a374\"><div class=\"w-tabs-section-content-h i-cf\"><div class=\"wpb_text_column\"><div class=\"wpb_wrapper\"><p><span style=\"font-weight: 400;\">Eine lebendige, innovative Startup-Szene befl\u00fcgelt die Wirtschaft. Aber Gr\u00fcnder*innen brauchen auch passgenaue Beratung und Unterst\u00fctzung auf dem Weg zum erfolgreichen Unternehmen. Das Gr\u00fcnder*innen-\u00d6kosystem, das wir in der letzten Wahlperiode bereits auf den Weg gebracht haben, wollen wir gemeinsam mit Akteur*innen der Startup-Szene weiter st\u00e4rken und verstetigen. Im Gr\u00fcnder- und Innovationszentrum &#8222;Heimathafen&#8220; (Altes Gericht) soll ein Social- und Sustainability-Startup-Hub als Keimzelle f\u00fcr neue unternehmerische L\u00f6sungen f\u00fcr gesellschaftliche Zukunftsaufgaben wachsen. Weitere Themen sind g\u00fcnstige B\u00fcros f\u00fcr Gr\u00fcnder*innen, etwa im Startblock sowie die Unterst\u00fctzung von Unternehmensnachfolgen.<\/span><\/p>\n<\/div><\/div><\/div><\/div><\/div><div class=\"w-tabs-section has_text_color\" id=\"i48f\" style=\"background:var(--color-header-transparent-text);color:var(--color-header-top-text-hover);\"><button class=\"w-tabs-section-header\" aria-controls=\"content-i48f\" aria-expanded=\"false\"><div class=\"w-tabs-section-title\">Unternehmensansiedlung strategisch steuern<\/div><div class=\"w-tabs-section-control\"><\/div><\/button><div  class=\"w-tabs-section-content\" id=\"content-i48f\"><div class=\"w-tabs-section-content-h i-cf\"><div class=\"wpb_text_column\"><div class=\"wpb_wrapper\"><p><span style=\"font-weight: 400;\">Fl\u00e4chen sind ein knappes Gut in unserer hoch verdichteten Region. Wir wollen deswegen das Profil unseres Standorts weiterentwickeln und vorhandene St\u00e4rken ausbauen. Mithilfe des bereits beschlossenen Gewerbefl\u00e4chenentwicklungskonzepts wollen wir Ressourcen b\u00fcndeln, ein strategisch ausgerichtetes Ansiedlungsmanagement entwickeln und Kriterien f\u00fcr die Vergabe st\u00e4dtischer Gewerbefl\u00e4chen definieren. Dabei sollten soziale und Kriterien \u00f6kologischer wie \u00f6konomischer Nachhaltigkeit eine wichtige Rolle spielen.<\/span><\/p>\n<\/div><\/div><\/div><\/div><\/div><div class=\"w-tabs-section has_text_color\" id=\"j5d7\" style=\"background:var(--color-header-middle-bg);color:var(--color-header-middle-text);\"><button class=\"w-tabs-section-header\" aria-controls=\"content-j5d7\" aria-expanded=\"false\"><div class=\"w-tabs-section-title\">Gewerbegebiete auf nachhaltige Art und Weise entwickeln<\/div><div class=\"w-tabs-section-control\"><\/div><\/button><div  class=\"w-tabs-section-content\" id=\"content-j5d7\"><div class=\"w-tabs-section-content-h i-cf\"><div class=\"wpb_text_column\"><div class=\"wpb_wrapper\"><p><span style=\"font-weight: 400;\">Wir GR\u00dcNE wollen minder genutzte Gewerbegebiete (etwa am Petersweg) nachhaltig entwickeln und weitere Fl\u00e4chen- und Raumpotenziale etwa durch Aufstockungen schaffen. Parkm\u00f6glichkeiten k\u00f6nnen wir effizienter nutzen, etwa durch zentrale Parkh\u00e4user. Dar\u00fcber hinaus m\u00fcssen neue Gewerbefl\u00e4chen ausgewiesen werden.<\/span><\/p>\n<\/div><\/div><\/div><\/div><\/div><div class=\"w-tabs-section has_text_color\" id=\"n6f3\" style=\"background:var(--color-header-transparent-text);color:var(--color-header-top-text-hover);\"><button class=\"w-tabs-section-header\" aria-controls=\"content-n6f3\" aria-expanded=\"false\"><div class=\"w-tabs-section-title\">Interkommunale Zusammenarbeit voranbringen<\/div><div class=\"w-tabs-section-control\"><\/div><\/button><div  class=\"w-tabs-section-content\" id=\"content-n6f3\"><div class=\"w-tabs-section-content-h i-cf\"><div class=\"wpb_text_column\"><div class=\"wpb_wrapper\"><p><span style=\"font-weight: 400;\">Unser Anspruch lautet: \u00dcber den eigenen Tellerrand hinausdenken, Ressourcen b\u00fcndeln und Synergien in der Region nutzen \u2013 auch \u00fcber den Rhein hinweg. Dies erfolgt bereits zum Beispiel im Tourismus (Gr\u00fcndung der Destination Wiesbaden-Rheingau) oder beim gemeinsamen Biokraftwerk. Wir streben auch bei der Entwicklung von Gewerbegebieten interkommunale Kooperationen an (etwa am neuen S-Bahn- Knotenpunkt Wallauer Spange).<\/span><\/p>\n<\/div><\/div><\/div><\/div><\/div><div class=\"w-tabs-section has_text_color\" id=\"x820\" style=\"background:var(--color-header-transparent-text);color:var(--color-header-top-text-hover);\"><button class=\"w-tabs-section-header\" aria-controls=\"content-x820\" aria-expanded=\"false\"><div class=\"w-tabs-section-title\">Wandel der Innenstadt aktiv begleiten<\/div><div class=\"w-tabs-section-control\"><\/div><\/button><div  class=\"w-tabs-section-content\" id=\"content-x820\"><div class=\"w-tabs-section-content-h i-cf\"><div class=\"wpb_text_column\"><div class=\"wpb_wrapper\"><p><span style=\"font-weight: 400;\">Die Zukunft der Innenstadt und der Zentren der Stadtteile liegt in einem neuen Nutzungsmix: Mehr Gastronomie, Bildung, Kultur und Wohnen, aber auch \u00f6ffentliche Nutzungen sowie neue kreative Einzelhandelskonzepte. Wir setzen uns daf\u00fcr ein, dass die Kommune in diesem Ver\u00e4nderungsprozess eine aktive, strategische Rolle \u00fcbernimmt.<\/span><\/p>\n<p><span style=\"font-weight: 400;\">Leerstehende Geb\u00e4ude (z.B. die fr\u00fchere Galeria) kann die Stadt aber nicht alle aufkaufen und entwickeln. Wir unterst\u00fctzen daher alle Bem\u00fchungen, an diesen Standorten wieder Gewerbe zu etablieren und auch mit \u00f6ffentlichen Nutzungen zu kombinieren. Wir holen die verschiedenen Akteur*innen an einen Tisch, nutzen F\u00f6rderprogramme, etablieren ein integriertes Leerstands- und Ansiedlungsmanagement und machen den \u00f6ffentlichen Raum gr\u00fcner und lebenswerter.<\/span><\/p>\n<\/div><\/div><\/div><\/div><\/div><div class=\"w-tabs-section has_text_color\" id=\"w939\" style=\"background:var(--color-header-transparent-text);color:var(--color-header-top-text-hover);\"><button class=\"w-tabs-section-header\" aria-controls=\"content-w939\" aria-expanded=\"false\"><div class=\"w-tabs-section-title\">Leerstand von Gewerbeimmobilien bek\u00e4mpfen<\/div><div class=\"w-tabs-section-control\"><\/div><\/button><div  class=\"w-tabs-section-content\" id=\"content-w939\"><div class=\"w-tabs-section-content-h i-cf\"><div class=\"wpb_text_column\"><div class=\"wpb_wrapper\"><p><span style=\"font-weight: 400;\">Durch vor\u00fcbergehende Nutzung leerstehender Gesch\u00e4fte nach dem Pop-up-Prinzip sorgen wir gemeinsam mit engagierten B\u00fcrger*innen und Initiativen f\u00fcr Belebung. Hier wird das gro\u00dfe Potential kultureller und gemeinschaftsstiftender Projekte sichtbar.<\/span><\/p>\n<\/div><\/div><\/div><\/div><\/div><div class=\"w-tabs-section has_text_color\" id=\"ya75\" style=\"background:var(--color-header-transparent-text);color:var(--color-header-top-text-hover);\"><button class=\"w-tabs-section-header\" aria-controls=\"content-ya75\" aria-expanded=\"false\"><div class=\"w-tabs-section-title\">Vorkaufssatzung f\u00fcr Innenstadt auf den Weg bringen<\/div><div class=\"w-tabs-section-control\"><\/div><\/button><div  class=\"w-tabs-section-content\" id=\"content-ya75\"><div class=\"w-tabs-section-content-h i-cf\"><div class=\"wpb_text_column\"><div class=\"wpb_wrapper\"><p><span style=\"font-weight: 400;\">Immobilienbesitz ist ein zentraler Faktor der Stadtentwicklung. Mit einer Vorkaufsrechtssatzung nach \u00a725 BauGB wollen wir in der Innenstadt und anderen geeigneten Stadtbezirken st\u00e4dtischen Einfluss auf strategisch wichtige Fl\u00e4chen gewinnen und Spekulationskreisl\u00e4ufe durchbrechen.<\/span><\/p>\n<\/div><\/div><\/div><\/div><\/div><div class=\"w-tabs-section has_text_color\" id=\"yb92\" style=\"background:var(--color-header-transparent-text);color:var(--color-header-top-text-hover);\"><button class=\"w-tabs-section-header\" aria-controls=\"content-yb92\" aria-expanded=\"false\"><div class=\"w-tabs-section-title\">Gesundheitswirtschaft als Standortprofil st\u00e4rken<\/div><div class=\"w-tabs-section-control\"><\/div><\/button><div  class=\"w-tabs-section-content\" id=\"content-yb92\"><div class=\"w-tabs-section-content-h i-cf\"><div class=\"wpb_text_column\"><div class=\"wpb_wrapper\"><p><span style=\"font-weight: 400;\">Wiesbaden verf\u00fcgt mit seinen Kliniken, Reha-Einrichtungen, B\u00e4dern und der industriellen Gesundheitsbranche \u00fcber starke Potentiale in der Gesundheitswirtschaft. Wir wollen mit dem &#8222;Masterplan Gesundheitswirtschaft&#8220; daf\u00fcr sorgen, dass der Gesundheitssektor in Wiesbaden zukunftsf\u00e4hig aufgestellt wird. Dazu geh\u00f6ren die Vernetzung der Beteiligten, die Koordination der Prozesse sowie die st\u00e4dtebauliche Planung von Entwicklungsfl\u00e4chen. So b\u00fcndelt der Plan Politik, Gesundheitsversorger, Wirtschaft und Forschung, um den Wirtschaftsstandort Wiesbaden im Gesundheitssektor zu st\u00e4rken und gleichzeitig die medizinische Versorgung der Menschen sicherzustellen und zu verbessern.<\/span><\/p>\n<\/div><\/div><\/div><\/div><\/div><\/div><\/div><div class=\"w-separator size_medium\"><\/div><div class=\"w-btn-wrapper align_left\"><a class=\"w-btn us-btn-style_8 icon_atleft\" href=\"https:\/\/gruene-wiesbaden.de\/kommunalwahl\/#Kapitel3\"><i class=\"fas fa-chevron-circle-right\"><\/i><span class=\"w-btn-label\">Zur\u00fcck zur \u00dcbersicht<\/span><\/a><\/div><div class=\"w-separator size_large\"><\/div><div class=\"wpb_text_column\"><div class=\"wpb_wrapper\"><h1>Was wir bereits erreicht haben<\/h1>\n<\/div><\/div><div class=\"w-separator size_medium\"><\/div><div class=\"w-tabs us_custom_42d693a0 has_text_color style_default switch_click accordion has_scrolling\" style=\"--sections-title-size:1.4rem\"><div class=\"w-tabs-sections titles-align_none icon_chevron cpos_right\"><div class=\"w-tabs-section has_text_color\" id=\"b216\" style=\"background:var(--color-header-transparent-text);color:var(--color-header-top-text-hover);\"><button class=\"w-tabs-section-header\" aria-controls=\"content-b216\" aria-expanded=\"false\"><div class=\"w-tabs-section-title\">Gewerbefl\u00e4chenentwicklungskonzept GEKO 2040<\/div><div class=\"w-tabs-section-control\"><\/div><\/button><div  class=\"w-tabs-section-content\" id=\"content-b216\"><div class=\"w-tabs-section-content-h i-cf\"><div class=\"wpb_text_column\"><div class=\"wpb_wrapper\"><p><span style=\"font-weight: 400;\">Mit dem GEKO 2040 hat Wiesbaden erstmals ein strategisches Konzept, um die Entwicklung von Gewerbefl\u00e4chen systematisch und nachhaltig zu steuern. Damit werden bestehende Fl\u00e4chen analysiert, k\u00fcnftige Bedarfe ermittelt und Kriterien f\u00fcr eine \u00f6kologische, soziale und wirtschaftlich sinnvolle Nutzung entwickelt. So verhindern wir Fl\u00e4chenversiegelung, st\u00e4rken die Ansiedlung zukunftsf\u00e4higer Betriebe und sichern gute Arbeitspl\u00e4tze vor Ort. Das GEKO 2040 ist ein zentraler Baustein f\u00fcr eine resiliente und klimafreundliche Wirtschaftspolitik in unserer Stadt.<\/span><\/p>\n<\/div><\/div><\/div><\/div><\/div><div class=\"w-tabs-section has_text_color\" id=\"r332\" style=\"background:var(--color-header-transparent-text);color:var(--color-header-top-text-hover);\"><button class=\"w-tabs-section-header\" aria-controls=\"content-r332\" aria-expanded=\"false\"><div class=\"w-tabs-section-title\">Industriebeirat<\/div><div class=\"w-tabs-section-control\"><\/div><\/button><div  class=\"w-tabs-section-content\" id=\"content-r332\"><div class=\"w-tabs-section-content-h i-cf\"><div class=\"wpb_text_column\"><div class=\"wpb_wrapper\"><p><span style=\"font-weight: 400;\">Mit dem von der Stadt Wiesbaden initiierten Industriebeirat als kommunales Gremium haben wir einen verbindlichen Dialog zwischen Politik, Verwaltung und Industrie geschaffen. Unter Leitung unserer GR\u00dcNEN Dezernentin und B\u00fcrgermeisterin bringt der Industriebeirat Unternehmen, Kammern, Gewerkschaften und Wissenschaft zusammen, um gemeinsam an einer nachhaltigen wirtschaftlichen Transformation zu arbeiten. Statt Einzelinteressen stehen Kooperation, Klimaschutz und Fachkr\u00e4ftesicherung im Mittelpunkt. So gestalten wir die Zukunft der Industrie in Wiesbaden aktiv mit \u2013 transparent, partnerschaftlich und im Einklang mit \u00f6kologischer Verantwortung und sozialer Gerechtigkeit.<\/span><\/p>\n<\/div><\/div><\/div><\/div><\/div><div class=\"w-tabs-section has_text_color\" id=\"j44e\" style=\"background:var(--color-header-transparent-text);color:var(--color-header-top-text-hover);\"><button class=\"w-tabs-section-header\" aria-controls=\"content-j44e\" aria-expanded=\"false\"><div class=\"w-tabs-section-title\">Industriestandort Wiesbaden strategisch st\u00e4rken<\/div><div class=\"w-tabs-section-control\"><\/div><\/button><div  class=\"w-tabs-section-content\" id=\"content-j44e\"><div class=\"w-tabs-section-content-h i-cf\"><div class=\"wpb_text_column\"><div class=\"wpb_wrapper\"><p><span style=\"font-weight: 400;\">Mit der Industriestudie Wiesbaden haben wir erstmals umfassend die Bedarfe und Potenziale unserer lokalen Industrie analysiert. Die Ergebnisse werden Ende 2025 vorliegen. Die Studie soll belastbare Daten zu Standortfaktoren, Fachkr\u00e4ftesicherung und Entwicklungstrends aufzeigen. Auf ihrer Basis k\u00f6nnen wir konkrete Handlungsempfehlungen ableiten und in die kommunale Wirtschaftspolitik einflie\u00dfen lassen. So st\u00e4rken wir die Wettbewerbsf\u00e4higkeit der Wiesbadener Industrie, sichern Arbeitspl\u00e4tze, f\u00f6rdern Innovationen und schaffen die Grundlage f\u00fcr eine nachhaltige, zukunftsf\u00e4hige Industrie am Standort Wiesbaden.<\/span><\/p>\n<\/div><\/div><\/div><\/div><\/div><div class=\"w-tabs-section has_text_color\" id=\"l589\" style=\"background:var(--color-header-middle-bg);color:var(--color-content-heading);\"><button class=\"w-tabs-section-header\" aria-controls=\"content-l589\" aria-expanded=\"false\"><div class=\"w-tabs-section-title\">R\u00fcckenwind f\u00fcr Startups<\/div><div class=\"w-tabs-section-control\"><\/div><\/button><div  class=\"w-tabs-section-content\" id=\"content-l589\"><div class=\"w-tabs-section-content-h i-cf\"><div class=\"wpb_text_column\"><div class=\"wpb_wrapper\"><p><span style=\"font-weight: 400;\">Wiesbaden ist auf der Landkarte der Gr\u00fcnder*innen-Hotspots angekommen: Daf\u00fcr sorgen passgenaue Unterst\u00fctzungsangebote, eine breite Vernetzung, Kontakte zu Investor*innen und das Alte Gericht als Innovationszentrum.<\/span><\/p>\n<\/div><\/div><\/div><\/div><\/div><div class=\"w-tabs-section has_text_color\" id=\"p6a2\" style=\"background:var(--color-header-transparent-text);color:var(--color-header-top-text-hover);\"><button class=\"w-tabs-section-header\" aria-controls=\"content-p6a2\" aria-expanded=\"false\"><div class=\"w-tabs-section-title\">Gr\u00fcndungsstipendium &#8222;InnoStartWi&#8222;<\/div><div class=\"w-tabs-section-control\"><\/div><\/button><div  class=\"w-tabs-section-content\" id=\"content-p6a2\"><div class=\"w-tabs-section-content-h i-cf\"><div class=\"wpb_text_column\"><div class=\"wpb_wrapper\"><p><span style=\"font-weight: 400;\">Mit dem Gr\u00fcndungsstipendium \u201eInnoStartWi\u201c unterst\u00fctzt unsere Stadt gezielt Menschen, die mit innovativen, nachhaltigen oder sozialen Gesch\u00e4ftsideen in Wiesbaden gr\u00fcnden wollen. Sie erhalten bis zu 1.000 Euro monatlich f\u00fcr zw\u00f6lf Monate, um ihre Ideen ohne finanziellen Druck umzusetzen. So entsteht ein fairer Start f\u00fcr alle \u2013 unabh\u00e4ngig vom eigenen Kapital. Das st\u00e4rkt eine vielf\u00e4ltige Gr\u00fcndungskultur, f\u00f6rdert nachhaltige Wirtschaftsideen und tr\u00e4gt dazu bei, dass Wiesbaden ein attraktiver Standort f\u00fcr Zukunftsunternehmen bleibt.<\/span><\/p>\n<\/div><\/div><\/div><\/div><\/div><div class=\"w-tabs-section has_text_color\" id=\"s7bd\" style=\"background:var(--color-header-transparent-text);color:var(--color-header-top-text-hover);\"><button class=\"w-tabs-section-header\" aria-controls=\"content-s7bd\" aria-expanded=\"false\"><div class=\"w-tabs-section-title\">StartAward Wiesbaden 2024<\/div><div class=\"w-tabs-section-control\"><\/div><\/button><div  class=\"w-tabs-section-content\" id=\"content-s7bd\"><div class=\"w-tabs-section-content-h i-cf\"><div class=\"wpb_text_column\"><div class=\"wpb_wrapper\"><p><span style=\"font-weight: 400;\">Mit dem StartAward 2024 haben wir Wiesbadens Gr\u00fcnder*innen-Szene ins Rampenlicht ger\u00fcckt. \u00dcber 55 Bewerbungen zeigen: Unsere Stadt ist voller kluger, kreativer und unternehmerischer K\u00f6pfe. Der Preis w\u00fcrdigt innovative Gesch\u00e4ftsmodelle, die Zukunft gestalten \u2013 ob im Bereich Nachhaltigkeit, Digitalisierung oder soziale Innovation. Besonders der Sonderpreis \u201eImpact\u201c zeigt, dass wirtschaftlicher Erfolg und gesellschaftlicher Mehrwert zusammengeh\u00f6ren. Damit setzen wir ein gr\u00fcnes Zeichen f\u00fcr eine verantwortungsvolle, faire und zukunftsf\u00e4hige Wirtschaft.<\/span><\/p>\n<\/div><\/div><\/div><\/div><\/div><div class=\"w-tabs-section has_text_color\" id=\"b8f2\" style=\"background:var(--color-header-transparent-text);color:var(--color-header-top-text-hover);\"><button class=\"w-tabs-section-header\" aria-controls=\"content-b8f2\" aria-expanded=\"false\"><div class=\"w-tabs-section-title\">Makerspace Wiesbaden \u2013 kommunale Unterst\u00fctzung f\u00fcr Kreativit\u00e4t und Technik<\/div><div class=\"w-tabs-section-control\"><\/div><\/button><div  class=\"w-tabs-section-content\" id=\"content-b8f2\"><div class=\"w-tabs-section-content-h i-cf\"><div class=\"wpb_text_column\"><div class=\"wpb_wrapper\"><p><span style=\"font-weight: 400;\">Der Makerspace Wiesbaden wird aktiv von der Stadt gef\u00f6rdert: Kommunale Mittel sichern die Infrastruktur, Mietkosten und \u00f6ffentliche R\u00e4ume, in denen Workshops, Stammtische und Projektangebote stattfinden. So erm\u00f6glicht die Stadt, dass Sch\u00fcler*innen, junge Erwachsene und Technikinteressierte praxisnah lernen, eigene Ideen umsetzen und Netzwerke aufbauen k\u00f6nnen. Die Politik schafft damit einen lebendigen Lern-und Innovationsort, der Technikbegeisterung, Kreativit\u00e4t und Gemeinschaft in Wiesbaden nachhaltig st\u00e4rkt.<\/span><\/p>\n<\/div><\/div><\/div><\/div><\/div><div class=\"w-tabs-section has_text_color\" id=\"fa0e\" style=\"background:var(--color-header-transparent-text);color:var(--color-header-top-text-hover);\"><button class=\"w-tabs-section-header\" aria-controls=\"content-fa0e\" aria-expanded=\"false\"><div class=\"w-tabs-section-title\">Social &amp; Sustainability Hub &#8211; Gr\u00fcnder*innenf\u00f6rderung durch kommunale Strategie<\/div><div class=\"w-tabs-section-control\"><\/div><\/button><div  class=\"w-tabs-section-content\" id=\"content-fa0e\"><div class=\"w-tabs-section-content-h i-cf\"><div class=\"wpb_text_column\"><div class=\"wpb_wrapper\"><p><span style=\"font-weight: 400;\">Der Social &amp; Sustainability Hub (S\u00b3HW) ist das Ergebnis gezielter kommunaler F\u00f6rderung von Start-ups: Die Stadt hat 2024 Infrastruktur, Netzwerkzug\u00e4nge und Beratungsangebote bereitgestellt, um sozial-\u00f6kologisch orientierte Gr\u00fcnder*innen zu unterst\u00fctzen. Durch diese Ma\u00dfnahmen wird Wiesbaden als Standort f\u00fcr nachhaltige Innovationen gest\u00e4rkt, lokale Wirtschaftsf\u00f6rderung mit \u00f6kologischer und sozialer Verantwortung verkn\u00fcpft und die Wettbewerbsf\u00e4higkeit junger Unternehmen in der Region gesichert.<\/span><\/p>\n<\/div><\/div><\/div><\/div><\/div><div class=\"w-tabs-section has_text_color\" id=\"xb38\" style=\"background:var(--color-header-transparent-text);color:var(--color-header-top-text-hover);\"><button class=\"w-tabs-section-header\" aria-controls=\"content-xb38\" aria-expanded=\"false\"><div class=\"w-tabs-section-title\">Digitale Services f\u00fcr Unternehmen<\/div><div class=\"w-tabs-section-control\"><\/div><\/button><div  class=\"w-tabs-section-content\" id=\"content-xb38\"><div class=\"w-tabs-section-content-h i-cf\"><div class=\"wpb_text_column\"><div class=\"wpb_wrapper\"><p><span style=\"font-weight: 400;\">Wiesbaden unterst\u00fctzt Unternehmen aktiv bei der digitalen Transformation. Im Mai 2025 wurde die Handwerksagenda Wiesbaden 2030 vorgestellt. Mit ihr st\u00e4rken wir die Handwerksbetriebe unserer Stadt und begleiten sie gezielt bei der Digitalisierung. Sie f\u00f6rdert gezielt Handwerksbetriebe durch den Ausbau von Glasfaserinfrastruktur und die Entwicklung innovativer Smart-City-L\u00f6sungen.<\/span><\/p>\n<p><span style=\"font-weight: 400;\">Zus\u00e4tzlich wird ab 2025 mit dem Unternehmenskonto ein zentraler digitaler Zugang zu st\u00e4dtischen Dienstleistungen eingef\u00fchrt, der Unternehmen den direkten, komfortablen Zugriff auf alle relevanten Services erm\u00f6glicht.<\/span><\/p>\n<\/div><\/div><\/div><\/div><\/div><div class=\"w-tabs-section has_text_color\" id=\"sc51\" style=\"background:var(--color-header-transparent-text);color:var(--color-header-top-text-hover);\"><button class=\"w-tabs-section-header\" aria-controls=\"content-sc51\" aria-expanded=\"false\"><div class=\"w-tabs-section-title\">WiTECH Alliance<\/div><div class=\"w-tabs-section-control\"><\/div><\/button><div  class=\"w-tabs-section-content\" id=\"content-sc51\"><div class=\"w-tabs-section-content-h i-cf\"><div class=\"wpb_text_column\"><div class=\"wpb_wrapper\"><p><span style=\"font-weight: 400;\">Die WiTECH Alliance wurde im Januar 2024 ins Leben gerufen. Sie vernetzt Wiesbadener Tech- und IT-Unternehmen und f\u00f6rdert innovative, digitale Projekte. So entsteht ein starkes lokales Technologie-\u00d6kosystem, das Gr\u00fcnder*innen, Start- ups und Unternehmen gleicherma\u00dfen unterst\u00fctzt und die Stadt als digitalen Innovationsstandort st\u00e4rkt.<\/span><\/p>\n<\/div><\/div><\/div><\/div><\/div><div class=\"w-tabs-section has_text_color\" id=\"gd96\" style=\"background:var(--color-header-transparent-text);color:var(--color-header-top-text-hover);\"><button class=\"w-tabs-section-header\" aria-controls=\"content-gd96\" aria-expanded=\"false\"><div class=\"w-tabs-section-title\">Glasfasergipfel<\/div><div class=\"w-tabs-section-control\"><\/div><\/button><div  class=\"w-tabs-section-content\" id=\"content-gd96\"><div class=\"w-tabs-section-content-h i-cf\"><div class=\"wpb_text_column\"><div class=\"wpb_wrapper\"><p><span style=\"font-weight: 400;\">Der Glasfasergipfel Hessen fand erstmals am 21. Juli 2022 in Wiesbaden statt. Mit ihm setzen wir auf leistungsf\u00e4hige digitale Netze f\u00fcr Schulen, Unternehmen und \u00f6ffentliche Einrichtungen. Durch die gezielte Koordination von Ausbau und Kooperationen sichern wir eine zukunftsf\u00e4hige, schnelle Internetinfrastruktur \u2013 ein zentraler Baustein f\u00fcr Bildung, Wirtschaft und klimafreundliche Mobilit\u00e4t.<\/span><\/p>\n<\/div><\/div><\/div><\/div><\/div><\/div><\/div><div class=\"w-separator size_medium\"><\/div><div class=\"w-btn-wrapper align_left\"><a class=\"w-btn us-btn-style_8 icon_atleft\" href=\"https:\/\/gruene-wiesbaden.de\/kommunalwahl\/#Kapitel3\"><i class=\"fas fa-chevron-circle-right\"><\/i><span class=\"w-btn-label\">Zur\u00fcck zur \u00dcbersicht<\/span><\/a><\/div><div class=\"w-separator size_large\"><\/div><\/div><\/div><\/div><\/div><\/section>\n","protected":false},"excerpt":{"rendered":"Wiesbaden als attraktiver WirtschaftsstandortEine starke lokale Wirtschaft sichert gute Arbeitspl\u00e4tze, Innovation und Lebensqualit\u00e4t \u2013 und kommunale Entscheidungen spielen dabei eine zentrale Rolle. Wir GR\u00dcNE gestalten Gewerbefl\u00e4chen strategisch, f\u00f6rdern Start-ups, Digitalisierung und Fachkr\u00e4fteentwicklung, unterst\u00fctzen nachhaltiges Wachstum und ressourcenschonende Unternehmen. Gleichzeitig st\u00e4rken wir Vielfalt, soziale Teilhabe und Kooperation mit Handwerk, Industrie, Bildung und Kultur. Durch aktive Innenstadtgestaltung,...","protected":false},"author":1,"featured_media":1564,"comment_status":"closed","ping_status":"closed","sticky":false,"template":"","format":"standard","meta":{"footnotes":""},"categories":[16],"tags":[],"class_list":["post-1378","post","type-post","status-publish","format-standard","has-post-thumbnail","hentry","category-kapitel-3"],"yoast_head":"<!-- This site is optimized with the Yoast SEO plugin v27.5 - https:\/\/yoast.com\/product\/yoast-seo-wordpress\/ -->\n<title>Wiesbaden als attraktiver Wirtschaftsstandort - B\u00dcNDNIS 90\/DIE GR\u00dcNEN Wiesbaden<\/title>\n<meta name=\"robots\" content=\"index, follow, max-snippet:-1, max-image-preview:large, max-video-preview:-1\" \/>\n<link rel=\"canonical\" href=\"https:\/\/gruene-wiesbaden.de\/de\/wiesbaden-als-attraktiver-wirtschaftsstandort\/\" \/>\n<meta property=\"og:locale\" content=\"de_DE\" \/>\n<meta property=\"og:type\" content=\"article\" \/>\n<meta property=\"og:title\" content=\"Wiesbaden als attraktiver Wirtschaftsstandort - B\u00dcNDNIS 90\/DIE GR\u00dcNEN Wiesbaden\" \/>\n<meta property=\"og:url\" content=\"https:\/\/gruene-wiesbaden.de\/de\/wiesbaden-als-attraktiver-wirtschaftsstandort\/\" \/>\n<meta property=\"og:site_name\" content=\"B\u00dcNDNIS 90\/DIE GR\u00dcNEN Wiesbaden\" \/>\n<meta property=\"article:publisher\" content=\"https:\/\/www.facebook.com\/gruene.wi\" \/>\n<meta property=\"article:published_time\" content=\"2025-11-09T22:32:20+00:00\" \/>\n<meta property=\"article:modified_time\" content=\"2026-04-08T22:27:51+00:00\" \/>\n<meta property=\"og:image\" content=\"https:\/\/gruene-wiesbaden.de\/wp-content\/uploads\/2025\/11\/3.2-Wiesbaden-als-attraktiver-Wirtschaftsstandort-scaled.jpg\" \/>\n\t<meta property=\"og:image:width\" content=\"2560\" \/>\n\t<meta property=\"og:image:height\" content=\"1707\" \/>\n\t<meta property=\"og:image:type\" content=\"image\/jpeg\" \/>\n<meta name=\"author\" content=\"admin\" \/>\n<meta name=\"twitter:card\" content=\"summary_large_image\" \/>\n<meta name=\"twitter:label1\" content=\"Verfasst von\" \/>\n\t<meta name=\"twitter:data1\" content=\"admin\" \/>\n\t<meta name=\"twitter:label2\" content=\"Gesch\u00e4tzte Lesezeit\" \/>\n\t<meta name=\"twitter:data2\" content=\"11\u00a0Minuten\" \/>\n<script type=\"application\/ld+json\" class=\"yoast-schema-graph\">{\"@context\":\"https:\\\/\\\/schema.org\",\"@graph\":[{\"@type\":\"Article\",\"@id\":\"https:\\\/\\\/gruene-wiesbaden.de\\\/wiesbaden-als-attraktiver-wirtschaftsstandort\\\/#article\",\"isPartOf\":{\"@id\":\"https:\\\/\\\/gruene-wiesbaden.de\\\/wiesbaden-als-attraktiver-wirtschaftsstandort\\\/\"},\"author\":{\"name\":\"admin\",\"@id\":\"https:\\\/\\\/gruene-wiesbaden.de\\\/#\\\/schema\\\/person\\\/6785c34779159cd4fd86886bb097afe9\"},\"headline\":\"Wiesbaden als attraktiver Wirtschaftsstandort\",\"datePublished\":\"2025-11-09T22:32:20+00:00\",\"dateModified\":\"2026-04-08T22:27:51+00:00\",\"mainEntityOfPage\":{\"@id\":\"https:\\\/\\\/gruene-wiesbaden.de\\\/wiesbaden-als-attraktiver-wirtschaftsstandort\\\/\"},\"wordCount\":3216,\"publisher\":{\"@id\":\"https:\\\/\\\/gruene-wiesbaden.de\\\/#organization\"},\"image\":{\"@id\":\"https:\\\/\\\/gruene-wiesbaden.de\\\/wiesbaden-als-attraktiver-wirtschaftsstandort\\\/#primaryimage\"},\"thumbnailUrl\":\"https:\\\/\\\/gruene-wiesbaden.de\\\/wp-content\\\/uploads\\\/2025\\\/11\\\/3.2-Wiesbaden-als-attraktiver-Wirtschaftsstandort-scaled.jpg\",\"articleSection\":[\"Kapitel 3\"],\"inLanguage\":\"de\"},{\"@type\":\"WebPage\",\"@id\":\"https:\\\/\\\/gruene-wiesbaden.de\\\/wiesbaden-als-attraktiver-wirtschaftsstandort\\\/\",\"url\":\"https:\\\/\\\/gruene-wiesbaden.de\\\/wiesbaden-als-attraktiver-wirtschaftsstandort\\\/\",\"name\":\"Wiesbaden als attraktiver Wirtschaftsstandort - B\u00dcNDNIS 90\\\/DIE GR\u00dcNEN Wiesbaden\",\"isPartOf\":{\"@id\":\"https:\\\/\\\/gruene-wiesbaden.de\\\/#website\"},\"primaryImageOfPage\":{\"@id\":\"https:\\\/\\\/gruene-wiesbaden.de\\\/wiesbaden-als-attraktiver-wirtschaftsstandort\\\/#primaryimage\"},\"image\":{\"@id\":\"https:\\\/\\\/gruene-wiesbaden.de\\\/wiesbaden-als-attraktiver-wirtschaftsstandort\\\/#primaryimage\"},\"thumbnailUrl\":\"https:\\\/\\\/gruene-wiesbaden.de\\\/wp-content\\\/uploads\\\/2025\\\/11\\\/3.2-Wiesbaden-als-attraktiver-Wirtschaftsstandort-scaled.jpg\",\"datePublished\":\"2025-11-09T22:32:20+00:00\",\"dateModified\":\"2026-04-08T22:27:51+00:00\",\"breadcrumb\":{\"@id\":\"https:\\\/\\\/gruene-wiesbaden.de\\\/wiesbaden-als-attraktiver-wirtschaftsstandort\\\/#breadcrumb\"},\"inLanguage\":\"de\",\"potentialAction\":[{\"@type\":\"ReadAction\",\"target\":[\"https:\\\/\\\/gruene-wiesbaden.de\\\/wiesbaden-als-attraktiver-wirtschaftsstandort\\\/\"]}]},{\"@type\":\"ImageObject\",\"inLanguage\":\"de\",\"@id\":\"https:\\\/\\\/gruene-wiesbaden.de\\\/wiesbaden-als-attraktiver-wirtschaftsstandort\\\/#primaryimage\",\"url\":\"https:\\\/\\\/gruene-wiesbaden.de\\\/wp-content\\\/uploads\\\/2025\\\/11\\\/3.2-Wiesbaden-als-attraktiver-Wirtschaftsstandort-scaled.jpg\",\"contentUrl\":\"https:\\\/\\\/gruene-wiesbaden.de\\\/wp-content\\\/uploads\\\/2025\\\/11\\\/3.2-Wiesbaden-als-attraktiver-Wirtschaftsstandort-scaled.jpg\",\"width\":2560,\"height\":1707},{\"@type\":\"BreadcrumbList\",\"@id\":\"https:\\\/\\\/gruene-wiesbaden.de\\\/wiesbaden-als-attraktiver-wirtschaftsstandort\\\/#breadcrumb\",\"itemListElement\":[{\"@type\":\"ListItem\",\"position\":1,\"name\":\"Startseite\",\"item\":\"https:\\\/\\\/gruene-wiesbaden.de\\\/\"},{\"@type\":\"ListItem\",\"position\":2,\"name\":\"Wiesbaden als attraktiver Wirtschaftsstandort\"}]},{\"@type\":\"WebSite\",\"@id\":\"https:\\\/\\\/gruene-wiesbaden.de\\\/#website\",\"url\":\"https:\\\/\\\/gruene-wiesbaden.de\\\/\",\"name\":\"DIE GR\u00dcNEN Wiesbaden\",\"description\":\"\",\"publisher\":{\"@id\":\"https:\\\/\\\/gruene-wiesbaden.de\\\/#organization\"},\"potentialAction\":[{\"@type\":\"SearchAction\",\"target\":{\"@type\":\"EntryPoint\",\"urlTemplate\":\"https:\\\/\\\/gruene-wiesbaden.de\\\/?s={search_term_string}\"},\"query-input\":{\"@type\":\"PropertyValueSpecification\",\"valueRequired\":true,\"valueName\":\"search_term_string\"}}],\"inLanguage\":\"de\"},{\"@type\":\"Organization\",\"@id\":\"https:\\\/\\\/gruene-wiesbaden.de\\\/#organization\",\"name\":\"DIE GR\u00dcNEN Wiesbaden\",\"url\":\"https:\\\/\\\/gruene-wiesbaden.de\\\/\",\"logo\":{\"@type\":\"ImageObject\",\"inLanguage\":\"de\",\"@id\":\"https:\\\/\\\/gruene-wiesbaden.de\\\/#\\\/schema\\\/logo\\\/image\\\/\",\"url\":\"https:\\\/\\\/gruene-wiesbaden-fuer-europa.de\\\/wp-content\\\/uploads\\\/2024\\\/04\\\/Machen-was-zaehlt-5.png\",\"contentUrl\":\"https:\\\/\\\/gruene-wiesbaden-fuer-europa.de\\\/wp-content\\\/uploads\\\/2024\\\/04\\\/Machen-was-zaehlt-5.png\",\"width\":1772,\"height\":1772,\"caption\":\"DIE GR\u00dcNEN Wiesbaden\"},\"image\":{\"@id\":\"https:\\\/\\\/gruene-wiesbaden.de\\\/#\\\/schema\\\/logo\\\/image\\\/\"},\"sameAs\":[\"https:\\\/\\\/www.facebook.com\\\/gruene.wi\",\"https:\\\/\\\/instagram.com\\\/gruene_wi\"]},{\"@type\":\"Person\",\"@id\":\"https:\\\/\\\/gruene-wiesbaden.de\\\/#\\\/schema\\\/person\\\/6785c34779159cd4fd86886bb097afe9\",\"name\":\"admin\",\"sameAs\":[\"http:\\\/\\\/gruene-wiesbaden-fuer-europa.de\"],\"url\":\"https:\\\/\\\/gruene-wiesbaden.de\\\/de\\\/author\\\/admin\\\/\"}]}<\/script>\n<!-- \/ Yoast SEO plugin. -->","yoast_head_json":{"title":"Wiesbaden als attraktiver Wirtschaftsstandort - B\u00dcNDNIS 90\/DIE GR\u00dcNEN Wiesbaden","robots":{"index":"index","follow":"follow","max-snippet":"max-snippet:-1","max-image-preview":"max-image-preview:large","max-video-preview":"max-video-preview:-1"},"canonical":"https:\/\/gruene-wiesbaden.de\/de\/wiesbaden-als-attraktiver-wirtschaftsstandort\/","og_locale":"de_DE","og_type":"article","og_title":"Wiesbaden als attraktiver Wirtschaftsstandort - B\u00dcNDNIS 90\/DIE GR\u00dcNEN Wiesbaden","og_url":"https:\/\/gruene-wiesbaden.de\/de\/wiesbaden-als-attraktiver-wirtschaftsstandort\/","og_site_name":"B\u00dcNDNIS 90\/DIE GR\u00dcNEN Wiesbaden","article_publisher":"https:\/\/www.facebook.com\/gruene.wi","article_published_time":"2025-11-09T22:32:20+00:00","article_modified_time":"2026-04-08T22:27:51+00:00","og_image":[{"width":2560,"height":1707,"url":"https:\/\/gruene-wiesbaden.de\/wp-content\/uploads\/2025\/11\/3.2-Wiesbaden-als-attraktiver-Wirtschaftsstandort-scaled.jpg","type":"image\/jpeg"}],"author":"admin","twitter_card":"summary_large_image","twitter_misc":{"Verfasst von":"admin","Gesch\u00e4tzte Lesezeit":"11\u00a0Minuten"},"schema":{"@context":"https:\/\/schema.org","@graph":[{"@type":"Article","@id":"https:\/\/gruene-wiesbaden.de\/wiesbaden-als-attraktiver-wirtschaftsstandort\/#article","isPartOf":{"@id":"https:\/\/gruene-wiesbaden.de\/wiesbaden-als-attraktiver-wirtschaftsstandort\/"},"author":{"name":"admin","@id":"https:\/\/gruene-wiesbaden.de\/#\/schema\/person\/6785c34779159cd4fd86886bb097afe9"},"headline":"Wiesbaden als attraktiver Wirtschaftsstandort","datePublished":"2025-11-09T22:32:20+00:00","dateModified":"2026-04-08T22:27:51+00:00","mainEntityOfPage":{"@id":"https:\/\/gruene-wiesbaden.de\/wiesbaden-als-attraktiver-wirtschaftsstandort\/"},"wordCount":3216,"publisher":{"@id":"https:\/\/gruene-wiesbaden.de\/#organization"},"image":{"@id":"https:\/\/gruene-wiesbaden.de\/wiesbaden-als-attraktiver-wirtschaftsstandort\/#primaryimage"},"thumbnailUrl":"https:\/\/gruene-wiesbaden.de\/wp-content\/uploads\/2025\/11\/3.2-Wiesbaden-als-attraktiver-Wirtschaftsstandort-scaled.jpg","articleSection":["Kapitel 3"],"inLanguage":"de"},{"@type":"WebPage","@id":"https:\/\/gruene-wiesbaden.de\/wiesbaden-als-attraktiver-wirtschaftsstandort\/","url":"https:\/\/gruene-wiesbaden.de\/wiesbaden-als-attraktiver-wirtschaftsstandort\/","name":"Wiesbaden als attraktiver Wirtschaftsstandort - B\u00dcNDNIS 90\/DIE GR\u00dcNEN Wiesbaden","isPartOf":{"@id":"https:\/\/gruene-wiesbaden.de\/#website"},"primaryImageOfPage":{"@id":"https:\/\/gruene-wiesbaden.de\/wiesbaden-als-attraktiver-wirtschaftsstandort\/#primaryimage"},"image":{"@id":"https:\/\/gruene-wiesbaden.de\/wiesbaden-als-attraktiver-wirtschaftsstandort\/#primaryimage"},"thumbnailUrl":"https:\/\/gruene-wiesbaden.de\/wp-content\/uploads\/2025\/11\/3.2-Wiesbaden-als-attraktiver-Wirtschaftsstandort-scaled.jpg","datePublished":"2025-11-09T22:32:20+00:00","dateModified":"2026-04-08T22:27:51+00:00","breadcrumb":{"@id":"https:\/\/gruene-wiesbaden.de\/wiesbaden-als-attraktiver-wirtschaftsstandort\/#breadcrumb"},"inLanguage":"de","potentialAction":[{"@type":"ReadAction","target":["https:\/\/gruene-wiesbaden.de\/wiesbaden-als-attraktiver-wirtschaftsstandort\/"]}]},{"@type":"ImageObject","inLanguage":"de","@id":"https:\/\/gruene-wiesbaden.de\/wiesbaden-als-attraktiver-wirtschaftsstandort\/#primaryimage","url":"https:\/\/gruene-wiesbaden.de\/wp-content\/uploads\/2025\/11\/3.2-Wiesbaden-als-attraktiver-Wirtschaftsstandort-scaled.jpg","contentUrl":"https:\/\/gruene-wiesbaden.de\/wp-content\/uploads\/2025\/11\/3.2-Wiesbaden-als-attraktiver-Wirtschaftsstandort-scaled.jpg","width":2560,"height":1707},{"@type":"BreadcrumbList","@id":"https:\/\/gruene-wiesbaden.de\/wiesbaden-als-attraktiver-wirtschaftsstandort\/#breadcrumb","itemListElement":[{"@type":"ListItem","position":1,"name":"Startseite","item":"https:\/\/gruene-wiesbaden.de\/"},{"@type":"ListItem","position":2,"name":"Wiesbaden als attraktiver Wirtschaftsstandort"}]},{"@type":"WebSite","@id":"https:\/\/gruene-wiesbaden.de\/#website","url":"https:\/\/gruene-wiesbaden.de\/","name":"DIE GR\u00dcNEN Wiesbaden","description":"","publisher":{"@id":"https:\/\/gruene-wiesbaden.de\/#organization"},"potentialAction":[{"@type":"SearchAction","target":{"@type":"EntryPoint","urlTemplate":"https:\/\/gruene-wiesbaden.de\/?s={search_term_string}"},"query-input":{"@type":"PropertyValueSpecification","valueRequired":true,"valueName":"search_term_string"}}],"inLanguage":"de"},{"@type":"Organization","@id":"https:\/\/gruene-wiesbaden.de\/#organization","name":"DIE GR\u00dcNEN Wiesbaden","url":"https:\/\/gruene-wiesbaden.de\/","logo":{"@type":"ImageObject","inLanguage":"de","@id":"https:\/\/gruene-wiesbaden.de\/#\/schema\/logo\/image\/","url":"https:\/\/gruene-wiesbaden-fuer-europa.de\/wp-content\/uploads\/2024\/04\/Machen-was-zaehlt-5.png","contentUrl":"https:\/\/gruene-wiesbaden-fuer-europa.de\/wp-content\/uploads\/2024\/04\/Machen-was-zaehlt-5.png","width":1772,"height":1772,"caption":"DIE GR\u00dcNEN Wiesbaden"},"image":{"@id":"https:\/\/gruene-wiesbaden.de\/#\/schema\/logo\/image\/"},"sameAs":["https:\/\/www.facebook.com\/gruene.wi","https:\/\/instagram.com\/gruene_wi"]},{"@type":"Person","@id":"https:\/\/gruene-wiesbaden.de\/#\/schema\/person\/6785c34779159cd4fd86886bb097afe9","name":"admin","sameAs":["http:\/\/gruene-wiesbaden-fuer-europa.de"],"url":"https:\/\/gruene-wiesbaden.de\/de\/author\/admin\/"}]}},"_links":{"self":[{"href":"https:\/\/gruene-wiesbaden.de\/de\/wp-json\/wp\/v2\/posts\/1378","targetHints":{"allow":["GET"]}}],"collection":[{"href":"https:\/\/gruene-wiesbaden.de\/de\/wp-json\/wp\/v2\/posts"}],"about":[{"href":"https:\/\/gruene-wiesbaden.de\/de\/wp-json\/wp\/v2\/types\/post"}],"author":[{"embeddable":true,"href":"https:\/\/gruene-wiesbaden.de\/de\/wp-json\/wp\/v2\/users\/1"}],"replies":[{"embeddable":true,"href":"https:\/\/gruene-wiesbaden.de\/de\/wp-json\/wp\/v2\/comments?post=1378"}],"version-history":[{"count":9,"href":"https:\/\/gruene-wiesbaden.de\/de\/wp-json\/wp\/v2\/posts\/1378\/revisions"}],"predecessor-version":[{"id":2380,"href":"https:\/\/gruene-wiesbaden.de\/de\/wp-json\/wp\/v2\/posts\/1378\/revisions\/2380"}],"wp:featuredmedia":[{"embeddable":true,"href":"https:\/\/gruene-wiesbaden.de\/de\/wp-json\/wp\/v2\/media\/1564"}],"wp:attachment":[{"href":"https:\/\/gruene-wiesbaden.de\/de\/wp-json\/wp\/v2\/media?parent=1378"}],"wp:term":[{"taxonomy":"category","embeddable":true,"href":"https:\/\/gruene-wiesbaden.de\/de\/wp-json\/wp\/v2\/categories?post=1378"},{"taxonomy":"post_tag","embeddable":true,"href":"https:\/\/gruene-wiesbaden.de\/de\/wp-json\/wp\/v2\/tags?post=1378"}],"curies":[{"name":"wp","href":"https:\/\/api.w.org\/{rel}","templated":true}]}}