{"id":1374,"date":"2025-11-10T00:22:37","date_gmt":"2025-11-09T22:22:37","guid":{"rendered":"https:\/\/gruene-wiesbaden.de\/?p=1374"},"modified":"2026-04-09T10:48:26","modified_gmt":"2026-04-09T08:48:26","slug":"gefluechtete","status":"publish","type":"post","link":"https:\/\/gruene-wiesbaden.de\/de\/gefluechtete\/","title":{"rendered":"Gefl\u00fcchtete"},"content":{"rendered":"<section class=\"l-section wpb_row height_medium with_img\"><div class=\"l-section-img\" role=\"img\" data-img-width=\"1080\" data-img-height=\"800\" style=\"background-image: url(https:\/\/gruene-wiesbaden.de\/wp-content\/uploads\/2025\/11\/neuer-Verlauf-gruene-wiesbaden.de_-2-e1762709402177.png);\"><\/div><div class=\"l-section-overlay\" style=\"background:var(--color-header-top-transparent-bg)\"><\/div><div class=\"l-section-h i-cf\"><div class=\"g-cols vc_row via_grid cols_1 laptops-cols_inherit tablets-cols_inherit mobiles-cols_1 valign_top type_default stacking_default\"><div class=\"wpb_column vc_column_container\"><div class=\"vc_column-inner\"><h1 class=\"w-post-elm post_title us_custom_a574d586 has_text_color entry-title\">Gefl\u00fcchtete<\/h1><div class=\"w-separator size_medium\"><\/div><div class=\"g-cols wpb_row via_grid cols_2-1 laptops-cols_inherit tablets-cols_inherit mobiles-cols_1 valign_top type_default stacking_default\" style=\"--columns-gap:3rem;\"><div class=\"wpb_column vc_column_container\"><div class=\"vc_column-inner\"><div class=\"wpb_text_column us_custom_8b3d6790 has_text_color\"><div class=\"wpb_wrapper\"><p><span style=\"font-weight: 400;\">In einer Welt voller Krisen und Konflikte sind Millionen Menschen gezwungen, ihre Heimat zu verlassen. Wir stehen f\u00fcr eine Fluchtpolitik, die Menschenrechte in den Mittelpunkt stellt und Integration als Chance begreift. Dabei leitet uns die \u00dcberzeugung, dass jeder Mensch Schutz und ein Leben in Sicherheit und W\u00fcrde verdient \u2013 unabh\u00e4ngig von Herkunft oder Fluchtgrund.<\/span><\/p>\n<\/div><\/div><div class=\"w-separator size_medium\"><\/div><div class=\"w-btn-wrapper align_left\"><a class=\"w-btn us-btn-style_8 icon_atleft\" href=\"https:\/\/gruene-wiesbaden.de\/kommunalwahl\/#Kapitel2\"><i class=\"fas fa-chevron-circle-right\"><\/i><span class=\"w-btn-label\">Zur\u00fcck zur \u00dcbersicht<\/span><\/a><\/div><\/div><\/div><div class=\"wpb_column vc_column_container\"><div class=\"vc_column-inner\"><div class=\"w-image align_center\"><div class=\"w-image-h\"><img decoding=\"async\" width=\"2560\" height=\"1707\" src=\"https:\/\/gruene-wiesbaden.de\/wp-content\/uploads\/2025\/11\/2.12-Gefluechtete-scaled.jpeg\" class=\"attachment-full size-full\" alt=\"\" loading=\"lazy\" srcset=\"https:\/\/gruene-wiesbaden.de\/wp-content\/uploads\/2025\/11\/2.12-Gefluechtete-scaled.jpeg 2560w, https:\/\/gruene-wiesbaden.de\/wp-content\/uploads\/2025\/11\/2.12-Gefluechtete-400x267.jpeg 400w, https:\/\/gruene-wiesbaden.de\/wp-content\/uploads\/2025\/11\/2.12-Gefluechtete-600x400.jpeg 600w\" sizes=\"auto, (max-width: 2560px) 100vw, 2560px\" \/><\/div><\/div><div class=\"w-separator size_small\"><\/div><\/div><\/div><\/div><div class=\"w-separator size_medium\"><\/div><div class=\"w-separator size_medium\"><\/div><div class=\"wpb_text_column\"><div class=\"wpb_wrapper\"><h1>Was Politik f\u00fcr Gefl\u00fcchte f\u00fcr uns bedeutet<\/h1>\n<\/div><\/div><div class=\"w-separator size_large\"><\/div><div class=\"g-cols wpb_row via_grid cols_3 laptops-cols_inherit tablets-cols_inherit mobiles-cols_1 valign_top type_default stacking_default\" style=\"--columns-gap:3rem;\"><div class=\"wpb_column vc_column_container\"><div class=\"vc_column-inner\"><div class=\"w-iconbox us_custom_8b3d6790 has_text_color iconpos_left style_default color_custom align_left\"><div class=\"w-iconbox-icon\" style=\"font-size:2rem;--icon-color:#Ffffff;--icon-bg-color:var(--color-header-middle-bg);\"><i class=\"fas fa-layer-group\"><\/i><\/div><div class=\"w-iconbox-meta\"><h4 class=\"w-iconbox-title\" style=\"font-size:1.5rem;\">B\u00fcrokratie verringern<\/h4><div class=\"w-iconbox-text\"><p><span style=\"font-weight: 400;\">Damit ehrenamtliche Vereine entlastet werden, deren Arbeit zum Gro\u00dfteil aus Hilfe im Umgang mit den \u00c4mtern besteht, braucht es dringend weniger B\u00fcrokratie.<\/span><\/p>\n<\/div><\/div><\/div><\/div><\/div><div class=\"wpb_column vc_column_container\"><div class=\"vc_column-inner\"><div class=\"w-iconbox us_custom_8b3d6790 has_text_color iconpos_left style_default color_custom align_left\"><div class=\"w-iconbox-icon\" style=\"font-size:2rem;--icon-color:#Ffffff;--icon-bg-color:var(--color-header-transparent-text);\"><i class=\"fas fa-layer-group\"><\/i><\/div><div class=\"w-iconbox-meta\"><h4 class=\"w-iconbox-title\" style=\"font-size:1.5rem;\">Menschenw\u00fcrdige Unterk\u00fcnfte<\/h4><div class=\"w-iconbox-text\"><p><span style=\"font-weight: 400;\">Uns ist es wichtig, dass Gefl\u00fcchtete in guten und menschenw\u00fcrdigen Unterk\u00fcnften leben k\u00f6nnen. Darauf haben sie ein Recht.<\/span><\/p>\n<\/div><\/div><\/div><\/div><\/div><div class=\"wpb_column vc_column_container\"><div class=\"vc_column-inner\"><div class=\"w-iconbox us_custom_8b3d6790 has_text_color iconpos_left style_default color_custom align_left\"><div class=\"w-iconbox-icon\" style=\"font-size:2rem;--icon-color:#Ffffff;--icon-bg-color:var(--color-header-middle-bg);\"><i class=\"fas fa-layer-group\"><\/i><\/div><div class=\"w-iconbox-meta\"><h4 class=\"w-iconbox-title\" style=\"font-size:1.5rem;\">Politische Bildung<\/h4><div class=\"w-iconbox-text\"><p><span style=\"font-weight: 400;\">Es braucht politische Bildung mit gezielten Informationsangeboten zu Rechten, Wahlen und Beteiligung.<\/span><\/p>\n<\/div><\/div><\/div><\/div><\/div><\/div><div class=\"w-separator size_medium\"><\/div><div class=\"g-cols wpb_row via_grid cols_3 laptops-cols_inherit tablets-cols_inherit mobiles-cols_1 valign_top type_default stacking_default\" style=\"--columns-gap:3rem;\"><div class=\"wpb_column vc_column_container\"><div class=\"vc_column-inner\"><div class=\"w-iconbox us_custom_8b3d6790 has_text_color iconpos_left style_default color_custom align_left\"><div class=\"w-iconbox-icon\" style=\"font-size:2rem;--icon-color:#Ffffff;--icon-bg-color:var(--color-header-transparent-text);\"><i class=\"fas fa-layer-group\"><\/i><\/div><div class=\"w-iconbox-meta\"><h4 class=\"w-iconbox-title\" style=\"font-size:1.5rem;\">Sprach- und Integrationskurse<\/h4><div class=\"w-iconbox-text\"><p><span style=\"font-weight: 400;\">Es m\u00fcssen ausreichend Sprach- und Integrationskurse angeboten werden, die passgenaue Angebote auch f\u00fcr Menschen mit Betreuungspflichten oder mit unflexiblen Arbeitszeiten sicherstellen. Damit alle, die es brauchen, auch an den Deutschkursen teilnehmen k\u00f6nnen, muss sichergestellt sein, dass es immer ein Kinderbetreuungsangebot gibt.<\/span><\/p>\n<\/div><\/div><\/div><\/div><\/div><div class=\"wpb_column vc_column_container\"><div class=\"vc_column-inner\"><div class=\"w-iconbox us_custom_8b3d6790 has_text_color iconpos_left style_default color_custom align_left\"><div class=\"w-iconbox-icon\" style=\"font-size:2rem;--icon-color:#Ffffff;--icon-bg-color:var(--color-header-transparent-text);\"><i class=\"fas fa-layer-group\"><\/i><\/div><div class=\"w-iconbox-meta\"><h4 class=\"w-iconbox-title\" style=\"font-size:1.5rem;\">H\u00fcrden f\u00fcr schnelle Arbeitsmarktintegration abbauen<\/h4><div class=\"w-iconbox-text\"><p><span style=\"font-weight: 400;\">Noch immer d\u00fcrfen viele gefl\u00fcchtete Menschen nicht arbeiten. Das muss sich \u00e4ndern. Ihr Zugang zum Arbeitsmarkt soll gew\u00e4hrleistet sein und H\u00fcrden m\u00fcssen abgebaut werden, um auch dem Fachkr\u00e4ftemangel zu begegnen.<\/span><\/p>\n<\/div><\/div><\/div><\/div><\/div><div class=\"wpb_column vc_column_container\"><div class=\"vc_column-inner\"><div class=\"w-iconbox us_custom_8b3d6790 has_text_color iconpos_left style_default color_custom align_left\"><div class=\"w-iconbox-icon\" style=\"font-size:2rem;--icon-color:#Ffffff;--icon-bg-color:var(--color-header-transparent-text);\"><i class=\"fas fa-layer-group\"><\/i><\/div><div class=\"w-iconbox-meta\"><h4 class=\"w-iconbox-title\" style=\"font-size:1.5rem;\">Bleiberechte durch gezielte Programme<\/h4><div class=\"w-iconbox-text\"><p><span style=\"font-weight: 400;\">Wir wollen ein Projekt \u201eBleiberecht f\u00f6rdern\u201c initiieren und setzen uns daf\u00fcr ein, Ermessensspielr\u00e4ume \u00fcber Bleiberechte zugunsten von Gefl\u00fcchteten konsequenter zu nutzen, insbesondere f\u00fcr Familien und junge Gefl\u00fcchtete in Ausbildung.<\/span><\/p>\n<\/div><\/div><\/div><\/div><\/div><\/div><div class=\"w-separator size_medium\"><\/div><div class=\"w-btn-wrapper align_left\"><a class=\"w-btn us-btn-style_8 icon_atleft\" href=\"https:\/\/gruene-wiesbaden.de\/kommunalwahl\/#Kapitel2\"><i class=\"fas fa-chevron-circle-right\"><\/i><span class=\"w-btn-label\">Zur\u00fcck zur \u00dcbersicht<\/span><\/a><\/div><div class=\"w-separator size_medium\"><\/div><\/div><\/div><\/div><\/div><\/section><section class=\"l-section wpb_row height_auto with_img\"><div class=\"l-section-img\" role=\"img\" data-img-width=\"2560\" data-img-height=\"1707\" style=\"background-image: url(https:\/\/gruene-wiesbaden.de\/wp-content\/uploads\/2025\/11\/2.12-Gefluechtete-scaled.jpeg);background-repeat: no-repeat;\"><\/div><div class=\"l-section-overlay\" style=\"background:var(--color-header-top-transparent-bg)\"><\/div><div class=\"l-section-h i-cf\"><div class=\"g-cols vc_row via_grid cols_1 laptops-cols_inherit tablets-cols_inherit mobiles-cols_1 valign_middle type_default stacking_default\" style=\"--columns-gap:1rem;\"><div class=\"wpb_column vc_column_container\"><div class=\"vc_column-inner\"><div class=\"w-separator size_large\"><\/div><div class=\"wpb_text_column background_inside_text\"><div class=\"wpb_wrapper\"><h1>Was wir konkret in diesem Bereich tun wollen<\/h1>\n<\/div><\/div><div class=\"w-separator size_medium\"><\/div><div class=\"w-tabs us_custom_42d693a0 has_text_color style_default switch_click accordion has_scrolling\" style=\"--sections-title-size:1.4rem\"><div class=\"w-tabs-sections titles-align_none icon_chevron cpos_right\"><div class=\"w-tabs-section has_text_color\" id=\"j3c2\" style=\"background:var(--color-header-transparent-text);color:var(--color-header-top-text-hover);\"><button class=\"w-tabs-section-header\" aria-controls=\"content-j3c2\" aria-expanded=\"false\"><div class=\"w-tabs-section-title\">Masterplan Integration<\/div><div class=\"w-tabs-section-control\"><\/div><\/button><div  class=\"w-tabs-section-content\" id=\"content-j3c2\"><div class=\"w-tabs-section-content-h i-cf\"><div class=\"wpb_text_column\"><div class=\"wpb_wrapper\"><p><span style=\"font-weight: 400;\">Wir fordern einen kommunalen Masterplan Integration, der dem Anspruch verpflichtet ist, Ankommen und Orientierung in unserer Stadt zu erleichtern, Abh\u00e4ngigkeiten zu vermindern und z\u00fcgig ein selbstst\u00e4ndiges Leben f\u00fcr alle zu sichern. Dieser Plan soll die Bereiche Bildung, Arbeit, Wohnen und gesellschaftliche Teilhabe umfassen und klare Zust\u00e4ndigkeiten sowie messbare Ziele definieren. Dabei orientieren wir uns am Integrationskonzept 2022-2026 der Stadt Wiesbaden und entwickeln es weiter.<\/span><\/p>\n<p><span style=\"font-weight: 400;\">Wesentlich ist eine kontinuierliche Evaluation der Ma\u00dfnahmen. Um besser zu verstehen, wo Defizite bei der Integration von Gefl\u00fcchteten liegen, wollen wir 2026 eine Befragung unter Menschen von der Stadt organisieren lassen, die seit 2015 neu nach Wiesbaden gekommen sind. Zugleich wollen wir pr\u00fcfen lassen, ob das bestehende Integrationsmonitoring der Stadt durch eine solche regelm\u00e4\u00dfige Befragung erg\u00e4nzt werden kann.<\/span><\/p>\n<p><span style=\"font-weight: 400;\">Uns ist bewusst, dass unsere kommunalen Handlungsm\u00f6glichkeiten durch gesetzliche Vorgaben von Bund und Land beschr\u00e4nkt sind. Umso wichtiger ist es, bestehende Spielr\u00e4ume konsequent und klug zu nutzen. Dar\u00fcber hinaus machen wir unseren gr\u00fcnen Einfluss f\u00fcr eine menschenw\u00fcrdige Fluchtpolitik auf allen politischen Ebenen geltend.<\/span><\/p>\n<\/div><\/div><\/div><\/div><\/div><div class=\"w-tabs-section has_text_color\" id=\"v50a\" style=\"background:var(--color-header-transparent-text);color:var(--color-header-top-text-hover);\"><button class=\"w-tabs-section-header\" aria-controls=\"content-v50a\" aria-expanded=\"false\"><div class=\"w-tabs-section-title\">T\u00fcren in den Arbeitsmarkt weiter \u00f6ffnen<\/div><div class=\"w-tabs-section-control\"><\/div><\/button><div  class=\"w-tabs-section-content\" id=\"content-v50a\"><div class=\"w-tabs-section-content-h i-cf\"><div class=\"wpb_text_column\"><div class=\"wpb_wrapper\"><p><span style=\"font-weight: 400;\">Den mit dem Arbeitsmarktprojekt &#8222;Bleib in Wiesbaden&#8220; eingeschlagenen Weg wollen wir konsequent fortsetzen und alle rechtlichen M\u00f6glichkeiten nutzen, um f\u00fcr gefl\u00fcchtete Menschen Arbeitsmarktzug\u00e4nge zu erleichtern. Dabei m\u00f6chten wir eng mit lokalen Betrieben, der IHK und der Handwerkskammer zusammenarbeiten und auch innerhalb unserer Fachkr\u00e4fteinitiative einen besonderen Fokus auf die Zielgruppe Gefl\u00fcchtete legen. Ma\u00dfnahmen sind unter anderem die Unterst\u00fctzung bei der \u00dcberwindung von b\u00fcrokratischen H\u00fcrden und Anerkennung ausl\u00e4ndischer Qualifikationen, niedrigschwellige Sprach- und Berufsvorbereitungskurse sowie Patenschaften zwischen Unternehmen und Gefl\u00fcchteten. So schaffen wir eine Win-Win-Situation: Gefl\u00fcchtete erhalten eine echte Perspektive, Unternehmen finden Fachkr\u00e4fte und Wiesbaden wird attraktiver &#8211; als Stadt der Chancen und des Zusammenhalts.<\/span><\/p>\n<\/div><\/div><\/div><\/div><\/div><div class=\"w-tabs-section has_text_color\" id=\"t627\" style=\"background:var(--color-header-transparent-text);color:var(--color-header-top-text-hover);\"><button class=\"w-tabs-section-header\" aria-controls=\"content-t627\" aria-expanded=\"false\"><div class=\"w-tabs-section-title\">Barrierefreie Integration f\u00f6rdern: Angebote und Finanzierung verbessern<\/div><div class=\"w-tabs-section-control\"><\/div><\/button><div  class=\"w-tabs-section-content\" id=\"content-t627\"><div class=\"w-tabs-section-content-h i-cf\"><div class=\"wpb_text_column\"><div class=\"wpb_wrapper\"><p><span style=\"font-weight: 400;\">Es braucht Ma\u00dfnahmen, die einen niederschwelligen Zugang zu Integrationsangeboten sicherstellen, damit alle Menschen diese Angebote wahrnehmen k\u00f6nnen. Kitas, Schulen sowie die Stadtteilarbeit und die Eltern-Kind-Zentren (KiEZe) \u00fcbernehmen dabei eine Schl\u00fcsselrolle. Ebenso braucht es passgenaue Angebote f\u00fcr Menschen mit Betreuungspflichten oder unflexiblen Arbeitszeiten. Die finanziellen Mittel f\u00fcr etablierte Integrationsprojekte m\u00fcssen gesichert und K\u00fcrzungen zur\u00fcckgenommen oder kompensiert werden.<\/span><\/p>\n<\/div><\/div><\/div><\/div><\/div><div class=\"w-tabs-section has_text_color\" id=\"w758\" style=\"background:var(--color-header-middle-bg);color:var(--color-content-heading);\"><button class=\"w-tabs-section-header\" aria-controls=\"content-w758\" aria-expanded=\"false\"><div class=\"w-tabs-section-title\">Soziales Netz f\u00fcr alle \u2013 b\u00fcrokratische H\u00fcrden \u00fcberwinden<\/div><div class=\"w-tabs-section-control\"><\/div><\/button><div  class=\"w-tabs-section-content\" id=\"content-w758\"><div class=\"w-tabs-section-content-h i-cf\"><div class=\"wpb_text_column\"><div class=\"wpb_wrapper\"><p><span style=\"font-weight: 400;\">Die Lebenssituation gefl\u00fcchteter Menschen ist in vieler Hinsicht fragil. Nicht nur haben die meisten traumatische Erinnerungen an Krieg und Gewalt und eine lebensgef\u00e4hrliche Flucht im Gep\u00e4ck. Zugleich m\u00fcssen sie sich zurechtfinden in einem ihnen zun\u00e4chst fremden Land. Nicht alle schaffen es, mit den Anforderungen der B\u00fcrokratie zurechtzukommen und Hilfsangebote in Anspruch zu nehmen. Besonders gef\u00e4hrdet sind Geduldete, denen keinerlei Integrationsangebote offenstehen, aber auch junge, unbegleitete Gefl\u00fcchtete, die altersbedingt aus dem Unterst\u00fctzungsnetz der Jugendhilfe fallen. Aus unverstandenen Beh\u00f6rdenbescheiden und verpassten Fristen erw\u00e4chst schnell eine Abw\u00e4rtsspirale nach unten: Einkommen, Asylbewerberleistungen, Unterkunft und Krankenversicherung gehen verloren, zugleich steigt die Anf\u00e4lligkeit f\u00fcr Kriminalit\u00e4t und Drogenmissbrauch.<\/span><\/p>\n<p><span style=\"font-weight: 400;\">Um zu verhindern, dass Menschen ungewollt durchs soziale Netz fallen, wollen wir die bestehenden Angebote aufsuchender Sozialarbeit zielgenauer und wirksamer ausrichten. Als Pilot wollen wir ein mobiles B\u00fcrgerb\u00fcro ins Leben rufen, das einschl\u00e4gige Treffpunkte in der Stadt aufsucht und die Angebote verschiedener \u00c4mter, insbesondere von Ausl\u00e4nderbeh\u00f6rde, Jobcenter, Unterbringungsmanagement, Wohnungsamt und Einwohnermeldebeh\u00f6rde, b\u00fcndelt verf\u00fcgbar macht.<\/span><\/p>\n<\/div><\/div><\/div><\/div><\/div><div class=\"w-tabs-section has_text_color\" id=\"y8b7\" style=\"background:var(--color-header-transparent-text);color:var(--color-header-top-text-hover);\"><button class=\"w-tabs-section-header\" aria-controls=\"content-y8b7\" aria-expanded=\"false\"><div class=\"w-tabs-section-title\">Menschenw\u00fcrdige Unterbringung<\/div><div class=\"w-tabs-section-control\"><\/div><\/button><div  class=\"w-tabs-section-content\" id=\"content-y8b7\"><div class=\"w-tabs-section-content-h i-cf\"><div class=\"wpb_text_column\"><div class=\"wpb_wrapper\"><p><span style=\"font-weight: 400;\">Die bestehende Wohnungsnot in Wiesbaden trifft in besonderem Ma\u00dfe gefl\u00fcchtete Menschen. Viele verbleiben \u00fcber lange Zeit in Gemeinschaftsunterk\u00fcnften (GUs), weil sie keine eigene Wohnung finden. In Zeiten hoher Zuweisungszahlen sind solche gro\u00dfen Unterk\u00fcnfte unvermeidbar. Gleichwohl halten wir an dem Ziel fest, dass Gefl\u00fcchtete m\u00f6glichst schnell dezentral untergebracht werden. Wir unterst\u00fctzen die Schaffung von Wohnheimkonzepten als Br\u00fccke in den regul\u00e4ren Wohnungsmarkt, wie sie in Wiesbaden angedacht sind.<\/span><\/p>\n<p><span style=\"font-weight: 400;\">Wenn GUs trotzdem f\u00fcr lange Zeit der Lebensmittelpunkt schutzsuchender Menschen sind, m\u00fcssen die Standards hier deutlich verbessert werden. Dazu geh\u00f6ren zumindest WLAN in allen Geb\u00e4udebereichen und mehr Sauberkeit. Au\u00dferdem fordern wir eine Anpassung der Unterbringungssatzung, die derzeit Gefl\u00fcchtete behandelt wie Obdachlose, die eine Notunterkunft suchen. Das bedeutet unter anderem, dass ein Zimmer, wenn es sieben Tage nicht benutzt wird, ger\u00e4umt und anderweitig genutzt werden kann. Auch eine K\u00fcndigung und Verlegung in eine andere Unterkunft ist binnen sieben Tagen m\u00f6glich. Aus unserer Sicht muss diese Frist auf vier Wochen verl\u00e4ngert werden. Genauso halten wir es f\u00fcr nicht zielf\u00fchrend, dass Gefl\u00fcchtete, die einer Arbeit nachgehen, die relativ hohe Unterbringungsgeb\u00fchr selbst bezahlen m\u00fcssen und dadurch kaum oder keinen finanziellen Mehrwert durch das Arbeiten haben.<\/span><\/p>\n<\/div><\/div><\/div><\/div><\/div><div class=\"w-tabs-section has_text_color\" id=\"v9d0\" style=\"background:var(--color-header-middle-bg);color:var(--color-header-middle-text);\"><button class=\"w-tabs-section-header\" aria-controls=\"content-v9d0\" aria-expanded=\"false\"><div class=\"w-tabs-section-title\">Menschen zur deutschen Staatsb\u00fcrgerschaft verhelfen<\/div><div class=\"w-tabs-section-control\"><\/div><\/button><div  class=\"w-tabs-section-content\" id=\"content-v9d0\"><div class=\"w-tabs-section-content-h i-cf\"><div class=\"wpb_text_column\"><div class=\"wpb_wrapper\"><p><span style=\"font-weight: 400;\">Wir setzen uns daf\u00fcr ein, dass Menschen mit Migrationsgeschichte in unserer Kommune bestm\u00f6glich unterst\u00fctzt werden, um den Weg zur deutschen Staatsb\u00fcrgerschaft erfolgreich zu beschreiten. Die deutsche Staatsb\u00fcrgerschaft ist der Schl\u00fcssel zu vollst\u00e4ndiger gesellschaftlicher Teilhabe \u2013 ihre Erlangung werden wir im Rahmen unserer kommunalen M\u00f6glichkeiten aktiv f\u00f6rdern. Au\u00dferdem wollen wir den Einb\u00fcrgerungsakt w\u00fcrdiger und wertiger ausgestalten und die j\u00e4hrlichen Feiern f\u00fcr neu eingeb\u00fcrgerte Menschen st\u00e4rken.<\/span><\/p>\n<\/div><\/div><\/div><\/div><\/div><div class=\"w-tabs-section has_text_color\" id=\"cb04\" style=\"background:var(--color-header-transparent-text);color:var(--color-header-top-text-hover);\"><button class=\"w-tabs-section-header\" aria-controls=\"content-cb04\" aria-expanded=\"false\"><div class=\"w-tabs-section-title\">F\u00f6rderung f\u00fcr EU-Zugewanderte<\/div><div class=\"w-tabs-section-control\"><\/div><\/button><div  class=\"w-tabs-section-content\" id=\"content-cb04\"><div class=\"w-tabs-section-content-h i-cf\"><div class=\"wpb_text_column\"><div class=\"wpb_wrapper\"><p><span style=\"font-weight: 400;\">EU-Zugewanderte haben keinen direkten Rechtsanspruch auf Integrationskurse. Da aber auch diese Personengruppe von Sprach- und Integrationsangeboten profitiert, wollen wir hier f\u00f6rdern.<\/span><\/p>\n<p><span style=\"font-weight: 400;\">Konkret wollen wir niedrigschwellige Sprachangebote in den Kommunen f\u00f6rdern, die Mittel f\u00fcr freiwillige Integrationskurse aufstocken und digitale Lernplattformen entwickeln lassen. Zudem wollen wir Arbeitgeber*innen f\u00fcr betriebliche Sprachkursangebote gewinnen und mehrsprachige Beratungsstellen ausbauen.<\/span><\/p>\n<p><span style=\"font-weight: 400;\">Die fr\u00fchzeitige Investition in Sprachf\u00f6rderung ist nicht nur ein Gebot der Menschlichkeit, sondern auch volkswirtschaftlich sinnvoll und st\u00e4rkt den gesellschaftlichen Zusammenhalt.<\/span><\/p>\n<\/div><\/div><\/div><\/div><\/div><div class=\"w-tabs-section has_text_color\" id=\"ec3b\" style=\"background:var(--color-header-transparent-text);color:var(--color-header-top-text-hover);\"><button class=\"w-tabs-section-header\" aria-controls=\"content-ec3b\" aria-expanded=\"false\"><div class=\"w-tabs-section-title\">Demokratische Teilhabe f\u00fcr alle<\/div><div class=\"w-tabs-section-control\"><\/div><\/button><div  class=\"w-tabs-section-content\" id=\"content-ec3b\"><div class=\"w-tabs-section-content-h i-cf\"><div class=\"wpb_text_column\"><div class=\"wpb_wrapper\"><p><span style=\"font-weight: 400;\">Wir GR\u00dcNE setzen uns f\u00fcr ein kommunales Wahlrecht f\u00fcr alle Menschen ein, die in unserer Stadt leben &#8211; unabh\u00e4ngig von ihrer Staatsangeh\u00f6rigkeit. Demokratie lebt von Beteiligung und Mitsprache. Wer hier seinen Lebensmittelpunkt hat, sollte auch \u00fcber die Gestaltung des unmittelbaren Lebensumfeldes mitentscheiden d\u00fcrfen. Ein kommunales Wahlrecht f\u00fcr alle Migrant*innen st\u00e4rkt die Integration, f\u00f6rdert das Zusammengeh\u00f6rigkeitsgef\u00fchl und macht unsere Demokratie inklusiver. Menschen, die von kommunalen Entscheidungen betroffen sind, m\u00fcssen diese durch ihre Stimme mitgestalten k\u00f6nnen. F\u00fcr eine vielf\u00e4ltige und gerechte Gesellschaft, in der Teilhabe nicht vom Pass abh\u00e4ngt.<\/span><\/p>\n<\/div><\/div><\/div><\/div><\/div><div class=\"w-tabs-section has_text_color\" id=\"yd5f\" style=\"background:var(--color-header-transparent-text);color:var(--color-header-top-text-hover);\"><button class=\"w-tabs-section-header\" aria-controls=\"content-yd5f\" aria-expanded=\"false\"><div class=\"w-tabs-section-title\">Integration und Stadtentwicklung zusammen denken<\/div><div class=\"w-tabs-section-control\"><\/div><\/button><div  class=\"w-tabs-section-content\" id=\"content-yd5f\"><div class=\"w-tabs-section-content-h i-cf\"><div class=\"wpb_text_column\"><div class=\"wpb_wrapper\"><p><span style=\"font-weight: 400;\">Wir werden Integration und Stadtentwicklung konsequent zusammendenken, um der sozialen und ethnischen Separierung in unseren St\u00e4dten entgegenzuwirken. Durch gezielte Investitionen in benachteiligte Quartiere schaffen wir lebenswerte Nachbarschaften f\u00fcr alle Menschen. Mit einer durchdachten Wohnungspolitik f\u00f6rdern wir gemischte Wohnquartiere und bek\u00e4mpfen Segregation. Unser Ziel ist eine inklusive Stadt, in der Begegnungsr\u00e4ume entstehen und gesellschaftlicher Zusammenhalt wachsen kann. Die \u00f6ffentliche Infrastruktur \u2013 von Schulen \u00fcber Bibliotheken bis zu Gr\u00fcnfl\u00e4chen \u2013 muss in allen Stadtteilen gleichwertig ausgebaut sein. Wir setzen auf partizipative Stadtplanung, die Migrant*innen aktiv einbezieht und ihre Bedarfe ber\u00fccksichtigt. So schaffen wir R\u00e4ume, die Integration erm\u00f6glichen und f\u00f6rdern.<\/span><\/p>\n<\/div><\/div><\/div><\/div><\/div><div class=\"w-tabs-section has_text_color\" id=\"le7e\" style=\"background:var(--color-header-transparent-text);color:var(--color-header-top-text-hover);\"><button class=\"w-tabs-section-header\" aria-controls=\"content-le7e\" aria-expanded=\"false\"><div class=\"w-tabs-section-title\">Welcome Center f\u00fcr Zugewanderte<\/div><div class=\"w-tabs-section-control\"><\/div><\/button><div  class=\"w-tabs-section-content\" id=\"content-le7e\"><div class=\"w-tabs-section-content-h i-cf\"><div class=\"wpb_text_column\"><div class=\"wpb_wrapper\"><p><span style=\"font-weight: 400;\">Wir GR\u00dcNE setzen uns f\u00fcr ein Welcome Center in zentraler Lage ein, das Menschen, die aus dem Ausland nach Wiesbaden kommen, unterst\u00fctzt. Dort erhalten sie Beratung und Kontakte zu allen wichtigen Fragen rund ums Ankommen: Aufenthalt, Deutsch lernen, Arbeit, Berufsausbildung, Familie und Gesundheit. Das Welcome Center soll ein niedrigschwelliger, verl\u00e4sslicher und barrierefreier Ort sein, der Wertsch\u00e4tzung f\u00fcr Zugewanderte zum Ausdruck bringt, Orientierung bietet, Integration erleichtert und Teilhabe erm\u00f6glicht.<\/span><\/p>\n<\/div><\/div><\/div><\/div><\/div><div class=\"w-tabs-section has_text_color\" id=\"ofa9\" style=\"background:var(--color-header-transparent-text);color:var(--color-header-top-text-hover);\"><button class=\"w-tabs-section-header\" aria-controls=\"content-ofa9\" aria-expanded=\"false\"><div class=\"w-tabs-section-title\">Wiesbaden als sicherer Hafen f\u00fcr Gefl\u00fcchtete<\/div><div class=\"w-tabs-section-control\"><\/div><\/button><div  class=\"w-tabs-section-content\" id=\"content-ofa9\"><div class=\"w-tabs-section-content-h i-cf\"><div class=\"wpb_text_column\"><div class=\"wpb_wrapper\"><p><span style=\"font-weight: 400;\">Als GR\u00dcNE setzen wir uns f\u00fcr eine menschenw\u00fcrdige Fl\u00fcchtlingspolitik ein. Wiesbaden hat sich bereits der Initiative &#8222;Sichere H\u00e4fen&#8220; angeschlossen und sich dazu bereit erkl\u00e4rt, aktiv zus\u00e4tzliche Gefl\u00fcchtete aufzunehmen. Daf\u00fcr braucht es mehrsprachige Anlauf- und Beratungsstellen, eine menschenw\u00fcrdige Unterbringung von Gefl\u00fcchteten, einen vereinfachten Zugang zum Arbeitsmarkt, Sprachkurse ab dem ersten Tag und eine enge Zusammenarbeit mit zivilgesellschaftlichen Organisationen.<\/span><\/p>\n<p><span style=\"font-weight: 400;\">Flucht ist kein Verbrechen. Wiesbaden steht f\u00fcr Solidarit\u00e4t und Mitmenschlichkeit. Mit Deiner\u00a0 Stimme machen wir unsere Stadt zum Vorbild f\u00fcr eine humane Asylpolitik.<\/span><\/p>\n<\/div><\/div><\/div><\/div><\/div><div class=\"w-tabs-section has_text_color\" id=\"d0f7\" style=\"background:var(--color-header-transparent-text);color:var(--color-header-top-text-hover);\"><button class=\"w-tabs-section-header\" aria-controls=\"content-d0f7\" aria-expanded=\"false\"><div class=\"w-tabs-section-title\">Bezahlkarte diskriminierungsfrei gestalten<\/div><div class=\"w-tabs-section-control\"><\/div><\/button><div  class=\"w-tabs-section-content\" id=\"content-d0f7\"><div class=\"w-tabs-section-content-h i-cf\"><div class=\"wpb_text_column\"><div class=\"wpb_wrapper\"><p><span style=\"font-weight: 400;\">Wir GR\u00dcNE wollen, dass die Bezahlkarte f\u00fcr Gefl\u00fcchtete in Wiesbaden nicht zu Stigmatisierung und Ausgrenzung f\u00fchrt. Statt Einschr\u00e4nkungen und b\u00fcrokratischen H\u00fcrden setzen wir uns f\u00fcr Selbstbestimmung und Teilhabe ein. Deshalb haben wir uns in der Stadtpolitik klar daf\u00fcr eingesetzt, dass Gefl\u00fcchtete ihre Leistungen mit der Karte ohne Einschr\u00e4nkungen nutzen k\u00f6nnen \u2013 inklusive freier Bargeldauszahlung und ohne Ausschl\u00fcsse von Waren oder Dienstleistungen. Auch wenn das Land Hessen diese humanere L\u00f6sung bislang blockiert, bleiben wir bei unserer Position: Eine Bezahlkarte darf kein Instrument der Diskriminierung sein, sondern muss Teilhabe und Integration f\u00f6rdern.<\/span><\/p>\n<\/div><\/div><\/div><\/div><\/div><\/div><\/div><div class=\"w-separator size_medium\"><\/div><div class=\"w-btn-wrapper align_left\"><a class=\"w-btn us-btn-style_8 icon_atleft\" href=\"https:\/\/gruene-wiesbaden.de\/kommunalwahl\/#Kapitel2\"><i class=\"fas fa-chevron-circle-right\"><\/i><span class=\"w-btn-label\">Zur\u00fcck zur \u00dcbersicht<\/span><\/a><\/div><div class=\"w-separator size_large\"><\/div><div class=\"wpb_text_column\"><div class=\"wpb_wrapper\"><h1>Was wir bereits erreicht haben<\/h1>\n<\/div><\/div><div class=\"w-separator size_medium\"><\/div><div class=\"w-tabs us_custom_42d693a0 has_text_color style_default switch_click accordion has_scrolling\" style=\"--sections-title-size:1.4rem\"><div class=\"w-tabs-sections titles-align_none icon_chevron cpos_right\"><div class=\"w-tabs-section has_text_color\" id=\"la38\" style=\"background:var(--color-header-transparent-text);color:var(--color-header-top-text-hover);\"><button class=\"w-tabs-section-header\" aria-controls=\"content-la38\" aria-expanded=\"false\"><div class=\"w-tabs-section-title\">Projekt \u201eBleib in Wiesbaden\u201c gestartet<\/div><div class=\"w-tabs-section-control\"><\/div><\/button><div  class=\"w-tabs-section-content\" id=\"content-la38\"><div class=\"w-tabs-section-content-h i-cf\"><div class=\"wpb_text_column\"><div class=\"wpb_wrapper\"><p><span style=\"font-weight: 400;\">2024 haben wir das Projekt \u201eBleib in Wiesbaden \u2013 Arbeitsmarkt- und Integrationsberatung f\u00fcr Geduldete und Gestattete\u201c auf den Weg gebracht. Ziel ist es, Menschen, die oft seit vielen Jahren in Wiesbaden leben, endlich Perspektiven zu er\u00f6ffnen. Das Projekt bietet Beratung, Unterst\u00fctzung bei Aufenthaltskl\u00e4rung und Zugang zum Arbeitsmarkt. Schon wenn 29 Personen aus dem Leistungsbezug in Arbeit kommen, tr\u00e4gt sich das Projekt selbst. Damit schaffen wir Teilhabe, Perspektiven und echte Chancen f\u00fcr langj\u00e4hrig Geduldete.<\/span><\/p>\n<\/div><\/div><\/div><\/div><\/div><div class=\"w-tabs-section has_text_color\" id=\"db70\" style=\"background:var(--color-header-transparent-text);color:var(--color-header-top-text-hover);\"><button class=\"w-tabs-section-header\" aria-controls=\"content-db70\" aria-expanded=\"false\"><div class=\"w-tabs-section-title\">Rainbow Refugees unterst\u00fctzt<\/div><div class=\"w-tabs-section-control\"><\/div><\/button><div  class=\"w-tabs-section-content\" id=\"content-db70\"><div class=\"w-tabs-section-content-h i-cf\"><div class=\"wpb_text_column\"><div class=\"wpb_wrapper\"><p><span style=\"font-weight: 400;\">Wir haben daf\u00fcr gesorgt, dass queere Gefl\u00fcchtete in Wiesbaden sichtbar unterst\u00fctzt und gut integriert werden. Durch politische Entscheidungen haben wir Kooperationen zwischen der Stadt, der AIDS-Hilfe Hessen und anderen Organisationen gef\u00f6rdert. Das Projekt \u201eRainbow Refugee Support\u201c bietet Beratung, Begleitung bei Asylverfahren, psychosoziale Unterst\u00fctzung und Gruppenangebote, um Isolation zu verhindern. Wir GR\u00dcNE haben damit den Rahmen geschaffen, damit queere Gefl\u00fcchtete Schutz, Empowerment und Teilhabe in unserer Stadt erfahren k\u00f6nnen.<\/span><\/p>\n<\/div><\/div><\/div><\/div><\/div><div class=\"w-tabs-section has_text_color\" id=\"mc94\" style=\"background:var(--color-header-transparent-text);color:var(--color-header-top-text-hover);\"><button class=\"w-tabs-section-header\" aria-controls=\"content-mc94\" aria-expanded=\"false\"><div class=\"w-tabs-section-title\">Integrationskonzept weiterentwickelt<\/div><div class=\"w-tabs-section-control\"><\/div><\/button><div  class=\"w-tabs-section-content\" id=\"content-mc94\"><div class=\"w-tabs-section-content-h i-cf\"><div class=\"wpb_text_column\"><div class=\"wpb_wrapper\"><p><span style=\"font-weight: 400;\">In einer vielf\u00e4ltigen Stadtgesellschaft ist Integration keine Einbahnstra\u00dfe im Sinne einer \u201ckulturellen Anpassung\u201d, sondern ein wechselseitiger Prozess, der ebenso Ankommenden wie Alteingesessenen etwas abverlangt. Im aktuellen Integrationskonzept der Stadt 2022\u20132026 ist dieses Integrationsverst\u00e4ndnis verankert. Perspektivisch wollen wir es durch ein Konzept ersetzen, das nicht den missverst\u00e4ndlichen Begriff der Integration, sondern das Leitbild der Vielfalt in den Mittelpunkt stellt.<\/span><\/p>\n<\/div><\/div><\/div><\/div><\/div><\/div><\/div><div class=\"w-separator size_medium\"><\/div><div class=\"w-btn-wrapper align_left\"><a class=\"w-btn us-btn-style_8 icon_atleft\" href=\"https:\/\/gruene-wiesbaden.de\/kommunalwahl\/#Kapitel2\"><i class=\"fas fa-chevron-circle-right\"><\/i><span class=\"w-btn-label\">Zur\u00fcck zur \u00dcbersicht<\/span><\/a><\/div><div class=\"w-separator size_large\"><\/div><\/div><\/div><\/div><\/div><\/section>\n","protected":false},"excerpt":{"rendered":"Gefl\u00fcchteteIn einer Welt voller Krisen und Konflikte sind Millionen Menschen gezwungen, ihre Heimat zu verlassen. Wir stehen f\u00fcr eine Fluchtpolitik, die Menschenrechte in den Mittelpunkt stellt und Integration als Chance begreift. Dabei leitet uns die \u00dcberzeugung, dass jeder Mensch Schutz und ein Leben in Sicherheit und W\u00fcrde verdient \u2013 unabh\u00e4ngig von Herkunft oder Fluchtgrund. Zur\u00fcck...","protected":false},"author":1,"featured_media":1561,"comment_status":"closed","ping_status":"closed","sticky":false,"template":"","format":"standard","meta":{"footnotes":""},"categories":[15],"tags":[],"class_list":["post-1374","post","type-post","status-publish","format-standard","has-post-thumbnail","hentry","category-kapitel-2"],"yoast_head":"<!-- This site is optimized with the Yoast SEO plugin v27.5 - https:\/\/yoast.com\/product\/yoast-seo-wordpress\/ -->\n<title>Gefl\u00fcchtete - B\u00dcNDNIS 90\/DIE GR\u00dcNEN Wiesbaden<\/title>\n<meta name=\"robots\" content=\"index, follow, max-snippet:-1, max-image-preview:large, max-video-preview:-1\" \/>\n<link rel=\"canonical\" href=\"https:\/\/gruene-wiesbaden.de\/de\/gefluechtete\/\" \/>\n<meta property=\"og:locale\" content=\"de_DE\" \/>\n<meta property=\"og:type\" content=\"article\" \/>\n<meta property=\"og:title\" content=\"Gefl\u00fcchtete - B\u00dcNDNIS 90\/DIE GR\u00dcNEN Wiesbaden\" \/>\n<meta property=\"og:url\" content=\"https:\/\/gruene-wiesbaden.de\/de\/gefluechtete\/\" \/>\n<meta property=\"og:site_name\" content=\"B\u00dcNDNIS 90\/DIE GR\u00dcNEN Wiesbaden\" \/>\n<meta property=\"article:publisher\" content=\"https:\/\/www.facebook.com\/gruene.wi\" \/>\n<meta property=\"article:published_time\" content=\"2025-11-09T22:22:37+00:00\" \/>\n<meta property=\"article:modified_time\" content=\"2026-04-09T08:48:26+00:00\" \/>\n<meta property=\"og:image\" content=\"https:\/\/gruene-wiesbaden.de\/wp-content\/uploads\/2025\/11\/2.12-Gefluechtete-scaled.jpeg\" \/>\n\t<meta property=\"og:image:width\" content=\"2560\" \/>\n\t<meta property=\"og:image:height\" content=\"1707\" \/>\n\t<meta property=\"og:image:type\" content=\"image\/jpeg\" \/>\n<meta name=\"author\" content=\"admin\" \/>\n<meta name=\"twitter:card\" content=\"summary_large_image\" \/>\n<meta name=\"twitter:label1\" content=\"Verfasst von\" \/>\n\t<meta name=\"twitter:data1\" content=\"admin\" \/>\n\t<meta name=\"twitter:label2\" content=\"Gesch\u00e4tzte Lesezeit\" \/>\n\t<meta name=\"twitter:data2\" content=\"11\u00a0Minuten\" \/>\n<script type=\"application\/ld+json\" class=\"yoast-schema-graph\">{\"@context\":\"https:\\\/\\\/schema.org\",\"@graph\":[{\"@type\":\"Article\",\"@id\":\"https:\\\/\\\/gruene-wiesbaden.de\\\/gefluechtete\\\/#article\",\"isPartOf\":{\"@id\":\"https:\\\/\\\/gruene-wiesbaden.de\\\/gefluechtete\\\/\"},\"author\":{\"name\":\"admin\",\"@id\":\"https:\\\/\\\/gruene-wiesbaden.de\\\/#\\\/schema\\\/person\\\/6785c34779159cd4fd86886bb097afe9\"},\"headline\":\"Gefl\u00fcchtete\",\"datePublished\":\"2025-11-09T22:22:37+00:00\",\"dateModified\":\"2026-04-09T08:48:26+00:00\",\"mainEntityOfPage\":{\"@id\":\"https:\\\/\\\/gruene-wiesbaden.de\\\/gefluechtete\\\/\"},\"wordCount\":3099,\"publisher\":{\"@id\":\"https:\\\/\\\/gruene-wiesbaden.de\\\/#organization\"},\"image\":{\"@id\":\"https:\\\/\\\/gruene-wiesbaden.de\\\/gefluechtete\\\/#primaryimage\"},\"thumbnailUrl\":\"https:\\\/\\\/gruene-wiesbaden.de\\\/wp-content\\\/uploads\\\/2025\\\/11\\\/2.12-Gefluechtete-scaled.jpeg\",\"articleSection\":[\"Kapitel 2\"],\"inLanguage\":\"de\"},{\"@type\":\"WebPage\",\"@id\":\"https:\\\/\\\/gruene-wiesbaden.de\\\/gefluechtete\\\/\",\"url\":\"https:\\\/\\\/gruene-wiesbaden.de\\\/gefluechtete\\\/\",\"name\":\"Gefl\u00fcchtete - B\u00dcNDNIS 90\\\/DIE GR\u00dcNEN Wiesbaden\",\"isPartOf\":{\"@id\":\"https:\\\/\\\/gruene-wiesbaden.de\\\/#website\"},\"primaryImageOfPage\":{\"@id\":\"https:\\\/\\\/gruene-wiesbaden.de\\\/gefluechtete\\\/#primaryimage\"},\"image\":{\"@id\":\"https:\\\/\\\/gruene-wiesbaden.de\\\/gefluechtete\\\/#primaryimage\"},\"thumbnailUrl\":\"https:\\\/\\\/gruene-wiesbaden.de\\\/wp-content\\\/uploads\\\/2025\\\/11\\\/2.12-Gefluechtete-scaled.jpeg\",\"datePublished\":\"2025-11-09T22:22:37+00:00\",\"dateModified\":\"2026-04-09T08:48:26+00:00\",\"breadcrumb\":{\"@id\":\"https:\\\/\\\/gruene-wiesbaden.de\\\/gefluechtete\\\/#breadcrumb\"},\"inLanguage\":\"de\",\"potentialAction\":[{\"@type\":\"ReadAction\",\"target\":[\"https:\\\/\\\/gruene-wiesbaden.de\\\/gefluechtete\\\/\"]}]},{\"@type\":\"ImageObject\",\"inLanguage\":\"de\",\"@id\":\"https:\\\/\\\/gruene-wiesbaden.de\\\/gefluechtete\\\/#primaryimage\",\"url\":\"https:\\\/\\\/gruene-wiesbaden.de\\\/wp-content\\\/uploads\\\/2025\\\/11\\\/2.12-Gefluechtete-scaled.jpeg\",\"contentUrl\":\"https:\\\/\\\/gruene-wiesbaden.de\\\/wp-content\\\/uploads\\\/2025\\\/11\\\/2.12-Gefluechtete-scaled.jpeg\",\"width\":2560,\"height\":1707,\"caption\":\"Portrait of Black young student smiling while sitting at table and working together during class in school or college\"},{\"@type\":\"BreadcrumbList\",\"@id\":\"https:\\\/\\\/gruene-wiesbaden.de\\\/gefluechtete\\\/#breadcrumb\",\"itemListElement\":[{\"@type\":\"ListItem\",\"position\":1,\"name\":\"Startseite\",\"item\":\"https:\\\/\\\/gruene-wiesbaden.de\\\/\"},{\"@type\":\"ListItem\",\"position\":2,\"name\":\"Gefl\u00fcchtete\"}]},{\"@type\":\"WebSite\",\"@id\":\"https:\\\/\\\/gruene-wiesbaden.de\\\/#website\",\"url\":\"https:\\\/\\\/gruene-wiesbaden.de\\\/\",\"name\":\"DIE GR\u00dcNEN Wiesbaden\",\"description\":\"\",\"publisher\":{\"@id\":\"https:\\\/\\\/gruene-wiesbaden.de\\\/#organization\"},\"potentialAction\":[{\"@type\":\"SearchAction\",\"target\":{\"@type\":\"EntryPoint\",\"urlTemplate\":\"https:\\\/\\\/gruene-wiesbaden.de\\\/?s={search_term_string}\"},\"query-input\":{\"@type\":\"PropertyValueSpecification\",\"valueRequired\":true,\"valueName\":\"search_term_string\"}}],\"inLanguage\":\"de\"},{\"@type\":\"Organization\",\"@id\":\"https:\\\/\\\/gruene-wiesbaden.de\\\/#organization\",\"name\":\"DIE GR\u00dcNEN Wiesbaden\",\"url\":\"https:\\\/\\\/gruene-wiesbaden.de\\\/\",\"logo\":{\"@type\":\"ImageObject\",\"inLanguage\":\"de\",\"@id\":\"https:\\\/\\\/gruene-wiesbaden.de\\\/#\\\/schema\\\/logo\\\/image\\\/\",\"url\":\"https:\\\/\\\/gruene-wiesbaden-fuer-europa.de\\\/wp-content\\\/uploads\\\/2024\\\/04\\\/Machen-was-zaehlt-5.png\",\"contentUrl\":\"https:\\\/\\\/gruene-wiesbaden-fuer-europa.de\\\/wp-content\\\/uploads\\\/2024\\\/04\\\/Machen-was-zaehlt-5.png\",\"width\":1772,\"height\":1772,\"caption\":\"DIE GR\u00dcNEN Wiesbaden\"},\"image\":{\"@id\":\"https:\\\/\\\/gruene-wiesbaden.de\\\/#\\\/schema\\\/logo\\\/image\\\/\"},\"sameAs\":[\"https:\\\/\\\/www.facebook.com\\\/gruene.wi\",\"https:\\\/\\\/instagram.com\\\/gruene_wi\"]},{\"@type\":\"Person\",\"@id\":\"https:\\\/\\\/gruene-wiesbaden.de\\\/#\\\/schema\\\/person\\\/6785c34779159cd4fd86886bb097afe9\",\"name\":\"admin\",\"sameAs\":[\"http:\\\/\\\/gruene-wiesbaden-fuer-europa.de\"],\"url\":\"https:\\\/\\\/gruene-wiesbaden.de\\\/de\\\/author\\\/admin\\\/\"}]}<\/script>\n<!-- \/ Yoast SEO plugin. -->","yoast_head_json":{"title":"Gefl\u00fcchtete - B\u00dcNDNIS 90\/DIE GR\u00dcNEN Wiesbaden","robots":{"index":"index","follow":"follow","max-snippet":"max-snippet:-1","max-image-preview":"max-image-preview:large","max-video-preview":"max-video-preview:-1"},"canonical":"https:\/\/gruene-wiesbaden.de\/de\/gefluechtete\/","og_locale":"de_DE","og_type":"article","og_title":"Gefl\u00fcchtete - B\u00dcNDNIS 90\/DIE GR\u00dcNEN Wiesbaden","og_url":"https:\/\/gruene-wiesbaden.de\/de\/gefluechtete\/","og_site_name":"B\u00dcNDNIS 90\/DIE GR\u00dcNEN Wiesbaden","article_publisher":"https:\/\/www.facebook.com\/gruene.wi","article_published_time":"2025-11-09T22:22:37+00:00","article_modified_time":"2026-04-09T08:48:26+00:00","og_image":[{"width":2560,"height":1707,"url":"https:\/\/gruene-wiesbaden.de\/wp-content\/uploads\/2025\/11\/2.12-Gefluechtete-scaled.jpeg","type":"image\/jpeg"}],"author":"admin","twitter_card":"summary_large_image","twitter_misc":{"Verfasst von":"admin","Gesch\u00e4tzte Lesezeit":"11\u00a0Minuten"},"schema":{"@context":"https:\/\/schema.org","@graph":[{"@type":"Article","@id":"https:\/\/gruene-wiesbaden.de\/gefluechtete\/#article","isPartOf":{"@id":"https:\/\/gruene-wiesbaden.de\/gefluechtete\/"},"author":{"name":"admin","@id":"https:\/\/gruene-wiesbaden.de\/#\/schema\/person\/6785c34779159cd4fd86886bb097afe9"},"headline":"Gefl\u00fcchtete","datePublished":"2025-11-09T22:22:37+00:00","dateModified":"2026-04-09T08:48:26+00:00","mainEntityOfPage":{"@id":"https:\/\/gruene-wiesbaden.de\/gefluechtete\/"},"wordCount":3099,"publisher":{"@id":"https:\/\/gruene-wiesbaden.de\/#organization"},"image":{"@id":"https:\/\/gruene-wiesbaden.de\/gefluechtete\/#primaryimage"},"thumbnailUrl":"https:\/\/gruene-wiesbaden.de\/wp-content\/uploads\/2025\/11\/2.12-Gefluechtete-scaled.jpeg","articleSection":["Kapitel 2"],"inLanguage":"de"},{"@type":"WebPage","@id":"https:\/\/gruene-wiesbaden.de\/gefluechtete\/","url":"https:\/\/gruene-wiesbaden.de\/gefluechtete\/","name":"Gefl\u00fcchtete - B\u00dcNDNIS 90\/DIE GR\u00dcNEN Wiesbaden","isPartOf":{"@id":"https:\/\/gruene-wiesbaden.de\/#website"},"primaryImageOfPage":{"@id":"https:\/\/gruene-wiesbaden.de\/gefluechtete\/#primaryimage"},"image":{"@id":"https:\/\/gruene-wiesbaden.de\/gefluechtete\/#primaryimage"},"thumbnailUrl":"https:\/\/gruene-wiesbaden.de\/wp-content\/uploads\/2025\/11\/2.12-Gefluechtete-scaled.jpeg","datePublished":"2025-11-09T22:22:37+00:00","dateModified":"2026-04-09T08:48:26+00:00","breadcrumb":{"@id":"https:\/\/gruene-wiesbaden.de\/gefluechtete\/#breadcrumb"},"inLanguage":"de","potentialAction":[{"@type":"ReadAction","target":["https:\/\/gruene-wiesbaden.de\/gefluechtete\/"]}]},{"@type":"ImageObject","inLanguage":"de","@id":"https:\/\/gruene-wiesbaden.de\/gefluechtete\/#primaryimage","url":"https:\/\/gruene-wiesbaden.de\/wp-content\/uploads\/2025\/11\/2.12-Gefluechtete-scaled.jpeg","contentUrl":"https:\/\/gruene-wiesbaden.de\/wp-content\/uploads\/2025\/11\/2.12-Gefluechtete-scaled.jpeg","width":2560,"height":1707,"caption":"Portrait of Black young student smiling while sitting at table and working together during class in school or college"},{"@type":"BreadcrumbList","@id":"https:\/\/gruene-wiesbaden.de\/gefluechtete\/#breadcrumb","itemListElement":[{"@type":"ListItem","position":1,"name":"Startseite","item":"https:\/\/gruene-wiesbaden.de\/"},{"@type":"ListItem","position":2,"name":"Gefl\u00fcchtete"}]},{"@type":"WebSite","@id":"https:\/\/gruene-wiesbaden.de\/#website","url":"https:\/\/gruene-wiesbaden.de\/","name":"DIE GR\u00dcNEN Wiesbaden","description":"","publisher":{"@id":"https:\/\/gruene-wiesbaden.de\/#organization"},"potentialAction":[{"@type":"SearchAction","target":{"@type":"EntryPoint","urlTemplate":"https:\/\/gruene-wiesbaden.de\/?s={search_term_string}"},"query-input":{"@type":"PropertyValueSpecification","valueRequired":true,"valueName":"search_term_string"}}],"inLanguage":"de"},{"@type":"Organization","@id":"https:\/\/gruene-wiesbaden.de\/#organization","name":"DIE GR\u00dcNEN Wiesbaden","url":"https:\/\/gruene-wiesbaden.de\/","logo":{"@type":"ImageObject","inLanguage":"de","@id":"https:\/\/gruene-wiesbaden.de\/#\/schema\/logo\/image\/","url":"https:\/\/gruene-wiesbaden-fuer-europa.de\/wp-content\/uploads\/2024\/04\/Machen-was-zaehlt-5.png","contentUrl":"https:\/\/gruene-wiesbaden-fuer-europa.de\/wp-content\/uploads\/2024\/04\/Machen-was-zaehlt-5.png","width":1772,"height":1772,"caption":"DIE GR\u00dcNEN Wiesbaden"},"image":{"@id":"https:\/\/gruene-wiesbaden.de\/#\/schema\/logo\/image\/"},"sameAs":["https:\/\/www.facebook.com\/gruene.wi","https:\/\/instagram.com\/gruene_wi"]},{"@type":"Person","@id":"https:\/\/gruene-wiesbaden.de\/#\/schema\/person\/6785c34779159cd4fd86886bb097afe9","name":"admin","sameAs":["http:\/\/gruene-wiesbaden-fuer-europa.de"],"url":"https:\/\/gruene-wiesbaden.de\/de\/author\/admin\/"}]}},"_links":{"self":[{"href":"https:\/\/gruene-wiesbaden.de\/de\/wp-json\/wp\/v2\/posts\/1374","targetHints":{"allow":["GET"]}}],"collection":[{"href":"https:\/\/gruene-wiesbaden.de\/de\/wp-json\/wp\/v2\/posts"}],"about":[{"href":"https:\/\/gruene-wiesbaden.de\/de\/wp-json\/wp\/v2\/types\/post"}],"author":[{"embeddable":true,"href":"https:\/\/gruene-wiesbaden.de\/de\/wp-json\/wp\/v2\/users\/1"}],"replies":[{"embeddable":true,"href":"https:\/\/gruene-wiesbaden.de\/de\/wp-json\/wp\/v2\/comments?post=1374"}],"version-history":[{"count":8,"href":"https:\/\/gruene-wiesbaden.de\/de\/wp-json\/wp\/v2\/posts\/1374\/revisions"}],"predecessor-version":[{"id":2400,"href":"https:\/\/gruene-wiesbaden.de\/de\/wp-json\/wp\/v2\/posts\/1374\/revisions\/2400"}],"wp:featuredmedia":[{"embeddable":true,"href":"https:\/\/gruene-wiesbaden.de\/de\/wp-json\/wp\/v2\/media\/1561"}],"wp:attachment":[{"href":"https:\/\/gruene-wiesbaden.de\/de\/wp-json\/wp\/v2\/media?parent=1374"}],"wp:term":[{"taxonomy":"category","embeddable":true,"href":"https:\/\/gruene-wiesbaden.de\/de\/wp-json\/wp\/v2\/categories?post=1374"},{"taxonomy":"post_tag","embeddable":true,"href":"https:\/\/gruene-wiesbaden.de\/de\/wp-json\/wp\/v2\/tags?post=1374"}],"curies":[{"name":"wp","href":"https:\/\/api.w.org\/{rel}","templated":true}]}}