{"id":1372,"date":"2025-11-10T00:21:37","date_gmt":"2025-11-09T22:21:37","guid":{"rendered":"https:\/\/gruene-wiesbaden.de\/?p=1372"},"modified":"2026-04-09T10:46:37","modified_gmt":"2026-04-09T08:46:37","slug":"soziale-teilhabe-und-unterstuetzung-von-menschen-in-notlagen","status":"publish","type":"post","link":"https:\/\/gruene-wiesbaden.de\/de\/soziale-teilhabe-und-unterstuetzung-von-menschen-in-notlagen\/","title":{"rendered":"Soziale Teilhabe und Unterst\u00fctzung von Menschen in Notlagen"},"content":{"rendered":"<section class=\"l-section wpb_row height_medium with_img\"><div class=\"l-section-img\" role=\"img\" data-img-width=\"1080\" data-img-height=\"800\" style=\"background-image: url(https:\/\/gruene-wiesbaden.de\/wp-content\/uploads\/2025\/11\/neuer-Verlauf-gruene-wiesbaden.de_-2-e1762709402177.png);\"><\/div><div class=\"l-section-overlay\" style=\"background:var(--color-header-top-transparent-bg)\"><\/div><div class=\"l-section-h i-cf\"><div class=\"g-cols vc_row via_grid cols_1 laptops-cols_inherit tablets-cols_inherit mobiles-cols_1 valign_top type_default stacking_default\"><div class=\"wpb_column vc_column_container\"><div class=\"vc_column-inner\"><h1 class=\"w-post-elm post_title us_custom_a574d586 has_text_color entry-title\">Soziale Teilhabe und Unterst\u00fctzung von Menschen in Notlagen<\/h1><div class=\"w-separator size_medium\"><\/div><div class=\"g-cols wpb_row via_grid cols_2-1 laptops-cols_inherit tablets-cols_inherit mobiles-cols_1 valign_top type_default stacking_default\" style=\"--columns-gap:3rem;\"><div class=\"wpb_column vc_column_container\"><div class=\"vc_column-inner\"><div class=\"wpb_text_column us_custom_8b3d6790 has_text_color\"><div class=\"wpb_wrapper\"><p><span style=\"font-weight: 400;\">Soziale Teilhabe ist ein Grundrecht, das allen Menschen in unserer Gesellschaft zusteht. Nur durch pr\u00e4ventive Ans\u00e4tze, eine solidarische Stadtgesellschaft und den Ausbau niedrigschwelliger Unterst\u00fctzung k\u00f6nnen wir Ausgrenzung verhindern und allen Wiesbadener*innen ein w\u00fcrdevolles Leben erm\u00f6glichen. Armut, insbesondere Kinder- und Altersarmut, sowie Wohnungslosigkeit bedrohen den gesellschaftlichen Zusammenhalt und grenzen Menschen aus. In Zeiten knapper kommunaler Kassen m\u00fcssen Ressourcen zielgenau und bedarfsgerecht eingesetzt werden. Wir GR\u00dcNE wollen nachhaltige, krisenfeste Strukturen schaffen, die sich am Optimum orientieren und die Bed\u00fcrfnisse der Menschen in den Mittelpunkt stellen. Dabei ber\u00fccksichtigen wir, dass Gesellschaft und deren Bedarfe sich ver\u00e4ndern k\u00f6nnen.<\/span><\/p>\n<\/div><\/div><div class=\"w-separator size_medium\"><\/div><div class=\"w-btn-wrapper align_left\"><a class=\"w-btn us-btn-style_8 icon_atleft\" href=\"https:\/\/gruene-wiesbaden.de\/kommunalwahl\/#Kapitel2\"><i class=\"fas fa-chevron-circle-right\"><\/i><span class=\"w-btn-label\">Zur\u00fcck zur \u00dcbersicht<\/span><\/a><\/div><\/div><\/div><div class=\"wpb_column vc_column_container\"><div class=\"vc_column-inner\"><div class=\"w-image align_center\"><div class=\"w-image-h\"><img decoding=\"async\" width=\"2560\" height=\"1707\" src=\"https:\/\/gruene-wiesbaden.de\/wp-content\/uploads\/2025\/11\/2.11-Soziale-Teilhabe-und-Unterstuetzung-fuer-Menschen-in-Notlagen-scaled.jpg\" class=\"attachment-full size-full\" alt=\"\" loading=\"lazy\" srcset=\"https:\/\/gruene-wiesbaden.de\/wp-content\/uploads\/2025\/11\/2.11-Soziale-Teilhabe-und-Unterstuetzung-fuer-Menschen-in-Notlagen-scaled.jpg 2560w, https:\/\/gruene-wiesbaden.de\/wp-content\/uploads\/2025\/11\/2.11-Soziale-Teilhabe-und-Unterstuetzung-fuer-Menschen-in-Notlagen-400x267.jpg 400w, https:\/\/gruene-wiesbaden.de\/wp-content\/uploads\/2025\/11\/2.11-Soziale-Teilhabe-und-Unterstuetzung-fuer-Menschen-in-Notlagen-600x400.jpg 600w\" sizes=\"auto, (max-width: 2560px) 100vw, 2560px\" \/><\/div><\/div><div class=\"w-separator size_small\"><\/div><\/div><\/div><\/div><div class=\"w-separator size_medium\"><\/div><div class=\"w-separator size_medium\"><\/div><div class=\"wpb_text_column\"><div class=\"wpb_wrapper\"><h1>Was soziale Teilhabe und Unterst\u00fctzung f\u00fcr Menschen in Notlagen f\u00fcr uns bedeutet<\/h1>\n<\/div><\/div><div class=\"w-separator size_large\"><\/div><div class=\"g-cols wpb_row via_grid cols_3 laptops-cols_inherit tablets-cols_inherit mobiles-cols_1 valign_top type_default stacking_default\" style=\"--columns-gap:3rem;\"><div class=\"wpb_column vc_column_container\"><div class=\"vc_column-inner\"><div class=\"w-iconbox us_custom_8b3d6790 has_text_color iconpos_left style_default color_custom align_left\"><div class=\"w-iconbox-icon\" style=\"font-size:2rem;--icon-color:#Ffffff;--icon-bg-color:var(--color-header-middle-bg);\"><i class=\"fas fa-layer-group\"><\/i><\/div><div class=\"w-iconbox-meta\"><h4 class=\"w-iconbox-title\" style=\"font-size:1.5rem;\">Pr\u00e4ventive Ans\u00e4tze<\/h4><div class=\"w-iconbox-text\"><p><span style=\"font-weight: 400;\">Wir verhindern Armut fr\u00fchzeitig durch integrierte kommunale Strategien und bedarfsgerechte Unterst\u00fctzung f\u00fcr alle B\u00fcrger*innen.<\/span><\/p>\n<\/div><\/div><\/div><\/div><\/div><div class=\"wpb_column vc_column_container\"><div class=\"vc_column-inner\"><div class=\"w-iconbox us_custom_8b3d6790 has_text_color iconpos_left style_default color_custom align_left\"><div class=\"w-iconbox-icon\" style=\"font-size:2rem;--icon-color:#Ffffff;--icon-bg-color:var(--color-header-transparent-text);\"><i class=\"fas fa-layer-group\"><\/i><\/div><div class=\"w-iconbox-meta\"><h4 class=\"w-iconbox-title\" style=\"font-size:1.5rem;\">Bezirkssozialarbeit vor Ort<\/h4><div class=\"w-iconbox-text\"><p><span style=\"font-weight: 400;\">Wir stellen personell gut ausgestattete Sozialarbeit f\u00fcr Krisenhilfe und pr\u00e4ventive Unterst\u00fctzung vor Ort bereit.<\/span><\/p>\n<\/div><\/div><\/div><\/div><\/div><div class=\"wpb_column vc_column_container\"><div class=\"vc_column-inner\"><div class=\"w-iconbox us_custom_8b3d6790 has_text_color iconpos_left style_default color_custom align_left\"><div class=\"w-iconbox-icon\" style=\"font-size:2rem;--icon-color:#Ffffff;--icon-bg-color:var(--color-header-transparent-text);\"><i class=\"fas fa-layer-group\"><\/i><\/div><div class=\"w-iconbox-meta\"><h4 class=\"w-iconbox-title\" style=\"font-size:1.5rem;\">Gleichberechtigte Teilhabe<\/h4><div class=\"w-iconbox-text\"><p><span style=\"font-weight: 400;\">Alle Menschen sollen unabh\u00e4ngig vom Einkommen am sozialen und kulturellen Leben teilhaben k\u00f6nnen.<\/span><\/p>\n<\/div><\/div><\/div><\/div><\/div><\/div><div class=\"w-separator size_medium\"><\/div><div class=\"g-cols wpb_row via_grid cols_3 laptops-cols_inherit tablets-cols_inherit mobiles-cols_1 valign_top type_default stacking_default\" style=\"--columns-gap:3rem;\"><div class=\"wpb_column vc_column_container\"><div class=\"vc_column-inner\"><div class=\"w-iconbox us_custom_8b3d6790 has_text_color iconpos_left style_default color_custom align_left\"><div class=\"w-iconbox-icon\" style=\"font-size:2rem;--icon-color:#Ffffff;--icon-bg-color:var(--color-header-middle-bg);\"><i class=\"fas fa-layer-group\"><\/i><\/div><div class=\"w-iconbox-meta\"><h4 class=\"w-iconbox-title\" style=\"font-size:1.5rem;\">Vulnerable Gruppen im Blick haben<\/h4><div class=\"w-iconbox-text\"><p><span style=\"font-weight: 400;\">Wir bieten besondere Unterst\u00fctzung f\u00fcr wohnungslose Menschen, Sozialhilfebed\u00fcrftige und Bewohner*innen von Alten- und Pflegeheimen.<\/span><\/p>\n<\/div><\/div><\/div><\/div><\/div><div class=\"wpb_column vc_column_container\"><div class=\"vc_column-inner\"><div class=\"w-iconbox us_custom_8b3d6790 has_text_color iconpos_left style_default color_custom align_left\"><div class=\"w-iconbox-icon\" style=\"font-size:2rem;--icon-color:#Ffffff;--icon-bg-color:var(--color-header-transparent-text);\"><i class=\"fas fa-layer-group\"><\/i><\/div><div class=\"w-iconbox-meta\"><h4 class=\"w-iconbox-title\" style=\"font-size:1.5rem;\">\u00d6ffentliche R\u00e4ume f\u00fcr alle<\/h4><div class=\"w-iconbox-text\"><p><span style=\"font-weight: 400;\">Wir f\u00f6rdern quartiersbezogene Ans\u00e4tze und schaffen konsumfreie \u00f6ffentliche R\u00e4ume f\u00fcr alle B\u00fcrger*innen.<\/span><\/p>\n<\/div><\/div><\/div><\/div><\/div><div class=\"wpb_column vc_column_container\"><div class=\"vc_column-inner\"><div class=\"w-iconbox us_custom_8b3d6790 has_text_color iconpos_left style_default color_custom align_left\"><div class=\"w-iconbox-icon\" style=\"font-size:2rem;--icon-color:#Ffffff;--icon-bg-color:var(--color-header-transparent-text);\"><i class=\"fas fa-layer-group\"><\/i><\/div><div class=\"w-iconbox-meta\"><h4 class=\"w-iconbox-title\" style=\"font-size:1.5rem;\">Niedrigschwellige Zug\u00e4nge<\/h4><div class=\"w-iconbox-text\"><p><span style=\"font-weight: 400;\">Auch beste Angebote wirken nicht, wenn Menschen sie nicht finden k\u00f6nnen oder die Inanspruchnahme erschwert wird.<\/span><\/p>\n<\/div><\/div><\/div><\/div><\/div><\/div><div class=\"w-separator size_medium\"><\/div><div class=\"w-btn-wrapper align_left\"><a class=\"w-btn us-btn-style_8 icon_atleft\" href=\"https:\/\/gruene-wiesbaden.de\/kommunalwahl\/#Kapitel2\"><i class=\"fas fa-chevron-circle-right\"><\/i><span class=\"w-btn-label\">Zur\u00fcck zur \u00dcbersicht<\/span><\/a><\/div><div class=\"w-separator size_medium\"><\/div><\/div><\/div><\/div><\/div><\/section><section class=\"l-section wpb_row height_auto with_img\"><div class=\"l-section-img\" role=\"img\" data-img-width=\"2560\" data-img-height=\"1707\" style=\"background-image: url(https:\/\/gruene-wiesbaden.de\/wp-content\/uploads\/2025\/11\/2.11-Soziale-Teilhabe-und-Unterstuetzung-fuer-Menschen-in-Notlagen-scaled.jpg);background-repeat: no-repeat;\"><\/div><div class=\"l-section-overlay\" style=\"background:var(--color-header-top-transparent-bg)\"><\/div><div class=\"l-section-h i-cf\"><div class=\"g-cols vc_row via_grid cols_1 laptops-cols_inherit tablets-cols_inherit mobiles-cols_1 valign_middle type_default stacking_default\" style=\"--columns-gap:1rem;\"><div class=\"wpb_column vc_column_container\"><div class=\"vc_column-inner\"><div class=\"w-separator size_large\"><\/div><div class=\"wpb_text_column background_inside_text\"><div class=\"wpb_wrapper\"><h1>Was wir konkret in diesem Bereich tun wollen<\/h1>\n<\/div><\/div><div class=\"w-separator size_medium\"><\/div><div class=\"w-tabs us_custom_42d693a0 has_text_color style_default switch_click accordion has_scrolling\" style=\"--sections-title-size:1.4rem\"><div class=\"w-tabs-sections titles-align_none icon_chevron cpos_right\"><div class=\"w-tabs-section has_text_color\" id=\"ld92\" style=\"background:var(--color-header-transparent-text);color:var(--color-header-top-text-hover);\"><button class=\"w-tabs-section-header\" aria-controls=\"content-ld92\" aria-expanded=\"false\"><div class=\"w-tabs-section-title\">Sozialberatungsstellen fl\u00e4chendeckend ausbauen<\/div><div class=\"w-tabs-section-control\"><\/div><\/button><div  class=\"w-tabs-section-content\" id=\"content-ld92\"><div class=\"w-tabs-section-content-h i-cf\"><div class=\"wpb_text_column\"><div class=\"wpb_wrapper\"><p><span style=\"font-weight: 400;\">Wir wollen unb\u00fcrokratische Sozialberatungsstellen in allen Stadtteilen schaffen, die Menschen dabei helfen, ihre sozialen Anspr\u00fcche wahrzunehmen und Unterst\u00fctzung in schwierigen Lebenslagen zu erhalten. Diese kommunalen oder \u00fcber Vereine organisierten Stellen vermitteln den Zugang zu staatlichen Leistungen wie B\u00fcrgergeld und Wohngeld.<\/span><\/p>\n<\/div><\/div><\/div><\/div><\/div><div class=\"w-tabs-section has_text_color\" id=\"jeb8\" style=\"background:var(--color-header-transparent-text);color:var(--color-header-top-text-hover);\"><button class=\"w-tabs-section-header\" aria-controls=\"content-jeb8\" aria-expanded=\"false\"><div class=\"w-tabs-section-title\">Konsumfreie \u00f6ffentliche R\u00e4ume f\u00f6rdern<\/div><div class=\"w-tabs-section-control\"><\/div><\/button><div  class=\"w-tabs-section-content\" id=\"content-jeb8\"><div class=\"w-tabs-section-content-h i-cf\"><div class=\"wpb_text_column\"><div class=\"wpb_wrapper\"><p><span style=\"font-weight: 400;\">Wir wollen Pl\u00e4tze mit Infrastruktur wie B\u00e4nken, Trinkwasser, Toiletten und Spielm\u00f6glichkeiten sowie mehr Bibliotheken, Jugend- und Stadtteiltreffs schaffen. Ziel ist die Teilhabe f\u00fcr Menschen aus jedem sozio\u00f6konomischen Status und das Zusammenbringen aller gesellschaftlichen Gruppen.<\/span><\/p>\n<\/div><\/div><\/div><\/div><\/div><div class=\"w-tabs-section has_text_color\" id=\"rfce\" style=\"background:var(--color-header-transparent-text);color:var(--color-header-top-text-hover);\"><button class=\"w-tabs-section-header\" aria-controls=\"content-rfce\" aria-expanded=\"false\"><div class=\"w-tabs-section-title\">Wiesbadener B\u00fcrger*innenkarte einf\u00fchren<\/div><div class=\"w-tabs-section-control\"><\/div><\/button><div  class=\"w-tabs-section-content\" id=\"content-rfce\"><div class=\"w-tabs-section-content-h i-cf\"><div class=\"wpb_text_column\"><div class=\"wpb_wrapper\"><p><span style=\"font-weight: 400;\">Wir wollen eine diskriminierungsfreie digitale B\u00fcrger*innenkarte einf\u00fchren, die nicht nur Sozialleistungen umfasst, sondern auch Ehrenamtskarte und Bibliotheksausweis. Dies vereinfacht den Zugang zu st\u00e4dtischen Leistungen und reduziert Stigmatisierung.<\/span><\/p>\n<\/div><\/div><\/div><\/div><\/div><div class=\"w-tabs-section has_text_color\" id=\"t0e4\" style=\"background:var(--color-header-middle-bg);color:var(--color-content-heading);\"><button class=\"w-tabs-section-header\" aria-controls=\"content-t0e4\" aria-expanded=\"false\"><div class=\"w-tabs-section-title\">Kinderarmut systematisch bek\u00e4mpfen<\/div><div class=\"w-tabs-section-control\"><\/div><\/button><div  class=\"w-tabs-section-content\" id=\"content-t0e4\"><div class=\"w-tabs-section-content-h i-cf\"><div class=\"wpb_text_column\"><div class=\"wpb_wrapper\"><p><span style=\"font-weight: 400;\">Wir setzen uns f\u00fcr die Entwicklung einer ressort\u00fcbergreifenden Pr\u00e4ventionsstrategie mit Vernetzung aller Bereiche, die Kinder und Familien ber\u00fchren, ein. Das Bildungs- und Teilhabepaket soll ausgebaut und zus\u00e4tzliche Kosten\u00fcbernahme f\u00fcr bedarfsorientierte Nachhilfe erm\u00f6glicht werden.<\/span><\/p>\n<\/div><\/div><\/div><\/div><\/div><div class=\"w-tabs-section has_text_color\" id=\"h202\" style=\"background:var(--color-header-transparent-text);color:var(--color-header-top-text-hover);\"><button class=\"w-tabs-section-header\" aria-controls=\"content-h202\" aria-expanded=\"false\"><div class=\"w-tabs-section-title\">Partizipation st\u00e4rken<\/div><div class=\"w-tabs-section-control\"><\/div><\/button><div  class=\"w-tabs-section-content\" id=\"content-h202\"><div class=\"w-tabs-section-content-h i-cf\"><div class=\"wpb_text_column\"><div class=\"wpb_wrapper\"><p><span style=\"font-weight: 400;\">Wir wollen ein Pilotprojekt zum B\u00fcrger*innenrat starten. Dieser kann bei stadtweit relevanten Themen einberufen werden. Die Teilnahme ist allen Wiesbadener*innen m\u00f6glich. Zudem entwickeln wir einen Partizipations-Index zur gezielten F\u00f6rderung gesellschaftlicher Teilhabe. Dabei achten wir darauf, dass marginalisierte Gruppen einbezogen werden.<\/span><\/p>\n<\/div><\/div><\/div><\/div><\/div><div class=\"w-tabs-section has_text_color\" id=\"j31b\" style=\"background:var(--color-header-middle-bg);color:var(--color-header-middle-text);\"><button class=\"w-tabs-section-header\" aria-controls=\"content-j31b\" aria-expanded=\"false\"><div class=\"w-tabs-section-title\">Tafelstrukturen aufrechterhalten<\/div><div class=\"w-tabs-section-control\"><\/div><\/button><div  class=\"w-tabs-section-content\" id=\"content-j31b\"><div class=\"w-tabs-section-content-h i-cf\"><div class=\"wpb_text_column\"><div class=\"wpb_wrapper\"><p><span style=\"font-weight: 400;\">Wir wollen Tafelstrukturen und Sozialkaufh\u00e4user als \u00dcbergangshilfen sichern, solange sie notwendig sind. Unser Ziel bleibt es, dass es Tafeln nicht mehr geben muss.<\/span><\/p>\n<\/div><\/div><\/div><\/div><\/div><div class=\"w-tabs-section has_text_color\" id=\"x42f\" style=\"background:var(--color-header-transparent-text);color:var(--color-header-top-text-hover);\"><button class=\"w-tabs-section-header\" aria-controls=\"content-x42f\" aria-expanded=\"false\"><div class=\"w-tabs-section-title\">Humanit\u00e4re Sprechstunden st\u00e4rken<\/div><div class=\"w-tabs-section-control\"><\/div><\/button><div  class=\"w-tabs-section-content\" id=\"content-x42f\"><div class=\"w-tabs-section-content-h i-cf\"><div class=\"wpb_text_column\"><div class=\"wpb_wrapper\"><p><span style=\"font-weight: 400;\">Wir wollen die medizinische Grundversorgung f\u00fcr wohnsitzlose Menschen \u00fcber den Gesundheitskostenfonds f\u00f6rdern und treiben den Ausbau psychosozialer Beratungsstrukturen f\u00fcr Menschen in Krisensituationen aus.<\/span><\/p>\n<\/div><\/div><\/div><\/div><\/div><div class=\"w-tabs-section has_text_color\" id=\"j542\" style=\"background:var(--color-header-transparent-text);color:var(--color-header-top-text-hover);\"><button class=\"w-tabs-section-header\" aria-controls=\"content-j542\" aria-expanded=\"false\"><div class=\"w-tabs-section-title\">Quartiersbezogene Gesundheitsprojekte f\u00f6rdern<\/div><div class=\"w-tabs-section-control\"><\/div><\/button><div  class=\"w-tabs-section-content\" id=\"content-j542\"><div class=\"w-tabs-section-content-h i-cf\"><div class=\"wpb_text_column\"><div class=\"wpb_wrapper\"><p><span style=\"font-weight: 400;\">Wir stellen Eigeninitiativen der Bewohner*innen auf eine sichere finanzielle Grundlage und setzen uns f\u00fcr eine bessere Koordination von freiwilligem Engagement in der Gefl\u00fcchteten- und Integrationsarbeit ein.<\/span><\/p>\n<\/div><\/div><\/div><\/div><\/div><div class=\"w-tabs-section has_text_color\" id=\"p665\" style=\"background:var(--color-header-transparent-text);color:var(--color-header-top-text-hover);\"><button class=\"w-tabs-section-header\" aria-controls=\"content-p665\" aria-expanded=\"false\"><div class=\"w-tabs-section-title\">Housing First-Ansatz gegen Obdachlosigkeit<\/div><div class=\"w-tabs-section-control\"><\/div><\/button><div  class=\"w-tabs-section-content\" id=\"content-p665\"><div class=\"w-tabs-section-content-h i-cf\"><div class=\"wpb_text_column\"><div class=\"wpb_wrapper\"><p><span style=\"font-weight: 400;\">Wir wollen, dass die Stadtverwaltung Menschen so unterst\u00fctzt, dass sie nicht in Obdachlosigkeit geraten. Obdachlosigkeit wollen wir mit dem Housing First-Ansatz \u00fcberwinden. Wenn das nicht m\u00f6glich oder von den Betroffenen nicht gew\u00fcnscht ist, sollen ausreichend Schlafpl\u00e4tze und medizinische sowie psychologische und psychiatrische Versorgung vorgehalten werden.<\/span><\/p>\n<\/div><\/div><\/div><\/div><\/div><div class=\"w-tabs-section has_text_color\" id=\"h77a\" style=\"background:var(--color-header-transparent-text);color:var(--color-header-top-text-hover);\"><button class=\"w-tabs-section-header\" aria-controls=\"content-h77a\" aria-expanded=\"false\"><div class=\"w-tabs-section-title\">Schutzwohnungen f\u00fcr Personen in der Zwangsprostitution<\/div><div class=\"w-tabs-section-control\"><\/div><\/button><div  class=\"w-tabs-section-content\" id=\"content-h77a\"><div class=\"w-tabs-section-content-h i-cf\"><div class=\"wpb_text_column\"><div class=\"wpb_wrapper\"><p><span style=\"font-weight: 400;\">Zwangsprostitution ist ein Menschenrechtsverbrechen. Deswegen sollen Schutzwohnungen eingerichtet werden, um Personen aus der Zwangsprostitution aufzunehmen und ihnen einen sch\u00fctzenden Ort zu geben.<\/span><\/p>\n<\/div><\/div><\/div><\/div><\/div><\/div><\/div><div class=\"w-separator size_medium\"><\/div><div class=\"w-btn-wrapper align_left\"><a class=\"w-btn us-btn-style_8 icon_atleft\" href=\"https:\/\/gruene-wiesbaden.de\/kommunalwahl\/#Kapitel2\"><i class=\"fas fa-chevron-circle-right\"><\/i><span class=\"w-btn-label\">Zur\u00fcck zur \u00dcbersicht<\/span><\/a><\/div><div class=\"w-separator size_large\"><\/div><div class=\"wpb_text_column\"><div class=\"wpb_wrapper\"><h1>Was wir bereits erreicht haben<\/h1>\n<\/div><\/div><div class=\"w-separator size_medium\"><\/div><div class=\"w-tabs us_custom_42d693a0 has_text_color style_default switch_click accordion has_scrolling\" style=\"--sections-title-size:1.4rem\"><div class=\"w-tabs-sections titles-align_none icon_chevron cpos_right\"><div class=\"w-tabs-section has_text_color\" id=\"ob8f\" style=\"background:var(--color-header-transparent-text);color:var(--color-header-top-text-hover);\"><button class=\"w-tabs-section-header\" aria-controls=\"content-ob8f\" aria-expanded=\"false\"><div class=\"w-tabs-section-title\">Quartiersh\u00e4user f\u00fcr ein selbstbestimmtes Leben im Alter<\/div><div class=\"w-tabs-section-control\"><\/div><\/button><div  class=\"w-tabs-section-content\" id=\"content-ob8f\"><div class=\"w-tabs-section-content-h i-cf\"><div class=\"wpb_text_column\"><div class=\"wpb_wrapper\"><p><span style=\"font-weight: 400;\">Mit dem 2023 gestarteten Projekt Quartiersh\u00e4user Wiesbaden wurden neue R\u00e4ume f\u00fcr Begegnung, Teilhabe und selbstbestimmtes Wohnen im Alter geschaffen. Nach dem Vorbild des \u201eBielefelder Modells\u201c verbinden Quartiersh\u00e4user barrierefreies Wohnen mit sozialer Infrastruktur \u2013 Begegnungsr\u00e4umen, Beratung und Nachbarschaftshilfe. Sie f\u00f6rdern Zusammenhalt im Stadtteil und verhindern Einsamkeit. Dies st\u00e4rkt generationen\u00fcbergreifendes Miteinander, soziale Teilhabe und die M\u00f6glichkeit, auch im hohen Alter selbstbestimmt in vertrauter Umgebung zu leben.<\/span><\/p>\n<\/div><\/div><\/div><\/div><\/div><div class=\"w-tabs-section has_text_color\" id=\"vcbc\" style=\"background:var(--color-header-transparent-text);color:var(--color-header-top-text-hover);\"><button class=\"w-tabs-section-header\" aria-controls=\"content-vcbc\" aria-expanded=\"false\"><div class=\"w-tabs-section-title\">Koordinierte Hilfe f\u00fcr wohnungslose Menschen<\/div><div class=\"w-tabs-section-control\"><\/div><\/button><div  class=\"w-tabs-section-content\" id=\"content-vcbc\"><div class=\"w-tabs-section-content-h i-cf\"><div class=\"wpb_text_column\"><div class=\"wpb_wrapper\"><p><span style=\"font-weight: 400;\">Wir GR\u00dcNE haben uns f\u00fcr die Systematisierung\u00a0 der Versorgung wohnungsloser Menschen in Wiesbaden eingesetzt: Die Arbeitsgemeinschaft <\/span><i><span style=\"font-weight: 400;\">#wohin <\/span><\/i><span style=\"font-weight: 400;\">verbindet Sozialleistungs- und Jobcenter, Stadtpolizei, Gesundheits- und Suchthilfe, Caritas, Diakonie und Ehrenamtliche unter einer Koordinierungsstelle, um obdachlosen Menschen im \u00f6ffentlichen Raum zu helfen. Die Stadt betreibt 22 Notunterk\u00fcnfte mit \u00fcber 400 Pl\u00e4tzen, erprobt Housing-First mit Containerd\u00f6rfern am Freudenberg und hat die aufsuchende Sozialarbeit von zwei auf elf Stellen sowie die Stra\u00dfensozialarbeit in Abend- und Nachtstunden ausgeweitet. Durch aufsuchende Stra\u00dfensozialarbeit werden Betroffene direkt angesprochen, beraten und Perspektiven zur Beendigung von Wohnungslosigkeit entwickelt. Ma\u00dfnahmen wie Krisenintervention und Lebenslagenverbesserung stehen im Mittelpunkt.<\/span><\/p>\n<\/div><\/div><\/div><\/div><\/div><div class=\"w-tabs-section has_text_color\" id=\"fdd6\" style=\"background:var(--color-header-transparent-text);color:var(--color-header-top-text-hover);\"><button class=\"w-tabs-section-header\" aria-controls=\"content-fdd6\" aria-expanded=\"false\"><div class=\"w-tabs-section-title\">Wiesbadener Modell I und II &#8211; Kommunale Strategien zur Prostitution<\/div><div class=\"w-tabs-section-control\"><\/div><\/button><div  class=\"w-tabs-section-content\" id=\"content-fdd6\"><div class=\"w-tabs-section-content-h i-cf\"><div class=\"wpb_text_column\"><div class=\"wpb_wrapper\"><p><span style=\"font-weight: 400;\">Wir haben eine Traumatherapeutin eingestellt, die aufsuchende Sozialarbeit im Bereich der Prostitution durchf\u00fchrt und Ausstiegshilfen anbietet. Das Frauenreferat geht seit dieser Legislatur auch erfolgreich gegen illegale Prostitution in Ferienwohnungen und Hotels vor. Das Wiesbadener Modell ist Best Practice f\u00fcr andere Kommunen.<\/span><\/p>\n<\/div><\/div><\/div><\/div><\/div><div class=\"w-tabs-section has_text_color\" id=\"yeee\" style=\"background:var(--color-header-middle-bg);color:var(--color-content-heading);\"><button class=\"w-tabs-section-header\" aria-controls=\"content-yeee\" aria-expanded=\"false\"><div class=\"w-tabs-section-title\">Gest\u00e4rkte Bezirkssozialarbeit<\/div><div class=\"w-tabs-section-control\"><\/div><\/button><div  class=\"w-tabs-section-content\" id=\"content-yeee\"><div class=\"w-tabs-section-content-h i-cf\"><div class=\"wpb_text_column\"><div class=\"wpb_wrapper\"><p><span style=\"font-weight: 400;\">Die Bezirkssozialarbeit in Wiesbaden wurde ausgebaut und die soziale Beratung in den Stadtteilen gest\u00e4rkt. Menschen in schwierigen Lebenslagen erhalten wohnortnah Unterst\u00fctzung \u2013 von pr\u00e4ventiver Hilfe bis zur Krisenintervention. Durch mobile Teams und feste Ansprechpersonen in den Quartieren wird soziale Teilhabe gef\u00f6rdert, Isolation vorgebeugt und der Zugang zu Leistungen erleichtert. So wird fr\u00fchzeitig geholfen, bevor Probleme eskalieren und die soziale Infrastruktur in Wiesbaden wird nachhaltig gest\u00e4rkt.<\/span><\/p>\n<\/div><\/div><\/div><\/div><\/div><\/div><\/div><div class=\"w-separator size_medium\"><\/div><div class=\"w-btn-wrapper align_left\"><a class=\"w-btn us-btn-style_8 icon_atleft\" href=\"https:\/\/gruene-wiesbaden.de\/kommunalwahl\/#Kapitel2\"><i class=\"fas fa-chevron-circle-right\"><\/i><span class=\"w-btn-label\">Zur\u00fcck zur \u00dcbersicht<\/span><\/a><\/div><div class=\"w-separator size_large\"><\/div><\/div><\/div><\/div><\/div><\/section>\n","protected":false},"excerpt":{"rendered":"Soziale Teilhabe und Unterst\u00fctzung von Menschen in NotlagenSoziale Teilhabe ist ein Grundrecht, das allen Menschen in unserer Gesellschaft zusteht. Nur durch pr\u00e4ventive Ans\u00e4tze, eine solidarische Stadtgesellschaft und den Ausbau niedrigschwelliger Unterst\u00fctzung k\u00f6nnen wir Ausgrenzung verhindern und allen Wiesbadener*innen ein w\u00fcrdevolles Leben erm\u00f6glichen. Armut, insbesondere Kinder- und Altersarmut, sowie Wohnungslosigkeit bedrohen den gesellschaftlichen Zusammenhalt und grenzen...","protected":false},"author":1,"featured_media":1494,"comment_status":"closed","ping_status":"closed","sticky":false,"template":"","format":"standard","meta":{"footnotes":""},"categories":[15],"tags":[],"class_list":["post-1372","post","type-post","status-publish","format-standard","has-post-thumbnail","hentry","category-kapitel-2"],"yoast_head":"<!-- This site is optimized with the Yoast SEO plugin v27.5 - https:\/\/yoast.com\/product\/yoast-seo-wordpress\/ -->\n<title>Soziale Teilhabe und Unterst\u00fctzung von Menschen in Notlagen - B\u00dcNDNIS 90\/DIE GR\u00dcNEN Wiesbaden<\/title>\n<meta name=\"robots\" content=\"index, follow, max-snippet:-1, max-image-preview:large, max-video-preview:-1\" \/>\n<link rel=\"canonical\" href=\"https:\/\/gruene-wiesbaden.de\/de\/soziale-teilhabe-und-unterstuetzung-von-menschen-in-notlagen\/\" \/>\n<meta property=\"og:locale\" content=\"de_DE\" \/>\n<meta property=\"og:type\" content=\"article\" \/>\n<meta property=\"og:title\" content=\"Soziale Teilhabe und Unterst\u00fctzung von Menschen in Notlagen - B\u00dcNDNIS 90\/DIE GR\u00dcNEN Wiesbaden\" \/>\n<meta property=\"og:url\" content=\"https:\/\/gruene-wiesbaden.de\/de\/soziale-teilhabe-und-unterstuetzung-von-menschen-in-notlagen\/\" \/>\n<meta property=\"og:site_name\" content=\"B\u00dcNDNIS 90\/DIE GR\u00dcNEN Wiesbaden\" \/>\n<meta property=\"article:publisher\" content=\"https:\/\/www.facebook.com\/gruene.wi\" \/>\n<meta property=\"article:published_time\" content=\"2025-11-09T22:21:37+00:00\" \/>\n<meta property=\"article:modified_time\" content=\"2026-04-09T08:46:37+00:00\" \/>\n<meta property=\"og:image\" content=\"https:\/\/gruene-wiesbaden.de\/wp-content\/uploads\/2025\/11\/2.11-Soziale-Teilhabe-und-Unterstuetzung-fuer-Menschen-in-Notlagen-scaled.jpg\" \/>\n\t<meta property=\"og:image:width\" content=\"2560\" \/>\n\t<meta property=\"og:image:height\" content=\"1707\" \/>\n\t<meta property=\"og:image:type\" content=\"image\/jpeg\" \/>\n<meta name=\"author\" content=\"admin\" \/>\n<meta name=\"twitter:card\" content=\"summary_large_image\" \/>\n<meta name=\"twitter:label1\" content=\"Verfasst von\" \/>\n\t<meta name=\"twitter:data1\" content=\"admin\" \/>\n\t<meta name=\"twitter:label2\" content=\"Gesch\u00e4tzte Lesezeit\" \/>\n\t<meta name=\"twitter:data2\" content=\"7\u00a0Minuten\" \/>\n<script type=\"application\/ld+json\" class=\"yoast-schema-graph\">{\"@context\":\"https:\\\/\\\/schema.org\",\"@graph\":[{\"@type\":\"Article\",\"@id\":\"https:\\\/\\\/gruene-wiesbaden.de\\\/soziale-teilhabe-und-unterstuetzung-von-menschen-in-notlagen\\\/#article\",\"isPartOf\":{\"@id\":\"https:\\\/\\\/gruene-wiesbaden.de\\\/soziale-teilhabe-und-unterstuetzung-von-menschen-in-notlagen\\\/\"},\"author\":{\"name\":\"admin\",\"@id\":\"https:\\\/\\\/gruene-wiesbaden.de\\\/#\\\/schema\\\/person\\\/6785c34779159cd4fd86886bb097afe9\"},\"headline\":\"Soziale Teilhabe und Unterst\u00fctzung von Menschen in Notlagen\",\"datePublished\":\"2025-11-09T22:21:37+00:00\",\"dateModified\":\"2026-04-09T08:46:37+00:00\",\"mainEntityOfPage\":{\"@id\":\"https:\\\/\\\/gruene-wiesbaden.de\\\/soziale-teilhabe-und-unterstuetzung-von-menschen-in-notlagen\\\/\"},\"wordCount\":2083,\"publisher\":{\"@id\":\"https:\\\/\\\/gruene-wiesbaden.de\\\/#organization\"},\"image\":{\"@id\":\"https:\\\/\\\/gruene-wiesbaden.de\\\/soziale-teilhabe-und-unterstuetzung-von-menschen-in-notlagen\\\/#primaryimage\"},\"thumbnailUrl\":\"https:\\\/\\\/gruene-wiesbaden.de\\\/wp-content\\\/uploads\\\/2025\\\/11\\\/2.11-Soziale-Teilhabe-und-Unterstuetzung-fuer-Menschen-in-Notlagen-scaled.jpg\",\"articleSection\":[\"Kapitel 2\"],\"inLanguage\":\"de\"},{\"@type\":\"WebPage\",\"@id\":\"https:\\\/\\\/gruene-wiesbaden.de\\\/soziale-teilhabe-und-unterstuetzung-von-menschen-in-notlagen\\\/\",\"url\":\"https:\\\/\\\/gruene-wiesbaden.de\\\/soziale-teilhabe-und-unterstuetzung-von-menschen-in-notlagen\\\/\",\"name\":\"Soziale Teilhabe und Unterst\u00fctzung von Menschen in Notlagen - B\u00dcNDNIS 90\\\/DIE GR\u00dcNEN Wiesbaden\",\"isPartOf\":{\"@id\":\"https:\\\/\\\/gruene-wiesbaden.de\\\/#website\"},\"primaryImageOfPage\":{\"@id\":\"https:\\\/\\\/gruene-wiesbaden.de\\\/soziale-teilhabe-und-unterstuetzung-von-menschen-in-notlagen\\\/#primaryimage\"},\"image\":{\"@id\":\"https:\\\/\\\/gruene-wiesbaden.de\\\/soziale-teilhabe-und-unterstuetzung-von-menschen-in-notlagen\\\/#primaryimage\"},\"thumbnailUrl\":\"https:\\\/\\\/gruene-wiesbaden.de\\\/wp-content\\\/uploads\\\/2025\\\/11\\\/2.11-Soziale-Teilhabe-und-Unterstuetzung-fuer-Menschen-in-Notlagen-scaled.jpg\",\"datePublished\":\"2025-11-09T22:21:37+00:00\",\"dateModified\":\"2026-04-09T08:46:37+00:00\",\"breadcrumb\":{\"@id\":\"https:\\\/\\\/gruene-wiesbaden.de\\\/soziale-teilhabe-und-unterstuetzung-von-menschen-in-notlagen\\\/#breadcrumb\"},\"inLanguage\":\"de\",\"potentialAction\":[{\"@type\":\"ReadAction\",\"target\":[\"https:\\\/\\\/gruene-wiesbaden.de\\\/soziale-teilhabe-und-unterstuetzung-von-menschen-in-notlagen\\\/\"]}]},{\"@type\":\"ImageObject\",\"inLanguage\":\"de\",\"@id\":\"https:\\\/\\\/gruene-wiesbaden.de\\\/soziale-teilhabe-und-unterstuetzung-von-menschen-in-notlagen\\\/#primaryimage\",\"url\":\"https:\\\/\\\/gruene-wiesbaden.de\\\/wp-content\\\/uploads\\\/2025\\\/11\\\/2.11-Soziale-Teilhabe-und-Unterstuetzung-fuer-Menschen-in-Notlagen-scaled.jpg\",\"contentUrl\":\"https:\\\/\\\/gruene-wiesbaden.de\\\/wp-content\\\/uploads\\\/2025\\\/11\\\/2.11-Soziale-Teilhabe-und-Unterstuetzung-fuer-Menschen-in-Notlagen-scaled.jpg\",\"width\":2560,\"height\":1707},{\"@type\":\"BreadcrumbList\",\"@id\":\"https:\\\/\\\/gruene-wiesbaden.de\\\/soziale-teilhabe-und-unterstuetzung-von-menschen-in-notlagen\\\/#breadcrumb\",\"itemListElement\":[{\"@type\":\"ListItem\",\"position\":1,\"name\":\"Startseite\",\"item\":\"https:\\\/\\\/gruene-wiesbaden.de\\\/\"},{\"@type\":\"ListItem\",\"position\":2,\"name\":\"Soziale Teilhabe und Unterst\u00fctzung von Menschen in Notlagen\"}]},{\"@type\":\"WebSite\",\"@id\":\"https:\\\/\\\/gruene-wiesbaden.de\\\/#website\",\"url\":\"https:\\\/\\\/gruene-wiesbaden.de\\\/\",\"name\":\"DIE GR\u00dcNEN Wiesbaden\",\"description\":\"\",\"publisher\":{\"@id\":\"https:\\\/\\\/gruene-wiesbaden.de\\\/#organization\"},\"potentialAction\":[{\"@type\":\"SearchAction\",\"target\":{\"@type\":\"EntryPoint\",\"urlTemplate\":\"https:\\\/\\\/gruene-wiesbaden.de\\\/?s={search_term_string}\"},\"query-input\":{\"@type\":\"PropertyValueSpecification\",\"valueRequired\":true,\"valueName\":\"search_term_string\"}}],\"inLanguage\":\"de\"},{\"@type\":\"Organization\",\"@id\":\"https:\\\/\\\/gruene-wiesbaden.de\\\/#organization\",\"name\":\"DIE GR\u00dcNEN Wiesbaden\",\"url\":\"https:\\\/\\\/gruene-wiesbaden.de\\\/\",\"logo\":{\"@type\":\"ImageObject\",\"inLanguage\":\"de\",\"@id\":\"https:\\\/\\\/gruene-wiesbaden.de\\\/#\\\/schema\\\/logo\\\/image\\\/\",\"url\":\"https:\\\/\\\/gruene-wiesbaden-fuer-europa.de\\\/wp-content\\\/uploads\\\/2024\\\/04\\\/Machen-was-zaehlt-5.png\",\"contentUrl\":\"https:\\\/\\\/gruene-wiesbaden-fuer-europa.de\\\/wp-content\\\/uploads\\\/2024\\\/04\\\/Machen-was-zaehlt-5.png\",\"width\":1772,\"height\":1772,\"caption\":\"DIE GR\u00dcNEN Wiesbaden\"},\"image\":{\"@id\":\"https:\\\/\\\/gruene-wiesbaden.de\\\/#\\\/schema\\\/logo\\\/image\\\/\"},\"sameAs\":[\"https:\\\/\\\/www.facebook.com\\\/gruene.wi\",\"https:\\\/\\\/instagram.com\\\/gruene_wi\"]},{\"@type\":\"Person\",\"@id\":\"https:\\\/\\\/gruene-wiesbaden.de\\\/#\\\/schema\\\/person\\\/6785c34779159cd4fd86886bb097afe9\",\"name\":\"admin\",\"sameAs\":[\"http:\\\/\\\/gruene-wiesbaden-fuer-europa.de\"],\"url\":\"https:\\\/\\\/gruene-wiesbaden.de\\\/de\\\/author\\\/admin\\\/\"}]}<\/script>\n<!-- \/ Yoast SEO plugin. -->","yoast_head_json":{"title":"Soziale Teilhabe und Unterst\u00fctzung von Menschen in Notlagen - B\u00dcNDNIS 90\/DIE GR\u00dcNEN Wiesbaden","robots":{"index":"index","follow":"follow","max-snippet":"max-snippet:-1","max-image-preview":"max-image-preview:large","max-video-preview":"max-video-preview:-1"},"canonical":"https:\/\/gruene-wiesbaden.de\/de\/soziale-teilhabe-und-unterstuetzung-von-menschen-in-notlagen\/","og_locale":"de_DE","og_type":"article","og_title":"Soziale Teilhabe und Unterst\u00fctzung von Menschen in Notlagen - B\u00dcNDNIS 90\/DIE GR\u00dcNEN Wiesbaden","og_url":"https:\/\/gruene-wiesbaden.de\/de\/soziale-teilhabe-und-unterstuetzung-von-menschen-in-notlagen\/","og_site_name":"B\u00dcNDNIS 90\/DIE GR\u00dcNEN Wiesbaden","article_publisher":"https:\/\/www.facebook.com\/gruene.wi","article_published_time":"2025-11-09T22:21:37+00:00","article_modified_time":"2026-04-09T08:46:37+00:00","og_image":[{"width":2560,"height":1707,"url":"https:\/\/gruene-wiesbaden.de\/wp-content\/uploads\/2025\/11\/2.11-Soziale-Teilhabe-und-Unterstuetzung-fuer-Menschen-in-Notlagen-scaled.jpg","type":"image\/jpeg"}],"author":"admin","twitter_card":"summary_large_image","twitter_misc":{"Verfasst von":"admin","Gesch\u00e4tzte Lesezeit":"7\u00a0Minuten"},"schema":{"@context":"https:\/\/schema.org","@graph":[{"@type":"Article","@id":"https:\/\/gruene-wiesbaden.de\/soziale-teilhabe-und-unterstuetzung-von-menschen-in-notlagen\/#article","isPartOf":{"@id":"https:\/\/gruene-wiesbaden.de\/soziale-teilhabe-und-unterstuetzung-von-menschen-in-notlagen\/"},"author":{"name":"admin","@id":"https:\/\/gruene-wiesbaden.de\/#\/schema\/person\/6785c34779159cd4fd86886bb097afe9"},"headline":"Soziale Teilhabe und Unterst\u00fctzung von Menschen in Notlagen","datePublished":"2025-11-09T22:21:37+00:00","dateModified":"2026-04-09T08:46:37+00:00","mainEntityOfPage":{"@id":"https:\/\/gruene-wiesbaden.de\/soziale-teilhabe-und-unterstuetzung-von-menschen-in-notlagen\/"},"wordCount":2083,"publisher":{"@id":"https:\/\/gruene-wiesbaden.de\/#organization"},"image":{"@id":"https:\/\/gruene-wiesbaden.de\/soziale-teilhabe-und-unterstuetzung-von-menschen-in-notlagen\/#primaryimage"},"thumbnailUrl":"https:\/\/gruene-wiesbaden.de\/wp-content\/uploads\/2025\/11\/2.11-Soziale-Teilhabe-und-Unterstuetzung-fuer-Menschen-in-Notlagen-scaled.jpg","articleSection":["Kapitel 2"],"inLanguage":"de"},{"@type":"WebPage","@id":"https:\/\/gruene-wiesbaden.de\/soziale-teilhabe-und-unterstuetzung-von-menschen-in-notlagen\/","url":"https:\/\/gruene-wiesbaden.de\/soziale-teilhabe-und-unterstuetzung-von-menschen-in-notlagen\/","name":"Soziale Teilhabe und Unterst\u00fctzung von Menschen in Notlagen - B\u00dcNDNIS 90\/DIE GR\u00dcNEN Wiesbaden","isPartOf":{"@id":"https:\/\/gruene-wiesbaden.de\/#website"},"primaryImageOfPage":{"@id":"https:\/\/gruene-wiesbaden.de\/soziale-teilhabe-und-unterstuetzung-von-menschen-in-notlagen\/#primaryimage"},"image":{"@id":"https:\/\/gruene-wiesbaden.de\/soziale-teilhabe-und-unterstuetzung-von-menschen-in-notlagen\/#primaryimage"},"thumbnailUrl":"https:\/\/gruene-wiesbaden.de\/wp-content\/uploads\/2025\/11\/2.11-Soziale-Teilhabe-und-Unterstuetzung-fuer-Menschen-in-Notlagen-scaled.jpg","datePublished":"2025-11-09T22:21:37+00:00","dateModified":"2026-04-09T08:46:37+00:00","breadcrumb":{"@id":"https:\/\/gruene-wiesbaden.de\/soziale-teilhabe-und-unterstuetzung-von-menschen-in-notlagen\/#breadcrumb"},"inLanguage":"de","potentialAction":[{"@type":"ReadAction","target":["https:\/\/gruene-wiesbaden.de\/soziale-teilhabe-und-unterstuetzung-von-menschen-in-notlagen\/"]}]},{"@type":"ImageObject","inLanguage":"de","@id":"https:\/\/gruene-wiesbaden.de\/soziale-teilhabe-und-unterstuetzung-von-menschen-in-notlagen\/#primaryimage","url":"https:\/\/gruene-wiesbaden.de\/wp-content\/uploads\/2025\/11\/2.11-Soziale-Teilhabe-und-Unterstuetzung-fuer-Menschen-in-Notlagen-scaled.jpg","contentUrl":"https:\/\/gruene-wiesbaden.de\/wp-content\/uploads\/2025\/11\/2.11-Soziale-Teilhabe-und-Unterstuetzung-fuer-Menschen-in-Notlagen-scaled.jpg","width":2560,"height":1707},{"@type":"BreadcrumbList","@id":"https:\/\/gruene-wiesbaden.de\/soziale-teilhabe-und-unterstuetzung-von-menschen-in-notlagen\/#breadcrumb","itemListElement":[{"@type":"ListItem","position":1,"name":"Startseite","item":"https:\/\/gruene-wiesbaden.de\/"},{"@type":"ListItem","position":2,"name":"Soziale Teilhabe und Unterst\u00fctzung von Menschen in Notlagen"}]},{"@type":"WebSite","@id":"https:\/\/gruene-wiesbaden.de\/#website","url":"https:\/\/gruene-wiesbaden.de\/","name":"DIE GR\u00dcNEN Wiesbaden","description":"","publisher":{"@id":"https:\/\/gruene-wiesbaden.de\/#organization"},"potentialAction":[{"@type":"SearchAction","target":{"@type":"EntryPoint","urlTemplate":"https:\/\/gruene-wiesbaden.de\/?s={search_term_string}"},"query-input":{"@type":"PropertyValueSpecification","valueRequired":true,"valueName":"search_term_string"}}],"inLanguage":"de"},{"@type":"Organization","@id":"https:\/\/gruene-wiesbaden.de\/#organization","name":"DIE GR\u00dcNEN Wiesbaden","url":"https:\/\/gruene-wiesbaden.de\/","logo":{"@type":"ImageObject","inLanguage":"de","@id":"https:\/\/gruene-wiesbaden.de\/#\/schema\/logo\/image\/","url":"https:\/\/gruene-wiesbaden-fuer-europa.de\/wp-content\/uploads\/2024\/04\/Machen-was-zaehlt-5.png","contentUrl":"https:\/\/gruene-wiesbaden-fuer-europa.de\/wp-content\/uploads\/2024\/04\/Machen-was-zaehlt-5.png","width":1772,"height":1772,"caption":"DIE GR\u00dcNEN Wiesbaden"},"image":{"@id":"https:\/\/gruene-wiesbaden.de\/#\/schema\/logo\/image\/"},"sameAs":["https:\/\/www.facebook.com\/gruene.wi","https:\/\/instagram.com\/gruene_wi"]},{"@type":"Person","@id":"https:\/\/gruene-wiesbaden.de\/#\/schema\/person\/6785c34779159cd4fd86886bb097afe9","name":"admin","sameAs":["http:\/\/gruene-wiesbaden-fuer-europa.de"],"url":"https:\/\/gruene-wiesbaden.de\/de\/author\/admin\/"}]}},"_links":{"self":[{"href":"https:\/\/gruene-wiesbaden.de\/de\/wp-json\/wp\/v2\/posts\/1372","targetHints":{"allow":["GET"]}}],"collection":[{"href":"https:\/\/gruene-wiesbaden.de\/de\/wp-json\/wp\/v2\/posts"}],"about":[{"href":"https:\/\/gruene-wiesbaden.de\/de\/wp-json\/wp\/v2\/types\/post"}],"author":[{"embeddable":true,"href":"https:\/\/gruene-wiesbaden.de\/de\/wp-json\/wp\/v2\/users\/1"}],"replies":[{"embeddable":true,"href":"https:\/\/gruene-wiesbaden.de\/de\/wp-json\/wp\/v2\/comments?post=1372"}],"version-history":[{"count":7,"href":"https:\/\/gruene-wiesbaden.de\/de\/wp-json\/wp\/v2\/posts\/1372\/revisions"}],"predecessor-version":[{"id":2399,"href":"https:\/\/gruene-wiesbaden.de\/de\/wp-json\/wp\/v2\/posts\/1372\/revisions\/2399"}],"wp:featuredmedia":[{"embeddable":true,"href":"https:\/\/gruene-wiesbaden.de\/de\/wp-json\/wp\/v2\/media\/1494"}],"wp:attachment":[{"href":"https:\/\/gruene-wiesbaden.de\/de\/wp-json\/wp\/v2\/media?parent=1372"}],"wp:term":[{"taxonomy":"category","embeddable":true,"href":"https:\/\/gruene-wiesbaden.de\/de\/wp-json\/wp\/v2\/categories?post=1372"},{"taxonomy":"post_tag","embeddable":true,"href":"https:\/\/gruene-wiesbaden.de\/de\/wp-json\/wp\/v2\/tags?post=1372"}],"curies":[{"name":"wp","href":"https:\/\/api.w.org\/{rel}","templated":true}]}}