{"id":1368,"date":"2025-11-10T00:19:38","date_gmt":"2025-11-09T22:19:38","guid":{"rendered":"https:\/\/gruene-wiesbaden.de\/?p=1368"},"modified":"2026-04-09T10:41:07","modified_gmt":"2026-04-09T08:41:07","slug":"jugend-auszubildende-und-studierende","status":"publish","type":"post","link":"https:\/\/gruene-wiesbaden.de\/de\/jugend-auszubildende-und-studierende\/","title":{"rendered":"Jugend, Auszubildende und Studierende"},"content":{"rendered":"<section class=\"l-section wpb_row height_medium with_img\"><div class=\"l-section-img\" role=\"img\" data-img-width=\"1080\" data-img-height=\"800\" style=\"background-image: url(https:\/\/gruene-wiesbaden.de\/wp-content\/uploads\/2025\/11\/neuer-Verlauf-gruene-wiesbaden.de_-2-e1762709402177.png);\"><\/div><div class=\"l-section-overlay\" style=\"background:var(--color-header-top-transparent-bg)\"><\/div><div class=\"l-section-h i-cf\"><div class=\"g-cols vc_row via_grid cols_1 laptops-cols_inherit tablets-cols_inherit mobiles-cols_1 valign_top type_default stacking_default\"><div class=\"wpb_column vc_column_container\"><div class=\"vc_column-inner\"><h1 class=\"w-post-elm post_title us_custom_a574d586 has_text_color entry-title\">Jugend, Auszubildende und Studierende<\/h1><div class=\"w-separator size_medium\"><\/div><div class=\"g-cols wpb_row via_grid cols_2-1 laptops-cols_inherit tablets-cols_inherit mobiles-cols_1 valign_top type_default stacking_default\" style=\"--columns-gap:3rem;\"><div class=\"wpb_column vc_column_container\"><div class=\"vc_column-inner\"><div class=\"wpb_text_column us_custom_8b3d6790 has_text_color\"><div class=\"wpb_wrapper\"><p><span style=\"font-weight: 400;\">Jugendliche sind die Zukunft unserer Stadt und verdienen beste Chancen zur pers\u00f6nlichen Entfaltung. Eine starke Jugendpolitik schafft Perspektiven f\u00fcr alle jungen Menschen, unabh\u00e4ngig von ihrer Herkunft oder ihrem sozialen Status.<\/span><\/p>\n<p><span style=\"font-weight: 400;\">Vielf\u00e4ltige Kultur-, Bildungs- und Freizeitangebote sind dabei ebenso wichtig wie echte Beteiligung an st\u00e4dtischen Entscheidungen. Wir setzen uns f\u00fcr eine Jugendpolitik ein, die Demokratie f\u00f6rdert, Bildungsgerechtigkeit st\u00e4rkt und allen Jugendlichen erm\u00f6glicht, ihre Potenziale zu entdecken und zu entwickeln. Besonders wichtig ist uns die Unterst\u00fctzung von Auszubildenden und Studierenden.<\/span><\/p>\n<\/div><\/div><div class=\"w-separator size_medium\"><\/div><div class=\"w-btn-wrapper align_left\"><a class=\"w-btn us-btn-style_8 icon_atleft\" href=\"https:\/\/gruene-wiesbaden.de\/kommunalwahl\/#Kapitel2\"><i class=\"fas fa-chevron-circle-right\"><\/i><span class=\"w-btn-label\">Zur\u00fcck zur \u00dcbersicht<\/span><\/a><\/div><\/div><\/div><div class=\"wpb_column vc_column_container\"><div class=\"vc_column-inner\"><div class=\"w-image align_center\"><div class=\"w-image-h\"><img decoding=\"async\" width=\"2560\" height=\"1807\" src=\"https:\/\/gruene-wiesbaden.de\/wp-content\/uploads\/2025\/11\/2.9-Jugend-Auszubildende-Studierende-scaled.jpg\" class=\"attachment-full size-full\" alt=\"\" loading=\"lazy\" srcset=\"https:\/\/gruene-wiesbaden.de\/wp-content\/uploads\/2025\/11\/2.9-Jugend-Auszubildende-Studierende-scaled.jpg 2560w, https:\/\/gruene-wiesbaden.de\/wp-content\/uploads\/2025\/11\/2.9-Jugend-Auszubildende-Studierende-400x282.jpg 400w, https:\/\/gruene-wiesbaden.de\/wp-content\/uploads\/2025\/11\/2.9-Jugend-Auszubildende-Studierende-600x423.jpg 600w\" sizes=\"auto, (max-width: 2560px) 100vw, 2560px\" \/><\/div><\/div><div class=\"w-separator size_small\"><\/div><\/div><\/div><\/div><div class=\"w-separator size_medium\"><\/div><div class=\"w-separator size_medium\"><\/div><div class=\"wpb_text_column\"><div class=\"wpb_wrapper\"><h1>Was gute Politik f\u00fcr Jugendliche, Auszubildende und Studierende f\u00fcr uns bedeutet<\/h1>\n<\/div><\/div><div class=\"w-separator size_large\"><\/div><div class=\"g-cols wpb_row via_grid cols_3 laptops-cols_inherit tablets-cols_inherit mobiles-cols_1 valign_top type_default stacking_default\" style=\"--columns-gap:3rem;\"><div class=\"wpb_column vc_column_container\"><div class=\"vc_column-inner\"><div class=\"w-iconbox us_custom_8b3d6790 has_text_color iconpos_left style_default color_custom align_left\"><div class=\"w-iconbox-icon\" style=\"font-size:2rem;--icon-color:#Ffffff;--icon-bg-color:var(--color-header-middle-bg);\"><i class=\"fas fa-layer-group\"><\/i><\/div><div class=\"w-iconbox-meta\"><h4 class=\"w-iconbox-title\" style=\"font-size:1.5rem;\">Beteiligung st\u00e4rken<\/h4><div class=\"w-iconbox-text\"><p><span style=\"font-weight: 400;\">Jugendliche brauchen echte Mitsprache in st\u00e4dtischen Entscheidungen.<\/span><\/p>\n<\/div><\/div><\/div><\/div><\/div><div class=\"wpb_column vc_column_container\"><div class=\"vc_column-inner\"><div class=\"w-iconbox us_custom_8b3d6790 has_text_color iconpos_left style_default color_custom align_left\"><div class=\"w-iconbox-icon\" style=\"font-size:2rem;--icon-color:#Ffffff;--icon-bg-color:var(--color-header-transparent-text);\"><i class=\"fas fa-layer-group\"><\/i><\/div><div class=\"w-iconbox-meta\"><h4 class=\"w-iconbox-title\" style=\"font-size:1.5rem;\">Demokratie f\u00f6rdern<\/h4><div class=\"w-iconbox-text\"><p><span style=\"font-weight: 400;\">Demokratiebildung und fr\u00fche politische Teilhabe verhindern Extremismus und st\u00e4rken den Zusammenhalt und k\u00f6nnen langfristig zu politischem Engagement motivieren.<\/span><\/p>\n<\/div><\/div><\/div><\/div><\/div><div class=\"wpb_column vc_column_container\"><div class=\"vc_column-inner\"><div class=\"w-iconbox us_custom_8b3d6790 has_text_color iconpos_left style_default color_custom align_left\"><div class=\"w-iconbox-icon\" style=\"font-size:2rem;--icon-color:#Ffffff;--icon-bg-color:var(--color-header-transparent-text);\"><i class=\"fas fa-layer-group\"><\/i><\/div><div class=\"w-iconbox-meta\"><h4 class=\"w-iconbox-title\" style=\"font-size:1.5rem;\">Bildung erm\u00f6glichen<\/h4><div class=\"w-iconbox-text\"><p><span style=\"font-weight: 400;\">Herkunft darf nicht \u00fcber Zukunftschancen entscheiden.<\/span><\/p>\n<\/div><\/div><\/div><\/div><\/div><\/div><div class=\"w-separator size_medium\"><\/div><div class=\"g-cols wpb_row via_grid cols_3 laptops-cols_inherit tablets-cols_inherit mobiles-cols_1 valign_top type_default stacking_default\" style=\"--columns-gap:3rem;\"><div class=\"wpb_column vc_column_container\"><div class=\"vc_column-inner\"><div class=\"w-iconbox us_custom_8b3d6790 has_text_color iconpos_left style_default color_custom align_left\"><div class=\"w-iconbox-icon\" style=\"font-size:2rem;--icon-color:#Ffffff;--icon-bg-color:var(--color-header-middle-bg);\"><i class=\"fas fa-layer-group\"><\/i><\/div><div class=\"w-iconbox-meta\"><h4 class=\"w-iconbox-title\" style=\"font-size:1.5rem;\">Kultur schaffen<\/h4><div class=\"w-iconbox-text\"><p><span style=\"font-weight: 400;\">Junge Menschen brauchen R\u00e4ume f\u00fcr kreative Entfaltung.<\/span><\/p>\n<\/div><\/div><\/div><\/div><\/div><div class=\"wpb_column vc_column_container\"><div class=\"vc_column-inner\"><div class=\"w-iconbox us_custom_8b3d6790 has_text_color iconpos_left style_default color_custom align_left\"><div class=\"w-iconbox-icon\" style=\"font-size:2rem;--icon-color:#Ffffff;--icon-bg-color:var(--color-header-transparent-text);\"><i class=\"fas fa-layer-group\"><\/i><\/div><div class=\"w-iconbox-meta\"><h4 class=\"w-iconbox-title\" style=\"font-size:1.5rem;\">Perspektiven er\u00f6ffnen<\/h4><div class=\"w-iconbox-text\"><p><span style=\"font-weight: 400;\">Junge Menschen entscheiden selbst \u00fcber ihren Berufsweg. Die duale Ausbildung ist eine gleichwertige Alternative zum Studium.<\/span><\/p>\n<\/div><\/div><\/div><\/div><\/div><div class=\"wpb_column vc_column_container\"><div class=\"vc_column-inner\"><div class=\"w-iconbox us_custom_8b3d6790 has_text_color iconpos_left style_default color_custom align_left\"><div class=\"w-iconbox-icon\" style=\"font-size:2rem;--icon-color:#Ffffff;--icon-bg-color:var(--color-header-transparent-text);\"><i class=\"fas fa-layer-group\"><\/i><\/div><div class=\"w-iconbox-meta\"><h4 class=\"w-iconbox-title\" style=\"font-size:1.5rem;\">Vielfalt leben<\/h4><div class=\"w-iconbox-text\"><p><span style=\"font-weight: 400;\">Wiesbadener Jugendliche sind vielf\u00e4ltig. Allen Herk\u00fcnften und Lebensmodellen geben wir Raum.<\/span><\/p>\n<\/div><\/div><\/div><\/div><\/div><\/div><div class=\"w-separator size_medium\"><\/div><div class=\"w-btn-wrapper align_left\"><a class=\"w-btn us-btn-style_8 icon_atleft\" href=\"https:\/\/gruene-wiesbaden.de\/kommunalwahl\/#Kapitel2\"><i class=\"fas fa-chevron-circle-right\"><\/i><span class=\"w-btn-label\">Zur\u00fcck zur \u00dcbersicht<\/span><\/a><\/div><div class=\"w-separator size_medium\"><\/div><\/div><\/div><\/div><\/div><\/section><section class=\"l-section wpb_row height_auto with_img\"><div class=\"l-section-img\" role=\"img\" data-img-width=\"2560\" data-img-height=\"1807\" style=\"background-image: url(https:\/\/gruene-wiesbaden.de\/wp-content\/uploads\/2025\/11\/2.9-Jugend-Auszubildende-Studierende-scaled.jpg);background-repeat: no-repeat;\"><\/div><div class=\"l-section-overlay\" style=\"background:var(--color-header-top-transparent-bg)\"><\/div><div class=\"l-section-h i-cf\"><div class=\"g-cols vc_row via_grid cols_1 laptops-cols_inherit tablets-cols_inherit mobiles-cols_1 valign_middle type_default stacking_default\" style=\"--columns-gap:1rem;\"><div class=\"wpb_column vc_column_container\"><div class=\"vc_column-inner\"><div class=\"w-separator size_large\"><\/div><div class=\"wpb_text_column us_custom_fa36a3ac has_text_color background_inside_text\"><div class=\"wpb_wrapper\"><h1>Was wir konkret in diesem Bereich tun wollen<\/h1>\n<\/div><\/div><div class=\"w-separator size_medium\"><\/div><div class=\"w-tabs us_custom_42d693a0 has_text_color style_default switch_click accordion has_scrolling\" style=\"--sections-title-size:1.4rem\"><div class=\"w-tabs-sections titles-align_none icon_chevron cpos_right\"><div class=\"w-tabs-section has_text_color\" id=\"y8dc\" style=\"background:var(--color-header-transparent-text);color:var(--color-header-top-text-hover);\"><button class=\"w-tabs-section-header\" aria-controls=\"content-y8dc\" aria-expanded=\"false\"><div class=\"w-tabs-section-title\">Gesundes Schulessen garantieren<\/div><div class=\"w-tabs-section-control\"><\/div><\/button><div  class=\"w-tabs-section-content\" id=\"content-y8dc\"><div class=\"w-tabs-section-content-h i-cf\"><div class=\"wpb_text_column\"><div class=\"wpb_wrapper\"><p><span style=\"font-weight: 400;\">Wir wollen, dass alle Sch\u00fcler*innen in Wiesbaden t\u00e4glich Zugang zu gesundem, ausgewogenem und leckerem Essen haben \u2013 sowohl an Schulen als auch an Berufsschulen. Gesundes Essen unterst\u00fctzt nicht nur die Konzentration und Leistungsf\u00e4higkeit, sondern f\u00f6rdert auch die Gesundheit langfristig. Deshalb setzen wir uns f\u00fcr qualitativ hochwertige, frische Speisen ein, die zudem bezahlbar bleiben, damit alle Jugendlichen unabh\u00e4ngig vom Geldbeutel ihrer Familien davon profitieren k\u00f6nnen.<\/span><\/p>\n<\/div><\/div><\/div><\/div><\/div><div class=\"w-tabs-section has_text_color\" id=\"l9f7\" style=\"background:var(--color-header-transparent-text);color:var(--color-header-top-text-hover);\"><button class=\"w-tabs-section-header\" aria-controls=\"content-l9f7\" aria-expanded=\"false\"><div class=\"w-tabs-section-title\">Stadtjugendring und Jugendparlament f\u00f6rdern<\/div><div class=\"w-tabs-section-control\"><\/div><\/button><div  class=\"w-tabs-section-content\" id=\"content-l9f7\"><div class=\"w-tabs-section-content-h i-cf\"><div class=\"wpb_text_column\"><div class=\"wpb_wrapper\"><p><span style=\"font-weight: 400;\">Um der Wiesbadener Jugend eine starke Stimme zu verleihen, haben wir die Jugendgremien, Stadtjugendring(SSR) und das Jugendparlament (JuPa) kontinuierlich unterst\u00fctzt und gef\u00f6rdert. Wir sichern die Finanzierung, verst\u00e4rken den Einbezug in Entscheidungen, f\u00f6rdern Demokratiebildung und verbessern die Sichtbarkeit der Jugendvertretungen f\u00fcr mehr politische Teilhabe.<\/span><\/p>\n<\/div><\/div><\/div><\/div><\/div><div class=\"w-tabs-section has_text_color\" id=\"eb16\" style=\"background:var(--color-header-transparent-text);color:var(--color-header-top-text-hover);\"><button class=\"w-tabs-section-header\" aria-controls=\"content-eb16\" aria-expanded=\"false\"><div class=\"w-tabs-section-title\">Jugendliche bei Entscheidungen beteiligen<\/div><div class=\"w-tabs-section-control\"><\/div><\/button><div  class=\"w-tabs-section-content\" id=\"content-eb16\"><div class=\"w-tabs-section-content-h i-cf\"><div class=\"wpb_text_column\"><div class=\"wpb_wrapper\"><p><span style=\"font-weight: 400;\">Jugendliche k\u00f6nnen sich \u00fcber das Jugendparlament (JuPa), den Stadtsch\u00fcler*innenrat (SSR) und den Stadtjugendring (SJR) bereits bei der Gestaltung politischer Entscheidungen beteiligen. Zus\u00e4tzlich wollen wir digitale Beteiligungsformen ausbauen, etwa Online-Abstimmungen, digitale B\u00fcrgerr\u00e4te oder interaktive Ideenplattformen, damit m\u00f6glichst viele Jugendliche, unabh\u00e4ngig von Schule oder Vereinszugeh\u00f6rigkeit, ihre Meinung einbringen k\u00f6nnen. Ziel ist es, dass Beteiligung nicht nur symbolisch, sondern wirklich wirksam ist \u2013 von der Planung neuer Pl\u00e4tze \u00fcber kulturelle Angebote bis hin zu wichtigen st\u00e4dtischen Entscheidungen, die das Leben junger Menschen direkt betreffen. Die AG Pl\u00e4tze war da ein erster Schritt. Wir wollen k\u00fcnftig auch an M\u00f6glichkeiten der Beteiligung von Studierendenvertretungen wie der AStA an unseren Hochschulen arbeiten.<\/span><\/p>\n<\/div><\/div><\/div><\/div><\/div><div class=\"w-tabs-section has_text_color\" id=\"ec36\" style=\"background:var(--color-header-middle-bg);color:var(--color-content-heading);\"><button class=\"w-tabs-section-header\" aria-controls=\"content-ec36\" aria-expanded=\"false\"><div class=\"w-tabs-section-title\">Jungbrunnen als zentralen Treffpunkt f\u00fcr Jugendorganisationen erhalten<\/div><div class=\"w-tabs-section-control\"><\/div><\/button><div  class=\"w-tabs-section-content\" id=\"content-ec36\"><div class=\"w-tabs-section-content-h i-cf\"><div class=\"wpb_text_column\"><div class=\"wpb_wrapper\"><p><span style=\"font-weight: 400;\">Wir wollen sicherstellen, dass die wertvolle Infrastruktur f\u00fcr Wiesbadens Jugendorganisationen erhalten bleibt. Der Jungbrunnen bietet bislang Raum f\u00fcr Jugendverb\u00e4nde, Sch\u00fcler*innenvertretungen und ehrenamtliche Initiativen \u2013 ein zentraler Ort f\u00fcr Partizipation, Workshops und gemeinsames Engagement. Da der Jungbrunnen bei einer Sanierung oder einem Verkauf des Palasthotels k\u00fcnftig nicht mehr wie bisher nutzbar w\u00e4re, setzen wir uns f\u00fcr einen geeigneten Ersatz ein. Ziel ist es, einen modernen, gut erreichbaren und flexibel nutzbaren Ort zu schaffen, an dem Jugendliche weiterhin ihre Projekte durchf\u00fchren, sich vernetzen und selbstbestimmt gestalten k\u00f6nnen.<\/span><\/p>\n<\/div><\/div><\/div><\/div><\/div><div class=\"w-tabs-section has_text_color\" id=\"td65\" style=\"background:var(--color-header-transparent-text);color:var(--color-header-top-text-hover);\"><button class=\"w-tabs-section-header\" aria-controls=\"content-td65\" aria-expanded=\"false\"><div class=\"w-tabs-section-title\">\u00d6ffentliche R\u00e4ume f\u00fcr Jugendliche ausbauen<\/div><div class=\"w-tabs-section-control\"><\/div><\/button><div  class=\"w-tabs-section-content\" id=\"content-td65\"><div class=\"w-tabs-section-content-h i-cf\"><div class=\"wpb_text_column\"><div class=\"wpb_wrapper\"><p><span style=\"font-weight: 400;\">Jugendliche brauchen Orte, an denen sie sich treffen, aufhalten und unter sich sein k\u00f6nnen. Deshalb ber\u00fccksichtigen wir ihre Bed\u00fcrfnisse bei der Quartiersentwicklung und schaffen Treffpunkte mit Infrastruktur wie B\u00e4nken, Trinkwasser, Toiletten, Schatten sowie Sport- und Freizeitm\u00f6glichkeiten. Wichtig ist uns dabei, dass diese R\u00e4ume kostenfrei zug\u00e4nglich sind, Jugendliche ihre eigenen Getr\u00e4nke und Speisen mitbringen d\u00fcrfen und sie im besten Fall selbst \u00fcber die Nutzung mitentscheiden und Verantwortung \u00fcbernehmen k\u00f6nnen.<\/span><\/p>\n<p><span style=\"font-weight: 400;\">Ein besonderer Bedarf f\u00fcr jugendgerechte R\u00e4ume ist in der Innenstadt. Daher setzen wir uns daf\u00fcr ein, einen Leerstand in der Fu\u00dfg\u00e4ngerzone tempor\u00e4r oder auch l\u00e4ngerfristig als niedrigschwelligen Jugendtreffpunkt zu etablieren, der auch in den Abendstunden ein sicherer Ort f\u00fcr Jugendliche zum Treffen von Freund*innen ist.<\/span><\/p>\n<\/div><\/div><\/div><\/div><\/div><div class=\"w-tabs-section has_text_color\" id=\"le7c\" style=\"background:var(--color-header-middle-bg);color:var(--color-header-middle-text);\"><button class=\"w-tabs-section-header\" aria-controls=\"content-le7c\" aria-expanded=\"false\"><div class=\"w-tabs-section-title\">Jugendkulturelle R\u00e4ume sichern und erweitern<\/div><div class=\"w-tabs-section-control\"><\/div><\/button><div  class=\"w-tabs-section-content\" id=\"content-le7c\"><div class=\"w-tabs-section-content-h i-cf\"><div class=\"wpb_text_column\"><div class=\"wpb_wrapper\"><p><span style=\"font-weight: 400;\">Jugendliche Subkulturen, die sich oft \u00fcber Musik ausdr\u00fccken, brauchen spezifische Orte f\u00fcr ihre Kreativit\u00e4t \u2013 insbesondere Prober\u00e4ume. Kreativfabrik und Schlachthof leisten hier bereits viel, doch mit dem Wegfall von Orten wie Kontext oder Sabot\u00a0 sind wichtige R\u00e4ume f\u00fcr jugendkulturelles Leben verschwunden. Wir setzen uns daf\u00fcr ein, diese L\u00fccken auszugleichen und weitere M\u00f6glichkeiten zu schaffen, damit Jugendliche ihre Kultur und Kreativit\u00e4t frei entfalten k\u00f6nnen und f\u00fcr alle ein passendes Angebot da ist.<\/span><\/p>\n<\/div><\/div><\/div><\/div><\/div><div class=\"w-tabs-section has_text_color\" id=\"hf93\" style=\"background:var(--color-header-transparent-text);color:var(--color-header-top-text-hover);\"><button class=\"w-tabs-section-header\" aria-controls=\"content-hf93\" aria-expanded=\"false\"><div class=\"w-tabs-section-title\">Kinder- und Jugendarbeit st\u00e4rken<\/div><div class=\"w-tabs-section-control\"><\/div><\/button><div  class=\"w-tabs-section-content\" id=\"content-hf93\"><div class=\"w-tabs-section-content-h i-cf\"><div class=\"wpb_text_column\"><div class=\"wpb_wrapper\"><p><span style=\"font-weight: 400;\">Wir setzen uns f\u00fcr den dauerhaften Erhalt und Ausbau der Stadtteilzentren (STZs) in Wiesbaden ein. Gerade in Stadtteilen mit besonderen sozialen Herausforderungen leisten sie wertvolle Arbeit: Sie bieten Kindern und Jugendlichen sichere Orte, an denen Freizeit, Bildung und Teilhabe selbstverst\u00e4ndlich sind. Angebote wie Hausaufgabenhilfe, Ferienprogramme oder der M\u00e4dchentag f\u00f6rdern Selbstvertrauen und Chancengerechtigkeit.<\/span><\/p>\n<\/div><\/div><\/div><\/div><\/div><div class=\"w-tabs-section has_text_color\" id=\"d0c5\" style=\"background:var(--color-header-transparent-text);color:var(--color-header-top-text-hover);\"><button class=\"w-tabs-section-header\" aria-controls=\"content-d0c5\" aria-expanded=\"false\"><div class=\"w-tabs-section-title\">Barrierefreie Jugendzentren gestalten<\/div><div class=\"w-tabs-section-control\"><\/div><\/button><div  class=\"w-tabs-section-content\" id=\"content-d0c5\"><div class=\"w-tabs-section-content-h i-cf\"><div class=\"wpb_text_column\"><div class=\"wpb_wrapper\"><p><span style=\"font-weight: 400;\">Wir wollen alle Jugendzentren und Treffpunkte barrierefrei ausbauen \u2013 mit rollstuhlgerechten Zug\u00e4ngen, digitalen Angeboten und flexibel nutzbaren R\u00e4umen. So erm\u00f6glichen wir allen Jugendlichen eine selbstst\u00e4ndige und sichere Teilhabe.<\/span><\/p>\n<\/div><\/div><\/div><\/div><\/div><div class=\"w-tabs-section has_text_color\" id=\"g1da\" style=\"background:var(--color-header-transparent-text);color:var(--color-header-top-text-hover);\"><button class=\"w-tabs-section-header\" aria-controls=\"content-g1da\" aria-expanded=\"false\"><div class=\"w-tabs-section-title\">St\u00e4rkung der Bezirkssozialarbeit<\/div><div class=\"w-tabs-section-control\"><\/div><\/button><div  class=\"w-tabs-section-content\" id=\"content-g1da\"><div class=\"w-tabs-section-content-h i-cf\"><div class=\"wpb_text_column\"><div class=\"wpb_wrapper\"><p><span style=\"font-weight: 400;\">Wir setzen uns f\u00fcr eine verl\u00e4ssliche und wirksame Bezirkssozialarbeit ein. Unser Ziel ist, dass Kinder, Jugendliche und junge Erwachsene in allen Lebensphasen verl\u00e4ssliche Unterst\u00fctzung finden \u2013 in Schule, Ausbildung und Studium. Gut ausgestattete Teams vor Ort erkennen Belastungen fr\u00fchzeitig, vermitteln Hilfen und begleiten junge Menschen, bevor Probleme eskalieren.<\/span><\/p>\n<\/div><\/div><\/div><\/div><\/div><div class=\"w-tabs-section has_text_color\" id=\"k2f6\" style=\"background:var(--color-header-transparent-text);color:var(--color-header-top-text-hover);\"><button class=\"w-tabs-section-header\" aria-controls=\"content-k2f6\" aria-expanded=\"false\"><div class=\"w-tabs-section-title\">Queere Jugendr\u00e4ume f\u00f6rdern<\/div><div class=\"w-tabs-section-control\"><\/div><\/button><div  class=\"w-tabs-section-content\" id=\"content-k2f6\"><div class=\"w-tabs-section-content-h i-cf\"><div class=\"wpb_text_column\"><div class=\"wpb_wrapper\"><p><span style=\"font-weight: 400;\">Wir schaffen sichere R\u00e4ume, in denen queere Jugendliche ihre Freizeit gestalten, Beratung erhalten und sich selbstbestimmt entwickeln k\u00f6nnen. Solche R\u00e4ume sind entscheidend f\u00fcr Empowerment, Selbstvertrauen und gesellschaftliche Teilhabe \u2013 besonders in einer Zeit, in der queere Jugendliche noch immer Diskriminierung und Ausgrenzung erleben.<\/span><\/p>\n<\/div><\/div><\/div><\/div><\/div><div class=\"w-tabs-section has_text_color\" id=\"c40c\" style=\"background:var(--color-header-transparent-text);color:var(--color-header-top-text-hover);\"><button class=\"w-tabs-section-header\" aria-controls=\"content-c40c\" aria-expanded=\"false\"><div class=\"w-tabs-section-title\">Kostenfreie Menstruationsprodukte ausweiten<\/div><div class=\"w-tabs-section-control\"><\/div><\/button><div  class=\"w-tabs-section-content\" id=\"content-c40c\"><div class=\"w-tabs-section-content-h i-cf\"><div class=\"wpb_text_column\"><div class=\"wpb_wrapper\"><p><span style=\"font-weight: 400;\">Die kostenlosen Menstruationsprodukte an Schulen werden beibehalten und auf alle \u00f6ffentlichen Einrichtungen ausgeweitet, wie Jugendzentren, Bibliotheken oder Sportst\u00e4tten. Gerade Jugendliche, Auszubildende und Studierende haben oft nur wenig Geld. Kostenfreie Produkte helfen, finanzielle Belastungen im Alltag zu verringern.<\/span><\/p>\n<\/div><\/div><\/div><\/div><\/div><div class=\"w-tabs-section has_text_color\" id=\"o52b\" style=\"background:var(--color-header-transparent-text);color:var(--color-header-top-text-hover);\"><button class=\"w-tabs-section-header\" aria-controls=\"content-o52b\" aria-expanded=\"false\"><div class=\"w-tabs-section-title\">Pr\u00e4ventionsprogramme gegen geschlechtsspezifische Gewalt<\/div><div class=\"w-tabs-section-control\"><\/div><\/button><div  class=\"w-tabs-section-content\" id=\"content-o52b\"><div class=\"w-tabs-section-content-h i-cf\"><div class=\"wpb_text_column\"><div class=\"wpb_wrapper\"><p><span style=\"font-weight: 400;\">Wir wollen, dass spezielle Pr\u00e4ventionsprogramme f\u00fcr Jugendliche gegen geschlechtsspezifische Gewalt etabliert werden, um fr\u00fch in der Sozialisierung anzusetzen und patriarchale Strukturen aufzubrechen.<\/span><\/p>\n<\/div><\/div><\/div><\/div><\/div><div class=\"w-tabs-section has_text_color\" id=\"x65a\" style=\"background:var(--color-header-transparent-text);color:var(--color-header-top-text-hover);\"><button class=\"w-tabs-section-header\" aria-controls=\"content-x65a\" aria-expanded=\"false\"><div class=\"w-tabs-section-title\">Bezahlbaren Wohnraum f\u00fcr Auszubildende und Studierende schaffen<\/div><div class=\"w-tabs-section-control\"><\/div><\/button><div  class=\"w-tabs-section-content\" id=\"content-x65a\"><div class=\"w-tabs-section-content-h i-cf\"><div class=\"wpb_text_column\"><div class=\"wpb_wrapper\"><p><span style=\"font-weight: 400;\">Wir wollen den Mangel an bezahlbarem Wohnraum in Wiesbaden gezielt angehen. Viele junge Menschen, die studieren oder eine Ausbildung machen, k\u00f6nnen sich markt\u00fcbliche Mieten nicht leisten. Deshalb wollen\u00a0 wir die Entwicklung zus\u00e4tzlicher, bezahlbarer Wohnangebote f\u00fcr Studierende und Auszubildende f\u00f6rdern, um ihnen eine verl\u00e4ssliche Perspektive in der Stadt zu bieten.<\/span><\/p>\n<p><span style=\"font-weight: 400;\">Um dieses Ziel zu erreichen, werden wir das Studierendenwerk und andere Tr\u00e4ger beim Bau neuer Wohnpl\u00e4tze st\u00e4rker unterst\u00fctzen. Auch die st\u00e4dtischen Wohnungsbaugesellschaften sollen einen klaren Beitrag zur Schaffung von bezahlbarem Wohnraum f\u00fcr Studierende und Auszubildende leisten. Dabei sollen studiennahe Angebote zur Kinderbetreuung mitgedacht werden. Zudem unterst\u00fctzen wir das Studierendenwerk aktiv bei der Suche nach geeigneten Grundst\u00fccken f\u00fcr neue Wohnheime. Ein konkretes Projekt ist die Entwicklung eines Studierenden- und Azubi-Wohnheims am Rande des neu geschaffenen Els\u00e4sser Parks in Zusammenarbeit mit dem Studierendenwerk.<\/span><\/p>\n<\/div><\/div><\/div><\/div><\/div><div class=\"w-tabs-section has_text_color\" id=\"p770\" style=\"background:var(--color-header-transparent-text);color:var(--color-header-top-text-hover);\"><button class=\"w-tabs-section-header\" aria-controls=\"content-p770\" aria-expanded=\"false\"><div class=\"w-tabs-section-title\">Berufliche Bildung st\u00e4rken<\/div><div class=\"w-tabs-section-control\"><\/div><\/button><div  class=\"w-tabs-section-content\" id=\"content-p770\"><div class=\"w-tabs-section-content-h i-cf\"><div class=\"wpb_text_column\"><div class=\"wpb_wrapper\"><p><span style=\"font-weight: 400;\">Wir wollen berufliche Bildung st\u00e4rken und als gleichwertige Alternative zum Studium sichtbar machen. Dazu investieren wir in moderne Ausstattung an Berufsschulen und wollen, dass die Stadtverwaltung eine Imagekampagne startet, die die Vorteile der dualen Ausbildung hervorhebt.<\/span><\/p>\n<\/div><\/div><\/div><\/div><\/div><div class=\"w-tabs-section has_text_color\" id=\"x88e\" style=\"background:var(--color-header-transparent-text);color:var(--color-header-top-text-hover);\"><button class=\"w-tabs-section-header\" aria-controls=\"content-x88e\" aria-expanded=\"false\"><div class=\"w-tabs-section-title\">Gute Busanbindungen f\u00fcr das Nachtleben<\/div><div class=\"w-tabs-section-control\"><\/div><\/button><div  class=\"w-tabs-section-content\" id=\"content-x88e\"><div class=\"w-tabs-section-content-h i-cf\"><div class=\"wpb_text_column\"><div class=\"wpb_wrapper\"><p><span style=\"font-weight: 400;\">Der \u00d6PNV muss junge Menschen auch abends zuverl\u00e4ssig in die Stadt und zur\u00fcck bringen. Die Nightliner der ESWE Verkehr verbinden Innenstadt und Vororte sicher und g\u00fcnstig, erm\u00f6glichen den Besuch von Freizeit- und Kulturangeboten und sorgen daf\u00fcr, dass alle Jugendlichen, Auszubildenden und Studierenden unabh\u00e4ngig von Wohnort und Budget mobil bleiben. Das wollen wir weiter sicherstellen.<\/span><\/p>\n<\/div><\/div><\/div><\/div><\/div><\/div><\/div><div class=\"w-separator size_medium\"><\/div><div class=\"w-btn-wrapper align_left\"><a class=\"w-btn us-btn-style_8 icon_atleft\" href=\"https:\/\/gruene-wiesbaden.de\/kommunalwahl\/#Kapitel2\"><i class=\"fas fa-chevron-circle-right\"><\/i><span class=\"w-btn-label\">Zur\u00fcck zur \u00dcbersicht<\/span><\/a><\/div><div class=\"w-separator size_large\"><\/div><div class=\"wpb_text_column us_custom_29deb344 has_text_color\"><div class=\"wpb_wrapper\"><h1>Was wir bereits erreicht haben<\/h1>\n<\/div><\/div><div class=\"w-separator size_medium\"><\/div><div class=\"w-tabs us_custom_42d693a0 has_text_color style_default switch_click accordion has_scrolling\" style=\"--sections-title-size:1.4rem\"><div class=\"w-tabs-sections titles-align_none icon_chevron cpos_right\"><div class=\"w-tabs-section has_text_color\" id=\"r33e\" style=\"background:var(--color-header-transparent-text);color:var(--color-header-top-text-hover);\"><button class=\"w-tabs-section-header\" aria-controls=\"content-r33e\" aria-expanded=\"false\"><div class=\"w-tabs-section-title\">Jugendinformationszentrum (JIZ) als zentrale Anlaufstelle f\u00fcr Jugendliche<\/div><div class=\"w-tabs-section-control\"><\/div><\/button><div  class=\"w-tabs-section-content\" id=\"content-r33e\"><div class=\"w-tabs-section-content-h i-cf\"><div class=\"wpb_text_column\"><div class=\"wpb_wrapper\"><p><span style=\"font-weight: 400;\">Die neu geschaffene zentrale Anlaufstelle JIZ ist weit mehr als ein Infopunkt. Hier bekommen junge Menschen Beratung zu Freizeitm\u00f6glichkeiten, Ausbildungswegen, rechtlichen Fragen oder auch zu pers\u00f6nlichen Problemen. Das JIZ ist damit ein Ort, an dem Jugendliche unkompliziert Hilfe finden, wenn sie sie brauchen.<\/span><\/p>\n<\/div><\/div><\/div><\/div><\/div><div class=\"w-tabs-section has_text_color\" id=\"i465\" style=\"background:var(--color-header-transparent-text);color:var(--color-header-top-text-hover);\"><button class=\"w-tabs-section-header\" aria-controls=\"content-i465\" aria-expanded=\"false\"><div class=\"w-tabs-section-title\">Die Versorgung mit Schulsozialarbeit wurde an den Schulen gest\u00e4rkt<\/div><div class=\"w-tabs-section-control\"><\/div><\/button><div  class=\"w-tabs-section-content\" id=\"content-i465\"><div class=\"w-tabs-section-content-h i-cf\"><div class=\"wpb_text_column\"><div class=\"wpb_wrapper\"><p><span style=\"font-weight: 400;\">Wir haben die Schulsozialarbeit in Wiesbaden deutlich gest\u00e4rkt: Seit 2025 gibt es an allen Haupt- und Realschulen, Integrierten Gesamtschulen und Berufsschulen professionelle Sozialarbeiter*innen vor Ort. Sie sind direkte Ansprechpartner*innen f\u00fcr Sch\u00fcler*innen, Eltern und Lehrkr\u00e4fte \u2013 sei es bei schulischen, sozialen oder pers\u00f6nlichen Herausforderungen. Die Schulsozialarbeit leistet Pr\u00e4ventionsarbeit, unterst\u00fctzt bei Konflikten und Krisen und f\u00f6rdert die soziale Entwicklung der Kinder und Jugendlichen. Die fl\u00e4chendeckende Pr\u00e4senz an den Schulen tr\u00e4gt dazu bei,\u00a0 die Chancengleichheit zu erh\u00f6hen, den Zusammenhalt zu st\u00e4rken und Kindern ein sicheres, unterst\u00fctzendes Lernumfeld zu bieten.<\/span><\/p>\n<\/div><\/div><\/div><\/div><\/div><div class=\"w-tabs-section has_text_color\" id=\"w57f\" style=\"background:var(--color-header-transparent-text);color:var(--color-header-top-text-hover);\"><button class=\"w-tabs-section-header\" aria-controls=\"content-w57f\" aria-expanded=\"false\"><div class=\"w-tabs-section-title\">Mehr Aufenthaltsqualit\u00e4t am Kulturpark Schlachthof Wiesbaden<\/div><div class=\"w-tabs-section-control\"><\/div><\/button><div  class=\"w-tabs-section-content\" id=\"content-w57f\"><div class=\"w-tabs-section-content-h i-cf\"><div class=\"wpb_text_column\"><div class=\"wpb_wrapper\"><p><span style=\"font-weight: 400;\">Der Kulturpark hat sich in den letzten Jahren zu einem lebendigen Zentrum f\u00fcr junge Menschen entwickelt. Neben vielf\u00e4ltigen Freizeit- und Sportm\u00f6glichkeiten stehen dort nun auch \u00f6ffentliche und kostenfreie Toiletten zur Verf\u00fcgung \u2013 ein scheinbar kleines Detail, das aber f\u00fcr die Aufenthaltsqualit\u00e4t entscheidend ist und zeigt, dass wir jugendgerechte Infrastruktur ernst nehmen.<\/span><\/p>\n<\/div><\/div><\/div><\/div><\/div><div class=\"w-tabs-section has_text_color\" id=\"m696\" style=\"background:var(--color-header-middle-bg);color:var(--color-content-heading);\"><button class=\"w-tabs-section-header\" aria-controls=\"content-m696\" aria-expanded=\"false\"><div class=\"w-tabs-section-title\">Ausbau von kostenfreien Sport- und Freizeitfl\u00e4chen<\/div><div class=\"w-tabs-section-control\"><\/div><\/button><div  class=\"w-tabs-section-content\" id=\"content-m696\"><div class=\"w-tabs-section-content-h i-cf\"><div class=\"wpb_text_column\"><div class=\"wpb_wrapper\"><p><span style=\"font-weight: 400;\">Bolzpl\u00e4tze wurden saniert und beispielsweise neue Anlagen f\u00fcr Calisthenics oder auch zum Skaten geschaffen, wie z.B. am Kransand in Mainz-Kastel. Wir wollen M\u00f6glichkeiten in der Stadt bieten, kostenfrei Sport zu machen und sich zu bewegen.<\/span><\/p>\n<\/div><\/div><\/div><\/div><\/div><div class=\"w-tabs-section has_text_color\" id=\"h7b3\" style=\"background:var(--color-header-transparent-text);color:var(--color-header-top-text-hover);\"><button class=\"w-tabs-section-header\" aria-controls=\"content-h7b3\" aria-expanded=\"false\"><div class=\"w-tabs-section-title\">WI15-Ticket<\/div><div class=\"w-tabs-section-control\"><\/div><\/button><div  class=\"w-tabs-section-content\" id=\"content-h7b3\"><div class=\"w-tabs-section-content-h i-cf\"><div class=\"wpb_text_column\"><div class=\"wpb_wrapper\"><p><span style=\"font-weight: 400;\">Kinder und Jugendliche aus Wiesbaden k\u00f6nnen bis zu ihrem 18. Geburtstag den \u00d6PNV in ganz Hessen und Mainz f\u00fcr nur 15 \u20ac im Monat nutzen. Familien mit geringem Einkommen zahlen nur 10 \u20ac. Trotz der j\u00fcngsten Erh\u00f6hung des regul\u00e4ren Sch\u00fclertickets Hessen durch den RMV auf rund 32 \u20ac pro Monat h\u00e4lt die Stadt Wiesbaden den Preis des WI15-Tickets stabil. So werden Familien gezielt in Zeiten von Inflation und steigenden Lebenshaltungskosten entlastet.<\/span><\/p>\n<\/div><\/div><\/div><\/div><\/div><div class=\"w-tabs-section has_text_color\" id=\"t8c7\" style=\"background:var(--color-header-transparent-text);color:var(--color-header-top-text-hover);\"><button class=\"w-tabs-section-header\" aria-controls=\"content-t8c7\" aria-expanded=\"false\"><div class=\"w-tabs-section-title\">Kostenloses Schwimmen in den Ferien<\/div><div class=\"w-tabs-section-control\"><\/div><\/button><div  class=\"w-tabs-section-content\" id=\"content-t8c7\"><div class=\"w-tabs-section-content-h i-cf\"><div class=\"wpb_text_column\"><div class=\"wpb_wrapper\"><p><span style=\"font-weight: 400;\">Kinder und Jugendliche bis 18 Jahre k\u00f6nnen seit Dezember 2023 w\u00e4hrend aller hessischen Schulferien kostenlos in vielen der Wiesbadener Schwimmb\u00e4der schwimmen.<\/span><\/p>\n<\/div><\/div><\/div><\/div><\/div><div class=\"w-tabs-section has_text_color\" id=\"g9e1\" style=\"background:var(--color-header-transparent-text);color:var(--color-header-top-text-hover);\"><button class=\"w-tabs-section-header\" aria-controls=\"content-g9e1\" aria-expanded=\"false\"><div class=\"w-tabs-section-title\">AG Pl\u00e4tze &#8211; Jugendbeteiligung, die wirkt<\/div><div class=\"w-tabs-section-control\"><\/div><\/button><div  class=\"w-tabs-section-content\" id=\"content-g9e1\"><div class=\"w-tabs-section-content-h i-cf\"><div class=\"wpb_text_column\"><div class=\"wpb_wrapper\"><p><span style=\"font-weight: 400;\">Mit der AG Pl\u00e4tze gibt es jetzt ein Beteiligungsgremium, in dem Jugendliche gemeinsam mit Verwaltung, Politik und Fachkr\u00e4ften aus der Jugendarbeit \u00fcber die Gestaltung von Wiesbadener Pl\u00e4tzen beraten. Hier k\u00f6nnen junge Menschen direkt sagen, was sie brauchen, und ihre Ideen werden ernst genommen. Die Ergebnisse sind sichtbar: Durch die Impulse der AG Pl\u00e4tze wurden bereits neue Calisthenics-Anlagen, Basketballpl\u00e4tze und weitere Aufenthaltsm\u00f6glichkeiten geschaffen. So zeigen wir, dass echte Jugendbeteiligung konkrete Verbesserungen bringt.<\/span><\/p>\n<\/div><\/div><\/div><\/div><\/div><div class=\"w-tabs-section has_text_color\" id=\"kaf5\" style=\"background:var(--color-header-transparent-text);color:var(--color-header-top-text-hover);\"><button class=\"w-tabs-section-header\" aria-controls=\"content-kaf5\" aria-expanded=\"false\"><div class=\"w-tabs-section-title\">Smarte Solarb\u00e4nke wurden aufgestellt<\/div><div class=\"w-tabs-section-control\"><\/div><\/button><div  class=\"w-tabs-section-content\" id=\"content-kaf5\"><div class=\"w-tabs-section-content-h i-cf\"><div class=\"wpb_text_column\"><div class=\"wpb_wrapper\"><p><span style=\"font-weight: 400;\">Auf Initiative von Jugendlichen bei der Veranstaltung \u201eYouth happens\u201c wurden im Stadtgebiet smarte Solarb\u00e4nke aufgestellt. Mittlerweile gibt es acht davon, zum Beispiel am Dernschen Gel\u00e4nde. Sie bieten nicht nur Sitzgelegenheiten, sondern auch die M\u00f6glichkeit, Handys mit Solarstrom aufzuladen \u2013 ein modernes und nachhaltiges Beispiel daf\u00fcr, wie Ideen von Jugendlichen direkt umgesetzt werden k\u00f6nnen.<\/span><\/p>\n<\/div><\/div><\/div><\/div><\/div><div class=\"w-tabs-section has_text_color\" id=\"jc14\" style=\"background:var(--color-header-transparent-text);color:var(--color-header-top-text-hover);\"><button class=\"w-tabs-section-header\" aria-controls=\"content-jc14\" aria-expanded=\"false\"><div class=\"w-tabs-section-title\">Ausbildungs- und Karrierem\u00f6glichkeiten in Wiesbaden \u00fcbersichtlich f\u00fcr den Berufseinstieg<\/div><div class=\"w-tabs-section-control\"><\/div><\/button><div  class=\"w-tabs-section-content\" id=\"content-jc14\"><div class=\"w-tabs-section-content-h i-cf\"><div class=\"wpb_text_column\"><div class=\"wpb_wrapper\"><p><span style=\"font-weight: 400;\">Wir setzen uns daf\u00fcr ein, dass junge Menschen in Wiesbaden einfach, transparent und passgenau ihre Ausbildung oder ihren Einstieg ins Berufsleben finden. Mit der Chancenplattform Wiesbaden schaffen wir eine digitale Anlaufstelle f\u00fcr junge Menschen, die ihren Weg in Ausbildung, Studium oder Beruf suchen. Die Plattform b\u00fcndelt Informationen zu Ausbildungspl\u00e4tzen, Praktika, Weiterbildungen und lokalen Arbeitgeber*innen \u2013 einfach zug\u00e4nglich und aktuell. Mit dem Ausbildungsradar wird jeder freie Ausbildungsplatz in der Region sichtbar \u2013 und Bewerber*innen, die zun\u00e4chst keinen Platz bekommen, k\u00f6nnen an andere Unternehmen weiterempfohlen werden. Das Forum Fachkr\u00e4fteinitiative Industrie vernetzt Unternehmen, Bildungseinrichtungen und Fachkr\u00e4fte und schafft so direkte Verbindungen zwischen jungen Menschen und Arbeitgeber*innen.<\/span><\/p>\n<\/div><\/div><\/div><\/div><\/div><div class=\"w-tabs-section has_text_color\" id=\"bd2c\" style=\"background:var(--color-header-transparent-text);color:var(--color-header-top-text-hover);\"><button class=\"w-tabs-section-header\" aria-controls=\"content-bd2c\" aria-expanded=\"false\"><div class=\"w-tabs-section-title\">Mehr bezahlbarer Wohnraum f\u00fcr Auszubildende und Studierende in Wiesbaden<\/div><div class=\"w-tabs-section-control\"><\/div><\/button><div  class=\"w-tabs-section-content\" id=\"content-bd2c\"><div class=\"w-tabs-section-content-h i-cf\"><div class=\"wpb_text_column\"><div class=\"wpb_wrapper\"><p><span style=\"font-weight: 400;\">Wir GR\u00dcNE setzen uns daf\u00fcr ein, dass junge Menschen in Wiesbaden bezahlbaren und gut ausgestatteten Wohnraum finden. Im September 2025 wurde das Richtfest f\u00fcr das neue Studierendenwohnheim an der Hollerbornstra\u00dfe mit 435 Pl\u00e4tzen, barrierefreien Apartments, Gemeinschafts- und Lernr\u00e4umen sowie einer integrierten Kita gefeiert. Die Fertigstellung ist f\u00fcr das Wintersemester 2026\/27 geplant. Auch f\u00fcr Auszubildende entstehen bezahlbare Wohnpl\u00e4tze, unterst\u00fctzt durch Pilotprojekte der GWW. Weitere Projekte, wie Wohnheime am Els\u00e4sser Platz oder das Quartillion Studentenwohnheim, befinden sich in Planung oder Bau.<\/span><\/p>\n<\/div><\/div><\/div><\/div><\/div><\/div><\/div><div class=\"w-separator size_medium\"><\/div><div class=\"w-btn-wrapper align_left\"><a class=\"w-btn us-btn-style_8 icon_atleft\" href=\"https:\/\/gruene-wiesbaden.de\/kommunalwahl\/#Kapitel2\"><i class=\"fas fa-chevron-circle-right\"><\/i><span class=\"w-btn-label\">Zur\u00fcck zur \u00dcbersicht<\/span><\/a><\/div><div class=\"w-separator size_large\"><\/div><\/div><\/div><\/div><\/div><\/section>\n","protected":false},"excerpt":{"rendered":"Jugend, Auszubildende und StudierendeJugendliche sind die Zukunft unserer Stadt und verdienen beste Chancen zur pers\u00f6nlichen Entfaltung. Eine starke Jugendpolitik schafft Perspektiven f\u00fcr alle jungen Menschen, unabh\u00e4ngig von ihrer Herkunft oder ihrem sozialen Status. Vielf\u00e4ltige Kultur-, Bildungs- und Freizeitangebote sind dabei ebenso wichtig wie echte Beteiligung an st\u00e4dtischen Entscheidungen. Wir setzen uns f\u00fcr eine Jugendpolitik ein,...","protected":false},"author":1,"featured_media":1492,"comment_status":"closed","ping_status":"closed","sticky":false,"template":"","format":"standard","meta":{"footnotes":""},"categories":[15],"tags":[],"class_list":["post-1368","post","type-post","status-publish","format-standard","has-post-thumbnail","hentry","category-kapitel-2"],"yoast_head":"<!-- This site is optimized with the Yoast SEO plugin v27.5 - https:\/\/yoast.com\/product\/yoast-seo-wordpress\/ -->\n<title>Jugend, Auszubildende und Studierende - B\u00dcNDNIS 90\/DIE GR\u00dcNEN Wiesbaden<\/title>\n<meta name=\"robots\" content=\"index, follow, max-snippet:-1, max-image-preview:large, max-video-preview:-1\" \/>\n<link rel=\"canonical\" href=\"https:\/\/gruene-wiesbaden.de\/de\/jugend-auszubildende-und-studierende\/\" \/>\n<meta property=\"og:locale\" content=\"de_DE\" \/>\n<meta property=\"og:type\" content=\"article\" \/>\n<meta property=\"og:title\" content=\"Jugend, Auszubildende und Studierende - B\u00dcNDNIS 90\/DIE GR\u00dcNEN Wiesbaden\" \/>\n<meta property=\"og:url\" content=\"https:\/\/gruene-wiesbaden.de\/de\/jugend-auszubildende-und-studierende\/\" \/>\n<meta property=\"og:site_name\" content=\"B\u00dcNDNIS 90\/DIE GR\u00dcNEN Wiesbaden\" \/>\n<meta property=\"article:publisher\" content=\"https:\/\/www.facebook.com\/gruene.wi\" \/>\n<meta property=\"article:published_time\" content=\"2025-11-09T22:19:38+00:00\" \/>\n<meta property=\"article:modified_time\" content=\"2026-04-09T08:41:07+00:00\" \/>\n<meta property=\"og:image\" content=\"https:\/\/gruene-wiesbaden.de\/wp-content\/uploads\/2025\/11\/2.9-Jugend-Auszubildende-Studierende-scaled.jpg\" \/>\n\t<meta property=\"og:image:width\" content=\"2560\" \/>\n\t<meta property=\"og:image:height\" content=\"1807\" \/>\n\t<meta property=\"og:image:type\" content=\"image\/jpeg\" \/>\n<meta name=\"author\" content=\"admin\" \/>\n<meta name=\"twitter:card\" content=\"summary_large_image\" \/>\n<meta name=\"twitter:label1\" content=\"Verfasst von\" \/>\n\t<meta name=\"twitter:data1\" content=\"admin\" \/>\n\t<meta name=\"twitter:label2\" content=\"Gesch\u00e4tzte Lesezeit\" \/>\n\t<meta name=\"twitter:data2\" content=\"12\u00a0Minuten\" \/>\n<script type=\"application\/ld+json\" class=\"yoast-schema-graph\">{\"@context\":\"https:\\\/\\\/schema.org\",\"@graph\":[{\"@type\":\"Article\",\"@id\":\"https:\\\/\\\/gruene-wiesbaden.de\\\/jugend-auszubildende-und-studierende\\\/#article\",\"isPartOf\":{\"@id\":\"https:\\\/\\\/gruene-wiesbaden.de\\\/jugend-auszubildende-und-studierende\\\/\"},\"author\":{\"name\":\"admin\",\"@id\":\"https:\\\/\\\/gruene-wiesbaden.de\\\/#\\\/schema\\\/person\\\/6785c34779159cd4fd86886bb097afe9\"},\"headline\":\"Jugend, Auszubildende und Studierende\",\"datePublished\":\"2025-11-09T22:19:38+00:00\",\"dateModified\":\"2026-04-09T08:41:07+00:00\",\"mainEntityOfPage\":{\"@id\":\"https:\\\/\\\/gruene-wiesbaden.de\\\/jugend-auszubildende-und-studierende\\\/\"},\"wordCount\":3531,\"publisher\":{\"@id\":\"https:\\\/\\\/gruene-wiesbaden.de\\\/#organization\"},\"image\":{\"@id\":\"https:\\\/\\\/gruene-wiesbaden.de\\\/jugend-auszubildende-und-studierende\\\/#primaryimage\"},\"thumbnailUrl\":\"https:\\\/\\\/gruene-wiesbaden.de\\\/wp-content\\\/uploads\\\/2025\\\/11\\\/2.9-Jugend-Auszubildende-Studierende-scaled.jpg\",\"articleSection\":[\"Kapitel 2\"],\"inLanguage\":\"de\"},{\"@type\":\"WebPage\",\"@id\":\"https:\\\/\\\/gruene-wiesbaden.de\\\/jugend-auszubildende-und-studierende\\\/\",\"url\":\"https:\\\/\\\/gruene-wiesbaden.de\\\/jugend-auszubildende-und-studierende\\\/\",\"name\":\"Jugend, Auszubildende und Studierende - B\u00dcNDNIS 90\\\/DIE GR\u00dcNEN Wiesbaden\",\"isPartOf\":{\"@id\":\"https:\\\/\\\/gruene-wiesbaden.de\\\/#website\"},\"primaryImageOfPage\":{\"@id\":\"https:\\\/\\\/gruene-wiesbaden.de\\\/jugend-auszubildende-und-studierende\\\/#primaryimage\"},\"image\":{\"@id\":\"https:\\\/\\\/gruene-wiesbaden.de\\\/jugend-auszubildende-und-studierende\\\/#primaryimage\"},\"thumbnailUrl\":\"https:\\\/\\\/gruene-wiesbaden.de\\\/wp-content\\\/uploads\\\/2025\\\/11\\\/2.9-Jugend-Auszubildende-Studierende-scaled.jpg\",\"datePublished\":\"2025-11-09T22:19:38+00:00\",\"dateModified\":\"2026-04-09T08:41:07+00:00\",\"breadcrumb\":{\"@id\":\"https:\\\/\\\/gruene-wiesbaden.de\\\/jugend-auszubildende-und-studierende\\\/#breadcrumb\"},\"inLanguage\":\"de\",\"potentialAction\":[{\"@type\":\"ReadAction\",\"target\":[\"https:\\\/\\\/gruene-wiesbaden.de\\\/jugend-auszubildende-und-studierende\\\/\"]}]},{\"@type\":\"ImageObject\",\"inLanguage\":\"de\",\"@id\":\"https:\\\/\\\/gruene-wiesbaden.de\\\/jugend-auszubildende-und-studierende\\\/#primaryimage\",\"url\":\"https:\\\/\\\/gruene-wiesbaden.de\\\/wp-content\\\/uploads\\\/2025\\\/11\\\/2.9-Jugend-Auszubildende-Studierende-scaled.jpg\",\"contentUrl\":\"https:\\\/\\\/gruene-wiesbaden.de\\\/wp-content\\\/uploads\\\/2025\\\/11\\\/2.9-Jugend-Auszubildende-Studierende-scaled.jpg\",\"width\":2560,\"height\":1807},{\"@type\":\"BreadcrumbList\",\"@id\":\"https:\\\/\\\/gruene-wiesbaden.de\\\/jugend-auszubildende-und-studierende\\\/#breadcrumb\",\"itemListElement\":[{\"@type\":\"ListItem\",\"position\":1,\"name\":\"Startseite\",\"item\":\"https:\\\/\\\/gruene-wiesbaden.de\\\/\"},{\"@type\":\"ListItem\",\"position\":2,\"name\":\"Jugend, Auszubildende und Studierende\"}]},{\"@type\":\"WebSite\",\"@id\":\"https:\\\/\\\/gruene-wiesbaden.de\\\/#website\",\"url\":\"https:\\\/\\\/gruene-wiesbaden.de\\\/\",\"name\":\"DIE GR\u00dcNEN Wiesbaden\",\"description\":\"\",\"publisher\":{\"@id\":\"https:\\\/\\\/gruene-wiesbaden.de\\\/#organization\"},\"potentialAction\":[{\"@type\":\"SearchAction\",\"target\":{\"@type\":\"EntryPoint\",\"urlTemplate\":\"https:\\\/\\\/gruene-wiesbaden.de\\\/?s={search_term_string}\"},\"query-input\":{\"@type\":\"PropertyValueSpecification\",\"valueRequired\":true,\"valueName\":\"search_term_string\"}}],\"inLanguage\":\"de\"},{\"@type\":\"Organization\",\"@id\":\"https:\\\/\\\/gruene-wiesbaden.de\\\/#organization\",\"name\":\"DIE GR\u00dcNEN Wiesbaden\",\"url\":\"https:\\\/\\\/gruene-wiesbaden.de\\\/\",\"logo\":{\"@type\":\"ImageObject\",\"inLanguage\":\"de\",\"@id\":\"https:\\\/\\\/gruene-wiesbaden.de\\\/#\\\/schema\\\/logo\\\/image\\\/\",\"url\":\"https:\\\/\\\/gruene-wiesbaden-fuer-europa.de\\\/wp-content\\\/uploads\\\/2024\\\/04\\\/Machen-was-zaehlt-5.png\",\"contentUrl\":\"https:\\\/\\\/gruene-wiesbaden-fuer-europa.de\\\/wp-content\\\/uploads\\\/2024\\\/04\\\/Machen-was-zaehlt-5.png\",\"width\":1772,\"height\":1772,\"caption\":\"DIE GR\u00dcNEN Wiesbaden\"},\"image\":{\"@id\":\"https:\\\/\\\/gruene-wiesbaden.de\\\/#\\\/schema\\\/logo\\\/image\\\/\"},\"sameAs\":[\"https:\\\/\\\/www.facebook.com\\\/gruene.wi\",\"https:\\\/\\\/instagram.com\\\/gruene_wi\"]},{\"@type\":\"Person\",\"@id\":\"https:\\\/\\\/gruene-wiesbaden.de\\\/#\\\/schema\\\/person\\\/6785c34779159cd4fd86886bb097afe9\",\"name\":\"admin\",\"sameAs\":[\"http:\\\/\\\/gruene-wiesbaden-fuer-europa.de\"],\"url\":\"https:\\\/\\\/gruene-wiesbaden.de\\\/de\\\/author\\\/admin\\\/\"}]}<\/script>\n<!-- \/ Yoast SEO plugin. -->","yoast_head_json":{"title":"Jugend, Auszubildende und Studierende - B\u00dcNDNIS 90\/DIE GR\u00dcNEN Wiesbaden","robots":{"index":"index","follow":"follow","max-snippet":"max-snippet:-1","max-image-preview":"max-image-preview:large","max-video-preview":"max-video-preview:-1"},"canonical":"https:\/\/gruene-wiesbaden.de\/de\/jugend-auszubildende-und-studierende\/","og_locale":"de_DE","og_type":"article","og_title":"Jugend, Auszubildende und Studierende - B\u00dcNDNIS 90\/DIE GR\u00dcNEN Wiesbaden","og_url":"https:\/\/gruene-wiesbaden.de\/de\/jugend-auszubildende-und-studierende\/","og_site_name":"B\u00dcNDNIS 90\/DIE GR\u00dcNEN Wiesbaden","article_publisher":"https:\/\/www.facebook.com\/gruene.wi","article_published_time":"2025-11-09T22:19:38+00:00","article_modified_time":"2026-04-09T08:41:07+00:00","og_image":[{"width":2560,"height":1807,"url":"https:\/\/gruene-wiesbaden.de\/wp-content\/uploads\/2025\/11\/2.9-Jugend-Auszubildende-Studierende-scaled.jpg","type":"image\/jpeg"}],"author":"admin","twitter_card":"summary_large_image","twitter_misc":{"Verfasst von":"admin","Gesch\u00e4tzte Lesezeit":"12\u00a0Minuten"},"schema":{"@context":"https:\/\/schema.org","@graph":[{"@type":"Article","@id":"https:\/\/gruene-wiesbaden.de\/jugend-auszubildende-und-studierende\/#article","isPartOf":{"@id":"https:\/\/gruene-wiesbaden.de\/jugend-auszubildende-und-studierende\/"},"author":{"name":"admin","@id":"https:\/\/gruene-wiesbaden.de\/#\/schema\/person\/6785c34779159cd4fd86886bb097afe9"},"headline":"Jugend, Auszubildende und Studierende","datePublished":"2025-11-09T22:19:38+00:00","dateModified":"2026-04-09T08:41:07+00:00","mainEntityOfPage":{"@id":"https:\/\/gruene-wiesbaden.de\/jugend-auszubildende-und-studierende\/"},"wordCount":3531,"publisher":{"@id":"https:\/\/gruene-wiesbaden.de\/#organization"},"image":{"@id":"https:\/\/gruene-wiesbaden.de\/jugend-auszubildende-und-studierende\/#primaryimage"},"thumbnailUrl":"https:\/\/gruene-wiesbaden.de\/wp-content\/uploads\/2025\/11\/2.9-Jugend-Auszubildende-Studierende-scaled.jpg","articleSection":["Kapitel 2"],"inLanguage":"de"},{"@type":"WebPage","@id":"https:\/\/gruene-wiesbaden.de\/jugend-auszubildende-und-studierende\/","url":"https:\/\/gruene-wiesbaden.de\/jugend-auszubildende-und-studierende\/","name":"Jugend, Auszubildende und Studierende - B\u00dcNDNIS 90\/DIE GR\u00dcNEN Wiesbaden","isPartOf":{"@id":"https:\/\/gruene-wiesbaden.de\/#website"},"primaryImageOfPage":{"@id":"https:\/\/gruene-wiesbaden.de\/jugend-auszubildende-und-studierende\/#primaryimage"},"image":{"@id":"https:\/\/gruene-wiesbaden.de\/jugend-auszubildende-und-studierende\/#primaryimage"},"thumbnailUrl":"https:\/\/gruene-wiesbaden.de\/wp-content\/uploads\/2025\/11\/2.9-Jugend-Auszubildende-Studierende-scaled.jpg","datePublished":"2025-11-09T22:19:38+00:00","dateModified":"2026-04-09T08:41:07+00:00","breadcrumb":{"@id":"https:\/\/gruene-wiesbaden.de\/jugend-auszubildende-und-studierende\/#breadcrumb"},"inLanguage":"de","potentialAction":[{"@type":"ReadAction","target":["https:\/\/gruene-wiesbaden.de\/jugend-auszubildende-und-studierende\/"]}]},{"@type":"ImageObject","inLanguage":"de","@id":"https:\/\/gruene-wiesbaden.de\/jugend-auszubildende-und-studierende\/#primaryimage","url":"https:\/\/gruene-wiesbaden.de\/wp-content\/uploads\/2025\/11\/2.9-Jugend-Auszubildende-Studierende-scaled.jpg","contentUrl":"https:\/\/gruene-wiesbaden.de\/wp-content\/uploads\/2025\/11\/2.9-Jugend-Auszubildende-Studierende-scaled.jpg","width":2560,"height":1807},{"@type":"BreadcrumbList","@id":"https:\/\/gruene-wiesbaden.de\/jugend-auszubildende-und-studierende\/#breadcrumb","itemListElement":[{"@type":"ListItem","position":1,"name":"Startseite","item":"https:\/\/gruene-wiesbaden.de\/"},{"@type":"ListItem","position":2,"name":"Jugend, Auszubildende und Studierende"}]},{"@type":"WebSite","@id":"https:\/\/gruene-wiesbaden.de\/#website","url":"https:\/\/gruene-wiesbaden.de\/","name":"DIE GR\u00dcNEN Wiesbaden","description":"","publisher":{"@id":"https:\/\/gruene-wiesbaden.de\/#organization"},"potentialAction":[{"@type":"SearchAction","target":{"@type":"EntryPoint","urlTemplate":"https:\/\/gruene-wiesbaden.de\/?s={search_term_string}"},"query-input":{"@type":"PropertyValueSpecification","valueRequired":true,"valueName":"search_term_string"}}],"inLanguage":"de"},{"@type":"Organization","@id":"https:\/\/gruene-wiesbaden.de\/#organization","name":"DIE GR\u00dcNEN Wiesbaden","url":"https:\/\/gruene-wiesbaden.de\/","logo":{"@type":"ImageObject","inLanguage":"de","@id":"https:\/\/gruene-wiesbaden.de\/#\/schema\/logo\/image\/","url":"https:\/\/gruene-wiesbaden-fuer-europa.de\/wp-content\/uploads\/2024\/04\/Machen-was-zaehlt-5.png","contentUrl":"https:\/\/gruene-wiesbaden-fuer-europa.de\/wp-content\/uploads\/2024\/04\/Machen-was-zaehlt-5.png","width":1772,"height":1772,"caption":"DIE GR\u00dcNEN Wiesbaden"},"image":{"@id":"https:\/\/gruene-wiesbaden.de\/#\/schema\/logo\/image\/"},"sameAs":["https:\/\/www.facebook.com\/gruene.wi","https:\/\/instagram.com\/gruene_wi"]},{"@type":"Person","@id":"https:\/\/gruene-wiesbaden.de\/#\/schema\/person\/6785c34779159cd4fd86886bb097afe9","name":"admin","sameAs":["http:\/\/gruene-wiesbaden-fuer-europa.de"],"url":"https:\/\/gruene-wiesbaden.de\/de\/author\/admin\/"}]}},"_links":{"self":[{"href":"https:\/\/gruene-wiesbaden.de\/de\/wp-json\/wp\/v2\/posts\/1368","targetHints":{"allow":["GET"]}}],"collection":[{"href":"https:\/\/gruene-wiesbaden.de\/de\/wp-json\/wp\/v2\/posts"}],"about":[{"href":"https:\/\/gruene-wiesbaden.de\/de\/wp-json\/wp\/v2\/types\/post"}],"author":[{"embeddable":true,"href":"https:\/\/gruene-wiesbaden.de\/de\/wp-json\/wp\/v2\/users\/1"}],"replies":[{"embeddable":true,"href":"https:\/\/gruene-wiesbaden.de\/de\/wp-json\/wp\/v2\/comments?post=1368"}],"version-history":[{"count":8,"href":"https:\/\/gruene-wiesbaden.de\/de\/wp-json\/wp\/v2\/posts\/1368\/revisions"}],"predecessor-version":[{"id":2397,"href":"https:\/\/gruene-wiesbaden.de\/de\/wp-json\/wp\/v2\/posts\/1368\/revisions\/2397"}],"wp:featuredmedia":[{"embeddable":true,"href":"https:\/\/gruene-wiesbaden.de\/de\/wp-json\/wp\/v2\/media\/1492"}],"wp:attachment":[{"href":"https:\/\/gruene-wiesbaden.de\/de\/wp-json\/wp\/v2\/media?parent=1368"}],"wp:term":[{"taxonomy":"category","embeddable":true,"href":"https:\/\/gruene-wiesbaden.de\/de\/wp-json\/wp\/v2\/categories?post=1368"},{"taxonomy":"post_tag","embeddable":true,"href":"https:\/\/gruene-wiesbaden.de\/de\/wp-json\/wp\/v2\/tags?post=1368"}],"curies":[{"name":"wp","href":"https:\/\/api.w.org\/{rel}","templated":true}]}}