{"id":1359,"date":"2025-11-10T00:15:14","date_gmt":"2025-11-09T22:15:14","guid":{"rendered":"https:\/\/gruene-wiesbaden.de\/?p=1359"},"modified":"2026-04-09T10:34:43","modified_gmt":"2026-04-09T08:34:43","slug":"zivilgesellschaftliches-engagement-und-demokratiefoerderung","status":"publish","type":"post","link":"https:\/\/gruene-wiesbaden.de\/de\/zivilgesellschaftliches-engagement-und-demokratiefoerderung\/","title":{"rendered":"Zivilgesellschaftliches Engagement und Demokratief\u00f6rderung"},"content":{"rendered":"<section class=\"l-section wpb_row height_medium with_img\"><div class=\"l-section-img\" role=\"img\" data-img-width=\"1080\" data-img-height=\"800\" style=\"background-image: url(https:\/\/gruene-wiesbaden.de\/wp-content\/uploads\/2025\/11\/neuer-Verlauf-gruene-wiesbaden.de_-2-e1762709402177.png);\"><\/div><div class=\"l-section-overlay\" style=\"background:var(--color-header-top-transparent-bg)\"><\/div><div class=\"l-section-h i-cf\"><div class=\"g-cols vc_row via_grid cols_1 laptops-cols_inherit tablets-cols_inherit mobiles-cols_1 valign_top type_default stacking_default\"><div class=\"wpb_column vc_column_container\"><div class=\"vc_column-inner\"><h1 class=\"w-post-elm post_title us_custom_a574d586 has_text_color entry-title\">Zivilgesellschaftliches Engagement und Demokratief\u00f6rderung<\/h1><div class=\"w-separator size_medium\"><\/div><div class=\"g-cols wpb_row via_grid cols_2-1 laptops-cols_inherit tablets-cols_inherit mobiles-cols_1 valign_top type_default stacking_default\" style=\"--columns-gap:3rem;\"><div class=\"wpb_column vc_column_container\"><div class=\"vc_column-inner\"><div class=\"wpb_text_column us_custom_8b3d6790 has_text_color\"><div class=\"wpb_wrapper\"><p><span style=\"font-weight: 400;\">Sich an der Entwicklung der eigenen Kommune beteiligen zu k\u00f6nnen, sei das durch Beteiligungsformate f\u00fcr B\u00fcrger*innen, der gemeinsamen Durchf\u00fchrung von Projekten im Viertel oder der gemeinn\u00fctzigen ehrenamtlichen Arbeit in Vereinen, Initiativen oder Stiftungen, st\u00e4rkt das Gemeinschaftsgef\u00fchl, baut Barrieren ab, f\u00fchrt Menschen zusammen, erh\u00f6ht die Identifikation mit der Kommune und ist eine der wirksamsten Ma\u00dfnahmen gegen Hass, Hetze, Intoleranz und Ausgrenzung.<\/span><\/p>\n<p><span style=\"font-weight: 400;\">Gerade die kommunale Politik tr\u00e4gt hier eine besondere Verantwortung: Sie schafft die Rahmenbedingungen, in denen zivilgesellschaftliches Engagement gedeihen kann, er\u00f6ffnet R\u00e4ume f\u00fcr Dialog und Begegnung und sorgt daf\u00fcr, dass B\u00fcrger*innen mit ihren Ideen, Anliegen und F\u00e4higkeiten unmittelbar wirksam werden k\u00f6nnen.<\/span><\/p>\n<\/div><\/div><div class=\"w-separator size_medium\"><\/div><div class=\"w-btn-wrapper align_left\"><a class=\"w-btn us-btn-style_8 icon_atleft\" href=\"https:\/\/gruene-wiesbaden.de\/kommunalwahl#Kapitel2\"><i class=\"fas fa-chevron-circle-right\"><\/i><span class=\"w-btn-label\">Zur\u00fcck zur \u00dcbersicht<\/span><\/a><\/div><\/div><\/div><div class=\"wpb_column vc_column_container\"><div class=\"vc_column-inner\"><div class=\"w-image align_center\"><div class=\"w-image-h\"><img decoding=\"async\" width=\"750\" height=\"750\" src=\"https:\/\/gruene-wiesbaden.de\/wp-content\/uploads\/2025\/11\/2.6-Zivilgesellschaftliches-Engagement-1.jpg\" class=\"attachment-full size-full\" alt=\"\" loading=\"lazy\" srcset=\"https:\/\/gruene-wiesbaden.de\/wp-content\/uploads\/2025\/11\/2.6-Zivilgesellschaftliches-Engagement-1.jpg 750w, https:\/\/gruene-wiesbaden.de\/wp-content\/uploads\/2025\/11\/2.6-Zivilgesellschaftliches-Engagement-1-400x400.jpg 400w, https:\/\/gruene-wiesbaden.de\/wp-content\/uploads\/2025\/11\/2.6-Zivilgesellschaftliches-Engagement-1-600x600.jpg 600w, https:\/\/gruene-wiesbaden.de\/wp-content\/uploads\/2025\/11\/2.6-Zivilgesellschaftliches-Engagement-1-150x150.jpg 150w\" sizes=\"auto, (max-width: 750px) 100vw, 750px\" \/><\/div><\/div><div class=\"w-separator size_small\"><\/div><\/div><\/div><\/div><div class=\"w-separator size_medium\"><\/div><div class=\"w-separator size_medium\"><\/div><div class=\"wpb_text_column\"><div class=\"wpb_wrapper\"><h1>Was Zivilgesellschaftliches Engagement und Demokratief\u00f6rderung f\u00fcr uns bedeuten<\/h1>\n<\/div><\/div><div class=\"w-separator size_large\"><\/div><div class=\"g-cols wpb_row via_grid cols_3 laptops-cols_inherit tablets-cols_inherit mobiles-cols_1 valign_top type_default stacking_default\" style=\"--columns-gap:3rem;\"><div class=\"wpb_column vc_column_container\"><div class=\"vc_column-inner\"><div class=\"w-iconbox us_custom_8b3d6790 has_text_color iconpos_left style_default color_custom align_left\"><div class=\"w-iconbox-icon\" style=\"font-size:2rem;--icon-color:#Ffffff;--icon-bg-color:var(--color-header-middle-bg);\"><i class=\"fas fa-layer-group\"><\/i><\/div><div class=\"w-iconbox-meta\"><h4 class=\"w-iconbox-title\" style=\"font-size:1.5rem;\">Zivilgesellschaftliches Engagement f\u00f6rdert Begegnungen und baut Br\u00fccken<\/h4><div class=\"w-iconbox-text\"><p><span style=\"font-weight: 400;\">Wer sich gemeinsam engagiert, w\u00e4chst zusammen. Das schafft N\u00e4he, Verst\u00e4ndnis f\u00fcreinander und f\u00f6rdert gegenseitige Akzeptanz. Das wiederum f\u00f6rdert Vielfalt, Inklusion und Integration.<\/span><\/p>\n<\/div><\/div><\/div><\/div><\/div><div class=\"wpb_column vc_column_container\"><div class=\"vc_column-inner\"><div class=\"w-iconbox us_custom_8b3d6790 has_text_color iconpos_left style_default color_custom align_left\"><div class=\"w-iconbox-icon\" style=\"font-size:2rem;--icon-color:#Ffffff;--icon-bg-color:var(--color-header-transparent-text);\"><i class=\"fas fa-layer-group\"><\/i><\/div><div class=\"w-iconbox-meta\"><h4 class=\"w-iconbox-title\" style=\"font-size:1.5rem;\">Beteiligung der Stadtgesellschaft st\u00e4rkt die Demokratie<\/h4><div class=\"w-iconbox-text\"><p><span style=\"font-weight: 400;\">Beteiligungsprozesse f\u00fcr die Stadtgesellschaft f\u00f6rdern Teilhabe und Gestaltungsmacht. Das st\u00e4rkt demokratische Strukturen, baut Politikverdrossenheit vor, st\u00e4rkt die Einflussnahme der B\u00fcrger*innen und f\u00fchrt zu mehr Akzeptanz von politischen Entscheidungen.<\/span><\/p>\n<\/div><\/div><\/div><\/div><\/div><div class=\"wpb_column vc_column_container\"><div class=\"vc_column-inner\"><div class=\"w-iconbox us_custom_8b3d6790 has_text_color iconpos_left style_default color_custom align_left\"><div class=\"w-iconbox-icon\" style=\"font-size:2rem;--icon-color:#Ffffff;--icon-bg-color:var(--color-header-transparent-text);\"><i class=\"fas fa-layer-group\"><\/i><\/div><div class=\"w-iconbox-meta\"><h4 class=\"w-iconbox-title\" style=\"font-size:1.5rem;\">Engagement f\u00f6rdert Teilhabe<\/h4><div class=\"w-iconbox-text\"><p><span style=\"font-weight: 400;\">Wer sich engagiert, findet schneller Anschluss, kn\u00fcpft Bande, bildet Freundschaften und erf\u00e4hrt damit die Wirksamkeit des eigenen Engagements. Das erh\u00f6ht die Identifikation mit der Kommune, erweitert Horizonte, macht demokratische Aushandlungsprozesse und die eigenen Gestaltungsm\u00f6glichkeiten erlebbar.<\/span><\/p>\n<\/div><\/div><\/div><\/div><\/div><\/div><div class=\"w-separator size_medium\"><\/div><div class=\"w-separator size_medium\"><\/div><div class=\"w-btn-wrapper align_left\"><a class=\"w-btn us-btn-style_8 icon_atleft\" href=\"https:\/\/gruene-wiesbaden.de\/kommunalwahl\/#Kapitel2\"><i class=\"fas fa-chevron-circle-right\"><\/i><span class=\"w-btn-label\">Zur\u00fcck zur \u00dcbersicht<\/span><\/a><\/div><div class=\"w-separator size_medium\"><\/div><\/div><\/div><\/div><\/div><\/section><section class=\"l-section wpb_row height_auto with_img\"><div class=\"l-section-img\" role=\"img\" data-img-width=\"750\" data-img-height=\"750\" style=\"background-image: url(https:\/\/gruene-wiesbaden.de\/wp-content\/uploads\/2025\/11\/2.6-Zivilgesellschaftliches-Engagement-1.jpg);background-repeat: no-repeat;\"><\/div><div class=\"l-section-overlay\" style=\"background:var(--color-header-top-transparent-bg)\"><\/div><div class=\"l-section-h i-cf\"><div class=\"g-cols vc_row via_grid cols_1 laptops-cols_inherit tablets-cols_inherit mobiles-cols_1 valign_middle type_default stacking_default\" style=\"--columns-gap:1rem;\"><div class=\"wpb_column vc_column_container\"><div class=\"vc_column-inner\"><div class=\"w-separator size_large\"><\/div><div class=\"wpb_text_column background_inside_text\"><div class=\"wpb_wrapper\"><h1>Was wir konkret in diesem Bereich tun wollen<\/h1>\n<\/div><\/div><div class=\"w-separator size_medium\"><\/div><div class=\"w-tabs us_custom_42d693a0 has_text_color style_default switch_click accordion has_scrolling\" style=\"--sections-title-size:1.4rem\"><div class=\"w-tabs-sections titles-align_none icon_chevron cpos_right\"><div class=\"w-tabs-section has_text_color\" id=\"q3c3\" style=\"background:var(--color-header-transparent-text);color:var(--color-header-top-text-hover);\"><button class=\"w-tabs-section-header\" aria-controls=\"content-q3c3\" aria-expanded=\"false\"><div class=\"w-tabs-section-title\">Politische Bildung zur Aktivierung der Zivilgesellschaft<\/div><div class=\"w-tabs-section-control\"><\/div><\/button><div  class=\"w-tabs-section-content\" id=\"content-q3c3\"><div class=\"w-tabs-section-content-h i-cf\"><div class=\"wpb_text_column\"><div class=\"wpb_wrapper\"><p><span style=\"font-weight: 400;\">Demokratie lebt vom Mitmachen. Nur eine aktive und kritische Zivilgesellschaft hat die Kraft, die Demokratie gegen rechtsradikale Kr\u00e4fte zu verteidigen, die sie zerst\u00f6ren wollen. Spiegelbild, Kultureinrichtungen, Wir in Wiesbaden, der Fl\u00fcchtlingsrat oder auch der Ausl\u00e4nderbeirat: In Wiesbaden gibt es eine Vielzahl von Vereinen, Initiativen und Institutionen, die sich f\u00fcr eine offene und vielf\u00e4ltige Gesellschaft einsetzen. Wir wollen diese Strukturen unbedingt erhalten und gegen Einflussnahme von Rechts verteidigen. Auch in schwierigen Haushaltslagen.<\/span><\/p>\n<\/div><\/div><\/div><\/div><\/div><div class=\"w-tabs-section has_text_color\" id=\"b4e0\" style=\"background:var(--color-header-transparent-text);color:var(--color-header-top-text-hover);\"><button class=\"w-tabs-section-header\" aria-controls=\"content-b4e0\" aria-expanded=\"false\"><div class=\"w-tabs-section-title\">J\u00e4hrlich eine &#8222;Woche der Demokratie&#8222; in wechselnden Stadtteilen<\/div><div class=\"w-tabs-section-control\"><\/div><\/button><div  class=\"w-tabs-section-content\" id=\"content-b4e0\"><div class=\"w-tabs-section-content-h i-cf\"><div class=\"wpb_text_column\"><div class=\"wpb_wrapper\"><p><span style=\"font-weight: 400;\">Obwohl de facto die demokratische Grundordnung inklusive der Grundrechte das t\u00e4gliche Leben der Wiesbadener*innen ma\u00dfgeblich pr\u00e4gen, geht das konkrete Bewusstsein daf\u00fcr zur\u00fcck. Um Demokratie wieder hautnah sp\u00fcrbar und erlebbar zu machen, wollen wir jedes Jahr eine Woche lang in Workshops, Lesungen, Fu\u00dfballspielen, Gaming- Events und \u00c4hnlichem konkret transportieren, was Demokratie ist und bewirkt. Pilotprojekt bzw. Vorbild ist die erste Klarenthaler Demokratiewoche vom 22. bis 26. September 2025.<\/span><\/p>\n<\/div><\/div><\/div><\/div><\/div><div class=\"w-tabs-section has_text_color\" id=\"b5fc\" style=\"background:var(--color-header-transparent-text);color:var(--color-header-top-text-hover);\"><button class=\"w-tabs-section-header\" aria-controls=\"content-b5fc\" aria-expanded=\"false\"><div class=\"w-tabs-section-title\">Belebung der St\u00e4dtepartnerschaften<\/div><div class=\"w-tabs-section-control\"><\/div><\/button><div  class=\"w-tabs-section-content\" id=\"content-b5fc\"><div class=\"w-tabs-section-content-h i-cf\"><div class=\"wpb_text_column\"><div class=\"wpb_wrapper\"><p><span style=\"font-weight: 400;\">Wiesbaden ist Rainbow City, Europastadt, im B\u00fcndnis NExT und beteiligt sich am Bundesnetzwerk DemokratieLeben. Wir wollen die Partnerschaftsvereine st\u00e4rker unterst\u00fctzen, um den Austausch und die St\u00e4rkung demokratischer Werte weiter zu f\u00f6rdern. Dies auch vor dem Hintergrund, dass es Partnerst\u00e4dte gibt, in denen demokratische Werte und gelebte Vielfalt zunehmend unter Druck geraten, wie etwa in Istanbul oder G\u00f6rlitz.<\/span><\/p>\n<\/div><\/div><\/div><\/div><\/div><div class=\"w-tabs-section has_text_color\" id=\"k712\" style=\"background:var(--color-header-middle-bg);color:var(--color-content-heading);\"><button class=\"w-tabs-section-header\" aria-controls=\"content-k712\" aria-expanded=\"false\"><div class=\"w-tabs-section-title\">B\u00fcrger*innenrat Pilotprojekt<\/div><div class=\"w-tabs-section-control\"><\/div><\/button><div  class=\"w-tabs-section-content\" id=\"content-k712\"><div class=\"w-tabs-section-content-h i-cf\"><div class=\"wpb_text_column\"><div class=\"wpb_wrapper\"><p><span style=\"font-weight: 400;\">Wichtige Wiesbadener*innen, insbesondere Jugendliche und Menschen mit Migrationshintergrund, finden aktuell noch relativ wenig Zugang zu den bereits existierenden M\u00f6glichkeiten der B\u00fcrger*innenbeteiligung &#8211; wie etwa Ortsbeir\u00e4te, der Seniorenbeirat oder der Ausl\u00e4nderbeirat. Es sollte deshalb ein weiterer Zugang er\u00f6ffnet werden, der dieses System vervollst\u00e4ndigt: ein B\u00fcrger*innenrat. Dieser kann bei stadtweit relevanten Themen einberufen werden. Die Teilnahme ist allen Wiesbadener*innen m\u00f6glich. Wir wollen uns f\u00fcr ein Pilotprojekt einsetzen, um dieses Format auf Stadtebene zu testen.<\/span><\/p>\n<\/div><\/div><\/div><\/div><\/div><div class=\"w-tabs-section has_text_color\" id=\"t838\" style=\"background:var(--color-header-transparent-text);color:var(--color-header-top-text-hover);\"><button class=\"w-tabs-section-header\" aria-controls=\"content-t838\" aria-expanded=\"false\"><div class=\"w-tabs-section-title\">Beteiligung st\u00e4rken<\/div><div class=\"w-tabs-section-control\"><\/div><\/button><div  class=\"w-tabs-section-content\" id=\"content-t838\"><div class=\"w-tabs-section-content-h i-cf\"><div class=\"wpb_text_column\"><div class=\"wpb_wrapper\"><p><span style=\"font-weight: 400;\">Wir bauen bestehende Formate wie <\/span><i><span style=\"font-weight: 400;\">Wiesbaden wirkt <\/span><\/i><span style=\"font-weight: 400;\">konsequent aus und entwickeln neue digitale Beteiligungsinstrumente. So wird Mitgestaltung einfacher, transparenter und attraktiver. B\u00fcrger*innen erhalten mehr Einfluss auf Projekte in ihrer Stadt \u2013 von Stadtplanung \u00fcber Kultur bis hin zu Umwelt- und Klimaschutz. Mit hybriden Angeboten (vor Ort und digital) wollen wir besonders junge Menschen und bisher wenig erreichte Gruppen ansprechen. So wird Wiesbaden zu einer Stadt, in der Partizipation selbstverst\u00e4ndlich ist und Entscheidungen gemeinsam gestaltet werden.<\/span><\/p>\n<\/div><\/div><\/div><\/div><\/div><div class=\"w-tabs-section has_text_color\" id=\"g95c\" style=\"background:var(--color-header-middle-bg);color:var(--color-header-middle-text);\"><button class=\"w-tabs-section-header\" aria-controls=\"content-g95c\" aria-expanded=\"false\"><div class=\"w-tabs-section-title\">Bestehende Strukturen erhalten und st\u00e4rken<\/div><div class=\"w-tabs-section-control\"><\/div><\/button><div  class=\"w-tabs-section-content\" id=\"content-g95c\"><div class=\"w-tabs-section-content-h i-cf\"><div class=\"wpb_text_column\"><div class=\"wpb_wrapper\"><p><span style=\"font-weight: 400;\">Wiesbaden hat mit dem Freiwilligenzentrum, der Wiesbaden Stiftung, der Servicestelle f\u00fcr Vereine oder auch dem B\u00fcrgerkolleg eine breite Infrastruktur aufgebaut. Diese bringt Menschen nicht nur an gemeinn\u00fctzige Arbeit und die Vielzahl von aktiven Initiativen und Vereinen heran, sondern qualifiziert Menschen auch auf den verschiedensten Gebieten, sodass sie ehrenamtlich wirken k\u00f6nnen. Gerade in Zeiten angespannter Haushalte darf dieses bestehende Netzwerk nicht angegriffen werden, sondern muss perspektivisch noch ausgebaut werden.<\/span><\/p>\n<\/div><\/div><\/div><\/div><\/div><div class=\"w-tabs-section has_text_color\" id=\"ea74\" style=\"background:var(--color-header-transparent-text);color:var(--color-header-top-text-hover);\"><button class=\"w-tabs-section-header\" aria-controls=\"content-ea74\" aria-expanded=\"false\"><div class=\"w-tabs-section-title\">Engagement braucht Nachwuchs<\/div><div class=\"w-tabs-section-control\"><\/div><\/button><div  class=\"w-tabs-section-content\" id=\"content-ea74\"><div class=\"w-tabs-section-content-h i-cf\"><div class=\"wpb_text_column\"><div class=\"wpb_wrapper\"><p><span style=\"font-weight: 400;\">Damit sich auch weiterhin Menschen f\u00fcr unsere Kommune engagieren, wollen wir vor allem Ma\u00dfnahmen st\u00e4rker unterst\u00fctzen, die junge Menschen f\u00fcr ein Engagement begeistern. Programme wie Jung und Engagiert oder Institutionen wie das Jugendinformationszentrum (JIZ) oder das Jugendparlament m\u00fcssen daher unbedingt weiter gef\u00f6rdert werden, damit Jugendliche Spa\u00df an Mitgestaltung und Engagement bekommen. Dar\u00fcber hinaus wollen wir Ma\u00dfnahmen unterst\u00fctzen, die die Wertsch\u00e4tzung f\u00fcr Menschen erh\u00f6hen, die sich ehrenamtlich engagieren. So wollen wir die Ehrenamtskarte bekannter machen und einmal im Jahr ein Dankesfest f\u00fcr Ehrenamtliche einf\u00fchren.<\/span><\/p>\n<\/div><\/div><\/div><\/div><\/div><\/div><\/div><div class=\"w-separator size_medium\"><\/div><div class=\"w-btn-wrapper align_left\"><a class=\"w-btn us-btn-style_8 icon_atleft\" href=\"https:\/\/gruene-wiesbaden.de\/kommunalwahl\/#Kapitel2\"><i class=\"fas fa-chevron-circle-right\"><\/i><span class=\"w-btn-label\">Zur\u00fcck zur \u00dcbersicht<\/span><\/a><\/div><div class=\"w-separator size_large\"><\/div><div class=\"wpb_text_column\"><div class=\"wpb_wrapper\"><h1>Was wir bereits erreicht haben<\/h1>\n<\/div><\/div><div class=\"w-separator size_medium\"><\/div><div class=\"w-tabs us_custom_42d693a0 has_text_color style_default switch_click accordion has_scrolling\" style=\"--sections-title-size:1.4rem\"><div class=\"w-tabs-sections titles-align_none icon_chevron cpos_right\"><div class=\"w-tabs-section has_text_color\" id=\"ma82\" style=\"background:var(--color-header-transparent-text);color:var(--color-header-top-text-hover);\"><button class=\"w-tabs-section-header\" aria-controls=\"content-ma82\" aria-expanded=\"false\"><div class=\"w-tabs-section-title\">Aus Dein.Wiesbaden wird Wiesbaden Wirkt<\/div><div class=\"w-tabs-section-control\"><\/div><\/button><div  class=\"w-tabs-section-content\" id=\"content-ma82\"><div class=\"w-tabs-section-content-h i-cf\"><div class=\"wpb_text_column\"><div class=\"wpb_wrapper\"><p><span style=\"font-weight: 400;\">Die Website wurde neu aufgesetzt. Es wurden wesentliche Verbesserungsm\u00f6glichkeiten vor allem, was die digitalen Beteiligungsm\u00f6glichkeiten angeht, implementiert. Dadurch k\u00f6nnen sich mehr B\u00fcrger*innen niederschwellig aktiv einbringen, Ideen einreichen und Diskussionen mitgestalten \u2013 ein Gewinn f\u00fcr Demokratie und Stadtentwicklung.<\/span><\/p>\n<\/div><\/div><\/div><\/div><\/div><div class=\"w-tabs-section has_text_color\" id=\"jba6\" style=\"background:var(--color-header-transparent-text);color:var(--color-header-top-text-hover);\"><button class=\"w-tabs-section-header\" aria-controls=\"content-jba6\" aria-expanded=\"false\"><div class=\"w-tabs-section-title\">Vernetzung PiWI \/ Wiesbaden Wirkt<\/div><div class=\"w-tabs-section-control\"><\/div><\/button><div  class=\"w-tabs-section-content\" id=\"content-jba6\"><div class=\"w-tabs-section-content-h i-cf\"><div class=\"wpb_text_column\"><div class=\"wpb_wrapper\"><p><span style=\"font-weight: 400;\">Durch die Darstellung aller Sitzungsvorlagen auf <\/span><i><span style=\"font-weight: 400;\">Wiesbaden Wirkt<\/span><\/i><span style=\"font-weight: 400;\"> wurde mehr Transparenz geschaffen und die Beteiligungsplattform aufgewertet.<\/span><\/p>\n<\/div><\/div><\/div><\/div><\/div><div class=\"w-tabs-section has_text_color\" id=\"ycc0\" style=\"background:var(--color-header-transparent-text);color:var(--color-header-top-text-hover);\"><button class=\"w-tabs-section-header\" aria-controls=\"content-ycc0\" aria-expanded=\"false\"><div class=\"w-tabs-section-title\">Regelm\u00e4\u00dfiger Austausch zwischen Verwaltung und Politik<\/div><div class=\"w-tabs-section-control\"><\/div><\/button><div  class=\"w-tabs-section-content\" id=\"content-ycc0\"><div class=\"w-tabs-section-content-h i-cf\"><div class=\"wpb_text_column\"><div class=\"wpb_wrapper\"><p><span style=\"font-weight: 400;\">Die &#8222;Leitlinien f\u00fcr B\u00fcrgerbeteiligung&#8220; sowie der Beteiligungsprozess werden stetig evaluiert und angepasst im Austausch zwischen Verwaltung und Politik.<\/span><\/p>\n<\/div><\/div><\/div><\/div><\/div><div class=\"w-tabs-section has_text_color\" id=\"udd3\" style=\"background:var(--color-header-middle-bg);color:var(--color-content-heading);\"><button class=\"w-tabs-section-header\" aria-controls=\"content-udd3\" aria-expanded=\"false\"><div class=\"w-tabs-section-title\">Ehrenamtskarte st\u00e4rken<\/div><div class=\"w-tabs-section-control\"><\/div><\/button><div  class=\"w-tabs-section-content\" id=\"content-udd3\"><div class=\"w-tabs-section-content-h i-cf\"><div class=\"wpb_text_column\"><div class=\"wpb_wrapper\"><p><span style=\"font-weight: 400;\">Durch mehr \u00d6ffentlichkeitsarbeit, die Gewinnung neuer Partnerbetriebe und die Zusammenfassung von Leistungen in einer Wiesbaden Card sollen Synergieeffekte geschaffen werden. Hier wurde ein Prozess gestartet. Die Implementierung einer einheitlichen Karte ist noch nicht abgeschlossen.<\/span><\/p>\n<\/div><\/div><\/div><\/div><\/div><div class=\"w-tabs-section has_text_color\" id=\"gee5\" style=\"background:var(--color-header-transparent-text);color:var(--color-header-top-text-hover);\"><button class=\"w-tabs-section-header\" aria-controls=\"content-gee5\" aria-expanded=\"false\"><div class=\"w-tabs-section-title\">Willkommenspaket<\/div><div class=\"w-tabs-section-control\"><\/div><\/button><div  class=\"w-tabs-section-content\" id=\"content-gee5\"><div class=\"w-tabs-section-content-h i-cf\"><div class=\"wpb_text_column\"><div class=\"wpb_wrapper\"><p><span style=\"font-weight: 400;\">Neub\u00fcrger*innen in Wiesbaden bekommen Informationen \u00fcber den Zugang zu M\u00f6glichkeiten, sich ehrenamtlich zu engagieren. Die Idee ist auf dem Weg. Die Verwaltung pr\u00fcft die Umsetzung.<\/span><\/p>\n<\/div><\/div><\/div><\/div><\/div><\/div><\/div><div class=\"w-separator size_medium\"><\/div><div class=\"w-btn-wrapper align_left\"><a class=\"w-btn us-btn-style_8 icon_atleft\" href=\"https:\/\/gruene-wiesbaden.de\/kommunalwahl\/#Kapitel2\"><i class=\"fas fa-chevron-circle-right\"><\/i><span class=\"w-btn-label\">Zur\u00fcck zur \u00dcbersicht<\/span><\/a><\/div><div class=\"w-separator size_large\"><\/div><\/div><\/div><\/div><\/div><\/section>\n","protected":false},"excerpt":{"rendered":"Zivilgesellschaftliches Engagement und Demokratief\u00f6rderungSich an der Entwicklung der eigenen Kommune beteiligen zu k\u00f6nnen, sei das durch Beteiligungsformate f\u00fcr B\u00fcrger*innen, der gemeinsamen Durchf\u00fchrung von Projekten im Viertel oder der gemeinn\u00fctzigen ehrenamtlichen Arbeit in Vereinen, Initiativen oder Stiftungen, st\u00e4rkt das Gemeinschaftsgef\u00fchl, baut Barrieren ab, f\u00fchrt Menschen zusammen, erh\u00f6ht die Identifikation mit der Kommune und ist eine der...","protected":false},"author":1,"featured_media":1490,"comment_status":"closed","ping_status":"closed","sticky":false,"template":"","format":"standard","meta":{"footnotes":""},"categories":[15],"tags":[],"class_list":["post-1359","post","type-post","status-publish","format-standard","has-post-thumbnail","hentry","category-kapitel-2"],"yoast_head":"<!-- This site is optimized with the Yoast SEO plugin v27.5 - https:\/\/yoast.com\/product\/yoast-seo-wordpress\/ -->\n<title>Zivilgesellschaftliches Engagement und Demokratief\u00f6rderung - B\u00dcNDNIS 90\/DIE GR\u00dcNEN Wiesbaden<\/title>\n<meta name=\"robots\" content=\"index, follow, max-snippet:-1, max-image-preview:large, max-video-preview:-1\" \/>\n<link rel=\"canonical\" href=\"https:\/\/gruene-wiesbaden.de\/de\/zivilgesellschaftliches-engagement-und-demokratiefoerderung\/\" \/>\n<meta property=\"og:locale\" content=\"de_DE\" \/>\n<meta property=\"og:type\" content=\"article\" \/>\n<meta property=\"og:title\" content=\"Zivilgesellschaftliches Engagement und Demokratief\u00f6rderung - B\u00dcNDNIS 90\/DIE GR\u00dcNEN Wiesbaden\" \/>\n<meta property=\"og:url\" content=\"https:\/\/gruene-wiesbaden.de\/de\/zivilgesellschaftliches-engagement-und-demokratiefoerderung\/\" \/>\n<meta property=\"og:site_name\" content=\"B\u00dcNDNIS 90\/DIE GR\u00dcNEN Wiesbaden\" \/>\n<meta property=\"article:publisher\" content=\"https:\/\/www.facebook.com\/gruene.wi\" \/>\n<meta property=\"article:published_time\" content=\"2025-11-09T22:15:14+00:00\" \/>\n<meta property=\"article:modified_time\" content=\"2026-04-09T08:34:43+00:00\" \/>\n<meta property=\"og:image\" content=\"https:\/\/gruene-wiesbaden.de\/wp-content\/uploads\/2025\/11\/2.6-Zivilgesellschaftliches-Engagement-1.jpg\" \/>\n\t<meta property=\"og:image:width\" content=\"750\" \/>\n\t<meta property=\"og:image:height\" content=\"750\" \/>\n\t<meta property=\"og:image:type\" content=\"image\/jpeg\" \/>\n<meta name=\"author\" content=\"admin\" \/>\n<meta name=\"twitter:card\" content=\"summary_large_image\" \/>\n<meta name=\"twitter:label1\" content=\"Verfasst von\" \/>\n\t<meta name=\"twitter:data1\" content=\"admin\" \/>\n\t<meta name=\"twitter:label2\" content=\"Gesch\u00e4tzte Lesezeit\" \/>\n\t<meta name=\"twitter:data2\" content=\"7\u00a0Minuten\" \/>\n<script type=\"application\/ld+json\" class=\"yoast-schema-graph\">{\"@context\":\"https:\\\/\\\/schema.org\",\"@graph\":[{\"@type\":\"Article\",\"@id\":\"https:\\\/\\\/gruene-wiesbaden.de\\\/zivilgesellschaftliches-engagement-und-demokratiefoerderung\\\/#article\",\"isPartOf\":{\"@id\":\"https:\\\/\\\/gruene-wiesbaden.de\\\/zivilgesellschaftliches-engagement-und-demokratiefoerderung\\\/\"},\"author\":{\"name\":\"admin\",\"@id\":\"https:\\\/\\\/gruene-wiesbaden.de\\\/#\\\/schema\\\/person\\\/6785c34779159cd4fd86886bb097afe9\"},\"headline\":\"Zivilgesellschaftliches Engagement und Demokratief\u00f6rderung\",\"datePublished\":\"2025-11-09T22:15:14+00:00\",\"dateModified\":\"2026-04-09T08:34:43+00:00\",\"mainEntityOfPage\":{\"@id\":\"https:\\\/\\\/gruene-wiesbaden.de\\\/zivilgesellschaftliches-engagement-und-demokratiefoerderung\\\/\"},\"wordCount\":1885,\"publisher\":{\"@id\":\"https:\\\/\\\/gruene-wiesbaden.de\\\/#organization\"},\"image\":{\"@id\":\"https:\\\/\\\/gruene-wiesbaden.de\\\/zivilgesellschaftliches-engagement-und-demokratiefoerderung\\\/#primaryimage\"},\"thumbnailUrl\":\"https:\\\/\\\/gruene-wiesbaden.de\\\/wp-content\\\/uploads\\\/2025\\\/11\\\/2.6-Zivilgesellschaftliches-Engagement-1.jpg\",\"articleSection\":[\"Kapitel 2\"],\"inLanguage\":\"de\"},{\"@type\":\"WebPage\",\"@id\":\"https:\\\/\\\/gruene-wiesbaden.de\\\/zivilgesellschaftliches-engagement-und-demokratiefoerderung\\\/\",\"url\":\"https:\\\/\\\/gruene-wiesbaden.de\\\/zivilgesellschaftliches-engagement-und-demokratiefoerderung\\\/\",\"name\":\"Zivilgesellschaftliches Engagement und Demokratief\u00f6rderung - B\u00dcNDNIS 90\\\/DIE GR\u00dcNEN Wiesbaden\",\"isPartOf\":{\"@id\":\"https:\\\/\\\/gruene-wiesbaden.de\\\/#website\"},\"primaryImageOfPage\":{\"@id\":\"https:\\\/\\\/gruene-wiesbaden.de\\\/zivilgesellschaftliches-engagement-und-demokratiefoerderung\\\/#primaryimage\"},\"image\":{\"@id\":\"https:\\\/\\\/gruene-wiesbaden.de\\\/zivilgesellschaftliches-engagement-und-demokratiefoerderung\\\/#primaryimage\"},\"thumbnailUrl\":\"https:\\\/\\\/gruene-wiesbaden.de\\\/wp-content\\\/uploads\\\/2025\\\/11\\\/2.6-Zivilgesellschaftliches-Engagement-1.jpg\",\"datePublished\":\"2025-11-09T22:15:14+00:00\",\"dateModified\":\"2026-04-09T08:34:43+00:00\",\"breadcrumb\":{\"@id\":\"https:\\\/\\\/gruene-wiesbaden.de\\\/zivilgesellschaftliches-engagement-und-demokratiefoerderung\\\/#breadcrumb\"},\"inLanguage\":\"de\",\"potentialAction\":[{\"@type\":\"ReadAction\",\"target\":[\"https:\\\/\\\/gruene-wiesbaden.de\\\/zivilgesellschaftliches-engagement-und-demokratiefoerderung\\\/\"]}]},{\"@type\":\"ImageObject\",\"inLanguage\":\"de\",\"@id\":\"https:\\\/\\\/gruene-wiesbaden.de\\\/zivilgesellschaftliches-engagement-und-demokratiefoerderung\\\/#primaryimage\",\"url\":\"https:\\\/\\\/gruene-wiesbaden.de\\\/wp-content\\\/uploads\\\/2025\\\/11\\\/2.6-Zivilgesellschaftliches-Engagement-1.jpg\",\"contentUrl\":\"https:\\\/\\\/gruene-wiesbaden.de\\\/wp-content\\\/uploads\\\/2025\\\/11\\\/2.6-Zivilgesellschaftliches-Engagement-1.jpg\",\"width\":750,\"height\":750},{\"@type\":\"BreadcrumbList\",\"@id\":\"https:\\\/\\\/gruene-wiesbaden.de\\\/zivilgesellschaftliches-engagement-und-demokratiefoerderung\\\/#breadcrumb\",\"itemListElement\":[{\"@type\":\"ListItem\",\"position\":1,\"name\":\"Startseite\",\"item\":\"https:\\\/\\\/gruene-wiesbaden.de\\\/\"},{\"@type\":\"ListItem\",\"position\":2,\"name\":\"Zivilgesellschaftliches Engagement und Demokratief\u00f6rderung\"}]},{\"@type\":\"WebSite\",\"@id\":\"https:\\\/\\\/gruene-wiesbaden.de\\\/#website\",\"url\":\"https:\\\/\\\/gruene-wiesbaden.de\\\/\",\"name\":\"DIE GR\u00dcNEN Wiesbaden\",\"description\":\"\",\"publisher\":{\"@id\":\"https:\\\/\\\/gruene-wiesbaden.de\\\/#organization\"},\"potentialAction\":[{\"@type\":\"SearchAction\",\"target\":{\"@type\":\"EntryPoint\",\"urlTemplate\":\"https:\\\/\\\/gruene-wiesbaden.de\\\/?s={search_term_string}\"},\"query-input\":{\"@type\":\"PropertyValueSpecification\",\"valueRequired\":true,\"valueName\":\"search_term_string\"}}],\"inLanguage\":\"de\"},{\"@type\":\"Organization\",\"@id\":\"https:\\\/\\\/gruene-wiesbaden.de\\\/#organization\",\"name\":\"DIE GR\u00dcNEN Wiesbaden\",\"url\":\"https:\\\/\\\/gruene-wiesbaden.de\\\/\",\"logo\":{\"@type\":\"ImageObject\",\"inLanguage\":\"de\",\"@id\":\"https:\\\/\\\/gruene-wiesbaden.de\\\/#\\\/schema\\\/logo\\\/image\\\/\",\"url\":\"https:\\\/\\\/gruene-wiesbaden-fuer-europa.de\\\/wp-content\\\/uploads\\\/2024\\\/04\\\/Machen-was-zaehlt-5.png\",\"contentUrl\":\"https:\\\/\\\/gruene-wiesbaden-fuer-europa.de\\\/wp-content\\\/uploads\\\/2024\\\/04\\\/Machen-was-zaehlt-5.png\",\"width\":1772,\"height\":1772,\"caption\":\"DIE GR\u00dcNEN Wiesbaden\"},\"image\":{\"@id\":\"https:\\\/\\\/gruene-wiesbaden.de\\\/#\\\/schema\\\/logo\\\/image\\\/\"},\"sameAs\":[\"https:\\\/\\\/www.facebook.com\\\/gruene.wi\",\"https:\\\/\\\/instagram.com\\\/gruene_wi\"]},{\"@type\":\"Person\",\"@id\":\"https:\\\/\\\/gruene-wiesbaden.de\\\/#\\\/schema\\\/person\\\/6785c34779159cd4fd86886bb097afe9\",\"name\":\"admin\",\"sameAs\":[\"http:\\\/\\\/gruene-wiesbaden-fuer-europa.de\"],\"url\":\"https:\\\/\\\/gruene-wiesbaden.de\\\/de\\\/author\\\/admin\\\/\"}]}<\/script>\n<!-- \/ Yoast SEO plugin. -->","yoast_head_json":{"title":"Zivilgesellschaftliches Engagement und Demokratief\u00f6rderung - B\u00dcNDNIS 90\/DIE GR\u00dcNEN Wiesbaden","robots":{"index":"index","follow":"follow","max-snippet":"max-snippet:-1","max-image-preview":"max-image-preview:large","max-video-preview":"max-video-preview:-1"},"canonical":"https:\/\/gruene-wiesbaden.de\/de\/zivilgesellschaftliches-engagement-und-demokratiefoerderung\/","og_locale":"de_DE","og_type":"article","og_title":"Zivilgesellschaftliches Engagement und Demokratief\u00f6rderung - B\u00dcNDNIS 90\/DIE GR\u00dcNEN Wiesbaden","og_url":"https:\/\/gruene-wiesbaden.de\/de\/zivilgesellschaftliches-engagement-und-demokratiefoerderung\/","og_site_name":"B\u00dcNDNIS 90\/DIE GR\u00dcNEN Wiesbaden","article_publisher":"https:\/\/www.facebook.com\/gruene.wi","article_published_time":"2025-11-09T22:15:14+00:00","article_modified_time":"2026-04-09T08:34:43+00:00","og_image":[{"width":750,"height":750,"url":"https:\/\/gruene-wiesbaden.de\/wp-content\/uploads\/2025\/11\/2.6-Zivilgesellschaftliches-Engagement-1.jpg","type":"image\/jpeg"}],"author":"admin","twitter_card":"summary_large_image","twitter_misc":{"Verfasst von":"admin","Gesch\u00e4tzte Lesezeit":"7\u00a0Minuten"},"schema":{"@context":"https:\/\/schema.org","@graph":[{"@type":"Article","@id":"https:\/\/gruene-wiesbaden.de\/zivilgesellschaftliches-engagement-und-demokratiefoerderung\/#article","isPartOf":{"@id":"https:\/\/gruene-wiesbaden.de\/zivilgesellschaftliches-engagement-und-demokratiefoerderung\/"},"author":{"name":"admin","@id":"https:\/\/gruene-wiesbaden.de\/#\/schema\/person\/6785c34779159cd4fd86886bb097afe9"},"headline":"Zivilgesellschaftliches Engagement und Demokratief\u00f6rderung","datePublished":"2025-11-09T22:15:14+00:00","dateModified":"2026-04-09T08:34:43+00:00","mainEntityOfPage":{"@id":"https:\/\/gruene-wiesbaden.de\/zivilgesellschaftliches-engagement-und-demokratiefoerderung\/"},"wordCount":1885,"publisher":{"@id":"https:\/\/gruene-wiesbaden.de\/#organization"},"image":{"@id":"https:\/\/gruene-wiesbaden.de\/zivilgesellschaftliches-engagement-und-demokratiefoerderung\/#primaryimage"},"thumbnailUrl":"https:\/\/gruene-wiesbaden.de\/wp-content\/uploads\/2025\/11\/2.6-Zivilgesellschaftliches-Engagement-1.jpg","articleSection":["Kapitel 2"],"inLanguage":"de"},{"@type":"WebPage","@id":"https:\/\/gruene-wiesbaden.de\/zivilgesellschaftliches-engagement-und-demokratiefoerderung\/","url":"https:\/\/gruene-wiesbaden.de\/zivilgesellschaftliches-engagement-und-demokratiefoerderung\/","name":"Zivilgesellschaftliches Engagement und Demokratief\u00f6rderung - B\u00dcNDNIS 90\/DIE GR\u00dcNEN Wiesbaden","isPartOf":{"@id":"https:\/\/gruene-wiesbaden.de\/#website"},"primaryImageOfPage":{"@id":"https:\/\/gruene-wiesbaden.de\/zivilgesellschaftliches-engagement-und-demokratiefoerderung\/#primaryimage"},"image":{"@id":"https:\/\/gruene-wiesbaden.de\/zivilgesellschaftliches-engagement-und-demokratiefoerderung\/#primaryimage"},"thumbnailUrl":"https:\/\/gruene-wiesbaden.de\/wp-content\/uploads\/2025\/11\/2.6-Zivilgesellschaftliches-Engagement-1.jpg","datePublished":"2025-11-09T22:15:14+00:00","dateModified":"2026-04-09T08:34:43+00:00","breadcrumb":{"@id":"https:\/\/gruene-wiesbaden.de\/zivilgesellschaftliches-engagement-und-demokratiefoerderung\/#breadcrumb"},"inLanguage":"de","potentialAction":[{"@type":"ReadAction","target":["https:\/\/gruene-wiesbaden.de\/zivilgesellschaftliches-engagement-und-demokratiefoerderung\/"]}]},{"@type":"ImageObject","inLanguage":"de","@id":"https:\/\/gruene-wiesbaden.de\/zivilgesellschaftliches-engagement-und-demokratiefoerderung\/#primaryimage","url":"https:\/\/gruene-wiesbaden.de\/wp-content\/uploads\/2025\/11\/2.6-Zivilgesellschaftliches-Engagement-1.jpg","contentUrl":"https:\/\/gruene-wiesbaden.de\/wp-content\/uploads\/2025\/11\/2.6-Zivilgesellschaftliches-Engagement-1.jpg","width":750,"height":750},{"@type":"BreadcrumbList","@id":"https:\/\/gruene-wiesbaden.de\/zivilgesellschaftliches-engagement-und-demokratiefoerderung\/#breadcrumb","itemListElement":[{"@type":"ListItem","position":1,"name":"Startseite","item":"https:\/\/gruene-wiesbaden.de\/"},{"@type":"ListItem","position":2,"name":"Zivilgesellschaftliches Engagement und Demokratief\u00f6rderung"}]},{"@type":"WebSite","@id":"https:\/\/gruene-wiesbaden.de\/#website","url":"https:\/\/gruene-wiesbaden.de\/","name":"DIE GR\u00dcNEN Wiesbaden","description":"","publisher":{"@id":"https:\/\/gruene-wiesbaden.de\/#organization"},"potentialAction":[{"@type":"SearchAction","target":{"@type":"EntryPoint","urlTemplate":"https:\/\/gruene-wiesbaden.de\/?s={search_term_string}"},"query-input":{"@type":"PropertyValueSpecification","valueRequired":true,"valueName":"search_term_string"}}],"inLanguage":"de"},{"@type":"Organization","@id":"https:\/\/gruene-wiesbaden.de\/#organization","name":"DIE GR\u00dcNEN Wiesbaden","url":"https:\/\/gruene-wiesbaden.de\/","logo":{"@type":"ImageObject","inLanguage":"de","@id":"https:\/\/gruene-wiesbaden.de\/#\/schema\/logo\/image\/","url":"https:\/\/gruene-wiesbaden-fuer-europa.de\/wp-content\/uploads\/2024\/04\/Machen-was-zaehlt-5.png","contentUrl":"https:\/\/gruene-wiesbaden-fuer-europa.de\/wp-content\/uploads\/2024\/04\/Machen-was-zaehlt-5.png","width":1772,"height":1772,"caption":"DIE GR\u00dcNEN Wiesbaden"},"image":{"@id":"https:\/\/gruene-wiesbaden.de\/#\/schema\/logo\/image\/"},"sameAs":["https:\/\/www.facebook.com\/gruene.wi","https:\/\/instagram.com\/gruene_wi"]},{"@type":"Person","@id":"https:\/\/gruene-wiesbaden.de\/#\/schema\/person\/6785c34779159cd4fd86886bb097afe9","name":"admin","sameAs":["http:\/\/gruene-wiesbaden-fuer-europa.de"],"url":"https:\/\/gruene-wiesbaden.de\/de\/author\/admin\/"}]}},"_links":{"self":[{"href":"https:\/\/gruene-wiesbaden.de\/de\/wp-json\/wp\/v2\/posts\/1359","targetHints":{"allow":["GET"]}}],"collection":[{"href":"https:\/\/gruene-wiesbaden.de\/de\/wp-json\/wp\/v2\/posts"}],"about":[{"href":"https:\/\/gruene-wiesbaden.de\/de\/wp-json\/wp\/v2\/types\/post"}],"author":[{"embeddable":true,"href":"https:\/\/gruene-wiesbaden.de\/de\/wp-json\/wp\/v2\/users\/1"}],"replies":[{"embeddable":true,"href":"https:\/\/gruene-wiesbaden.de\/de\/wp-json\/wp\/v2\/comments?post=1359"}],"version-history":[{"count":7,"href":"https:\/\/gruene-wiesbaden.de\/de\/wp-json\/wp\/v2\/posts\/1359\/revisions"}],"predecessor-version":[{"id":2394,"href":"https:\/\/gruene-wiesbaden.de\/de\/wp-json\/wp\/v2\/posts\/1359\/revisions\/2394"}],"wp:featuredmedia":[{"embeddable":true,"href":"https:\/\/gruene-wiesbaden.de\/de\/wp-json\/wp\/v2\/media\/1490"}],"wp:attachment":[{"href":"https:\/\/gruene-wiesbaden.de\/de\/wp-json\/wp\/v2\/media?parent=1359"}],"wp:term":[{"taxonomy":"category","embeddable":true,"href":"https:\/\/gruene-wiesbaden.de\/de\/wp-json\/wp\/v2\/categories?post=1359"},{"taxonomy":"post_tag","embeddable":true,"href":"https:\/\/gruene-wiesbaden.de\/de\/wp-json\/wp\/v2\/tags?post=1359"}],"curies":[{"name":"wp","href":"https:\/\/api.w.org\/{rel}","templated":true}]}}