{"id":1349,"date":"2025-11-10T00:09:19","date_gmt":"2025-11-09T22:09:19","guid":{"rendered":"https:\/\/gruene-wiesbaden.de\/?p=1349"},"modified":"2026-04-09T10:25:16","modified_gmt":"2026-04-09T08:25:16","slug":"geschlechtergerechtigkeit","status":"publish","type":"post","link":"https:\/\/gruene-wiesbaden.de\/de\/geschlechtergerechtigkeit\/","title":{"rendered":"Geschlechtergerechtigkeit"},"content":{"rendered":"<section class=\"l-section wpb_row height_medium with_img\"><div class=\"l-section-img\" role=\"img\" data-img-width=\"1080\" data-img-height=\"800\" style=\"background-image: url(https:\/\/gruene-wiesbaden.de\/wp-content\/uploads\/2025\/11\/neuer-Verlauf-gruene-wiesbaden.de_-2-e1762709402177.png);\"><\/div><div class=\"l-section-overlay\" style=\"background:var(--color-header-top-transparent-bg)\"><\/div><div class=\"l-section-h i-cf\"><div class=\"g-cols vc_row via_grid cols_1 laptops-cols_inherit tablets-cols_inherit mobiles-cols_1 valign_top type_default stacking_default\"><div class=\"wpb_column vc_column_container\"><div class=\"vc_column-inner\"><h1 class=\"w-post-elm post_title us_custom_a574d586 has_text_color entry-title\">Geschlechtergerechtigkeit<\/h1><div class=\"w-separator size_medium\"><\/div><div class=\"g-cols wpb_row via_grid cols_2-1 laptops-cols_inherit tablets-cols_inherit mobiles-cols_1 valign_top type_default stacking_default\" style=\"--columns-gap:3rem;\"><div class=\"wpb_column vc_column_container\"><div class=\"vc_column-inner\"><div class=\"wpb_text_column us_custom_8b3d6790 has_text_color\"><div class=\"wpb_wrapper\"><p><span style=\"font-weight: 400;\">Geschlechtergerechtigkeit ist Voraussetzung f\u00fcr eine gerechte und zukunftsf\u00e4hige Stadt. Sie betrifft Arbeit, Bildung, Gesundheit, Sicherheit, Kultur sowie Verkehr und Stadtplanung gleicherma\u00dfen. Frauen und M\u00e4nner erleben Wiesbaden unterschiedlich: Frauen sind h\u00e4ufiger von Armut, Care-Arbeit, Gewalt und Unsicherheit im \u00f6ffentlichen Raum betroffen, w\u00e4hrend M\u00e4nner noch immer F\u00fchrungspositionen dominieren und st\u00e4rker das Auto nutzen. Auch Gesundheits- und Bildungsangebote spiegeln diese Unterschiede wider.<\/span><\/p>\n<p><span style=\"font-weight: 400;\">F\u00fcr uns GR\u00dcNE ist Geschlechtergerechtigkeit kein Randthema, sondern Querschnittsaufgabe: Sie macht unsere Stadt gerechter, sicherer und lebenswerter \u2013 f\u00fcr alle Wiesbadener*innen.<\/span><\/p>\n<\/div><\/div><div class=\"w-separator size_medium\"><\/div><div class=\"w-btn-wrapper align_left\"><a class=\"w-btn us-btn-style_8 icon_atleft\" href=\"https:\/\/gruene-wiesbaden.de\/kommunalwahl\/#Kapitel2\"><i class=\"fas fa-chevron-circle-right\"><\/i><span class=\"w-btn-label\">Zur\u00fcck zur \u00dcbersicht<\/span><\/a><\/div><\/div><\/div><div class=\"wpb_column vc_column_container\"><div class=\"vc_column-inner\"><div class=\"w-image align_center\"><div class=\"w-image-h\"><img decoding=\"async\" width=\"2560\" height=\"1350\" src=\"https:\/\/gruene-wiesbaden.de\/wp-content\/uploads\/2025\/11\/2.1-Geschlechtergerechtigkeit-scaled.jpeg\" class=\"attachment-full size-full\" alt=\"\" loading=\"lazy\" srcset=\"https:\/\/gruene-wiesbaden.de\/wp-content\/uploads\/2025\/11\/2.1-Geschlechtergerechtigkeit-scaled.jpeg 2560w, https:\/\/gruene-wiesbaden.de\/wp-content\/uploads\/2025\/11\/2.1-Geschlechtergerechtigkeit-400x211.jpeg 400w, https:\/\/gruene-wiesbaden.de\/wp-content\/uploads\/2025\/11\/2.1-Geschlechtergerechtigkeit-600x316.jpeg 600w\" sizes=\"auto, (max-width: 2560px) 100vw, 2560px\" \/><\/div><\/div><div class=\"w-separator size_small\"><\/div><\/div><\/div><\/div><div class=\"w-separator size_medium\"><\/div><div class=\"w-separator size_medium\"><\/div><div class=\"wpb_text_column\"><div class=\"wpb_wrapper\"><h1>Was Geschlechtergerechtigkeit f\u00fcr uns bedeutet<\/h1>\n<\/div><\/div><div class=\"w-separator size_large\"><\/div><div class=\"g-cols wpb_row via_grid cols_3 laptops-cols_inherit tablets-cols_inherit mobiles-cols_1 valign_top type_default stacking_default\" style=\"--columns-gap:3rem;\"><div class=\"wpb_column vc_column_container\"><div class=\"vc_column-inner\"><div class=\"w-iconbox us_custom_8b3d6790 has_text_color iconpos_left style_default color_custom align_left\"><div class=\"w-iconbox-icon\" style=\"font-size:2rem;--icon-color:#Ffffff;--icon-bg-color:var(--color-header-middle-bg);\"><i class=\"fas fa-layer-group\"><\/i><\/div><div class=\"w-iconbox-meta\"><h4 class=\"w-iconbox-title\" style=\"font-size:1.5rem;\">Sicher unterwegs, immer und \u00fcberall<\/h4><div class=\"w-iconbox-text\"><p><span style=\"font-weight: 400;\">Frauen nutzen den \u00d6PNV und gehen oft zu Fu\u00df. Beleuchtung, sichere Haltestellen und \u00f6ffentliche R\u00e4ume sch\u00fctzen vor Gewalt und Catcalling.<\/span><\/p>\n<\/div><\/div><\/div><\/div><\/div><div class=\"wpb_column vc_column_container\"><div class=\"vc_column-inner\"><div class=\"w-iconbox us_custom_8b3d6790 has_text_color iconpos_left style_default color_custom align_left\"><div class=\"w-iconbox-icon\" style=\"font-size:2rem;--icon-color:#Ffffff;--icon-bg-color:var(--color-header-transparent-text);\"><i class=\"fas fa-layer-group\"><\/i><\/div><div class=\"w-iconbox-meta\"><h4 class=\"w-iconbox-title\" style=\"font-size:1.5rem;\">Faire Arbeit<\/h4><div class=\"w-iconbox-text\"><p><span style=\"font-weight: 400;\">Ungleiche Bezahlung und Mehrfachbelastung betreffen besonders Frauen. Wir schaffen Strukturen f\u00fcr gerechte Erwerbs- und Care-Arbeit.<\/span><\/p>\n<\/div><\/div><\/div><\/div><\/div><div class=\"wpb_column vc_column_container\"><div class=\"vc_column-inner\"><div class=\"w-iconbox us_custom_8b3d6790 has_text_color iconpos_left style_default color_custom align_left\"><div class=\"w-iconbox-icon\" style=\"font-size:2rem;--icon-color:#Ffffff;--icon-bg-color:var(--color-header-transparent-text);\"><i class=\"fas fa-layer-group\"><\/i><\/div><div class=\"w-iconbox-meta\"><h4 class=\"w-iconbox-title\" style=\"font-size:1.5rem;\">Parit\u00e4t<\/h4><div class=\"w-iconbox-text\"><p><span style=\"font-weight: 400;\">Gremien und Verwaltung m\u00fcssen die Vielfalt Wiesbadens widerspiegeln \u2013 echte Parit\u00e4t ist demokratische Selbstverst\u00e4ndlichkeit.<\/span><\/p>\n<\/div><\/div><\/div><\/div><\/div><\/div><div class=\"w-separator size_medium\"><\/div><div class=\"g-cols wpb_row via_grid cols_3 laptops-cols_inherit tablets-cols_inherit mobiles-cols_1 valign_top type_default stacking_default\" style=\"--columns-gap:3rem;\"><div class=\"wpb_column vc_column_container\"><div class=\"vc_column-inner\"><div class=\"w-iconbox us_custom_8b3d6790 has_text_color iconpos_left style_default color_custom align_left\"><div class=\"w-iconbox-icon\" style=\"font-size:2rem;--icon-color:#Ffffff;--icon-bg-color:var(--color-header-middle-bg);\"><i class=\"fas fa-layer-group\"><\/i><\/div><div class=\"w-iconbox-meta\"><h4 class=\"w-iconbox-title\" style=\"font-size:1.5rem;\">Gesundheit<\/h4><div class=\"w-iconbox-text\"><p><span style=\"font-weight: 400;\">Zugang zu Verh\u00fctungsmitteln, Periodenprodukten und frauenspezifischer Vorsorge st\u00e4rken wir. Geschlechtergerechte Versorgung sichert echte Wahlfreiheit.<\/span><\/p>\n<\/div><\/div><\/div><\/div><\/div><div class=\"wpb_column vc_column_container\"><div class=\"vc_column-inner\"><div class=\"w-iconbox us_custom_8b3d6790 has_text_color iconpos_left style_default color_custom align_left\"><div class=\"w-iconbox-icon\" style=\"font-size:2rem;--icon-color:#Ffffff;--icon-bg-color:var(--color-header-transparent-text);\"><i class=\"fas fa-layer-group\"><\/i><\/div><div class=\"w-iconbox-meta\"><h4 class=\"w-iconbox-title\" style=\"font-size:1.5rem;\">Intersektionalit\u00e4t<\/h4><div class=\"w-iconbox-text\"><p><span style=\"font-weight: 400;\">Intersektionalit\u00e4t beschreibt Mehrfachdiskriminierung, z. B. bei Frauen of Color oder TINA*-Personen. Wir st\u00e4rken Sichtbarkeit und Teilhabe, damit Wiesbaden alle Perspektiven einschlie\u00dft.<\/span><\/p>\n<\/div><\/div><\/div><\/div><\/div><div class=\"wpb_column vc_column_container\"><div class=\"vc_column-inner\"><\/div><\/div><\/div><div class=\"w-separator size_medium\"><\/div><div class=\"w-btn-wrapper align_left\"><a class=\"w-btn us-btn-style_8 icon_atleft\" href=\"https:\/\/gruene-wiesbaden.de\/kommunalwahl\/#Kapitel2\"><i class=\"fas fa-chevron-circle-right\"><\/i><span class=\"w-btn-label\">Zur\u00fcck zur \u00dcbersicht<\/span><\/a><\/div><div class=\"w-separator size_medium\"><\/div><\/div><\/div><\/div><\/div><\/section><section class=\"l-section wpb_row height_auto with_img\"><div class=\"l-section-img\" role=\"img\" data-img-width=\"2560\" data-img-height=\"1350\" style=\"background-image: url(https:\/\/gruene-wiesbaden.de\/wp-content\/uploads\/2025\/11\/2.1-Geschlechtergerechtigkeit-scaled.jpeg);background-repeat: no-repeat;\"><\/div><div class=\"l-section-overlay\" style=\"background:var(--color-header-top-transparent-bg)\"><\/div><div class=\"l-section-h i-cf\"><div class=\"g-cols vc_row via_grid cols_1 laptops-cols_inherit tablets-cols_inherit mobiles-cols_1 valign_middle type_default stacking_default\" style=\"--columns-gap:1rem;\"><div class=\"wpb_column vc_column_container\"><div class=\"vc_column-inner\"><div class=\"w-separator size_large\"><\/div><div class=\"wpb_text_column background_inside_text\"><div class=\"wpb_wrapper\"><h1>Was wir konkret in diesem Bereich tun wollen<\/h1>\n<\/div><\/div><div class=\"w-separator size_medium\"><\/div><div class=\"w-tabs us_custom_42d693a0 has_text_color style_default switch_click accordion has_scrolling\" style=\"--sections-title-size:1.4rem\"><div class=\"w-tabs-sections titles-align_none icon_chevron cpos_right\"><div class=\"w-tabs-section has_text_color\" id=\"zcab\" style=\"background:var(--color-header-transparent-text);color:var(--color-header-top-text-hover);\"><button class=\"w-tabs-section-header\" aria-controls=\"content-zcab\" aria-expanded=\"false\"><div class=\"w-tabs-section-title\">15-Minuten-Stadt umsetzen<\/div><div class=\"w-tabs-section-control\"><\/div><\/button><div  class=\"w-tabs-section-content\" id=\"content-zcab\"><div class=\"w-tabs-section-content-h i-cf\"><div class=\"wpb_text_column\"><div class=\"wpb_wrapper\"><p><span style=\"font-weight: 400;\">Wir wollen eine Stadt der kurzen Wege, in der alle wichtigen Ziele in 15 Minuten erreichbar sind. Das spart Zeit \u2013 besonders f\u00fcr Frauen, die noch immer den Gro\u00dfteil der Sorgearbeit leisten. Gleichzeitig sorgt weniger Autoverkehr und nachhaltige Mobilit\u00e4t f\u00fcr sichere, gut beleuchtete Wege und Pl\u00e4tze, auf denen sich Frauen freier bewegen k\u00f6nnen. Nahversorgung im Stadtteil st\u00e4rkt Nachbarschaften und macht das Leben einfacher.<\/span><\/p>\n<\/div><\/div><\/div><\/div><\/div><div class=\"w-tabs-section has_text_color\" id=\"fdc5\" style=\"background:var(--color-header-transparent-text);color:var(--color-header-top-text-hover);\"><button class=\"w-tabs-section-header\" aria-controls=\"content-fdc5\" aria-expanded=\"false\"><div class=\"w-tabs-section-title\">Nahverkehr gendergerecht planen<\/div><div class=\"w-tabs-section-control\"><\/div><\/button><div  class=\"w-tabs-section-content\" id=\"content-fdc5\"><div class=\"w-tabs-section-content-h i-cf\"><div class=\"wpb_text_column\"><div class=\"wpb_wrapper\"><p><span style=\"font-weight: 400;\">Frauen und M\u00e4nner nutzen Verkehr unterschiedlich. Frauen legen h\u00e4ufiger Wegeketten zur\u00fcck, sind \u00f6fter mit Kindern oder Eink\u00e4ufen unterwegs und achten besonders auf Sicherheit. Deshalb braucht Wiesbaden barrierefreie Fahrzeuge, sichere Haltestellen, dichte Takte auch abends und faire Tarife. Wir setzen uns daf\u00fcr ein, dass der neue Nahverkehrsplan die Mobilit\u00e4tsbed\u00fcrfnisse aller ber\u00fccksichtigt und so echte Gleichberechtigung im Alltag schafft.<\/span><\/p>\n<\/div><\/div><\/div><\/div><\/div><div class=\"w-tabs-section has_text_color\" id=\"tedd\" style=\"background:var(--color-header-transparent-text);color:var(--color-header-top-text-hover);\"><button class=\"w-tabs-section-header\" aria-controls=\"content-tedd\" aria-expanded=\"false\"><div class=\"w-tabs-section-title\">Catcalling sichtbar machen<\/div><div class=\"w-tabs-section-control\"><\/div><\/button><div  class=\"w-tabs-section-content\" id=\"content-tedd\"><div class=\"w-tabs-section-content-h i-cf\"><div class=\"wpb_text_column\"><div class=\"wpb_wrapper\"><p><span style=\"font-weight: 400;\">Wir unterst\u00fctzen die Kampagne \u201eCatcalls of Wiesbaden\u201c und st\u00e4rken so die Aufmerksamkeit f\u00fcr Alltagssexismus. Sichtbarkeit ist der erste Schritt, um der Bel\u00e4stigung konsequent entgegenzutreten. Wir wollen die Zusammenarbeit mit dieser Kampagne aufbauen und durch Kampagnen im \u00f6ffentlichen Nahverkehr sowie im Wiesbadener Stadtbild auf Altagssexismus und Diskriminierung aufmerksam machen.<\/span><\/p>\n<\/div><\/div><\/div><\/div><\/div><div class=\"w-tabs-section has_text_color\" id=\"p001\" style=\"background:var(--color-header-middle-bg);color:var(--color-content-heading);\"><button class=\"w-tabs-section-header\" aria-controls=\"content-p001\" aria-expanded=\"false\"><div class=\"w-tabs-section-title\">Kinderbetreuung und Politik vereinbaren<\/div><div class=\"w-tabs-section-control\"><\/div><\/button><div  class=\"w-tabs-section-content\" id=\"content-p001\"><div class=\"w-tabs-section-content-h i-cf\"><div class=\"wpb_text_column\"><div class=\"wpb_wrapper\"><p><span style=\"font-weight: 400;\">Ehrenamt muss inklusiver werden. Noch immer sind Frauen in der Stadtpolitik unterrepr\u00e4sentiert \u2013 auch, weil Sitzungen oft abends stattfinden, wenn Familienarbeit anf\u00e4llt. Ohne verl\u00e4ssliche Kinderbetreuung ist die H\u00fcrde f\u00fcr M\u00fctter besonders hoch, sich zu engagieren. Wir setzen uns deswegen daf\u00fcr ein, dass weiterhin Mittel f\u00fcr Kinderbetreuung zur Verf\u00fcgung stehen und Sitzungen effizienter und k\u00fcrzer werden. So machen wir die politische Teilhabe barrierefreier und gerechter \u2013 und schaffen echte Chancen, dass mehr Frauen ihre Perspektiven in die Stadtpolitik einbringen k\u00f6nnen.<\/span><\/p>\n<\/div><\/div><\/div><\/div><\/div><div class=\"w-tabs-section has_text_color\" id=\"n117\" style=\"background:var(--color-header-transparent-text);color:var(--color-header-top-text-hover);\"><button class=\"w-tabs-section-header\" aria-controls=\"content-n117\" aria-expanded=\"false\"><div class=\"w-tabs-section-title\">Parit\u00e4t in den Gremien umsetzen<\/div><div class=\"w-tabs-section-control\"><\/div><\/button><div  class=\"w-tabs-section-content\" id=\"content-n117\"><div class=\"w-tabs-section-content-h i-cf\"><div class=\"wpb_text_column\"><div class=\"wpb_wrapper\"><p><span style=\"font-weight: 400;\">rauen sind in Aufsichtsr\u00e4ten, Gesellschaftsvorst\u00e4nden und st\u00e4dtischen Leitungsebenen noch immer deutlich unterrepr\u00e4sentiert \u2013 obwohl sie die H\u00e4lfte der Bev\u00f6lkerung ausmachen. Fehlende Vielfalt f\u00fchrt dazu, dass Perspektiven, Erfahrungen und Kompetenzen ungenutzt bleiben. Wir sorgen deshalb daf\u00fcr, dass Parit\u00e4t konsequent umgesetzt wird. Der Beteiligungskodex macht dies m\u00f6glich \u2013 gleiche Repr\u00e4sentanz muss endlich Realit\u00e4t in Wiesbaden werden.<\/span><\/p>\n<\/div><\/div><\/div><\/div><\/div><div class=\"w-tabs-section has_text_color\" id=\"p243\" style=\"background:var(--color-header-middle-bg);color:var(--color-header-middle-text);\"><button class=\"w-tabs-section-header\" aria-controls=\"content-p243\" aria-expanded=\"false\"><div class=\"w-tabs-section-title\">Fortbildungen zu Sexismus einf\u00fchren<\/div><div class=\"w-tabs-section-control\"><\/div><\/button><div  class=\"w-tabs-section-content\" id=\"content-p243\"><div class=\"w-tabs-section-content-h i-cf\"><div class=\"wpb_text_column\"><div class=\"wpb_wrapper\"><p><span style=\"font-weight: 400;\">Mitglieder st\u00e4dtischer Gremien tragen Verantwortung f\u00fcr ein respektvolles Miteinander. Deshalb wollen wir verpflichtende Fortbildungen zu Sexismus und Diskriminierung einf\u00fchren. Sie schaffen Bewusstsein f\u00fcr ungleiche Machtverh\u00e4ltnisse, sensibilisieren f\u00fcr respektvolle Sprache und st\u00e4rken eine Kultur der Gleichberechtigung. So sorgen wir daf\u00fcr, dass Wiesbadens Politik fair, inklusiv und zukunftsf\u00e4hig gestaltet und die Gleichberechtigung in Wiesbadens Politik gest\u00e4rkt wird.<\/span><\/p>\n<\/div><\/div><\/div><\/div><\/div><div class=\"w-tabs-section has_text_color\" id=\"b363\" style=\"background:var(--color-header-transparent-text);color:var(--color-header-top-text-hover);\"><button class=\"w-tabs-section-header\" aria-controls=\"content-b363\" aria-expanded=\"false\"><div class=\"w-tabs-section-title\">Digitale Gleichstellung f\u00f6rdern<\/div><div class=\"w-tabs-section-control\"><\/div><\/button><div  class=\"w-tabs-section-content\" id=\"content-b363\"><div class=\"w-tabs-section-content-h i-cf\"><div class=\"wpb_text_column\"><div class=\"wpb_wrapper\"><p><span style=\"font-weight: 400;\">Wir st\u00e4rken die Teilhabe von M\u00e4dchen und Frauen in der digitalen Zukunft, indem wir uns f\u00fcr den Ausbau ihrer F\u00f6rderung in den Bereichen Informationstechnologie und K\u00fcnstliche Intelligenz gezielt einsetzen. Dazu unterst\u00fctzen\u00a0 wir Schulprojekte, Girls\u2019Day-Angebote und Kooperationen mit Wiesbadener Hochschulen. Mentoring-Programme und lokale Netzwerke machen weibliche Vorbilder sichtbar und st\u00e4rken Diversit\u00e4t in digitalen Berufen.<\/span><\/p>\n<\/div><\/div><\/div><\/div><\/div><div class=\"w-tabs-section has_text_color\" id=\"b479\" style=\"background:var(--color-header-transparent-text);color:var(--color-header-top-text-hover);\"><button class=\"w-tabs-section-header\" aria-controls=\"content-b479\" aria-expanded=\"false\"><div class=\"w-tabs-section-title\">Pr\u00e4ventions-Workshops an Schulen f\u00f6rdern<\/div><div class=\"w-tabs-section-control\"><\/div><\/button><div  class=\"w-tabs-section-content\" id=\"content-b479\"><div class=\"w-tabs-section-content-h i-cf\"><div class=\"wpb_text_column\"><div class=\"wpb_wrapper\"><p><span style=\"font-weight: 400;\">Wir setzen uns f\u00fcr regelm\u00e4\u00dfige Workshops zu Gleichstellung, Respekt und Pr\u00e4vention sexualisierter Gewalt an allen Wiesbadener Schulen ein. Dazu k\u00f6nnen auch externe Fachstellen beteiligt werden. So lernen Kinder und Jugendliche fr\u00fch, Vielfalt wertzusch\u00e4tzen und Diskriminierung entgegenzutreten.<\/span><\/p>\n<\/div><\/div><\/div><\/div><\/div><div class=\"w-tabs-section has_text_color\" id=\"g592\" style=\"background:var(--color-header-transparent-text);color:var(--color-header-top-text-hover);\"><button class=\"w-tabs-section-header\" aria-controls=\"content-g592\" aria-expanded=\"false\"><div class=\"w-tabs-section-title\">Frauenh\u00e4user und Beratungsstellen ausbauen<\/div><div class=\"w-tabs-section-control\"><\/div><\/button><div  class=\"w-tabs-section-content\" id=\"content-g592\"><div class=\"w-tabs-section-content-h i-cf\"><div class=\"wpb_text_column\"><div class=\"wpb_wrapper\"><p><span style=\"font-weight: 400;\">Wir GR\u00dcNE setzen uns daf\u00fcr ein, dass Frauen in Wiesbaden schnell und unkompliziert Schutz finden. Dazu\u00a0 wollen wir, dass die Stadt Frauenhauspl\u00e4tze und Beratungsangebote ausbaut, Tr\u00e4ger vor Ort unterst\u00fctzt und die personellen und finanziellen Ressourcen gesichert sind. Schutz darf nicht vom Geldbeutel abh\u00e4ngen: Wir sorgen daf\u00fcr, dass schutzsuchende Frauen keine Eigenkosten tragen m\u00fcssen.Gleichzeitig braucht es niedrigschwellige Angebote und Pr\u00e4ventionsarbeit, damit Gewalt fr\u00fchzeitig erkannt und verhindert wird. Mit diesem Engagement tragen wir aktiv zur Umsetzung der Istanbul-Konvention bei und st\u00e4rken den Schutz und die Sicherheit von Frauen in unserer Stadt.<\/span><\/p>\n<\/div><\/div><\/div><\/div><\/div><div class=\"w-tabs-section has_text_color\" id=\"g6a7\" style=\"background:var(--color-header-transparent-text);color:var(--color-header-top-text-hover);\"><button class=\"w-tabs-section-header\" aria-controls=\"content-g6a7\" aria-expanded=\"false\"><div class=\"w-tabs-section-title\">Verh\u00fctungs- &amp; Periodenfonds einrichten<\/div><div class=\"w-tabs-section-control\"><\/div><\/button><div  class=\"w-tabs-section-content\" id=\"content-g6a7\"><div class=\"w-tabs-section-content-h i-cf\"><div class=\"wpb_text_column\"><div class=\"wpb_wrapper\"><p><span style=\"font-weight: 400;\">Wir setzen uns f\u00fcr die Weiterf\u00fchrung und den Ausbau des Angebots von kostenlosen Menstruationsprodukten und Verh\u00fctungsmitteln an Schulen sowie in \u00f6ffentlichen Einrichtungen ein. So sichern wir Selbstbestimmung und Teilhabe unabh\u00e4ngig vom Einkommen und enttabuisieren wichtige Gesundheitsthemen.<\/span><\/p>\n<\/div><\/div><\/div><\/div><\/div><\/div><\/div><div class=\"w-separator size_medium\"><\/div><div class=\"w-btn-wrapper align_left\"><a class=\"w-btn us-btn-style_8 icon_atleft\" href=\"https:\/\/gruene-wiesbaden.de\/kommunalwahl\/#Kapitel2\"><i class=\"fas fa-chevron-circle-right\"><\/i><span class=\"w-btn-label\">Zur\u00fcck zur \u00dcbersicht<\/span><\/a><\/div><div class=\"w-separator size_large\"><\/div><div class=\"wpb_text_column\"><div class=\"wpb_wrapper\"><h1>Was wir bereits erreicht haben<\/h1>\n<\/div><\/div><div class=\"w-separator size_medium\"><\/div><div class=\"w-tabs us_custom_42d693a0 has_text_color style_default switch_click accordion has_scrolling\" style=\"--sections-title-size:1.4rem\"><div class=\"w-tabs-sections titles-align_none icon_chevron cpos_right\"><div class=\"w-tabs-section has_text_color\" id=\"vb65\" style=\"background:var(--color-header-transparent-text);color:var(--color-header-top-text-hover);\"><button class=\"w-tabs-section-header\" aria-controls=\"content-vb65\" aria-expanded=\"false\"><div class=\"w-tabs-section-title\">Unterzeichnung der Europ\u00e4ischen Charta f\u00fcr die Gleichstellung von Frauen und M\u00e4nnern<\/div><div class=\"w-tabs-section-control\"><\/div><\/button><div  class=\"w-tabs-section-content\" id=\"content-vb65\"><div class=\"w-tabs-section-content-h i-cf\"><div class=\"wpb_text_column\"><div class=\"wpb_wrapper\"><p><span style=\"font-weight: 400;\">Wir setzten uns f\u00fcr die vollumf\u00e4ngliche Umsetzung der Europ\u00e4ischen Charta f\u00fcr die Gleichstellung von Frauen und M\u00e4nnern ein und haben daf\u00fcr gesorgt, dass sich Wiesbaden der Europ\u00e4ischen Charta f\u00fcr die Gleichstellung von Frauen und M\u00e4nnern auf lokaler Ebene angeschlossen hat. Dies verpflichtet die Stadt zu konkreten Ma\u00dfnahmen und Zielen zur F\u00f6rderung der Geschlechtergerechtigkeit in verschiedenen Bereichen der Stadtentwicklung und Verwaltung. Die Umsetzung wollen wir sowohl politisch wie \u00f6ffentlichkeitswirksam und durch die Bereitstellung von finanziellen Ressourcen unterst\u00fctzen.<\/span><\/p>\n<\/div><\/div><\/div><\/div><\/div><div class=\"w-tabs-section has_text_color\" id=\"qc93\" style=\"background:var(--color-header-transparent-text);color:var(--color-header-top-text-hover);\"><button class=\"w-tabs-section-header\" aria-controls=\"content-qc93\" aria-expanded=\"false\"><div class=\"w-tabs-section-title\">Starke Finanzierungsm\u00f6glichkeiten f\u00fcr Frauenpolitik<\/div><div class=\"w-tabs-section-control\"><\/div><\/button><div  class=\"w-tabs-section-content\" id=\"content-qc93\"><div class=\"w-tabs-section-content-h i-cf\"><div class=\"wpb_text_column\"><div class=\"wpb_wrapper\"><p><span style=\"font-weight: 400;\">Wir GR\u00dcNE haben in unserer Regierungskooperation in den vergangenen Haushalten Mittel im sechsstelligen Bereich in den Haushalt hineinverhandeln k\u00f6nnen, \u00fcber die die Kommunale Frauenbeauftragte, die eng mit unserer GR\u00dcNEN Dezernentin f\u00fcr Gleichstellung zusammenarbeitet, frei verf\u00fcgen kann. Damit werden Projekte, Initiativen und Beratungsangebote unterst\u00fctzt, die die Gleichstellung der Geschlechter f\u00f6rdern, Frauen st\u00e4rken und ihre Rechte sichern. Die Bereitstellung dieser Ressourcen zeigt unser kontinuierliches Engagement f\u00fcr eine inklusive, chancengerechte Stadt, in der Frauen in allen Lebensbereichen unterst\u00fctzt werden \u2013 von Pr\u00e4ventions- und Bildungsangeboten bis hin zu Projekten zur beruflichen und sozialen St\u00e4rkung.<\/span><\/p>\n<\/div><\/div><\/div><\/div><\/div><div class=\"w-tabs-section has_text_color\" id=\"odbf\" style=\"background:var(--color-header-transparent-text);color:var(--color-header-top-text-hover);\"><button class=\"w-tabs-section-header\" aria-controls=\"content-odbf\" aria-expanded=\"false\"><div class=\"w-tabs-section-title\">Geschlechtergerechte Sprache in der Stadtverwaltung eingef\u00fchrt<\/div><div class=\"w-tabs-section-control\"><\/div><\/button><div  class=\"w-tabs-section-content\" id=\"content-odbf\"><div class=\"w-tabs-section-content-h i-cf\"><div class=\"wpb_text_column\"><div class=\"wpb_wrapper\"><p><span style=\"font-weight: 400;\">Seit 2022 verwendet die Stadtverwaltung Wiesbaden eine wertsch\u00e4tzende und geschlechtergerechte Sprache. Mit der Einf\u00fchrung eines Leitfadens wird die Sichtbarkeit aller Geschlechter in der Verwaltungskommunikation gest\u00e4rkt und Diskriminierung aktiv entgegengewirkt. Dieser Schritt macht die Stadtverwaltung moderner, inklusiver und zeigt, dass Wiesbaden Vielfalt ernst nimmt und respektvoller Umgang miteinander wichtig ist.<\/span><\/p>\n<\/div><\/div><\/div><\/div><\/div><div class=\"w-tabs-section has_text_color\" id=\"mef8\" style=\"background:var(--color-header-middle-bg);color:var(--color-content-heading);\"><button class=\"w-tabs-section-header\" aria-controls=\"content-mef8\" aria-expanded=\"false\"><div class=\"w-tabs-section-title\">Frauen in F\u00fchrungspositionen<\/div><div class=\"w-tabs-section-control\"><\/div><\/button><div  class=\"w-tabs-section-content\" id=\"content-mef8\"><div class=\"w-tabs-section-content-h i-cf\"><div class=\"wpb_text_column\"><div class=\"wpb_wrapper\"><p><span style=\"font-weight: 400;\">Wir haben aktiv begonnen, die Gesch\u00e4ftsf\u00fchrungspositionen st\u00e4dtischer Beteiligungen mit qualifizierten Frauen zu besetzen. Inzwischen sind WVV, SEG und ESWE Verkehr frauengef\u00fchrt \u2013 ein klarer Schritt hin zu mehr Gleichberechtigung in st\u00e4dtischen Unternehmen. Durch diese Besetzungen schaffen wir Vorbilder f\u00fcr junge Frauen, f\u00f6rdern Diversit\u00e4t in Entscheidungsprozessen und st\u00e4rken die Chancengleichheit in Wiesbaden. Ziel ist es, systematisch Barrieren abzubauen, damit Frauen in allen F\u00fchrungsebenen der Stadtverwaltung und st\u00e4dtischen Gesellschaften vertreten sind.<\/span><\/p>\n<\/div><\/div><\/div><\/div><\/div><div class=\"w-tabs-section has_text_color\" id=\"g019\" style=\"background:var(--color-header-transparent-text);color:var(--color-header-top-text-hover);\"><button class=\"w-tabs-section-header\" aria-controls=\"content-g019\" aria-expanded=\"false\"><div class=\"w-tabs-section-title\">Kita-Ausbau wurde vorangetrieben<\/div><div class=\"w-tabs-section-control\"><\/div><\/button><div  class=\"w-tabs-section-content\" id=\"content-g019\"><div class=\"w-tabs-section-content-h i-cf\"><div class=\"wpb_text_column\"><div class=\"wpb_wrapper\"><p><span style=\"font-weight: 400;\">Seit 2022 haben wir die Kindertagesbetreuung in Wiesbaden deutlich ausgebaut: Im Kita-Jahr 2024\/25 standen 10.308 Pl\u00e4tze zur Verf\u00fcgung \u2013 227 mehr als im Vorjahr und das bei sinkender Kinderzahl in Wiesbaden (2020\/21 11.062, 2024\/25 10.912). Im U3-Bereich haben wir das Platzangebot von 37,7% im Jahr 2020\/21 auf 41,1% im Jahr 2024\/25 und im Elementarbereich von 90% im Jahr 2020\/21 auf 94,4%im Jahr 2024\/2025 gesteigert. Mit der Er\u00f6ffnung neuer Einrichtungen, wie der Kita in Wiesbaden-Biebrich mit 50 zus\u00e4tzlichen Pl\u00e4tzen, haben wir die Betreuungskapazit\u00e4ten erweitert. Dieser Ausbau f\u00f6rdert die Vereinbarkeit von Familie und Beruf, insbesondere f\u00fcr Frauen, und st\u00e4rkt ihre wirtschaftliche Unabh\u00e4ngigkeit. Kinderbetreuung erm\u00f6glicht Berufst\u00e4tigkeit f\u00fcr beide Elternteile, bzw. Berufst\u00e4tigkeit f\u00fcr Alleinerziehende. Wir haben weitere Kitapl\u00e4tze geschaffen, um das Versorgungsziel zu erf\u00fcllen. Wir wissen, dass die Versorgung in einigen Stadtteilen noch nicht ausreicht, und setzen uns gezielt f\u00fcr den weiteren Ausbau von Kita-Pl\u00e4tzen \u00fcberall in Wiesbaden ein, damit Familien fl\u00e4chendeckend von verl\u00e4sslicher Betreuung profitieren.<\/span><\/p>\n<\/div><\/div><\/div><\/div><\/div><div class=\"w-tabs-section has_text_color\" id=\"p133\" style=\"background:var(--color-header-transparent-text);color:var(--color-header-top-text-hover);\"><button class=\"w-tabs-section-header\" aria-controls=\"content-p133\" aria-expanded=\"false\"><div class=\"w-tabs-section-title\">Netzwerk Istanbul-Konvention wurde gegr\u00fcndet<\/div><div class=\"w-tabs-section-control\"><\/div><\/button><div  class=\"w-tabs-section-content\" id=\"content-p133\"><div class=\"w-tabs-section-content-h i-cf\"><div class=\"wpb_text_column\"><div class=\"wpb_wrapper\"><p><span style=\"font-weight: 400;\">Wir haben in Wiesbaden ein Netzwerk zur Umsetzung der Istanbul-Konvention gegr\u00fcndet. \u00dcber 80 Akteur*innen aus Verwaltung, Politik und Hilfesystemen arbeiten gemeinsam daran, Gewalt gegen Frauen zuverhindern, zu erkennen und Betroffene effektiv zu unterst\u00fctzen. Das Netzwerk st\u00e4rkt den Austausch, f\u00f6rdert koordinierte Ma\u00dfnahmen und setzt ein klares Zeichen: Wiesbaden nimmt den Schutz von Frauen ernst und sorgt daf\u00fcr, dass internationale Standards der Istanbul-Konvention in der Stadt Realit\u00e4t werden.<\/span><\/p>\n<\/div><\/div><\/div><\/div><\/div><div class=\"w-tabs-section has_text_color\" id=\"i250\" style=\"background:var(--color-header-transparent-text);color:var(--color-header-top-text-hover);\"><button class=\"w-tabs-section-header\" aria-controls=\"content-i250\" aria-expanded=\"false\"><div class=\"w-tabs-section-title\">F\u00f6rderung von Frauen- und M\u00e4dcheneinrichtungen<\/div><div class=\"w-tabs-section-control\"><\/div><\/button><div  class=\"w-tabs-section-content\" id=\"content-i250\"><div class=\"w-tabs-section-content-h i-cf\"><div class=\"wpb_text_column\"><div class=\"wpb_wrapper\"><p><span style=\"font-weight: 400;\">Wir GR\u00dcNE haben uns f\u00fcr die finanzielle Absicherung und F\u00f6rderung von Frauen und M\u00e4dcheneinrichtungen sowie Beratungsstellen in Wiesbaden eingesetzt. Besonders im Fokus stehen dabei Frauen in gef\u00e4hrdeten Situationen, etwa in Prostitution oder Wohnungslosigkeit. Wir haben bereits Ma\u00dfnahmen zur Vermeidung von Wohnungslosigkeit entwickelt und unterst\u00fctzen die Schaffung passgenauer Schutzunterk\u00fcnfte f\u00fcr Frauen. Zudem setzen wir uns f\u00fcr den Ausbau von Beratungsangeboten f\u00fcr Prostituierte ein.<\/span><\/p>\n<\/div><\/div><\/div><\/div><\/div><div class=\"w-tabs-section has_text_color\" id=\"g368\" style=\"background:var(--color-header-transparent-text);color:var(--color-header-top-text-hover);\"><button class=\"w-tabs-section-header\" aria-controls=\"content-g368\" aria-expanded=\"false\"><div class=\"w-tabs-section-title\">Soforthilfe nach Vergewaltigung<\/div><div class=\"w-tabs-section-control\"><\/div><\/button><div  class=\"w-tabs-section-content\" id=\"content-g368\"><div class=\"w-tabs-section-content-h i-cf\"><div class=\"wpb_text_column\"><div class=\"wpb_wrapper\"><p><span style=\"font-weight: 400;\">In Wiesbaden die medizinische Soforthilfe nach Vergewaltigung ausgebaut. Betroffene k\u00f6nnen in ausgew\u00e4hlten Kliniken medizinische Hilfe erhalten und Spuren anonym sichern lassen \u2013 auch ohne sofortige Anzeige. Das Angebot ist vertraulich, kostenfrei und erm\u00f6glicht Betroffenen, selbst \u00fcber den weiteren Weg zu entscheiden. Erg\u00e4nzt wird dies durch das Netzwerk zur Umsetzung der Istanbul-Konvention, das die Zusammenarbeit aller relevanten Akteur*innen st\u00e4rkt, Gewalt gegen Frauen verhindert und Betroffene effektiv unterst\u00fctzt.<\/span><\/p>\n<\/div><\/div><\/div><\/div><\/div><div class=\"w-tabs-section has_text_color\" id=\"m480\" style=\"background:var(--color-header-transparent-text);color:var(--color-header-top-text-hover);\"><button class=\"w-tabs-section-header\" aria-controls=\"content-m480\" aria-expanded=\"false\"><div class=\"w-tabs-section-title\">Projekt \u201eIst Luisa hier?\u201c<\/div><div class=\"w-tabs-section-control\"><\/div><\/button><div  class=\"w-tabs-section-content\" id=\"content-m480\"><div class=\"w-tabs-section-content-h i-cf\"><div class=\"wpb_text_column\"><div class=\"wpb_wrapper\"><p><span style=\"font-weight: 400;\">Wir setzen uns daf\u00fcr ein, dass Frauen in Wiesbaden beim Ausgehen sicher sind. Mit der Kampagne \u201eIst Luisa hier?\u201c k\u00f6nnen sich Frauen in teilnehmenden Bars, Clubs und \u00f6ffentlichen Einrichtungen diskret Hilfe holen, wenn sie sich bedroht oder unwohl f\u00fchlen. Wir haben die Kampagne initiiert, f\u00fcr Sichtbarkeit gesorgt und das Projekt auf weitere \u00f6ffentliche Einrichtungen ausgeweitet und hierzu auch f\u00fcr die Schulung des dortigen Personals gesorgt. So st\u00e4rken wir den Schutz von Frauen, verhindern Gewalt und f\u00f6rdern ein sicheres, respektvolles Miteinander in der Stadt.<\/span><\/p>\n<\/div><\/div><\/div><\/div><\/div><div class=\"w-tabs-section has_text_color\" id=\"p597\" style=\"background:var(--color-header-transparent-text);color:var(--color-header-top-text-hover);\"><button class=\"w-tabs-section-header\" aria-controls=\"content-p597\" aria-expanded=\"false\"><div class=\"w-tabs-section-title\">Projekt Heimwegtelefon<\/div><div class=\"w-tabs-section-control\"><\/div><\/button><div  class=\"w-tabs-section-content\" id=\"content-p597\"><div class=\"w-tabs-section-content-h i-cf\"><div class=\"wpb_text_column\"><div class=\"wpb_wrapper\"><p><span style=\"font-weight: 400;\">Zudem kooperiert die Stadt mit dem Heimwegtelefon e.V., einem deutschlandweiten Service, der Anrufende nachts telefonisch begleitet, wenn sie sich auf dem Heimweg unsicher f\u00fchlen. Dieses Angebot ist sonntags bis donnerstags von 21 bis 24 Uhr sowie freitags und samstags von 21 bis 3 Uhr unter der Nummer 030 12074182 erreichbar. Wir setzen uns daf\u00fcr ein, solche Schutzkonzepte weiter zu etablieren und f\u00fcr alle zug\u00e4nglich zu machen.<\/span><\/p>\n<\/div><\/div><\/div><\/div><\/div><div class=\"w-tabs-section has_text_color\" id=\"z6b2\" style=\"background:var(--color-header-transparent-text);color:var(--color-header-top-text-hover);\"><button class=\"w-tabs-section-header\" aria-controls=\"content-z6b2\" aria-expanded=\"false\"><div class=\"w-tabs-section-title\">Kostenlose Menstruationsprodukte<\/div><div class=\"w-tabs-section-control\"><\/div><\/button><div  class=\"w-tabs-section-content\" id=\"content-z6b2\"><div class=\"w-tabs-section-content-h i-cf\"><div class=\"wpb_text_column\"><div class=\"wpb_wrapper\"><p><span style=\"font-weight: 400;\">Wir haben daf\u00fcr gesorgt, dass Menstruationsprodukte in Wiesbadener Schulen, \u00c4mtern und \u00f6ffentlichen Einrichtungen kostenlos zur Verf\u00fcgung stehen. So wird niemand aus finanziellen Gr\u00fcnden benachteiligt, und insbesondere M\u00e4dchen und junge Frauen erhalten verl\u00e4sslichen Zugang zu Hygieneartikeln. Das st\u00e4rkt Selbstbestimmung, Gleichberechtigung und Gesundheit, entlastet Familien und setzt ein klares Zeichen gegen die Tabuisierung von Menstruation \u2013 f\u00fcr eine inklusive, moderne Stadtverwaltung, in der alle Menschen chancengleich behandelt werden.<\/span><\/p>\n<\/div><\/div><\/div><\/div><\/div><div class=\"w-tabs-section has_text_color\" id=\"r7c9\" style=\"background:var(--color-header-transparent-text);color:var(--color-header-top-text-hover);\"><button class=\"w-tabs-section-header\" aria-controls=\"content-r7c9\" aria-expanded=\"false\"><div class=\"w-tabs-section-title\">Sichtbarkeit f\u00fcr Frauenrechte und Schutz vor Gewalt<\/div><div class=\"w-tabs-section-control\"><\/div><\/button><div  class=\"w-tabs-section-content\" id=\"content-r7c9\"><div class=\"w-tabs-section-content-h i-cf\"><div class=\"wpb_text_column\"><div class=\"wpb_wrapper\"><p><span style=\"font-weight: 400;\">Wir haben uns daf\u00fcr eingesetzt, dass Themen wie Gewalt gegen Frauen, Gleichberechtigung und Frauenrechte sichtbar werden \u2013 im \u00f6ffentlichen Raum, in Bildung und Kultur. Gemeinsam mit dem Zonta Club Wiesbaden haben wir die \u201eOrangenen B\u00e4nke\u201c aufgestellt, die auf Schutzr\u00e4ume und das Thema Gewalt aufmerksam machen. Mit der Hochschule RheinMain initiierten wir eine Ringvorlesung zu Pornografie und Rollenbildern, und durch Ausstellungen wie \u201eGesichtslos\u201c wurden Missst\u00e4nde thematisiert und der Diskurs in der Stadtgesellschaft gef\u00f6rdert.<\/span><\/p>\n<\/div><\/div><\/div><\/div><\/div><\/div><\/div><div class=\"w-separator size_medium\"><\/div><div class=\"w-btn-wrapper align_left\"><a class=\"w-btn us-btn-style_8 icon_atleft\" href=\"https:\/\/gruene-wiesbaden.de\/kommunalwahl\/#Kapitel2\"><i class=\"fas fa-chevron-circle-right\"><\/i><span class=\"w-btn-label\">Zur\u00fcck zur \u00dcbersicht<\/span><\/a><\/div><div class=\"w-separator size_large\"><\/div><\/div><\/div><\/div><\/div><\/section>\n","protected":false},"excerpt":{"rendered":"GeschlechtergerechtigkeitGeschlechtergerechtigkeit ist Voraussetzung f\u00fcr eine gerechte und zukunftsf\u00e4hige Stadt. Sie betrifft Arbeit, Bildung, Gesundheit, Sicherheit, Kultur sowie Verkehr und Stadtplanung gleicherma\u00dfen. Frauen und M\u00e4nner erleben Wiesbaden unterschiedlich: Frauen sind h\u00e4ufiger von Armut, Care-Arbeit, Gewalt und Unsicherheit im \u00f6ffentlichen Raum betroffen, w\u00e4hrend M\u00e4nner noch immer F\u00fchrungspositionen dominieren und st\u00e4rker das Auto nutzen. Auch Gesundheits- und Bildungsangebote...","protected":false},"author":1,"featured_media":1545,"comment_status":"closed","ping_status":"closed","sticky":false,"template":"","format":"standard","meta":{"footnotes":""},"categories":[15],"tags":[],"class_list":["post-1349","post","type-post","status-publish","format-standard","has-post-thumbnail","hentry","category-kapitel-2"],"yoast_head":"<!-- This site is optimized with the Yoast SEO plugin v27.5 - https:\/\/yoast.com\/product\/yoast-seo-wordpress\/ -->\n<title>Geschlechtergerechtigkeit - B\u00dcNDNIS 90\/DIE GR\u00dcNEN Wiesbaden<\/title>\n<meta name=\"robots\" content=\"index, follow, max-snippet:-1, max-image-preview:large, max-video-preview:-1\" \/>\n<link rel=\"canonical\" href=\"https:\/\/gruene-wiesbaden.de\/de\/geschlechtergerechtigkeit\/\" \/>\n<meta property=\"og:locale\" content=\"de_DE\" \/>\n<meta property=\"og:type\" content=\"article\" \/>\n<meta property=\"og:title\" content=\"Geschlechtergerechtigkeit - B\u00dcNDNIS 90\/DIE GR\u00dcNEN Wiesbaden\" \/>\n<meta property=\"og:url\" content=\"https:\/\/gruene-wiesbaden.de\/de\/geschlechtergerechtigkeit\/\" \/>\n<meta property=\"og:site_name\" content=\"B\u00dcNDNIS 90\/DIE GR\u00dcNEN Wiesbaden\" \/>\n<meta property=\"article:publisher\" content=\"https:\/\/www.facebook.com\/gruene.wi\" \/>\n<meta property=\"article:published_time\" content=\"2025-11-09T22:09:19+00:00\" \/>\n<meta property=\"article:modified_time\" content=\"2026-04-09T08:25:16+00:00\" \/>\n<meta property=\"og:image\" content=\"https:\/\/gruene-wiesbaden.de\/wp-content\/uploads\/2025\/11\/2.1-Geschlechtergerechtigkeit-scaled.jpeg\" \/>\n\t<meta property=\"og:image:width\" content=\"2560\" \/>\n\t<meta property=\"og:image:height\" content=\"1350\" \/>\n\t<meta property=\"og:image:type\" content=\"image\/jpeg\" \/>\n<meta name=\"author\" content=\"admin\" \/>\n<meta name=\"twitter:card\" content=\"summary_large_image\" \/>\n<meta name=\"twitter:label1\" content=\"Verfasst von\" \/>\n\t<meta name=\"twitter:data1\" content=\"admin\" \/>\n\t<meta name=\"twitter:label2\" content=\"Gesch\u00e4tzte Lesezeit\" \/>\n\t<meta name=\"twitter:data2\" content=\"12\u00a0Minuten\" \/>\n<script type=\"application\/ld+json\" class=\"yoast-schema-graph\">{\"@context\":\"https:\\\/\\\/schema.org\",\"@graph\":[{\"@type\":\"Article\",\"@id\":\"https:\\\/\\\/gruene-wiesbaden.de\\\/geschlechtergerechtigkeit\\\/#article\",\"isPartOf\":{\"@id\":\"https:\\\/\\\/gruene-wiesbaden.de\\\/geschlechtergerechtigkeit\\\/\"},\"author\":{\"name\":\"admin\",\"@id\":\"https:\\\/\\\/gruene-wiesbaden.de\\\/#\\\/schema\\\/person\\\/6785c34779159cd4fd86886bb097afe9\"},\"headline\":\"Geschlechtergerechtigkeit\",\"datePublished\":\"2025-11-09T22:09:19+00:00\",\"dateModified\":\"2026-04-09T08:25:16+00:00\",\"mainEntityOfPage\":{\"@id\":\"https:\\\/\\\/gruene-wiesbaden.de\\\/geschlechtergerechtigkeit\\\/\"},\"wordCount\":3266,\"publisher\":{\"@id\":\"https:\\\/\\\/gruene-wiesbaden.de\\\/#organization\"},\"image\":{\"@id\":\"https:\\\/\\\/gruene-wiesbaden.de\\\/geschlechtergerechtigkeit\\\/#primaryimage\"},\"thumbnailUrl\":\"https:\\\/\\\/gruene-wiesbaden.de\\\/wp-content\\\/uploads\\\/2025\\\/11\\\/2.1-Geschlechtergerechtigkeit-scaled.jpeg\",\"articleSection\":[\"Kapitel 2\"],\"inLanguage\":\"de\"},{\"@type\":\"WebPage\",\"@id\":\"https:\\\/\\\/gruene-wiesbaden.de\\\/geschlechtergerechtigkeit\\\/\",\"url\":\"https:\\\/\\\/gruene-wiesbaden.de\\\/geschlechtergerechtigkeit\\\/\",\"name\":\"Geschlechtergerechtigkeit - B\u00dcNDNIS 90\\\/DIE GR\u00dcNEN Wiesbaden\",\"isPartOf\":{\"@id\":\"https:\\\/\\\/gruene-wiesbaden.de\\\/#website\"},\"primaryImageOfPage\":{\"@id\":\"https:\\\/\\\/gruene-wiesbaden.de\\\/geschlechtergerechtigkeit\\\/#primaryimage\"},\"image\":{\"@id\":\"https:\\\/\\\/gruene-wiesbaden.de\\\/geschlechtergerechtigkeit\\\/#primaryimage\"},\"thumbnailUrl\":\"https:\\\/\\\/gruene-wiesbaden.de\\\/wp-content\\\/uploads\\\/2025\\\/11\\\/2.1-Geschlechtergerechtigkeit-scaled.jpeg\",\"datePublished\":\"2025-11-09T22:09:19+00:00\",\"dateModified\":\"2026-04-09T08:25:16+00:00\",\"breadcrumb\":{\"@id\":\"https:\\\/\\\/gruene-wiesbaden.de\\\/geschlechtergerechtigkeit\\\/#breadcrumb\"},\"inLanguage\":\"de\",\"potentialAction\":[{\"@type\":\"ReadAction\",\"target\":[\"https:\\\/\\\/gruene-wiesbaden.de\\\/geschlechtergerechtigkeit\\\/\"]}]},{\"@type\":\"ImageObject\",\"inLanguage\":\"de\",\"@id\":\"https:\\\/\\\/gruene-wiesbaden.de\\\/geschlechtergerechtigkeit\\\/#primaryimage\",\"url\":\"https:\\\/\\\/gruene-wiesbaden.de\\\/wp-content\\\/uploads\\\/2025\\\/11\\\/2.1-Geschlechtergerechtigkeit-scaled.jpeg\",\"contentUrl\":\"https:\\\/\\\/gruene-wiesbaden.de\\\/wp-content\\\/uploads\\\/2025\\\/11\\\/2.1-Geschlechtergerechtigkeit-scaled.jpeg\",\"width\":2560,\"height\":1350,\"caption\":\"Gender equality, pay gap and woman with a sign in the office with a female and male symbol. Business, equity and girl employee with a feminism card in protest for equal salary, opportunity and equity.\"},{\"@type\":\"BreadcrumbList\",\"@id\":\"https:\\\/\\\/gruene-wiesbaden.de\\\/geschlechtergerechtigkeit\\\/#breadcrumb\",\"itemListElement\":[{\"@type\":\"ListItem\",\"position\":1,\"name\":\"Startseite\",\"item\":\"https:\\\/\\\/gruene-wiesbaden.de\\\/\"},{\"@type\":\"ListItem\",\"position\":2,\"name\":\"Geschlechtergerechtigkeit\"}]},{\"@type\":\"WebSite\",\"@id\":\"https:\\\/\\\/gruene-wiesbaden.de\\\/#website\",\"url\":\"https:\\\/\\\/gruene-wiesbaden.de\\\/\",\"name\":\"DIE GR\u00dcNEN Wiesbaden\",\"description\":\"\",\"publisher\":{\"@id\":\"https:\\\/\\\/gruene-wiesbaden.de\\\/#organization\"},\"potentialAction\":[{\"@type\":\"SearchAction\",\"target\":{\"@type\":\"EntryPoint\",\"urlTemplate\":\"https:\\\/\\\/gruene-wiesbaden.de\\\/?s={search_term_string}\"},\"query-input\":{\"@type\":\"PropertyValueSpecification\",\"valueRequired\":true,\"valueName\":\"search_term_string\"}}],\"inLanguage\":\"de\"},{\"@type\":\"Organization\",\"@id\":\"https:\\\/\\\/gruene-wiesbaden.de\\\/#organization\",\"name\":\"DIE GR\u00dcNEN Wiesbaden\",\"url\":\"https:\\\/\\\/gruene-wiesbaden.de\\\/\",\"logo\":{\"@type\":\"ImageObject\",\"inLanguage\":\"de\",\"@id\":\"https:\\\/\\\/gruene-wiesbaden.de\\\/#\\\/schema\\\/logo\\\/image\\\/\",\"url\":\"https:\\\/\\\/gruene-wiesbaden-fuer-europa.de\\\/wp-content\\\/uploads\\\/2024\\\/04\\\/Machen-was-zaehlt-5.png\",\"contentUrl\":\"https:\\\/\\\/gruene-wiesbaden-fuer-europa.de\\\/wp-content\\\/uploads\\\/2024\\\/04\\\/Machen-was-zaehlt-5.png\",\"width\":1772,\"height\":1772,\"caption\":\"DIE GR\u00dcNEN Wiesbaden\"},\"image\":{\"@id\":\"https:\\\/\\\/gruene-wiesbaden.de\\\/#\\\/schema\\\/logo\\\/image\\\/\"},\"sameAs\":[\"https:\\\/\\\/www.facebook.com\\\/gruene.wi\",\"https:\\\/\\\/instagram.com\\\/gruene_wi\"]},{\"@type\":\"Person\",\"@id\":\"https:\\\/\\\/gruene-wiesbaden.de\\\/#\\\/schema\\\/person\\\/6785c34779159cd4fd86886bb097afe9\",\"name\":\"admin\",\"sameAs\":[\"http:\\\/\\\/gruene-wiesbaden-fuer-europa.de\"],\"url\":\"https:\\\/\\\/gruene-wiesbaden.de\\\/de\\\/author\\\/admin\\\/\"}]}<\/script>\n<!-- \/ Yoast SEO plugin. -->","yoast_head_json":{"title":"Geschlechtergerechtigkeit - B\u00dcNDNIS 90\/DIE GR\u00dcNEN Wiesbaden","robots":{"index":"index","follow":"follow","max-snippet":"max-snippet:-1","max-image-preview":"max-image-preview:large","max-video-preview":"max-video-preview:-1"},"canonical":"https:\/\/gruene-wiesbaden.de\/de\/geschlechtergerechtigkeit\/","og_locale":"de_DE","og_type":"article","og_title":"Geschlechtergerechtigkeit - B\u00dcNDNIS 90\/DIE GR\u00dcNEN Wiesbaden","og_url":"https:\/\/gruene-wiesbaden.de\/de\/geschlechtergerechtigkeit\/","og_site_name":"B\u00dcNDNIS 90\/DIE GR\u00dcNEN Wiesbaden","article_publisher":"https:\/\/www.facebook.com\/gruene.wi","article_published_time":"2025-11-09T22:09:19+00:00","article_modified_time":"2026-04-09T08:25:16+00:00","og_image":[{"width":2560,"height":1350,"url":"https:\/\/gruene-wiesbaden.de\/wp-content\/uploads\/2025\/11\/2.1-Geschlechtergerechtigkeit-scaled.jpeg","type":"image\/jpeg"}],"author":"admin","twitter_card":"summary_large_image","twitter_misc":{"Verfasst von":"admin","Gesch\u00e4tzte Lesezeit":"12\u00a0Minuten"},"schema":{"@context":"https:\/\/schema.org","@graph":[{"@type":"Article","@id":"https:\/\/gruene-wiesbaden.de\/geschlechtergerechtigkeit\/#article","isPartOf":{"@id":"https:\/\/gruene-wiesbaden.de\/geschlechtergerechtigkeit\/"},"author":{"name":"admin","@id":"https:\/\/gruene-wiesbaden.de\/#\/schema\/person\/6785c34779159cd4fd86886bb097afe9"},"headline":"Geschlechtergerechtigkeit","datePublished":"2025-11-09T22:09:19+00:00","dateModified":"2026-04-09T08:25:16+00:00","mainEntityOfPage":{"@id":"https:\/\/gruene-wiesbaden.de\/geschlechtergerechtigkeit\/"},"wordCount":3266,"publisher":{"@id":"https:\/\/gruene-wiesbaden.de\/#organization"},"image":{"@id":"https:\/\/gruene-wiesbaden.de\/geschlechtergerechtigkeit\/#primaryimage"},"thumbnailUrl":"https:\/\/gruene-wiesbaden.de\/wp-content\/uploads\/2025\/11\/2.1-Geschlechtergerechtigkeit-scaled.jpeg","articleSection":["Kapitel 2"],"inLanguage":"de"},{"@type":"WebPage","@id":"https:\/\/gruene-wiesbaden.de\/geschlechtergerechtigkeit\/","url":"https:\/\/gruene-wiesbaden.de\/geschlechtergerechtigkeit\/","name":"Geschlechtergerechtigkeit - B\u00dcNDNIS 90\/DIE GR\u00dcNEN Wiesbaden","isPartOf":{"@id":"https:\/\/gruene-wiesbaden.de\/#website"},"primaryImageOfPage":{"@id":"https:\/\/gruene-wiesbaden.de\/geschlechtergerechtigkeit\/#primaryimage"},"image":{"@id":"https:\/\/gruene-wiesbaden.de\/geschlechtergerechtigkeit\/#primaryimage"},"thumbnailUrl":"https:\/\/gruene-wiesbaden.de\/wp-content\/uploads\/2025\/11\/2.1-Geschlechtergerechtigkeit-scaled.jpeg","datePublished":"2025-11-09T22:09:19+00:00","dateModified":"2026-04-09T08:25:16+00:00","breadcrumb":{"@id":"https:\/\/gruene-wiesbaden.de\/geschlechtergerechtigkeit\/#breadcrumb"},"inLanguage":"de","potentialAction":[{"@type":"ReadAction","target":["https:\/\/gruene-wiesbaden.de\/geschlechtergerechtigkeit\/"]}]},{"@type":"ImageObject","inLanguage":"de","@id":"https:\/\/gruene-wiesbaden.de\/geschlechtergerechtigkeit\/#primaryimage","url":"https:\/\/gruene-wiesbaden.de\/wp-content\/uploads\/2025\/11\/2.1-Geschlechtergerechtigkeit-scaled.jpeg","contentUrl":"https:\/\/gruene-wiesbaden.de\/wp-content\/uploads\/2025\/11\/2.1-Geschlechtergerechtigkeit-scaled.jpeg","width":2560,"height":1350,"caption":"Gender equality, pay gap and woman with a sign in the office with a female and male symbol. Business, equity and girl employee with a feminism card in protest for equal salary, opportunity and equity."},{"@type":"BreadcrumbList","@id":"https:\/\/gruene-wiesbaden.de\/geschlechtergerechtigkeit\/#breadcrumb","itemListElement":[{"@type":"ListItem","position":1,"name":"Startseite","item":"https:\/\/gruene-wiesbaden.de\/"},{"@type":"ListItem","position":2,"name":"Geschlechtergerechtigkeit"}]},{"@type":"WebSite","@id":"https:\/\/gruene-wiesbaden.de\/#website","url":"https:\/\/gruene-wiesbaden.de\/","name":"DIE GR\u00dcNEN Wiesbaden","description":"","publisher":{"@id":"https:\/\/gruene-wiesbaden.de\/#organization"},"potentialAction":[{"@type":"SearchAction","target":{"@type":"EntryPoint","urlTemplate":"https:\/\/gruene-wiesbaden.de\/?s={search_term_string}"},"query-input":{"@type":"PropertyValueSpecification","valueRequired":true,"valueName":"search_term_string"}}],"inLanguage":"de"},{"@type":"Organization","@id":"https:\/\/gruene-wiesbaden.de\/#organization","name":"DIE GR\u00dcNEN Wiesbaden","url":"https:\/\/gruene-wiesbaden.de\/","logo":{"@type":"ImageObject","inLanguage":"de","@id":"https:\/\/gruene-wiesbaden.de\/#\/schema\/logo\/image\/","url":"https:\/\/gruene-wiesbaden-fuer-europa.de\/wp-content\/uploads\/2024\/04\/Machen-was-zaehlt-5.png","contentUrl":"https:\/\/gruene-wiesbaden-fuer-europa.de\/wp-content\/uploads\/2024\/04\/Machen-was-zaehlt-5.png","width":1772,"height":1772,"caption":"DIE GR\u00dcNEN Wiesbaden"},"image":{"@id":"https:\/\/gruene-wiesbaden.de\/#\/schema\/logo\/image\/"},"sameAs":["https:\/\/www.facebook.com\/gruene.wi","https:\/\/instagram.com\/gruene_wi"]},{"@type":"Person","@id":"https:\/\/gruene-wiesbaden.de\/#\/schema\/person\/6785c34779159cd4fd86886bb097afe9","name":"admin","sameAs":["http:\/\/gruene-wiesbaden-fuer-europa.de"],"url":"https:\/\/gruene-wiesbaden.de\/de\/author\/admin\/"}]}},"_links":{"self":[{"href":"https:\/\/gruene-wiesbaden.de\/de\/wp-json\/wp\/v2\/posts\/1349","targetHints":{"allow":["GET"]}}],"collection":[{"href":"https:\/\/gruene-wiesbaden.de\/de\/wp-json\/wp\/v2\/posts"}],"about":[{"href":"https:\/\/gruene-wiesbaden.de\/de\/wp-json\/wp\/v2\/types\/post"}],"author":[{"embeddable":true,"href":"https:\/\/gruene-wiesbaden.de\/de\/wp-json\/wp\/v2\/users\/1"}],"replies":[{"embeddable":true,"href":"https:\/\/gruene-wiesbaden.de\/de\/wp-json\/wp\/v2\/comments?post=1349"}],"version-history":[{"count":7,"href":"https:\/\/gruene-wiesbaden.de\/de\/wp-json\/wp\/v2\/posts\/1349\/revisions"}],"predecessor-version":[{"id":2389,"href":"https:\/\/gruene-wiesbaden.de\/de\/wp-json\/wp\/v2\/posts\/1349\/revisions\/2389"}],"wp:featuredmedia":[{"embeddable":true,"href":"https:\/\/gruene-wiesbaden.de\/de\/wp-json\/wp\/v2\/media\/1545"}],"wp:attachment":[{"href":"https:\/\/gruene-wiesbaden.de\/de\/wp-json\/wp\/v2\/media?parent=1349"}],"wp:term":[{"taxonomy":"category","embeddable":true,"href":"https:\/\/gruene-wiesbaden.de\/de\/wp-json\/wp\/v2\/categories?post=1349"},{"taxonomy":"post_tag","embeddable":true,"href":"https:\/\/gruene-wiesbaden.de\/de\/wp-json\/wp\/v2\/tags?post=1349"}],"curies":[{"name":"wp","href":"https:\/\/api.w.org\/{rel}","templated":true}]}}