{"id":1341,"date":"2025-11-09T23:52:09","date_gmt":"2025-11-09T21:52:09","guid":{"rendered":"https:\/\/gruene-wiesbaden.de\/?p=1341"},"modified":"2026-04-09T00:22:28","modified_gmt":"2026-04-08T22:22:28","slug":"sport","status":"publish","type":"post","link":"https:\/\/gruene-wiesbaden.de\/de\/sport\/","title":{"rendered":"Sport"},"content":{"rendered":"<section class=\"l-section wpb_row height_medium with_img\"><div class=\"l-section-img\" role=\"img\" data-img-width=\"1080\" data-img-height=\"800\" style=\"background-image: url(https:\/\/gruene-wiesbaden.de\/wp-content\/uploads\/2025\/11\/neuer-Verlauf-gruene-wiesbaden.de_-2-e1762709402177.png);\"><\/div><div class=\"l-section-overlay\" style=\"background:var(--color-header-top-transparent-bg)\"><\/div><div class=\"l-section-h i-cf\"><div class=\"g-cols vc_row via_grid cols_1 laptops-cols_inherit tablets-cols_inherit mobiles-cols_1 valign_top type_default stacking_default\"><div class=\"wpb_column vc_column_container\"><div class=\"vc_column-inner\"><h1 class=\"w-post-elm post_title us_custom_a574d586 has_text_color entry-title\">Sport<\/h1><div class=\"w-separator size_medium\"><\/div><div class=\"g-cols wpb_row via_grid cols_2-1 laptops-cols_inherit tablets-cols_inherit mobiles-cols_1 valign_top type_default stacking_default\" style=\"--columns-gap:3rem;\"><div class=\"wpb_column vc_column_container\"><div class=\"vc_column-inner\"><div class=\"wpb_text_column us_custom_8b3d6790 has_text_color\"><div class=\"wpb_wrapper\"><p><span style=\"font-weight: 400;\">Sport ist mehr als Bewegung \u2013 er ist entscheidend f\u00fcr die k\u00f6rperliche und mentale Gesundheit aller Altersgruppen, Lebensqualit\u00e4t und gesellschaftlichen Zusammenhalt in unserer Stadt. Sport ist allgegenw\u00e4rtig, vom Rheinufer bis in den Stadtwald, mit Freizeitsport, oder Spitzensport. Sportvereine und Freizeitsportangebote schaffen wichtige soziale R\u00e4ume, in denen unterschiedlichste Menschen zusammenkommen. J\u00e4hrlich pr\u00e4sentiert sich Wiesbaden mit Sportveranstaltungen von \u00fcberregionaler Bedeutung als Sportstadt.<\/span><\/p>\n<p><span style=\"font-weight: 400;\">Politische Entscheidungen in Wiesbaden haben direkten Einfluss darauf, wie Sport vor Ort gelebt werden kann: Sie bestimmen \u00fcber die Finanzierung, den Bau und die Instandhaltung von Sportanlagen, \u00fcber den Zugang zu Schwimmb\u00e4dern und Hallen, \u00fcber die Unterst\u00fctzung von Vereinen und die F\u00f6rderung des Breitensports ebenso wie des Spitzensports.<\/span><\/p>\n<p><span style=\"font-weight: 400;\">Sportangebote schaffen soziale R\u00e4ume, in denen Menschen aller Generationen und Kulturen zusammenkommen, Integration gelingt und Kinder sowie Jugendliche wichtige Kompetenzen erwerben. T\u00e4glich investieren Ehrenamtliche ihre Zeit in einen funktionierenden Sportbetrieb. Ehrenamtliches Engagement tr\u00e4gt den Sport, doch ohne gute Rahmenbedingungen durch die Stadt kann es nicht wirken. Eine starke Sportinfrastruktur macht Wiesbaden attraktiv als Wohn- und Arbeitsort und pr\u00e4sentiert uns als Sportstadt mit Ausstrahlung weit \u00fcber die Region hinaus.<\/span><\/p>\n<\/div><\/div><div class=\"w-separator size_medium\"><\/div><div class=\"w-btn-wrapper align_left\"><a class=\"w-btn us-btn-style_8 icon_atleft\" href=\"https:\/\/gruene-wiesbaden.de\/kommunalwahl\/#Kapitel1\"><i class=\"fas fa-chevron-circle-right\"><\/i><span class=\"w-btn-label\">Zur\u00fcck zur \u00dcbersicht<\/span><\/a><\/div><\/div><\/div><div class=\"wpb_column vc_column_container\"><div class=\"vc_column-inner\"><div class=\"w-image align_center\"><div class=\"w-image-h\"><img decoding=\"async\" width=\"1707\" height=\"2560\" src=\"https:\/\/gruene-wiesbaden.de\/wp-content\/uploads\/2025\/11\/1.11-Sport-scaled.jpg\" class=\"attachment-full size-full\" alt=\"\" loading=\"lazy\" srcset=\"https:\/\/gruene-wiesbaden.de\/wp-content\/uploads\/2025\/11\/1.11-Sport-scaled.jpg 1707w, https:\/\/gruene-wiesbaden.de\/wp-content\/uploads\/2025\/11\/1.11-Sport-267x400.jpg 267w, https:\/\/gruene-wiesbaden.de\/wp-content\/uploads\/2025\/11\/1.11-Sport-400x600.jpg 400w\" sizes=\"auto, (max-width: 1707px) 100vw, 1707px\" \/><\/div><\/div><div class=\"w-separator size_small\"><\/div><\/div><\/div><\/div><div class=\"w-separator size_medium\"><\/div><div class=\"w-separator size_medium\"><\/div><div class=\"wpb_text_column\"><div class=\"wpb_wrapper\"><h1>Was Sport f\u00fcr uns bedeutet<\/h1>\n<\/div><\/div><div class=\"w-separator size_large\"><\/div><div class=\"g-cols wpb_row via_grid cols_3 laptops-cols_inherit tablets-cols_inherit mobiles-cols_1 valign_top type_default stacking_default\" style=\"--columns-gap:3rem;\"><div class=\"wpb_column vc_column_container\"><div class=\"vc_column-inner\"><div class=\"w-iconbox us_custom_8b3d6790 has_text_color iconpos_left style_default color_custom align_left\"><div class=\"w-iconbox-icon\" style=\"font-size:2rem;--icon-color:#Ffffff;--icon-bg-color:var(--color-header-middle-bg);\"><i class=\"fas fa-layer-group\"><\/i><\/div><div class=\"w-iconbox-meta\"><h4 class=\"w-iconbox-title\" style=\"font-size:1.5rem;\">Gesund, fit und modern<\/h4><div class=\"w-iconbox-text\"><p><span style=\"font-weight: 400;\">Sport st\u00e4rkt die k\u00f6rperliche und mentale Gesundheit und beugt Krankheiten vor. Menschen aller Altersgruppen profitieren von funktionierenden, \u00f6ffentlich zug\u00e4nglichen und modernen Sportanlagen.<\/span><\/p>\n<\/div><\/div><\/div><\/div><\/div><div class=\"wpb_column vc_column_container\"><div class=\"vc_column-inner\"><div class=\"w-iconbox us_custom_8b3d6790 has_text_color iconpos_left style_default color_custom align_left\"><div class=\"w-iconbox-icon\" style=\"font-size:2rem;--icon-color:#Ffffff;--icon-bg-color:var(--color-header-transparent-text);\"><i class=\"fas fa-layer-group\"><\/i><\/div><div class=\"w-iconbox-meta\"><h4 class=\"w-iconbox-title\" style=\"font-size:1.5rem;\">Gemeinschaft leben<\/h4><div class=\"w-iconbox-text\"><p><span style=\"font-weight: 400;\">Sport im Viertel, im Stadtwald, im \u00f6ffentlichen Raum und im Verein f\u00f6rdert Integration, Toleranz und ein gegenseitiges Verst\u00e4ndnis zwischen Menschen mit unterschiedlichen Lebensgeschichten.<\/span><\/p>\n<\/div><\/div><\/div><\/div><\/div><div class=\"wpb_column vc_column_container\"><div class=\"vc_column-inner\"><div class=\"w-iconbox us_custom_8b3d6790 has_text_color iconpos_left style_default color_custom align_left\"><div class=\"w-iconbox-icon\" style=\"font-size:2rem;--icon-color:#Ffffff;--icon-bg-color:var(--color-header-transparent-text);\"><i class=\"fas fa-layer-group\"><\/i><\/div><div class=\"w-iconbox-meta\"><h4 class=\"w-iconbox-title\" style=\"font-size:1.5rem;\">Jugendf\u00f6rderung<\/h4><div class=\"w-iconbox-text\"><p><span style=\"font-weight: 400;\">Sport bietet Kindern und Jugendlichen Freude an der Bewegung sowie wertvolle Freizeitgestaltung und vermittelt wichtige motorische und soziale Kompetenzen.<\/span><\/p>\n<\/div><\/div><\/div><\/div><\/div><\/div><div class=\"w-separator size_medium\"><\/div><div class=\"g-cols wpb_row via_grid cols_3 laptops-cols_inherit tablets-cols_inherit mobiles-cols_1 valign_top type_default stacking_default\" style=\"--columns-gap:3rem;\"><div class=\"wpb_column vc_column_container\"><div class=\"vc_column-inner\"><div class=\"w-iconbox us_custom_8b3d6790 has_text_color iconpos_left style_default color_custom align_left\"><div class=\"w-iconbox-icon\" style=\"font-size:2rem;--icon-color:#Ffffff;--icon-bg-color:var(--color-header-middle-bg);\"><i class=\"fas fa-layer-group\"><\/i><\/div><div class=\"w-iconbox-meta\"><h4 class=\"w-iconbox-title\" style=\"font-size:1.5rem;\">Sport f\u00fcr alle<\/h4><div class=\"w-iconbox-text\"><p><span style=\"font-weight: 400;\">Barriere-, gewalt- und diskriminierungsfreier Sport erm\u00f6glicht allen Menschen die inklusive Teilhabe am gesellschaftlichen Leben.<\/span><\/p>\n<\/div><\/div><\/div><\/div><\/div><div class=\"wpb_column vc_column_container\"><div class=\"vc_column-inner\"><div class=\"w-iconbox us_custom_8b3d6790 has_text_color iconpos_left style_default color_custom align_left\"><div class=\"w-iconbox-icon\" style=\"font-size:2rem;--icon-color:#Ffffff;--icon-bg-color:var(--color-header-transparent-text);\"><i class=\"fas fa-layer-group\"><\/i><\/div><div class=\"w-iconbox-meta\"><h4 class=\"w-iconbox-title\" style=\"font-size:1.5rem;\">\u00d6kologie und nachhaltiger Sport<\/h4><div class=\"w-iconbox-text\"><p><span style=\"font-weight: 400;\">\u00d6kologische Sportst\u00e4tten mit nachhaltiger Pflege und Bewirtschaftung, Veranstaltungen und umweltfreundliche Mobilit\u00e4t zum Sport sch\u00fctzen unsere nat\u00fcrlichen Ressourcen.<\/span><\/p>\n<\/div><\/div><\/div><\/div><\/div><div class=\"wpb_column vc_column_container\"><div class=\"vc_column-inner\"><div class=\"w-iconbox us_custom_8b3d6790 has_text_color iconpos_left style_default color_custom align_left\"><div class=\"w-iconbox-icon\" style=\"font-size:2rem;--icon-color:#Ffffff;--icon-bg-color:var(--color-header-transparent-text);\"><i class=\"fas fa-layer-group\"><\/i><\/div><div class=\"w-iconbox-meta\"><h4 class=\"w-iconbox-title\" style=\"font-size:1.5rem;\">Demokratief\u00f6rderung<\/h4><div class=\"w-iconbox-text\"><p><span style=\"font-weight: 400;\">Ein funktionierender Breiten- und Leistungssport in seiner Vielfalt wird m\u00f6glich durch das Engagement vieler Ehrenamtlicher. Dass Menschen sich in Sportvereinen als Trainer*innen, Vorst\u00e4nde, als Unterst\u00fctzung bei Vereinsfesten oder durch andere ehrenamtliche T\u00e4tigkeiten im Sportverein engagieren, ist gelebte Demokratie. Dieses Engagement gilt es zu w\u00fcrdigen und zu f\u00f6rdern.<\/span><\/p>\n<\/div><\/div><\/div><\/div><\/div><\/div><div class=\"w-separator size_medium\"><\/div><div class=\"w-btn-wrapper align_left\"><a class=\"w-btn us-btn-style_8 icon_atleft\" href=\"https:\/\/gruene-wiesbaden.de\/kommunalwahl\/#Kapitel1\"><i class=\"fas fa-chevron-circle-right\"><\/i><span class=\"w-btn-label\">Zur\u00fcck zur \u00dcbersicht<\/span><\/a><\/div><div class=\"w-separator size_medium\"><\/div><\/div><\/div><\/div><\/div><\/section><section class=\"l-section wpb_row height_auto with_img\"><div class=\"l-section-img\" role=\"img\" data-img-width=\"1707\" data-img-height=\"2560\" style=\"background-image: url(https:\/\/gruene-wiesbaden.de\/wp-content\/uploads\/2025\/11\/1.11-Sport-scaled.jpg);background-repeat: no-repeat;\"><\/div><div class=\"l-section-overlay\" style=\"background:var(--color-header-top-transparent-bg)\"><\/div><div class=\"l-section-h i-cf\"><div class=\"g-cols vc_row via_grid cols_1 laptops-cols_inherit tablets-cols_inherit mobiles-cols_1 valign_middle type_default stacking_default\" style=\"--columns-gap:1rem;\"><div class=\"wpb_column vc_column_container\"><div class=\"vc_column-inner\"><div class=\"w-separator size_large\"><\/div><div class=\"wpb_text_column background_inside_text\"><div class=\"wpb_wrapper\"><h1>Was wir konkret in diesem Bereich tun wollen<\/h1>\n<\/div><\/div><div class=\"w-separator size_medium\"><\/div><div class=\"w-tabs us_custom_42d693a0 has_text_color style_default switch_click accordion has_scrolling\" style=\"--sections-title-size:1.4rem\"><div class=\"w-tabs-sections titles-align_none icon_chevron cpos_right\"><div class=\"w-tabs-section has_text_color\" id=\"l85c\" style=\"background:var(--color-header-transparent-text);color:var(--color-header-top-text-hover);\"><button class=\"w-tabs-section-header\" aria-controls=\"content-l85c\" aria-expanded=\"false\"><div class=\"w-tabs-section-title\">Sportst\u00e4tten \u00f6kologisch sanieren, modernisieren und erweitern<\/div><div class=\"w-tabs-section-control\"><\/div><\/button><div  class=\"w-tabs-section-content\" id=\"content-l85c\"><div class=\"w-tabs-section-content-h i-cf\"><div class=\"wpb_text_column\"><div class=\"wpb_wrapper\"><p><span style=\"font-weight: 400;\">Wir investieren in die Sanierung bestehender Sportanlagen und schaffen neue Kapazit\u00e4ten. Dabei achten wir auf energieeffiziente Bauweise, Begr\u00fcnung, Ausbau von PV-Anlagen, barrierefreie Zug\u00e4nge und moderne Ausstattung. Vereine sollen verl\u00e4sslich planen k\u00f6nnen und bedarfsgerechte Trainingszeiten erhalten.<\/span><\/p>\n<\/div><\/div><\/div><\/div><\/div><div class=\"w-tabs-section has_text_color\" id=\"z97d\" style=\"background:var(--color-header-transparent-text);color:var(--color-header-top-text-hover);\"><button class=\"w-tabs-section-header\" aria-controls=\"content-z97d\" aria-expanded=\"false\"><div class=\"w-tabs-section-title\">Schulsport st\u00e4rken und ausbauen<\/div><div class=\"w-tabs-section-control\"><\/div><\/button><div  class=\"w-tabs-section-content\" id=\"content-z97d\"><div class=\"w-tabs-section-content-h i-cf\"><div class=\"wpb_text_column\"><div class=\"wpb_wrapper\"><p><span style=\"font-weight: 400;\">Wir wollen f\u00fcr\u00a0 gut ausgestattete Schulsporthallen und qualifizierte Sportangebote f\u00fcr den Ganztagsbereich sorgen. Wir unterst\u00fctzen die F\u00f6rderung von Kooperationen zwischen Schulen und Vereinen, um Kindern vielf\u00e4ltige Sportarten n\u00e4herzubringen, Talente zu entdecken und den Nachwuchs in den Vereinen zu st\u00e4rken.<\/span><\/p>\n<\/div><\/div><\/div><\/div><\/div><div class=\"w-tabs-section has_text_color\" id=\"ha96\" style=\"background:var(--color-header-transparent-text);color:var(--color-header-top-text-hover);\"><button class=\"w-tabs-section-header\" aria-controls=\"content-ha96\" aria-expanded=\"false\"><div class=\"w-tabs-section-title\">Bewegungsr\u00e4ume im \u00f6ffentlichen Raum schaffen<\/div><div class=\"w-tabs-section-control\"><\/div><\/button><div  class=\"w-tabs-section-content\" id=\"content-ha96\"><div class=\"w-tabs-section-content-h i-cf\"><div class=\"wpb_text_column\"><div class=\"wpb_wrapper\"><p><span style=\"font-weight: 400;\">Wir wollen mehr Outdoor-Fitnessger\u00e4te, Skateparks, Basketballpl\u00e4tze, Boulepl\u00e4tze, Calisthenics-Anlagen, Tischtennisplatten und Laufstrecken in Parks und Wohngebieten errichten lassen. Diese niedrigschwelligen Angebote erm\u00f6glichen spontane Bewegung ohne Vereinsmitgliedschaft und sprechen alle Bev\u00f6lkerungsgruppen an.<\/span><\/p>\n<\/div><\/div><\/div><\/div><\/div><div class=\"w-tabs-section has_text_color\" id=\"zbbe\" style=\"background:var(--color-header-middle-bg);color:var(--color-content-heading);\"><button class=\"w-tabs-section-header\" aria-controls=\"content-zbbe\" aria-expanded=\"false\"><div class=\"w-tabs-section-title\">F\u00f6rderung von Vereinen und Ehrenamtlichem Engagement im Sport<\/div><div class=\"w-tabs-section-control\"><\/div><\/button><div  class=\"w-tabs-section-content\" id=\"content-zbbe\"><div class=\"w-tabs-section-content-h i-cf\"><div class=\"wpb_text_column\"><div class=\"wpb_wrapper\"><p><span style=\"font-weight: 400;\">Auch f\u00fcr den Sport gilt, ehrenamtliches Engagement, zum Beispiel im Vorstand, beim Ausrichten von Vereinsfesten, als Schiedsrichter*innen oder Trainer*innen verdient gr\u00f6\u00dften Respekt. Damit sich Menschen auch weiterhin engagieren, unterst\u00fctzen wir Institutionen wie das B\u00fcrgerkolleg, die Wiesbaden Stiftung oder das Freiwilligen-Zentrum, damit ehrenamtlich Engagierte Qualifikation und Unterst\u00fctzung erhalten.<\/span><\/p>\n<p><span style=\"font-weight: 400;\">Dar\u00fcber hinaus setzen wir uns auch weiterhin f\u00fcr eine direkte Sportf\u00f6rderung, vor allem zur F\u00f6rderung des Breitensports und der Nachwuchsf\u00f6rderung, ein.<\/span><\/p>\n<\/div><\/div><\/div><\/div><\/div><div class=\"w-tabs-section has_text_color\" id=\"tcde\" style=\"background:var(--color-header-transparent-text);color:var(--color-header-top-text-hover);\"><button class=\"w-tabs-section-header\" aria-controls=\"content-tcde\" aria-expanded=\"false\"><div class=\"w-tabs-section-title\">Jedes Kind soll sicher schwimmen lernen<\/div><div class=\"w-tabs-section-control\"><\/div><\/button><div  class=\"w-tabs-section-content\" id=\"content-tcde\"><div class=\"w-tabs-section-content-h i-cf\"><div class=\"wpb_text_column\"><div class=\"wpb_wrapper\"><p><span style=\"font-weight: 400;\">Wir investieren in die Verf\u00fcgbarkeit von Schwimmb\u00e4dern f\u00fcr Schulen und Vereine f\u00fcr Schwimmunterricht. Wir erleichtern Kindern und Jugendlichen mit kosteng\u00fcnstigen Tickets den Zugang zu den Schwimmb\u00e4dern in Wiesbaden. Wir setzen uns f\u00fcr einen Ersatzneubau des Hallenbads Kostheim ein.<\/span><\/p>\n<\/div><\/div><\/div><\/div><\/div><div class=\"w-tabs-section has_text_color\" id=\"vdf7\" style=\"background:var(--color-header-middle-bg);color:var(--color-header-middle-text);\"><button class=\"w-tabs-section-header\" aria-controls=\"content-vdf7\" aria-expanded=\"false\"><div class=\"w-tabs-section-title\">Inklusive Sportangebote f\u00f6rdern<\/div><div class=\"w-tabs-section-control\"><\/div><\/button><div  class=\"w-tabs-section-content\" id=\"content-vdf7\"><div class=\"w-tabs-section-content-h i-cf\"><div class=\"wpb_text_column\"><div class=\"wpb_wrapper\"><p><span style=\"font-weight: 400;\">Wir unterst\u00fctzen und vernetzen Vereine beim Aufbau barrierefreier Angebote und der Ausbildung von \u00dcbungsleiter*innen f\u00fcr Menschen mit Behinderungen. Spezielle F\u00f6rdergelder helfen bei der Anschaffung entsprechender Sportger\u00e4te und bei den baulichen Anpassungen. Wir wollen die Unterst\u00fctzung unserer Vereine bei der Entwicklung von Angeboten speziell f\u00fcr queere Kinder und Jugendliche f\u00f6rdern. Wir f\u00f6rdern Integrationsinitiativen f\u00fcr Gefl\u00fcchtete und Menschen mit Migrationsgeschichte im Sport.<\/span><\/p>\n<\/div><\/div><\/div><\/div><\/div><div class=\"w-tabs-section has_text_color\" id=\"ef0f\" style=\"background:var(--color-header-transparent-text);color:var(--color-header-top-text-hover);\"><button class=\"w-tabs-section-header\" aria-controls=\"content-ef0f\" aria-expanded=\"false\"><div class=\"w-tabs-section-title\">Nachhaltige Mobilit\u00e4t zum Sport f\u00f6rdern<\/div><div class=\"w-tabs-section-control\"><\/div><\/button><div  class=\"w-tabs-section-content\" id=\"content-ef0f\"><div class=\"w-tabs-section-content-h i-cf\"><div class=\"wpb_text_column\"><div class=\"wpb_wrapper\"><p><span style=\"font-weight: 400;\">Wir wollen\u00a0 die Erreichbarkeit von Sportst\u00e4tten mit \u00f6ffentlichen Verkehrsmitteln, Fahrrad und zu Fu\u00df verbessern. Sichere Radwege, ausreichend Fahrradstellpl\u00e4tze sowie ein verbesserter \u00d6PNV-Takt in den Abendstunden sollen die Erreichbarkeit von Sportangeboten f\u00fcr Vereinsmitglieder ohne Auto erleichtern.<\/span><\/p>\n<\/div><\/div><\/div><\/div><\/div><div class=\"w-tabs-section has_text_color\" id=\"v027\" style=\"background:var(--color-header-transparent-text);color:var(--color-header-top-text-hover);\"><button class=\"w-tabs-section-header\" aria-controls=\"content-v027\" aria-expanded=\"false\"><div class=\"w-tabs-section-title\">Sportentwicklungsplan aufstellen<\/div><div class=\"w-tabs-section-control\"><\/div><\/button><div  class=\"w-tabs-section-content\" id=\"content-v027\"><div class=\"w-tabs-section-content-h i-cf\"><div class=\"wpb_text_column\"><div class=\"wpb_wrapper\"><p><span style=\"font-weight: 400;\">Um den Wiesbadener Sportbereich langfristig aufstellen zu k\u00f6nnen, wollen wir einen Sportentwicklungsplan aufstellen lassen: dazu sollen zun\u00e4chst in einer Bestandsaufnahme die vorhandenen Sportm\u00f6glichkeiten aufgezeigt werden, um dann mittels wissenschaftlicher Begleitung, enger Einbindung der Vereine und B\u00fcrgerbeteiligung einen zukunftsf\u00e4higen Plan f\u00fcr den Sport zu entwickeln.<\/span><\/p>\n<\/div><\/div><\/div><\/div><\/div><div class=\"w-tabs-section has_text_color\" id=\"j153\" style=\"background:var(--color-header-transparent-text);color:var(--color-header-top-text-hover);\"><button class=\"w-tabs-section-header\" aria-controls=\"content-j153\" aria-expanded=\"false\"><div class=\"w-tabs-section-title\">E-Sport anerkennen und f\u00f6rdern<\/div><div class=\"w-tabs-section-control\"><\/div><\/button><div  class=\"w-tabs-section-content\" id=\"content-j153\"><div class=\"w-tabs-section-content-h i-cf\"><div class=\"wpb_text_column\"><div class=\"wpb_wrapper\"><p><span style=\"font-weight: 400;\">Das Interesse an E-Sport &#8211; dem sportlichen, organisierten Wettkampf mit Computerspielen &#8211; ist weltweit in den letzten Jahren erheblich gewachsen. Der E- Sport hat sich von einer Nischenkultur zu einer globalen Unterhaltungsform entwickelt und wird auch in Deutschland zunehmend als ernstzunehmende Sportart anerkannt. Wir wollen E-Sport-Vereine f\u00f6rdern und pr\u00e4sentieren Wiesbaden als Gastgeberstadt f\u00fcr k\u00fcnftige E-Sport-Wettk\u00e4mpfe.<\/span><\/p>\n<\/div><\/div><\/div><\/div><\/div><\/div><\/div><div class=\"w-separator size_medium\"><\/div><div class=\"w-btn-wrapper align_left\"><a class=\"w-btn us-btn-style_8 icon_atleft\" href=\"https:\/\/gruene-wiesbaden.de\/kommunalwahl\/#Kapitel1\"><i class=\"fas fa-chevron-circle-right\"><\/i><span class=\"w-btn-label\">Zur\u00fcck zur \u00dcbersicht<\/span><\/a><\/div><div class=\"w-separator size_large\"><\/div><div class=\"wpb_text_column\"><div class=\"wpb_wrapper\"><h1>Was wir bereits erreicht haben<\/h1>\n<\/div><\/div><div class=\"w-separator size_medium\"><\/div><div class=\"w-tabs us_custom_42d693a0 has_text_color style_default switch_click accordion has_scrolling\" style=\"--sections-title-size:1.4rem\"><div class=\"w-tabs-sections titles-align_none icon_chevron cpos_right\"><div class=\"w-tabs-section has_text_color\" id=\"i41f\" style=\"background:var(--color-header-transparent-text);color:var(--color-header-top-text-hover);\"><button class=\"w-tabs-section-header\" aria-controls=\"content-i41f\" aria-expanded=\"false\"><div class=\"w-tabs-section-title\">Neubau Sporthalle Wettiner Stra\u00dfe und Sportpark Rheinh\u00f6he<\/div><div class=\"w-tabs-section-control\"><\/div><\/button><div  class=\"w-tabs-section-content\" id=\"content-i41f\"><div class=\"w-tabs-section-content-h i-cf\"><div class=\"wpb_text_column\"><div class=\"wpb_wrapper\"><p><span style=\"font-weight: 400;\">In der Wettinerstra\u00dfe wurde eine neue, moderne und leistungsf\u00e4hige Sporthalle f\u00fcr den Schul- und Vereinssport gebaut. Von der barrierefreien, energieeffizienten Halle profitieren das gesamte Berufsschulzentrum, aber auch zahlreiche Wiesbadener Sportvereine mit neuen, attraktiven Trainings- und Veranstaltungsm\u00f6glichkeiten. Mit der hochwertigen Ausstattung des Leichtathletikbereichs ist mit der Sportst\u00e4tte ein Grundstein f\u00fcr den erfolgreichen Leistungssport aus Wiesbaden gelegt worden.<\/span><span style=\"font-weight: 400;\"><br \/>\n<\/span><span style=\"font-weight: 400;\">Mit dem Beginn des Neubaus Rheinh\u00f6he wird eine in Punkto Nachhaltigkeit und Energieeffizienz beispielgebende Sportst\u00e4tte gebaut, die Schwimmen, Saunieren und Schlittschuhlaufen ganzj\u00e4hrig m\u00f6glich macht. Die Sportst\u00e4tte wird mit dem \u00d6PNV gut erreichbar sein und Wiesbaden um eine Attraktion reicher machen.<\/span><\/p>\n<\/div><\/div><\/div><\/div><\/div><div class=\"w-tabs-section has_text_color\" id=\"p538\" style=\"background:var(--color-header-transparent-text);color:var(--color-header-top-text-hover);\"><button class=\"w-tabs-section-header\" aria-controls=\"content-p538\" aria-expanded=\"false\"><div class=\"w-tabs-section-title\">Umwandlung von Hartpl\u00e4tzen in Kunstrasen<\/div><div class=\"w-tabs-section-control\"><\/div><\/button><div  class=\"w-tabs-section-content\" id=\"content-p538\"><div class=\"w-tabs-section-content-h i-cf\"><div class=\"wpb_text_column\"><div class=\"wpb_wrapper\"><p><span style=\"font-weight: 400;\">Jedes Jahr wurden zwei Pl\u00e4tze umgewandelt. Dabei wird auf Gummigranulat verzichtet, was Mikroplastikabrieb reduziert. Im Vergleich zu Hartpl\u00e4tzen schonen Kunstrasenpl\u00e4tze die Gelenke und verringern das Verletzungsrisiko.<\/span><\/p>\n<\/div><\/div><\/div><\/div><\/div><div class=\"w-tabs-section has_text_color\" id=\"m64f\" style=\"background:var(--color-header-transparent-text);color:var(--color-header-top-text-hover);\"><button class=\"w-tabs-section-header\" aria-controls=\"content-m64f\" aria-expanded=\"false\"><div class=\"w-tabs-section-title\">Gr\u00fcndung der Task Force Fu\u00dfball<\/div><div class=\"w-tabs-section-control\"><\/div><\/button><div  class=\"w-tabs-section-content\" id=\"content-m64f\"><div class=\"w-tabs-section-content-h i-cf\"><div class=\"wpb_text_column\"><div class=\"wpb_wrapper\"><p><span style=\"font-weight: 400;\">Als Reaktion auf Gewalt unter Spieler*innen sowie im Umgang mit meist ehrenamtlichen Schiedsrichter*innen wurde 2023 eine Taskforce gegr\u00fcndet, die sich des Themas Gewalt annimmt. Es werden Verfehlungen gesammelt. Gewalt wird zur Anzeige gebracht und die Vereine in Mithaftung genommen.<\/span><\/p>\n<\/div><\/div><\/div><\/div><\/div><div class=\"w-tabs-section has_text_color\" id=\"o766\" style=\"background:var(--color-header-middle-bg);color:var(--color-content-heading);\"><button class=\"w-tabs-section-header\" aria-controls=\"content-o766\" aria-expanded=\"false\"><div class=\"w-tabs-section-title\">Ausbau von kostenfrei nutzbaren Sportanlagen<\/div><div class=\"w-tabs-section-control\"><\/div><\/button><div  class=\"w-tabs-section-content\" id=\"content-o766\"><div class=\"w-tabs-section-content-h i-cf\"><div class=\"wpb_text_column\"><div class=\"wpb_wrapper\"><p><span style=\"font-weight: 400;\">An verschiedenen Orten in der Stadt wurden frei zug\u00e4ngliche Sportanlagen gebaut, an denen Menschen kostenfrei trainieren k\u00f6nnen. Dazu z\u00e4hlen Calisthenics- und Skateanlagen, Workout-Parks sowie Sportboxen mit verschiedenen Kleinger\u00e4ten zum Ausleihen.<\/span><\/p>\n<\/div><\/div><\/div><\/div><\/div><div class=\"w-tabs-section has_text_color\" id=\"y883\" style=\"background:var(--color-header-transparent-text);color:var(--color-header-top-text-hover);\"><button class=\"w-tabs-section-header\" aria-controls=\"content-y883\" aria-expanded=\"false\"><div class=\"w-tabs-section-title\">Kostenloser Schwimmbadbesuch in den hessischen Ferien<\/div><div class=\"w-tabs-section-control\"><\/div><\/button><div  class=\"w-tabs-section-content\" id=\"content-y883\"><div class=\"w-tabs-section-content-h i-cf\"><div class=\"wpb_text_column\"><div class=\"wpb_wrapper\"><p><span style=\"font-weight: 400;\">Kinder und Jugendliche bis 18 Jahre k\u00f6nnen seit Dezember 2023 w\u00e4hrend aller hessischen Schulferien kostenlos in vielen der Wiesbadener Schwimmb\u00e4der schwimmen. Das Angebot gilt f\u00fcr das Frei- und Hallenbad Kleinfeldchen, das Freizeitbad Mainzer Stra\u00dfe, das Freibad Kallebad und das Freibad Maaraue.<\/span><\/p>\n<\/div><\/div><\/div><\/div><\/div><\/div><\/div><div class=\"w-separator size_medium\"><\/div><div class=\"w-btn-wrapper align_left\"><a class=\"w-btn us-btn-style_8 icon_atleft\" href=\"https:\/\/gruene-wiesbaden.de\/kommunalwahl\/#Kapitel1\"><i class=\"fas fa-chevron-circle-right\"><\/i><span class=\"w-btn-label\">Zur\u00fcck zur \u00dcbersicht<\/span><\/a><\/div><div class=\"w-separator size_large\"><\/div><\/div><\/div><\/div><\/div><\/section>\n","protected":false},"excerpt":{"rendered":"SportSport ist mehr als Bewegung \u2013 er ist entscheidend f\u00fcr die k\u00f6rperliche und mentale Gesundheit aller Altersgruppen, Lebensqualit\u00e4t und gesellschaftlichen Zusammenhalt in unserer Stadt. Sport ist allgegenw\u00e4rtig, vom Rheinufer bis in den Stadtwald, mit Freizeitsport, oder Spitzensport. Sportvereine und Freizeitsportangebote schaffen wichtige soziale R\u00e4ume, in denen unterschiedlichste Menschen zusammenkommen. J\u00e4hrlich pr\u00e4sentiert sich Wiesbaden mit Sportveranstaltungen...","protected":false},"author":1,"featured_media":1487,"comment_status":"closed","ping_status":"closed","sticky":false,"template":"","format":"standard","meta":{"footnotes":""},"categories":[14],"tags":[],"class_list":["post-1341","post","type-post","status-publish","format-standard","has-post-thumbnail","hentry","category-kapitel-1"],"yoast_head":"<!-- This site is optimized with the Yoast SEO plugin v27.5 - https:\/\/yoast.com\/product\/yoast-seo-wordpress\/ -->\n<title>Sport - B\u00dcNDNIS 90\/DIE GR\u00dcNEN Wiesbaden<\/title>\n<meta name=\"robots\" content=\"index, follow, max-snippet:-1, max-image-preview:large, max-video-preview:-1\" \/>\n<link rel=\"canonical\" href=\"https:\/\/gruene-wiesbaden.de\/de\/sport\/\" \/>\n<meta property=\"og:locale\" content=\"de_DE\" \/>\n<meta property=\"og:type\" content=\"article\" \/>\n<meta property=\"og:title\" content=\"Sport - B\u00dcNDNIS 90\/DIE GR\u00dcNEN Wiesbaden\" \/>\n<meta property=\"og:url\" content=\"https:\/\/gruene-wiesbaden.de\/de\/sport\/\" \/>\n<meta property=\"og:site_name\" content=\"B\u00dcNDNIS 90\/DIE GR\u00dcNEN Wiesbaden\" \/>\n<meta property=\"article:publisher\" content=\"https:\/\/www.facebook.com\/gruene.wi\" \/>\n<meta property=\"article:published_time\" content=\"2025-11-09T21:52:09+00:00\" \/>\n<meta property=\"article:modified_time\" content=\"2026-04-08T22:22:28+00:00\" \/>\n<meta property=\"og:image\" content=\"https:\/\/gruene-wiesbaden.de\/wp-content\/uploads\/2025\/11\/1.11-Sport-scaled.jpg\" \/>\n\t<meta property=\"og:image:width\" content=\"1707\" \/>\n\t<meta property=\"og:image:height\" content=\"2560\" \/>\n\t<meta property=\"og:image:type\" content=\"image\/jpeg\" \/>\n<meta name=\"author\" content=\"admin\" \/>\n<meta name=\"twitter:card\" content=\"summary_large_image\" \/>\n<meta name=\"twitter:label1\" content=\"Verfasst von\" \/>\n\t<meta name=\"twitter:data1\" content=\"admin\" \/>\n\t<meta name=\"twitter:label2\" content=\"Gesch\u00e4tzte Lesezeit\" \/>\n\t<meta name=\"twitter:data2\" content=\"8\u00a0Minuten\" \/>\n<script type=\"application\/ld+json\" class=\"yoast-schema-graph\">{\"@context\":\"https:\\\/\\\/schema.org\",\"@graph\":[{\"@type\":\"Article\",\"@id\":\"https:\\\/\\\/gruene-wiesbaden.de\\\/sport\\\/#article\",\"isPartOf\":{\"@id\":\"https:\\\/\\\/gruene-wiesbaden.de\\\/sport\\\/\"},\"author\":{\"name\":\"admin\",\"@id\":\"https:\\\/\\\/gruene-wiesbaden.de\\\/#\\\/schema\\\/person\\\/6785c34779159cd4fd86886bb097afe9\"},\"headline\":\"Sport\",\"datePublished\":\"2025-11-09T21:52:09+00:00\",\"dateModified\":\"2026-04-08T22:22:28+00:00\",\"mainEntityOfPage\":{\"@id\":\"https:\\\/\\\/gruene-wiesbaden.de\\\/sport\\\/\"},\"wordCount\":2292,\"publisher\":{\"@id\":\"https:\\\/\\\/gruene-wiesbaden.de\\\/#organization\"},\"image\":{\"@id\":\"https:\\\/\\\/gruene-wiesbaden.de\\\/sport\\\/#primaryimage\"},\"thumbnailUrl\":\"https:\\\/\\\/gruene-wiesbaden.de\\\/wp-content\\\/uploads\\\/2025\\\/11\\\/1.11-Sport-scaled.jpg\",\"articleSection\":[\"Kapitel 1\"],\"inLanguage\":\"de\"},{\"@type\":\"WebPage\",\"@id\":\"https:\\\/\\\/gruene-wiesbaden.de\\\/sport\\\/\",\"url\":\"https:\\\/\\\/gruene-wiesbaden.de\\\/sport\\\/\",\"name\":\"Sport - B\u00dcNDNIS 90\\\/DIE GR\u00dcNEN Wiesbaden\",\"isPartOf\":{\"@id\":\"https:\\\/\\\/gruene-wiesbaden.de\\\/#website\"},\"primaryImageOfPage\":{\"@id\":\"https:\\\/\\\/gruene-wiesbaden.de\\\/sport\\\/#primaryimage\"},\"image\":{\"@id\":\"https:\\\/\\\/gruene-wiesbaden.de\\\/sport\\\/#primaryimage\"},\"thumbnailUrl\":\"https:\\\/\\\/gruene-wiesbaden.de\\\/wp-content\\\/uploads\\\/2025\\\/11\\\/1.11-Sport-scaled.jpg\",\"datePublished\":\"2025-11-09T21:52:09+00:00\",\"dateModified\":\"2026-04-08T22:22:28+00:00\",\"breadcrumb\":{\"@id\":\"https:\\\/\\\/gruene-wiesbaden.de\\\/sport\\\/#breadcrumb\"},\"inLanguage\":\"de\",\"potentialAction\":[{\"@type\":\"ReadAction\",\"target\":[\"https:\\\/\\\/gruene-wiesbaden.de\\\/sport\\\/\"]}]},{\"@type\":\"ImageObject\",\"inLanguage\":\"de\",\"@id\":\"https:\\\/\\\/gruene-wiesbaden.de\\\/sport\\\/#primaryimage\",\"url\":\"https:\\\/\\\/gruene-wiesbaden.de\\\/wp-content\\\/uploads\\\/2025\\\/11\\\/1.11-Sport-scaled.jpg\",\"contentUrl\":\"https:\\\/\\\/gruene-wiesbaden.de\\\/wp-content\\\/uploads\\\/2025\\\/11\\\/1.11-Sport-scaled.jpg\",\"width\":1707,\"height\":2560},{\"@type\":\"BreadcrumbList\",\"@id\":\"https:\\\/\\\/gruene-wiesbaden.de\\\/sport\\\/#breadcrumb\",\"itemListElement\":[{\"@type\":\"ListItem\",\"position\":1,\"name\":\"Startseite\",\"item\":\"https:\\\/\\\/gruene-wiesbaden.de\\\/\"},{\"@type\":\"ListItem\",\"position\":2,\"name\":\"Sport\"}]},{\"@type\":\"WebSite\",\"@id\":\"https:\\\/\\\/gruene-wiesbaden.de\\\/#website\",\"url\":\"https:\\\/\\\/gruene-wiesbaden.de\\\/\",\"name\":\"DIE GR\u00dcNEN Wiesbaden\",\"description\":\"\",\"publisher\":{\"@id\":\"https:\\\/\\\/gruene-wiesbaden.de\\\/#organization\"},\"potentialAction\":[{\"@type\":\"SearchAction\",\"target\":{\"@type\":\"EntryPoint\",\"urlTemplate\":\"https:\\\/\\\/gruene-wiesbaden.de\\\/?s={search_term_string}\"},\"query-input\":{\"@type\":\"PropertyValueSpecification\",\"valueRequired\":true,\"valueName\":\"search_term_string\"}}],\"inLanguage\":\"de\"},{\"@type\":\"Organization\",\"@id\":\"https:\\\/\\\/gruene-wiesbaden.de\\\/#organization\",\"name\":\"DIE GR\u00dcNEN Wiesbaden\",\"url\":\"https:\\\/\\\/gruene-wiesbaden.de\\\/\",\"logo\":{\"@type\":\"ImageObject\",\"inLanguage\":\"de\",\"@id\":\"https:\\\/\\\/gruene-wiesbaden.de\\\/#\\\/schema\\\/logo\\\/image\\\/\",\"url\":\"https:\\\/\\\/gruene-wiesbaden-fuer-europa.de\\\/wp-content\\\/uploads\\\/2024\\\/04\\\/Machen-was-zaehlt-5.png\",\"contentUrl\":\"https:\\\/\\\/gruene-wiesbaden-fuer-europa.de\\\/wp-content\\\/uploads\\\/2024\\\/04\\\/Machen-was-zaehlt-5.png\",\"width\":1772,\"height\":1772,\"caption\":\"DIE GR\u00dcNEN Wiesbaden\"},\"image\":{\"@id\":\"https:\\\/\\\/gruene-wiesbaden.de\\\/#\\\/schema\\\/logo\\\/image\\\/\"},\"sameAs\":[\"https:\\\/\\\/www.facebook.com\\\/gruene.wi\",\"https:\\\/\\\/instagram.com\\\/gruene_wi\"]},{\"@type\":\"Person\",\"@id\":\"https:\\\/\\\/gruene-wiesbaden.de\\\/#\\\/schema\\\/person\\\/6785c34779159cd4fd86886bb097afe9\",\"name\":\"admin\",\"sameAs\":[\"http:\\\/\\\/gruene-wiesbaden-fuer-europa.de\"],\"url\":\"https:\\\/\\\/gruene-wiesbaden.de\\\/de\\\/author\\\/admin\\\/\"}]}<\/script>\n<!-- \/ Yoast SEO plugin. -->","yoast_head_json":{"title":"Sport - B\u00dcNDNIS 90\/DIE GR\u00dcNEN Wiesbaden","robots":{"index":"index","follow":"follow","max-snippet":"max-snippet:-1","max-image-preview":"max-image-preview:large","max-video-preview":"max-video-preview:-1"},"canonical":"https:\/\/gruene-wiesbaden.de\/de\/sport\/","og_locale":"de_DE","og_type":"article","og_title":"Sport - B\u00dcNDNIS 90\/DIE GR\u00dcNEN Wiesbaden","og_url":"https:\/\/gruene-wiesbaden.de\/de\/sport\/","og_site_name":"B\u00dcNDNIS 90\/DIE GR\u00dcNEN Wiesbaden","article_publisher":"https:\/\/www.facebook.com\/gruene.wi","article_published_time":"2025-11-09T21:52:09+00:00","article_modified_time":"2026-04-08T22:22:28+00:00","og_image":[{"width":1707,"height":2560,"url":"https:\/\/gruene-wiesbaden.de\/wp-content\/uploads\/2025\/11\/1.11-Sport-scaled.jpg","type":"image\/jpeg"}],"author":"admin","twitter_card":"summary_large_image","twitter_misc":{"Verfasst von":"admin","Gesch\u00e4tzte Lesezeit":"8\u00a0Minuten"},"schema":{"@context":"https:\/\/schema.org","@graph":[{"@type":"Article","@id":"https:\/\/gruene-wiesbaden.de\/sport\/#article","isPartOf":{"@id":"https:\/\/gruene-wiesbaden.de\/sport\/"},"author":{"name":"admin","@id":"https:\/\/gruene-wiesbaden.de\/#\/schema\/person\/6785c34779159cd4fd86886bb097afe9"},"headline":"Sport","datePublished":"2025-11-09T21:52:09+00:00","dateModified":"2026-04-08T22:22:28+00:00","mainEntityOfPage":{"@id":"https:\/\/gruene-wiesbaden.de\/sport\/"},"wordCount":2292,"publisher":{"@id":"https:\/\/gruene-wiesbaden.de\/#organization"},"image":{"@id":"https:\/\/gruene-wiesbaden.de\/sport\/#primaryimage"},"thumbnailUrl":"https:\/\/gruene-wiesbaden.de\/wp-content\/uploads\/2025\/11\/1.11-Sport-scaled.jpg","articleSection":["Kapitel 1"],"inLanguage":"de"},{"@type":"WebPage","@id":"https:\/\/gruene-wiesbaden.de\/sport\/","url":"https:\/\/gruene-wiesbaden.de\/sport\/","name":"Sport - B\u00dcNDNIS 90\/DIE GR\u00dcNEN Wiesbaden","isPartOf":{"@id":"https:\/\/gruene-wiesbaden.de\/#website"},"primaryImageOfPage":{"@id":"https:\/\/gruene-wiesbaden.de\/sport\/#primaryimage"},"image":{"@id":"https:\/\/gruene-wiesbaden.de\/sport\/#primaryimage"},"thumbnailUrl":"https:\/\/gruene-wiesbaden.de\/wp-content\/uploads\/2025\/11\/1.11-Sport-scaled.jpg","datePublished":"2025-11-09T21:52:09+00:00","dateModified":"2026-04-08T22:22:28+00:00","breadcrumb":{"@id":"https:\/\/gruene-wiesbaden.de\/sport\/#breadcrumb"},"inLanguage":"de","potentialAction":[{"@type":"ReadAction","target":["https:\/\/gruene-wiesbaden.de\/sport\/"]}]},{"@type":"ImageObject","inLanguage":"de","@id":"https:\/\/gruene-wiesbaden.de\/sport\/#primaryimage","url":"https:\/\/gruene-wiesbaden.de\/wp-content\/uploads\/2025\/11\/1.11-Sport-scaled.jpg","contentUrl":"https:\/\/gruene-wiesbaden.de\/wp-content\/uploads\/2025\/11\/1.11-Sport-scaled.jpg","width":1707,"height":2560},{"@type":"BreadcrumbList","@id":"https:\/\/gruene-wiesbaden.de\/sport\/#breadcrumb","itemListElement":[{"@type":"ListItem","position":1,"name":"Startseite","item":"https:\/\/gruene-wiesbaden.de\/"},{"@type":"ListItem","position":2,"name":"Sport"}]},{"@type":"WebSite","@id":"https:\/\/gruene-wiesbaden.de\/#website","url":"https:\/\/gruene-wiesbaden.de\/","name":"DIE GR\u00dcNEN Wiesbaden","description":"","publisher":{"@id":"https:\/\/gruene-wiesbaden.de\/#organization"},"potentialAction":[{"@type":"SearchAction","target":{"@type":"EntryPoint","urlTemplate":"https:\/\/gruene-wiesbaden.de\/?s={search_term_string}"},"query-input":{"@type":"PropertyValueSpecification","valueRequired":true,"valueName":"search_term_string"}}],"inLanguage":"de"},{"@type":"Organization","@id":"https:\/\/gruene-wiesbaden.de\/#organization","name":"DIE GR\u00dcNEN Wiesbaden","url":"https:\/\/gruene-wiesbaden.de\/","logo":{"@type":"ImageObject","inLanguage":"de","@id":"https:\/\/gruene-wiesbaden.de\/#\/schema\/logo\/image\/","url":"https:\/\/gruene-wiesbaden-fuer-europa.de\/wp-content\/uploads\/2024\/04\/Machen-was-zaehlt-5.png","contentUrl":"https:\/\/gruene-wiesbaden-fuer-europa.de\/wp-content\/uploads\/2024\/04\/Machen-was-zaehlt-5.png","width":1772,"height":1772,"caption":"DIE GR\u00dcNEN Wiesbaden"},"image":{"@id":"https:\/\/gruene-wiesbaden.de\/#\/schema\/logo\/image\/"},"sameAs":["https:\/\/www.facebook.com\/gruene.wi","https:\/\/instagram.com\/gruene_wi"]},{"@type":"Person","@id":"https:\/\/gruene-wiesbaden.de\/#\/schema\/person\/6785c34779159cd4fd86886bb097afe9","name":"admin","sameAs":["http:\/\/gruene-wiesbaden-fuer-europa.de"],"url":"https:\/\/gruene-wiesbaden.de\/de\/author\/admin\/"}]}},"_links":{"self":[{"href":"https:\/\/gruene-wiesbaden.de\/de\/wp-json\/wp\/v2\/posts\/1341","targetHints":{"allow":["GET"]}}],"collection":[{"href":"https:\/\/gruene-wiesbaden.de\/de\/wp-json\/wp\/v2\/posts"}],"about":[{"href":"https:\/\/gruene-wiesbaden.de\/de\/wp-json\/wp\/v2\/types\/post"}],"author":[{"embeddable":true,"href":"https:\/\/gruene-wiesbaden.de\/de\/wp-json\/wp\/v2\/users\/1"}],"replies":[{"embeddable":true,"href":"https:\/\/gruene-wiesbaden.de\/de\/wp-json\/wp\/v2\/comments?post=1341"}],"version-history":[{"count":8,"href":"https:\/\/gruene-wiesbaden.de\/de\/wp-json\/wp\/v2\/posts\/1341\/revisions"}],"predecessor-version":[{"id":2377,"href":"https:\/\/gruene-wiesbaden.de\/de\/wp-json\/wp\/v2\/posts\/1341\/revisions\/2377"}],"wp:featuredmedia":[{"embeddable":true,"href":"https:\/\/gruene-wiesbaden.de\/de\/wp-json\/wp\/v2\/media\/1487"}],"wp:attachment":[{"href":"https:\/\/gruene-wiesbaden.de\/de\/wp-json\/wp\/v2\/media?parent=1341"}],"wp:term":[{"taxonomy":"category","embeddable":true,"href":"https:\/\/gruene-wiesbaden.de\/de\/wp-json\/wp\/v2\/categories?post=1341"},{"taxonomy":"post_tag","embeddable":true,"href":"https:\/\/gruene-wiesbaden.de\/de\/wp-json\/wp\/v2\/tags?post=1341"}],"curies":[{"name":"wp","href":"https:\/\/api.w.org\/{rel}","templated":true}]}}