{"id":1333,"date":"2025-11-09T23:48:01","date_gmt":"2025-11-09T21:48:01","guid":{"rendered":"https:\/\/gruene-wiesbaden.de\/?p=1333"},"modified":"2026-04-09T00:13:49","modified_gmt":"2026-04-08T22:13:49","slug":"kitaplaetze-und-ganztagsbetreuung","status":"publish","type":"post","link":"https:\/\/gruene-wiesbaden.de\/de\/kitaplaetze-und-ganztagsbetreuung\/","title":{"rendered":"Kitapl\u00e4tze und Ganztagsbetreuung"},"content":{"rendered":"<section class=\"l-section wpb_row height_medium with_img\"><div class=\"l-section-img\" role=\"img\" data-img-width=\"1080\" data-img-height=\"800\" style=\"background-image: url(https:\/\/gruene-wiesbaden.de\/wp-content\/uploads\/2025\/11\/neuer-Verlauf-gruene-wiesbaden.de_-2-e1762709402177.png);\"><\/div><div class=\"l-section-overlay\" style=\"background:var(--color-header-top-transparent-bg)\"><\/div><div class=\"l-section-h i-cf\"><div class=\"g-cols vc_row via_grid cols_1 laptops-cols_inherit tablets-cols_inherit mobiles-cols_1 valign_top type_default stacking_default\"><div class=\"wpb_column vc_column_container\"><div class=\"vc_column-inner\"><h1 class=\"w-post-elm post_title us_custom_a574d586 has_text_color entry-title\">Kitapl\u00e4tze und Ganztagsbetreuung<\/h1><div class=\"w-separator size_medium\"><\/div><div class=\"g-cols wpb_row via_grid cols_2-1 laptops-cols_inherit tablets-cols_inherit mobiles-cols_1 valign_top type_default stacking_default\" style=\"--columns-gap:3rem;\"><div class=\"wpb_column vc_column_container\"><div class=\"vc_column-inner\"><div class=\"wpb_text_column us_custom_8b3d6790 has_text_color\"><div class=\"wpb_wrapper\"><p><span style=\"font-weight: 400;\">Fr\u00fchkindliche Bildung und verl\u00e4ssliche Betreuung sind entscheidend f\u00fcr Chancengleichheit, Familienfreundlichkeit und die Zukunft unserer Stadt. Alle Kinder haben ein Recht auf bestm\u00f6gliche Bildung und Betreuung \u2013 von Anfang an. Die fr\u00fchkindliche Bildung ist das Fundament f\u00fcr Chancengerechtigkeit und gesellschaftliche Teilhabe. Gleichzeitig erm\u00f6glicht eine verl\u00e4ssliche Kinderbetreuung Elternpaaren und Alleinerziehenden, Familie und Beruf besser zu vereinbaren.<\/span><\/p>\n<p><span style=\"font-weight: 400;\">Wir wollen Wiesbaden weiterhin zu einer kinder- und familienfreundlichen Stadt entwickeln, in der jedes Kind die bestm\u00f6glichen Startchancen erh\u00e4lt. Eine gute Infrastruktur an Kitapl\u00e4tzen und Ganztagsbetreuung ist daf\u00fcr eine Grundvoraussetzung. Diese zu schaffen &#8211; daf\u00fcr setzen wir uns ein.<\/span><\/p>\n<\/div><\/div><div class=\"w-separator size_medium\"><\/div><div class=\"w-btn-wrapper align_left\"><a class=\"w-btn us-btn-style_8 icon_atleft\" href=\"https:\/\/gruene-wiesbaden.de\/kommunalwahl\/#Kapitel1\"><i class=\"fas fa-chevron-circle-right\"><\/i><span class=\"w-btn-label\">Zur\u00fcck zur \u00dcbersicht<\/span><\/a><\/div><\/div><\/div><div class=\"wpb_column vc_column_container\"><div class=\"vc_column-inner\"><div class=\"w-image align_center\"><div class=\"w-image-h\"><img decoding=\"async\" width=\"1706\" height=\"2560\" src=\"https:\/\/gruene-wiesbaden.de\/wp-content\/uploads\/2025\/11\/1.7-Kitaplaetze-und-Ganztagsbetreuung-scaled.jpg\" class=\"attachment-full size-full\" alt=\"\" loading=\"lazy\" srcset=\"https:\/\/gruene-wiesbaden.de\/wp-content\/uploads\/2025\/11\/1.7-Kitaplaetze-und-Ganztagsbetreuung-scaled.jpg 1706w, https:\/\/gruene-wiesbaden.de\/wp-content\/uploads\/2025\/11\/1.7-Kitaplaetze-und-Ganztagsbetreuung-267x400.jpg 267w, https:\/\/gruene-wiesbaden.de\/wp-content\/uploads\/2025\/11\/1.7-Kitaplaetze-und-Ganztagsbetreuung-400x600.jpg 400w\" sizes=\"auto, (max-width: 1706px) 100vw, 1706px\" \/><\/div><\/div><div class=\"w-separator size_small\"><\/div><\/div><\/div><\/div><div class=\"w-separator size_medium\"><\/div><div class=\"w-separator size_medium\"><\/div><div class=\"wpb_text_column\"><div class=\"wpb_wrapper\"><h1>Was eine gute Infrastruktur an Kita- und Ganztagsbetreuung f\u00fcr uns bedeutet<\/h1>\n<\/div><\/div><div class=\"w-separator size_large\"><\/div><div class=\"g-cols wpb_row via_grid cols_3 laptops-cols_inherit tablets-cols_inherit mobiles-cols_1 valign_top type_default stacking_default\" style=\"--columns-gap:3rem;\"><div class=\"wpb_column vc_column_container\"><div class=\"vc_column-inner\"><div class=\"w-iconbox us_custom_8b3d6790 has_text_color iconpos_left style_default color_custom align_left\"><div class=\"w-iconbox-icon\" style=\"font-size:2rem;--icon-color:#Ffffff;--icon-bg-color:var(--color-header-middle-bg);\"><i class=\"fas fa-layer-group\"><\/i><\/div><div class=\"w-iconbox-meta\"><h4 class=\"w-iconbox-title\" style=\"font-size:1.5rem;\">Chancengleichheit und Teilhabe<\/h4><div class=\"w-iconbox-text\"><p><span style=\"font-weight: 400;\">Alle Kinder erhalten Zugang zu qualitativ hochwertiger Betreuung \u2013 inklusive Kitas und Schulen sowie digitale \u00dcbersetzungsangebote f\u00f6rdern gleiche Chancen f\u00fcr alle.<\/span><\/p>\n<\/div><\/div><\/div><\/div><\/div><div class=\"wpb_column vc_column_container\"><div class=\"vc_column-inner\"><div class=\"w-iconbox us_custom_8b3d6790 has_text_color iconpos_left style_default color_custom align_left\"><div class=\"w-iconbox-icon\" style=\"font-size:2rem;--icon-color:#Ffffff;--icon-bg-color:var(--color-header-transparent-text);\"><i class=\"fas fa-layer-group\"><\/i><\/div><div class=\"w-iconbox-meta\"><h4 class=\"w-iconbox-title\" style=\"font-size:1.5rem;\">Bildung von Anfang an<\/h4><div class=\"w-iconbox-text\"><p><span style=\"font-weight: 400;\">Hochwertige p\u00e4dagogische Konzepte, qualifizierte Fachkr\u00e4fte und moderne R\u00e4ume sichern Lern- und Entwicklungschancen f\u00fcr jedes Kind.<\/span><\/p>\n<\/div><\/div><\/div><\/div><\/div><div class=\"wpb_column vc_column_container\"><div class=\"vc_column-inner\"><div class=\"w-iconbox us_custom_8b3d6790 has_text_color iconpos_left style_default color_custom align_left\"><div class=\"w-iconbox-icon\" style=\"font-size:2rem;--icon-color:#Ffffff;--icon-bg-color:var(--color-header-transparent-text);\"><i class=\"fas fa-layer-group\"><\/i><\/div><div class=\"w-iconbox-meta\"><h4 class=\"w-iconbox-title\" style=\"font-size:1.5rem;\">Familienfreundlichkeit<\/h4><div class=\"w-iconbox-text\"><p><span style=\"font-weight: 400;\">Beitragsfreie oder reduzierte Kita-Pl\u00e4tze, Ganztagsbetreuung, Ferienangebote und KiEZe (KinderElternZentren) erleichtern Vereinbarkeit von Beruf und Familie.<\/span><\/p>\n<\/div><\/div><\/div><\/div><\/div><\/div><div class=\"w-separator size_medium\"><\/div><div class=\"g-cols wpb_row via_grid cols_3 laptops-cols_inherit tablets-cols_inherit mobiles-cols_1 valign_top type_default stacking_default\" style=\"--columns-gap:3rem;\"><div class=\"wpb_column vc_column_container\"><div class=\"vc_column-inner\"><div class=\"w-iconbox us_custom_8b3d6790 has_text_color iconpos_left style_default color_custom align_left\"><div class=\"w-iconbox-icon\" style=\"font-size:2rem;--icon-color:#Ffffff;--icon-bg-color:var(--color-header-middle-bg);\"><i class=\"fas fa-layer-group\"><\/i><\/div><div class=\"w-iconbox-meta\"><h4 class=\"w-iconbox-title\" style=\"font-size:1.5rem;\">Nachhaltigkeit und zukunftsf\u00e4hige Infrastruktur<\/h4><div class=\"w-iconbox-text\"><p><span style=\"font-weight: 400;\">Energetische Sanierungen, klimafreundliche Baukonzepte und moderne Au\u00dfengel\u00e4nde schaffen gesunde, ressourcenschonende Lernumgebungen.<\/span><\/p>\n<\/div><\/div><\/div><\/div><\/div><div class=\"wpb_column vc_column_container\"><div class=\"vc_column-inner\"><div class=\"w-iconbox us_custom_8b3d6790 has_text_color iconpos_left style_default color_custom align_left\"><div class=\"w-iconbox-icon\" style=\"font-size:2rem;--icon-color:#Ffffff;--icon-bg-color:var(--color-header-transparent-text);\"><i class=\"fas fa-layer-group\"><\/i><\/div><div class=\"w-iconbox-meta\"><h4 class=\"w-iconbox-title\" style=\"font-size:1.5rem;\">Innovation und digitale Teilhabe<\/h4><div class=\"w-iconbox-text\"><p><span style=\"font-weight: 400;\">Digitale Tools wie Kids Fox verbessern Kommunikation, Organisation und Zug\u00e4nglichkeit und f\u00f6rdern Mehrsprachigkeit.<\/span><\/p>\n<\/div><\/div><\/div><\/div><\/div><div class=\"wpb_column vc_column_container\"><div class=\"vc_column-inner\"><div class=\"w-iconbox us_custom_8b3d6790 has_text_color iconpos_left style_default color_custom align_left\"><div class=\"w-iconbox-icon\" style=\"font-size:2rem;--icon-color:#Ffffff;--icon-bg-color:var(--color-header-transparent-text);\"><i class=\"fas fa-layer-group\"><\/i><\/div><div class=\"w-iconbox-meta\"><h4 class=\"w-iconbox-title\" style=\"font-size:1.5rem;\">Stadtteilorientierung und Qualit\u00e4t<\/h4><div class=\"w-iconbox-text\"><p><span style=\"font-weight: 400;\">KiEZe und wohnortnahe Kitas st\u00e4rken lokale Vernetzung, f\u00f6rdern Gemeinschaft und sichern kontinuierlich hochwertige Betreuung durch Fortbildungen und Qualit\u00e4tsstandards.<\/span><\/p>\n<\/div><\/div><\/div><\/div><\/div><\/div><div class=\"w-separator size_medium\"><\/div><div class=\"w-btn-wrapper align_left\"><a class=\"w-btn us-btn-style_8 icon_atleft\" href=\"https:\/\/gruene-wiesbaden.de\/kommunalwahl\/#Kapitel1\"><i class=\"fas fa-chevron-circle-right\"><\/i><span class=\"w-btn-label\">Zur\u00fcck zur \u00dcbersicht<\/span><\/a><\/div><div class=\"w-separator size_medium\"><\/div><\/div><\/div><\/div><\/div><\/section><section class=\"l-section wpb_row height_auto with_img\"><div class=\"l-section-img\" role=\"img\" data-img-width=\"1706\" data-img-height=\"2560\" style=\"background-image: url(https:\/\/gruene-wiesbaden.de\/wp-content\/uploads\/2025\/11\/1.7-Kitaplaetze-und-Ganztagsbetreuung-scaled.jpg);background-repeat: no-repeat;\"><\/div><div class=\"l-section-overlay\" style=\"background:var(--color-header-top-transparent-bg)\"><\/div><div class=\"l-section-h i-cf\"><div class=\"g-cols vc_row via_grid cols_1 laptops-cols_inherit tablets-cols_inherit mobiles-cols_1 valign_middle type_default stacking_default\" style=\"--columns-gap:1rem;\"><div class=\"wpb_column vc_column_container\"><div class=\"vc_column-inner\"><div class=\"w-separator size_large\"><\/div><div class=\"wpb_text_column background_inside_text\"><div class=\"wpb_wrapper\"><h1>Was wir konkret in diesem Bereich tun wollen<\/h1>\n<\/div><\/div><div class=\"w-separator size_medium\"><\/div><div class=\"w-tabs us_custom_42d693a0 has_text_color style_default switch_click accordion has_scrolling\" style=\"--sections-title-size:1.4rem\"><div class=\"w-tabs-sections titles-align_none icon_chevron cpos_right\"><div class=\"w-tabs-section has_text_color\" id=\"x563\" style=\"background:var(--color-header-transparent-text);color:var(--color-header-top-text-hover);\"><button class=\"w-tabs-section-header\" aria-controls=\"content-x563\" aria-expanded=\"false\"><div class=\"w-tabs-section-title\">Kinderbetreuung beitragsfrei gestalten<\/div><div class=\"w-tabs-section-control\"><\/div><\/button><div  class=\"w-tabs-section-content\" id=\"content-x563\"><div class=\"w-tabs-section-content-h i-cf\"><div class=\"wpb_text_column\"><div class=\"wpb_wrapper\"><p><span style=\"font-weight: 400;\">Wir setzen uns beim Land daf\u00fcr ein, dass der Besuch von Kindertagesst\u00e4tten beitragsfrei wird. Bis dahin wollen wir die bestehende st\u00e4dtische Beitragsregelung fortsetzen, die bei kinderreichen Familien die Beitr\u00e4ge reduziert und bei Familien mit niedrigen Einkommen von Beitr\u00e4gen befreit.<\/span><\/p>\n<\/div><\/div><\/div><\/div><\/div><div class=\"w-tabs-section has_text_color\" id=\"t683\" style=\"background:var(--color-header-transparent-text);color:var(--color-header-top-text-hover);\"><button class=\"w-tabs-section-header\" aria-controls=\"content-t683\" aria-expanded=\"false\"><div class=\"w-tabs-section-title\">Starke Kita-Infrastruktur f\u00fcr die Zukunft unserer Stadt<\/div><div class=\"w-tabs-section-control\"><\/div><\/button><div  class=\"w-tabs-section-content\" id=\"content-t683\"><div class=\"w-tabs-section-content-h i-cf\"><div class=\"wpb_text_column\"><div class=\"wpb_wrapper\"><p><span style=\"font-weight: 400;\">Bildungsqualit\u00e4t beginnt im fr\u00fchkindlichen Alter. Wir GR\u00dcNEN setzen uns f\u00fcr den bedarfsgerechten Ausbau von Kita-Pl\u00e4tzen in Wiesbaden ein, mit qualitativ hochwertigen Betreuungskonzepten und ausreichend p\u00e4dagogischen Fachkr\u00e4ften, die faire Arbeitsbedingungen verdienen. Dabei schauen wir konkret auf die st\u00e4dtischen Bereiche mit einer kritischen Versorgungslage. In anderen Stadtbezirken besteht hingegen mittlerweile ein \u00dcberangebot. Daher ist eine Nachsch\u00e4rfung der Kita- Ausbaustrategie notwendig, mit dem Anspruch, finanzielle Ressourcen gezielter einzusetzen und mehr Flexibilit\u00e4t bei wechselnden Bedarfen (etwa U3- versus Elementarbereich) zu erm\u00f6glichen. Daf\u00fcr braucht es eine umfassende Einbeziehung von Planungsparametern wie Geburtenrate und der ver\u00e4nderten Nachfrage nach Kitapl\u00e4tzen durch Neubauprojekte.<\/span><\/p>\n<\/div><\/div><\/div><\/div><\/div><div class=\"w-tabs-section has_text_color\" id=\"a7aa\" style=\"background:var(--color-header-transparent-text);color:var(--color-header-top-text-hover);\"><button class=\"w-tabs-section-header\" aria-controls=\"content-a7aa\" aria-expanded=\"false\"><div class=\"w-tabs-section-title\">Die klimagerechte Bau- und Sanierungsoffensive fortsetzen<\/div><div class=\"w-tabs-section-control\"><\/div><\/button><div  class=\"w-tabs-section-content\" id=\"content-a7aa\"><div class=\"w-tabs-section-content-h i-cf\"><div class=\"wpb_text_column\"><div class=\"wpb_wrapper\"><p><span style=\"font-weight: 400;\">Wir wollen zus\u00e4tzliche Kita-Pl\u00e4tze durch ein beschleunigtes Bauprogramm und innovative Raumkonzepte schaffen. Bestehende Einrichtungen werden energetisch saniert und modernisiert, um unseren Kindern eine gesunde Lernumgebung zu bieten und gleichzeitig Klimaschutzziele zu erreichen. Gerade mit dem Angebot der Ganztagsbetreuung in den Kitas und dem Ausbau von Ganztagsschulen sind ein Geb\u00e4ude und ein Au\u00dfengel\u00e4nde, welche auch an hei\u00dfen Tagen eine gute Aufenthaltsqualit\u00e4t bieten, wichtig.<\/span><\/p>\n<\/div><\/div><\/div><\/div><\/div><div class=\"w-tabs-section has_text_color\" id=\"d8bf\" style=\"background:var(--color-header-middle-bg);color:var(--color-content-heading);\"><button class=\"w-tabs-section-header\" aria-controls=\"content-d8bf\" aria-expanded=\"false\"><div class=\"w-tabs-section-title\">Barrierefreie und inklusive Einrichtungen f\u00f6rdern<\/div><div class=\"w-tabs-section-control\"><\/div><\/button><div  class=\"w-tabs-section-content\" id=\"content-d8bf\"><div class=\"w-tabs-section-content-h i-cf\"><div class=\"wpb_text_column\"><div class=\"wpb_wrapper\"><p><span style=\"font-weight: 400;\">Wir sorgen daf\u00fcr, dass es in unserer Stadt ausreichend viele barrierefreie und inklusive Kitas und Schulen verteilt im Stadtgebiet gibt.<\/span><\/p>\n<\/div><\/div><\/div><\/div><\/div><div class=\"w-tabs-section has_text_color\" id=\"s9d9\" style=\"background:var(--color-header-transparent-text);color:var(--color-header-top-text-hover);\"><button class=\"w-tabs-section-header\" aria-controls=\"content-s9d9\" aria-expanded=\"false\"><div class=\"w-tabs-section-title\">Ganztagsangebot fl\u00e4chendeckend ausbauen<\/div><div class=\"w-tabs-section-control\"><\/div><\/button><div  class=\"w-tabs-section-content\" id=\"content-s9d9\"><div class=\"w-tabs-section-content-h i-cf\"><div class=\"wpb_text_column\"><div class=\"wpb_wrapper\"><p><span style=\"font-weight: 400;\">Der &#8222;Pakt f\u00fcr den Ganztag&#8220; ist ein Modell, bei dem an Grundschulen und Grundstufen von F\u00f6rderschulen an f\u00fcnf Tagen in der Woche ein freiwilliges Betreuungsangebot von 7:30 Uhr bis 17:00 Uhr angeboten wird. In Wiesbaden nehmen derzeit 11 Schulen am Pakt f\u00fcr den Ganztag teil, mit insgesamt 2.679 Kindern (Stand August 2024). Ab dem Schuljahr 2026\/27 besteht ein Rechtsanspruch auf Ganztagsbetreuung f\u00fcr Grundschulkinder. Wir wollen\u00a0 in ein verl\u00e4ssliches Ganztagsangebot an allen Wiesbadener Grundschulen investieren. Daf\u00fcr wollen wir die notwendigen R\u00e4umlichkeiten schaffen, f\u00f6rdern multiprofessionelle Teams und unterst\u00fctzen die Entwicklung p\u00e4dagogischer Konzepte, die Lernen und Freizeit sinnvoll verbinden und allen Kindern gleiche Bildungschancen erm\u00f6glichen.<\/span><\/p>\n<\/div><\/div><\/div><\/div><\/div><div class=\"w-tabs-section has_text_color\" id=\"laf2\" style=\"background:var(--color-header-middle-bg);color:var(--color-header-middle-text);\"><button class=\"w-tabs-section-header\" aria-controls=\"content-laf2\" aria-expanded=\"false\"><div class=\"w-tabs-section-title\">Bio-Regional Verpflegung<\/div><div class=\"w-tabs-section-control\"><\/div><\/button><div  class=\"w-tabs-section-content\" id=\"content-laf2\"><div class=\"w-tabs-section-content-h i-cf\"><div class=\"wpb_text_column\"><div class=\"wpb_wrapper\"><p><span style=\"font-weight: 400;\">Wir stellen die Verpflegung in allen st\u00e4dtischen Kitas und Schulen auf mindestens 50 Prozent bio-regionale Produkte um. Durch Kooperationen mit lokalen Erzeugern schaffen wir kurze Lieferketten und f\u00fchren ein transparentes Kennzeichnungssystem ein, das Kindern spielerisch Wissen \u00fcber nachhaltige Ern\u00e4hrung vermittelt. Wir setzen uns au\u00dferdem daf\u00fcr ein, dass mindestens eine vollwertige vegane Alternative angeboten wird, um Kindern mit unterschiedlichen Ern\u00e4hrungsweisen oder Allergien eine passende Option zu bieten.<\/span><\/p>\n<\/div><\/div><\/div><\/div><\/div><div class=\"w-tabs-section has_text_color\" id=\"jc15\" style=\"background:var(--color-header-transparent-text);color:var(--color-header-top-text-hover);\"><button class=\"w-tabs-section-header\" aria-controls=\"content-jc15\" aria-expanded=\"false\"><div class=\"w-tabs-section-title\">Digitale Kommunikation und Mehrsprachigkeit in Kitas und Schulen<\/div><div class=\"w-tabs-section-control\"><\/div><\/button><div  class=\"w-tabs-section-content\" id=\"content-jc15\"><div class=\"w-tabs-section-content-h i-cf\"><div class=\"wpb_text_column\"><div class=\"wpb_wrapper\"><p><span style=\"font-weight: 400;\">Wir setzen uns daf\u00fcr ein, dass alle Familien unabh\u00e4ngig von Sprache und Herkunft gleichberechtigten Zugang zu Bildung und Betreuung haben. Seit 2025 unterst\u00fctzt die Stadt Wiesbaden in allen 42 st\u00e4dtischen Kitas die App Kids Fox, die Eltern und Kita- Mitarbeitende bei Kommunikation und Organisation unterst\u00fctzt und Inhalte automatisch in 27 Sprachen \u00fcbersetzt. Auch f\u00fcr Schulen wollen wir digitale L\u00f6sungen f\u00f6rdern: Mit Schoolfox und vergleichbaren Anwendungen sollen Lehrkr\u00e4fte, Sch\u00fcler*innen sowie Eltern effizient und barrierefrei miteinander kommunizieren k\u00f6nnen. Wir pr\u00fcfen eine zentrale Bereitstellung \u00fcber das Medienzentrum, um eine einheitliche Nutzung, Datenschutzkonformit\u00e4t und sprachliche Vielfalt sicherzustellen. So verbinden wir digitale Innovation mit Chancengleichheit und machen den Zugang zu Bildung f\u00fcr alle Familien einfacher und transparenter.<\/span><\/p>\n<\/div><\/div><\/div><\/div><\/div><div class=\"w-tabs-section has_text_color\" id=\"xd35\" style=\"background:var(--color-header-transparent-text);color:var(--color-header-top-text-hover);\"><button class=\"w-tabs-section-header\" aria-controls=\"content-xd35\" aria-expanded=\"false\"><div class=\"w-tabs-section-title\">KinderElternZentren (KiEZe) ausbauen<\/div><div class=\"w-tabs-section-control\"><\/div><\/button><div  class=\"w-tabs-section-content\" id=\"content-xd35\"><div class=\"w-tabs-section-content-h i-cf\"><div class=\"wpb_text_column\"><div class=\"wpb_wrapper\"><p><span style=\"font-weight: 400;\">Mit den KinderElternZentren (KiEZe) werden Familien direkt in ihren Stadtteilen gest\u00e4rkt. Seit mehreren Jahren bieten die KiEZe in Wiesbaden \u2013 etwa in Klarenthal, Schelmengraben, Westend und Biebrich \u2013 Beratung, Bildung und Begegnung an. Diese dienen als niedrigschwellige Anlaufstellen in den Stadtteilen und bieten flexible Kinderbetreuung, Elterncaf\u00e9s und Erziehungsberatung aus einer Hand \u2013 besonders f\u00fcr Alleinerziehende und Familien in herausfordernden Lebenslagen ist das ein bedeutsames Angebot. Die KiEZe vernetzen Kitas, Sozialdienste und Stadtteilinitiativen und f\u00f6rdern so Gemeinschaft und Chancengerechtigkeit. Wir GR\u00dcNE haben uns fr\u00fch f\u00fcr dieses Konzept starkgemacht und setzen uns daf\u00fcr ein, die bestehenden KiEZe weiter zu st\u00e4rken und auf weitere Stadtteile auszuweiten.<\/span><\/p>\n<\/div><\/div><\/div><\/div><\/div><div class=\"w-tabs-section has_text_color\" id=\"ze4e\" style=\"background:var(--color-header-transparent-text);color:var(--color-header-top-text-hover);\"><button class=\"w-tabs-section-header\" aria-controls=\"content-ze4e\" aria-expanded=\"false\"><div class=\"w-tabs-section-title\">Elternmitwirkung st\u00e4rken<\/div><div class=\"w-tabs-section-control\"><\/div><\/button><div  class=\"w-tabs-section-content\" id=\"content-ze4e\"><div class=\"w-tabs-section-content-h i-cf\"><div class=\"wpb_text_column\"><div class=\"wpb_wrapper\"><p><span style=\"font-weight: 400;\">Eine gute Zusammenarbeit zwischen Eltern und Kindertagesst\u00e4tten f\u00f6rdert das Wohl des Kindes und die Qualit\u00e4t der Betreuung. \u00dcber Einzelgespr\u00e4che und Elternabende hinaus ist die Beteiligung in Elternbeir\u00e4ten \u2013 auch einrichtungs\u00fcbergreifend &#8211; ein wichtiges Element der Mitwirkung. Wir wollen daher die Arbeit der Elternbeir\u00e4te in den Kitas wie auch deren stadtweite Vernetzung st\u00e4rken.<\/span><\/p>\n<\/div><\/div><\/div><\/div><\/div><\/div><\/div><div class=\"w-separator size_medium\"><\/div><div class=\"w-btn-wrapper align_left\"><a class=\"w-btn us-btn-style_8 icon_atleft\" href=\"https:\/\/gruene-wiesbaden.de\/kommunalwahl\/#Kapitel1\"><i class=\"fas fa-chevron-circle-right\"><\/i><span class=\"w-btn-label\">Zur\u00fcck zur \u00dcbersicht<\/span><\/a><\/div><div class=\"w-separator size_large\"><\/div><div class=\"wpb_text_column\"><div class=\"wpb_wrapper\"><h1>Was wir bereits erreicht haben<\/h1>\n<\/div><\/div><div class=\"w-separator size_medium\"><\/div><div class=\"w-tabs us_custom_42d693a0 has_text_color style_default switch_click accordion has_scrolling\" style=\"--sections-title-size:1.4rem\"><div class=\"w-tabs-sections titles-align_none icon_chevron cpos_right\"><div class=\"w-tabs-section has_text_color\" id=\"v110\" style=\"background:var(--color-header-transparent-text);color:var(--color-header-top-text-hover);\"><button class=\"w-tabs-section-header\" aria-controls=\"content-v110\" aria-expanded=\"false\"><div class=\"w-tabs-section-title\">Kita-Ausbau erfolgreich vorangetrieben<\/div><div class=\"w-tabs-section-control\"><\/div><\/button><div  class=\"w-tabs-section-content\" id=\"content-v110\"><div class=\"w-tabs-section-content-h i-cf\"><div class=\"wpb_text_column\"><div class=\"wpb_wrapper\"><p><span style=\"font-weight: 400;\">Seit 2022 haben wir die Kindertagesbetreuung in Wiesbaden deutlich ausgebaut: Im Kita-Jahr 2024\/25 standen 10.308 Pl\u00e4tze zur Verf\u00fcgung \u2013 227 mehr als im Vorjahr und das bei sinkender Kinderzahl in Wiesbaden (2020\/21 11.062, 2024\/25 10.912). Im U3-Bereich konnte das Platzangebot von 37,7% im Jahr 2020\/21 auf 41,1% im Jahr 2024\/25 und im Elementarbereich von 90% im Jahr 2020\/21 auf 94,4%im Jahr 2024\/2025 gesteigert werden. Damit konnten mehr Familien Berufst\u00e4tigkeit und Kinderbetreuung vereinbaren.<\/span><\/p>\n<\/div><\/div><\/div><\/div><\/div><div class=\"w-tabs-section has_text_color\" id=\"u229\" style=\"background:var(--color-header-transparent-text);color:var(--color-header-top-text-hover);\"><button class=\"w-tabs-section-header\" aria-controls=\"content-u229\" aria-expanded=\"false\"><div class=\"w-tabs-section-title\">Neue Kitas er\u00f6ffnet<\/div><div class=\"w-tabs-section-control\"><\/div><\/button><div  class=\"w-tabs-section-content\" id=\"content-u229\"><div class=\"w-tabs-section-content-h i-cf\"><div class=\"wpb_text_column\"><div class=\"wpb_wrapper\"><p><span style=\"font-weight: 400;\">Es wurden neue Einrichtungen geschaffen, insbesondere in Neubaugebieten wie etwa dem K\u00e4rntner-Viertel. So wurde die Versorgung in wachstumsstarken Stadtteilen gezielt verbessert.<\/span><\/p>\n<\/div><\/div><\/div><\/div><\/div><div class=\"w-tabs-section has_text_color\" id=\"c35f\" style=\"background:var(--color-header-transparent-text);color:var(--color-header-top-text-hover);\"><button class=\"w-tabs-section-header\" aria-controls=\"content-c35f\" aria-expanded=\"false\"><div class=\"w-tabs-section-title\">Einf\u00fchrung der Kita-App Kids Fox mit \u00dcbersetzungsfunktion<\/div><div class=\"w-tabs-section-control\"><\/div><\/button><div  class=\"w-tabs-section-content\" id=\"content-c35f\"><div class=\"w-tabs-section-content-h i-cf\"><div class=\"wpb_text_column\"><div class=\"wpb_wrapper\"><p><span style=\"font-weight: 400;\">Seit 2025 wurde in allen 42 st\u00e4dtischen Kitas die App &#8222;Kids Fox&#8220; eingef\u00fchrt. Diese unterst\u00fctzt Eltern und Kita-Mitarbeitende bei der Kommunikation und Organisation. Die Anwendung bietet eine automatische \u00dcbersetzungsfunktion in 27 Sprachen an.<\/span><\/p>\n<\/div><\/div><\/div><\/div><\/div><div class=\"w-tabs-section has_text_color\" id=\"m475\" style=\"background:var(--color-header-middle-bg);color:var(--color-content-heading);\"><button class=\"w-tabs-section-header\" aria-controls=\"content-m475\" aria-expanded=\"false\"><div class=\"w-tabs-section-title\">Ganztagsbetreuung an Schulen ausgebaut<\/div><div class=\"w-tabs-section-control\"><\/div><\/button><div  class=\"w-tabs-section-content\" id=\"content-m475\"><div class=\"w-tabs-section-content-h i-cf\"><div class=\"wpb_text_column\"><div class=\"wpb_wrapper\"><p><span style=\"font-weight: 400;\">Bereits 62 % der Grundschulkinder nutzen nun ein Nachmittagsbetreuungsangebot. Damit ist ein gro\u00dfer Schritt zur Umsetzung des Rechtsanspruchs auf Ganztagsbetreuung gemacht worden.<\/span><\/p>\n<\/div><\/div><\/div><\/div><\/div><div class=\"w-tabs-section has_text_color\" id=\"f58c\" style=\"background:var(--color-header-transparent-text);color:var(--color-header-top-text-hover);\"><button class=\"w-tabs-section-header\" aria-controls=\"content-f58c\" aria-expanded=\"false\"><div class=\"w-tabs-section-title\">Qualit\u00e4t der Betreuung verbessert<\/div><div class=\"w-tabs-section-control\"><\/div><\/button><div  class=\"w-tabs-section-content\" id=\"content-f58c\"><div class=\"w-tabs-section-content-h i-cf\"><div class=\"wpb_text_column\"><div class=\"wpb_wrapper\"><p><span style=\"font-weight: 400;\">Ma\u00dfnahmen zur Qualit\u00e4tsentwicklung in Kitas und Ganztagsangeboten wurden umgesetzt. Dazu geh\u00f6ren Fortbildungen f\u00fcr p\u00e4dagogische Fachkr\u00e4fte, die Einf\u00fchrung verbindlicher Qualit\u00e4tsstandards und die regelm\u00e4\u00dfige Evaluation der Betreuungseinrichtungen. So wird sichergestellt, dass Kinder verl\u00e4sslich, individuell gef\u00f6rdert und familiengerecht betreut werden. Eltern k\u00f6nnen sich auf hochwertige Angebote verlassen, und die Betreuung unterst\u00fctzt die kindliche Entwicklung bestm\u00f6glich.<\/span><\/p>\n<\/div><\/div><\/div><\/div><\/div><div class=\"w-tabs-section has_text_color\" id=\"o6b1\" style=\"background:var(--color-header-transparent-text);color:var(--color-header-top-text-hover);\"><button class=\"w-tabs-section-header\" aria-controls=\"content-o6b1\" aria-expanded=\"false\"><div class=\"w-tabs-section-title\">Ferienbetreuungsangebote ausgebaut und verbessert<\/div><div class=\"w-tabs-section-control\"><\/div><\/button><div  class=\"w-tabs-section-content\" id=\"content-o6b1\"><div class=\"w-tabs-section-content-h i-cf\"><div class=\"wpb_text_column\"><div class=\"wpb_wrapper\"><p><span style=\"font-weight: 400;\">Die Ferienbetreuungsangebote f\u00fcr Kinder und Jugendliche wurden deutlich erweitert. Durch die Zusammenarbeit der Stadt mit verschiedenen Partner*innen wurden zus\u00e4tzliche Programme ins Leben gerufen, die den Bed\u00fcrfnissen von Familien gerecht werden. Projekte wie die Sommer-Ferienspiele im Naturpark Cyperus boten Kindern beispielsweise die M\u00f6glichkeit, ihre Ferien in einer naturnahen Umgebung zu verbringen. Zudem setzten wir GR\u00dcNE uns daf\u00fcr ein, dass Ferienangebote in das st\u00e4dtische Ferienprogramm integriert wurden, um eine bessere \u00dcbersicht und Zug\u00e4nglichkeit f\u00fcr alle Familien zu gew\u00e4hrleisten &#8211; unabh\u00e4ngig vom Einkommen oder der Lebenssituation der Familien.<\/span><\/p>\n<\/div><\/div><\/div><\/div><\/div><\/div><\/div><div class=\"w-separator size_medium\"><\/div><div class=\"w-btn-wrapper align_left\"><a class=\"w-btn us-btn-style_8 icon_atleft\" href=\"https:\/\/gruene-wiesbaden.de\/kommunalwahl\/#Kapitel1\"><i class=\"fas fa-chevron-circle-right\"><\/i><span class=\"w-btn-label\">Zur\u00fcck zur \u00dcbersicht<\/span><\/a><\/div><div class=\"w-separator size_large\"><\/div><\/div><\/div><\/div><\/div><\/section>\n","protected":false},"excerpt":{"rendered":"Kitapl\u00e4tze und GanztagsbetreuungFr\u00fchkindliche Bildung und verl\u00e4ssliche Betreuung sind entscheidend f\u00fcr Chancengleichheit, Familienfreundlichkeit und die Zukunft unserer Stadt. Alle Kinder haben ein Recht auf bestm\u00f6gliche Bildung und Betreuung \u2013 von Anfang an. Die fr\u00fchkindliche Bildung ist das Fundament f\u00fcr Chancengerechtigkeit und gesellschaftliche Teilhabe. Gleichzeitig erm\u00f6glicht eine verl\u00e4ssliche Kinderbetreuung Elternpaaren und Alleinerziehenden, Familie und Beruf besser zu...","protected":false},"author":1,"featured_media":1485,"comment_status":"closed","ping_status":"closed","sticky":false,"template":"","format":"standard","meta":{"footnotes":""},"categories":[14],"tags":[],"class_list":["post-1333","post","type-post","status-publish","format-standard","has-post-thumbnail","hentry","category-kapitel-1"],"yoast_head":"<!-- This site is optimized with the Yoast SEO plugin v27.5 - https:\/\/yoast.com\/product\/yoast-seo-wordpress\/ -->\n<title>Kitapl\u00e4tze und Ganztagsbetreuung - B\u00dcNDNIS 90\/DIE GR\u00dcNEN Wiesbaden<\/title>\n<meta name=\"robots\" content=\"index, follow, max-snippet:-1, max-image-preview:large, max-video-preview:-1\" \/>\n<link rel=\"canonical\" href=\"https:\/\/gruene-wiesbaden.de\/de\/kitaplaetze-und-ganztagsbetreuung\/\" \/>\n<meta property=\"og:locale\" content=\"de_DE\" \/>\n<meta property=\"og:type\" content=\"article\" \/>\n<meta property=\"og:title\" content=\"Kitapl\u00e4tze und Ganztagsbetreuung - B\u00dcNDNIS 90\/DIE GR\u00dcNEN Wiesbaden\" \/>\n<meta property=\"og:url\" content=\"https:\/\/gruene-wiesbaden.de\/de\/kitaplaetze-und-ganztagsbetreuung\/\" \/>\n<meta property=\"og:site_name\" content=\"B\u00dcNDNIS 90\/DIE GR\u00dcNEN Wiesbaden\" \/>\n<meta property=\"article:publisher\" content=\"https:\/\/www.facebook.com\/gruene.wi\" \/>\n<meta property=\"article:published_time\" content=\"2025-11-09T21:48:01+00:00\" \/>\n<meta property=\"article:modified_time\" content=\"2026-04-08T22:13:49+00:00\" \/>\n<meta property=\"og:image\" content=\"https:\/\/gruene-wiesbaden.de\/wp-content\/uploads\/2025\/11\/1.7-Kitaplaetze-und-Ganztagsbetreuung-scaled.jpg\" \/>\n\t<meta property=\"og:image:width\" content=\"1706\" \/>\n\t<meta property=\"og:image:height\" content=\"2560\" \/>\n\t<meta property=\"og:image:type\" content=\"image\/jpeg\" \/>\n<meta name=\"author\" content=\"admin\" \/>\n<meta name=\"twitter:card\" content=\"summary_large_image\" \/>\n<meta name=\"twitter:label1\" content=\"Verfasst von\" \/>\n\t<meta name=\"twitter:data1\" content=\"admin\" \/>\n\t<meta name=\"twitter:label2\" content=\"Gesch\u00e4tzte Lesezeit\" \/>\n\t<meta name=\"twitter:data2\" content=\"9\u00a0Minuten\" \/>\n<script type=\"application\/ld+json\" class=\"yoast-schema-graph\">{\"@context\":\"https:\\\/\\\/schema.org\",\"@graph\":[{\"@type\":\"Article\",\"@id\":\"https:\\\/\\\/gruene-wiesbaden.de\\\/kitaplaetze-und-ganztagsbetreuung\\\/#article\",\"isPartOf\":{\"@id\":\"https:\\\/\\\/gruene-wiesbaden.de\\\/kitaplaetze-und-ganztagsbetreuung\\\/\"},\"author\":{\"name\":\"admin\",\"@id\":\"https:\\\/\\\/gruene-wiesbaden.de\\\/#\\\/schema\\\/person\\\/6785c34779159cd4fd86886bb097afe9\"},\"headline\":\"Kitapl\u00e4tze und Ganztagsbetreuung\",\"datePublished\":\"2025-11-09T21:48:01+00:00\",\"dateModified\":\"2026-04-08T22:13:49+00:00\",\"mainEntityOfPage\":{\"@id\":\"https:\\\/\\\/gruene-wiesbaden.de\\\/kitaplaetze-und-ganztagsbetreuung\\\/\"},\"wordCount\":2478,\"publisher\":{\"@id\":\"https:\\\/\\\/gruene-wiesbaden.de\\\/#organization\"},\"image\":{\"@id\":\"https:\\\/\\\/gruene-wiesbaden.de\\\/kitaplaetze-und-ganztagsbetreuung\\\/#primaryimage\"},\"thumbnailUrl\":\"https:\\\/\\\/gruene-wiesbaden.de\\\/wp-content\\\/uploads\\\/2025\\\/11\\\/1.7-Kitaplaetze-und-Ganztagsbetreuung-scaled.jpg\",\"articleSection\":[\"Kapitel 1\"],\"inLanguage\":\"de\"},{\"@type\":\"WebPage\",\"@id\":\"https:\\\/\\\/gruene-wiesbaden.de\\\/kitaplaetze-und-ganztagsbetreuung\\\/\",\"url\":\"https:\\\/\\\/gruene-wiesbaden.de\\\/kitaplaetze-und-ganztagsbetreuung\\\/\",\"name\":\"Kitapl\u00e4tze und Ganztagsbetreuung - B\u00dcNDNIS 90\\\/DIE GR\u00dcNEN Wiesbaden\",\"isPartOf\":{\"@id\":\"https:\\\/\\\/gruene-wiesbaden.de\\\/#website\"},\"primaryImageOfPage\":{\"@id\":\"https:\\\/\\\/gruene-wiesbaden.de\\\/kitaplaetze-und-ganztagsbetreuung\\\/#primaryimage\"},\"image\":{\"@id\":\"https:\\\/\\\/gruene-wiesbaden.de\\\/kitaplaetze-und-ganztagsbetreuung\\\/#primaryimage\"},\"thumbnailUrl\":\"https:\\\/\\\/gruene-wiesbaden.de\\\/wp-content\\\/uploads\\\/2025\\\/11\\\/1.7-Kitaplaetze-und-Ganztagsbetreuung-scaled.jpg\",\"datePublished\":\"2025-11-09T21:48:01+00:00\",\"dateModified\":\"2026-04-08T22:13:49+00:00\",\"breadcrumb\":{\"@id\":\"https:\\\/\\\/gruene-wiesbaden.de\\\/kitaplaetze-und-ganztagsbetreuung\\\/#breadcrumb\"},\"inLanguage\":\"de\",\"potentialAction\":[{\"@type\":\"ReadAction\",\"target\":[\"https:\\\/\\\/gruene-wiesbaden.de\\\/kitaplaetze-und-ganztagsbetreuung\\\/\"]}]},{\"@type\":\"ImageObject\",\"inLanguage\":\"de\",\"@id\":\"https:\\\/\\\/gruene-wiesbaden.de\\\/kitaplaetze-und-ganztagsbetreuung\\\/#primaryimage\",\"url\":\"https:\\\/\\\/gruene-wiesbaden.de\\\/wp-content\\\/uploads\\\/2025\\\/11\\\/1.7-Kitaplaetze-und-Ganztagsbetreuung-scaled.jpg\",\"contentUrl\":\"https:\\\/\\\/gruene-wiesbaden.de\\\/wp-content\\\/uploads\\\/2025\\\/11\\\/1.7-Kitaplaetze-und-Ganztagsbetreuung-scaled.jpg\",\"width\":1706,\"height\":2560},{\"@type\":\"BreadcrumbList\",\"@id\":\"https:\\\/\\\/gruene-wiesbaden.de\\\/kitaplaetze-und-ganztagsbetreuung\\\/#breadcrumb\",\"itemListElement\":[{\"@type\":\"ListItem\",\"position\":1,\"name\":\"Startseite\",\"item\":\"https:\\\/\\\/gruene-wiesbaden.de\\\/\"},{\"@type\":\"ListItem\",\"position\":2,\"name\":\"Kitapl\u00e4tze und Ganztagsbetreuung\"}]},{\"@type\":\"WebSite\",\"@id\":\"https:\\\/\\\/gruene-wiesbaden.de\\\/#website\",\"url\":\"https:\\\/\\\/gruene-wiesbaden.de\\\/\",\"name\":\"DIE GR\u00dcNEN Wiesbaden\",\"description\":\"\",\"publisher\":{\"@id\":\"https:\\\/\\\/gruene-wiesbaden.de\\\/#organization\"},\"potentialAction\":[{\"@type\":\"SearchAction\",\"target\":{\"@type\":\"EntryPoint\",\"urlTemplate\":\"https:\\\/\\\/gruene-wiesbaden.de\\\/?s={search_term_string}\"},\"query-input\":{\"@type\":\"PropertyValueSpecification\",\"valueRequired\":true,\"valueName\":\"search_term_string\"}}],\"inLanguage\":\"de\"},{\"@type\":\"Organization\",\"@id\":\"https:\\\/\\\/gruene-wiesbaden.de\\\/#organization\",\"name\":\"DIE GR\u00dcNEN Wiesbaden\",\"url\":\"https:\\\/\\\/gruene-wiesbaden.de\\\/\",\"logo\":{\"@type\":\"ImageObject\",\"inLanguage\":\"de\",\"@id\":\"https:\\\/\\\/gruene-wiesbaden.de\\\/#\\\/schema\\\/logo\\\/image\\\/\",\"url\":\"https:\\\/\\\/gruene-wiesbaden-fuer-europa.de\\\/wp-content\\\/uploads\\\/2024\\\/04\\\/Machen-was-zaehlt-5.png\",\"contentUrl\":\"https:\\\/\\\/gruene-wiesbaden-fuer-europa.de\\\/wp-content\\\/uploads\\\/2024\\\/04\\\/Machen-was-zaehlt-5.png\",\"width\":1772,\"height\":1772,\"caption\":\"DIE GR\u00dcNEN Wiesbaden\"},\"image\":{\"@id\":\"https:\\\/\\\/gruene-wiesbaden.de\\\/#\\\/schema\\\/logo\\\/image\\\/\"},\"sameAs\":[\"https:\\\/\\\/www.facebook.com\\\/gruene.wi\",\"https:\\\/\\\/instagram.com\\\/gruene_wi\"]},{\"@type\":\"Person\",\"@id\":\"https:\\\/\\\/gruene-wiesbaden.de\\\/#\\\/schema\\\/person\\\/6785c34779159cd4fd86886bb097afe9\",\"name\":\"admin\",\"sameAs\":[\"http:\\\/\\\/gruene-wiesbaden-fuer-europa.de\"],\"url\":\"https:\\\/\\\/gruene-wiesbaden.de\\\/de\\\/author\\\/admin\\\/\"}]}<\/script>\n<!-- \/ Yoast SEO plugin. -->","yoast_head_json":{"title":"Kitapl\u00e4tze und Ganztagsbetreuung - B\u00dcNDNIS 90\/DIE GR\u00dcNEN Wiesbaden","robots":{"index":"index","follow":"follow","max-snippet":"max-snippet:-1","max-image-preview":"max-image-preview:large","max-video-preview":"max-video-preview:-1"},"canonical":"https:\/\/gruene-wiesbaden.de\/de\/kitaplaetze-und-ganztagsbetreuung\/","og_locale":"de_DE","og_type":"article","og_title":"Kitapl\u00e4tze und Ganztagsbetreuung - B\u00dcNDNIS 90\/DIE GR\u00dcNEN Wiesbaden","og_url":"https:\/\/gruene-wiesbaden.de\/de\/kitaplaetze-und-ganztagsbetreuung\/","og_site_name":"B\u00dcNDNIS 90\/DIE GR\u00dcNEN Wiesbaden","article_publisher":"https:\/\/www.facebook.com\/gruene.wi","article_published_time":"2025-11-09T21:48:01+00:00","article_modified_time":"2026-04-08T22:13:49+00:00","og_image":[{"width":1706,"height":2560,"url":"https:\/\/gruene-wiesbaden.de\/wp-content\/uploads\/2025\/11\/1.7-Kitaplaetze-und-Ganztagsbetreuung-scaled.jpg","type":"image\/jpeg"}],"author":"admin","twitter_card":"summary_large_image","twitter_misc":{"Verfasst von":"admin","Gesch\u00e4tzte Lesezeit":"9\u00a0Minuten"},"schema":{"@context":"https:\/\/schema.org","@graph":[{"@type":"Article","@id":"https:\/\/gruene-wiesbaden.de\/kitaplaetze-und-ganztagsbetreuung\/#article","isPartOf":{"@id":"https:\/\/gruene-wiesbaden.de\/kitaplaetze-und-ganztagsbetreuung\/"},"author":{"name":"admin","@id":"https:\/\/gruene-wiesbaden.de\/#\/schema\/person\/6785c34779159cd4fd86886bb097afe9"},"headline":"Kitapl\u00e4tze und Ganztagsbetreuung","datePublished":"2025-11-09T21:48:01+00:00","dateModified":"2026-04-08T22:13:49+00:00","mainEntityOfPage":{"@id":"https:\/\/gruene-wiesbaden.de\/kitaplaetze-und-ganztagsbetreuung\/"},"wordCount":2478,"publisher":{"@id":"https:\/\/gruene-wiesbaden.de\/#organization"},"image":{"@id":"https:\/\/gruene-wiesbaden.de\/kitaplaetze-und-ganztagsbetreuung\/#primaryimage"},"thumbnailUrl":"https:\/\/gruene-wiesbaden.de\/wp-content\/uploads\/2025\/11\/1.7-Kitaplaetze-und-Ganztagsbetreuung-scaled.jpg","articleSection":["Kapitel 1"],"inLanguage":"de"},{"@type":"WebPage","@id":"https:\/\/gruene-wiesbaden.de\/kitaplaetze-und-ganztagsbetreuung\/","url":"https:\/\/gruene-wiesbaden.de\/kitaplaetze-und-ganztagsbetreuung\/","name":"Kitapl\u00e4tze und Ganztagsbetreuung - B\u00dcNDNIS 90\/DIE GR\u00dcNEN Wiesbaden","isPartOf":{"@id":"https:\/\/gruene-wiesbaden.de\/#website"},"primaryImageOfPage":{"@id":"https:\/\/gruene-wiesbaden.de\/kitaplaetze-und-ganztagsbetreuung\/#primaryimage"},"image":{"@id":"https:\/\/gruene-wiesbaden.de\/kitaplaetze-und-ganztagsbetreuung\/#primaryimage"},"thumbnailUrl":"https:\/\/gruene-wiesbaden.de\/wp-content\/uploads\/2025\/11\/1.7-Kitaplaetze-und-Ganztagsbetreuung-scaled.jpg","datePublished":"2025-11-09T21:48:01+00:00","dateModified":"2026-04-08T22:13:49+00:00","breadcrumb":{"@id":"https:\/\/gruene-wiesbaden.de\/kitaplaetze-und-ganztagsbetreuung\/#breadcrumb"},"inLanguage":"de","potentialAction":[{"@type":"ReadAction","target":["https:\/\/gruene-wiesbaden.de\/kitaplaetze-und-ganztagsbetreuung\/"]}]},{"@type":"ImageObject","inLanguage":"de","@id":"https:\/\/gruene-wiesbaden.de\/kitaplaetze-und-ganztagsbetreuung\/#primaryimage","url":"https:\/\/gruene-wiesbaden.de\/wp-content\/uploads\/2025\/11\/1.7-Kitaplaetze-und-Ganztagsbetreuung-scaled.jpg","contentUrl":"https:\/\/gruene-wiesbaden.de\/wp-content\/uploads\/2025\/11\/1.7-Kitaplaetze-und-Ganztagsbetreuung-scaled.jpg","width":1706,"height":2560},{"@type":"BreadcrumbList","@id":"https:\/\/gruene-wiesbaden.de\/kitaplaetze-und-ganztagsbetreuung\/#breadcrumb","itemListElement":[{"@type":"ListItem","position":1,"name":"Startseite","item":"https:\/\/gruene-wiesbaden.de\/"},{"@type":"ListItem","position":2,"name":"Kitapl\u00e4tze und Ganztagsbetreuung"}]},{"@type":"WebSite","@id":"https:\/\/gruene-wiesbaden.de\/#website","url":"https:\/\/gruene-wiesbaden.de\/","name":"DIE GR\u00dcNEN Wiesbaden","description":"","publisher":{"@id":"https:\/\/gruene-wiesbaden.de\/#organization"},"potentialAction":[{"@type":"SearchAction","target":{"@type":"EntryPoint","urlTemplate":"https:\/\/gruene-wiesbaden.de\/?s={search_term_string}"},"query-input":{"@type":"PropertyValueSpecification","valueRequired":true,"valueName":"search_term_string"}}],"inLanguage":"de"},{"@type":"Organization","@id":"https:\/\/gruene-wiesbaden.de\/#organization","name":"DIE GR\u00dcNEN Wiesbaden","url":"https:\/\/gruene-wiesbaden.de\/","logo":{"@type":"ImageObject","inLanguage":"de","@id":"https:\/\/gruene-wiesbaden.de\/#\/schema\/logo\/image\/","url":"https:\/\/gruene-wiesbaden-fuer-europa.de\/wp-content\/uploads\/2024\/04\/Machen-was-zaehlt-5.png","contentUrl":"https:\/\/gruene-wiesbaden-fuer-europa.de\/wp-content\/uploads\/2024\/04\/Machen-was-zaehlt-5.png","width":1772,"height":1772,"caption":"DIE GR\u00dcNEN Wiesbaden"},"image":{"@id":"https:\/\/gruene-wiesbaden.de\/#\/schema\/logo\/image\/"},"sameAs":["https:\/\/www.facebook.com\/gruene.wi","https:\/\/instagram.com\/gruene_wi"]},{"@type":"Person","@id":"https:\/\/gruene-wiesbaden.de\/#\/schema\/person\/6785c34779159cd4fd86886bb097afe9","name":"admin","sameAs":["http:\/\/gruene-wiesbaden-fuer-europa.de"],"url":"https:\/\/gruene-wiesbaden.de\/de\/author\/admin\/"}]}},"_links":{"self":[{"href":"https:\/\/gruene-wiesbaden.de\/de\/wp-json\/wp\/v2\/posts\/1333","targetHints":{"allow":["GET"]}}],"collection":[{"href":"https:\/\/gruene-wiesbaden.de\/de\/wp-json\/wp\/v2\/posts"}],"about":[{"href":"https:\/\/gruene-wiesbaden.de\/de\/wp-json\/wp\/v2\/types\/post"}],"author":[{"embeddable":true,"href":"https:\/\/gruene-wiesbaden.de\/de\/wp-json\/wp\/v2\/users\/1"}],"replies":[{"embeddable":true,"href":"https:\/\/gruene-wiesbaden.de\/de\/wp-json\/wp\/v2\/comments?post=1333"}],"version-history":[{"count":8,"href":"https:\/\/gruene-wiesbaden.de\/de\/wp-json\/wp\/v2\/posts\/1333\/revisions"}],"predecessor-version":[{"id":2373,"href":"https:\/\/gruene-wiesbaden.de\/de\/wp-json\/wp\/v2\/posts\/1333\/revisions\/2373"}],"wp:featuredmedia":[{"embeddable":true,"href":"https:\/\/gruene-wiesbaden.de\/de\/wp-json\/wp\/v2\/media\/1485"}],"wp:attachment":[{"href":"https:\/\/gruene-wiesbaden.de\/de\/wp-json\/wp\/v2\/media?parent=1333"}],"wp:term":[{"taxonomy":"category","embeddable":true,"href":"https:\/\/gruene-wiesbaden.de\/de\/wp-json\/wp\/v2\/categories?post=1333"},{"taxonomy":"post_tag","embeddable":true,"href":"https:\/\/gruene-wiesbaden.de\/de\/wp-json\/wp\/v2\/tags?post=1333"}],"curies":[{"name":"wp","href":"https:\/\/api.w.org\/{rel}","templated":true}]}}