{"id":1325,"date":"2025-11-09T23:43:08","date_gmt":"2025-11-09T21:43:08","guid":{"rendered":"https:\/\/gruene-wiesbaden.de\/?p=1325"},"modified":"2026-04-08T22:34:39","modified_gmt":"2026-04-08T20:34:39","slug":"umwelt-und-naturschutz","status":"publish","type":"post","link":"https:\/\/gruene-wiesbaden.de\/de\/umwelt-und-naturschutz\/","title":{"rendered":"Umwelt- und Naturschutz"},"content":{"rendered":"<section class=\"l-section wpb_row height_medium with_img\"><div class=\"l-section-img\" role=\"img\" data-img-width=\"1080\" data-img-height=\"800\" style=\"background-image: url(https:\/\/gruene-wiesbaden.de\/wp-content\/uploads\/2025\/11\/neuer-Verlauf-gruene-wiesbaden.de_-2-e1762709402177.png);\"><\/div><div class=\"l-section-overlay\" style=\"background:var(--color-header-top-transparent-bg)\"><\/div><div class=\"l-section-h i-cf\"><div class=\"g-cols vc_row via_grid cols_1 laptops-cols_inherit tablets-cols_inherit mobiles-cols_1 valign_top type_default stacking_default\"><div class=\"wpb_column vc_column_container\"><div class=\"vc_column-inner\"><h1 class=\"w-post-elm post_title us_custom_a574d586 has_text_color entry-title\">Umwelt- und Naturschutz<\/h1><div class=\"w-separator size_medium\"><\/div><div class=\"g-cols wpb_row via_grid cols_2-1 laptops-cols_inherit tablets-cols_inherit mobiles-cols_1 valign_top type_default stacking_default\" style=\"--columns-gap:3rem;\"><div class=\"wpb_column vc_column_container\"><div class=\"vc_column-inner\"><div class=\"wpb_text_column us_custom_8b3d6790 has_text_color\"><div class=\"wpb_wrapper\"><p><span style=\"font-weight: 400;\">Wiesbaden ist gepr\u00e4gt von wundersch\u00f6nen Naturlandschaften, die es zu sch\u00fctzen gilt. Wir setzen uns f\u00fcr einen konsequenten und verantwortungsvollen Umwelt- und Naturschutz ein, der unsere Lebensqualit\u00e4t verbessert, den Verlust der Artenvielfalt verhindert und unsere nat\u00fcrlichen Ressourcen f\u00fcr kommende Generationen bewahrt. Unsere Stadt Wiesbaden ist unser gemeinsames Zuhause. Der Schutz unserer nat\u00fcrlichen Lebensgrundlagen ist daher nicht nur eine \u00f6kologische Notwendigkeit, sondern auch ein Grundpfeiler f\u00fcr Lebensqualit\u00e4t und Gerechtigkeit. Wir setzen uns f\u00fcr eine Stadt ein, in der Mensch und Natur im Einklang leben k\u00f6nnen \u2013 heute und f\u00fcr zuk\u00fcnftige Generationen.<\/span><\/p>\n<\/div><\/div><div class=\"w-separator size_medium\"><\/div><div class=\"w-btn-wrapper align_left\"><a class=\"w-btn us-btn-style_8 icon_atleft\" href=\"https:\/\/gruene-wiesbaden.de\/kommunalwahl\/#Kapitel1\"><i class=\"fas fa-chevron-circle-right\"><\/i><span class=\"w-btn-label\">Zur\u00fcck zur \u00dcbersicht<\/span><\/a><\/div><\/div><\/div><div class=\"wpb_column vc_column_container\"><div class=\"vc_column-inner\"><div class=\"w-image align_center\"><div class=\"w-image-h\"><img decoding=\"async\" width=\"2560\" height=\"1707\" src=\"https:\/\/gruene-wiesbaden.de\/wp-content\/uploads\/2025\/11\/1.3-Umwelt-und-Naturschutz-Bild-scaled.jpg\" class=\"attachment-full size-full\" alt=\"\" loading=\"lazy\" srcset=\"https:\/\/gruene-wiesbaden.de\/wp-content\/uploads\/2025\/11\/1.3-Umwelt-und-Naturschutz-Bild-scaled.jpg 2560w, https:\/\/gruene-wiesbaden.de\/wp-content\/uploads\/2025\/11\/1.3-Umwelt-und-Naturschutz-Bild-400x267.jpg 400w, https:\/\/gruene-wiesbaden.de\/wp-content\/uploads\/2025\/11\/1.3-Umwelt-und-Naturschutz-Bild-600x400.jpg 600w\" sizes=\"auto, (max-width: 2560px) 100vw, 2560px\" \/><\/div><\/div><div class=\"w-separator size_small\"><\/div><\/div><\/div><\/div><div class=\"w-separator size_medium\"><\/div><div class=\"w-separator size_medium\"><\/div><div class=\"wpb_text_column us_custom_29deb344 has_text_color\"><div class=\"wpb_wrapper\"><h1>Was verantwortungsvoller Umwelt- und Naturschutz f\u00fcr uns bedeutet<\/h1>\n<\/div><\/div><div class=\"w-separator size_large\"><\/div><div class=\"g-cols wpb_row via_grid cols_3 laptops-cols_inherit tablets-cols_inherit mobiles-cols_1 valign_top type_default stacking_default\" style=\"--columns-gap:3rem;\"><div class=\"wpb_column vc_column_container\"><div class=\"vc_column-inner\"><div class=\"w-iconbox us_custom_f4639b64 has_text_color iconpos_left style_default color_custom align_left\"><div class=\"w-iconbox-icon\" style=\"font-size:2rem;--icon-color:#Ffffff;--icon-bg-color:var(--color-header-middle-bg);\"><i class=\"fas fa-layer-group\"><\/i><\/div><div class=\"w-iconbox-meta\"><h4 class=\"w-iconbox-title\" style=\"font-size:1.5rem;\">Intakte Natur<\/h4><div class=\"w-iconbox-text\"><p><span style=\"font-weight: 400;\">Die Regenerationsf\u00e4higkeit unserer \u00d6kosysteme ist beeindruckend. Wo wir der Natur Raum geben, bl\u00fcht sie wieder auf, und daran werden wir arbeiten.<\/span><\/p>\n<\/div><\/div><\/div><\/div><\/div><div class=\"wpb_column vc_column_container\"><div class=\"vc_column-inner\"><div class=\"w-iconbox us_custom_f4639b64 has_text_color iconpos_left style_default color_custom align_left\"><div class=\"w-iconbox-icon\" style=\"font-size:2rem;--icon-color:#Ffffff;--icon-bg-color:var(--color-header-transparent-text);\"><i class=\"fas fa-layer-group\"><\/i><\/div><div class=\"w-iconbox-meta\"><h4 class=\"w-iconbox-title\" style=\"font-size:1.5rem;\">Nat\u00fcrliche Lebensr\u00e4ume genie\u00dfen<\/h4><div class=\"w-iconbox-text\"><p><span style=\"font-weight: 400;\">Naturerfahrungen reduzieren Stress, lindern nachweislich viele Krankheiten und heben unsere Stimmung. Diese Erlebnisse wollen wir allen erm\u00f6glichen und insbesondere unseren Kindern.<\/span><\/p>\n<\/div><\/div><\/div><\/div><\/div><div class=\"wpb_column vc_column_container\"><div class=\"vc_column-inner\"><div class=\"w-iconbox us_custom_f4639b64 has_text_color iconpos_left style_default color_custom align_left\"><div class=\"w-iconbox-icon\" style=\"font-size:2rem;--icon-color:#Ffffff;--icon-bg-color:var(--color-header-transparent-text);\"><i class=\"fas fa-layer-group\"><\/i><\/div><div class=\"w-iconbox-meta\"><h4 class=\"w-iconbox-title\" style=\"font-size:1.5rem;\">Tief Durchatmen<\/h4><div class=\"w-iconbox-text\"><p><span style=\"font-weight: 400;\">Luftreinheit ist mehr als nur ein Umweltthema \u2013 sie ist ein Grundrecht f\u00fcr uns alle. Wir setzen uns f\u00fcr wirksame Ma\u00dfnahmen zur Verbesserung der Luftqualit\u00e4t ein.<\/span><\/p>\n<\/div><\/div><\/div><\/div><\/div><\/div><div class=\"w-separator size_medium\"><\/div><div class=\"g-cols wpb_row via_grid cols_3 laptops-cols_inherit tablets-cols_inherit mobiles-cols_1 valign_top type_default stacking_default\" style=\"--columns-gap:3rem;\"><div class=\"wpb_column vc_column_container\"><div class=\"vc_column-inner\"><div class=\"w-iconbox us_custom_f4639b64 has_text_color iconpos_left style_default color_custom align_left\"><div class=\"w-iconbox-icon\" style=\"font-size:2rem;--icon-color:#Ffffff;--icon-bg-color:var(--color-header-middle-bg);\"><i class=\"fas fa-layer-group\"><\/i><\/div><div class=\"w-iconbox-meta\"><h4 class=\"w-iconbox-title\" style=\"font-size:1.5rem;\">Gr\u00fcne Stadt erleben<\/h4><div class=\"w-iconbox-text\"><p><span style=\"font-weight: 400;\">Jeder zus\u00e4tzliche Baum, jeder entsiegelte Platz, jede Fassadenbegr\u00fcnung und jedes offene Wasser verbessert unsere Lebensqualit\u00e4t, schafft Begegnungsst\u00e4tten und reduziert Hitze und L\u00e4rm.<\/span><\/p>\n<\/div><\/div><\/div><\/div><\/div><div class=\"wpb_column vc_column_container\"><div class=\"vc_column-inner\"><div class=\"w-iconbox us_custom_f4639b64 has_text_color iconpos_left style_default color_custom align_left\"><div class=\"w-iconbox-icon\" style=\"font-size:2rem;--icon-color:#Ffffff;--icon-bg-color:var(--color-header-transparent-text);\"><i class=\"fas fa-layer-group\"><\/i><\/div><div class=\"w-iconbox-meta\"><h4 class=\"w-iconbox-title\" style=\"font-size:1.5rem;\">Identifikation mit unserem Zuhause<\/h4><div class=\"w-iconbox-text\"><p><span style=\"font-weight: 400;\">Die Verbindung von Heimat und Naturschutz bewegt immer mehr Menschen. Wir wollen die besondere Landschaft Wiesbadens als lebendigen, vielf\u00e4ltigen Lebensraum f\u00fcr die Zukunft gestalten und bewahren.<\/span><\/p>\n<\/div><\/div><\/div><\/div><\/div><div class=\"wpb_column vc_column_container\"><div class=\"vc_column-inner\"><div class=\"w-iconbox us_custom_f4639b64 has_text_color iconpos_left style_default color_custom align_left\"><div class=\"w-iconbox-icon\" style=\"font-size:2rem;--icon-color:#Ffffff;--icon-bg-color:var(--color-header-transparent-text);\"><i class=\"fas fa-layer-group\"><\/i><\/div><div class=\"w-iconbox-meta\"><h4 class=\"w-iconbox-title\" style=\"font-size:1.5rem;\">Ein erholsamer Alltag<\/h4><div class=\"w-iconbox-text\"><p><span style=\"font-weight: 400;\">Guter Schlaf durch weniger L\u00e4rm und geringere Lichtverschmutzung, sauberes Trinkwasser und eine m\u00fcllfreie Stadt \u2013 all das gibt uns die Kraft f\u00fcr ein gutes Leben.<\/span><\/p>\n<\/div><\/div><\/div><\/div><\/div><\/div><div class=\"w-separator size_medium\"><\/div><div class=\"w-btn-wrapper align_left\"><a class=\"w-btn us-btn-style_8 icon_atleft\" href=\"https:\/\/gruene-wiesbaden.de\/kommunalwahl\/#Kapitel1\"><i class=\"fas fa-chevron-circle-right\"><\/i><span class=\"w-btn-label\">Zur\u00fcck zur \u00dcbersicht<\/span><\/a><\/div><div class=\"w-separator size_medium\"><\/div><\/div><\/div><\/div><\/div><\/section><section class=\"l-section wpb_row height_auto with_img\"><div class=\"l-section-img\" role=\"img\" data-img-width=\"2560\" data-img-height=\"1707\" style=\"background-image: url(https:\/\/gruene-wiesbaden.de\/wp-content\/uploads\/2025\/11\/1.3-Umwelt-und-Naturschutz-Bild-scaled.jpg);background-repeat: no-repeat;\"><\/div><div class=\"l-section-overlay\" style=\"background:var(--color-header-top-transparent-bg)\"><\/div><div class=\"l-section-h i-cf\"><div class=\"g-cols vc_row via_grid cols_1 laptops-cols_inherit tablets-cols_inherit mobiles-cols_1 valign_middle type_default stacking_default\" style=\"--columns-gap:1rem;\"><div class=\"wpb_column vc_column_container\"><div class=\"vc_column-inner\"><div class=\"w-separator size_large\"><\/div><div class=\"wpb_text_column us_custom_fa36a3ac has_text_color background_inside_text\"><div class=\"wpb_wrapper\"><h1>Was wir konkret in diesem Bereich tun wollen<\/h1>\n<\/div><\/div><div class=\"w-separator size_medium\"><\/div><div class=\"w-tabs us_custom_42d693a0 has_text_color style_default switch_click accordion has_scrolling\" style=\"--sections-title-size:1.4rem\"><div class=\"w-tabs-sections titles-align_none icon_chevron cpos_right\"><div class=\"w-tabs-section has_text_color\" id=\"s9fb\" style=\"background:var(--color-header-transparent-text);color:var(--color-header-top-text-hover);\"><button class=\"w-tabs-section-header\" aria-controls=\"content-s9fb\" aria-expanded=\"false\"><div class=\"w-tabs-section-title\">Wiesbaden zur gr\u00fcnen Oase machen<\/div><div class=\"w-tabs-section-control\"><\/div><\/button><div  class=\"w-tabs-section-content\" id=\"content-s9fb\"><div class=\"w-tabs-section-content-h i-cf\"><div class=\"wpb_text_column\"><div class=\"wpb_wrapper\"><p><span style=\"font-weight: 400;\">Eine klimaresiliente Stadt braucht lebendige \u00d6kosysteme. Geb\u00e4ude, Stra\u00dfen und Pl\u00e4tze bieten enormes Potenzial als Standort f\u00fcr Pflanzen. Wir wollen, dass alte B\u00e4ume erhalten bleiben, und falls n\u00f6tig, umgehend ersetzt werden, dass neue B\u00e4ume gepflanzt und begr\u00fcnte Inseln geschaffen werden, um f\u00fcr Abk\u00fchlung und Beschattung zu sorgen. Auf st\u00e4dtischen Fl\u00e4chen sollen ausschlie\u00dflich insektenfreundliche, hitze- und trockenheitstolerante Pflanzen angebaut werden. Gemeinsam mit den B\u00fcrger*innen wollen wir Schotterg\u00e4rten und versiegelte Vorg\u00e4rten wieder zum Bl\u00fchen bringen. Auf diese Weise wollen wir lebenswerte Begegnungsst\u00e4tten f\u00fcr alle Stadtbewohner*innen schaffen.<\/span><\/p>\n<\/div><\/div><\/div><\/div><\/div><div class=\"w-tabs-section has_text_color\" id=\"db21\" style=\"background:var(--color-header-transparent-text);color:var(--color-header-top-text-hover);\"><button class=\"w-tabs-section-header\" aria-controls=\"content-db21\" aria-expanded=\"false\"><div class=\"w-tabs-section-title\">D\u00e4cher und Fassaden zum Leben erwecken<\/div><div class=\"w-tabs-section-control\"><\/div><\/button><div  class=\"w-tabs-section-content\" id=\"content-db21\"><div class=\"w-tabs-section-content-h i-cf\"><div class=\"wpb_text_column\"><div class=\"wpb_wrapper\"><p><span style=\"font-weight: 400;\">Statt grauer W\u00e4nde wollen wir gr\u00fcne Lungen, die das Stadtbild beleben. Geb\u00e4udebegr\u00fcnung reduziert den Energiebedarf, k\u00fchlt R\u00e4ume und ist Teil des Schwammstadtkonzepts. Zu viele D\u00e4cher und Fassaden in unserer Stadt sind noch ungenutzte Fl\u00e4chen. Dabei k\u00f6nnen sie Regenwasser speichern, die Luftqualit\u00e4t verbessern und Lebensraum f\u00fcr Tiere bieten. Wir setzen uns daf\u00fcr ein, dass bei Neubauten k\u00fcnftig konsequent Dachbegr\u00fcnung kombiniert mit Photovoltaik zum Einsatz kommt. Ein F\u00f6rderprogramm &#8222;Dach-, Fassaden- und H\u00f6febegr\u00fcnung&#8220; soll Hauseigent\u00fcmer*innen unb\u00fcrokratisch helfen und finanziell unterst\u00fctzen.<\/span><\/p>\n<\/div><\/div><\/div><\/div><\/div><div class=\"w-tabs-section has_text_color\" id=\"ic3e\" style=\"background:var(--color-header-transparent-text);color:var(--color-header-top-text-hover);\"><button class=\"w-tabs-section-header\" aria-controls=\"content-ic3e\" aria-expanded=\"false\"><div class=\"w-tabs-section-title\">Biodiversit\u00e4t f\u00f6rdern und Artenschutz st\u00e4rken<\/div><div class=\"w-tabs-section-control\"><\/div><\/button><div  class=\"w-tabs-section-content\" id=\"content-ic3e\"><div class=\"w-tabs-section-content-h i-cf\"><div class=\"wpb_text_column\"><div class=\"wpb_wrapper\"><p><span style=\"font-weight: 400;\">Eine Stadt kann mehr als nur Menschen beherbergen. Gemeinsam machen wir Wiesbaden zu einem Ort, an dem wir mit Tieren gut zusammenleben k\u00f6nnen. Wir setzen uns daf\u00fcr ein, dass bei Neubauten und Sanierungen gezielt Nistm\u00f6glichkeiten f\u00fcr V\u00f6gel wie Falken und Mauersegler sowie Quartiere f\u00fcr Flederm\u00e4use integriert werden. Auch Bienen und andere Insekten brauchen Lebensraum in der Stadt. Nistk\u00e4sten, Wildblumenwiesen und Wasserstellen bieten wertvolle Hilfe f\u00fcr &#8222;tierisches Leben&#8220; und sch\u00fctzen die lokale Tier- und Pflanzenwelt. Wir wollen Modellprojekte f\u00fcr tierfreundliches Bauen auf den Weg bringen und unterst\u00fctzen Bauherr*innen sowie Gartenbesitz*innen dabei, niedrigschwellige Beratungsangebote zu erhalten, wie sie mit einfachen Mitteln Lebensr\u00e4ume schaffen k\u00f6nnen.<\/span><\/p>\n<\/div><\/div><\/div><\/div><\/div><div class=\"w-tabs-section has_text_color\" id=\"pd65\" style=\"background:var(--color-alt-content-bg);color:var(--color-content-heading);\"><button class=\"w-tabs-section-header\" aria-controls=\"content-pd65\" aria-expanded=\"false\"><div class=\"w-tabs-section-title\">Fl\u00e4chenversiegelung begrenzen<\/div><div class=\"w-tabs-section-control\"><\/div><\/button><div  class=\"w-tabs-section-content\" id=\"content-pd65\"><div class=\"w-tabs-section-content-h i-cf\"><div class=\"wpb_text_column\"><div class=\"wpb_wrapper\"><p><span style=\"font-weight: 400;\">Netto-Null ist unser Ziel! Im Au\u00dfenbereich sind unversiegelte Fl\u00e4chen die Grundlage f\u00fcr Lebensmittelproduktion, Biodiversit\u00e4t, Frischluftentstehung und naturnahe Landschaft. In der Stadt dienen offene B\u00f6den dem dringend erforderlichen Schutz vor Hitze und \u00dcberschwemmung.<\/span><\/p>\n<p><span style=\"font-weight: 400;\">Bei Entwicklung und Bau neuer Siedlungs- und Gewerbefl\u00e4chen steht f\u00fcr uns die gr\u00f6\u00dftm\u00f6gliche Vermeidung \u00f6kologischer Risiken an erster Stelle, f\u00fcr negative Auswirkungen auf die \u00d6kosysteme erfolgt eine Kompensation. F\u00fcr jeden weiteren Quadratmeter innerst\u00e4dtisch bebauter Fl\u00e4che wollen wir, dass die Stadt Wiesbaden\u00a0 zum Ausgleich der Klimafunktion vertikales Gr\u00fcn schafft.<\/span><\/p>\n<\/div><\/div><\/div><\/div><\/div><div class=\"w-tabs-section has_text_color\" id=\"iea5\" style=\"background:var(--color-header-transparent-text);color:var(--color-header-top-text-hover);\"><button class=\"w-tabs-section-header\" aria-controls=\"content-iea5\" aria-expanded=\"false\"><div class=\"w-tabs-section-title\">Wiesbaden als Wasserstadt f\u00f6rdern<\/div><div class=\"w-tabs-section-control\"><\/div><\/button><div  class=\"w-tabs-section-content\" id=\"content-iea5\"><div class=\"w-tabs-section-content-h i-cf\"><div class=\"wpb_text_column\"><div class=\"wpb_wrapper\"><p><span style=\"font-weight: 400;\">Fr\u00fcher sorgten die hei\u00dfen Quellen f\u00fcr Wiesbadens Ruf als Weltkurstadt, heute dient das Wasser in seiner Vielfalt unser aller Wohlergehen, denn Wasserschutz ist Lebensschutz. Der notwendige Umbau zur Schwammstadt verbessert nicht nur die Klimaresilienz, sondern f\u00f6rdert auch den Erhalt der lokalen Trinkwasservorr\u00e4te und stellt die Regenwassernutzung in unserer Stadt sicher.<\/span><\/p>\n<p><span style=\"font-weight: 400;\">Wir wollen den Schiersteiner Hafen als intaktes Stillgew\u00e4sser erhalten und dass in der Stadt die zahlreichen &#8222;B\u00e4che ans Licht&#8220; geholt und sie dort, wo es m\u00f6glich ist, renaturiert werden.<\/span><\/p>\n<p><span style=\"font-weight: 400;\">Wir setzen uns daf\u00fcr ein, dass die Stadt\u00a0 Fl\u00e4chen erwirbt, um den naturnahen Flie\u00dfgew\u00e4ssern Raum zu geben. Trinkwasserbrunnen und Wasserspielpl\u00e4tze bieten Alt und Jung einen erfrischenden Stadtaufenthalt. Die Qualit\u00e4t unseres Wassers liegt uns ganz besonders am Herzen. Wir setzen uns nachdr\u00fccklich f\u00fcr den Bau weiterer Reinigungsstufen im Haupt- und Biebricher Kl\u00e4rwerk zur Kl\u00e4rung des Abwassers von R\u00fcckst\u00e4nden aus Arzneimitteln, Kosmetika und Industriechemikalien sowie Mikroplastik ein.<\/span><\/p>\n<\/div><\/div><\/div><\/div><\/div><div class=\"w-tabs-section has_text_color\" id=\"efcf\" style=\"background:var(--color-alt-content-bg);color:var(--color-header-middle-text);\"><button class=\"w-tabs-section-header\" aria-controls=\"content-efcf\" aria-expanded=\"false\"><div class=\"w-tabs-section-title\">Verantwortungsvolle Lichtplanung realisieren<\/div><div class=\"w-tabs-section-control\"><\/div><\/button><div  class=\"w-tabs-section-content\" id=\"content-efcf\"><div class=\"w-tabs-section-content-h i-cf\"><div class=\"wpb_text_column\"><div class=\"wpb_wrapper\"><p><span style=\"font-weight: 400;\">Unn\u00f6tige Beleuchtung ist nicht nur Energieverschwendung, sie schadet auch der Tier- und Pflanzenwelt. Insekten, V\u00f6gel und Flederm\u00e4use leiden massiv unter k\u00fcnstlichem Licht. Wir wollen daher bei \u00f6ffentlichen Fl\u00e4chen und Geb\u00e4uden f\u00fcr eine tierfreundliche Beleuchtung sorgen. Energieeffiziente und bedarfsgerechte Lichtnutzung sorgt f\u00fcr nat\u00fcrlich dunkle Lebensr\u00e4ume. Durch den Einsatz von beispielsweise warmwei\u00dfem Licht, zeitgesteuerten Leuchten und Lichtabschaltungen wird gleichzeitig das Sicherheitsbed\u00fcrfnis der Menschen ber\u00fccksichtigt.<\/span><\/p>\n<p><span style=\"font-weight: 400;\">Wir wollen, dass die Stadt \u00fcber ihre \u00d6ffentlichkeitsarbeit die B\u00fcrger*innen \u00fcber die Auswirkungen von Lichtverschmutzung auf Tierwelt, Mensch und Umwelt informiert und ihnen damit einen neuen Blick auf das Nachtleben der Tierwelt und dessen Bedeutung erm\u00f6glicht.<\/span><\/p>\n<\/div><\/div><\/div><\/div><\/div><div class=\"w-tabs-section has_text_color\" id=\"q0f6\" style=\"background:var(--color-header-transparent-text);color:var(--color-header-top-text-hover);\"><button class=\"w-tabs-section-header\" aria-controls=\"content-q0f6\" aria-expanded=\"false\"><div class=\"w-tabs-section-title\">Unsere Natur- und Kulturr\u00e4ume feiern<\/div><div class=\"w-tabs-section-control\"><\/div><\/button><div  class=\"w-tabs-section-content\" id=\"content-q0f6\"><div class=\"w-tabs-section-content-h i-cf\"><div class=\"wpb_text_column\"><div class=\"wpb_wrapper\"><p><span style=\"font-weight: 400;\">Wiesbaden und seine typische Umgebung am Taunusrand bieten ein unverwechselbares Landschaftsbild. Streuobstwiesen, W\u00e4lder, offene T\u00e4ler, Bachauen und die lebendigen Rheinufer bieten eine Vielfalt an unterschiedlichsten Lebensr\u00e4umen.<\/span><\/p>\n<p><span style=\"font-weight: 400;\">Bedeutende Spuren aus Kelten- und R\u00f6merzeit sowie aus dem Mittelalter und der Nassauischen Zeit des 19. Jahrhunderts finden sich in unserer Landschaft. Das Bewusstsein und der Einsatz f\u00fcr ihren Erhalt f\u00f6rdern die Verbundenheit mit unserem wundersch\u00f6nen Zuhause.<\/span><\/p>\n<\/div><\/div><\/div><\/div><\/div><div class=\"w-tabs-section has_text_color\" id=\"t220\" style=\"background:var(--color-header-transparent-text);color:var(--color-header-top-text-hover);\"><button class=\"w-tabs-section-header\" aria-controls=\"content-t220\" aria-expanded=\"false\"><div class=\"w-tabs-section-title\">Landschaftsschutzgebiete als Naturerbe bewahren<\/div><div class=\"w-tabs-section-control\"><\/div><\/button><div  class=\"w-tabs-section-content\" id=\"content-t220\"><div class=\"w-tabs-section-content-h i-cf\"><div class=\"wpb_text_column\"><div class=\"wpb_wrapper\"><p><span style=\"font-weight: 400;\">Wiesbadens Landschaftsschutzgebiete sind gr\u00fcne Oasen und \u00f6kologische Schatzkammern unserer Stadt. Sie bieten nicht nur einen Erholungsraum f\u00fcr uns Menschen, sondern sind auch unverzichtbare Lebensr\u00e4ume f\u00fcr zahlreiche Tier- und Pflanzenarten. Das \u00f6kologische Gleichgewicht dieser wertvollen Fl\u00e4chen ist zunehmend bedroht \u2013 durch illegale Bebauung und gewerbliche Nutzung sowie andere Eingriffe in Natur und Landschaft. Wir setzen uns f\u00fcr ein gesundes Gleichgewicht zwischen Nutzung und Erhalt ein und zeigen B\u00fcrger*innen unseren gr\u00fcnen Reichtum. Deshalb wollen wir, dass die Stadt Wiesbaden Fl\u00e4chen kauft und die Lebensgrundlagen f\u00fcr unsere heimischen Tier- und Pflanzenarten wiederherstellt.<\/span><\/p>\n<p><span style=\"font-weight: 400;\">Wir unterst\u00fctzen weiterhin die Einrichtung einer UNESCO-Biosph\u00e4renregion auf Gebieten der Kreise Rheingau-Taunus und Main-Taunus sowie der gesamten Stadt Wiesbaden.<\/span><\/p>\n<\/div><\/div><\/div><\/div><\/div><div class=\"w-tabs-section has_text_color\" id=\"e373\" style=\"background:var(--color-header-transparent-text);color:var(--color-header-top-text-hover);\"><button class=\"w-tabs-section-header\" aria-controls=\"content-e373\" aria-expanded=\"false\"><div class=\"w-tabs-section-title\">Lebensr\u00e4ume vernetzen<\/div><div class=\"w-tabs-section-control\"><\/div><\/button><div  class=\"w-tabs-section-content\" id=\"content-e373\"><div class=\"w-tabs-section-content-h i-cf\"><div class=\"wpb_text_column\"><div class=\"wpb_wrapper\"><p><span style=\"font-weight: 400;\">Unsere Stadt ist gewachsen, also muss auch der Raum f\u00fcr Natur und Erholung wachsen. Wir wollen nach dem erfolgreichen Vorbild des Frankfurter Gr\u00fcng\u00fcrtels einen zusammenh\u00e4ngenden Gr\u00fcnen Ring um die Wiesbadener Innenstadt schaffen und rechtlich absichern. Dabei werden Fl\u00e4chen miteinander vernetzt, sodass ein gesch\u00fctzter Biotopverbund entsteht. Bl\u00fchende Stadtoasen und Wanderkorridore f\u00fcr Wildtiere &#8211; statt ehemaliger Industriefl\u00e4chen und brachliegender Grundst\u00fccke &#8211; sind praktizierter Artenschutz. Doch der Gr\u00fcne Ring soll nicht nur der Natur dienen. Ein durchg\u00e4ngiger Rad- und Fu\u00dfweg bietet neue Erholungsm\u00f6glichkeiten f\u00fcr alle. Besonders wichtig ist uns die Einbindung der B\u00fcrger*innen: Patenschaften, Urban-Gardening-Projekte und Schulr\u00e4ume sollen entstehen. So verbindet der Gr\u00fcne Ring unsere Stadtgesellschaft und f\u00f6rdert gleichzeitig die Umweltbildung.<\/span><\/p>\n<p><span style=\"font-weight: 400;\">Das bereits entwickelte Rhein-Main-Ufer-Konzept soll in die Gr\u00fcng\u00fcrtelkonzeption einbezogen werden, sodass wir die alten blau-gr\u00fcnen Adern zwischen Rhein und Taunus wiederbeleben. F\u00fcr eine gelungene Umsetzung des Konzepts planen wir dar\u00fcber hinaus, die Bundesgartenschau nach Wiesbaden zu holen. Die damit verbundenen F\u00f6rdergelder kann die Stadt Wiesbaden als gro\u00dfartige Chance nutzen, um gemeinsam mit den B\u00fcrger*innen Wiesbaden lebendiger zu gestalten und die Stadt damit in den Mittelpunkt nationaler und internationaler Aufmerksamkeit zu stellen.<\/span><\/p>\n<\/div><\/div><\/div><\/div><\/div><div class=\"w-tabs-section has_text_color\" id=\"n499\" style=\"background:var(--color-header-transparent-text);color:var(--color-header-top-text-hover);\"><button class=\"w-tabs-section-header\" aria-controls=\"content-n499\" aria-expanded=\"false\"><div class=\"w-tabs-section-title\">Gemeinsam unsere gr\u00fcne Zukunft gestalten<\/div><div class=\"w-tabs-section-control\"><\/div><\/button><div  class=\"w-tabs-section-content\" id=\"content-n499\"><div class=\"w-tabs-section-content-h i-cf\"><div class=\"wpb_text_column\"><div class=\"wpb_wrapper\"><p><span style=\"font-weight: 400;\">Die Sicherung unserer Landschaftsschutzgebiete ist eine gesamtgesellschaftliche Aufgabe. Wir wollen das Bewusstsein f\u00fcr den Wert dieser Fl\u00e4chen st\u00e4rken und die Wiesbadener*innen aktiv einbinden. Durch Informations- und Naturerlebnisangebote sowie zivilgesellschaftliche Projekte k\u00f6nnen Lebensfreude und ein neues Verst\u00e4ndnis f\u00fcr unsere sch\u00fctzenswerte Umwelt entstehen.<\/span><\/p>\n<p><span style=\"font-weight: 400;\">Insbesondere wollen wir der Verm\u00fcllung von Stadt und Natur gegensteuern und Wiesbaden gemeinsam zu einer sauberen, lebenswerten Stadt machen.<\/span><\/p>\n<\/div><\/div><\/div><\/div><\/div><div class=\"w-tabs-section has_text_color\" id=\"h5b0\" style=\"background:var(--color-header-transparent-text);color:var(--color-header-top-text-hover);\"><button class=\"w-tabs-section-header\" aria-controls=\"content-h5b0\" aria-expanded=\"false\"><div class=\"w-tabs-section-title\">Schutz vor Flug- und Stra\u00dfenl\u00e4rm<\/div><div class=\"w-tabs-section-control\"><\/div><\/button><div  class=\"w-tabs-section-content\" id=\"content-h5b0\"><div class=\"w-tabs-section-content-h i-cf\"><div class=\"wpb_text_column\"><div class=\"wpb_wrapper\"><p><span style=\"font-weight: 400;\">Wir GR\u00dcNE setzen uns konsequent f\u00fcr den Schutz vor Flug- und Stra\u00dfenl\u00e4rm ein. Hierzu z\u00e4hlt insbesondere der L\u00e4rm, der durch den Frankfurter Flughafen und das US-Airfield Erbenheim verursacht wird. Flug- und Stra\u00dfenl\u00e4rm machen krank und beeintr\u00e4chtig die Lebensqualit\u00e4t.<\/span><\/p>\n<\/div><\/div><\/div><\/div><\/div><\/div><\/div><div class=\"w-separator size_medium\"><\/div><div class=\"w-btn-wrapper align_left\"><a class=\"w-btn us-btn-style_8 icon_atleft\" href=\"https:\/\/gruene-wiesbaden.de\/kommunalwahl\/#Kapitel1\"><i class=\"fas fa-chevron-circle-right\"><\/i><span class=\"w-btn-label\">Zur\u00fcck zur \u00dcbersicht<\/span><\/a><\/div><div class=\"w-separator size_large\"><\/div><div class=\"wpb_text_column us_custom_29deb344 has_text_color\"><div class=\"wpb_wrapper\"><h1>Was wir bereits erreicht haben<\/h1>\n<\/div><\/div><div class=\"w-separator size_medium\"><\/div><div class=\"w-tabs us_custom_42d693a0 has_text_color style_default switch_click accordion has_scrolling\" style=\"--sections-title-size:1.4rem\"><div class=\"w-tabs-sections titles-align_none icon_chevron cpos_right\"><div class=\"w-tabs-section has_text_color\" id=\"ob03\" style=\"background:var(--color-header-transparent-text);color:var(--color-header-top-text-hover);\"><button class=\"w-tabs-section-header\" aria-controls=\"content-ob03\" aria-expanded=\"false\"><div class=\"w-tabs-section-title\">Aktives Bodenmanagement f\u00fcr Netto 0<\/div><div class=\"w-tabs-section-control\"><\/div><\/button><div  class=\"w-tabs-section-content\" id=\"content-ob03\"><div class=\"w-tabs-section-content-h i-cf\"><div class=\"wpb_text_column\"><div class=\"wpb_wrapper\"><p><span style=\"font-weight: 400;\">Mit der Entwicklung eines Bodenmanagementkonzepts haben wir ein wirksames Instrument, um Fl\u00e4chen zu sch\u00fctzen, nachhaltig zu entwickeln und zu bewirtschaften. Gr\u00fcnfl\u00e4chen- und Klimaschutzfl\u00e4chen werden erhalten. Optimierte Fl\u00e4chennutzung und -recycling ist die Gew\u00e4hr f\u00fcr den auf Bundesebene festgelegten Netto-0-Fl\u00e4chenverbrauch bis sp\u00e4testens 2050. Nach Erreichen von Netto 0 steigt die Stadt in eine Fl\u00e4chenkreislaufwirtschaft ein. Die Inanspruchnahme von Freifl\u00e4chen und wertvollen B\u00f6den wird durch eine vorausschauende, aktive Bodenpolitik reduziert.<\/span><\/p>\n<\/div><\/div><\/div><\/div><\/div><div class=\"w-tabs-section has_text_color\" id=\"uc1b\" style=\"background:var(--color-header-transparent-text);color:var(--color-header-top-text-hover);\"><button class=\"w-tabs-section-header\" aria-controls=\"content-uc1b\" aria-expanded=\"false\"><div class=\"w-tabs-section-title\">Bildung f\u00fcr nachhaltige Entwicklung gef\u00f6rdert<\/div><div class=\"w-tabs-section-control\"><\/div><\/button><div  class=\"w-tabs-section-content\" id=\"content-uc1b\"><div class=\"w-tabs-section-content-h i-cf\"><div class=\"wpb_text_column\"><div class=\"wpb_wrapper\"><p><span style=\"font-weight: 400;\">Mit gro\u00dfem Engagement wurde bereits viel f\u00fcr die nachhaltige Bildung, insbesondere von Kindern und Jugendlichen, getan und wollen, dass die Stadt Wiesbaden\u00a0 dieses erfolgreiche Programm weiter ausbaut. Ein Beispiel ist das BNE-Netzwerk Wiesbaden als freiwilliger Zusammenschluss von Vereinen, Verb\u00e4nden, Stiftungen, Einrichtungen und Initiativen.<\/span><\/p>\n<\/div><\/div><\/div><\/div><\/div><div class=\"w-tabs-section has_text_color\" id=\"vd30\" style=\"background:var(--color-header-transparent-text);color:var(--color-header-top-text-hover);\"><button class=\"w-tabs-section-header\" aria-controls=\"content-vd30\" aria-expanded=\"false\"><div class=\"w-tabs-section-title\">Die Verwaltung wird effektiver<\/div><div class=\"w-tabs-section-control\"><\/div><\/button><div  class=\"w-tabs-section-content\" id=\"content-vd30\"><div class=\"w-tabs-section-content-h i-cf\"><div class=\"wpb_text_column\"><div class=\"wpb_wrapper\"><p><span style=\"font-weight: 400;\">2027 wollen wir, dass in Wiesbaden eine neuer Eigenbetrieb aus den Entsorgungsbetrieben ELW und dem Gr\u00fcnfl\u00e4chenamt an den Start geht, wodurch viele Synergien geschaffen werden \u2013\u00a0 wichtige Weichen daf\u00fcr haben wir bereits 2025 gestellt.<\/span><\/p>\n<\/div><\/div><\/div><\/div><\/div><div class=\"w-tabs-section has_text_color\" id=\"ee4a\" style=\"background:var(--color-alt-content-bg);color:var(--color-content-heading);\"><button class=\"w-tabs-section-header\" aria-controls=\"content-ee4a\" aria-expanded=\"false\"><div class=\"w-tabs-section-title\">Wasser hat Priorit\u00e4t<\/div><div class=\"w-tabs-section-control\"><\/div><\/button><div  class=\"w-tabs-section-content\" id=\"content-ee4a\"><div class=\"w-tabs-section-content-h i-cf\"><div class=\"wpb_text_column\"><div class=\"wpb_wrapper\"><p><span style=\"font-weight: 400;\">Das Programm &#8222;B\u00e4che ans Licht&#8220; wurde bereits begonnen und am Sedanplatz umgesetzt. Ebenso wurden das Wellritztal und weitere Bachauen vernetzt und naturnah gestaltet und zur Erholung f\u00fcr B\u00fcrger*innen zug\u00e4nglich gemacht.<\/span><\/p>\n<\/div><\/div><\/div><\/div><\/div><div class=\"w-tabs-section has_text_color\" id=\"zf60\" style=\"background:var(--color-header-transparent-text);color:var(--color-header-top-text-hover);\"><button class=\"w-tabs-section-header\" aria-controls=\"content-zf60\" aria-expanded=\"false\"><div class=\"w-tabs-section-title\">Mehr Lebensqualit\u00e4t in der Innenstadt<\/div><div class=\"w-tabs-section-control\"><\/div><\/button><div  class=\"w-tabs-section-content\" id=\"content-zf60\"><div class=\"w-tabs-section-content-h i-cf\"><div class=\"wpb_text_column\"><div class=\"wpb_wrapper\"><p><span style=\"font-weight: 400;\">Es wurden in der Stadt bereits 60 Refill-Trinkwasserstationen in der Innenstadt installiert und wir wollen das weiter vorantreiben. An der Reisinger Anlage hat der Bau des Wasserspielplatzes begonnen, die \u201ePlay-Fountain\u201c auf dem Luisenplatz war ein gro\u00dfer Erfolg. Derzeit\u00a0 wird der Els\u00e4sser Platz in einen gr\u00fcnen, k\u00fchlen und schattigen Aufenthaltsort verwandelt.<\/span><\/p>\n<\/div><\/div><\/div><\/div><\/div><div class=\"w-tabs-section has_text_color\" id=\"m075\" style=\"background:var(--color-header-transparent-text);color:var(--color-header-top-text-hover);\"><button class=\"w-tabs-section-header\" aria-controls=\"content-m075\" aria-expanded=\"false\"><div class=\"w-tabs-section-title\">Artenvielfalt wird gef\u00f6rdert<\/div><div class=\"w-tabs-section-control\"><\/div><\/button><div  class=\"w-tabs-section-content\" id=\"content-m075\"><div class=\"w-tabs-section-content-h i-cf\"><div class=\"wpb_text_column\"><div class=\"wpb_wrapper\"><p><span style=\"font-weight: 400;\">Mit verschiedenen Projekten f\u00f6rdert die Stadt Wiesbaden\u00a0 den Artenreichtum in der Stadt. Das Projekt &#8222;Gie\u00dfbaden&#8220; unterst\u00fctzt Nachbarschaften bei der Baumscheibenpflege. Weitere Projekte sind die &#8222;Wilden Wiesen&#8220;, die \u201eWoche der Biodiversit\u00e4t\u201c, das Biodiversit\u00e4tskonzept sowie der Nachhaltigkeitsdialog.<\/span><\/p>\n<\/div><\/div><\/div><\/div><\/div><div class=\"w-tabs-section has_text_color\" id=\"n188\" style=\"background:var(--color-header-transparent-text);color:var(--color-header-top-text-hover);\"><button class=\"w-tabs-section-header\" aria-controls=\"content-n188\" aria-expanded=\"false\"><div class=\"w-tabs-section-title\">Wir feiern 25 Jahre \u00d6KOPROFIT mit 160 Unternehmen<\/div><div class=\"w-tabs-section-control\"><\/div><\/button><div  class=\"w-tabs-section-content\" id=\"content-n188\"><div class=\"w-tabs-section-content-h i-cf\"><div class=\"wpb_text_column\"><div class=\"wpb_wrapper\"><p><span style=\"font-weight: 400;\">Das st\u00e4dtische Programm \u00d6KOPROFIT verbindet nachhaltige, ressourcenschonende Wirtschaftsweise und betrieblichen Erfolg mit \u00f6kologischem Verantwortungsbewusstsein.<\/span><\/p>\n<\/div><\/div><\/div><\/div><\/div><div class=\"w-tabs-section has_text_color\" id=\"e2ba\" style=\"background:var(--color-header-transparent-text);color:var(--color-header-top-text-hover);\"><button class=\"w-tabs-section-header\" aria-controls=\"content-e2ba\" aria-expanded=\"false\"><div class=\"w-tabs-section-title\">Das neue Friedhofsentwicklungskonzept entsteht<\/div><div class=\"w-tabs-section-control\"><\/div><\/button><div  class=\"w-tabs-section-content\" id=\"content-e2ba\"><div class=\"w-tabs-section-content-h i-cf\"><div class=\"wpb_text_column\"><div class=\"wpb_wrapper\"><p><span style=\"font-weight: 400;\">Friedh\u00f6fe gewinnen als gr\u00fcne R\u00e4ume an Bedeutung. Sie sind nicht nur Orte f\u00fcr Trauer und Gedenken,sondern auch Oasen f\u00fcr Erholung und wichtige Lebensr\u00e4ume f\u00fcr Pflanzen und Tiere. Auch in der Klimaanpassung kommt ihnen als nat\u00fcrliche Refugien herausragende Bedeutung zu.<\/span><\/p>\n<\/div><\/div><\/div><\/div><\/div><div class=\"w-tabs-section has_text_color\" id=\"i3cd\" style=\"background:var(--color-header-transparent-text);color:var(--color-header-top-text-hover);\"><button class=\"w-tabs-section-header\" aria-controls=\"content-i3cd\" aria-expanded=\"false\"><div class=\"w-tabs-section-title\">Die Stadt f\u00f6rdert private Stadtbegr\u00fcnung<\/div><div class=\"w-tabs-section-control\"><\/div><\/button><div  class=\"w-tabs-section-content\" id=\"content-i3cd\"><div class=\"w-tabs-section-content-h i-cf\"><div class=\"wpb_text_column\"><div class=\"wpb_wrapper\"><p><span style=\"font-weight: 400;\">Zusammen mit dem F\u00f6rderprogramm des Landes Hessen unterst\u00fctzt die Stadt Wiesbaden private Immobilieneigent\u00fcmer bei Haus- und Hofbegr\u00fcnungen finanziell und mit Know-how.<\/span><\/p>\n<\/div><\/div><\/div><\/div><\/div><\/div><\/div><div class=\"w-separator size_medium\"><\/div><div class=\"w-btn-wrapper align_left\"><a class=\"w-btn us-btn-style_8 icon_atleft\" href=\"https:\/\/gruene-wiesbaden.de\/kommunalwahl\/#Kapitel1\"><i class=\"fas fa-chevron-circle-right\"><\/i><span class=\"w-btn-label\">Zur\u00fcck zur \u00dcbersicht<\/span><\/a><\/div><div class=\"w-separator size_large\"><\/div><\/div><\/div><\/div><\/div><\/section>\n","protected":false},"excerpt":{"rendered":"Umwelt- und NaturschutzWiesbaden ist gepr\u00e4gt von wundersch\u00f6nen Naturlandschaften, die es zu sch\u00fctzen gilt. Wir setzen uns f\u00fcr einen konsequenten und verantwortungsvollen Umwelt- und Naturschutz ein, der unsere Lebensqualit\u00e4t verbessert, den Verlust der Artenvielfalt verhindert und unsere nat\u00fcrlichen Ressourcen f\u00fcr kommende Generationen bewahrt. Unsere Stadt Wiesbaden ist unser gemeinsames Zuhause. Der Schutz unserer nat\u00fcrlichen Lebensgrundlagen ist...","protected":false},"author":1,"featured_media":1484,"comment_status":"closed","ping_status":"closed","sticky":false,"template":"","format":"standard","meta":{"footnotes":""},"categories":[14],"tags":[],"class_list":["post-1325","post","type-post","status-publish","format-standard","has-post-thumbnail","hentry","category-kapitel-1"],"yoast_head":"<!-- This site is optimized with the Yoast SEO plugin v27.5 - https:\/\/yoast.com\/product\/yoast-seo-wordpress\/ -->\n<title>Umwelt- und Naturschutz - B\u00dcNDNIS 90\/DIE GR\u00dcNEN Wiesbaden<\/title>\n<meta name=\"robots\" content=\"index, follow, max-snippet:-1, max-image-preview:large, max-video-preview:-1\" \/>\n<link rel=\"canonical\" href=\"https:\/\/gruene-wiesbaden.de\/de\/umwelt-und-naturschutz\/\" \/>\n<meta property=\"og:locale\" content=\"de_DE\" \/>\n<meta property=\"og:type\" content=\"article\" \/>\n<meta property=\"og:title\" content=\"Umwelt- und Naturschutz - B\u00dcNDNIS 90\/DIE GR\u00dcNEN Wiesbaden\" \/>\n<meta property=\"og:url\" content=\"https:\/\/gruene-wiesbaden.de\/de\/umwelt-und-naturschutz\/\" \/>\n<meta property=\"og:site_name\" content=\"B\u00dcNDNIS 90\/DIE GR\u00dcNEN Wiesbaden\" \/>\n<meta property=\"article:publisher\" content=\"https:\/\/www.facebook.com\/gruene.wi\" \/>\n<meta property=\"article:published_time\" content=\"2025-11-09T21:43:08+00:00\" \/>\n<meta property=\"article:modified_time\" content=\"2026-04-08T20:34:39+00:00\" \/>\n<meta property=\"og:image\" content=\"https:\/\/gruene-wiesbaden.de\/wp-content\/uploads\/2025\/11\/1.3-Umwelt-und-Naturschutz-Bild-scaled.jpg\" \/>\n\t<meta property=\"og:image:width\" content=\"2560\" \/>\n\t<meta property=\"og:image:height\" content=\"1707\" \/>\n\t<meta property=\"og:image:type\" content=\"image\/jpeg\" \/>\n<meta name=\"author\" content=\"admin\" \/>\n<meta name=\"twitter:card\" content=\"summary_large_image\" \/>\n<meta name=\"twitter:label1\" content=\"Verfasst von\" \/>\n\t<meta name=\"twitter:data1\" content=\"admin\" \/>\n\t<meta name=\"twitter:label2\" content=\"Gesch\u00e4tzte Lesezeit\" \/>\n\t<meta name=\"twitter:data2\" content=\"12\u00a0Minuten\" \/>\n<script type=\"application\/ld+json\" class=\"yoast-schema-graph\">{\"@context\":\"https:\\\/\\\/schema.org\",\"@graph\":[{\"@type\":\"Article\",\"@id\":\"https:\\\/\\\/gruene-wiesbaden.de\\\/umwelt-und-naturschutz\\\/#article\",\"isPartOf\":{\"@id\":\"https:\\\/\\\/gruene-wiesbaden.de\\\/umwelt-und-naturschutz\\\/\"},\"author\":{\"name\":\"admin\",\"@id\":\"https:\\\/\\\/gruene-wiesbaden.de\\\/#\\\/schema\\\/person\\\/6785c34779159cd4fd86886bb097afe9\"},\"headline\":\"Umwelt- und Naturschutz\",\"datePublished\":\"2025-11-09T21:43:08+00:00\",\"dateModified\":\"2026-04-08T20:34:39+00:00\",\"mainEntityOfPage\":{\"@id\":\"https:\\\/\\\/gruene-wiesbaden.de\\\/umwelt-und-naturschutz\\\/\"},\"wordCount\":3321,\"publisher\":{\"@id\":\"https:\\\/\\\/gruene-wiesbaden.de\\\/#organization\"},\"image\":{\"@id\":\"https:\\\/\\\/gruene-wiesbaden.de\\\/umwelt-und-naturschutz\\\/#primaryimage\"},\"thumbnailUrl\":\"https:\\\/\\\/gruene-wiesbaden.de\\\/wp-content\\\/uploads\\\/2025\\\/11\\\/1.3-Umwelt-und-Naturschutz-Bild-scaled.jpg\",\"articleSection\":[\"Kapitel 1\"],\"inLanguage\":\"de\"},{\"@type\":\"WebPage\",\"@id\":\"https:\\\/\\\/gruene-wiesbaden.de\\\/umwelt-und-naturschutz\\\/\",\"url\":\"https:\\\/\\\/gruene-wiesbaden.de\\\/umwelt-und-naturschutz\\\/\",\"name\":\"Umwelt- und Naturschutz - B\u00dcNDNIS 90\\\/DIE GR\u00dcNEN Wiesbaden\",\"isPartOf\":{\"@id\":\"https:\\\/\\\/gruene-wiesbaden.de\\\/#website\"},\"primaryImageOfPage\":{\"@id\":\"https:\\\/\\\/gruene-wiesbaden.de\\\/umwelt-und-naturschutz\\\/#primaryimage\"},\"image\":{\"@id\":\"https:\\\/\\\/gruene-wiesbaden.de\\\/umwelt-und-naturschutz\\\/#primaryimage\"},\"thumbnailUrl\":\"https:\\\/\\\/gruene-wiesbaden.de\\\/wp-content\\\/uploads\\\/2025\\\/11\\\/1.3-Umwelt-und-Naturschutz-Bild-scaled.jpg\",\"datePublished\":\"2025-11-09T21:43:08+00:00\",\"dateModified\":\"2026-04-08T20:34:39+00:00\",\"breadcrumb\":{\"@id\":\"https:\\\/\\\/gruene-wiesbaden.de\\\/umwelt-und-naturschutz\\\/#breadcrumb\"},\"inLanguage\":\"de\",\"potentialAction\":[{\"@type\":\"ReadAction\",\"target\":[\"https:\\\/\\\/gruene-wiesbaden.de\\\/umwelt-und-naturschutz\\\/\"]}]},{\"@type\":\"ImageObject\",\"inLanguage\":\"de\",\"@id\":\"https:\\\/\\\/gruene-wiesbaden.de\\\/umwelt-und-naturschutz\\\/#primaryimage\",\"url\":\"https:\\\/\\\/gruene-wiesbaden.de\\\/wp-content\\\/uploads\\\/2025\\\/11\\\/1.3-Umwelt-und-Naturschutz-Bild-scaled.jpg\",\"contentUrl\":\"https:\\\/\\\/gruene-wiesbaden.de\\\/wp-content\\\/uploads\\\/2025\\\/11\\\/1.3-Umwelt-und-Naturschutz-Bild-scaled.jpg\",\"width\":2560,\"height\":1707},{\"@type\":\"BreadcrumbList\",\"@id\":\"https:\\\/\\\/gruene-wiesbaden.de\\\/umwelt-und-naturschutz\\\/#breadcrumb\",\"itemListElement\":[{\"@type\":\"ListItem\",\"position\":1,\"name\":\"Startseite\",\"item\":\"https:\\\/\\\/gruene-wiesbaden.de\\\/\"},{\"@type\":\"ListItem\",\"position\":2,\"name\":\"Umwelt- und Naturschutz\"}]},{\"@type\":\"WebSite\",\"@id\":\"https:\\\/\\\/gruene-wiesbaden.de\\\/#website\",\"url\":\"https:\\\/\\\/gruene-wiesbaden.de\\\/\",\"name\":\"DIE GR\u00dcNEN Wiesbaden\",\"description\":\"\",\"publisher\":{\"@id\":\"https:\\\/\\\/gruene-wiesbaden.de\\\/#organization\"},\"potentialAction\":[{\"@type\":\"SearchAction\",\"target\":{\"@type\":\"EntryPoint\",\"urlTemplate\":\"https:\\\/\\\/gruene-wiesbaden.de\\\/?s={search_term_string}\"},\"query-input\":{\"@type\":\"PropertyValueSpecification\",\"valueRequired\":true,\"valueName\":\"search_term_string\"}}],\"inLanguage\":\"de\"},{\"@type\":\"Organization\",\"@id\":\"https:\\\/\\\/gruene-wiesbaden.de\\\/#organization\",\"name\":\"DIE GR\u00dcNEN Wiesbaden\",\"url\":\"https:\\\/\\\/gruene-wiesbaden.de\\\/\",\"logo\":{\"@type\":\"ImageObject\",\"inLanguage\":\"de\",\"@id\":\"https:\\\/\\\/gruene-wiesbaden.de\\\/#\\\/schema\\\/logo\\\/image\\\/\",\"url\":\"https:\\\/\\\/gruene-wiesbaden-fuer-europa.de\\\/wp-content\\\/uploads\\\/2024\\\/04\\\/Machen-was-zaehlt-5.png\",\"contentUrl\":\"https:\\\/\\\/gruene-wiesbaden-fuer-europa.de\\\/wp-content\\\/uploads\\\/2024\\\/04\\\/Machen-was-zaehlt-5.png\",\"width\":1772,\"height\":1772,\"caption\":\"DIE GR\u00dcNEN Wiesbaden\"},\"image\":{\"@id\":\"https:\\\/\\\/gruene-wiesbaden.de\\\/#\\\/schema\\\/logo\\\/image\\\/\"},\"sameAs\":[\"https:\\\/\\\/www.facebook.com\\\/gruene.wi\",\"https:\\\/\\\/instagram.com\\\/gruene_wi\"]},{\"@type\":\"Person\",\"@id\":\"https:\\\/\\\/gruene-wiesbaden.de\\\/#\\\/schema\\\/person\\\/6785c34779159cd4fd86886bb097afe9\",\"name\":\"admin\",\"sameAs\":[\"http:\\\/\\\/gruene-wiesbaden-fuer-europa.de\"],\"url\":\"https:\\\/\\\/gruene-wiesbaden.de\\\/de\\\/author\\\/admin\\\/\"}]}<\/script>\n<!-- \/ Yoast SEO plugin. -->","yoast_head_json":{"title":"Umwelt- und Naturschutz - B\u00dcNDNIS 90\/DIE GR\u00dcNEN Wiesbaden","robots":{"index":"index","follow":"follow","max-snippet":"max-snippet:-1","max-image-preview":"max-image-preview:large","max-video-preview":"max-video-preview:-1"},"canonical":"https:\/\/gruene-wiesbaden.de\/de\/umwelt-und-naturschutz\/","og_locale":"de_DE","og_type":"article","og_title":"Umwelt- und Naturschutz - B\u00dcNDNIS 90\/DIE GR\u00dcNEN Wiesbaden","og_url":"https:\/\/gruene-wiesbaden.de\/de\/umwelt-und-naturschutz\/","og_site_name":"B\u00dcNDNIS 90\/DIE GR\u00dcNEN Wiesbaden","article_publisher":"https:\/\/www.facebook.com\/gruene.wi","article_published_time":"2025-11-09T21:43:08+00:00","article_modified_time":"2026-04-08T20:34:39+00:00","og_image":[{"width":2560,"height":1707,"url":"https:\/\/gruene-wiesbaden.de\/wp-content\/uploads\/2025\/11\/1.3-Umwelt-und-Naturschutz-Bild-scaled.jpg","type":"image\/jpeg"}],"author":"admin","twitter_card":"summary_large_image","twitter_misc":{"Verfasst von":"admin","Gesch\u00e4tzte Lesezeit":"12\u00a0Minuten"},"schema":{"@context":"https:\/\/schema.org","@graph":[{"@type":"Article","@id":"https:\/\/gruene-wiesbaden.de\/umwelt-und-naturschutz\/#article","isPartOf":{"@id":"https:\/\/gruene-wiesbaden.de\/umwelt-und-naturschutz\/"},"author":{"name":"admin","@id":"https:\/\/gruene-wiesbaden.de\/#\/schema\/person\/6785c34779159cd4fd86886bb097afe9"},"headline":"Umwelt- und Naturschutz","datePublished":"2025-11-09T21:43:08+00:00","dateModified":"2026-04-08T20:34:39+00:00","mainEntityOfPage":{"@id":"https:\/\/gruene-wiesbaden.de\/umwelt-und-naturschutz\/"},"wordCount":3321,"publisher":{"@id":"https:\/\/gruene-wiesbaden.de\/#organization"},"image":{"@id":"https:\/\/gruene-wiesbaden.de\/umwelt-und-naturschutz\/#primaryimage"},"thumbnailUrl":"https:\/\/gruene-wiesbaden.de\/wp-content\/uploads\/2025\/11\/1.3-Umwelt-und-Naturschutz-Bild-scaled.jpg","articleSection":["Kapitel 1"],"inLanguage":"de"},{"@type":"WebPage","@id":"https:\/\/gruene-wiesbaden.de\/umwelt-und-naturschutz\/","url":"https:\/\/gruene-wiesbaden.de\/umwelt-und-naturschutz\/","name":"Umwelt- und Naturschutz - B\u00dcNDNIS 90\/DIE GR\u00dcNEN Wiesbaden","isPartOf":{"@id":"https:\/\/gruene-wiesbaden.de\/#website"},"primaryImageOfPage":{"@id":"https:\/\/gruene-wiesbaden.de\/umwelt-und-naturschutz\/#primaryimage"},"image":{"@id":"https:\/\/gruene-wiesbaden.de\/umwelt-und-naturschutz\/#primaryimage"},"thumbnailUrl":"https:\/\/gruene-wiesbaden.de\/wp-content\/uploads\/2025\/11\/1.3-Umwelt-und-Naturschutz-Bild-scaled.jpg","datePublished":"2025-11-09T21:43:08+00:00","dateModified":"2026-04-08T20:34:39+00:00","breadcrumb":{"@id":"https:\/\/gruene-wiesbaden.de\/umwelt-und-naturschutz\/#breadcrumb"},"inLanguage":"de","potentialAction":[{"@type":"ReadAction","target":["https:\/\/gruene-wiesbaden.de\/umwelt-und-naturschutz\/"]}]},{"@type":"ImageObject","inLanguage":"de","@id":"https:\/\/gruene-wiesbaden.de\/umwelt-und-naturschutz\/#primaryimage","url":"https:\/\/gruene-wiesbaden.de\/wp-content\/uploads\/2025\/11\/1.3-Umwelt-und-Naturschutz-Bild-scaled.jpg","contentUrl":"https:\/\/gruene-wiesbaden.de\/wp-content\/uploads\/2025\/11\/1.3-Umwelt-und-Naturschutz-Bild-scaled.jpg","width":2560,"height":1707},{"@type":"BreadcrumbList","@id":"https:\/\/gruene-wiesbaden.de\/umwelt-und-naturschutz\/#breadcrumb","itemListElement":[{"@type":"ListItem","position":1,"name":"Startseite","item":"https:\/\/gruene-wiesbaden.de\/"},{"@type":"ListItem","position":2,"name":"Umwelt- und Naturschutz"}]},{"@type":"WebSite","@id":"https:\/\/gruene-wiesbaden.de\/#website","url":"https:\/\/gruene-wiesbaden.de\/","name":"DIE GR\u00dcNEN Wiesbaden","description":"","publisher":{"@id":"https:\/\/gruene-wiesbaden.de\/#organization"},"potentialAction":[{"@type":"SearchAction","target":{"@type":"EntryPoint","urlTemplate":"https:\/\/gruene-wiesbaden.de\/?s={search_term_string}"},"query-input":{"@type":"PropertyValueSpecification","valueRequired":true,"valueName":"search_term_string"}}],"inLanguage":"de"},{"@type":"Organization","@id":"https:\/\/gruene-wiesbaden.de\/#organization","name":"DIE GR\u00dcNEN Wiesbaden","url":"https:\/\/gruene-wiesbaden.de\/","logo":{"@type":"ImageObject","inLanguage":"de","@id":"https:\/\/gruene-wiesbaden.de\/#\/schema\/logo\/image\/","url":"https:\/\/gruene-wiesbaden-fuer-europa.de\/wp-content\/uploads\/2024\/04\/Machen-was-zaehlt-5.png","contentUrl":"https:\/\/gruene-wiesbaden-fuer-europa.de\/wp-content\/uploads\/2024\/04\/Machen-was-zaehlt-5.png","width":1772,"height":1772,"caption":"DIE GR\u00dcNEN Wiesbaden"},"image":{"@id":"https:\/\/gruene-wiesbaden.de\/#\/schema\/logo\/image\/"},"sameAs":["https:\/\/www.facebook.com\/gruene.wi","https:\/\/instagram.com\/gruene_wi"]},{"@type":"Person","@id":"https:\/\/gruene-wiesbaden.de\/#\/schema\/person\/6785c34779159cd4fd86886bb097afe9","name":"admin","sameAs":["http:\/\/gruene-wiesbaden-fuer-europa.de"],"url":"https:\/\/gruene-wiesbaden.de\/de\/author\/admin\/"}]}},"_links":{"self":[{"href":"https:\/\/gruene-wiesbaden.de\/de\/wp-json\/wp\/v2\/posts\/1325","targetHints":{"allow":["GET"]}}],"collection":[{"href":"https:\/\/gruene-wiesbaden.de\/de\/wp-json\/wp\/v2\/posts"}],"about":[{"href":"https:\/\/gruene-wiesbaden.de\/de\/wp-json\/wp\/v2\/types\/post"}],"author":[{"embeddable":true,"href":"https:\/\/gruene-wiesbaden.de\/de\/wp-json\/wp\/v2\/users\/1"}],"replies":[{"embeddable":true,"href":"https:\/\/gruene-wiesbaden.de\/de\/wp-json\/wp\/v2\/comments?post=1325"}],"version-history":[{"count":12,"href":"https:\/\/gruene-wiesbaden.de\/de\/wp-json\/wp\/v2\/posts\/1325\/revisions"}],"predecessor-version":[{"id":2368,"href":"https:\/\/gruene-wiesbaden.de\/de\/wp-json\/wp\/v2\/posts\/1325\/revisions\/2368"}],"wp:featuredmedia":[{"embeddable":true,"href":"https:\/\/gruene-wiesbaden.de\/de\/wp-json\/wp\/v2\/media\/1484"}],"wp:attachment":[{"href":"https:\/\/gruene-wiesbaden.de\/de\/wp-json\/wp\/v2\/media?parent=1325"}],"wp:term":[{"taxonomy":"category","embeddable":true,"href":"https:\/\/gruene-wiesbaden.de\/de\/wp-json\/wp\/v2\/categories?post=1325"},{"taxonomy":"post_tag","embeddable":true,"href":"https:\/\/gruene-wiesbaden.de\/de\/wp-json\/wp\/v2\/tags?post=1325"}],"curies":[{"name":"wp","href":"https:\/\/api.w.org\/{rel}","templated":true}]}}