{"id":1323,"date":"2025-11-09T23:41:29","date_gmt":"2025-11-09T21:41:29","guid":{"rendered":"https:\/\/gruene-wiesbaden.de\/?p=1323"},"modified":"2026-04-08T22:32:07","modified_gmt":"2026-04-08T20:32:07","slug":"bevoelkerungsschutz","status":"publish","type":"post","link":"https:\/\/gruene-wiesbaden.de\/de\/bevoelkerungsschutz\/","title":{"rendered":"Bev\u00f6lkerungsschutz"},"content":{"rendered":"<section class=\"l-section wpb_row height_medium with_img\"><div class=\"l-section-img\" role=\"img\" data-img-width=\"1080\" data-img-height=\"800\" style=\"background-image: url(https:\/\/gruene-wiesbaden.de\/wp-content\/uploads\/2025\/11\/neuer-Verlauf-gruene-wiesbaden.de_-2-e1762709402177.png);\"><\/div><div class=\"l-section-overlay\" style=\"background:var(--color-header-top-transparent-bg)\"><\/div><div class=\"l-section-h i-cf\"><div class=\"g-cols vc_row via_grid cols_1 laptops-cols_inherit tablets-cols_inherit mobiles-cols_1 valign_top type_default stacking_default\"><div class=\"wpb_column vc_column_container\"><div class=\"vc_column-inner\"><h1 class=\"w-post-elm post_title us_custom_a574d586 has_text_color entry-title\">Bev\u00f6lkerungsschutz<\/h1><div class=\"w-separator size_medium\"><\/div><div class=\"g-cols wpb_row via_grid cols_2-1 laptops-cols_inherit tablets-cols_inherit mobiles-cols_1 valign_top type_default stacking_default\" style=\"--columns-gap:3rem;\"><div class=\"wpb_column vc_column_container\"><div class=\"vc_column-inner\"><div class=\"wpb_text_column us_custom_8b3d6790 has_text_color\"><div class=\"wpb_wrapper\"><p><span style=\"font-weight: 400;\">Angesichts der zunehmenden Extremwetterereignisse durch die Klimakrise und geopolitischer Bedrohungslagen ist ein widerstandsf\u00e4higer Bev\u00f6lkerungsschutz unverzichtbar. Wir setzen uns f\u00fcr eine effektive Gefahrenabwehr und eine gute Krisenpr\u00e4vention ein, die Menschen in allen Lebenslagen sch\u00fctzt.<\/span><\/p>\n<p><span style=\"font-weight: 400;\">Dazu geh\u00f6ren die Fortschreibung des kommunalen Hitzeaktionsplans, der vulnerable Gruppen sch\u00fctzt, sowie ein umfassendes Konzept zum Hochwasserschutz mit Renaturierung von Flussl\u00e4ufen und die Schaffung von Retentionsfl\u00e4chen.<\/span><\/p>\n<p><span style=\"font-weight: 400;\">Wir setzen uns f\u00fcr ein lokales Fr\u00fchwarnsystem ein, das alle B\u00fcrger*innen rechtzeitig erreicht. Gleichzeitig wollen wir die Selbsthilfef\u00e4higkeit der Bev\u00f6lkerung st\u00e4rken.<\/span><\/p>\n<p><span style=\"font-weight: 400;\">Die Nachwuchsgewinnung im Bev\u00f6lkerungsschutz ist eine zentrale Herausforderung. Wir wollen neue Zielgruppen f\u00fcr dieses Ehrenamt begeistern und f\u00fcr attraktive Ausbildungs- und Qualifizierungsangebote sowie eine entsprechende Ausstattung der Feuerwehren und Hilfsorganisationen sorgen.<\/span><\/p>\n<\/div><\/div><div class=\"w-separator size_medium\"><\/div><div class=\"w-btn-wrapper align_left\"><a class=\"w-btn us-btn-style_8 icon_atleft\" href=\"https:\/\/gruene-wiesbaden.de\/kommunalwahl\/#Kapitel1\"><i class=\"fas fa-chevron-circle-right\"><\/i><span class=\"w-btn-label\">Zur\u00fcck zur \u00dcbersicht<\/span><\/a><\/div><\/div><\/div><div class=\"wpb_column vc_column_container\"><div class=\"vc_column-inner\"><div class=\"w-image align_center\"><div class=\"w-image-h\"><img decoding=\"async\" width=\"2560\" height=\"1707\" src=\"https:\/\/gruene-wiesbaden.de\/wp-content\/uploads\/2025\/11\/1.2-Bevoelkerungsschutz-scaled.jpeg\" class=\"attachment-full size-full\" alt=\"\" loading=\"lazy\" srcset=\"https:\/\/gruene-wiesbaden.de\/wp-content\/uploads\/2025\/11\/1.2-Bevoelkerungsschutz-scaled.jpeg 2560w, https:\/\/gruene-wiesbaden.de\/wp-content\/uploads\/2025\/11\/1.2-Bevoelkerungsschutz-400x267.jpeg 400w, https:\/\/gruene-wiesbaden.de\/wp-content\/uploads\/2025\/11\/1.2-Bevoelkerungsschutz-600x400.jpeg 600w\" sizes=\"auto, (max-width: 2560px) 100vw, 2560px\" \/><\/div><\/div><div class=\"w-separator size_small\"><\/div><\/div><\/div><\/div><div class=\"w-separator size_medium\"><\/div><div class=\"w-separator size_medium\"><\/div><div class=\"wpb_text_column\"><div class=\"wpb_wrapper\"><h1>Was widerstandsf\u00e4higer Bev\u00f6lkerungsschutz f\u00fcr uns bedeutet<\/h1>\n<\/div><\/div><div class=\"w-separator size_large\"><\/div><div class=\"g-cols wpb_row via_grid cols_3 laptops-cols_inherit tablets-cols_inherit mobiles-cols_1 valign_top type_default stacking_default\" style=\"--columns-gap:3rem;\"><div class=\"wpb_column vc_column_container\"><div class=\"vc_column-inner\"><div class=\"w-iconbox us_custom_f4639b64 has_text_color iconpos_left style_default color_custom align_left\"><div class=\"w-iconbox-icon\" style=\"font-size:2rem;--icon-color:#Ffffff;--icon-bg-color:var(--color-header-middle-bg);\"><i class=\"fas fa-layer-group\"><\/i><\/div><div class=\"w-iconbox-meta\"><h4 class=\"w-iconbox-title\" style=\"font-size:1.5rem;\">Wir handeln vorausschauend<\/h4><div class=\"w-iconbox-text\"><p><span style=\"font-weight: 400;\">Wir wollen in Pr\u00e4vention investieren, statt auf Katastrophen zu reagieren. Wiesbaden krisenresilient zu machen, ist die beste Investition, die wir treffen k\u00f6nnen.<\/span><\/p>\n<\/div><\/div><\/div><\/div><\/div><div class=\"wpb_column vc_column_container\"><div class=\"vc_column-inner\"><div class=\"w-iconbox us_custom_f4639b64 has_text_color iconpos_left style_default color_custom align_left\"><div class=\"w-iconbox-icon\" style=\"font-size:2rem;--icon-color:#Ffffff;--icon-bg-color:var(--color-header-transparent-text);\"><i class=\"fas fa-layer-group\"><\/i><\/div><div class=\"w-iconbox-meta\"><h4 class=\"w-iconbox-title\" style=\"font-size:1.5rem;\">Wir machen Infrastruktur krisenfest<\/h4><div class=\"w-iconbox-text\"><p><span style=\"font-weight: 400;\">Besonders wichtig ist uns der Schutz kritischer Infrastruktur in den Bereichen Energie- und Wasserversorgung, Kommunikation und Gesundheitseinrichtungen.<\/span><\/p>\n<\/div><\/div><\/div><\/div><\/div><div class=\"wpb_column vc_column_container\"><div class=\"vc_column-inner\"><div class=\"w-iconbox us_custom_f4639b64 has_text_color iconpos_left style_default color_custom align_left\"><div class=\"w-iconbox-icon\" style=\"font-size:2rem;--icon-color:#Ffffff;--icon-bg-color:var(--color-header-transparent-text);\"><i class=\"fas fa-layer-group\"><\/i><\/div><div class=\"w-iconbox-meta\"><h4 class=\"w-iconbox-title\" style=\"font-size:1.5rem;\">Wir sch\u00fctzen das Wertvollste<\/h4><div class=\"w-iconbox-text\"><p><span style=\"font-weight: 400;\">Wir sorgen f\u00fcr alle, die uns wichtig sind: Unsere Kinder, unsere Eltern, unsere Freund*innen, unsere Nachbarn, unsere Haustiere. Wir geben unser Bestes f\u00fcr ihr Wohlergehen.<\/span><\/p>\n<\/div><\/div><\/div><\/div><\/div><\/div><div class=\"w-separator size_medium\"><\/div><div class=\"g-cols wpb_row via_grid cols_3 laptops-cols_inherit tablets-cols_inherit mobiles-cols_1 valign_top type_default stacking_default\" style=\"--columns-gap:3rem;\"><div class=\"wpb_column vc_column_container\"><div class=\"vc_column-inner\"><div class=\"w-iconbox us_custom_f4639b64 has_text_color iconpos_left style_default color_custom align_left\"><div class=\"w-iconbox-icon\" style=\"font-size:2rem;--icon-color:#Ffffff;--icon-bg-color:var(--color-header-middle-bg);\"><i class=\"fas fa-layer-group\"><\/i><\/div><div class=\"w-iconbox-meta\"><h4 class=\"w-iconbox-title\" style=\"font-size:1.5rem;\">Wir sind zusammen aktiv<\/h4><div class=\"w-iconbox-text\"><p><span style=\"font-weight: 400;\">Gemeinsames Handeln ist die Voraussetzung f\u00fcr unsere Sicherheit. Wir f\u00f6rdern das Ehrenamt und unterst\u00fctzen zivilgesellschaftliche Vernetzungen.<\/span><\/p>\n<\/div><\/div><\/div><\/div><\/div><div class=\"wpb_column vc_column_container\"><div class=\"vc_column-inner\"><div class=\"w-iconbox us_custom_f4639b64 has_text_color iconpos_left style_default color_custom align_left\"><div class=\"w-iconbox-icon\" style=\"font-size:2rem;--icon-color:#Ffffff;--icon-bg-color:var(--color-header-transparent-text);\"><i class=\"fas fa-layer-group\"><\/i><\/div><div class=\"w-iconbox-meta\"><h4 class=\"w-iconbox-title\" style=\"font-size:1.5rem;\">Wir handeln solidarisch<\/h4><div class=\"w-iconbox-text\"><p><span style=\"font-weight: 400;\">Wir stehen als Gesellschaft zusammen. Die Klimakrise trifft nicht alle gleich; es sind oft die \u00c4lteren, die Kranken, die Einsamen und die Benachteiligten, die besonders betroffen sind.<\/span><\/p>\n<\/div><\/div><\/div><\/div><\/div><div class=\"wpb_column vc_column_container\"><div class=\"vc_column-inner\"><div class=\"w-iconbox us_custom_f4639b64 has_text_color iconpos_left style_default color_custom align_left\"><div class=\"w-iconbox-icon\" style=\"font-size:2rem;--icon-color:#Ffffff;--icon-bg-color:var(--color-header-transparent-text);\"><i class=\"fas fa-layer-group\"><\/i><\/div><div class=\"w-iconbox-meta\"><h4 class=\"w-iconbox-title\" style=\"font-size:1.5rem;\">Wir erreichen jeden<\/h4><div class=\"w-iconbox-text\"><p><span style=\"font-weight: 400;\">Wir stellen unsere Fr\u00fchwarnsysteme breit auf, um alle Menschen jederzeit und \u00fcberall informieren zu k\u00f6nnen.<\/span><\/p>\n<\/div><\/div><\/div><\/div><\/div><\/div><div class=\"w-separator size_medium\"><\/div><div class=\"w-btn-wrapper align_left\"><a class=\"w-btn us-btn-style_8 icon_atleft\" href=\"https:\/\/gruene-wiesbaden.de\/kommunalwahl\/#Kapitel1\"><i class=\"fas fa-chevron-circle-right\"><\/i><span class=\"w-btn-label\">Zur\u00fcck zur \u00dcbersicht<\/span><\/a><\/div><div class=\"w-separator size_medium\"><\/div><\/div><\/div><\/div><\/div><\/section><section class=\"l-section wpb_row height_auto with_img\"><div class=\"l-section-img\" role=\"img\" data-img-width=\"2560\" data-img-height=\"1707\" style=\"background-image: url(https:\/\/gruene-wiesbaden.de\/wp-content\/uploads\/2025\/11\/1.2-Bevoelkerungsschutz-scaled.jpeg);background-repeat: no-repeat;\"><\/div><div class=\"l-section-overlay\" style=\"background:var(--color-header-top-transparent-bg)\"><\/div><div class=\"l-section-h i-cf\"><div class=\"g-cols vc_row via_grid cols_1 laptops-cols_inherit tablets-cols_inherit mobiles-cols_1 valign_middle type_default stacking_default\" style=\"--columns-gap:1rem;\"><div class=\"wpb_column vc_column_container\"><div class=\"vc_column-inner\"><div class=\"w-separator size_large\"><\/div><div class=\"wpb_text_column background_inside_text\"><div class=\"wpb_wrapper\"><h1>Was wir konkret in diesem Bereich tun wollen<\/h1>\n<\/div><\/div><div class=\"w-separator size_medium\"><\/div><div class=\"w-tabs us_custom_42d693a0 has_text_color style_default switch_click accordion has_scrolling\" style=\"--sections-title-size:1.4rem\"><div class=\"w-tabs-sections titles-align_none icon_chevron cpos_right\"><div class=\"w-tabs-section has_text_color\" id=\"kce0\" style=\"background:var(--color-header-transparent-text);color:var(--color-header-top-text-hover);\"><button class=\"w-tabs-section-header\" aria-controls=\"content-kce0\" aria-expanded=\"false\"><div class=\"w-tabs-section-title\">F\u00fcr alle F\u00e4lle gut vorsorgen<\/div><div class=\"w-tabs-section-control\"><\/div><\/button><div  class=\"w-tabs-section-content\" id=\"content-kce0\"><div class=\"w-tabs-section-content-h i-cf\"><div class=\"wpb_text_column\"><div class=\"wpb_wrapper\"><p><span style=\"font-weight: 400;\">Vorsorge kostet einen Bruchteil der Schadensbeseitigung. Wir setzen uns daf\u00fcr ein, dass Wiesbaden durch Hitze-, Starkregen- und Hochwasserschutzpl\u00e4ne\u00a0 krisenresilient wird. Wir wollen daf\u00fcr sorgen, dass das Bewusstsein der B\u00fcrger*innen f\u00fcr Gefahren wie \u00dcberschwemmungen, Stromausf\u00e4lle und Waldbr\u00e4nde gesch\u00e4rft wird. Durch Katastrophenschutz\u00fcbungen, Aus- und Fortbildung wollen wir\u00a0 f\u00fcr die St\u00e4rkung der Selbstschutzf\u00e4higkeit der Bev\u00f6lkerung und der effektiven Zusammenarbeit zwischen Beh\u00f6rden und Einsatzorganisationen sorgen und uns daf\u00fcr einsetzen, die Kommunikationswege f\u00fcr (Fr\u00fch-)Warn- und Entwarnmeldungen zu erweitern. Dabei sind virtuelle Kan\u00e4le wie Warn-Apps genauso wichtig wie Sirenen und lokale Netzwerke, um auch \u00c4ltere und Menschen ohne digitalen Zugang oder auch beeintr\u00e4chtigte Menschen zu erreichen.<\/span><\/p>\n<\/div><\/div><\/div><\/div><\/div><div class=\"w-tabs-section has_text_color\" id=\"we01\" style=\"background:var(--color-header-transparent-text);color:var(--color-header-top-text-hover);\"><button class=\"w-tabs-section-header\" aria-controls=\"content-we01\" aria-expanded=\"false\"><div class=\"w-tabs-section-title\">Wir lassen niemanden allein<\/div><div class=\"w-tabs-section-control\"><\/div><\/button><div  class=\"w-tabs-section-content\" id=\"content-we01\"><div class=\"w-tabs-section-content-h i-cf\"><div class=\"wpb_text_column\"><div class=\"wpb_wrapper\"><p><span style=\"font-weight: 400;\">Von Katastrophen betroffene B\u00fcrger*innen ben\u00f6tigen schnelle Hilfe, aber auch Einsatzkr\u00e4fte und Spontanhelfer*innen geraten oft an die Grenzen ihrer Belastbarkeit. Im Krisenfall wollen wir verst\u00e4rkt daf\u00fcr sorgen, dass die Stadt Wiesbaden unb\u00fcrokratisch unterst\u00fctzen und sich auch um die psychosoziale Notversorgung k\u00fcmmern kann. Damit soziale Infrastrukturen wie Krankenh\u00e4user, Alten- und Pflegeheime und Arztpraxen nicht ausfallen, m\u00fcssen Notfallpl\u00e4ne im Hinblick auf m\u00f6gliche Patienten*innenverlagerungen und die Aufnahme von Verletzten vorbereitet sein. Wir wissen, dass der Katastrophenschutz besonders vom Engagement tausender ehrenamtlich t\u00e4tiger Personen lebt: In Deutschland sind 90 Prozent der Helfenden im Bev\u00f6lkerungsschutz Ehrenamtliche! Wir wollen dieses unverzichtbare Engagement w\u00fcrdigen, gezielt st\u00e4rken und attraktiver gestalten &#8211; insbesondere f\u00fcr junge Menschen, Frauen und Menschen mit Migrationsgeschichte.<\/span><\/p>\n<\/div><\/div><\/div><\/div><\/div><div class=\"w-tabs-section has_text_color\" id=\"pf18\" style=\"background:var(--color-header-transparent-text);color:var(--color-header-top-text-hover);\"><button class=\"w-tabs-section-header\" aria-controls=\"content-pf18\" aria-expanded=\"false\"><div class=\"w-tabs-section-title\">Vor Gesundheitsgef\u00e4hrdung sch\u00fctzen<\/div><div class=\"w-tabs-section-control\"><\/div><\/button><div  class=\"w-tabs-section-content\" id=\"content-pf18\"><div class=\"w-tabs-section-content-h i-cf\"><div class=\"wpb_text_column\"><div class=\"wpb_wrapper\"><p><span style=\"font-weight: 400;\">Bei Starkregen und \u00dcberschwemmungen kann es neben direkten Gef\u00e4hrdungen unter anderem zum Auslaufen von \u00d6ltanks in Heizungskellern kommen. Lange Trockenheit und Hitze hingegen sorgen in unseren Gew\u00e4ssern f\u00fcr giftige Algenbl\u00fcten; bei Br\u00e4nden entstehen gef\u00e4hrliche Rauchgase. Die Stadt Wiesbaden soll fr\u00fchzeitig in diesen Krisensituationen die B\u00fcrger*innen warnen und sich um Betroffene k\u00fcmmern k\u00f6nnen. Deshalb wollen wir die Kooperation der Bev\u00f6lkerungsschutzeinheiten mit Feuerwehr, THW und Hilfsorganisationen st\u00e4rken.<\/span><\/p>\n<\/div><\/div><\/div><\/div><\/div><div class=\"w-tabs-section has_text_color\" id=\"a02d\" style=\"background:var(--color-alt-content-bg);color:var(--color-content-heading);\"><button class=\"w-tabs-section-header\" aria-controls=\"content-a02d\" aria-expanded=\"false\"><div class=\"w-tabs-section-title\">Schattenzonen ohne Konsumzwang nutzen<\/div><div class=\"w-tabs-section-control\"><\/div><\/button><div  class=\"w-tabs-section-content\" id=\"content-a02d\"><div class=\"w-tabs-section-content-h i-cf\"><div class=\"wpb_text_column\"><div class=\"wpb_wrapper\"><p><span style=\"font-weight: 400;\">Extreme Hitzeperioden \u00fcber einen l\u00e4ngeren Zeitraum nehmen im Zuge des Klimawandels zu und werden zu einer steigenden Belastung f\u00fcr die Menschen. Besonders in der Innenstadt k\u00f6nnen sich Wohnungen \u00fcber Tage hinweg auf Temperaturen aufheizen, die einen erholsamen Aufenthalt und Schlaf dort unm\u00f6glich machen. Wir halten es daher f\u00fcr unabdingbar, dass es in Wiesbaden gut erreichbare k\u00fchle Orte gibt, an denen sich B\u00fcrger*innen zumindest tags\u00fcber kostenfrei aufhalten k\u00f6nnen.<\/span><\/p>\n<\/div><\/div><\/div><\/div><\/div><div class=\"w-tabs-section has_text_color\" id=\"v16c\" style=\"background:var(--color-header-transparent-text);color:var(--color-header-top-text-hover);\"><button class=\"w-tabs-section-header\" aria-controls=\"content-v16c\" aria-expanded=\"false\"><div class=\"w-tabs-section-title\">Waldbrandgefahr reduzieren<\/div><div class=\"w-tabs-section-control\"><\/div><\/button><div  class=\"w-tabs-section-content\" id=\"content-v16c\"><div class=\"w-tabs-section-content-h i-cf\"><div class=\"wpb_text_column\"><div class=\"wpb_wrapper\"><p><span style=\"font-weight: 400;\">\u00dcber 80% aller Br\u00e4nde im Wald werden durch Menschen verursacht. Wir wollen daher, dass die Stadt Wiesbaden\u00a0 eine breit angelegte Aufkl\u00e4rungskampagne startet, die \u00fcber Brandgefahren im Wald informiert und f\u00fcr verantwortungsvolles Verhalten sensibilisiert. Je eher ein Waldbrand erkannt wird, desto leichter ist es, gr\u00f6\u00dfere Sch\u00e4den zu vermeiden. Wir setzen uns f\u00fcr ein fl\u00e4chendeckendes digitales Fr\u00fchwarnsystem ein und unterst\u00fctzen die Ausr\u00fcstung und Ausbildung unserer Feuerwehren. Au\u00dferdem wollen wir f\u00fcr ein dichtes Netz an geeigneten L\u00f6schwasserentnahmestellen der Stadt Wiesbaden sorgen.<\/span><\/p>\n<\/div><\/div><\/div><\/div><\/div><div class=\"w-tabs-section has_text_color\" id=\"s28b\" style=\"background:var(--color-alt-content-bg);color:var(--color-header-middle-text);\"><button class=\"w-tabs-section-header\" aria-controls=\"content-s28b\" aria-expanded=\"false\"><div class=\"w-tabs-section-title\">Auf den Ernstfall gut vorbereitet sein<\/div><div class=\"w-tabs-section-control\"><\/div><\/button><div  class=\"w-tabs-section-content\" id=\"content-s28b\"><div class=\"w-tabs-section-content-h i-cf\"><div class=\"wpb_text_column\"><div class=\"wpb_wrapper\"><p><span style=\"font-weight: 400;\">In einem Krisenfall kann es zum Ausfall kritischer Infrastrukturen kommen. Deshalb ist es besonders wichtig, dass die bestehenden Katastrophenschutzpl\u00e4ne allen B\u00fcrger*innen bekannt sind und die daf\u00fcr notwendige Infrastruktur ausgebaut ist. Daf\u00fcr engagieren wir uns. Dazu geh\u00f6ren die schnelle Aufstellung mobiler Wassertanks und Toiletten, die Ausgabe von Lebensmittelrationen und notwendigen Medikamenten f\u00fcr die Bev\u00f6lkerung sowie Notstrom- und Kraftstoffversorgung f\u00fcr die Einsatzkr\u00e4fte. Wir setzen uns ebenso daf\u00fcr ein, dass die Feuerwehren und Hilfsorganisationen mit der erforderlichen Infrastruktur zukunftsf\u00e4hig und krisenresilient ausgestattet sind und durch die st\u00e4dtischen Einrichtungen unterst\u00fctzt werden.<\/span><\/p>\n<\/div><\/div><\/div><\/div><\/div><div class=\"w-tabs-section has_text_color\" id=\"u3a2\" style=\"background:var(--color-header-transparent-text);color:var(--color-header-top-text-hover);\"><button class=\"w-tabs-section-header\" aria-controls=\"content-u3a2\" aria-expanded=\"false\"><div class=\"w-tabs-section-title\">Wir geben dem Wasser Raum<\/div><div class=\"w-tabs-section-control\"><\/div><\/button><div  class=\"w-tabs-section-content\" id=\"content-u3a2\"><div class=\"w-tabs-section-content-h i-cf\"><div class=\"wpb_text_column\"><div class=\"wpb_wrapper\"><p><span style=\"font-weight: 400;\">Zum Schutz vor \u00dcberflutungen setzen wir auf das Schwammstadt-Prinzip: Regenwasser soll dort versickern k\u00f6nnen, wo es f\u00e4llt, statt in \u00fcberlastete Kan\u00e4le zu flie\u00dfen. Deshalb setzen wir uns daf\u00fcr ein, dass es in Wiesbaden mehr Gr\u00fcnd\u00e4cher, Versickerungsfl\u00e4chen und unterirdische Speicher gibt, sowie &#8211; wo m\u00f6glich &#8211; Fl\u00e4chen entsiegelt werden.<\/span><\/p>\n<\/div><\/div><\/div><\/div><\/div><\/div><\/div><div class=\"w-separator size_medium\"><\/div><div class=\"w-btn-wrapper align_left\"><a class=\"w-btn us-btn-style_8 icon_atleft\" href=\"https:\/\/gruene-wiesbaden.de\/kommunalwahl\/#Kapitel1\"><i class=\"fas fa-chevron-circle-right\"><\/i><span class=\"w-btn-label\">Zur\u00fcck zur \u00dcbersicht<\/span><\/a><\/div><div class=\"w-separator size_large\"><\/div><div class=\"wpb_text_column\"><div class=\"wpb_wrapper\"><h1>Was wir bereits erreicht haben<\/h1>\n<\/div><\/div><div class=\"w-separator size_medium\"><\/div><div class=\"w-tabs us_custom_42d693a0 has_text_color style_default switch_click accordion has_scrolling\" style=\"--sections-title-size:1.4rem\"><div class=\"w-tabs-sections titles-align_none icon_chevron cpos_right\"><div class=\"w-tabs-section has_text_color\" id=\"w431\" style=\"background:var(--color-header-transparent-text);color:var(--color-header-top-text-hover);\"><button class=\"w-tabs-section-header\" aria-controls=\"content-w431\" aria-expanded=\"false\"><div class=\"w-tabs-section-title\">Mehr unversiegelte R\u00e4ume<\/div><div class=\"w-tabs-section-control\"><\/div><\/button><div  class=\"w-tabs-section-content\" id=\"content-w431\"><div class=\"w-tabs-section-content-h i-cf\"><div class=\"wpb_text_column\"><div class=\"wpb_wrapper\"><p><span style=\"font-weight: 400;\">Als Retentionsr\u00e4ume und \u00dcberschwemmungsfl\u00e4chen wurden bereits st\u00e4dtische Fl\u00e4chen entsiegelt und artenreich begr\u00fcnt. Diesen Prozess werden wir erfolgreich fortsetzen.<\/span><\/p>\n<\/div><\/div><\/div><\/div><\/div><div class=\"w-tabs-section has_text_color\" id=\"f558\" style=\"background:var(--color-header-transparent-text);color:var(--color-header-top-text-hover);\"><button class=\"w-tabs-section-header\" aria-controls=\"content-f558\" aria-expanded=\"false\"><div class=\"w-tabs-section-title\">Mehr Schutz vor Hochwasser und Starkregen<\/div><div class=\"w-tabs-section-control\"><\/div><\/button><div  class=\"w-tabs-section-content\" id=\"content-f558\"><div class=\"w-tabs-section-content-h i-cf\"><div class=\"wpb_text_column\"><div class=\"wpb_wrapper\"><p><span style=\"font-weight: 400;\">Die Stadt Wiesbaden hat bereits mit der Planung des Regenr\u00fcckhaltebeckens in Rambach begonnen sowie den Schluckbrunnen im Kurparkweiher fertiggestellt. Dar\u00fcber hinaus sorgt die Stadt in unserem Stadtwald f\u00fcr r\u00fcckhaltef\u00e4hige Waldbest\u00e4nde. Es wurde ein bewusstes Wassermanagement entwickelt und zum Beispiel fl\u00e4chendeckend Kleinr\u00fcckhalter\u00e4ume angelegt.<\/span><\/p>\n<p><span style=\"font-weight: 400;\">Naturnahe Waldstrukturen und durchg\u00e4ngig ungest\u00f6rte B\u00f6den f\u00f6rdern die Wasseraufnahme dort, wo die Niederschl\u00e4ge fallen und verringern den Oberfl\u00e4chenabfluss. Damit wird die Hochwasserentstehung gebremst, die Bodenwasserverf\u00fcgbarkeit f\u00fcr die B\u00e4ume erh\u00f6ht und die Grundwasserneubildung erm\u00f6glicht.<\/span><\/p>\n<\/div><\/div><\/div><\/div><\/div><div class=\"w-tabs-section has_text_color\" id=\"t66e\" style=\"background:var(--color-header-transparent-text);color:var(--color-header-top-text-hover);\"><button class=\"w-tabs-section-header\" aria-controls=\"content-t66e\" aria-expanded=\"false\"><div class=\"w-tabs-section-title\">Bessere Information \u00fcber Niederschlagsereignisse<\/div><div class=\"w-tabs-section-control\"><\/div><\/button><div  class=\"w-tabs-section-content\" id=\"content-t66e\"><div class=\"w-tabs-section-content-h i-cf\"><div class=\"wpb_text_column\"><div class=\"wpb_wrapper\"><p><span style=\"font-weight: 400;\">Wir f\u00f6rdern den klimaresilienten Umgang mit Niederschlagswasser. Deshalb haben wir uns erfolgreich daf\u00fcr eingesetzt, dass Starkregenkarten erarbeitet und der \u00d6ffentlichkeit von der Stadt Wiesbaden zur Verf\u00fcgung gestellt werden. Au\u00dferdem wird an einer Niederschlagswasser-Satzung gearbeitet. Das Schwammstadtprinzip wird jetzt bei der Umgestaltung von Pl\u00e4tzen (Els\u00e4sser Park, Schlo\u00dfplatz etc.) und bei gro\u00dfen neuen Bauvorhaben angewendet.<\/span><\/p>\n<\/div><\/div><\/div><\/div><\/div><div class=\"w-tabs-section has_text_color\" id=\"m781\" style=\"background:var(--color-alt-content-bg);color:var(--color-content-heading);\"><button class=\"w-tabs-section-header\" aria-controls=\"content-m781\" aria-expanded=\"false\"><div class=\"w-tabs-section-title\">Verbesserung des Hitzeschutz f\u00fcr alle Wiesbadener*innen<\/div><div class=\"w-tabs-section-control\"><\/div><\/button><div  class=\"w-tabs-section-content\" id=\"content-m781\"><div class=\"w-tabs-section-content-h i-cf\"><div class=\"wpb_text_column\"><div class=\"wpb_wrapper\"><p><span style=\"font-weight: 400;\">Die Stadt Wiesbaden hat bereits die 1. Auflage des Hitzeaktionsplans ver\u00f6ffentlicht &#8211; hier wird st\u00e4ndig aktualisiert, evaluiert und weiterentwickelt. Zudem wurde eine &#8222;Karte der k\u00fchlen Orte&#8220; erarbeitet und ver\u00f6ffentlicht. Diese Karte wird laufend erweitert.<\/span><\/p>\n<\/div><\/div><\/div><\/div><\/div><div class=\"w-tabs-section has_text_color\" id=\"q8c3\" style=\"background:var(--color-header-transparent-text);color:var(--color-header-top-text-hover);\"><button class=\"w-tabs-section-header\" aria-controls=\"content-q8c3\" aria-expanded=\"false\"><div class=\"w-tabs-section-title\">Sichere Kommunikation im Katastrophenfall<\/div><div class=\"w-tabs-section-control\"><\/div><\/button><div  class=\"w-tabs-section-content\" id=\"content-q8c3\"><div class=\"w-tabs-section-content-h i-cf\"><div class=\"wpb_text_column\"><div class=\"wpb_wrapper\"><p><span style=\"font-weight: 400;\">Im Falle eines fl\u00e4chendeckenden Stromausfalls oder wenn die Telekommunikation unterbrochen ist, richten unsere Feuerwehren und Hilfsorganisationen in allen Ortsbezirken mobile und station\u00e4re Katastrophenschutz-Leuchtt\u00fcrme ein. Damit wird die Notversorgung und -kommunikation sichergestellt. Hier kann man im Krisenfall Notrufe absetzen, erh\u00e4lt praktische Hilfe sowie verl\u00e4ssliche und klare Informationen zur aktuellen Lage. Die Standorte lassen sich online im Wiesbadener Geoportal finden.<\/span><\/p>\n<\/div><\/div><\/div><\/div><\/div><\/div><\/div><div class=\"w-separator size_medium\"><\/div><div class=\"w-btn-wrapper align_left\"><a class=\"w-btn us-btn-style_8 icon_atleft\" href=\"https:\/\/gruene-wiesbaden.de\/kommunalwahl\/#Kapitel1\"><i class=\"fas fa-chevron-circle-right\"><\/i><span class=\"w-btn-label\">Zur\u00fcck zur \u00dcbersicht<\/span><\/a><\/div><div class=\"w-separator size_large\"><\/div><\/div><\/div><\/div><\/div><\/section>\n","protected":false},"excerpt":{"rendered":"Bev\u00f6lkerungsschutzAngesichts der zunehmenden Extremwetterereignisse durch die Klimakrise und geopolitischer Bedrohungslagen ist ein widerstandsf\u00e4higer Bev\u00f6lkerungsschutz unverzichtbar. Wir setzen uns f\u00fcr eine effektive Gefahrenabwehr und eine gute Krisenpr\u00e4vention ein, die Menschen in allen Lebenslagen sch\u00fctzt. Dazu geh\u00f6ren die Fortschreibung des kommunalen Hitzeaktionsplans, der vulnerable Gruppen sch\u00fctzt, sowie ein umfassendes Konzept zum Hochwasserschutz mit Renaturierung von Flussl\u00e4ufen und...","protected":false},"author":1,"featured_media":1497,"comment_status":"closed","ping_status":"closed","sticky":false,"template":"","format":"standard","meta":{"footnotes":""},"categories":[14],"tags":[],"class_list":["post-1323","post","type-post","status-publish","format-standard","has-post-thumbnail","hentry","category-kapitel-1"],"yoast_head":"<!-- This site is optimized with the Yoast SEO plugin v27.5 - https:\/\/yoast.com\/product\/yoast-seo-wordpress\/ -->\n<title>Bev\u00f6lkerungsschutz - B\u00dcNDNIS 90\/DIE GR\u00dcNEN Wiesbaden<\/title>\n<meta name=\"robots\" content=\"index, follow, max-snippet:-1, max-image-preview:large, max-video-preview:-1\" \/>\n<link rel=\"canonical\" href=\"https:\/\/gruene-wiesbaden.de\/de\/bevoelkerungsschutz\/\" \/>\n<meta property=\"og:locale\" content=\"de_DE\" \/>\n<meta property=\"og:type\" content=\"article\" \/>\n<meta property=\"og:title\" content=\"Bev\u00f6lkerungsschutz - B\u00dcNDNIS 90\/DIE GR\u00dcNEN Wiesbaden\" \/>\n<meta property=\"og:url\" content=\"https:\/\/gruene-wiesbaden.de\/de\/bevoelkerungsschutz\/\" \/>\n<meta property=\"og:site_name\" content=\"B\u00dcNDNIS 90\/DIE GR\u00dcNEN Wiesbaden\" \/>\n<meta property=\"article:publisher\" content=\"https:\/\/www.facebook.com\/gruene.wi\" \/>\n<meta property=\"article:published_time\" content=\"2025-11-09T21:41:29+00:00\" \/>\n<meta property=\"article:modified_time\" content=\"2026-04-08T20:32:07+00:00\" \/>\n<meta property=\"og:image\" content=\"https:\/\/gruene-wiesbaden.de\/wp-content\/uploads\/2025\/11\/1.2-Bevoelkerungsschutz-scaled.jpeg\" \/>\n\t<meta property=\"og:image:width\" content=\"2560\" \/>\n\t<meta property=\"og:image:height\" content=\"1707\" \/>\n\t<meta property=\"og:image:type\" content=\"image\/jpeg\" \/>\n<meta name=\"author\" content=\"admin\" \/>\n<meta name=\"twitter:card\" content=\"summary_large_image\" \/>\n<meta name=\"twitter:label1\" content=\"Verfasst von\" \/>\n\t<meta name=\"twitter:data1\" content=\"admin\" \/>\n\t<meta name=\"twitter:label2\" content=\"Gesch\u00e4tzte Lesezeit\" \/>\n\t<meta name=\"twitter:data2\" content=\"8\u00a0Minuten\" \/>\n<script type=\"application\/ld+json\" class=\"yoast-schema-graph\">{\"@context\":\"https:\\\/\\\/schema.org\",\"@graph\":[{\"@type\":\"Article\",\"@id\":\"https:\\\/\\\/gruene-wiesbaden.de\\\/bevoelkerungsschutz\\\/#article\",\"isPartOf\":{\"@id\":\"https:\\\/\\\/gruene-wiesbaden.de\\\/bevoelkerungsschutz\\\/\"},\"author\":{\"name\":\"admin\",\"@id\":\"https:\\\/\\\/gruene-wiesbaden.de\\\/#\\\/schema\\\/person\\\/6785c34779159cd4fd86886bb097afe9\"},\"headline\":\"Bev\u00f6lkerungsschutz\",\"datePublished\":\"2025-11-09T21:41:29+00:00\",\"dateModified\":\"2026-04-08T20:32:07+00:00\",\"mainEntityOfPage\":{\"@id\":\"https:\\\/\\\/gruene-wiesbaden.de\\\/bevoelkerungsschutz\\\/\"},\"wordCount\":2343,\"publisher\":{\"@id\":\"https:\\\/\\\/gruene-wiesbaden.de\\\/#organization\"},\"image\":{\"@id\":\"https:\\\/\\\/gruene-wiesbaden.de\\\/bevoelkerungsschutz\\\/#primaryimage\"},\"thumbnailUrl\":\"https:\\\/\\\/gruene-wiesbaden.de\\\/wp-content\\\/uploads\\\/2025\\\/11\\\/1.2-Bevoelkerungsschutz-scaled.jpeg\",\"articleSection\":[\"Kapitel 1\"],\"inLanguage\":\"de\"},{\"@type\":\"WebPage\",\"@id\":\"https:\\\/\\\/gruene-wiesbaden.de\\\/bevoelkerungsschutz\\\/\",\"url\":\"https:\\\/\\\/gruene-wiesbaden.de\\\/bevoelkerungsschutz\\\/\",\"name\":\"Bev\u00f6lkerungsschutz - B\u00dcNDNIS 90\\\/DIE GR\u00dcNEN Wiesbaden\",\"isPartOf\":{\"@id\":\"https:\\\/\\\/gruene-wiesbaden.de\\\/#website\"},\"primaryImageOfPage\":{\"@id\":\"https:\\\/\\\/gruene-wiesbaden.de\\\/bevoelkerungsschutz\\\/#primaryimage\"},\"image\":{\"@id\":\"https:\\\/\\\/gruene-wiesbaden.de\\\/bevoelkerungsschutz\\\/#primaryimage\"},\"thumbnailUrl\":\"https:\\\/\\\/gruene-wiesbaden.de\\\/wp-content\\\/uploads\\\/2025\\\/11\\\/1.2-Bevoelkerungsschutz-scaled.jpeg\",\"datePublished\":\"2025-11-09T21:41:29+00:00\",\"dateModified\":\"2026-04-08T20:32:07+00:00\",\"breadcrumb\":{\"@id\":\"https:\\\/\\\/gruene-wiesbaden.de\\\/bevoelkerungsschutz\\\/#breadcrumb\"},\"inLanguage\":\"de\",\"potentialAction\":[{\"@type\":\"ReadAction\",\"target\":[\"https:\\\/\\\/gruene-wiesbaden.de\\\/bevoelkerungsschutz\\\/\"]}]},{\"@type\":\"ImageObject\",\"inLanguage\":\"de\",\"@id\":\"https:\\\/\\\/gruene-wiesbaden.de\\\/bevoelkerungsschutz\\\/#primaryimage\",\"url\":\"https:\\\/\\\/gruene-wiesbaden.de\\\/wp-content\\\/uploads\\\/2025\\\/11\\\/1.2-Bevoelkerungsschutz-scaled.jpeg\",\"contentUrl\":\"https:\\\/\\\/gruene-wiesbaden.de\\\/wp-content\\\/uploads\\\/2025\\\/11\\\/1.2-Bevoelkerungsschutz-scaled.jpeg\",\"width\":2560,\"height\":1707,\"caption\":\"Boots flooded house closeup. Home rain flood. Generate Ai\"},{\"@type\":\"BreadcrumbList\",\"@id\":\"https:\\\/\\\/gruene-wiesbaden.de\\\/bevoelkerungsschutz\\\/#breadcrumb\",\"itemListElement\":[{\"@type\":\"ListItem\",\"position\":1,\"name\":\"Startseite\",\"item\":\"https:\\\/\\\/gruene-wiesbaden.de\\\/\"},{\"@type\":\"ListItem\",\"position\":2,\"name\":\"Bev\u00f6lkerungsschutz\"}]},{\"@type\":\"WebSite\",\"@id\":\"https:\\\/\\\/gruene-wiesbaden.de\\\/#website\",\"url\":\"https:\\\/\\\/gruene-wiesbaden.de\\\/\",\"name\":\"DIE GR\u00dcNEN Wiesbaden\",\"description\":\"\",\"publisher\":{\"@id\":\"https:\\\/\\\/gruene-wiesbaden.de\\\/#organization\"},\"potentialAction\":[{\"@type\":\"SearchAction\",\"target\":{\"@type\":\"EntryPoint\",\"urlTemplate\":\"https:\\\/\\\/gruene-wiesbaden.de\\\/?s={search_term_string}\"},\"query-input\":{\"@type\":\"PropertyValueSpecification\",\"valueRequired\":true,\"valueName\":\"search_term_string\"}}],\"inLanguage\":\"de\"},{\"@type\":\"Organization\",\"@id\":\"https:\\\/\\\/gruene-wiesbaden.de\\\/#organization\",\"name\":\"DIE GR\u00dcNEN Wiesbaden\",\"url\":\"https:\\\/\\\/gruene-wiesbaden.de\\\/\",\"logo\":{\"@type\":\"ImageObject\",\"inLanguage\":\"de\",\"@id\":\"https:\\\/\\\/gruene-wiesbaden.de\\\/#\\\/schema\\\/logo\\\/image\\\/\",\"url\":\"https:\\\/\\\/gruene-wiesbaden-fuer-europa.de\\\/wp-content\\\/uploads\\\/2024\\\/04\\\/Machen-was-zaehlt-5.png\",\"contentUrl\":\"https:\\\/\\\/gruene-wiesbaden-fuer-europa.de\\\/wp-content\\\/uploads\\\/2024\\\/04\\\/Machen-was-zaehlt-5.png\",\"width\":1772,\"height\":1772,\"caption\":\"DIE GR\u00dcNEN Wiesbaden\"},\"image\":{\"@id\":\"https:\\\/\\\/gruene-wiesbaden.de\\\/#\\\/schema\\\/logo\\\/image\\\/\"},\"sameAs\":[\"https:\\\/\\\/www.facebook.com\\\/gruene.wi\",\"https:\\\/\\\/instagram.com\\\/gruene_wi\"]},{\"@type\":\"Person\",\"@id\":\"https:\\\/\\\/gruene-wiesbaden.de\\\/#\\\/schema\\\/person\\\/6785c34779159cd4fd86886bb097afe9\",\"name\":\"admin\",\"sameAs\":[\"http:\\\/\\\/gruene-wiesbaden-fuer-europa.de\"],\"url\":\"https:\\\/\\\/gruene-wiesbaden.de\\\/de\\\/author\\\/admin\\\/\"}]}<\/script>\n<!-- \/ Yoast SEO plugin. -->","yoast_head_json":{"title":"Bev\u00f6lkerungsschutz - B\u00dcNDNIS 90\/DIE GR\u00dcNEN Wiesbaden","robots":{"index":"index","follow":"follow","max-snippet":"max-snippet:-1","max-image-preview":"max-image-preview:large","max-video-preview":"max-video-preview:-1"},"canonical":"https:\/\/gruene-wiesbaden.de\/de\/bevoelkerungsschutz\/","og_locale":"de_DE","og_type":"article","og_title":"Bev\u00f6lkerungsschutz - B\u00dcNDNIS 90\/DIE GR\u00dcNEN Wiesbaden","og_url":"https:\/\/gruene-wiesbaden.de\/de\/bevoelkerungsschutz\/","og_site_name":"B\u00dcNDNIS 90\/DIE GR\u00dcNEN Wiesbaden","article_publisher":"https:\/\/www.facebook.com\/gruene.wi","article_published_time":"2025-11-09T21:41:29+00:00","article_modified_time":"2026-04-08T20:32:07+00:00","og_image":[{"width":2560,"height":1707,"url":"https:\/\/gruene-wiesbaden.de\/wp-content\/uploads\/2025\/11\/1.2-Bevoelkerungsschutz-scaled.jpeg","type":"image\/jpeg"}],"author":"admin","twitter_card":"summary_large_image","twitter_misc":{"Verfasst von":"admin","Gesch\u00e4tzte Lesezeit":"8\u00a0Minuten"},"schema":{"@context":"https:\/\/schema.org","@graph":[{"@type":"Article","@id":"https:\/\/gruene-wiesbaden.de\/bevoelkerungsschutz\/#article","isPartOf":{"@id":"https:\/\/gruene-wiesbaden.de\/bevoelkerungsschutz\/"},"author":{"name":"admin","@id":"https:\/\/gruene-wiesbaden.de\/#\/schema\/person\/6785c34779159cd4fd86886bb097afe9"},"headline":"Bev\u00f6lkerungsschutz","datePublished":"2025-11-09T21:41:29+00:00","dateModified":"2026-04-08T20:32:07+00:00","mainEntityOfPage":{"@id":"https:\/\/gruene-wiesbaden.de\/bevoelkerungsschutz\/"},"wordCount":2343,"publisher":{"@id":"https:\/\/gruene-wiesbaden.de\/#organization"},"image":{"@id":"https:\/\/gruene-wiesbaden.de\/bevoelkerungsschutz\/#primaryimage"},"thumbnailUrl":"https:\/\/gruene-wiesbaden.de\/wp-content\/uploads\/2025\/11\/1.2-Bevoelkerungsschutz-scaled.jpeg","articleSection":["Kapitel 1"],"inLanguage":"de"},{"@type":"WebPage","@id":"https:\/\/gruene-wiesbaden.de\/bevoelkerungsschutz\/","url":"https:\/\/gruene-wiesbaden.de\/bevoelkerungsschutz\/","name":"Bev\u00f6lkerungsschutz - B\u00dcNDNIS 90\/DIE GR\u00dcNEN Wiesbaden","isPartOf":{"@id":"https:\/\/gruene-wiesbaden.de\/#website"},"primaryImageOfPage":{"@id":"https:\/\/gruene-wiesbaden.de\/bevoelkerungsschutz\/#primaryimage"},"image":{"@id":"https:\/\/gruene-wiesbaden.de\/bevoelkerungsschutz\/#primaryimage"},"thumbnailUrl":"https:\/\/gruene-wiesbaden.de\/wp-content\/uploads\/2025\/11\/1.2-Bevoelkerungsschutz-scaled.jpeg","datePublished":"2025-11-09T21:41:29+00:00","dateModified":"2026-04-08T20:32:07+00:00","breadcrumb":{"@id":"https:\/\/gruene-wiesbaden.de\/bevoelkerungsschutz\/#breadcrumb"},"inLanguage":"de","potentialAction":[{"@type":"ReadAction","target":["https:\/\/gruene-wiesbaden.de\/bevoelkerungsschutz\/"]}]},{"@type":"ImageObject","inLanguage":"de","@id":"https:\/\/gruene-wiesbaden.de\/bevoelkerungsschutz\/#primaryimage","url":"https:\/\/gruene-wiesbaden.de\/wp-content\/uploads\/2025\/11\/1.2-Bevoelkerungsschutz-scaled.jpeg","contentUrl":"https:\/\/gruene-wiesbaden.de\/wp-content\/uploads\/2025\/11\/1.2-Bevoelkerungsschutz-scaled.jpeg","width":2560,"height":1707,"caption":"Boots flooded house closeup. Home rain flood. Generate Ai"},{"@type":"BreadcrumbList","@id":"https:\/\/gruene-wiesbaden.de\/bevoelkerungsschutz\/#breadcrumb","itemListElement":[{"@type":"ListItem","position":1,"name":"Startseite","item":"https:\/\/gruene-wiesbaden.de\/"},{"@type":"ListItem","position":2,"name":"Bev\u00f6lkerungsschutz"}]},{"@type":"WebSite","@id":"https:\/\/gruene-wiesbaden.de\/#website","url":"https:\/\/gruene-wiesbaden.de\/","name":"DIE GR\u00dcNEN Wiesbaden","description":"","publisher":{"@id":"https:\/\/gruene-wiesbaden.de\/#organization"},"potentialAction":[{"@type":"SearchAction","target":{"@type":"EntryPoint","urlTemplate":"https:\/\/gruene-wiesbaden.de\/?s={search_term_string}"},"query-input":{"@type":"PropertyValueSpecification","valueRequired":true,"valueName":"search_term_string"}}],"inLanguage":"de"},{"@type":"Organization","@id":"https:\/\/gruene-wiesbaden.de\/#organization","name":"DIE GR\u00dcNEN Wiesbaden","url":"https:\/\/gruene-wiesbaden.de\/","logo":{"@type":"ImageObject","inLanguage":"de","@id":"https:\/\/gruene-wiesbaden.de\/#\/schema\/logo\/image\/","url":"https:\/\/gruene-wiesbaden-fuer-europa.de\/wp-content\/uploads\/2024\/04\/Machen-was-zaehlt-5.png","contentUrl":"https:\/\/gruene-wiesbaden-fuer-europa.de\/wp-content\/uploads\/2024\/04\/Machen-was-zaehlt-5.png","width":1772,"height":1772,"caption":"DIE GR\u00dcNEN Wiesbaden"},"image":{"@id":"https:\/\/gruene-wiesbaden.de\/#\/schema\/logo\/image\/"},"sameAs":["https:\/\/www.facebook.com\/gruene.wi","https:\/\/instagram.com\/gruene_wi"]},{"@type":"Person","@id":"https:\/\/gruene-wiesbaden.de\/#\/schema\/person\/6785c34779159cd4fd86886bb097afe9","name":"admin","sameAs":["http:\/\/gruene-wiesbaden-fuer-europa.de"],"url":"https:\/\/gruene-wiesbaden.de\/de\/author\/admin\/"}]}},"_links":{"self":[{"href":"https:\/\/gruene-wiesbaden.de\/de\/wp-json\/wp\/v2\/posts\/1323","targetHints":{"allow":["GET"]}}],"collection":[{"href":"https:\/\/gruene-wiesbaden.de\/de\/wp-json\/wp\/v2\/posts"}],"about":[{"href":"https:\/\/gruene-wiesbaden.de\/de\/wp-json\/wp\/v2\/types\/post"}],"author":[{"embeddable":true,"href":"https:\/\/gruene-wiesbaden.de\/de\/wp-json\/wp\/v2\/users\/1"}],"replies":[{"embeddable":true,"href":"https:\/\/gruene-wiesbaden.de\/de\/wp-json\/wp\/v2\/comments?post=1323"}],"version-history":[{"count":10,"href":"https:\/\/gruene-wiesbaden.de\/de\/wp-json\/wp\/v2\/posts\/1323\/revisions"}],"predecessor-version":[{"id":2367,"href":"https:\/\/gruene-wiesbaden.de\/de\/wp-json\/wp\/v2\/posts\/1323\/revisions\/2367"}],"wp:featuredmedia":[{"embeddable":true,"href":"https:\/\/gruene-wiesbaden.de\/de\/wp-json\/wp\/v2\/media\/1497"}],"wp:attachment":[{"href":"https:\/\/gruene-wiesbaden.de\/de\/wp-json\/wp\/v2\/media?parent=1323"}],"wp:term":[{"taxonomy":"category","embeddable":true,"href":"https:\/\/gruene-wiesbaden.de\/de\/wp-json\/wp\/v2\/categories?post=1323"},{"taxonomy":"post_tag","embeddable":true,"href":"https:\/\/gruene-wiesbaden.de\/de\/wp-json\/wp\/v2\/tags?post=1323"}],"curies":[{"name":"wp","href":"https:\/\/api.w.org\/{rel}","templated":true}]}}