{"id":882,"date":"2025-02-13T12:00:12","date_gmt":"2025-02-13T12:00:12","guid":{"rendered":"http:\/\/gruene-wiesbaden.de.w0207e8f.kasserver.com\/?p=882"},"modified":"2025-06-16T21:11:03","modified_gmt":"2025-06-16T21:11:03","slug":"mitgliederrekord2025","status":"publish","type":"post","link":"https:\/\/gruene-wiesbaden.de\/cs\/mitgliederrekord2025\/","title":{"rendered":"Jsme v\u00edc ne\u017e kdy jindy! Rekordn\u00ed po\u010det \u010dlen\u016f v GREEN Wiesbaden"},"content":{"rendered":"<section class=\"l-section wpb_row height_medium\"><div class=\"l-section-h i-cf\"><div class=\"g-cols vc_row via_grid cols_1 laptops-cols_inherit tablets-cols_inherit mobiles-cols_1 valign_top type_default stacking_default\"><div class=\"wpb_column vc_column_container\"><div class=\"vc_column-inner\"><h2 class=\"w-post-elm post_title entry-title color_link_inherit\">Jsme v\u00edc ne\u017e kdy jindy! Rekordn\u00ed po\u010det \u010dlen\u016f v GREEN Wiesbaden<\/h2><div class=\"w-post-elm post_image\"><img loading=\"lazy\" decoding=\"async\" width=\"600\" height=\"373\" src=\"https:\/\/gruene-wiesbaden.de\/wp-content\/uploads\/2025\/03\/Bildschirmfoto-2025-06-16-um-22.45.23-600x373.png\" class=\"attachment-large size-large wp-post-image\" alt=\"\" srcset=\"https:\/\/gruene-wiesbaden.de\/wp-content\/uploads\/2025\/03\/Bildschirmfoto-2025-06-16-um-22.45.23-600x373.png 600w, https:\/\/gruene-wiesbaden.de\/wp-content\/uploads\/2025\/03\/Bildschirmfoto-2025-06-16-um-22.45.23-400x249.png 400w, https:\/\/gruene-wiesbaden.de\/wp-content\/uploads\/2025\/03\/Bildschirmfoto-2025-06-16-um-22.45.23.png 1748w\" sizes=\"auto, (max-width: 600px) 100vw, 600px\" \/><\/div><div class=\"w-separator size_medium\"><\/div><div class=\"wpb_text_column\"><div class=\"wpb_wrapper\"><p>Jsme v\u00edce ne\u017e kdy jindy: Od konce semafor\u016f m\u00e1me 142 nov\u00fdch \u010dlen\u016f, z toho 45 nov\u00fdch od za\u010d\u00e1tku roku. M\u00e1me nov\u00fd rekord: 722 Wiesbadener\u016f je zelen\u00fdch. To n\u00e1m d\u00e1v\u00e1 obrovsk\u00fd n\u00e1skok p\u0159ed posledn\u00edmi volbami do Spolkov\u00e9ho sn\u011bmu a zb\u00fdvaj\u00edc\u00edmi t\u00fddny do voleb starosty Wiesbadenu.<\/p>\n<p>\u201eJsme eufori\u010dt\u00ed z p\u0159\u00edlivu do na\u0161\u00ed strany a jsme velmi hrd\u00ed na ka\u017ed\u00e9ho z n\u00e1s. Do volebn\u00ed kampan\u011b se aktivn\u011b zapojilo mnoho nov\u00fdch \u010dlen\u016f. Spole\u010dn\u011b jsme motivov\u00e1ni d\u00e1t v\u0161e pro ob\u011b volebn\u00ed kampan\u011b ve Wiesbadenu a spojit se s co nejv\u011bt\u0161\u00edm po\u010dtem lid\u00ed,\" uvedla p\u0159edsedkyn\u011b okresu Rebecca Thomasov\u00e1. Daniel Schmitt, tak\u00e9 p\u0159edseda okresn\u00edho sdru\u017een\u00ed Wiesbaden, informuje o setk\u00e1n\u00ed nov\u00fdch \u010dlen\u016f minulou sobotu, na kter\u00e9m bylo p\u0159\u00edtomno tolik nov\u00fdch \u010dlen\u016f, \u017ee nov\u011b obsazen\u00e9 m\u00edstnosti GR\u00dcNEN v Mainzer Stra\u00dfe byly obsazeny a\u017e do posledn\u00edho m\u00edsta.<\/p>\n<p>Tento trend lze pozorovat i na st\u00e1tn\u00ed a feder\u00e1ln\u00ed \u00farovni. Od 7. listopadu vstoupilo do Hesenska 2138 lid\u00ed. Nov\u00fd \u010dlensk\u00fd rekord je nyn\u00ed 12 574.<\/p>\n<p>Mnoho lid\u00ed je \u0161okov\u00e1no spoluprac\u00ed Friedricha Merze s AfD v oblasti azylov\u00e9 a migra\u010dn\u00ed politiky. Anna L\u00fchrmannov\u00e1, hlavn\u00ed kandid\u00e1tka Hesenska pro feder\u00e1ln\u00ed volby: \u201eFriedrich Merz zneklidnil mnoho ob\u010dan\u016f chaosem, kter\u00fd zp\u016fsobil ve Spolkov\u00e9m sn\u011bmu. Mnoho lid\u00ed pochybuje o tom, \u017ee se lze st\u00e1le spolehnout na slovo pana Merze. Hodn\u011b m\u011b oslovili lid\u00e9 z p\u0159ist\u011bhovaleck\u00e9ho prost\u0159ed\u00ed, kte\u0159\u00ed se ob\u00e1vaj\u00ed, \u017ee ztrat\u00ed svou vlast. A samoz\u0159ejm\u011b existuj\u00ed opr\u00e1vn\u011bn\u00e9 obavy o bezpe\u010dnost v na\u0161\u00ed zemi. T\u00e9to nejistot\u011b \u010del\u00ed Zelen\u00e1 p\u00e1te\u0159, d\u016fv\u011bra a praktick\u00e9 n\u00e1vrhy na bezpe\u010dnostn\u00ed ofenz\u00edvu.\u201c<\/p>\n<p>Vzhledem k mnoha demonstrac\u00edm od minul\u00e9ho t\u00fddne i nad\u00e1le p\u0159edpokl\u00e1d\u00e1me, \u017ee mnoho lid\u00ed chce jednat nyn\u00ed a bude se k na\u0161\u00ed stran\u011b p\u0159ipojovat i v nadch\u00e1zej\u00edc\u00edch dnech a t\u00fddnech.<\/p>\n<\/div><\/div><\/div><\/div><\/div><\/div><\/section>","protected":false},"excerpt":{"rendered":"Jsme v\u00edc ne\u017e kdy jindy! Rekordn\u00ed po\u010det \u010dlen\u016f v GREEN WiesbadenJsme v\u00edce ne\u017e kdy jindy: Od konce semafor\u016f m\u00e1me 142 nov\u00fdch \u010dlen\u016f, z toho 45 nov\u00fdch od za\u010d\u00e1tku roku. M\u00e1me nov\u00fd rekord: 722 Wiesbadener\u016f je zelen\u00fdch. To n\u00e1m d\u00e1v\u00e1 enormn\u00ed v\u00edtr do zad pro z\u00e1v\u011bre\u010dnou p\u0159edvolebn\u00ed kampa\u0148...","protected":false},"author":1,"featured_media":914,"comment_status":"closed","ping_status":"closed","sticky":false,"template":"","format":"standard","meta":{"footnotes":""},"categories":[9],"tags":[],"class_list":["post-882","post","type-post","status-publish","format-standard","has-post-thumbnail","hentry","category-mitglieder"],"yoast_head":"<!-- This site is optimized with the Yoast SEO plugin v27.5 - https:\/\/yoast.com\/product\/yoast-seo-wordpress\/ -->\n<title>Wir sind so viele wie noch nie! Mitglieder-Rekord bei den GR\u00dcNEN Wiesbaden - B\u00dcNDNIS 90\/DIE GR\u00dcNEN Wiesbaden<\/title>\n<meta name=\"robots\" content=\"index, follow, max-snippet:-1, max-image-preview:large, max-video-preview:-1\" \/>\n<link rel=\"canonical\" href=\"https:\/\/gruene-wiesbaden.de\/cs\/mitgliederrekord2025\/\" \/>\n<meta property=\"og:locale\" content=\"cs_CZ\" \/>\n<meta property=\"og:type\" content=\"article\" \/>\n<meta property=\"og:title\" content=\"Wir sind so viele wie noch nie! Mitglieder-Rekord bei den GR\u00dcNEN Wiesbaden - B\u00dcNDNIS 90\/DIE GR\u00dcNEN Wiesbaden\" \/>\n<meta property=\"og:url\" content=\"https:\/\/gruene-wiesbaden.de\/cs\/mitgliederrekord2025\/\" \/>\n<meta property=\"og:site_name\" content=\"B\u00dcNDNIS 90\/DIE GR\u00dcNEN Wiesbaden\" \/>\n<meta property=\"article:publisher\" content=\"https:\/\/www.facebook.com\/gruene.wi\" \/>\n<meta property=\"article:published_time\" content=\"2025-02-13T12:00:12+00:00\" \/>\n<meta property=\"article:modified_time\" content=\"2025-06-16T21:11:03+00:00\" \/>\n<meta property=\"og:image\" content=\"https:\/\/gruene-wiesbaden.de\/wp-content\/uploads\/2025\/03\/Bildschirmfoto-2025-06-16-um-22.45.23.png\" \/>\n\t<meta property=\"og:image:width\" content=\"1748\" \/>\n\t<meta property=\"og:image:height\" content=\"1086\" \/>\n\t<meta property=\"og:image:type\" content=\"image\/png\" \/>\n<meta name=\"author\" content=\"admin\" \/>\n<meta name=\"twitter:card\" content=\"summary_large_image\" \/>\n<meta name=\"twitter:label1\" content=\"Napsal(a)\" \/>\n\t<meta name=\"twitter:data1\" content=\"admin\" \/>\n\t<meta name=\"twitter:label2\" content=\"Odhadovan\u00e1 doba \u010dten\u00ed\" \/>\n\t<meta name=\"twitter:data2\" content=\"2 minutes\" \/>\n<script type=\"application\/ld+json\" class=\"yoast-schema-graph\">{\"@context\":\"https:\\\/\\\/schema.org\",\"@graph\":[{\"@type\":\"Article\",\"@id\":\"https:\\\/\\\/gruene-wiesbaden.de\\\/mitgliederrekord2025\\\/#article\",\"isPartOf\":{\"@id\":\"https:\\\/\\\/gruene-wiesbaden.de\\\/mitgliederrekord2025\\\/\"},\"author\":{\"name\":\"admin\",\"@id\":\"https:\\\/\\\/gruene-wiesbaden.de\\\/#\\\/schema\\\/person\\\/6785c34779159cd4fd86886bb097afe9\"},\"headline\":\"Wir sind so viele wie noch nie! Mitglieder-Rekord bei den GR\u00dcNEN Wiesbaden\",\"datePublished\":\"2025-02-13T12:00:12+00:00\",\"dateModified\":\"2025-06-16T21:11:03+00:00\",\"mainEntityOfPage\":{\"@id\":\"https:\\\/\\\/gruene-wiesbaden.de\\\/mitgliederrekord2025\\\/\"},\"wordCount\":356,\"publisher\":{\"@id\":\"https:\\\/\\\/gruene-wiesbaden.de\\\/#organization\"},\"image\":{\"@id\":\"https:\\\/\\\/gruene-wiesbaden.de\\\/mitgliederrekord2025\\\/#primaryimage\"},\"thumbnailUrl\":\"https:\\\/\\\/gruene-wiesbaden.de\\\/wp-content\\\/uploads\\\/2025\\\/03\\\/Bildschirmfoto-2025-06-16-um-22.45.23.png\",\"articleSection\":[\"Mitglieder\"],\"inLanguage\":\"cs-CZ\"},{\"@type\":\"WebPage\",\"@id\":\"https:\\\/\\\/gruene-wiesbaden.de\\\/mitgliederrekord2025\\\/\",\"url\":\"https:\\\/\\\/gruene-wiesbaden.de\\\/mitgliederrekord2025\\\/\",\"name\":\"Wir sind so viele wie noch nie! Mitglieder-Rekord bei den GR\u00dcNEN Wiesbaden - B\u00dcNDNIS 90\\\/DIE GR\u00dcNEN Wiesbaden\",\"isPartOf\":{\"@id\":\"https:\\\/\\\/gruene-wiesbaden.de\\\/#website\"},\"primaryImageOfPage\":{\"@id\":\"https:\\\/\\\/gruene-wiesbaden.de\\\/mitgliederrekord2025\\\/#primaryimage\"},\"image\":{\"@id\":\"https:\\\/\\\/gruene-wiesbaden.de\\\/mitgliederrekord2025\\\/#primaryimage\"},\"thumbnailUrl\":\"https:\\\/\\\/gruene-wiesbaden.de\\\/wp-content\\\/uploads\\\/2025\\\/03\\\/Bildschirmfoto-2025-06-16-um-22.45.23.png\",\"datePublished\":\"2025-02-13T12:00:12+00:00\",\"dateModified\":\"2025-06-16T21:11:03+00:00\",\"breadcrumb\":{\"@id\":\"https:\\\/\\\/gruene-wiesbaden.de\\\/mitgliederrekord2025\\\/#breadcrumb\"},\"inLanguage\":\"cs-CZ\",\"potentialAction\":[{\"@type\":\"ReadAction\",\"target\":[\"https:\\\/\\\/gruene-wiesbaden.de\\\/mitgliederrekord2025\\\/\"]}]},{\"@type\":\"ImageObject\",\"inLanguage\":\"cs-CZ\",\"@id\":\"https:\\\/\\\/gruene-wiesbaden.de\\\/mitgliederrekord2025\\\/#primaryimage\",\"url\":\"https:\\\/\\\/gruene-wiesbaden.de\\\/wp-content\\\/uploads\\\/2025\\\/03\\\/Bildschirmfoto-2025-06-16-um-22.45.23.png\",\"contentUrl\":\"https:\\\/\\\/gruene-wiesbaden.de\\\/wp-content\\\/uploads\\\/2025\\\/03\\\/Bildschirmfoto-2025-06-16-um-22.45.23.png\",\"width\":1748,\"height\":1086},{\"@type\":\"BreadcrumbList\",\"@id\":\"https:\\\/\\\/gruene-wiesbaden.de\\\/mitgliederrekord2025\\\/#breadcrumb\",\"itemListElement\":[{\"@type\":\"ListItem\",\"position\":1,\"name\":\"Startseite\",\"item\":\"https:\\\/\\\/gruene-wiesbaden.de\\\/\"},{\"@type\":\"ListItem\",\"position\":2,\"name\":\"Wir sind so viele wie noch nie! Mitglieder-Rekord bei den GR\u00dcNEN Wiesbaden\"}]},{\"@type\":\"WebSite\",\"@id\":\"https:\\\/\\\/gruene-wiesbaden.de\\\/#website\",\"url\":\"https:\\\/\\\/gruene-wiesbaden.de\\\/\",\"name\":\"DIE GR\u00dcNEN Wiesbaden\",\"description\":\"\",\"publisher\":{\"@id\":\"https:\\\/\\\/gruene-wiesbaden.de\\\/#organization\"},\"potentialAction\":[{\"@type\":\"SearchAction\",\"target\":{\"@type\":\"EntryPoint\",\"urlTemplate\":\"https:\\\/\\\/gruene-wiesbaden.de\\\/?s={search_term_string}\"},\"query-input\":{\"@type\":\"PropertyValueSpecification\",\"valueRequired\":true,\"valueName\":\"search_term_string\"}}],\"inLanguage\":\"cs-CZ\"},{\"@type\":\"Organization\",\"@id\":\"https:\\\/\\\/gruene-wiesbaden.de\\\/#organization\",\"name\":\"DIE GR\u00dcNEN Wiesbaden\",\"url\":\"https:\\\/\\\/gruene-wiesbaden.de\\\/\",\"logo\":{\"@type\":\"ImageObject\",\"inLanguage\":\"cs-CZ\",\"@id\":\"https:\\\/\\\/gruene-wiesbaden.de\\\/#\\\/schema\\\/logo\\\/image\\\/\",\"url\":\"https:\\\/\\\/gruene-wiesbaden-fuer-europa.de\\\/wp-content\\\/uploads\\\/2024\\\/04\\\/Machen-was-zaehlt-5.png\",\"contentUrl\":\"https:\\\/\\\/gruene-wiesbaden-fuer-europa.de\\\/wp-content\\\/uploads\\\/2024\\\/04\\\/Machen-was-zaehlt-5.png\",\"width\":1772,\"height\":1772,\"caption\":\"DIE GR\u00dcNEN Wiesbaden\"},\"image\":{\"@id\":\"https:\\\/\\\/gruene-wiesbaden.de\\\/#\\\/schema\\\/logo\\\/image\\\/\"},\"sameAs\":[\"https:\\\/\\\/www.facebook.com\\\/gruene.wi\",\"https:\\\/\\\/instagram.com\\\/gruene_wi\"]},{\"@type\":\"Person\",\"@id\":\"https:\\\/\\\/gruene-wiesbaden.de\\\/#\\\/schema\\\/person\\\/6785c34779159cd4fd86886bb097afe9\",\"name\":\"admin\",\"sameAs\":[\"http:\\\/\\\/gruene-wiesbaden-fuer-europa.de\"],\"url\":\"https:\\\/\\\/gruene-wiesbaden.de\\\/cs\\\/author\\\/admin\\\/\"}]}<\/script>\n<!-- \/ Yoast SEO plugin. -->","yoast_head_json":{"title":"Wir sind so viele wie noch nie! Mitglieder-Rekord bei den GR\u00dcNEN Wiesbaden - B\u00dcNDNIS 90\/DIE GR\u00dcNEN Wiesbaden","robots":{"index":"index","follow":"follow","max-snippet":"max-snippet:-1","max-image-preview":"max-image-preview:large","max-video-preview":"max-video-preview:-1"},"canonical":"https:\/\/gruene-wiesbaden.de\/cs\/mitgliederrekord2025\/","og_locale":"cs_CZ","og_type":"article","og_title":"Wir sind so viele wie noch nie! Mitglieder-Rekord bei den GR\u00dcNEN Wiesbaden - B\u00dcNDNIS 90\/DIE GR\u00dcNEN Wiesbaden","og_url":"https:\/\/gruene-wiesbaden.de\/cs\/mitgliederrekord2025\/","og_site_name":"B\u00dcNDNIS 90\/DIE GR\u00dcNEN Wiesbaden","article_publisher":"https:\/\/www.facebook.com\/gruene.wi","article_published_time":"2025-02-13T12:00:12+00:00","article_modified_time":"2025-06-16T21:11:03+00:00","og_image":[{"width":1748,"height":1086,"url":"https:\/\/gruene-wiesbaden.de\/wp-content\/uploads\/2025\/03\/Bildschirmfoto-2025-06-16-um-22.45.23.png","type":"image\/png"}],"author":"admin","twitter_card":"summary_large_image","twitter_misc":{"Napsal(a)":"admin","Odhadovan\u00e1 doba \u010dten\u00ed":"2 minutes"},"schema":{"@context":"https:\/\/schema.org","@graph":[{"@type":"Article","@id":"https:\/\/gruene-wiesbaden.de\/mitgliederrekord2025\/#article","isPartOf":{"@id":"https:\/\/gruene-wiesbaden.de\/mitgliederrekord2025\/"},"author":{"name":"admin","@id":"https:\/\/gruene-wiesbaden.de\/#\/schema\/person\/6785c34779159cd4fd86886bb097afe9"},"headline":"Wir sind so viele wie noch nie! Mitglieder-Rekord bei den GR\u00dcNEN Wiesbaden","datePublished":"2025-02-13T12:00:12+00:00","dateModified":"2025-06-16T21:11:03+00:00","mainEntityOfPage":{"@id":"https:\/\/gruene-wiesbaden.de\/mitgliederrekord2025\/"},"wordCount":356,"publisher":{"@id":"https:\/\/gruene-wiesbaden.de\/#organization"},"image":{"@id":"https:\/\/gruene-wiesbaden.de\/mitgliederrekord2025\/#primaryimage"},"thumbnailUrl":"https:\/\/gruene-wiesbaden.de\/wp-content\/uploads\/2025\/03\/Bildschirmfoto-2025-06-16-um-22.45.23.png","articleSection":["Mitglieder"],"inLanguage":"cs-CZ"},{"@type":"WebPage","@id":"https:\/\/gruene-wiesbaden.de\/mitgliederrekord2025\/","url":"https:\/\/gruene-wiesbaden.de\/mitgliederrekord2025\/","name":"Wir sind so viele wie noch nie! Mitglieder-Rekord bei den GR\u00dcNEN Wiesbaden - B\u00dcNDNIS 90\/DIE GR\u00dcNEN Wiesbaden","isPartOf":{"@id":"https:\/\/gruene-wiesbaden.de\/#website"},"primaryImageOfPage":{"@id":"https:\/\/gruene-wiesbaden.de\/mitgliederrekord2025\/#primaryimage"},"image":{"@id":"https:\/\/gruene-wiesbaden.de\/mitgliederrekord2025\/#primaryimage"},"thumbnailUrl":"https:\/\/gruene-wiesbaden.de\/wp-content\/uploads\/2025\/03\/Bildschirmfoto-2025-06-16-um-22.45.23.png","datePublished":"2025-02-13T12:00:12+00:00","dateModified":"2025-06-16T21:11:03+00:00","breadcrumb":{"@id":"https:\/\/gruene-wiesbaden.de\/mitgliederrekord2025\/#breadcrumb"},"inLanguage":"cs-CZ","potentialAction":[{"@type":"ReadAction","target":["https:\/\/gruene-wiesbaden.de\/mitgliederrekord2025\/"]}]},{"@type":"ImageObject","inLanguage":"cs-CZ","@id":"https:\/\/gruene-wiesbaden.de\/mitgliederrekord2025\/#primaryimage","url":"https:\/\/gruene-wiesbaden.de\/wp-content\/uploads\/2025\/03\/Bildschirmfoto-2025-06-16-um-22.45.23.png","contentUrl":"https:\/\/gruene-wiesbaden.de\/wp-content\/uploads\/2025\/03\/Bildschirmfoto-2025-06-16-um-22.45.23.png","width":1748,"height":1086},{"@type":"BreadcrumbList","@id":"https:\/\/gruene-wiesbaden.de\/mitgliederrekord2025\/#breadcrumb","itemListElement":[{"@type":"ListItem","position":1,"name":"Startseite","item":"https:\/\/gruene-wiesbaden.de\/"},{"@type":"ListItem","position":2,"name":"Wir sind so viele wie noch nie! Mitglieder-Rekord bei den GR\u00dcNEN Wiesbaden"}]},{"@type":"WebSite","@id":"https:\/\/gruene-wiesbaden.de\/#website","url":"https:\/\/gruene-wiesbaden.de\/","name":"DIE GR\u00dcNEN Wiesbaden","description":"","publisher":{"@id":"https:\/\/gruene-wiesbaden.de\/#organization"},"potentialAction":[{"@type":"SearchAction","target":{"@type":"EntryPoint","urlTemplate":"https:\/\/gruene-wiesbaden.de\/?s={search_term_string}"},"query-input":{"@type":"PropertyValueSpecification","valueRequired":true,"valueName":"search_term_string"}}],"inLanguage":"cs-CZ"},{"@type":"Organization","@id":"https:\/\/gruene-wiesbaden.de\/#organization","name":"DIE GR\u00dcNEN Wiesbaden","url":"https:\/\/gruene-wiesbaden.de\/","logo":{"@type":"ImageObject","inLanguage":"cs-CZ","@id":"https:\/\/gruene-wiesbaden.de\/#\/schema\/logo\/image\/","url":"https:\/\/gruene-wiesbaden-fuer-europa.de\/wp-content\/uploads\/2024\/04\/Machen-was-zaehlt-5.png","contentUrl":"https:\/\/gruene-wiesbaden-fuer-europa.de\/wp-content\/uploads\/2024\/04\/Machen-was-zaehlt-5.png","width":1772,"height":1772,"caption":"DIE GR\u00dcNEN Wiesbaden"},"image":{"@id":"https:\/\/gruene-wiesbaden.de\/#\/schema\/logo\/image\/"},"sameAs":["https:\/\/www.facebook.com\/gruene.wi","https:\/\/instagram.com\/gruene_wi"]},{"@type":"Person","@id":"https:\/\/gruene-wiesbaden.de\/#\/schema\/person\/6785c34779159cd4fd86886bb097afe9","name":"admin","sameAs":["http:\/\/gruene-wiesbaden-fuer-europa.de"],"url":"https:\/\/gruene-wiesbaden.de\/cs\/author\/admin\/"}]}},"_links":{"self":[{"href":"https:\/\/gruene-wiesbaden.de\/cs\/wp-json\/wp\/v2\/posts\/882","targetHints":{"allow":["GET"]}}],"collection":[{"href":"https:\/\/gruene-wiesbaden.de\/cs\/wp-json\/wp\/v2\/posts"}],"about":[{"href":"https:\/\/gruene-wiesbaden.de\/cs\/wp-json\/wp\/v2\/types\/post"}],"author":[{"embeddable":true,"href":"https:\/\/gruene-wiesbaden.de\/cs\/wp-json\/wp\/v2\/users\/1"}],"replies":[{"embeddable":true,"href":"https:\/\/gruene-wiesbaden.de\/cs\/wp-json\/wp\/v2\/comments?post=882"}],"version-history":[{"count":3,"href":"https:\/\/gruene-wiesbaden.de\/cs\/wp-json\/wp\/v2\/posts\/882\/revisions"}],"predecessor-version":[{"id":915,"href":"https:\/\/gruene-wiesbaden.de\/cs\/wp-json\/wp\/v2\/posts\/882\/revisions\/915"}],"wp:featuredmedia":[{"embeddable":true,"href":"https:\/\/gruene-wiesbaden.de\/cs\/wp-json\/wp\/v2\/media\/914"}],"wp:attachment":[{"href":"https:\/\/gruene-wiesbaden.de\/cs\/wp-json\/wp\/v2\/media?parent=882"}],"wp:term":[{"taxonomy":"category","embeddable":true,"href":"https:\/\/gruene-wiesbaden.de\/cs\/wp-json\/wp\/v2\/categories?post=882"},{"taxonomy":"post_tag","embeddable":true,"href":"https:\/\/gruene-wiesbaden.de\/cs\/wp-json\/wp\/v2\/tags?post=882"}],"curies":[{"name":"wp","href":"https:\/\/api.w.org\/{rel}","templated":true}]}}