{"id":872,"date":"2024-11-22T12:00:22","date_gmt":"2024-11-22T12:00:22","guid":{"rendered":"http:\/\/gruene-wiesbaden.de.w0207e8f.kasserver.com\/?p=872"},"modified":"2025-06-16T21:02:09","modified_gmt":"2025-06-16T21:02:09","slug":"neuerfraktionsvorstand2024","status":"publish","type":"post","link":"https:\/\/gruene-wiesbaden.de\/cs\/neuerfraktionsvorstand2024\/","title":{"rendered":"Zvolen nov\u00fd parlamentn\u00ed v\u00fdbor radni\u010dn\u00ed skupiny"},"content":{"rendered":"<section class=\"l-section wpb_row height_medium\"><div class=\"l-section-h i-cf\"><div class=\"g-cols vc_row via_grid cols_1 laptops-cols_inherit tablets-cols_inherit mobiles-cols_1 valign_top type_default stacking_default\"><div class=\"wpb_column vc_column_container\"><div class=\"vc_column-inner\"><h2 class=\"w-post-elm post_title entry-title color_link_inherit\">Zvolen nov\u00fd parlamentn\u00ed v\u00fdbor radni\u010dn\u00ed skupiny<\/h2><div class=\"w-post-elm post_image\"><img loading=\"lazy\" decoding=\"async\" width=\"560\" height=\"600\" src=\"https:\/\/gruene-wiesbaden.de\/wp-content\/uploads\/2025\/03\/Bildschirmfoto-2025-06-16-um-22.59.36-560x600.png\" class=\"attachment-large size-large wp-post-image\" alt=\"\" srcset=\"https:\/\/gruene-wiesbaden.de\/wp-content\/uploads\/2025\/03\/Bildschirmfoto-2025-06-16-um-22.59.36-560x600.png 560w, https:\/\/gruene-wiesbaden.de\/wp-content\/uploads\/2025\/03\/Bildschirmfoto-2025-06-16-um-22.59.36-374x400.png 374w, https:\/\/gruene-wiesbaden.de\/wp-content\/uploads\/2025\/03\/Bildschirmfoto-2025-06-16-um-22.59.36.png 1756w\" sizes=\"auto, (max-width: 560px) 100vw, 560px\" \/><\/div><div class=\"w-separator size_medium\"><\/div><div class=\"wpb_text_column\"><div class=\"wpb_wrapper\"><p><strong>Frakce Green Town Hall ve Wiesbadenu ve \u010dtvrtek zvolila nov\u00e9ho v\u00fdkonn\u00e9ho \u0159editele skupiny. P\u0159edsedkyn\u011b skupiny a kandid\u00e1tka na ZELEN\u00c9HO starostu Gesine Bonnetov\u00e1 byla ve sv\u00e9 kancel\u00e1\u0159i potvrzena. Nov\u00fdm p\u0159edsedou vedle n\u00ed bude digit\u00e1ln\u00ed politick\u00fd mluv\u010d\u00ed Zelen\u00fdch na radnici, profesor Dr. Johannes Luderschmidt. Spole\u010dn\u011b tvo\u0159\u00ed nov\u00e9ho dvojn\u00edka v \u010dele skupiny Zelen\u00fdch.<\/strong><strong>Z\u00e1stupci v\u00fdkonn\u00e9 rady z\u016fstanou Doroth\u00e9e Andes-M\u00fcllerov\u00e1 a Hendrik Seipel-Rotter, kter\u00fd byl rovn\u011b\u017e znovu zvolen parlamentn\u00edm v\u00fdkonn\u00fdm \u0159editelem. <\/strong><\/p>\n<p>\"D\u011bkuji v\u00e1m za d\u016fv\u011bru, kterou jste mi vlo\u017eili, a velmi se t\u011b\u0161\u00edm na spolupr\u00e1ci v nov\u011b vytvo\u0159en\u00e9m t\u00fdmu,\" \u0159ekla Gesine Bonnetov\u00e1, p\u0159edsedkyn\u011b skupiny. \u201ePokra\u010dujeme v prosazov\u00e1n\u00ed progresivn\u00edch politik, kter\u00e9 reaguj\u00ed na v\u00fdzvy doby a p\u0159ipravuj\u00ed na\u0161e m\u011bsto na budoucnost.\u201c<\/p>\n<p>\u201ePro n\u00e1s to zahrnuje v\u011bt\u0161\u00ed ochranu klimatu, nov\u00e9 koncepce mobility, pos\u00edlen\u00ed soci\u00e1ln\u00ed s\u00edt\u011b a kulturn\u00ed sc\u00e9ny ve Wiesbadenu, jako\u017e i inteligentn\u00ed a udr\u017eiteln\u00e9 \u00fazemn\u00ed pl\u00e1nov\u00e1n\u00ed,\u201c dod\u00e1v\u00e1 Johannes Luderschmidt. \u201eSrde\u010dn\u011b d\u011bkuji skupin\u011b za toto uzn\u00e1n\u00ed a t\u011b\u0161\u00edm se na odhodlan\u00e9 \u0159e\u0161en\u00ed tohoto nov\u00e9ho \u00fakolu.\u201c<\/p>\n<p>\"Jsme velmi pot\u011b\u0161eni, \u017ee na\u0161i dva n\u00e1hradn\u00edci, Doroth\u00e9e Andes-M\u00fcller a Hendrik Seipel-Rotter, byli tak\u00e9 potvrzeni ve funkci a jsou odhodl\u00e1ni podporovat n\u00e1s i celou skupinu,\" zd\u016fraznil Bonnet. P\u0159edch\u016fdce skupiny Felix Kisseler u\u017e nekandidoval. Na\u0161e zvl\u00e1\u0161tn\u00ed pod\u011bkov\u00e1n\u00ed pat\u0159\u00ed jemu za jeho odhodl\u00e1n\u00ed a dobrou spolupr\u00e1ci,\u201c \u0159\u00edk\u00e1 Luderschmidt.<\/p>\n<\/div><\/div><\/div><\/div><\/div><\/div><\/section>","protected":false},"excerpt":{"rendered":"Parlamentn\u00ed skupina Green Town Hall ve Wiesbadenu ve \u010dtvrtek zvolila nov\u00e9ho v\u00fdkonn\u00e9ho \u010dlena parlamentn\u00ed skupiny. P\u0159edsedkyn\u011b skupiny a kandid\u00e1tka na ZELEN\u00c9HO starostu Gesine Bonnetov\u00e1 byla ve sv\u00e9 kancel\u00e1\u0159i potvrzena. Nov\u00fdm p\u0159edsedou vedle n\u00ed bude digit\u00e1ln\u00ed politick\u00fd mluv\u010d\u00ed Zelen\u00fdch na radnici, profesor Dr. Johannes Luderschmidt. Spole\u010dn\u011b tvo\u0159\u00ed nov\u00e9 dvoj\u00ed veden\u00ed skupiny Zelen\u00fdch. Z\u00e1stupci p\u0159edsednictva z\u016fst\u00e1vaj\u00ed...","protected":false},"author":1,"featured_media":929,"comment_status":"closed","ping_status":"closed","sticky":false,"template":"","format":"standard","meta":{"footnotes":""},"categories":[5],"tags":[],"class_list":["post-872","post","type-post","status-publish","format-standard","has-post-thumbnail","hentry","category-wahlen"],"yoast_head":"<!-- This site is optimized with the Yoast SEO plugin v27.5 - https:\/\/yoast.com\/product\/yoast-seo-wordpress\/ -->\n<title>Neuer Fraktionsvorstand der Rathausfraktion gew\u00e4hlt - B\u00dcNDNIS 90\/DIE GR\u00dcNEN Wiesbaden<\/title>\n<meta name=\"robots\" content=\"index, follow, max-snippet:-1, max-image-preview:large, max-video-preview:-1\" \/>\n<link rel=\"canonical\" href=\"https:\/\/gruene-wiesbaden.de\/cs\/neuerfraktionsvorstand2024\/\" \/>\n<meta property=\"og:locale\" content=\"cs_CZ\" \/>\n<meta property=\"og:type\" content=\"article\" \/>\n<meta property=\"og:title\" content=\"Neuer Fraktionsvorstand der Rathausfraktion gew\u00e4hlt - B\u00dcNDNIS 90\/DIE GR\u00dcNEN Wiesbaden\" \/>\n<meta property=\"og:url\" content=\"https:\/\/gruene-wiesbaden.de\/cs\/neuerfraktionsvorstand2024\/\" \/>\n<meta property=\"og:site_name\" content=\"B\u00dcNDNIS 90\/DIE GR\u00dcNEN Wiesbaden\" \/>\n<meta property=\"article:publisher\" content=\"https:\/\/www.facebook.com\/gruene.wi\" \/>\n<meta property=\"article:published_time\" content=\"2024-11-22T12:00:22+00:00\" \/>\n<meta property=\"article:modified_time\" content=\"2025-06-16T21:02:09+00:00\" \/>\n<meta property=\"og:image\" content=\"https:\/\/gruene-wiesbaden.de\/wp-content\/uploads\/2025\/03\/Bildschirmfoto-2025-06-16-um-22.59.36-560x600.png\" \/>\n\t<meta property=\"og:image:width\" content=\"560\" \/>\n\t<meta property=\"og:image:height\" content=\"600\" \/>\n\t<meta property=\"og:image:type\" content=\"image\/png\" \/>\n<meta name=\"author\" content=\"admin\" \/>\n<meta name=\"twitter:card\" content=\"summary_large_image\" \/>\n<meta name=\"twitter:label1\" content=\"Napsal(a)\" \/>\n\t<meta name=\"twitter:data1\" content=\"admin\" \/>\n\t<meta name=\"twitter:label2\" content=\"Odhadovan\u00e1 doba \u010dten\u00ed\" \/>\n\t<meta name=\"twitter:data2\" content=\"2 minutes\" \/>\n<script type=\"application\/ld+json\" class=\"yoast-schema-graph\">{\"@context\":\"https:\\\/\\\/schema.org\",\"@graph\":[{\"@type\":\"Article\",\"@id\":\"https:\\\/\\\/gruene-wiesbaden.de\\\/neuerfraktionsvorstand2024\\\/#article\",\"isPartOf\":{\"@id\":\"https:\\\/\\\/gruene-wiesbaden.de\\\/neuerfraktionsvorstand2024\\\/\"},\"author\":{\"name\":\"admin\",\"@id\":\"https:\\\/\\\/gruene-wiesbaden.de\\\/#\\\/schema\\\/person\\\/6785c34779159cd4fd86886bb097afe9\"},\"headline\":\"Neuer Fraktionsvorstand der Rathausfraktion gew\u00e4hlt\",\"datePublished\":\"2024-11-22T12:00:22+00:00\",\"dateModified\":\"2025-06-16T21:02:09+00:00\",\"mainEntityOfPage\":{\"@id\":\"https:\\\/\\\/gruene-wiesbaden.de\\\/neuerfraktionsvorstand2024\\\/\"},\"wordCount\":263,\"publisher\":{\"@id\":\"https:\\\/\\\/gruene-wiesbaden.de\\\/#organization\"},\"image\":{\"@id\":\"https:\\\/\\\/gruene-wiesbaden.de\\\/neuerfraktionsvorstand2024\\\/#primaryimage\"},\"thumbnailUrl\":\"https:\\\/\\\/gruene-wiesbaden.de\\\/wp-content\\\/uploads\\\/2025\\\/03\\\/Bildschirmfoto-2025-06-16-um-22.59.36.png\",\"articleSection\":[\"Wahlen\"],\"inLanguage\":\"cs-CZ\"},{\"@type\":\"WebPage\",\"@id\":\"https:\\\/\\\/gruene-wiesbaden.de\\\/neuerfraktionsvorstand2024\\\/\",\"url\":\"https:\\\/\\\/gruene-wiesbaden.de\\\/neuerfraktionsvorstand2024\\\/\",\"name\":\"Neuer Fraktionsvorstand der Rathausfraktion gew\u00e4hlt - B\u00dcNDNIS 90\\\/DIE GR\u00dcNEN Wiesbaden\",\"isPartOf\":{\"@id\":\"https:\\\/\\\/gruene-wiesbaden.de\\\/#website\"},\"primaryImageOfPage\":{\"@id\":\"https:\\\/\\\/gruene-wiesbaden.de\\\/neuerfraktionsvorstand2024\\\/#primaryimage\"},\"image\":{\"@id\":\"https:\\\/\\\/gruene-wiesbaden.de\\\/neuerfraktionsvorstand2024\\\/#primaryimage\"},\"thumbnailUrl\":\"https:\\\/\\\/gruene-wiesbaden.de\\\/wp-content\\\/uploads\\\/2025\\\/03\\\/Bildschirmfoto-2025-06-16-um-22.59.36.png\",\"datePublished\":\"2024-11-22T12:00:22+00:00\",\"dateModified\":\"2025-06-16T21:02:09+00:00\",\"breadcrumb\":{\"@id\":\"https:\\\/\\\/gruene-wiesbaden.de\\\/neuerfraktionsvorstand2024\\\/#breadcrumb\"},\"inLanguage\":\"cs-CZ\",\"potentialAction\":[{\"@type\":\"ReadAction\",\"target\":[\"https:\\\/\\\/gruene-wiesbaden.de\\\/neuerfraktionsvorstand2024\\\/\"]}]},{\"@type\":\"ImageObject\",\"inLanguage\":\"cs-CZ\",\"@id\":\"https:\\\/\\\/gruene-wiesbaden.de\\\/neuerfraktionsvorstand2024\\\/#primaryimage\",\"url\":\"https:\\\/\\\/gruene-wiesbaden.de\\\/wp-content\\\/uploads\\\/2025\\\/03\\\/Bildschirmfoto-2025-06-16-um-22.59.36.png\",\"contentUrl\":\"https:\\\/\\\/gruene-wiesbaden.de\\\/wp-content\\\/uploads\\\/2025\\\/03\\\/Bildschirmfoto-2025-06-16-um-22.59.36.png\",\"width\":1756,\"height\":1880},{\"@type\":\"BreadcrumbList\",\"@id\":\"https:\\\/\\\/gruene-wiesbaden.de\\\/neuerfraktionsvorstand2024\\\/#breadcrumb\",\"itemListElement\":[{\"@type\":\"ListItem\",\"position\":1,\"name\":\"Startseite\",\"item\":\"https:\\\/\\\/gruene-wiesbaden.de\\\/\"},{\"@type\":\"ListItem\",\"position\":2,\"name\":\"Neuer Fraktionsvorstand der Rathausfraktion gew\u00e4hlt\"}]},{\"@type\":\"WebSite\",\"@id\":\"https:\\\/\\\/gruene-wiesbaden.de\\\/#website\",\"url\":\"https:\\\/\\\/gruene-wiesbaden.de\\\/\",\"name\":\"DIE GR\u00dcNEN Wiesbaden\",\"description\":\"\",\"publisher\":{\"@id\":\"https:\\\/\\\/gruene-wiesbaden.de\\\/#organization\"},\"potentialAction\":[{\"@type\":\"SearchAction\",\"target\":{\"@type\":\"EntryPoint\",\"urlTemplate\":\"https:\\\/\\\/gruene-wiesbaden.de\\\/?s={search_term_string}\"},\"query-input\":{\"@type\":\"PropertyValueSpecification\",\"valueRequired\":true,\"valueName\":\"search_term_string\"}}],\"inLanguage\":\"cs-CZ\"},{\"@type\":\"Organization\",\"@id\":\"https:\\\/\\\/gruene-wiesbaden.de\\\/#organization\",\"name\":\"DIE GR\u00dcNEN Wiesbaden\",\"url\":\"https:\\\/\\\/gruene-wiesbaden.de\\\/\",\"logo\":{\"@type\":\"ImageObject\",\"inLanguage\":\"cs-CZ\",\"@id\":\"https:\\\/\\\/gruene-wiesbaden.de\\\/#\\\/schema\\\/logo\\\/image\\\/\",\"url\":\"https:\\\/\\\/gruene-wiesbaden-fuer-europa.de\\\/wp-content\\\/uploads\\\/2024\\\/04\\\/Machen-was-zaehlt-5.png\",\"contentUrl\":\"https:\\\/\\\/gruene-wiesbaden-fuer-europa.de\\\/wp-content\\\/uploads\\\/2024\\\/04\\\/Machen-was-zaehlt-5.png\",\"width\":1772,\"height\":1772,\"caption\":\"DIE GR\u00dcNEN Wiesbaden\"},\"image\":{\"@id\":\"https:\\\/\\\/gruene-wiesbaden.de\\\/#\\\/schema\\\/logo\\\/image\\\/\"},\"sameAs\":[\"https:\\\/\\\/www.facebook.com\\\/gruene.wi\",\"https:\\\/\\\/instagram.com\\\/gruene_wi\"]},{\"@type\":\"Person\",\"@id\":\"https:\\\/\\\/gruene-wiesbaden.de\\\/#\\\/schema\\\/person\\\/6785c34779159cd4fd86886bb097afe9\",\"name\":\"admin\",\"sameAs\":[\"http:\\\/\\\/gruene-wiesbaden-fuer-europa.de\"],\"url\":\"https:\\\/\\\/gruene-wiesbaden.de\\\/cs\\\/author\\\/admin\\\/\"}]}<\/script>\n<!-- \/ Yoast SEO plugin. -->","yoast_head_json":{"title":"Neuer Fraktionsvorstand der Rathausfraktion gew\u00e4hlt - B\u00dcNDNIS 90\/DIE GR\u00dcNEN Wiesbaden","robots":{"index":"index","follow":"follow","max-snippet":"max-snippet:-1","max-image-preview":"max-image-preview:large","max-video-preview":"max-video-preview:-1"},"canonical":"https:\/\/gruene-wiesbaden.de\/cs\/neuerfraktionsvorstand2024\/","og_locale":"cs_CZ","og_type":"article","og_title":"Neuer Fraktionsvorstand der Rathausfraktion gew\u00e4hlt - B\u00dcNDNIS 90\/DIE GR\u00dcNEN Wiesbaden","og_url":"https:\/\/gruene-wiesbaden.de\/cs\/neuerfraktionsvorstand2024\/","og_site_name":"B\u00dcNDNIS 90\/DIE GR\u00dcNEN Wiesbaden","article_publisher":"https:\/\/www.facebook.com\/gruene.wi","article_published_time":"2024-11-22T12:00:22+00:00","article_modified_time":"2025-06-16T21:02:09+00:00","og_image":[{"width":560,"height":600,"url":"https:\/\/gruene-wiesbaden.de\/wp-content\/uploads\/2025\/03\/Bildschirmfoto-2025-06-16-um-22.59.36-560x600.png","type":"image\/png"}],"author":"admin","twitter_card":"summary_large_image","twitter_misc":{"Napsal(a)":"admin","Odhadovan\u00e1 doba \u010dten\u00ed":"2 minutes"},"schema":{"@context":"https:\/\/schema.org","@graph":[{"@type":"Article","@id":"https:\/\/gruene-wiesbaden.de\/neuerfraktionsvorstand2024\/#article","isPartOf":{"@id":"https:\/\/gruene-wiesbaden.de\/neuerfraktionsvorstand2024\/"},"author":{"name":"admin","@id":"https:\/\/gruene-wiesbaden.de\/#\/schema\/person\/6785c34779159cd4fd86886bb097afe9"},"headline":"Neuer Fraktionsvorstand der Rathausfraktion gew\u00e4hlt","datePublished":"2024-11-22T12:00:22+00:00","dateModified":"2025-06-16T21:02:09+00:00","mainEntityOfPage":{"@id":"https:\/\/gruene-wiesbaden.de\/neuerfraktionsvorstand2024\/"},"wordCount":263,"publisher":{"@id":"https:\/\/gruene-wiesbaden.de\/#organization"},"image":{"@id":"https:\/\/gruene-wiesbaden.de\/neuerfraktionsvorstand2024\/#primaryimage"},"thumbnailUrl":"https:\/\/gruene-wiesbaden.de\/wp-content\/uploads\/2025\/03\/Bildschirmfoto-2025-06-16-um-22.59.36.png","articleSection":["Wahlen"],"inLanguage":"cs-CZ"},{"@type":"WebPage","@id":"https:\/\/gruene-wiesbaden.de\/neuerfraktionsvorstand2024\/","url":"https:\/\/gruene-wiesbaden.de\/neuerfraktionsvorstand2024\/","name":"Neuer Fraktionsvorstand der Rathausfraktion gew\u00e4hlt - B\u00dcNDNIS 90\/DIE GR\u00dcNEN Wiesbaden","isPartOf":{"@id":"https:\/\/gruene-wiesbaden.de\/#website"},"primaryImageOfPage":{"@id":"https:\/\/gruene-wiesbaden.de\/neuerfraktionsvorstand2024\/#primaryimage"},"image":{"@id":"https:\/\/gruene-wiesbaden.de\/neuerfraktionsvorstand2024\/#primaryimage"},"thumbnailUrl":"https:\/\/gruene-wiesbaden.de\/wp-content\/uploads\/2025\/03\/Bildschirmfoto-2025-06-16-um-22.59.36.png","datePublished":"2024-11-22T12:00:22+00:00","dateModified":"2025-06-16T21:02:09+00:00","breadcrumb":{"@id":"https:\/\/gruene-wiesbaden.de\/neuerfraktionsvorstand2024\/#breadcrumb"},"inLanguage":"cs-CZ","potentialAction":[{"@type":"ReadAction","target":["https:\/\/gruene-wiesbaden.de\/neuerfraktionsvorstand2024\/"]}]},{"@type":"ImageObject","inLanguage":"cs-CZ","@id":"https:\/\/gruene-wiesbaden.de\/neuerfraktionsvorstand2024\/#primaryimage","url":"https:\/\/gruene-wiesbaden.de\/wp-content\/uploads\/2025\/03\/Bildschirmfoto-2025-06-16-um-22.59.36.png","contentUrl":"https:\/\/gruene-wiesbaden.de\/wp-content\/uploads\/2025\/03\/Bildschirmfoto-2025-06-16-um-22.59.36.png","width":1756,"height":1880},{"@type":"BreadcrumbList","@id":"https:\/\/gruene-wiesbaden.de\/neuerfraktionsvorstand2024\/#breadcrumb","itemListElement":[{"@type":"ListItem","position":1,"name":"Startseite","item":"https:\/\/gruene-wiesbaden.de\/"},{"@type":"ListItem","position":2,"name":"Neuer Fraktionsvorstand der Rathausfraktion gew\u00e4hlt"}]},{"@type":"WebSite","@id":"https:\/\/gruene-wiesbaden.de\/#website","url":"https:\/\/gruene-wiesbaden.de\/","name":"DIE GR\u00dcNEN Wiesbaden","description":"","publisher":{"@id":"https:\/\/gruene-wiesbaden.de\/#organization"},"potentialAction":[{"@type":"SearchAction","target":{"@type":"EntryPoint","urlTemplate":"https:\/\/gruene-wiesbaden.de\/?s={search_term_string}"},"query-input":{"@type":"PropertyValueSpecification","valueRequired":true,"valueName":"search_term_string"}}],"inLanguage":"cs-CZ"},{"@type":"Organization","@id":"https:\/\/gruene-wiesbaden.de\/#organization","name":"DIE GR\u00dcNEN Wiesbaden","url":"https:\/\/gruene-wiesbaden.de\/","logo":{"@type":"ImageObject","inLanguage":"cs-CZ","@id":"https:\/\/gruene-wiesbaden.de\/#\/schema\/logo\/image\/","url":"https:\/\/gruene-wiesbaden-fuer-europa.de\/wp-content\/uploads\/2024\/04\/Machen-was-zaehlt-5.png","contentUrl":"https:\/\/gruene-wiesbaden-fuer-europa.de\/wp-content\/uploads\/2024\/04\/Machen-was-zaehlt-5.png","width":1772,"height":1772,"caption":"DIE GR\u00dcNEN Wiesbaden"},"image":{"@id":"https:\/\/gruene-wiesbaden.de\/#\/schema\/logo\/image\/"},"sameAs":["https:\/\/www.facebook.com\/gruene.wi","https:\/\/instagram.com\/gruene_wi"]},{"@type":"Person","@id":"https:\/\/gruene-wiesbaden.de\/#\/schema\/person\/6785c34779159cd4fd86886bb097afe9","name":"admin","sameAs":["http:\/\/gruene-wiesbaden-fuer-europa.de"],"url":"https:\/\/gruene-wiesbaden.de\/cs\/author\/admin\/"}]}},"_links":{"self":[{"href":"https:\/\/gruene-wiesbaden.de\/cs\/wp-json\/wp\/v2\/posts\/872","targetHints":{"allow":["GET"]}}],"collection":[{"href":"https:\/\/gruene-wiesbaden.de\/cs\/wp-json\/wp\/v2\/posts"}],"about":[{"href":"https:\/\/gruene-wiesbaden.de\/cs\/wp-json\/wp\/v2\/types\/post"}],"author":[{"embeddable":true,"href":"https:\/\/gruene-wiesbaden.de\/cs\/wp-json\/wp\/v2\/users\/1"}],"replies":[{"embeddable":true,"href":"https:\/\/gruene-wiesbaden.de\/cs\/wp-json\/wp\/v2\/comments?post=872"}],"version-history":[{"count":3,"href":"https:\/\/gruene-wiesbaden.de\/cs\/wp-json\/wp\/v2\/posts\/872\/revisions"}],"predecessor-version":[{"id":930,"href":"https:\/\/gruene-wiesbaden.de\/cs\/wp-json\/wp\/v2\/posts\/872\/revisions\/930"}],"wp:featuredmedia":[{"embeddable":true,"href":"https:\/\/gruene-wiesbaden.de\/cs\/wp-json\/wp\/v2\/media\/929"}],"wp:attachment":[{"href":"https:\/\/gruene-wiesbaden.de\/cs\/wp-json\/wp\/v2\/media?parent=872"}],"wp:term":[{"taxonomy":"category","embeddable":true,"href":"https:\/\/gruene-wiesbaden.de\/cs\/wp-json\/wp\/v2\/categories?post=872"},{"taxonomy":"post_tag","embeddable":true,"href":"https:\/\/gruene-wiesbaden.de\/cs\/wp-json\/wp\/v2\/tags?post=872"}],"curies":[{"name":"wp","href":"https:\/\/api.w.org\/{rel}","templated":true}]}}