{"id":726,"date":"2024-06-26T12:00:16","date_gmt":"2024-06-26T12:00:16","guid":{"rendered":"http:\/\/gruene-wiesbaden.de.w0207e8f.kasserver.com\/?p=726"},"modified":"2025-06-16T21:08:28","modified_gmt":"2025-06-16T21:08:28","slug":"gesinebonnet_obkandidatin","status":"publish","type":"post","link":"https:\/\/gruene-wiesbaden.de\/cs\/gesinebonnet_obkandidatin\/","title":{"rendered":"Zelen\u00ed zvolili Gesine Bonnetovou kandid\u00e1tkou na starostu"},"content":{"rendered":"<section class=\"l-section wpb_row height_medium\"><div class=\"l-section-h i-cf\"><div class=\"g-cols vc_row via_grid cols_1 laptops-cols_inherit tablets-cols_inherit mobiles-cols_1 valign_top type_default stacking_default\"><div class=\"wpb_column vc_column_container\"><div class=\"vc_column-inner\"><h2 class=\"w-post-elm post_title entry-title color_link_inherit\">Zelen\u00ed zvolili Gesine Bonnetovou kandid\u00e1tkou na starostu<\/h2><div class=\"w-post-elm post_image\"><img loading=\"lazy\" decoding=\"async\" width=\"400\" height=\"265\" src=\"https:\/\/gruene-wiesbaden.de\/wp-content\/uploads\/2025\/03\/Bildschirmfoto-2025-06-16-um-23.06.31-400x265.png\" class=\"attachment-medium size-medium wp-post-image\" alt=\"\" srcset=\"https:\/\/gruene-wiesbaden.de\/wp-content\/uploads\/2025\/03\/Bildschirmfoto-2025-06-16-um-23.06.31-400x265.png 400w, https:\/\/gruene-wiesbaden.de\/wp-content\/uploads\/2025\/03\/Bildschirmfoto-2025-06-16-um-23.06.31-600x398.png 600w, https:\/\/gruene-wiesbaden.de\/wp-content\/uploads\/2025\/03\/Bildschirmfoto-2025-06-16-um-23.06.31.png 1760w\" sizes=\"auto, (max-width: 400px) 100vw, 400px\" \/><\/div><div class=\"wpb_text_column\"><div class=\"wpb_wrapper\"><p><span>Aliance 90\/Zelen\u00ed se se\u0161li na sv\u00e9m valn\u00e9m shrom\u00e1\u017ed\u011bn\u00ed 26. \u010dervna ve\u010der. Gesine Bonnetov\u00e1 byla nominov\u00e1na na kandid\u00e1tku na prim\u00e1torku v roce 2025. Z\u00edskala 93,0% Ty hlasy. \u201eJsme pot\u011b\u0161eni, \u017ee m\u00e1me Gesine Bonnetovou, kandid\u00e1tku na starostu, kter\u00e1 zt\u011bles\u0148uje zku\u0161enosti i \u010derstv\u00fd vzduch. P\u0159edstavuje energii a inovativn\u00ed pohled na v\u00fdzvy na\u0161eho m\u011bsta. Jako \u017e\u00e1dn\u00fd jin\u00fd, Gesine Bonnet m\u016f\u017ee spojit lidi a vytvo\u0159it novou alianci mezi mnoha anga\u017eovan\u00fdmi lidmi ve Wiesbadenu, jeho spole\u010dnostmi a m\u011bstskou politikou. Jsme si jisti: P\u0159esv\u011bd\u010d\u00ed ob\u010dany svou v\u00edt\u011bznou povahou,\" uvedli Uta Brehm a Mathias Wagner, p\u0159edsedov\u00e9 okresn\u00edho sdru\u017een\u00ed. <\/span><\/p>\n<p><span>Gesine Bonnetov\u00e1: \u201eJe p\u0159ed n\u00e1mi mnoho \u00fakol\u016f, kter\u00e9 je t\u0159eba \u0159e\u0161it: Energetick\u00e1 transformace, struktur\u00e1ln\u00ed zm\u011bna centra m\u011bsta a digitalizace, abychom jmenovali jen n\u011bkolik. R\u00e1da bych vyu\u017eila p\u0159\u00edle\u017eitost\u00ed, kter\u00e9 v n\u011bm le\u017e\u00ed, a je\u0161t\u011b v\u00edce v tomto m\u011bst\u011b probudila odvahu a touhu zkou\u0161et nov\u00e9 v\u011bci,\" vysv\u011btluje Bonnetov\u00e1, jej\u00ed kandidatura. \"Za\u017e\u00edv\u00e1m ochotu p\u0159em\u00fd\u0161let a \u00fa\u010dastnit se t\u00e9m\u011b\u0159 ka\u017ed\u00fd den na mnoha m\u00edstech tohoto m\u011bsta. \"M\u00fdm tvrzen\u00edm jako prim\u00e1tora by bylo d\u00e1t tomuto odchodu siln\u00fd hlas, postavit se za n\u011bj, vytvo\u0159it nov\u00e1 spojenectv\u00ed a otev\u0159\u00edt dve\u0159e lidem, kte\u0159\u00ed se cht\u011bj\u00ed pod\u00edlet na zm\u011bn\u011b,\" pokra\u010doval Bonnet. \u201eSpole\u010dn\u011b utv\u00e1\u0159\u00edme budoucnost na\u0161eho m\u011bsta!\u201c<\/span><\/p>\n<p><span>Bonnet se narodil v Kasselu v roce 1970 a pracuje jako editor na voln\u00e9 noze, autor a moder\u00e1tor. Od roku 2021 je \u010dlenkou m\u011bstsk\u00e9 rady a od roku 2022 p\u0159edsed\u00e1 politick\u00e9 skupin\u011b Zelen\u00ed. D\u0159\u00edve byla \u010dlenkou m\u00edstn\u00ed rady Mitte.<\/span><\/p>\n<\/div><\/div><\/div><\/div><\/div><\/div><\/section>","protected":false},"excerpt":{"rendered":"Zelen\u00ed zvolili Gesine Bonnetovou kandid\u00e1tkou na starostuAliance 90\/Zelen\u00ed se z\u00fa\u010dastnili valn\u00e9 hromady 26. \u010dervna ve\u010der. Gesine Bonnetov\u00e1 byla nominov\u00e1na na kandid\u00e1tku na prim\u00e1torku v roce 2025. Z\u00edskala 93,0% Ty hlasy. \u201eJsme pot\u011b\u0161eni, \u017ee m\u00e1me Gesine Bonnetovou, kandid\u00e1tku na starostu, kter\u00e1 zt\u011bles\u0148uje zku\u0161enosti i \u010derstv\u00fd vzduch. P\u0159edstavuje energii a...","protected":false},"author":1,"featured_media":934,"comment_status":"closed","ping_status":"closed","sticky":false,"template":"","format":"standard","meta":{"footnotes":""},"categories":[5],"tags":[],"class_list":["post-726","post","type-post","status-publish","format-standard","has-post-thumbnail","hentry","category-wahlen"],"yoast_head":"<!-- This site is optimized with the Yoast SEO plugin v27.5 - https:\/\/yoast.com\/product\/yoast-seo-wordpress\/ -->\n<title>GR\u00dcNE w\u00e4hlen Gesine Bonnet zur Oberb\u00fcrgermeisterkandidatin - B\u00dcNDNIS 90\/DIE GR\u00dcNEN Wiesbaden<\/title>\n<meta name=\"robots\" content=\"index, follow, max-snippet:-1, max-image-preview:large, max-video-preview:-1\" \/>\n<link rel=\"canonical\" href=\"https:\/\/gruene-wiesbaden.de\/cs\/gesinebonnet_obkandidatin\/\" \/>\n<meta property=\"og:locale\" content=\"cs_CZ\" \/>\n<meta property=\"og:type\" content=\"article\" \/>\n<meta property=\"og:title\" content=\"GR\u00dcNE w\u00e4hlen Gesine Bonnet zur Oberb\u00fcrgermeisterkandidatin - B\u00dcNDNIS 90\/DIE GR\u00dcNEN Wiesbaden\" \/>\n<meta property=\"og:url\" content=\"https:\/\/gruene-wiesbaden.de\/cs\/gesinebonnet_obkandidatin\/\" \/>\n<meta property=\"og:site_name\" content=\"B\u00dcNDNIS 90\/DIE GR\u00dcNEN Wiesbaden\" \/>\n<meta property=\"article:publisher\" content=\"https:\/\/www.facebook.com\/gruene.wi\" \/>\n<meta property=\"article:published_time\" content=\"2024-06-26T12:00:16+00:00\" \/>\n<meta property=\"article:modified_time\" content=\"2025-06-16T21:08:28+00:00\" \/>\n<meta property=\"og:image\" content=\"https:\/\/gruene-wiesbaden.de\/wp-content\/uploads\/2025\/03\/Bildschirmfoto-2025-06-16-um-23.06.31-600x398.png\" \/>\n\t<meta property=\"og:image:width\" content=\"600\" \/>\n\t<meta property=\"og:image:height\" content=\"398\" \/>\n\t<meta property=\"og:image:type\" content=\"image\/png\" \/>\n<meta name=\"author\" content=\"admin\" \/>\n<meta name=\"twitter:card\" content=\"summary_large_image\" \/>\n<meta name=\"twitter:label1\" content=\"Napsal(a)\" \/>\n\t<meta name=\"twitter:data1\" content=\"admin\" \/>\n\t<meta name=\"twitter:label2\" content=\"Odhadovan\u00e1 doba \u010dten\u00ed\" \/>\n\t<meta name=\"twitter:data2\" content=\"2 minutes\" \/>\n<script type=\"application\/ld+json\" class=\"yoast-schema-graph\">{\"@context\":\"https:\\\/\\\/schema.org\",\"@graph\":[{\"@type\":\"Article\",\"@id\":\"https:\\\/\\\/gruene-wiesbaden.de\\\/gesinebonnet_obkandidatin\\\/#article\",\"isPartOf\":{\"@id\":\"https:\\\/\\\/gruene-wiesbaden.de\\\/gesinebonnet_obkandidatin\\\/\"},\"author\":{\"name\":\"admin\",\"@id\":\"https:\\\/\\\/gruene-wiesbaden.de\\\/#\\\/schema\\\/person\\\/6785c34779159cd4fd86886bb097afe9\"},\"headline\":\"GR\u00dcNE w\u00e4hlen Gesine Bonnet zur Oberb\u00fcrgermeisterkandidatin\",\"datePublished\":\"2024-06-26T12:00:16+00:00\",\"dateModified\":\"2025-06-16T21:08:28+00:00\",\"mainEntityOfPage\":{\"@id\":\"https:\\\/\\\/gruene-wiesbaden.de\\\/gesinebonnet_obkandidatin\\\/\"},\"wordCount\":297,\"publisher\":{\"@id\":\"https:\\\/\\\/gruene-wiesbaden.de\\\/#organization\"},\"image\":{\"@id\":\"https:\\\/\\\/gruene-wiesbaden.de\\\/gesinebonnet_obkandidatin\\\/#primaryimage\"},\"thumbnailUrl\":\"https:\\\/\\\/gruene-wiesbaden.de\\\/wp-content\\\/uploads\\\/2025\\\/03\\\/Bildschirmfoto-2025-06-16-um-23.06.31.png\",\"articleSection\":[\"Wahlen\"],\"inLanguage\":\"cs-CZ\"},{\"@type\":\"WebPage\",\"@id\":\"https:\\\/\\\/gruene-wiesbaden.de\\\/gesinebonnet_obkandidatin\\\/\",\"url\":\"https:\\\/\\\/gruene-wiesbaden.de\\\/gesinebonnet_obkandidatin\\\/\",\"name\":\"GR\u00dcNE w\u00e4hlen Gesine Bonnet zur Oberb\u00fcrgermeisterkandidatin - B\u00dcNDNIS 90\\\/DIE GR\u00dcNEN Wiesbaden\",\"isPartOf\":{\"@id\":\"https:\\\/\\\/gruene-wiesbaden.de\\\/#website\"},\"primaryImageOfPage\":{\"@id\":\"https:\\\/\\\/gruene-wiesbaden.de\\\/gesinebonnet_obkandidatin\\\/#primaryimage\"},\"image\":{\"@id\":\"https:\\\/\\\/gruene-wiesbaden.de\\\/gesinebonnet_obkandidatin\\\/#primaryimage\"},\"thumbnailUrl\":\"https:\\\/\\\/gruene-wiesbaden.de\\\/wp-content\\\/uploads\\\/2025\\\/03\\\/Bildschirmfoto-2025-06-16-um-23.06.31.png\",\"datePublished\":\"2024-06-26T12:00:16+00:00\",\"dateModified\":\"2025-06-16T21:08:28+00:00\",\"breadcrumb\":{\"@id\":\"https:\\\/\\\/gruene-wiesbaden.de\\\/gesinebonnet_obkandidatin\\\/#breadcrumb\"},\"inLanguage\":\"cs-CZ\",\"potentialAction\":[{\"@type\":\"ReadAction\",\"target\":[\"https:\\\/\\\/gruene-wiesbaden.de\\\/gesinebonnet_obkandidatin\\\/\"]}]},{\"@type\":\"ImageObject\",\"inLanguage\":\"cs-CZ\",\"@id\":\"https:\\\/\\\/gruene-wiesbaden.de\\\/gesinebonnet_obkandidatin\\\/#primaryimage\",\"url\":\"https:\\\/\\\/gruene-wiesbaden.de\\\/wp-content\\\/uploads\\\/2025\\\/03\\\/Bildschirmfoto-2025-06-16-um-23.06.31.png\",\"contentUrl\":\"https:\\\/\\\/gruene-wiesbaden.de\\\/wp-content\\\/uploads\\\/2025\\\/03\\\/Bildschirmfoto-2025-06-16-um-23.06.31.png\",\"width\":1760,\"height\":1168},{\"@type\":\"BreadcrumbList\",\"@id\":\"https:\\\/\\\/gruene-wiesbaden.de\\\/gesinebonnet_obkandidatin\\\/#breadcrumb\",\"itemListElement\":[{\"@type\":\"ListItem\",\"position\":1,\"name\":\"Startseite\",\"item\":\"https:\\\/\\\/gruene-wiesbaden.de\\\/\"},{\"@type\":\"ListItem\",\"position\":2,\"name\":\"GR\u00dcNE w\u00e4hlen Gesine Bonnet zur Oberb\u00fcrgermeisterkandidatin\"}]},{\"@type\":\"WebSite\",\"@id\":\"https:\\\/\\\/gruene-wiesbaden.de\\\/#website\",\"url\":\"https:\\\/\\\/gruene-wiesbaden.de\\\/\",\"name\":\"DIE GR\u00dcNEN Wiesbaden\",\"description\":\"\",\"publisher\":{\"@id\":\"https:\\\/\\\/gruene-wiesbaden.de\\\/#organization\"},\"potentialAction\":[{\"@type\":\"SearchAction\",\"target\":{\"@type\":\"EntryPoint\",\"urlTemplate\":\"https:\\\/\\\/gruene-wiesbaden.de\\\/?s={search_term_string}\"},\"query-input\":{\"@type\":\"PropertyValueSpecification\",\"valueRequired\":true,\"valueName\":\"search_term_string\"}}],\"inLanguage\":\"cs-CZ\"},{\"@type\":\"Organization\",\"@id\":\"https:\\\/\\\/gruene-wiesbaden.de\\\/#organization\",\"name\":\"DIE GR\u00dcNEN Wiesbaden\",\"url\":\"https:\\\/\\\/gruene-wiesbaden.de\\\/\",\"logo\":{\"@type\":\"ImageObject\",\"inLanguage\":\"cs-CZ\",\"@id\":\"https:\\\/\\\/gruene-wiesbaden.de\\\/#\\\/schema\\\/logo\\\/image\\\/\",\"url\":\"https:\\\/\\\/gruene-wiesbaden-fuer-europa.de\\\/wp-content\\\/uploads\\\/2024\\\/04\\\/Machen-was-zaehlt-5.png\",\"contentUrl\":\"https:\\\/\\\/gruene-wiesbaden-fuer-europa.de\\\/wp-content\\\/uploads\\\/2024\\\/04\\\/Machen-was-zaehlt-5.png\",\"width\":1772,\"height\":1772,\"caption\":\"DIE GR\u00dcNEN Wiesbaden\"},\"image\":{\"@id\":\"https:\\\/\\\/gruene-wiesbaden.de\\\/#\\\/schema\\\/logo\\\/image\\\/\"},\"sameAs\":[\"https:\\\/\\\/www.facebook.com\\\/gruene.wi\",\"https:\\\/\\\/instagram.com\\\/gruene_wi\"]},{\"@type\":\"Person\",\"@id\":\"https:\\\/\\\/gruene-wiesbaden.de\\\/#\\\/schema\\\/person\\\/6785c34779159cd4fd86886bb097afe9\",\"name\":\"admin\",\"sameAs\":[\"http:\\\/\\\/gruene-wiesbaden-fuer-europa.de\"],\"url\":\"https:\\\/\\\/gruene-wiesbaden.de\\\/cs\\\/author\\\/admin\\\/\"}]}<\/script>\n<!-- \/ Yoast SEO plugin. -->","yoast_head_json":{"title":"GR\u00dcNE w\u00e4hlen Gesine Bonnet zur Oberb\u00fcrgermeisterkandidatin - B\u00dcNDNIS 90\/DIE GR\u00dcNEN Wiesbaden","robots":{"index":"index","follow":"follow","max-snippet":"max-snippet:-1","max-image-preview":"max-image-preview:large","max-video-preview":"max-video-preview:-1"},"canonical":"https:\/\/gruene-wiesbaden.de\/cs\/gesinebonnet_obkandidatin\/","og_locale":"cs_CZ","og_type":"article","og_title":"GR\u00dcNE w\u00e4hlen Gesine Bonnet zur Oberb\u00fcrgermeisterkandidatin - B\u00dcNDNIS 90\/DIE GR\u00dcNEN Wiesbaden","og_url":"https:\/\/gruene-wiesbaden.de\/cs\/gesinebonnet_obkandidatin\/","og_site_name":"B\u00dcNDNIS 90\/DIE GR\u00dcNEN Wiesbaden","article_publisher":"https:\/\/www.facebook.com\/gruene.wi","article_published_time":"2024-06-26T12:00:16+00:00","article_modified_time":"2025-06-16T21:08:28+00:00","og_image":[{"width":600,"height":398,"url":"https:\/\/gruene-wiesbaden.de\/wp-content\/uploads\/2025\/03\/Bildschirmfoto-2025-06-16-um-23.06.31-600x398.png","type":"image\/png"}],"author":"admin","twitter_card":"summary_large_image","twitter_misc":{"Napsal(a)":"admin","Odhadovan\u00e1 doba \u010dten\u00ed":"2 minutes"},"schema":{"@context":"https:\/\/schema.org","@graph":[{"@type":"Article","@id":"https:\/\/gruene-wiesbaden.de\/gesinebonnet_obkandidatin\/#article","isPartOf":{"@id":"https:\/\/gruene-wiesbaden.de\/gesinebonnet_obkandidatin\/"},"author":{"name":"admin","@id":"https:\/\/gruene-wiesbaden.de\/#\/schema\/person\/6785c34779159cd4fd86886bb097afe9"},"headline":"GR\u00dcNE w\u00e4hlen Gesine Bonnet zur Oberb\u00fcrgermeisterkandidatin","datePublished":"2024-06-26T12:00:16+00:00","dateModified":"2025-06-16T21:08:28+00:00","mainEntityOfPage":{"@id":"https:\/\/gruene-wiesbaden.de\/gesinebonnet_obkandidatin\/"},"wordCount":297,"publisher":{"@id":"https:\/\/gruene-wiesbaden.de\/#organization"},"image":{"@id":"https:\/\/gruene-wiesbaden.de\/gesinebonnet_obkandidatin\/#primaryimage"},"thumbnailUrl":"https:\/\/gruene-wiesbaden.de\/wp-content\/uploads\/2025\/03\/Bildschirmfoto-2025-06-16-um-23.06.31.png","articleSection":["Wahlen"],"inLanguage":"cs-CZ"},{"@type":"WebPage","@id":"https:\/\/gruene-wiesbaden.de\/gesinebonnet_obkandidatin\/","url":"https:\/\/gruene-wiesbaden.de\/gesinebonnet_obkandidatin\/","name":"GR\u00dcNE w\u00e4hlen Gesine Bonnet zur Oberb\u00fcrgermeisterkandidatin - B\u00dcNDNIS 90\/DIE GR\u00dcNEN Wiesbaden","isPartOf":{"@id":"https:\/\/gruene-wiesbaden.de\/#website"},"primaryImageOfPage":{"@id":"https:\/\/gruene-wiesbaden.de\/gesinebonnet_obkandidatin\/#primaryimage"},"image":{"@id":"https:\/\/gruene-wiesbaden.de\/gesinebonnet_obkandidatin\/#primaryimage"},"thumbnailUrl":"https:\/\/gruene-wiesbaden.de\/wp-content\/uploads\/2025\/03\/Bildschirmfoto-2025-06-16-um-23.06.31.png","datePublished":"2024-06-26T12:00:16+00:00","dateModified":"2025-06-16T21:08:28+00:00","breadcrumb":{"@id":"https:\/\/gruene-wiesbaden.de\/gesinebonnet_obkandidatin\/#breadcrumb"},"inLanguage":"cs-CZ","potentialAction":[{"@type":"ReadAction","target":["https:\/\/gruene-wiesbaden.de\/gesinebonnet_obkandidatin\/"]}]},{"@type":"ImageObject","inLanguage":"cs-CZ","@id":"https:\/\/gruene-wiesbaden.de\/gesinebonnet_obkandidatin\/#primaryimage","url":"https:\/\/gruene-wiesbaden.de\/wp-content\/uploads\/2025\/03\/Bildschirmfoto-2025-06-16-um-23.06.31.png","contentUrl":"https:\/\/gruene-wiesbaden.de\/wp-content\/uploads\/2025\/03\/Bildschirmfoto-2025-06-16-um-23.06.31.png","width":1760,"height":1168},{"@type":"BreadcrumbList","@id":"https:\/\/gruene-wiesbaden.de\/gesinebonnet_obkandidatin\/#breadcrumb","itemListElement":[{"@type":"ListItem","position":1,"name":"Startseite","item":"https:\/\/gruene-wiesbaden.de\/"},{"@type":"ListItem","position":2,"name":"GR\u00dcNE w\u00e4hlen Gesine Bonnet zur Oberb\u00fcrgermeisterkandidatin"}]},{"@type":"WebSite","@id":"https:\/\/gruene-wiesbaden.de\/#website","url":"https:\/\/gruene-wiesbaden.de\/","name":"DIE GR\u00dcNEN Wiesbaden","description":"","publisher":{"@id":"https:\/\/gruene-wiesbaden.de\/#organization"},"potentialAction":[{"@type":"SearchAction","target":{"@type":"EntryPoint","urlTemplate":"https:\/\/gruene-wiesbaden.de\/?s={search_term_string}"},"query-input":{"@type":"PropertyValueSpecification","valueRequired":true,"valueName":"search_term_string"}}],"inLanguage":"cs-CZ"},{"@type":"Organization","@id":"https:\/\/gruene-wiesbaden.de\/#organization","name":"DIE GR\u00dcNEN Wiesbaden","url":"https:\/\/gruene-wiesbaden.de\/","logo":{"@type":"ImageObject","inLanguage":"cs-CZ","@id":"https:\/\/gruene-wiesbaden.de\/#\/schema\/logo\/image\/","url":"https:\/\/gruene-wiesbaden-fuer-europa.de\/wp-content\/uploads\/2024\/04\/Machen-was-zaehlt-5.png","contentUrl":"https:\/\/gruene-wiesbaden-fuer-europa.de\/wp-content\/uploads\/2024\/04\/Machen-was-zaehlt-5.png","width":1772,"height":1772,"caption":"DIE GR\u00dcNEN Wiesbaden"},"image":{"@id":"https:\/\/gruene-wiesbaden.de\/#\/schema\/logo\/image\/"},"sameAs":["https:\/\/www.facebook.com\/gruene.wi","https:\/\/instagram.com\/gruene_wi"]},{"@type":"Person","@id":"https:\/\/gruene-wiesbaden.de\/#\/schema\/person\/6785c34779159cd4fd86886bb097afe9","name":"admin","sameAs":["http:\/\/gruene-wiesbaden-fuer-europa.de"],"url":"https:\/\/gruene-wiesbaden.de\/cs\/author\/admin\/"}]}},"_links":{"self":[{"href":"https:\/\/gruene-wiesbaden.de\/cs\/wp-json\/wp\/v2\/posts\/726","targetHints":{"allow":["GET"]}}],"collection":[{"href":"https:\/\/gruene-wiesbaden.de\/cs\/wp-json\/wp\/v2\/posts"}],"about":[{"href":"https:\/\/gruene-wiesbaden.de\/cs\/wp-json\/wp\/v2\/types\/post"}],"author":[{"embeddable":true,"href":"https:\/\/gruene-wiesbaden.de\/cs\/wp-json\/wp\/v2\/users\/1"}],"replies":[{"embeddable":true,"href":"https:\/\/gruene-wiesbaden.de\/cs\/wp-json\/wp\/v2\/comments?post=726"}],"version-history":[{"count":7,"href":"https:\/\/gruene-wiesbaden.de\/cs\/wp-json\/wp\/v2\/posts\/726\/revisions"}],"predecessor-version":[{"id":935,"href":"https:\/\/gruene-wiesbaden.de\/cs\/wp-json\/wp\/v2\/posts\/726\/revisions\/935"}],"wp:featuredmedia":[{"embeddable":true,"href":"https:\/\/gruene-wiesbaden.de\/cs\/wp-json\/wp\/v2\/media\/934"}],"wp:attachment":[{"href":"https:\/\/gruene-wiesbaden.de\/cs\/wp-json\/wp\/v2\/media?parent=726"}],"wp:term":[{"taxonomy":"category","embeddable":true,"href":"https:\/\/gruene-wiesbaden.de\/cs\/wp-json\/wp\/v2\/categories?post=726"},{"taxonomy":"post_tag","embeddable":true,"href":"https:\/\/gruene-wiesbaden.de\/cs\/wp-json\/wp\/v2\/tags?post=726"}],"curies":[{"name":"wp","href":"https:\/\/api.w.org\/{rel}","templated":true}]}}