{"id":702,"date":"2024-11-21T12:00:26","date_gmt":"2024-11-21T12:00:26","guid":{"rendered":"http:\/\/gruene-wiesbaden.de.w0207e8f.kasserver.com\/?p=702"},"modified":"2025-06-16T21:04:30","modified_gmt":"2025-06-16T21:04:30","slug":"katerinagarcia_neuervorstand","status":"publish","type":"post","link":"https:\/\/gruene-wiesbaden.de\/cs\/katerinagarcia_neuervorstand\/","title":{"rendered":"Zelen\u00ed zvolili Katerinu Garciovou p\u0159\u00edmou kandid\u00e1tkou pro volby do Spolkov\u00e9ho sn\u011bmu a novou spr\u00e1vn\u00ed radou"},"content":{"rendered":"<section class=\"l-section wpb_row height_medium\"><div class=\"l-section-h i-cf\"><div class=\"g-cols vc_row via_grid cols_1 laptops-cols_inherit tablets-cols_inherit mobiles-cols_1 valign_top type_default stacking_default\"><div class=\"wpb_column vc_column_container\"><div class=\"vc_column-inner\"><h2 class=\"w-post-elm post_title entry-title color_link_inherit\">Zelen\u00ed zvolili Katerinu Garciovou p\u0159\u00edmou kandid\u00e1tkou pro volby do Spolkov\u00e9ho sn\u011bmu a novou spr\u00e1vn\u00ed radou<\/h2><div class=\"w-post-elm post_image\"><img loading=\"lazy\" decoding=\"async\" width=\"1762\" height=\"1174\" src=\"https:\/\/gruene-wiesbaden.de\/wp-content\/uploads\/2025\/03\/Bildschirmfoto-2025-06-16-um-23.03.22.png\" class=\"attachment-full size-full wp-post-image\" alt=\"\" srcset=\"https:\/\/gruene-wiesbaden.de\/wp-content\/uploads\/2025\/03\/Bildschirmfoto-2025-06-16-um-23.03.22.png 1762w, https:\/\/gruene-wiesbaden.de\/wp-content\/uploads\/2025\/03\/Bildschirmfoto-2025-06-16-um-23.03.22-400x267.png 400w, https:\/\/gruene-wiesbaden.de\/wp-content\/uploads\/2025\/03\/Bildschirmfoto-2025-06-16-um-23.03.22-600x400.png 600w\" sizes=\"auto, (max-width: 1762px) 100vw, 1762px\" \/><\/div><div class=\"w-separator size_medium\"><\/div><div class=\"wpb_text_column\"><div class=\"wpb_wrapper\"><p>B\u00dcNDNIS 90\/DIE GR\u00dcNEN zvolili na sv\u00e9m valn\u00e9m shrom\u00e1\u017ed\u011bn\u00ed ve\u010der 20. listopadu 2024 sv\u00e9ho p\u0159\u00edm\u00e9ho kandid\u00e1ta do p\u0159ed\u010dasn\u00fdch feder\u00e1ln\u00edch voleb v \u00fanoru, jako\u017e i novou okresn\u00ed radu.<\/p>\n<p><strong>Katerina Garcia kandiduje na p\u0159\u00edm\u00fd mand\u00e1t ve Wiesbadenu<\/strong><\/p>\n<p>Katerina Garcia byla zvolena p\u0159\u00edmou kandid\u00e1tkou do feder\u00e1ln\u00edch voleb. V prvn\u00edm kole zv\u00edt\u011bzila proti sv\u00e9mu konkurentovi Dileku \u00d6zkanovi. \u201eChci zastupovat Wiesbaden v n\u011bmeck\u00e9m Spolkov\u00e9m sn\u011bmu s \u010derstvou energi\u00ed a jasn\u00fdmi c\u00edli a u\u010dinit z N\u011bmecka op\u011bt zemi, kter\u00e1 prosazuje inovativn\u00ed, udr\u017eitelnou a spravedlivou politiku. Pr\u00e1v\u011b te\u010f, kdy\u017e se populist\u00e9 sna\u017e\u00ed z\u00edskat s\u00edlu n\u00e1zoru, mus\u00edme spolupracovat na vybudov\u00e1n\u00ed spole\u010dnosti, kde mohou v\u0161ichni prosperovat a kde soci\u00e1ln\u00ed spravedlnost, hospod\u00e1\u0159sk\u00fd \u00fasp\u011bch a ochrana \u017eivotn\u00edho prost\u0159ed\u00ed jdou ruku v ruce. Kate\u0159in\u011b Garciov\u00e9 je 43 let, vystudovala pr\u00e1vo a ekonomii a v sou\u010dasn\u00e9 dob\u011b pracuje jako vedouc\u00ed ekonomiky a digit\u00e1ln\u00edch z\u00e1le\u017eitost\u00ed v kancel\u00e1\u0159i starostky Christiane Hinningerov\u00e9 ve m\u011bst\u011b Wiesbaden.<\/p>\n<p><strong>Rebecca Thomasov\u00e1 a Daniel Schmitt se ujmou veden\u00ed nov\u00e9 spr\u00e1vn\u00ed rady<\/strong><\/p>\n<p>Krom\u011b p\u0159\u00edm\u00e9 kandidatury byla zvolena nov\u00e1 okresn\u00ed rada. Nov\u00fdm p\u0159edsedou byla Rebecca Thomasov\u00e1 z 90.2% Daniel Schmitt ze dne 94,9% P\u0159\u00edtomn\u00ed \u010dlenov\u00e9 byli zvoleni. Oba byli ji\u017e \u010dleny p\u0159edchoz\u00ed rady jako spole\u010dn\u00edci. \u201eJako spolup\u0159edsedkyn\u011b na\u0161eho okresn\u00edho sdru\u017een\u00ed bych r\u00e1da p\u0159isp\u011bla k vytvo\u0159en\u00ed podm\u00ednek pro \u017eiv\u00e9 okresn\u00ed sdru\u017een\u00ed, v n\u011bm\u017e jsou oce\u0148ov\u00e1ny diskuse o t\u00e9to v\u011bci, kte\u0159\u00ed \u010dlenov\u00e9 jsou aktivn\u00ed, proto\u017ee se mohou zapojit, proto\u017ee maj\u00ed pocit, \u017ee jsou sou\u010d\u00e1st\u00ed komunity, proto\u017ee maj\u00ed p\u0159\u00edle\u017eitost zapojit se do sv\u00fdch kompetenc\u00ed a objevovat nov\u00e9 talenty,\u201c uvedla nov\u00e1 p\u0159edsedkyn\u011b Rebecca Thomasov\u00e1. \u201eV souvislosti s p\u0159ed\u010dasn\u00fdmi feder\u00e1ln\u00edmi volbami, volbami starost\u016f a nadch\u00e1zej\u00edc\u00edmi m\u00edstn\u00edmi volbami v roce 2026 \u010del\u00edme velk\u00fdm v\u00fdzv\u00e1m. R\u00e1d bych ka\u017ed\u00e9mu \u010dlenovi poskytl pokyny ohledn\u011b toho, \u010deho chceme dos\u00e1hnout a jak mohou na\u0161i \u010dlenov\u00e9 individu\u00e1ln\u011b p\u0159isp\u011bt. Na\u0161e okresn\u00ed sdru\u017een\u00ed vn\u00edm\u00e1m jako s\u00ed\u0165, kter\u00e1 \u017eije na\u0161imi hodnotami a st\u00e1le m\u016f\u017ee z\u00edskat hodn\u011b s\u00edly,\" dod\u00e1v\u00e1 spolup\u0159edseda Daniel Schmitt.\u00a0 Dal\u0161\u00edmi \u010dleny byli Gerald Christoph Dorsch jako pokladn\u00edk a Marta Moneva, Larissa Reis a Oliver Raudies jako hodnotitel\u00e9.<\/p>\n<p><strong>B\u00fdval\u00ed prezidenti se lou\u010d\u00ed<\/strong><\/p>\n<p>P\u0159edchoz\u00ed prezidenti Uta Brehm a Mathias Wagner nekandidovali. \u201ePosledn\u00ed \u010dty\u0159i roky ve funkci okresn\u00edho prezidenta byly dobr\u00fdm a \u00fasp\u011b\u0161n\u00fdm obdob\u00edm. Po\u010det \u010dlen\u016f se zv\u00fd\u0161il. Zelen\u00ed jsou druhou nejsiln\u011bj\u0161\u00ed silou v m\u011bstsk\u00e9m parlamentu. Poprv\u00e9 jsme starostou a nad\u00e1le zastupujeme odbor stavebnictv\u00ed a dopravy. V hesensk\u00e9m zemsk\u00e9m sn\u011bmu je Wiesbaden zastoupen dv\u011bma zelen\u00fdmi poslanci, Larou Klaesovou a mnou. Posledn\u00ed st\u00e1tn\u00ed volby pro n\u00e1s znamenaly zm\u011bnu z vl\u00e1dy na opozici. To p\u0159in\u00e1\u0161\u00ed nov\u00e9 \u00fakoly a v\u00fdzvy pro zelen\u00e9 ve st\u00e1tn\u00edm parlamentu. Jako p\u0159edseda jejich skupiny bych se na to cht\u011bl v bl\u00edzk\u00e9 budoucnosti zam\u011b\u0159it, a proto jsem ji\u017e nebyl okresn\u00edm p\u0159edsedou,\" vysv\u011btluje Wagner sv\u00e9 rozhodnut\u00ed.<\/p>\n<p>\u201eB\u011bhem posledn\u00edch \u0161esti let ve funkci p\u0159edsedy okresu jsem v\u017edy usiloval o to, abych okresn\u00ed sdru\u017een\u00ed vedl intern\u011b i extern\u011b s politickou jasnost\u00ed a nevzru\u0161enost\u00ed, jako\u017e i s osobn\u00edm nasazen\u00edm a solidaritou. T\u011b\u0161\u00ed m\u011b, \u017ee se mi v posledn\u00edch letech poda\u0159ilo p\u0159isp\u011bt k \u00fasp\u011bch\u016fm na\u0161\u00ed strany a k na\u0161emu zakotven\u00ed v m\u011bstsk\u00e9 spole\u010dnosti. Nicm\u00e9n\u011b p\u0159edsednictv\u00ed strany, stejn\u011b jako t\u00e9m\u011b\u0159 v\u0161echny politick\u00e9 \u00fa\u0159ady a funkce na obecn\u00ed \u00farovni, je velmi \u010dasov\u011b n\u00e1ro\u010dn\u00e1 \u010destn\u00e1 pozice. Moje dne\u0161n\u00ed profese vy\u017eaduje mnohem v\u011bt\u0161\u00ed \u010dasov\u00fd z\u00e1vazek ne\u017e v minulosti, kter\u00e9mu bych r\u00e1d v\u011bnoval v\u00edce \u010dasu. Stejn\u011b jako Mathias Wagner se velmi vd\u011b\u010dn\u011b ohl\u00ed\u017e\u00edm za kontakty a zku\u0161enostmi z minul\u00fdch let a p\u0159ejeme nov\u00fdm okresn\u00edm prezident\u016fm mnoho \u00fasp\u011bch\u016f,\" dod\u00e1v\u00e1 Uta Brehm.<\/p>\n<\/div><\/div><\/div><\/div><\/div><\/div><\/section>","protected":false},"excerpt":{"rendered":"Zelen\u00ed zvolili Katerinu Garciovou p\u0159\u00edmou kandid\u00e1tkou do feder\u00e1ln\u00edch voleb a novou spr\u00e1vn\u00ed radu Aliance 90\/Zelen\u00ed zvolili jej\u00ed p\u0159\u00edmou kandid\u00e1tku do p\u0159ed\u010dasn\u00fdch feder\u00e1ln\u00edch voleb v \u00fanoru, jako\u017e i novou okresn\u00ed radu na sv\u00e9m valn\u00e9m shrom\u00e1\u017ed\u011bn\u00ed ve\u010der 20.11.2024. Katerina Garcia kandiduje za Wiesbadner Direktmandat Katerina Garcia byl zvolen jako p\u0159\u00edm\u00fd kandid\u00e1t pro feder\u00e1ln\u00ed volby. Posadila se...","protected":false},"author":1,"featured_media":931,"comment_status":"closed","ping_status":"closed","sticky":false,"template":"","format":"standard","meta":{"footnotes":""},"categories":[5],"tags":[],"class_list":["post-702","post","type-post","status-publish","format-standard","has-post-thumbnail","hentry","category-wahlen"],"yoast_head":"<!-- This site is optimized with the Yoast SEO plugin v27.5 - https:\/\/yoast.com\/product\/yoast-seo-wordpress\/ -->\n<title>GR\u00dcNE w\u00e4hlen Katerina Garcia als Direktkandidatin zur Bundestagswahl und einen neuen Vorstand - B\u00dcNDNIS 90\/DIE GR\u00dcNEN Wiesbaden<\/title>\n<meta name=\"robots\" content=\"index, follow, max-snippet:-1, max-image-preview:large, max-video-preview:-1\" \/>\n<link rel=\"canonical\" href=\"https:\/\/gruene-wiesbaden.de\/cs\/katerinagarcia_neuervorstand\/\" \/>\n<meta property=\"og:locale\" content=\"cs_CZ\" \/>\n<meta property=\"og:type\" content=\"article\" \/>\n<meta property=\"og:title\" content=\"GR\u00dcNE w\u00e4hlen Katerina Garcia als Direktkandidatin zur Bundestagswahl und einen neuen Vorstand - B\u00dcNDNIS 90\/DIE GR\u00dcNEN Wiesbaden\" \/>\n<meta property=\"og:url\" content=\"https:\/\/gruene-wiesbaden.de\/cs\/katerinagarcia_neuervorstand\/\" \/>\n<meta property=\"og:site_name\" content=\"B\u00dcNDNIS 90\/DIE GR\u00dcNEN Wiesbaden\" \/>\n<meta property=\"article:publisher\" content=\"https:\/\/www.facebook.com\/gruene.wi\" \/>\n<meta property=\"article:published_time\" content=\"2024-11-21T12:00:26+00:00\" \/>\n<meta property=\"article:modified_time\" content=\"2025-06-16T21:04:30+00:00\" \/>\n<meta property=\"og:image\" content=\"https:\/\/gruene-wiesbaden.de\/wp-content\/uploads\/2025\/03\/Bildschirmfoto-2025-06-16-um-23.03.22-600x400.png\" \/>\n\t<meta property=\"og:image:width\" content=\"600\" \/>\n\t<meta property=\"og:image:height\" content=\"400\" \/>\n\t<meta property=\"og:image:type\" content=\"image\/png\" \/>\n<meta name=\"author\" content=\"admin\" \/>\n<meta name=\"twitter:card\" content=\"summary_large_image\" \/>\n<meta name=\"twitter:label1\" content=\"Napsal(a)\" \/>\n\t<meta name=\"twitter:data1\" content=\"admin\" \/>\n\t<meta name=\"twitter:label2\" content=\"Odhadovan\u00e1 doba \u010dten\u00ed\" \/>\n\t<meta name=\"twitter:data2\" content=\"4 minutes\" \/>\n<script type=\"application\/ld+json\" class=\"yoast-schema-graph\">{\"@context\":\"https:\\\/\\\/schema.org\",\"@graph\":[{\"@type\":\"Article\",\"@id\":\"https:\\\/\\\/gruene-wiesbaden.de\\\/katerinagarcia_neuervorstand\\\/#article\",\"isPartOf\":{\"@id\":\"https:\\\/\\\/gruene-wiesbaden.de\\\/katerinagarcia_neuervorstand\\\/\"},\"author\":{\"name\":\"admin\",\"@id\":\"https:\\\/\\\/gruene-wiesbaden.de\\\/#\\\/schema\\\/person\\\/6785c34779159cd4fd86886bb097afe9\"},\"headline\":\"GR\u00dcNE w\u00e4hlen Katerina Garcia als Direktkandidatin zur Bundestagswahl und einen neuen Vorstand\",\"datePublished\":\"2024-11-21T12:00:26+00:00\",\"dateModified\":\"2025-06-16T21:04:30+00:00\",\"mainEntityOfPage\":{\"@id\":\"https:\\\/\\\/gruene-wiesbaden.de\\\/katerinagarcia_neuervorstand\\\/\"},\"wordCount\":679,\"publisher\":{\"@id\":\"https:\\\/\\\/gruene-wiesbaden.de\\\/#organization\"},\"image\":{\"@id\":\"https:\\\/\\\/gruene-wiesbaden.de\\\/katerinagarcia_neuervorstand\\\/#primaryimage\"},\"thumbnailUrl\":\"https:\\\/\\\/gruene-wiesbaden.de\\\/wp-content\\\/uploads\\\/2025\\\/03\\\/Bildschirmfoto-2025-06-16-um-23.03.22.png\",\"articleSection\":[\"Wahlen\"],\"inLanguage\":\"cs-CZ\"},{\"@type\":\"WebPage\",\"@id\":\"https:\\\/\\\/gruene-wiesbaden.de\\\/katerinagarcia_neuervorstand\\\/\",\"url\":\"https:\\\/\\\/gruene-wiesbaden.de\\\/katerinagarcia_neuervorstand\\\/\",\"name\":\"GR\u00dcNE w\u00e4hlen Katerina Garcia als Direktkandidatin zur Bundestagswahl und einen neuen Vorstand - B\u00dcNDNIS 90\\\/DIE GR\u00dcNEN Wiesbaden\",\"isPartOf\":{\"@id\":\"https:\\\/\\\/gruene-wiesbaden.de\\\/#website\"},\"primaryImageOfPage\":{\"@id\":\"https:\\\/\\\/gruene-wiesbaden.de\\\/katerinagarcia_neuervorstand\\\/#primaryimage\"},\"image\":{\"@id\":\"https:\\\/\\\/gruene-wiesbaden.de\\\/katerinagarcia_neuervorstand\\\/#primaryimage\"},\"thumbnailUrl\":\"https:\\\/\\\/gruene-wiesbaden.de\\\/wp-content\\\/uploads\\\/2025\\\/03\\\/Bildschirmfoto-2025-06-16-um-23.03.22.png\",\"datePublished\":\"2024-11-21T12:00:26+00:00\",\"dateModified\":\"2025-06-16T21:04:30+00:00\",\"breadcrumb\":{\"@id\":\"https:\\\/\\\/gruene-wiesbaden.de\\\/katerinagarcia_neuervorstand\\\/#breadcrumb\"},\"inLanguage\":\"cs-CZ\",\"potentialAction\":[{\"@type\":\"ReadAction\",\"target\":[\"https:\\\/\\\/gruene-wiesbaden.de\\\/katerinagarcia_neuervorstand\\\/\"]}]},{\"@type\":\"ImageObject\",\"inLanguage\":\"cs-CZ\",\"@id\":\"https:\\\/\\\/gruene-wiesbaden.de\\\/katerinagarcia_neuervorstand\\\/#primaryimage\",\"url\":\"https:\\\/\\\/gruene-wiesbaden.de\\\/wp-content\\\/uploads\\\/2025\\\/03\\\/Bildschirmfoto-2025-06-16-um-23.03.22.png\",\"contentUrl\":\"https:\\\/\\\/gruene-wiesbaden.de\\\/wp-content\\\/uploads\\\/2025\\\/03\\\/Bildschirmfoto-2025-06-16-um-23.03.22.png\",\"width\":1762,\"height\":1174},{\"@type\":\"BreadcrumbList\",\"@id\":\"https:\\\/\\\/gruene-wiesbaden.de\\\/katerinagarcia_neuervorstand\\\/#breadcrumb\",\"itemListElement\":[{\"@type\":\"ListItem\",\"position\":1,\"name\":\"Startseite\",\"item\":\"https:\\\/\\\/gruene-wiesbaden.de\\\/\"},{\"@type\":\"ListItem\",\"position\":2,\"name\":\"GR\u00dcNE w\u00e4hlen Katerina Garcia als Direktkandidatin zur Bundestagswahl und einen neuen Vorstand\"}]},{\"@type\":\"WebSite\",\"@id\":\"https:\\\/\\\/gruene-wiesbaden.de\\\/#website\",\"url\":\"https:\\\/\\\/gruene-wiesbaden.de\\\/\",\"name\":\"DIE GR\u00dcNEN Wiesbaden\",\"description\":\"\",\"publisher\":{\"@id\":\"https:\\\/\\\/gruene-wiesbaden.de\\\/#organization\"},\"potentialAction\":[{\"@type\":\"SearchAction\",\"target\":{\"@type\":\"EntryPoint\",\"urlTemplate\":\"https:\\\/\\\/gruene-wiesbaden.de\\\/?s={search_term_string}\"},\"query-input\":{\"@type\":\"PropertyValueSpecification\",\"valueRequired\":true,\"valueName\":\"search_term_string\"}}],\"inLanguage\":\"cs-CZ\"},{\"@type\":\"Organization\",\"@id\":\"https:\\\/\\\/gruene-wiesbaden.de\\\/#organization\",\"name\":\"DIE GR\u00dcNEN Wiesbaden\",\"url\":\"https:\\\/\\\/gruene-wiesbaden.de\\\/\",\"logo\":{\"@type\":\"ImageObject\",\"inLanguage\":\"cs-CZ\",\"@id\":\"https:\\\/\\\/gruene-wiesbaden.de\\\/#\\\/schema\\\/logo\\\/image\\\/\",\"url\":\"https:\\\/\\\/gruene-wiesbaden-fuer-europa.de\\\/wp-content\\\/uploads\\\/2024\\\/04\\\/Machen-was-zaehlt-5.png\",\"contentUrl\":\"https:\\\/\\\/gruene-wiesbaden-fuer-europa.de\\\/wp-content\\\/uploads\\\/2024\\\/04\\\/Machen-was-zaehlt-5.png\",\"width\":1772,\"height\":1772,\"caption\":\"DIE GR\u00dcNEN Wiesbaden\"},\"image\":{\"@id\":\"https:\\\/\\\/gruene-wiesbaden.de\\\/#\\\/schema\\\/logo\\\/image\\\/\"},\"sameAs\":[\"https:\\\/\\\/www.facebook.com\\\/gruene.wi\",\"https:\\\/\\\/instagram.com\\\/gruene_wi\"]},{\"@type\":\"Person\",\"@id\":\"https:\\\/\\\/gruene-wiesbaden.de\\\/#\\\/schema\\\/person\\\/6785c34779159cd4fd86886bb097afe9\",\"name\":\"admin\",\"sameAs\":[\"http:\\\/\\\/gruene-wiesbaden-fuer-europa.de\"],\"url\":\"https:\\\/\\\/gruene-wiesbaden.de\\\/cs\\\/author\\\/admin\\\/\"}]}<\/script>\n<!-- \/ Yoast SEO plugin. -->","yoast_head_json":{"title":"GR\u00dcNE w\u00e4hlen Katerina Garcia als Direktkandidatin zur Bundestagswahl und einen neuen Vorstand - B\u00dcNDNIS 90\/DIE GR\u00dcNEN Wiesbaden","robots":{"index":"index","follow":"follow","max-snippet":"max-snippet:-1","max-image-preview":"max-image-preview:large","max-video-preview":"max-video-preview:-1"},"canonical":"https:\/\/gruene-wiesbaden.de\/cs\/katerinagarcia_neuervorstand\/","og_locale":"cs_CZ","og_type":"article","og_title":"GR\u00dcNE w\u00e4hlen Katerina Garcia als Direktkandidatin zur Bundestagswahl und einen neuen Vorstand - B\u00dcNDNIS 90\/DIE GR\u00dcNEN Wiesbaden","og_url":"https:\/\/gruene-wiesbaden.de\/cs\/katerinagarcia_neuervorstand\/","og_site_name":"B\u00dcNDNIS 90\/DIE GR\u00dcNEN Wiesbaden","article_publisher":"https:\/\/www.facebook.com\/gruene.wi","article_published_time":"2024-11-21T12:00:26+00:00","article_modified_time":"2025-06-16T21:04:30+00:00","og_image":[{"width":600,"height":400,"url":"https:\/\/gruene-wiesbaden.de\/wp-content\/uploads\/2025\/03\/Bildschirmfoto-2025-06-16-um-23.03.22-600x400.png","type":"image\/png"}],"author":"admin","twitter_card":"summary_large_image","twitter_misc":{"Napsal(a)":"admin","Odhadovan\u00e1 doba \u010dten\u00ed":"4 minutes"},"schema":{"@context":"https:\/\/schema.org","@graph":[{"@type":"Article","@id":"https:\/\/gruene-wiesbaden.de\/katerinagarcia_neuervorstand\/#article","isPartOf":{"@id":"https:\/\/gruene-wiesbaden.de\/katerinagarcia_neuervorstand\/"},"author":{"name":"admin","@id":"https:\/\/gruene-wiesbaden.de\/#\/schema\/person\/6785c34779159cd4fd86886bb097afe9"},"headline":"GR\u00dcNE w\u00e4hlen Katerina Garcia als Direktkandidatin zur Bundestagswahl und einen neuen Vorstand","datePublished":"2024-11-21T12:00:26+00:00","dateModified":"2025-06-16T21:04:30+00:00","mainEntityOfPage":{"@id":"https:\/\/gruene-wiesbaden.de\/katerinagarcia_neuervorstand\/"},"wordCount":679,"publisher":{"@id":"https:\/\/gruene-wiesbaden.de\/#organization"},"image":{"@id":"https:\/\/gruene-wiesbaden.de\/katerinagarcia_neuervorstand\/#primaryimage"},"thumbnailUrl":"https:\/\/gruene-wiesbaden.de\/wp-content\/uploads\/2025\/03\/Bildschirmfoto-2025-06-16-um-23.03.22.png","articleSection":["Wahlen"],"inLanguage":"cs-CZ"},{"@type":"WebPage","@id":"https:\/\/gruene-wiesbaden.de\/katerinagarcia_neuervorstand\/","url":"https:\/\/gruene-wiesbaden.de\/katerinagarcia_neuervorstand\/","name":"GR\u00dcNE w\u00e4hlen Katerina Garcia als Direktkandidatin zur Bundestagswahl und einen neuen Vorstand - B\u00dcNDNIS 90\/DIE GR\u00dcNEN Wiesbaden","isPartOf":{"@id":"https:\/\/gruene-wiesbaden.de\/#website"},"primaryImageOfPage":{"@id":"https:\/\/gruene-wiesbaden.de\/katerinagarcia_neuervorstand\/#primaryimage"},"image":{"@id":"https:\/\/gruene-wiesbaden.de\/katerinagarcia_neuervorstand\/#primaryimage"},"thumbnailUrl":"https:\/\/gruene-wiesbaden.de\/wp-content\/uploads\/2025\/03\/Bildschirmfoto-2025-06-16-um-23.03.22.png","datePublished":"2024-11-21T12:00:26+00:00","dateModified":"2025-06-16T21:04:30+00:00","breadcrumb":{"@id":"https:\/\/gruene-wiesbaden.de\/katerinagarcia_neuervorstand\/#breadcrumb"},"inLanguage":"cs-CZ","potentialAction":[{"@type":"ReadAction","target":["https:\/\/gruene-wiesbaden.de\/katerinagarcia_neuervorstand\/"]}]},{"@type":"ImageObject","inLanguage":"cs-CZ","@id":"https:\/\/gruene-wiesbaden.de\/katerinagarcia_neuervorstand\/#primaryimage","url":"https:\/\/gruene-wiesbaden.de\/wp-content\/uploads\/2025\/03\/Bildschirmfoto-2025-06-16-um-23.03.22.png","contentUrl":"https:\/\/gruene-wiesbaden.de\/wp-content\/uploads\/2025\/03\/Bildschirmfoto-2025-06-16-um-23.03.22.png","width":1762,"height":1174},{"@type":"BreadcrumbList","@id":"https:\/\/gruene-wiesbaden.de\/katerinagarcia_neuervorstand\/#breadcrumb","itemListElement":[{"@type":"ListItem","position":1,"name":"Startseite","item":"https:\/\/gruene-wiesbaden.de\/"},{"@type":"ListItem","position":2,"name":"GR\u00dcNE w\u00e4hlen Katerina Garcia als Direktkandidatin zur Bundestagswahl und einen neuen Vorstand"}]},{"@type":"WebSite","@id":"https:\/\/gruene-wiesbaden.de\/#website","url":"https:\/\/gruene-wiesbaden.de\/","name":"DIE GR\u00dcNEN Wiesbaden","description":"","publisher":{"@id":"https:\/\/gruene-wiesbaden.de\/#organization"},"potentialAction":[{"@type":"SearchAction","target":{"@type":"EntryPoint","urlTemplate":"https:\/\/gruene-wiesbaden.de\/?s={search_term_string}"},"query-input":{"@type":"PropertyValueSpecification","valueRequired":true,"valueName":"search_term_string"}}],"inLanguage":"cs-CZ"},{"@type":"Organization","@id":"https:\/\/gruene-wiesbaden.de\/#organization","name":"DIE GR\u00dcNEN Wiesbaden","url":"https:\/\/gruene-wiesbaden.de\/","logo":{"@type":"ImageObject","inLanguage":"cs-CZ","@id":"https:\/\/gruene-wiesbaden.de\/#\/schema\/logo\/image\/","url":"https:\/\/gruene-wiesbaden-fuer-europa.de\/wp-content\/uploads\/2024\/04\/Machen-was-zaehlt-5.png","contentUrl":"https:\/\/gruene-wiesbaden-fuer-europa.de\/wp-content\/uploads\/2024\/04\/Machen-was-zaehlt-5.png","width":1772,"height":1772,"caption":"DIE GR\u00dcNEN Wiesbaden"},"image":{"@id":"https:\/\/gruene-wiesbaden.de\/#\/schema\/logo\/image\/"},"sameAs":["https:\/\/www.facebook.com\/gruene.wi","https:\/\/instagram.com\/gruene_wi"]},{"@type":"Person","@id":"https:\/\/gruene-wiesbaden.de\/#\/schema\/person\/6785c34779159cd4fd86886bb097afe9","name":"admin","sameAs":["http:\/\/gruene-wiesbaden-fuer-europa.de"],"url":"https:\/\/gruene-wiesbaden.de\/cs\/author\/admin\/"}]}},"_links":{"self":[{"href":"https:\/\/gruene-wiesbaden.de\/cs\/wp-json\/wp\/v2\/posts\/702","targetHints":{"allow":["GET"]}}],"collection":[{"href":"https:\/\/gruene-wiesbaden.de\/cs\/wp-json\/wp\/v2\/posts"}],"about":[{"href":"https:\/\/gruene-wiesbaden.de\/cs\/wp-json\/wp\/v2\/types\/post"}],"author":[{"embeddable":true,"href":"https:\/\/gruene-wiesbaden.de\/cs\/wp-json\/wp\/v2\/users\/1"}],"replies":[{"embeddable":true,"href":"https:\/\/gruene-wiesbaden.de\/cs\/wp-json\/wp\/v2\/comments?post=702"}],"version-history":[{"count":5,"href":"https:\/\/gruene-wiesbaden.de\/cs\/wp-json\/wp\/v2\/posts\/702\/revisions"}],"predecessor-version":[{"id":932,"href":"https:\/\/gruene-wiesbaden.de\/cs\/wp-json\/wp\/v2\/posts\/702\/revisions\/932"}],"wp:featuredmedia":[{"embeddable":true,"href":"https:\/\/gruene-wiesbaden.de\/cs\/wp-json\/wp\/v2\/media\/931"}],"wp:attachment":[{"href":"https:\/\/gruene-wiesbaden.de\/cs\/wp-json\/wp\/v2\/media?parent=702"}],"wp:term":[{"taxonomy":"category","embeddable":true,"href":"https:\/\/gruene-wiesbaden.de\/cs\/wp-json\/wp\/v2\/categories?post=702"},{"taxonomy":"post_tag","embeddable":true,"href":"https:\/\/gruene-wiesbaden.de\/cs\/wp-json\/wp\/v2\/tags?post=702"}],"curies":[{"name":"wp","href":"https:\/\/api.w.org\/{rel}","templated":true}]}}