{"id":1660,"date":"2025-12-01T12:53:02","date_gmt":"2025-12-01T10:53:02","guid":{"rendered":"https:\/\/gruene-wiesbaden.de\/?p=1660"},"modified":"2025-12-01T12:55:39","modified_gmt":"2025-12-01T10:55:39","slug":"mehr-moeglich-machen-fuer-wiesbaden-gruene-wiesbaden-starten-mit-starkem-team-und-zukunftsprogramm-in-den-kommunalwahlkampf-2026","status":"publish","type":"post","link":"https:\/\/gruene-wiesbaden.de\/cs\/mehr-moeglich-machen-fuer-wiesbaden-gruene-wiesbaden-starten-mit-starkem-team-und-zukunftsprogramm-in-den-kommunalwahlkampf-2026\/","title":{"rendered":"V\u00cdCE MO\u017dN\u00ddCH MAKE pro Wiesbaden - ZELEN\u00dd Wiesbaden zah\u00e1j\u00ed komun\u00e1ln\u00ed volebn\u00ed kampa\u0148 v roce 2026 se siln\u00fdm t\u00fdmem a programem pro budoucnost"},"content":{"rendered":"<section class=\"l-section wpb_row height_medium\"><div class=\"l-section-h i-cf\"><div class=\"g-cols vc_row via_grid cols_1 laptops-cols_inherit tablets-cols_inherit mobiles-cols_1 valign_top type_default stacking_default\"><div class=\"wpb_column vc_column_container\"><div class=\"vc_column-inner\"><h3 class=\"w-post-elm post_title us_custom_ea76afbe entry-title color_link_inherit\">V\u00cdCE MO\u017dN\u00ddCH MAKE pro Wiesbaden - ZELEN\u00dd Wiesbaden zah\u00e1j\u00ed komun\u00e1ln\u00ed volebn\u00ed kampa\u0148 v roce 2026 se siln\u00fdm t\u00fdmem a programem pro budoucnost<\/h3><div class=\"w-post-elm post_image\"><img loading=\"lazy\" decoding=\"async\" width=\"600\" height=\"452\" src=\"https:\/\/gruene-wiesbaden.de\/wp-content\/uploads\/2025\/12\/Bild-GRUeNE-WIESBADEN-600x452.png\" class=\"attachment-large size-large wp-post-image\" alt=\"\" srcset=\"https:\/\/gruene-wiesbaden.de\/wp-content\/uploads\/2025\/12\/Bild-GRUeNE-WIESBADEN-600x452.png 600w, https:\/\/gruene-wiesbaden.de\/wp-content\/uploads\/2025\/12\/Bild-GRUeNE-WIESBADEN-400x302.png 400w, https:\/\/gruene-wiesbaden.de\/wp-content\/uploads\/2025\/12\/Bild-GRUeNE-WIESBADEN-16x12.png 16w, https:\/\/gruene-wiesbaden.de\/wp-content\/uploads\/2025\/12\/Bild-GRUeNE-WIESBADEN.png 968w\" sizes=\"auto, (max-width: 600px) 100vw, 600px\" \/><\/div><div class=\"w-separator size_medium\"><\/div><div class=\"wpb_text_column\"><div class=\"wpb_wrapper\"><p style=\"font-weight: 400;\">Zelen\u00ed z Wiesbadenu dnes p\u0159edstavili sv\u016fj volebn\u00ed program a seznam pro m\u00edstn\u00ed volby v roce 2026. Se siln\u00fdm veden\u00edm, \u0161irok\u00fdm t\u00fdmem ji\u017e zku\u0161en\u00fdch a nov\u00fdch kandid\u00e1t\u016f, cht\u011bj\u00ed pokra\u010dovat v politick\u00e9m utv\u00e1\u0159en\u00ed Wiesbadenu v nadch\u00e1zej\u00edc\u00edch letech a u\u010dinit toto m\u011bsto obyvateln\u011bj\u0161\u00edm a udr\u017eiteln\u011bj\u0161\u00edm pro v\u0161echny.<\/p>\n<p style=\"font-weight: 400;\"><strong>Zelen\u00ed sout\u011b\u017e\u00ed s r\u016fznorod\u00fdm t\u00fdmem s mnoha mlad\u00fdmi tv\u00e1\u0159emi<\/strong><\/p>\n<p style=\"font-weight: 400;\">Na seznamu pro m\u011bstskou radu je mnoho nov\u00fdch jmen, stejn\u011b jako osoby, kter\u00e9 ji\u017e byly pro ZELEN\u00c9 Wiesbaden v m\u011bstsk\u00e9 rad\u011b.<\/p>\n<p style=\"font-weight: 400;\">\u201eS na\u0161\u00edm seznamem m\u00e1me \u0161irok\u00e9 postaven\u00ed a spole\u010dn\u011b s r\u016fzn\u00fdmi prost\u0159ed\u00edmi p\u0159in\u00e1\u0161\u00edme odborn\u00e9 znalosti do v\u0161ech oblast\u00ed politiky. Skute\u010dnost, \u017ee jsme vybrali osm osob mlad\u0161\u00edch 35 let jako \u010d\u00e1ste\u010dn\u011b velmi zku\u0161en\u00e9 osoby na na\u0161em seznamu, jasn\u011b ukazuje: Nep\u0159em\u00fd\u0161l\u00edme jen o budoucnosti, ale aktivn\u011b ji p\u0159edkl\u00e1d\u00e1me k jednac\u00edmu stolu,\u201c \u0159\u00edk\u00e1 Rebecca Thomasov\u00e1, p\u0159edsedkyn\u011b okresu B\u00dcNDNIS 90\/DIE GR\u00dcNEN Wiesbaden.<\/p>\n<p style=\"font-weight: 400;\"><strong>Zelen\u00ed ve Wiesbadenu cht\u011bj\u00ed \"umo\u017enit v\u00edce\"<\/strong><\/p>\n<p style=\"font-weight: 400;\">D\u00edky rozs\u00e1hl\u00e9mu volebn\u00edmu programu cht\u011bj\u00ed Zelen\u00ed nab\u00eddnout n\u011bco v\u0161em \u010d\u00e1stem m\u011bstsk\u00e9 spole\u010dnosti ve Wiesbadenu.<\/p>\n<p style=\"font-weight: 400;\">Rebecca Thomas, p\u0159edsedkyn\u011b okresu B\u00dcNDNIS 90\/DIE GR\u00dcNEN Wiesbaden: \u201eP\u0159eb\u00edr\u00e1me odpov\u011bdnost za cel\u00e9 m\u011bsto. Nechceme b\u00fdt politickou silou, kter\u00e1 se omezuje na individu\u00e1ln\u00ed z\u00e1jmy, ale chceme, aby bylo m\u011bsto ve Wiesbadenu lep\u0161\u00ed pro v\u0161echny lidi a aby bylo dob\u0159e um\u00edst\u011bno do budoucnosti a aby bylo v\u00edce mo\u017en\u00e9 pro v\u0161echny ve Wiesbadenu.\u201c<\/p>\n<p style=\"font-weight: 400;\">Volebn\u00ed program GREEN Wiesbaden je proto strukturov\u00e1n nejen podle oblast\u00ed politiky, ale tak\u00e9 podle c\u00edlov\u00fdch skupin, jako jsou \u201ed\u011bti, rodiny a rodi\u010de samo\u017eivitel\u00e9\u201c nebo \u201esenio\u0159i\u201c, aby \u010dten\u00e1\u0159i mohli rychle nal\u00e9zt obsah, kter\u00fd je pro n\u011b obzvl\u00e1\u0161t\u011b relevantn\u00ed.<\/p>\n<p style=\"font-weight: 400;\">\u201eP\u0159\u00ed\u0161t\u00ed roky budou m\u00edt z\u00e1sadn\u00ed v\u00fdznam pro Wiesbadenovu reakci na v\u00fdzvy spojen\u00e9 se zm\u011bnou klimatu, soci\u00e1ln\u00ed spravedlnost\u00ed, mobilitou a digit\u00e1ln\u00ed transformac\u00ed. Dnes ukazujeme, \u017ee jsme p\u0159ipraveni i nad\u00e1le p\u0159evz\u00edt odpov\u011bdnost, a to prost\u0159ednictv\u00edm programu, kter\u00fd je ambici\u00f3zn\u00ed a z\u00e1rove\u0148 realistick\u00fd. Stoj\u00edme za politikou, kter\u00e1 odv\u00e1\u017en\u011b \u0159e\u0161\u00ed, kdy\u017e je zapot\u0159eb\u00ed n\u011bco nov\u00e9ho, a rozv\u00edj\u00ed to, co existuje, kdy\u017e se osv\u011bd\u010dilo. Na\u0161\u00ed hlavn\u00ed my\u0161lenkou je m\u011bsto, kter\u00e9 se nezastavuje, ale postupn\u011b zlep\u0161uje \u2013 pro ka\u017ed\u00e9ho, kdo zde \u017eije,\u201c \u0159\u00edk\u00e1 Daniel Schmitt, okresn\u00ed p\u0159edseda B\u00dcNDNIS 90\/DIE GR\u00dcNEN Wiesbaden.<\/p>\n<p style=\"font-weight: 400;\">Ve t\u0159ech hlavn\u00edch kapitol\u00e1ch se volebn\u00ed program zam\u011b\u0159uje na t\u0159i hlavn\u00ed oblasti:<\/p>\n<ol>\n<li><strong>Dal\u0161\u00ed rozvoj Wiesbadenu do m\u011bsta, kde ka\u017ed\u00fd m\u016f\u017ee \u017e\u00edt dob\u0159e:<\/strong> Tato kapitola se zab\u00fdv\u00e1 v\u0161emi aspekty infrastruktury \u017eivota, kter\u00e9 ovliv\u0148uj\u00ed v\u0161echny obyvatele Wiesbadenu \u2013 od bydlen\u00ed, mobility, zdravotn\u00ed p\u00e9\u010de a slu\u017eeb p\u00e9\u010de o d\u011bti, jako\u017e i digit\u00e1ln\u00edch ob\u010dansk\u00fdch slu\u017eeb a\u017e po kulturn\u00ed a sportovn\u00ed aktivity. D\u016fraz je kladen p\u0159edev\u0161\u00edm na zachov\u00e1n\u00ed a zlep\u0161en\u00ed kvality \u017eivota v\u0161ech lid\u00ed ve Wiesbadenu. S ohledem na klimatickou krizi a z n\u00ed vypl\u00fdvaj\u00edc\u00ed v\u00fdzvy budoucnosti spojuj\u00ed Zelen\u00ed rozvoj m\u011bst s ochranou klimatu, p\u0159izp\u016fsoben\u00edm se zm\u011bn\u011b klimatu a ochranou \u017eivotn\u00edho prost\u0159ed\u00ed, jako\u017e i s ochranou obyvatelstva.<\/li>\n<li><strong>Navrhnout Wiesbaden jako m\u011bsto, kam pat\u0159\u00ed ka\u017ed\u00fd:<\/strong> Skupina GR\u00dcNEN zde ukazuje, \u017ee je jej\u00edm z\u00e1jmem, aby v\u0161echny r\u016fzn\u00e9 soci\u00e1ln\u00ed skupiny s r\u016fznou realitou, pot\u0159ebami a perspektivami obdr\u017eely politickou nab\u00eddku, kter\u00e1 jim Wiesbaden zlep\u0161\u00ed \u2013 od \u017een, rodin, mlad\u00fdch dosp\u011bl\u00fdch a star\u0161\u00edch ob\u010dan\u016f a\u017e po osoby z komunity LGBTQAI*, osoby se zdravotn\u00edm posti\u017een\u00edm, osoby s migra\u010dn\u00ed histori\u00ed a tak\u00e9 osoby v mimo\u0159\u00e1dn\u00fdch soci\u00e1ln\u00edch situac\u00edch.<\/li>\n<li><strong>Zaji\u0161t\u011bn\u00ed budouc\u00ed \u017eivotaschopnosti Wiesbadenu jako siln\u00e9 obce<\/strong>: GREEN Wiesbaden zde kombinuje opat\u0159en\u00ed na podporu atraktivity a s\u00edly Wiesbadenu jako univerzitn\u00ed a obchodn\u00ed lokality s opat\u0159en\u00edmi na modernizaci a transformaci infrastruktury Wiesbadenu s c\u00edlem vytvo\u0159it spolehliv\u00e9, funk\u010dn\u00ed a udr\u017eiteln\u00e9 podm\u00ednky pro Wiesbaden jako obchodn\u00ed lokalitu. Zelen\u00ed cht\u011bj\u00ed rovn\u011b\u017e modernizovat spr\u00e1vu, p\u0159ipravit ji na budoucnost s ohledem na digitalizaci a demografick\u00e9 zm\u011bny a u\u010dinit m\u011bstskou spr\u00e1vu atraktivn\u00ed pro mlad\u00e9 odborn\u00edky jako zam\u011bstnavatele.<\/li>\n<\/ol>\n<p style=\"font-weight: 400;\"><strong>Gesine Bonnet a Martin Kraft jako vedouc\u00ed duo zelen\u00e9ho t\u00fdmu<\/strong><\/p>\n<p style=\"font-weight: 400;\">Seznam pro zased\u00e1n\u00ed m\u011bstsk\u00e9 rady B\u00dcNDNIS 90\/DIE GR\u00dcNEN Wiesbaden vede Gesine Bonnet a Martin Kraft, kte\u0159\u00ed kombinuj\u00ed zku\u0161enosti a budouc\u00ed perspektivy.<\/p>\n<p style=\"font-weight: 400;\">\u201eZast\u00e1v\u00e1me politiku, kter\u00e1 vyu\u017e\u00edv\u00e1 p\u0159\u00edle\u017eitost\u00ed ke zm\u011bn\u00e1m, od transformace energetiky p\u0159es struktur\u00e1ln\u00ed transformaci centra m\u011bsta a\u017e po digit\u00e1ln\u00ed transformaci. T\u00edmto zp\u016fsobem posilujeme na\u0161e obchodn\u00ed s\u00eddlo, zaji\u0161\u0165ujeme \u00fa\u010dinnou spr\u00e1vu orientovanou na ob\u010dany i v dob\u011b nedostatku kvalifikovan\u00fdch pracovn\u00edk\u016f a zaji\u0161\u0165ujeme, aby na\u0161e soci\u00e1ln\u00ed s\u00ed\u0165 byla odoln\u00e1 v\u016f\u010di kriz\u00edm,\u201c \u0159\u00edk\u00e1 Gesine Bonnet. \u201eToto je jedin\u00fd zp\u016fsob, jak nal\u00e9zt skute\u010dn\u00e9 odpov\u011bdi na st\u00e1vaj\u00edc\u00ed obavy o budoucnost. Na druh\u00e9 stran\u011b ti, kdo v\u011b\u0159\u00ed, \u017ee \u0159e\u0161en\u00ed je v nostalgick\u00e9m v\u010derej\u0161ku, klamou lidi.\u201c<\/p>\n<p style=\"font-weight: 400;\">P\u0159edn\u00ed kandid\u00e1t Martin Kraft dod\u00e1v\u00e1: \u201eNa\u0161e m\u011bsto m\u00e1 obrovsk\u00fd potenci\u00e1l. To v\u0161ak mus\u00ed b\u00fdt tak\u00e9 pou\u017eito. Dnes jsme sv\u011bdky d\u016fsledk\u016f p\u0159et\u00ed\u017een\u00fdch rekonstrukc\u00ed v posledn\u00edch desetilet\u00edch. Je proto nezbytn\u00e9, abychom Wiesbaden p\u0159ipravili na budoucnost ji\u017e nyn\u00ed \u2013 investicemi do klimaticky neutr\u00e1ln\u00edch dod\u00e1vek energie, \u0161kol a m\u011bstsk\u00fdch dom\u016f a dopravn\u00ed infrastruktury. Chceme vyu\u017e\u00edt ochranu klimatu jako p\u0159\u00edle\u017eitost pro rozvoj m\u011bst. P\u0159\u00edkladem je p\u0159em\u011bna Alsask\u00e9ho n\u00e1m\u011bst\u00ed v park nebo p\u0159em\u011bna Schwalbacher Stra\u00dfe.\u201c<\/p>\n<p style=\"font-weight: 400;\"><strong>Volebn\u00ed program \u2013 v\u00edcejazy\u010dn\u00fd, bezbari\u00e9rov\u00fd a vst\u0159\u00edcn\u00fd k mobil\u016fm<\/strong><\/p>\n<p style=\"font-weight: 400;\">dne <a href=\"https:\/\/gruene-wiesbaden.de\/cs\/\">gruene-wiesbaden.de<\/a> Volebn\u00ed program a seznam pro m\u011bstskou radu jsou k dispozici ve form\u00e1tu PDF a volebn\u00ed program je tak\u00e9 k dispozici na samotn\u00e9 webov\u00e9 str\u00e1nce.<\/p>\n<p style=\"font-weight: 400;\">Rebecca Thomas zd\u016fraz\u0148uje: \u201eJe pro n\u00e1s d\u016fle\u017eit\u00e9, aby ka\u017ed\u00fd ch\u00e1pal, za \u010d\u00edm stoj\u00edme. Proto nab\u00edz\u00edme na\u0161e webov\u00e9 str\u00e1nky a volebn\u00ed program v mnoha r\u016fzn\u00fdch jazyc\u00edch a pracujeme na tom, aby na\u0161e webov\u00e9 str\u00e1nky byly co nejv\u00edce bezbari\u00e9rov\u00e9 a inkluzivn\u00ed. Vzhledem k tomu, \u017ee mnoho lid\u00ed pou\u017e\u00edv\u00e1 k z\u00edsk\u00e1v\u00e1n\u00ed informac\u00ed p\u0159edev\u0161\u00edm sv\u00e9 chytr\u00e9 telefony, byla pro n\u00e1s d\u016fle\u017eit\u00e1 tak\u00e9 mobiln\u00ed \u010ditelnost.\u201c<\/p>\n<\/div><\/div><\/div><\/div><\/div><\/div><\/section>","protected":false},"excerpt":{"rendered":"V\u00cdCE MO\u017dN\u00c1 MAKE pro Wiesbaden \u2013 ZELEN\u00dd Wiesbaden zah\u00e1j\u00ed kampa\u0148 p\u0159ed komun\u00e1ln\u00edmi volbami v roce 2026 se siln\u00fdm t\u00fdmem a programem pro budoucnostZELEN\u00dd Wiesbaden dnes p\u0159edstavil sv\u016fj volebn\u00ed program a seznam pro komun\u00e1ln\u00ed volby v roce 2026. Se siln\u00fdm veden\u00edm, \u0161irok\u00fdm t\u00fdmem ji\u017e zku\u0161en\u00fdch a nov\u00fdch kandid\u00e1t\u016f cht\u011bj\u00ed Wiesbaden v nadch\u00e1zej\u00edc\u00edch letech i nad\u00e1le politicky podporovat.","protected":false},"author":1,"featured_media":1661,"comment_status":"closed","ping_status":"closed","sticky":false,"template":"","format":"standard","meta":{"footnotes":""},"categories":[8,5],"tags":[],"class_list":["post-1660","post","type-post","status-publish","format-standard","has-post-thumbnail","hentry","category-allgemein","category-wahlen"],"yoast_head":"<!-- This site is optimized with the Yoast SEO plugin v27.5 - https:\/\/yoast.com\/product\/yoast-seo-wordpress\/ -->\n<title>MEHR M\u00d6GLICH MACHEN f\u00fcr Wiesbaden - GR\u00dcNE Wiesbaden starten mit starkem Team und Zukunftsprogramm in den Kommunalwahlkampf 2026 - B\u00dcNDNIS 90\/DIE GR\u00dcNEN Wiesbaden<\/title>\n<meta name=\"robots\" content=\"index, follow, max-snippet:-1, max-image-preview:large, max-video-preview:-1\" \/>\n<link rel=\"canonical\" href=\"https:\/\/gruene-wiesbaden.de\/cs\/mehr-moeglich-machen-fuer-wiesbaden-gruene-wiesbaden-starten-mit-starkem-team-und-zukunftsprogramm-in-den-kommunalwahlkampf-2026\/\" \/>\n<meta property=\"og:locale\" content=\"cs_CZ\" \/>\n<meta property=\"og:type\" content=\"article\" \/>\n<meta property=\"og:title\" content=\"MEHR M\u00d6GLICH MACHEN f\u00fcr Wiesbaden - GR\u00dcNE Wiesbaden starten mit starkem Team und Zukunftsprogramm in den Kommunalwahlkampf 2026 - B\u00dcNDNIS 90\/DIE GR\u00dcNEN Wiesbaden\" \/>\n<meta property=\"og:url\" content=\"https:\/\/gruene-wiesbaden.de\/cs\/mehr-moeglich-machen-fuer-wiesbaden-gruene-wiesbaden-starten-mit-starkem-team-und-zukunftsprogramm-in-den-kommunalwahlkampf-2026\/\" \/>\n<meta property=\"og:site_name\" content=\"B\u00dcNDNIS 90\/DIE GR\u00dcNEN Wiesbaden\" \/>\n<meta property=\"article:publisher\" content=\"https:\/\/www.facebook.com\/gruene.wi\" \/>\n<meta property=\"article:published_time\" content=\"2025-12-01T10:53:02+00:00\" \/>\n<meta property=\"article:modified_time\" content=\"2025-12-01T10:55:39+00:00\" \/>\n<meta property=\"og:image\" content=\"https:\/\/gruene-wiesbaden.de\/wp-content\/uploads\/2025\/12\/Bild-GRUeNE-WIESBADEN.png\" \/>\n\t<meta property=\"og:image:width\" content=\"968\" \/>\n\t<meta property=\"og:image:height\" content=\"730\" \/>\n\t<meta property=\"og:image:type\" content=\"image\/png\" \/>\n<meta name=\"author\" content=\"admin\" \/>\n<meta name=\"twitter:card\" content=\"summary_large_image\" \/>\n<meta name=\"twitter:label1\" content=\"Napsal(a)\" \/>\n\t<meta name=\"twitter:data1\" content=\"admin\" \/>\n\t<meta name=\"twitter:label2\" content=\"Odhadovan\u00e1 doba \u010dten\u00ed\" \/>\n\t<meta name=\"twitter:data2\" content=\"5 minutes\" \/>\n<script type=\"application\/ld+json\" class=\"yoast-schema-graph\">{\"@context\":\"https:\\\/\\\/schema.org\",\"@graph\":[{\"@type\":\"Article\",\"@id\":\"https:\\\/\\\/gruene-wiesbaden.de\\\/mehr-moeglich-machen-fuer-wiesbaden-gruene-wiesbaden-starten-mit-starkem-team-und-zukunftsprogramm-in-den-kommunalwahlkampf-2026\\\/#article\",\"isPartOf\":{\"@id\":\"https:\\\/\\\/gruene-wiesbaden.de\\\/mehr-moeglich-machen-fuer-wiesbaden-gruene-wiesbaden-starten-mit-starkem-team-und-zukunftsprogramm-in-den-kommunalwahlkampf-2026\\\/\"},\"author\":{\"name\":\"admin\",\"@id\":\"https:\\\/\\\/gruene-wiesbaden.de\\\/#\\\/schema\\\/person\\\/6785c34779159cd4fd86886bb097afe9\"},\"headline\":\"MEHR M\u00d6GLICH MACHEN f\u00fcr Wiesbaden &#8211; GR\u00dcNE Wiesbaden starten mit starkem Team und Zukunftsprogramm in den Kommunalwahlkampf 2026\",\"datePublished\":\"2025-12-01T10:53:02+00:00\",\"dateModified\":\"2025-12-01T10:55:39+00:00\",\"mainEntityOfPage\":{\"@id\":\"https:\\\/\\\/gruene-wiesbaden.de\\\/mehr-moeglich-machen-fuer-wiesbaden-gruene-wiesbaden-starten-mit-starkem-team-und-zukunftsprogramm-in-den-kommunalwahlkampf-2026\\\/\"},\"wordCount\":1000,\"publisher\":{\"@id\":\"https:\\\/\\\/gruene-wiesbaden.de\\\/#organization\"},\"image\":{\"@id\":\"https:\\\/\\\/gruene-wiesbaden.de\\\/mehr-moeglich-machen-fuer-wiesbaden-gruene-wiesbaden-starten-mit-starkem-team-und-zukunftsprogramm-in-den-kommunalwahlkampf-2026\\\/#primaryimage\"},\"thumbnailUrl\":\"https:\\\/\\\/gruene-wiesbaden.de\\\/wp-content\\\/uploads\\\/2025\\\/12\\\/Bild-GRUeNE-WIESBADEN.png\",\"articleSection\":[\"Allgemein\",\"Wahlen\"],\"inLanguage\":\"cs-CZ\"},{\"@type\":\"WebPage\",\"@id\":\"https:\\\/\\\/gruene-wiesbaden.de\\\/mehr-moeglich-machen-fuer-wiesbaden-gruene-wiesbaden-starten-mit-starkem-team-und-zukunftsprogramm-in-den-kommunalwahlkampf-2026\\\/\",\"url\":\"https:\\\/\\\/gruene-wiesbaden.de\\\/mehr-moeglich-machen-fuer-wiesbaden-gruene-wiesbaden-starten-mit-starkem-team-und-zukunftsprogramm-in-den-kommunalwahlkampf-2026\\\/\",\"name\":\"MEHR M\u00d6GLICH MACHEN f\u00fcr Wiesbaden - GR\u00dcNE Wiesbaden starten mit starkem Team und Zukunftsprogramm in den Kommunalwahlkampf 2026 - B\u00dcNDNIS 90\\\/DIE GR\u00dcNEN Wiesbaden\",\"isPartOf\":{\"@id\":\"https:\\\/\\\/gruene-wiesbaden.de\\\/#website\"},\"primaryImageOfPage\":{\"@id\":\"https:\\\/\\\/gruene-wiesbaden.de\\\/mehr-moeglich-machen-fuer-wiesbaden-gruene-wiesbaden-starten-mit-starkem-team-und-zukunftsprogramm-in-den-kommunalwahlkampf-2026\\\/#primaryimage\"},\"image\":{\"@id\":\"https:\\\/\\\/gruene-wiesbaden.de\\\/mehr-moeglich-machen-fuer-wiesbaden-gruene-wiesbaden-starten-mit-starkem-team-und-zukunftsprogramm-in-den-kommunalwahlkampf-2026\\\/#primaryimage\"},\"thumbnailUrl\":\"https:\\\/\\\/gruene-wiesbaden.de\\\/wp-content\\\/uploads\\\/2025\\\/12\\\/Bild-GRUeNE-WIESBADEN.png\",\"datePublished\":\"2025-12-01T10:53:02+00:00\",\"dateModified\":\"2025-12-01T10:55:39+00:00\",\"breadcrumb\":{\"@id\":\"https:\\\/\\\/gruene-wiesbaden.de\\\/mehr-moeglich-machen-fuer-wiesbaden-gruene-wiesbaden-starten-mit-starkem-team-und-zukunftsprogramm-in-den-kommunalwahlkampf-2026\\\/#breadcrumb\"},\"inLanguage\":\"cs-CZ\",\"potentialAction\":[{\"@type\":\"ReadAction\",\"target\":[\"https:\\\/\\\/gruene-wiesbaden.de\\\/mehr-moeglich-machen-fuer-wiesbaden-gruene-wiesbaden-starten-mit-starkem-team-und-zukunftsprogramm-in-den-kommunalwahlkampf-2026\\\/\"]}]},{\"@type\":\"ImageObject\",\"inLanguage\":\"cs-CZ\",\"@id\":\"https:\\\/\\\/gruene-wiesbaden.de\\\/mehr-moeglich-machen-fuer-wiesbaden-gruene-wiesbaden-starten-mit-starkem-team-und-zukunftsprogramm-in-den-kommunalwahlkampf-2026\\\/#primaryimage\",\"url\":\"https:\\\/\\\/gruene-wiesbaden.de\\\/wp-content\\\/uploads\\\/2025\\\/12\\\/Bild-GRUeNE-WIESBADEN.png\",\"contentUrl\":\"https:\\\/\\\/gruene-wiesbaden.de\\\/wp-content\\\/uploads\\\/2025\\\/12\\\/Bild-GRUeNE-WIESBADEN.png\",\"width\":968,\"height\":730},{\"@type\":\"BreadcrumbList\",\"@id\":\"https:\\\/\\\/gruene-wiesbaden.de\\\/mehr-moeglich-machen-fuer-wiesbaden-gruene-wiesbaden-starten-mit-starkem-team-und-zukunftsprogramm-in-den-kommunalwahlkampf-2026\\\/#breadcrumb\",\"itemListElement\":[{\"@type\":\"ListItem\",\"position\":1,\"name\":\"Startseite\",\"item\":\"https:\\\/\\\/gruene-wiesbaden.de\\\/\"},{\"@type\":\"ListItem\",\"position\":2,\"name\":\"MEHR M\u00d6GLICH MACHEN f\u00fcr Wiesbaden &#8211; GR\u00dcNE Wiesbaden starten mit starkem Team und Zukunftsprogramm in den Kommunalwahlkampf 2026\"}]},{\"@type\":\"WebSite\",\"@id\":\"https:\\\/\\\/gruene-wiesbaden.de\\\/#website\",\"url\":\"https:\\\/\\\/gruene-wiesbaden.de\\\/\",\"name\":\"DIE GR\u00dcNEN Wiesbaden\",\"description\":\"\",\"publisher\":{\"@id\":\"https:\\\/\\\/gruene-wiesbaden.de\\\/#organization\"},\"potentialAction\":[{\"@type\":\"SearchAction\",\"target\":{\"@type\":\"EntryPoint\",\"urlTemplate\":\"https:\\\/\\\/gruene-wiesbaden.de\\\/?s={search_term_string}\"},\"query-input\":{\"@type\":\"PropertyValueSpecification\",\"valueRequired\":true,\"valueName\":\"search_term_string\"}}],\"inLanguage\":\"cs-CZ\"},{\"@type\":\"Organization\",\"@id\":\"https:\\\/\\\/gruene-wiesbaden.de\\\/#organization\",\"name\":\"DIE GR\u00dcNEN Wiesbaden\",\"url\":\"https:\\\/\\\/gruene-wiesbaden.de\\\/\",\"logo\":{\"@type\":\"ImageObject\",\"inLanguage\":\"cs-CZ\",\"@id\":\"https:\\\/\\\/gruene-wiesbaden.de\\\/#\\\/schema\\\/logo\\\/image\\\/\",\"url\":\"https:\\\/\\\/gruene-wiesbaden-fuer-europa.de\\\/wp-content\\\/uploads\\\/2024\\\/04\\\/Machen-was-zaehlt-5.png\",\"contentUrl\":\"https:\\\/\\\/gruene-wiesbaden-fuer-europa.de\\\/wp-content\\\/uploads\\\/2024\\\/04\\\/Machen-was-zaehlt-5.png\",\"width\":1772,\"height\":1772,\"caption\":\"DIE GR\u00dcNEN Wiesbaden\"},\"image\":{\"@id\":\"https:\\\/\\\/gruene-wiesbaden.de\\\/#\\\/schema\\\/logo\\\/image\\\/\"},\"sameAs\":[\"https:\\\/\\\/www.facebook.com\\\/gruene.wi\",\"https:\\\/\\\/instagram.com\\\/gruene_wi\"]},{\"@type\":\"Person\",\"@id\":\"https:\\\/\\\/gruene-wiesbaden.de\\\/#\\\/schema\\\/person\\\/6785c34779159cd4fd86886bb097afe9\",\"name\":\"admin\",\"sameAs\":[\"http:\\\/\\\/gruene-wiesbaden-fuer-europa.de\"],\"url\":\"https:\\\/\\\/gruene-wiesbaden.de\\\/cs\\\/author\\\/admin\\\/\"}]}<\/script>\n<!-- \/ Yoast SEO plugin. -->","yoast_head_json":{"title":"MEHR M\u00d6GLICH MACHEN f\u00fcr Wiesbaden - GR\u00dcNE Wiesbaden starten mit starkem Team und Zukunftsprogramm in den Kommunalwahlkampf 2026 - B\u00dcNDNIS 90\/DIE GR\u00dcNEN Wiesbaden","robots":{"index":"index","follow":"follow","max-snippet":"max-snippet:-1","max-image-preview":"max-image-preview:large","max-video-preview":"max-video-preview:-1"},"canonical":"https:\/\/gruene-wiesbaden.de\/cs\/mehr-moeglich-machen-fuer-wiesbaden-gruene-wiesbaden-starten-mit-starkem-team-und-zukunftsprogramm-in-den-kommunalwahlkampf-2026\/","og_locale":"cs_CZ","og_type":"article","og_title":"MEHR M\u00d6GLICH MACHEN f\u00fcr Wiesbaden - GR\u00dcNE Wiesbaden starten mit starkem Team und Zukunftsprogramm in den Kommunalwahlkampf 2026 - B\u00dcNDNIS 90\/DIE GR\u00dcNEN Wiesbaden","og_url":"https:\/\/gruene-wiesbaden.de\/cs\/mehr-moeglich-machen-fuer-wiesbaden-gruene-wiesbaden-starten-mit-starkem-team-und-zukunftsprogramm-in-den-kommunalwahlkampf-2026\/","og_site_name":"B\u00dcNDNIS 90\/DIE GR\u00dcNEN Wiesbaden","article_publisher":"https:\/\/www.facebook.com\/gruene.wi","article_published_time":"2025-12-01T10:53:02+00:00","article_modified_time":"2025-12-01T10:55:39+00:00","og_image":[{"width":968,"height":730,"url":"https:\/\/gruene-wiesbaden.de\/wp-content\/uploads\/2025\/12\/Bild-GRUeNE-WIESBADEN.png","type":"image\/png"}],"author":"admin","twitter_card":"summary_large_image","twitter_misc":{"Napsal(a)":"admin","Odhadovan\u00e1 doba \u010dten\u00ed":"5 minutes"},"schema":{"@context":"https:\/\/schema.org","@graph":[{"@type":"Article","@id":"https:\/\/gruene-wiesbaden.de\/mehr-moeglich-machen-fuer-wiesbaden-gruene-wiesbaden-starten-mit-starkem-team-und-zukunftsprogramm-in-den-kommunalwahlkampf-2026\/#article","isPartOf":{"@id":"https:\/\/gruene-wiesbaden.de\/mehr-moeglich-machen-fuer-wiesbaden-gruene-wiesbaden-starten-mit-starkem-team-und-zukunftsprogramm-in-den-kommunalwahlkampf-2026\/"},"author":{"name":"admin","@id":"https:\/\/gruene-wiesbaden.de\/#\/schema\/person\/6785c34779159cd4fd86886bb097afe9"},"headline":"MEHR M\u00d6GLICH MACHEN f\u00fcr Wiesbaden &#8211; GR\u00dcNE Wiesbaden starten mit starkem Team und Zukunftsprogramm in den Kommunalwahlkampf 2026","datePublished":"2025-12-01T10:53:02+00:00","dateModified":"2025-12-01T10:55:39+00:00","mainEntityOfPage":{"@id":"https:\/\/gruene-wiesbaden.de\/mehr-moeglich-machen-fuer-wiesbaden-gruene-wiesbaden-starten-mit-starkem-team-und-zukunftsprogramm-in-den-kommunalwahlkampf-2026\/"},"wordCount":1000,"publisher":{"@id":"https:\/\/gruene-wiesbaden.de\/#organization"},"image":{"@id":"https:\/\/gruene-wiesbaden.de\/mehr-moeglich-machen-fuer-wiesbaden-gruene-wiesbaden-starten-mit-starkem-team-und-zukunftsprogramm-in-den-kommunalwahlkampf-2026\/#primaryimage"},"thumbnailUrl":"https:\/\/gruene-wiesbaden.de\/wp-content\/uploads\/2025\/12\/Bild-GRUeNE-WIESBADEN.png","articleSection":["Allgemein","Wahlen"],"inLanguage":"cs-CZ"},{"@type":"WebPage","@id":"https:\/\/gruene-wiesbaden.de\/mehr-moeglich-machen-fuer-wiesbaden-gruene-wiesbaden-starten-mit-starkem-team-und-zukunftsprogramm-in-den-kommunalwahlkampf-2026\/","url":"https:\/\/gruene-wiesbaden.de\/mehr-moeglich-machen-fuer-wiesbaden-gruene-wiesbaden-starten-mit-starkem-team-und-zukunftsprogramm-in-den-kommunalwahlkampf-2026\/","name":"MEHR M\u00d6GLICH MACHEN f\u00fcr Wiesbaden - GR\u00dcNE Wiesbaden starten mit starkem Team und Zukunftsprogramm in den Kommunalwahlkampf 2026 - B\u00dcNDNIS 90\/DIE GR\u00dcNEN Wiesbaden","isPartOf":{"@id":"https:\/\/gruene-wiesbaden.de\/#website"},"primaryImageOfPage":{"@id":"https:\/\/gruene-wiesbaden.de\/mehr-moeglich-machen-fuer-wiesbaden-gruene-wiesbaden-starten-mit-starkem-team-und-zukunftsprogramm-in-den-kommunalwahlkampf-2026\/#primaryimage"},"image":{"@id":"https:\/\/gruene-wiesbaden.de\/mehr-moeglich-machen-fuer-wiesbaden-gruene-wiesbaden-starten-mit-starkem-team-und-zukunftsprogramm-in-den-kommunalwahlkampf-2026\/#primaryimage"},"thumbnailUrl":"https:\/\/gruene-wiesbaden.de\/wp-content\/uploads\/2025\/12\/Bild-GRUeNE-WIESBADEN.png","datePublished":"2025-12-01T10:53:02+00:00","dateModified":"2025-12-01T10:55:39+00:00","breadcrumb":{"@id":"https:\/\/gruene-wiesbaden.de\/mehr-moeglich-machen-fuer-wiesbaden-gruene-wiesbaden-starten-mit-starkem-team-und-zukunftsprogramm-in-den-kommunalwahlkampf-2026\/#breadcrumb"},"inLanguage":"cs-CZ","potentialAction":[{"@type":"ReadAction","target":["https:\/\/gruene-wiesbaden.de\/mehr-moeglich-machen-fuer-wiesbaden-gruene-wiesbaden-starten-mit-starkem-team-und-zukunftsprogramm-in-den-kommunalwahlkampf-2026\/"]}]},{"@type":"ImageObject","inLanguage":"cs-CZ","@id":"https:\/\/gruene-wiesbaden.de\/mehr-moeglich-machen-fuer-wiesbaden-gruene-wiesbaden-starten-mit-starkem-team-und-zukunftsprogramm-in-den-kommunalwahlkampf-2026\/#primaryimage","url":"https:\/\/gruene-wiesbaden.de\/wp-content\/uploads\/2025\/12\/Bild-GRUeNE-WIESBADEN.png","contentUrl":"https:\/\/gruene-wiesbaden.de\/wp-content\/uploads\/2025\/12\/Bild-GRUeNE-WIESBADEN.png","width":968,"height":730},{"@type":"BreadcrumbList","@id":"https:\/\/gruene-wiesbaden.de\/mehr-moeglich-machen-fuer-wiesbaden-gruene-wiesbaden-starten-mit-starkem-team-und-zukunftsprogramm-in-den-kommunalwahlkampf-2026\/#breadcrumb","itemListElement":[{"@type":"ListItem","position":1,"name":"Startseite","item":"https:\/\/gruene-wiesbaden.de\/"},{"@type":"ListItem","position":2,"name":"MEHR M\u00d6GLICH MACHEN f\u00fcr Wiesbaden &#8211; GR\u00dcNE Wiesbaden starten mit starkem Team und Zukunftsprogramm in den Kommunalwahlkampf 2026"}]},{"@type":"WebSite","@id":"https:\/\/gruene-wiesbaden.de\/#website","url":"https:\/\/gruene-wiesbaden.de\/","name":"DIE GR\u00dcNEN Wiesbaden","description":"","publisher":{"@id":"https:\/\/gruene-wiesbaden.de\/#organization"},"potentialAction":[{"@type":"SearchAction","target":{"@type":"EntryPoint","urlTemplate":"https:\/\/gruene-wiesbaden.de\/?s={search_term_string}"},"query-input":{"@type":"PropertyValueSpecification","valueRequired":true,"valueName":"search_term_string"}}],"inLanguage":"cs-CZ"},{"@type":"Organization","@id":"https:\/\/gruene-wiesbaden.de\/#organization","name":"DIE GR\u00dcNEN Wiesbaden","url":"https:\/\/gruene-wiesbaden.de\/","logo":{"@type":"ImageObject","inLanguage":"cs-CZ","@id":"https:\/\/gruene-wiesbaden.de\/#\/schema\/logo\/image\/","url":"https:\/\/gruene-wiesbaden-fuer-europa.de\/wp-content\/uploads\/2024\/04\/Machen-was-zaehlt-5.png","contentUrl":"https:\/\/gruene-wiesbaden-fuer-europa.de\/wp-content\/uploads\/2024\/04\/Machen-was-zaehlt-5.png","width":1772,"height":1772,"caption":"DIE GR\u00dcNEN Wiesbaden"},"image":{"@id":"https:\/\/gruene-wiesbaden.de\/#\/schema\/logo\/image\/"},"sameAs":["https:\/\/www.facebook.com\/gruene.wi","https:\/\/instagram.com\/gruene_wi"]},{"@type":"Person","@id":"https:\/\/gruene-wiesbaden.de\/#\/schema\/person\/6785c34779159cd4fd86886bb097afe9","name":"admin","sameAs":["http:\/\/gruene-wiesbaden-fuer-europa.de"],"url":"https:\/\/gruene-wiesbaden.de\/cs\/author\/admin\/"}]}},"_links":{"self":[{"href":"https:\/\/gruene-wiesbaden.de\/cs\/wp-json\/wp\/v2\/posts\/1660","targetHints":{"allow":["GET"]}}],"collection":[{"href":"https:\/\/gruene-wiesbaden.de\/cs\/wp-json\/wp\/v2\/posts"}],"about":[{"href":"https:\/\/gruene-wiesbaden.de\/cs\/wp-json\/wp\/v2\/types\/post"}],"author":[{"embeddable":true,"href":"https:\/\/gruene-wiesbaden.de\/cs\/wp-json\/wp\/v2\/users\/1"}],"replies":[{"embeddable":true,"href":"https:\/\/gruene-wiesbaden.de\/cs\/wp-json\/wp\/v2\/comments?post=1660"}],"version-history":[{"count":4,"href":"https:\/\/gruene-wiesbaden.de\/cs\/wp-json\/wp\/v2\/posts\/1660\/revisions"}],"predecessor-version":[{"id":1665,"href":"https:\/\/gruene-wiesbaden.de\/cs\/wp-json\/wp\/v2\/posts\/1660\/revisions\/1665"}],"wp:featuredmedia":[{"embeddable":true,"href":"https:\/\/gruene-wiesbaden.de\/cs\/wp-json\/wp\/v2\/media\/1661"}],"wp:attachment":[{"href":"https:\/\/gruene-wiesbaden.de\/cs\/wp-json\/wp\/v2\/media?parent=1660"}],"wp:term":[{"taxonomy":"category","embeddable":true,"href":"https:\/\/gruene-wiesbaden.de\/cs\/wp-json\/wp\/v2\/categories?post=1660"},{"taxonomy":"post_tag","embeddable":true,"href":"https:\/\/gruene-wiesbaden.de\/cs\/wp-json\/wp\/v2\/tags?post=1660"}],"curies":[{"name":"wp","href":"https:\/\/api.w.org\/{rel}","templated":true}]}}