{"id":1382,"date":"2025-11-10T00:34:27","date_gmt":"2025-11-09T22:34:27","guid":{"rendered":"https:\/\/gruene-wiesbaden.de\/?p=1382"},"modified":"2026-04-09T00:32:00","modified_gmt":"2026-04-08T22:32:00","slug":"nachhaltige-infrastruktur-und-waermewende","status":"publish","type":"post","link":"https:\/\/gruene-wiesbaden.de\/cs\/nachhaltige-infrastruktur-und-waermewende\/","title":{"rendered":"Udr\u017eiteln\u00e1 infrastruktura a p\u0159echod na teplo"},"content":{"rendered":"<section class=\"l-section wpb_row height_medium with_img\"><div class=\"l-section-img\" role=\"img\" data-img-width=\"1080\" data-img-height=\"800\" style=\"background-image: url(https:\/\/gruene-wiesbaden.de\/wp-content\/uploads\/2025\/11\/neuer-Verlauf-gruene-wiesbaden.de_-2-e1762709402177.png);\"><\/div><div class=\"l-section-overlay\" style=\"background:var(--color-header-top-transparent-bg)\"><\/div><div class=\"l-section-h i-cf\"><div class=\"g-cols vc_row via_grid cols_1 laptops-cols_inherit tablets-cols_inherit mobiles-cols_1 valign_top type_default stacking_default\"><div class=\"wpb_column vc_column_container\"><div class=\"vc_column-inner\"><h1 class=\"w-post-elm post_title us_custom_a574d586 has_text_color entry-title\">Udr\u017eiteln\u00e1 infrastruktura a p\u0159echod na teplo<\/h1><div class=\"w-separator size_medium\"><\/div><div class=\"g-cols wpb_row via_grid cols_2-1 laptops-cols_inherit tablets-cols_inherit mobiles-cols_1 valign_top type_default stacking_default\" style=\"--columns-gap:3rem;\"><div class=\"wpb_column vc_column_container\"><div class=\"vc_column-inner\"><div class=\"wpb_text_column us_custom_8b3d6790 has_text_color\"><div class=\"wpb_wrapper\"><p><span style=\"font-weight: 400;\">Ochrana klimatu za\u010d\u00edn\u00e1 na m\u00edst\u011b. Jsou to obce, kter\u00e9 mus\u00ed konkr\u00e9tn\u011b utv\u00e1\u0159et tepelnou transformaci, transformaci dopravy a p\u0159izp\u016fsoben\u00ed se zm\u011bn\u011b klimatu \u2013 s odoln\u00fdmi projekty, jasn\u00fdmi rozhodnut\u00edmi a spolehlivou strategi\u00ed pro nadch\u00e1zej\u00edc\u00ed desetilet\u00ed.<\/span><\/p>\n<p><span style=\"font-weight: 400;\">Praskliny potrub\u00ed a po\u0161kozen\u00ed kanalizace z\u00e1rove\u0148 ukazuj\u00ed, \u017ee dividenda infrastruktury z Gr\u00fcnderzeitu a pov\u00e1le\u010dn\u00fdch let byla vy\u010derp\u00e1na. P\u0159et\u00ed\u017een\u00ed renovac\u00ed neumo\u017e\u0148uje \u017e\u00e1dn\u00e9 dal\u0161\u00ed zpo\u017ed\u011bn\u00ed. Tak\u017ee d\u016fvod, pro\u010d dnes m\u00e1me tolik staveni\u0161\u0165, je ten, \u017ee jsme jich m\u011bli p\u0159\u00edli\u0161 m\u00e1lo.<\/span><\/p>\n<p><span style=\"font-weight: 400;\">Velk\u00fdm \u00fakolem na\u0161\u00ed generace je p\u0159izp\u016fsobit kan\u00e1ly, potrub\u00ed, potrub\u00ed a silnice ve Wiesbadenu zm\u011bn\u011bn\u00fdm po\u017eadavk\u016fm 21. stolet\u00ed.<\/span><\/p>\n<p><span style=\"font-weight: 400;\">Za\u010dali jsme s t\u00edmto: s pl\u00e1nem KLIMA_PLAN, obecn\u00edm pl\u00e1nem vyt\u00e1p\u011bn\u00ed a strategick\u00fdm pl\u00e1nov\u00e1n\u00edm infrastruktury. Chceme na t\u00e9to cest\u011b s odhodl\u00e1n\u00edm pokra\u010dovat \u2013 pro m\u011bsto, kter\u00e9 bude fungovat i z\u00edtra.<\/span><\/p>\n<\/div><\/div><div class=\"w-separator size_medium\"><\/div><div class=\"w-btn-wrapper align_left\"><a class=\"w-btn us-btn-style_8 icon_atleft\" href=\"https:\/\/gruene-wiesbaden.de\/cs\/kommunalwahl\/#Kapitel3\"><i class=\"fas fa-chevron-circle-right\"><\/i><span class=\"w-btn-label\">Zp\u011bt na p\u0159ehled<\/span><\/a><\/div><\/div><\/div><div class=\"wpb_column vc_column_container\"><div class=\"vc_column-inner\"><div class=\"w-image align_center\"><div class=\"w-image-h\"><img decoding=\"async\" width=\"1920\" height=\"2560\" src=\"https:\/\/gruene-wiesbaden.de\/wp-content\/uploads\/2025\/11\/3.4-Nachhaltige-Infrastruktur-und-Waermewende-scaled.jpg\" class=\"attachment-full size-full\" alt=\"\" loading=\"lazy\" srcset=\"https:\/\/gruene-wiesbaden.de\/wp-content\/uploads\/2025\/11\/3.4-Nachhaltige-Infrastruktur-und-Waermewende-scaled.jpg 1920w, https:\/\/gruene-wiesbaden.de\/wp-content\/uploads\/2025\/11\/3.4-Nachhaltige-Infrastruktur-und-Waermewende-300x400.jpg 300w, https:\/\/gruene-wiesbaden.de\/wp-content\/uploads\/2025\/11\/3.4-Nachhaltige-Infrastruktur-und-Waermewende-450x600.jpg 450w\" sizes=\"auto, (max-width: 1920px) 100vw, 1920px\" \/><\/div><\/div><div class=\"w-separator size_small\"><\/div><\/div><\/div><\/div><div class=\"w-separator size_medium\"><\/div><div class=\"w-separator size_medium\"><\/div><div class=\"wpb_text_column\"><div class=\"wpb_wrapper\"><h1>Co pro n\u00e1s znamen\u00e1 udr\u017eiteln\u00e1 infrastruktura a p\u0159echod na teplo<\/h1>\n<\/div><\/div><div class=\"w-separator size_large\"><\/div><div class=\"g-cols wpb_row via_grid cols_3 laptops-cols_inherit tablets-cols_inherit mobiles-cols_1 valign_top type_default stacking_default\" style=\"--columns-gap:3rem;\"><div class=\"wpb_column vc_column_container\"><div class=\"vc_column-inner\"><div class=\"w-iconbox us_custom_8b3d6790 has_text_color iconpos_left style_default color_custom align_left\"><div class=\"w-iconbox-icon\" style=\"font-size:2rem;--icon-color:#Ffffff;--icon-bg-color:var(--color-header-middle-bg);\"><i class=\"fas fa-layer-group\"><\/i><\/div><div class=\"w-iconbox-meta\"><h4 class=\"w-iconbox-title\" style=\"font-size:1.5rem;\">P\u0159\u00edprava Wiesbadenu na budoucnost<\/h4><div class=\"w-iconbox-text\"><p><span style=\"font-weight: 400;\">P\u0159iv\u00e1d\u00edme infrastrukturu Wiesbadenu do 21. stolet\u00ed \u2013 se zam\u011b\u0159en\u00edm na ochranu klimatu, digit\u00e1ln\u00ed konektivitu, obnoviteln\u00e9 zdroje energie, elektrifikaci dopravy a tepla, ochranu klimatu a p\u0159izp\u016fsoben\u00ed se zm\u011bn\u011b klimatu.<\/span><\/p>\n<\/div><\/div><\/div><\/div><\/div><div class=\"wpb_column vc_column_container\"><div class=\"vc_column-inner\"><div class=\"w-iconbox us_custom_8b3d6790 has_text_color iconpos_left style_default color_custom align_left\"><div class=\"w-iconbox-icon\" style=\"font-size:2rem;--icon-color:#Ffffff;--icon-bg-color:var(--color-header-transparent-text);\"><i class=\"fas fa-layer-group\"><\/i><\/div><div class=\"w-iconbox-meta\"><h4 class=\"w-iconbox-title\" style=\"font-size:1.5rem;\">Poh\u00e1n\u011bt p\u0159echod energie a tepla<\/h4><div class=\"w-iconbox-text\"><p><span style=\"font-weight: 400;\">Zejm\u00e9na komun\u00e1ln\u00ed ochrana klimatu znamen\u00e1 z\u00e1sobov\u00e1n\u00ed v\u0161ech budov v na\u0161em m\u011bst\u011b energi\u00ed a teplem z obnoviteln\u00fdch zdroj\u016f. Budeme d\u016fsledn\u011b pokra\u010dovat v nezbytn\u00e9 obnov\u011b a roz\u0161i\u0159ov\u00e1n\u00ed s\u00ed\u0165ov\u00e9 infrastruktury.<\/span><\/p>\n<\/div><\/div><\/div><\/div><\/div><div class=\"wpb_column vc_column_container\"><div class=\"vc_column-inner\"><div class=\"w-iconbox us_custom_8b3d6790 has_text_color iconpos_left style_default color_custom align_left\"><div class=\"w-iconbox-icon\" style=\"font-size:2rem;--icon-color:#Ffffff;--icon-bg-color:var(--color-header-transparent-text);\"><i class=\"fas fa-layer-group\"><\/i><\/div><div class=\"w-iconbox-meta\"><h4 class=\"w-iconbox-title\" style=\"font-size:1.5rem;\">Udr\u017eov\u00e1n\u00ed m\u011bsta v chodu<\/h4><div class=\"w-iconbox-text\"><p><span style=\"font-weight: 400;\">Stavebn\u00ed opat\u0159en\u00ed ve velk\u00e9m m\u011bst\u011b jsou tak\u00e9 tak n\u00e1ro\u010dn\u00e1 a zdlouhav\u00e1, proto\u017ee m\u011bsto nem\u016f\u017ee b\u00fdt jednodu\u0161e paralyzov\u00e1no a\u017e do dokon\u010den\u00ed. P\u0159\u00edstupnost byt\u016f, z\u00e1sobov\u00e1n\u00ed obchod\u016f a samoz\u0159ejm\u011b z\u00e1sobov\u00e1n\u00ed vodou a energi\u00ed, jako\u017e i likvidace odpadn\u00edch vod mus\u00ed b\u00fdt zaji\u0161t\u011bna trvale.<\/span><\/p>\n<\/div><\/div><\/div><\/div><\/div><\/div><div class=\"w-separator size_medium\"><\/div><div class=\"g-cols wpb_row via_grid cols_3 laptops-cols_inherit tablets-cols_inherit mobiles-cols_1 valign_top type_default stacking_default\" style=\"--columns-gap:3rem;\"><div class=\"wpb_column vc_column_container\"><div class=\"vc_column-inner\"><div class=\"w-iconbox us_custom_8b3d6790 has_text_color iconpos_left style_default color_custom align_left\"><div class=\"w-iconbox-icon\" style=\"font-size:2rem;--icon-color:#Ffffff;--icon-bg-color:var(--color-header-middle-bg);\"><i class=\"fas fa-layer-group\"><\/i><\/div><div class=\"w-iconbox-meta\"><h4 class=\"w-iconbox-title\" style=\"font-size:1.5rem;\">Vyu\u017e\u00edv\u00e1n\u00ed synergi\u00ed<\/h4><div class=\"w-iconbox-text\"><p><span style=\"font-weight: 400;\">Abychom byli schopni zvl\u00e1dnout a financovat hojnost \u00fakol\u016f, chceme je dopl\u0148ovat, stejn\u011b jako je to nutn\u00e9. Jakmile je silnice roztr\u017eena, m\u011bla by b\u00fdt cel\u00e1 infrastruktura pod n\u00ed renovov\u00e1na a silni\u010dn\u00ed prostor p\u0159izp\u016fsoben po\u017eadavk\u016fm 21. stolet\u00ed.<\/span><\/p>\n<\/div><\/div><\/div><\/div><\/div><div class=\"wpb_column vc_column_container\"><div class=\"vc_column-inner\"><div class=\"w-iconbox us_custom_8b3d6790 has_text_color iconpos_left style_default color_custom align_left\"><div class=\"w-iconbox-icon\" style=\"font-size:2rem;--icon-color:#Ffffff;--icon-bg-color:var(--color-header-transparent-text);\"><i class=\"fas fa-layer-group\"><\/i><\/div><div class=\"w-iconbox-meta\"><h4 class=\"w-iconbox-title\" style=\"font-size:1.5rem;\">Zaji\u0161t\u011bn\u00ed transparentnosti opat\u0159en\u00ed<\/h4><div class=\"w-iconbox-text\"><p><span style=\"font-weight: 400;\">Jasn\u00e9 informace o \u00fa\u010delu, c\u00edli a pr\u016fb\u011bhu stavebn\u00edch opat\u0159en\u00ed sni\u017euj\u00ed hn\u011bv. V\u011bt\u0161\u00ed transparentnost posiluje p\u0159ijet\u00ed a porozum\u011bn\u00ed mezi ob\u010dany. Chceme, aby m\u011bsto Wiesbaden komunikovalo je\u0161t\u011b aktivn\u011bji.<\/span><\/p>\n<\/div><\/div><\/div><\/div><\/div><div class=\"wpb_column vc_column_container\"><div class=\"vc_column-inner\"><div class=\"w-iconbox us_custom_8b3d6790 has_text_color iconpos_left style_default color_custom align_left\"><div class=\"w-iconbox-icon\" style=\"font-size:2rem;--icon-color:#Ffffff;--icon-bg-color:var(--color-header-transparent-text);\"><i class=\"fas fa-layer-group\"><\/i><\/div><div class=\"w-iconbox-meta\"><h4 class=\"w-iconbox-title\" style=\"font-size:1.5rem;\">Zv\u00fd\u0161en\u00ed odolnosti dopravn\u00edho syst\u00e9mu<\/h4><div class=\"w-iconbox-text\"><p><span style=\"font-weight: 400;\">Poruchy jsou o to siln\u011bj\u0161\u00ed, \u010d\u00edm hust\u0161\u00ed je automobilov\u00e1 doprava. P\u011b\u0161ky nebo na kole se obvykle dostanete p\u0159es lep\u0161\u00ed, a to zejm\u00e9na na mnoha staveni\u0161t\u00edch. \u0158\u00edd\u00edme dopravn\u00ed obr\u00e1tku a prosazujeme bezpe\u010dn\u00e9 veden\u00ed pro p\u011b\u0161\u00ed a cyklistickou dopravu, d\u00edky \u010demu\u017e je syst\u00e9m robustn\u011bj\u0161\u00ed a odoln\u011bj\u0161\u00ed.<\/span><\/p>\n<\/div><\/div><\/div><\/div><\/div><\/div><div class=\"w-separator size_medium\"><\/div><div class=\"w-btn-wrapper align_left\"><a class=\"w-btn us-btn-style_8 icon_atleft\" href=\"https:\/\/gruene-wiesbaden.de\/cs\/kommunalwahl\/#Kapitel3\"><i class=\"fas fa-chevron-circle-right\"><\/i><span class=\"w-btn-label\">Zp\u011bt na p\u0159ehled<\/span><\/a><\/div><div class=\"w-separator size_medium\"><\/div><\/div><\/div><\/div><\/div><\/section><section class=\"l-section wpb_row height_auto with_img\"><div class=\"l-section-img\" role=\"img\" data-img-width=\"1920\" data-img-height=\"2560\" style=\"background-image: url(https:\/\/gruene-wiesbaden.de\/wp-content\/uploads\/2025\/11\/3.4-Nachhaltige-Infrastruktur-und-Waermewende-scaled.jpg);background-position: top center;background-repeat: no-repeat;\"><\/div><div class=\"l-section-overlay\" style=\"background:var(--color-header-top-transparent-bg)\"><\/div><div class=\"l-section-h i-cf\"><div class=\"g-cols vc_row via_grid cols_1 laptops-cols_inherit tablets-cols_inherit mobiles-cols_1 valign_middle type_default stacking_default\" style=\"--columns-gap:1rem;\"><div class=\"wpb_column vc_column_container\"><div class=\"vc_column-inner\"><div class=\"w-separator size_large\"><\/div><div class=\"wpb_text_column background_inside_text\"><div class=\"wpb_wrapper\"><h1>Co konkr\u00e9tn\u011b chceme v t\u00e9to oblasti d\u011blat<\/h1>\n<\/div><\/div><div class=\"w-separator size_medium\"><\/div><div class=\"w-tabs us_custom_42d693a0 has_text_color style_default switch_click accordion has_scrolling\" style=\"--sections-title-size:1.4rem\"><div class=\"w-tabs-sections titles-align_none icon_chevron cpos_right\"><div class=\"w-tabs-section has_text_color\" id=\"f7d9\" style=\"background:var(--color-header-transparent-text);color:var(--color-header-top-text-hover);\"><button class=\"w-tabs-section-header\" aria-controls=\"content-f7d9\" aria-expanded=\"false\"><div class=\"w-tabs-section-title\">Spole\u010dn\u011b s ob\u010dany a podniky rozhodn\u011b prov\u00e1d\u011bjte p\u0159echod na vyt\u00e1p\u011bn\u00ed<\/div><div class=\"w-tabs-section-control\"><\/div><\/button><div  class=\"w-tabs-section-content\" id=\"content-f7d9\"><div class=\"w-tabs-section-content-h i-cf\"><div class=\"wpb_text_column\"><div class=\"wpb_wrapper\"><p><span style=\"font-weight: 400;\">P\u0159ijet\u00ed m\u011bstsk\u00e9ho pl\u00e1nu vyt\u00e1p\u011bn\u00ed nejpozd\u011bji v roce 2026 je v\u00fdchoz\u00edm sign\u00e1lem pro komplexn\u00ed renovaci dod\u00e1vek tepla v na\u0161em m\u011bst\u011b. Chceme tento obrovsk\u00fd \u00fakol d\u016fsledn\u011b \u0159e\u0161it a podporovat ob\u010dany, spole\u010dnosti a ve\u0159ejn\u00e9 slu\u017eby p\u0159i \u00fa\u010dinn\u00e9m a \u00fa\u010deln\u00e9m \u0159\u00edzen\u00ed transformace.<\/span><\/p>\n<p><span style=\"font-weight: 400;\">Za t\u00edmto \u00fa\u010delem jsme odhodl\u00e1ni z\u0159\u00eddit spole\u010dn\u00e9 poradensk\u00e9 centrum mezi m\u011bstem a provozovateli s\u00edt\u00ed, kter\u00e9 bude poskytovat n\u00edzkoprahov\u00e9 a praktick\u00e9 informace \u2013 nap\u0159\u00edklad o tom, jak lze budovy vyt\u00e1p\u011bt udr\u017eiteln\u00fdm zp\u016fsobem \u0161etrn\u00fdm ke klimatu. Sou\u010dasn\u011b jsme hnac\u00ed silou tepeln\u00e9 transformace v m\u011bstsk\u00fdch nemovitostech: \u0160kol\u00e1m, mate\u0159sk\u00fdm \u0161kol\u00e1m a ve\u0159ejn\u00fdm org\u00e1n\u016fm by m\u011bla b\u00fdt co nejd\u0159\u00edve poskytnuta klimaticky neutr\u00e1ln\u00ed p\u00e9\u010de.<\/span><\/p>\n<p><span style=\"font-weight: 400;\">Renovace infrastruktury je tak doprov\u00e1zena nejen technicky, ale tak\u00e9 komunikativn\u00edm zp\u016fsobem \u2013 jako z\u00e1klad pro spolehliv\u00e9, soci\u00e1ln\u011b spravedliv\u00e9 a ke klimatu \u0161etrn\u00e9 dod\u00e1vky tepla ve Wiesbadenu.<\/span><\/p>\n<\/div><\/div><\/div><\/div><\/div><div class=\"w-tabs-section has_text_color\" id=\"q8f7\" style=\"background:var(--color-header-transparent-text);color:var(--color-header-top-text-hover);\"><button class=\"w-tabs-section-header\" aria-controls=\"content-q8f7\" aria-expanded=\"false\"><div class=\"w-tabs-section-title\">Roz\u0161i\u0159ov\u00e1n\u00ed d\u00e1lkov\u00e9ho vyt\u00e1p\u011bn\u00ed ud\u00e1v\u00e1 tempo<\/div><div class=\"w-tabs-section-control\"><\/div><\/button><div  class=\"w-tabs-section-content\" id=\"content-q8f7\"><div class=\"w-tabs-section-content-h i-cf\"><div class=\"wpb_text_column\"><div class=\"wpb_wrapper\"><p><span style=\"font-weight: 400;\">Krom\u011b renovace st\u00e1vaj\u00edc\u00ed infrastruktury je hlavn\u00edm \u00fakolem p\u0159\u00ed\u0161t\u00edho desetilet\u00ed transformace s\u00edt\u00ed v pr\u016fb\u011bhu tepeln\u00e9 transformace. Zejm\u00e9na v historick\u00e9m centru m\u011bsta bude rozvoj d\u00e1lkov\u00e9ho vyt\u00e1p\u011bn\u00ed v cel\u00fdch okresech vy\u017eadovat zna\u010dn\u00e1 stavebn\u00ed opat\u0159en\u00ed. Pova\u017eujeme proto za u\u017eite\u010dn\u00e9 vyu\u017e\u00edt tato stavebn\u00ed opat\u0159en\u00ed jako hodiny pro zbytek modernizace \u2013 pod (kan\u00e1ly, potrub\u00ed, potrub\u00ed), na (silnici a chodn\u00edky) a nad (v\u00fdsadba, stromy, dob\u00edjec\u00ed infrastruktura) silnic\u00ed.<\/span><\/p>\n<\/div><\/div><\/div><\/div><\/div><div class=\"w-tabs-section has_text_color\" id=\"ha13\" style=\"background:var(--color-header-transparent-text);color:var(--color-header-top-text-hover);\"><button class=\"w-tabs-section-header\" aria-controls=\"content-ha13\" aria-expanded=\"false\"><div class=\"w-tabs-section-title\">Utv\u00e1\u0159en\u00ed roz\u0161i\u0159ov\u00e1n\u00ed s\u00edt\u011b a transformace energetiky zp\u016fsobem, kter\u00fd je slu\u010diteln\u00fd s p\u0159\u00edrodou<\/div><div class=\"w-tabs-section-control\"><\/div><\/button><div  class=\"w-tabs-section-content\" id=\"content-ha13\"><div class=\"w-tabs-section-content-h i-cf\"><div class=\"wpb_text_column\"><div class=\"wpb_wrapper\"><p><span style=\"font-weight: 400;\">Roz\u0161\u00ed\u0159en\u00ed na\u0161ich energetick\u00fdch s\u00edt\u00ed m\u00e1 z\u00e1sadn\u00ed v\u00fdznam pro \u00fasp\u011bch transformace energetiky. Jak pro obrat pohonu v odv\u011btv\u00ed dopravy, tak pro tepelnou transformaci v bytech a pro spolehlivost dod\u00e1vky jsou nov\u00e9 veden\u00ed a elektrick\u00e9 veden\u00ed naprosto nezbytn\u00e9. Chceme, aby si to m\u011bsto uv\u011bdomilo v co nejv\u011bt\u0161\u00ed harmonii s p\u0159\u00edrodou. Rozhodnut\u00ed o tom, kde a jak maj\u00ed b\u00fdt tyto trasy vybudov\u00e1ny (pozemn\u00ed veden\u00ed nebo podzemn\u00ed kabel\u00e1\u017e), by m\u011blo b\u00fdt u\u010din\u011bno zejm\u00e9na na z\u00e1klad\u011b ekologick\u00fdch krit\u00e9ri\u00ed. Prioritou by m\u011blo b\u00fdt vyu\u017e\u00edv\u00e1n\u00ed a optimalizace st\u00e1vaj\u00edc\u00edch koridor\u016f trat\u00ed a zabr\u00e1n\u011bn\u00ed z\u00e1sah\u016fm do citliv\u00fdch ekosyst\u00e9m\u016f prost\u0159ednictv\u00edm inteligentn\u00edho \u0159\u00edzen\u00ed trat\u00ed. Plochy pot\u0159ebn\u00e9 pro tento \u00fa\u010del (nap\u0159. nov\u00e9 rozvodny) maj\u00ed poskytovat trval\u00fd druhotn\u00fd u\u017eitek jako barevn\u00e9, druhov\u011b bohat\u00e9 kvetouc\u00ed louky. Chceme transparentn\u00ed postupy s v\u010dasn\u00fdm zapojen\u00edm v\u0161ech dot\u010den\u00fdch osob.<\/span><\/p>\n<\/div><\/div><\/div><\/div><\/div><div class=\"w-tabs-section has_text_color\" id=\"kb4c\" style=\"background:var(--color-header-middle-bg);color:var(--color-content-heading);\"><button class=\"w-tabs-section-header\" aria-controls=\"content-kb4c\" aria-expanded=\"false\"><div class=\"w-tabs-section-title\">Vytvo\u0159en\u00ed odoln\u00e9ho dopravn\u00edho syst\u00e9mu<\/div><div class=\"w-tabs-section-control\"><\/div><\/button><div  class=\"w-tabs-section-content\" id=\"content-kb4c\"><div class=\"w-tabs-section-content-h i-cf\"><div class=\"wpb_text_column\"><div class=\"wpb_wrapper\"><p><span style=\"font-weight: 400;\">Bohu\u017eel, staveni\u0161t\u011b spojen\u00e1 s modernizac\u00ed infrastruktury jsou spojena s v\u00fdrazn\u00fdm naru\u0161en\u00edm dopravy, kter\u00e9 jsou o to drasti\u010dt\u011bj\u0161\u00ed, \u010d\u00edm v\u00edce je ve m\u011bst\u011b automobilov\u00e1 doprava. \u010c\u00edm v\u00edce lid\u00ed \u0159\u00edd\u00ed sv\u00e9 cesty bez automobil\u016f, t\u00edm lep\u0161\u00ed je provoz, tak\u017ee je nezbytn\u00e9 zajistit plynulost, bezpe\u010dnost a spolehlivost autobusov\u00e9ho, cyklistick\u00e9ho a p\u011b\u0161\u00edho provozu, a to i b\u011bhem stavebn\u00edch prac\u00ed.<\/span><\/p>\n<\/div><\/div><\/div><\/div><\/div><div class=\"w-tabs-section has_text_color\" id=\"kc74\" style=\"background:var(--color-header-transparent-text);color:var(--color-header-top-text-hover);\"><button class=\"w-tabs-section-header\" aria-controls=\"content-kc74\" aria-expanded=\"false\"><div class=\"w-tabs-section-title\">Komunikujte transparentn\u011b<\/div><div class=\"w-tabs-section-control\"><\/div><\/button><div  class=\"w-tabs-section-content\" id=\"content-kc74\"><div class=\"w-tabs-section-content-h i-cf\"><div class=\"wpb_text_column\"><div class=\"wpb_wrapper\"><p><span style=\"font-weight: 400;\">Nep\u0159\u00edjemnost \u010dasto spojen\u00e1 se stavbami je tak\u00e9 zp\u016fsobena nedostatkem informac\u00ed o \u00fa\u010delu, \u00fa\u010delu a dob\u011b trv\u00e1n\u00ed stavebn\u00edch prac\u00ed. Zajist\u00edme, aby byla ve\u0159ejnost na v\u0161ech v\u00fdznamn\u00fdch staveni\u0161t\u00edch na staveni\u0161ti informov\u00e1na o tom, kdo tam pracuje, pro\u010d a do kdy. Za t\u00edmto \u00fa\u010delem by m\u011bly existovat standardizovan\u00e9 zna\u010dky s nejd\u016fle\u017eit\u011bj\u0161\u00edmi informacemi.<\/span><\/p>\n<p><span style=\"font-weight: 400;\">Online mapa staveni\u0161t\u011b by m\u011bla b\u00fdt integrov\u00e1na do digit\u00e1ln\u00edho dvoj\u010dete a m\u011bla by umo\u017enit co nejaktu\u00e1ln\u011bj\u0161\u00ed stav st\u00e1vaj\u00edc\u00edch staveni\u0161\u0165, jako\u017e i n\u00e1hled nadch\u00e1zej\u00edc\u00edch opat\u0159en\u00ed.<\/span><\/p>\n<\/div><\/div><\/div><\/div><\/div><div class=\"w-tabs-section has_text_color\" id=\"od8c\" style=\"background:var(--color-header-middle-bg);color:var(--color-header-middle-text);\"><button class=\"w-tabs-section-header\" aria-controls=\"content-od8c\" aria-expanded=\"false\"><div class=\"w-tabs-section-title\">Inteligentn\u011b pl\u00e1novat staveni\u0161t\u011b<\/div><div class=\"w-tabs-section-control\"><\/div><\/button><div  class=\"w-tabs-section-content\" id=\"content-od8c\"><div class=\"w-tabs-section-content-h i-cf\"><div class=\"wpb_text_column\"><div class=\"wpb_wrapper\"><p><span style=\"font-weight: 400;\">Stavebn\u00ed pozemky jsou otravn\u00e9. Aby se po\u0161kozen\u00ed udr\u017eelo na co nejni\u017e\u0161\u00ed \u00farovni, je nutn\u00e1 pe\u010dliv\u00e1 koordinace v\u0161ech stavebn\u00edch opat\u0159en\u00ed. Maj\u00ed b\u00fdt koordinov\u00e1ny a pl\u00e1nov\u00e1ny tak, aby byly zachov\u00e1ny dopravn\u00ed toky a sn\u00ed\u017eeny n\u00e1klady. Prost\u0159ednictv\u00edm inteligentn\u00edho pl\u00e1nov\u00e1n\u00ed sni\u017eujeme z\u00e1t\u011b\u017e pro obyvatele, \u017eivotn\u00ed prost\u0159ed\u00ed a ekonomiku, jako\u017e i dopad na kvalitu \u017eivota v na\u0161em m\u011bst\u011b, a z\u00e1rove\u0148 zaji\u0161\u0165ujeme rychl\u00fd a \u00fa\u010dinn\u00fd pokrok opat\u0159en\u00ed.<\/span><\/p>\n<\/div><\/div><\/div><\/div><\/div><div class=\"w-tabs-section has_text_color\" id=\"webf\" style=\"background:var(--color-header-transparent-text);color:var(--color-header-top-text-hover);\"><button class=\"w-tabs-section-header\" aria-controls=\"content-webf\" aria-expanded=\"false\"><div class=\"w-tabs-section-title\">Digit\u00e1ln\u00ed dvoj\u010de \u2013 z\u00e1klad inteligentn\u00ed infrastruktury<\/div><div class=\"w-tabs-section-control\"><\/div><\/button><div  class=\"w-tabs-section-content\" id=\"content-webf\"><div class=\"w-tabs-section-content-h i-cf\"><div class=\"wpb_text_column\"><div class=\"wpb_wrapper\"><p><span style=\"font-weight: 400;\">Spole\u010dnost Wiesbaden zavedla v roce 2025 digit\u00e1ln\u00ed dvoj\u010de \u2013 kl\u00ed\u010dov\u00fd n\u00e1stroj ke zv\u00fd\u0161en\u00ed \u00fa\u010dinnosti, transparentnosti a udr\u017eitelnosti pl\u00e1nov\u00e1n\u00ed infrastruktury a rozvoje m\u011bst. Propojen\u00edm sou\u010dasn\u00fdch \u00fadaj\u016f o projektech v oblasti dopravy, energetiky, vody, klimatu a stavebnictv\u00ed lze v ran\u00e9 f\u00e1zi identifikovat dopady siln\u00fdch de\u0161\u0165\u016f, tepeln\u00fdch ostrov\u016f a povod\u0148ov\u00fdch rizik. C\u00edlen\u011b lze pl\u00e1novat a prov\u00e1d\u011bt mimo jin\u00e9 opat\u0159en\u00ed pro p\u0159izp\u016fsoben\u00ed se zm\u011bn\u011b klimatu, ochranu p\u0159ed povodn\u011bmi nebo m\u011bstskou logistiku.<\/span><\/p>\n<p><span style=\"font-weight: 400;\">Spole\u010dnost GR\u00dcNE chce neust\u00e1le roz\u0161i\u0159ovat digit\u00e1ln\u00ed dvoj\u010de, aby se Wiesbaden stal pr\u016fkopnick\u00fdm m\u011bstem pro s\u00ed\u0165ovou, klimaticky odolnou a udr\u017eitelnou infrastrukturu.<\/span><\/p>\n<\/div><\/div><\/div><\/div><\/div><\/div><\/div><div class=\"w-separator size_medium\"><\/div><div class=\"w-btn-wrapper align_left\"><a class=\"w-btn us-btn-style_8 icon_atleft\" href=\"https:\/\/gruene-wiesbaden.de\/cs\/kommunalwahl\/#Kapitel3\"><i class=\"fas fa-chevron-circle-right\"><\/i><span class=\"w-btn-label\">Zp\u011bt na p\u0159ehled<\/span><\/a><\/div><div class=\"w-separator size_large\"><\/div><div class=\"wpb_text_column\"><div class=\"wpb_wrapper\"><h1>\u010ceho jsme ji\u017e dos\u00e1hli<\/h1>\n<\/div><\/div><div class=\"w-separator size_medium\"><\/div><div class=\"w-tabs us_custom_42d693a0 has_text_color style_default switch_click accordion has_scrolling\" style=\"--sections-title-size:1.4rem\"><div class=\"w-tabs-sections titles-align_none icon_chevron cpos_right\"><div class=\"w-tabs-section has_text_color\" id=\"hec6\" style=\"background:var(--color-header-transparent-text);color:var(--color-header-top-text-hover);\"><button class=\"w-tabs-section-header\" aria-controls=\"content-hec6\" aria-expanded=\"false\"><div class=\"w-tabs-section-title\">Pr\u016fkopn\u00edk v pl\u00e1nov\u00e1n\u00ed m\u011bstsk\u00e9ho vyt\u00e1p\u011bn\u00ed<\/div><div class=\"w-tabs-section-control\"><\/div><\/button><div  class=\"w-tabs-section-content\" id=\"content-hec6\"><div class=\"w-tabs-section-content-h i-cf\"><div class=\"wpb_text_column\"><div class=\"wpb_wrapper\"><p><span style=\"font-weight: 400;\">Spole\u010dnost Wiesbaden zah\u00e1jila pl\u00e1nov\u00e1n\u00ed vyt\u00e1p\u011bn\u00ed v ran\u00e9 f\u00e1zi s c\u00edlem ur\u010dit, jak lze do v\u0161ech budov dod\u00e1vat teplo udr\u017eiteln\u00fdm a klimaticky \u0161etrn\u00fdm zp\u016fsobem v budoucnosti. Ve spolupr\u00e1ci s n\u011bmeckou agenturou pro \u017eivotn\u00ed prost\u0159ed\u00ed (Umweltamt) a spole\u010dnost\u00ed ESWE byla popt\u00e1vka po teple analyzov\u00e1na zp\u016fsobem specifick\u00fdm pro dan\u00fd d\u016fm, byly identifikov\u00e1ny potenci\u00e1ln\u00ed zdroje tepla a byly vypracov\u00e1ny po\u010d\u00e1te\u010dn\u00ed n\u00e1vrhy pro oblasti dod\u00e1vek. V\u00fdsledky si m\u016f\u017ee v digit\u00e1ln\u00edm dvoj\u010deti prohl\u00e9dnout ka\u017ed\u00fd.<\/span><\/p>\n<p><span style=\"font-weight: 400;\">Kdy\u017e jsou v roce 2026 definov\u00e1ny oblasti dod\u00e1vek a je p\u0159ijat pl\u00e1n vyt\u00e1p\u011bn\u00ed, existuje jistota pl\u00e1nov\u00e1n\u00ed pro provozovatele s\u00edt\u00ed a v\u0161echny vlastn\u00edky nemovitost\u00ed. To je to, k \u010demu jsme se zav\u00e1zali. Transparentn\u00edm a progresivn\u00edm procesem nastavujeme sm\u011br pro p\u0159em\u011bnu na\u0161\u00ed dodavatelsk\u00e9 infrastruktury v p\u0159\u00ed\u0161t\u00edch dvou desetilet\u00edch.<\/span><\/p>\n<\/div><\/div><\/div><\/div><\/div><div class=\"w-tabs-section has_text_color\" id=\"sfef\" style=\"background:var(--color-header-transparent-text);color:var(--color-header-top-text-hover);\"><button class=\"w-tabs-section-header\" aria-controls=\"content-sfef\" aria-expanded=\"false\"><div class=\"w-tabs-section-title\">Redesign Schwalbacher Stra\u00dfe<\/div><div class=\"w-tabs-section-control\"><\/div><\/button><div  class=\"w-tabs-section-content\" id=\"content-sfef\"><div class=\"w-tabs-section-content-h i-cf\"><div class=\"wpb_text_column\"><div class=\"wpb_wrapper\"><p><span style=\"font-weight: 400;\">Vyu\u017eili jsme t\u00e9to p\u0159\u00edle\u017eitosti a spojili prob\u00edhaj\u00edc\u00ed roz\u0161i\u0159ov\u00e1n\u00ed d\u00e1lkov\u00e9ho vyt\u00e1p\u011bn\u00ed a renovaci podzemn\u00edch s\u00edt\u00ed se z\u00e1sadn\u00edm p\u0159epracov\u00e1n\u00edm Schwalbacher Stra\u00dfe.<\/span><\/p>\n<p><span style=\"font-weight: 400;\">\u0160irok\u00e1 d\u00e1lni\u010dn\u00ed dopravn\u00ed osa, kter\u00e1 odd\u011bluje Westend a centrum m\u011bsta, se kone\u010dn\u011b st\u00e1v\u00e1 propustnou a \u017eivou. Bude p\u0159erozd\u011blen ve\u0159ejn\u00fd prostor, zlep\u0161\u00ed se p\u0159echody pro chodce, roz\u0161\u00ed\u0159\u00ed se chodn\u00edky, vysad\u00ed se stromy, vytvo\u0159\u00ed se zelen\u00e9 plochy, vytvo\u0159\u00ed se posezen\u00ed a vytvo\u0159\u00ed se p\u0159\u00edle\u017eitosti pro venkovn\u00ed stolov\u00e1n\u00ed. Co bylo po\u017eadov\u00e1no od demolice vysok\u00e9ho mostu, nyn\u00ed realizujeme: Asfaltov\u00e1 pou\u0161\u0165 se st\u00e1v\u00e1 udr\u017eiteln\u00fdm m\u011bstsk\u00fdm prostorem, atraktivn\u00edm bulv\u00e1rem, kter\u00fd spojuje m\u00edsto odd\u011bluje.<\/span><\/p>\n<\/div><\/div><\/div><\/div><\/div><div class=\"w-tabs-section has_text_color\" id=\"z10b\" style=\"background:var(--color-header-transparent-text);color:var(--color-header-top-text-hover);\"><button class=\"w-tabs-section-header\" aria-controls=\"content-z10b\" aria-expanded=\"false\"><div class=\"w-tabs-section-title\">Elektrick\u00fd rozbo\u010dova\u010d na parkovi\u0161ti Els\u00e4sser Platz<\/div><div class=\"w-tabs-section-control\"><\/div><\/button><div  class=\"w-tabs-section-content\" id=\"content-z10b\"><div class=\"w-tabs-section-content-h i-cf\"><div class=\"wpb_text_column\"><div class=\"wpb_wrapper\"><p><span style=\"font-weight: 400;\">Na Alsask\u00e9m n\u00e1m\u011bst\u00ed byla postavena pln\u011b elektrifikovan\u00e1 \u010dtvr\u0165ov\u00e1 gar\u00e1\u017e pro Westend s 429 parkovac\u00edmi m\u00edsty s vlastn\u00ed elektrickou nab\u00edjec\u00ed stanic\u00ed, v\u010detn\u011b osmi rychlonab\u00edjec\u00edch stanic. Vytv\u00e1\u0159\u00ed ve\u0159ejnou dob\u00edjec\u00ed infrastrukturu, kde je obt\u00ed\u017en\u00e9 instalovat soukrom\u00e9 wallboxy. D\u00edky tomu je elektromobilita p\u0159\u00edstupn\u00e1 n\u00e1jemc\u016fm a obyvatel\u016fm p\u0159ilehl\u00e9 obytn\u00e9 \u010dtvrti bez vlastn\u00edho parkovac\u00edho m\u00edsta. Parkov\u00e1n\u00ed na kole, autobusov\u00e9 spojen\u00ed a dobr\u00e1 dostupnost po stezce pro p\u011b\u0161\u00ed usnad\u0148uj\u00ed stezky. Inteligentn\u00ed \u0159\u00edzen\u00ed obsazenosti s rozpozn\u00e1v\u00e1n\u00edm pozn\u00e1vac\u00edch zna\u010dek zaji\u0161\u0165uje efektivn\u00ed vyu\u017eit\u00ed. Projekt posiluje obrat v nejhust\u011bji obydlen\u00e9 n\u011bmeck\u00e9 \u010dtvrti a ukazuje, jak kombinovat modern\u00ed infrastrukturu a mobilitu \u0161etrnou ke klimatu.<\/span><\/p>\n<\/div><\/div><\/div><\/div><\/div><\/div><\/div><div class=\"w-separator size_medium\"><\/div><div class=\"w-btn-wrapper align_left\"><a class=\"w-btn us-btn-style_8 icon_atleft\" href=\"https:\/\/gruene-wiesbaden.de\/cs\/kommunalwahl\/#Kapitel3\"><i class=\"fas fa-chevron-circle-right\"><\/i><span class=\"w-btn-label\">Zp\u011bt na p\u0159ehled<\/span><\/a><\/div><div class=\"w-separator size_large\"><\/div><\/div><\/div><\/div><\/div><\/section>","protected":false},"excerpt":{"rendered":"Udr\u017eiteln\u00e1 infrastruktura a p\u0159echod na teploOchrana klimatu za\u010d\u00edn\u00e1 na m\u00edst\u011b. Jsou to obce, kter\u00e9 mus\u00ed konkr\u00e9tn\u011b utv\u00e1\u0159et tepelnou transformaci, transformaci dopravy a p\u0159izp\u016fsoben\u00ed se zm\u011bn\u011b klimatu \u2013 s odoln\u00fdmi projekty, jasn\u00fdmi rozhodnut\u00edmi a spolehlivou strategi\u00ed pro nadch\u00e1zej\u00edc\u00ed desetilet\u00ed. Praskliny potrub\u00ed a po\u0161kozen\u00ed kanalizace z\u00e1rove\u0148 ukazuj\u00ed, \u017ee dividenda infrastruktury z Gr\u00fcnderzeitu a pov\u00e1le\u010dn\u00fdch let byla vy\u010derp\u00e1na. P\u0159et\u00ed\u017een\u00ed renovac\u00ed neumo\u017e\u0148uje \u017e\u00e1dn\u00e9 dal\u0161\u00ed zpo\u017ed\u011bn\u00ed....","protected":false},"author":1,"featured_media":1543,"comment_status":"closed","ping_status":"closed","sticky":false,"template":"","format":"standard","meta":{"footnotes":""},"categories":[16],"tags":[],"class_list":["post-1382","post","type-post","status-publish","format-standard","has-post-thumbnail","hentry","category-kapitel-3"],"yoast_head":"<!-- This site is optimized with the Yoast SEO plugin v27.5 - https:\/\/yoast.com\/product\/yoast-seo-wordpress\/ -->\n<title>Nachhaltige Infrastruktur und W\u00e4rmewende - B\u00dcNDNIS 90\/DIE GR\u00dcNEN Wiesbaden<\/title>\n<meta name=\"robots\" content=\"index, follow, max-snippet:-1, max-image-preview:large, max-video-preview:-1\" \/>\n<link rel=\"canonical\" href=\"https:\/\/gruene-wiesbaden.de\/cs\/nachhaltige-infrastruktur-und-waermewende\/\" \/>\n<meta property=\"og:locale\" content=\"cs_CZ\" \/>\n<meta property=\"og:type\" content=\"article\" \/>\n<meta property=\"og:title\" content=\"Nachhaltige Infrastruktur und W\u00e4rmewende - B\u00dcNDNIS 90\/DIE GR\u00dcNEN Wiesbaden\" \/>\n<meta property=\"og:url\" content=\"https:\/\/gruene-wiesbaden.de\/cs\/nachhaltige-infrastruktur-und-waermewende\/\" \/>\n<meta property=\"og:site_name\" content=\"B\u00dcNDNIS 90\/DIE GR\u00dcNEN Wiesbaden\" \/>\n<meta property=\"article:publisher\" content=\"https:\/\/www.facebook.com\/gruene.wi\" \/>\n<meta property=\"article:published_time\" content=\"2025-11-09T22:34:27+00:00\" \/>\n<meta property=\"article:modified_time\" content=\"2026-04-08T22:32:00+00:00\" \/>\n<meta property=\"og:image\" content=\"https:\/\/gruene-wiesbaden.de\/wp-content\/uploads\/2025\/11\/3.4-Nachhaltige-Infrastruktur-und-Waermewende-scaled.jpg\" \/>\n\t<meta property=\"og:image:width\" content=\"1920\" \/>\n\t<meta property=\"og:image:height\" content=\"2560\" \/>\n\t<meta property=\"og:image:type\" content=\"image\/jpeg\" \/>\n<meta name=\"author\" content=\"admin\" \/>\n<meta name=\"twitter:card\" content=\"summary_large_image\" \/>\n<meta name=\"twitter:label1\" content=\"Napsal(a)\" \/>\n\t<meta name=\"twitter:data1\" content=\"admin\" \/>\n\t<meta name=\"twitter:label2\" content=\"Odhadovan\u00e1 doba \u010dten\u00ed\" \/>\n\t<meta name=\"twitter:data2\" content=\"9 minutes\" \/>\n<script type=\"application\/ld+json\" class=\"yoast-schema-graph\">{\"@context\":\"https:\\\/\\\/schema.org\",\"@graph\":[{\"@type\":\"Article\",\"@id\":\"https:\\\/\\\/gruene-wiesbaden.de\\\/nachhaltige-infrastruktur-und-waermewende\\\/#article\",\"isPartOf\":{\"@id\":\"https:\\\/\\\/gruene-wiesbaden.de\\\/nachhaltige-infrastruktur-und-waermewende\\\/\"},\"author\":{\"name\":\"admin\",\"@id\":\"https:\\\/\\\/gruene-wiesbaden.de\\\/#\\\/schema\\\/person\\\/6785c34779159cd4fd86886bb097afe9\"},\"headline\":\"Nachhaltige Infrastruktur und W\u00e4rmewende\",\"datePublished\":\"2025-11-09T22:34:27+00:00\",\"dateModified\":\"2026-04-08T22:32:00+00:00\",\"mainEntityOfPage\":{\"@id\":\"https:\\\/\\\/gruene-wiesbaden.de\\\/nachhaltige-infrastruktur-und-waermewende\\\/\"},\"wordCount\":2433,\"publisher\":{\"@id\":\"https:\\\/\\\/gruene-wiesbaden.de\\\/#organization\"},\"image\":{\"@id\":\"https:\\\/\\\/gruene-wiesbaden.de\\\/nachhaltige-infrastruktur-und-waermewende\\\/#primaryimage\"},\"thumbnailUrl\":\"https:\\\/\\\/gruene-wiesbaden.de\\\/wp-content\\\/uploads\\\/2025\\\/11\\\/3.4-Nachhaltige-Infrastruktur-und-Waermewende-scaled.jpg\",\"articleSection\":[\"Kapitel 3\"],\"inLanguage\":\"cs-CZ\"},{\"@type\":\"WebPage\",\"@id\":\"https:\\\/\\\/gruene-wiesbaden.de\\\/nachhaltige-infrastruktur-und-waermewende\\\/\",\"url\":\"https:\\\/\\\/gruene-wiesbaden.de\\\/nachhaltige-infrastruktur-und-waermewende\\\/\",\"name\":\"Nachhaltige Infrastruktur und W\u00e4rmewende - B\u00dcNDNIS 90\\\/DIE GR\u00dcNEN Wiesbaden\",\"isPartOf\":{\"@id\":\"https:\\\/\\\/gruene-wiesbaden.de\\\/#website\"},\"primaryImageOfPage\":{\"@id\":\"https:\\\/\\\/gruene-wiesbaden.de\\\/nachhaltige-infrastruktur-und-waermewende\\\/#primaryimage\"},\"image\":{\"@id\":\"https:\\\/\\\/gruene-wiesbaden.de\\\/nachhaltige-infrastruktur-und-waermewende\\\/#primaryimage\"},\"thumbnailUrl\":\"https:\\\/\\\/gruene-wiesbaden.de\\\/wp-content\\\/uploads\\\/2025\\\/11\\\/3.4-Nachhaltige-Infrastruktur-und-Waermewende-scaled.jpg\",\"datePublished\":\"2025-11-09T22:34:27+00:00\",\"dateModified\":\"2026-04-08T22:32:00+00:00\",\"breadcrumb\":{\"@id\":\"https:\\\/\\\/gruene-wiesbaden.de\\\/nachhaltige-infrastruktur-und-waermewende\\\/#breadcrumb\"},\"inLanguage\":\"cs-CZ\",\"potentialAction\":[{\"@type\":\"ReadAction\",\"target\":[\"https:\\\/\\\/gruene-wiesbaden.de\\\/nachhaltige-infrastruktur-und-waermewende\\\/\"]}]},{\"@type\":\"ImageObject\",\"inLanguage\":\"cs-CZ\",\"@id\":\"https:\\\/\\\/gruene-wiesbaden.de\\\/nachhaltige-infrastruktur-und-waermewende\\\/#primaryimage\",\"url\":\"https:\\\/\\\/gruene-wiesbaden.de\\\/wp-content\\\/uploads\\\/2025\\\/11\\\/3.4-Nachhaltige-Infrastruktur-und-Waermewende-scaled.jpg\",\"contentUrl\":\"https:\\\/\\\/gruene-wiesbaden.de\\\/wp-content\\\/uploads\\\/2025\\\/11\\\/3.4-Nachhaltige-Infrastruktur-und-Waermewende-scaled.jpg\",\"width\":1920,\"height\":2560},{\"@type\":\"BreadcrumbList\",\"@id\":\"https:\\\/\\\/gruene-wiesbaden.de\\\/nachhaltige-infrastruktur-und-waermewende\\\/#breadcrumb\",\"itemListElement\":[{\"@type\":\"ListItem\",\"position\":1,\"name\":\"Startseite\",\"item\":\"https:\\\/\\\/gruene-wiesbaden.de\\\/\"},{\"@type\":\"ListItem\",\"position\":2,\"name\":\"Nachhaltige Infrastruktur und W\u00e4rmewende\"}]},{\"@type\":\"WebSite\",\"@id\":\"https:\\\/\\\/gruene-wiesbaden.de\\\/#website\",\"url\":\"https:\\\/\\\/gruene-wiesbaden.de\\\/\",\"name\":\"DIE GR\u00dcNEN Wiesbaden\",\"description\":\"\",\"publisher\":{\"@id\":\"https:\\\/\\\/gruene-wiesbaden.de\\\/#organization\"},\"potentialAction\":[{\"@type\":\"SearchAction\",\"target\":{\"@type\":\"EntryPoint\",\"urlTemplate\":\"https:\\\/\\\/gruene-wiesbaden.de\\\/?s={search_term_string}\"},\"query-input\":{\"@type\":\"PropertyValueSpecification\",\"valueRequired\":true,\"valueName\":\"search_term_string\"}}],\"inLanguage\":\"cs-CZ\"},{\"@type\":\"Organization\",\"@id\":\"https:\\\/\\\/gruene-wiesbaden.de\\\/#organization\",\"name\":\"DIE GR\u00dcNEN Wiesbaden\",\"url\":\"https:\\\/\\\/gruene-wiesbaden.de\\\/\",\"logo\":{\"@type\":\"ImageObject\",\"inLanguage\":\"cs-CZ\",\"@id\":\"https:\\\/\\\/gruene-wiesbaden.de\\\/#\\\/schema\\\/logo\\\/image\\\/\",\"url\":\"https:\\\/\\\/gruene-wiesbaden-fuer-europa.de\\\/wp-content\\\/uploads\\\/2024\\\/04\\\/Machen-was-zaehlt-5.png\",\"contentUrl\":\"https:\\\/\\\/gruene-wiesbaden-fuer-europa.de\\\/wp-content\\\/uploads\\\/2024\\\/04\\\/Machen-was-zaehlt-5.png\",\"width\":1772,\"height\":1772,\"caption\":\"DIE GR\u00dcNEN Wiesbaden\"},\"image\":{\"@id\":\"https:\\\/\\\/gruene-wiesbaden.de\\\/#\\\/schema\\\/logo\\\/image\\\/\"},\"sameAs\":[\"https:\\\/\\\/www.facebook.com\\\/gruene.wi\",\"https:\\\/\\\/instagram.com\\\/gruene_wi\"]},{\"@type\":\"Person\",\"@id\":\"https:\\\/\\\/gruene-wiesbaden.de\\\/#\\\/schema\\\/person\\\/6785c34779159cd4fd86886bb097afe9\",\"name\":\"admin\",\"sameAs\":[\"http:\\\/\\\/gruene-wiesbaden-fuer-europa.de\"],\"url\":\"https:\\\/\\\/gruene-wiesbaden.de\\\/cs\\\/author\\\/admin\\\/\"}]}<\/script>\n<!-- \/ Yoast SEO plugin. -->","yoast_head_json":{"title":"Nachhaltige Infrastruktur und W\u00e4rmewende - B\u00dcNDNIS 90\/DIE GR\u00dcNEN Wiesbaden","robots":{"index":"index","follow":"follow","max-snippet":"max-snippet:-1","max-image-preview":"max-image-preview:large","max-video-preview":"max-video-preview:-1"},"canonical":"https:\/\/gruene-wiesbaden.de\/cs\/nachhaltige-infrastruktur-und-waermewende\/","og_locale":"cs_CZ","og_type":"article","og_title":"Nachhaltige Infrastruktur und W\u00e4rmewende - B\u00dcNDNIS 90\/DIE GR\u00dcNEN Wiesbaden","og_url":"https:\/\/gruene-wiesbaden.de\/cs\/nachhaltige-infrastruktur-und-waermewende\/","og_site_name":"B\u00dcNDNIS 90\/DIE GR\u00dcNEN Wiesbaden","article_publisher":"https:\/\/www.facebook.com\/gruene.wi","article_published_time":"2025-11-09T22:34:27+00:00","article_modified_time":"2026-04-08T22:32:00+00:00","og_image":[{"width":1920,"height":2560,"url":"https:\/\/gruene-wiesbaden.de\/wp-content\/uploads\/2025\/11\/3.4-Nachhaltige-Infrastruktur-und-Waermewende-scaled.jpg","type":"image\/jpeg"}],"author":"admin","twitter_card":"summary_large_image","twitter_misc":{"Napsal(a)":"admin","Odhadovan\u00e1 doba \u010dten\u00ed":"9 minutes"},"schema":{"@context":"https:\/\/schema.org","@graph":[{"@type":"Article","@id":"https:\/\/gruene-wiesbaden.de\/nachhaltige-infrastruktur-und-waermewende\/#article","isPartOf":{"@id":"https:\/\/gruene-wiesbaden.de\/nachhaltige-infrastruktur-und-waermewende\/"},"author":{"name":"admin","@id":"https:\/\/gruene-wiesbaden.de\/#\/schema\/person\/6785c34779159cd4fd86886bb097afe9"},"headline":"Nachhaltige Infrastruktur und W\u00e4rmewende","datePublished":"2025-11-09T22:34:27+00:00","dateModified":"2026-04-08T22:32:00+00:00","mainEntityOfPage":{"@id":"https:\/\/gruene-wiesbaden.de\/nachhaltige-infrastruktur-und-waermewende\/"},"wordCount":2433,"publisher":{"@id":"https:\/\/gruene-wiesbaden.de\/#organization"},"image":{"@id":"https:\/\/gruene-wiesbaden.de\/nachhaltige-infrastruktur-und-waermewende\/#primaryimage"},"thumbnailUrl":"https:\/\/gruene-wiesbaden.de\/wp-content\/uploads\/2025\/11\/3.4-Nachhaltige-Infrastruktur-und-Waermewende-scaled.jpg","articleSection":["Kapitel 3"],"inLanguage":"cs-CZ"},{"@type":"WebPage","@id":"https:\/\/gruene-wiesbaden.de\/nachhaltige-infrastruktur-und-waermewende\/","url":"https:\/\/gruene-wiesbaden.de\/nachhaltige-infrastruktur-und-waermewende\/","name":"Nachhaltige Infrastruktur und W\u00e4rmewende - B\u00dcNDNIS 90\/DIE GR\u00dcNEN Wiesbaden","isPartOf":{"@id":"https:\/\/gruene-wiesbaden.de\/#website"},"primaryImageOfPage":{"@id":"https:\/\/gruene-wiesbaden.de\/nachhaltige-infrastruktur-und-waermewende\/#primaryimage"},"image":{"@id":"https:\/\/gruene-wiesbaden.de\/nachhaltige-infrastruktur-und-waermewende\/#primaryimage"},"thumbnailUrl":"https:\/\/gruene-wiesbaden.de\/wp-content\/uploads\/2025\/11\/3.4-Nachhaltige-Infrastruktur-und-Waermewende-scaled.jpg","datePublished":"2025-11-09T22:34:27+00:00","dateModified":"2026-04-08T22:32:00+00:00","breadcrumb":{"@id":"https:\/\/gruene-wiesbaden.de\/nachhaltige-infrastruktur-und-waermewende\/#breadcrumb"},"inLanguage":"cs-CZ","potentialAction":[{"@type":"ReadAction","target":["https:\/\/gruene-wiesbaden.de\/nachhaltige-infrastruktur-und-waermewende\/"]}]},{"@type":"ImageObject","inLanguage":"cs-CZ","@id":"https:\/\/gruene-wiesbaden.de\/nachhaltige-infrastruktur-und-waermewende\/#primaryimage","url":"https:\/\/gruene-wiesbaden.de\/wp-content\/uploads\/2025\/11\/3.4-Nachhaltige-Infrastruktur-und-Waermewende-scaled.jpg","contentUrl":"https:\/\/gruene-wiesbaden.de\/wp-content\/uploads\/2025\/11\/3.4-Nachhaltige-Infrastruktur-und-Waermewende-scaled.jpg","width":1920,"height":2560},{"@type":"BreadcrumbList","@id":"https:\/\/gruene-wiesbaden.de\/nachhaltige-infrastruktur-und-waermewende\/#breadcrumb","itemListElement":[{"@type":"ListItem","position":1,"name":"Startseite","item":"https:\/\/gruene-wiesbaden.de\/"},{"@type":"ListItem","position":2,"name":"Nachhaltige Infrastruktur und W\u00e4rmewende"}]},{"@type":"WebSite","@id":"https:\/\/gruene-wiesbaden.de\/#website","url":"https:\/\/gruene-wiesbaden.de\/","name":"DIE GR\u00dcNEN Wiesbaden","description":"","publisher":{"@id":"https:\/\/gruene-wiesbaden.de\/#organization"},"potentialAction":[{"@type":"SearchAction","target":{"@type":"EntryPoint","urlTemplate":"https:\/\/gruene-wiesbaden.de\/?s={search_term_string}"},"query-input":{"@type":"PropertyValueSpecification","valueRequired":true,"valueName":"search_term_string"}}],"inLanguage":"cs-CZ"},{"@type":"Organization","@id":"https:\/\/gruene-wiesbaden.de\/#organization","name":"DIE GR\u00dcNEN Wiesbaden","url":"https:\/\/gruene-wiesbaden.de\/","logo":{"@type":"ImageObject","inLanguage":"cs-CZ","@id":"https:\/\/gruene-wiesbaden.de\/#\/schema\/logo\/image\/","url":"https:\/\/gruene-wiesbaden-fuer-europa.de\/wp-content\/uploads\/2024\/04\/Machen-was-zaehlt-5.png","contentUrl":"https:\/\/gruene-wiesbaden-fuer-europa.de\/wp-content\/uploads\/2024\/04\/Machen-was-zaehlt-5.png","width":1772,"height":1772,"caption":"DIE GR\u00dcNEN Wiesbaden"},"image":{"@id":"https:\/\/gruene-wiesbaden.de\/#\/schema\/logo\/image\/"},"sameAs":["https:\/\/www.facebook.com\/gruene.wi","https:\/\/instagram.com\/gruene_wi"]},{"@type":"Person","@id":"https:\/\/gruene-wiesbaden.de\/#\/schema\/person\/6785c34779159cd4fd86886bb097afe9","name":"admin","sameAs":["http:\/\/gruene-wiesbaden-fuer-europa.de"],"url":"https:\/\/gruene-wiesbaden.de\/cs\/author\/admin\/"}]}},"_links":{"self":[{"href":"https:\/\/gruene-wiesbaden.de\/cs\/wp-json\/wp\/v2\/posts\/1382","targetHints":{"allow":["GET"]}}],"collection":[{"href":"https:\/\/gruene-wiesbaden.de\/cs\/wp-json\/wp\/v2\/posts"}],"about":[{"href":"https:\/\/gruene-wiesbaden.de\/cs\/wp-json\/wp\/v2\/types\/post"}],"author":[{"embeddable":true,"href":"https:\/\/gruene-wiesbaden.de\/cs\/wp-json\/wp\/v2\/users\/1"}],"replies":[{"embeddable":true,"href":"https:\/\/gruene-wiesbaden.de\/cs\/wp-json\/wp\/v2\/comments?post=1382"}],"version-history":[{"count":7,"href":"https:\/\/gruene-wiesbaden.de\/cs\/wp-json\/wp\/v2\/posts\/1382\/revisions"}],"predecessor-version":[{"id":2382,"href":"https:\/\/gruene-wiesbaden.de\/cs\/wp-json\/wp\/v2\/posts\/1382\/revisions\/2382"}],"wp:featuredmedia":[{"embeddable":true,"href":"https:\/\/gruene-wiesbaden.de\/cs\/wp-json\/wp\/v2\/media\/1543"}],"wp:attachment":[{"href":"https:\/\/gruene-wiesbaden.de\/cs\/wp-json\/wp\/v2\/media?parent=1382"}],"wp:term":[{"taxonomy":"category","embeddable":true,"href":"https:\/\/gruene-wiesbaden.de\/cs\/wp-json\/wp\/v2\/categories?post=1382"},{"taxonomy":"post_tag","embeddable":true,"href":"https:\/\/gruene-wiesbaden.de\/cs\/wp-json\/wp\/v2\/tags?post=1382"}],"curies":[{"name":"wp","href":"https:\/\/api.w.org\/{rel}","templated":true}]}}