{"id":1353,"date":"2025-11-10T00:11:46","date_gmt":"2025-11-09T22:11:46","guid":{"rendered":"https:\/\/gruene-wiesbaden.de\/?p=1353"},"modified":"2026-04-09T10:29:24","modified_gmt":"2026-04-09T08:29:24","slug":"inklusion-und-barrierefreiheit","status":"publish","type":"post","link":"https:\/\/gruene-wiesbaden.de\/cs\/inklusion-und-barrierefreiheit\/","title":{"rendered":"Za\u010dlen\u011bn\u00ed a p\u0159\u00edstupnost"},"content":{"rendered":"<section class=\"l-section wpb_row height_medium with_img\"><div class=\"l-section-img\" role=\"img\" data-img-width=\"1080\" data-img-height=\"800\" style=\"background-image: url(https:\/\/gruene-wiesbaden.de\/wp-content\/uploads\/2025\/11\/neuer-Verlauf-gruene-wiesbaden.de_-2-e1762709402177.png);\"><\/div><div class=\"l-section-overlay\" style=\"background:var(--color-header-top-transparent-bg)\"><\/div><div class=\"l-section-h i-cf\"><div class=\"g-cols vc_row via_grid cols_1 laptops-cols_inherit tablets-cols_inherit mobiles-cols_1 valign_top type_default stacking_default\"><div class=\"wpb_column vc_column_container\"><div class=\"vc_column-inner\"><h1 class=\"w-post-elm post_title us_custom_a574d586 has_text_color entry-title\">Za\u010dlen\u011bn\u00ed a p\u0159\u00edstupnost<\/h1><div class=\"w-separator size_medium\"><\/div><div class=\"g-cols wpb_row via_grid cols_2-1 laptops-cols_inherit tablets-cols_inherit mobiles-cols_1 valign_top type_default stacking_default\" style=\"--columns-gap:3rem;\"><div class=\"wpb_column vc_column_container\"><div class=\"vc_column-inner\"><div class=\"wpb_text_column us_custom_8b3d6790 has_text_color\"><div class=\"wpb_wrapper\"><p><span style=\"font-weight: 400;\">Lid\u00e9 se zdravotn\u00edm posti\u017een\u00edm jsou j\u00e1drem na\u0161\u00ed spole\u010dnosti. P\u0159\u00edstupnost je lidsk\u00fdm pr\u00e1vem a p\u0159edpokladem skute\u010dn\u00e9 \u00fa\u010dasti. Ve Wiesbadenu chceme prolomit fyzick\u00e9 a du\u0161evn\u00ed bari\u00e9ry \u2013 na ve\u0159ejn\u00fdch prostranstv\u00edch a v mysl\u00edch lid\u00ed. Pouze pokud se v\u0161ichni lid\u00e9 mohou pod\u00edlet na spole\u010densk\u00e9m \u017eivot\u011b za rovn\u00fdch podm\u00ednek, vznikne m\u011bstsk\u00e1 spole\u010dnost zalo\u017een\u00e1 na solidarit\u011b. Inkluze pro n\u00e1s neznamen\u00e1 integraci do st\u00e1vaj\u00edc\u00edch struktur, ale jejich transformaci pro v\u0161echny. P\u0159\u00edstupnost je p\u0159\u00ednosn\u00e1 nejen pro osoby se zdravotn\u00edm posti\u017een\u00edm, ale tak\u00e9 usnad\u0148uje a zp\u0159\u00edjem\u0148uje \u017eivot v\u0161em.<\/span><\/p>\n<\/div><\/div><div class=\"w-separator size_medium\"><\/div><div class=\"w-btn-wrapper align_left\"><a class=\"w-btn us-btn-style_8 icon_atleft\" href=\"https:\/\/gruene-wiesbaden.de\/cs\/kommunalwahl\/#Kapitel2\"><i class=\"fas fa-chevron-circle-right\"><\/i><span class=\"w-btn-label\">Zp\u011bt na p\u0159ehled<\/span><\/a><\/div><\/div><\/div><div class=\"wpb_column vc_column_container\"><div class=\"vc_column-inner\"><div class=\"w-image align_center\"><div class=\"w-image-h\"><img decoding=\"async\" width=\"2560\" height=\"1435\" src=\"https:\/\/gruene-wiesbaden.de\/wp-content\/uploads\/2025\/11\/2.3-Inklusion-und-Barrierefreiheit-scaled.jpeg\" class=\"attachment-full size-full\" alt=\"\" loading=\"lazy\" srcset=\"https:\/\/gruene-wiesbaden.de\/wp-content\/uploads\/2025\/11\/2.3-Inklusion-und-Barrierefreiheit-scaled.jpeg 2560w, https:\/\/gruene-wiesbaden.de\/wp-content\/uploads\/2025\/11\/2.3-Inklusion-und-Barrierefreiheit-400x224.jpeg 400w, https:\/\/gruene-wiesbaden.de\/wp-content\/uploads\/2025\/11\/2.3-Inklusion-und-Barrierefreiheit-600x336.jpeg 600w\" sizes=\"auto, (max-width: 2560px) 100vw, 2560px\" \/><\/div><\/div><div class=\"w-separator size_small\"><\/div><\/div><\/div><\/div><div class=\"w-separator size_medium\"><\/div><div class=\"w-separator size_medium\"><\/div><div class=\"wpb_text_column us_custom_29deb344 has_text_color\"><div class=\"wpb_wrapper\"><h1>Co pro n\u00e1s znamen\u00e1 inkluze a p\u0159\u00edstupnost<\/h1>\n<\/div><\/div><div class=\"w-separator size_large\"><\/div><div class=\"g-cols wpb_row via_grid cols_3 laptops-cols_inherit tablets-cols_inherit mobiles-cols_1 valign_top type_default stacking_default\" style=\"--columns-gap:3rem;\"><div class=\"wpb_column vc_column_container\"><div class=\"vc_column-inner\"><div class=\"w-iconbox us_custom_8b3d6790 has_text_color iconpos_left style_default color_custom align_left\"><div class=\"w-iconbox-icon\" style=\"font-size:2rem;--icon-color:#Ffffff;--icon-bg-color:var(--color-header-middle-bg);\"><i class=\"fas fa-layer-group\"><\/i><\/div><div class=\"w-iconbox-meta\"><h4 class=\"w-iconbox-title\" style=\"font-size:1.5rem;\">Politick\u00e1 \u00fa\u010dast<\/h4><div class=\"w-iconbox-text\"><p><span style=\"font-weight: 400;\">Nic o n\u00e1s bez n\u00e1s \u2013 lid\u00e9 se zdravotn\u00edm posti\u017een\u00edm, jako odborn\u00edci ve sv\u00e9m \u017eivot\u011b, se mus\u00ed pod\u00edlet na utv\u00e1\u0159en\u00ed v\u0161ech rozhodnut\u00ed.<\/span><\/p>\n<\/div><\/div><\/div><\/div><\/div><div class=\"wpb_column vc_column_container\"><div class=\"vc_column-inner\"><div class=\"w-iconbox us_custom_8b3d6790 has_text_color iconpos_left style_default color_custom align_left\"><div class=\"w-iconbox-icon\" style=\"font-size:2rem;--icon-color:#Ffffff;--icon-bg-color:var(--color-header-transparent-text);\"><i class=\"fas fa-layer-group\"><\/i><\/div><div class=\"w-iconbox-meta\"><h4 class=\"w-iconbox-title\" style=\"font-size:1.5rem;\">Bezbari\u00e9rov\u00fd m\u011bstsk\u00fd prostor<\/h4><div class=\"w-iconbox-text\"><p><span style=\"font-weight: 400;\">Ve\u0159ejn\u00e9 prostory, budovy a dopravn\u00ed cesty mus\u00ed b\u00fdt pln\u011b vyu\u017eiteln\u00e9 a p\u0159\u00edstupn\u00e9 v\u0161em.<\/span><\/p>\n<\/div><\/div><\/div><\/div><\/div><div class=\"wpb_column vc_column_container\"><div class=\"vc_column-inner\"><div class=\"w-iconbox us_custom_8b3d6790 has_text_color iconpos_left style_default color_custom align_left\"><div class=\"w-iconbox-icon\" style=\"font-size:2rem;--icon-color:#Ffffff;--icon-bg-color:var(--color-header-transparent-text);\"><i class=\"fas fa-layer-group\"><\/i><\/div><div class=\"w-iconbox-meta\"><h4 class=\"w-iconbox-title\" style=\"font-size:1.5rem;\">Digit\u00e1ln\u00ed za\u010dlen\u011bn\u00ed<\/h4><div class=\"w-iconbox-text\"><p><span style=\"font-weight: 400;\">C\u00edlem modern\u00edch technologi\u00ed je odstra\u0148ovat p\u0159ek\u00e1\u017eky, nikoli vytv\u00e1\u0159et nov\u00e9 \u2013 od aplikac\u00ed a\u017e po m\u011bstskou spr\u00e1vu.<\/span><\/p>\n<\/div><\/div><\/div><\/div><\/div><\/div><div class=\"w-separator size_medium\"><\/div><div class=\"g-cols wpb_row via_grid cols_3 laptops-cols_inherit tablets-cols_inherit mobiles-cols_1 valign_top type_default stacking_default\" style=\"--columns-gap:3rem;\"><div class=\"wpb_column vc_column_container\"><div class=\"vc_column-inner\"><div class=\"w-iconbox us_custom_8b3d6790 has_text_color iconpos_left style_default color_custom align_left\"><div class=\"w-iconbox-icon\" style=\"font-size:2rem;--icon-color:#Ffffff;--icon-bg-color:var(--color-header-middle-bg);\"><i class=\"fas fa-layer-group\"><\/i><\/div><div class=\"w-iconbox-meta\"><h4 class=\"w-iconbox-title\" style=\"font-size:1.5rem;\">Za\u010dlen\u011bn\u00ed na trhu pr\u00e1ce<\/h4><div class=\"w-iconbox-text\"><p><span style=\"font-weight: 400;\">Ka\u017ed\u00fd m\u00e1 pr\u00e1vo na spravedliv\u00e9 zam\u011bstn\u00e1n\u00ed \u2013 zdravotn\u00ed posti\u017een\u00ed by nem\u011blo b\u00fdt krit\u00e9riem pro vylou\u010den\u00ed.<\/span><\/p>\n<\/div><\/div><\/div><\/div><\/div><div class=\"wpb_column vc_column_container\"><div class=\"vc_column-inner\"><div class=\"w-iconbox us_custom_8b3d6790 has_text_color iconpos_left style_default color_custom align_left\"><div class=\"w-iconbox-icon\" style=\"font-size:2rem;--icon-color:#Ffffff;--icon-bg-color:var(--color-header-transparent-text);\"><i class=\"fas fa-layer-group\"><\/i><\/div><div class=\"w-iconbox-meta\"><h4 class=\"w-iconbox-title\" style=\"font-size:1.5rem;\">Inkluzivn\u00ed vzd\u011bl\u00e1v\u00e1n\u00ed<\/h4><div class=\"w-iconbox-text\"><p><span style=\"font-weight: 400;\">V\u0161echny d\u011bti se u\u010d\u00ed spole\u010dn\u011b, bez ohledu na jejich individu\u00e1ln\u00ed pot\u0159eby a pot\u0159eby.<\/span><\/p>\n<\/div><\/div><\/div><\/div><\/div><div class=\"wpb_column vc_column_container\"><div class=\"vc_column-inner\"><\/div><\/div><\/div><div class=\"w-separator size_medium\"><\/div><div class=\"w-btn-wrapper align_left\"><a class=\"w-btn us-btn-style_8 icon_atleft\" href=\"https:\/\/gruene-wiesbaden.de\/cs\/kommunalwahl\/#Kapitel2\"><i class=\"fas fa-chevron-circle-right\"><\/i><span class=\"w-btn-label\">Zp\u011bt na p\u0159ehled<\/span><\/a><\/div><div class=\"w-separator size_medium\"><\/div><\/div><\/div><\/div><\/div><\/section><section class=\"l-section wpb_row height_auto with_img\"><div class=\"l-section-img\" role=\"img\" data-img-width=\"2560\" data-img-height=\"1435\" style=\"background-image: url(https:\/\/gruene-wiesbaden.de\/wp-content\/uploads\/2025\/11\/2.3-Inklusion-und-Barrierefreiheit-scaled.jpeg);background-repeat: no-repeat;\"><\/div><div class=\"l-section-overlay\" style=\"background:var(--color-header-top-transparent-bg)\"><\/div><div class=\"l-section-h i-cf\"><div class=\"g-cols vc_row via_grid cols_1 laptops-cols_inherit tablets-cols_inherit mobiles-cols_1 valign_middle type_default stacking_default\" style=\"--columns-gap:1rem;\"><div class=\"wpb_column vc_column_container\"><div class=\"vc_column-inner\"><div class=\"w-separator size_large\"><\/div><div class=\"wpb_text_column background_inside_text\"><div class=\"wpb_wrapper\"><h1>Co konkr\u00e9tn\u011b chceme v t\u00e9to oblasti d\u011blat<\/h1>\n<\/div><\/div><div class=\"w-separator size_medium\"><\/div><div class=\"w-tabs us_custom_42d693a0 has_text_color style_default switch_click accordion has_scrolling\" style=\"--sections-title-size:1.4rem\"><div class=\"w-tabs-sections titles-align_none icon_chevron cpos_right\"><div class=\"w-tabs-section has_text_color\" id=\"m5e4\" style=\"background:var(--color-header-transparent-text);color:var(--color-header-top-text-hover);\"><button class=\"w-tabs-section-header\" aria-controls=\"content-m5e4\" aria-expanded=\"false\"><div class=\"w-tabs-section-title\">Vypracov\u00e1n\u00ed ak\u010dn\u00edho pl\u00e1nu pro za\u010dle\u0148ov\u00e1n\u00ed<\/div><div class=\"w-tabs-section-control\"><\/div><\/button><div  class=\"w-tabs-section-content\" id=\"content-m5e4\"><div class=\"w-tabs-section-content-h i-cf\"><div class=\"wpb_text_column\"><div class=\"wpb_wrapper\"><p><span style=\"font-weight: 400;\">Vytv\u00e1\u0159\u00edme systematick\u00fd ak\u010dn\u00ed pl\u00e1n inkluze pro Wiesbaden, kter\u00fd pokr\u00fdv\u00e1 v\u0161echny oblasti \u017eivota a definuje m\u011b\u0159iteln\u00e9 c\u00edle. Z\u00e1sadn\u00ed v\u00fdznam m\u00e1 zapojen\u00ed osob se zdravotn\u00edm posti\u017een\u00edm.<\/span><\/p>\n<\/div><\/div><\/div><\/div><\/div><div class=\"w-tabs-section has_text_color\" id=\"j6fe\" style=\"background:var(--color-header-transparent-text);color:var(--color-header-top-text-hover);\"><button class=\"w-tabs-section-header\" aria-controls=\"content-j6fe\" aria-expanded=\"false\"><div class=\"w-tabs-section-title\">Pos\u00edlen\u00ed \u00fa\u010dasti osob se zdravotn\u00edm posti\u017een\u00edm<\/div><div class=\"w-tabs-section-control\"><\/div><\/button><div  class=\"w-tabs-section-content\" id=\"content-j6fe\"><div class=\"w-tabs-section-content-h i-cf\"><div class=\"wpb_text_column\"><div class=\"wpb_wrapper\"><p><span style=\"font-weight: 400;\">Prost\u0159ednictv\u00edm pracovn\u00ed skupiny organizac\u00ed zdravotn\u011b posti\u017een\u00fdch Wiesbaden a z\u00e1jmov\u00e9 skupiny zdravotn\u011b posti\u017een\u00fdch zapojujeme osoby se zdravotn\u00edm posti\u017een\u00edm v ran\u00e9 f\u00e1zi do pl\u00e1nov\u00e1n\u00ed soci\u00e1ln\u00edho prostoru a projekt\u016f m\u011bstsk\u00e9 v\u00fdstavby, aby byly jejich odborn\u00e9 znalosti p\u0159\u00edmo pou\u017eiteln\u00e9.<\/span><\/p>\n<\/div><\/div><\/div><\/div><\/div><div class=\"w-tabs-section has_text_color\" id=\"f815\" style=\"background:var(--color-header-transparent-text);color:var(--color-header-top-text-hover);\"><button class=\"w-tabs-section-header\" aria-controls=\"content-f815\" aria-expanded=\"false\"><div class=\"w-tabs-section-title\">U\u010dinit administraci bezbari\u00e9rovou<\/div><div class=\"w-tabs-section-control\"><\/div><\/button><div  class=\"w-tabs-section-content\" id=\"content-f815\"><div class=\"w-tabs-section-content-h i-cf\"><div class=\"wpb_text_column\"><div class=\"wpb_wrapper\"><p><span style=\"font-weight: 400;\">Digit\u00e1ln\u00ed nab\u00eddky a publikace mus\u00ed b\u00fdt p\u0159\u00edstupn\u00e9 v\u0161em bez ohledu na v\u011bk, jazyk nebo omezen\u00ed. Jazyk orientovan\u00fd na ob\u010dany, jasn\u00e9 struktury a absence zkratek zaji\u0161\u0165uj\u00ed transparentnost, srozumitelnost a skute\u010dnou \u00fa\u010dast.<\/span><\/p>\n<\/div><\/div><\/div><\/div><\/div><div class=\"w-tabs-section has_text_color\" id=\"w934\" style=\"background:var(--color-header-middle-bg);color:var(--color-content-heading);\"><button class=\"w-tabs-section-header\" aria-controls=\"content-w934\" aria-expanded=\"false\"><div class=\"w-tabs-section-title\">Pln\u011b bezbari\u00e9rov\u00e1 realizace autobus\u016f a vlak\u016f<\/div><div class=\"w-tabs-section-control\"><\/div><\/button><div  class=\"w-tabs-section-content\" id=\"content-w934\"><div class=\"w-tabs-section-content-h i-cf\"><div class=\"wpb_text_column\"><div class=\"wpb_wrapper\"><p><span style=\"font-weight: 400;\">Bezbari\u00e9rov\u00e9 zast\u00e1vky, vozidla a j\u00edzdn\u00e9 umo\u017e\u0148uj\u00ed v\u0161em lidem neomezenou mobilitu v souladu s ustanoven\u00edmi z\u00e1kona o osobn\u00ed doprav\u011b v m\u00edstn\u00edm dopravn\u00edm pl\u00e1nu.<\/span><\/p>\n<\/div><\/div><\/div><\/div><\/div><div class=\"w-tabs-section has_text_color\" id=\"fa4e\" style=\"background:var(--color-header-transparent-text);color:var(--color-header-top-text-hover);\"><button class=\"w-tabs-section-header\" aria-controls=\"content-fa4e\" aria-expanded=\"false\"><div class=\"w-tabs-section-title\">Pod\u00edvejte se na spole\u010dn\u00e1 \u0159e\u0161en\u00ed pro participativn\u00ed pomoc<\/div><div class=\"w-tabs-section-control\"><\/div><\/button><div  class=\"w-tabs-section-content\" id=\"content-fa4e\"><div class=\"w-tabs-section-content-h i-cf\"><div class=\"wpb_text_column\"><div class=\"wpb_wrapper\"><p><span style=\"font-weight: 400;\">Chceme prolomit novou p\u016fdu, abychom splnili po\u017eadavky feder\u00e1ln\u00edho z\u00e1kona o \u00fa\u010dasti i v dob\u011b nedostatku kvalifikovan\u00fdch pracovn\u00edk\u016f a omezen\u00fdch finan\u010dn\u00edch zdroj\u016f. Pokud jde o pomoc p\u0159i \u00fa\u010dasti ve \u0161kol\u00e1ch, chceme, aby byla otestov\u00e1na poolov\u00e1 \u0159e\u0161en\u00ed. V d\u016fsledku toho lze upustit od slo\u017eit\u00fdch \u017e\u00e1dost\u00ed a diagnostick\u00fdch postup\u016f u ka\u017ed\u00e9ho jednotliv\u00e9ho d\u00edt\u011bte, p\u0159i\u010dem\u017e z\u00e1rove\u0148 maj\u00ed prosp\u011bch i d\u011bti, kter\u00e9 pot\u0159ebuj\u00ed podporu bez n\u00e1roku na participativn\u00ed pomoc.<\/span><\/p>\n<\/div><\/div><\/div><\/div><\/div><div class=\"w-tabs-section has_text_color\" id=\"vb62\" style=\"background:var(--color-header-middle-bg);color:var(--color-header-middle-text);\"><button class=\"w-tabs-section-header\" aria-controls=\"content-vb62\" aria-expanded=\"false\"><div class=\"w-tabs-section-title\">V\u010detn\u011b roz\u0161\u00ed\u0159en\u00ed d\u011btsk\u00fdch h\u0159i\u0161\u0165<\/div><div class=\"w-tabs-section-control\"><\/div><\/button><div  class=\"w-tabs-section-content\" id=\"content-vb62\"><div class=\"w-tabs-section-content-h i-cf\"><div class=\"wpb_text_column\"><div class=\"wpb_wrapper\"><p><span style=\"font-weight: 400;\">Chceme navrhovat vybaven\u00ed d\u011btsk\u00fdch h\u0159i\u0161\u0165 na ve\u0159ejn\u00fdch h\u0159i\u0161t\u00edch tak, aby si d\u011bti se zdravotn\u00edm posti\u017een\u00edm i bez n\u011bj mohly hr\u00e1t spole\u010dn\u011b.<\/span><\/p>\n<\/div><\/div><\/div><\/div><\/div><div class=\"w-tabs-section has_text_color\" id=\"ac75\" style=\"background:var(--color-header-transparent-text);color:var(--color-header-top-text-hover);\"><button class=\"w-tabs-section-header\" aria-controls=\"content-ac75\" aria-expanded=\"false\"><div class=\"w-tabs-section-title\">Zav\u00e9st inkluzivn\u00ed person\u00e1ln\u00ed politiku<\/div><div class=\"w-tabs-section-control\"><\/div><\/button><div  class=\"w-tabs-section-content\" id=\"content-ac75\"><div class=\"w-tabs-section-content-h i-cf\"><div class=\"wpb_text_column\"><div class=\"wpb_wrapper\"><p><span style=\"font-weight: 400;\">M\u011bstsk\u00e1 spr\u00e1va se st\u00e1v\u00e1 vzorem p\u0159i zam\u011bstn\u00e1v\u00e1n\u00ed osob se zdravotn\u00edm posti\u017een\u00edm prost\u0159ednictv\u00edm vhodn\u00fdch struktur pro navrhov\u00e1n\u00ed a podporu pracovi\u0161\u0165.<\/span><\/p>\n<\/div><\/div><\/div><\/div><\/div><\/div><\/div><div class=\"w-separator size_medium\"><\/div><div class=\"w-btn-wrapper align_left\"><a class=\"w-btn us-btn-style_8 icon_atleft\" href=\"https:\/\/gruene-wiesbaden.de\/cs\/kommunalwahl\/#Kapitel2\"><i class=\"fas fa-chevron-circle-right\"><\/i><span class=\"w-btn-label\">Zp\u011bt na p\u0159ehled<\/span><\/a><\/div><div class=\"w-separator size_large\"><\/div><div class=\"wpb_text_column\"><div class=\"wpb_wrapper\"><h1>\u010ceho jsme ji\u017e dos\u00e1hli<\/h1>\n<\/div><\/div><div class=\"w-separator size_medium\"><\/div><div class=\"w-tabs us_custom_42d693a0 has_text_color style_default switch_click accordion has_scrolling\" style=\"--sections-title-size:1.4rem\"><div class=\"w-tabs-sections titles-align_none icon_chevron cpos_right\"><div class=\"w-tabs-section has_text_color\" id=\"ad5a\" style=\"background:var(--color-header-transparent-text);color:var(--color-header-top-text-hover);\"><button class=\"w-tabs-section-header\" aria-controls=\"content-ad5a\" aria-expanded=\"false\"><div class=\"w-tabs-section-title\">Nov\u00e9 webov\u00e9 str\u00e1nky m\u011bsta Wiesbaden<\/div><div class=\"w-tabs-section-control\"><\/div><\/button><div  class=\"w-tabs-section-content\" id=\"content-ad5a\"><div class=\"w-tabs-section-content-h i-cf\"><div class=\"wpb_text_column\"><div class=\"wpb_wrapper\"><p><span style=\"font-weight: 400;\">M\u011bsto Wiesbaden modernizovalo sv\u00e9 internetov\u00e9 str\u00e1nky, aby usnadnilo p\u0159\u00edstup k informac\u00edm a slu\u017eb\u00e1m. Str\u00e1nka je bezbari\u00e9rov\u00e1 a nab\u00edz\u00ed obsah ve 12 jazyc\u00edch. Krom\u011b toho bude nab\u00edzen obsah ve snadn\u00e9m jazyce a n\u011bmeck\u00e9m znakov\u00e9m jazyce, aby se d\u00e1le zv\u00fd\u0161ila dostupnost.<\/span><\/p>\n<\/div><\/div><\/div><\/div><\/div><div class=\"w-tabs-section has_text_color\" id=\"se76\" style=\"background:var(--color-header-transparent-text);color:var(--color-header-top-text-hover);\"><button class=\"w-tabs-section-header\" aria-controls=\"content-se76\" aria-expanded=\"false\"><div class=\"w-tabs-section-title\">P\u0159edstavujeme d\u011btskou aplikaci Kids Fox<\/div><div class=\"w-tabs-section-control\"><\/div><\/button><div  class=\"w-tabs-section-content\" id=\"content-se76\"><div class=\"w-tabs-section-content-h i-cf\"><div class=\"wpb_text_column\"><div class=\"wpb_wrapper\"><p><span style=\"font-weight: 400;\">Od roku 2025 byla aplikace Kids Fox p\u0159edstavena ve v\u0161ech 42 m\u011bstsk\u00fdch centrech denn\u00ed p\u00e9\u010de. To podporuje rodi\u010de a zam\u011bstnance \u0161kolky v komunikaci a organizaci. Aplikace nab\u00edz\u00ed funkci automatick\u00e9ho p\u0159ekladu ve 27 jazyc\u00edch. To tak\u00e9 usnad\u0148uje nesly\u0161\u00edc\u00edm lidem komunikaci bez tlumo\u010dn\u00edka.<\/span><\/p>\n<\/div><\/div><\/div><\/div><\/div><div class=\"w-tabs-section has_text_color\" id=\"qfae\" style=\"background:var(--color-header-transparent-text);color:var(--color-header-top-text-hover);\"><button class=\"w-tabs-section-header\" aria-controls=\"content-qfae\" aria-expanded=\"false\"><div class=\"w-tabs-section-title\">Bezbari\u00e9rov\u00e1 mapa m\u011bsta a hmatov\u00e9 modely m\u011bst<\/div><div class=\"w-tabs-section-control\"><\/div><\/button><div  class=\"w-tabs-section-content\" id=\"content-qfae\"><div class=\"w-tabs-section-content-h i-cf\"><div class=\"wpb_text_column\"><div class=\"wpb_wrapper\"><p><span style=\"font-weight: 400;\">V \u00fazk\u00e9 spolupr\u00e1ci s veden\u00edm m\u011bsta, m\u011bstsk\u00fdmi inkluzn\u00edmi \u00fa\u0159edn\u00edky a pracovn\u00ed skupinou pro inkluzi a p\u0159\u00edstupnost jsme pro Wiesbaden vyvinuli nov\u00fd pl\u00e1n vnit\u0159n\u00edho m\u011bsta. Tento pl\u00e1n poskytuje podrobn\u00e9 informace o bezbari\u00e9rov\u00fdch cest\u00e1ch, autobusov\u00fdch zast\u00e1vk\u00e1ch, bezbari\u00e9rov\u00fdch parkovac\u00edch m\u00edstech, bezbari\u00e9rov\u00fdch toalet\u00e1ch, bezbari\u00e9rov\u00fdch stravovac\u00edch za\u0159\u00edzen\u00edch, hotelech s bezbari\u00e9rov\u00fdmi pokoji a ve\u0159ejn\u011b p\u0159\u00edstupn\u00fdch bezbari\u00e9rov\u00fdch toalet\u00e1ch. Krom\u011b toho jsou z\u0159eteln\u011b ozna\u010deny pam\u00e1tky, kulturn\u00ed za\u0159\u00edzen\u00ed a turistick\u00e9 c\u00edle. Bezbari\u00e9rov\u00e1 mapa m\u011bsta je tak\u00e9 p\u0159\u00edstupn\u00e1 online a poskytuje cenn\u00e9 vod\u00edtko pro v\u0161echny, kte\u0159\u00ed jsou z\u00e1visl\u00ed na bezbari\u00e9rov\u00e9 infrastruktu\u0159e.<\/span><\/p>\n<p><span style=\"font-weight: 400;\">Pro osoby se zrakov\u00fdm posti\u017een\u00edm nebo slepotou byly instalov\u00e1ny hmatov\u00e9 m\u011bstsk\u00e9 modely. Tyto modely, kter\u00e9 byly vyrobeny Deutsche Blindenstudienanstalt v Marburgu, se nach\u00e1zej\u00ed na n\u00e1m\u011bst\u00ed a na hlavn\u00edm vlakov\u00e9m n\u00e1dra\u017e\u00ed. Umo\u017e\u0148uj\u00ed haptickou orientaci a usnad\u0148uj\u00ed nez\u00e1visl\u00fd pohyb v centru m\u011bsta.<\/span><\/p>\n<p><br style=\"font-weight: 400;\" \/><br style=\"font-weight: 400;\" \/><\/p>\n<\/div><\/div><\/div><\/div><\/div><div class=\"w-tabs-section has_text_color\" id=\"a112\" style=\"background:var(--color-header-middle-bg);color:var(--color-content-heading);\"><button class=\"w-tabs-section-header\" aria-controls=\"content-a112\" aria-expanded=\"false\"><div class=\"w-tabs-section-title\">P\u0159\u00edstupn\u00e9 autobusov\u00e9 zast\u00e1vky a nadjezdy na semaforech s akustick\u00fdm sign\u00e1lem<\/div><div class=\"w-tabs-section-control\"><\/div><\/button><div  class=\"w-tabs-section-content\" id=\"content-a112\"><div class=\"w-tabs-section-content-h i-cf\"><div class=\"wpb_text_column\"><div class=\"wpb_wrapper\"><p><span style=\"font-weight: 400;\">Od roku 2022 byla \u0159ada autobusov\u00fdch zast\u00e1vek ve Wiesbadenu p\u0159em\u011bn\u011bna na bezbari\u00e9rov\u00e1 za\u0159\u00edzen\u00ed, v\u010detn\u011b Waldstra\u00dfe, Dyckerhoffstra\u00dfe, Flachstra\u00dfe, Kahle M\u00fchle P+R a Bussteig D na hlavn\u00edm n\u00e1dra\u017e\u00ed. Zv\u00fd\u0161en\u00e9 obrubn\u00edky, roz\u0161\u00ed\u0159en\u00e9 zast\u00e1vkov\u00e9 plochy a hmatov\u00e9 vodic\u00ed prvky usnad\u0148uj\u00ed vstup a v\u00fdstup osob\u00e1m se zdravotn\u00edm posti\u017een\u00edm, star\u0161\u00edm ob\u010dan\u016fm a rodin\u00e1m s ko\u010d\u00e1rky. Spojen\u00edm st\u00e1tn\u00edch a m\u011bstsk\u00fdch zdroj\u016f se ve\u0159ejn\u00e1 doprava ve Wiesbadenu postupn\u011b st\u00e1v\u00e1 inkluzivn\u011bj\u0161\u00ed, p\u0159\u00edstupn\u011bj\u0161\u00ed a pohodln\u011bj\u0161\u00ed pro ka\u017ed\u00e9ho. Krom\u011b toho je mnoho semafor\u016f ji\u017e vybaveno akustick\u00fdmi sign\u00e1ly, tak\u017ee lid\u00e9 se zrakov\u00fdm posti\u017een\u00edm mohou bezpe\u010dn\u011b p\u0159ech\u00e1zet silnice a k\u0159i\u017eovatky.<\/span><\/p>\n<\/div><\/div><\/div><\/div><\/div><div class=\"w-tabs-section has_text_color\" id=\"h22d\" style=\"background:var(--color-header-transparent-text);color:var(--color-header-top-text-hover);\"><button class=\"w-tabs-section-header\" aria-controls=\"content-h22d\" aria-expanded=\"false\"><div class=\"w-tabs-section-title\">P\u0159\u00edstupnost na Kransandu v Mohu\u010di-Kastelu se zlep\u0161ila<\/div><div class=\"w-tabs-section-control\"><\/div><\/button><div  class=\"w-tabs-section-content\" id=\"content-h22d\"><div class=\"w-tabs-section-content-h i-cf\"><div class=\"wpb_text_column\"><div class=\"wpb_wrapper\"><p><span style=\"font-weight: 400;\">Na Kransandu v Mohu\u010di-Kastelu byl instalov\u00e1n v\u00fdtah, kter\u00fd zaji\u0161\u0165uje bezbari\u00e9rov\u00e9 spojen\u00ed mezi b\u0159ehy R\u00fdna a p\u0159edmost\u00edm. S v\u00fd\u0161kov\u00fdm rozd\u00edlem 6,5 metru se lid\u00e9 se sn\u00ed\u017eenou pohyblivost\u00ed mohou snadno dostat do rekrea\u010dn\u00ed oblasti na R\u00fdn\u011b. Samotn\u00e9 m\u00edsto je nav\u00edc vybaveno bezbari\u00e9rov\u00fdmi prvky, v\u010detn\u011b skate parku, vybaven\u00ed Trimm Dich a v\u00fddejn\u00edho prostoru. To poskytne v\u0161em rovn\u00fd p\u0159\u00edstup k voln\u00e9mu \u010dasu a rekreaci na b\u0159ez\u00edch R\u00fdna.<\/span><\/p>\n<\/div><\/div><\/div><\/div><\/div><div class=\"w-tabs-section has_text_color\" id=\"y35b\" style=\"background:var(--color-header-transparent-text);color:var(--color-header-top-text-hover);\"><button class=\"w-tabs-section-header\" aria-controls=\"content-y35b\" aria-expanded=\"false\"><div class=\"w-tabs-section-title\">Tich\u00e1 hodina pro v\u011bt\u0161\u00ed inkluzi a \u00fa\u010dast<\/div><div class=\"w-tabs-section-control\"><\/div><\/button><div  class=\"w-tabs-section-content\" id=\"content-y35b\"><div class=\"w-tabs-section-content-h i-cf\"><div class=\"wpb_text_column\"><div class=\"wpb_wrapper\"><p><span style=\"font-weight: 400;\">Od \u010dervence 2025 nab\u00edz\u00ed Wiesbaden \u201etichou hodinu\u201c ka\u017ed\u00fd \u010dtvrtek od 15:00 do 17:00 ve v\u00edce ne\u017e 20 obchodech v centru m\u011bsta. B\u011bhem t\u00e9to doby se sn\u00ed\u017e\u00ed jasn\u00e9 sv\u011btlo, hlasit\u00e1 hudba a ozn\u00e1men\u00ed, aby se vytvo\u0159il z\u00e1\u017eitek z nakupov\u00e1n\u00ed s n\u00edzk\u00fdm podr\u00e1\u017ed\u011bn\u00edm. C\u00edlem je usnadnit p\u0159\u00edstup k ve\u0159ejn\u00e9mu \u017eivotu lidem se smyslov\u00fdm nebo psychologick\u00fdm posti\u017een\u00edm, jako je autismus, ADHD nebo dlouhotrvaj\u00edc\u00ed onemocn\u011bn\u00ed COVID-19. Wiesbaden je tak prvn\u00edm m\u011bstem v N\u011bmecku, kter\u00e9 tento koncept realizovalo na celost\u00e1tn\u00ed \u00farovni a vyslalo siln\u00fd sign\u00e1l pro \u017eivou inkluzi.<\/span><\/p>\n<\/div><\/div><\/div><\/div><\/div><div class=\"w-tabs-section has_text_color\" id=\"y482\" style=\"background:var(--color-header-transparent-text);color:var(--color-header-top-text-hover);\"><button class=\"w-tabs-section-header\" aria-controls=\"content-y482\" aria-expanded=\"false\"><div class=\"w-tabs-section-title\">\u0160kolen\u00ed pro st\u0159ediska denn\u00ed p\u00e9\u010de \u2013 zam\u011b\u0159en\u00ed na za\u010dle\u0148ov\u00e1n\u00ed<\/div><div class=\"w-tabs-section-control\"><\/div><\/button><div  class=\"w-tabs-section-content\" id=\"content-y482\"><div class=\"w-tabs-section-content-h i-cf\"><div class=\"wpb_text_column\"><div class=\"wpb_wrapper\"><p><span style=\"font-weight: 400;\">Pro rok 2025 se program odborn\u00e9 p\u0159\u00edpravy pro m\u011bstsk\u00e1 centra denn\u00ed p\u00e9\u010de zam\u011b\u0159\u00ed na \u201eza\u010dlen\u011bn\u00ed do v\u0161ech jeho aspekt\u016f\u201c. C\u00edlem je poskytnout v\u0161em d\u011btem dobr\u00e9 vzd\u011bl\u00e1vac\u00ed a rozvojov\u00e9 p\u0159\u00edle\u017eitosti a nal\u00e9zt odpov\u011bdi na v\u00fdzvy inkluzivn\u00edho vzd\u011bl\u00e1v\u00e1n\u00ed.<\/span><\/p>\n<\/div><\/div><\/div><\/div><\/div><div class=\"w-tabs-section has_text_color\" id=\"h5a3\" style=\"background:var(--color-header-transparent-text);color:var(--color-header-top-text-hover);\"><button class=\"w-tabs-section-header\" aria-controls=\"content-h5a3\" aria-expanded=\"false\"><div class=\"w-tabs-section-title\">Wiesbaden Participace standard - Inkluzivn\u00ed okresn\u00ed pr\u00e1ce<\/div><div class=\"w-tabs-section-control\"><\/div><\/button><div  class=\"w-tabs-section-content\" id=\"content-h5a3\"><div class=\"w-tabs-section-content-h i-cf\"><div class=\"wpb_text_column\"><div class=\"wpb_wrapper\"><p><span style=\"font-weight: 400;\">M\u011bsto Wiesbaden vypracovalo \u201estandard \u00fa\u010dasti ve Wiesbadenu pro okresy s vysok\u00fdmi soci\u00e1ln\u00edmi pot\u0159ebami\u201c. Tato norma popisuje opat\u0159en\u00ed ke zlep\u0161en\u00ed soci\u00e1ln\u00ed infrastruktury ve znev\u00fdhodn\u011bn\u00fdch oblastech. Zvl\u00e1\u0161tn\u00ed d\u016fraz je kladen na za\u010dlen\u011bn\u00ed, nap\u0159\u00edklad zahrnut\u00edm nab\u00eddek pro osoby se zdravotn\u00edm posti\u017een\u00edm do pl\u00e1nov\u00e1n\u00ed.<\/span><\/p>\n<\/div><\/div><\/div><\/div><\/div><div class=\"w-tabs-section has_text_color\" id=\"d6e2\" style=\"background:var(--color-header-transparent-text);color:var(--color-header-top-text-hover);\"><button class=\"w-tabs-section-header\" aria-controls=\"content-d6e2\" aria-expanded=\"false\"><div class=\"w-tabs-section-title\">Evropsk\u00fd den protest\u016f za rovnost<\/div><div class=\"w-tabs-section-control\"><\/div><\/button><div  class=\"w-tabs-section-content\" id=\"content-d6e2\"><div class=\"w-tabs-section-content-h i-cf\"><div class=\"wpb_text_column\"><div class=\"wpb_wrapper\"><p><span style=\"font-weight: 400;\">V kv\u011btnu 2025 se ve Wiesbadenu poprv\u00e9 konal Evropsk\u00fd den protest\u016f za rovnost osob se zdravotn\u00edm posti\u017een\u00edm. M\u011bsto spolu se z\u00e1jmov\u00fdmi skupinami, sdru\u017een\u00edmi a spr\u00e1vn\u00edmi org\u00e1ny vykazovalo viditeln\u00e9 zn\u00e1mky inkluze a p\u0159\u00edstupnosti \u2013 na radnici i p\u0159ed n\u00ed. Tento projekt spolupr\u00e1ce ukazuje, jak m\u011bsta, politici a akt\u00e9\u0159i ob\u010dansk\u00e9 spole\u010dnosti spolupracuj\u00ed na pos\u00edlen\u00ed za\u010dle\u0148ov\u00e1n\u00ed, podpo\u0159e \u00fa\u010dasti osob se zdravotn\u00edm posti\u017een\u00edm a zviditeln\u011bn\u00ed za\u010dle\u0148ov\u00e1n\u00ed.<\/span><\/p>\n<\/div><\/div><\/div><\/div><\/div><\/div><\/div><div class=\"w-separator size_medium\"><\/div><div class=\"w-btn-wrapper align_left\"><a class=\"w-btn us-btn-style_8 icon_atleft\" href=\"https:\/\/gruene-wiesbaden.de\/cs\/kommunalwahl\/#Kapitel2\"><i class=\"fas fa-chevron-circle-right\"><\/i><span class=\"w-btn-label\">Zp\u011bt na p\u0159ehled<\/span><\/a><\/div><div class=\"w-separator size_large\"><\/div><\/div><\/div><\/div><\/div><\/section>","protected":false},"excerpt":{"rendered":"Inkluze a p\u0159\u00edstupnostLid\u00e9 se zdravotn\u00edm posti\u017een\u00edm jsou j\u00e1drem na\u0161\u00ed spole\u010dnosti. P\u0159\u00edstupnost je lidsk\u00fdm pr\u00e1vem a p\u0159edpokladem skute\u010dn\u00e9 \u00fa\u010dasti. Ve Wiesbadenu chceme prolomit fyzick\u00e9 a du\u0161evn\u00ed bari\u00e9ry \u2013 na ve\u0159ejn\u00fdch prostranstv\u00edch a v mysl\u00edch lid\u00ed. Pouze pokud se v\u0161ichni lid\u00e9 mohou pod\u00edlet na spole\u010densk\u00e9m \u017eivot\u011b za rovn\u00fdch podm\u00ednek, vznikne m\u011bstsk\u00e1 spole\u010dnost zalo\u017een\u00e1 na solidarit\u011b. Inkluze pro n\u00e1s znamen\u00e1...","protected":false},"author":1,"featured_media":1549,"comment_status":"closed","ping_status":"closed","sticky":false,"template":"","format":"standard","meta":{"footnotes":""},"categories":[15],"tags":[],"class_list":["post-1353","post","type-post","status-publish","format-standard","has-post-thumbnail","hentry","category-kapitel-2"],"yoast_head":"<!-- This site is optimized with the Yoast SEO plugin v27.5 - https:\/\/yoast.com\/product\/yoast-seo-wordpress\/ -->\n<title>Inklusion und Barrierefreiheit - B\u00dcNDNIS 90\/DIE GR\u00dcNEN Wiesbaden<\/title>\n<meta name=\"robots\" content=\"index, follow, max-snippet:-1, max-image-preview:large, max-video-preview:-1\" \/>\n<link rel=\"canonical\" href=\"https:\/\/gruene-wiesbaden.de\/cs\/inklusion-und-barrierefreiheit\/\" \/>\n<meta property=\"og:locale\" content=\"cs_CZ\" \/>\n<meta property=\"og:type\" content=\"article\" \/>\n<meta property=\"og:title\" content=\"Inklusion und Barrierefreiheit - B\u00dcNDNIS 90\/DIE GR\u00dcNEN Wiesbaden\" \/>\n<meta property=\"og:url\" content=\"https:\/\/gruene-wiesbaden.de\/cs\/inklusion-und-barrierefreiheit\/\" \/>\n<meta property=\"og:site_name\" content=\"B\u00dcNDNIS 90\/DIE GR\u00dcNEN Wiesbaden\" \/>\n<meta property=\"article:publisher\" content=\"https:\/\/www.facebook.com\/gruene.wi\" \/>\n<meta property=\"article:published_time\" content=\"2025-11-09T22:11:46+00:00\" \/>\n<meta property=\"article:modified_time\" content=\"2026-04-09T08:29:24+00:00\" \/>\n<meta property=\"og:image\" content=\"https:\/\/gruene-wiesbaden.de\/wp-content\/uploads\/2025\/11\/2.3-Inklusion-und-Barrierefreiheit-scaled.jpeg\" \/>\n\t<meta property=\"og:image:width\" content=\"2560\" \/>\n\t<meta property=\"og:image:height\" content=\"1435\" \/>\n\t<meta property=\"og:image:type\" content=\"image\/jpeg\" \/>\n<meta name=\"author\" content=\"admin\" \/>\n<meta name=\"twitter:card\" content=\"summary_large_image\" \/>\n<meta name=\"twitter:label1\" content=\"Napsal(a)\" \/>\n\t<meta name=\"twitter:data1\" content=\"admin\" \/>\n\t<meta name=\"twitter:label2\" content=\"Odhadovan\u00e1 doba \u010dten\u00ed\" \/>\n\t<meta name=\"twitter:data2\" content=\"8 minutes\" \/>\n<script type=\"application\/ld+json\" class=\"yoast-schema-graph\">{\"@context\":\"https:\\\/\\\/schema.org\",\"@graph\":[{\"@type\":\"Article\",\"@id\":\"https:\\\/\\\/gruene-wiesbaden.de\\\/inklusion-und-barrierefreiheit\\\/#article\",\"isPartOf\":{\"@id\":\"https:\\\/\\\/gruene-wiesbaden.de\\\/inklusion-und-barrierefreiheit\\\/\"},\"author\":{\"name\":\"admin\",\"@id\":\"https:\\\/\\\/gruene-wiesbaden.de\\\/#\\\/schema\\\/person\\\/6785c34779159cd4fd86886bb097afe9\"},\"headline\":\"Inklusion und Barrierefreiheit\",\"datePublished\":\"2025-11-09T22:11:46+00:00\",\"dateModified\":\"2026-04-09T08:29:24+00:00\",\"mainEntityOfPage\":{\"@id\":\"https:\\\/\\\/gruene-wiesbaden.de\\\/inklusion-und-barrierefreiheit\\\/\"},\"wordCount\":2280,\"publisher\":{\"@id\":\"https:\\\/\\\/gruene-wiesbaden.de\\\/#organization\"},\"image\":{\"@id\":\"https:\\\/\\\/gruene-wiesbaden.de\\\/inklusion-und-barrierefreiheit\\\/#primaryimage\"},\"thumbnailUrl\":\"https:\\\/\\\/gruene-wiesbaden.de\\\/wp-content\\\/uploads\\\/2025\\\/11\\\/2.3-Inklusion-und-Barrierefreiheit-scaled.jpeg\",\"articleSection\":[\"Kapitel 2\"],\"inLanguage\":\"cs-CZ\"},{\"@type\":\"WebPage\",\"@id\":\"https:\\\/\\\/gruene-wiesbaden.de\\\/inklusion-und-barrierefreiheit\\\/\",\"url\":\"https:\\\/\\\/gruene-wiesbaden.de\\\/inklusion-und-barrierefreiheit\\\/\",\"name\":\"Inklusion und Barrierefreiheit - B\u00dcNDNIS 90\\\/DIE GR\u00dcNEN Wiesbaden\",\"isPartOf\":{\"@id\":\"https:\\\/\\\/gruene-wiesbaden.de\\\/#website\"},\"primaryImageOfPage\":{\"@id\":\"https:\\\/\\\/gruene-wiesbaden.de\\\/inklusion-und-barrierefreiheit\\\/#primaryimage\"},\"image\":{\"@id\":\"https:\\\/\\\/gruene-wiesbaden.de\\\/inklusion-und-barrierefreiheit\\\/#primaryimage\"},\"thumbnailUrl\":\"https:\\\/\\\/gruene-wiesbaden.de\\\/wp-content\\\/uploads\\\/2025\\\/11\\\/2.3-Inklusion-und-Barrierefreiheit-scaled.jpeg\",\"datePublished\":\"2025-11-09T22:11:46+00:00\",\"dateModified\":\"2026-04-09T08:29:24+00:00\",\"breadcrumb\":{\"@id\":\"https:\\\/\\\/gruene-wiesbaden.de\\\/inklusion-und-barrierefreiheit\\\/#breadcrumb\"},\"inLanguage\":\"cs-CZ\",\"potentialAction\":[{\"@type\":\"ReadAction\",\"target\":[\"https:\\\/\\\/gruene-wiesbaden.de\\\/inklusion-und-barrierefreiheit\\\/\"]}]},{\"@type\":\"ImageObject\",\"inLanguage\":\"cs-CZ\",\"@id\":\"https:\\\/\\\/gruene-wiesbaden.de\\\/inklusion-und-barrierefreiheit\\\/#primaryimage\",\"url\":\"https:\\\/\\\/gruene-wiesbaden.de\\\/wp-content\\\/uploads\\\/2025\\\/11\\\/2.3-Inklusion-und-Barrierefreiheit-scaled.jpeg\",\"contentUrl\":\"https:\\\/\\\/gruene-wiesbaden.de\\\/wp-content\\\/uploads\\\/2025\\\/11\\\/2.3-Inklusion-und-Barrierefreiheit-scaled.jpeg\",\"width\":2560,\"height\":1435},{\"@type\":\"BreadcrumbList\",\"@id\":\"https:\\\/\\\/gruene-wiesbaden.de\\\/inklusion-und-barrierefreiheit\\\/#breadcrumb\",\"itemListElement\":[{\"@type\":\"ListItem\",\"position\":1,\"name\":\"Startseite\",\"item\":\"https:\\\/\\\/gruene-wiesbaden.de\\\/\"},{\"@type\":\"ListItem\",\"position\":2,\"name\":\"Inklusion und Barrierefreiheit\"}]},{\"@type\":\"WebSite\",\"@id\":\"https:\\\/\\\/gruene-wiesbaden.de\\\/#website\",\"url\":\"https:\\\/\\\/gruene-wiesbaden.de\\\/\",\"name\":\"DIE GR\u00dcNEN Wiesbaden\",\"description\":\"\",\"publisher\":{\"@id\":\"https:\\\/\\\/gruene-wiesbaden.de\\\/#organization\"},\"potentialAction\":[{\"@type\":\"SearchAction\",\"target\":{\"@type\":\"EntryPoint\",\"urlTemplate\":\"https:\\\/\\\/gruene-wiesbaden.de\\\/?s={search_term_string}\"},\"query-input\":{\"@type\":\"PropertyValueSpecification\",\"valueRequired\":true,\"valueName\":\"search_term_string\"}}],\"inLanguage\":\"cs-CZ\"},{\"@type\":\"Organization\",\"@id\":\"https:\\\/\\\/gruene-wiesbaden.de\\\/#organization\",\"name\":\"DIE GR\u00dcNEN Wiesbaden\",\"url\":\"https:\\\/\\\/gruene-wiesbaden.de\\\/\",\"logo\":{\"@type\":\"ImageObject\",\"inLanguage\":\"cs-CZ\",\"@id\":\"https:\\\/\\\/gruene-wiesbaden.de\\\/#\\\/schema\\\/logo\\\/image\\\/\",\"url\":\"https:\\\/\\\/gruene-wiesbaden-fuer-europa.de\\\/wp-content\\\/uploads\\\/2024\\\/04\\\/Machen-was-zaehlt-5.png\",\"contentUrl\":\"https:\\\/\\\/gruene-wiesbaden-fuer-europa.de\\\/wp-content\\\/uploads\\\/2024\\\/04\\\/Machen-was-zaehlt-5.png\",\"width\":1772,\"height\":1772,\"caption\":\"DIE GR\u00dcNEN Wiesbaden\"},\"image\":{\"@id\":\"https:\\\/\\\/gruene-wiesbaden.de\\\/#\\\/schema\\\/logo\\\/image\\\/\"},\"sameAs\":[\"https:\\\/\\\/www.facebook.com\\\/gruene.wi\",\"https:\\\/\\\/instagram.com\\\/gruene_wi\"]},{\"@type\":\"Person\",\"@id\":\"https:\\\/\\\/gruene-wiesbaden.de\\\/#\\\/schema\\\/person\\\/6785c34779159cd4fd86886bb097afe9\",\"name\":\"admin\",\"sameAs\":[\"http:\\\/\\\/gruene-wiesbaden-fuer-europa.de\"],\"url\":\"https:\\\/\\\/gruene-wiesbaden.de\\\/cs\\\/author\\\/admin\\\/\"}]}<\/script>\n<!-- \/ Yoast SEO plugin. -->","yoast_head_json":{"title":"Inklusion und Barrierefreiheit - B\u00dcNDNIS 90\/DIE GR\u00dcNEN Wiesbaden","robots":{"index":"index","follow":"follow","max-snippet":"max-snippet:-1","max-image-preview":"max-image-preview:large","max-video-preview":"max-video-preview:-1"},"canonical":"https:\/\/gruene-wiesbaden.de\/cs\/inklusion-und-barrierefreiheit\/","og_locale":"cs_CZ","og_type":"article","og_title":"Inklusion und Barrierefreiheit - B\u00dcNDNIS 90\/DIE GR\u00dcNEN Wiesbaden","og_url":"https:\/\/gruene-wiesbaden.de\/cs\/inklusion-und-barrierefreiheit\/","og_site_name":"B\u00dcNDNIS 90\/DIE GR\u00dcNEN Wiesbaden","article_publisher":"https:\/\/www.facebook.com\/gruene.wi","article_published_time":"2025-11-09T22:11:46+00:00","article_modified_time":"2026-04-09T08:29:24+00:00","og_image":[{"width":2560,"height":1435,"url":"https:\/\/gruene-wiesbaden.de\/wp-content\/uploads\/2025\/11\/2.3-Inklusion-und-Barrierefreiheit-scaled.jpeg","type":"image\/jpeg"}],"author":"admin","twitter_card":"summary_large_image","twitter_misc":{"Napsal(a)":"admin","Odhadovan\u00e1 doba \u010dten\u00ed":"8 minutes"},"schema":{"@context":"https:\/\/schema.org","@graph":[{"@type":"Article","@id":"https:\/\/gruene-wiesbaden.de\/inklusion-und-barrierefreiheit\/#article","isPartOf":{"@id":"https:\/\/gruene-wiesbaden.de\/inklusion-und-barrierefreiheit\/"},"author":{"name":"admin","@id":"https:\/\/gruene-wiesbaden.de\/#\/schema\/person\/6785c34779159cd4fd86886bb097afe9"},"headline":"Inklusion und Barrierefreiheit","datePublished":"2025-11-09T22:11:46+00:00","dateModified":"2026-04-09T08:29:24+00:00","mainEntityOfPage":{"@id":"https:\/\/gruene-wiesbaden.de\/inklusion-und-barrierefreiheit\/"},"wordCount":2280,"publisher":{"@id":"https:\/\/gruene-wiesbaden.de\/#organization"},"image":{"@id":"https:\/\/gruene-wiesbaden.de\/inklusion-und-barrierefreiheit\/#primaryimage"},"thumbnailUrl":"https:\/\/gruene-wiesbaden.de\/wp-content\/uploads\/2025\/11\/2.3-Inklusion-und-Barrierefreiheit-scaled.jpeg","articleSection":["Kapitel 2"],"inLanguage":"cs-CZ"},{"@type":"WebPage","@id":"https:\/\/gruene-wiesbaden.de\/inklusion-und-barrierefreiheit\/","url":"https:\/\/gruene-wiesbaden.de\/inklusion-und-barrierefreiheit\/","name":"Inklusion und Barrierefreiheit - B\u00dcNDNIS 90\/DIE GR\u00dcNEN Wiesbaden","isPartOf":{"@id":"https:\/\/gruene-wiesbaden.de\/#website"},"primaryImageOfPage":{"@id":"https:\/\/gruene-wiesbaden.de\/inklusion-und-barrierefreiheit\/#primaryimage"},"image":{"@id":"https:\/\/gruene-wiesbaden.de\/inklusion-und-barrierefreiheit\/#primaryimage"},"thumbnailUrl":"https:\/\/gruene-wiesbaden.de\/wp-content\/uploads\/2025\/11\/2.3-Inklusion-und-Barrierefreiheit-scaled.jpeg","datePublished":"2025-11-09T22:11:46+00:00","dateModified":"2026-04-09T08:29:24+00:00","breadcrumb":{"@id":"https:\/\/gruene-wiesbaden.de\/inklusion-und-barrierefreiheit\/#breadcrumb"},"inLanguage":"cs-CZ","potentialAction":[{"@type":"ReadAction","target":["https:\/\/gruene-wiesbaden.de\/inklusion-und-barrierefreiheit\/"]}]},{"@type":"ImageObject","inLanguage":"cs-CZ","@id":"https:\/\/gruene-wiesbaden.de\/inklusion-und-barrierefreiheit\/#primaryimage","url":"https:\/\/gruene-wiesbaden.de\/wp-content\/uploads\/2025\/11\/2.3-Inklusion-und-Barrierefreiheit-scaled.jpeg","contentUrl":"https:\/\/gruene-wiesbaden.de\/wp-content\/uploads\/2025\/11\/2.3-Inklusion-und-Barrierefreiheit-scaled.jpeg","width":2560,"height":1435},{"@type":"BreadcrumbList","@id":"https:\/\/gruene-wiesbaden.de\/inklusion-und-barrierefreiheit\/#breadcrumb","itemListElement":[{"@type":"ListItem","position":1,"name":"Startseite","item":"https:\/\/gruene-wiesbaden.de\/"},{"@type":"ListItem","position":2,"name":"Inklusion und Barrierefreiheit"}]},{"@type":"WebSite","@id":"https:\/\/gruene-wiesbaden.de\/#website","url":"https:\/\/gruene-wiesbaden.de\/","name":"DIE GR\u00dcNEN Wiesbaden","description":"","publisher":{"@id":"https:\/\/gruene-wiesbaden.de\/#organization"},"potentialAction":[{"@type":"SearchAction","target":{"@type":"EntryPoint","urlTemplate":"https:\/\/gruene-wiesbaden.de\/?s={search_term_string}"},"query-input":{"@type":"PropertyValueSpecification","valueRequired":true,"valueName":"search_term_string"}}],"inLanguage":"cs-CZ"},{"@type":"Organization","@id":"https:\/\/gruene-wiesbaden.de\/#organization","name":"DIE GR\u00dcNEN Wiesbaden","url":"https:\/\/gruene-wiesbaden.de\/","logo":{"@type":"ImageObject","inLanguage":"cs-CZ","@id":"https:\/\/gruene-wiesbaden.de\/#\/schema\/logo\/image\/","url":"https:\/\/gruene-wiesbaden-fuer-europa.de\/wp-content\/uploads\/2024\/04\/Machen-was-zaehlt-5.png","contentUrl":"https:\/\/gruene-wiesbaden-fuer-europa.de\/wp-content\/uploads\/2024\/04\/Machen-was-zaehlt-5.png","width":1772,"height":1772,"caption":"DIE GR\u00dcNEN Wiesbaden"},"image":{"@id":"https:\/\/gruene-wiesbaden.de\/#\/schema\/logo\/image\/"},"sameAs":["https:\/\/www.facebook.com\/gruene.wi","https:\/\/instagram.com\/gruene_wi"]},{"@type":"Person","@id":"https:\/\/gruene-wiesbaden.de\/#\/schema\/person\/6785c34779159cd4fd86886bb097afe9","name":"admin","sameAs":["http:\/\/gruene-wiesbaden-fuer-europa.de"],"url":"https:\/\/gruene-wiesbaden.de\/cs\/author\/admin\/"}]}},"_links":{"self":[{"href":"https:\/\/gruene-wiesbaden.de\/cs\/wp-json\/wp\/v2\/posts\/1353","targetHints":{"allow":["GET"]}}],"collection":[{"href":"https:\/\/gruene-wiesbaden.de\/cs\/wp-json\/wp\/v2\/posts"}],"about":[{"href":"https:\/\/gruene-wiesbaden.de\/cs\/wp-json\/wp\/v2\/types\/post"}],"author":[{"embeddable":true,"href":"https:\/\/gruene-wiesbaden.de\/cs\/wp-json\/wp\/v2\/users\/1"}],"replies":[{"embeddable":true,"href":"https:\/\/gruene-wiesbaden.de\/cs\/wp-json\/wp\/v2\/comments?post=1353"}],"version-history":[{"count":7,"href":"https:\/\/gruene-wiesbaden.de\/cs\/wp-json\/wp\/v2\/posts\/1353\/revisions"}],"predecessor-version":[{"id":2391,"href":"https:\/\/gruene-wiesbaden.de\/cs\/wp-json\/wp\/v2\/posts\/1353\/revisions\/2391"}],"wp:featuredmedia":[{"embeddable":true,"href":"https:\/\/gruene-wiesbaden.de\/cs\/wp-json\/wp\/v2\/media\/1549"}],"wp:attachment":[{"href":"https:\/\/gruene-wiesbaden.de\/cs\/wp-json\/wp\/v2\/media?parent=1353"}],"wp:term":[{"taxonomy":"category","embeddable":true,"href":"https:\/\/gruene-wiesbaden.de\/cs\/wp-json\/wp\/v2\/categories?post=1353"},{"taxonomy":"post_tag","embeddable":true,"href":"https:\/\/gruene-wiesbaden.de\/cs\/wp-json\/wp\/v2\/tags?post=1353"}],"curies":[{"name":"wp","href":"https:\/\/api.w.org\/{rel}","templated":true}]}}