{"id":1346,"date":"2025-11-10T00:04:08","date_gmt":"2025-11-09T22:04:08","guid":{"rendered":"https:\/\/gruene-wiesbaden.de\/?p=1346"},"modified":"2025-11-24T19:05:14","modified_gmt":"2025-11-24T17:05:14","slug":"praeambel-gut-leben-in-wiesbaden","status":"publish","type":"post","link":"https:\/\/gruene-wiesbaden.de\/cs\/praeambel-gut-leben-in-wiesbaden\/","title":{"rendered":"Preambule: \u017d\u00edt dob\u0159e ve Wiesbadenu"},"content":{"rendered":"<section class=\"l-section wpb_row height_medium with_img\"><div class=\"l-section-img\" role=\"img\" data-img-width=\"2560\" data-img-height=\"1440\" style=\"background-image: url(https:\/\/gruene-wiesbaden.de\/wp-content\/uploads\/2025\/11\/MJK_82683-3-scaled.jpg);\"><\/div><div class=\"l-section-overlay\" style=\"background:var(--color-header-top-transparent-bg)\"><\/div><div class=\"l-section-h i-cf\"><div class=\"g-cols vc_row via_grid cols_1 laptops-cols_inherit tablets-cols_inherit mobiles-cols_1 valign_top type_default stacking_default\"><div class=\"wpb_column vc_column_container\"><div class=\"vc_column-inner\"><div class=\"g-cols wpb_row us_custom_baf6e999 via_grid cols_1 laptops-cols_inherit tablets-cols_inherit mobiles-cols_1 valign_top type_boxes stacking_default\" style=\"--columns-gap:3rem;\"><div class=\"wpb_column vc_column_container\"><div class=\"vc_column-inner\"><h1 class=\"w-post-elm post_title us_custom_24a85f83 has_text_color entry-title\">Preambule: \u017d\u00edt dob\u0159e ve Wiesbadenu<\/h1><div class=\"w-separator size_medium\"><\/div><div class=\"wpb_text_column us_custom_8b3d6790 has_text_color\"><div class=\"wpb_wrapper\"><p><span style=\"font-weight: 400;\">Wiesbaden nab\u00edz\u00ed vysokou kvalitu \u017eivota, ale je nerovnom\u011brn\u011b rozlo\u017een. Mnoho lid\u00ed se c\u00edt\u00ed bezpe\u010dn\u011b, t\u011b\u0161\u00ed se z panoramatu m\u011bsta, kulturn\u00ed rozmanitosti a bl\u00edzkosti p\u0159\u00edrody. Dopravn\u00ed z\u00e1cpy, nedostatek zelen\u00fdch ploch, rostouc\u00ed n\u00e1klady na bydlen\u00ed a nerovn\u00e9 p\u0159\u00edle\u017eitosti ve vzd\u011bl\u00e1v\u00e1n\u00ed, zdravotnictv\u00ed a \u00fa\u010dasti v\u0161ak ukazuj\u00ed: Kvalita \u017eivota nevznik\u00e1 sama o sob\u011b. Je t\u0159eba ji znovu a znovu p\u0159etv\u00e1\u0159et \u2013 spole\u010densky, ekologicky a spole\u010dn\u011b s lidmi, kte\u0159\u00ed zde \u017eij\u00ed.<\/span><\/p>\n<p><span style=\"font-weight: 400;\">My Zelen\u00ed chceme, aby v\u0161ichni Wiesbadeners mohli za\u017e\u00edt siln\u00e9 str\u00e1nky na\u0161eho m\u011bsta v ka\u017edodenn\u00edm \u017eivot\u011b - a\u0165 u\u017e v centru m\u011bsta, na p\u0159edm\u011bst\u00ed nebo na cest\u011b mezi nimi.<\/span><span style=\"font-weight: 400;\"><br \/>\n<\/span><span style=\"font-weight: 400;\">Za t\u00edmto \u00fa\u010delem spojujeme ochranu klimatu, soci\u00e1ln\u00ed zabezpe\u010den\u00ed, rozvoj m\u011bst a mobilitu do politiky, kter\u00e1 \u010din\u00ed Wiesbaden odoln\u011bj\u0161\u00edm, spravedliv\u011bj\u0161\u00edm a obyvateln\u011bj\u0161\u00edm.<\/span><\/p>\n<p><span style=\"font-weight: 400;\">Pot\u0159ebujeme politiku, kter\u00e1<\/span><\/p>\n<ul>\n<li style=\"font-weight: 400;\" aria-level=\"1\"><span style=\"font-weight: 400;\">podporovat zm\u00edr\u0148ov\u00e1n\u00ed zm\u011bny klimatu a p\u0159izp\u016fsobov\u00e1n\u00ed se t\u00e9to zm\u011bn\u011b prost\u0159ednictv\u00edm zelen\u00fdch biologicky rozmanit\u00fdch otev\u0159en\u00fdch prostranstv\u00ed a m\u011bstsk\u00e9ho pl\u00e1nov\u00e1n\u00ed odoln\u00e9ho v\u016f\u010di zm\u011bn\u011b klimatu;<\/span><\/li>\n<\/ul>\n<ul>\n<li style=\"font-weight: 400;\" aria-level=\"1\"><span style=\"font-weight: 400;\">pos\u00edlen\u00ed civiln\u00ed ochrany a slu\u017eeb obecn\u00e9ho z\u00e1jmu, aby byl Wiesbaden i v krizov\u00fdch situac\u00edch bezpe\u010dn\u00fd;<\/span><\/li>\n<\/ul>\n<ul>\n<li style=\"font-weight: 400;\" aria-level=\"1\"><span style=\"font-weight: 400;\">zachov\u00e1v\u00e1 a podporuje p\u0159\u00edrodu, zem\u011bd\u011blstv\u00ed a lesnictv\u00ed pro biologickou rozmanitost, zdravou p\u016fdu a udr\u017eitelnou v\u00fd\u017eivu;<\/span><\/li>\n<\/ul>\n<ul>\n<li style=\"font-weight: 400;\" aria-level=\"1\"><span style=\"font-weight: 400;\">P\u0159ehodnocen\u00ed rozvoje m\u011bst, bydlen\u00ed a \u017eivota \u2013 cenov\u011b dostupn\u00e9, energeticky \u00fa\u010dinn\u00e9, soci\u00e1ln\u011b sm\u00ed\u0161en\u00e9, vst\u0159\u00edcn\u00e9 k d\u011btem a rodin\u00e1m;<\/span><\/li>\n<\/ul>\n<ul>\n<li style=\"font-weight: 400;\" aria-level=\"1\"><span style=\"font-weight: 400;\">reorganizovan\u00e1 mobilita \u2013 bezpe\u010dn\u00e1, \u0161etrn\u00e1 ke klimatu a pohodln\u00e1 pro v\u0161echny;<\/span><\/li>\n<\/ul>\n<ul>\n<li style=\"font-weight: 400;\" aria-level=\"1\"><span style=\"font-weight: 400;\">roz\u0161\u00ed\u0159en\u00ed digit\u00e1ln\u00ed infrastruktury a slu\u017eeb \u2013 pro lep\u0161\u00ed dostupnost a informovanost o digit\u00e1ln\u00edch slu\u017eb\u00e1ch a \u010dinnostech ve m\u011bst\u011b bez z\u00e1vislosti na lidech;<\/span><\/li>\n<\/ul>\n<ul>\n<li style=\"font-weight: 400;\" aria-level=\"1\"><span style=\"font-weight: 400;\">Pos\u00edlen\u00ed kultury, zdrav\u00ed a sportu \u2013 proto\u017ee setk\u00e1v\u00e1n\u00ed, pohyb a tvo\u0159ivost jsou sou\u010d\u00e1st\u00ed dynamick\u00e9ho m\u011bsta a podporuj\u00ed soudr\u017enost a ztoto\u017en\u011bn\u00ed se s na\u0161\u00edm m\u011bstem.<\/span><\/li>\n<\/ul>\n<p><span style=\"font-weight: 400;\">Tato kapitola ukazuje, jak chceme, aby Wiesbaden st\u00e1l za to \u017e\u00edt a rozv\u00edjet se \u2013 jako zelen\u00e9, soci\u00e1ln\u00ed a zdrav\u00e9 m\u011bsto mezi R\u00fdnem a Taunem, kter\u00e9 nem\u011b\u0159\u00ed kvalitu \u017eivota, ale \u010din\u00ed ji hmatatelnou.<\/span><\/p>\n<p>Umo\u017en\u00edme v\u00edc. pro Wiesbaden. Sv\u00fdm hlasem.<\/p>\n<\/div><\/div><div class=\"w-separator size_medium\"><\/div><div class=\"w-btn-wrapper align_left\"><a class=\"w-btn us-btn-style_8 icon_atleft\" href=\"https:\/\/gruene-wiesbaden.de\/cs\/kommunalwahl\/#Kapitel1\"><i class=\"fas fa-chevron-circle-right\"><\/i><span class=\"w-btn-label\">Zp\u011bt na p\u0159ehled<\/span><\/a><\/div><\/div><\/div><\/div><div class=\"w-separator size_medium\"><\/div><\/div><\/div><\/div><\/div><\/section>","protected":false},"excerpt":{"rendered":"Preambule: Spokojen\u00fd \u017eivot ve WiesbadenuWiesbaden nab\u00edz\u00ed vysokou kvalitu \u017eivota \u2013 ale je nerovnom\u011brn\u011b rozlo\u017een. Mnoho lid\u00ed se c\u00edt\u00ed bezpe\u010dn\u011b, t\u011b\u0161\u00ed se z panoramatu m\u011bsta, kulturn\u00ed rozmanitosti a bl\u00edzkosti p\u0159\u00edrody. Dopravn\u00ed z\u00e1cpy, nedostatek zelen\u00fdch ploch, rostouc\u00ed n\u00e1klady na bydlen\u00ed a nerovn\u00e9 p\u0159\u00edle\u017eitosti ve vzd\u011bl\u00e1v\u00e1n\u00ed, zdravotnictv\u00ed a \u00fa\u010dasti v\u0161ak ukazuj\u00ed: Kvalita \u017eivota nevznik\u00e1 sama o sob\u011b. Mus\u00ed si nechat...","protected":false},"author":1,"featured_media":1400,"comment_status":"closed","ping_status":"closed","sticky":false,"template":"","format":"standard","meta":{"footnotes":""},"categories":[17],"tags":[],"class_list":["post-1346","post","type-post","status-publish","format-standard","has-post-thumbnail","hentry","category-kapitel-1-praeambel"],"yoast_head":"<!-- This site is optimized with the Yoast SEO plugin v27.5 - https:\/\/yoast.com\/product\/yoast-seo-wordpress\/ -->\n<title>Pr\u00e4ambel: Gut leben in Wiesbaden - B\u00dcNDNIS 90\/DIE GR\u00dcNEN Wiesbaden<\/title>\n<meta name=\"robots\" content=\"index, follow, max-snippet:-1, max-image-preview:large, max-video-preview:-1\" \/>\n<link rel=\"canonical\" href=\"https:\/\/gruene-wiesbaden.de\/cs\/praeambel-gut-leben-in-wiesbaden\/\" \/>\n<meta property=\"og:locale\" content=\"cs_CZ\" \/>\n<meta property=\"og:type\" content=\"article\" \/>\n<meta property=\"og:title\" content=\"Pr\u00e4ambel: Gut leben in Wiesbaden - B\u00dcNDNIS 90\/DIE GR\u00dcNEN Wiesbaden\" \/>\n<meta property=\"og:url\" content=\"https:\/\/gruene-wiesbaden.de\/cs\/praeambel-gut-leben-in-wiesbaden\/\" \/>\n<meta property=\"og:site_name\" content=\"B\u00dcNDNIS 90\/DIE GR\u00dcNEN Wiesbaden\" \/>\n<meta property=\"article:publisher\" content=\"https:\/\/www.facebook.com\/gruene.wi\" \/>\n<meta property=\"article:published_time\" content=\"2025-11-09T22:04:08+00:00\" \/>\n<meta property=\"article:modified_time\" content=\"2025-11-24T17:05:14+00:00\" \/>\n<meta property=\"og:image\" content=\"https:\/\/gruene-wiesbaden.de\/wp-content\/uploads\/2025\/11\/MJK_82683-3-scaled.jpg\" \/>\n\t<meta property=\"og:image:width\" content=\"2560\" \/>\n\t<meta property=\"og:image:height\" content=\"1440\" \/>\n\t<meta property=\"og:image:type\" content=\"image\/jpeg\" \/>\n<meta name=\"author\" content=\"admin\" \/>\n<meta name=\"twitter:card\" content=\"summary_large_image\" \/>\n<meta name=\"twitter:label1\" content=\"Napsal(a)\" \/>\n\t<meta name=\"twitter:data1\" content=\"admin\" \/>\n\t<meta name=\"twitter:label2\" content=\"Odhadovan\u00e1 doba \u010dten\u00ed\" \/>\n\t<meta name=\"twitter:data2\" content=\"2 minutes\" \/>\n<script type=\"application\/ld+json\" class=\"yoast-schema-graph\">{\"@context\":\"https:\\\/\\\/schema.org\",\"@graph\":[{\"@type\":\"Article\",\"@id\":\"https:\\\/\\\/gruene-wiesbaden.de\\\/praeambel-gut-leben-in-wiesbaden\\\/#article\",\"isPartOf\":{\"@id\":\"https:\\\/\\\/gruene-wiesbaden.de\\\/praeambel-gut-leben-in-wiesbaden\\\/\"},\"author\":{\"name\":\"admin\",\"@id\":\"https:\\\/\\\/gruene-wiesbaden.de\\\/#\\\/schema\\\/person\\\/6785c34779159cd4fd86886bb097afe9\"},\"headline\":\"Pr\u00e4ambel: Gut leben in Wiesbaden\",\"datePublished\":\"2025-11-09T22:04:08+00:00\",\"dateModified\":\"2025-11-24T17:05:14+00:00\",\"mainEntityOfPage\":{\"@id\":\"https:\\\/\\\/gruene-wiesbaden.de\\\/praeambel-gut-leben-in-wiesbaden\\\/\"},\"wordCount\":427,\"publisher\":{\"@id\":\"https:\\\/\\\/gruene-wiesbaden.de\\\/#organization\"},\"image\":{\"@id\":\"https:\\\/\\\/gruene-wiesbaden.de\\\/praeambel-gut-leben-in-wiesbaden\\\/#primaryimage\"},\"thumbnailUrl\":\"https:\\\/\\\/gruene-wiesbaden.de\\\/wp-content\\\/uploads\\\/2025\\\/11\\\/MJK_82683-3-scaled.jpg\",\"articleSection\":[\"Kapitel 1 Pr\u00e4ambel\"],\"inLanguage\":\"cs-CZ\"},{\"@type\":\"WebPage\",\"@id\":\"https:\\\/\\\/gruene-wiesbaden.de\\\/praeambel-gut-leben-in-wiesbaden\\\/\",\"url\":\"https:\\\/\\\/gruene-wiesbaden.de\\\/praeambel-gut-leben-in-wiesbaden\\\/\",\"name\":\"Pr\u00e4ambel: Gut leben in Wiesbaden - B\u00dcNDNIS 90\\\/DIE GR\u00dcNEN Wiesbaden\",\"isPartOf\":{\"@id\":\"https:\\\/\\\/gruene-wiesbaden.de\\\/#website\"},\"primaryImageOfPage\":{\"@id\":\"https:\\\/\\\/gruene-wiesbaden.de\\\/praeambel-gut-leben-in-wiesbaden\\\/#primaryimage\"},\"image\":{\"@id\":\"https:\\\/\\\/gruene-wiesbaden.de\\\/praeambel-gut-leben-in-wiesbaden\\\/#primaryimage\"},\"thumbnailUrl\":\"https:\\\/\\\/gruene-wiesbaden.de\\\/wp-content\\\/uploads\\\/2025\\\/11\\\/MJK_82683-3-scaled.jpg\",\"datePublished\":\"2025-11-09T22:04:08+00:00\",\"dateModified\":\"2025-11-24T17:05:14+00:00\",\"breadcrumb\":{\"@id\":\"https:\\\/\\\/gruene-wiesbaden.de\\\/praeambel-gut-leben-in-wiesbaden\\\/#breadcrumb\"},\"inLanguage\":\"cs-CZ\",\"potentialAction\":[{\"@type\":\"ReadAction\",\"target\":[\"https:\\\/\\\/gruene-wiesbaden.de\\\/praeambel-gut-leben-in-wiesbaden\\\/\"]}]},{\"@type\":\"ImageObject\",\"inLanguage\":\"cs-CZ\",\"@id\":\"https:\\\/\\\/gruene-wiesbaden.de\\\/praeambel-gut-leben-in-wiesbaden\\\/#primaryimage\",\"url\":\"https:\\\/\\\/gruene-wiesbaden.de\\\/wp-content\\\/uploads\\\/2025\\\/11\\\/MJK_82683-3-scaled.jpg\",\"contentUrl\":\"https:\\\/\\\/gruene-wiesbaden.de\\\/wp-content\\\/uploads\\\/2025\\\/11\\\/MJK_82683-3-scaled.jpg\",\"width\":2560,\"height\":1440},{\"@type\":\"BreadcrumbList\",\"@id\":\"https:\\\/\\\/gruene-wiesbaden.de\\\/praeambel-gut-leben-in-wiesbaden\\\/#breadcrumb\",\"itemListElement\":[{\"@type\":\"ListItem\",\"position\":1,\"name\":\"Startseite\",\"item\":\"https:\\\/\\\/gruene-wiesbaden.de\\\/\"},{\"@type\":\"ListItem\",\"position\":2,\"name\":\"Pr\u00e4ambel: Gut leben in Wiesbaden\"}]},{\"@type\":\"WebSite\",\"@id\":\"https:\\\/\\\/gruene-wiesbaden.de\\\/#website\",\"url\":\"https:\\\/\\\/gruene-wiesbaden.de\\\/\",\"name\":\"DIE GR\u00dcNEN Wiesbaden\",\"description\":\"\",\"publisher\":{\"@id\":\"https:\\\/\\\/gruene-wiesbaden.de\\\/#organization\"},\"potentialAction\":[{\"@type\":\"SearchAction\",\"target\":{\"@type\":\"EntryPoint\",\"urlTemplate\":\"https:\\\/\\\/gruene-wiesbaden.de\\\/?s={search_term_string}\"},\"query-input\":{\"@type\":\"PropertyValueSpecification\",\"valueRequired\":true,\"valueName\":\"search_term_string\"}}],\"inLanguage\":\"cs-CZ\"},{\"@type\":\"Organization\",\"@id\":\"https:\\\/\\\/gruene-wiesbaden.de\\\/#organization\",\"name\":\"DIE GR\u00dcNEN Wiesbaden\",\"url\":\"https:\\\/\\\/gruene-wiesbaden.de\\\/\",\"logo\":{\"@type\":\"ImageObject\",\"inLanguage\":\"cs-CZ\",\"@id\":\"https:\\\/\\\/gruene-wiesbaden.de\\\/#\\\/schema\\\/logo\\\/image\\\/\",\"url\":\"https:\\\/\\\/gruene-wiesbaden-fuer-europa.de\\\/wp-content\\\/uploads\\\/2024\\\/04\\\/Machen-was-zaehlt-5.png\",\"contentUrl\":\"https:\\\/\\\/gruene-wiesbaden-fuer-europa.de\\\/wp-content\\\/uploads\\\/2024\\\/04\\\/Machen-was-zaehlt-5.png\",\"width\":1772,\"height\":1772,\"caption\":\"DIE GR\u00dcNEN Wiesbaden\"},\"image\":{\"@id\":\"https:\\\/\\\/gruene-wiesbaden.de\\\/#\\\/schema\\\/logo\\\/image\\\/\"},\"sameAs\":[\"https:\\\/\\\/www.facebook.com\\\/gruene.wi\",\"https:\\\/\\\/instagram.com\\\/gruene_wi\"]},{\"@type\":\"Person\",\"@id\":\"https:\\\/\\\/gruene-wiesbaden.de\\\/#\\\/schema\\\/person\\\/6785c34779159cd4fd86886bb097afe9\",\"name\":\"admin\",\"sameAs\":[\"http:\\\/\\\/gruene-wiesbaden-fuer-europa.de\"],\"url\":\"https:\\\/\\\/gruene-wiesbaden.de\\\/cs\\\/author\\\/admin\\\/\"}]}<\/script>\n<!-- \/ Yoast SEO plugin. -->","yoast_head_json":{"title":"Pr\u00e4ambel: Gut leben in Wiesbaden - B\u00dcNDNIS 90\/DIE GR\u00dcNEN Wiesbaden","robots":{"index":"index","follow":"follow","max-snippet":"max-snippet:-1","max-image-preview":"max-image-preview:large","max-video-preview":"max-video-preview:-1"},"canonical":"https:\/\/gruene-wiesbaden.de\/cs\/praeambel-gut-leben-in-wiesbaden\/","og_locale":"cs_CZ","og_type":"article","og_title":"Pr\u00e4ambel: Gut leben in Wiesbaden - B\u00dcNDNIS 90\/DIE GR\u00dcNEN Wiesbaden","og_url":"https:\/\/gruene-wiesbaden.de\/cs\/praeambel-gut-leben-in-wiesbaden\/","og_site_name":"B\u00dcNDNIS 90\/DIE GR\u00dcNEN Wiesbaden","article_publisher":"https:\/\/www.facebook.com\/gruene.wi","article_published_time":"2025-11-09T22:04:08+00:00","article_modified_time":"2025-11-24T17:05:14+00:00","og_image":[{"width":2560,"height":1440,"url":"https:\/\/gruene-wiesbaden.de\/wp-content\/uploads\/2025\/11\/MJK_82683-3-scaled.jpg","type":"image\/jpeg"}],"author":"admin","twitter_card":"summary_large_image","twitter_misc":{"Napsal(a)":"admin","Odhadovan\u00e1 doba \u010dten\u00ed":"2 minutes"},"schema":{"@context":"https:\/\/schema.org","@graph":[{"@type":"Article","@id":"https:\/\/gruene-wiesbaden.de\/praeambel-gut-leben-in-wiesbaden\/#article","isPartOf":{"@id":"https:\/\/gruene-wiesbaden.de\/praeambel-gut-leben-in-wiesbaden\/"},"author":{"name":"admin","@id":"https:\/\/gruene-wiesbaden.de\/#\/schema\/person\/6785c34779159cd4fd86886bb097afe9"},"headline":"Pr\u00e4ambel: Gut leben in Wiesbaden","datePublished":"2025-11-09T22:04:08+00:00","dateModified":"2025-11-24T17:05:14+00:00","mainEntityOfPage":{"@id":"https:\/\/gruene-wiesbaden.de\/praeambel-gut-leben-in-wiesbaden\/"},"wordCount":427,"publisher":{"@id":"https:\/\/gruene-wiesbaden.de\/#organization"},"image":{"@id":"https:\/\/gruene-wiesbaden.de\/praeambel-gut-leben-in-wiesbaden\/#primaryimage"},"thumbnailUrl":"https:\/\/gruene-wiesbaden.de\/wp-content\/uploads\/2025\/11\/MJK_82683-3-scaled.jpg","articleSection":["Kapitel 1 Pr\u00e4ambel"],"inLanguage":"cs-CZ"},{"@type":"WebPage","@id":"https:\/\/gruene-wiesbaden.de\/praeambel-gut-leben-in-wiesbaden\/","url":"https:\/\/gruene-wiesbaden.de\/praeambel-gut-leben-in-wiesbaden\/","name":"Pr\u00e4ambel: Gut leben in Wiesbaden - B\u00dcNDNIS 90\/DIE GR\u00dcNEN Wiesbaden","isPartOf":{"@id":"https:\/\/gruene-wiesbaden.de\/#website"},"primaryImageOfPage":{"@id":"https:\/\/gruene-wiesbaden.de\/praeambel-gut-leben-in-wiesbaden\/#primaryimage"},"image":{"@id":"https:\/\/gruene-wiesbaden.de\/praeambel-gut-leben-in-wiesbaden\/#primaryimage"},"thumbnailUrl":"https:\/\/gruene-wiesbaden.de\/wp-content\/uploads\/2025\/11\/MJK_82683-3-scaled.jpg","datePublished":"2025-11-09T22:04:08+00:00","dateModified":"2025-11-24T17:05:14+00:00","breadcrumb":{"@id":"https:\/\/gruene-wiesbaden.de\/praeambel-gut-leben-in-wiesbaden\/#breadcrumb"},"inLanguage":"cs-CZ","potentialAction":[{"@type":"ReadAction","target":["https:\/\/gruene-wiesbaden.de\/praeambel-gut-leben-in-wiesbaden\/"]}]},{"@type":"ImageObject","inLanguage":"cs-CZ","@id":"https:\/\/gruene-wiesbaden.de\/praeambel-gut-leben-in-wiesbaden\/#primaryimage","url":"https:\/\/gruene-wiesbaden.de\/wp-content\/uploads\/2025\/11\/MJK_82683-3-scaled.jpg","contentUrl":"https:\/\/gruene-wiesbaden.de\/wp-content\/uploads\/2025\/11\/MJK_82683-3-scaled.jpg","width":2560,"height":1440},{"@type":"BreadcrumbList","@id":"https:\/\/gruene-wiesbaden.de\/praeambel-gut-leben-in-wiesbaden\/#breadcrumb","itemListElement":[{"@type":"ListItem","position":1,"name":"Startseite","item":"https:\/\/gruene-wiesbaden.de\/"},{"@type":"ListItem","position":2,"name":"Pr\u00e4ambel: Gut leben in Wiesbaden"}]},{"@type":"WebSite","@id":"https:\/\/gruene-wiesbaden.de\/#website","url":"https:\/\/gruene-wiesbaden.de\/","name":"DIE GR\u00dcNEN Wiesbaden","description":"","publisher":{"@id":"https:\/\/gruene-wiesbaden.de\/#organization"},"potentialAction":[{"@type":"SearchAction","target":{"@type":"EntryPoint","urlTemplate":"https:\/\/gruene-wiesbaden.de\/?s={search_term_string}"},"query-input":{"@type":"PropertyValueSpecification","valueRequired":true,"valueName":"search_term_string"}}],"inLanguage":"cs-CZ"},{"@type":"Organization","@id":"https:\/\/gruene-wiesbaden.de\/#organization","name":"DIE GR\u00dcNEN Wiesbaden","url":"https:\/\/gruene-wiesbaden.de\/","logo":{"@type":"ImageObject","inLanguage":"cs-CZ","@id":"https:\/\/gruene-wiesbaden.de\/#\/schema\/logo\/image\/","url":"https:\/\/gruene-wiesbaden-fuer-europa.de\/wp-content\/uploads\/2024\/04\/Machen-was-zaehlt-5.png","contentUrl":"https:\/\/gruene-wiesbaden-fuer-europa.de\/wp-content\/uploads\/2024\/04\/Machen-was-zaehlt-5.png","width":1772,"height":1772,"caption":"DIE GR\u00dcNEN Wiesbaden"},"image":{"@id":"https:\/\/gruene-wiesbaden.de\/#\/schema\/logo\/image\/"},"sameAs":["https:\/\/www.facebook.com\/gruene.wi","https:\/\/instagram.com\/gruene_wi"]},{"@type":"Person","@id":"https:\/\/gruene-wiesbaden.de\/#\/schema\/person\/6785c34779159cd4fd86886bb097afe9","name":"admin","sameAs":["http:\/\/gruene-wiesbaden-fuer-europa.de"],"url":"https:\/\/gruene-wiesbaden.de\/cs\/author\/admin\/"}]}},"_links":{"self":[{"href":"https:\/\/gruene-wiesbaden.de\/cs\/wp-json\/wp\/v2\/posts\/1346","targetHints":{"allow":["GET"]}}],"collection":[{"href":"https:\/\/gruene-wiesbaden.de\/cs\/wp-json\/wp\/v2\/posts"}],"about":[{"href":"https:\/\/gruene-wiesbaden.de\/cs\/wp-json\/wp\/v2\/types\/post"}],"author":[{"embeddable":true,"href":"https:\/\/gruene-wiesbaden.de\/cs\/wp-json\/wp\/v2\/users\/1"}],"replies":[{"embeddable":true,"href":"https:\/\/gruene-wiesbaden.de\/cs\/wp-json\/wp\/v2\/comments?post=1346"}],"version-history":[{"count":7,"href":"https:\/\/gruene-wiesbaden.de\/cs\/wp-json\/wp\/v2\/posts\/1346\/revisions"}],"predecessor-version":[{"id":1589,"href":"https:\/\/gruene-wiesbaden.de\/cs\/wp-json\/wp\/v2\/posts\/1346\/revisions\/1589"}],"wp:featuredmedia":[{"embeddable":true,"href":"https:\/\/gruene-wiesbaden.de\/cs\/wp-json\/wp\/v2\/media\/1400"}],"wp:attachment":[{"href":"https:\/\/gruene-wiesbaden.de\/cs\/wp-json\/wp\/v2\/media?parent=1346"}],"wp:term":[{"taxonomy":"category","embeddable":true,"href":"https:\/\/gruene-wiesbaden.de\/cs\/wp-json\/wp\/v2\/categories?post=1346"},{"taxonomy":"post_tag","embeddable":true,"href":"https:\/\/gruene-wiesbaden.de\/cs\/wp-json\/wp\/v2\/tags?post=1346"}],"curies":[{"name":"wp","href":"https:\/\/api.w.org\/{rel}","templated":true}]}}